{"id":46116,"date":"2026-09-04T11:34:13","date_gmt":"2026-09-04T09:34:13","guid":{"rendered":"https:\/\/www.bodegasprotos.com\/?p=46116"},"modified":"2026-09-03T15:51:13","modified_gmt":"2026-09-03T13:51:13","slug":"para-la-cuesta-arriba-de-septiembre-un-reto-con-vino","status":"publish","type":"post","link":"https:\/\/www.bodegasprotos.com\/es\/blog\/para-la-cuesta-arriba-de-septiembre-un-reto-con-vino\/","title":{"rendered":"Cuatro retos para llegar a diciembre de otra manera"},"content":{"rendered":"<p>Llega septiembre y con \u00e9l el momento m\u00e1s temido para todos: volver a la rutina. Incorporarse al trabajo, empezar el colegio, pisar de nuevo el gimnasio\u2026Este mes est\u00e1 lleno de momentos para volver a empezar.<\/p>\n<p>Para ayudarte a empezarlo con ganas y que no se te haga muy cuesta arriba, te proponemos cuatro prop\u00f3sitos que cumplir antes de que acabe el a\u00f1o. Tranquilos, no es una tarea m\u00e1s. Sabemos lo que cuestan los prop\u00f3sitos, as\u00ed que, est\u00e1n relacionados con algo que compartimos todos con gusto: el amor por el vino.<\/p>\n<h2><strong>Septiembre- Visita una bodega<\/strong><\/h2>\n<p>Empezamos con un prop\u00f3sito que, lo hayas hecho antes o no, siempre apetece: visitar una bodega. Que mejor manera de empezar la lista que por el lugar donde surge la magia.<\/p>\n<p>Si eres nuevo en el mundillo, te lo dejamos f\u00e1cil, puedes visitar nuestras bodegas de Pe\u00f1afiel. Para los m\u00e1s veteranos, nunca es tarde para volver o para seguir sumando a la lista<\/p>\n<p>Adem\u00e1s, con la vendimia a la vuelta de la esquina, este es un momento especial para descubrir c\u00f3mo se elabora el vino.<\/p>\n<h2><strong>Octubre- Convi\u00e9rtete en un autentico entendido<\/strong><\/h2>\n<p>El siguiente paso es aprender vocabulario de vino, un paso que, como adelanto, ser\u00e1 clave para el \u00e9xito del \u00faltimo prop\u00f3sito. T\u00e9rminos como cuerpo o crianza se escuchan mucho, pero no siempre a uno le queda claro que significan.<\/p>\n<p>Te animamos a dedicar un rato en octubre a familiarizarte con estas palabras. Para hacerlo m\u00e1s f\u00e1cil, desde Protos te dejamos un <a href=\"https:\/\/www.bodegasprotos.com\/es\/blog\/vocabulario-esencial-para-entender-y-disfrutar-el-vino\/\">peque\u00f1o listado que tenemos creado<\/a>, para que el estudio se te haga mucho m\u00e1s ameno.<\/p>\n<h2><strong>Noviembre- Aprende a maridar<\/strong><\/h2>\n<p>\u00bfPensabas que no te \u00edbamos a recompensar por el tiempo de estudio? Pues s\u00ed, y por todo lo alto: aprendiendo a maridar un plato. Cada plato tiene un vino que lo acompa\u00f1a mejor, y el saber maridarlo correctamente marca la diferencia entre una buena comida y una espectacular.<\/p>\n<p>Empieza por lo b\u00e1sico: los vinos blancos y rosados casan bien con pescados, mariscos y platos ligeros; los tintos, con carnes, guisos y quesos curados.<\/p>\n<p>As\u00ed que, tu tarea es simplemente abrir un <a href=\"https:\/\/www.bodegasprotos.com\/es\/vino\/aire-de-protos\/\">Aire de Protos<\/a> y prepararte un risotto o un gazpacho. Tambi\u00e9n, puedes coger tu <a href=\"https:\/\/www.bodegasprotos.com\/es\/vino\/protos27\/\">Protos\u00b427<\/a> para acompa\u00f1ar un buen guiso o un plato de quesos curados.<\/p>\n<p><img data-dominant-color=\"e4beaf\" data-has-transparency=\"false\" style=\"--dominant-color: #e4beaf;\" decoding=\"async\" class=\"wp-image-41857 aligncenter not-transparent\" src=\"https:\/\/www.bodegasprotos.com\/wp-content\/uploads\/2025\/02\/Aire-de-Protos-87x300.webp\" alt=\"\" width=\"53\" height=\"183\" srcset=\"https:\/\/www.bodegasprotos.com\/wp-content\/uploads\/2025\/02\/Aire-de-Protos-87x300.webp 87w, https:\/\/www.bodegasprotos.com\/wp-content\/uploads\/2025\/02\/Aire-de-Protos-298x1024.jpg 298w, https:\/\/www.bodegasprotos.com\/wp-content\/uploads\/2025\/02\/Aire-de-Protos-768x2637.jpg 768w, https:\/\/www.bodegasprotos.com\/wp-content\/uploads\/2025\/02\/Aire-de-Protos-447x1536.jpg 447w, https:\/\/www.bodegasprotos.com\/wp-content\/uploads\/2025\/02\/Aire-de-Protos-596x2048.jpg 596w, https:\/\/www.bodegasprotos.com\/wp-content\/uploads\/2025\/02\/Aire-de-Protos-scaled.jpg 746w\" sizes=\"(max-width: 53px) 100vw, 53px\" \/><\/p>\n<h2><strong>Diciembre- Organiza una cata<\/strong><\/h2>\n<p>Llegan las fiestas y es el momento de poner a prueba todo el conocimiento que has descubierto los meses anteriores. Para ello, te proponemos preparar una buena cata, donde podr\u00e1s hacer gala de todo lo que has aprendido los \u00faltimos meses.<\/p>\n<p>No hace falta ser sumiller: basta con un par de vinos, unos aperitivos que combinen bien y ganas de compartir la experiencia con familia y amigos.<\/p>\n<p>Si consigues cumplir estos cuatro prop\u00f3sitos, ten por seguro que terminaras el a\u00f1o sabiendo m\u00e1s de vino, disfrut\u00e1ndolo mejor y con nuevas costumbres que seguro que mantienes tambi\u00e9n el a\u00f1o que viene.<\/p>\n","protected":false},"excerpt":{"rendered":"<p>Llega septiembre y con \u00e9l el momento m\u00e1s temido para todos: volver a la rutina. Incorporarse al trabajo,&#8230;<\/p>\n","protected":false},"author":3,"featured_media":46117,"comment_status":"closed","ping_status":"closed","sticky":false,"template":"","format":"standard","meta":{"_acf_changed":false,"footnotes":""},"categories":[87,1],"tags":[],"class_list":["post-46116","post","type-post","status-publish","format-standard","has-post-thumbnail","hentry","category-blog","category-general"],"acf":[],"yoast_head":"<!-- This site is optimized with the Yoast SEO plugin v28.4 - https:\/\/yoast.com\/product\/yoast-seo-wordpress\/ -->\n<title>Cuatro retos para llegar a diciembre de otra manera - Bodegas Protos<\/title>\n<meta name=\"description\" content=\"Llega septiembre y con \u00e9l el momento m\u00e1s temido para todos: volver a la rutina. Incorporarse al trabajo, empezar el colegio, pisar de nuevo el\" \/>\n<meta name=\"robots\" content=\"index, follow, max-snippet:-1, max-image-preview:large, max-video-preview:-1\" \/>\n<link rel=\"canonical\" href=\"https:\/\/www.bodegasprotos.com\/es\/blog\/para-la-cuesta-arriba-de-septiembre-un-reto-con-vino\/\" \/>\n<meta property=\"og:locale\" content=\"es_ES\" \/>\n<meta property=\"og:type\" content=\"article\" \/>\n<meta property=\"og:title\" content=\"Cuatro retos para llegar a diciembre de otra manera - Bodegas Protos\" \/>\n<meta property=\"og:description\" content=\"Llega septiembre y con \u00e9l el momento m\u00e1s temido para todos: volver a la rutina. Incorporarse al trabajo, empezar el colegio, pisar de nuevo el\" \/>\n<meta property=\"og:url\" content=\"https:\/\/www.bodegasprotos.com\/es\/blog\/para-la-cuesta-arriba-de-septiembre-un-reto-con-vino\/\" \/>\n<meta property=\"og:site_name\" content=\"Bodegas Protos\" \/>\n<meta property=\"article:publisher\" content=\"https:\/\/www.facebook.com\/BodegasProtos\" \/>\n<meta property=\"article:published_time\" content=\"2026-09-04T09:34:13+00:00\" \/>\n<meta property=\"og:image\" content=\"https:\/\/www.bodegasprotos.com\/wp-content\/uploads\/2026\/08\/pexels-shvets-production-9052846-1024x683.jpg\" \/>\n\t<meta property=\"og:image:width\" content=\"1024\" \/>\n\t<meta property=\"og:image:height\" content=\"683\" \/>\n\t<meta property=\"og:image:type\" content=\"image\/webp\" \/>\n<meta name=\"author\" content=\"Bodegas Protos (F)\" \/>\n<meta name=\"twitter:card\" content=\"summary_large_image\" \/>\n<meta name=\"twitter:creator\" content=\"@Bodegas_Protos\" \/>\n<meta name=\"twitter:site\" content=\"@Bodegas_Protos\" \/>\n<meta name=\"twitter:label1\" content=\"Escrito por\" \/>\n\t<meta name=\"twitter:data1\" content=\"Bodegas Protos (F)\" \/>\n\t<meta name=\"twitter:label2\" content=\"Tiempo de lectura\" \/>\n\t<meta name=\"twitter:data2\" content=\"3 minutos\" \/>\n<script type=\"application\/ld+json\" class=\"yoast-schema-graph\">{\"@context\":\"https:\\\/\\\/schema.org\",\"@graph\":[{\"@type\":\"Article\",\"@id\":\"https:\\\/\\\/www.bodegasprotos.com\\\/es\\\/blog\\\/para-la-cuesta-arriba-de-septiembre-un-reto-con-vino\\\/#article\",\"isPartOf\":{\"@id\":\"https:\\\/\\\/www.bodegasprotos.com\\\/es\\\/blog\\\/para-la-cuesta-arriba-de-septiembre-un-reto-con-vino\\\/\"},\"author\":{\"name\":\"Bodegas Protos (F)\",\"@id\":\"https:\\\/\\\/www.bodegasprotos.com\\\/es\\\/#\\\/schema\\\/person\\\/6cb69a08afa14171755cee0df7d20027\"},\"headline\":\"Cuatro retos para llegar a diciembre de otra manera\",\"datePublished\":\"2026-09-04T09:34:13+00:00\",\"mainEntityOfPage\":{\"@id\":\"https:\\\/\\\/www.bodegasprotos.com\\\/es\\\/blog\\\/para-la-cuesta-arriba-de-septiembre-un-reto-con-vino\\\/\"},\"wordCount\":515,\"publisher\":{\"@id\":\"https:\\\/\\\/www.bodegasprotos.com\\\/es\\\/#organization\"},\"image\":{\"@id\":\"https:\\\/\\\/www.bodegasprotos.com\\\/es\\\/blog\\\/para-la-cuesta-arriba-de-septiembre-un-reto-con-vino\\\/#primaryimage\"},\"thumbnailUrl\":\"https:\\\/\\\/www.bodegasprotos.com\\\/wp-content\\\/uploads\\\/2026\\\/08\\\/pexels-shvets-production-9052846.webp\",\"articleSection\":[\"Blog\",\"General\"],\"inLanguage\":\"es\"},{\"@type\":\"WebPage\",\"@id\":\"https:\\\/\\\/www.bodegasprotos.com\\\/es\\\/blog\\\/para-la-cuesta-arriba-de-septiembre-un-reto-con-vino\\\/\",\"url\":\"https:\\\/\\\/www.bodegasprotos.com\\\/es\\\/blog\\\/para-la-cuesta-arriba-de-septiembre-un-reto-con-vino\\\/\",\"name\":\"Cuatro retos para llegar a diciembre de otra manera - Bodegas Protos\",\"isPartOf\":{\"@id\":\"https:\\\/\\\/www.bodegasprotos.com\\\/es\\\/#website\"},\"primaryImageOfPage\":{\"@id\":\"https:\\\/\\\/www.bodegasprotos.com\\\/es\\\/blog\\\/para-la-cuesta-arriba-de-septiembre-un-reto-con-vino\\\/#primaryimage\"},\"image\":{\"@id\":\"https:\\\/\\\/www.bodegasprotos.com\\\/es\\\/blog\\\/para-la-cuesta-arriba-de-septiembre-un-reto-con-vino\\\/#primaryimage\"},\"thumbnailUrl\":\"https:\\\/\\\/www.bodegasprotos.com\\\/wp-content\\\/uploads\\\/2026\\\/08\\\/pexels-shvets-production-9052846.webp\",\"datePublished\":\"2026-09-04T09:34:13+00:00\",\"description\":\"Llega septiembre y con \u00e9l el momento m\u00e1s temido para todos: volver a la rutina. Incorporarse al trabajo, empezar el colegio, pisar de nuevo el\",\"breadcrumb\":{\"@id\":\"https:\\\/\\\/www.bodegasprotos.com\\\/es\\\/blog\\\/para-la-cuesta-arriba-de-septiembre-un-reto-con-vino\\\/#breadcrumb\"},\"inLanguage\":\"es\",\"potentialAction\":[{\"@type\":\"ReadAction\",\"target\":[\"https:\\\/\\\/www.bodegasprotos.com\\\/es\\\/blog\\\/para-la-cuesta-arriba-de-septiembre-un-reto-con-vino\\\/\"]}]},{\"@type\":\"ImageObject\",\"inLanguage\":\"es\",\"@id\":\"https:\\\/\\\/www.bodegasprotos.com\\\/es\\\/blog\\\/para-la-cuesta-arriba-de-septiembre-un-reto-con-vino\\\/#primaryimage\",\"url\":\"https:\\\/\\\/www.bodegasprotos.com\\\/wp-content\\\/uploads\\\/2026\\\/08\\\/pexels-shvets-production-9052846.webp\",\"contentUrl\":\"https:\\\/\\\/www.bodegasprotos.com\\\/wp-content\\\/uploads\\\/2026\\\/08\\\/pexels-shvets-production-9052846.webp\",\"width\":1920,\"height\":1280},{\"@type\":\"BreadcrumbList\",\"@id\":\"https:\\\/\\\/www.bodegasprotos.com\\\/es\\\/blog\\\/para-la-cuesta-arriba-de-septiembre-un-reto-con-vino\\\/#breadcrumb\",\"itemListElement\":[{\"@type\":\"ListItem\",\"position\":1,\"name\":\"Portada\",\"item\":\"https:\\\/\\\/www.bodegasprotos.com\\\/es\\\/\"},{\"@type\":\"ListItem\",\"position\":2,\"name\":\"Cuatro retos para llegar a diciembre de otra manera\"}]},{\"@type\":\"WebSite\",\"@id\":\"https:\\\/\\\/www.bodegasprotos.com\\\/es\\\/#website\",\"url\":\"https:\\\/\\\/www.bodegasprotos.com\\\/es\\\/\",\"name\":\"Bodegas Protos\",\"description\":\"Vinos de la Denominaci\u00f3n de Origen Ribera del Duero, Rueda y Cigales\",\"publisher\":{\"@id\":\"https:\\\/\\\/www.bodegasprotos.com\\\/es\\\/#organization\"},\"potentialAction\":[{\"@type\":\"SearchAction\",\"target\":{\"@type\":\"EntryPoint\",\"urlTemplate\":\"https:\\\/\\\/www.bodegasprotos.com\\\/es\\\/?s={search_term_string}\"},\"query-input\":{\"@type\":\"PropertyValueSpecification\",\"valueRequired\":true,\"valueName\":\"search_term_string\"}}],\"inLanguage\":\"es\"},{\"@type\":\"Organization\",\"@id\":\"https:\\\/\\\/www.bodegasprotos.com\\\/es\\\/#organization\",\"name\":\"Bodegas Protos\",\"url\":\"https:\\\/\\\/www.bodegasprotos.com\\\/es\\\/\",\"logo\":{\"@type\":\"ImageObject\",\"inLanguage\":\"es\",\"@id\":\"https:\\\/\\\/www.bodegasprotos.com\\\/es\\\/#\\\/schema\\\/logo\\\/image\\\/\",\"url\":\"https:\\\/\\\/www.bodegasprotos.com\\\/wp-content\\\/uploads\\\/2024\\\/06\\\/PROTOS-LOGOS-VERSIONES-13.png\",\"contentUrl\":\"https:\\\/\\\/www.bodegasprotos.com\\\/wp-content\\\/uploads\\\/2024\\\/06\\\/PROTOS-LOGOS-VERSIONES-13.png\",\"width\":2362,\"height\":2362,\"caption\":\"Bodegas Protos\"},\"image\":{\"@id\":\"https:\\\/\\\/www.bodegasprotos.com\\\/es\\\/#\\\/schema\\\/logo\\\/image\\\/\"},\"sameAs\":[\"https:\\\/\\\/www.facebook.com\\\/BodegasProtos\",\"https:\\\/\\\/x.com\\\/Bodegas_Protos\",\"https:\\\/\\\/www.instagram.com\\\/bodegasprotosoficial\\\/\",\"https:\\\/\\\/www.linkedin.com\\\/company\\\/bodegasprotos\\\/\",\"https:\\\/\\\/pinterest.com\\\/BodegasProtos\\\/\",\"http:\\\/\\\/www.youtube.com\\\/user\\\/BodegasProtos\",\"https:\\\/\\\/es.wikipedia.org\\\/wiki\\\/Bodegas_Protos\"]},{\"@type\":\"Person\",\"@id\":\"https:\\\/\\\/www.bodegasprotos.com\\\/es\\\/#\\\/schema\\\/person\\\/6cb69a08afa14171755cee0df7d20027\",\"name\":\"Bodegas Protos (F)\",\"image\":{\"@type\":\"ImageObject\",\"inLanguage\":\"es\",\"@id\":\"https:\\\/\\\/secure.gravatar.com\\\/avatar\\\/cc613a9fd2ee203f402357c1b4aa2b7c041016cbf1eab1e41bde410b2ebd7f94?s=96&d=mm&r=g\",\"url\":\"https:\\\/\\\/secure.gravatar.com\\\/avatar\\\/cc613a9fd2ee203f402357c1b4aa2b7c041016cbf1eab1e41bde410b2ebd7f94?s=96&d=mm&r=g\",\"contentUrl\":\"https:\\\/\\\/secure.gravatar.com\\\/avatar\\\/cc613a9fd2ee203f402357c1b4aa2b7c041016cbf1eab1e41bde410b2ebd7f94?s=96&d=mm&r=g\",\"caption\":\"Bodegas Protos (F)\"},\"sameAs\":[\"https:\\\/\\\/www.bodegasprotos.com\"]}]}<\/script>\n<!-- \/ Yoast SEO plugin. -->","yoast_head_json":{"title":"Cuatro retos para llegar a diciembre de otra manera - Bodegas Protos","description":"Llega septiembre y con \u00e9l el momento m\u00e1s temido para todos: volver a la rutina. Incorporarse al trabajo, empezar el colegio, pisar de nuevo el","robots":{"index":"index","follow":"follow","max-snippet":"max-snippet:-1","max-image-preview":"max-image-preview:large","max-video-preview":"max-video-preview:-1"},"canonical":"https:\/\/www.bodegasprotos.com\/es\/blog\/para-la-cuesta-arriba-de-septiembre-un-reto-con-vino\/","og_locale":"es_ES","og_type":"article","og_title":"Cuatro retos para llegar a diciembre de otra manera - Bodegas Protos","og_description":"Llega septiembre y con \u00e9l el momento m\u00e1s temido para todos: volver a la rutina. Incorporarse al trabajo, empezar el colegio, pisar de nuevo el","og_url":"https:\/\/www.bodegasprotos.com\/es\/blog\/para-la-cuesta-arriba-de-septiembre-un-reto-con-vino\/","og_site_name":"Bodegas Protos","article_publisher":"https:\/\/www.facebook.com\/BodegasProtos","article_published_time":"2026-09-04T09:34:13+00:00","og_image":[{"width":1024,"height":683,"url":"https:\/\/www.bodegasprotos.com\/wp-content\/uploads\/2026\/08\/pexels-shvets-production-9052846-1024x683.jpg","type":"image\/webp"}],"author":"Bodegas Protos (F)","twitter_card":"summary_large_image","twitter_creator":"@Bodegas_Protos","twitter_site":"@Bodegas_Protos","twitter_misc":{"Escrito por":"Bodegas Protos (F)","Tiempo de lectura":"3 minutos"},"schema":{"@context":"https:\/\/schema.org","@graph":[{"@type":"Article","@id":"https:\/\/www.bodegasprotos.com\/es\/blog\/para-la-cuesta-arriba-de-septiembre-un-reto-con-vino\/#article","isPartOf":{"@id":"https:\/\/www.bodegasprotos.com\/es\/blog\/para-la-cuesta-arriba-de-septiembre-un-reto-con-vino\/"},"author":{"name":"Bodegas Protos (F)","@id":"https:\/\/www.bodegasprotos.com\/es\/#\/schema\/person\/6cb69a08afa14171755cee0df7d20027"},"headline":"Cuatro retos para llegar a diciembre de otra manera","datePublished":"2026-09-04T09:34:13+00:00","mainEntityOfPage":{"@id":"https:\/\/www.bodegasprotos.com\/es\/blog\/para-la-cuesta-arriba-de-septiembre-un-reto-con-vino\/"},"wordCount":515,"publisher":{"@id":"https:\/\/www.bodegasprotos.com\/es\/#organization"},"image":{"@id":"https:\/\/www.bodegasprotos.com\/es\/blog\/para-la-cuesta-arriba-de-septiembre-un-reto-con-vino\/#primaryimage"},"thumbnailUrl":"https:\/\/www.bodegasprotos.com\/wp-content\/uploads\/2026\/08\/pexels-shvets-production-9052846.webp","articleSection":["Blog","General"],"inLanguage":"es"},{"@type":"WebPage","@id":"https:\/\/www.bodegasprotos.com\/es\/blog\/para-la-cuesta-arriba-de-septiembre-un-reto-con-vino\/","url":"https:\/\/www.bodegasprotos.com\/es\/blog\/para-la-cuesta-arriba-de-septiembre-un-reto-con-vino\/","name":"Cuatro retos para llegar a diciembre de otra manera - Bodegas Protos","isPartOf":{"@id":"https:\/\/www.bodegasprotos.com\/es\/#website"},"primaryImageOfPage":{"@id":"https:\/\/www.bodegasprotos.com\/es\/blog\/para-la-cuesta-arriba-de-septiembre-un-reto-con-vino\/#primaryimage"},"image":{"@id":"https:\/\/www.bodegasprotos.com\/es\/blog\/para-la-cuesta-arriba-de-septiembre-un-reto-con-vino\/#primaryimage"},"thumbnailUrl":"https:\/\/www.bodegasprotos.com\/wp-content\/uploads\/2026\/08\/pexels-shvets-production-9052846.webp","datePublished":"2026-09-04T09:34:13+00:00","description":"Llega septiembre y con \u00e9l el momento m\u00e1s temido para todos: volver a la rutina. Incorporarse al trabajo, empezar el colegio, pisar de nuevo el","breadcrumb":{"@id":"https:\/\/www.bodegasprotos.com\/es\/blog\/para-la-cuesta-arriba-de-septiembre-un-reto-con-vino\/#breadcrumb"},"inLanguage":"es","potentialAction":[{"@type":"ReadAction","target":["https:\/\/www.bodegasprotos.com\/es\/blog\/para-la-cuesta-arriba-de-septiembre-un-reto-con-vino\/"]}]},{"@type":"ImageObject","inLanguage":"es","@id":"https:\/\/www.bodegasprotos.com\/es\/blog\/para-la-cuesta-arriba-de-septiembre-un-reto-con-vino\/#primaryimage","url":"https:\/\/www.bodegasprotos.com\/wp-content\/uploads\/2026\/08\/pexels-shvets-production-9052846.webp","contentUrl":"https:\/\/www.bodegasprotos.com\/wp-content\/uploads\/2026\/08\/pexels-shvets-production-9052846.webp","width":1920,"height":1280},{"@type":"BreadcrumbList","@id":"https:\/\/www.bodegasprotos.com\/es\/blog\/para-la-cuesta-arriba-de-septiembre-un-reto-con-vino\/#breadcrumb","itemListElement":[{"@type":"ListItem","position":1,"name":"Portada","item":"https:\/\/www.bodegasprotos.com\/es\/"},{"@type":"ListItem","position":2,"name":"Cuatro retos para llegar a diciembre de otra manera"}]},{"@type":"WebSite","@id":"https:\/\/www.bodegasprotos.com\/es\/#website","url":"https:\/\/www.bodegasprotos.com\/es\/","name":"Bodegas Protos","description":"Vinos de la Denominaci\u00f3n de Origen Ribera del Duero, Rueda y Cigales","publisher":{"@id":"https:\/\/www.bodegasprotos.com\/es\/#organization"},"potentialAction":[{"@type":"SearchAction","target":{"@type":"EntryPoint","urlTemplate":"https:\/\/www.bodegasprotos.com\/es\/?s={search_term_string}"},"query-input":{"@type":"PropertyValueSpecification","valueRequired":true,"valueName":"search_term_string"}}],"inLanguage":"es"},{"@type":"Organization","@id":"https:\/\/www.bodegasprotos.com\/es\/#organization","name":"Bodegas Protos","url":"https:\/\/www.bodegasprotos.com\/es\/","logo":{"@type":"ImageObject","inLanguage":"es","@id":"https:\/\/www.bodegasprotos.com\/es\/#\/schema\/logo\/image\/","url":"https:\/\/www.bodegasprotos.com\/wp-content\/uploads\/2024\/06\/PROTOS-LOGOS-VERSIONES-13.png","contentUrl":"https:\/\/www.bodegasprotos.com\/wp-content\/uploads\/2024\/06\/PROTOS-LOGOS-VERSIONES-13.png","width":2362,"height":2362,"caption":"Bodegas Protos"},"image":{"@id":"https:\/\/www.bodegasprotos.com\/es\/#\/schema\/logo\/image\/"},"sameAs":["https:\/\/www.facebook.com\/BodegasProtos","https:\/\/x.com\/Bodegas_Protos","https:\/\/www.instagram.com\/bodegasprotosoficial\/","https:\/\/www.linkedin.com\/company\/bodegasprotos\/","https:\/\/pinterest.com\/BodegasProtos\/","http:\/\/www.youtube.com\/user\/BodegasProtos","https:\/\/es.wikipedia.org\/wiki\/Bodegas_Protos"]},{"@type":"Person","@id":"https:\/\/www.bodegasprotos.com\/es\/#\/schema\/person\/6cb69a08afa14171755cee0df7d20027","name":"Bodegas Protos (F)","image":{"@type":"ImageObject","inLanguage":"es","@id":"https:\/\/secure.gravatar.com\/avatar\/cc613a9fd2ee203f402357c1b4aa2b7c041016cbf1eab1e41bde410b2ebd7f94?s=96&d=mm&r=g","url":"https:\/\/secure.gravatar.com\/avatar\/cc613a9fd2ee203f402357c1b4aa2b7c041016cbf1eab1e41bde410b2ebd7f94?s=96&d=mm&r=g","contentUrl":"https:\/\/secure.gravatar.com\/avatar\/cc613a9fd2ee203f402357c1b4aa2b7c041016cbf1eab1e41bde410b2ebd7f94?s=96&d=mm&r=g","caption":"Bodegas Protos (F)"},"sameAs":["https:\/\/www.bodegasprotos.com"]}]}},"_links":{"self":[{"href":"https:\/\/www.bodegasprotos.com\/es\/wp-json\/wp\/v2\/posts\/46116","targetHints":{"allow":["GET"]}}],"collection":[{"href":"https:\/\/www.bodegasprotos.com\/es\/wp-json\/wp\/v2\/posts"}],"about":[{"href":"https:\/\/www.bodegasprotos.com\/es\/wp-json\/wp\/v2\/types\/post"}],"author":[{"embeddable":true,"href":"https:\/\/www.bodegasprotos.com\/es\/wp-json\/wp\/v2\/users\/3"}],"replies":[{"embeddable":true,"href":"https:\/\/www.bodegasprotos.com\/es\/wp-json\/wp\/v2\/comments?post=46116"}],"version-history":[{"count":3,"href":"https:\/\/www.bodegasprotos.com\/es\/wp-json\/wp\/v2\/posts\/46116\/revisions"}],"predecessor-version":[{"id":46158,"href":"https:\/\/www.bodegasprotos.com\/es\/wp-json\/wp\/v2\/posts\/46116\/revisions\/46158"}],"wp:featuredmedia":[{"embeddable":true,"href":"https:\/\/www.bodegasprotos.com\/es\/wp-json\/wp\/v2\/media\/46117"}],"wp:attachment":[{"href":"https:\/\/www.bodegasprotos.com\/es\/wp-json\/wp\/v2\/media?parent=46116"}],"wp:term":[{"taxonomy":"category","embeddable":true,"href":"https:\/\/www.bodegasprotos.com\/es\/wp-json\/wp\/v2\/categories?post=46116"},{"taxonomy":"post_tag","embeddable":true,"href":"https:\/\/www.bodegasprotos.com\/es\/wp-json\/wp\/v2\/tags?post=46116"}],"curies":[{"name":"wp","href":"https:\/\/api.w.org\/{rel}","templated":true}]}}