{"id":44986,"date":"2026-05-01T11:34:47","date_gmt":"2026-05-01T09:34:47","guid":{"rendered":"https:\/\/www.bodegasprotos.com\/?p=44986"},"modified":"2026-04-30T11:43:26","modified_gmt":"2026-04-30T09:43:26","slug":"un-brindis-por-las-madres-trabajadoras","status":"publish","type":"post","link":"https:\/\/www.bodegasprotos.com\/es\/blog\/un-brindis-por-las-madres-trabajadoras\/","title":{"rendered":"Un brindis por las madres trabajadoras"},"content":{"rendered":"<p>Mayo trae consigo el buen tiempo, la primavera, las reuniones con amigos en las terrazas\u2026 pero tambi\u00e9n llega con no uno, sino dos motivos para empezar el mes brindando. Hoy, 1 de mayo, levantamos nuestra copa de Protos para celebrar el <a href=\"https:\/\/www.ilo.org\/es\/resource\/news\/1deg-de-mayo-dia-internacional-de-los-trabajadores\">D\u00eda Internacional de los Trabajadores<\/a> y reconocer el esfuerzo de quienes lo dan todo cada d\u00eda. Pero, tambi\u00e9n la volvemos a alzar por adelantado en honor al <a href=\"https:\/\/www.bodegasprotos.com\/es\/blog\/un-vino-protos-para-cada-madre\/\">D\u00eda de la Madre<\/a> de este domingo, porque \u00bfqui\u00e9n mejor para representar el trabajo y la dedicaci\u00f3n constante que las madres trabajadoras?<\/p>\n<p>Fue en el 1931 cuando se proclam\u00f3 oficialmente el D\u00eda Internacional de los Trabajadores, como una forma de honrar y visibilizar el esfuerzo de millones de personas y, desde entonces, cada a\u00f1o se festeja y se homenajea. Un reconocimiento que tambi\u00e9n merece llegar a tantas madres que afrontan cada d\u00eda una doble jornada: la profesional y la familiar.<\/p>\n<p>Porque ser madre ha sido hist\u00f3ricamente uno de los trabajos m\u00e1s invisibles, una labor sin horario y sin salario, que muchas mujeres han sostenido sin descanso. El esfuerzo profesional suele verse, reconocerse y premiarse, pero el de ser madre, muchas veces no.<\/p>\n<h2>Un brindis especial con Protos<\/h2>\n<p>Por eso, desde Protos os animamos no solo a agradecer con palabras todo lo que hacen, sino tambi\u00e9n a celebrar a las madres trabajadoras como merecen. Los peque\u00f1os gestos importan: regalarle ese concierto al que lleva tiempo queriendo ir, esa escapada de fin de semana o, simplemente, dedicarle un poco m\u00e1s de tiempo de calidad.<\/p>\n<p>Tambi\u00e9n hay detalles sencillos, pero que dicen mucho m\u00e1s. Tal vez es el momento perfecto para reunir a la familia y cocinar su cena favorita. Adem\u00e1s, si quer\u00e9is tener un brindis a la altura, acompa\u00f1arlo con el <a href=\"https:\/\/tienda.bodegasprotos.com\/inicio\/6339-dia-de-la-madre-aire-de-protos-y-sauvignon-blanc.html\">nuevo estuche de Aire de Protos y Protos Sauvginon Blanc<\/a>, es una oda a la primavera y la elecci\u00f3n perfecta para sorprenderla; dos vinos ideales para esos momentos que merecen convertirse en un recuerdo.<\/p>\n<p><img data-dominant-color=\"a69395\" data-has-transparency=\"false\" style=\"--dominant-color: #a69395;\" fetchpriority=\"high\" decoding=\"async\" class=\"size-medium wp-image-45010 not-transparent\" src=\"https:\/\/www.bodegasprotos.com\/wp-content\/uploads\/2026\/04\/Estuche-especial-Dia-de-la-Madre-Protos-300x225.jpg\" alt=\"\" width=\"300\" height=\"225\" srcset=\"https:\/\/www.bodegasprotos.com\/wp-content\/uploads\/2026\/04\/Estuche-especial-Dia-de-la-Madre-Protos-300x225.jpg 300w, https:\/\/www.bodegasprotos.com\/wp-content\/uploads\/2026\/04\/Estuche-especial-Dia-de-la-Madre-Protos-1024x768.jpg 1024w, https:\/\/www.bodegasprotos.com\/wp-content\/uploads\/2026\/04\/Estuche-especial-Dia-de-la-Madre-Protos-150x112.jpg 150w, https:\/\/www.bodegasprotos.com\/wp-content\/uploads\/2026\/04\/Estuche-especial-Dia-de-la-Madre-Protos-768x576.jpg 768w, https:\/\/www.bodegasprotos.com\/wp-content\/uploads\/2026\/04\/Estuche-especial-Dia-de-la-Madre-Protos-1536x1152.jpg 1536w, https:\/\/www.bodegasprotos.com\/wp-content\/uploads\/2026\/04\/Estuche-especial-Dia-de-la-Madre-Protos-2048x1536.jpg 2048w, https:\/\/www.bodegasprotos.com\/wp-content\/uploads\/2026\/04\/Estuche-especial-Dia-de-la-Madre-Protos.webp 1920w\" sizes=\"(max-width: 300px) 100vw, 300px\" \/><\/p>\n<p>Que este domingo sirva para devolverles, aunque sea un poco, todo lo que ellas nos han dado siempre. Hoy, m\u00e1s que nunca, gracias. \u00a1Este viernes el brindis es por vosotras!<\/p>\n","protected":false},"excerpt":{"rendered":"<p>Mayo trae consigo el buen tiempo, la primavera, las reuniones con amigos en las terrazas\u2026 pero tambi\u00e9n llega&#8230;<\/p>\n","protected":false},"author":3,"featured_media":45008,"comment_status":"closed","ping_status":"closed","sticky":false,"template":"","format":"standard","meta":{"_acf_changed":false,"footnotes":""},"categories":[87,1],"tags":[],"class_list":["post-44986","post","type-post","status-publish","format-standard","has-post-thumbnail","hentry","category-blog","category-general"],"acf":[],"yoast_head":"<!-- This site is optimized with the Yoast SEO plugin v27.5 - https:\/\/yoast.com\/product\/yoast-seo-wordpress\/ -->\n<title>Un brindis por las madres trabajadoras - Bodegas Protos<\/title>\n<meta name=\"description\" content=\"Mayo trae consigo el buen tiempo, la primavera, las reuniones con amigos en las terrazas\u2026 pero tambi\u00e9n llega con no uno, sino dos motivos para empezar el\" \/>\n<meta name=\"robots\" content=\"index, follow, max-snippet:-1, max-image-preview:large, max-video-preview:-1\" \/>\n<link rel=\"canonical\" href=\"https:\/\/www.bodegasprotos.com\/es\/blog\/un-brindis-por-las-madres-trabajadoras\/\" \/>\n<meta property=\"og:locale\" content=\"es_ES\" \/>\n<meta property=\"og:type\" content=\"article\" \/>\n<meta property=\"og:title\" content=\"Un brindis por las madres trabajadoras - Bodegas Protos\" \/>\n<meta property=\"og:description\" content=\"Mayo trae consigo el buen tiempo, la primavera, las reuniones con amigos en las terrazas\u2026 pero tambi\u00e9n llega con no uno, sino dos motivos para empezar el\" \/>\n<meta property=\"og:url\" content=\"https:\/\/www.bodegasprotos.com\/es\/blog\/un-brindis-por-las-madres-trabajadoras\/\" \/>\n<meta property=\"og:site_name\" content=\"Bodegas Protos\" \/>\n<meta property=\"article:publisher\" content=\"https:\/\/www.facebook.com\/BodegasProtos\" \/>\n<meta property=\"article:published_time\" content=\"2026-05-01T09:34:47+00:00\" \/>\n<meta property=\"og:image\" content=\"https:\/\/www.bodegasprotos.com\/wp-content\/uploads\/2026\/04\/pexels-czapp-arpad-3647289-5458332-scaled.jpg\" \/>\n\t<meta property=\"og:image:width\" content=\"2560\" \/>\n\t<meta property=\"og:image:height\" content=\"1707\" \/>\n\t<meta property=\"og:image:type\" content=\"image\/jpeg\" \/>\n<meta name=\"author\" content=\"Bodegas Protos (F)\" \/>\n<meta name=\"twitter:card\" content=\"summary_large_image\" \/>\n<meta name=\"twitter:creator\" content=\"@Bodegas_Protos\" \/>\n<meta name=\"twitter:site\" content=\"@Bodegas_Protos\" \/>\n<meta name=\"twitter:label1\" content=\"Escrito por\" \/>\n\t<meta name=\"twitter:data1\" content=\"Bodegas Protos (F)\" \/>\n\t<meta name=\"twitter:label2\" content=\"Tiempo de lectura\" \/>\n\t<meta name=\"twitter:data2\" content=\"3 minutos\" \/>\n<script type=\"application\/ld+json\" class=\"yoast-schema-graph\">{\"@context\":\"https:\\\/\\\/schema.org\",\"@graph\":[{\"@type\":\"Article\",\"@id\":\"https:\\\/\\\/www.bodegasprotos.com\\\/es\\\/blog\\\/un-brindis-por-las-madres-trabajadoras\\\/#article\",\"isPartOf\":{\"@id\":\"https:\\\/\\\/www.bodegasprotos.com\\\/es\\\/blog\\\/un-brindis-por-las-madres-trabajadoras\\\/\"},\"author\":{\"name\":\"Bodegas Protos (F)\",\"@id\":\"https:\\\/\\\/www.bodegasprotos.com\\\/es\\\/#\\\/schema\\\/person\\\/6cb69a08afa14171755cee0df7d20027\"},\"headline\":\"Un brindis por las madres trabajadoras\",\"datePublished\":\"2026-05-01T09:34:47+00:00\",\"mainEntityOfPage\":{\"@id\":\"https:\\\/\\\/www.bodegasprotos.com\\\/es\\\/blog\\\/un-brindis-por-las-madres-trabajadoras\\\/\"},\"wordCount\":378,\"publisher\":{\"@id\":\"https:\\\/\\\/www.bodegasprotos.com\\\/es\\\/#organization\"},\"image\":{\"@id\":\"https:\\\/\\\/www.bodegasprotos.com\\\/es\\\/blog\\\/un-brindis-por-las-madres-trabajadoras\\\/#primaryimage\"},\"thumbnailUrl\":\"https:\\\/\\\/www.bodegasprotos.com\\\/wp-content\\\/uploads\\\/2026\\\/04\\\/pexels-czapp-arpad-3647289-5458332-scaled.jpg\",\"articleSection\":[\"Blog\",\"General\"],\"inLanguage\":\"es\"},{\"@type\":\"WebPage\",\"@id\":\"https:\\\/\\\/www.bodegasprotos.com\\\/es\\\/blog\\\/un-brindis-por-las-madres-trabajadoras\\\/\",\"url\":\"https:\\\/\\\/www.bodegasprotos.com\\\/es\\\/blog\\\/un-brindis-por-las-madres-trabajadoras\\\/\",\"name\":\"Un brindis por las madres trabajadoras - Bodegas Protos\",\"isPartOf\":{\"@id\":\"https:\\\/\\\/www.bodegasprotos.com\\\/es\\\/#website\"},\"primaryImageOfPage\":{\"@id\":\"https:\\\/\\\/www.bodegasprotos.com\\\/es\\\/blog\\\/un-brindis-por-las-madres-trabajadoras\\\/#primaryimage\"},\"image\":{\"@id\":\"https:\\\/\\\/www.bodegasprotos.com\\\/es\\\/blog\\\/un-brindis-por-las-madres-trabajadoras\\\/#primaryimage\"},\"thumbnailUrl\":\"https:\\\/\\\/www.bodegasprotos.com\\\/wp-content\\\/uploads\\\/2026\\\/04\\\/pexels-czapp-arpad-3647289-5458332-scaled.jpg\",\"datePublished\":\"2026-05-01T09:34:47+00:00\",\"description\":\"Mayo trae consigo el buen tiempo, la primavera, las reuniones con amigos en las terrazas\u2026 pero tambi\u00e9n llega con no uno, sino dos motivos para empezar el\",\"breadcrumb\":{\"@id\":\"https:\\\/\\\/www.bodegasprotos.com\\\/es\\\/blog\\\/un-brindis-por-las-madres-trabajadoras\\\/#breadcrumb\"},\"inLanguage\":\"es\",\"potentialAction\":[{\"@type\":\"ReadAction\",\"target\":[\"https:\\\/\\\/www.bodegasprotos.com\\\/es\\\/blog\\\/un-brindis-por-las-madres-trabajadoras\\\/\"]}]},{\"@type\":\"ImageObject\",\"inLanguage\":\"es\",\"@id\":\"https:\\\/\\\/www.bodegasprotos.com\\\/es\\\/blog\\\/un-brindis-por-las-madres-trabajadoras\\\/#primaryimage\",\"url\":\"https:\\\/\\\/www.bodegasprotos.com\\\/wp-content\\\/uploads\\\/2026\\\/04\\\/pexels-czapp-arpad-3647289-5458332-scaled.jpg\",\"contentUrl\":\"https:\\\/\\\/www.bodegasprotos.com\\\/wp-content\\\/uploads\\\/2026\\\/04\\\/pexels-czapp-arpad-3647289-5458332-scaled.jpg\",\"width\":2560,\"height\":1707},{\"@type\":\"BreadcrumbList\",\"@id\":\"https:\\\/\\\/www.bodegasprotos.com\\\/es\\\/blog\\\/un-brindis-por-las-madres-trabajadoras\\\/#breadcrumb\",\"itemListElement\":[{\"@type\":\"ListItem\",\"position\":1,\"name\":\"Portada\",\"item\":\"https:\\\/\\\/www.bodegasprotos.com\\\/es\\\/\"},{\"@type\":\"ListItem\",\"position\":2,\"name\":\"Un brindis por las madres trabajadoras\"}]},{\"@type\":\"WebSite\",\"@id\":\"https:\\\/\\\/www.bodegasprotos.com\\\/es\\\/#website\",\"url\":\"https:\\\/\\\/www.bodegasprotos.com\\\/es\\\/\",\"name\":\"Bodegas Protos\",\"description\":\"Vinos de la Denominaci\u00f3n de Origen Ribera del Duero, Rueda y Cigales\",\"publisher\":{\"@id\":\"https:\\\/\\\/www.bodegasprotos.com\\\/es\\\/#organization\"},\"potentialAction\":[{\"@type\":\"SearchAction\",\"target\":{\"@type\":\"EntryPoint\",\"urlTemplate\":\"https:\\\/\\\/www.bodegasprotos.com\\\/es\\\/?s={search_term_string}\"},\"query-input\":{\"@type\":\"PropertyValueSpecification\",\"valueRequired\":true,\"valueName\":\"search_term_string\"}}],\"inLanguage\":\"es\"},{\"@type\":\"Organization\",\"@id\":\"https:\\\/\\\/www.bodegasprotos.com\\\/es\\\/#organization\",\"name\":\"Bodegas Protos\",\"url\":\"https:\\\/\\\/www.bodegasprotos.com\\\/es\\\/\",\"logo\":{\"@type\":\"ImageObject\",\"inLanguage\":\"es\",\"@id\":\"https:\\\/\\\/www.bodegasprotos.com\\\/es\\\/#\\\/schema\\\/logo\\\/image\\\/\",\"url\":\"https:\\\/\\\/www.bodegasprotos.com\\\/wp-content\\\/uploads\\\/2024\\\/06\\\/PROTOS-LOGOS-VERSIONES-13.png\",\"contentUrl\":\"https:\\\/\\\/www.bodegasprotos.com\\\/wp-content\\\/uploads\\\/2024\\\/06\\\/PROTOS-LOGOS-VERSIONES-13.png\",\"width\":2362,\"height\":2362,\"caption\":\"Bodegas Protos\"},\"image\":{\"@id\":\"https:\\\/\\\/www.bodegasprotos.com\\\/es\\\/#\\\/schema\\\/logo\\\/image\\\/\"},\"sameAs\":[\"https:\\\/\\\/www.facebook.com\\\/BodegasProtos\",\"https:\\\/\\\/x.com\\\/Bodegas_Protos\",\"https:\\\/\\\/www.instagram.com\\\/bodegasprotosoficial\\\/\",\"https:\\\/\\\/www.linkedin.com\\\/company\\\/bodegasprotos\\\/\",\"https:\\\/\\\/pinterest.com\\\/BodegasProtos\\\/\",\"http:\\\/\\\/www.youtube.com\\\/user\\\/BodegasProtos\",\"https:\\\/\\\/es.wikipedia.org\\\/wiki\\\/Bodegas_Protos\"]},{\"@type\":\"Person\",\"@id\":\"https:\\\/\\\/www.bodegasprotos.com\\\/es\\\/#\\\/schema\\\/person\\\/6cb69a08afa14171755cee0df7d20027\",\"name\":\"Bodegas Protos (F)\",\"image\":{\"@type\":\"ImageObject\",\"inLanguage\":\"es\",\"@id\":\"https:\\\/\\\/secure.gravatar.com\\\/avatar\\\/cc613a9fd2ee203f402357c1b4aa2b7c041016cbf1eab1e41bde410b2ebd7f94?s=96&d=mm&r=g\",\"url\":\"https:\\\/\\\/secure.gravatar.com\\\/avatar\\\/cc613a9fd2ee203f402357c1b4aa2b7c041016cbf1eab1e41bde410b2ebd7f94?s=96&d=mm&r=g\",\"contentUrl\":\"https:\\\/\\\/secure.gravatar.com\\\/avatar\\\/cc613a9fd2ee203f402357c1b4aa2b7c041016cbf1eab1e41bde410b2ebd7f94?s=96&d=mm&r=g\",\"caption\":\"Bodegas Protos (F)\"},\"sameAs\":[\"https:\\\/\\\/www.bodegasprotos.com\"]}]}<\/script>\n<!-- \/ Yoast SEO plugin. -->","yoast_head_json":{"title":"Un brindis por las madres trabajadoras - Bodegas Protos","description":"Mayo trae consigo el buen tiempo, la primavera, las reuniones con amigos en las terrazas\u2026 pero tambi\u00e9n llega con no uno, sino dos motivos para empezar el","robots":{"index":"index","follow":"follow","max-snippet":"max-snippet:-1","max-image-preview":"max-image-preview:large","max-video-preview":"max-video-preview:-1"},"canonical":"https:\/\/www.bodegasprotos.com\/es\/blog\/un-brindis-por-las-madres-trabajadoras\/","og_locale":"es_ES","og_type":"article","og_title":"Un brindis por las madres trabajadoras - Bodegas Protos","og_description":"Mayo trae consigo el buen tiempo, la primavera, las reuniones con amigos en las terrazas\u2026 pero tambi\u00e9n llega con no uno, sino dos motivos para empezar el","og_url":"https:\/\/www.bodegasprotos.com\/es\/blog\/un-brindis-por-las-madres-trabajadoras\/","og_site_name":"Bodegas Protos","article_publisher":"https:\/\/www.facebook.com\/BodegasProtos","article_published_time":"2026-05-01T09:34:47+00:00","og_image":[{"width":2560,"height":1707,"url":"https:\/\/www.bodegasprotos.com\/wp-content\/uploads\/2026\/04\/pexels-czapp-arpad-3647289-5458332-scaled.jpg","type":"image\/jpeg"}],"author":"Bodegas Protos (F)","twitter_card":"summary_large_image","twitter_creator":"@Bodegas_Protos","twitter_site":"@Bodegas_Protos","twitter_misc":{"Escrito por":"Bodegas Protos (F)","Tiempo de lectura":"3 minutos"},"schema":{"@context":"https:\/\/schema.org","@graph":[{"@type":"Article","@id":"https:\/\/www.bodegasprotos.com\/es\/blog\/un-brindis-por-las-madres-trabajadoras\/#article","isPartOf":{"@id":"https:\/\/www.bodegasprotos.com\/es\/blog\/un-brindis-por-las-madres-trabajadoras\/"},"author":{"name":"Bodegas Protos (F)","@id":"https:\/\/www.bodegasprotos.com\/es\/#\/schema\/person\/6cb69a08afa14171755cee0df7d20027"},"headline":"Un brindis por las madres trabajadoras","datePublished":"2026-05-01T09:34:47+00:00","mainEntityOfPage":{"@id":"https:\/\/www.bodegasprotos.com\/es\/blog\/un-brindis-por-las-madres-trabajadoras\/"},"wordCount":378,"publisher":{"@id":"https:\/\/www.bodegasprotos.com\/es\/#organization"},"image":{"@id":"https:\/\/www.bodegasprotos.com\/es\/blog\/un-brindis-por-las-madres-trabajadoras\/#primaryimage"},"thumbnailUrl":"https:\/\/www.bodegasprotos.com\/wp-content\/uploads\/2026\/04\/pexels-czapp-arpad-3647289-5458332-scaled.jpg","articleSection":["Blog","General"],"inLanguage":"es"},{"@type":"WebPage","@id":"https:\/\/www.bodegasprotos.com\/es\/blog\/un-brindis-por-las-madres-trabajadoras\/","url":"https:\/\/www.bodegasprotos.com\/es\/blog\/un-brindis-por-las-madres-trabajadoras\/","name":"Un brindis por las madres trabajadoras - Bodegas Protos","isPartOf":{"@id":"https:\/\/www.bodegasprotos.com\/es\/#website"},"primaryImageOfPage":{"@id":"https:\/\/www.bodegasprotos.com\/es\/blog\/un-brindis-por-las-madres-trabajadoras\/#primaryimage"},"image":{"@id":"https:\/\/www.bodegasprotos.com\/es\/blog\/un-brindis-por-las-madres-trabajadoras\/#primaryimage"},"thumbnailUrl":"https:\/\/www.bodegasprotos.com\/wp-content\/uploads\/2026\/04\/pexels-czapp-arpad-3647289-5458332-scaled.jpg","datePublished":"2026-05-01T09:34:47+00:00","description":"Mayo trae consigo el buen tiempo, la primavera, las reuniones con amigos en las terrazas\u2026 pero tambi\u00e9n llega con no uno, sino dos motivos para empezar el","breadcrumb":{"@id":"https:\/\/www.bodegasprotos.com\/es\/blog\/un-brindis-por-las-madres-trabajadoras\/#breadcrumb"},"inLanguage":"es","potentialAction":[{"@type":"ReadAction","target":["https:\/\/www.bodegasprotos.com\/es\/blog\/un-brindis-por-las-madres-trabajadoras\/"]}]},{"@type":"ImageObject","inLanguage":"es","@id":"https:\/\/www.bodegasprotos.com\/es\/blog\/un-brindis-por-las-madres-trabajadoras\/#primaryimage","url":"https:\/\/www.bodegasprotos.com\/wp-content\/uploads\/2026\/04\/pexels-czapp-arpad-3647289-5458332-scaled.jpg","contentUrl":"https:\/\/www.bodegasprotos.com\/wp-content\/uploads\/2026\/04\/pexels-czapp-arpad-3647289-5458332-scaled.jpg","width":2560,"height":1707},{"@type":"BreadcrumbList","@id":"https:\/\/www.bodegasprotos.com\/es\/blog\/un-brindis-por-las-madres-trabajadoras\/#breadcrumb","itemListElement":[{"@type":"ListItem","position":1,"name":"Portada","item":"https:\/\/www.bodegasprotos.com\/es\/"},{"@type":"ListItem","position":2,"name":"Un brindis por las madres trabajadoras"}]},{"@type":"WebSite","@id":"https:\/\/www.bodegasprotos.com\/es\/#website","url":"https:\/\/www.bodegasprotos.com\/es\/","name":"Bodegas Protos","description":"Vinos de la Denominaci\u00f3n de Origen Ribera del Duero, Rueda y Cigales","publisher":{"@id":"https:\/\/www.bodegasprotos.com\/es\/#organization"},"potentialAction":[{"@type":"SearchAction","target":{"@type":"EntryPoint","urlTemplate":"https:\/\/www.bodegasprotos.com\/es\/?s={search_term_string}"},"query-input":{"@type":"PropertyValueSpecification","valueRequired":true,"valueName":"search_term_string"}}],"inLanguage":"es"},{"@type":"Organization","@id":"https:\/\/www.bodegasprotos.com\/es\/#organization","name":"Bodegas Protos","url":"https:\/\/www.bodegasprotos.com\/es\/","logo":{"@type":"ImageObject","inLanguage":"es","@id":"https:\/\/www.bodegasprotos.com\/es\/#\/schema\/logo\/image\/","url":"https:\/\/www.bodegasprotos.com\/wp-content\/uploads\/2024\/06\/PROTOS-LOGOS-VERSIONES-13.png","contentUrl":"https:\/\/www.bodegasprotos.com\/wp-content\/uploads\/2024\/06\/PROTOS-LOGOS-VERSIONES-13.png","width":2362,"height":2362,"caption":"Bodegas Protos"},"image":{"@id":"https:\/\/www.bodegasprotos.com\/es\/#\/schema\/logo\/image\/"},"sameAs":["https:\/\/www.facebook.com\/BodegasProtos","https:\/\/x.com\/Bodegas_Protos","https:\/\/www.instagram.com\/bodegasprotosoficial\/","https:\/\/www.linkedin.com\/company\/bodegasprotos\/","https:\/\/pinterest.com\/BodegasProtos\/","http:\/\/www.youtube.com\/user\/BodegasProtos","https:\/\/es.wikipedia.org\/wiki\/Bodegas_Protos"]},{"@type":"Person","@id":"https:\/\/www.bodegasprotos.com\/es\/#\/schema\/person\/6cb69a08afa14171755cee0df7d20027","name":"Bodegas Protos (F)","image":{"@type":"ImageObject","inLanguage":"es","@id":"https:\/\/secure.gravatar.com\/avatar\/cc613a9fd2ee203f402357c1b4aa2b7c041016cbf1eab1e41bde410b2ebd7f94?s=96&d=mm&r=g","url":"https:\/\/secure.gravatar.com\/avatar\/cc613a9fd2ee203f402357c1b4aa2b7c041016cbf1eab1e41bde410b2ebd7f94?s=96&d=mm&r=g","contentUrl":"https:\/\/secure.gravatar.com\/avatar\/cc613a9fd2ee203f402357c1b4aa2b7c041016cbf1eab1e41bde410b2ebd7f94?s=96&d=mm&r=g","caption":"Bodegas Protos (F)"},"sameAs":["https:\/\/www.bodegasprotos.com"]}]}},"_links":{"self":[{"href":"https:\/\/www.bodegasprotos.com\/es\/wp-json\/wp\/v2\/posts\/44986","targetHints":{"allow":["GET"]}}],"collection":[{"href":"https:\/\/www.bodegasprotos.com\/es\/wp-json\/wp\/v2\/posts"}],"about":[{"href":"https:\/\/www.bodegasprotos.com\/es\/wp-json\/wp\/v2\/types\/post"}],"author":[{"embeddable":true,"href":"https:\/\/www.bodegasprotos.com\/es\/wp-json\/wp\/v2\/users\/3"}],"replies":[{"embeddable":true,"href":"https:\/\/www.bodegasprotos.com\/es\/wp-json\/wp\/v2\/comments?post=44986"}],"version-history":[{"count":1,"href":"https:\/\/www.bodegasprotos.com\/es\/wp-json\/wp\/v2\/posts\/44986\/revisions"}],"predecessor-version":[{"id":45012,"href":"https:\/\/www.bodegasprotos.com\/es\/wp-json\/wp\/v2\/posts\/44986\/revisions\/45012"}],"wp:featuredmedia":[{"embeddable":true,"href":"https:\/\/www.bodegasprotos.com\/es\/wp-json\/wp\/v2\/media\/45008"}],"wp:attachment":[{"href":"https:\/\/www.bodegasprotos.com\/es\/wp-json\/wp\/v2\/media?parent=44986"}],"wp:term":[{"taxonomy":"category","embeddable":true,"href":"https:\/\/www.bodegasprotos.com\/es\/wp-json\/wp\/v2\/categories?post=44986"},{"taxonomy":"post_tag","embeddable":true,"href":"https:\/\/www.bodegasprotos.com\/es\/wp-json\/wp\/v2\/tags?post=44986"}],"curies":[{"name":"wp","href":"https:\/\/api.w.org\/{rel}","templated":true}]}}