{"id":44446,"date":"2026-03-13T11:34:35","date_gmt":"2026-03-13T10:34:35","guid":{"rendered":"https:\/\/www.bodegasprotos.com\/?p=44446"},"modified":"2026-03-13T11:41:10","modified_gmt":"2026-03-13T10:41:10","slug":"que-vino-regalar-el-dia-del-padre","status":"publish","type":"post","link":"https:\/\/www.bodegasprotos.com\/es\/general\/que-vino-regalar-el-dia-del-padre\/","title":{"rendered":"\u00bfQu\u00e9 vino regalar el D\u00eda del Padre?"},"content":{"rendered":"<p>El jueves que viene es el D\u00eda del Padre, y siempre nos surge la misma pregunta \u201c\u00bfqu\u00e9 le puedo regalar si ya tiene de todo?\u201d Nuestra respuesta tiene cuatro letras: vino \ud83d\ude09. Una botella de vino es mucho m\u00e1s que eso, significa que conoces sus gustos y que te has tomado el tiempo de buscar la opci\u00f3n perfecta para \u00e9l.<\/p>\n<p>Pero claro, \u00bfcu\u00e1l es la botella id\u00f3nea? Pues este a\u00f1o nos hemos puesto en la piel de un padre, para descubrir los matices de cada tipo de padre y de cada vino y encontrar el match perfecto.<\/p>\n<h2><strong>El padre tradicional<\/strong><\/h2>\n<p>Si tu padre sigue leyendo el peri\u00f3dico en papel y va en traje hasta para hacer la compra\u2026 D\u00e9janos decirte que tu padre es un tradicional de pura cepa. Para \u00e9l, la excelencia no es una opci\u00f3n sino una obligaci\u00f3n, por eso se merece una botella de <a href=\"https:\/\/www.bodegasprotos.com\/es\/vino\/gran-reserva\/\">Protos Gran Reserva<\/a>. Un vino con 24 meses de crianza, cl\u00e1sico, con cuerpo y con una elegancia que solo entienden quienes de verdad saben de vino.<\/p>\n<div id=\"attachment_44447\" style=\"width: 411px\" class=\"wp-caption aligncenter\"><img data-dominant-color=\"6b5b4c\" data-has-transparency=\"true\" style=\"--dominant-color: #6b5b4c;\" fetchpriority=\"high\" decoding=\"async\" aria-describedby=\"caption-attachment-44447\" class=\"wp-image-44447 has-transparency\" src=\"https:\/\/www.bodegasprotos.com\/wp-content\/uploads\/2026\/03\/Imagen1-e1773323652600-300x184.png\" alt=\"Padre tradicional leyendo el peri\u00f3dico y bebiendo Protos Gran Reserva\" width=\"401\" height=\"246\" srcset=\"https:\/\/www.bodegasprotos.com\/wp-content\/uploads\/2026\/03\/Imagen1-e1773323652600-300x184.png 300w, https:\/\/www.bodegasprotos.com\/wp-content\/uploads\/2026\/03\/Imagen1-e1773323652600-150x92.png 150w, https:\/\/www.bodegasprotos.com\/wp-content\/uploads\/2026\/03\/Imagen1-e1773323652600.png 505w\" sizes=\"(max-width: 401px) 100vw, 401px\" \/><p id=\"caption-attachment-44447\" class=\"wp-caption-text\">(Esta imagen ha sido generada con Inteligencia Artificial)<\/p><\/div>\n<h2><strong>El padre \u201ccool\u201d<\/strong><\/h2>\n<p>Este padre sab\u00eda lo que es un \u201cnatural wine\u201d antes de que fuera \u201ctrending\u201d. Apunta la lista de la compra con Alexa, sube historias a Instagram y dice cosas como \u201cvaya boomer\u201d sin aceptar que \u00e9l mismo, tambi\u00e9n, lo es. Pero, tambi\u00e9n, est\u00e1 siempre dispuesto a una aventura y a hacerte re\u00edr, por eso se merece un vino que acompa\u00f1e esa personalidad joven. El match perfecto es nuestro <a href=\"https:\/\/www.bodegasprotos.com\/es\/vino\/protos-9-meses\/\">Protos 9 meses<\/a>. Un vino blanco fresco y con esa esencia joven que consigue ser \u201ccool\u201d sin quererlo, igual que tu padre (aunque \u00e9l jure que no lo intenta, que \u201c\u00e9l es as\u00ed\u201d).<\/p>\n<div id=\"attachment_44449\" style=\"width: 410px\" class=\"wp-caption aligncenter\"><img data-dominant-color=\"6f655a\" data-has-transparency=\"true\" style=\"--dominant-color: #6f655a;\" decoding=\"async\" aria-describedby=\"caption-attachment-44449\" class=\"wp-image-44449 has-transparency\" src=\"https:\/\/www.bodegasprotos.com\/wp-content\/uploads\/2026\/03\/Imagen2-e1773323716461-300x174.png\" alt=\"Padre &quot;cool&quot; mirando el m\u00f3vil y bebiendo Protos 9 meses\" width=\"400\" height=\"232\" srcset=\"https:\/\/www.bodegasprotos.com\/wp-content\/uploads\/2026\/03\/Imagen2-e1773323716461-300x174.png 300w, https:\/\/www.bodegasprotos.com\/wp-content\/uploads\/2026\/03\/Imagen2-e1773323716461-150x87.png 150w, https:\/\/www.bodegasprotos.com\/wp-content\/uploads\/2026\/03\/Imagen2-e1773323716461.png 532w\" sizes=\"(max-width: 400px) 100vw, 400px\" \/><p id=\"caption-attachment-44449\" class=\"wp-caption-text\">(Esta imagen ha sido generada con Inteligencia Artificial)<\/p><\/div>\n<h2><strong>El padre deportista (p\u00e1del edition)<\/strong><\/h2>\n<p>\u201cNo puedo, tengo p\u00e1del\u201d es su frase favorita, el ch\u00e1ndal su uniforme diario y Playtomic su mejor amigo. Es competitivo hasta en una sesi\u00f3n de mindfulness y env\u00eda m\u00e1s mensajes a su grupo de WhatsApp del p\u00e1del que al de la familia. Por eso, necesita un vino r\u00e1pido, que no entorpezca su ajetreada vida y que sea f\u00e1cil de beber para \u201crecuperar fuerzas despu\u00e9s del partido de fin de semana\u201d. <a href=\"https:\/\/www.bodegasprotos.com\/es\/vino\/aire-de-protos\/\">Aire de Protos<\/a> es el match ideal, un vino rosado, ligero y sedoso que encaja genial con su personalidad.<\/p>\n<div id=\"attachment_44451\" style=\"width: 410px\" class=\"wp-caption aligncenter\"><img data-dominant-color=\"6b7471\" data-has-transparency=\"true\" style=\"--dominant-color: #6b7471;\" decoding=\"async\" aria-describedby=\"caption-attachment-44451\" class=\"wp-image-44451 has-transparency\" src=\"https:\/\/www.bodegasprotos.com\/wp-content\/uploads\/2026\/03\/Imagen3-e1773323787814-300x174.png\" alt=\"Padre deportista bebiendo Aire de Protos\" width=\"400\" height=\"232\" srcset=\"https:\/\/www.bodegasprotos.com\/wp-content\/uploads\/2026\/03\/Imagen3-e1773323787814-300x174.png 300w, https:\/\/www.bodegasprotos.com\/wp-content\/uploads\/2026\/03\/Imagen3-e1773323787814-1024x592.png 1024w, https:\/\/www.bodegasprotos.com\/wp-content\/uploads\/2026\/03\/Imagen3-e1773323787814-150x87.png 150w, https:\/\/www.bodegasprotos.com\/wp-content\/uploads\/2026\/03\/Imagen3-e1773323787814-768x444.png 768w, https:\/\/www.bodegasprotos.com\/wp-content\/uploads\/2026\/03\/Imagen3-e1773323787814.png 1224w\" sizes=\"(max-width: 400px) 100vw, 400px\" \/><p id=\"caption-attachment-44451\" class=\"wp-caption-text\">(Esta imagen ha sido generada con Inteligencia Artificial)<\/p><\/div>\n<h2><strong>El padre barbacoas<\/strong><\/h2>\n<p>Este padre domina la parrilla lo mismo que la siesta de despu\u00e9s. Tiene m\u00e1s instrumentos de cocina que calcetines, su prenda de ropa favorita es su delantal de \u201cmejor padre del mundo\u201d y cada domingo es bueno para una barbacoa en casa. Por eso, se merece un vino que est\u00e9 a la altura de su pasi\u00f3n, como nuestro <a href=\"https:\/\/www.bodegasprotos.com\/es\/vino\/crianza\/\">Protos 3er a\u00f1o<\/a>, que es un vino potente a la vez que elegante y vers\u00e1til, y acompa\u00f1a perfectamente desde un chulet\u00f3n a la parrilla hasta cualquier sorpresa que tenga preparada para su familia el pr\u00f3ximo domingo. Porque un padre cocinillas siempre tiene un as bajo la manga (o eso cree \u00e9l).<\/p>\n<div id=\"attachment_44453\" style=\"width: 410px\" class=\"wp-caption aligncenter\"><img data-dominant-color=\"6e6758\" data-has-transparency=\"true\" style=\"--dominant-color: #6e6758;\" loading=\"lazy\" decoding=\"async\" aria-describedby=\"caption-attachment-44453\" class=\"wp-image-44453 has-transparency\" src=\"https:\/\/www.bodegasprotos.com\/wp-content\/uploads\/2026\/03\/Imagen4-e1773323865259-300x173.png\" alt=\"Padre barbacoas cocinando y bebiendo Protos 3er A\u00f1o\" width=\"400\" height=\"231\" srcset=\"https:\/\/www.bodegasprotos.com\/wp-content\/uploads\/2026\/03\/Imagen4-e1773323865259-300x173.png 300w, https:\/\/www.bodegasprotos.com\/wp-content\/uploads\/2026\/03\/Imagen4-e1773323865259-150x87.png 150w, https:\/\/www.bodegasprotos.com\/wp-content\/uploads\/2026\/03\/Imagen4-e1773323865259.png 535w\" sizes=\"(max-width: 400px) 100vw, 400px\" \/><p id=\"caption-attachment-44453\" class=\"wp-caption-text\">(Esta imagen ha sido generada con Inteligencia Artificial)<\/p><\/div>\n<p>As\u00ed que ya sabes, este d\u00eda del padre no hace falta que te compliques. Olv\u00eddate de las corbatas aburridas, los calcetines de rayas y todas esas cosas que acaban en el caj\u00f3n y regala una botella de Protos que se ajuste con su personalidad y pod\u00e1is disfrutar juntos.<\/p>\n","protected":false},"excerpt":{"rendered":"<p>El jueves que viene es el D\u00eda del Padre, y siempre nos surge la misma pregunta \u201c\u00bfqu\u00e9 le&#8230;<\/p>\n","protected":false},"author":3,"featured_media":44470,"comment_status":"closed","ping_status":"closed","sticky":false,"template":"","format":"standard","meta":{"_acf_changed":false,"footnotes":""},"categories":[87,1],"tags":[],"class_list":["post-44446","post","type-post","status-publish","format-standard","has-post-thumbnail","hentry","category-blog","category-general"],"acf":[],"yoast_head":"<!-- This site is optimized with the Yoast SEO plugin v27.5 - https:\/\/yoast.com\/product\/yoast-seo-wordpress\/ -->\n<title>\u00bfQu\u00e9 vino regalar el D\u00eda del Padre? - Bodegas Protos<\/title>\n<meta name=\"description\" content=\"Gu\u00eda definitiva: qu\u00e9 vino regalar en el D\u00eda del Padre. Encuentra el match perfecto entre 4 tipos de padre y los mejores vinos de Protos.\" \/>\n<meta name=\"robots\" content=\"index, follow, max-snippet:-1, max-image-preview:large, max-video-preview:-1\" \/>\n<link rel=\"canonical\" href=\"https:\/\/www.bodegasprotos.com\/es\/general\/que-vino-regalar-el-dia-del-padre\/\" \/>\n<meta property=\"og:locale\" content=\"es_ES\" \/>\n<meta property=\"og:type\" content=\"article\" \/>\n<meta property=\"og:title\" content=\"\u00bfQu\u00e9 vino regalar el D\u00eda del Padre? - Bodegas Protos\" \/>\n<meta property=\"og:description\" content=\"Gu\u00eda definitiva: qu\u00e9 vino regalar en el D\u00eda del Padre. Encuentra el match perfecto entre 4 tipos de padre y los mejores vinos de Protos.\" \/>\n<meta property=\"og:url\" content=\"https:\/\/www.bodegasprotos.com\/es\/general\/que-vino-regalar-el-dia-del-padre\/\" \/>\n<meta property=\"og:site_name\" content=\"Bodegas Protos\" \/>\n<meta property=\"article:publisher\" content=\"https:\/\/www.facebook.com\/BodegasProtos\" \/>\n<meta property=\"article:published_time\" content=\"2026-03-13T10:34:35+00:00\" \/>\n<meta property=\"article:modified_time\" content=\"2026-03-13T10:41:10+00:00\" \/>\n<meta property=\"og:image\" content=\"https:\/\/www.bodegasprotos.com\/wp-content\/uploads\/2026\/03\/jffjfsjghdfghfd-2-1024x512.png\" \/>\n\t<meta property=\"og:image:width\" content=\"1024\" \/>\n\t<meta property=\"og:image:height\" content=\"512\" \/>\n\t<meta property=\"og:image:type\" content=\"image\/png\" \/>\n<meta name=\"author\" content=\"Bodegas Protos (F)\" \/>\n<meta name=\"twitter:card\" content=\"summary_large_image\" \/>\n<meta name=\"twitter:creator\" content=\"@Bodegas_Protos\" \/>\n<meta name=\"twitter:site\" content=\"@Bodegas_Protos\" \/>\n<meta name=\"twitter:label1\" content=\"Escrito por\" \/>\n\t<meta name=\"twitter:data1\" content=\"Bodegas Protos (F)\" \/>\n\t<meta name=\"twitter:label2\" content=\"Tiempo de lectura\" \/>\n\t<meta name=\"twitter:data2\" content=\"4 minutos\" \/>\n<script type=\"application\/ld+json\" class=\"yoast-schema-graph\">{\"@context\":\"https:\\\/\\\/schema.org\",\"@graph\":[{\"@type\":\"Article\",\"@id\":\"https:\\\/\\\/www.bodegasprotos.com\\\/es\\\/general\\\/que-vino-regalar-el-dia-del-padre\\\/#article\",\"isPartOf\":{\"@id\":\"https:\\\/\\\/www.bodegasprotos.com\\\/es\\\/general\\\/que-vino-regalar-el-dia-del-padre\\\/\"},\"author\":{\"name\":\"Bodegas Protos (F)\",\"@id\":\"https:\\\/\\\/www.bodegasprotos.com\\\/es\\\/#\\\/schema\\\/person\\\/6cb69a08afa14171755cee0df7d20027\"},\"headline\":\"\u00bfQu\u00e9 vino regalar el D\u00eda del Padre?\",\"datePublished\":\"2026-03-13T10:34:35+00:00\",\"dateModified\":\"2026-03-13T10:41:10+00:00\",\"mainEntityOfPage\":{\"@id\":\"https:\\\/\\\/www.bodegasprotos.com\\\/es\\\/general\\\/que-vino-regalar-el-dia-del-padre\\\/\"},\"wordCount\":634,\"publisher\":{\"@id\":\"https:\\\/\\\/www.bodegasprotos.com\\\/es\\\/#organization\"},\"image\":{\"@id\":\"https:\\\/\\\/www.bodegasprotos.com\\\/es\\\/general\\\/que-vino-regalar-el-dia-del-padre\\\/#primaryimage\"},\"thumbnailUrl\":\"https:\\\/\\\/www.bodegasprotos.com\\\/wp-content\\\/uploads\\\/2026\\\/03\\\/jffjfsjghdfghfd-2-scaled.png\",\"articleSection\":[\"Blog\",\"General\"],\"inLanguage\":\"es\"},{\"@type\":\"WebPage\",\"@id\":\"https:\\\/\\\/www.bodegasprotos.com\\\/es\\\/general\\\/que-vino-regalar-el-dia-del-padre\\\/\",\"url\":\"https:\\\/\\\/www.bodegasprotos.com\\\/es\\\/general\\\/que-vino-regalar-el-dia-del-padre\\\/\",\"name\":\"\u00bfQu\u00e9 vino regalar el D\u00eda del Padre? - Bodegas Protos\",\"isPartOf\":{\"@id\":\"https:\\\/\\\/www.bodegasprotos.com\\\/es\\\/#website\"},\"primaryImageOfPage\":{\"@id\":\"https:\\\/\\\/www.bodegasprotos.com\\\/es\\\/general\\\/que-vino-regalar-el-dia-del-padre\\\/#primaryimage\"},\"image\":{\"@id\":\"https:\\\/\\\/www.bodegasprotos.com\\\/es\\\/general\\\/que-vino-regalar-el-dia-del-padre\\\/#primaryimage\"},\"thumbnailUrl\":\"https:\\\/\\\/www.bodegasprotos.com\\\/wp-content\\\/uploads\\\/2026\\\/03\\\/jffjfsjghdfghfd-2-scaled.png\",\"datePublished\":\"2026-03-13T10:34:35+00:00\",\"dateModified\":\"2026-03-13T10:41:10+00:00\",\"description\":\"Gu\u00eda definitiva: qu\u00e9 vino regalar en el D\u00eda del Padre. Encuentra el match perfecto entre 4 tipos de padre y los mejores vinos de Protos.\",\"breadcrumb\":{\"@id\":\"https:\\\/\\\/www.bodegasprotos.com\\\/es\\\/general\\\/que-vino-regalar-el-dia-del-padre\\\/#breadcrumb\"},\"inLanguage\":\"es\",\"potentialAction\":[{\"@type\":\"ReadAction\",\"target\":[\"https:\\\/\\\/www.bodegasprotos.com\\\/es\\\/general\\\/que-vino-regalar-el-dia-del-padre\\\/\"]}]},{\"@type\":\"ImageObject\",\"inLanguage\":\"es\",\"@id\":\"https:\\\/\\\/www.bodegasprotos.com\\\/es\\\/general\\\/que-vino-regalar-el-dia-del-padre\\\/#primaryimage\",\"url\":\"https:\\\/\\\/www.bodegasprotos.com\\\/wp-content\\\/uploads\\\/2026\\\/03\\\/jffjfsjghdfghfd-2-scaled.png\",\"contentUrl\":\"https:\\\/\\\/www.bodegasprotos.com\\\/wp-content\\\/uploads\\\/2026\\\/03\\\/jffjfsjghdfghfd-2-scaled.png\",\"width\":2560,\"height\":1280},{\"@type\":\"BreadcrumbList\",\"@id\":\"https:\\\/\\\/www.bodegasprotos.com\\\/es\\\/general\\\/que-vino-regalar-el-dia-del-padre\\\/#breadcrumb\",\"itemListElement\":[{\"@type\":\"ListItem\",\"position\":1,\"name\":\"Portada\",\"item\":\"https:\\\/\\\/www.bodegasprotos.com\\\/es\\\/\"},{\"@type\":\"ListItem\",\"position\":2,\"name\":\"\u00bfQu\u00e9 vino regalar el D\u00eda del Padre?\"}]},{\"@type\":\"WebSite\",\"@id\":\"https:\\\/\\\/www.bodegasprotos.com\\\/es\\\/#website\",\"url\":\"https:\\\/\\\/www.bodegasprotos.com\\\/es\\\/\",\"name\":\"Bodegas Protos\",\"description\":\"Vinos de la Denominaci\u00f3n de Origen Ribera del Duero, Rueda y Cigales\",\"publisher\":{\"@id\":\"https:\\\/\\\/www.bodegasprotos.com\\\/es\\\/#organization\"},\"potentialAction\":[{\"@type\":\"SearchAction\",\"target\":{\"@type\":\"EntryPoint\",\"urlTemplate\":\"https:\\\/\\\/www.bodegasprotos.com\\\/es\\\/?s={search_term_string}\"},\"query-input\":{\"@type\":\"PropertyValueSpecification\",\"valueRequired\":true,\"valueName\":\"search_term_string\"}}],\"inLanguage\":\"es\"},{\"@type\":\"Organization\",\"@id\":\"https:\\\/\\\/www.bodegasprotos.com\\\/es\\\/#organization\",\"name\":\"Bodegas Protos\",\"url\":\"https:\\\/\\\/www.bodegasprotos.com\\\/es\\\/\",\"logo\":{\"@type\":\"ImageObject\",\"inLanguage\":\"es\",\"@id\":\"https:\\\/\\\/www.bodegasprotos.com\\\/es\\\/#\\\/schema\\\/logo\\\/image\\\/\",\"url\":\"https:\\\/\\\/www.bodegasprotos.com\\\/wp-content\\\/uploads\\\/2024\\\/06\\\/PROTOS-LOGOS-VERSIONES-13.png\",\"contentUrl\":\"https:\\\/\\\/www.bodegasprotos.com\\\/wp-content\\\/uploads\\\/2024\\\/06\\\/PROTOS-LOGOS-VERSIONES-13.png\",\"width\":2362,\"height\":2362,\"caption\":\"Bodegas Protos\"},\"image\":{\"@id\":\"https:\\\/\\\/www.bodegasprotos.com\\\/es\\\/#\\\/schema\\\/logo\\\/image\\\/\"},\"sameAs\":[\"https:\\\/\\\/www.facebook.com\\\/BodegasProtos\",\"https:\\\/\\\/x.com\\\/Bodegas_Protos\",\"https:\\\/\\\/www.instagram.com\\\/bodegasprotosoficial\\\/\",\"https:\\\/\\\/www.linkedin.com\\\/company\\\/bodegasprotos\\\/\",\"https:\\\/\\\/pinterest.com\\\/BodegasProtos\\\/\",\"http:\\\/\\\/www.youtube.com\\\/user\\\/BodegasProtos\",\"https:\\\/\\\/es.wikipedia.org\\\/wiki\\\/Bodegas_Protos\"]},{\"@type\":\"Person\",\"@id\":\"https:\\\/\\\/www.bodegasprotos.com\\\/es\\\/#\\\/schema\\\/person\\\/6cb69a08afa14171755cee0df7d20027\",\"name\":\"Bodegas Protos (F)\",\"image\":{\"@type\":\"ImageObject\",\"inLanguage\":\"es\",\"@id\":\"https:\\\/\\\/secure.gravatar.com\\\/avatar\\\/cc613a9fd2ee203f402357c1b4aa2b7c041016cbf1eab1e41bde410b2ebd7f94?s=96&d=mm&r=g\",\"url\":\"https:\\\/\\\/secure.gravatar.com\\\/avatar\\\/cc613a9fd2ee203f402357c1b4aa2b7c041016cbf1eab1e41bde410b2ebd7f94?s=96&d=mm&r=g\",\"contentUrl\":\"https:\\\/\\\/secure.gravatar.com\\\/avatar\\\/cc613a9fd2ee203f402357c1b4aa2b7c041016cbf1eab1e41bde410b2ebd7f94?s=96&d=mm&r=g\",\"caption\":\"Bodegas Protos (F)\"},\"sameAs\":[\"https:\\\/\\\/www.bodegasprotos.com\"]}]}<\/script>\n<!-- \/ Yoast SEO plugin. -->","yoast_head_json":{"title":"\u00bfQu\u00e9 vino regalar el D\u00eda del Padre? - Bodegas Protos","description":"Gu\u00eda definitiva: qu\u00e9 vino regalar en el D\u00eda del Padre. Encuentra el match perfecto entre 4 tipos de padre y los mejores vinos de Protos.","robots":{"index":"index","follow":"follow","max-snippet":"max-snippet:-1","max-image-preview":"max-image-preview:large","max-video-preview":"max-video-preview:-1"},"canonical":"https:\/\/www.bodegasprotos.com\/es\/general\/que-vino-regalar-el-dia-del-padre\/","og_locale":"es_ES","og_type":"article","og_title":"\u00bfQu\u00e9 vino regalar el D\u00eda del Padre? - Bodegas Protos","og_description":"Gu\u00eda definitiva: qu\u00e9 vino regalar en el D\u00eda del Padre. Encuentra el match perfecto entre 4 tipos de padre y los mejores vinos de Protos.","og_url":"https:\/\/www.bodegasprotos.com\/es\/general\/que-vino-regalar-el-dia-del-padre\/","og_site_name":"Bodegas Protos","article_publisher":"https:\/\/www.facebook.com\/BodegasProtos","article_published_time":"2026-03-13T10:34:35+00:00","article_modified_time":"2026-03-13T10:41:10+00:00","og_image":[{"width":1024,"height":512,"url":"https:\/\/www.bodegasprotos.com\/wp-content\/uploads\/2026\/03\/jffjfsjghdfghfd-2-1024x512.png","type":"image\/png"}],"author":"Bodegas Protos (F)","twitter_card":"summary_large_image","twitter_creator":"@Bodegas_Protos","twitter_site":"@Bodegas_Protos","twitter_misc":{"Escrito por":"Bodegas Protos (F)","Tiempo de lectura":"4 minutos"},"schema":{"@context":"https:\/\/schema.org","@graph":[{"@type":"Article","@id":"https:\/\/www.bodegasprotos.com\/es\/general\/que-vino-regalar-el-dia-del-padre\/#article","isPartOf":{"@id":"https:\/\/www.bodegasprotos.com\/es\/general\/que-vino-regalar-el-dia-del-padre\/"},"author":{"name":"Bodegas Protos (F)","@id":"https:\/\/www.bodegasprotos.com\/es\/#\/schema\/person\/6cb69a08afa14171755cee0df7d20027"},"headline":"\u00bfQu\u00e9 vino regalar el D\u00eda del Padre?","datePublished":"2026-03-13T10:34:35+00:00","dateModified":"2026-03-13T10:41:10+00:00","mainEntityOfPage":{"@id":"https:\/\/www.bodegasprotos.com\/es\/general\/que-vino-regalar-el-dia-del-padre\/"},"wordCount":634,"publisher":{"@id":"https:\/\/www.bodegasprotos.com\/es\/#organization"},"image":{"@id":"https:\/\/www.bodegasprotos.com\/es\/general\/que-vino-regalar-el-dia-del-padre\/#primaryimage"},"thumbnailUrl":"https:\/\/www.bodegasprotos.com\/wp-content\/uploads\/2026\/03\/jffjfsjghdfghfd-2-scaled.png","articleSection":["Blog","General"],"inLanguage":"es"},{"@type":"WebPage","@id":"https:\/\/www.bodegasprotos.com\/es\/general\/que-vino-regalar-el-dia-del-padre\/","url":"https:\/\/www.bodegasprotos.com\/es\/general\/que-vino-regalar-el-dia-del-padre\/","name":"\u00bfQu\u00e9 vino regalar el D\u00eda del Padre? - Bodegas Protos","isPartOf":{"@id":"https:\/\/www.bodegasprotos.com\/es\/#website"},"primaryImageOfPage":{"@id":"https:\/\/www.bodegasprotos.com\/es\/general\/que-vino-regalar-el-dia-del-padre\/#primaryimage"},"image":{"@id":"https:\/\/www.bodegasprotos.com\/es\/general\/que-vino-regalar-el-dia-del-padre\/#primaryimage"},"thumbnailUrl":"https:\/\/www.bodegasprotos.com\/wp-content\/uploads\/2026\/03\/jffjfsjghdfghfd-2-scaled.png","datePublished":"2026-03-13T10:34:35+00:00","dateModified":"2026-03-13T10:41:10+00:00","description":"Gu\u00eda definitiva: qu\u00e9 vino regalar en el D\u00eda del Padre. Encuentra el match perfecto entre 4 tipos de padre y los mejores vinos de Protos.","breadcrumb":{"@id":"https:\/\/www.bodegasprotos.com\/es\/general\/que-vino-regalar-el-dia-del-padre\/#breadcrumb"},"inLanguage":"es","potentialAction":[{"@type":"ReadAction","target":["https:\/\/www.bodegasprotos.com\/es\/general\/que-vino-regalar-el-dia-del-padre\/"]}]},{"@type":"ImageObject","inLanguage":"es","@id":"https:\/\/www.bodegasprotos.com\/es\/general\/que-vino-regalar-el-dia-del-padre\/#primaryimage","url":"https:\/\/www.bodegasprotos.com\/wp-content\/uploads\/2026\/03\/jffjfsjghdfghfd-2-scaled.png","contentUrl":"https:\/\/www.bodegasprotos.com\/wp-content\/uploads\/2026\/03\/jffjfsjghdfghfd-2-scaled.png","width":2560,"height":1280},{"@type":"BreadcrumbList","@id":"https:\/\/www.bodegasprotos.com\/es\/general\/que-vino-regalar-el-dia-del-padre\/#breadcrumb","itemListElement":[{"@type":"ListItem","position":1,"name":"Portada","item":"https:\/\/www.bodegasprotos.com\/es\/"},{"@type":"ListItem","position":2,"name":"\u00bfQu\u00e9 vino regalar el D\u00eda del Padre?"}]},{"@type":"WebSite","@id":"https:\/\/www.bodegasprotos.com\/es\/#website","url":"https:\/\/www.bodegasprotos.com\/es\/","name":"Bodegas Protos","description":"Vinos de la Denominaci\u00f3n de Origen Ribera del Duero, Rueda y Cigales","publisher":{"@id":"https:\/\/www.bodegasprotos.com\/es\/#organization"},"potentialAction":[{"@type":"SearchAction","target":{"@type":"EntryPoint","urlTemplate":"https:\/\/www.bodegasprotos.com\/es\/?s={search_term_string}"},"query-input":{"@type":"PropertyValueSpecification","valueRequired":true,"valueName":"search_term_string"}}],"inLanguage":"es"},{"@type":"Organization","@id":"https:\/\/www.bodegasprotos.com\/es\/#organization","name":"Bodegas Protos","url":"https:\/\/www.bodegasprotos.com\/es\/","logo":{"@type":"ImageObject","inLanguage":"es","@id":"https:\/\/www.bodegasprotos.com\/es\/#\/schema\/logo\/image\/","url":"https:\/\/www.bodegasprotos.com\/wp-content\/uploads\/2024\/06\/PROTOS-LOGOS-VERSIONES-13.png","contentUrl":"https:\/\/www.bodegasprotos.com\/wp-content\/uploads\/2024\/06\/PROTOS-LOGOS-VERSIONES-13.png","width":2362,"height":2362,"caption":"Bodegas Protos"},"image":{"@id":"https:\/\/www.bodegasprotos.com\/es\/#\/schema\/logo\/image\/"},"sameAs":["https:\/\/www.facebook.com\/BodegasProtos","https:\/\/x.com\/Bodegas_Protos","https:\/\/www.instagram.com\/bodegasprotosoficial\/","https:\/\/www.linkedin.com\/company\/bodegasprotos\/","https:\/\/pinterest.com\/BodegasProtos\/","http:\/\/www.youtube.com\/user\/BodegasProtos","https:\/\/es.wikipedia.org\/wiki\/Bodegas_Protos"]},{"@type":"Person","@id":"https:\/\/www.bodegasprotos.com\/es\/#\/schema\/person\/6cb69a08afa14171755cee0df7d20027","name":"Bodegas Protos (F)","image":{"@type":"ImageObject","inLanguage":"es","@id":"https:\/\/secure.gravatar.com\/avatar\/cc613a9fd2ee203f402357c1b4aa2b7c041016cbf1eab1e41bde410b2ebd7f94?s=96&d=mm&r=g","url":"https:\/\/secure.gravatar.com\/avatar\/cc613a9fd2ee203f402357c1b4aa2b7c041016cbf1eab1e41bde410b2ebd7f94?s=96&d=mm&r=g","contentUrl":"https:\/\/secure.gravatar.com\/avatar\/cc613a9fd2ee203f402357c1b4aa2b7c041016cbf1eab1e41bde410b2ebd7f94?s=96&d=mm&r=g","caption":"Bodegas Protos (F)"},"sameAs":["https:\/\/www.bodegasprotos.com"]}]}},"_links":{"self":[{"href":"https:\/\/www.bodegasprotos.com\/es\/wp-json\/wp\/v2\/posts\/44446","targetHints":{"allow":["GET"]}}],"collection":[{"href":"https:\/\/www.bodegasprotos.com\/es\/wp-json\/wp\/v2\/posts"}],"about":[{"href":"https:\/\/www.bodegasprotos.com\/es\/wp-json\/wp\/v2\/types\/post"}],"author":[{"embeddable":true,"href":"https:\/\/www.bodegasprotos.com\/es\/wp-json\/wp\/v2\/users\/3"}],"replies":[{"embeddable":true,"href":"https:\/\/www.bodegasprotos.com\/es\/wp-json\/wp\/v2\/comments?post=44446"}],"version-history":[{"count":4,"href":"https:\/\/www.bodegasprotos.com\/es\/wp-json\/wp\/v2\/posts\/44446\/revisions"}],"predecessor-version":[{"id":44462,"href":"https:\/\/www.bodegasprotos.com\/es\/wp-json\/wp\/v2\/posts\/44446\/revisions\/44462"}],"wp:featuredmedia":[{"embeddable":true,"href":"https:\/\/www.bodegasprotos.com\/es\/wp-json\/wp\/v2\/media\/44470"}],"wp:attachment":[{"href":"https:\/\/www.bodegasprotos.com\/es\/wp-json\/wp\/v2\/media?parent=44446"}],"wp:term":[{"taxonomy":"category","embeddable":true,"href":"https:\/\/www.bodegasprotos.com\/es\/wp-json\/wp\/v2\/categories?post=44446"},{"taxonomy":"post_tag","embeddable":true,"href":"https:\/\/www.bodegasprotos.com\/es\/wp-json\/wp\/v2\/tags?post=44446"}],"curies":[{"name":"wp","href":"https:\/\/api.w.org\/{rel}","templated":true}]}}