{"id":43294,"date":"2025-12-05T11:32:10","date_gmt":"2025-12-05T10:32:10","guid":{"rendered":"https:\/\/www.bodegasprotos.com\/?p=43294"},"modified":"2025-12-05T10:01:49","modified_gmt":"2025-12-05T09:01:49","slug":"destinos-para-viajar-en-navidad","status":"publish","type":"post","link":"https:\/\/www.bodegasprotos.com\/es\/blog\/destinos-para-viajar-en-navidad\/","title":{"rendered":"Destinos para viajar en Navidad"},"content":{"rendered":"<p data-start=\"479\" data-end=\"849\">Cuando se acercan las fiestas, el mapa se llena de luces, mercados y ciudades que parecen pensadas para pasearlas con las manos en los bolsillos y una bufanda bien ajustada. Elegir destinos para viajar en Navidad no es solo cuesti\u00f3n de postales: tambi\u00e9n tiene que ver con el tipo de invierno que nos apetece vivir y con qu\u00e9 vino imaginamos abriendo al final del d\u00eda.<\/p>\n<p data-start=\"851\" data-end=\"1124\">Hay ciudades que piden blancos frescos junto al mar; otras, tintos de larga sobremesa tras horas de fr\u00edo y mercados. La gracia est\u00e1 en pensar el vino como parte del viaje.<\/p>\n<h2 data-start=\"1126\" data-end=\"1175\">Viena: mercados, fr\u00edo seco y un Protos 3er A\u00f1o<\/h2>\n<p data-start=\"1177\" data-end=\"1507\">Viena en diciembre es casi un clich\u00e9 navide\u00f1o\u2026 en el mejor sentido de la palabra. La ciudad se llena de mercados \u2014desde el de la Rathausplatz al del palacio de Sch\u00f6nbrunn\u2014 donde el aroma a vino caliente, casta\u00f1as asadas y almendras garrapi\u00f1adas acompa\u00f1a las luces y los puestos de artesan\u00eda.<\/p>\n<p data-start=\"1177\" data-end=\"1507\"><img data-dominant-color=\"8a9aa9\" data-has-transparency=\"false\" style=\"--dominant-color: #8a9aa9;\" fetchpriority=\"high\" decoding=\"async\" class=\"aligncenter size-medium wp-image-43295 not-transparent\" src=\"https:\/\/www.bodegasprotos.com\/wp-content\/uploads\/2025\/12\/pexels-pixabay-161074-300x200.jpg\" alt=\"\" width=\"300\" height=\"200\" srcset=\"https:\/\/www.bodegasprotos.com\/wp-content\/uploads\/2025\/12\/pexels-pixabay-161074-300x200.jpg 300w, https:\/\/www.bodegasprotos.com\/wp-content\/uploads\/2025\/12\/pexels-pixabay-161074-1024x683.jpg 1024w, https:\/\/www.bodegasprotos.com\/wp-content\/uploads\/2025\/12\/pexels-pixabay-161074-150x100.jpg 150w, https:\/\/www.bodegasprotos.com\/wp-content\/uploads\/2025\/12\/pexels-pixabay-161074-768x512.jpg 768w, https:\/\/www.bodegasprotos.com\/wp-content\/uploads\/2025\/12\/pexels-pixabay-161074-1536x1024.jpg 1536w, https:\/\/www.bodegasprotos.com\/wp-content\/uploads\/2025\/12\/pexels-pixabay-161074-2048x1365.jpg 2048w\" sizes=\"(max-width: 300px) 100vw, 300px\" \/><\/p>\n<p data-start=\"1509\" data-end=\"1820\">Entre salchichas, gulasch, sopas contundentes y dulces como el Apfelstrudel, el cuerpo tambi\u00e9n te pide un vino. Ah\u00ed tiene sentido imaginar un <a href=\"https:\/\/www.bodegasprotos.com\/es\/vino\/crianza\/\"><strong data-start=\"1658\" data-end=\"1676\">Protos 3er a\u00f1o <\/strong><\/a>: un tinto con estructura, taninos pulidos y una fruta madura que aguanta bien carnes rojas, guisos y platos de cuchara.<\/p>\n<p data-start=\"1509\" data-end=\"1820\"><img data-dominant-color=\"615e5d\" data-has-transparency=\"true\" style=\"--dominant-color: #615e5d;\" decoding=\"async\" class=\"aligncenter wp-image-42147 has-transparency\" src=\"https:\/\/www.bodegasprotos.com\/wp-content\/uploads\/2019\/07\/PROTOS-CRIANZA-e1762437587861-87x300.png\" alt=\"Protos Crianza 3\u00ba A\u00f1o\" width=\"58\" height=\"200\" srcset=\"https:\/\/www.bodegasprotos.com\/wp-content\/uploads\/2019\/07\/PROTOS-CRIANZA-e1762437587861-87x300.png 87w, https:\/\/www.bodegasprotos.com\/wp-content\/uploads\/2019\/07\/PROTOS-CRIANZA-e1762437587861.png 289w\" sizes=\"(max-width: 58px) 100vw, 58px\" \/><\/p>\n<p data-start=\"1822\" data-end=\"2184\">La acidez sostiene el conjunto y limpia la boca entre bocados grasos; la crianza en barrica aporta notas de especias y tostados que dialogan de forma natural con una cocina de invierno. No se trata de competir con el vino caliente de los puestos, sino de reservar la botella para esa cena m\u00e1s tranquila, cuando se apagan los mercados y la ciudad baja el volumen.<\/p>\n<h2 data-start=\"2186\" data-end=\"2241\">Copenhague: hygge, Tivoli y Protos 9 meses ecol\u00f3gico<\/h2>\n<p data-start=\"2243\" data-end=\"2654\">En Copenhague, la Navidad se traduce en la palabra hygge: esa idea de confort c\u00e1lido que mezcla velas, mantas, buena compa\u00f1\u00eda y algo rico en la mesa. Tivoli Gardens, en pleno centro, se convierte en un parque de luces, atracciones y casetas donde se sirven gl\u00f8gg (vino caliente con especias) y cl\u00e1sicos daneses como s\u00e1ndwiches de cerdo asado, \u00e6bleskiver o arroz con leche.<\/p>\n<p data-start=\"2243\" data-end=\"2654\"><img data-dominant-color=\"ac9588\" data-has-transparency=\"false\" style=\"--dominant-color: #ac9588;\" decoding=\"async\" class=\"aligncenter size-medium wp-image-43297 not-transparent\" src=\"https:\/\/www.bodegasprotos.com\/wp-content\/uploads\/2025\/12\/pexels-wendy-powerful-negotiator-3066041-35006244-300x225.jpg\" alt=\"\" width=\"300\" height=\"225\" srcset=\"https:\/\/www.bodegasprotos.com\/wp-content\/uploads\/2025\/12\/pexels-wendy-powerful-negotiator-3066041-35006244-300x225.jpg 300w, https:\/\/www.bodegasprotos.com\/wp-content\/uploads\/2025\/12\/pexels-wendy-powerful-negotiator-3066041-35006244-1024x768.jpg 1024w, https:\/\/www.bodegasprotos.com\/wp-content\/uploads\/2025\/12\/pexels-wendy-powerful-negotiator-3066041-35006244-150x113.jpg 150w, https:\/\/www.bodegasprotos.com\/wp-content\/uploads\/2025\/12\/pexels-wendy-powerful-negotiator-3066041-35006244-768x576.jpg 768w, https:\/\/www.bodegasprotos.com\/wp-content\/uploads\/2025\/12\/pexels-wendy-powerful-negotiator-3066041-35006244-1536x1152.jpg 1536w, https:\/\/www.bodegasprotos.com\/wp-content\/uploads\/2025\/12\/pexels-wendy-powerful-negotiator-3066041-35006244-2048x1536.jpg 2048w\" sizes=\"(max-width: 300px) 100vw, 300px\" \/><\/p>\n<p data-start=\"2656\" data-end=\"3093\">Para ese invierno n\u00f3rdico que combina aire fr\u00edo y interiores muy cuidados, un vino como <a href=\"https:\/\/www.bodegasprotos.com\/es\/vino\/protos-9-meses\/\"><strong data-start=\"2744\" data-end=\"2772\">Protos 9 meses ecol\u00f3gico<\/strong><\/a> encaja por partida doble. Por un lado, su fruta franca y su nervio en boca lo hacen un tinto \u00e1gil, capaz de acompa\u00f1ar carnes asadas, embutidos suaves y platos de ra\u00edz sin hacerse pesado. Por otro, su condici\u00f3n ecol\u00f3gica dialoga con la sensibilidad n\u00f3rdica hacia el origen, la sostenibilidad y la relaci\u00f3n con el paisaje.<\/p>\n<p data-start=\"2656\" data-end=\"3093\"><img loading=\"lazy\" decoding=\"async\" class=\"aligncenter wp-image-34635\" src=\"https:\/\/www.bodegasprotos.com\/wp-content\/uploads\/2022\/09\/Protos_9Meses_-86x300.png\" alt=\"Vino Protos 9 meses ecol\u00f3gico\" width=\"60\" height=\"209\" srcset=\"https:\/\/www.bodegasprotos.com\/wp-content\/uploads\/2022\/09\/Protos_9Meses_-86x300.png 86w, https:\/\/www.bodegasprotos.com\/wp-content\/uploads\/2022\/09\/Protos_9Meses_.png 286w\" sizes=\"(max-width: 60px) 100vw, 60px\" \/><\/p>\n<p data-start=\"3095\" data-end=\"3422\">La acidez viva ayuda a cortar la grasa del cerdo y las salsas t\u00edpicas de estas fechas; el tanino, bien integrado, mantiene la estructura sin resultar agresivo. Es un vino que se puede abrir al volver del fr\u00edo, mientras se repasan las fotos del d\u00eda y se decide si ma\u00f1ana toca mercadillo, paseo por los canales o vuelta a Tivoli.<\/p>\n<h2 data-start=\"3424\" data-end=\"3473\">Lisboa: luz de invierno suave y Protos Verdejo<\/h2>\n<p data-start=\"3475\" data-end=\"3792\">No toda Navidad tiene que ser nieve y temperaturas bajo cero. Lisboa ofrece un invierno m\u00e1s suave, con luces navide\u00f1as sobre las fachadas, mercados, conciertos y una gastronom\u00eda que en estas fechas mira al bacalao en todas sus formas y a dulces como el bolo rei o las rabanadas.<\/p>\n<p data-start=\"3475\" data-end=\"3792\"><img data-dominant-color=\"656765\" data-has-transparency=\"false\" style=\"--dominant-color: #656765;\" loading=\"lazy\" decoding=\"async\" class=\"aligncenter size-medium wp-image-43299 not-transparent\" src=\"https:\/\/www.bodegasprotos.com\/wp-content\/uploads\/2025\/12\/pexels-fotios-photos-1534560-300x200.jpg\" alt=\"\" width=\"300\" height=\"200\" srcset=\"https:\/\/www.bodegasprotos.com\/wp-content\/uploads\/2025\/12\/pexels-fotios-photos-1534560-300x200.jpg 300w, https:\/\/www.bodegasprotos.com\/wp-content\/uploads\/2025\/12\/pexels-fotios-photos-1534560-1024x683.jpg 1024w, https:\/\/www.bodegasprotos.com\/wp-content\/uploads\/2025\/12\/pexels-fotios-photos-1534560-150x100.jpg 150w, https:\/\/www.bodegasprotos.com\/wp-content\/uploads\/2025\/12\/pexels-fotios-photos-1534560-768x512.jpg 768w, https:\/\/www.bodegasprotos.com\/wp-content\/uploads\/2025\/12\/pexels-fotios-photos-1534560-1536x1024.jpg 1536w, https:\/\/www.bodegasprotos.com\/wp-content\/uploads\/2025\/12\/pexels-fotios-photos-1534560-2048x1365.jpg 2048w\" sizes=\"(max-width: 300px) 100vw, 300px\" \/><\/p>\n<p data-start=\"3794\" data-end=\"4139\">En una ciudad donde el mar y el bacalao mandan incluso en las mesas de Nochebuena, un blanco como <a href=\"https:\/\/www.bodegasprotos.com\/es\/vino\/protos-9-meses\/\"><strong data-start=\"3892\" data-end=\"3910\">Protos Verdejo<\/strong><\/a> se siente en casa. Su acidez marcada, sus notas c\u00edtricas y herbales y su buena intensidad arom\u00e1tica lo convierten en un aliado natural de pescados blancos, mariscos y elaboraciones de bacalao que combinan salinidad y untuosidad.<\/p>\n<p data-start=\"3794\" data-end=\"4139\"><img loading=\"lazy\" decoding=\"async\" class=\"aligncenter wp-image-34074\" src=\"https:\/\/www.bodegasprotos.com\/wp-content\/uploads\/2022\/03\/Protos-Verdejo-189x300.jpg\" alt=\"\" width=\"142\" height=\"225\" srcset=\"https:\/\/www.bodegasprotos.com\/wp-content\/uploads\/2022\/03\/Protos-Verdejo-189x300.jpg 189w, https:\/\/www.bodegasprotos.com\/wp-content\/uploads\/2022\/03\/Protos-Verdejo-643x1024.jpg 643w, https:\/\/www.bodegasprotos.com\/wp-content\/uploads\/2022\/03\/Protos-Verdejo-768x1222.jpg 768w, https:\/\/www.bodegasprotos.com\/wp-content\/uploads\/2022\/03\/Protos-Verdejo-965x1536.jpg 965w, https:\/\/www.bodegasprotos.com\/wp-content\/uploads\/2022\/03\/Protos-Verdejo-1287x2048.jpg 1287w, https:\/\/www.bodegasprotos.com\/wp-content\/uploads\/2022\/03\/Protos-Verdejo.jpg 1417w\" sizes=\"(max-width: 142px) 100vw, 142px\" \/><\/p>\n<p data-start=\"4141\" data-end=\"4539\">Frente a un bacalhau \u00e0 Br\u00e1s o a una versi\u00f3n navide\u00f1a m\u00e1s tradicional, el Verdejo aporta frescura y tensi\u00f3n, limpia la boca y realza los puntos salinos del plato. Y, cuando llega el momento del bolo rei o de otros dulces, puede ceder el paso al caf\u00e9 o a un vino de postre local sin necesidad de competir. Aqu\u00ed el viaje y la copa se entienden como un di\u00e1logo entre la Ribera del Duero y el Atl\u00e1ntico.<\/p>\n<h2 data-start=\"4541\" data-end=\"4586\">Nueva York: luces, rascacielos y Protos 27<\/h2>\n<p data-start=\"4588\" data-end=\"4990\">Nueva York en diciembre es otra cosa: el \u00e1rbol del Rockefeller Center, las pistas de hielo, los escaparates iluminados de la Quinta Avenida y los mercados de invierno que se reparten por la ciudad. Es un escenario donde conviven puestos de chocolate caliente, cenas de steakhouse, restaurantes de cocina del mundo y brunchs que mezclan dulce y salado sin complejos.<\/p>\n<p data-start=\"4588\" data-end=\"4990\"><img data-dominant-color=\"45586a\" data-has-transparency=\"false\" style=\"--dominant-color: #45586a;\" loading=\"lazy\" decoding=\"async\" class=\"aligncenter size-medium wp-image-43301 not-transparent\" src=\"https:\/\/www.bodegasprotos.com\/wp-content\/uploads\/2025\/12\/pexels-tom-cen-2157759967-34989662-226x300.jpg\" alt=\"\" width=\"226\" height=\"300\" srcset=\"https:\/\/www.bodegasprotos.com\/wp-content\/uploads\/2025\/12\/pexels-tom-cen-2157759967-34989662-226x300.jpg 226w, https:\/\/www.bodegasprotos.com\/wp-content\/uploads\/2025\/12\/pexels-tom-cen-2157759967-34989662-771x1024.jpg 771w, https:\/\/www.bodegasprotos.com\/wp-content\/uploads\/2025\/12\/pexels-tom-cen-2157759967-34989662-113x150.jpg 113w, https:\/\/www.bodegasprotos.com\/wp-content\/uploads\/2025\/12\/pexels-tom-cen-2157759967-34989662-768x1020.jpg 768w, https:\/\/www.bodegasprotos.com\/wp-content\/uploads\/2025\/12\/pexels-tom-cen-2157759967-34989662-1157x1536.jpg 1157w, https:\/\/www.bodegasprotos.com\/wp-content\/uploads\/2025\/12\/pexels-tom-cen-2157759967-34989662-1542x2048.jpg 1542w, https:\/\/www.bodegasprotos.com\/wp-content\/uploads\/2025\/12\/pexels-tom-cen-2157759967-34989662-scaled.jpg 1928w\" sizes=\"(max-width: 226px) 100vw, 226px\" \/><\/p>\n<p data-start=\"4992\" data-end=\"5358\">En una ciudad as\u00ed, que funciona a base de capas \u2014de luces, de ruido, de acentos, de ritmos\u2014, un vino como <a href=\"https:\/\/www.bodegasprotos.com\/es\/vino\/protos27\/\"><strong data-start=\"5098\" data-end=\"5111\">Protos 27<\/strong> <\/a>tiene mucho sentido. Es un tinto de detalle, con fruta precisa, crianza bien trabajada y una estructura que permite acompa\u00f1ar carnes rojas, platos de caza, quesos curados o incluso algunas propuestas de cocina fusi\u00f3n que mezclan sabores intensos.<\/p>\n<p data-start=\"4992\" data-end=\"5358\"><img loading=\"lazy\" decoding=\"async\" class=\"aligncenter wp-image-38873\" src=\"https:\/\/www.bodegasprotos.com\/wp-content\/uploads\/2023\/09\/Protos_27-e1563790173386-80x300.png\" alt=\"\" width=\"58\" height=\"218\" srcset=\"https:\/\/www.bodegasprotos.com\/wp-content\/uploads\/2023\/09\/Protos_27-e1563790173386-80x300.png 80w, https:\/\/www.bodegasprotos.com\/wp-content\/uploads\/2023\/09\/Protos_27-e1563790173386.png 266w\" sizes=\"(max-width: 58px) 100vw, 58px\" \/><\/p>\n<p data-start=\"5360\" data-end=\"5739\">Su equilibrio entre concentraci\u00f3n y frescura hace que aguante una cena larga sin volverse pesado. La acidez sostiene cortes nobles de carne; los taninos finos se llevan bien con texturas a la parrilla; las notas de barrica dialogan con salsas oscuras y reducciones. Es un vino para noches en las que la ciudad impresiona, pero uno quiere que la copa tambi\u00e9n tenga algo que decir.<\/p>\n<h2 data-start=\"5741\" data-end=\"5781\">Elegir el vino como se elige el viaje<\/h2>\n<p data-start=\"5783\" data-end=\"6101\">Pensar en destinos para viajar en Navidad es, en el fondo, pensar en qu\u00e9 tipo de invierno nos apetece: mercados centroeuropeos, hygge n\u00f3rdico, luz atl\u00e1ntica, v\u00e9rtigo urbano. El vino que nos acompa\u00f1a puede reforzar esa elecci\u00f3n o matizarla, pero no necesita estar presente en cada comida ni en cada momento del d\u00eda.<\/p>\n<p data-start=\"6103\" data-end=\"6457\">Llevar un Protos en la maleta es una forma de viajar con un pedazo de Ribera del Duero a cuestas. A veces se abrir\u00e1 en una cena especial; otras, esperar\u00e1 a la vuelta para prolongar el viaje desde casa, cuando las luces navide\u00f1as sean ya memoria.<\/p>\n","protected":false},"excerpt":{"rendered":"<p>Cuando se acercan las fiestas, el mapa se llena de luces, mercados y ciudades que parecen pensadas para&#8230;<\/p>\n","protected":false},"author":3,"featured_media":43303,"comment_status":"closed","ping_status":"closed","sticky":false,"template":"","format":"standard","meta":{"_acf_changed":false,"footnotes":""},"categories":[87,1],"tags":[],"class_list":["post-43294","post","type-post","status-publish","format-standard","has-post-thumbnail","hentry","category-blog","category-general"],"acf":[],"yoast_head":"<!-- This site is optimized with the Yoast SEO plugin v27.5 - https:\/\/yoast.com\/product\/yoast-seo-wordpress\/ -->\n<title>Destinos para viajar en Navidad - Bodegas Protos<\/title>\n<meta name=\"description\" content=\"Cuando se acercan las fiestas, el mapa se llena de luces, mercados y ciudades que parecen pensadas para pasearlas con las manos en los bolsillos y una\" \/>\n<meta name=\"robots\" content=\"index, follow, max-snippet:-1, max-image-preview:large, max-video-preview:-1\" \/>\n<link rel=\"canonical\" href=\"https:\/\/www.bodegasprotos.com\/es\/blog\/destinos-para-viajar-en-navidad\/\" \/>\n<meta property=\"og:locale\" content=\"es_ES\" \/>\n<meta property=\"og:type\" content=\"article\" \/>\n<meta property=\"og:title\" content=\"Destinos para viajar en Navidad - Bodegas Protos\" \/>\n<meta property=\"og:description\" content=\"Cuando se acercan las fiestas, el mapa se llena de luces, mercados y ciudades que parecen pensadas para pasearlas con las manos en los bolsillos y una\" \/>\n<meta property=\"og:url\" content=\"https:\/\/www.bodegasprotos.com\/es\/blog\/destinos-para-viajar-en-navidad\/\" \/>\n<meta property=\"og:site_name\" content=\"Bodegas Protos\" \/>\n<meta property=\"article:publisher\" content=\"https:\/\/www.facebook.com\/BodegasProtos\" \/>\n<meta property=\"article:published_time\" content=\"2025-12-05T10:32:10+00:00\" \/>\n<meta property=\"og:image\" content=\"https:\/\/www.bodegasprotos.com\/wp-content\/uploads\/2025\/12\/plaza-con-luces-y-noria-scaled.jpg\" \/>\n\t<meta property=\"og:image:width\" content=\"2560\" \/>\n\t<meta property=\"og:image:height\" content=\"1707\" \/>\n\t<meta property=\"og:image:type\" content=\"image\/jpeg\" \/>\n<meta name=\"author\" content=\"Bodegas Protos (F)\" \/>\n<meta name=\"twitter:card\" content=\"summary_large_image\" \/>\n<meta name=\"twitter:creator\" content=\"@Bodegas_Protos\" \/>\n<meta name=\"twitter:site\" content=\"@Bodegas_Protos\" \/>\n<meta name=\"twitter:label1\" content=\"Escrito por\" \/>\n\t<meta name=\"twitter:data1\" content=\"Bodegas Protos (F)\" \/>\n\t<meta name=\"twitter:label2\" content=\"Tiempo de lectura\" \/>\n\t<meta name=\"twitter:data2\" content=\"7 minutos\" \/>\n<script type=\"application\/ld+json\" class=\"yoast-schema-graph\">{\"@context\":\"https:\\\/\\\/schema.org\",\"@graph\":[{\"@type\":\"Article\",\"@id\":\"https:\\\/\\\/www.bodegasprotos.com\\\/es\\\/blog\\\/destinos-para-viajar-en-navidad\\\/#article\",\"isPartOf\":{\"@id\":\"https:\\\/\\\/www.bodegasprotos.com\\\/es\\\/blog\\\/destinos-para-viajar-en-navidad\\\/\"},\"author\":{\"name\":\"Bodegas Protos (F)\",\"@id\":\"https:\\\/\\\/www.bodegasprotos.com\\\/es\\\/#\\\/schema\\\/person\\\/6cb69a08afa14171755cee0df7d20027\"},\"headline\":\"Destinos para viajar en Navidad\",\"datePublished\":\"2025-12-05T10:32:10+00:00\",\"mainEntityOfPage\":{\"@id\":\"https:\\\/\\\/www.bodegasprotos.com\\\/es\\\/blog\\\/destinos-para-viajar-en-navidad\\\/\"},\"wordCount\":1017,\"publisher\":{\"@id\":\"https:\\\/\\\/www.bodegasprotos.com\\\/es\\\/#organization\"},\"image\":{\"@id\":\"https:\\\/\\\/www.bodegasprotos.com\\\/es\\\/blog\\\/destinos-para-viajar-en-navidad\\\/#primaryimage\"},\"thumbnailUrl\":\"https:\\\/\\\/www.bodegasprotos.com\\\/wp-content\\\/uploads\\\/2025\\\/12\\\/plaza-con-luces-y-noria-scaled.jpg\",\"articleSection\":[\"Blog\",\"General\"],\"inLanguage\":\"es\"},{\"@type\":\"WebPage\",\"@id\":\"https:\\\/\\\/www.bodegasprotos.com\\\/es\\\/blog\\\/destinos-para-viajar-en-navidad\\\/\",\"url\":\"https:\\\/\\\/www.bodegasprotos.com\\\/es\\\/blog\\\/destinos-para-viajar-en-navidad\\\/\",\"name\":\"Destinos para viajar en Navidad - Bodegas Protos\",\"isPartOf\":{\"@id\":\"https:\\\/\\\/www.bodegasprotos.com\\\/es\\\/#website\"},\"primaryImageOfPage\":{\"@id\":\"https:\\\/\\\/www.bodegasprotos.com\\\/es\\\/blog\\\/destinos-para-viajar-en-navidad\\\/#primaryimage\"},\"image\":{\"@id\":\"https:\\\/\\\/www.bodegasprotos.com\\\/es\\\/blog\\\/destinos-para-viajar-en-navidad\\\/#primaryimage\"},\"thumbnailUrl\":\"https:\\\/\\\/www.bodegasprotos.com\\\/wp-content\\\/uploads\\\/2025\\\/12\\\/plaza-con-luces-y-noria-scaled.jpg\",\"datePublished\":\"2025-12-05T10:32:10+00:00\",\"description\":\"Cuando se acercan las fiestas, el mapa se llena de luces, mercados y ciudades que parecen pensadas para pasearlas con las manos en los bolsillos y una\",\"breadcrumb\":{\"@id\":\"https:\\\/\\\/www.bodegasprotos.com\\\/es\\\/blog\\\/destinos-para-viajar-en-navidad\\\/#breadcrumb\"},\"inLanguage\":\"es\",\"potentialAction\":[{\"@type\":\"ReadAction\",\"target\":[\"https:\\\/\\\/www.bodegasprotos.com\\\/es\\\/blog\\\/destinos-para-viajar-en-navidad\\\/\"]}]},{\"@type\":\"ImageObject\",\"inLanguage\":\"es\",\"@id\":\"https:\\\/\\\/www.bodegasprotos.com\\\/es\\\/blog\\\/destinos-para-viajar-en-navidad\\\/#primaryimage\",\"url\":\"https:\\\/\\\/www.bodegasprotos.com\\\/wp-content\\\/uploads\\\/2025\\\/12\\\/plaza-con-luces-y-noria-scaled.jpg\",\"contentUrl\":\"https:\\\/\\\/www.bodegasprotos.com\\\/wp-content\\\/uploads\\\/2025\\\/12\\\/plaza-con-luces-y-noria-scaled.jpg\",\"width\":2560,\"height\":1707,\"caption\":\"Christmas zone on Kontraktova Square with a Ferris wheel in Kiev\"},{\"@type\":\"BreadcrumbList\",\"@id\":\"https:\\\/\\\/www.bodegasprotos.com\\\/es\\\/blog\\\/destinos-para-viajar-en-navidad\\\/#breadcrumb\",\"itemListElement\":[{\"@type\":\"ListItem\",\"position\":1,\"name\":\"Portada\",\"item\":\"https:\\\/\\\/www.bodegasprotos.com\\\/es\\\/\"},{\"@type\":\"ListItem\",\"position\":2,\"name\":\"Destinos para viajar en Navidad\"}]},{\"@type\":\"WebSite\",\"@id\":\"https:\\\/\\\/www.bodegasprotos.com\\\/es\\\/#website\",\"url\":\"https:\\\/\\\/www.bodegasprotos.com\\\/es\\\/\",\"name\":\"Bodegas Protos\",\"description\":\"Vinos de la Denominaci\u00f3n de Origen Ribera del Duero, Rueda y Cigales\",\"publisher\":{\"@id\":\"https:\\\/\\\/www.bodegasprotos.com\\\/es\\\/#organization\"},\"potentialAction\":[{\"@type\":\"SearchAction\",\"target\":{\"@type\":\"EntryPoint\",\"urlTemplate\":\"https:\\\/\\\/www.bodegasprotos.com\\\/es\\\/?s={search_term_string}\"},\"query-input\":{\"@type\":\"PropertyValueSpecification\",\"valueRequired\":true,\"valueName\":\"search_term_string\"}}],\"inLanguage\":\"es\"},{\"@type\":\"Organization\",\"@id\":\"https:\\\/\\\/www.bodegasprotos.com\\\/es\\\/#organization\",\"name\":\"Bodegas Protos\",\"url\":\"https:\\\/\\\/www.bodegasprotos.com\\\/es\\\/\",\"logo\":{\"@type\":\"ImageObject\",\"inLanguage\":\"es\",\"@id\":\"https:\\\/\\\/www.bodegasprotos.com\\\/es\\\/#\\\/schema\\\/logo\\\/image\\\/\",\"url\":\"https:\\\/\\\/www.bodegasprotos.com\\\/wp-content\\\/uploads\\\/2024\\\/06\\\/PROTOS-LOGOS-VERSIONES-13.png\",\"contentUrl\":\"https:\\\/\\\/www.bodegasprotos.com\\\/wp-content\\\/uploads\\\/2024\\\/06\\\/PROTOS-LOGOS-VERSIONES-13.png\",\"width\":2362,\"height\":2362,\"caption\":\"Bodegas Protos\"},\"image\":{\"@id\":\"https:\\\/\\\/www.bodegasprotos.com\\\/es\\\/#\\\/schema\\\/logo\\\/image\\\/\"},\"sameAs\":[\"https:\\\/\\\/www.facebook.com\\\/BodegasProtos\",\"https:\\\/\\\/x.com\\\/Bodegas_Protos\",\"https:\\\/\\\/www.instagram.com\\\/bodegasprotosoficial\\\/\",\"https:\\\/\\\/www.linkedin.com\\\/company\\\/bodegasprotos\\\/\",\"https:\\\/\\\/pinterest.com\\\/BodegasProtos\\\/\",\"http:\\\/\\\/www.youtube.com\\\/user\\\/BodegasProtos\",\"https:\\\/\\\/es.wikipedia.org\\\/wiki\\\/Bodegas_Protos\"]},{\"@type\":\"Person\",\"@id\":\"https:\\\/\\\/www.bodegasprotos.com\\\/es\\\/#\\\/schema\\\/person\\\/6cb69a08afa14171755cee0df7d20027\",\"name\":\"Bodegas Protos (F)\",\"image\":{\"@type\":\"ImageObject\",\"inLanguage\":\"es\",\"@id\":\"https:\\\/\\\/secure.gravatar.com\\\/avatar\\\/cc613a9fd2ee203f402357c1b4aa2b7c041016cbf1eab1e41bde410b2ebd7f94?s=96&d=mm&r=g\",\"url\":\"https:\\\/\\\/secure.gravatar.com\\\/avatar\\\/cc613a9fd2ee203f402357c1b4aa2b7c041016cbf1eab1e41bde410b2ebd7f94?s=96&d=mm&r=g\",\"contentUrl\":\"https:\\\/\\\/secure.gravatar.com\\\/avatar\\\/cc613a9fd2ee203f402357c1b4aa2b7c041016cbf1eab1e41bde410b2ebd7f94?s=96&d=mm&r=g\",\"caption\":\"Bodegas Protos (F)\"},\"sameAs\":[\"https:\\\/\\\/www.bodegasprotos.com\"]}]}<\/script>\n<!-- \/ Yoast SEO plugin. -->","yoast_head_json":{"title":"Destinos para viajar en Navidad - Bodegas Protos","description":"Cuando se acercan las fiestas, el mapa se llena de luces, mercados y ciudades que parecen pensadas para pasearlas con las manos en los bolsillos y una","robots":{"index":"index","follow":"follow","max-snippet":"max-snippet:-1","max-image-preview":"max-image-preview:large","max-video-preview":"max-video-preview:-1"},"canonical":"https:\/\/www.bodegasprotos.com\/es\/blog\/destinos-para-viajar-en-navidad\/","og_locale":"es_ES","og_type":"article","og_title":"Destinos para viajar en Navidad - Bodegas Protos","og_description":"Cuando se acercan las fiestas, el mapa se llena de luces, mercados y ciudades que parecen pensadas para pasearlas con las manos en los bolsillos y una","og_url":"https:\/\/www.bodegasprotos.com\/es\/blog\/destinos-para-viajar-en-navidad\/","og_site_name":"Bodegas Protos","article_publisher":"https:\/\/www.facebook.com\/BodegasProtos","article_published_time":"2025-12-05T10:32:10+00:00","og_image":[{"width":2560,"height":1707,"url":"https:\/\/www.bodegasprotos.com\/wp-content\/uploads\/2025\/12\/plaza-con-luces-y-noria-scaled.jpg","type":"image\/jpeg"}],"author":"Bodegas Protos (F)","twitter_card":"summary_large_image","twitter_creator":"@Bodegas_Protos","twitter_site":"@Bodegas_Protos","twitter_misc":{"Escrito por":"Bodegas Protos (F)","Tiempo de lectura":"7 minutos"},"schema":{"@context":"https:\/\/schema.org","@graph":[{"@type":"Article","@id":"https:\/\/www.bodegasprotos.com\/es\/blog\/destinos-para-viajar-en-navidad\/#article","isPartOf":{"@id":"https:\/\/www.bodegasprotos.com\/es\/blog\/destinos-para-viajar-en-navidad\/"},"author":{"name":"Bodegas Protos (F)","@id":"https:\/\/www.bodegasprotos.com\/es\/#\/schema\/person\/6cb69a08afa14171755cee0df7d20027"},"headline":"Destinos para viajar en Navidad","datePublished":"2025-12-05T10:32:10+00:00","mainEntityOfPage":{"@id":"https:\/\/www.bodegasprotos.com\/es\/blog\/destinos-para-viajar-en-navidad\/"},"wordCount":1017,"publisher":{"@id":"https:\/\/www.bodegasprotos.com\/es\/#organization"},"image":{"@id":"https:\/\/www.bodegasprotos.com\/es\/blog\/destinos-para-viajar-en-navidad\/#primaryimage"},"thumbnailUrl":"https:\/\/www.bodegasprotos.com\/wp-content\/uploads\/2025\/12\/plaza-con-luces-y-noria-scaled.jpg","articleSection":["Blog","General"],"inLanguage":"es"},{"@type":"WebPage","@id":"https:\/\/www.bodegasprotos.com\/es\/blog\/destinos-para-viajar-en-navidad\/","url":"https:\/\/www.bodegasprotos.com\/es\/blog\/destinos-para-viajar-en-navidad\/","name":"Destinos para viajar en Navidad - Bodegas Protos","isPartOf":{"@id":"https:\/\/www.bodegasprotos.com\/es\/#website"},"primaryImageOfPage":{"@id":"https:\/\/www.bodegasprotos.com\/es\/blog\/destinos-para-viajar-en-navidad\/#primaryimage"},"image":{"@id":"https:\/\/www.bodegasprotos.com\/es\/blog\/destinos-para-viajar-en-navidad\/#primaryimage"},"thumbnailUrl":"https:\/\/www.bodegasprotos.com\/wp-content\/uploads\/2025\/12\/plaza-con-luces-y-noria-scaled.jpg","datePublished":"2025-12-05T10:32:10+00:00","description":"Cuando se acercan las fiestas, el mapa se llena de luces, mercados y ciudades que parecen pensadas para pasearlas con las manos en los bolsillos y una","breadcrumb":{"@id":"https:\/\/www.bodegasprotos.com\/es\/blog\/destinos-para-viajar-en-navidad\/#breadcrumb"},"inLanguage":"es","potentialAction":[{"@type":"ReadAction","target":["https:\/\/www.bodegasprotos.com\/es\/blog\/destinos-para-viajar-en-navidad\/"]}]},{"@type":"ImageObject","inLanguage":"es","@id":"https:\/\/www.bodegasprotos.com\/es\/blog\/destinos-para-viajar-en-navidad\/#primaryimage","url":"https:\/\/www.bodegasprotos.com\/wp-content\/uploads\/2025\/12\/plaza-con-luces-y-noria-scaled.jpg","contentUrl":"https:\/\/www.bodegasprotos.com\/wp-content\/uploads\/2025\/12\/plaza-con-luces-y-noria-scaled.jpg","width":2560,"height":1707,"caption":"Christmas zone on Kontraktova Square with a Ferris wheel in Kiev"},{"@type":"BreadcrumbList","@id":"https:\/\/www.bodegasprotos.com\/es\/blog\/destinos-para-viajar-en-navidad\/#breadcrumb","itemListElement":[{"@type":"ListItem","position":1,"name":"Portada","item":"https:\/\/www.bodegasprotos.com\/es\/"},{"@type":"ListItem","position":2,"name":"Destinos para viajar en Navidad"}]},{"@type":"WebSite","@id":"https:\/\/www.bodegasprotos.com\/es\/#website","url":"https:\/\/www.bodegasprotos.com\/es\/","name":"Bodegas Protos","description":"Vinos de la Denominaci\u00f3n de Origen Ribera del Duero, Rueda y Cigales","publisher":{"@id":"https:\/\/www.bodegasprotos.com\/es\/#organization"},"potentialAction":[{"@type":"SearchAction","target":{"@type":"EntryPoint","urlTemplate":"https:\/\/www.bodegasprotos.com\/es\/?s={search_term_string}"},"query-input":{"@type":"PropertyValueSpecification","valueRequired":true,"valueName":"search_term_string"}}],"inLanguage":"es"},{"@type":"Organization","@id":"https:\/\/www.bodegasprotos.com\/es\/#organization","name":"Bodegas Protos","url":"https:\/\/www.bodegasprotos.com\/es\/","logo":{"@type":"ImageObject","inLanguage":"es","@id":"https:\/\/www.bodegasprotos.com\/es\/#\/schema\/logo\/image\/","url":"https:\/\/www.bodegasprotos.com\/wp-content\/uploads\/2024\/06\/PROTOS-LOGOS-VERSIONES-13.png","contentUrl":"https:\/\/www.bodegasprotos.com\/wp-content\/uploads\/2024\/06\/PROTOS-LOGOS-VERSIONES-13.png","width":2362,"height":2362,"caption":"Bodegas Protos"},"image":{"@id":"https:\/\/www.bodegasprotos.com\/es\/#\/schema\/logo\/image\/"},"sameAs":["https:\/\/www.facebook.com\/BodegasProtos","https:\/\/x.com\/Bodegas_Protos","https:\/\/www.instagram.com\/bodegasprotosoficial\/","https:\/\/www.linkedin.com\/company\/bodegasprotos\/","https:\/\/pinterest.com\/BodegasProtos\/","http:\/\/www.youtube.com\/user\/BodegasProtos","https:\/\/es.wikipedia.org\/wiki\/Bodegas_Protos"]},{"@type":"Person","@id":"https:\/\/www.bodegasprotos.com\/es\/#\/schema\/person\/6cb69a08afa14171755cee0df7d20027","name":"Bodegas Protos (F)","image":{"@type":"ImageObject","inLanguage":"es","@id":"https:\/\/secure.gravatar.com\/avatar\/cc613a9fd2ee203f402357c1b4aa2b7c041016cbf1eab1e41bde410b2ebd7f94?s=96&d=mm&r=g","url":"https:\/\/secure.gravatar.com\/avatar\/cc613a9fd2ee203f402357c1b4aa2b7c041016cbf1eab1e41bde410b2ebd7f94?s=96&d=mm&r=g","contentUrl":"https:\/\/secure.gravatar.com\/avatar\/cc613a9fd2ee203f402357c1b4aa2b7c041016cbf1eab1e41bde410b2ebd7f94?s=96&d=mm&r=g","caption":"Bodegas Protos (F)"},"sameAs":["https:\/\/www.bodegasprotos.com"]}]}},"_links":{"self":[{"href":"https:\/\/www.bodegasprotos.com\/es\/wp-json\/wp\/v2\/posts\/43294","targetHints":{"allow":["GET"]}}],"collection":[{"href":"https:\/\/www.bodegasprotos.com\/es\/wp-json\/wp\/v2\/posts"}],"about":[{"href":"https:\/\/www.bodegasprotos.com\/es\/wp-json\/wp\/v2\/types\/post"}],"author":[{"embeddable":true,"href":"https:\/\/www.bodegasprotos.com\/es\/wp-json\/wp\/v2\/users\/3"}],"replies":[{"embeddable":true,"href":"https:\/\/www.bodegasprotos.com\/es\/wp-json\/wp\/v2\/comments?post=43294"}],"version-history":[{"count":1,"href":"https:\/\/www.bodegasprotos.com\/es\/wp-json\/wp\/v2\/posts\/43294\/revisions"}],"predecessor-version":[{"id":43305,"href":"https:\/\/www.bodegasprotos.com\/es\/wp-json\/wp\/v2\/posts\/43294\/revisions\/43305"}],"wp:featuredmedia":[{"embeddable":true,"href":"https:\/\/www.bodegasprotos.com\/es\/wp-json\/wp\/v2\/media\/43303"}],"wp:attachment":[{"href":"https:\/\/www.bodegasprotos.com\/es\/wp-json\/wp\/v2\/media?parent=43294"}],"wp:term":[{"taxonomy":"category","embeddable":true,"href":"https:\/\/www.bodegasprotos.com\/es\/wp-json\/wp\/v2\/categories?post=43294"},{"taxonomy":"post_tag","embeddable":true,"href":"https:\/\/www.bodegasprotos.com\/es\/wp-json\/wp\/v2\/tags?post=43294"}],"curies":[{"name":"wp","href":"https:\/\/api.w.org\/{rel}","templated":true}]}}