{"id":43010,"date":"2025-10-27T09:52:11","date_gmt":"2025-10-27T08:52:11","guid":{"rendered":"https:\/\/www.bodegasprotos.com\/?p=43010"},"modified":"2025-10-27T09:52:11","modified_gmt":"2025-10-27T08:52:11","slug":"celebra-con-protos-el-fin-de-la-vendimia-sorteo-exclusivo-en-redes-sociales","status":"publish","type":"post","link":"https:\/\/www.bodegasprotos.com\/es\/general\/celebra-con-protos-el-fin-de-la-vendimia-sorteo-exclusivo-en-redes-sociales\/","title":{"rendered":"\u00a1Celebra con Protos el Fin de la Vendimia! Sorteo Exclusivo en Redes Sociales"},"content":{"rendered":"<p><img data-dominant-color=\"aca06b\" data-has-transparency=\"false\" style=\"--dominant-color: #aca06b;\" fetchpriority=\"high\" decoding=\"async\" class=\"aligncenter size-medium wp-image-43011 not-transparent\" src=\"https:\/\/www.bodegasprotos.com\/wp-content\/uploads\/2025\/10\/fbk-vendimia-300x251.png\" alt=\"\" width=\"300\" height=\"251\" srcset=\"https:\/\/www.bodegasprotos.com\/wp-content\/uploads\/2025\/10\/fbk-vendimia-300x251.png 300w, https:\/\/www.bodegasprotos.com\/wp-content\/uploads\/2025\/10\/fbk-vendimia-150x126.png 150w, https:\/\/www.bodegasprotos.com\/wp-content\/uploads\/2025\/10\/fbk-vendimia-768x644.png 768w, https:\/\/www.bodegasprotos.com\/wp-content\/uploads\/2025\/10\/fbk-vendimia.png 940w\" sizes=\"(max-width: 300px) 100vw, 300px\" \/><\/p>\n<p>La vendimia 2025 ha llegado a su fin en Bodegas Protos, marcando el cierre de un ciclo de intenso trabajo y la promesa de una a\u00f1ada excepcional. Para celebrar este hito tan importante y agradecer la fidelidad de nuestra comunidad, hemos organizado un <strong>sorteo muy especial<\/strong>\u00a0con el que podr\u00e1s llevarte a casa una selecci\u00f3n de nuestros vinos m\u00e1s representativos.<\/p>\n<p>Queremos festejar la culminaci\u00f3n de este esfuerzo compartido, desde nuestros vi\u00f1edos en Ribera del Duero y Rueda hasta vuestras mesas. Por ello, sorteamos <strong>cinco (5) packs exclusivos<\/strong>, cada uno compuesto por:<\/p>\n<ul>\n<li><strong>1 Botella de Protos 9 Meses 2023:<\/strong>Nuestro aclamado tinto, reflejo de la esencia de la Ribera.<\/li>\n<li><strong>1 Botella de Protos Sauvignon Blanc 2024:<\/strong>La frescura y elegancia de nuestros vinos blancos de Rueda.<\/li>\n<\/ul>\n<p>Este sorteo se realizar\u00e1 de forma simult\u00e1nea en <strong>tres de nuestras redes sociales<\/strong>. Podr\u00e1s participar en los perfiles oficiales de Bodegas Protos en:<\/p>\n<ul>\n<li><strong>Instagram:<\/strong><u><a href=\"https:\/\/www.instagram.com\/bodegasprotosoficial\/\" data-hveid=\"0\" data-ved=\"0CAAQ_4QMahcKEwiWuvmm9r6QAxUAAAAAHQAAAAAQdg\">@bodegasprotosoficial<\/a><\/u><\/li>\n<li><strong>Facebook:<\/strong><u><a href=\"https:\/\/www.facebook.com\/BodegasProtos\/\" data-hveid=\"0\" data-ved=\"0CAAQ_4QMahcKEwiWuvmm9r6QAxUAAAAAHQAAAAAQdw\">BodegasProtos<\/a><\/u><\/li>\n<li><strong>X (Twitter):<\/strong><u><a href=\"https:\/\/twitter.com\/Bodegas_Protos\" data-hveid=\"0\" data-ved=\"0CAAQ_4QMahcKEwiWuvmm9r6QAxUAAAAAHQAAAAAQeA\">@Bodegas_Protos<\/a><\/u><\/li>\n<\/ul>\n<p><strong>\u00bfC\u00f3mo participar en cada plataforma?<\/strong><\/p>\n<p>Las mec\u00e1nicas son muy sencillas y est\u00e1n detalladas en cada una de las publicaciones del sorteo. \u00a1Presta atenci\u00f3n a los pasos espec\u00edficos para cada red social y no te quedes sin tu oportunidad!<\/p>\n<p>El plazo para participar finalizar\u00e1 el <strong>2 de noviembre de 2025 a las 23:59h<\/strong>. Los nombres de los ganadores se anunciar\u00e1n en nuestros perfiles oficiales.<\/p>\n<p>\u00a1Mucha suerte a todos!<\/p>\n<p><a href=\"http:\/\/&lt;!-- PDF Embedder: Please provide an &quot;URL&quot; attribute in your shortcode. --&gt;\">Bases de la promoci\u00f3n en PDF adjunto<\/a><\/p>\n","protected":false},"excerpt":{"rendered":"<p>La vendimia 2025 ha llegado a su fin en Bodegas Protos, marcando el cierre de un ciclo de&#8230;<\/p>\n","protected":false},"author":3,"featured_media":43011,"comment_status":"closed","ping_status":"closed","sticky":false,"template":"","format":"standard","meta":{"_acf_changed":false,"footnotes":""},"categories":[1,94],"tags":[],"class_list":["post-43010","post","type-post","status-publish","format-standard","has-post-thumbnail","hentry","category-general","category-notas-de-prensa"],"acf":[],"yoast_head":"<!-- This site is optimized with the Yoast SEO plugin v27.4 - https:\/\/yoast.com\/product\/yoast-seo-wordpress\/ -->\n<title>\u00a1Celebra con Protos el Fin de la Vendimia! Sorteo Exclusivo en Redes Sociales - Bodegas Protos<\/title>\n<meta name=\"description\" content=\"La vendimia 2025 ha llegado a su fin en Bodegas Protos, marcando el cierre de un ciclo de intenso trabajo y la promesa de una a\u00f1ada excepcional. Para\" \/>\n<meta name=\"robots\" content=\"index, follow, max-snippet:-1, max-image-preview:large, max-video-preview:-1\" \/>\n<link rel=\"canonical\" href=\"https:\/\/www.bodegasprotos.com\/es\/general\/celebra-con-protos-el-fin-de-la-vendimia-sorteo-exclusivo-en-redes-sociales\/\" \/>\n<meta property=\"og:locale\" content=\"es_ES\" \/>\n<meta property=\"og:type\" content=\"article\" \/>\n<meta property=\"og:title\" content=\"\u00a1Celebra con Protos el Fin de la Vendimia! Sorteo Exclusivo en Redes Sociales - Bodegas Protos\" \/>\n<meta property=\"og:description\" content=\"La vendimia 2025 ha llegado a su fin en Bodegas Protos, marcando el cierre de un ciclo de intenso trabajo y la promesa de una a\u00f1ada excepcional. Para\" \/>\n<meta property=\"og:url\" content=\"https:\/\/www.bodegasprotos.com\/es\/general\/celebra-con-protos-el-fin-de-la-vendimia-sorteo-exclusivo-en-redes-sociales\/\" \/>\n<meta property=\"og:site_name\" content=\"Bodegas Protos\" \/>\n<meta property=\"article:publisher\" content=\"https:\/\/www.facebook.com\/BodegasProtos\" \/>\n<meta property=\"article:published_time\" content=\"2025-10-27T08:52:11+00:00\" \/>\n<meta property=\"og:image\" content=\"https:\/\/www.bodegasprotos.com\/wp-content\/uploads\/2025\/10\/fbk-vendimia.png\" \/>\n\t<meta property=\"og:image:width\" content=\"940\" \/>\n\t<meta property=\"og:image:height\" content=\"788\" \/>\n\t<meta property=\"og:image:type\" content=\"image\/png\" \/>\n<meta name=\"author\" content=\"Bodegas Protos (F)\" \/>\n<meta name=\"twitter:card\" content=\"summary_large_image\" \/>\n<meta name=\"twitter:creator\" content=\"@Bodegas_Protos\" \/>\n<meta name=\"twitter:site\" content=\"@Bodegas_Protos\" \/>\n<meta name=\"twitter:label1\" content=\"Escrito por\" \/>\n\t<meta name=\"twitter:data1\" content=\"Bodegas Protos (F)\" \/>\n\t<meta name=\"twitter:label2\" content=\"Tiempo de lectura\" \/>\n\t<meta name=\"twitter:data2\" content=\"2 minutos\" \/>\n<script type=\"application\/ld+json\" class=\"yoast-schema-graph\">{\"@context\":\"https:\\\/\\\/schema.org\",\"@graph\":[{\"@type\":\"Article\",\"@id\":\"https:\\\/\\\/www.bodegasprotos.com\\\/es\\\/general\\\/celebra-con-protos-el-fin-de-la-vendimia-sorteo-exclusivo-en-redes-sociales\\\/#article\",\"isPartOf\":{\"@id\":\"https:\\\/\\\/www.bodegasprotos.com\\\/es\\\/general\\\/celebra-con-protos-el-fin-de-la-vendimia-sorteo-exclusivo-en-redes-sociales\\\/\"},\"author\":{\"name\":\"Bodegas Protos (F)\",\"@id\":\"https:\\\/\\\/www.bodegasprotos.com\\\/es\\\/#\\\/schema\\\/person\\\/6cb69a08afa14171755cee0df7d20027\"},\"headline\":\"\u00a1Celebra con Protos el Fin de la Vendimia! Sorteo Exclusivo en Redes Sociales\",\"datePublished\":\"2025-10-27T08:52:11+00:00\",\"mainEntityOfPage\":{\"@id\":\"https:\\\/\\\/www.bodegasprotos.com\\\/es\\\/general\\\/celebra-con-protos-el-fin-de-la-vendimia-sorteo-exclusivo-en-redes-sociales\\\/\"},\"wordCount\":249,\"publisher\":{\"@id\":\"https:\\\/\\\/www.bodegasprotos.com\\\/es\\\/#organization\"},\"image\":{\"@id\":\"https:\\\/\\\/www.bodegasprotos.com\\\/es\\\/general\\\/celebra-con-protos-el-fin-de-la-vendimia-sorteo-exclusivo-en-redes-sociales\\\/#primaryimage\"},\"thumbnailUrl\":\"https:\\\/\\\/www.bodegasprotos.com\\\/wp-content\\\/uploads\\\/2025\\\/10\\\/fbk-vendimia.png\",\"articleSection\":[\"General\",\"Notas de Prensa\"],\"inLanguage\":\"es\"},{\"@type\":\"WebPage\",\"@id\":\"https:\\\/\\\/www.bodegasprotos.com\\\/es\\\/general\\\/celebra-con-protos-el-fin-de-la-vendimia-sorteo-exclusivo-en-redes-sociales\\\/\",\"url\":\"https:\\\/\\\/www.bodegasprotos.com\\\/es\\\/general\\\/celebra-con-protos-el-fin-de-la-vendimia-sorteo-exclusivo-en-redes-sociales\\\/\",\"name\":\"\u00a1Celebra con Protos el Fin de la Vendimia! Sorteo Exclusivo en Redes Sociales - Bodegas Protos\",\"isPartOf\":{\"@id\":\"https:\\\/\\\/www.bodegasprotos.com\\\/es\\\/#website\"},\"primaryImageOfPage\":{\"@id\":\"https:\\\/\\\/www.bodegasprotos.com\\\/es\\\/general\\\/celebra-con-protos-el-fin-de-la-vendimia-sorteo-exclusivo-en-redes-sociales\\\/#primaryimage\"},\"image\":{\"@id\":\"https:\\\/\\\/www.bodegasprotos.com\\\/es\\\/general\\\/celebra-con-protos-el-fin-de-la-vendimia-sorteo-exclusivo-en-redes-sociales\\\/#primaryimage\"},\"thumbnailUrl\":\"https:\\\/\\\/www.bodegasprotos.com\\\/wp-content\\\/uploads\\\/2025\\\/10\\\/fbk-vendimia.png\",\"datePublished\":\"2025-10-27T08:52:11+00:00\",\"description\":\"La vendimia 2025 ha llegado a su fin en Bodegas Protos, marcando el cierre de un ciclo de intenso trabajo y la promesa de una a\u00f1ada excepcional. Para\",\"breadcrumb\":{\"@id\":\"https:\\\/\\\/www.bodegasprotos.com\\\/es\\\/general\\\/celebra-con-protos-el-fin-de-la-vendimia-sorteo-exclusivo-en-redes-sociales\\\/#breadcrumb\"},\"inLanguage\":\"es\",\"potentialAction\":[{\"@type\":\"ReadAction\",\"target\":[\"https:\\\/\\\/www.bodegasprotos.com\\\/es\\\/general\\\/celebra-con-protos-el-fin-de-la-vendimia-sorteo-exclusivo-en-redes-sociales\\\/\"]}]},{\"@type\":\"ImageObject\",\"inLanguage\":\"es\",\"@id\":\"https:\\\/\\\/www.bodegasprotos.com\\\/es\\\/general\\\/celebra-con-protos-el-fin-de-la-vendimia-sorteo-exclusivo-en-redes-sociales\\\/#primaryimage\",\"url\":\"https:\\\/\\\/www.bodegasprotos.com\\\/wp-content\\\/uploads\\\/2025\\\/10\\\/fbk-vendimia.png\",\"contentUrl\":\"https:\\\/\\\/www.bodegasprotos.com\\\/wp-content\\\/uploads\\\/2025\\\/10\\\/fbk-vendimia.png\",\"width\":940,\"height\":788},{\"@type\":\"BreadcrumbList\",\"@id\":\"https:\\\/\\\/www.bodegasprotos.com\\\/es\\\/general\\\/celebra-con-protos-el-fin-de-la-vendimia-sorteo-exclusivo-en-redes-sociales\\\/#breadcrumb\",\"itemListElement\":[{\"@type\":\"ListItem\",\"position\":1,\"name\":\"Portada\",\"item\":\"https:\\\/\\\/www.bodegasprotos.com\\\/es\\\/\"},{\"@type\":\"ListItem\",\"position\":2,\"name\":\"\u00a1Celebra con Protos el Fin de la Vendimia! Sorteo Exclusivo en Redes Sociales\"}]},{\"@type\":\"WebSite\",\"@id\":\"https:\\\/\\\/www.bodegasprotos.com\\\/es\\\/#website\",\"url\":\"https:\\\/\\\/www.bodegasprotos.com\\\/es\\\/\",\"name\":\"Bodegas Protos\",\"description\":\"Vinos de la Denominaci\u00f3n de Origen Ribera del Duero, Rueda y Cigales\",\"publisher\":{\"@id\":\"https:\\\/\\\/www.bodegasprotos.com\\\/es\\\/#organization\"},\"potentialAction\":[{\"@type\":\"SearchAction\",\"target\":{\"@type\":\"EntryPoint\",\"urlTemplate\":\"https:\\\/\\\/www.bodegasprotos.com\\\/es\\\/?s={search_term_string}\"},\"query-input\":{\"@type\":\"PropertyValueSpecification\",\"valueRequired\":true,\"valueName\":\"search_term_string\"}}],\"inLanguage\":\"es\"},{\"@type\":\"Organization\",\"@id\":\"https:\\\/\\\/www.bodegasprotos.com\\\/es\\\/#organization\",\"name\":\"Bodegas Protos\",\"url\":\"https:\\\/\\\/www.bodegasprotos.com\\\/es\\\/\",\"logo\":{\"@type\":\"ImageObject\",\"inLanguage\":\"es\",\"@id\":\"https:\\\/\\\/www.bodegasprotos.com\\\/es\\\/#\\\/schema\\\/logo\\\/image\\\/\",\"url\":\"https:\\\/\\\/www.bodegasprotos.com\\\/wp-content\\\/uploads\\\/2024\\\/06\\\/PROTOS-LOGOS-VERSIONES-13.png\",\"contentUrl\":\"https:\\\/\\\/www.bodegasprotos.com\\\/wp-content\\\/uploads\\\/2024\\\/06\\\/PROTOS-LOGOS-VERSIONES-13.png\",\"width\":2362,\"height\":2362,\"caption\":\"Bodegas Protos\"},\"image\":{\"@id\":\"https:\\\/\\\/www.bodegasprotos.com\\\/es\\\/#\\\/schema\\\/logo\\\/image\\\/\"},\"sameAs\":[\"https:\\\/\\\/www.facebook.com\\\/BodegasProtos\",\"https:\\\/\\\/x.com\\\/Bodegas_Protos\",\"https:\\\/\\\/www.instagram.com\\\/bodegasprotosoficial\\\/\",\"https:\\\/\\\/www.linkedin.com\\\/company\\\/bodegasprotos\\\/\",\"https:\\\/\\\/pinterest.com\\\/BodegasProtos\\\/\",\"http:\\\/\\\/www.youtube.com\\\/user\\\/BodegasProtos\",\"https:\\\/\\\/es.wikipedia.org\\\/wiki\\\/Bodegas_Protos\"]},{\"@type\":\"Person\",\"@id\":\"https:\\\/\\\/www.bodegasprotos.com\\\/es\\\/#\\\/schema\\\/person\\\/6cb69a08afa14171755cee0df7d20027\",\"name\":\"Bodegas Protos (F)\",\"image\":{\"@type\":\"ImageObject\",\"inLanguage\":\"es\",\"@id\":\"https:\\\/\\\/secure.gravatar.com\\\/avatar\\\/cc613a9fd2ee203f402357c1b4aa2b7c041016cbf1eab1e41bde410b2ebd7f94?s=96&d=mm&r=g\",\"url\":\"https:\\\/\\\/secure.gravatar.com\\\/avatar\\\/cc613a9fd2ee203f402357c1b4aa2b7c041016cbf1eab1e41bde410b2ebd7f94?s=96&d=mm&r=g\",\"contentUrl\":\"https:\\\/\\\/secure.gravatar.com\\\/avatar\\\/cc613a9fd2ee203f402357c1b4aa2b7c041016cbf1eab1e41bde410b2ebd7f94?s=96&d=mm&r=g\",\"caption\":\"Bodegas Protos (F)\"},\"sameAs\":[\"https:\\\/\\\/www.bodegasprotos.com\"]}]}<\/script>\n<!-- \/ Yoast SEO plugin. -->","yoast_head_json":{"title":"\u00a1Celebra con Protos el Fin de la Vendimia! Sorteo Exclusivo en Redes Sociales - Bodegas Protos","description":"La vendimia 2025 ha llegado a su fin en Bodegas Protos, marcando el cierre de un ciclo de intenso trabajo y la promesa de una a\u00f1ada excepcional. Para","robots":{"index":"index","follow":"follow","max-snippet":"max-snippet:-1","max-image-preview":"max-image-preview:large","max-video-preview":"max-video-preview:-1"},"canonical":"https:\/\/www.bodegasprotos.com\/es\/general\/celebra-con-protos-el-fin-de-la-vendimia-sorteo-exclusivo-en-redes-sociales\/","og_locale":"es_ES","og_type":"article","og_title":"\u00a1Celebra con Protos el Fin de la Vendimia! Sorteo Exclusivo en Redes Sociales - Bodegas Protos","og_description":"La vendimia 2025 ha llegado a su fin en Bodegas Protos, marcando el cierre de un ciclo de intenso trabajo y la promesa de una a\u00f1ada excepcional. Para","og_url":"https:\/\/www.bodegasprotos.com\/es\/general\/celebra-con-protos-el-fin-de-la-vendimia-sorteo-exclusivo-en-redes-sociales\/","og_site_name":"Bodegas Protos","article_publisher":"https:\/\/www.facebook.com\/BodegasProtos","article_published_time":"2025-10-27T08:52:11+00:00","og_image":[{"width":940,"height":788,"url":"https:\/\/www.bodegasprotos.com\/wp-content\/uploads\/2025\/10\/fbk-vendimia.png","type":"image\/png"}],"author":"Bodegas Protos (F)","twitter_card":"summary_large_image","twitter_creator":"@Bodegas_Protos","twitter_site":"@Bodegas_Protos","twitter_misc":{"Escrito por":"Bodegas Protos (F)","Tiempo de lectura":"2 minutos"},"schema":{"@context":"https:\/\/schema.org","@graph":[{"@type":"Article","@id":"https:\/\/www.bodegasprotos.com\/es\/general\/celebra-con-protos-el-fin-de-la-vendimia-sorteo-exclusivo-en-redes-sociales\/#article","isPartOf":{"@id":"https:\/\/www.bodegasprotos.com\/es\/general\/celebra-con-protos-el-fin-de-la-vendimia-sorteo-exclusivo-en-redes-sociales\/"},"author":{"name":"Bodegas Protos (F)","@id":"https:\/\/www.bodegasprotos.com\/es\/#\/schema\/person\/6cb69a08afa14171755cee0df7d20027"},"headline":"\u00a1Celebra con Protos el Fin de la Vendimia! Sorteo Exclusivo en Redes Sociales","datePublished":"2025-10-27T08:52:11+00:00","mainEntityOfPage":{"@id":"https:\/\/www.bodegasprotos.com\/es\/general\/celebra-con-protos-el-fin-de-la-vendimia-sorteo-exclusivo-en-redes-sociales\/"},"wordCount":249,"publisher":{"@id":"https:\/\/www.bodegasprotos.com\/es\/#organization"},"image":{"@id":"https:\/\/www.bodegasprotos.com\/es\/general\/celebra-con-protos-el-fin-de-la-vendimia-sorteo-exclusivo-en-redes-sociales\/#primaryimage"},"thumbnailUrl":"https:\/\/www.bodegasprotos.com\/wp-content\/uploads\/2025\/10\/fbk-vendimia.png","articleSection":["General","Notas de Prensa"],"inLanguage":"es"},{"@type":"WebPage","@id":"https:\/\/www.bodegasprotos.com\/es\/general\/celebra-con-protos-el-fin-de-la-vendimia-sorteo-exclusivo-en-redes-sociales\/","url":"https:\/\/www.bodegasprotos.com\/es\/general\/celebra-con-protos-el-fin-de-la-vendimia-sorteo-exclusivo-en-redes-sociales\/","name":"\u00a1Celebra con Protos el Fin de la Vendimia! Sorteo Exclusivo en Redes Sociales - Bodegas Protos","isPartOf":{"@id":"https:\/\/www.bodegasprotos.com\/es\/#website"},"primaryImageOfPage":{"@id":"https:\/\/www.bodegasprotos.com\/es\/general\/celebra-con-protos-el-fin-de-la-vendimia-sorteo-exclusivo-en-redes-sociales\/#primaryimage"},"image":{"@id":"https:\/\/www.bodegasprotos.com\/es\/general\/celebra-con-protos-el-fin-de-la-vendimia-sorteo-exclusivo-en-redes-sociales\/#primaryimage"},"thumbnailUrl":"https:\/\/www.bodegasprotos.com\/wp-content\/uploads\/2025\/10\/fbk-vendimia.png","datePublished":"2025-10-27T08:52:11+00:00","description":"La vendimia 2025 ha llegado a su fin en Bodegas Protos, marcando el cierre de un ciclo de intenso trabajo y la promesa de una a\u00f1ada excepcional. Para","breadcrumb":{"@id":"https:\/\/www.bodegasprotos.com\/es\/general\/celebra-con-protos-el-fin-de-la-vendimia-sorteo-exclusivo-en-redes-sociales\/#breadcrumb"},"inLanguage":"es","potentialAction":[{"@type":"ReadAction","target":["https:\/\/www.bodegasprotos.com\/es\/general\/celebra-con-protos-el-fin-de-la-vendimia-sorteo-exclusivo-en-redes-sociales\/"]}]},{"@type":"ImageObject","inLanguage":"es","@id":"https:\/\/www.bodegasprotos.com\/es\/general\/celebra-con-protos-el-fin-de-la-vendimia-sorteo-exclusivo-en-redes-sociales\/#primaryimage","url":"https:\/\/www.bodegasprotos.com\/wp-content\/uploads\/2025\/10\/fbk-vendimia.png","contentUrl":"https:\/\/www.bodegasprotos.com\/wp-content\/uploads\/2025\/10\/fbk-vendimia.png","width":940,"height":788},{"@type":"BreadcrumbList","@id":"https:\/\/www.bodegasprotos.com\/es\/general\/celebra-con-protos-el-fin-de-la-vendimia-sorteo-exclusivo-en-redes-sociales\/#breadcrumb","itemListElement":[{"@type":"ListItem","position":1,"name":"Portada","item":"https:\/\/www.bodegasprotos.com\/es\/"},{"@type":"ListItem","position":2,"name":"\u00a1Celebra con Protos el Fin de la Vendimia! Sorteo Exclusivo en Redes Sociales"}]},{"@type":"WebSite","@id":"https:\/\/www.bodegasprotos.com\/es\/#website","url":"https:\/\/www.bodegasprotos.com\/es\/","name":"Bodegas Protos","description":"Vinos de la Denominaci\u00f3n de Origen Ribera del Duero, Rueda y Cigales","publisher":{"@id":"https:\/\/www.bodegasprotos.com\/es\/#organization"},"potentialAction":[{"@type":"SearchAction","target":{"@type":"EntryPoint","urlTemplate":"https:\/\/www.bodegasprotos.com\/es\/?s={search_term_string}"},"query-input":{"@type":"PropertyValueSpecification","valueRequired":true,"valueName":"search_term_string"}}],"inLanguage":"es"},{"@type":"Organization","@id":"https:\/\/www.bodegasprotos.com\/es\/#organization","name":"Bodegas Protos","url":"https:\/\/www.bodegasprotos.com\/es\/","logo":{"@type":"ImageObject","inLanguage":"es","@id":"https:\/\/www.bodegasprotos.com\/es\/#\/schema\/logo\/image\/","url":"https:\/\/www.bodegasprotos.com\/wp-content\/uploads\/2024\/06\/PROTOS-LOGOS-VERSIONES-13.png","contentUrl":"https:\/\/www.bodegasprotos.com\/wp-content\/uploads\/2024\/06\/PROTOS-LOGOS-VERSIONES-13.png","width":2362,"height":2362,"caption":"Bodegas Protos"},"image":{"@id":"https:\/\/www.bodegasprotos.com\/es\/#\/schema\/logo\/image\/"},"sameAs":["https:\/\/www.facebook.com\/BodegasProtos","https:\/\/x.com\/Bodegas_Protos","https:\/\/www.instagram.com\/bodegasprotosoficial\/","https:\/\/www.linkedin.com\/company\/bodegasprotos\/","https:\/\/pinterest.com\/BodegasProtos\/","http:\/\/www.youtube.com\/user\/BodegasProtos","https:\/\/es.wikipedia.org\/wiki\/Bodegas_Protos"]},{"@type":"Person","@id":"https:\/\/www.bodegasprotos.com\/es\/#\/schema\/person\/6cb69a08afa14171755cee0df7d20027","name":"Bodegas Protos (F)","image":{"@type":"ImageObject","inLanguage":"es","@id":"https:\/\/secure.gravatar.com\/avatar\/cc613a9fd2ee203f402357c1b4aa2b7c041016cbf1eab1e41bde410b2ebd7f94?s=96&d=mm&r=g","url":"https:\/\/secure.gravatar.com\/avatar\/cc613a9fd2ee203f402357c1b4aa2b7c041016cbf1eab1e41bde410b2ebd7f94?s=96&d=mm&r=g","contentUrl":"https:\/\/secure.gravatar.com\/avatar\/cc613a9fd2ee203f402357c1b4aa2b7c041016cbf1eab1e41bde410b2ebd7f94?s=96&d=mm&r=g","caption":"Bodegas Protos (F)"},"sameAs":["https:\/\/www.bodegasprotos.com"]}]}},"_links":{"self":[{"href":"https:\/\/www.bodegasprotos.com\/es\/wp-json\/wp\/v2\/posts\/43010","targetHints":{"allow":["GET"]}}],"collection":[{"href":"https:\/\/www.bodegasprotos.com\/es\/wp-json\/wp\/v2\/posts"}],"about":[{"href":"https:\/\/www.bodegasprotos.com\/es\/wp-json\/wp\/v2\/types\/post"}],"author":[{"embeddable":true,"href":"https:\/\/www.bodegasprotos.com\/es\/wp-json\/wp\/v2\/users\/3"}],"replies":[{"embeddable":true,"href":"https:\/\/www.bodegasprotos.com\/es\/wp-json\/wp\/v2\/comments?post=43010"}],"version-history":[{"count":1,"href":"https:\/\/www.bodegasprotos.com\/es\/wp-json\/wp\/v2\/posts\/43010\/revisions"}],"predecessor-version":[{"id":43015,"href":"https:\/\/www.bodegasprotos.com\/es\/wp-json\/wp\/v2\/posts\/43010\/revisions\/43015"}],"wp:featuredmedia":[{"embeddable":true,"href":"https:\/\/www.bodegasprotos.com\/es\/wp-json\/wp\/v2\/media\/43011"}],"wp:attachment":[{"href":"https:\/\/www.bodegasprotos.com\/es\/wp-json\/wp\/v2\/media?parent=43010"}],"wp:term":[{"taxonomy":"category","embeddable":true,"href":"https:\/\/www.bodegasprotos.com\/es\/wp-json\/wp\/v2\/categories?post=43010"},{"taxonomy":"post_tag","embeddable":true,"href":"https:\/\/www.bodegasprotos.com\/es\/wp-json\/wp\/v2\/tags?post=43010"}],"curies":[{"name":"wp","href":"https:\/\/api.w.org\/{rel}","templated":true}]}}