{"id":43000,"date":"2025-10-24T11:34:42","date_gmt":"2025-10-24T09:34:42","guid":{"rendered":"https:\/\/www.bodegasprotos.com\/?p=43000"},"modified":"2025-10-23T13:51:13","modified_gmt":"2025-10-23T11:51:13","slug":"celebra-el-dia-mundial-de-la-opera-con-protos","status":"publish","type":"post","link":"https:\/\/www.bodegasprotos.com\/es\/blog\/celebra-el-dia-mundial-de-la-opera-con-protos\/","title":{"rendered":"Celebra el D\u00eda Mundial de la \u00d3pera con Protos"},"content":{"rendered":"<p data-start=\"90\" data-end=\"495\">Cada 25 de octubre se celebra el D\u00eda Mundial de la \u00d3pera, uno de los g\u00e9neros m\u00e1s influyentes de la cultura europea. Para entender su alcance, basta un repaso r\u00e1pido: de los experimentos musicales en la Florencia del Renacimiento a los grandes teatros del siglo XIX, y de ah\u00ed a los escenarios contempor\u00e1neos donde la \u00f3pera sigue reinvent\u00e1ndose sin perder su esencia.<\/p>\n<h2 data-start=\"497\" data-end=\"582\">De Florencia a Venecia (finales del s. XVI \u2013 s. XVII)<\/h2>\n<p data-start=\"583\" data-end=\"1175\">La \u00f3pera nace a finales del Renacimiento, cuando un grupo de m\u00fasicos y humanistas \u2014la Camerata Fiorentina\u2014 intenta recuperar la declamaci\u00f3n de la tragedia griega. De ese impulso surgen las primeras obras con m\u00fasica continua y drama teatral. Jacopo Peri y Giulio Caccini firman t\u00edtulos pioneros; poco despu\u00e9s, Claudio Monteverdi eleva el g\u00e9nero con L\u2019Orfeo (1607), donde el recitativo, el aria y la orquesta dialogan con una libertad nueva. Venecia abre en 1637 el primer teatro p\u00fablico de \u00f3pera, y el g\u00e9nero deja de ser solo cortesano: nacen temporadas, estrellas y un p\u00fablico fiel.<\/p>\n<p data-start=\"583\" data-end=\"1175\"><img data-dominant-color=\"89a7ac\" data-has-transparency=\"false\" style=\"--dominant-color: #89a7ac;\" fetchpriority=\"high\" decoding=\"async\" class=\"size-medium wp-image-43003 aligncenter not-transparent\" src=\"https:\/\/www.bodegasprotos.com\/wp-content\/uploads\/2025\/10\/pexels-pat-saengcharoen-774865114-31726431-300x200.jpg\" alt=\"\" width=\"300\" height=\"200\" srcset=\"https:\/\/www.bodegasprotos.com\/wp-content\/uploads\/2025\/10\/pexels-pat-saengcharoen-774865114-31726431-300x200.jpg 300w, https:\/\/www.bodegasprotos.com\/wp-content\/uploads\/2025\/10\/pexels-pat-saengcharoen-774865114-31726431-1024x681.jpg 1024w, https:\/\/www.bodegasprotos.com\/wp-content\/uploads\/2025\/10\/pexels-pat-saengcharoen-774865114-31726431-150x100.jpg 150w, https:\/\/www.bodegasprotos.com\/wp-content\/uploads\/2025\/10\/pexels-pat-saengcharoen-774865114-31726431-768x511.jpg 768w, https:\/\/www.bodegasprotos.com\/wp-content\/uploads\/2025\/10\/pexels-pat-saengcharoen-774865114-31726431-1536x1022.jpg 1536w, https:\/\/www.bodegasprotos.com\/wp-content\/uploads\/2025\/10\/pexels-pat-saengcharoen-774865114-31726431-2048x1362.jpg 2048w\" sizes=\"(max-width: 300px) 100vw, 300px\" \/><\/p>\n<h2 data-start=\"1177\" data-end=\"1243\">El esplendor barroco y la claridad cl\u00e1sica (s. XVII \u2013 XVIII)<\/h2>\n<p data-start=\"1244\" data-end=\"1638\">En el Barroco, la \u00f3pera se expande por Europa. H\u00e4ndel consolida en Londres la \u00f3pera seria de virtuosismo vocal; en N\u00e1poles y Viena florecen escuelas y estilos. Con el Clasicismo, Mozart da un giro dram\u00e1tico y musical: Le nozze di Figaro, Don Giovanni o Die Zauberfl\u00f6te combinan comedia, cr\u00edtica social y una escritura orquestal que impulsa la acci\u00f3n con una precisi\u00f3n moderna.<\/p>\n<h2 data-start=\"1640\" data-end=\"1691\">Romanticismo, verismo y gran formato (s. XIX)<\/h2>\n<p data-start=\"1692\" data-end=\"2251\">El XIX es el siglo del teatro l\u00edrico monumental. En Italia, Rossini, Bellini y Donizetti definen el bel canto: l\u00edneas de canto largas, agilidad y emoci\u00f3n controlada. Verdi ensancha el drama en Rigoletto, La Traviata o Aida, mientras Wagner revoluciona Alemania con el \u201cdrama musical\u201d y la orquesta como gran narradora en Trist\u00e1n o El anillo del nibelungo. A finales de siglo llega el verismo italiano: Puccini sella el romanticismo con emoci\u00f3n directa y cine antes del cine \u2014La Boh\u00e8me, Tosca, Madama Butterfly\u2014.<\/p>\n<h2 data-start=\"2253\" data-end=\"2299\">Siglos XX y XXI<\/h2>\n<p data-start=\"2300\" data-end=\"2802\">El siglo XX explora nuevas armon\u00edas, ritmos y temas. Richard Strauss propone intensidad psicol\u00f3gica en Salome y Elektra; Britten crea mundos l\u00edricos contempor\u00e1neos en Peter Grimes; Shostak\u00f3vich y Jan\u00e1\u010dek ampl\u00edan el mapa ling\u00fc\u00edstico. Hoy, la \u00f3pera convive con nuevos formatos, reposiciones hist\u00f3ricas y una escena global donde la tecnolog\u00eda, la direcci\u00f3n de escena y la diversidad de voces atraen a p\u00fablicos distintos sin renunciar a su columna vertebral: canto, orquesta y teatro.<\/p>\n<p data-start=\"2300\" data-end=\"2802\"><img data-dominant-color=\"62452f\" data-has-transparency=\"false\" style=\"--dominant-color: #62452f;\" decoding=\"async\" class=\"size-medium wp-image-43005 aligncenter not-transparent\" src=\"https:\/\/www.bodegasprotos.com\/wp-content\/uploads\/2025\/10\/pexels-nbasak-30157461-300x225.jpg\" alt=\"\" width=\"300\" height=\"225\" srcset=\"https:\/\/www.bodegasprotos.com\/wp-content\/uploads\/2025\/10\/pexels-nbasak-30157461-300x225.jpg 300w, https:\/\/www.bodegasprotos.com\/wp-content\/uploads\/2025\/10\/pexels-nbasak-30157461-1024x768.jpg 1024w, https:\/\/www.bodegasprotos.com\/wp-content\/uploads\/2025\/10\/pexels-nbasak-30157461-150x113.jpg 150w, https:\/\/www.bodegasprotos.com\/wp-content\/uploads\/2025\/10\/pexels-nbasak-30157461-768x576.jpg 768w, https:\/\/www.bodegasprotos.com\/wp-content\/uploads\/2025\/10\/pexels-nbasak-30157461-1536x1152.jpg 1536w, https:\/\/www.bodegasprotos.com\/wp-content\/uploads\/2025\/10\/pexels-nbasak-30157461-2048x1536.jpg 2048w\" sizes=\"(max-width: 300px) 100vw, 300px\" \/><\/p>\n<h2>Las voces de la \u00f3pera<\/h2>\n<h3 data-start=\"2876\" data-end=\"2907\">Enrico Caruso (1873\u20131921)<\/h3>\n<p data-start=\"2908\" data-end=\"3175\">Tenor napolitano convertido en fen\u00f3meno mundial. Su timbre c\u00e1lido y la dicci\u00f3n ejemplar en arias como \u201cUna furtiva lagrima\u201d marcaron una era de grabaciones y giras internacionales. Populariz\u00f3 la \u00f3pera m\u00e1s all\u00e1 de Europa y fij\u00f3 un est\u00e1ndar para el repertorio italiano.<\/p>\n<h3>Maria Callas (1923\u20131977)<\/h3>\n<p data-start=\"3208\" data-end=\"3455\">La \u201cdivina\u201d redefini\u00f3 lo que significa interpretar. No solo cantaba; actuaba con la voz. Recuper\u00f3 t\u00edtulos belcantistas y llev\u00f3 al l\u00edmite el drama en papeles como Norma o Tosca. Su legado es una forma de decir el texto con electricidad musical.<\/p>\n<h3 data-start=\"3457\" data-end=\"3492\">Luciano Pavarotti (1935\u20132007)<\/h3>\n<p data-start=\"3493\" data-end=\"3687\">Proyecci\u00f3n luminosa, agudos inconfundibles y carisma esc\u00e9nico. Convirti\u00f3 arias como \u201cNessun dorma\u201d en himnos globales y acerc\u00f3 la \u00f3pera a estadios y grandes audiencias sin perder altura t\u00e9cnica.<\/p>\n<h3 data-start=\"3689\" data-end=\"3720\">Jessye Norman (1945\u20132019)<\/h3>\n<p data-start=\"3721\" data-end=\"3920\">Soprano estadounidense de presencia imponente y paleta t\u00edmbrica amplia. Brill\u00f3 en Strauss, Wagner y el repertorio franc\u00e9s, con un fraseo majestuoso y musicalidad de c\u00e1mara incluso en el gran formato.<\/p>\n<h3 data-start=\"4179\" data-end=\"4215\">Montserrat Caball\u00e9 (1933\u20132018)<\/h3>\n<p data-start=\"4216\" data-end=\"4447\">Soprano barcelonesa c\u00e9lebre por su legato infinito y el control del pianissimo. Del bel canto a Verdi, su musicalidad y t\u00e9cnica la convirtieron en una referencia indispensable. Proyecci\u00f3n internacional desde Barcelona al mundo.<\/p>\n<h3 data-start=\"4449\" data-end=\"4480\">Alfredo Kraus (1927\u20131999)<\/h3>\n<p data-start=\"4481\" data-end=\"4675\">Tenor canario de l\u00ednea impecable, gusto estil\u00edstico y longevidad vocal. Modelo en Donizetti, Bellini o Massenet; su t\u00e9cnica sobria y elegante le permiti\u00f3 carreras extensas y versiones can\u00f3nicas.<\/p>\n<h3 data-start=\"4677\" data-end=\"4710\">Teresa Berganza (1933\u20132022)<\/h3>\n<p data-start=\"4711\" data-end=\"4922\">Mezzosoprano madrile\u00f1a, fin\u00edsima en Mozart y Rossini. Musicalidad, dicci\u00f3n y una inteligencia dram\u00e1tica que convirti\u00f3 cada aria en un estudio de estilo. Embajadora de la escuela espa\u00f1ola en los grandes coliseos.<\/p>\n<p data-start=\"4711\" data-end=\"4922\"><img data-dominant-color=\"9e745a\" data-has-transparency=\"false\" style=\"--dominant-color: #9e745a;\" decoding=\"async\" class=\"size-medium wp-image-43007 aligncenter not-transparent\" src=\"https:\/\/www.bodegasprotos.com\/wp-content\/uploads\/2025\/10\/pexels-houses-cheung-3336655-4997752-300x200.jpg\" alt=\"\" width=\"300\" height=\"200\" srcset=\"https:\/\/www.bodegasprotos.com\/wp-content\/uploads\/2025\/10\/pexels-houses-cheung-3336655-4997752-300x200.jpg 300w, https:\/\/www.bodegasprotos.com\/wp-content\/uploads\/2025\/10\/pexels-houses-cheung-3336655-4997752-1024x683.jpg 1024w, https:\/\/www.bodegasprotos.com\/wp-content\/uploads\/2025\/10\/pexels-houses-cheung-3336655-4997752-150x100.jpg 150w, https:\/\/www.bodegasprotos.com\/wp-content\/uploads\/2025\/10\/pexels-houses-cheung-3336655-4997752-768x512.jpg 768w, https:\/\/www.bodegasprotos.com\/wp-content\/uploads\/2025\/10\/pexels-houses-cheung-3336655-4997752-1536x1024.jpg 1536w, https:\/\/www.bodegasprotos.com\/wp-content\/uploads\/2025\/10\/pexels-houses-cheung-3336655-4997752-2048x1365.jpg 2048w\" sizes=\"(max-width: 300px) 100vw, 300px\" \/><\/p>\n<p data-start=\"4711\" data-end=\"4922\">A d\u00eda de hoy, Espa\u00f1a cuenta con una red s\u00f3lida de teatros y temporadas: el Teatro Real (Madrid) y el Gran Teatre del Liceu (Barcelona) encabezan una oferta que se completa con el Palau de les Arts (Val\u00e8ncia), la ABAO (Bilbao) o el Teatro de la Maestranza (Sevilla), entre otros. La \u00f3pera sigue importando porque combina artes que, juntas, multiplican su efecto: voz humana en el centro, orquesta como relato y escena como mirada. Cambian los tiempos; el ritual permanece.<\/p>\n","protected":false},"excerpt":{"rendered":"<p>Cada 25 de octubre se celebra el D\u00eda Mundial de la \u00d3pera, uno de los g\u00e9neros m\u00e1s influyentes&#8230;<\/p>\n","protected":false},"author":3,"featured_media":43001,"comment_status":"closed","ping_status":"closed","sticky":false,"template":"","format":"standard","meta":{"_acf_changed":false,"footnotes":""},"categories":[87,1],"tags":[],"class_list":["post-43000","post","type-post","status-publish","format-standard","has-post-thumbnail","hentry","category-blog","category-general"],"acf":[],"yoast_head":"<!-- This site is optimized with the Yoast SEO plugin v27.4 - https:\/\/yoast.com\/product\/yoast-seo-wordpress\/ -->\n<title>Celebra el D\u00eda Mundial de la \u00d3pera con Protos - Bodegas Protos<\/title>\n<meta name=\"description\" content=\"Cada 25 de octubre se celebra el D\u00eda Mundial de la \u00d3pera, uno de los g\u00e9neros m\u00e1s influyentes de la cultura europea. Para entender su alcance, basta un\" \/>\n<meta name=\"robots\" content=\"index, follow, max-snippet:-1, max-image-preview:large, max-video-preview:-1\" \/>\n<link rel=\"canonical\" href=\"https:\/\/www.bodegasprotos.com\/es\/blog\/celebra-el-dia-mundial-de-la-opera-con-protos\/\" \/>\n<meta property=\"og:locale\" content=\"es_ES\" \/>\n<meta property=\"og:type\" content=\"article\" \/>\n<meta property=\"og:title\" content=\"Celebra el D\u00eda Mundial de la \u00d3pera con Protos - Bodegas Protos\" \/>\n<meta property=\"og:description\" content=\"Cada 25 de octubre se celebra el D\u00eda Mundial de la \u00d3pera, uno de los g\u00e9neros m\u00e1s influyentes de la cultura europea. Para entender su alcance, basta un\" \/>\n<meta property=\"og:url\" content=\"https:\/\/www.bodegasprotos.com\/es\/blog\/celebra-el-dia-mundial-de-la-opera-con-protos\/\" \/>\n<meta property=\"og:site_name\" content=\"Bodegas Protos\" \/>\n<meta property=\"article:publisher\" content=\"https:\/\/www.facebook.com\/BodegasProtos\" \/>\n<meta property=\"article:published_time\" content=\"2025-10-24T09:34:42+00:00\" \/>\n<meta property=\"og:image\" content=\"https:\/\/www.bodegasprotos.com\/wp-content\/uploads\/2025\/10\/pexels-cottonbro-6899765-scaled.jpg\" \/>\n\t<meta property=\"og:image:width\" content=\"2560\" \/>\n\t<meta property=\"og:image:height\" content=\"1707\" \/>\n\t<meta property=\"og:image:type\" content=\"image\/jpeg\" \/>\n<meta name=\"author\" content=\"Bodegas Protos (F)\" \/>\n<meta name=\"twitter:card\" content=\"summary_large_image\" \/>\n<meta name=\"twitter:creator\" content=\"@Bodegas_Protos\" \/>\n<meta name=\"twitter:site\" content=\"@Bodegas_Protos\" \/>\n<meta name=\"twitter:label1\" content=\"Escrito por\" \/>\n\t<meta name=\"twitter:data1\" content=\"Bodegas Protos (F)\" \/>\n\t<meta name=\"twitter:label2\" content=\"Tiempo de lectura\" \/>\n\t<meta name=\"twitter:data2\" content=\"5 minutos\" \/>\n<script type=\"application\/ld+json\" class=\"yoast-schema-graph\">{\"@context\":\"https:\\\/\\\/schema.org\",\"@graph\":[{\"@type\":\"Article\",\"@id\":\"https:\\\/\\\/www.bodegasprotos.com\\\/es\\\/blog\\\/celebra-el-dia-mundial-de-la-opera-con-protos\\\/#article\",\"isPartOf\":{\"@id\":\"https:\\\/\\\/www.bodegasprotos.com\\\/es\\\/blog\\\/celebra-el-dia-mundial-de-la-opera-con-protos\\\/\"},\"author\":{\"name\":\"Bodegas Protos (F)\",\"@id\":\"https:\\\/\\\/www.bodegasprotos.com\\\/es\\\/#\\\/schema\\\/person\\\/6cb69a08afa14171755cee0df7d20027\"},\"headline\":\"Celebra el D\u00eda Mundial de la \u00d3pera con Protos\",\"datePublished\":\"2025-10-24T09:34:42+00:00\",\"mainEntityOfPage\":{\"@id\":\"https:\\\/\\\/www.bodegasprotos.com\\\/es\\\/blog\\\/celebra-el-dia-mundial-de-la-opera-con-protos\\\/\"},\"wordCount\":814,\"publisher\":{\"@id\":\"https:\\\/\\\/www.bodegasprotos.com\\\/es\\\/#organization\"},\"image\":{\"@id\":\"https:\\\/\\\/www.bodegasprotos.com\\\/es\\\/blog\\\/celebra-el-dia-mundial-de-la-opera-con-protos\\\/#primaryimage\"},\"thumbnailUrl\":\"https:\\\/\\\/www.bodegasprotos.com\\\/wp-content\\\/uploads\\\/2025\\\/10\\\/pexels-cottonbro-6899765-scaled.jpg\",\"articleSection\":[\"Blog\",\"General\"],\"inLanguage\":\"es\"},{\"@type\":\"WebPage\",\"@id\":\"https:\\\/\\\/www.bodegasprotos.com\\\/es\\\/blog\\\/celebra-el-dia-mundial-de-la-opera-con-protos\\\/\",\"url\":\"https:\\\/\\\/www.bodegasprotos.com\\\/es\\\/blog\\\/celebra-el-dia-mundial-de-la-opera-con-protos\\\/\",\"name\":\"Celebra el D\u00eda Mundial de la \u00d3pera con Protos - Bodegas Protos\",\"isPartOf\":{\"@id\":\"https:\\\/\\\/www.bodegasprotos.com\\\/es\\\/#website\"},\"primaryImageOfPage\":{\"@id\":\"https:\\\/\\\/www.bodegasprotos.com\\\/es\\\/blog\\\/celebra-el-dia-mundial-de-la-opera-con-protos\\\/#primaryimage\"},\"image\":{\"@id\":\"https:\\\/\\\/www.bodegasprotos.com\\\/es\\\/blog\\\/celebra-el-dia-mundial-de-la-opera-con-protos\\\/#primaryimage\"},\"thumbnailUrl\":\"https:\\\/\\\/www.bodegasprotos.com\\\/wp-content\\\/uploads\\\/2025\\\/10\\\/pexels-cottonbro-6899765-scaled.jpg\",\"datePublished\":\"2025-10-24T09:34:42+00:00\",\"description\":\"Cada 25 de octubre se celebra el D\u00eda Mundial de la \u00d3pera, uno de los g\u00e9neros m\u00e1s influyentes de la cultura europea. Para entender su alcance, basta un\",\"breadcrumb\":{\"@id\":\"https:\\\/\\\/www.bodegasprotos.com\\\/es\\\/blog\\\/celebra-el-dia-mundial-de-la-opera-con-protos\\\/#breadcrumb\"},\"inLanguage\":\"es\",\"potentialAction\":[{\"@type\":\"ReadAction\",\"target\":[\"https:\\\/\\\/www.bodegasprotos.com\\\/es\\\/blog\\\/celebra-el-dia-mundial-de-la-opera-con-protos\\\/\"]}]},{\"@type\":\"ImageObject\",\"inLanguage\":\"es\",\"@id\":\"https:\\\/\\\/www.bodegasprotos.com\\\/es\\\/blog\\\/celebra-el-dia-mundial-de-la-opera-con-protos\\\/#primaryimage\",\"url\":\"https:\\\/\\\/www.bodegasprotos.com\\\/wp-content\\\/uploads\\\/2025\\\/10\\\/pexels-cottonbro-6899765-scaled.jpg\",\"contentUrl\":\"https:\\\/\\\/www.bodegasprotos.com\\\/wp-content\\\/uploads\\\/2025\\\/10\\\/pexels-cottonbro-6899765-scaled.jpg\",\"width\":2560,\"height\":1707},{\"@type\":\"BreadcrumbList\",\"@id\":\"https:\\\/\\\/www.bodegasprotos.com\\\/es\\\/blog\\\/celebra-el-dia-mundial-de-la-opera-con-protos\\\/#breadcrumb\",\"itemListElement\":[{\"@type\":\"ListItem\",\"position\":1,\"name\":\"Portada\",\"item\":\"https:\\\/\\\/www.bodegasprotos.com\\\/es\\\/\"},{\"@type\":\"ListItem\",\"position\":2,\"name\":\"Celebra el D\u00eda Mundial de la \u00d3pera con Protos\"}]},{\"@type\":\"WebSite\",\"@id\":\"https:\\\/\\\/www.bodegasprotos.com\\\/es\\\/#website\",\"url\":\"https:\\\/\\\/www.bodegasprotos.com\\\/es\\\/\",\"name\":\"Bodegas Protos\",\"description\":\"Vinos de la Denominaci\u00f3n de Origen Ribera del Duero, Rueda y Cigales\",\"publisher\":{\"@id\":\"https:\\\/\\\/www.bodegasprotos.com\\\/es\\\/#organization\"},\"potentialAction\":[{\"@type\":\"SearchAction\",\"target\":{\"@type\":\"EntryPoint\",\"urlTemplate\":\"https:\\\/\\\/www.bodegasprotos.com\\\/es\\\/?s={search_term_string}\"},\"query-input\":{\"@type\":\"PropertyValueSpecification\",\"valueRequired\":true,\"valueName\":\"search_term_string\"}}],\"inLanguage\":\"es\"},{\"@type\":\"Organization\",\"@id\":\"https:\\\/\\\/www.bodegasprotos.com\\\/es\\\/#organization\",\"name\":\"Bodegas Protos\",\"url\":\"https:\\\/\\\/www.bodegasprotos.com\\\/es\\\/\",\"logo\":{\"@type\":\"ImageObject\",\"inLanguage\":\"es\",\"@id\":\"https:\\\/\\\/www.bodegasprotos.com\\\/es\\\/#\\\/schema\\\/logo\\\/image\\\/\",\"url\":\"https:\\\/\\\/www.bodegasprotos.com\\\/wp-content\\\/uploads\\\/2024\\\/06\\\/PROTOS-LOGOS-VERSIONES-13.png\",\"contentUrl\":\"https:\\\/\\\/www.bodegasprotos.com\\\/wp-content\\\/uploads\\\/2024\\\/06\\\/PROTOS-LOGOS-VERSIONES-13.png\",\"width\":2362,\"height\":2362,\"caption\":\"Bodegas Protos\"},\"image\":{\"@id\":\"https:\\\/\\\/www.bodegasprotos.com\\\/es\\\/#\\\/schema\\\/logo\\\/image\\\/\"},\"sameAs\":[\"https:\\\/\\\/www.facebook.com\\\/BodegasProtos\",\"https:\\\/\\\/x.com\\\/Bodegas_Protos\",\"https:\\\/\\\/www.instagram.com\\\/bodegasprotosoficial\\\/\",\"https:\\\/\\\/www.linkedin.com\\\/company\\\/bodegasprotos\\\/\",\"https:\\\/\\\/pinterest.com\\\/BodegasProtos\\\/\",\"http:\\\/\\\/www.youtube.com\\\/user\\\/BodegasProtos\",\"https:\\\/\\\/es.wikipedia.org\\\/wiki\\\/Bodegas_Protos\"]},{\"@type\":\"Person\",\"@id\":\"https:\\\/\\\/www.bodegasprotos.com\\\/es\\\/#\\\/schema\\\/person\\\/6cb69a08afa14171755cee0df7d20027\",\"name\":\"Bodegas Protos (F)\",\"image\":{\"@type\":\"ImageObject\",\"inLanguage\":\"es\",\"@id\":\"https:\\\/\\\/secure.gravatar.com\\\/avatar\\\/cc613a9fd2ee203f402357c1b4aa2b7c041016cbf1eab1e41bde410b2ebd7f94?s=96&d=mm&r=g\",\"url\":\"https:\\\/\\\/secure.gravatar.com\\\/avatar\\\/cc613a9fd2ee203f402357c1b4aa2b7c041016cbf1eab1e41bde410b2ebd7f94?s=96&d=mm&r=g\",\"contentUrl\":\"https:\\\/\\\/secure.gravatar.com\\\/avatar\\\/cc613a9fd2ee203f402357c1b4aa2b7c041016cbf1eab1e41bde410b2ebd7f94?s=96&d=mm&r=g\",\"caption\":\"Bodegas Protos (F)\"},\"sameAs\":[\"https:\\\/\\\/www.bodegasprotos.com\"]}]}<\/script>\n<!-- \/ Yoast SEO plugin. -->","yoast_head_json":{"title":"Celebra el D\u00eda Mundial de la \u00d3pera con Protos - Bodegas Protos","description":"Cada 25 de octubre se celebra el D\u00eda Mundial de la \u00d3pera, uno de los g\u00e9neros m\u00e1s influyentes de la cultura europea. Para entender su alcance, basta un","robots":{"index":"index","follow":"follow","max-snippet":"max-snippet:-1","max-image-preview":"max-image-preview:large","max-video-preview":"max-video-preview:-1"},"canonical":"https:\/\/www.bodegasprotos.com\/es\/blog\/celebra-el-dia-mundial-de-la-opera-con-protos\/","og_locale":"es_ES","og_type":"article","og_title":"Celebra el D\u00eda Mundial de la \u00d3pera con Protos - Bodegas Protos","og_description":"Cada 25 de octubre se celebra el D\u00eda Mundial de la \u00d3pera, uno de los g\u00e9neros m\u00e1s influyentes de la cultura europea. Para entender su alcance, basta un","og_url":"https:\/\/www.bodegasprotos.com\/es\/blog\/celebra-el-dia-mundial-de-la-opera-con-protos\/","og_site_name":"Bodegas Protos","article_publisher":"https:\/\/www.facebook.com\/BodegasProtos","article_published_time":"2025-10-24T09:34:42+00:00","og_image":[{"width":2560,"height":1707,"url":"https:\/\/www.bodegasprotos.com\/wp-content\/uploads\/2025\/10\/pexels-cottonbro-6899765-scaled.jpg","type":"image\/jpeg"}],"author":"Bodegas Protos (F)","twitter_card":"summary_large_image","twitter_creator":"@Bodegas_Protos","twitter_site":"@Bodegas_Protos","twitter_misc":{"Escrito por":"Bodegas Protos (F)","Tiempo de lectura":"5 minutos"},"schema":{"@context":"https:\/\/schema.org","@graph":[{"@type":"Article","@id":"https:\/\/www.bodegasprotos.com\/es\/blog\/celebra-el-dia-mundial-de-la-opera-con-protos\/#article","isPartOf":{"@id":"https:\/\/www.bodegasprotos.com\/es\/blog\/celebra-el-dia-mundial-de-la-opera-con-protos\/"},"author":{"name":"Bodegas Protos (F)","@id":"https:\/\/www.bodegasprotos.com\/es\/#\/schema\/person\/6cb69a08afa14171755cee0df7d20027"},"headline":"Celebra el D\u00eda Mundial de la \u00d3pera con Protos","datePublished":"2025-10-24T09:34:42+00:00","mainEntityOfPage":{"@id":"https:\/\/www.bodegasprotos.com\/es\/blog\/celebra-el-dia-mundial-de-la-opera-con-protos\/"},"wordCount":814,"publisher":{"@id":"https:\/\/www.bodegasprotos.com\/es\/#organization"},"image":{"@id":"https:\/\/www.bodegasprotos.com\/es\/blog\/celebra-el-dia-mundial-de-la-opera-con-protos\/#primaryimage"},"thumbnailUrl":"https:\/\/www.bodegasprotos.com\/wp-content\/uploads\/2025\/10\/pexels-cottonbro-6899765-scaled.jpg","articleSection":["Blog","General"],"inLanguage":"es"},{"@type":"WebPage","@id":"https:\/\/www.bodegasprotos.com\/es\/blog\/celebra-el-dia-mundial-de-la-opera-con-protos\/","url":"https:\/\/www.bodegasprotos.com\/es\/blog\/celebra-el-dia-mundial-de-la-opera-con-protos\/","name":"Celebra el D\u00eda Mundial de la \u00d3pera con Protos - Bodegas Protos","isPartOf":{"@id":"https:\/\/www.bodegasprotos.com\/es\/#website"},"primaryImageOfPage":{"@id":"https:\/\/www.bodegasprotos.com\/es\/blog\/celebra-el-dia-mundial-de-la-opera-con-protos\/#primaryimage"},"image":{"@id":"https:\/\/www.bodegasprotos.com\/es\/blog\/celebra-el-dia-mundial-de-la-opera-con-protos\/#primaryimage"},"thumbnailUrl":"https:\/\/www.bodegasprotos.com\/wp-content\/uploads\/2025\/10\/pexels-cottonbro-6899765-scaled.jpg","datePublished":"2025-10-24T09:34:42+00:00","description":"Cada 25 de octubre se celebra el D\u00eda Mundial de la \u00d3pera, uno de los g\u00e9neros m\u00e1s influyentes de la cultura europea. Para entender su alcance, basta un","breadcrumb":{"@id":"https:\/\/www.bodegasprotos.com\/es\/blog\/celebra-el-dia-mundial-de-la-opera-con-protos\/#breadcrumb"},"inLanguage":"es","potentialAction":[{"@type":"ReadAction","target":["https:\/\/www.bodegasprotos.com\/es\/blog\/celebra-el-dia-mundial-de-la-opera-con-protos\/"]}]},{"@type":"ImageObject","inLanguage":"es","@id":"https:\/\/www.bodegasprotos.com\/es\/blog\/celebra-el-dia-mundial-de-la-opera-con-protos\/#primaryimage","url":"https:\/\/www.bodegasprotos.com\/wp-content\/uploads\/2025\/10\/pexels-cottonbro-6899765-scaled.jpg","contentUrl":"https:\/\/www.bodegasprotos.com\/wp-content\/uploads\/2025\/10\/pexels-cottonbro-6899765-scaled.jpg","width":2560,"height":1707},{"@type":"BreadcrumbList","@id":"https:\/\/www.bodegasprotos.com\/es\/blog\/celebra-el-dia-mundial-de-la-opera-con-protos\/#breadcrumb","itemListElement":[{"@type":"ListItem","position":1,"name":"Portada","item":"https:\/\/www.bodegasprotos.com\/es\/"},{"@type":"ListItem","position":2,"name":"Celebra el D\u00eda Mundial de la \u00d3pera con Protos"}]},{"@type":"WebSite","@id":"https:\/\/www.bodegasprotos.com\/es\/#website","url":"https:\/\/www.bodegasprotos.com\/es\/","name":"Bodegas Protos","description":"Vinos de la Denominaci\u00f3n de Origen Ribera del Duero, Rueda y Cigales","publisher":{"@id":"https:\/\/www.bodegasprotos.com\/es\/#organization"},"potentialAction":[{"@type":"SearchAction","target":{"@type":"EntryPoint","urlTemplate":"https:\/\/www.bodegasprotos.com\/es\/?s={search_term_string}"},"query-input":{"@type":"PropertyValueSpecification","valueRequired":true,"valueName":"search_term_string"}}],"inLanguage":"es"},{"@type":"Organization","@id":"https:\/\/www.bodegasprotos.com\/es\/#organization","name":"Bodegas Protos","url":"https:\/\/www.bodegasprotos.com\/es\/","logo":{"@type":"ImageObject","inLanguage":"es","@id":"https:\/\/www.bodegasprotos.com\/es\/#\/schema\/logo\/image\/","url":"https:\/\/www.bodegasprotos.com\/wp-content\/uploads\/2024\/06\/PROTOS-LOGOS-VERSIONES-13.png","contentUrl":"https:\/\/www.bodegasprotos.com\/wp-content\/uploads\/2024\/06\/PROTOS-LOGOS-VERSIONES-13.png","width":2362,"height":2362,"caption":"Bodegas Protos"},"image":{"@id":"https:\/\/www.bodegasprotos.com\/es\/#\/schema\/logo\/image\/"},"sameAs":["https:\/\/www.facebook.com\/BodegasProtos","https:\/\/x.com\/Bodegas_Protos","https:\/\/www.instagram.com\/bodegasprotosoficial\/","https:\/\/www.linkedin.com\/company\/bodegasprotos\/","https:\/\/pinterest.com\/BodegasProtos\/","http:\/\/www.youtube.com\/user\/BodegasProtos","https:\/\/es.wikipedia.org\/wiki\/Bodegas_Protos"]},{"@type":"Person","@id":"https:\/\/www.bodegasprotos.com\/es\/#\/schema\/person\/6cb69a08afa14171755cee0df7d20027","name":"Bodegas Protos (F)","image":{"@type":"ImageObject","inLanguage":"es","@id":"https:\/\/secure.gravatar.com\/avatar\/cc613a9fd2ee203f402357c1b4aa2b7c041016cbf1eab1e41bde410b2ebd7f94?s=96&d=mm&r=g","url":"https:\/\/secure.gravatar.com\/avatar\/cc613a9fd2ee203f402357c1b4aa2b7c041016cbf1eab1e41bde410b2ebd7f94?s=96&d=mm&r=g","contentUrl":"https:\/\/secure.gravatar.com\/avatar\/cc613a9fd2ee203f402357c1b4aa2b7c041016cbf1eab1e41bde410b2ebd7f94?s=96&d=mm&r=g","caption":"Bodegas Protos (F)"},"sameAs":["https:\/\/www.bodegasprotos.com"]}]}},"_links":{"self":[{"href":"https:\/\/www.bodegasprotos.com\/es\/wp-json\/wp\/v2\/posts\/43000","targetHints":{"allow":["GET"]}}],"collection":[{"href":"https:\/\/www.bodegasprotos.com\/es\/wp-json\/wp\/v2\/posts"}],"about":[{"href":"https:\/\/www.bodegasprotos.com\/es\/wp-json\/wp\/v2\/types\/post"}],"author":[{"embeddable":true,"href":"https:\/\/www.bodegasprotos.com\/es\/wp-json\/wp\/v2\/users\/3"}],"replies":[{"embeddable":true,"href":"https:\/\/www.bodegasprotos.com\/es\/wp-json\/wp\/v2\/comments?post=43000"}],"version-history":[{"count":1,"href":"https:\/\/www.bodegasprotos.com\/es\/wp-json\/wp\/v2\/posts\/43000\/revisions"}],"predecessor-version":[{"id":43009,"href":"https:\/\/www.bodegasprotos.com\/es\/wp-json\/wp\/v2\/posts\/43000\/revisions\/43009"}],"wp:featuredmedia":[{"embeddable":true,"href":"https:\/\/www.bodegasprotos.com\/es\/wp-json\/wp\/v2\/media\/43001"}],"wp:attachment":[{"href":"https:\/\/www.bodegasprotos.com\/es\/wp-json\/wp\/v2\/media?parent=43000"}],"wp:term":[{"taxonomy":"category","embeddable":true,"href":"https:\/\/www.bodegasprotos.com\/es\/wp-json\/wp\/v2\/categories?post=43000"},{"taxonomy":"post_tag","embeddable":true,"href":"https:\/\/www.bodegasprotos.com\/es\/wp-json\/wp\/v2\/tags?post=43000"}],"curies":[{"name":"wp","href":"https:\/\/api.w.org\/{rel}","templated":true}]}}