{"id":42990,"date":"2025-10-17T11:34:27","date_gmt":"2025-10-17T09:34:27","guid":{"rendered":"https:\/\/www.bodegasprotos.com\/?p=42990"},"modified":"2025-10-16T13:36:56","modified_gmt":"2025-10-16T11:36:56","slug":"dia-de-las-escritoras","status":"publish","type":"post","link":"https:\/\/www.bodegasprotos.com\/es\/blog\/dia-de-las-escritoras\/","title":{"rendered":"D\u00eda de las Escritoras"},"content":{"rendered":"<p data-start=\"366\" data-end=\"805\">El <strong data-start=\"369\" data-end=\"394\">D\u00eda de las Escritoras<\/strong> se celebra desde 2016, impulsado por la Biblioteca Nacional de Espa\u00f1a junto a Cl\u00e1sicas y Modernas y FEDEPE, para visibilizar la aportaci\u00f3n de las autoras al canon. Se marca el lunes m\u00e1s cercano al 15 de octubre, alrededor de la figura de Teresa de Jes\u00fas. Aqu\u00ed va una selecci\u00f3n de escritoras clave, con mini-biograf\u00eda, obras destacadas y el vino Protos que mejor dialoga con su modo de escribir.<\/p>\n<h2 data-start=\"807\" data-end=\"840\">Teresa de Jes\u00fas (1515\u20131582)<\/h2>\n<p data-start=\"841\" data-end=\"1340\">Reformadora, fundadora del Carmelo Descalzo y prosista mayor del Siglo de Oro. En \u201cLibro de la vida\u201d, \u201cCamino de perfecci\u00f3n\u201d y \u201cLas Moradas\u201d combina introspecci\u00f3n espiritual, humor pr\u00e1ctico y un castellano di\u00e1fano.<\/p>\n<p data-start=\"841\" data-end=\"1340\">Brindar\u00edamos con <a href=\"https:\/\/www.bodegasprotos.com\/es\/vino\/5o-ano\/\">Protos 5\u00ba A\u00f1o<\/a>. Su estructura y equilibrio se abren con oxigenaci\u00f3n y tiempo, como las capas meditadas de su prosa. Un vino que crece en la copa, igual que la claridad de Teresa se asienta a medida que la lees.<\/p>\n<p data-start=\"841\" data-end=\"1340\"><img fetchpriority=\"high\" decoding=\"async\" class=\"aligncenter wp-image-37480\" src=\"https:\/\/www.bodegasprotos.com\/wp-content\/uploads\/2023\/05\/RESERVA-SLIDER-213x300.png\" alt=\"\" width=\"194\" height=\"273\" srcset=\"https:\/\/www.bodegasprotos.com\/wp-content\/uploads\/2023\/05\/RESERVA-SLIDER-213x300.png 213w, https:\/\/www.bodegasprotos.com\/wp-content\/uploads\/2023\/05\/RESERVA-SLIDER.png 426w\" sizes=\"(max-width: 194px) 100vw, 194px\" \/><\/p>\n<h2 data-start=\"1342\" data-end=\"1377\">Rosal\u00eda de Castro (1837\u20131885)<\/h2>\n<p data-start=\"1378\" data-end=\"1808\">Figura del Rexurdimento y voz moderna en castellano. \u201cCantares gallegos\u201d, \u201cFollas novas\u201d y \u201cEn las orillas del Sar\u201d convierten paisaje e intimidad en una misma materia.<\/p>\n<p data-start=\"1378\" data-end=\"1808\">Brindar\u00edamos con <a href=\"https:\/\/www.bodegasprotos.com\/es\/vino\/verdejo\/\">Protos Verdejo<\/a>. Frescura, acidez tensada y perfil herbal-c\u00edtrico que deja hablar al \u201cterritorio\u201d. Igual que Rosal\u00eda depura el idioma para que suene a lluvia, piedra y memoria, el Verdejo realza cualquier plan.<\/p>\n<p data-start=\"1378\" data-end=\"1808\"><img decoding=\"async\" class=\"aligncenter wp-image-37494\" src=\"https:\/\/www.bodegasprotos.com\/wp-content\/uploads\/2023\/05\/VERDEJO-SLIDER-213x300.png\" alt=\"\" width=\"191\" height=\"269\" srcset=\"https:\/\/www.bodegasprotos.com\/wp-content\/uploads\/2023\/05\/VERDEJO-SLIDER-213x300.png 213w, https:\/\/www.bodegasprotos.com\/wp-content\/uploads\/2023\/05\/VERDEJO-SLIDER.png 426w\" sizes=\"(max-width: 191px) 100vw, 191px\" \/><\/p>\n<h2 data-start=\"1810\" data-end=\"1846\">Emilia Pardo Baz\u00e1n (1851\u20131921)<\/h2>\n<p data-start=\"1847\" data-end=\"2275\">Novelista, ensayista y cr\u00edtica; introduce el naturalismo en Espa\u00f1a. \u201cLos pazos de Ulloa\u201d, \u201cLa madre naturaleza\u201d, cientos de cuentos y art\u00edculos con mirada precisa e independiente.<\/p>\n<p data-start=\"1847\" data-end=\"2275\">Brindar\u00edamos con <a href=\"https:\/\/www.bodegasprotos.com\/es\/vino\/protos27\/\">Protos 27<\/a>. Es un tinto de capas y detalle, con fruta definida, madera integrada y final largo. Como su narrativa: anal\u00edtica, con fondo y sin concesiones. La complejidad est\u00e1, pero ordenada.<\/p>\n<p data-start=\"1847\" data-end=\"2275\"><img decoding=\"async\" class=\"aligncenter wp-image-38873\" src=\"https:\/\/www.bodegasprotos.com\/wp-content\/uploads\/2023\/09\/Protos_27-e1563790173386-80x300.png\" alt=\"\" width=\"66\" height=\"248\" srcset=\"https:\/\/www.bodegasprotos.com\/wp-content\/uploads\/2023\/09\/Protos_27-e1563790173386-80x300.png 80w, https:\/\/www.bodegasprotos.com\/wp-content\/uploads\/2023\/09\/Protos_27-e1563790173386.png 266w\" sizes=\"(max-width: 66px) 100vw, 66px\" \/><\/p>\n<h2 data-start=\"2277\" data-end=\"2309\">Carmen Laforet (1921\u20132004)<\/h2>\n<p data-start=\"2310\" data-end=\"2678\">Con \u201cNada\u201d (1944) inaugura otra respiraci\u00f3n en la posguerra: juventud, deseo de aire, una Barcelona opresiva mirada con voz limpia.<\/p>\n<p data-start=\"2310\" data-end=\"2678\">Brindar\u00edamos con <a href=\"https:\/\/www.bodegasprotos.com\/es\/vino\/aire-de-protos\/\">Aire de Protos<\/a>. Ligereza tensa, aromas n\u00edtidos y paso \u00e1gil. No es fr\u00edvolo, es claro. Como la prosa de Laforet: sencilla de leer, dif\u00edcil de escribir, con una energ\u00eda discreta que ventila la p\u00e1gina.<\/p>\n<p><img data-dominant-color=\"e4beaf\" data-has-transparency=\"false\" style=\"--dominant-color: #e4beaf;\" loading=\"lazy\" decoding=\"async\" class=\"wp-image-41857 not-transparent\" src=\"https:\/\/www.bodegasprotos.com\/wp-content\/uploads\/2025\/02\/Aire-de-Protos-87x300.webp\" alt=\"\" width=\"64\" height=\"221\" srcset=\"https:\/\/www.bodegasprotos.com\/wp-content\/uploads\/2025\/02\/Aire-de-Protos-87x300.webp 87w, https:\/\/www.bodegasprotos.com\/wp-content\/uploads\/2025\/02\/Aire-de-Protos-298x1024.jpg 298w, https:\/\/www.bodegasprotos.com\/wp-content\/uploads\/2025\/02\/Aire-de-Protos-768x2637.jpg 768w, https:\/\/www.bodegasprotos.com\/wp-content\/uploads\/2025\/02\/Aire-de-Protos-447x1536.jpg 447w, https:\/\/www.bodegasprotos.com\/wp-content\/uploads\/2025\/02\/Aire-de-Protos-596x2048.jpg 596w, https:\/\/www.bodegasprotos.com\/wp-content\/uploads\/2025\/02\/Aire-de-Protos-scaled.jpg 746w\" sizes=\"(max-width: 64px) 100vw, 64px\" \/><\/p>\n<h2 data-start=\"2680\" data-end=\"2714\">Ana Mar\u00eda Matute (1925\u20132014)<\/h2>\n<p data-start=\"2715\" data-end=\"3140\">Memoria de infancia y posguerra, f\u00e1bula y realidad. \u201cLos hijos muertos\u201d, \u201cPrimera memoria\u201d, \u201cOlvidado Rey Gud\u00fa\u201d. Emoci\u00f3n sin exceso y una tristeza luminosa.<\/p>\n<p data-start=\"2715\" data-end=\"3140\">Brindar\u00edamos con <a href=\"https:\/\/www.bodegasprotos.com\/es\/vino\/crianza\/\">Protos Crianza<\/a>. Une calidez y estructura: fruta madura contenida, madera que arropa sin dominar, persistencia amable. Es un vino que acompa\u00f1a el relato y lo sostiene, como su narraci\u00f3n sostiene lo fr\u00e1gil sin romperlo.<\/p>\n<p data-start=\"2715\" data-end=\"3140\"><img data-dominant-color=\"615e5d\" data-has-transparency=\"true\" style=\"--dominant-color: #615e5d;\" loading=\"lazy\" decoding=\"async\" class=\"aligncenter wp-image-42147 has-transparency\" src=\"https:\/\/www.bodegasprotos.com\/wp-content\/uploads\/2019\/07\/PROTOS-CRIANZA-87x300.png\" alt=\"Protos Crianza\" width=\"69\" height=\"237\" \/><\/p>\n<h2 data-start=\"3142\" data-end=\"3179\">Carmen Mart\u00edn Gaite (1925\u20132000)<\/h2>\n<p data-start=\"3180\" data-end=\"3554\">Narradora y ensayista de la conversaci\u00f3n, lo cotidiano y la observaci\u00f3n fina. \u201cEntre visillos\u201d, \u201cRetah\u00edlas\u201d, \u201cNubosidad variable\u201d.<\/p>\n<p data-start=\"3180\" data-end=\"3554\">Brindar\u00edamos con <a href=\"https:\/\/www.bodegasprotos.com\/es\/vino\/protos-sauvignon-blanc\/\">Protos Sauvignon Blanc<\/a>. Aromas precisos, boca vertical y acidez de apoyo: funciona como la sintaxis de Mart\u00edn Gaite, que mueve la charla con claridad y ritmo.<\/p>\n<p data-start=\"3180\" data-end=\"3554\"><img data-dominant-color=\"695f4e\" data-has-transparency=\"true\" style=\"--dominant-color: #695f4e;\" loading=\"lazy\" decoding=\"async\" class=\"aligncenter wp-image-42689 has-transparency\" src=\"https:\/\/www.bodegasprotos.com\/wp-content\/uploads\/2025\/07\/Protos_Sauvignon_Blanc-1-86x300.png\" alt=\"\" width=\"68\" height=\"237\" srcset=\"https:\/\/www.bodegasprotos.com\/wp-content\/uploads\/2025\/07\/Protos_Sauvignon_Blanc-1-86x300.png 86w, https:\/\/www.bodegasprotos.com\/wp-content\/uploads\/2025\/07\/Protos_Sauvignon_Blanc-1-43x150.png 43w, https:\/\/www.bodegasprotos.com\/wp-content\/uploads\/2025\/07\/Protos_Sauvignon_Blanc-1.png 286w\" sizes=\"(max-width: 68px) 100vw, 68px\" \/><\/p>\n<h2 data-start=\"3556\" data-end=\"3588\">Merc\u00e8 Rodoreda (1908\u20131983)<\/h2>\n<p data-start=\"3589\" data-end=\"3985\">Prosa catalana esencial del siglo XX. \u201cLa pla\u00e7a del Diamant\u201d, \u201cMirall trencat\u201d: sencillez aparente y precisi\u00f3n emocional que llega sin alzar la voz.<\/p>\n<p data-start=\"3589\" data-end=\"3985\">Brindar\u00edamos con <a href=\"https:\/\/www.bodegasprotos.com\/es\/vino\/protos-9-meses\/\">Protos 9 meses<\/a>. Fruta franca, tanino fino y una tensi\u00f3n que no grita. La \u00e9tica de origen y el trazo limpio del vino reflejan esa escritura que parece suave hasta que, de pronto, corta.<\/p>\n<p data-start=\"3589\" data-end=\"3985\"><img loading=\"lazy\" decoding=\"async\" class=\"aligncenter wp-image-34635\" src=\"https:\/\/www.bodegasprotos.com\/wp-content\/uploads\/2022\/09\/Protos_9Meses_-86x300.png\" alt=\"Vino Protos 9 meses ecol\u00f3gico\" width=\"62\" height=\"217\" srcset=\"https:\/\/www.bodegasprotos.com\/wp-content\/uploads\/2022\/09\/Protos_9Meses_-86x300.png 86w, https:\/\/www.bodegasprotos.com\/wp-content\/uploads\/2022\/09\/Protos_9Meses_.png 286w\" sizes=\"(max-width: 62px) 100vw, 62px\" \/><\/p>\n<h2 data-start=\"3987\" data-end=\"4021\">Almudena Grandes (1960\u20132021)<\/h2>\n<p data-start=\"4022\" data-end=\"4402\">De la intimidad a la historia reciente con pulso narrativo y personajes memorables. \u201cLas edades de Lul\u00fa\u201d, ciclo \u201cEpisodios de una guerra interminable\u201d.<\/p>\n<p data-start=\"4022\" data-end=\"4402\">Brindar\u00edamos con <a href=\"https:\/\/www.bodegasprotos.com\/es\/vino\/gran-reserva\/\">Protos Gran Reserva<\/a>. Amplitud, complejidad y final largo: un vino para tramas extensas, que crece con el tiempo en botella y en copa. Como sus novelas: corales, ambiciosas y sostenidas.<\/p>\n<p data-start=\"4022\" data-end=\"4402\"><img loading=\"lazy\" decoding=\"async\" class=\"aligncenter wp-image-34933\" src=\"https:\/\/www.bodegasprotos.com\/wp-content\/uploads\/2022\/11\/Protos_granreserva-e1563788553275-80x300.png\" alt=\"Botella de vino Protos Gran Reserva\" width=\"70\" height=\"263\" srcset=\"https:\/\/www.bodegasprotos.com\/wp-content\/uploads\/2022\/11\/Protos_granreserva-e1563788553275-80x300.png 80w, https:\/\/www.bodegasprotos.com\/wp-content\/uploads\/2022\/11\/Protos_granreserva-e1563788553275.png 266w\" sizes=\"(max-width: 70px) 100vw, 70px\" \/><\/p>\n<h2 data-start=\"4409\" data-end=\"4459\">La novedad en la mesa: Carroa, el paso adelante<\/h2>\n<p data-start=\"4460\" data-end=\"4981\"><a href=\"https:\/\/www.bodegasprotos.com\/es\/vino\/carroa\/\">Carroa<\/a>, nuevo tinto de Protos, nace de vi\u00f1edos viejos de Tinta del Pa\u00eds y se afina en roble franc\u00e9s, tina y huevo de hormig\u00f3n. Perfil tenso y preciso, fruta limpia y elegancia castellana. Lo servir\u00edamos con autoras de voz firme Pardo Baz\u00e1n por rigor y ambici\u00f3n, o Grandes por alcance narrativo. Vinos y obras a los que siempre volvemos, de los que nos quedamos prendidos desde la primera copa y la primera lectura.<\/p>\n<p data-start=\"4460\" data-end=\"4981\"><img data-dominant-color=\"c6c3c3\" data-has-transparency=\"false\" style=\"--dominant-color: #c6c3c3;\" loading=\"lazy\" decoding=\"async\" class=\"aligncenter wp-image-42082 not-transparent\" src=\"https:\/\/www.bodegasprotos.com\/wp-content\/uploads\/2025\/03\/PROTOS-Carroa-miniatura-1.jpg\" alt=\"\" width=\"132\" height=\"216\" srcset=\"https:\/\/www.bodegasprotos.com\/wp-content\/uploads\/2025\/03\/PROTOS-Carroa-miniatura-1.jpg 122w, https:\/\/www.bodegasprotos.com\/wp-content\/uploads\/2025\/03\/PROTOS-Carroa-miniatura-1-92x150.jpg 92w, https:\/\/www.bodegasprotos.com\/wp-content\/uploads\/2025\/03\/PROTOS-Carroa-miniatura-1-110x180.jpg 110w\" sizes=\"(max-width: 132px) 100vw, 132px\" \/><\/p>\n","protected":false},"excerpt":{"rendered":"<p>El D\u00eda de las Escritoras se celebra desde 2016, impulsado por la Biblioteca Nacional de Espa\u00f1a junto a&#8230;<\/p>\n","protected":false},"author":3,"featured_media":42991,"comment_status":"closed","ping_status":"closed","sticky":false,"template":"","format":"standard","meta":{"_acf_changed":false,"footnotes":""},"categories":[87,1],"tags":[],"class_list":["post-42990","post","type-post","status-publish","format-standard","has-post-thumbnail","hentry","category-blog","category-general"],"acf":[],"yoast_head":"<!-- This site is optimized with the Yoast SEO plugin v27.4 - https:\/\/yoast.com\/product\/yoast-seo-wordpress\/ -->\n<title>D\u00eda de las Escritoras - Bodegas Protos<\/title>\n<meta name=\"description\" content=\"El D\u00eda de las Escritoras se celebra desde 2016, impulsado por la Biblioteca Nacional de Espa\u00f1a junto a Cl\u00e1sicas y Modernas y FEDEPE, para visibilizar la\" \/>\n<meta name=\"robots\" content=\"index, follow, max-snippet:-1, max-image-preview:large, max-video-preview:-1\" \/>\n<link rel=\"canonical\" href=\"https:\/\/www.bodegasprotos.com\/es\/blog\/dia-de-las-escritoras\/\" \/>\n<meta property=\"og:locale\" content=\"es_ES\" \/>\n<meta property=\"og:type\" content=\"article\" \/>\n<meta property=\"og:title\" content=\"D\u00eda de las Escritoras - Bodegas Protos\" \/>\n<meta property=\"og:description\" content=\"El D\u00eda de las Escritoras se celebra desde 2016, impulsado por la Biblioteca Nacional de Espa\u00f1a junto a Cl\u00e1sicas y Modernas y FEDEPE, para visibilizar la\" \/>\n<meta property=\"og:url\" content=\"https:\/\/www.bodegasprotos.com\/es\/blog\/dia-de-las-escritoras\/\" \/>\n<meta property=\"og:site_name\" content=\"Bodegas Protos\" \/>\n<meta property=\"article:publisher\" content=\"https:\/\/www.facebook.com\/BodegasProtos\" \/>\n<meta property=\"article:published_time\" content=\"2025-10-17T09:34:27+00:00\" \/>\n<meta property=\"og:image\" content=\"https:\/\/www.bodegasprotos.com\/wp-content\/uploads\/2025\/10\/pexels-asumaani-9884594-scaled.jpg\" \/>\n\t<meta property=\"og:image:width\" content=\"2560\" \/>\n\t<meta property=\"og:image:height\" content=\"1707\" \/>\n\t<meta property=\"og:image:type\" content=\"image\/jpeg\" \/>\n<meta name=\"author\" content=\"Bodegas Protos (F)\" \/>\n<meta name=\"twitter:card\" content=\"summary_large_image\" \/>\n<meta name=\"twitter:creator\" content=\"@Bodegas_Protos\" \/>\n<meta name=\"twitter:site\" content=\"@Bodegas_Protos\" \/>\n<meta name=\"twitter:label1\" content=\"Escrito por\" \/>\n\t<meta name=\"twitter:data1\" content=\"Bodegas Protos (F)\" \/>\n\t<meta name=\"twitter:label2\" content=\"Tiempo de lectura\" \/>\n\t<meta name=\"twitter:data2\" content=\"5 minutos\" \/>\n<script type=\"application\/ld+json\" class=\"yoast-schema-graph\">{\"@context\":\"https:\\\/\\\/schema.org\",\"@graph\":[{\"@type\":\"Article\",\"@id\":\"https:\\\/\\\/www.bodegasprotos.com\\\/es\\\/blog\\\/dia-de-las-escritoras\\\/#article\",\"isPartOf\":{\"@id\":\"https:\\\/\\\/www.bodegasprotos.com\\\/es\\\/blog\\\/dia-de-las-escritoras\\\/\"},\"author\":{\"name\":\"Bodegas Protos (F)\",\"@id\":\"https:\\\/\\\/www.bodegasprotos.com\\\/es\\\/#\\\/schema\\\/person\\\/6cb69a08afa14171755cee0df7d20027\"},\"headline\":\"D\u00eda de las Escritoras\",\"datePublished\":\"2025-10-17T09:34:27+00:00\",\"mainEntityOfPage\":{\"@id\":\"https:\\\/\\\/www.bodegasprotos.com\\\/es\\\/blog\\\/dia-de-las-escritoras\\\/\"},\"wordCount\":700,\"publisher\":{\"@id\":\"https:\\\/\\\/www.bodegasprotos.com\\\/es\\\/#organization\"},\"image\":{\"@id\":\"https:\\\/\\\/www.bodegasprotos.com\\\/es\\\/blog\\\/dia-de-las-escritoras\\\/#primaryimage\"},\"thumbnailUrl\":\"https:\\\/\\\/www.bodegasprotos.com\\\/wp-content\\\/uploads\\\/2025\\\/10\\\/pexels-asumaani-9884594-scaled.jpg\",\"articleSection\":[\"Blog\",\"General\"],\"inLanguage\":\"es\"},{\"@type\":\"WebPage\",\"@id\":\"https:\\\/\\\/www.bodegasprotos.com\\\/es\\\/blog\\\/dia-de-las-escritoras\\\/\",\"url\":\"https:\\\/\\\/www.bodegasprotos.com\\\/es\\\/blog\\\/dia-de-las-escritoras\\\/\",\"name\":\"D\u00eda de las Escritoras - Bodegas Protos\",\"isPartOf\":{\"@id\":\"https:\\\/\\\/www.bodegasprotos.com\\\/es\\\/#website\"},\"primaryImageOfPage\":{\"@id\":\"https:\\\/\\\/www.bodegasprotos.com\\\/es\\\/blog\\\/dia-de-las-escritoras\\\/#primaryimage\"},\"image\":{\"@id\":\"https:\\\/\\\/www.bodegasprotos.com\\\/es\\\/blog\\\/dia-de-las-escritoras\\\/#primaryimage\"},\"thumbnailUrl\":\"https:\\\/\\\/www.bodegasprotos.com\\\/wp-content\\\/uploads\\\/2025\\\/10\\\/pexels-asumaani-9884594-scaled.jpg\",\"datePublished\":\"2025-10-17T09:34:27+00:00\",\"description\":\"El D\u00eda de las Escritoras se celebra desde 2016, impulsado por la Biblioteca Nacional de Espa\u00f1a junto a Cl\u00e1sicas y Modernas y FEDEPE, para visibilizar la\",\"breadcrumb\":{\"@id\":\"https:\\\/\\\/www.bodegasprotos.com\\\/es\\\/blog\\\/dia-de-las-escritoras\\\/#breadcrumb\"},\"inLanguage\":\"es\",\"potentialAction\":[{\"@type\":\"ReadAction\",\"target\":[\"https:\\\/\\\/www.bodegasprotos.com\\\/es\\\/blog\\\/dia-de-las-escritoras\\\/\"]}]},{\"@type\":\"ImageObject\",\"inLanguage\":\"es\",\"@id\":\"https:\\\/\\\/www.bodegasprotos.com\\\/es\\\/blog\\\/dia-de-las-escritoras\\\/#primaryimage\",\"url\":\"https:\\\/\\\/www.bodegasprotos.com\\\/wp-content\\\/uploads\\\/2025\\\/10\\\/pexels-asumaani-9884594-scaled.jpg\",\"contentUrl\":\"https:\\\/\\\/www.bodegasprotos.com\\\/wp-content\\\/uploads\\\/2025\\\/10\\\/pexels-asumaani-9884594-scaled.jpg\",\"width\":2560,\"height\":1707},{\"@type\":\"BreadcrumbList\",\"@id\":\"https:\\\/\\\/www.bodegasprotos.com\\\/es\\\/blog\\\/dia-de-las-escritoras\\\/#breadcrumb\",\"itemListElement\":[{\"@type\":\"ListItem\",\"position\":1,\"name\":\"Portada\",\"item\":\"https:\\\/\\\/www.bodegasprotos.com\\\/es\\\/\"},{\"@type\":\"ListItem\",\"position\":2,\"name\":\"D\u00eda de las Escritoras\"}]},{\"@type\":\"WebSite\",\"@id\":\"https:\\\/\\\/www.bodegasprotos.com\\\/es\\\/#website\",\"url\":\"https:\\\/\\\/www.bodegasprotos.com\\\/es\\\/\",\"name\":\"Bodegas Protos\",\"description\":\"Vinos de la Denominaci\u00f3n de Origen Ribera del Duero, Rueda y Cigales\",\"publisher\":{\"@id\":\"https:\\\/\\\/www.bodegasprotos.com\\\/es\\\/#organization\"},\"potentialAction\":[{\"@type\":\"SearchAction\",\"target\":{\"@type\":\"EntryPoint\",\"urlTemplate\":\"https:\\\/\\\/www.bodegasprotos.com\\\/es\\\/?s={search_term_string}\"},\"query-input\":{\"@type\":\"PropertyValueSpecification\",\"valueRequired\":true,\"valueName\":\"search_term_string\"}}],\"inLanguage\":\"es\"},{\"@type\":\"Organization\",\"@id\":\"https:\\\/\\\/www.bodegasprotos.com\\\/es\\\/#organization\",\"name\":\"Bodegas Protos\",\"url\":\"https:\\\/\\\/www.bodegasprotos.com\\\/es\\\/\",\"logo\":{\"@type\":\"ImageObject\",\"inLanguage\":\"es\",\"@id\":\"https:\\\/\\\/www.bodegasprotos.com\\\/es\\\/#\\\/schema\\\/logo\\\/image\\\/\",\"url\":\"https:\\\/\\\/www.bodegasprotos.com\\\/wp-content\\\/uploads\\\/2024\\\/06\\\/PROTOS-LOGOS-VERSIONES-13.png\",\"contentUrl\":\"https:\\\/\\\/www.bodegasprotos.com\\\/wp-content\\\/uploads\\\/2024\\\/06\\\/PROTOS-LOGOS-VERSIONES-13.png\",\"width\":2362,\"height\":2362,\"caption\":\"Bodegas Protos\"},\"image\":{\"@id\":\"https:\\\/\\\/www.bodegasprotos.com\\\/es\\\/#\\\/schema\\\/logo\\\/image\\\/\"},\"sameAs\":[\"https:\\\/\\\/www.facebook.com\\\/BodegasProtos\",\"https:\\\/\\\/x.com\\\/Bodegas_Protos\",\"https:\\\/\\\/www.instagram.com\\\/bodegasprotosoficial\\\/\",\"https:\\\/\\\/www.linkedin.com\\\/company\\\/bodegasprotos\\\/\",\"https:\\\/\\\/pinterest.com\\\/BodegasProtos\\\/\",\"http:\\\/\\\/www.youtube.com\\\/user\\\/BodegasProtos\",\"https:\\\/\\\/es.wikipedia.org\\\/wiki\\\/Bodegas_Protos\"]},{\"@type\":\"Person\",\"@id\":\"https:\\\/\\\/www.bodegasprotos.com\\\/es\\\/#\\\/schema\\\/person\\\/6cb69a08afa14171755cee0df7d20027\",\"name\":\"Bodegas Protos (F)\",\"image\":{\"@type\":\"ImageObject\",\"inLanguage\":\"es\",\"@id\":\"https:\\\/\\\/secure.gravatar.com\\\/avatar\\\/cc613a9fd2ee203f402357c1b4aa2b7c041016cbf1eab1e41bde410b2ebd7f94?s=96&d=mm&r=g\",\"url\":\"https:\\\/\\\/secure.gravatar.com\\\/avatar\\\/cc613a9fd2ee203f402357c1b4aa2b7c041016cbf1eab1e41bde410b2ebd7f94?s=96&d=mm&r=g\",\"contentUrl\":\"https:\\\/\\\/secure.gravatar.com\\\/avatar\\\/cc613a9fd2ee203f402357c1b4aa2b7c041016cbf1eab1e41bde410b2ebd7f94?s=96&d=mm&r=g\",\"caption\":\"Bodegas Protos (F)\"},\"sameAs\":[\"https:\\\/\\\/www.bodegasprotos.com\"]}]}<\/script>\n<!-- \/ Yoast SEO plugin. -->","yoast_head_json":{"title":"D\u00eda de las Escritoras - Bodegas Protos","description":"El D\u00eda de las Escritoras se celebra desde 2016, impulsado por la Biblioteca Nacional de Espa\u00f1a junto a Cl\u00e1sicas y Modernas y FEDEPE, para visibilizar la","robots":{"index":"index","follow":"follow","max-snippet":"max-snippet:-1","max-image-preview":"max-image-preview:large","max-video-preview":"max-video-preview:-1"},"canonical":"https:\/\/www.bodegasprotos.com\/es\/blog\/dia-de-las-escritoras\/","og_locale":"es_ES","og_type":"article","og_title":"D\u00eda de las Escritoras - Bodegas Protos","og_description":"El D\u00eda de las Escritoras se celebra desde 2016, impulsado por la Biblioteca Nacional de Espa\u00f1a junto a Cl\u00e1sicas y Modernas y FEDEPE, para visibilizar la","og_url":"https:\/\/www.bodegasprotos.com\/es\/blog\/dia-de-las-escritoras\/","og_site_name":"Bodegas Protos","article_publisher":"https:\/\/www.facebook.com\/BodegasProtos","article_published_time":"2025-10-17T09:34:27+00:00","og_image":[{"width":2560,"height":1707,"url":"https:\/\/www.bodegasprotos.com\/wp-content\/uploads\/2025\/10\/pexels-asumaani-9884594-scaled.jpg","type":"image\/jpeg"}],"author":"Bodegas Protos (F)","twitter_card":"summary_large_image","twitter_creator":"@Bodegas_Protos","twitter_site":"@Bodegas_Protos","twitter_misc":{"Escrito por":"Bodegas Protos (F)","Tiempo de lectura":"5 minutos"},"schema":{"@context":"https:\/\/schema.org","@graph":[{"@type":"Article","@id":"https:\/\/www.bodegasprotos.com\/es\/blog\/dia-de-las-escritoras\/#article","isPartOf":{"@id":"https:\/\/www.bodegasprotos.com\/es\/blog\/dia-de-las-escritoras\/"},"author":{"name":"Bodegas Protos (F)","@id":"https:\/\/www.bodegasprotos.com\/es\/#\/schema\/person\/6cb69a08afa14171755cee0df7d20027"},"headline":"D\u00eda de las Escritoras","datePublished":"2025-10-17T09:34:27+00:00","mainEntityOfPage":{"@id":"https:\/\/www.bodegasprotos.com\/es\/blog\/dia-de-las-escritoras\/"},"wordCount":700,"publisher":{"@id":"https:\/\/www.bodegasprotos.com\/es\/#organization"},"image":{"@id":"https:\/\/www.bodegasprotos.com\/es\/blog\/dia-de-las-escritoras\/#primaryimage"},"thumbnailUrl":"https:\/\/www.bodegasprotos.com\/wp-content\/uploads\/2025\/10\/pexels-asumaani-9884594-scaled.jpg","articleSection":["Blog","General"],"inLanguage":"es"},{"@type":"WebPage","@id":"https:\/\/www.bodegasprotos.com\/es\/blog\/dia-de-las-escritoras\/","url":"https:\/\/www.bodegasprotos.com\/es\/blog\/dia-de-las-escritoras\/","name":"D\u00eda de las Escritoras - Bodegas Protos","isPartOf":{"@id":"https:\/\/www.bodegasprotos.com\/es\/#website"},"primaryImageOfPage":{"@id":"https:\/\/www.bodegasprotos.com\/es\/blog\/dia-de-las-escritoras\/#primaryimage"},"image":{"@id":"https:\/\/www.bodegasprotos.com\/es\/blog\/dia-de-las-escritoras\/#primaryimage"},"thumbnailUrl":"https:\/\/www.bodegasprotos.com\/wp-content\/uploads\/2025\/10\/pexels-asumaani-9884594-scaled.jpg","datePublished":"2025-10-17T09:34:27+00:00","description":"El D\u00eda de las Escritoras se celebra desde 2016, impulsado por la Biblioteca Nacional de Espa\u00f1a junto a Cl\u00e1sicas y Modernas y FEDEPE, para visibilizar la","breadcrumb":{"@id":"https:\/\/www.bodegasprotos.com\/es\/blog\/dia-de-las-escritoras\/#breadcrumb"},"inLanguage":"es","potentialAction":[{"@type":"ReadAction","target":["https:\/\/www.bodegasprotos.com\/es\/blog\/dia-de-las-escritoras\/"]}]},{"@type":"ImageObject","inLanguage":"es","@id":"https:\/\/www.bodegasprotos.com\/es\/blog\/dia-de-las-escritoras\/#primaryimage","url":"https:\/\/www.bodegasprotos.com\/wp-content\/uploads\/2025\/10\/pexels-asumaani-9884594-scaled.jpg","contentUrl":"https:\/\/www.bodegasprotos.com\/wp-content\/uploads\/2025\/10\/pexels-asumaani-9884594-scaled.jpg","width":2560,"height":1707},{"@type":"BreadcrumbList","@id":"https:\/\/www.bodegasprotos.com\/es\/blog\/dia-de-las-escritoras\/#breadcrumb","itemListElement":[{"@type":"ListItem","position":1,"name":"Portada","item":"https:\/\/www.bodegasprotos.com\/es\/"},{"@type":"ListItem","position":2,"name":"D\u00eda de las Escritoras"}]},{"@type":"WebSite","@id":"https:\/\/www.bodegasprotos.com\/es\/#website","url":"https:\/\/www.bodegasprotos.com\/es\/","name":"Bodegas Protos","description":"Vinos de la Denominaci\u00f3n de Origen Ribera del Duero, Rueda y Cigales","publisher":{"@id":"https:\/\/www.bodegasprotos.com\/es\/#organization"},"potentialAction":[{"@type":"SearchAction","target":{"@type":"EntryPoint","urlTemplate":"https:\/\/www.bodegasprotos.com\/es\/?s={search_term_string}"},"query-input":{"@type":"PropertyValueSpecification","valueRequired":true,"valueName":"search_term_string"}}],"inLanguage":"es"},{"@type":"Organization","@id":"https:\/\/www.bodegasprotos.com\/es\/#organization","name":"Bodegas Protos","url":"https:\/\/www.bodegasprotos.com\/es\/","logo":{"@type":"ImageObject","inLanguage":"es","@id":"https:\/\/www.bodegasprotos.com\/es\/#\/schema\/logo\/image\/","url":"https:\/\/www.bodegasprotos.com\/wp-content\/uploads\/2024\/06\/PROTOS-LOGOS-VERSIONES-13.png","contentUrl":"https:\/\/www.bodegasprotos.com\/wp-content\/uploads\/2024\/06\/PROTOS-LOGOS-VERSIONES-13.png","width":2362,"height":2362,"caption":"Bodegas Protos"},"image":{"@id":"https:\/\/www.bodegasprotos.com\/es\/#\/schema\/logo\/image\/"},"sameAs":["https:\/\/www.facebook.com\/BodegasProtos","https:\/\/x.com\/Bodegas_Protos","https:\/\/www.instagram.com\/bodegasprotosoficial\/","https:\/\/www.linkedin.com\/company\/bodegasprotos\/","https:\/\/pinterest.com\/BodegasProtos\/","http:\/\/www.youtube.com\/user\/BodegasProtos","https:\/\/es.wikipedia.org\/wiki\/Bodegas_Protos"]},{"@type":"Person","@id":"https:\/\/www.bodegasprotos.com\/es\/#\/schema\/person\/6cb69a08afa14171755cee0df7d20027","name":"Bodegas Protos (F)","image":{"@type":"ImageObject","inLanguage":"es","@id":"https:\/\/secure.gravatar.com\/avatar\/cc613a9fd2ee203f402357c1b4aa2b7c041016cbf1eab1e41bde410b2ebd7f94?s=96&d=mm&r=g","url":"https:\/\/secure.gravatar.com\/avatar\/cc613a9fd2ee203f402357c1b4aa2b7c041016cbf1eab1e41bde410b2ebd7f94?s=96&d=mm&r=g","contentUrl":"https:\/\/secure.gravatar.com\/avatar\/cc613a9fd2ee203f402357c1b4aa2b7c041016cbf1eab1e41bde410b2ebd7f94?s=96&d=mm&r=g","caption":"Bodegas Protos (F)"},"sameAs":["https:\/\/www.bodegasprotos.com"]}]}},"_links":{"self":[{"href":"https:\/\/www.bodegasprotos.com\/es\/wp-json\/wp\/v2\/posts\/42990","targetHints":{"allow":["GET"]}}],"collection":[{"href":"https:\/\/www.bodegasprotos.com\/es\/wp-json\/wp\/v2\/posts"}],"about":[{"href":"https:\/\/www.bodegasprotos.com\/es\/wp-json\/wp\/v2\/types\/post"}],"author":[{"embeddable":true,"href":"https:\/\/www.bodegasprotos.com\/es\/wp-json\/wp\/v2\/users\/3"}],"replies":[{"embeddable":true,"href":"https:\/\/www.bodegasprotos.com\/es\/wp-json\/wp\/v2\/comments?post=42990"}],"version-history":[{"count":1,"href":"https:\/\/www.bodegasprotos.com\/es\/wp-json\/wp\/v2\/posts\/42990\/revisions"}],"predecessor-version":[{"id":42993,"href":"https:\/\/www.bodegasprotos.com\/es\/wp-json\/wp\/v2\/posts\/42990\/revisions\/42993"}],"wp:featuredmedia":[{"embeddable":true,"href":"https:\/\/www.bodegasprotos.com\/es\/wp-json\/wp\/v2\/media\/42991"}],"wp:attachment":[{"href":"https:\/\/www.bodegasprotos.com\/es\/wp-json\/wp\/v2\/media?parent=42990"}],"wp:term":[{"taxonomy":"category","embeddable":true,"href":"https:\/\/www.bodegasprotos.com\/es\/wp-json\/wp\/v2\/categories?post=42990"},{"taxonomy":"post_tag","embeddable":true,"href":"https:\/\/www.bodegasprotos.com\/es\/wp-json\/wp\/v2\/tags?post=42990"}],"curies":[{"name":"wp","href":"https:\/\/api.w.org\/{rel}","templated":true}]}}