{"id":42984,"date":"2025-10-10T11:32:21","date_gmt":"2025-10-10T09:32:21","guid":{"rendered":"https:\/\/www.bodegasprotos.com\/?p=42984"},"modified":"2025-10-09T16:13:44","modified_gmt":"2025-10-09T14:13:44","slug":"obras-para-admirar-y-un-protos-para-brindar","status":"publish","type":"post","link":"https:\/\/www.bodegasprotos.com\/es\/blog\/obras-para-admirar-y-un-protos-para-brindar\/","title":{"rendered":"Obras para admirar y un Protos para brindar"},"content":{"rendered":"<p data-start=\"470\" data-end=\"801\">La buena arquitectura y el buen vino comparten tres cosas: origen, proporci\u00f3n y tiempo. Hoy recuperamos a cinco arquitectos que marcaron el paisaje cultural de Espa\u00f1a, desde el Renacimiento al Modernismo, recordamos sus obras m\u00e1s reconocibles y escogemos qu\u00e9 vino Protos abrir\u00edamos en su honor, frente a sus propias construcciones.<\/p>\n<h2 data-start=\"803\" data-end=\"871\">Juan de Herrera (1530\u20131597) \u2014 La severidad que fund\u00f3 un estilo<\/h2>\n<p data-start=\"872\" data-end=\"1486\">Figura capital del Renacimiento hispano, dio nombre al estilo herreriano: sobrio, geom\u00e9trico, de l\u00edneas limpias. Su obra cumbre es el Monasterio de San Lorenzo de El Escorial, emblema del reinado de Felipe II. A \u00e9l se debe tambi\u00e9n el gran proyecto (inacabado) de la <a href=\"https:\/\/www.valladolid.com\/catedral\">Catedral de Valladolid<\/a>, que aspir\u00f3 a ser una de las mayores de Europa y hoy es s\u00edmbolo de la ciudad y de aquella ambici\u00f3n de piedra.<\/p>\n<p data-start=\"872\" data-end=\"1486\"><br data-start=\"1320\" data-end=\"1323\" \/>Brindar\u00edamos con: <a href=\"https:\/\/www.bodegasprotos.com\/es\/vino\/gran-reserva\/\">Protos Gran Reserva<\/a>. Estructura, longevidad y serenidad: un vino de l\u00edneas claras y fondo largo, a la altura de la disciplina herreriana.<\/p>\n<p data-start=\"872\" data-end=\"1486\"><img decoding=\"async\" class=\"wp-image-34933 aligncenter\" src=\"https:\/\/www.bodegasprotos.com\/wp-content\/uploads\/2022\/11\/Protos_granreserva-e1563788553275-80x300.png\" alt=\"Botella de vino Protos Gran Reserva\" width=\"59\" height=\"221\" srcset=\"https:\/\/www.bodegasprotos.com\/wp-content\/uploads\/2022\/11\/Protos_granreserva-e1563788553275-80x300.png 80w, https:\/\/www.bodegasprotos.com\/wp-content\/uploads\/2022\/11\/Protos_granreserva-e1563788553275.png 266w\" sizes=\"(max-width: 59px) 100vw, 59px\" \/><\/p>\n<h2 data-start=\"1488\" data-end=\"1571\">Francisco de Mora (c. 1553\u20131610) \u2014 Del rigor cortesano a la ciudad castellana<\/h2>\n<p data-start=\"1572\" data-end=\"2093\">Disc\u00edpulo de la escuela herreriana y arquitecto de confianza en la corte, llev\u00f3 ese lenguaje sobrio a palacios y conventos. Su nombre est\u00e1 ligado al <a href=\"https:\/\/www.valladolidweb.es\/valladolid\/loqueyanoesta\/conventodesandiego.htm\">Convento de San Diego<\/a>, enclavado en el Palacio Real de Valladolid\u00a0 y al <a href=\"https:\/\/www.turismocastillayleon.com\/es\/patrimonio-cultura\/palacios\/palacio-ducal-lerma\">Palacio Ducal de Lerma<\/a>, cuya traza marcar\u00eda la arquitectura civil del Siglo de Oro.<\/p>\n<p data-start=\"1572\" data-end=\"2093\"><br data-start=\"1935\" data-end=\"1938\" \/>Brindar\u00edamos con: <a href=\"https:\/\/www.bodegasprotos.com\/es\/vino\/crianza\/\">Protos Crianza<\/a>. Equilibrio entre rigor y calidez: fruta precisa, madera integrada y un paso que dialoga con la mesura castellana.<\/p>\n<p data-start=\"1572\" data-end=\"2093\"><img data-dominant-color=\"615e5d\" data-has-transparency=\"true\" style=\"--dominant-color: #615e5d;\" decoding=\"async\" class=\"aligncenter wp-image-42147 has-transparency\" src=\"https:\/\/www.bodegasprotos.com\/wp-content\/uploads\/2019\/07\/PROTOS-CRIANZA-87x300.png\" alt=\"Protos Crianza\" width=\"69\" height=\"238\" \/><\/p>\n<h2 data-start=\"2095\" data-end=\"2165\">Ventura Rodr\u00edguez (1717\u20131785) \u2014 Entre el Barroco y el Neocl\u00e1sico<\/h2>\n<p data-start=\"2166\" data-end=\"2707\">Arquitecto de la Corona y figura de transici\u00f3n estil\u00edstica, dej\u00f3 su huella en Madrid y Zaragoza. Su obra m\u00e1s c\u00e9lebre es la <a href=\"https:\/\/catedraldezaragoza.es\/basilica\/la-santa-capilla\/\">Santa Capilla de Nuestra Se\u00f1ora del Pilar<\/a> (Zaragoza), un templete interior que anuncia el neoclasicismo espa\u00f1ol; en Madrid, su trazo est\u00e1 detr\u00e1s del gran conjunto monumental de fuentes como Cibeles y Neptuno.<\/p>\n<p data-start=\"2166\" data-end=\"2707\"><br data-start=\"2547\" data-end=\"2550\" \/>Brindar\u00edamos con: <a href=\"https:\/\/www.bodegasprotos.com\/es\/vino\/protos27\/\">Protos 27<\/a>. Detalle, finura y un punto de modernidad dentro de la tradici\u00f3n: capas que se descubren como en una planta bien trazada.<\/p>\n<p data-start=\"2166\" data-end=\"2707\"><img decoding=\"async\" class=\"aligncenter wp-image-38873\" src=\"https:\/\/www.bodegasprotos.com\/wp-content\/uploads\/2023\/09\/Protos_27-e1563790173386-80x300.png\" alt=\"\" width=\"60\" height=\"225\" srcset=\"https:\/\/www.bodegasprotos.com\/wp-content\/uploads\/2023\/09\/Protos_27-e1563790173386-80x300.png 80w, https:\/\/www.bodegasprotos.com\/wp-content\/uploads\/2023\/09\/Protos_27-e1563790173386.png 266w\" sizes=\"(max-width: 60px) 100vw, 60px\" \/><\/p>\n<h2 data-start=\"2709\" data-end=\"2777\">Juan de Villanueva (1739\u20131811) \u2014 La Ilustraci\u00f3n hecha edificio<\/h2>\n<p data-start=\"2778\" data-end=\"3240\">El arquitecto ilustrado por excelencia. El <a href=\"https:\/\/www.museodelprado.es\/en\/history-and-architecture\">Edificio Villanueva<\/a> del actual Museo del Prado redefini\u00f3 el Paseo del Prado como \u201ccolina de las ciencias\u201d, junto al Jard\u00edn Bot\u00e1nico y el Observatorio. Orden, claridad y servicio p\u00fablico en piedra: Ilustraci\u00f3n en estado puro.<\/p>\n<p data-start=\"2778\" data-end=\"3240\"><br data-start=\"3091\" data-end=\"3094\" \/>Brindar\u00edamos con: <a href=\"https:\/\/www.bodegasprotos.com\/es\/vino\/verdejo\/\">Protos Verdejo<\/a>. Limpio, n\u00edtido, proporcionado: una copa que encarna el \u201cmenos es m\u00e1s\u201d ilustrado sin renunciar al placer.<\/p>\n<p data-start=\"2778\" data-end=\"3240\"><img data-dominant-color=\"d0cab6\" data-has-transparency=\"false\" style=\"--dominant-color: #d0cab6;\" loading=\"lazy\" decoding=\"async\" class=\"aligncenter wp-image-41813 not-transparent\" src=\"https:\/\/www.bodegasprotos.com\/wp-content\/uploads\/2020\/10\/PROTOS-Verdejo-Reserva-miniatura.webp\" alt=\"\" width=\"135\" height=\"221\" \/><\/p>\n<h2 data-start=\"3242\" data-end=\"3312\">Antoni Gaud\u00ed (1852\u20131926) \u2014 Naturaleza convertida en arquitectura<\/h2>\n<p data-start=\"3313\" data-end=\"3882\">M\u00e1ximo exponente del modernismo catal\u00e1n, convirti\u00f3 estructura y ornamento en un mismo organismo vivo. Adem\u00e1s de la Sagrada Familia, su legado recorre Barcelona (Park G\u00fcell, Casa Batll\u00f3, La Pedrera) y se extiende por Castilla y Le\u00f3n con <a href=\"https:\/\/www.casabotines.es\/\">Casa Botines<\/a> (Le\u00f3n) y el <a href=\"https:\/\/www.palaciodegaudi.es\/\">Palacio Episcopal de Astorga<\/a>. Visi\u00f3n t\u00e9cnica, fe en el material y una imaginaci\u00f3n sin precedentes.<\/p>\n<p data-start=\"3313\" data-end=\"3882\"><br data-start=\"3722\" data-end=\"3725\" \/>Brindar\u00edamos con: <a href=\"https:\/\/www.bodegasprotos.com\/es\/vino\/aire-de-protos\/\">Aire de Protos<\/a>. Ligereza con intenci\u00f3n, perfil arom\u00e1tico y dinamismo fluido: un blanco que se mueve como las curvas de sus b\u00f3vedas.<\/p>\n<p><img data-dominant-color=\"e4beaf\" data-has-transparency=\"false\" style=\"--dominant-color: #e4beaf;\" loading=\"lazy\" decoding=\"async\" class=\"wp-image-41857 not-transparent\" src=\"https:\/\/www.bodegasprotos.com\/wp-content\/uploads\/2025\/02\/Aire-de-Protos-87x300.webp\" alt=\"\" width=\"64\" height=\"220\" srcset=\"https:\/\/www.bodegasprotos.com\/wp-content\/uploads\/2025\/02\/Aire-de-Protos-87x300.webp 87w, https:\/\/www.bodegasprotos.com\/wp-content\/uploads\/2025\/02\/Aire-de-Protos-298x1024.jpg 298w, https:\/\/www.bodegasprotos.com\/wp-content\/uploads\/2025\/02\/Aire-de-Protos-44x150.webp 44w, https:\/\/www.bodegasprotos.com\/wp-content\/uploads\/2025\/02\/Aire-de-Protos-768x2637.jpg 768w, https:\/\/www.bodegasprotos.com\/wp-content\/uploads\/2025\/02\/Aire-de-Protos-447x1536.jpg 447w, https:\/\/www.bodegasprotos.com\/wp-content\/uploads\/2025\/02\/Aire-de-Protos-596x2048.jpg 596w, https:\/\/www.bodegasprotos.com\/wp-content\/uploads\/2025\/02\/Aire-de-Protos-scaled.jpg 746w\" sizes=\"(max-width: 64px) 100vw, 64px\" \/><\/p>\n<p data-start=\"3935\" data-end=\"4229\">Estos arquitectos levantaron formas que a\u00fan nos ordenan la mirada. Elegir un Protos para brindar a su lado no es un juego de maridaje, sino una forma de reconocer el mismo trinomio que comparten la arquitectura y el vino: un lugar que habla, un oficio que escucha y un tiempo que afina.<\/p>\n","protected":false},"excerpt":{"rendered":"<p>La buena arquitectura y el buen vino comparten tres cosas: origen, proporci\u00f3n y tiempo. Hoy recuperamos a cinco&#8230;<\/p>\n","protected":false},"author":3,"featured_media":42985,"comment_status":"closed","ping_status":"closed","sticky":false,"template":"","format":"standard","meta":{"_acf_changed":false,"footnotes":""},"categories":[87,1],"tags":[],"class_list":["post-42984","post","type-post","status-publish","format-standard","has-post-thumbnail","hentry","category-blog","category-general"],"acf":[],"yoast_head":"<!-- This site is optimized with the Yoast SEO plugin v27.4 - https:\/\/yoast.com\/product\/yoast-seo-wordpress\/ -->\n<title>Obras para admirar y un Protos para brindar - Bodegas Protos<\/title>\n<meta name=\"description\" content=\"La buena arquitectura y el buen vino comparten tres cosas: origen, proporci\u00f3n y tiempo. Hoy recuperamos a cinco arquitectos que marcaron el paisaje\" \/>\n<meta name=\"robots\" content=\"index, follow, max-snippet:-1, max-image-preview:large, max-video-preview:-1\" \/>\n<link rel=\"canonical\" href=\"https:\/\/www.bodegasprotos.com\/es\/blog\/obras-para-admirar-y-un-protos-para-brindar\/\" \/>\n<meta property=\"og:locale\" content=\"es_ES\" \/>\n<meta property=\"og:type\" content=\"article\" \/>\n<meta property=\"og:title\" content=\"Obras para admirar y un Protos para brindar - Bodegas Protos\" \/>\n<meta property=\"og:description\" content=\"La buena arquitectura y el buen vino comparten tres cosas: origen, proporci\u00f3n y tiempo. Hoy recuperamos a cinco arquitectos que marcaron el paisaje\" \/>\n<meta property=\"og:url\" content=\"https:\/\/www.bodegasprotos.com\/es\/blog\/obras-para-admirar-y-un-protos-para-brindar\/\" \/>\n<meta property=\"og:site_name\" content=\"Bodegas Protos\" \/>\n<meta property=\"article:publisher\" content=\"https:\/\/www.facebook.com\/BodegasProtos\" \/>\n<meta property=\"article:published_time\" content=\"2025-10-10T09:32:21+00:00\" \/>\n<meta property=\"og:image\" content=\"https:\/\/www.bodegasprotos.com\/wp-content\/uploads\/2025\/10\/pexels-jibarofoto-14631022-scaled.jpg\" \/>\n\t<meta property=\"og:image:width\" content=\"2560\" \/>\n\t<meta property=\"og:image:height\" content=\"1707\" \/>\n\t<meta property=\"og:image:type\" content=\"image\/jpeg\" \/>\n<meta name=\"author\" content=\"Bodegas Protos (F)\" \/>\n<meta name=\"twitter:card\" content=\"summary_large_image\" \/>\n<meta name=\"twitter:creator\" content=\"@Bodegas_Protos\" \/>\n<meta name=\"twitter:site\" content=\"@Bodegas_Protos\" \/>\n<meta name=\"twitter:label1\" content=\"Escrito por\" \/>\n\t<meta name=\"twitter:data1\" content=\"Bodegas Protos (F)\" \/>\n\t<meta name=\"twitter:label2\" content=\"Tiempo de lectura\" \/>\n\t<meta name=\"twitter:data2\" content=\"4 minutos\" \/>\n<script type=\"application\/ld+json\" class=\"yoast-schema-graph\">{\"@context\":\"https:\\\/\\\/schema.org\",\"@graph\":[{\"@type\":\"Article\",\"@id\":\"https:\\\/\\\/www.bodegasprotos.com\\\/es\\\/blog\\\/obras-para-admirar-y-un-protos-para-brindar\\\/#article\",\"isPartOf\":{\"@id\":\"https:\\\/\\\/www.bodegasprotos.com\\\/es\\\/blog\\\/obras-para-admirar-y-un-protos-para-brindar\\\/\"},\"author\":{\"name\":\"Bodegas Protos (F)\",\"@id\":\"https:\\\/\\\/www.bodegasprotos.com\\\/es\\\/#\\\/schema\\\/person\\\/6cb69a08afa14171755cee0df7d20027\"},\"headline\":\"Obras para admirar y un Protos para brindar\",\"datePublished\":\"2025-10-10T09:32:21+00:00\",\"mainEntityOfPage\":{\"@id\":\"https:\\\/\\\/www.bodegasprotos.com\\\/es\\\/blog\\\/obras-para-admirar-y-un-protos-para-brindar\\\/\"},\"wordCount\":586,\"publisher\":{\"@id\":\"https:\\\/\\\/www.bodegasprotos.com\\\/es\\\/#organization\"},\"image\":{\"@id\":\"https:\\\/\\\/www.bodegasprotos.com\\\/es\\\/blog\\\/obras-para-admirar-y-un-protos-para-brindar\\\/#primaryimage\"},\"thumbnailUrl\":\"https:\\\/\\\/www.bodegasprotos.com\\\/wp-content\\\/uploads\\\/2025\\\/10\\\/pexels-jibarofoto-14631022-scaled.jpg\",\"articleSection\":[\"Blog\",\"General\"],\"inLanguage\":\"es\"},{\"@type\":\"WebPage\",\"@id\":\"https:\\\/\\\/www.bodegasprotos.com\\\/es\\\/blog\\\/obras-para-admirar-y-un-protos-para-brindar\\\/\",\"url\":\"https:\\\/\\\/www.bodegasprotos.com\\\/es\\\/blog\\\/obras-para-admirar-y-un-protos-para-brindar\\\/\",\"name\":\"Obras para admirar y un Protos para brindar - Bodegas Protos\",\"isPartOf\":{\"@id\":\"https:\\\/\\\/www.bodegasprotos.com\\\/es\\\/#website\"},\"primaryImageOfPage\":{\"@id\":\"https:\\\/\\\/www.bodegasprotos.com\\\/es\\\/blog\\\/obras-para-admirar-y-un-protos-para-brindar\\\/#primaryimage\"},\"image\":{\"@id\":\"https:\\\/\\\/www.bodegasprotos.com\\\/es\\\/blog\\\/obras-para-admirar-y-un-protos-para-brindar\\\/#primaryimage\"},\"thumbnailUrl\":\"https:\\\/\\\/www.bodegasprotos.com\\\/wp-content\\\/uploads\\\/2025\\\/10\\\/pexels-jibarofoto-14631022-scaled.jpg\",\"datePublished\":\"2025-10-10T09:32:21+00:00\",\"description\":\"La buena arquitectura y el buen vino comparten tres cosas: origen, proporci\u00f3n y tiempo. Hoy recuperamos a cinco arquitectos que marcaron el paisaje\",\"breadcrumb\":{\"@id\":\"https:\\\/\\\/www.bodegasprotos.com\\\/es\\\/blog\\\/obras-para-admirar-y-un-protos-para-brindar\\\/#breadcrumb\"},\"inLanguage\":\"es\",\"potentialAction\":[{\"@type\":\"ReadAction\",\"target\":[\"https:\\\/\\\/www.bodegasprotos.com\\\/es\\\/blog\\\/obras-para-admirar-y-un-protos-para-brindar\\\/\"]}]},{\"@type\":\"ImageObject\",\"inLanguage\":\"es\",\"@id\":\"https:\\\/\\\/www.bodegasprotos.com\\\/es\\\/blog\\\/obras-para-admirar-y-un-protos-para-brindar\\\/#primaryimage\",\"url\":\"https:\\\/\\\/www.bodegasprotos.com\\\/wp-content\\\/uploads\\\/2025\\\/10\\\/pexels-jibarofoto-14631022-scaled.jpg\",\"contentUrl\":\"https:\\\/\\\/www.bodegasprotos.com\\\/wp-content\\\/uploads\\\/2025\\\/10\\\/pexels-jibarofoto-14631022-scaled.jpg\",\"width\":2560,\"height\":1707},{\"@type\":\"BreadcrumbList\",\"@id\":\"https:\\\/\\\/www.bodegasprotos.com\\\/es\\\/blog\\\/obras-para-admirar-y-un-protos-para-brindar\\\/#breadcrumb\",\"itemListElement\":[{\"@type\":\"ListItem\",\"position\":1,\"name\":\"Portada\",\"item\":\"https:\\\/\\\/www.bodegasprotos.com\\\/es\\\/\"},{\"@type\":\"ListItem\",\"position\":2,\"name\":\"Obras para admirar y un Protos para brindar\"}]},{\"@type\":\"WebSite\",\"@id\":\"https:\\\/\\\/www.bodegasprotos.com\\\/es\\\/#website\",\"url\":\"https:\\\/\\\/www.bodegasprotos.com\\\/es\\\/\",\"name\":\"Bodegas Protos\",\"description\":\"Vinos de la Denominaci\u00f3n de Origen Ribera del Duero, Rueda y Cigales\",\"publisher\":{\"@id\":\"https:\\\/\\\/www.bodegasprotos.com\\\/es\\\/#organization\"},\"potentialAction\":[{\"@type\":\"SearchAction\",\"target\":{\"@type\":\"EntryPoint\",\"urlTemplate\":\"https:\\\/\\\/www.bodegasprotos.com\\\/es\\\/?s={search_term_string}\"},\"query-input\":{\"@type\":\"PropertyValueSpecification\",\"valueRequired\":true,\"valueName\":\"search_term_string\"}}],\"inLanguage\":\"es\"},{\"@type\":\"Organization\",\"@id\":\"https:\\\/\\\/www.bodegasprotos.com\\\/es\\\/#organization\",\"name\":\"Bodegas Protos\",\"url\":\"https:\\\/\\\/www.bodegasprotos.com\\\/es\\\/\",\"logo\":{\"@type\":\"ImageObject\",\"inLanguage\":\"es\",\"@id\":\"https:\\\/\\\/www.bodegasprotos.com\\\/es\\\/#\\\/schema\\\/logo\\\/image\\\/\",\"url\":\"https:\\\/\\\/www.bodegasprotos.com\\\/wp-content\\\/uploads\\\/2024\\\/06\\\/PROTOS-LOGOS-VERSIONES-13.png\",\"contentUrl\":\"https:\\\/\\\/www.bodegasprotos.com\\\/wp-content\\\/uploads\\\/2024\\\/06\\\/PROTOS-LOGOS-VERSIONES-13.png\",\"width\":2362,\"height\":2362,\"caption\":\"Bodegas Protos\"},\"image\":{\"@id\":\"https:\\\/\\\/www.bodegasprotos.com\\\/es\\\/#\\\/schema\\\/logo\\\/image\\\/\"},\"sameAs\":[\"https:\\\/\\\/www.facebook.com\\\/BodegasProtos\",\"https:\\\/\\\/x.com\\\/Bodegas_Protos\",\"https:\\\/\\\/www.instagram.com\\\/bodegasprotosoficial\\\/\",\"https:\\\/\\\/www.linkedin.com\\\/company\\\/bodegasprotos\\\/\",\"https:\\\/\\\/pinterest.com\\\/BodegasProtos\\\/\",\"http:\\\/\\\/www.youtube.com\\\/user\\\/BodegasProtos\",\"https:\\\/\\\/es.wikipedia.org\\\/wiki\\\/Bodegas_Protos\"]},{\"@type\":\"Person\",\"@id\":\"https:\\\/\\\/www.bodegasprotos.com\\\/es\\\/#\\\/schema\\\/person\\\/6cb69a08afa14171755cee0df7d20027\",\"name\":\"Bodegas Protos (F)\",\"image\":{\"@type\":\"ImageObject\",\"inLanguage\":\"es\",\"@id\":\"https:\\\/\\\/secure.gravatar.com\\\/avatar\\\/cc613a9fd2ee203f402357c1b4aa2b7c041016cbf1eab1e41bde410b2ebd7f94?s=96&d=mm&r=g\",\"url\":\"https:\\\/\\\/secure.gravatar.com\\\/avatar\\\/cc613a9fd2ee203f402357c1b4aa2b7c041016cbf1eab1e41bde410b2ebd7f94?s=96&d=mm&r=g\",\"contentUrl\":\"https:\\\/\\\/secure.gravatar.com\\\/avatar\\\/cc613a9fd2ee203f402357c1b4aa2b7c041016cbf1eab1e41bde410b2ebd7f94?s=96&d=mm&r=g\",\"caption\":\"Bodegas Protos (F)\"},\"sameAs\":[\"https:\\\/\\\/www.bodegasprotos.com\"]}]}<\/script>\n<!-- \/ Yoast SEO plugin. -->","yoast_head_json":{"title":"Obras para admirar y un Protos para brindar - Bodegas Protos","description":"La buena arquitectura y el buen vino comparten tres cosas: origen, proporci\u00f3n y tiempo. Hoy recuperamos a cinco arquitectos que marcaron el paisaje","robots":{"index":"index","follow":"follow","max-snippet":"max-snippet:-1","max-image-preview":"max-image-preview:large","max-video-preview":"max-video-preview:-1"},"canonical":"https:\/\/www.bodegasprotos.com\/es\/blog\/obras-para-admirar-y-un-protos-para-brindar\/","og_locale":"es_ES","og_type":"article","og_title":"Obras para admirar y un Protos para brindar - Bodegas Protos","og_description":"La buena arquitectura y el buen vino comparten tres cosas: origen, proporci\u00f3n y tiempo. Hoy recuperamos a cinco arquitectos que marcaron el paisaje","og_url":"https:\/\/www.bodegasprotos.com\/es\/blog\/obras-para-admirar-y-un-protos-para-brindar\/","og_site_name":"Bodegas Protos","article_publisher":"https:\/\/www.facebook.com\/BodegasProtos","article_published_time":"2025-10-10T09:32:21+00:00","og_image":[{"width":2560,"height":1707,"url":"https:\/\/www.bodegasprotos.com\/wp-content\/uploads\/2025\/10\/pexels-jibarofoto-14631022-scaled.jpg","type":"image\/jpeg"}],"author":"Bodegas Protos (F)","twitter_card":"summary_large_image","twitter_creator":"@Bodegas_Protos","twitter_site":"@Bodegas_Protos","twitter_misc":{"Escrito por":"Bodegas Protos (F)","Tiempo de lectura":"4 minutos"},"schema":{"@context":"https:\/\/schema.org","@graph":[{"@type":"Article","@id":"https:\/\/www.bodegasprotos.com\/es\/blog\/obras-para-admirar-y-un-protos-para-brindar\/#article","isPartOf":{"@id":"https:\/\/www.bodegasprotos.com\/es\/blog\/obras-para-admirar-y-un-protos-para-brindar\/"},"author":{"name":"Bodegas Protos (F)","@id":"https:\/\/www.bodegasprotos.com\/es\/#\/schema\/person\/6cb69a08afa14171755cee0df7d20027"},"headline":"Obras para admirar y un Protos para brindar","datePublished":"2025-10-10T09:32:21+00:00","mainEntityOfPage":{"@id":"https:\/\/www.bodegasprotos.com\/es\/blog\/obras-para-admirar-y-un-protos-para-brindar\/"},"wordCount":586,"publisher":{"@id":"https:\/\/www.bodegasprotos.com\/es\/#organization"},"image":{"@id":"https:\/\/www.bodegasprotos.com\/es\/blog\/obras-para-admirar-y-un-protos-para-brindar\/#primaryimage"},"thumbnailUrl":"https:\/\/www.bodegasprotos.com\/wp-content\/uploads\/2025\/10\/pexels-jibarofoto-14631022-scaled.jpg","articleSection":["Blog","General"],"inLanguage":"es"},{"@type":"WebPage","@id":"https:\/\/www.bodegasprotos.com\/es\/blog\/obras-para-admirar-y-un-protos-para-brindar\/","url":"https:\/\/www.bodegasprotos.com\/es\/blog\/obras-para-admirar-y-un-protos-para-brindar\/","name":"Obras para admirar y un Protos para brindar - Bodegas Protos","isPartOf":{"@id":"https:\/\/www.bodegasprotos.com\/es\/#website"},"primaryImageOfPage":{"@id":"https:\/\/www.bodegasprotos.com\/es\/blog\/obras-para-admirar-y-un-protos-para-brindar\/#primaryimage"},"image":{"@id":"https:\/\/www.bodegasprotos.com\/es\/blog\/obras-para-admirar-y-un-protos-para-brindar\/#primaryimage"},"thumbnailUrl":"https:\/\/www.bodegasprotos.com\/wp-content\/uploads\/2025\/10\/pexels-jibarofoto-14631022-scaled.jpg","datePublished":"2025-10-10T09:32:21+00:00","description":"La buena arquitectura y el buen vino comparten tres cosas: origen, proporci\u00f3n y tiempo. Hoy recuperamos a cinco arquitectos que marcaron el paisaje","breadcrumb":{"@id":"https:\/\/www.bodegasprotos.com\/es\/blog\/obras-para-admirar-y-un-protos-para-brindar\/#breadcrumb"},"inLanguage":"es","potentialAction":[{"@type":"ReadAction","target":["https:\/\/www.bodegasprotos.com\/es\/blog\/obras-para-admirar-y-un-protos-para-brindar\/"]}]},{"@type":"ImageObject","inLanguage":"es","@id":"https:\/\/www.bodegasprotos.com\/es\/blog\/obras-para-admirar-y-un-protos-para-brindar\/#primaryimage","url":"https:\/\/www.bodegasprotos.com\/wp-content\/uploads\/2025\/10\/pexels-jibarofoto-14631022-scaled.jpg","contentUrl":"https:\/\/www.bodegasprotos.com\/wp-content\/uploads\/2025\/10\/pexels-jibarofoto-14631022-scaled.jpg","width":2560,"height":1707},{"@type":"BreadcrumbList","@id":"https:\/\/www.bodegasprotos.com\/es\/blog\/obras-para-admirar-y-un-protos-para-brindar\/#breadcrumb","itemListElement":[{"@type":"ListItem","position":1,"name":"Portada","item":"https:\/\/www.bodegasprotos.com\/es\/"},{"@type":"ListItem","position":2,"name":"Obras para admirar y un Protos para brindar"}]},{"@type":"WebSite","@id":"https:\/\/www.bodegasprotos.com\/es\/#website","url":"https:\/\/www.bodegasprotos.com\/es\/","name":"Bodegas Protos","description":"Vinos de la Denominaci\u00f3n de Origen Ribera del Duero, Rueda y Cigales","publisher":{"@id":"https:\/\/www.bodegasprotos.com\/es\/#organization"},"potentialAction":[{"@type":"SearchAction","target":{"@type":"EntryPoint","urlTemplate":"https:\/\/www.bodegasprotos.com\/es\/?s={search_term_string}"},"query-input":{"@type":"PropertyValueSpecification","valueRequired":true,"valueName":"search_term_string"}}],"inLanguage":"es"},{"@type":"Organization","@id":"https:\/\/www.bodegasprotos.com\/es\/#organization","name":"Bodegas Protos","url":"https:\/\/www.bodegasprotos.com\/es\/","logo":{"@type":"ImageObject","inLanguage":"es","@id":"https:\/\/www.bodegasprotos.com\/es\/#\/schema\/logo\/image\/","url":"https:\/\/www.bodegasprotos.com\/wp-content\/uploads\/2024\/06\/PROTOS-LOGOS-VERSIONES-13.png","contentUrl":"https:\/\/www.bodegasprotos.com\/wp-content\/uploads\/2024\/06\/PROTOS-LOGOS-VERSIONES-13.png","width":2362,"height":2362,"caption":"Bodegas Protos"},"image":{"@id":"https:\/\/www.bodegasprotos.com\/es\/#\/schema\/logo\/image\/"},"sameAs":["https:\/\/www.facebook.com\/BodegasProtos","https:\/\/x.com\/Bodegas_Protos","https:\/\/www.instagram.com\/bodegasprotosoficial\/","https:\/\/www.linkedin.com\/company\/bodegasprotos\/","https:\/\/pinterest.com\/BodegasProtos\/","http:\/\/www.youtube.com\/user\/BodegasProtos","https:\/\/es.wikipedia.org\/wiki\/Bodegas_Protos"]},{"@type":"Person","@id":"https:\/\/www.bodegasprotos.com\/es\/#\/schema\/person\/6cb69a08afa14171755cee0df7d20027","name":"Bodegas Protos (F)","image":{"@type":"ImageObject","inLanguage":"es","@id":"https:\/\/secure.gravatar.com\/avatar\/cc613a9fd2ee203f402357c1b4aa2b7c041016cbf1eab1e41bde410b2ebd7f94?s=96&d=mm&r=g","url":"https:\/\/secure.gravatar.com\/avatar\/cc613a9fd2ee203f402357c1b4aa2b7c041016cbf1eab1e41bde410b2ebd7f94?s=96&d=mm&r=g","contentUrl":"https:\/\/secure.gravatar.com\/avatar\/cc613a9fd2ee203f402357c1b4aa2b7c041016cbf1eab1e41bde410b2ebd7f94?s=96&d=mm&r=g","caption":"Bodegas Protos (F)"},"sameAs":["https:\/\/www.bodegasprotos.com"]}]}},"_links":{"self":[{"href":"https:\/\/www.bodegasprotos.com\/es\/wp-json\/wp\/v2\/posts\/42984","targetHints":{"allow":["GET"]}}],"collection":[{"href":"https:\/\/www.bodegasprotos.com\/es\/wp-json\/wp\/v2\/posts"}],"about":[{"href":"https:\/\/www.bodegasprotos.com\/es\/wp-json\/wp\/v2\/types\/post"}],"author":[{"embeddable":true,"href":"https:\/\/www.bodegasprotos.com\/es\/wp-json\/wp\/v2\/users\/3"}],"replies":[{"embeddable":true,"href":"https:\/\/www.bodegasprotos.com\/es\/wp-json\/wp\/v2\/comments?post=42984"}],"version-history":[{"count":1,"href":"https:\/\/www.bodegasprotos.com\/es\/wp-json\/wp\/v2\/posts\/42984\/revisions"}],"predecessor-version":[{"id":42987,"href":"https:\/\/www.bodegasprotos.com\/es\/wp-json\/wp\/v2\/posts\/42984\/revisions\/42987"}],"wp:featuredmedia":[{"embeddable":true,"href":"https:\/\/www.bodegasprotos.com\/es\/wp-json\/wp\/v2\/media\/42985"}],"wp:attachment":[{"href":"https:\/\/www.bodegasprotos.com\/es\/wp-json\/wp\/v2\/media?parent=42984"}],"wp:term":[{"taxonomy":"category","embeddable":true,"href":"https:\/\/www.bodegasprotos.com\/es\/wp-json\/wp\/v2\/categories?post=42984"},{"taxonomy":"post_tag","embeddable":true,"href":"https:\/\/www.bodegasprotos.com\/es\/wp-json\/wp\/v2\/tags?post=42984"}],"curies":[{"name":"wp","href":"https:\/\/api.w.org\/{rel}","templated":true}]}}