{"id":42397,"date":"2025-05-09T11:33:19","date_gmt":"2025-05-09T09:33:19","guid":{"rendered":"https:\/\/www.bodegasprotos.com\/?p=42397"},"modified":"2025-05-13T11:19:18","modified_gmt":"2025-05-13T09:19:18","slug":"mayo-un-mes-para-regalar-flores-y-vino","status":"publish","type":"post","link":"https:\/\/www.bodegasprotos.com\/es\/blog\/mayo-un-mes-para-regalar-flores-y-vino\/","title":{"rendered":"Mayo: Un mes para regalar flores y vino"},"content":{"rendered":"<p>Cada mayo, la naturaleza se viste de gala. Asistimos a una explosi\u00f3n sensorial: luz radiante, colores vibrantes y, sobre todo, aromas cautivadores. En este contexto de belleza y renacer, regalar se convierte en un arte. Un gesto que alcanza nuevas dimensiones al combinar dos placeres que estimulan los sentidos de forma \u00fanica: el vino y las flores.<\/p>\n<p>En Bodegas Protos, nos adentramos en este sugerente maridaje. Te invitamos a un paseo sensorial \u00fanico por la primavera, explorando la conexi\u00f3n entre cuatro de nuestros vinos y la esencia de algunas flores que parecen haber nacido para complementarlos. Descubre con nosotros este jard\u00edn arom\u00e1tico y encuentra la combinaci\u00f3n perfecta para regalar (o regalarte) emociones y sensaciones inolvidables este mes de mayo<\/p>\n<h2><strong>Protos Clarete y la amapola silvestre<\/strong><\/h2>\n<p>Comenzamos este paseo con <a href=\"https:\/\/www.bodegasprotos.com\/en\/wine\/clarete\/\"><strong>Protos Clarete<\/strong><\/a>. Un vino fresco, de un vibrante color rosa grosella, con aromas que evocan la fruta roja fresca del campo. Es un vino directo, goloso y muy f\u00e1cil de disfrutar.<\/p>\n<p><img decoding=\"async\" class=\"aligncenter wp-image-34836\" src=\"https:\/\/www.bodegasprotos.com\/wp-content\/uploads\/2022\/11\/Protos_Clarete-202x300.jpg\" alt=\"Vino Protos Clarete\" width=\"161\" height=\"239\" srcset=\"https:\/\/www.bodegasprotos.com\/wp-content\/uploads\/2022\/11\/Protos_Clarete-202x300.jpg 202w, https:\/\/www.bodegasprotos.com\/wp-content\/uploads\/2022\/11\/Protos_Clarete-691x1024.jpg 691w, https:\/\/www.bodegasprotos.com\/wp-content\/uploads\/2022\/11\/Protos_Clarete-768x1138.jpg 768w, https:\/\/www.bodegasprotos.com\/wp-content\/uploads\/2022\/11\/Protos_Clarete-1036x1536.jpg 1036w, https:\/\/www.bodegasprotos.com\/wp-content\/uploads\/2022\/11\/Protos_Clarete-1382x2048.jpg 1382w, https:\/\/www.bodegasprotos.com\/wp-content\/uploads\/2022\/11\/Protos_Clarete-scaled.jpg 1727w\" sizes=\"(max-width: 161px) 100vw, 161px\" \/><\/p>\n<p>Frente a \u00e9l, colocamos la amapola silvestre. Con su rojo intenso y su crecimiento espont\u00e1neo en los prados, es un s\u00edmbolo de vitalidad, de belleza natural y de la energ\u00eda desbordante de la primavera.<\/p>\n<p><img data-dominant-color=\"999070\" data-has-transparency=\"false\" style=\"--dominant-color: #999070;\" fetchpriority=\"high\" decoding=\"async\" class=\"aligncenter size-medium wp-image-42400 not-transparent\" src=\"https:\/\/www.bodegasprotos.com\/wp-content\/uploads\/2025\/05\/pexels-pixabay-461284-300x200.jpg\" alt=\"\" width=\"300\" height=\"200\" srcset=\"https:\/\/www.bodegasprotos.com\/wp-content\/uploads\/2025\/05\/pexels-pixabay-461284-300x200.jpg 300w, https:\/\/www.bodegasprotos.com\/wp-content\/uploads\/2025\/05\/pexels-pixabay-461284-1024x684.jpg 1024w, https:\/\/www.bodegasprotos.com\/wp-content\/uploads\/2025\/05\/pexels-pixabay-461284-150x100.jpg 150w, https:\/\/www.bodegasprotos.com\/wp-content\/uploads\/2025\/05\/pexels-pixabay-461284-768x513.jpg 768w, https:\/\/www.bodegasprotos.com\/wp-content\/uploads\/2025\/05\/pexels-pixabay-461284-1536x1025.jpg 1536w, https:\/\/www.bodegasprotos.com\/wp-content\/uploads\/2025\/05\/pexels-pixabay-461284-2048x1367.jpg 2048w\" sizes=\"(max-width: 300px) 100vw, 300px\" \/><\/p>\n<p>La conexi\u00f3n entre ellos es visual y sensorial. El color vibrante del Protos Clarete se espeja en el rojo apasionado de la amapola. Ambos transmiten una sensaci\u00f3n de frescura campestre y de vitalidad pura, invitando a disfrutar del momento con alegr\u00eda y sin artificios, tal como la amapola adorna el paisaje con su sencilla belleza.<\/p>\n<h2><strong>Protos 9 Meses y la violeta<\/strong><\/h2>\n<p>Continuamos con <a href=\"https:\/\/www.bodegasprotos.com\/es\/vino\/protos-9-meses\/\"><strong>Protos 9 Meses<\/strong><\/a>. Un vino tinto joven con un brillante color rojo rub\u00ed de tonos viol\u00e1ceos. En nariz, sus aromas a fruta negra se mezclan con sutiles notas aportadas por su paso por barrica. En boca, es equilibrado, con taninos agradables y un final afrutado.<\/p>\n<p><img decoding=\"async\" class=\"wp-image-32888 aligncenter\" src=\"https:\/\/www.bodegasprotos.com\/wp-content\/uploads\/2021\/09\/Protos_9-meses_ecologico-225x300.jpg\" alt=\"Protos 9 meses 2019\" width=\"176\" height=\"235\" srcset=\"https:\/\/www.bodegasprotos.com\/wp-content\/uploads\/2021\/09\/Protos_9-meses_ecologico-225x300.jpg 225w, https:\/\/www.bodegasprotos.com\/wp-content\/uploads\/2021\/09\/Protos_9-meses_ecologico-768x1024.jpg 768w, https:\/\/www.bodegasprotos.com\/wp-content\/uploads\/2021\/09\/Protos_9-meses_ecologico-1152x1536.jpg 1152w, https:\/\/www.bodegasprotos.com\/wp-content\/uploads\/2021\/09\/Protos_9-meses_ecologico-1536x2048.jpg 1536w, https:\/\/www.bodegasprotos.com\/wp-content\/uploads\/2021\/09\/Protos_9-meses_ecologico-scaled.jpg 1920w\" sizes=\"(max-width: 176px) 100vw, 176px\" \/><\/p>\n<p>Nuestra flor elegida es la violeta. Peque\u00f1a, de intenso color morado y con un perfume delicado pero distintivo. Su aroma, a menudo presente en las descripciones de vinos tintos j\u00f3venes, evoca misterio y elegancia discreta.<\/p>\n<p><img data-dominant-color=\"7b6c86\" data-has-transparency=\"false\" style=\"--dominant-color: #7b6c86;\" loading=\"lazy\" decoding=\"async\" class=\"aligncenter size-medium wp-image-42402 not-transparent\" src=\"https:\/\/www.bodegasprotos.com\/wp-content\/uploads\/2025\/05\/pexels-pixabay-64730-300x200.jpg\" alt=\"\" width=\"300\" height=\"200\" srcset=\"https:\/\/www.bodegasprotos.com\/wp-content\/uploads\/2025\/05\/pexels-pixabay-64730-300x200.jpg 300w, https:\/\/www.bodegasprotos.com\/wp-content\/uploads\/2025\/05\/pexels-pixabay-64730-1024x683.jpg 1024w, https:\/\/www.bodegasprotos.com\/wp-content\/uploads\/2025\/05\/pexels-pixabay-64730-150x100.jpg 150w, https:\/\/www.bodegasprotos.com\/wp-content\/uploads\/2025\/05\/pexels-pixabay-64730-768x512.jpg 768w, https:\/\/www.bodegasprotos.com\/wp-content\/uploads\/2025\/05\/pexels-pixabay-64730-1536x1024.jpg 1536w, https:\/\/www.bodegasprotos.com\/wp-content\/uploads\/2025\/05\/pexels-pixabay-64730-2048x1365.jpg 2048w\" sizes=\"(max-width: 300px) 100vw, 300px\" \/><\/p>\n<p>El color viol\u00e1ceo del vino en sus ribetes dialoga directamente con el tono de la violeta. Adem\u00e1s, el aroma sutil de esta flor puede complementar o a\u00f1adir una capa po\u00e9tica a las notas frutales y de barrica del Protos 9 Meses, sugiriendo una complejidad que se revela con calma, como el perfume de una violeta escondida entre la hierba.<\/p>\n<h2><strong>Protos Carroa y la rosa roja <\/strong><\/h2>\n<p>Llegamos a <a href=\"https:\/\/www.bodegasprotos.com\/es\/vino\/carroa\/\"><strong>Protos Carroa<\/strong><\/a>. Un vino tinto de color rojo picota, reconocido por su elegancia, complejidad y car\u00e1cter sugerente. Combina intensos aromas a fruta madura con finas notas de crianza, ofreciendo una textura aterciopelada en boca.<\/p>\n<p><img data-dominant-color=\"d6d5d5\" data-has-transparency=\"false\" style=\"--dominant-color: #d6d5d5;\" loading=\"lazy\" decoding=\"async\" class=\"aligncenter wp-image-42061 not-transparent\" src=\"https:\/\/www.bodegasprotos.com\/wp-content\/uploads\/2025\/03\/Protos-Carroa-189x300.jpg\" alt=\"\" width=\"160\" height=\"254\" srcset=\"https:\/\/www.bodegasprotos.com\/wp-content\/uploads\/2025\/03\/Protos-Carroa-189x300.jpg 189w, https:\/\/www.bodegasprotos.com\/wp-content\/uploads\/2025\/03\/Protos-Carroa-644x1024.jpg 644w, https:\/\/www.bodegasprotos.com\/wp-content\/uploads\/2025\/03\/Protos-Carroa-94x150.jpg 94w, https:\/\/www.bodegasprotos.com\/wp-content\/uploads\/2025\/03\/Protos-Carroa-768x1222.jpg 768w, https:\/\/www.bodegasprotos.com\/wp-content\/uploads\/2025\/03\/Protos-Carroa-965x1536.jpg 965w, https:\/\/www.bodegasprotos.com\/wp-content\/uploads\/2025\/03\/Protos-Carroa-1287x2048.jpg 1287w, https:\/\/www.bodegasprotos.com\/wp-content\/uploads\/2025\/03\/Protos-Carroa-scaled.jpg 1609w\" sizes=\"(max-width: 160px) 100vw, 160px\" \/><\/p>\n<p>Su pareja floral es la rosa roja cl\u00e1sica. S\u00edmbolo universal de la pasi\u00f3n, la belleza atemporal y la sofisticaci\u00f3n. Su color profundo y la perfecci\u00f3n de sus p\u00e9talos sugieren una complejidad y una riqueza que se aprecian con detenimiento.<\/p>\n<p><img data-dominant-color=\"653e3a\" data-has-transparency=\"false\" style=\"--dominant-color: #653e3a;\" loading=\"lazy\" decoding=\"async\" class=\"aligncenter size-medium wp-image-42404 not-transparent\" src=\"https:\/\/www.bodegasprotos.com\/wp-content\/uploads\/2025\/05\/pexels-monicore-1391488-300x200.jpg\" alt=\"\" width=\"300\" height=\"200\" srcset=\"https:\/\/www.bodegasprotos.com\/wp-content\/uploads\/2025\/05\/pexels-monicore-1391488-300x200.jpg 300w, https:\/\/www.bodegasprotos.com\/wp-content\/uploads\/2025\/05\/pexels-monicore-1391488-1024x684.jpg 1024w, https:\/\/www.bodegasprotos.com\/wp-content\/uploads\/2025\/05\/pexels-monicore-1391488-150x100.jpg 150w, https:\/\/www.bodegasprotos.com\/wp-content\/uploads\/2025\/05\/pexels-monicore-1391488-768x513.jpg 768w, https:\/\/www.bodegasprotos.com\/wp-content\/uploads\/2025\/05\/pexels-monicore-1391488-1536x1025.jpg 1536w, https:\/\/www.bodegasprotos.com\/wp-content\/uploads\/2025\/05\/pexels-monicore-1391488-2048x1367.jpg 2048w\" sizes=\"(max-width: 300px) 100vw, 300px\" \/><\/p>\n<p>La conexi\u00f3n es de intensidad, elegancia y profundidad. El color rojo picota del vino encuentra su reflejo en el rojo intenso de la rosa. Ambos son complejos, seductores y est\u00e1n envueltos en un aura de distinci\u00f3n. La textura aterciopelada del vino puede recordar a la suavidad de los p\u00e9talos, haciendo de este maridaje una experiencia lujosa para los sentidos.<\/p>\n<h2><strong>Aire de Protos y la flor del almendro<\/strong><\/h2>\n<p>Finalizamos nuestro recorrido con <a href=\"https:\/\/www.bodegasprotos.com\/es\/vino\/aire-de-protos\/\"><strong>Aire de Protos<\/strong><\/a>. Un vino caracterizado por ser un rosa p\u00e1lido, fresco y sedoso. Su elegante acidez se equilibra con un complejo recuerdo frutal.<\/p>\n<p><img data-dominant-color=\"e4beaf\" data-has-transparency=\"false\" style=\"--dominant-color: #e4beaf;\" loading=\"lazy\" decoding=\"async\" class=\"wp-image-41857 not-transparent\" src=\"https:\/\/www.bodegasprotos.com\/wp-content\/uploads\/2025\/02\/Aire-de-Protos-87x300.webp\" alt=\"\" width=\"72\" height=\"248\" srcset=\"https:\/\/www.bodegasprotos.com\/wp-content\/uploads\/2025\/02\/Aire-de-Protos-87x300.webp 87w, https:\/\/www.bodegasprotos.com\/wp-content\/uploads\/2025\/02\/Aire-de-Protos-298x1024.jpg 298w, https:\/\/www.bodegasprotos.com\/wp-content\/uploads\/2025\/02\/Aire-de-Protos-768x2637.jpg 768w, https:\/\/www.bodegasprotos.com\/wp-content\/uploads\/2025\/02\/Aire-de-Protos-447x1536.jpg 447w, https:\/\/www.bodegasprotos.com\/wp-content\/uploads\/2025\/02\/Aire-de-Protos-596x2048.jpg 596w, https:\/\/www.bodegasprotos.com\/wp-content\/uploads\/2025\/02\/Aire-de-Protos-scaled.jpg 746w\" sizes=\"(max-width: 72px) 100vw, 72px\" \/><\/p>\n<p>Lo maridamos con la flor del almendro. Estas delicadas flores en tonos blancos y rosados p\u00e1lidos son heraldos de la primavera, s\u00edmbolos de fragilidad, belleza ef\u00edmera y el inicio de un nuevo ciclo en la naturaleza.<\/p>\n<p>La conexi\u00f3n m\u00e1s evidente es el color: el tono rosado p\u00e1lido del vino dialoga con la delicadeza crom\u00e1tica de la flor del almendro. Ambos transmiten una sensaci\u00f3n de frescura, sutileza y ligereza. La belleza delicada de la flor se refleja en el car\u00e1cter fresco y sutil de Aire de Protos, invitando a disfrutar de los primeros d\u00edas c\u00e1lidos con una elegancia natural.<\/p>\n<p><img data-dominant-color=\"9a8f94\" data-has-transparency=\"false\" style=\"--dominant-color: #9a8f94;\" loading=\"lazy\" decoding=\"async\" class=\"aligncenter size-medium wp-image-42406 not-transparent\" src=\"https:\/\/www.bodegasprotos.com\/wp-content\/uploads\/2025\/05\/pexels-sagimedia-6915259-300x225.jpg\" alt=\"\" width=\"300\" height=\"225\" srcset=\"https:\/\/www.bodegasprotos.com\/wp-content\/uploads\/2025\/05\/pexels-sagimedia-6915259-300x225.jpg 300w, https:\/\/www.bodegasprotos.com\/wp-content\/uploads\/2025\/05\/pexels-sagimedia-6915259-1024x768.jpg 1024w, https:\/\/www.bodegasprotos.com\/wp-content\/uploads\/2025\/05\/pexels-sagimedia-6915259-150x113.jpg 150w, https:\/\/www.bodegasprotos.com\/wp-content\/uploads\/2025\/05\/pexels-sagimedia-6915259-768x576.jpg 768w, https:\/\/www.bodegasprotos.com\/wp-content\/uploads\/2025\/05\/pexels-sagimedia-6915259-1536x1152.jpg 1536w, https:\/\/www.bodegasprotos.com\/wp-content\/uploads\/2025\/05\/pexels-sagimedia-6915259-2048x1536.jpg 2048w\" sizes=\"(max-width: 300px) 100vw, 300px\" \/><\/p>\n<p>Este paseo sensorial nos muestra que el mundo del vino y el mundo de las flores comparten un lenguaje com\u00fan: el de los sentidos y la emoci\u00f3n. Cada vino Protos, al igual que cada flor, tiene su propia personalidad, su color, su aroma y la capacidad de evocar sentimientos y recuerdos.<\/p>\n<p data-sourcepos=\"63:1-63:219\">En este mes de mayo, te invitamos a celebrar la vida con la belleza de regalar vino y flores. Explora los aromas, los colores y las sensaciones, buscando tus propias conexiones y disfrutando de la belleza que nos rodea.<\/p>\n<p data-sourcepos=\"65:1-65:118\">\u00bfCon qu\u00e9 flor maridar\u00edas tu Protos favorito este mes de mayo?<\/p>\n","protected":false},"excerpt":{"rendered":"<p>Cada mayo, la naturaleza se viste de gala. Asistimos a una explosi\u00f3n sensorial: luz radiante, colores vibrantes y,&#8230;<\/p>\n","protected":false},"author":3,"featured_media":42398,"comment_status":"closed","ping_status":"closed","sticky":false,"template":"","format":"standard","meta":{"_acf_changed":false,"footnotes":""},"categories":[87,1],"tags":[],"class_list":["post-42397","post","type-post","status-publish","format-standard","has-post-thumbnail","hentry","category-blog","category-general"],"acf":[],"yoast_head":"<!-- This site is optimized with the Yoast SEO plugin v27.5 - https:\/\/yoast.com\/product\/yoast-seo-wordpress\/ -->\n<title>Mayo: Un mes para regalar flores y vino - Bodegas Protos<\/title>\n<meta name=\"description\" content=\"Cada mayo, la naturaleza se viste de gala. Asistimos a una explosi\u00f3n sensorial: luz radiante, colores vibrantes y, sobre todo, aromas cautivadores. En\" \/>\n<meta name=\"robots\" content=\"index, follow, max-snippet:-1, max-image-preview:large, max-video-preview:-1\" \/>\n<link rel=\"canonical\" href=\"https:\/\/www.bodegasprotos.com\/es\/blog\/mayo-un-mes-para-regalar-flores-y-vino\/\" \/>\n<meta property=\"og:locale\" content=\"es_ES\" \/>\n<meta property=\"og:type\" content=\"article\" \/>\n<meta property=\"og:title\" content=\"Mayo: Un mes para regalar flores y vino - Bodegas Protos\" \/>\n<meta property=\"og:description\" content=\"Cada mayo, la naturaleza se viste de gala. Asistimos a una explosi\u00f3n sensorial: luz radiante, colores vibrantes y, sobre todo, aromas cautivadores. En\" \/>\n<meta property=\"og:url\" content=\"https:\/\/www.bodegasprotos.com\/es\/blog\/mayo-un-mes-para-regalar-flores-y-vino\/\" \/>\n<meta property=\"og:site_name\" content=\"Bodegas Protos\" \/>\n<meta property=\"article:publisher\" content=\"https:\/\/www.facebook.com\/BodegasProtos\" \/>\n<meta property=\"article:published_time\" content=\"2025-05-09T09:33:19+00:00\" \/>\n<meta property=\"article:modified_time\" content=\"2025-05-13T09:19:18+00:00\" \/>\n<meta property=\"og:image\" content=\"https:\/\/www.bodegasprotos.com\/wp-content\/uploads\/2025\/05\/pexels-dnrgs-27670860-scaled.jpg\" \/>\n\t<meta property=\"og:image:width\" content=\"2560\" \/>\n\t<meta property=\"og:image:height\" content=\"1707\" \/>\n\t<meta property=\"og:image:type\" content=\"image\/jpeg\" \/>\n<meta name=\"author\" content=\"Bodegas Protos (F)\" \/>\n<meta name=\"twitter:card\" content=\"summary_large_image\" \/>\n<meta name=\"twitter:creator\" content=\"@Bodegas_Protos\" \/>\n<meta name=\"twitter:site\" content=\"@Bodegas_Protos\" \/>\n<meta name=\"twitter:label1\" content=\"Escrito por\" \/>\n\t<meta name=\"twitter:data1\" content=\"Bodegas Protos (F)\" \/>\n\t<meta name=\"twitter:label2\" content=\"Tiempo de lectura\" \/>\n\t<meta name=\"twitter:data2\" content=\"6 minutos\" \/>\n<script type=\"application\/ld+json\" class=\"yoast-schema-graph\">{\"@context\":\"https:\\\/\\\/schema.org\",\"@graph\":[{\"@type\":\"Article\",\"@id\":\"https:\\\/\\\/www.bodegasprotos.com\\\/es\\\/blog\\\/mayo-un-mes-para-regalar-flores-y-vino\\\/#article\",\"isPartOf\":{\"@id\":\"https:\\\/\\\/www.bodegasprotos.com\\\/es\\\/blog\\\/mayo-un-mes-para-regalar-flores-y-vino\\\/\"},\"author\":{\"name\":\"Bodegas Protos (F)\",\"@id\":\"https:\\\/\\\/www.bodegasprotos.com\\\/es\\\/#\\\/schema\\\/person\\\/6cb69a08afa14171755cee0df7d20027\"},\"headline\":\"Mayo: Un mes para regalar flores y vino\",\"datePublished\":\"2025-05-09T09:33:19+00:00\",\"dateModified\":\"2025-05-13T09:19:18+00:00\",\"mainEntityOfPage\":{\"@id\":\"https:\\\/\\\/www.bodegasprotos.com\\\/es\\\/blog\\\/mayo-un-mes-para-regalar-flores-y-vino\\\/\"},\"wordCount\":821,\"publisher\":{\"@id\":\"https:\\\/\\\/www.bodegasprotos.com\\\/es\\\/#organization\"},\"image\":{\"@id\":\"https:\\\/\\\/www.bodegasprotos.com\\\/es\\\/blog\\\/mayo-un-mes-para-regalar-flores-y-vino\\\/#primaryimage\"},\"thumbnailUrl\":\"https:\\\/\\\/www.bodegasprotos.com\\\/wp-content\\\/uploads\\\/2025\\\/05\\\/pexels-dnrgs-27670860-scaled.jpg\",\"articleSection\":[\"Blog\",\"General\"],\"inLanguage\":\"es\"},{\"@type\":\"WebPage\",\"@id\":\"https:\\\/\\\/www.bodegasprotos.com\\\/es\\\/blog\\\/mayo-un-mes-para-regalar-flores-y-vino\\\/\",\"url\":\"https:\\\/\\\/www.bodegasprotos.com\\\/es\\\/blog\\\/mayo-un-mes-para-regalar-flores-y-vino\\\/\",\"name\":\"Mayo: Un mes para regalar flores y vino - Bodegas Protos\",\"isPartOf\":{\"@id\":\"https:\\\/\\\/www.bodegasprotos.com\\\/es\\\/#website\"},\"primaryImageOfPage\":{\"@id\":\"https:\\\/\\\/www.bodegasprotos.com\\\/es\\\/blog\\\/mayo-un-mes-para-regalar-flores-y-vino\\\/#primaryimage\"},\"image\":{\"@id\":\"https:\\\/\\\/www.bodegasprotos.com\\\/es\\\/blog\\\/mayo-un-mes-para-regalar-flores-y-vino\\\/#primaryimage\"},\"thumbnailUrl\":\"https:\\\/\\\/www.bodegasprotos.com\\\/wp-content\\\/uploads\\\/2025\\\/05\\\/pexels-dnrgs-27670860-scaled.jpg\",\"datePublished\":\"2025-05-09T09:33:19+00:00\",\"dateModified\":\"2025-05-13T09:19:18+00:00\",\"description\":\"Cada mayo, la naturaleza se viste de gala. Asistimos a una explosi\u00f3n sensorial: luz radiante, colores vibrantes y, sobre todo, aromas cautivadores. En\",\"breadcrumb\":{\"@id\":\"https:\\\/\\\/www.bodegasprotos.com\\\/es\\\/blog\\\/mayo-un-mes-para-regalar-flores-y-vino\\\/#breadcrumb\"},\"inLanguage\":\"es\",\"potentialAction\":[{\"@type\":\"ReadAction\",\"target\":[\"https:\\\/\\\/www.bodegasprotos.com\\\/es\\\/blog\\\/mayo-un-mes-para-regalar-flores-y-vino\\\/\"]}]},{\"@type\":\"ImageObject\",\"inLanguage\":\"es\",\"@id\":\"https:\\\/\\\/www.bodegasprotos.com\\\/es\\\/blog\\\/mayo-un-mes-para-regalar-flores-y-vino\\\/#primaryimage\",\"url\":\"https:\\\/\\\/www.bodegasprotos.com\\\/wp-content\\\/uploads\\\/2025\\\/05\\\/pexels-dnrgs-27670860-scaled.jpg\",\"contentUrl\":\"https:\\\/\\\/www.bodegasprotos.com\\\/wp-content\\\/uploads\\\/2025\\\/05\\\/pexels-dnrgs-27670860-scaled.jpg\",\"width\":2560,\"height\":1707},{\"@type\":\"BreadcrumbList\",\"@id\":\"https:\\\/\\\/www.bodegasprotos.com\\\/es\\\/blog\\\/mayo-un-mes-para-regalar-flores-y-vino\\\/#breadcrumb\",\"itemListElement\":[{\"@type\":\"ListItem\",\"position\":1,\"name\":\"Portada\",\"item\":\"https:\\\/\\\/www.bodegasprotos.com\\\/es\\\/\"},{\"@type\":\"ListItem\",\"position\":2,\"name\":\"Mayo: Un mes para regalar flores y vino\"}]},{\"@type\":\"WebSite\",\"@id\":\"https:\\\/\\\/www.bodegasprotos.com\\\/es\\\/#website\",\"url\":\"https:\\\/\\\/www.bodegasprotos.com\\\/es\\\/\",\"name\":\"Bodegas Protos\",\"description\":\"Vinos de la Denominaci\u00f3n de Origen Ribera del Duero, Rueda y Cigales\",\"publisher\":{\"@id\":\"https:\\\/\\\/www.bodegasprotos.com\\\/es\\\/#organization\"},\"potentialAction\":[{\"@type\":\"SearchAction\",\"target\":{\"@type\":\"EntryPoint\",\"urlTemplate\":\"https:\\\/\\\/www.bodegasprotos.com\\\/es\\\/?s={search_term_string}\"},\"query-input\":{\"@type\":\"PropertyValueSpecification\",\"valueRequired\":true,\"valueName\":\"search_term_string\"}}],\"inLanguage\":\"es\"},{\"@type\":\"Organization\",\"@id\":\"https:\\\/\\\/www.bodegasprotos.com\\\/es\\\/#organization\",\"name\":\"Bodegas Protos\",\"url\":\"https:\\\/\\\/www.bodegasprotos.com\\\/es\\\/\",\"logo\":{\"@type\":\"ImageObject\",\"inLanguage\":\"es\",\"@id\":\"https:\\\/\\\/www.bodegasprotos.com\\\/es\\\/#\\\/schema\\\/logo\\\/image\\\/\",\"url\":\"https:\\\/\\\/www.bodegasprotos.com\\\/wp-content\\\/uploads\\\/2024\\\/06\\\/PROTOS-LOGOS-VERSIONES-13.png\",\"contentUrl\":\"https:\\\/\\\/www.bodegasprotos.com\\\/wp-content\\\/uploads\\\/2024\\\/06\\\/PROTOS-LOGOS-VERSIONES-13.png\",\"width\":2362,\"height\":2362,\"caption\":\"Bodegas Protos\"},\"image\":{\"@id\":\"https:\\\/\\\/www.bodegasprotos.com\\\/es\\\/#\\\/schema\\\/logo\\\/image\\\/\"},\"sameAs\":[\"https:\\\/\\\/www.facebook.com\\\/BodegasProtos\",\"https:\\\/\\\/x.com\\\/Bodegas_Protos\",\"https:\\\/\\\/www.instagram.com\\\/bodegasprotosoficial\\\/\",\"https:\\\/\\\/www.linkedin.com\\\/company\\\/bodegasprotos\\\/\",\"https:\\\/\\\/pinterest.com\\\/BodegasProtos\\\/\",\"http:\\\/\\\/www.youtube.com\\\/user\\\/BodegasProtos\",\"https:\\\/\\\/es.wikipedia.org\\\/wiki\\\/Bodegas_Protos\"]},{\"@type\":\"Person\",\"@id\":\"https:\\\/\\\/www.bodegasprotos.com\\\/es\\\/#\\\/schema\\\/person\\\/6cb69a08afa14171755cee0df7d20027\",\"name\":\"Bodegas Protos (F)\",\"image\":{\"@type\":\"ImageObject\",\"inLanguage\":\"es\",\"@id\":\"https:\\\/\\\/secure.gravatar.com\\\/avatar\\\/cc613a9fd2ee203f402357c1b4aa2b7c041016cbf1eab1e41bde410b2ebd7f94?s=96&d=mm&r=g\",\"url\":\"https:\\\/\\\/secure.gravatar.com\\\/avatar\\\/cc613a9fd2ee203f402357c1b4aa2b7c041016cbf1eab1e41bde410b2ebd7f94?s=96&d=mm&r=g\",\"contentUrl\":\"https:\\\/\\\/secure.gravatar.com\\\/avatar\\\/cc613a9fd2ee203f402357c1b4aa2b7c041016cbf1eab1e41bde410b2ebd7f94?s=96&d=mm&r=g\",\"caption\":\"Bodegas Protos (F)\"},\"sameAs\":[\"https:\\\/\\\/www.bodegasprotos.com\"]}]}<\/script>\n<!-- \/ Yoast SEO plugin. -->","yoast_head_json":{"title":"Mayo: Un mes para regalar flores y vino - Bodegas Protos","description":"Cada mayo, la naturaleza se viste de gala. Asistimos a una explosi\u00f3n sensorial: luz radiante, colores vibrantes y, sobre todo, aromas cautivadores. En","robots":{"index":"index","follow":"follow","max-snippet":"max-snippet:-1","max-image-preview":"max-image-preview:large","max-video-preview":"max-video-preview:-1"},"canonical":"https:\/\/www.bodegasprotos.com\/es\/blog\/mayo-un-mes-para-regalar-flores-y-vino\/","og_locale":"es_ES","og_type":"article","og_title":"Mayo: Un mes para regalar flores y vino - Bodegas Protos","og_description":"Cada mayo, la naturaleza se viste de gala. Asistimos a una explosi\u00f3n sensorial: luz radiante, colores vibrantes y, sobre todo, aromas cautivadores. En","og_url":"https:\/\/www.bodegasprotos.com\/es\/blog\/mayo-un-mes-para-regalar-flores-y-vino\/","og_site_name":"Bodegas Protos","article_publisher":"https:\/\/www.facebook.com\/BodegasProtos","article_published_time":"2025-05-09T09:33:19+00:00","article_modified_time":"2025-05-13T09:19:18+00:00","og_image":[{"width":2560,"height":1707,"url":"https:\/\/www.bodegasprotos.com\/wp-content\/uploads\/2025\/05\/pexels-dnrgs-27670860-scaled.jpg","type":"image\/jpeg"}],"author":"Bodegas Protos (F)","twitter_card":"summary_large_image","twitter_creator":"@Bodegas_Protos","twitter_site":"@Bodegas_Protos","twitter_misc":{"Escrito por":"Bodegas Protos (F)","Tiempo de lectura":"6 minutos"},"schema":{"@context":"https:\/\/schema.org","@graph":[{"@type":"Article","@id":"https:\/\/www.bodegasprotos.com\/es\/blog\/mayo-un-mes-para-regalar-flores-y-vino\/#article","isPartOf":{"@id":"https:\/\/www.bodegasprotos.com\/es\/blog\/mayo-un-mes-para-regalar-flores-y-vino\/"},"author":{"name":"Bodegas Protos (F)","@id":"https:\/\/www.bodegasprotos.com\/es\/#\/schema\/person\/6cb69a08afa14171755cee0df7d20027"},"headline":"Mayo: Un mes para regalar flores y vino","datePublished":"2025-05-09T09:33:19+00:00","dateModified":"2025-05-13T09:19:18+00:00","mainEntityOfPage":{"@id":"https:\/\/www.bodegasprotos.com\/es\/blog\/mayo-un-mes-para-regalar-flores-y-vino\/"},"wordCount":821,"publisher":{"@id":"https:\/\/www.bodegasprotos.com\/es\/#organization"},"image":{"@id":"https:\/\/www.bodegasprotos.com\/es\/blog\/mayo-un-mes-para-regalar-flores-y-vino\/#primaryimage"},"thumbnailUrl":"https:\/\/www.bodegasprotos.com\/wp-content\/uploads\/2025\/05\/pexels-dnrgs-27670860-scaled.jpg","articleSection":["Blog","General"],"inLanguage":"es"},{"@type":"WebPage","@id":"https:\/\/www.bodegasprotos.com\/es\/blog\/mayo-un-mes-para-regalar-flores-y-vino\/","url":"https:\/\/www.bodegasprotos.com\/es\/blog\/mayo-un-mes-para-regalar-flores-y-vino\/","name":"Mayo: Un mes para regalar flores y vino - Bodegas Protos","isPartOf":{"@id":"https:\/\/www.bodegasprotos.com\/es\/#website"},"primaryImageOfPage":{"@id":"https:\/\/www.bodegasprotos.com\/es\/blog\/mayo-un-mes-para-regalar-flores-y-vino\/#primaryimage"},"image":{"@id":"https:\/\/www.bodegasprotos.com\/es\/blog\/mayo-un-mes-para-regalar-flores-y-vino\/#primaryimage"},"thumbnailUrl":"https:\/\/www.bodegasprotos.com\/wp-content\/uploads\/2025\/05\/pexels-dnrgs-27670860-scaled.jpg","datePublished":"2025-05-09T09:33:19+00:00","dateModified":"2025-05-13T09:19:18+00:00","description":"Cada mayo, la naturaleza se viste de gala. Asistimos a una explosi\u00f3n sensorial: luz radiante, colores vibrantes y, sobre todo, aromas cautivadores. En","breadcrumb":{"@id":"https:\/\/www.bodegasprotos.com\/es\/blog\/mayo-un-mes-para-regalar-flores-y-vino\/#breadcrumb"},"inLanguage":"es","potentialAction":[{"@type":"ReadAction","target":["https:\/\/www.bodegasprotos.com\/es\/blog\/mayo-un-mes-para-regalar-flores-y-vino\/"]}]},{"@type":"ImageObject","inLanguage":"es","@id":"https:\/\/www.bodegasprotos.com\/es\/blog\/mayo-un-mes-para-regalar-flores-y-vino\/#primaryimage","url":"https:\/\/www.bodegasprotos.com\/wp-content\/uploads\/2025\/05\/pexels-dnrgs-27670860-scaled.jpg","contentUrl":"https:\/\/www.bodegasprotos.com\/wp-content\/uploads\/2025\/05\/pexels-dnrgs-27670860-scaled.jpg","width":2560,"height":1707},{"@type":"BreadcrumbList","@id":"https:\/\/www.bodegasprotos.com\/es\/blog\/mayo-un-mes-para-regalar-flores-y-vino\/#breadcrumb","itemListElement":[{"@type":"ListItem","position":1,"name":"Portada","item":"https:\/\/www.bodegasprotos.com\/es\/"},{"@type":"ListItem","position":2,"name":"Mayo: Un mes para regalar flores y vino"}]},{"@type":"WebSite","@id":"https:\/\/www.bodegasprotos.com\/es\/#website","url":"https:\/\/www.bodegasprotos.com\/es\/","name":"Bodegas Protos","description":"Vinos de la Denominaci\u00f3n de Origen Ribera del Duero, Rueda y Cigales","publisher":{"@id":"https:\/\/www.bodegasprotos.com\/es\/#organization"},"potentialAction":[{"@type":"SearchAction","target":{"@type":"EntryPoint","urlTemplate":"https:\/\/www.bodegasprotos.com\/es\/?s={search_term_string}"},"query-input":{"@type":"PropertyValueSpecification","valueRequired":true,"valueName":"search_term_string"}}],"inLanguage":"es"},{"@type":"Organization","@id":"https:\/\/www.bodegasprotos.com\/es\/#organization","name":"Bodegas Protos","url":"https:\/\/www.bodegasprotos.com\/es\/","logo":{"@type":"ImageObject","inLanguage":"es","@id":"https:\/\/www.bodegasprotos.com\/es\/#\/schema\/logo\/image\/","url":"https:\/\/www.bodegasprotos.com\/wp-content\/uploads\/2024\/06\/PROTOS-LOGOS-VERSIONES-13.png","contentUrl":"https:\/\/www.bodegasprotos.com\/wp-content\/uploads\/2024\/06\/PROTOS-LOGOS-VERSIONES-13.png","width":2362,"height":2362,"caption":"Bodegas Protos"},"image":{"@id":"https:\/\/www.bodegasprotos.com\/es\/#\/schema\/logo\/image\/"},"sameAs":["https:\/\/www.facebook.com\/BodegasProtos","https:\/\/x.com\/Bodegas_Protos","https:\/\/www.instagram.com\/bodegasprotosoficial\/","https:\/\/www.linkedin.com\/company\/bodegasprotos\/","https:\/\/pinterest.com\/BodegasProtos\/","http:\/\/www.youtube.com\/user\/BodegasProtos","https:\/\/es.wikipedia.org\/wiki\/Bodegas_Protos"]},{"@type":"Person","@id":"https:\/\/www.bodegasprotos.com\/es\/#\/schema\/person\/6cb69a08afa14171755cee0df7d20027","name":"Bodegas Protos (F)","image":{"@type":"ImageObject","inLanguage":"es","@id":"https:\/\/secure.gravatar.com\/avatar\/cc613a9fd2ee203f402357c1b4aa2b7c041016cbf1eab1e41bde410b2ebd7f94?s=96&d=mm&r=g","url":"https:\/\/secure.gravatar.com\/avatar\/cc613a9fd2ee203f402357c1b4aa2b7c041016cbf1eab1e41bde410b2ebd7f94?s=96&d=mm&r=g","contentUrl":"https:\/\/secure.gravatar.com\/avatar\/cc613a9fd2ee203f402357c1b4aa2b7c041016cbf1eab1e41bde410b2ebd7f94?s=96&d=mm&r=g","caption":"Bodegas Protos (F)"},"sameAs":["https:\/\/www.bodegasprotos.com"]}]}},"_links":{"self":[{"href":"https:\/\/www.bodegasprotos.com\/es\/wp-json\/wp\/v2\/posts\/42397","targetHints":{"allow":["GET"]}}],"collection":[{"href":"https:\/\/www.bodegasprotos.com\/es\/wp-json\/wp\/v2\/posts"}],"about":[{"href":"https:\/\/www.bodegasprotos.com\/es\/wp-json\/wp\/v2\/types\/post"}],"author":[{"embeddable":true,"href":"https:\/\/www.bodegasprotos.com\/es\/wp-json\/wp\/v2\/users\/3"}],"replies":[{"embeddable":true,"href":"https:\/\/www.bodegasprotos.com\/es\/wp-json\/wp\/v2\/comments?post=42397"}],"version-history":[{"count":7,"href":"https:\/\/www.bodegasprotos.com\/es\/wp-json\/wp\/v2\/posts\/42397\/revisions"}],"predecessor-version":[{"id":42436,"href":"https:\/\/www.bodegasprotos.com\/es\/wp-json\/wp\/v2\/posts\/42397\/revisions\/42436"}],"wp:featuredmedia":[{"embeddable":true,"href":"https:\/\/www.bodegasprotos.com\/es\/wp-json\/wp\/v2\/media\/42398"}],"wp:attachment":[{"href":"https:\/\/www.bodegasprotos.com\/es\/wp-json\/wp\/v2\/media?parent=42397"}],"wp:term":[{"taxonomy":"category","embeddable":true,"href":"https:\/\/www.bodegasprotos.com\/es\/wp-json\/wp\/v2\/categories?post=42397"},{"taxonomy":"post_tag","embeddable":true,"href":"https:\/\/www.bodegasprotos.com\/es\/wp-json\/wp\/v2\/tags?post=42397"}],"curies":[{"name":"wp","href":"https:\/\/api.w.org\/{rel}","templated":true}]}}