{"id":42347,"date":"2025-04-18T11:32:03","date_gmt":"2025-04-18T09:32:03","guid":{"rendered":"https:\/\/www.bodegasprotos.com\/?p=42347"},"modified":"2025-04-16T14:03:14","modified_gmt":"2025-04-16T12:03:14","slug":"dia-mundial-del-arte-vino-y-cuadros","status":"publish","type":"post","link":"https:\/\/www.bodegasprotos.com\/es\/blog\/dia-mundial-del-arte-vino-y-cuadros\/","title":{"rendered":"D\u00eda Mundial del Arte: Vino y cuadros"},"content":{"rendered":"<p>El pasado martes 15 de abril se celebr\u00f3 el D\u00eda Mundial del Arte, una fecha que nos invita a explorar la creatividad y la belleza en todas sus formas.<\/p>\n<p>En Bodegas Protos, creemos que el vino es mucho m\u00e1s que una bebida. Beber vino es una experiencia sensorial que comparte muchas similitudes con el arte. Por eso, en este d\u00eda especial, hemos querido fusionar dos mundos apasionantes: el arte y el vino.<\/p>\n<p>En esta entrada, te propondremos los cinco cuadros que nos evocan cinco de nuestros vinos: Roble, Finca El Grajo Viejo, Sauvignon Blanc, Verdejo Cuv\u00e9e y Aire de Protos.<\/p>\n<p>Prep\u00e1rate para un viaje que deleitar\u00e1 tus sentidos y te permitir\u00e1 apreciar la belleza desde una perspectiva diferente.<\/p>\n<p>&nbsp;<\/p>\n<h2>Protos Roble y \u201cLa Vendimia\u201d de Goya<\/h2>\n<p>\u00ab<a href=\"https:\/\/www.museodelprado.es\/en\/the-collection\/art-work\/the-grape-harvest-or-autumn\/3fdc2d25-e302-42ec-9ac5-6216ca7bfe74\">La Vendimia<\/a>\u00bb o \u201cEl Oto\u00f1o\u201d, de Francisco de Goya, fue pintada en 1786. Esta obra de arte pertenece a una serie de cartones (o bocetos) sobre las estaciones del a\u00f1o. Fueron encargadas para decorar las paredes del Palacio Real.<\/p>\n<p>Perteneciente a su periodo de influencia rococ\u00f3, representa una escena campestre de oto\u00f1o alegre y vibrante, con campesinos recogiendo uvas. Destaca por su colorido vivo y la energ\u00eda que transmite, celebrando la abundancia y la alegr\u00eda de la cosecha.<\/p>\n<p><img data-dominant-color=\"9ba276\" data-has-transparency=\"false\" style=\"--dominant-color: #9ba276;\" fetchpriority=\"high\" decoding=\"async\" class=\"aligncenter size-medium wp-image-42351 not-transparent\" src=\"https:\/\/www.bodegasprotos.com\/wp-content\/uploads\/2025\/04\/pexels-jill-wellington-1638660-39351-300x200.jpg\" alt=\"\" width=\"300\" height=\"200\" srcset=\"https:\/\/www.bodegasprotos.com\/wp-content\/uploads\/2025\/04\/pexels-jill-wellington-1638660-39351-300x200.jpg 300w, https:\/\/www.bodegasprotos.com\/wp-content\/uploads\/2025\/04\/pexels-jill-wellington-1638660-39351-1024x683.jpg 1024w, https:\/\/www.bodegasprotos.com\/wp-content\/uploads\/2025\/04\/pexels-jill-wellington-1638660-39351-150x100.jpg 150w, https:\/\/www.bodegasprotos.com\/wp-content\/uploads\/2025\/04\/pexels-jill-wellington-1638660-39351-768x512.jpg 768w, https:\/\/www.bodegasprotos.com\/wp-content\/uploads\/2025\/04\/pexels-jill-wellington-1638660-39351-1536x1024.jpg 1536w, https:\/\/www.bodegasprotos.com\/wp-content\/uploads\/2025\/04\/pexels-jill-wellington-1638660-39351-2048x1365.jpg 2048w\" sizes=\"(max-width: 300px) 100vw, 300px\" \/><\/p>\n<p>&nbsp;<\/p>\n<p>Al igual que el <a href=\"https:\/\/www.bodegasprotos.com\/es\/vino\/roble\/\">Protos Roble<\/a>, un vino joven y lleno de vida, esta obra captura la vitalidad de la uva reci\u00e9n cosechada. Los tonos c\u00e1lidos y terrosos del cuadro, junto con la sensaci\u00f3n de trabajo y celebraci\u00f3n, evocan el car\u00e1cter afrutado y la frescura del Protos Roble. Un vino que invita a disfrutar del presente con intensidad.<\/p>\n<p>&nbsp;<\/p>\n<p><img decoding=\"async\" class=\"aligncenter wp-image-34633\" src=\"https:\/\/www.bodegasprotos.com\/wp-content\/uploads\/2022\/09\/Protos_roble-e1710323291485-85x300.png\" alt=\"Vino Protos Roble. Ribera de Duero\" width=\"48\" height=\"170\" srcset=\"https:\/\/www.bodegasprotos.com\/wp-content\/uploads\/2022\/09\/Protos_roble-e1710323291485-85x300.png 85w, https:\/\/www.bodegasprotos.com\/wp-content\/uploads\/2022\/09\/Protos_roble-e1710323291485.png 283w\" sizes=\"(max-width: 48px) 100vw, 48px\" \/><\/p>\n<h2>Protos Finca El Grajo Viejo y \u00abFelipe IV a caballo\u00bb de Diego Vel\u00e1zquez<\/h2>\n<p>\u00ab<a href=\"https:\/\/www.museodelprado.es\/en\/the-collection\/art-work\/philip-iv-on-horseback\/6fc1d82d-d984-41b3-b227-af833cfd1240\">Felipe IV a caballo<\/a>\u00bb de Diego Vel\u00e1zquez, pintado alrededor de 1635, es considerado uno de los mejores retratos ecuestres del pintor.<\/p>\n<p>Fue encargado junto a otros cinco retratos ecuestres de los miembros de la familia real. Su objetivo era decorar el Sal\u00f3n de Reinos del Palacio del Buen Retiro en Madrid. La obra irradia autoridad y tranquilidad ante el poder. La pose din\u00e1mica del caballo y la presencia serena pero imponente del rey parecen estar inspirados en Carlos V en la batalla de M\u00fchlberg, de Tiziano.<\/p>\n<p><img data-dominant-color=\"6c4e3a\" data-has-transparency=\"false\" style=\"--dominant-color: #6c4e3a;\" decoding=\"async\" class=\"aligncenter wp-image-42360 not-transparent\" src=\"https:\/\/www.bodegasprotos.com\/wp-content\/uploads\/2025\/04\/pexels-gu-ko-2150570603-31621694-300x220.jpg\" alt=\"\" width=\"273\" height=\"200\" srcset=\"https:\/\/www.bodegasprotos.com\/wp-content\/uploads\/2025\/04\/pexels-gu-ko-2150570603-31621694-300x220.jpg 300w, https:\/\/www.bodegasprotos.com\/wp-content\/uploads\/2025\/04\/pexels-gu-ko-2150570603-31621694-1024x751.jpg 1024w, https:\/\/www.bodegasprotos.com\/wp-content\/uploads\/2025\/04\/pexels-gu-ko-2150570603-31621694-150x110.jpg 150w, https:\/\/www.bodegasprotos.com\/wp-content\/uploads\/2025\/04\/pexels-gu-ko-2150570603-31621694-768x563.jpg 768w, https:\/\/www.bodegasprotos.com\/wp-content\/uploads\/2025\/04\/pexels-gu-ko-2150570603-31621694-1536x1127.jpg 1536w, https:\/\/www.bodegasprotos.com\/wp-content\/uploads\/2025\/04\/pexels-gu-ko-2150570603-31621694-2048x1503.jpg 2048w\" sizes=\"(max-width: 273px) 100vw, 273px\" \/><\/p>\n<p>&nbsp;<\/p>\n<p>De manera similar, Protos <a href=\"https:\/\/www.bodegasprotos.com\/es\/vino\/finca-grajo-viejo\/\">Finca El Grajo Viejo<\/a>, un vino de pago complejo y con una larga trayectoria que, como el cuadro, nos invita a una contemplaci\u00f3n pausada para descubrir cada detalle. Su profundidad de sabor y elegancia evocan la tradici\u00f3n , al igual que la obra de Vel\u00e1zquez captura la esencia de una \u00e9poca.<\/p>\n<p><img loading=\"lazy\" decoding=\"async\" class=\"aligncenter wp-image-33629\" src=\"https:\/\/www.bodegasprotos.com\/wp-content\/uploads\/2021\/12\/Protos_grajoviejo-85x300.png\" alt=\"\" width=\"49\" height=\"173\" srcset=\"https:\/\/www.bodegasprotos.com\/wp-content\/uploads\/2021\/12\/Protos_grajoviejo-85x300.png 85w, https:\/\/www.bodegasprotos.com\/wp-content\/uploads\/2021\/12\/Protos_grajoviejo.png 283w\" sizes=\"(max-width: 49px) 100vw, 49px\" \/><\/p>\n<h2>Protos Sauvignon Blanc y \u201cTerraza de un caf\u00e9 por la noche\u201d de Van Gogh<\/h2>\n<p>Aunque Vincent van Gogh no es un artista espa\u00f1ol, su \u00ab<a href=\"https:\/\/museovangogh.org\/cuadros\/terraza-de-cafe-por-la-noche\/\">Terraza de un caf\u00e9 por la noche<\/a>\u00ab, pintada en 1888 en Arl\u00e9s, captura una escena nocturna vibrante y llena de luz, con colores brillantes y contrastantes. Esta obra destaca por el uso de colores complementarios para representar la noche, con el amarillo y naranja de las luces del caf\u00e9 contrastando con el azul profundo del cielo estrellado.<\/p>\n<p>Es la primera pintura en la que Van Gogh represent\u00f3 fondos estrellados. A esta le siguieron la famosa \u201cNoche estrellada sobre el R\u00f3dano\u201d y \u201cLa noche estrellada\u201d que todos conocemos.<\/p>\n<p><img data-dominant-color=\"1e1f2d\" data-has-transparency=\"false\" style=\"--dominant-color: #1e1f2d;\" loading=\"lazy\" decoding=\"async\" class=\"aligncenter wp-image-42354 not-transparent\" src=\"https:\/\/www.bodegasprotos.com\/wp-content\/uploads\/2025\/04\/pexels-minan1398-713664-300x169.jpg\" alt=\"\" width=\"288\" height=\"162\" srcset=\"https:\/\/www.bodegasprotos.com\/wp-content\/uploads\/2025\/04\/pexels-minan1398-713664-300x169.jpg 300w, https:\/\/www.bodegasprotos.com\/wp-content\/uploads\/2025\/04\/pexels-minan1398-713664-1024x576.jpg 1024w, https:\/\/www.bodegasprotos.com\/wp-content\/uploads\/2025\/04\/pexels-minan1398-713664-150x84.jpg 150w, https:\/\/www.bodegasprotos.com\/wp-content\/uploads\/2025\/04\/pexels-minan1398-713664-768x432.jpg 768w, https:\/\/www.bodegasprotos.com\/wp-content\/uploads\/2025\/04\/pexels-minan1398-713664-1536x864.jpg 1536w, https:\/\/www.bodegasprotos.com\/wp-content\/uploads\/2025\/04\/pexels-minan1398-713664-2048x1152.jpg 2048w\" sizes=\"(max-width: 288px) 100vw, 288px\" \/><\/p>\n<p>La frescura del <a href=\"https:\/\/www.bodegasprotos.com\/es\/vino\/protos-sauvignon-blanc\/\">Protos Sauvignon Blanc<\/a>, junto sus notas c\u00edtricas y tropicales, recuerdan a la vivacidad de los colores del caf\u00e9. Su acidez refrescante, como la brisa de la noche, hacen de este vino el compa\u00f1ero perfecto para una velada estrellada, transport\u00e1ndonos a esa misma sensaci\u00f3n de alegr\u00eda y luminosidad que Van Gogh plasm\u00f3 en su lienzo.<\/p>\n<p><img data-dominant-color=\"d7d6d2\" data-has-transparency=\"false\" style=\"--dominant-color: #d7d6d2;\" loading=\"lazy\" decoding=\"async\" class=\"aligncenter wp-image-42075 not-transparent\" src=\"https:\/\/www.bodegasprotos.com\/wp-content\/uploads\/2025\/03\/Protos-Sauvignon-Blanc-189x300.jpg\" alt=\"\" width=\"147\" height=\"234\" srcset=\"https:\/\/www.bodegasprotos.com\/wp-content\/uploads\/2025\/03\/Protos-Sauvignon-Blanc-189x300.jpg 189w, https:\/\/www.bodegasprotos.com\/wp-content\/uploads\/2025\/03\/Protos-Sauvignon-Blanc-644x1024.jpg 644w, https:\/\/www.bodegasprotos.com\/wp-content\/uploads\/2025\/03\/Protos-Sauvignon-Blanc-94x150.jpg 94w, https:\/\/www.bodegasprotos.com\/wp-content\/uploads\/2025\/03\/Protos-Sauvignon-Blanc-768x1222.jpg 768w, https:\/\/www.bodegasprotos.com\/wp-content\/uploads\/2025\/03\/Protos-Sauvignon-Blanc-965x1536.jpg 965w, https:\/\/www.bodegasprotos.com\/wp-content\/uploads\/2025\/03\/Protos-Sauvignon-Blanc-1287x2048.jpg 1287w, https:\/\/www.bodegasprotos.com\/wp-content\/uploads\/2025\/03\/Protos-Sauvignon-Blanc-scaled.jpg 1609w\" sizes=\"(max-width: 147px) 100vw, 147px\" \/><\/p>\n<h2>Protos Verdejo Cuv\u00e9e y \u201cLa Anunciaci\u00f3n\u201d de El Greco<\/h2>\n<p>\u201c<a href=\"https:\/\/www.museodelprado.es\/en\/the-collection\/art-work\/the-annunciation\/26bfae24-de87-47cd-9b7b-d15bd9fbb664\">La Anunciaci\u00f3n<\/a>\u00bb de El Greco, pintada entre 1597 y 1600, es una de las m\u00faltiples versiones que el artista cretense realiz\u00f3 de esta escena b\u00edblica. Esta en particular, se encarg\u00f3 para el altar del Colegio de la Encarnaci\u00f3n, un seminario agustino m\u00e1s conocido por el nombre de su fundadora, Do\u00f1a Mar\u00eda de C\u00f3rdoba y Arag\u00f3n. Por esto, este cuadro se conoce tambi\u00e9n como \u201cRetablo de Mar\u00eda de Arag\u00f3n\u201d<\/p>\n<p>La obra destaca por sus figuras alargadas, el uso expresivo del color y la luz, y la atm\u00f3sfera espiritual y sofisticada que envuelve la escena. La composici\u00f3n es compleja y rica en detalles, transmitiendo una sensaci\u00f3n de elevaci\u00f3n y misterio.<\/p>\n<p><img data-dominant-color=\"9fa6ab\" data-has-transparency=\"false\" style=\"--dominant-color: #9fa6ab;\" loading=\"lazy\" decoding=\"async\" class=\"aligncenter wp-image-42362 not-transparent\" src=\"https:\/\/www.bodegasprotos.com\/wp-content\/uploads\/2025\/04\/pexels-pavel-danilyuk-8381872-300x200.jpg\" alt=\"\" width=\"270\" height=\"180\" srcset=\"https:\/\/www.bodegasprotos.com\/wp-content\/uploads\/2025\/04\/pexels-pavel-danilyuk-8381872-300x200.jpg 300w, https:\/\/www.bodegasprotos.com\/wp-content\/uploads\/2025\/04\/pexels-pavel-danilyuk-8381872-1024x684.jpg 1024w, https:\/\/www.bodegasprotos.com\/wp-content\/uploads\/2025\/04\/pexels-pavel-danilyuk-8381872-150x100.jpg 150w, https:\/\/www.bodegasprotos.com\/wp-content\/uploads\/2025\/04\/pexels-pavel-danilyuk-8381872-768x513.jpg 768w, https:\/\/www.bodegasprotos.com\/wp-content\/uploads\/2025\/04\/pexels-pavel-danilyuk-8381872-1536x1025.jpg 1536w, https:\/\/www.bodegasprotos.com\/wp-content\/uploads\/2025\/04\/pexels-pavel-danilyuk-8381872-2048x1367.jpg 2048w\" sizes=\"(max-width: 270px) 100vw, 270px\" \/><\/p>\n<p>&nbsp;<\/p>\n<p><a href=\"https:\/\/www.bodegasprotos.com\/es\/vino\/protos-verdejo-cuvee\/\">Protos Verdejo Cuv\u00e9e<\/a>, con su mayor estructura y complejidad, comparte esta elegancia y sofisticaci\u00f3n. Sus matices c\u00edtricos y su textura en boca nos invitan a una degustaci\u00f3n pausada y reflexiva, al igual que la contemplaci\u00f3n de la obra de El Greco.<\/p>\n<p><img loading=\"lazy\" decoding=\"async\" class=\"aligncenter wp-image-40582\" src=\"https:\/\/www.bodegasprotos.com\/wp-content\/uploads\/2024\/06\/Protos_Verdejo_Cuvee-e1710428297653-1-89x300.png\" alt=\"\" width=\"62\" height=\"209\" srcset=\"https:\/\/www.bodegasprotos.com\/wp-content\/uploads\/2024\/06\/Protos_Verdejo_Cuvee-e1710428297653-1-89x300.png 89w, https:\/\/www.bodegasprotos.com\/wp-content\/uploads\/2024\/06\/Protos_Verdejo_Cuvee-e1710428297653-1.png 295w\" sizes=\"(max-width: 62px) 100vw, 62px\" \/><\/p>\n<h2>Aire de Protos y \u201cPaseo a Orillas del Mar\u201d de Joaqu\u00edn Sorolla<\/h2>\n<p>\u00ab<a href=\"https:\/\/www.cultura.gob.es\/msorolla\/colecciones\/colecciones-del-museo\/pintura\/paseo-mar.html\">Paseo a orillas del mar<\/a>\u00bb de Joaqu\u00edn Sorolla, pintado en 1909, es un ejemplo paradigm\u00e1tico de la luminosidad. En \u00e9l, retrata a su esposa, Clotilde Garc\u00eda del Castillo, y a su hija mayor, Mar\u00eda Clotilde, paseando por la playa de Valencia bajo el sol radiante.<\/p>\n<p>La manera en que Sorolla captura la luz reflej\u00e1ndose en los vestidos blancos y en el mar es excepcional, transmitiendo una sensaci\u00f3n de alegr\u00eda, calidez y la belleza de la costa espa\u00f1ola. Es una obra muy personal e \u00edntima.<\/p>\n<p><img data-dominant-color=\"cca788\" data-has-transparency=\"false\" style=\"--dominant-color: #cca788;\" loading=\"lazy\" decoding=\"async\" class=\"aligncenter wp-image-42356 not-transparent\" src=\"https:\/\/www.bodegasprotos.com\/wp-content\/uploads\/2025\/04\/pexels-deniss-bojanini-174298580-28639264-300x200.jpg\" alt=\"\" width=\"284\" height=\"189\" srcset=\"https:\/\/www.bodegasprotos.com\/wp-content\/uploads\/2025\/04\/pexels-deniss-bojanini-174298580-28639264-300x200.jpg 300w, https:\/\/www.bodegasprotos.com\/wp-content\/uploads\/2025\/04\/pexels-deniss-bojanini-174298580-28639264-1024x683.jpg 1024w, https:\/\/www.bodegasprotos.com\/wp-content\/uploads\/2025\/04\/pexels-deniss-bojanini-174298580-28639264-150x100.jpg 150w, https:\/\/www.bodegasprotos.com\/wp-content\/uploads\/2025\/04\/pexels-deniss-bojanini-174298580-28639264-768x512.jpg 768w, https:\/\/www.bodegasprotos.com\/wp-content\/uploads\/2025\/04\/pexels-deniss-bojanini-174298580-28639264-1536x1024.jpg 1536w, https:\/\/www.bodegasprotos.com\/wp-content\/uploads\/2025\/04\/pexels-deniss-bojanini-174298580-28639264-2048x1365.jpg 2048w\" sizes=\"(max-width: 284px) 100vw, 284px\" \/><\/p>\n<p>Esta luminosidad y frescura se asemejan a las caracter\u00edsticas de <a href=\"https:\/\/www.bodegasprotos.com\/es\/vino\/aire-de-protos\/\">Aire de Protos<\/a>, un vino blanco fresco y vibrante que evoca la brisa marina y la luz del sol, invitando a disfrutar de momentos de alegr\u00eda y luminosidad, al igual que la escena inmortalizada por Sorolla.<\/p>\n<p><img data-dominant-color=\"e4beaf\" data-has-transparency=\"false\" style=\"--dominant-color: #e4beaf;\" loading=\"lazy\" decoding=\"async\" class=\"wp-image-41857 aligncenter not-transparent\" src=\"https:\/\/www.bodegasprotos.com\/wp-content\/uploads\/2025\/02\/Aire-de-Protos-87x300.webp\" alt=\"\" width=\"62\" height=\"213\" srcset=\"https:\/\/www.bodegasprotos.com\/wp-content\/uploads\/2025\/02\/Aire-de-Protos-87x300.webp 87w, https:\/\/www.bodegasprotos.com\/wp-content\/uploads\/2025\/02\/Aire-de-Protos-298x1024.jpg 298w, https:\/\/www.bodegasprotos.com\/wp-content\/uploads\/2025\/02\/Aire-de-Protos-44x150.webp 44w, https:\/\/www.bodegasprotos.com\/wp-content\/uploads\/2025\/02\/Aire-de-Protos-768x2637.jpg 768w, https:\/\/www.bodegasprotos.com\/wp-content\/uploads\/2025\/02\/Aire-de-Protos-447x1536.jpg 447w, https:\/\/www.bodegasprotos.com\/wp-content\/uploads\/2025\/02\/Aire-de-Protos-596x2048.jpg 596w, https:\/\/www.bodegasprotos.com\/wp-content\/uploads\/2025\/02\/Aire-de-Protos-scaled.jpg 746w\" sizes=\"(max-width: 62px) 100vw, 62px\" \/><\/p>\n<p>Ahora, cada vez que bebas una copa de estos vinos Protos, te evocar\u00e1n a los cuadros de los que hablamos aqu\u00ed. Porque cada sorbo de Protos y cada pincelada de estos maestros nos invitan a explorar la belleza y las emociones que el arte nos ofrece.<\/p>\n<p>\u00bfCu\u00e1l de estos maridajes te ha parecido m\u00e1s evocador?<\/p>\n<p>\u00a1Feliz d\u00eda mundial del arte!<\/p>\n","protected":false},"excerpt":{"rendered":"<p>El pasado martes 15 de abril se celebr\u00f3 el D\u00eda Mundial del Arte, una fecha que nos invita&#8230;<\/p>\n","protected":false},"author":3,"featured_media":42349,"comment_status":"closed","ping_status":"closed","sticky":false,"template":"","format":"standard","meta":{"_acf_changed":false,"footnotes":""},"categories":[87,1],"tags":[],"class_list":["post-42347","post","type-post","status-publish","format-standard","has-post-thumbnail","hentry","category-blog","category-general"],"acf":[],"yoast_head":"<!-- This site is optimized with the Yoast SEO plugin v27.5 - https:\/\/yoast.com\/product\/yoast-seo-wordpress\/ -->\n<title>D\u00eda Mundial del Arte: Vino y cuadros - Bodegas Protos<\/title>\n<meta name=\"description\" content=\"El pasado martes 15 de abril se celebr\u00f3 el D\u00eda Mundial del Arte, una fecha que nos invita a explorar la creatividad y la belleza en todas sus formas. En\" \/>\n<meta name=\"robots\" content=\"index, follow, max-snippet:-1, max-image-preview:large, max-video-preview:-1\" \/>\n<link rel=\"canonical\" href=\"https:\/\/www.bodegasprotos.com\/es\/blog\/dia-mundial-del-arte-vino-y-cuadros\/\" \/>\n<meta property=\"og:locale\" content=\"es_ES\" \/>\n<meta property=\"og:type\" content=\"article\" \/>\n<meta property=\"og:title\" content=\"D\u00eda Mundial del Arte: Vino y cuadros - Bodegas Protos\" \/>\n<meta property=\"og:description\" content=\"El pasado martes 15 de abril se celebr\u00f3 el D\u00eda Mundial del Arte, una fecha que nos invita a explorar la creatividad y la belleza en todas sus formas. En\" \/>\n<meta property=\"og:url\" content=\"https:\/\/www.bodegasprotos.com\/es\/blog\/dia-mundial-del-arte-vino-y-cuadros\/\" \/>\n<meta property=\"og:site_name\" content=\"Bodegas Protos\" \/>\n<meta property=\"article:publisher\" content=\"https:\/\/www.facebook.com\/BodegasProtos\" \/>\n<meta property=\"article:published_time\" content=\"2025-04-18T09:32:03+00:00\" \/>\n<meta property=\"og:image\" content=\"https:\/\/www.bodegasprotos.com\/wp-content\/uploads\/2025\/04\/pexels-daiangan-102127-scaled.jpg\" \/>\n\t<meta property=\"og:image:width\" content=\"2560\" \/>\n\t<meta property=\"og:image:height\" content=\"1707\" \/>\n\t<meta property=\"og:image:type\" content=\"image\/jpeg\" \/>\n<meta name=\"author\" content=\"Bodegas Protos (F)\" \/>\n<meta name=\"twitter:card\" content=\"summary_large_image\" \/>\n<meta name=\"twitter:creator\" content=\"@Bodegas_Protos\" \/>\n<meta name=\"twitter:site\" content=\"@Bodegas_Protos\" \/>\n<meta name=\"twitter:label1\" content=\"Escrito por\" \/>\n\t<meta name=\"twitter:data1\" content=\"Bodegas Protos (F)\" \/>\n\t<meta name=\"twitter:label2\" content=\"Tiempo de lectura\" \/>\n\t<meta name=\"twitter:data2\" content=\"7 minutos\" \/>\n<script type=\"application\/ld+json\" class=\"yoast-schema-graph\">{\"@context\":\"https:\\\/\\\/schema.org\",\"@graph\":[{\"@type\":\"Article\",\"@id\":\"https:\\\/\\\/www.bodegasprotos.com\\\/es\\\/blog\\\/dia-mundial-del-arte-vino-y-cuadros\\\/#article\",\"isPartOf\":{\"@id\":\"https:\\\/\\\/www.bodegasprotos.com\\\/es\\\/blog\\\/dia-mundial-del-arte-vino-y-cuadros\\\/\"},\"author\":{\"name\":\"Bodegas Protos (F)\",\"@id\":\"https:\\\/\\\/www.bodegasprotos.com\\\/es\\\/#\\\/schema\\\/person\\\/6cb69a08afa14171755cee0df7d20027\"},\"headline\":\"D\u00eda Mundial del Arte: Vino y cuadros\",\"datePublished\":\"2025-04-18T09:32:03+00:00\",\"mainEntityOfPage\":{\"@id\":\"https:\\\/\\\/www.bodegasprotos.com\\\/es\\\/blog\\\/dia-mundial-del-arte-vino-y-cuadros\\\/\"},\"wordCount\":1017,\"publisher\":{\"@id\":\"https:\\\/\\\/www.bodegasprotos.com\\\/es\\\/#organization\"},\"image\":{\"@id\":\"https:\\\/\\\/www.bodegasprotos.com\\\/es\\\/blog\\\/dia-mundial-del-arte-vino-y-cuadros\\\/#primaryimage\"},\"thumbnailUrl\":\"https:\\\/\\\/www.bodegasprotos.com\\\/wp-content\\\/uploads\\\/2025\\\/04\\\/pexels-daiangan-102127-scaled.jpg\",\"articleSection\":[\"Blog\",\"General\"],\"inLanguage\":\"es\"},{\"@type\":\"WebPage\",\"@id\":\"https:\\\/\\\/www.bodegasprotos.com\\\/es\\\/blog\\\/dia-mundial-del-arte-vino-y-cuadros\\\/\",\"url\":\"https:\\\/\\\/www.bodegasprotos.com\\\/es\\\/blog\\\/dia-mundial-del-arte-vino-y-cuadros\\\/\",\"name\":\"D\u00eda Mundial del Arte: Vino y cuadros - Bodegas Protos\",\"isPartOf\":{\"@id\":\"https:\\\/\\\/www.bodegasprotos.com\\\/es\\\/#website\"},\"primaryImageOfPage\":{\"@id\":\"https:\\\/\\\/www.bodegasprotos.com\\\/es\\\/blog\\\/dia-mundial-del-arte-vino-y-cuadros\\\/#primaryimage\"},\"image\":{\"@id\":\"https:\\\/\\\/www.bodegasprotos.com\\\/es\\\/blog\\\/dia-mundial-del-arte-vino-y-cuadros\\\/#primaryimage\"},\"thumbnailUrl\":\"https:\\\/\\\/www.bodegasprotos.com\\\/wp-content\\\/uploads\\\/2025\\\/04\\\/pexels-daiangan-102127-scaled.jpg\",\"datePublished\":\"2025-04-18T09:32:03+00:00\",\"description\":\"El pasado martes 15 de abril se celebr\u00f3 el D\u00eda Mundial del Arte, una fecha que nos invita a explorar la creatividad y la belleza en todas sus formas. En\",\"breadcrumb\":{\"@id\":\"https:\\\/\\\/www.bodegasprotos.com\\\/es\\\/blog\\\/dia-mundial-del-arte-vino-y-cuadros\\\/#breadcrumb\"},\"inLanguage\":\"es\",\"potentialAction\":[{\"@type\":\"ReadAction\",\"target\":[\"https:\\\/\\\/www.bodegasprotos.com\\\/es\\\/blog\\\/dia-mundial-del-arte-vino-y-cuadros\\\/\"]}]},{\"@type\":\"ImageObject\",\"inLanguage\":\"es\",\"@id\":\"https:\\\/\\\/www.bodegasprotos.com\\\/es\\\/blog\\\/dia-mundial-del-arte-vino-y-cuadros\\\/#primaryimage\",\"url\":\"https:\\\/\\\/www.bodegasprotos.com\\\/wp-content\\\/uploads\\\/2025\\\/04\\\/pexels-daiangan-102127-scaled.jpg\",\"contentUrl\":\"https:\\\/\\\/www.bodegasprotos.com\\\/wp-content\\\/uploads\\\/2025\\\/04\\\/pexels-daiangan-102127-scaled.jpg\",\"width\":2560,\"height\":1707},{\"@type\":\"BreadcrumbList\",\"@id\":\"https:\\\/\\\/www.bodegasprotos.com\\\/es\\\/blog\\\/dia-mundial-del-arte-vino-y-cuadros\\\/#breadcrumb\",\"itemListElement\":[{\"@type\":\"ListItem\",\"position\":1,\"name\":\"Portada\",\"item\":\"https:\\\/\\\/www.bodegasprotos.com\\\/es\\\/\"},{\"@type\":\"ListItem\",\"position\":2,\"name\":\"D\u00eda Mundial del Arte: Vino y cuadros\"}]},{\"@type\":\"WebSite\",\"@id\":\"https:\\\/\\\/www.bodegasprotos.com\\\/es\\\/#website\",\"url\":\"https:\\\/\\\/www.bodegasprotos.com\\\/es\\\/\",\"name\":\"Bodegas Protos\",\"description\":\"Vinos de la Denominaci\u00f3n de Origen Ribera del Duero, Rueda y Cigales\",\"publisher\":{\"@id\":\"https:\\\/\\\/www.bodegasprotos.com\\\/es\\\/#organization\"},\"potentialAction\":[{\"@type\":\"SearchAction\",\"target\":{\"@type\":\"EntryPoint\",\"urlTemplate\":\"https:\\\/\\\/www.bodegasprotos.com\\\/es\\\/?s={search_term_string}\"},\"query-input\":{\"@type\":\"PropertyValueSpecification\",\"valueRequired\":true,\"valueName\":\"search_term_string\"}}],\"inLanguage\":\"es\"},{\"@type\":\"Organization\",\"@id\":\"https:\\\/\\\/www.bodegasprotos.com\\\/es\\\/#organization\",\"name\":\"Bodegas Protos\",\"url\":\"https:\\\/\\\/www.bodegasprotos.com\\\/es\\\/\",\"logo\":{\"@type\":\"ImageObject\",\"inLanguage\":\"es\",\"@id\":\"https:\\\/\\\/www.bodegasprotos.com\\\/es\\\/#\\\/schema\\\/logo\\\/image\\\/\",\"url\":\"https:\\\/\\\/www.bodegasprotos.com\\\/wp-content\\\/uploads\\\/2024\\\/06\\\/PROTOS-LOGOS-VERSIONES-13.png\",\"contentUrl\":\"https:\\\/\\\/www.bodegasprotos.com\\\/wp-content\\\/uploads\\\/2024\\\/06\\\/PROTOS-LOGOS-VERSIONES-13.png\",\"width\":2362,\"height\":2362,\"caption\":\"Bodegas Protos\"},\"image\":{\"@id\":\"https:\\\/\\\/www.bodegasprotos.com\\\/es\\\/#\\\/schema\\\/logo\\\/image\\\/\"},\"sameAs\":[\"https:\\\/\\\/www.facebook.com\\\/BodegasProtos\",\"https:\\\/\\\/x.com\\\/Bodegas_Protos\",\"https:\\\/\\\/www.instagram.com\\\/bodegasprotosoficial\\\/\",\"https:\\\/\\\/www.linkedin.com\\\/company\\\/bodegasprotos\\\/\",\"https:\\\/\\\/pinterest.com\\\/BodegasProtos\\\/\",\"http:\\\/\\\/www.youtube.com\\\/user\\\/BodegasProtos\",\"https:\\\/\\\/es.wikipedia.org\\\/wiki\\\/Bodegas_Protos\"]},{\"@type\":\"Person\",\"@id\":\"https:\\\/\\\/www.bodegasprotos.com\\\/es\\\/#\\\/schema\\\/person\\\/6cb69a08afa14171755cee0df7d20027\",\"name\":\"Bodegas Protos (F)\",\"image\":{\"@type\":\"ImageObject\",\"inLanguage\":\"es\",\"@id\":\"https:\\\/\\\/secure.gravatar.com\\\/avatar\\\/cc613a9fd2ee203f402357c1b4aa2b7c041016cbf1eab1e41bde410b2ebd7f94?s=96&d=mm&r=g\",\"url\":\"https:\\\/\\\/secure.gravatar.com\\\/avatar\\\/cc613a9fd2ee203f402357c1b4aa2b7c041016cbf1eab1e41bde410b2ebd7f94?s=96&d=mm&r=g\",\"contentUrl\":\"https:\\\/\\\/secure.gravatar.com\\\/avatar\\\/cc613a9fd2ee203f402357c1b4aa2b7c041016cbf1eab1e41bde410b2ebd7f94?s=96&d=mm&r=g\",\"caption\":\"Bodegas Protos (F)\"},\"sameAs\":[\"https:\\\/\\\/www.bodegasprotos.com\"]}]}<\/script>\n<!-- \/ Yoast SEO plugin. -->","yoast_head_json":{"title":"D\u00eda Mundial del Arte: Vino y cuadros - Bodegas Protos","description":"El pasado martes 15 de abril se celebr\u00f3 el D\u00eda Mundial del Arte, una fecha que nos invita a explorar la creatividad y la belleza en todas sus formas. En","robots":{"index":"index","follow":"follow","max-snippet":"max-snippet:-1","max-image-preview":"max-image-preview:large","max-video-preview":"max-video-preview:-1"},"canonical":"https:\/\/www.bodegasprotos.com\/es\/blog\/dia-mundial-del-arte-vino-y-cuadros\/","og_locale":"es_ES","og_type":"article","og_title":"D\u00eda Mundial del Arte: Vino y cuadros - Bodegas Protos","og_description":"El pasado martes 15 de abril se celebr\u00f3 el D\u00eda Mundial del Arte, una fecha que nos invita a explorar la creatividad y la belleza en todas sus formas. En","og_url":"https:\/\/www.bodegasprotos.com\/es\/blog\/dia-mundial-del-arte-vino-y-cuadros\/","og_site_name":"Bodegas Protos","article_publisher":"https:\/\/www.facebook.com\/BodegasProtos","article_published_time":"2025-04-18T09:32:03+00:00","og_image":[{"width":2560,"height":1707,"url":"https:\/\/www.bodegasprotos.com\/wp-content\/uploads\/2025\/04\/pexels-daiangan-102127-scaled.jpg","type":"image\/jpeg"}],"author":"Bodegas Protos (F)","twitter_card":"summary_large_image","twitter_creator":"@Bodegas_Protos","twitter_site":"@Bodegas_Protos","twitter_misc":{"Escrito por":"Bodegas Protos (F)","Tiempo de lectura":"7 minutos"},"schema":{"@context":"https:\/\/schema.org","@graph":[{"@type":"Article","@id":"https:\/\/www.bodegasprotos.com\/es\/blog\/dia-mundial-del-arte-vino-y-cuadros\/#article","isPartOf":{"@id":"https:\/\/www.bodegasprotos.com\/es\/blog\/dia-mundial-del-arte-vino-y-cuadros\/"},"author":{"name":"Bodegas Protos (F)","@id":"https:\/\/www.bodegasprotos.com\/es\/#\/schema\/person\/6cb69a08afa14171755cee0df7d20027"},"headline":"D\u00eda Mundial del Arte: Vino y cuadros","datePublished":"2025-04-18T09:32:03+00:00","mainEntityOfPage":{"@id":"https:\/\/www.bodegasprotos.com\/es\/blog\/dia-mundial-del-arte-vino-y-cuadros\/"},"wordCount":1017,"publisher":{"@id":"https:\/\/www.bodegasprotos.com\/es\/#organization"},"image":{"@id":"https:\/\/www.bodegasprotos.com\/es\/blog\/dia-mundial-del-arte-vino-y-cuadros\/#primaryimage"},"thumbnailUrl":"https:\/\/www.bodegasprotos.com\/wp-content\/uploads\/2025\/04\/pexels-daiangan-102127-scaled.jpg","articleSection":["Blog","General"],"inLanguage":"es"},{"@type":"WebPage","@id":"https:\/\/www.bodegasprotos.com\/es\/blog\/dia-mundial-del-arte-vino-y-cuadros\/","url":"https:\/\/www.bodegasprotos.com\/es\/blog\/dia-mundial-del-arte-vino-y-cuadros\/","name":"D\u00eda Mundial del Arte: Vino y cuadros - Bodegas Protos","isPartOf":{"@id":"https:\/\/www.bodegasprotos.com\/es\/#website"},"primaryImageOfPage":{"@id":"https:\/\/www.bodegasprotos.com\/es\/blog\/dia-mundial-del-arte-vino-y-cuadros\/#primaryimage"},"image":{"@id":"https:\/\/www.bodegasprotos.com\/es\/blog\/dia-mundial-del-arte-vino-y-cuadros\/#primaryimage"},"thumbnailUrl":"https:\/\/www.bodegasprotos.com\/wp-content\/uploads\/2025\/04\/pexels-daiangan-102127-scaled.jpg","datePublished":"2025-04-18T09:32:03+00:00","description":"El pasado martes 15 de abril se celebr\u00f3 el D\u00eda Mundial del Arte, una fecha que nos invita a explorar la creatividad y la belleza en todas sus formas. En","breadcrumb":{"@id":"https:\/\/www.bodegasprotos.com\/es\/blog\/dia-mundial-del-arte-vino-y-cuadros\/#breadcrumb"},"inLanguage":"es","potentialAction":[{"@type":"ReadAction","target":["https:\/\/www.bodegasprotos.com\/es\/blog\/dia-mundial-del-arte-vino-y-cuadros\/"]}]},{"@type":"ImageObject","inLanguage":"es","@id":"https:\/\/www.bodegasprotos.com\/es\/blog\/dia-mundial-del-arte-vino-y-cuadros\/#primaryimage","url":"https:\/\/www.bodegasprotos.com\/wp-content\/uploads\/2025\/04\/pexels-daiangan-102127-scaled.jpg","contentUrl":"https:\/\/www.bodegasprotos.com\/wp-content\/uploads\/2025\/04\/pexels-daiangan-102127-scaled.jpg","width":2560,"height":1707},{"@type":"BreadcrumbList","@id":"https:\/\/www.bodegasprotos.com\/es\/blog\/dia-mundial-del-arte-vino-y-cuadros\/#breadcrumb","itemListElement":[{"@type":"ListItem","position":1,"name":"Portada","item":"https:\/\/www.bodegasprotos.com\/es\/"},{"@type":"ListItem","position":2,"name":"D\u00eda Mundial del Arte: Vino y cuadros"}]},{"@type":"WebSite","@id":"https:\/\/www.bodegasprotos.com\/es\/#website","url":"https:\/\/www.bodegasprotos.com\/es\/","name":"Bodegas Protos","description":"Vinos de la Denominaci\u00f3n de Origen Ribera del Duero, Rueda y Cigales","publisher":{"@id":"https:\/\/www.bodegasprotos.com\/es\/#organization"},"potentialAction":[{"@type":"SearchAction","target":{"@type":"EntryPoint","urlTemplate":"https:\/\/www.bodegasprotos.com\/es\/?s={search_term_string}"},"query-input":{"@type":"PropertyValueSpecification","valueRequired":true,"valueName":"search_term_string"}}],"inLanguage":"es"},{"@type":"Organization","@id":"https:\/\/www.bodegasprotos.com\/es\/#organization","name":"Bodegas Protos","url":"https:\/\/www.bodegasprotos.com\/es\/","logo":{"@type":"ImageObject","inLanguage":"es","@id":"https:\/\/www.bodegasprotos.com\/es\/#\/schema\/logo\/image\/","url":"https:\/\/www.bodegasprotos.com\/wp-content\/uploads\/2024\/06\/PROTOS-LOGOS-VERSIONES-13.png","contentUrl":"https:\/\/www.bodegasprotos.com\/wp-content\/uploads\/2024\/06\/PROTOS-LOGOS-VERSIONES-13.png","width":2362,"height":2362,"caption":"Bodegas Protos"},"image":{"@id":"https:\/\/www.bodegasprotos.com\/es\/#\/schema\/logo\/image\/"},"sameAs":["https:\/\/www.facebook.com\/BodegasProtos","https:\/\/x.com\/Bodegas_Protos","https:\/\/www.instagram.com\/bodegasprotosoficial\/","https:\/\/www.linkedin.com\/company\/bodegasprotos\/","https:\/\/pinterest.com\/BodegasProtos\/","http:\/\/www.youtube.com\/user\/BodegasProtos","https:\/\/es.wikipedia.org\/wiki\/Bodegas_Protos"]},{"@type":"Person","@id":"https:\/\/www.bodegasprotos.com\/es\/#\/schema\/person\/6cb69a08afa14171755cee0df7d20027","name":"Bodegas Protos (F)","image":{"@type":"ImageObject","inLanguage":"es","@id":"https:\/\/secure.gravatar.com\/avatar\/cc613a9fd2ee203f402357c1b4aa2b7c041016cbf1eab1e41bde410b2ebd7f94?s=96&d=mm&r=g","url":"https:\/\/secure.gravatar.com\/avatar\/cc613a9fd2ee203f402357c1b4aa2b7c041016cbf1eab1e41bde410b2ebd7f94?s=96&d=mm&r=g","contentUrl":"https:\/\/secure.gravatar.com\/avatar\/cc613a9fd2ee203f402357c1b4aa2b7c041016cbf1eab1e41bde410b2ebd7f94?s=96&d=mm&r=g","caption":"Bodegas Protos (F)"},"sameAs":["https:\/\/www.bodegasprotos.com"]}]}},"_links":{"self":[{"href":"https:\/\/www.bodegasprotos.com\/es\/wp-json\/wp\/v2\/posts\/42347","targetHints":{"allow":["GET"]}}],"collection":[{"href":"https:\/\/www.bodegasprotos.com\/es\/wp-json\/wp\/v2\/posts"}],"about":[{"href":"https:\/\/www.bodegasprotos.com\/es\/wp-json\/wp\/v2\/types\/post"}],"author":[{"embeddable":true,"href":"https:\/\/www.bodegasprotos.com\/es\/wp-json\/wp\/v2\/users\/3"}],"replies":[{"embeddable":true,"href":"https:\/\/www.bodegasprotos.com\/es\/wp-json\/wp\/v2\/comments?post=42347"}],"version-history":[{"count":5,"href":"https:\/\/www.bodegasprotos.com\/es\/wp-json\/wp\/v2\/posts\/42347\/revisions"}],"predecessor-version":[{"id":42364,"href":"https:\/\/www.bodegasprotos.com\/es\/wp-json\/wp\/v2\/posts\/42347\/revisions\/42364"}],"wp:featuredmedia":[{"embeddable":true,"href":"https:\/\/www.bodegasprotos.com\/es\/wp-json\/wp\/v2\/media\/42349"}],"wp:attachment":[{"href":"https:\/\/www.bodegasprotos.com\/es\/wp-json\/wp\/v2\/media?parent=42347"}],"wp:term":[{"taxonomy":"category","embeddable":true,"href":"https:\/\/www.bodegasprotos.com\/es\/wp-json\/wp\/v2\/categories?post=42347"},{"taxonomy":"post_tag","embeddable":true,"href":"https:\/\/www.bodegasprotos.com\/es\/wp-json\/wp\/v2\/tags?post=42347"}],"curies":[{"name":"wp","href":"https:\/\/api.w.org\/{rel}","templated":true}]}}