{"id":41462,"date":"2024-12-13T11:32:03","date_gmt":"2024-12-13T10:32:03","guid":{"rendered":"https:\/\/www.bodegasprotos.com\/?p=41462"},"modified":"2024-12-13T11:48:33","modified_gmt":"2024-12-13T10:48:33","slug":"exquisitas-felipadas-bilbainas-maridadas-con-el-vino-aire-de-protos-2023","status":"publish","type":"post","link":"https:\/\/www.bodegasprotos.com\/es\/blog\/exquisitas-felipadas-bilbainas-maridadas-con-el-vino-aire-de-protos-2023\/","title":{"rendered":"Exquisitas Felipadas Bilba\u00ednas maridadas con el vino Aire de Protos 2023"},"content":{"rendered":"<p>Por <a href=\"https:\/\/www.tererecetas.com\/\">Las Recetas de Tere<\/a>,<\/p>\n<p><img data-dominant-color=\"81655c\" data-has-transparency=\"false\" style=\"--dominant-color: #81655c;\" fetchpriority=\"high\" decoding=\"async\" class=\"aligncenter size-medium wp-image-41463 not-transparent\" src=\"https:\/\/www.bodegasprotos.com\/wp-content\/uploads\/2024\/12\/felipada-bilbaina-01-179x300.webp\" alt=\"\" width=\"179\" height=\"300\" srcset=\"https:\/\/www.bodegasprotos.com\/wp-content\/uploads\/2024\/12\/felipada-bilbaina-01-179x300.webp 179w, https:\/\/www.bodegasprotos.com\/wp-content\/uploads\/2024\/12\/felipada-bilbaina-01-611x1024.webp 611w, https:\/\/www.bodegasprotos.com\/wp-content\/uploads\/2024\/12\/felipada-bilbaina-01-768x1288.webp 768w, https:\/\/www.bodegasprotos.com\/wp-content\/uploads\/2024\/12\/felipada-bilbaina-01-916x1536.webp 916w, https:\/\/www.bodegasprotos.com\/wp-content\/uploads\/2024\/12\/felipada-bilbaina-01-1222x2048.webp 1222w, https:\/\/www.bodegasprotos.com\/wp-content\/uploads\/2024\/12\/felipada-bilbaina-01-scaled.webp 1527w\" sizes=\"(max-width: 179px) 100vw, 179px\" \/><\/p>\n<p>Hola a tod@s, aqu\u00ed te traigo unas exquisitas Felipadas Bilba\u00ednas maridadas con vino Aire de Protos 2023, ya que tenemos la Navidad a la vuelta de la esquina y empiezan los men\u00fas de Nochebuena y Noche Vieja, por eso queremos innovar y hacer cosas simples pero ricas, en cualquier caso. Siempre nos proponemos poner todo nuestro empe\u00f1o en complacer y comer delicias especiales y diferentes en esos d\u00edas.<\/p>\n<p>Este aperitivo que os traigo hoy es un cl\u00e1sico de la maravillosa Bilbao, se llaman Las Felipadas y son mucho m\u00e1s que unos simples s\u00e1ndwiches. Son un homenaje a la gastronom\u00eda vasca, un viaje culinario a trav\u00e9s de los sabores del mar y un gui\u00f1o a la historia de Bilbao. Originario del Bar Alameda, hace m\u00e1s de 70 a\u00f1os, esta sencilla maravilla culinaria se ha convertido en todo un icono de la ciudad y una referencia obligada para los amantes de los sabores aut\u00e9nticos.<\/p>\n<p>Son verdaderamente deliciosos y acompa\u00f1ados con el vino <a href=\"https:\/\/tienda.bodegasprotos.com\/inicio\/6163-2475-aire-de-protos-2023.html#\/36-formato_borgona-botella_075l\">Aire de Protos 2023<\/a>, ya es un matrimonio perfecto y bien avenido. El vino Aire tiene aromas a frutas, a flores y en boca, es fresco y sedoso, hecho a base de uvas Tempranillo 40%, Garnacha tinta 32%, Albillo 13%, Verdejo 7%, Viura 8% y Sauvignon blanc, procedentes de la DO Cigales, por lo que combina a la perfecci\u00f3n con los pescados y con estos deliciosos s\u00e1ndwiches, la combinaci\u00f3n es maravillosa.<\/p>\n<p>Las Felipadas est\u00e1n estrechamente ligadas a la historia de Bilbao. Su nombre es un homenaje a Felipe, un cliente habitual del Bar Alameda que las populariz\u00f3 al prepararlas para un equipo de f\u00fatbol. Hoy en d\u00eda, este bocadillo es un s\u00edmbolo de la ciudad y una de las tapas m\u00e1s solicitadas en los bares y restaurantes bilba\u00ednos.<\/p>\n<p><img data-dominant-color=\"7e6258\" data-has-transparency=\"false\" style=\"--dominant-color: #7e6258;\" decoding=\"async\" class=\"aligncenter size-medium wp-image-41465 not-transparent\" src=\"https:\/\/www.bodegasprotos.com\/wp-content\/uploads\/2024\/12\/felipada-bilbaina-02-226x300.webp\" alt=\"\" width=\"226\" height=\"300\" srcset=\"https:\/\/www.bodegasprotos.com\/wp-content\/uploads\/2024\/12\/felipada-bilbaina-02-226x300.webp 226w, https:\/\/www.bodegasprotos.com\/wp-content\/uploads\/2024\/12\/felipada-bilbaina-02-771x1024.webp 771w, https:\/\/www.bodegasprotos.com\/wp-content\/uploads\/2024\/12\/felipada-bilbaina-02-768x1020.webp 768w, https:\/\/www.bodegasprotos.com\/wp-content\/uploads\/2024\/12\/felipada-bilbaina-02-1157x1536.webp 1157w, https:\/\/www.bodegasprotos.com\/wp-content\/uploads\/2024\/12\/felipada-bilbaina-02-1543x2048.webp 1543w, https:\/\/www.bodegasprotos.com\/wp-content\/uploads\/2024\/12\/felipada-bilbaina-02-scaled.webp 1928w\" sizes=\"(max-width: 226px) 100vw, 226px\" \/><\/p>\n<h3><strong>Los Ingredientes de este s\u00e1ndwich tan maravilloso son:<\/strong><\/h3>\n<ul>\n<li>4 \u00f3 5 anchoas del Cant\u00e1brico en aceite por cada una que prepares<\/li>\n<li>Mayonesa<\/li>\n<li>Lechuga<\/li>\n<li>Pan de Molde con corteza<\/li>\n<li>Unas gotas de salsa picante<\/li>\n<\/ul>\n<h3><strong>Preparaci\u00f3n:<\/strong><\/h3>\n<p>Unta generosamente de mayonesa los panes, luego coloca las anchoas en aceite, las hojas de lechuga y unas gotas de salsa picante a tu gusto. Es as\u00ed de simple y cr\u00e9eme que no te comer\u00e1s uno solo. Corta en tri\u00e1ngulos para que los pongas como aperitivos y triunfar\u00e1s&#8230;<\/p>\n<p>Son un legado gastron\u00f3mico que se transmite de generaci\u00f3n en generaci\u00f3n. Un bocado que nos conecta con nuestras ra\u00edces y nos recuerda la importancia de consumir los productos locales manteniendo la tradici\u00f3n culinaria.<\/p>\n<p>La combinaci\u00f3n de estas exquisitas Felipadas y el vino Aire de Protos 2023 hacen que la experiencia sea inolvidable.<\/p>\n<h2><strong>\u00bfQu\u00e9 hace especial al Aire de Protos 2023?<\/strong><\/h2>\n<p><strong>Versatilidad:<\/strong> Es un <a href=\"https:\/\/www.tererecetas.com\/2024\/11\/arroz-al-horno-valenciano-maridado-con-protos-crianza-2022.html\">vino<\/a> perfecto para disfrutar en diversas ocasiones, desde una comida informal hasta una celebraci\u00f3n especial.<\/p>\n<p><strong>Cosecha 2023:<\/strong> Este vino proviene de la \u00faltima a\u00f1ada, lo que garantiza frescura y juventud en cada copa. La vendimia recogida mayoritariamente durante la noche. Recepci\u00f3n r\u00e1pida de la uva para evitar al m\u00e1ximo su maceraci\u00f3n con los hollejos. A su llegada, se procesa en atm\u00f3sfera inerte y en fr\u00edo, obteniendo el mosto yema r\u00e1pidamente para la elaboraci\u00f3n de este vino p\u00e1lido con poco color. Protecci\u00f3n m\u00e1xima frente a la oxidaci\u00f3n de los aromas. Desfangado est\u00e1tico a 8 \u00baC y fermentaci\u00f3n en acero inoxidable, a unos 15 \u00baC. Posterior crianza con agitaci\u00f3n regular de l\u00edas durante un m\u00ednimo de 3 meses<\/p>\n<p><strong>Coupage \u00fanico:<\/strong> La combinaci\u00f3n de seis variedades de uva (Tempranillo, Garnacha, Albillo, Verdejo, Viura y Sauvignon Blanc) aporta una complejidad arom\u00e1tica y un equilibrio en boca que lo hacen destacar.<\/p>\n<p><strong>Color atractivo:<\/strong> Su color rosa p\u00e1lido, de aspecto brillante, con matices de amaranto y fucsia, es visualmente muy atractivo y caracter\u00edstico de los rosados de estilo provenzal. Aspecto brillante y limpio. Aspecto brillante y limpio.<\/p>\n<p><strong>Aromas delicados:<\/strong> En nariz, predominan aromas de frutas blancas como el melocot\u00f3n, con notas c\u00edtricas y toques de frutos rojos.<\/p>\n<p><strong>Sabor fresco y equilibrado:<\/strong> En boca, es fresco y sedoso, con una acidez elegante que se equilibra con la fruta y una ligera untuosidad debido a la crianza sobre l\u00edas. Muy agradable de beber.<\/p>\n","protected":false},"excerpt":{"rendered":"<p>Por Las Recetas de Tere, Hola a tod@s, aqu\u00ed te traigo unas exquisitas Felipadas Bilba\u00ednas maridadas con vino&#8230;<\/p>\n","protected":false},"author":3,"featured_media":41465,"comment_status":"closed","ping_status":"closed","sticky":false,"template":"","format":"standard","meta":{"_acf_changed":false,"footnotes":""},"categories":[87,1],"tags":[],"class_list":["post-41462","post","type-post","status-publish","format-standard","has-post-thumbnail","hentry","category-blog","category-general"],"acf":[],"yoast_head":"<!-- This site is optimized with the Yoast SEO plugin v27.4 - https:\/\/yoast.com\/product\/yoast-seo-wordpress\/ -->\n<title>Exquisitas Felipadas Bilba\u00ednas maridadas con el vino Aire de Protos 2023 - Bodegas Protos<\/title>\n<meta name=\"description\" content=\"Por Las Recetas de Tere, Hola a tod@s, aqu\u00ed te traigo unas exquisitas Felipadas Bilba\u00ednas maridadas con vino Aire de Protos 2023, ya que tenemos la\" \/>\n<meta name=\"robots\" content=\"index, follow, max-snippet:-1, max-image-preview:large, max-video-preview:-1\" \/>\n<link rel=\"canonical\" href=\"https:\/\/www.bodegasprotos.com\/es\/blog\/exquisitas-felipadas-bilbainas-maridadas-con-el-vino-aire-de-protos-2023\/\" \/>\n<meta property=\"og:locale\" content=\"es_ES\" \/>\n<meta property=\"og:type\" content=\"article\" \/>\n<meta property=\"og:title\" content=\"Exquisitas Felipadas Bilba\u00ednas maridadas con el vino Aire de Protos 2023 - Bodegas Protos\" \/>\n<meta property=\"og:description\" content=\"Por Las Recetas de Tere, Hola a tod@s, aqu\u00ed te traigo unas exquisitas Felipadas Bilba\u00ednas maridadas con vino Aire de Protos 2023, ya que tenemos la\" \/>\n<meta property=\"og:url\" content=\"https:\/\/www.bodegasprotos.com\/es\/blog\/exquisitas-felipadas-bilbainas-maridadas-con-el-vino-aire-de-protos-2023\/\" \/>\n<meta property=\"og:site_name\" content=\"Bodegas Protos\" \/>\n<meta property=\"article:publisher\" content=\"https:\/\/www.facebook.com\/BodegasProtos\" \/>\n<meta property=\"article:published_time\" content=\"2024-12-13T10:32:03+00:00\" \/>\n<meta property=\"article:modified_time\" content=\"2024-12-13T10:48:33+00:00\" \/>\n<meta property=\"og:image\" content=\"https:\/\/www.bodegasprotos.com\/wp-content\/uploads\/2024\/12\/felipada-bilbaina-02-scaled.webp\" \/>\n\t<meta property=\"og:image:width\" content=\"1928\" \/>\n\t<meta property=\"og:image:height\" content=\"2560\" \/>\n\t<meta property=\"og:image:type\" content=\"image\/jpeg\" \/>\n<meta name=\"author\" content=\"Bodegas Protos (F)\" \/>\n<meta name=\"twitter:card\" content=\"summary_large_image\" \/>\n<meta name=\"twitter:creator\" content=\"@Bodegas_Protos\" \/>\n<meta name=\"twitter:site\" content=\"@Bodegas_Protos\" \/>\n<meta name=\"twitter:label1\" content=\"Escrito por\" \/>\n\t<meta name=\"twitter:data1\" content=\"Bodegas Protos (F)\" \/>\n\t<meta name=\"twitter:label2\" content=\"Tiempo de lectura\" \/>\n\t<meta name=\"twitter:data2\" content=\"4 minutos\" \/>\n<script type=\"application\/ld+json\" class=\"yoast-schema-graph\">{\"@context\":\"https:\\\/\\\/schema.org\",\"@graph\":[{\"@type\":\"Article\",\"@id\":\"https:\\\/\\\/www.bodegasprotos.com\\\/es\\\/blog\\\/exquisitas-felipadas-bilbainas-maridadas-con-el-vino-aire-de-protos-2023\\\/#article\",\"isPartOf\":{\"@id\":\"https:\\\/\\\/www.bodegasprotos.com\\\/es\\\/blog\\\/exquisitas-felipadas-bilbainas-maridadas-con-el-vino-aire-de-protos-2023\\\/\"},\"author\":{\"name\":\"Bodegas Protos (F)\",\"@id\":\"https:\\\/\\\/www.bodegasprotos.com\\\/es\\\/#\\\/schema\\\/person\\\/6cb69a08afa14171755cee0df7d20027\"},\"headline\":\"Exquisitas Felipadas Bilba\u00ednas maridadas con el vino Aire de Protos 2023\",\"datePublished\":\"2024-12-13T10:32:03+00:00\",\"dateModified\":\"2024-12-13T10:48:33+00:00\",\"mainEntityOfPage\":{\"@id\":\"https:\\\/\\\/www.bodegasprotos.com\\\/es\\\/blog\\\/exquisitas-felipadas-bilbainas-maridadas-con-el-vino-aire-de-protos-2023\\\/\"},\"wordCount\":730,\"publisher\":{\"@id\":\"https:\\\/\\\/www.bodegasprotos.com\\\/es\\\/#organization\"},\"image\":{\"@id\":\"https:\\\/\\\/www.bodegasprotos.com\\\/es\\\/blog\\\/exquisitas-felipadas-bilbainas-maridadas-con-el-vino-aire-de-protos-2023\\\/#primaryimage\"},\"thumbnailUrl\":\"https:\\\/\\\/www.bodegasprotos.com\\\/wp-content\\\/uploads\\\/2024\\\/12\\\/felipada-bilbaina-02-scaled.webp\",\"articleSection\":[\"Blog\",\"General\"],\"inLanguage\":\"es\"},{\"@type\":\"WebPage\",\"@id\":\"https:\\\/\\\/www.bodegasprotos.com\\\/es\\\/blog\\\/exquisitas-felipadas-bilbainas-maridadas-con-el-vino-aire-de-protos-2023\\\/\",\"url\":\"https:\\\/\\\/www.bodegasprotos.com\\\/es\\\/blog\\\/exquisitas-felipadas-bilbainas-maridadas-con-el-vino-aire-de-protos-2023\\\/\",\"name\":\"Exquisitas Felipadas Bilba\u00ednas maridadas con el vino Aire de Protos 2023 - Bodegas Protos\",\"isPartOf\":{\"@id\":\"https:\\\/\\\/www.bodegasprotos.com\\\/es\\\/#website\"},\"primaryImageOfPage\":{\"@id\":\"https:\\\/\\\/www.bodegasprotos.com\\\/es\\\/blog\\\/exquisitas-felipadas-bilbainas-maridadas-con-el-vino-aire-de-protos-2023\\\/#primaryimage\"},\"image\":{\"@id\":\"https:\\\/\\\/www.bodegasprotos.com\\\/es\\\/blog\\\/exquisitas-felipadas-bilbainas-maridadas-con-el-vino-aire-de-protos-2023\\\/#primaryimage\"},\"thumbnailUrl\":\"https:\\\/\\\/www.bodegasprotos.com\\\/wp-content\\\/uploads\\\/2024\\\/12\\\/felipada-bilbaina-02-scaled.webp\",\"datePublished\":\"2024-12-13T10:32:03+00:00\",\"dateModified\":\"2024-12-13T10:48:33+00:00\",\"description\":\"Por Las Recetas de Tere, Hola a tod@s, aqu\u00ed te traigo unas exquisitas Felipadas Bilba\u00ednas maridadas con vino Aire de Protos 2023, ya que tenemos la\",\"breadcrumb\":{\"@id\":\"https:\\\/\\\/www.bodegasprotos.com\\\/es\\\/blog\\\/exquisitas-felipadas-bilbainas-maridadas-con-el-vino-aire-de-protos-2023\\\/#breadcrumb\"},\"inLanguage\":\"es\",\"potentialAction\":[{\"@type\":\"ReadAction\",\"target\":[\"https:\\\/\\\/www.bodegasprotos.com\\\/es\\\/blog\\\/exquisitas-felipadas-bilbainas-maridadas-con-el-vino-aire-de-protos-2023\\\/\"]}]},{\"@type\":\"ImageObject\",\"inLanguage\":\"es\",\"@id\":\"https:\\\/\\\/www.bodegasprotos.com\\\/es\\\/blog\\\/exquisitas-felipadas-bilbainas-maridadas-con-el-vino-aire-de-protos-2023\\\/#primaryimage\",\"url\":\"https:\\\/\\\/www.bodegasprotos.com\\\/wp-content\\\/uploads\\\/2024\\\/12\\\/felipada-bilbaina-02-scaled.webp\",\"contentUrl\":\"https:\\\/\\\/www.bodegasprotos.com\\\/wp-content\\\/uploads\\\/2024\\\/12\\\/felipada-bilbaina-02-scaled.webp\",\"width\":1928,\"height\":2560},{\"@type\":\"BreadcrumbList\",\"@id\":\"https:\\\/\\\/www.bodegasprotos.com\\\/es\\\/blog\\\/exquisitas-felipadas-bilbainas-maridadas-con-el-vino-aire-de-protos-2023\\\/#breadcrumb\",\"itemListElement\":[{\"@type\":\"ListItem\",\"position\":1,\"name\":\"Portada\",\"item\":\"https:\\\/\\\/www.bodegasprotos.com\\\/es\\\/\"},{\"@type\":\"ListItem\",\"position\":2,\"name\":\"Exquisitas Felipadas Bilba\u00ednas maridadas con el vino Aire de Protos 2023\"}]},{\"@type\":\"WebSite\",\"@id\":\"https:\\\/\\\/www.bodegasprotos.com\\\/es\\\/#website\",\"url\":\"https:\\\/\\\/www.bodegasprotos.com\\\/es\\\/\",\"name\":\"Bodegas Protos\",\"description\":\"Vinos de la Denominaci\u00f3n de Origen Ribera del Duero, Rueda y Cigales\",\"publisher\":{\"@id\":\"https:\\\/\\\/www.bodegasprotos.com\\\/es\\\/#organization\"},\"potentialAction\":[{\"@type\":\"SearchAction\",\"target\":{\"@type\":\"EntryPoint\",\"urlTemplate\":\"https:\\\/\\\/www.bodegasprotos.com\\\/es\\\/?s={search_term_string}\"},\"query-input\":{\"@type\":\"PropertyValueSpecification\",\"valueRequired\":true,\"valueName\":\"search_term_string\"}}],\"inLanguage\":\"es\"},{\"@type\":\"Organization\",\"@id\":\"https:\\\/\\\/www.bodegasprotos.com\\\/es\\\/#organization\",\"name\":\"Bodegas Protos\",\"url\":\"https:\\\/\\\/www.bodegasprotos.com\\\/es\\\/\",\"logo\":{\"@type\":\"ImageObject\",\"inLanguage\":\"es\",\"@id\":\"https:\\\/\\\/www.bodegasprotos.com\\\/es\\\/#\\\/schema\\\/logo\\\/image\\\/\",\"url\":\"https:\\\/\\\/www.bodegasprotos.com\\\/wp-content\\\/uploads\\\/2024\\\/06\\\/PROTOS-LOGOS-VERSIONES-13.png\",\"contentUrl\":\"https:\\\/\\\/www.bodegasprotos.com\\\/wp-content\\\/uploads\\\/2024\\\/06\\\/PROTOS-LOGOS-VERSIONES-13.png\",\"width\":2362,\"height\":2362,\"caption\":\"Bodegas Protos\"},\"image\":{\"@id\":\"https:\\\/\\\/www.bodegasprotos.com\\\/es\\\/#\\\/schema\\\/logo\\\/image\\\/\"},\"sameAs\":[\"https:\\\/\\\/www.facebook.com\\\/BodegasProtos\",\"https:\\\/\\\/x.com\\\/Bodegas_Protos\",\"https:\\\/\\\/www.instagram.com\\\/bodegasprotosoficial\\\/\",\"https:\\\/\\\/www.linkedin.com\\\/company\\\/bodegasprotos\\\/\",\"https:\\\/\\\/pinterest.com\\\/BodegasProtos\\\/\",\"http:\\\/\\\/www.youtube.com\\\/user\\\/BodegasProtos\",\"https:\\\/\\\/es.wikipedia.org\\\/wiki\\\/Bodegas_Protos\"]},{\"@type\":\"Person\",\"@id\":\"https:\\\/\\\/www.bodegasprotos.com\\\/es\\\/#\\\/schema\\\/person\\\/6cb69a08afa14171755cee0df7d20027\",\"name\":\"Bodegas Protos (F)\",\"image\":{\"@type\":\"ImageObject\",\"inLanguage\":\"es\",\"@id\":\"https:\\\/\\\/secure.gravatar.com\\\/avatar\\\/cc613a9fd2ee203f402357c1b4aa2b7c041016cbf1eab1e41bde410b2ebd7f94?s=96&d=mm&r=g\",\"url\":\"https:\\\/\\\/secure.gravatar.com\\\/avatar\\\/cc613a9fd2ee203f402357c1b4aa2b7c041016cbf1eab1e41bde410b2ebd7f94?s=96&d=mm&r=g\",\"contentUrl\":\"https:\\\/\\\/secure.gravatar.com\\\/avatar\\\/cc613a9fd2ee203f402357c1b4aa2b7c041016cbf1eab1e41bde410b2ebd7f94?s=96&d=mm&r=g\",\"caption\":\"Bodegas Protos (F)\"},\"sameAs\":[\"https:\\\/\\\/www.bodegasprotos.com\"]}]}<\/script>\n<!-- \/ Yoast SEO plugin. -->","yoast_head_json":{"title":"Exquisitas Felipadas Bilba\u00ednas maridadas con el vino Aire de Protos 2023 - Bodegas Protos","description":"Por Las Recetas de Tere, Hola a tod@s, aqu\u00ed te traigo unas exquisitas Felipadas Bilba\u00ednas maridadas con vino Aire de Protos 2023, ya que tenemos la","robots":{"index":"index","follow":"follow","max-snippet":"max-snippet:-1","max-image-preview":"max-image-preview:large","max-video-preview":"max-video-preview:-1"},"canonical":"https:\/\/www.bodegasprotos.com\/es\/blog\/exquisitas-felipadas-bilbainas-maridadas-con-el-vino-aire-de-protos-2023\/","og_locale":"es_ES","og_type":"article","og_title":"Exquisitas Felipadas Bilba\u00ednas maridadas con el vino Aire de Protos 2023 - Bodegas Protos","og_description":"Por Las Recetas de Tere, Hola a tod@s, aqu\u00ed te traigo unas exquisitas Felipadas Bilba\u00ednas maridadas con vino Aire de Protos 2023, ya que tenemos la","og_url":"https:\/\/www.bodegasprotos.com\/es\/blog\/exquisitas-felipadas-bilbainas-maridadas-con-el-vino-aire-de-protos-2023\/","og_site_name":"Bodegas Protos","article_publisher":"https:\/\/www.facebook.com\/BodegasProtos","article_published_time":"2024-12-13T10:32:03+00:00","article_modified_time":"2024-12-13T10:48:33+00:00","og_image":[{"width":1928,"height":2560,"url":"https:\/\/www.bodegasprotos.com\/wp-content\/uploads\/2024\/12\/felipada-bilbaina-02-scaled.webp","type":"image\/jpeg"}],"author":"Bodegas Protos (F)","twitter_card":"summary_large_image","twitter_creator":"@Bodegas_Protos","twitter_site":"@Bodegas_Protos","twitter_misc":{"Escrito por":"Bodegas Protos (F)","Tiempo de lectura":"4 minutos"},"schema":{"@context":"https:\/\/schema.org","@graph":[{"@type":"Article","@id":"https:\/\/www.bodegasprotos.com\/es\/blog\/exquisitas-felipadas-bilbainas-maridadas-con-el-vino-aire-de-protos-2023\/#article","isPartOf":{"@id":"https:\/\/www.bodegasprotos.com\/es\/blog\/exquisitas-felipadas-bilbainas-maridadas-con-el-vino-aire-de-protos-2023\/"},"author":{"name":"Bodegas Protos (F)","@id":"https:\/\/www.bodegasprotos.com\/es\/#\/schema\/person\/6cb69a08afa14171755cee0df7d20027"},"headline":"Exquisitas Felipadas Bilba\u00ednas maridadas con el vino Aire de Protos 2023","datePublished":"2024-12-13T10:32:03+00:00","dateModified":"2024-12-13T10:48:33+00:00","mainEntityOfPage":{"@id":"https:\/\/www.bodegasprotos.com\/es\/blog\/exquisitas-felipadas-bilbainas-maridadas-con-el-vino-aire-de-protos-2023\/"},"wordCount":730,"publisher":{"@id":"https:\/\/www.bodegasprotos.com\/es\/#organization"},"image":{"@id":"https:\/\/www.bodegasprotos.com\/es\/blog\/exquisitas-felipadas-bilbainas-maridadas-con-el-vino-aire-de-protos-2023\/#primaryimage"},"thumbnailUrl":"https:\/\/www.bodegasprotos.com\/wp-content\/uploads\/2024\/12\/felipada-bilbaina-02-scaled.webp","articleSection":["Blog","General"],"inLanguage":"es"},{"@type":"WebPage","@id":"https:\/\/www.bodegasprotos.com\/es\/blog\/exquisitas-felipadas-bilbainas-maridadas-con-el-vino-aire-de-protos-2023\/","url":"https:\/\/www.bodegasprotos.com\/es\/blog\/exquisitas-felipadas-bilbainas-maridadas-con-el-vino-aire-de-protos-2023\/","name":"Exquisitas Felipadas Bilba\u00ednas maridadas con el vino Aire de Protos 2023 - Bodegas Protos","isPartOf":{"@id":"https:\/\/www.bodegasprotos.com\/es\/#website"},"primaryImageOfPage":{"@id":"https:\/\/www.bodegasprotos.com\/es\/blog\/exquisitas-felipadas-bilbainas-maridadas-con-el-vino-aire-de-protos-2023\/#primaryimage"},"image":{"@id":"https:\/\/www.bodegasprotos.com\/es\/blog\/exquisitas-felipadas-bilbainas-maridadas-con-el-vino-aire-de-protos-2023\/#primaryimage"},"thumbnailUrl":"https:\/\/www.bodegasprotos.com\/wp-content\/uploads\/2024\/12\/felipada-bilbaina-02-scaled.webp","datePublished":"2024-12-13T10:32:03+00:00","dateModified":"2024-12-13T10:48:33+00:00","description":"Por Las Recetas de Tere, Hola a tod@s, aqu\u00ed te traigo unas exquisitas Felipadas Bilba\u00ednas maridadas con vino Aire de Protos 2023, ya que tenemos la","breadcrumb":{"@id":"https:\/\/www.bodegasprotos.com\/es\/blog\/exquisitas-felipadas-bilbainas-maridadas-con-el-vino-aire-de-protos-2023\/#breadcrumb"},"inLanguage":"es","potentialAction":[{"@type":"ReadAction","target":["https:\/\/www.bodegasprotos.com\/es\/blog\/exquisitas-felipadas-bilbainas-maridadas-con-el-vino-aire-de-protos-2023\/"]}]},{"@type":"ImageObject","inLanguage":"es","@id":"https:\/\/www.bodegasprotos.com\/es\/blog\/exquisitas-felipadas-bilbainas-maridadas-con-el-vino-aire-de-protos-2023\/#primaryimage","url":"https:\/\/www.bodegasprotos.com\/wp-content\/uploads\/2024\/12\/felipada-bilbaina-02-scaled.webp","contentUrl":"https:\/\/www.bodegasprotos.com\/wp-content\/uploads\/2024\/12\/felipada-bilbaina-02-scaled.webp","width":1928,"height":2560},{"@type":"BreadcrumbList","@id":"https:\/\/www.bodegasprotos.com\/es\/blog\/exquisitas-felipadas-bilbainas-maridadas-con-el-vino-aire-de-protos-2023\/#breadcrumb","itemListElement":[{"@type":"ListItem","position":1,"name":"Portada","item":"https:\/\/www.bodegasprotos.com\/es\/"},{"@type":"ListItem","position":2,"name":"Exquisitas Felipadas Bilba\u00ednas maridadas con el vino Aire de Protos 2023"}]},{"@type":"WebSite","@id":"https:\/\/www.bodegasprotos.com\/es\/#website","url":"https:\/\/www.bodegasprotos.com\/es\/","name":"Bodegas Protos","description":"Vinos de la Denominaci\u00f3n de Origen Ribera del Duero, Rueda y Cigales","publisher":{"@id":"https:\/\/www.bodegasprotos.com\/es\/#organization"},"potentialAction":[{"@type":"SearchAction","target":{"@type":"EntryPoint","urlTemplate":"https:\/\/www.bodegasprotos.com\/es\/?s={search_term_string}"},"query-input":{"@type":"PropertyValueSpecification","valueRequired":true,"valueName":"search_term_string"}}],"inLanguage":"es"},{"@type":"Organization","@id":"https:\/\/www.bodegasprotos.com\/es\/#organization","name":"Bodegas Protos","url":"https:\/\/www.bodegasprotos.com\/es\/","logo":{"@type":"ImageObject","inLanguage":"es","@id":"https:\/\/www.bodegasprotos.com\/es\/#\/schema\/logo\/image\/","url":"https:\/\/www.bodegasprotos.com\/wp-content\/uploads\/2024\/06\/PROTOS-LOGOS-VERSIONES-13.png","contentUrl":"https:\/\/www.bodegasprotos.com\/wp-content\/uploads\/2024\/06\/PROTOS-LOGOS-VERSIONES-13.png","width":2362,"height":2362,"caption":"Bodegas Protos"},"image":{"@id":"https:\/\/www.bodegasprotos.com\/es\/#\/schema\/logo\/image\/"},"sameAs":["https:\/\/www.facebook.com\/BodegasProtos","https:\/\/x.com\/Bodegas_Protos","https:\/\/www.instagram.com\/bodegasprotosoficial\/","https:\/\/www.linkedin.com\/company\/bodegasprotos\/","https:\/\/pinterest.com\/BodegasProtos\/","http:\/\/www.youtube.com\/user\/BodegasProtos","https:\/\/es.wikipedia.org\/wiki\/Bodegas_Protos"]},{"@type":"Person","@id":"https:\/\/www.bodegasprotos.com\/es\/#\/schema\/person\/6cb69a08afa14171755cee0df7d20027","name":"Bodegas Protos (F)","image":{"@type":"ImageObject","inLanguage":"es","@id":"https:\/\/secure.gravatar.com\/avatar\/cc613a9fd2ee203f402357c1b4aa2b7c041016cbf1eab1e41bde410b2ebd7f94?s=96&d=mm&r=g","url":"https:\/\/secure.gravatar.com\/avatar\/cc613a9fd2ee203f402357c1b4aa2b7c041016cbf1eab1e41bde410b2ebd7f94?s=96&d=mm&r=g","contentUrl":"https:\/\/secure.gravatar.com\/avatar\/cc613a9fd2ee203f402357c1b4aa2b7c041016cbf1eab1e41bde410b2ebd7f94?s=96&d=mm&r=g","caption":"Bodegas Protos (F)"},"sameAs":["https:\/\/www.bodegasprotos.com"]}]}},"_links":{"self":[{"href":"https:\/\/www.bodegasprotos.com\/es\/wp-json\/wp\/v2\/posts\/41462","targetHints":{"allow":["GET"]}}],"collection":[{"href":"https:\/\/www.bodegasprotos.com\/es\/wp-json\/wp\/v2\/posts"}],"about":[{"href":"https:\/\/www.bodegasprotos.com\/es\/wp-json\/wp\/v2\/types\/post"}],"author":[{"embeddable":true,"href":"https:\/\/www.bodegasprotos.com\/es\/wp-json\/wp\/v2\/users\/3"}],"replies":[{"embeddable":true,"href":"https:\/\/www.bodegasprotos.com\/es\/wp-json\/wp\/v2\/comments?post=41462"}],"version-history":[{"count":0,"href":"https:\/\/www.bodegasprotos.com\/es\/wp-json\/wp\/v2\/posts\/41462\/revisions"}],"wp:featuredmedia":[{"embeddable":true,"href":"https:\/\/www.bodegasprotos.com\/es\/wp-json\/wp\/v2\/media\/41465"}],"wp:attachment":[{"href":"https:\/\/www.bodegasprotos.com\/es\/wp-json\/wp\/v2\/media?parent=41462"}],"wp:term":[{"taxonomy":"category","embeddable":true,"href":"https:\/\/www.bodegasprotos.com\/es\/wp-json\/wp\/v2\/categories?post=41462"},{"taxonomy":"post_tag","embeddable":true,"href":"https:\/\/www.bodegasprotos.com\/es\/wp-json\/wp\/v2\/tags?post=41462"}],"curies":[{"name":"wp","href":"https:\/\/api.w.org\/{rel}","templated":true}]}}