{"id":41254,"date":"2024-11-08T01:34:28","date_gmt":"2024-11-08T00:34:28","guid":{"rendered":"https:\/\/www.bodegasprotos.com\/?p=41254"},"modified":"2024-11-13T10:07:27","modified_gmt":"2024-11-13T09:07:27","slug":"que-vinos-saben-mejor-con-poemas","status":"publish","type":"post","link":"https:\/\/www.bodegasprotos.com\/es\/blog\/que-vinos-saben-mejor-con-poemas\/","title":{"rendered":"\u00bfQu\u00e9 vinos saben mejor con poemas?"},"content":{"rendered":"<p>La poes\u00eda es la expresi\u00f3n de la belleza por medio de las palabras.<\/p>\n<p>Hay tanta variedad de poes\u00edas como vinos en el mundo. Desde este post, queremos hacer una fusi\u00f3n entre el mundo de la poes\u00eda y el vino, para que este fin de semana, puedas perderte entre versos y\u00a0 notas olfativas y en boca de nuestros vinos.<\/p>\n<p>As\u00ed, os dejamos una lista de los cl\u00e1sicos, de aquellas obras que te hacen volar a ese lugar, a esa persona, a ese sentimiento y que, junto a Protos, se convertir\u00e1 en una experiencia m\u00e1gica.<\/p>\n<h3>\u2018Poes\u00edas completas\u2019 de Rub\u00e9n Dar\u00edo<\/h3>\n<p><a href=\"https:\/\/amzn.eu\/d\/5BF2Bwg\">Esta maravillosa obra es una recopilaci\u00f3n de versos de Rub\u00e9n Dar\u00edo<\/a> sobre temas como la soledad, el amor o la confianza. Se trata de una aut\u00e9ntica joya literaria en la que se muestran los sentimientos y experiencias del poeta en los viajes que realiz\u00f3 a lo largo de su vida. Su acompa\u00f1ante ser\u00eda una copa de <a href=\"https:\/\/www.bodegasprotos.com\/es\/vino\/roble\/\">Protos Roble<\/a>.<\/p>\n<p><img data-dominant-color=\"6c5846\" data-has-transparency=\"false\" style=\"--dominant-color: #6c5846;\" decoding=\"async\" class=\"aligncenter wp-image-41259 not-transparent\" src=\"https:\/\/www.bodegasprotos.com\/wp-content\/uploads\/2024\/10\/1-217x300.webp\" alt=\"\" width=\"127\" height=\"176\" srcset=\"https:\/\/www.bodegasprotos.com\/wp-content\/uploads\/2024\/10\/1-217x300.webp 217w, https:\/\/www.bodegasprotos.com\/wp-content\/uploads\/2024\/10\/1-jpg.webp 739w\" sizes=\"(max-width: 127px) 100vw, 127px\" \/><\/p>\n<p><img decoding=\"async\" class=\" wp-image-39767\" src=\"https:\/\/www.bodegasprotos.com\/wp-content\/uploads\/2019\/07\/1-225x300.png\" alt=\"Protos Roble\" width=\"105\" height=\"140\" \/><\/p>\n<h3>\u2018Rimas y Leyendas\u2019 de Gustavo Adolfo B\u00e9cquer<\/h3>\n<p>Es <a href=\"https:\/\/amzn.eu\/d\/dswOPCv\">una recopilaci\u00f3n de las obras de uno de los m\u00e1s grandes<\/a>: Gustavo Adolfo B\u00e9cquer. Ofrece reunidas sus rimas y sus leyendas. Estas \u00faltimas son evocaciones \u00edntimas al pasado hist\u00f3rico, caracterizadas por una acci\u00f3n veros\u00edmil y una introducci\u00f3n de elementos fant\u00e1sticos e ins\u00f3litos. Esta obra sabe mejor con <a href=\"https:\/\/www.bodegasprotos.com\/es\/vino\/verdejo\/\">Protos Verdejo<\/a>.<\/p>\n<p><img data-dominant-color=\"e6dab9\" data-has-transparency=\"false\" style=\"--dominant-color: #e6dab9;\" decoding=\"async\" class=\"aligncenter wp-image-41261 not-transparent\" src=\"https:\/\/www.bodegasprotos.com\/wp-content\/uploads\/2024\/10\/2-196x300.webp\" alt=\"\" width=\"121\" height=\"185\" srcset=\"https:\/\/www.bodegasprotos.com\/wp-content\/uploads\/2024\/10\/2-196x300.webp 196w, https:\/\/www.bodegasprotos.com\/wp-content\/uploads\/2024\/10\/2-670x1024.webp 670w, https:\/\/www.bodegasprotos.com\/wp-content\/uploads\/2024\/10\/2-jpg.webp 737w\" sizes=\"(max-width: 121px) 100vw, 121px\" \/><\/p>\n<p><img loading=\"lazy\" decoding=\"async\" class=\"aligncenter wp-image-37494\" src=\"https:\/\/www.bodegasprotos.com\/wp-content\/uploads\/2023\/05\/VERDEJO-SLIDER-213x300.png\" alt=\"\" width=\"121\" height=\"170\" srcset=\"https:\/\/www.bodegasprotos.com\/wp-content\/uploads\/2023\/05\/VERDEJO-SLIDER-213x300.png 213w, https:\/\/www.bodegasprotos.com\/wp-content\/uploads\/2023\/05\/VERDEJO-SLIDER.png 426w\" sizes=\"(max-width: 121px) 100vw, 121px\" \/><\/p>\n<h3>\u2018Antolog\u00eda Po\u00e9tica\u2019 de Jorge Luis Borges<\/h3>\n<p>Re\u00fane <a href=\"https:\/\/amzn.eu\/d\/cnvXCl1\">una secci\u00f3n de poemas elegidos por Borges<\/a>: \u00abYo desear\u00eda que este volumen fuera le\u00eddo sub quadam specie aeternitatis, de un modo hed\u00f3nico, no en funci\u00f3n de teor\u00edas, que no profeso, o de mis circunstancias biogr\u00e1ficas. Lo he compilado hed\u00f3nicamente; s\u00f3lo he recogido lo que me agrada o lo que me agradaba en el instante en que lo eleg\u00ed\u00bb. Por ello, nosotros elegimos concienzudamente una copa de <a href=\"https:\/\/www.bodegasprotos.com\/es\/vino\/crianza\/\">Protos Crianza<\/a> para que acompa\u00f1es esta maravillosa obra.<\/p>\n<p><img data-dominant-color=\"6b5d43\" data-has-transparency=\"false\" style=\"--dominant-color: #6b5d43;\" loading=\"lazy\" decoding=\"async\" class=\"wp-image-41277 not-transparent\" src=\"https:\/\/www.bodegasprotos.com\/wp-content\/uploads\/2024\/10\/412zjq0xDUL-189x300.webp\" alt=\"\" width=\"132\" height=\"210\" srcset=\"https:\/\/www.bodegasprotos.com\/wp-content\/uploads\/2024\/10\/412zjq0xDUL-189x300.webp 189w, https:\/\/www.bodegasprotos.com\/wp-content\/uploads\/2024\/10\/412zjq0xDUL-jpg.webp 200w\" sizes=\"(max-width: 132px) 100vw, 132px\" \/><\/p>\n<p><img loading=\"lazy\" decoding=\"async\" class=\"aligncenter wp-image-37473\" src=\"https:\/\/www.bodegasprotos.com\/wp-content\/uploads\/2023\/05\/CRIANZA-SLIDER-213x300.png\" alt=\"\" width=\"117\" height=\"165\" srcset=\"https:\/\/www.bodegasprotos.com\/wp-content\/uploads\/2023\/05\/CRIANZA-SLIDER-213x300.png 213w, https:\/\/www.bodegasprotos.com\/wp-content\/uploads\/2023\/05\/CRIANZA-SLIDER.png 426w\" sizes=\"(max-width: 117px) 100vw, 117px\" \/><\/p>\n<h3>\u2018Veinte poemas de amor y una canci\u00f3n desesperada\u2019 de Pablo Neruda<\/h3>\n<p>Es un <a href=\"https:\/\/amzn.eu\/d\/2jSNfjZ\">poemario basado en experiencias amorosas reales de Neruda<\/a> con varias amantes. Compuesta de veinte poemas sin t\u00edtulo, m\u00e1s un poema final llamado \u00abLa canci\u00f3n desesperada\u00bb.\u00a0 Y un vino que nos evoca ese sentimiento descontrolado es <a href=\"https:\/\/www.bodegasprotos.com\/es\/vino\/protos27\/\">Protos\u00b427<\/a>.<\/p>\n<p><img data-dominant-color=\"ece6e8\" data-has-transparency=\"false\" style=\"--dominant-color: #ece6e8;\" loading=\"lazy\" decoding=\"async\" class=\"aligncenter wp-image-41279 not-transparent\" src=\"https:\/\/www.bodegasprotos.com\/wp-content\/uploads\/2024\/10\/71mP5hPPyZL._SL1500_-193x300.webp\" alt=\"\" width=\"133\" height=\"207\" srcset=\"https:\/\/www.bodegasprotos.com\/wp-content\/uploads\/2024\/10\/71mP5hPPyZL._SL1500_-193x300.webp 193w, https:\/\/www.bodegasprotos.com\/wp-content\/uploads\/2024\/10\/71mP5hPPyZL._SL1500_-658x1024.webp 658w, https:\/\/www.bodegasprotos.com\/wp-content\/uploads\/2024\/10\/71mP5hPPyZL._SL1500_-768x1195.webp 768w, https:\/\/www.bodegasprotos.com\/wp-content\/uploads\/2024\/10\/71mP5hPPyZL._SL1500_-jpg.webp 964w\" sizes=\"(max-width: 133px) 100vw, 133px\" \/><\/p>\n<h3><img loading=\"lazy\" decoding=\"async\" class=\"aligncenter wp-image-37466\" src=\"https:\/\/www.bodegasprotos.com\/wp-content\/uploads\/2023\/05\/27-SLIDER-213x300.png\" alt=\"\" width=\"117\" height=\"165\" srcset=\"https:\/\/www.bodegasprotos.com\/wp-content\/uploads\/2023\/05\/27-SLIDER-213x300.png 213w, https:\/\/www.bodegasprotos.com\/wp-content\/uploads\/2023\/05\/27-SLIDER.png 426w\" sizes=\"(max-width: 117px) 100vw, 117px\" \/><\/h3>\n<h3>\u2018Romancero gitano\u2019 de Federico Garc\u00eda Lorca<\/h3>\n<p>Esta obra muestra <a href=\"https:\/\/amzn.eu\/d\/6ozQeeq\">los mejores poemas de amor y pena,<\/a> a trav\u00e9s de los relatos de la cultura andaluza, gitana y popular, con s\u00edmbolos como la noche, la muerte, el cielo o la luna. Un <a href=\"https:\/\/www.bodegasprotos.com\/es\/vino\/verdejo-reserva\/\">Protos Verdejo Reserva<\/a> va de la mano con la noche.<\/p>\n<p><img data-dominant-color=\"5b6fa0\" data-has-transparency=\"false\" style=\"--dominant-color: #5b6fa0;\" loading=\"lazy\" decoding=\"async\" class=\"aligncenter wp-image-41265 not-transparent\" src=\"https:\/\/www.bodegasprotos.com\/wp-content\/uploads\/2024\/10\/4-198x300.webp\" alt=\"\" width=\"129\" height=\"195\" srcset=\"https:\/\/www.bodegasprotos.com\/wp-content\/uploads\/2024\/10\/4-198x300.webp 198w, https:\/\/www.bodegasprotos.com\/wp-content\/uploads\/2024\/10\/4-675x1024.webp 675w, https:\/\/www.bodegasprotos.com\/wp-content\/uploads\/2024\/10\/4-768x1165.webp 768w, https:\/\/www.bodegasprotos.com\/wp-content\/uploads\/2024\/10\/4-jpg.webp 989w\" sizes=\"(max-width: 129px) 100vw, 129px\" \/><\/p>\n<h3><img data-dominant-color=\"7f713a\" data-has-transparency=\"true\" style=\"--dominant-color: #7f713a;\" loading=\"lazy\" decoding=\"async\" class=\"aligncenter wp-image-39094 has-transparency\" src=\"https:\/\/www.bodegasprotos.com\/wp-content\/uploads\/2023\/11\/Protos_Verdejo_Reserva-1-86x300.webp\" alt=\"\" width=\"43\" height=\"150\" srcset=\"https:\/\/www.bodegasprotos.com\/wp-content\/uploads\/2023\/11\/Protos_Verdejo_Reserva-1-86x300.webp 86w, https:\/\/www.bodegasprotos.com\/wp-content\/uploads\/2023\/11\/Protos_Verdejo_Reserva-1-png.webp 286w\" sizes=\"(max-width: 43px) 100vw, 43px\" \/><\/h3>\n<h3>\u2018Antolog\u00eda po\u00e9tica\u2019 de Alfonsina Storni<\/h3>\n<p>Es una <a href=\"https:\/\/amzn.eu\/d\/gzVez0q\">recopilaci\u00f3n de sus obras, poemas de amor<\/a> de su primera \u00e9poca hasta la \u00faltima producci\u00f3n animada por una inquietud de renovaci\u00f3n. Su virtuosismo y su cualidad de visionaria, anticip\u00e1ndose a ideas feministas que en su \u00e9poca solo se gestaban, merecen toda nuestra atenci\u00f3n y reconocimiento. Por ello, se merece un vino como es el <a href=\"https:\/\/www.bodegasprotos.com\/es\/vino\/protos-rose\/\">Protos Ros\u00e9<\/a>.<\/p>\n<p><img data-dominant-color=\"a26f9d\" data-has-transparency=\"false\" style=\"--dominant-color: #a26f9d;\" loading=\"lazy\" decoding=\"async\" class=\"aligncenter wp-image-41267 not-transparent\" src=\"https:\/\/www.bodegasprotos.com\/wp-content\/uploads\/2024\/10\/5-199x300.webp\" alt=\"\" width=\"132\" height=\"199\" srcset=\"https:\/\/www.bodegasprotos.com\/wp-content\/uploads\/2024\/10\/5-199x300.webp 199w, https:\/\/www.bodegasprotos.com\/wp-content\/uploads\/2024\/10\/5-679x1024.webp 679w, https:\/\/www.bodegasprotos.com\/wp-content\/uploads\/2024\/10\/5-768x1159.webp 768w, https:\/\/www.bodegasprotos.com\/wp-content\/uploads\/2024\/10\/5-jpg.webp 994w\" sizes=\"(max-width: 132px) 100vw, 132px\" \/><\/p>\n<p><img loading=\"lazy\" decoding=\"async\" class=\" wp-image-34453\" src=\"https:\/\/www.bodegasprotos.com\/wp-content\/uploads\/2022\/07\/Protos_Rose_alta_final-202x300.jpg\" alt=\"Protos Ros\u00e9\" width=\"106\" height=\"158\" srcset=\"https:\/\/www.bodegasprotos.com\/wp-content\/uploads\/2022\/07\/Protos_Rose_alta_final-202x300.jpg 202w, https:\/\/www.bodegasprotos.com\/wp-content\/uploads\/2022\/07\/Protos_Rose_alta_final-691x1024.jpg 691w, https:\/\/www.bodegasprotos.com\/wp-content\/uploads\/2022\/07\/Protos_Rose_alta_final-768x1138.jpg 768w, https:\/\/www.bodegasprotos.com\/wp-content\/uploads\/2022\/07\/Protos_Rose_alta_final-1036x1536.jpg 1036w, https:\/\/www.bodegasprotos.com\/wp-content\/uploads\/2022\/07\/Protos_Rose_alta_final-1382x2048.jpg 1382w, https:\/\/www.bodegasprotos.com\/wp-content\/uploads\/2022\/07\/Protos_Rose_alta_final-scaled.jpg 1727w\" sizes=\"(max-width: 106px) 100vw, 106px\" \/><\/p>\n<h3>\u2018El olvido est\u00e1 lleno de memoria\u2019 de Mario Benedetti<\/h3>\n<p><a href=\"https:\/\/amzn.eu\/d\/iKJUQ6X\">Esta obra es una maravilla<\/a> en la que Benedetti utiliz\u00f3 sus pensamientos m\u00e1s personales para convertirlos en versos y en poemas de amor, que han dejado una profunda huella en la literatura. Habla del olvido como un gran simulacro repleto de fantasmas. Estamos seguros que si lo acompa\u00f1as de un <a href=\"https:\/\/www.bodegasprotos.com\/es\/vino\/reserva\/\">Protos Reserva<\/a>, este recuerdo permanecer\u00e1, sin ninguna duda, en tu memoria.<\/p>\n<p><img data-dominant-color=\"141720\" data-has-transparency=\"false\" style=\"--dominant-color: #141720;\" loading=\"lazy\" decoding=\"async\" class=\"wp-image-41269 not-transparent\" src=\"https:\/\/www.bodegasprotos.com\/wp-content\/uploads\/2024\/10\/6-189x300.webp\" alt=\"\" width=\"125\" height=\"199\" srcset=\"https:\/\/www.bodegasprotos.com\/wp-content\/uploads\/2024\/10\/6-189x300.webp 189w, https:\/\/www.bodegasprotos.com\/wp-content\/uploads\/2024\/10\/6-jpg.webp 315w\" sizes=\"(max-width: 125px) 100vw, 125px\" \/><\/p>\n<p><img loading=\"lazy\" decoding=\"async\" class=\"wp-image-37480 aligncenter\" src=\"https:\/\/www.bodegasprotos.com\/wp-content\/uploads\/2023\/05\/RESERVA-SLIDER-213x300.png\" alt=\"\" width=\"123\" height=\"173\" srcset=\"https:\/\/www.bodegasprotos.com\/wp-content\/uploads\/2023\/05\/RESERVA-SLIDER-213x300.png 213w, https:\/\/www.bodegasprotos.com\/wp-content\/uploads\/2023\/05\/RESERVA-SLIDER.png 426w\" sizes=\"(max-width: 123px) 100vw, 123px\" \/><\/p>\n<h3>\u2018Declaro el estado de poes\u00eda permanente\u2019 de Jacques Pierre<\/h3>\n<p>Esas frases de paredes, versos de lenguas sueltas, expresiones modernas o de esas que circulan en las Redes Sociales est\u00e1n recogidas en <a href=\"https:\/\/amzn.eu\/d\/cGrTZFs\">un libro de poes\u00eda un poco diferente.<\/a> \u201cEste libro toma esas mismas frases y citas con que almas bondadosas llenan las calles del mundo, y las convierte en t\u00edtulos para desencadenar los versos que lo conforman\u201d, dijo el autor. Por ello, este libro debe ir acompa\u00f1ado de un vino rebelde como <a href=\"https:\/\/www.bodegasprotos.com\/es\/vino\/protos-9-meses\/\">Protos 9 meses<\/a>.<\/p>\n<p><img data-dominant-color=\"c5c6c6\" data-has-transparency=\"false\" style=\"--dominant-color: #c5c6c6;\" loading=\"lazy\" decoding=\"async\" class=\"aligncenter wp-image-41271 not-transparent\" src=\"https:\/\/www.bodegasprotos.com\/wp-content\/uploads\/2024\/10\/7-194x300.webp\" alt=\"\" width=\"124\" height=\"192\" srcset=\"https:\/\/www.bodegasprotos.com\/wp-content\/uploads\/2024\/10\/7-194x300.webp 194w, https:\/\/www.bodegasprotos.com\/wp-content\/uploads\/2024\/10\/7-663x1024.webp 663w, https:\/\/www.bodegasprotos.com\/wp-content\/uploads\/2024\/10\/7-768x1186.webp 768w, https:\/\/www.bodegasprotos.com\/wp-content\/uploads\/2024\/10\/7-jpg.webp 971w\" sizes=\"(max-width: 124px) 100vw, 124px\" \/><\/p>\n<p><img loading=\"lazy\" decoding=\"async\" class=\" wp-image-33568\" src=\"https:\/\/www.bodegasprotos.com\/wp-content\/uploads\/2021\/12\/Protos_9Meses_-86x300.png\" alt=\"Protos 9 Meses\" width=\"44\" height=\"153\" srcset=\"https:\/\/www.bodegasprotos.com\/wp-content\/uploads\/2021\/12\/Protos_9Meses_-86x300.png 86w, https:\/\/www.bodegasprotos.com\/wp-content\/uploads\/2021\/12\/Protos_9Meses_.png 286w\" sizes=\"(max-width: 44px) 100vw, 44px\" \/><\/p>\n<h3>Poemas de Emily Br\u00f6nte<\/h3>\n<p>A Emily Br\u00f6nte la conocemos sobre todo por su obra magistral Cumbres Borrascosas. Sin embargo, Emily era una excelente poetisa, siendo considerada una de las mejores del siglo XIX. Si desconoc\u00edas la pluma de Emily en el mundo de la poes\u00eda, te aconsejamos <a href=\"https:\/\/amzn.eu\/d\/9FDPVDN\">sumergirte en sus versos<\/a> donde encontrar\u00e1s su reino imaginario de Gondal, sentimientos profundos en donde su expresi\u00f3n m\u00e1s \u00edntima se ve reflejada. Disfruta de sus maravillosos versos junto a <a href=\"https:\/\/www.bodegasprotos.com\/es\/vino\/aire-de-protos\/\">Aire de Protos.<\/a><\/p>\n<p><img data-dominant-color=\"666456\" data-has-transparency=\"false\" style=\"--dominant-color: #666456;\" loading=\"lazy\" decoding=\"async\" class=\"aligncenter wp-image-41273 not-transparent\" src=\"https:\/\/www.bodegasprotos.com\/wp-content\/uploads\/2024\/10\/8-215x300.webp\" alt=\"\" width=\"122\" height=\"171\" srcset=\"https:\/\/www.bodegasprotos.com\/wp-content\/uploads\/2024\/10\/8-215x300.webp 215w, https:\/\/www.bodegasprotos.com\/wp-content\/uploads\/2024\/10\/8-500x700.webp 500w, https:\/\/www.bodegasprotos.com\/wp-content\/uploads\/2024\/10\/8-jpg.webp 735w\" sizes=\"(max-width: 122px) 100vw, 122px\" \/><\/p>\n<h3><img loading=\"lazy\" decoding=\"async\" class=\"aligncenter wp-image-40412\" src=\"https:\/\/www.bodegasprotos.com\/wp-content\/uploads\/2024\/05\/aire-de-protos-2023-85x300.jpg\" alt=\"\" width=\"41\" height=\"145\" srcset=\"https:\/\/www.bodegasprotos.com\/wp-content\/uploads\/2024\/05\/aire-de-protos-2023-85x300.jpg 85w, https:\/\/www.bodegasprotos.com\/wp-content\/uploads\/2024\/05\/aire-de-protos-2023.jpg 150w\" sizes=\"(max-width: 41px) 100vw, 41px\" \/><\/h3>\n<h3>Poemas de Emily Dickinson<\/h3>\n<p>Una de las poetisas estadounidenses m\u00e1s influyentes. Emily Dickinson cuenta con una <a href=\"https:\/\/amzn.eu\/d\/8CQMeiU\">obra integrada por 1.775 poemas<\/a>, de los cuales solo una decena fueron publicados en vida. Emily Dickinson se caracteriza por tener un estilo basado en versos cortos y palabras coloquiales, que reflejan su manera de ver la vida o sus pensamientos&#8230; Sum\u00e9rgete en sus p\u00e1ginas con <a href=\"https:\/\/www.bodegasprotos.com\/es\/vino\/protos-verdejo-cuvee\/\">Protos Cuv\u00e9e<\/a>.<\/p>\n<p><img data-dominant-color=\"c4898a\" data-has-transparency=\"false\" style=\"--dominant-color: #c4898a;\" loading=\"lazy\" decoding=\"async\" class=\"aligncenter wp-image-41275 not-transparent\" src=\"https:\/\/www.bodegasprotos.com\/wp-content\/uploads\/2024\/10\/9-196x300.webp\" alt=\"\" width=\"120\" height=\"183\" srcset=\"https:\/\/www.bodegasprotos.com\/wp-content\/uploads\/2024\/10\/9-196x300.webp 196w, https:\/\/www.bodegasprotos.com\/wp-content\/uploads\/2024\/10\/9-668x1024.webp 668w, https:\/\/www.bodegasprotos.com\/wp-content\/uploads\/2024\/10\/9-768x1177.webp 768w, https:\/\/www.bodegasprotos.com\/wp-content\/uploads\/2024\/10\/9-jpg.webp 979w\" sizes=\"(max-width: 120px) 100vw, 120px\" \/><\/p>\n<p><img loading=\"lazy\" decoding=\"async\" class=\"aligncenter wp-image-40582\" src=\"https:\/\/www.bodegasprotos.com\/wp-content\/uploads\/2024\/06\/Protos_Verdejo_Cuvee-e1710428297653-1-89x300.png\" alt=\"\" width=\"46\" height=\"155\" srcset=\"https:\/\/www.bodegasprotos.com\/wp-content\/uploads\/2024\/06\/Protos_Verdejo_Cuvee-e1710428297653-1-89x300.png 89w, https:\/\/www.bodegasprotos.com\/wp-content\/uploads\/2024\/06\/Protos_Verdejo_Cuvee-e1710428297653-1.png 295w\" sizes=\"(max-width: 46px) 100vw, 46px\" \/><\/p>\n<p>Esta lista es una \u00ednfima parte de la gran producci\u00f3n po\u00e9tica que existe en el mundo. Da igual el libro que elijas, pero una copa de Protos es la mejor opci\u00f3n para acompa\u00f1arlo.<\/p>\n<p>\u00a1Ya tienes plan para el finde!<\/p>\n","protected":false},"excerpt":{"rendered":"<p>La poes\u00eda es la expresi\u00f3n de la belleza por medio de las palabras. Hay tanta variedad de poes\u00edas&#8230;<\/p>\n","protected":false},"author":3,"featured_media":41306,"comment_status":"closed","ping_status":"closed","sticky":false,"template":"","format":"standard","meta":{"_acf_changed":false,"footnotes":""},"categories":[87,1],"tags":[],"class_list":["post-41254","post","type-post","status-publish","format-standard","has-post-thumbnail","hentry","category-blog","category-general"],"acf":[],"yoast_head":"<!-- This site is optimized with the Yoast SEO plugin v27.5 - https:\/\/yoast.com\/product\/yoast-seo-wordpress\/ -->\n<title>\u00bfQu\u00e9 vinos saben mejor con poemas? - Bodegas Protos<\/title>\n<meta name=\"description\" content=\"La poes\u00eda es la expresi\u00f3n de la belleza por medio de las palabras. Hay tanta variedad de poes\u00edas como vinos en el mundo. Desde este post, queremos hacer\" \/>\n<meta name=\"robots\" content=\"index, follow, max-snippet:-1, max-image-preview:large, max-video-preview:-1\" \/>\n<link rel=\"canonical\" href=\"https:\/\/www.bodegasprotos.com\/es\/blog\/que-vinos-saben-mejor-con-poemas\/\" \/>\n<meta property=\"og:locale\" content=\"es_ES\" \/>\n<meta property=\"og:type\" content=\"article\" \/>\n<meta property=\"og:title\" content=\"\u00bfQu\u00e9 vinos saben mejor con poemas? - Bodegas Protos\" \/>\n<meta property=\"og:description\" content=\"La poes\u00eda es la expresi\u00f3n de la belleza por medio de las palabras. Hay tanta variedad de poes\u00edas como vinos en el mundo. Desde este post, queremos hacer\" \/>\n<meta property=\"og:url\" content=\"https:\/\/www.bodegasprotos.com\/es\/blog\/que-vinos-saben-mejor-con-poemas\/\" \/>\n<meta property=\"og:site_name\" content=\"Bodegas Protos\" \/>\n<meta property=\"article:publisher\" content=\"https:\/\/www.facebook.com\/BodegasProtos\" \/>\n<meta property=\"article:published_time\" content=\"2024-11-08T00:34:28+00:00\" \/>\n<meta property=\"article:modified_time\" content=\"2024-11-13T09:07:27+00:00\" \/>\n<meta property=\"og:image\" content=\"https:\/\/www.bodegasprotos.com\/wp-content\/uploads\/2024\/11\/pexels-photo-14518599.jpeg\" \/>\n\t<meta property=\"og:image:width\" content=\"563\" \/>\n\t<meta property=\"og:image:height\" content=\"750\" \/>\n\t<meta property=\"og:image:type\" content=\"image\/jpeg\" \/>\n<meta name=\"author\" content=\"Bodegas Protos (F)\" \/>\n<meta name=\"twitter:card\" content=\"summary_large_image\" \/>\n<meta name=\"twitter:creator\" content=\"@Bodegas_Protos\" \/>\n<meta name=\"twitter:site\" content=\"@Bodegas_Protos\" \/>\n<meta name=\"twitter:label1\" content=\"Escrito por\" \/>\n\t<meta name=\"twitter:data1\" content=\"Bodegas Protos (F)\" \/>\n\t<meta name=\"twitter:label2\" content=\"Tiempo de lectura\" \/>\n\t<meta name=\"twitter:data2\" content=\"8 minutos\" \/>\n<script type=\"application\/ld+json\" class=\"yoast-schema-graph\">{\"@context\":\"https:\\\/\\\/schema.org\",\"@graph\":[{\"@type\":\"Article\",\"@id\":\"https:\\\/\\\/www.bodegasprotos.com\\\/es\\\/blog\\\/que-vinos-saben-mejor-con-poemas\\\/#article\",\"isPartOf\":{\"@id\":\"https:\\\/\\\/www.bodegasprotos.com\\\/es\\\/blog\\\/que-vinos-saben-mejor-con-poemas\\\/\"},\"author\":{\"name\":\"Bodegas Protos (F)\",\"@id\":\"https:\\\/\\\/www.bodegasprotos.com\\\/es\\\/#\\\/schema\\\/person\\\/6cb69a08afa14171755cee0df7d20027\"},\"headline\":\"\u00bfQu\u00e9 vinos saben mejor con poemas?\",\"datePublished\":\"2024-11-08T00:34:28+00:00\",\"dateModified\":\"2024-11-13T09:07:27+00:00\",\"mainEntityOfPage\":{\"@id\":\"https:\\\/\\\/www.bodegasprotos.com\\\/es\\\/blog\\\/que-vinos-saben-mejor-con-poemas\\\/\"},\"wordCount\":873,\"publisher\":{\"@id\":\"https:\\\/\\\/www.bodegasprotos.com\\\/es\\\/#organization\"},\"image\":{\"@id\":\"https:\\\/\\\/www.bodegasprotos.com\\\/es\\\/blog\\\/que-vinos-saben-mejor-con-poemas\\\/#primaryimage\"},\"thumbnailUrl\":\"https:\\\/\\\/www.bodegasprotos.com\\\/wp-content\\\/uploads\\\/2024\\\/11\\\/pexels-photo-14518599.jpeg\",\"articleSection\":[\"Blog\",\"General\"],\"inLanguage\":\"es\"},{\"@type\":\"WebPage\",\"@id\":\"https:\\\/\\\/www.bodegasprotos.com\\\/es\\\/blog\\\/que-vinos-saben-mejor-con-poemas\\\/\",\"url\":\"https:\\\/\\\/www.bodegasprotos.com\\\/es\\\/blog\\\/que-vinos-saben-mejor-con-poemas\\\/\",\"name\":\"\u00bfQu\u00e9 vinos saben mejor con poemas? - Bodegas Protos\",\"isPartOf\":{\"@id\":\"https:\\\/\\\/www.bodegasprotos.com\\\/es\\\/#website\"},\"primaryImageOfPage\":{\"@id\":\"https:\\\/\\\/www.bodegasprotos.com\\\/es\\\/blog\\\/que-vinos-saben-mejor-con-poemas\\\/#primaryimage\"},\"image\":{\"@id\":\"https:\\\/\\\/www.bodegasprotos.com\\\/es\\\/blog\\\/que-vinos-saben-mejor-con-poemas\\\/#primaryimage\"},\"thumbnailUrl\":\"https:\\\/\\\/www.bodegasprotos.com\\\/wp-content\\\/uploads\\\/2024\\\/11\\\/pexels-photo-14518599.jpeg\",\"datePublished\":\"2024-11-08T00:34:28+00:00\",\"dateModified\":\"2024-11-13T09:07:27+00:00\",\"description\":\"La poes\u00eda es la expresi\u00f3n de la belleza por medio de las palabras. Hay tanta variedad de poes\u00edas como vinos en el mundo. Desde este post, queremos hacer\",\"breadcrumb\":{\"@id\":\"https:\\\/\\\/www.bodegasprotos.com\\\/es\\\/blog\\\/que-vinos-saben-mejor-con-poemas\\\/#breadcrumb\"},\"inLanguage\":\"es\",\"potentialAction\":[{\"@type\":\"ReadAction\",\"target\":[\"https:\\\/\\\/www.bodegasprotos.com\\\/es\\\/blog\\\/que-vinos-saben-mejor-con-poemas\\\/\"]}]},{\"@type\":\"ImageObject\",\"inLanguage\":\"es\",\"@id\":\"https:\\\/\\\/www.bodegasprotos.com\\\/es\\\/blog\\\/que-vinos-saben-mejor-con-poemas\\\/#primaryimage\",\"url\":\"https:\\\/\\\/www.bodegasprotos.com\\\/wp-content\\\/uploads\\\/2024\\\/11\\\/pexels-photo-14518599.jpeg\",\"contentUrl\":\"https:\\\/\\\/www.bodegasprotos.com\\\/wp-content\\\/uploads\\\/2024\\\/11\\\/pexels-photo-14518599.jpeg\",\"width\":563,\"height\":750},{\"@type\":\"BreadcrumbList\",\"@id\":\"https:\\\/\\\/www.bodegasprotos.com\\\/es\\\/blog\\\/que-vinos-saben-mejor-con-poemas\\\/#breadcrumb\",\"itemListElement\":[{\"@type\":\"ListItem\",\"position\":1,\"name\":\"Portada\",\"item\":\"https:\\\/\\\/www.bodegasprotos.com\\\/es\\\/\"},{\"@type\":\"ListItem\",\"position\":2,\"name\":\"\u00bfQu\u00e9 vinos saben mejor con poemas?\"}]},{\"@type\":\"WebSite\",\"@id\":\"https:\\\/\\\/www.bodegasprotos.com\\\/es\\\/#website\",\"url\":\"https:\\\/\\\/www.bodegasprotos.com\\\/es\\\/\",\"name\":\"Bodegas Protos\",\"description\":\"Vinos de la Denominaci\u00f3n de Origen Ribera del Duero, Rueda y Cigales\",\"publisher\":{\"@id\":\"https:\\\/\\\/www.bodegasprotos.com\\\/es\\\/#organization\"},\"potentialAction\":[{\"@type\":\"SearchAction\",\"target\":{\"@type\":\"EntryPoint\",\"urlTemplate\":\"https:\\\/\\\/www.bodegasprotos.com\\\/es\\\/?s={search_term_string}\"},\"query-input\":{\"@type\":\"PropertyValueSpecification\",\"valueRequired\":true,\"valueName\":\"search_term_string\"}}],\"inLanguage\":\"es\"},{\"@type\":\"Organization\",\"@id\":\"https:\\\/\\\/www.bodegasprotos.com\\\/es\\\/#organization\",\"name\":\"Bodegas Protos\",\"url\":\"https:\\\/\\\/www.bodegasprotos.com\\\/es\\\/\",\"logo\":{\"@type\":\"ImageObject\",\"inLanguage\":\"es\",\"@id\":\"https:\\\/\\\/www.bodegasprotos.com\\\/es\\\/#\\\/schema\\\/logo\\\/image\\\/\",\"url\":\"https:\\\/\\\/www.bodegasprotos.com\\\/wp-content\\\/uploads\\\/2024\\\/06\\\/PROTOS-LOGOS-VERSIONES-13.png\",\"contentUrl\":\"https:\\\/\\\/www.bodegasprotos.com\\\/wp-content\\\/uploads\\\/2024\\\/06\\\/PROTOS-LOGOS-VERSIONES-13.png\",\"width\":2362,\"height\":2362,\"caption\":\"Bodegas Protos\"},\"image\":{\"@id\":\"https:\\\/\\\/www.bodegasprotos.com\\\/es\\\/#\\\/schema\\\/logo\\\/image\\\/\"},\"sameAs\":[\"https:\\\/\\\/www.facebook.com\\\/BodegasProtos\",\"https:\\\/\\\/x.com\\\/Bodegas_Protos\",\"https:\\\/\\\/www.instagram.com\\\/bodegasprotosoficial\\\/\",\"https:\\\/\\\/www.linkedin.com\\\/company\\\/bodegasprotos\\\/\",\"https:\\\/\\\/pinterest.com\\\/BodegasProtos\\\/\",\"http:\\\/\\\/www.youtube.com\\\/user\\\/BodegasProtos\",\"https:\\\/\\\/es.wikipedia.org\\\/wiki\\\/Bodegas_Protos\"]},{\"@type\":\"Person\",\"@id\":\"https:\\\/\\\/www.bodegasprotos.com\\\/es\\\/#\\\/schema\\\/person\\\/6cb69a08afa14171755cee0df7d20027\",\"name\":\"Bodegas Protos (F)\",\"image\":{\"@type\":\"ImageObject\",\"inLanguage\":\"es\",\"@id\":\"https:\\\/\\\/secure.gravatar.com\\\/avatar\\\/cc613a9fd2ee203f402357c1b4aa2b7c041016cbf1eab1e41bde410b2ebd7f94?s=96&d=mm&r=g\",\"url\":\"https:\\\/\\\/secure.gravatar.com\\\/avatar\\\/cc613a9fd2ee203f402357c1b4aa2b7c041016cbf1eab1e41bde410b2ebd7f94?s=96&d=mm&r=g\",\"contentUrl\":\"https:\\\/\\\/secure.gravatar.com\\\/avatar\\\/cc613a9fd2ee203f402357c1b4aa2b7c041016cbf1eab1e41bde410b2ebd7f94?s=96&d=mm&r=g\",\"caption\":\"Bodegas Protos (F)\"},\"sameAs\":[\"https:\\\/\\\/www.bodegasprotos.com\"]}]}<\/script>\n<!-- \/ Yoast SEO plugin. -->","yoast_head_json":{"title":"\u00bfQu\u00e9 vinos saben mejor con poemas? - Bodegas Protos","description":"La poes\u00eda es la expresi\u00f3n de la belleza por medio de las palabras. Hay tanta variedad de poes\u00edas como vinos en el mundo. Desde este post, queremos hacer","robots":{"index":"index","follow":"follow","max-snippet":"max-snippet:-1","max-image-preview":"max-image-preview:large","max-video-preview":"max-video-preview:-1"},"canonical":"https:\/\/www.bodegasprotos.com\/es\/blog\/que-vinos-saben-mejor-con-poemas\/","og_locale":"es_ES","og_type":"article","og_title":"\u00bfQu\u00e9 vinos saben mejor con poemas? - Bodegas Protos","og_description":"La poes\u00eda es la expresi\u00f3n de la belleza por medio de las palabras. Hay tanta variedad de poes\u00edas como vinos en el mundo. Desde este post, queremos hacer","og_url":"https:\/\/www.bodegasprotos.com\/es\/blog\/que-vinos-saben-mejor-con-poemas\/","og_site_name":"Bodegas Protos","article_publisher":"https:\/\/www.facebook.com\/BodegasProtos","article_published_time":"2024-11-08T00:34:28+00:00","article_modified_time":"2024-11-13T09:07:27+00:00","og_image":[{"width":563,"height":750,"url":"https:\/\/www.bodegasprotos.com\/wp-content\/uploads\/2024\/11\/pexels-photo-14518599.jpeg","type":"image\/jpeg"}],"author":"Bodegas Protos (F)","twitter_card":"summary_large_image","twitter_creator":"@Bodegas_Protos","twitter_site":"@Bodegas_Protos","twitter_misc":{"Escrito por":"Bodegas Protos (F)","Tiempo de lectura":"8 minutos"},"schema":{"@context":"https:\/\/schema.org","@graph":[{"@type":"Article","@id":"https:\/\/www.bodegasprotos.com\/es\/blog\/que-vinos-saben-mejor-con-poemas\/#article","isPartOf":{"@id":"https:\/\/www.bodegasprotos.com\/es\/blog\/que-vinos-saben-mejor-con-poemas\/"},"author":{"name":"Bodegas Protos (F)","@id":"https:\/\/www.bodegasprotos.com\/es\/#\/schema\/person\/6cb69a08afa14171755cee0df7d20027"},"headline":"\u00bfQu\u00e9 vinos saben mejor con poemas?","datePublished":"2024-11-08T00:34:28+00:00","dateModified":"2024-11-13T09:07:27+00:00","mainEntityOfPage":{"@id":"https:\/\/www.bodegasprotos.com\/es\/blog\/que-vinos-saben-mejor-con-poemas\/"},"wordCount":873,"publisher":{"@id":"https:\/\/www.bodegasprotos.com\/es\/#organization"},"image":{"@id":"https:\/\/www.bodegasprotos.com\/es\/blog\/que-vinos-saben-mejor-con-poemas\/#primaryimage"},"thumbnailUrl":"https:\/\/www.bodegasprotos.com\/wp-content\/uploads\/2024\/11\/pexels-photo-14518599.jpeg","articleSection":["Blog","General"],"inLanguage":"es"},{"@type":"WebPage","@id":"https:\/\/www.bodegasprotos.com\/es\/blog\/que-vinos-saben-mejor-con-poemas\/","url":"https:\/\/www.bodegasprotos.com\/es\/blog\/que-vinos-saben-mejor-con-poemas\/","name":"\u00bfQu\u00e9 vinos saben mejor con poemas? - Bodegas Protos","isPartOf":{"@id":"https:\/\/www.bodegasprotos.com\/es\/#website"},"primaryImageOfPage":{"@id":"https:\/\/www.bodegasprotos.com\/es\/blog\/que-vinos-saben-mejor-con-poemas\/#primaryimage"},"image":{"@id":"https:\/\/www.bodegasprotos.com\/es\/blog\/que-vinos-saben-mejor-con-poemas\/#primaryimage"},"thumbnailUrl":"https:\/\/www.bodegasprotos.com\/wp-content\/uploads\/2024\/11\/pexels-photo-14518599.jpeg","datePublished":"2024-11-08T00:34:28+00:00","dateModified":"2024-11-13T09:07:27+00:00","description":"La poes\u00eda es la expresi\u00f3n de la belleza por medio de las palabras. Hay tanta variedad de poes\u00edas como vinos en el mundo. Desde este post, queremos hacer","breadcrumb":{"@id":"https:\/\/www.bodegasprotos.com\/es\/blog\/que-vinos-saben-mejor-con-poemas\/#breadcrumb"},"inLanguage":"es","potentialAction":[{"@type":"ReadAction","target":["https:\/\/www.bodegasprotos.com\/es\/blog\/que-vinos-saben-mejor-con-poemas\/"]}]},{"@type":"ImageObject","inLanguage":"es","@id":"https:\/\/www.bodegasprotos.com\/es\/blog\/que-vinos-saben-mejor-con-poemas\/#primaryimage","url":"https:\/\/www.bodegasprotos.com\/wp-content\/uploads\/2024\/11\/pexels-photo-14518599.jpeg","contentUrl":"https:\/\/www.bodegasprotos.com\/wp-content\/uploads\/2024\/11\/pexels-photo-14518599.jpeg","width":563,"height":750},{"@type":"BreadcrumbList","@id":"https:\/\/www.bodegasprotos.com\/es\/blog\/que-vinos-saben-mejor-con-poemas\/#breadcrumb","itemListElement":[{"@type":"ListItem","position":1,"name":"Portada","item":"https:\/\/www.bodegasprotos.com\/es\/"},{"@type":"ListItem","position":2,"name":"\u00bfQu\u00e9 vinos saben mejor con poemas?"}]},{"@type":"WebSite","@id":"https:\/\/www.bodegasprotos.com\/es\/#website","url":"https:\/\/www.bodegasprotos.com\/es\/","name":"Bodegas Protos","description":"Vinos de la Denominaci\u00f3n de Origen Ribera del Duero, Rueda y Cigales","publisher":{"@id":"https:\/\/www.bodegasprotos.com\/es\/#organization"},"potentialAction":[{"@type":"SearchAction","target":{"@type":"EntryPoint","urlTemplate":"https:\/\/www.bodegasprotos.com\/es\/?s={search_term_string}"},"query-input":{"@type":"PropertyValueSpecification","valueRequired":true,"valueName":"search_term_string"}}],"inLanguage":"es"},{"@type":"Organization","@id":"https:\/\/www.bodegasprotos.com\/es\/#organization","name":"Bodegas Protos","url":"https:\/\/www.bodegasprotos.com\/es\/","logo":{"@type":"ImageObject","inLanguage":"es","@id":"https:\/\/www.bodegasprotos.com\/es\/#\/schema\/logo\/image\/","url":"https:\/\/www.bodegasprotos.com\/wp-content\/uploads\/2024\/06\/PROTOS-LOGOS-VERSIONES-13.png","contentUrl":"https:\/\/www.bodegasprotos.com\/wp-content\/uploads\/2024\/06\/PROTOS-LOGOS-VERSIONES-13.png","width":2362,"height":2362,"caption":"Bodegas Protos"},"image":{"@id":"https:\/\/www.bodegasprotos.com\/es\/#\/schema\/logo\/image\/"},"sameAs":["https:\/\/www.facebook.com\/BodegasProtos","https:\/\/x.com\/Bodegas_Protos","https:\/\/www.instagram.com\/bodegasprotosoficial\/","https:\/\/www.linkedin.com\/company\/bodegasprotos\/","https:\/\/pinterest.com\/BodegasProtos\/","http:\/\/www.youtube.com\/user\/BodegasProtos","https:\/\/es.wikipedia.org\/wiki\/Bodegas_Protos"]},{"@type":"Person","@id":"https:\/\/www.bodegasprotos.com\/es\/#\/schema\/person\/6cb69a08afa14171755cee0df7d20027","name":"Bodegas Protos (F)","image":{"@type":"ImageObject","inLanguage":"es","@id":"https:\/\/secure.gravatar.com\/avatar\/cc613a9fd2ee203f402357c1b4aa2b7c041016cbf1eab1e41bde410b2ebd7f94?s=96&d=mm&r=g","url":"https:\/\/secure.gravatar.com\/avatar\/cc613a9fd2ee203f402357c1b4aa2b7c041016cbf1eab1e41bde410b2ebd7f94?s=96&d=mm&r=g","contentUrl":"https:\/\/secure.gravatar.com\/avatar\/cc613a9fd2ee203f402357c1b4aa2b7c041016cbf1eab1e41bde410b2ebd7f94?s=96&d=mm&r=g","caption":"Bodegas Protos (F)"},"sameAs":["https:\/\/www.bodegasprotos.com"]}]}},"_links":{"self":[{"href":"https:\/\/www.bodegasprotos.com\/es\/wp-json\/wp\/v2\/posts\/41254","targetHints":{"allow":["GET"]}}],"collection":[{"href":"https:\/\/www.bodegasprotos.com\/es\/wp-json\/wp\/v2\/posts"}],"about":[{"href":"https:\/\/www.bodegasprotos.com\/es\/wp-json\/wp\/v2\/types\/post"}],"author":[{"embeddable":true,"href":"https:\/\/www.bodegasprotos.com\/es\/wp-json\/wp\/v2\/users\/3"}],"replies":[{"embeddable":true,"href":"https:\/\/www.bodegasprotos.com\/es\/wp-json\/wp\/v2\/comments?post=41254"}],"version-history":[{"count":0,"href":"https:\/\/www.bodegasprotos.com\/es\/wp-json\/wp\/v2\/posts\/41254\/revisions"}],"wp:featuredmedia":[{"embeddable":true,"href":"https:\/\/www.bodegasprotos.com\/es\/wp-json\/wp\/v2\/media\/41306"}],"wp:attachment":[{"href":"https:\/\/www.bodegasprotos.com\/es\/wp-json\/wp\/v2\/media?parent=41254"}],"wp:term":[{"taxonomy":"category","embeddable":true,"href":"https:\/\/www.bodegasprotos.com\/es\/wp-json\/wp\/v2\/categories?post=41254"},{"taxonomy":"post_tag","embeddable":true,"href":"https:\/\/www.bodegasprotos.com\/es\/wp-json\/wp\/v2\/tags?post=41254"}],"curies":[{"name":"wp","href":"https:\/\/api.w.org\/{rel}","templated":true}]}}