{"id":41241,"date":"2024-10-25T11:34:36","date_gmt":"2024-10-25T09:34:36","guid":{"rendered":"https:\/\/www.bodegasprotos.com\/?p=41241"},"modified":"2024-10-29T10:11:51","modified_gmt":"2024-10-29T09:11:51","slug":"celebra-con-protos-el-dia-de-la-pasta","status":"publish","type":"post","link":"https:\/\/www.bodegasprotos.com\/es\/blog\/celebra-con-protos-el-dia-de-la-pasta\/","title":{"rendered":"\u00a1Celebra con Protos el D\u00eda de la pasta!"},"content":{"rendered":"<p>En la entrada de hoy, queremos hablarte de uno de los platos m\u00e1s deliciosos y universales que existen: la pasta.<\/p>\n<p>Adem\u00e1s, queremos proponerte algunos maridajes para que puedas disfrutar a tope de este riqu\u00edsimo plato, y, contarte algunos datos curiosos\u2026<\/p>\n<p>\u00a1Vamos con ello!<\/p>\n<p>El d\u00eda 25 de octubre se celebra el d\u00eda mundial de la pasta. Esta efem\u00e9ride surgi\u00f3 gracias a la iniciativa de unos 40 productores internacionales de pasta, que quisieron reconocer este producto tanto por ser uno de los alimentos m\u00e1s consumidos, como por sus valores nutricionales.<\/p>\n<p>La fecha elegida se debe a que el d\u00eda 25 de octubre de 1995, se llev\u00f3 a cabo por primera vez el Congreso Mundial de Pasta.<\/p>\n<p><img data-dominant-color=\"d3b46d\" data-has-transparency=\"false\" style=\"--dominant-color: #d3b46d;\" fetchpriority=\"high\" decoding=\"async\" class=\"aligncenter size-medium wp-image-41231 not-transparent\" src=\"https:\/\/www.bodegasprotos.com\/wp-content\/uploads\/2024\/10\/karolina-kolodziejczak-4KDkaSSSTKg-unsplash-300x200.webp\" alt=\"\" width=\"300\" height=\"200\" srcset=\"https:\/\/www.bodegasprotos.com\/wp-content\/uploads\/2024\/10\/karolina-kolodziejczak-4KDkaSSSTKg-unsplash-300x200.webp 300w, https:\/\/www.bodegasprotos.com\/wp-content\/uploads\/2024\/10\/karolina-kolodziejczak-4KDkaSSSTKg-unsplash-1024x683.webp 1024w, https:\/\/www.bodegasprotos.com\/wp-content\/uploads\/2024\/10\/karolina-kolodziejczak-4KDkaSSSTKg-unsplash-768x512.webp 768w, https:\/\/www.bodegasprotos.com\/wp-content\/uploads\/2024\/10\/karolina-kolodziejczak-4KDkaSSSTKg-unsplash-1536x1024.webp 1536w, https:\/\/www.bodegasprotos.com\/wp-content\/uploads\/2024\/10\/karolina-kolodziejczak-4KDkaSSSTKg-unsplash-2048x1365.webp 2048w\" sizes=\"(max-width: 300px) 100vw, 300px\" \/><\/p>\n<h2><strong>Su origen<\/strong><\/h2>\n<p>Sobre la creaci\u00f3n de la pasta existen varias versiones. Por un lado, se comenta que la pasta se remonta al siglo IV a.c. Esta teor\u00eda surge del hallazgo de una tumba etrusca, que contiene un grabado que muestra a un grupo de personas, elaborando lo que parece ser pasta.<\/p>\n<p>Tambi\u00e9n, hace 3.000 a\u00f1os a.c, los chinos ya preparaban comida muy similar a la pasta.<\/p>\n<p>Si embargo, la teor\u00eda que toma m\u00e1s fuerza nos lleva hasta el mundo musulm\u00e1n, incluso Persia, o el Al- Andalus.<\/p>\n<p>Se cree que la pasta proced\u00eda del norte de \u00c1frica y que, de ah\u00ed, llegar\u00eda al continente europeo a trav\u00e9s de Sicilia, que, en esos momentos, estaba bajo el dominio musulm\u00e1n hasta 1072.<\/p>\n<p>En todo caso, a partir del S.XIII las referencias a los platos de pasta: macarrones, raviolis, gnocchi\u2026 se hacen cada vez m\u00e1s frecuentes en Italia.<\/p>\n<p>En el medievo y hasta el siglo XVI, los platos de pasta se cocinaban de manera diferente a como lo hacemos conocemos actualmente. Por ejemplo, los tiempos de cocci\u00f3n eran m\u00e1s largos y se usaban ingredientes muy variopintos, donde se mezclaban especias dulces y picantes.<\/p>\n<p>La pasta se convirti\u00f3 en un plato de ricos y era uno de los protagonistas en los banquetes que organizaban las clases altas en la \u00e9poca del Renacimiento.<\/p>\n<p>Un siglo m\u00e1s tarde, en el siglo XVII, la pasta ya no solo pertenec\u00eda a las clases m\u00e1s pudientes, por lo menos en N\u00e1poles, donde se convirti\u00f3 en un plato del pueblo. Una de las razones de porque este plato se populariz\u00f3, fue porque se comenz\u00f3 a producir de manera industrial gracias a las m\u00e1quinas como el <em>torchio<\/em>.<\/p>\n<p>Cambiaron los gustos, y se dejaron atr\u00e1s las especias picantes y dulces, y se empez\u00f3 a usar el queso. Los famosos espaguetis con tomate surgieron a principios del siglo XIX y la salsa de tomate.<\/p>\n<p>Lo que s\u00ed cambi\u00f3 definitivamente fue el sabor de la pasta. Desterrados el az\u00facar y las especias, su lugar lo ocup\u00f3 el queso. M\u00e1s tarde, en el siglo XIX, con la llegada del tomate, se comenzaron a elaborar los famosos espaguetis con tomate.<\/p>\n<h2><strong>Tipos de pasta<\/strong><\/h2>\n<p>Hablar de pasta, significa hablar de m\u00e1s de 300 tipos, con formas y tama\u00f1os diferentes. Hoy, vamos a destacar cuatro de las m\u00e1s comunes: <em><strong>espaguetis, tallarines, raviolis y tortellinis<\/strong><\/em>, te proponemos c\u00f3mo puedes hacer cada plato \u00a0y hacer que suba aun m\u00e1s de nivel, acompa\u00f1\u00e1ndolo de un buen Protos.<\/p>\n<h3>Espaguetis<\/h3>\n<p>Una pasta que combina con una amplia variedad de salsas. Te proponemos hacerlos a la bolo\u00f1esa y maridarlo con una copa de <a href=\"https:\/\/www.bodegasprotos.com\/es\/vino\/roble\/\">Protos Roble<\/a>.<\/p>\n<p><img data-dominant-color=\"e0c8b0\" data-has-transparency=\"false\" style=\"--dominant-color: #e0c8b0;\" decoding=\"async\" class=\"aligncenter wp-image-41248 not-transparent\" src=\"https:\/\/www.bodegasprotos.com\/wp-content\/uploads\/2024\/10\/mengkol-smile-M7mM2GLmhyc-unsplash-300x231.webp\" alt=\"\" width=\"167\" height=\"128\" srcset=\"https:\/\/www.bodegasprotos.com\/wp-content\/uploads\/2024\/10\/mengkol-smile-M7mM2GLmhyc-unsplash-300x231.webp 300w, https:\/\/www.bodegasprotos.com\/wp-content\/uploads\/2024\/10\/mengkol-smile-M7mM2GLmhyc-unsplash-1024x788.webp 1024w, https:\/\/www.bodegasprotos.com\/wp-content\/uploads\/2024\/10\/mengkol-smile-M7mM2GLmhyc-unsplash-768x591.webp 768w, https:\/\/www.bodegasprotos.com\/wp-content\/uploads\/2024\/10\/mengkol-smile-M7mM2GLmhyc-unsplash-1536x1182.webp 1536w, https:\/\/www.bodegasprotos.com\/wp-content\/uploads\/2024\/10\/mengkol-smile-M7mM2GLmhyc-unsplash-2048x1575.webp 2048w\" sizes=\"(max-width: 167px) 100vw, 167px\" \/><\/p>\n<p><img decoding=\"async\" class=\"wp-image-39767 aligncenter\" src=\"https:\/\/www.bodegasprotos.com\/wp-content\/uploads\/2019\/07\/1-225x300.png\" alt=\"Protos Roble\" width=\"131\" height=\"174\" \/><\/p>\n<h3>Tagliatelle, es decir, los tallarines:<\/h3>\n<p>Una plasta larga y plana que suele venir en peque\u00f1os nidos, que se deshacen al exponerlos al agua caliente. An\u00edmate a hacer una buena carbonara, y no olvides de acompa\u00f1arlo con un <a href=\"https:\/\/www.bodegasprotos.com\/es\/vino\/verdejo-reserva\/\">Protos Verdejo Reserva<\/a>.<\/p>\n<p><img data-dominant-color=\"a49669\" data-has-transparency=\"false\" style=\"--dominant-color: #a49669;\" loading=\"lazy\" decoding=\"async\" class=\"aligncenter wp-image-41244 not-transparent\" src=\"https:\/\/www.bodegasprotos.com\/wp-content\/uploads\/2024\/10\/gabriella-clare-marino-h7Bmptisp5o-unsplash-300x200.webp\" alt=\"\" width=\"174\" height=\"116\" srcset=\"https:\/\/www.bodegasprotos.com\/wp-content\/uploads\/2024\/10\/gabriella-clare-marino-h7Bmptisp5o-unsplash-300x200.webp 300w, https:\/\/www.bodegasprotos.com\/wp-content\/uploads\/2024\/10\/gabriella-clare-marino-h7Bmptisp5o-unsplash-1024x683.webp 1024w, https:\/\/www.bodegasprotos.com\/wp-content\/uploads\/2024\/10\/gabriella-clare-marino-h7Bmptisp5o-unsplash-768x512.webp 768w, https:\/\/www.bodegasprotos.com\/wp-content\/uploads\/2024\/10\/gabriella-clare-marino-h7Bmptisp5o-unsplash-1536x1024.webp 1536w, https:\/\/www.bodegasprotos.com\/wp-content\/uploads\/2024\/10\/gabriella-clare-marino-h7Bmptisp5o-unsplash-2048x1365.webp 2048w\" sizes=\"(max-width: 174px) 100vw, 174px\" \/><\/p>\n<p><img loading=\"lazy\" decoding=\"async\" class=\" wp-image-30117 aligncenter\" src=\"https:\/\/www.bodegasprotos.com\/wp-content\/uploads\/2020\/11\/Protos-Verdejo-Reserva-189x300.jpg\" alt=\"Protos Verdejo Reserva\" width=\"127\" height=\"202\" srcset=\"https:\/\/www.bodegasprotos.com\/wp-content\/uploads\/2020\/11\/Protos-Verdejo-Reserva-189x300.jpg 189w, https:\/\/www.bodegasprotos.com\/wp-content\/uploads\/2020\/11\/Protos-Verdejo-Reserva-644x1024.jpg 644w, https:\/\/www.bodegasprotos.com\/wp-content\/uploads\/2020\/11\/Protos-Verdejo-Reserva-768x1222.jpg 768w, https:\/\/www.bodegasprotos.com\/wp-content\/uploads\/2020\/11\/Protos-Verdejo-Reserva-965x1536.jpg 965w, https:\/\/www.bodegasprotos.com\/wp-content\/uploads\/2020\/11\/Protos-Verdejo-Reserva-1287x2048.jpg 1287w, https:\/\/www.bodegasprotos.com\/wp-content\/uploads\/2020\/11\/Protos-Verdejo-Reserva-scaled.jpg 1609w\" sizes=\"(max-width: 127px) 100vw, 127px\" \/><\/p>\n<h3>Raviolis:<\/h3>\n<p>Rell\u00e9nalos de setas, trufa, o foie, \u00a0y fusi\u00f3nalo con una copa de <a href=\"https:\/\/www.bodegasprotos.com\/es\/vino\/aire-de-protos\/\">Aire de Protos<\/a>.<\/p>\n<h3><img data-dominant-color=\"aeaea6\" data-has-transparency=\"false\" style=\"--dominant-color: #aeaea6;\" loading=\"lazy\" decoding=\"async\" class=\"aligncenter wp-image-41229 not-transparent\" src=\"https:\/\/www.bodegasprotos.com\/wp-content\/uploads\/2024\/10\/charlesdeluvio-hQckRlItq4c-unsplash-240x300.webp\" alt=\"\" width=\"118\" height=\"148\" srcset=\"https:\/\/www.bodegasprotos.com\/wp-content\/uploads\/2024\/10\/charlesdeluvio-hQckRlItq4c-unsplash-240x300.webp 240w, https:\/\/www.bodegasprotos.com\/wp-content\/uploads\/2024\/10\/charlesdeluvio-hQckRlItq4c-unsplash-819x1024.webp 819w, https:\/\/www.bodegasprotos.com\/wp-content\/uploads\/2024\/10\/charlesdeluvio-hQckRlItq4c-unsplash-768x960.webp 768w, https:\/\/www.bodegasprotos.com\/wp-content\/uploads\/2024\/10\/charlesdeluvio-hQckRlItq4c-unsplash-1229x1536.webp 1229w, https:\/\/www.bodegasprotos.com\/wp-content\/uploads\/2024\/10\/charlesdeluvio-hQckRlItq4c-unsplash-1638x2048.webp 1638w, https:\/\/www.bodegasprotos.com\/wp-content\/uploads\/2024\/10\/charlesdeluvio-hQckRlItq4c-unsplash-scaled.webp 2048w\" sizes=\"(max-width: 118px) 100vw, 118px\" \/><\/h3>\n<h3><img loading=\"lazy\" decoding=\"async\" class=\"wp-image-40412 aligncenter\" src=\"https:\/\/www.bodegasprotos.com\/wp-content\/uploads\/2024\/05\/aire-de-protos-2023-85x300.jpg\" alt=\"\" width=\"50\" height=\"176\" srcset=\"https:\/\/www.bodegasprotos.com\/wp-content\/uploads\/2024\/05\/aire-de-protos-2023-85x300.jpg 85w, https:\/\/www.bodegasprotos.com\/wp-content\/uploads\/2024\/05\/aire-de-protos-2023.jpg 150w\" sizes=\"(max-width: 50px) 100vw, 50px\" \/><\/h3>\n<h3>Tortellini:<\/h3>\n<p>Su diferencia con los ravioli es que se tratan de piezas circulares en forma de anillo. Cocina un buen plato de tortellini rellenos de carne, queso, huevo y junto con una copa de <a href=\"https:\/\/www.bodegasprotos.com\/es\/vino\/verdejo\/\">Protos Verdejo<\/a>, ser\u00e1 un deleite para el paladar.<\/p>\n<p><img data-dominant-color=\"b19d83\" data-has-transparency=\"false\" style=\"--dominant-color: #b19d83;\" loading=\"lazy\" decoding=\"async\" class=\"aligncenter wp-image-41246 not-transparent\" src=\"https:\/\/www.bodegasprotos.com\/wp-content\/uploads\/2024\/10\/yoav-aziz-kZYHddxKv9E-unsplash-225x300.webp\" alt=\"\" width=\"127\" height=\"169\" srcset=\"https:\/\/www.bodegasprotos.com\/wp-content\/uploads\/2024\/10\/yoav-aziz-kZYHddxKv9E-unsplash-225x300.webp 225w, https:\/\/www.bodegasprotos.com\/wp-content\/uploads\/2024\/10\/yoav-aziz-kZYHddxKv9E-unsplash-768x1024.webp 768w, https:\/\/www.bodegasprotos.com\/wp-content\/uploads\/2024\/10\/yoav-aziz-kZYHddxKv9E-unsplash-1152x1536.webp 1152w, https:\/\/www.bodegasprotos.com\/wp-content\/uploads\/2024\/10\/yoav-aziz-kZYHddxKv9E-unsplash-1536x2048.webp 1536w, https:\/\/www.bodegasprotos.com\/wp-content\/uploads\/2024\/10\/yoav-aziz-kZYHddxKv9E-unsplash-scaled.webp 1920w\" sizes=\"(max-width: 127px) 100vw, 127px\" \/><\/p>\n<p>&nbsp;<\/p>\n<p><img loading=\"lazy\" decoding=\"async\" class=\"aligncenter wp-image-37494\" src=\"https:\/\/www.bodegasprotos.com\/wp-content\/uploads\/2023\/05\/VERDEJO-SLIDER-213x300.png\" alt=\"\" width=\"152\" height=\"214\" srcset=\"https:\/\/www.bodegasprotos.com\/wp-content\/uploads\/2023\/05\/VERDEJO-SLIDER-213x300.png 213w, https:\/\/www.bodegasprotos.com\/wp-content\/uploads\/2023\/05\/VERDEJO-SLIDER.png 426w\" sizes=\"(max-width: 152px) 100vw, 152px\" \/><\/p>\n","protected":false},"excerpt":{"rendered":"<p>En la entrada de hoy, queremos hablarte de uno de los platos m\u00e1s deliciosos y universales que existen:&#8230;<\/p>\n","protected":false},"author":3,"featured_media":41287,"comment_status":"closed","ping_status":"closed","sticky":false,"template":"","format":"standard","meta":{"_acf_changed":false,"footnotes":""},"categories":[87,1],"tags":[],"class_list":["post-41241","post","type-post","status-publish","format-standard","has-post-thumbnail","hentry","category-blog","category-general"],"acf":[],"yoast_head":"<!-- This site is optimized with the Yoast SEO plugin v27.5 - https:\/\/yoast.com\/product\/yoast-seo-wordpress\/ -->\n<title>\u00a1Celebra con Protos el D\u00eda de la pasta! - Bodegas Protos<\/title>\n<meta name=\"description\" content=\"En la entrada de hoy, queremos hablarte de uno de los platos m\u00e1s deliciosos y universales que existen: la pasta. Adem\u00e1s, queremos proponerte algunos\" \/>\n<meta name=\"robots\" content=\"index, follow, max-snippet:-1, max-image-preview:large, max-video-preview:-1\" \/>\n<link rel=\"canonical\" href=\"https:\/\/www.bodegasprotos.com\/es\/blog\/celebra-con-protos-el-dia-de-la-pasta\/\" \/>\n<meta property=\"og:locale\" content=\"es_ES\" \/>\n<meta property=\"og:type\" content=\"article\" \/>\n<meta property=\"og:title\" content=\"\u00a1Celebra con Protos el D\u00eda de la pasta! - Bodegas Protos\" \/>\n<meta property=\"og:description\" content=\"En la entrada de hoy, queremos hablarte de uno de los platos m\u00e1s deliciosos y universales que existen: la pasta. Adem\u00e1s, queremos proponerte algunos\" \/>\n<meta property=\"og:url\" content=\"https:\/\/www.bodegasprotos.com\/es\/blog\/celebra-con-protos-el-dia-de-la-pasta\/\" \/>\n<meta property=\"og:site_name\" content=\"Bodegas Protos\" \/>\n<meta property=\"article:publisher\" content=\"https:\/\/www.facebook.com\/BodegasProtos\" \/>\n<meta property=\"article:published_time\" content=\"2024-10-25T09:34:36+00:00\" \/>\n<meta property=\"article:modified_time\" content=\"2024-10-29T09:11:51+00:00\" \/>\n<meta property=\"og:image\" content=\"https:\/\/www.bodegasprotos.com\/wp-content\/uploads\/2024\/10\/marios-gkortsilas-Gks3MkxX6ZA-unsplash-scaled.webp\" \/>\n\t<meta property=\"og:image:width\" content=\"2048\" \/>\n\t<meta property=\"og:image:height\" content=\"2560\" \/>\n\t<meta property=\"og:image:type\" content=\"image\/jpeg\" \/>\n<meta name=\"author\" content=\"Bodegas Protos (F)\" \/>\n<meta name=\"twitter:card\" content=\"summary_large_image\" \/>\n<meta name=\"twitter:creator\" content=\"@Bodegas_Protos\" \/>\n<meta name=\"twitter:site\" content=\"@Bodegas_Protos\" \/>\n<meta name=\"twitter:label1\" content=\"Escrito por\" \/>\n\t<meta name=\"twitter:data1\" content=\"Bodegas Protos (F)\" \/>\n\t<meta name=\"twitter:label2\" content=\"Tiempo de lectura\" \/>\n\t<meta name=\"twitter:data2\" content=\"5 minutos\" \/>\n<script type=\"application\/ld+json\" class=\"yoast-schema-graph\">{\"@context\":\"https:\\\/\\\/schema.org\",\"@graph\":[{\"@type\":\"Article\",\"@id\":\"https:\\\/\\\/www.bodegasprotos.com\\\/es\\\/blog\\\/celebra-con-protos-el-dia-de-la-pasta\\\/#article\",\"isPartOf\":{\"@id\":\"https:\\\/\\\/www.bodegasprotos.com\\\/es\\\/blog\\\/celebra-con-protos-el-dia-de-la-pasta\\\/\"},\"author\":{\"name\":\"Bodegas Protos (F)\",\"@id\":\"https:\\\/\\\/www.bodegasprotos.com\\\/es\\\/#\\\/schema\\\/person\\\/6cb69a08afa14171755cee0df7d20027\"},\"headline\":\"\u00a1Celebra con Protos el D\u00eda de la pasta!\",\"datePublished\":\"2024-10-25T09:34:36+00:00\",\"dateModified\":\"2024-10-29T09:11:51+00:00\",\"mainEntityOfPage\":{\"@id\":\"https:\\\/\\\/www.bodegasprotos.com\\\/es\\\/blog\\\/celebra-con-protos-el-dia-de-la-pasta\\\/\"},\"wordCount\":691,\"publisher\":{\"@id\":\"https:\\\/\\\/www.bodegasprotos.com\\\/es\\\/#organization\"},\"image\":{\"@id\":\"https:\\\/\\\/www.bodegasprotos.com\\\/es\\\/blog\\\/celebra-con-protos-el-dia-de-la-pasta\\\/#primaryimage\"},\"thumbnailUrl\":\"https:\\\/\\\/www.bodegasprotos.com\\\/wp-content\\\/uploads\\\/2024\\\/10\\\/marios-gkortsilas-Gks3MkxX6ZA-unsplash-scaled.webp\",\"articleSection\":[\"Blog\",\"General\"],\"inLanguage\":\"es\"},{\"@type\":\"WebPage\",\"@id\":\"https:\\\/\\\/www.bodegasprotos.com\\\/es\\\/blog\\\/celebra-con-protos-el-dia-de-la-pasta\\\/\",\"url\":\"https:\\\/\\\/www.bodegasprotos.com\\\/es\\\/blog\\\/celebra-con-protos-el-dia-de-la-pasta\\\/\",\"name\":\"\u00a1Celebra con Protos el D\u00eda de la pasta! - Bodegas Protos\",\"isPartOf\":{\"@id\":\"https:\\\/\\\/www.bodegasprotos.com\\\/es\\\/#website\"},\"primaryImageOfPage\":{\"@id\":\"https:\\\/\\\/www.bodegasprotos.com\\\/es\\\/blog\\\/celebra-con-protos-el-dia-de-la-pasta\\\/#primaryimage\"},\"image\":{\"@id\":\"https:\\\/\\\/www.bodegasprotos.com\\\/es\\\/blog\\\/celebra-con-protos-el-dia-de-la-pasta\\\/#primaryimage\"},\"thumbnailUrl\":\"https:\\\/\\\/www.bodegasprotos.com\\\/wp-content\\\/uploads\\\/2024\\\/10\\\/marios-gkortsilas-Gks3MkxX6ZA-unsplash-scaled.webp\",\"datePublished\":\"2024-10-25T09:34:36+00:00\",\"dateModified\":\"2024-10-29T09:11:51+00:00\",\"description\":\"En la entrada de hoy, queremos hablarte de uno de los platos m\u00e1s deliciosos y universales que existen: la pasta. Adem\u00e1s, queremos proponerte algunos\",\"breadcrumb\":{\"@id\":\"https:\\\/\\\/www.bodegasprotos.com\\\/es\\\/blog\\\/celebra-con-protos-el-dia-de-la-pasta\\\/#breadcrumb\"},\"inLanguage\":\"es\",\"potentialAction\":[{\"@type\":\"ReadAction\",\"target\":[\"https:\\\/\\\/www.bodegasprotos.com\\\/es\\\/blog\\\/celebra-con-protos-el-dia-de-la-pasta\\\/\"]}]},{\"@type\":\"ImageObject\",\"inLanguage\":\"es\",\"@id\":\"https:\\\/\\\/www.bodegasprotos.com\\\/es\\\/blog\\\/celebra-con-protos-el-dia-de-la-pasta\\\/#primaryimage\",\"url\":\"https:\\\/\\\/www.bodegasprotos.com\\\/wp-content\\\/uploads\\\/2024\\\/10\\\/marios-gkortsilas-Gks3MkxX6ZA-unsplash-scaled.webp\",\"contentUrl\":\"https:\\\/\\\/www.bodegasprotos.com\\\/wp-content\\\/uploads\\\/2024\\\/10\\\/marios-gkortsilas-Gks3MkxX6ZA-unsplash-scaled.webp\",\"width\":2048,\"height\":2560},{\"@type\":\"BreadcrumbList\",\"@id\":\"https:\\\/\\\/www.bodegasprotos.com\\\/es\\\/blog\\\/celebra-con-protos-el-dia-de-la-pasta\\\/#breadcrumb\",\"itemListElement\":[{\"@type\":\"ListItem\",\"position\":1,\"name\":\"Portada\",\"item\":\"https:\\\/\\\/www.bodegasprotos.com\\\/es\\\/\"},{\"@type\":\"ListItem\",\"position\":2,\"name\":\"\u00a1Celebra con Protos el D\u00eda de la pasta!\"}]},{\"@type\":\"WebSite\",\"@id\":\"https:\\\/\\\/www.bodegasprotos.com\\\/es\\\/#website\",\"url\":\"https:\\\/\\\/www.bodegasprotos.com\\\/es\\\/\",\"name\":\"Bodegas Protos\",\"description\":\"Vinos de la Denominaci\u00f3n de Origen Ribera del Duero, Rueda y Cigales\",\"publisher\":{\"@id\":\"https:\\\/\\\/www.bodegasprotos.com\\\/es\\\/#organization\"},\"potentialAction\":[{\"@type\":\"SearchAction\",\"target\":{\"@type\":\"EntryPoint\",\"urlTemplate\":\"https:\\\/\\\/www.bodegasprotos.com\\\/es\\\/?s={search_term_string}\"},\"query-input\":{\"@type\":\"PropertyValueSpecification\",\"valueRequired\":true,\"valueName\":\"search_term_string\"}}],\"inLanguage\":\"es\"},{\"@type\":\"Organization\",\"@id\":\"https:\\\/\\\/www.bodegasprotos.com\\\/es\\\/#organization\",\"name\":\"Bodegas Protos\",\"url\":\"https:\\\/\\\/www.bodegasprotos.com\\\/es\\\/\",\"logo\":{\"@type\":\"ImageObject\",\"inLanguage\":\"es\",\"@id\":\"https:\\\/\\\/www.bodegasprotos.com\\\/es\\\/#\\\/schema\\\/logo\\\/image\\\/\",\"url\":\"https:\\\/\\\/www.bodegasprotos.com\\\/wp-content\\\/uploads\\\/2024\\\/06\\\/PROTOS-LOGOS-VERSIONES-13.png\",\"contentUrl\":\"https:\\\/\\\/www.bodegasprotos.com\\\/wp-content\\\/uploads\\\/2024\\\/06\\\/PROTOS-LOGOS-VERSIONES-13.png\",\"width\":2362,\"height\":2362,\"caption\":\"Bodegas Protos\"},\"image\":{\"@id\":\"https:\\\/\\\/www.bodegasprotos.com\\\/es\\\/#\\\/schema\\\/logo\\\/image\\\/\"},\"sameAs\":[\"https:\\\/\\\/www.facebook.com\\\/BodegasProtos\",\"https:\\\/\\\/x.com\\\/Bodegas_Protos\",\"https:\\\/\\\/www.instagram.com\\\/bodegasprotosoficial\\\/\",\"https:\\\/\\\/www.linkedin.com\\\/company\\\/bodegasprotos\\\/\",\"https:\\\/\\\/pinterest.com\\\/BodegasProtos\\\/\",\"http:\\\/\\\/www.youtube.com\\\/user\\\/BodegasProtos\",\"https:\\\/\\\/es.wikipedia.org\\\/wiki\\\/Bodegas_Protos\"]},{\"@type\":\"Person\",\"@id\":\"https:\\\/\\\/www.bodegasprotos.com\\\/es\\\/#\\\/schema\\\/person\\\/6cb69a08afa14171755cee0df7d20027\",\"name\":\"Bodegas Protos (F)\",\"image\":{\"@type\":\"ImageObject\",\"inLanguage\":\"es\",\"@id\":\"https:\\\/\\\/secure.gravatar.com\\\/avatar\\\/cc613a9fd2ee203f402357c1b4aa2b7c041016cbf1eab1e41bde410b2ebd7f94?s=96&d=mm&r=g\",\"url\":\"https:\\\/\\\/secure.gravatar.com\\\/avatar\\\/cc613a9fd2ee203f402357c1b4aa2b7c041016cbf1eab1e41bde410b2ebd7f94?s=96&d=mm&r=g\",\"contentUrl\":\"https:\\\/\\\/secure.gravatar.com\\\/avatar\\\/cc613a9fd2ee203f402357c1b4aa2b7c041016cbf1eab1e41bde410b2ebd7f94?s=96&d=mm&r=g\",\"caption\":\"Bodegas Protos (F)\"},\"sameAs\":[\"https:\\\/\\\/www.bodegasprotos.com\"]}]}<\/script>\n<!-- \/ Yoast SEO plugin. -->","yoast_head_json":{"title":"\u00a1Celebra con Protos el D\u00eda de la pasta! - Bodegas Protos","description":"En la entrada de hoy, queremos hablarte de uno de los platos m\u00e1s deliciosos y universales que existen: la pasta. Adem\u00e1s, queremos proponerte algunos","robots":{"index":"index","follow":"follow","max-snippet":"max-snippet:-1","max-image-preview":"max-image-preview:large","max-video-preview":"max-video-preview:-1"},"canonical":"https:\/\/www.bodegasprotos.com\/es\/blog\/celebra-con-protos-el-dia-de-la-pasta\/","og_locale":"es_ES","og_type":"article","og_title":"\u00a1Celebra con Protos el D\u00eda de la pasta! - Bodegas Protos","og_description":"En la entrada de hoy, queremos hablarte de uno de los platos m\u00e1s deliciosos y universales que existen: la pasta. Adem\u00e1s, queremos proponerte algunos","og_url":"https:\/\/www.bodegasprotos.com\/es\/blog\/celebra-con-protos-el-dia-de-la-pasta\/","og_site_name":"Bodegas Protos","article_publisher":"https:\/\/www.facebook.com\/BodegasProtos","article_published_time":"2024-10-25T09:34:36+00:00","article_modified_time":"2024-10-29T09:11:51+00:00","og_image":[{"width":2048,"height":2560,"url":"https:\/\/www.bodegasprotos.com\/wp-content\/uploads\/2024\/10\/marios-gkortsilas-Gks3MkxX6ZA-unsplash-scaled.webp","type":"image\/jpeg"}],"author":"Bodegas Protos (F)","twitter_card":"summary_large_image","twitter_creator":"@Bodegas_Protos","twitter_site":"@Bodegas_Protos","twitter_misc":{"Escrito por":"Bodegas Protos (F)","Tiempo de lectura":"5 minutos"},"schema":{"@context":"https:\/\/schema.org","@graph":[{"@type":"Article","@id":"https:\/\/www.bodegasprotos.com\/es\/blog\/celebra-con-protos-el-dia-de-la-pasta\/#article","isPartOf":{"@id":"https:\/\/www.bodegasprotos.com\/es\/blog\/celebra-con-protos-el-dia-de-la-pasta\/"},"author":{"name":"Bodegas Protos (F)","@id":"https:\/\/www.bodegasprotos.com\/es\/#\/schema\/person\/6cb69a08afa14171755cee0df7d20027"},"headline":"\u00a1Celebra con Protos el D\u00eda de la pasta!","datePublished":"2024-10-25T09:34:36+00:00","dateModified":"2024-10-29T09:11:51+00:00","mainEntityOfPage":{"@id":"https:\/\/www.bodegasprotos.com\/es\/blog\/celebra-con-protos-el-dia-de-la-pasta\/"},"wordCount":691,"publisher":{"@id":"https:\/\/www.bodegasprotos.com\/es\/#organization"},"image":{"@id":"https:\/\/www.bodegasprotos.com\/es\/blog\/celebra-con-protos-el-dia-de-la-pasta\/#primaryimage"},"thumbnailUrl":"https:\/\/www.bodegasprotos.com\/wp-content\/uploads\/2024\/10\/marios-gkortsilas-Gks3MkxX6ZA-unsplash-scaled.webp","articleSection":["Blog","General"],"inLanguage":"es"},{"@type":"WebPage","@id":"https:\/\/www.bodegasprotos.com\/es\/blog\/celebra-con-protos-el-dia-de-la-pasta\/","url":"https:\/\/www.bodegasprotos.com\/es\/blog\/celebra-con-protos-el-dia-de-la-pasta\/","name":"\u00a1Celebra con Protos el D\u00eda de la pasta! - Bodegas Protos","isPartOf":{"@id":"https:\/\/www.bodegasprotos.com\/es\/#website"},"primaryImageOfPage":{"@id":"https:\/\/www.bodegasprotos.com\/es\/blog\/celebra-con-protos-el-dia-de-la-pasta\/#primaryimage"},"image":{"@id":"https:\/\/www.bodegasprotos.com\/es\/blog\/celebra-con-protos-el-dia-de-la-pasta\/#primaryimage"},"thumbnailUrl":"https:\/\/www.bodegasprotos.com\/wp-content\/uploads\/2024\/10\/marios-gkortsilas-Gks3MkxX6ZA-unsplash-scaled.webp","datePublished":"2024-10-25T09:34:36+00:00","dateModified":"2024-10-29T09:11:51+00:00","description":"En la entrada de hoy, queremos hablarte de uno de los platos m\u00e1s deliciosos y universales que existen: la pasta. Adem\u00e1s, queremos proponerte algunos","breadcrumb":{"@id":"https:\/\/www.bodegasprotos.com\/es\/blog\/celebra-con-protos-el-dia-de-la-pasta\/#breadcrumb"},"inLanguage":"es","potentialAction":[{"@type":"ReadAction","target":["https:\/\/www.bodegasprotos.com\/es\/blog\/celebra-con-protos-el-dia-de-la-pasta\/"]}]},{"@type":"ImageObject","inLanguage":"es","@id":"https:\/\/www.bodegasprotos.com\/es\/blog\/celebra-con-protos-el-dia-de-la-pasta\/#primaryimage","url":"https:\/\/www.bodegasprotos.com\/wp-content\/uploads\/2024\/10\/marios-gkortsilas-Gks3MkxX6ZA-unsplash-scaled.webp","contentUrl":"https:\/\/www.bodegasprotos.com\/wp-content\/uploads\/2024\/10\/marios-gkortsilas-Gks3MkxX6ZA-unsplash-scaled.webp","width":2048,"height":2560},{"@type":"BreadcrumbList","@id":"https:\/\/www.bodegasprotos.com\/es\/blog\/celebra-con-protos-el-dia-de-la-pasta\/#breadcrumb","itemListElement":[{"@type":"ListItem","position":1,"name":"Portada","item":"https:\/\/www.bodegasprotos.com\/es\/"},{"@type":"ListItem","position":2,"name":"\u00a1Celebra con Protos el D\u00eda de la pasta!"}]},{"@type":"WebSite","@id":"https:\/\/www.bodegasprotos.com\/es\/#website","url":"https:\/\/www.bodegasprotos.com\/es\/","name":"Bodegas Protos","description":"Vinos de la Denominaci\u00f3n de Origen Ribera del Duero, Rueda y Cigales","publisher":{"@id":"https:\/\/www.bodegasprotos.com\/es\/#organization"},"potentialAction":[{"@type":"SearchAction","target":{"@type":"EntryPoint","urlTemplate":"https:\/\/www.bodegasprotos.com\/es\/?s={search_term_string}"},"query-input":{"@type":"PropertyValueSpecification","valueRequired":true,"valueName":"search_term_string"}}],"inLanguage":"es"},{"@type":"Organization","@id":"https:\/\/www.bodegasprotos.com\/es\/#organization","name":"Bodegas Protos","url":"https:\/\/www.bodegasprotos.com\/es\/","logo":{"@type":"ImageObject","inLanguage":"es","@id":"https:\/\/www.bodegasprotos.com\/es\/#\/schema\/logo\/image\/","url":"https:\/\/www.bodegasprotos.com\/wp-content\/uploads\/2024\/06\/PROTOS-LOGOS-VERSIONES-13.png","contentUrl":"https:\/\/www.bodegasprotos.com\/wp-content\/uploads\/2024\/06\/PROTOS-LOGOS-VERSIONES-13.png","width":2362,"height":2362,"caption":"Bodegas Protos"},"image":{"@id":"https:\/\/www.bodegasprotos.com\/es\/#\/schema\/logo\/image\/"},"sameAs":["https:\/\/www.facebook.com\/BodegasProtos","https:\/\/x.com\/Bodegas_Protos","https:\/\/www.instagram.com\/bodegasprotosoficial\/","https:\/\/www.linkedin.com\/company\/bodegasprotos\/","https:\/\/pinterest.com\/BodegasProtos\/","http:\/\/www.youtube.com\/user\/BodegasProtos","https:\/\/es.wikipedia.org\/wiki\/Bodegas_Protos"]},{"@type":"Person","@id":"https:\/\/www.bodegasprotos.com\/es\/#\/schema\/person\/6cb69a08afa14171755cee0df7d20027","name":"Bodegas Protos (F)","image":{"@type":"ImageObject","inLanguage":"es","@id":"https:\/\/secure.gravatar.com\/avatar\/cc613a9fd2ee203f402357c1b4aa2b7c041016cbf1eab1e41bde410b2ebd7f94?s=96&d=mm&r=g","url":"https:\/\/secure.gravatar.com\/avatar\/cc613a9fd2ee203f402357c1b4aa2b7c041016cbf1eab1e41bde410b2ebd7f94?s=96&d=mm&r=g","contentUrl":"https:\/\/secure.gravatar.com\/avatar\/cc613a9fd2ee203f402357c1b4aa2b7c041016cbf1eab1e41bde410b2ebd7f94?s=96&d=mm&r=g","caption":"Bodegas Protos (F)"},"sameAs":["https:\/\/www.bodegasprotos.com"]}]}},"_links":{"self":[{"href":"https:\/\/www.bodegasprotos.com\/es\/wp-json\/wp\/v2\/posts\/41241","targetHints":{"allow":["GET"]}}],"collection":[{"href":"https:\/\/www.bodegasprotos.com\/es\/wp-json\/wp\/v2\/posts"}],"about":[{"href":"https:\/\/www.bodegasprotos.com\/es\/wp-json\/wp\/v2\/types\/post"}],"author":[{"embeddable":true,"href":"https:\/\/www.bodegasprotos.com\/es\/wp-json\/wp\/v2\/users\/3"}],"replies":[{"embeddable":true,"href":"https:\/\/www.bodegasprotos.com\/es\/wp-json\/wp\/v2\/comments?post=41241"}],"version-history":[{"count":0,"href":"https:\/\/www.bodegasprotos.com\/es\/wp-json\/wp\/v2\/posts\/41241\/revisions"}],"wp:featuredmedia":[{"embeddable":true,"href":"https:\/\/www.bodegasprotos.com\/es\/wp-json\/wp\/v2\/media\/41287"}],"wp:attachment":[{"href":"https:\/\/www.bodegasprotos.com\/es\/wp-json\/wp\/v2\/media?parent=41241"}],"wp:term":[{"taxonomy":"category","embeddable":true,"href":"https:\/\/www.bodegasprotos.com\/es\/wp-json\/wp\/v2\/categories?post=41241"},{"taxonomy":"post_tag","embeddable":true,"href":"https:\/\/www.bodegasprotos.com\/es\/wp-json\/wp\/v2\/tags?post=41241"}],"curies":[{"name":"wp","href":"https:\/\/api.w.org\/{rel}","templated":true}]}}