{"id":41189,"date":"2024-10-18T11:32:26","date_gmt":"2024-10-18T09:32:26","guid":{"rendered":"https:\/\/www.bodegasprotos.com\/?p=41189"},"modified":"2024-10-15T10:55:23","modified_gmt":"2024-10-15T08:55:23","slug":"donde-esta-la-catedral-del-vino","status":"publish","type":"post","link":"https:\/\/www.bodegasprotos.com\/es\/blog\/donde-esta-la-catedral-del-vino\/","title":{"rendered":"\u00bfD\u00f3nde est\u00e1 la catedral del vino?"},"content":{"rendered":"<p>Hoy, vamos a hablarte de una zona que alberga la denominada \u201cCatedral del vino\u201d. Te daremos algunas pistas: esta zona es productora de grandes vinos, sobre todo, de vinos rosados y se encuentra en Castilla y Le\u00f3n&#8230; Adem\u00e1s, su vino m\u00e1s emblem\u00e1tico ha sido siempre el clarete\u2026<\/p>\n<p>\u00bfLo tienes ya? Seguro que s\u00ed\u2026 s\u00ed, hablamos de Cigales.<\/p>\n<h2>La importancia de Cigales<\/h2>\n<p>All\u00ed, como te adelant\u00e1bamos, se encuentra la Catedral del vino, o lo que es lo mismo la Iglesia Parroquial de Santiago Ap\u00f3stol de la que hoy, queremos hablarte.<\/p>\n<p>Esta iglesia tan emblem\u00e1tica se empez\u00f3 a construir en 1535 bajo la traza de Rodrigo Gil de Monta\u00f1\u00f3n y se trata de un edificio de estilo renacentista con halos claramente herrerianos.<\/p>\n<p>Como dato interesante, se empez\u00f3 a construir gracias a los ingresos que daba la venta de clarete, que por aquella \u00e9poca era el vino oficial de la Corona de Castilla.<\/p>\n<p>Tras la marcha de la corona a Madrid, se termin\u00f3 la financiaci\u00f3n de la construcci\u00f3n de la iglesia, y no fue hasta dos siglos m\u00e1s tarde que se retomara, todo gracias al dinero que enviaba desde M\u00e9xico, Fray Antonio Alcalde, obispo de Guadalajara y Yucat\u00e1n, y que hab\u00eda sido un antiguo vecino de Cigales.<\/p>\n<p>Durante aquella \u00e9poca, Cigales contaba con un lugar destacado en el mapa. El motivo m\u00e1s claro: su cercan\u00eda a la corte y a la nobleza, Por ejemplo, Cigales fue el hogar de nobles como los Condes de Benavente, e incluso, all\u00ed\u00a0 naci\u00f3 Ana de Austria y falleci\u00f3 su madre.<\/p>\n<h2><strong>La Iglesia de Santiago Ap\u00f3stol<\/strong><\/h2>\n<p>La Iglesia llama la atenci\u00f3n por su monumentalidad, ya que cuenta con dos torres inmensas, siguiendo el estilo herreriano, que se puede apreciar, tambi\u00e9n, en la Catedral de Valladolid.<\/p>\n<p>El proyecto final, lo llevaron a cabo, Juan de Saravia y Diego de Praves, finaliz\u00e1ndose en el a\u00f1o 1772.<\/p>\n<p>En el siglo XVI, el edificio se levanta sobre \u201cun templo anterior, de menor tama\u00f1o, de paredes y b\u00f3vedas de canter\u00eda, con estructura de 3 naves, torre con campanario y varias capillas\u201d.<\/p>\n<div id=\"attachment_41192\" style=\"width: 310px\" class=\"wp-caption aligncenter\"><img data-dominant-color=\"756d65\" data-has-transparency=\"false\" style=\"--dominant-color: #756d65;\" fetchpriority=\"high\" decoding=\"async\" aria-describedby=\"caption-attachment-41192\" class=\"wp-image-41192 size-medium not-transparent\" src=\"https:\/\/www.bodegasprotos.com\/wp-content\/uploads\/2024\/10\/08_Cigales_Iglesia_Santiago_arquitectura_interior_ni-300x225.webp\" alt=\"\" width=\"300\" height=\"225\" srcset=\"https:\/\/www.bodegasprotos.com\/wp-content\/uploads\/2024\/10\/08_Cigales_Iglesia_Santiago_arquitectura_interior_ni-300x225.webp 300w, https:\/\/www.bodegasprotos.com\/wp-content\/uploads\/2024\/10\/08_Cigales_Iglesia_Santiago_arquitectura_interior_ni-1024x768.webp 1024w, https:\/\/www.bodegasprotos.com\/wp-content\/uploads\/2024\/10\/08_Cigales_Iglesia_Santiago_arquitectura_interior_ni-768x576.webp 768w, https:\/\/www.bodegasprotos.com\/wp-content\/uploads\/2024\/10\/08_Cigales_Iglesia_Santiago_arquitectura_interior_ni-1536x1152.webp 1536w, https:\/\/www.bodegasprotos.com\/wp-content\/uploads\/2024\/10\/08_Cigales_Iglesia_Santiago_arquitectura_interior_ni-2048x1536.webp 2048w\" sizes=\"(max-width: 300px) 100vw, 300px\" \/><p id=\"caption-attachment-41192\" class=\"wp-caption-text\"><a href=\"https:\/\/commons.wikimedia.org\/wiki\/File:08_Cigales_Iglesia_Santiago_arquitectura_interior_ni.JPG\">Wikimedia<\/a><\/p><\/div>\n<p>El templo, que est\u00e1 construido en piedra blanca caliza, cuenta con una amplia planta de sal\u00f3n, di\u00e1fano y equilibrado.<\/p>\n<p>De su interior, resaltamos sus retablos en su gran mayor\u00eda de estilo barroco: el retablo mayor, Retablo de Santa Marina y Capilla de San Juan. Su magnitud y su calidad art\u00edstica convierten a estos retablos en obras muy\u00a0 destacadas de la provincia de Valladolid.<\/p>\n<div id=\"attachment_41190\" style=\"width: 310px\" class=\"wp-caption aligncenter\"><img data-dominant-color=\"5f4b35\" data-has-transparency=\"false\" style=\"--dominant-color: #5f4b35;\" decoding=\"async\" aria-describedby=\"caption-attachment-41190\" class=\"wp-image-41190 size-medium not-transparent\" src=\"https:\/\/www.bodegasprotos.com\/wp-content\/uploads\/2024\/10\/03_Cigales_Iglesia_Santiago_retablo_mayor_ni-300x225.webp\" alt=\"\" width=\"300\" height=\"225\" srcset=\"https:\/\/www.bodegasprotos.com\/wp-content\/uploads\/2024\/10\/03_Cigales_Iglesia_Santiago_retablo_mayor_ni-300x225.webp 300w, https:\/\/www.bodegasprotos.com\/wp-content\/uploads\/2024\/10\/03_Cigales_Iglesia_Santiago_retablo_mayor_ni-1024x768.webp 1024w, https:\/\/www.bodegasprotos.com\/wp-content\/uploads\/2024\/10\/03_Cigales_Iglesia_Santiago_retablo_mayor_ni-768x576.webp 768w, https:\/\/www.bodegasprotos.com\/wp-content\/uploads\/2024\/10\/03_Cigales_Iglesia_Santiago_retablo_mayor_ni-1536x1152.webp 1536w, https:\/\/www.bodegasprotos.com\/wp-content\/uploads\/2024\/10\/03_Cigales_Iglesia_Santiago_retablo_mayor_ni-2048x1536.webp 2048w\" sizes=\"(max-width: 300px) 100vw, 300px\" \/><p id=\"caption-attachment-41190\" class=\"wp-caption-text\"><a href=\"https:\/\/commons.wikimedia.org\/wiki\/File:03_Cigales_Iglesia_Santiago_retablo_mayor_ni.JPG\">Wikimedia<\/a><\/p><\/div>\n<h2><strong>Protos y Cigales<\/strong><\/h2>\n<p>Desde el a\u00f1o 2021, Protos dio el pistoletazo de salida en Cigales, con la elaboraci\u00f3n de sus vinos rosados, concretamente, en Cubillas de Santa Marta.<\/p>\n<p>As\u00ed, nacen en 2021, las primeras a\u00f1adas de Protos Clarete y Aire de Protos. Dos vinos que, sin duda, reflejan el car\u00e1cter de la tierra.<\/p>\n<p>Por un lado, <a href=\"https:\/\/www.bodegasprotos.com\/es\/vino\/clarete\/\">Protos Clarete<\/a> va a hacer que cambies la apreciaci\u00f3n que ten\u00edas de los rosados ya que su maceraci\u00f3n en fr\u00edo extrae todos sus aromas y en cuanto, <a href=\"https:\/\/www.bodegasprotos.com\/es\/vino\/aire-de-protos\/\">Aire de Protos<\/a>\u00a0encontrar\u00e1s un vino m\u00e1s provenzal, fresco, elegante y sedoso.<\/p>\n<p>As\u00ed que, si no sabes qu\u00e9 hacer este fin de semana, te proponemos que hagas una visita a Cigales, descubras su maravillosa Catedral del Vino y disfrutes de su gastronom\u00eda, siempre acompa\u00f1ada de un rosado de nuestra bodega. \u00a1Buen finde! \ud83d\ude42<\/p>\n<p><img decoding=\"async\" class=\"aligncenter wp-image-33681\" src=\"https:\/\/www.bodegasprotos.com\/wp-content\/uploads\/2020\/03\/Protos_Clarete-1-110x180-1.png\" alt=\"Protos Clarete\" width=\"120\" height=\"196\" \/><\/p>\n<p><img data-dominant-color=\"dc9f87\" data-has-transparency=\"true\" style=\"--dominant-color: #dc9f87;\" loading=\"lazy\" decoding=\"async\" class=\"aligncenter wp-image-36517 has-transparency\" src=\"https:\/\/www.bodegasprotos.com\/wp-content\/uploads\/2023\/04\/PROTOS-AIRE-e1710329705684-84x300.png\" alt=\"\" width=\"53\" height=\"189\" \/><\/p>\n","protected":false},"excerpt":{"rendered":"<p>Hoy, vamos a hablarte de una zona que alberga la denominada \u201cCatedral del vino\u201d. Te daremos algunas pistas:&#8230;<\/p>\n","protected":false},"author":3,"featured_media":41194,"comment_status":"closed","ping_status":"closed","sticky":false,"template":"","format":"standard","meta":{"_acf_changed":false,"footnotes":""},"categories":[87,1],"tags":[],"class_list":["post-41189","post","type-post","status-publish","format-standard","has-post-thumbnail","hentry","category-blog","category-general"],"acf":[],"yoast_head":"<!-- This site is optimized with the Yoast SEO plugin v27.5 - https:\/\/yoast.com\/product\/yoast-seo-wordpress\/ -->\n<title>\u00bfD\u00f3nde est\u00e1 la catedral del vino? - Bodegas Protos<\/title>\n<meta name=\"description\" content=\"Hoy, vamos a hablarte de una zona que alberga la denominada \u201cCatedral del vino\u201d. Te daremos algunas pistas: esta zona es productora de grandes vinos,\" \/>\n<meta name=\"robots\" content=\"index, follow, max-snippet:-1, max-image-preview:large, max-video-preview:-1\" \/>\n<link rel=\"canonical\" href=\"https:\/\/www.bodegasprotos.com\/es\/blog\/donde-esta-la-catedral-del-vino\/\" \/>\n<meta property=\"og:locale\" content=\"es_ES\" \/>\n<meta property=\"og:type\" content=\"article\" \/>\n<meta property=\"og:title\" content=\"\u00bfD\u00f3nde est\u00e1 la catedral del vino? - Bodegas Protos\" \/>\n<meta property=\"og:description\" content=\"Hoy, vamos a hablarte de una zona que alberga la denominada \u201cCatedral del vino\u201d. Te daremos algunas pistas: esta zona es productora de grandes vinos,\" \/>\n<meta property=\"og:url\" content=\"https:\/\/www.bodegasprotos.com\/es\/blog\/donde-esta-la-catedral-del-vino\/\" \/>\n<meta property=\"og:site_name\" content=\"Bodegas Protos\" \/>\n<meta property=\"article:publisher\" content=\"https:\/\/www.facebook.com\/BodegasProtos\" \/>\n<meta property=\"article:published_time\" content=\"2024-10-18T09:32:26+00:00\" \/>\n<meta property=\"og:image\" content=\"https:\/\/www.bodegasprotos.com\/wp-content\/uploads\/2024\/10\/Cigales_iglesia_Santiago-scaled.webp\" \/>\n\t<meta property=\"og:image:width\" content=\"2560\" \/>\n\t<meta property=\"og:image:height\" content=\"1798\" \/>\n\t<meta property=\"og:image:type\" content=\"image\/jpeg\" \/>\n<meta name=\"author\" content=\"Bodegas Protos (F)\" \/>\n<meta name=\"twitter:card\" content=\"summary_large_image\" \/>\n<meta name=\"twitter:creator\" content=\"@Bodegas_Protos\" \/>\n<meta name=\"twitter:site\" content=\"@Bodegas_Protos\" \/>\n<meta name=\"twitter:label1\" content=\"Escrito por\" \/>\n\t<meta name=\"twitter:data1\" content=\"Bodegas Protos (F)\" \/>\n\t<meta name=\"twitter:label2\" content=\"Tiempo de lectura\" \/>\n\t<meta name=\"twitter:data2\" content=\"4 minutos\" \/>\n<script type=\"application\/ld+json\" class=\"yoast-schema-graph\">{\"@context\":\"https:\\\/\\\/schema.org\",\"@graph\":[{\"@type\":\"Article\",\"@id\":\"https:\\\/\\\/www.bodegasprotos.com\\\/es\\\/blog\\\/donde-esta-la-catedral-del-vino\\\/#article\",\"isPartOf\":{\"@id\":\"https:\\\/\\\/www.bodegasprotos.com\\\/es\\\/blog\\\/donde-esta-la-catedral-del-vino\\\/\"},\"author\":{\"name\":\"Bodegas Protos (F)\",\"@id\":\"https:\\\/\\\/www.bodegasprotos.com\\\/es\\\/#\\\/schema\\\/person\\\/6cb69a08afa14171755cee0df7d20027\"},\"headline\":\"\u00bfD\u00f3nde est\u00e1 la catedral del vino?\",\"datePublished\":\"2024-10-18T09:32:26+00:00\",\"mainEntityOfPage\":{\"@id\":\"https:\\\/\\\/www.bodegasprotos.com\\\/es\\\/blog\\\/donde-esta-la-catedral-del-vino\\\/\"},\"wordCount\":594,\"publisher\":{\"@id\":\"https:\\\/\\\/www.bodegasprotos.com\\\/es\\\/#organization\"},\"image\":{\"@id\":\"https:\\\/\\\/www.bodegasprotos.com\\\/es\\\/blog\\\/donde-esta-la-catedral-del-vino\\\/#primaryimage\"},\"thumbnailUrl\":\"https:\\\/\\\/www.bodegasprotos.com\\\/wp-content\\\/uploads\\\/2024\\\/10\\\/Cigales_iglesia_Santiago-scaled.webp\",\"articleSection\":[\"Blog\",\"General\"],\"inLanguage\":\"es\"},{\"@type\":\"WebPage\",\"@id\":\"https:\\\/\\\/www.bodegasprotos.com\\\/es\\\/blog\\\/donde-esta-la-catedral-del-vino\\\/\",\"url\":\"https:\\\/\\\/www.bodegasprotos.com\\\/es\\\/blog\\\/donde-esta-la-catedral-del-vino\\\/\",\"name\":\"\u00bfD\u00f3nde est\u00e1 la catedral del vino? - Bodegas Protos\",\"isPartOf\":{\"@id\":\"https:\\\/\\\/www.bodegasprotos.com\\\/es\\\/#website\"},\"primaryImageOfPage\":{\"@id\":\"https:\\\/\\\/www.bodegasprotos.com\\\/es\\\/blog\\\/donde-esta-la-catedral-del-vino\\\/#primaryimage\"},\"image\":{\"@id\":\"https:\\\/\\\/www.bodegasprotos.com\\\/es\\\/blog\\\/donde-esta-la-catedral-del-vino\\\/#primaryimage\"},\"thumbnailUrl\":\"https:\\\/\\\/www.bodegasprotos.com\\\/wp-content\\\/uploads\\\/2024\\\/10\\\/Cigales_iglesia_Santiago-scaled.webp\",\"datePublished\":\"2024-10-18T09:32:26+00:00\",\"description\":\"Hoy, vamos a hablarte de una zona que alberga la denominada \u201cCatedral del vino\u201d. Te daremos algunas pistas: esta zona es productora de grandes vinos,\",\"breadcrumb\":{\"@id\":\"https:\\\/\\\/www.bodegasprotos.com\\\/es\\\/blog\\\/donde-esta-la-catedral-del-vino\\\/#breadcrumb\"},\"inLanguage\":\"es\",\"potentialAction\":[{\"@type\":\"ReadAction\",\"target\":[\"https:\\\/\\\/www.bodegasprotos.com\\\/es\\\/blog\\\/donde-esta-la-catedral-del-vino\\\/\"]}]},{\"@type\":\"ImageObject\",\"inLanguage\":\"es\",\"@id\":\"https:\\\/\\\/www.bodegasprotos.com\\\/es\\\/blog\\\/donde-esta-la-catedral-del-vino\\\/#primaryimage\",\"url\":\"https:\\\/\\\/www.bodegasprotos.com\\\/wp-content\\\/uploads\\\/2024\\\/10\\\/Cigales_iglesia_Santiago-scaled.webp\",\"contentUrl\":\"https:\\\/\\\/www.bodegasprotos.com\\\/wp-content\\\/uploads\\\/2024\\\/10\\\/Cigales_iglesia_Santiago-scaled.webp\",\"width\":2560,\"height\":1798},{\"@type\":\"BreadcrumbList\",\"@id\":\"https:\\\/\\\/www.bodegasprotos.com\\\/es\\\/blog\\\/donde-esta-la-catedral-del-vino\\\/#breadcrumb\",\"itemListElement\":[{\"@type\":\"ListItem\",\"position\":1,\"name\":\"Portada\",\"item\":\"https:\\\/\\\/www.bodegasprotos.com\\\/es\\\/\"},{\"@type\":\"ListItem\",\"position\":2,\"name\":\"\u00bfD\u00f3nde est\u00e1 la catedral del vino?\"}]},{\"@type\":\"WebSite\",\"@id\":\"https:\\\/\\\/www.bodegasprotos.com\\\/es\\\/#website\",\"url\":\"https:\\\/\\\/www.bodegasprotos.com\\\/es\\\/\",\"name\":\"Bodegas Protos\",\"description\":\"Vinos de la Denominaci\u00f3n de Origen Ribera del Duero, Rueda y Cigales\",\"publisher\":{\"@id\":\"https:\\\/\\\/www.bodegasprotos.com\\\/es\\\/#organization\"},\"potentialAction\":[{\"@type\":\"SearchAction\",\"target\":{\"@type\":\"EntryPoint\",\"urlTemplate\":\"https:\\\/\\\/www.bodegasprotos.com\\\/es\\\/?s={search_term_string}\"},\"query-input\":{\"@type\":\"PropertyValueSpecification\",\"valueRequired\":true,\"valueName\":\"search_term_string\"}}],\"inLanguage\":\"es\"},{\"@type\":\"Organization\",\"@id\":\"https:\\\/\\\/www.bodegasprotos.com\\\/es\\\/#organization\",\"name\":\"Bodegas Protos\",\"url\":\"https:\\\/\\\/www.bodegasprotos.com\\\/es\\\/\",\"logo\":{\"@type\":\"ImageObject\",\"inLanguage\":\"es\",\"@id\":\"https:\\\/\\\/www.bodegasprotos.com\\\/es\\\/#\\\/schema\\\/logo\\\/image\\\/\",\"url\":\"https:\\\/\\\/www.bodegasprotos.com\\\/wp-content\\\/uploads\\\/2024\\\/06\\\/PROTOS-LOGOS-VERSIONES-13.png\",\"contentUrl\":\"https:\\\/\\\/www.bodegasprotos.com\\\/wp-content\\\/uploads\\\/2024\\\/06\\\/PROTOS-LOGOS-VERSIONES-13.png\",\"width\":2362,\"height\":2362,\"caption\":\"Bodegas Protos\"},\"image\":{\"@id\":\"https:\\\/\\\/www.bodegasprotos.com\\\/es\\\/#\\\/schema\\\/logo\\\/image\\\/\"},\"sameAs\":[\"https:\\\/\\\/www.facebook.com\\\/BodegasProtos\",\"https:\\\/\\\/x.com\\\/Bodegas_Protos\",\"https:\\\/\\\/www.instagram.com\\\/bodegasprotosoficial\\\/\",\"https:\\\/\\\/www.linkedin.com\\\/company\\\/bodegasprotos\\\/\",\"https:\\\/\\\/pinterest.com\\\/BodegasProtos\\\/\",\"http:\\\/\\\/www.youtube.com\\\/user\\\/BodegasProtos\",\"https:\\\/\\\/es.wikipedia.org\\\/wiki\\\/Bodegas_Protos\"]},{\"@type\":\"Person\",\"@id\":\"https:\\\/\\\/www.bodegasprotos.com\\\/es\\\/#\\\/schema\\\/person\\\/6cb69a08afa14171755cee0df7d20027\",\"name\":\"Bodegas Protos (F)\",\"image\":{\"@type\":\"ImageObject\",\"inLanguage\":\"es\",\"@id\":\"https:\\\/\\\/secure.gravatar.com\\\/avatar\\\/cc613a9fd2ee203f402357c1b4aa2b7c041016cbf1eab1e41bde410b2ebd7f94?s=96&d=mm&r=g\",\"url\":\"https:\\\/\\\/secure.gravatar.com\\\/avatar\\\/cc613a9fd2ee203f402357c1b4aa2b7c041016cbf1eab1e41bde410b2ebd7f94?s=96&d=mm&r=g\",\"contentUrl\":\"https:\\\/\\\/secure.gravatar.com\\\/avatar\\\/cc613a9fd2ee203f402357c1b4aa2b7c041016cbf1eab1e41bde410b2ebd7f94?s=96&d=mm&r=g\",\"caption\":\"Bodegas Protos (F)\"},\"sameAs\":[\"https:\\\/\\\/www.bodegasprotos.com\"]}]}<\/script>\n<!-- \/ Yoast SEO plugin. -->","yoast_head_json":{"title":"\u00bfD\u00f3nde est\u00e1 la catedral del vino? - Bodegas Protos","description":"Hoy, vamos a hablarte de una zona que alberga la denominada \u201cCatedral del vino\u201d. Te daremos algunas pistas: esta zona es productora de grandes vinos,","robots":{"index":"index","follow":"follow","max-snippet":"max-snippet:-1","max-image-preview":"max-image-preview:large","max-video-preview":"max-video-preview:-1"},"canonical":"https:\/\/www.bodegasprotos.com\/es\/blog\/donde-esta-la-catedral-del-vino\/","og_locale":"es_ES","og_type":"article","og_title":"\u00bfD\u00f3nde est\u00e1 la catedral del vino? - Bodegas Protos","og_description":"Hoy, vamos a hablarte de una zona que alberga la denominada \u201cCatedral del vino\u201d. Te daremos algunas pistas: esta zona es productora de grandes vinos,","og_url":"https:\/\/www.bodegasprotos.com\/es\/blog\/donde-esta-la-catedral-del-vino\/","og_site_name":"Bodegas Protos","article_publisher":"https:\/\/www.facebook.com\/BodegasProtos","article_published_time":"2024-10-18T09:32:26+00:00","og_image":[{"width":2560,"height":1798,"url":"https:\/\/www.bodegasprotos.com\/wp-content\/uploads\/2024\/10\/Cigales_iglesia_Santiago-scaled.webp","type":"image\/jpeg"}],"author":"Bodegas Protos (F)","twitter_card":"summary_large_image","twitter_creator":"@Bodegas_Protos","twitter_site":"@Bodegas_Protos","twitter_misc":{"Escrito por":"Bodegas Protos (F)","Tiempo de lectura":"4 minutos"},"schema":{"@context":"https:\/\/schema.org","@graph":[{"@type":"Article","@id":"https:\/\/www.bodegasprotos.com\/es\/blog\/donde-esta-la-catedral-del-vino\/#article","isPartOf":{"@id":"https:\/\/www.bodegasprotos.com\/es\/blog\/donde-esta-la-catedral-del-vino\/"},"author":{"name":"Bodegas Protos (F)","@id":"https:\/\/www.bodegasprotos.com\/es\/#\/schema\/person\/6cb69a08afa14171755cee0df7d20027"},"headline":"\u00bfD\u00f3nde est\u00e1 la catedral del vino?","datePublished":"2024-10-18T09:32:26+00:00","mainEntityOfPage":{"@id":"https:\/\/www.bodegasprotos.com\/es\/blog\/donde-esta-la-catedral-del-vino\/"},"wordCount":594,"publisher":{"@id":"https:\/\/www.bodegasprotos.com\/es\/#organization"},"image":{"@id":"https:\/\/www.bodegasprotos.com\/es\/blog\/donde-esta-la-catedral-del-vino\/#primaryimage"},"thumbnailUrl":"https:\/\/www.bodegasprotos.com\/wp-content\/uploads\/2024\/10\/Cigales_iglesia_Santiago-scaled.webp","articleSection":["Blog","General"],"inLanguage":"es"},{"@type":"WebPage","@id":"https:\/\/www.bodegasprotos.com\/es\/blog\/donde-esta-la-catedral-del-vino\/","url":"https:\/\/www.bodegasprotos.com\/es\/blog\/donde-esta-la-catedral-del-vino\/","name":"\u00bfD\u00f3nde est\u00e1 la catedral del vino? - Bodegas Protos","isPartOf":{"@id":"https:\/\/www.bodegasprotos.com\/es\/#website"},"primaryImageOfPage":{"@id":"https:\/\/www.bodegasprotos.com\/es\/blog\/donde-esta-la-catedral-del-vino\/#primaryimage"},"image":{"@id":"https:\/\/www.bodegasprotos.com\/es\/blog\/donde-esta-la-catedral-del-vino\/#primaryimage"},"thumbnailUrl":"https:\/\/www.bodegasprotos.com\/wp-content\/uploads\/2024\/10\/Cigales_iglesia_Santiago-scaled.webp","datePublished":"2024-10-18T09:32:26+00:00","description":"Hoy, vamos a hablarte de una zona que alberga la denominada \u201cCatedral del vino\u201d. Te daremos algunas pistas: esta zona es productora de grandes vinos,","breadcrumb":{"@id":"https:\/\/www.bodegasprotos.com\/es\/blog\/donde-esta-la-catedral-del-vino\/#breadcrumb"},"inLanguage":"es","potentialAction":[{"@type":"ReadAction","target":["https:\/\/www.bodegasprotos.com\/es\/blog\/donde-esta-la-catedral-del-vino\/"]}]},{"@type":"ImageObject","inLanguage":"es","@id":"https:\/\/www.bodegasprotos.com\/es\/blog\/donde-esta-la-catedral-del-vino\/#primaryimage","url":"https:\/\/www.bodegasprotos.com\/wp-content\/uploads\/2024\/10\/Cigales_iglesia_Santiago-scaled.webp","contentUrl":"https:\/\/www.bodegasprotos.com\/wp-content\/uploads\/2024\/10\/Cigales_iglesia_Santiago-scaled.webp","width":2560,"height":1798},{"@type":"BreadcrumbList","@id":"https:\/\/www.bodegasprotos.com\/es\/blog\/donde-esta-la-catedral-del-vino\/#breadcrumb","itemListElement":[{"@type":"ListItem","position":1,"name":"Portada","item":"https:\/\/www.bodegasprotos.com\/es\/"},{"@type":"ListItem","position":2,"name":"\u00bfD\u00f3nde est\u00e1 la catedral del vino?"}]},{"@type":"WebSite","@id":"https:\/\/www.bodegasprotos.com\/es\/#website","url":"https:\/\/www.bodegasprotos.com\/es\/","name":"Bodegas Protos","description":"Vinos de la Denominaci\u00f3n de Origen Ribera del Duero, Rueda y Cigales","publisher":{"@id":"https:\/\/www.bodegasprotos.com\/es\/#organization"},"potentialAction":[{"@type":"SearchAction","target":{"@type":"EntryPoint","urlTemplate":"https:\/\/www.bodegasprotos.com\/es\/?s={search_term_string}"},"query-input":{"@type":"PropertyValueSpecification","valueRequired":true,"valueName":"search_term_string"}}],"inLanguage":"es"},{"@type":"Organization","@id":"https:\/\/www.bodegasprotos.com\/es\/#organization","name":"Bodegas Protos","url":"https:\/\/www.bodegasprotos.com\/es\/","logo":{"@type":"ImageObject","inLanguage":"es","@id":"https:\/\/www.bodegasprotos.com\/es\/#\/schema\/logo\/image\/","url":"https:\/\/www.bodegasprotos.com\/wp-content\/uploads\/2024\/06\/PROTOS-LOGOS-VERSIONES-13.png","contentUrl":"https:\/\/www.bodegasprotos.com\/wp-content\/uploads\/2024\/06\/PROTOS-LOGOS-VERSIONES-13.png","width":2362,"height":2362,"caption":"Bodegas Protos"},"image":{"@id":"https:\/\/www.bodegasprotos.com\/es\/#\/schema\/logo\/image\/"},"sameAs":["https:\/\/www.facebook.com\/BodegasProtos","https:\/\/x.com\/Bodegas_Protos","https:\/\/www.instagram.com\/bodegasprotosoficial\/","https:\/\/www.linkedin.com\/company\/bodegasprotos\/","https:\/\/pinterest.com\/BodegasProtos\/","http:\/\/www.youtube.com\/user\/BodegasProtos","https:\/\/es.wikipedia.org\/wiki\/Bodegas_Protos"]},{"@type":"Person","@id":"https:\/\/www.bodegasprotos.com\/es\/#\/schema\/person\/6cb69a08afa14171755cee0df7d20027","name":"Bodegas Protos (F)","image":{"@type":"ImageObject","inLanguage":"es","@id":"https:\/\/secure.gravatar.com\/avatar\/cc613a9fd2ee203f402357c1b4aa2b7c041016cbf1eab1e41bde410b2ebd7f94?s=96&d=mm&r=g","url":"https:\/\/secure.gravatar.com\/avatar\/cc613a9fd2ee203f402357c1b4aa2b7c041016cbf1eab1e41bde410b2ebd7f94?s=96&d=mm&r=g","contentUrl":"https:\/\/secure.gravatar.com\/avatar\/cc613a9fd2ee203f402357c1b4aa2b7c041016cbf1eab1e41bde410b2ebd7f94?s=96&d=mm&r=g","caption":"Bodegas Protos (F)"},"sameAs":["https:\/\/www.bodegasprotos.com"]}]}},"_links":{"self":[{"href":"https:\/\/www.bodegasprotos.com\/es\/wp-json\/wp\/v2\/posts\/41189","targetHints":{"allow":["GET"]}}],"collection":[{"href":"https:\/\/www.bodegasprotos.com\/es\/wp-json\/wp\/v2\/posts"}],"about":[{"href":"https:\/\/www.bodegasprotos.com\/es\/wp-json\/wp\/v2\/types\/post"}],"author":[{"embeddable":true,"href":"https:\/\/www.bodegasprotos.com\/es\/wp-json\/wp\/v2\/users\/3"}],"replies":[{"embeddable":true,"href":"https:\/\/www.bodegasprotos.com\/es\/wp-json\/wp\/v2\/comments?post=41189"}],"version-history":[{"count":0,"href":"https:\/\/www.bodegasprotos.com\/es\/wp-json\/wp\/v2\/posts\/41189\/revisions"}],"wp:featuredmedia":[{"embeddable":true,"href":"https:\/\/www.bodegasprotos.com\/es\/wp-json\/wp\/v2\/media\/41194"}],"wp:attachment":[{"href":"https:\/\/www.bodegasprotos.com\/es\/wp-json\/wp\/v2\/media?parent=41189"}],"wp:term":[{"taxonomy":"category","embeddable":true,"href":"https:\/\/www.bodegasprotos.com\/es\/wp-json\/wp\/v2\/categories?post=41189"},{"taxonomy":"post_tag","embeddable":true,"href":"https:\/\/www.bodegasprotos.com\/es\/wp-json\/wp\/v2\/tags?post=41189"}],"curies":[{"name":"wp","href":"https:\/\/api.w.org\/{rel}","templated":true}]}}