{"id":41173,"date":"2024-10-11T11:33:08","date_gmt":"2024-10-11T09:33:08","guid":{"rendered":"https:\/\/www.bodegasprotos.com\/?p=41173"},"modified":"2024-10-08T16:50:48","modified_gmt":"2024-10-08T14:50:48","slug":"homenaje-a-sir-richard-rogers-por-el-dia-de-la-arquitectura","status":"publish","type":"post","link":"https:\/\/www.bodegasprotos.com\/es\/blog\/homenaje-a-sir-richard-rogers-por-el-dia-de-la-arquitectura\/","title":{"rendered":"Homenaje a Sir Richard Rogers por el D\u00eda de la Arquitectura"},"content":{"rendered":"<p>El primer lunes del mes de octubre se celebra el D\u00eda Mundial de la Arquitectura. Celebrar este d\u00eda fue decisi\u00f3n de la Uni\u00f3n Internacional de Arquitectos y cada a\u00f1o cuenta con un tema diferente para festejar.<\/p>\n<p>Este 2024, el lema es \u201cempoderar a la pr\u00f3xima generaci\u00f3n para que participe en el dise\u00f1o urbano\u201d y tiene como fin destacar la labor de los j\u00f3venes arquitectos en el dise\u00f1o, creaci\u00f3n y transformaci\u00f3n de las ciudades.<\/p>\n<p>Desde Protos queremos sumarnos a este d\u00eda, con un especial homenaje al arquitecto y creador de nuestra bodega, Sir Richard Rogers, fallecido en 2021, que dej\u00f3 un gran legado de obras muy importantes alrededor de todo el mundo.<\/p>\n<p>Ganador del premio Pritzker en 2007, el arquitecto italo-brit\u00e1nico fue heredero directo de la arquitectura inglesa del siglo XIX y uno de los precursores del movimiento arquitect\u00f3nico surgido en los a\u00f1os 70, el famoso \u00abhigh tech\u00bb.<\/p>\n<p>Este movimiento consist\u00eda en incorporar materiales industriales y tecnol\u00f3gicos a todo tipo de construcciones.<\/p>\n<p>Adem\u00e1s, Rogers utilizaba otra clase de elementos como la madera, un pilar fundamental en la construcci\u00f3n de la nueva bodega de Protos.<\/p>\n<h2><strong>Sir Richard Rogers<\/strong><\/h2>\n<p>Naci\u00f3 en 1933 en Florencia (Italia), su sentido de la est\u00e9tica dec\u00eda que era por su madre, quien era una gran apasionada del mundo del arte, as\u00ed como de la literatura.<\/p>\n<p>Hijo de padres angloitalianos, cuando estall\u00f3 la Segunda Guerra Mundial, toda la familia se traslad\u00f3 a Inglaterra. Richard Rogers pas\u00f3 entonces, de vivir de una manera acomodada a vivir en la pobreza.<\/p>\n<p>Su ni\u00f1ez estuvo marcada por la dislexia, sus compa\u00f1eros no le aceptaban y eso hizo que tuviera una infancia dif\u00edcil. No aprendi\u00f3 a leer hasta la edad de 11 a\u00f1os, ya fue en la edad adulta cuando a Rogers le diagnosticaron que ten\u00eda dislexia.<\/p>\n<p>Richard se diplom\u00f3 en arquitectura en la Architectural Association de Londres (1954-1959), y en 1962 obtuvo una beca por la Universidad de Yale. Es aqu\u00ed donde conocer\u00eda a Norman Foster y donde se hicieron amigos.<\/p>\n<p>En 1963, \u00e9l y su esposa, Sue Brumwell se asocian con el matrimonio formado por Norman y Wendy Foster, creando el estudio TEAM4. Aunque tuvieron una gran acogida, la empresa termina por disolverse en el a\u00f1o 1968.<\/p>\n<p>Entre las obras m\u00e1s significativas de Sir Richard Rogers destacan:<\/p>\n<ul>\n<li>El dise\u00f1o del Centro Pompidou, junto al arquitecto Renzo Piano, inaugurado en 1977.<\/li>\n<li>El Tribunal Europeo de Derechos Humanos en Estrasburgo.<\/li>\n<li>El tercer World Trade Center en Nueva York y un rascacielos de 80 pisos en el lugar donde estaban las antiguas Torres Gemelas.<\/li>\n<\/ul>\n<p>Y no podemos olvidarnos, de la Terminal 4 del Aeropuerto Adolfo Su\u00e1rez &#8211; Madrid Barajas, construida en acero y madera, y compuesta por tres edificios: la terminal, sat\u00e9lite y el aparcamiento.<\/p>\n<h2><strong>La nueva bodega <\/strong><\/h2>\n<p>Las magn\u00edficas instalaciones fueron dise\u00f1adas por el prestigioso estudio de arquitectura Rogers Stirk Habour + Partners liderado por Richard Rogers, con la colaboraci\u00f3n del bufete catal\u00e1n Alonso Balaguer y Arquitectos Asociados. <a href=\"https:\/\/www.bodegasprotos.com\/es\/arquitectura\/\">Se incorporaron 20.000m2 m\u00e1s de superficie con los mejores servicios<\/a>.<\/p>\n<p>La bodega de crianza ya existente est\u00e1 unida a la nueva, mediante una galer\u00eda subterr\u00e1nea de m\u00e1s de 2km, que se encuentra ubicada debajo del Castillo de Pe\u00f1afiel.<\/p>\n<p><img data-dominant-color=\"6d5442\" data-has-transparency=\"false\" style=\"--dominant-color: #6d5442;\" fetchpriority=\"high\" decoding=\"async\" class=\"aligncenter size-medium wp-image-41176 not-transparent\" src=\"https:\/\/www.bodegasprotos.com\/wp-content\/uploads\/2024\/10\/Galerias-subterraneas-300x300.webp\" alt=\"\" width=\"300\" height=\"300\" srcset=\"https:\/\/www.bodegasprotos.com\/wp-content\/uploads\/2024\/10\/Galerias-subterraneas-300x300.webp 300w, https:\/\/www.bodegasprotos.com\/wp-content\/uploads\/2024\/10\/Galerias-subterraneas-1024x1024.webp 1024w, https:\/\/www.bodegasprotos.com\/wp-content\/uploads\/2024\/10\/Galerias-subterraneas-150x150.webp 150w, https:\/\/www.bodegasprotos.com\/wp-content\/uploads\/2024\/10\/Galerias-subterraneas-768x768.webp 768w, https:\/\/www.bodegasprotos.com\/wp-content\/uploads\/2024\/10\/Galerias-subterraneas-1536x1536.webp 1536w, https:\/\/www.bodegasprotos.com\/wp-content\/uploads\/2024\/10\/Galerias-subterraneas-500x500.webp 500w, https:\/\/www.bodegasprotos.com\/wp-content\/uploads\/2024\/10\/Galerias-subterraneas-1000x1000.webp 1000w, https:\/\/www.bodegasprotos.com\/wp-content\/uploads\/2024\/10\/Galerias-subterraneas-jpg.webp 1948w\" sizes=\"(max-width: 300px) 100vw, 300px\" \/><\/p>\n<p>El nuevo edificio se asienta sobre el z\u00f3calo triangular que ocupa la totalidad del solar. Las cinco b\u00f3vedas parab\u00f3licas entrelazadas que descansan sobre grandes arcos de madera laminada se han revestido de piezas cer\u00e1micas de gran formato para crear una estructura articulada ligera.<\/p>\n<p>Su cubierta en cinco construcciones de distintos tama\u00f1os, se convierten en una aut\u00e9ntica se\u00f1a de identidad del edificio cuando se contempla desde el exterior.<\/p>\n<p><img data-dominant-color=\"83847d\" data-has-transparency=\"false\" style=\"--dominant-color: #83847d;\" decoding=\"async\" class=\"aligncenter size-medium wp-image-41163 not-transparent\" src=\"https:\/\/www.bodegasprotos.com\/wp-content\/uploads\/2024\/10\/Foto-Aerea_Protos-300x294.webp\" alt=\"\" width=\"300\" height=\"294\" srcset=\"https:\/\/www.bodegasprotos.com\/wp-content\/uploads\/2024\/10\/Foto-Aerea_Protos-300x294.webp 300w, https:\/\/www.bodegasprotos.com\/wp-content\/uploads\/2024\/10\/Foto-Aerea_Protos-1024x1002.webp 1024w, https:\/\/www.bodegasprotos.com\/wp-content\/uploads\/2024\/10\/Foto-Aerea_Protos-768x752.webp 768w, https:\/\/www.bodegasprotos.com\/wp-content\/uploads\/2024\/10\/Foto-Aerea_Protos-1536x1503.webp 1536w, https:\/\/www.bodegasprotos.com\/wp-content\/uploads\/2024\/10\/Foto-Aerea_Protos-2048x2004.webp 2048w\" sizes=\"(max-width: 300px) 100vw, 300px\" \/><\/p>\n<p>Toma la forma de estas piezas inconfundibles, adem\u00e1s de su mismo material. Al fin y al cabo, la arcilla es el mejor aislante natural ante el fr\u00edo y el calor. \u00bfpor qu\u00e9 no continuar utiliz\u00e1ndolo como lo hac\u00edan los antepasados de los actuales moradores del lugar?<\/p>\n<p>Este original homenaje a la tradici\u00f3n reinterpreta el modelo de construcci\u00f3n que segu\u00edan siglos atr\u00e1s las bodegas de la comarca.<\/p>\n<p>Esta forma modular rompe el volumen y escala global del edificio, creando una estructura que est\u00e1 en sinton\u00eda con los edificios adyacentes, el paisaje circundante e imita a barricas que nacen de la tierra.<\/p>\n<p><img data-dominant-color=\"957242\" data-has-transparency=\"false\" style=\"--dominant-color: #957242;\" decoding=\"async\" class=\"aligncenter size-medium wp-image-41169 not-transparent\" src=\"https:\/\/www.bodegasprotos.com\/wp-content\/uploads\/2024\/10\/INTERIOR-CON-ENOTURISTAS-300x200.webp\" alt=\"\" width=\"300\" height=\"200\" srcset=\"https:\/\/www.bodegasprotos.com\/wp-content\/uploads\/2024\/10\/INTERIOR-CON-ENOTURISTAS-300x200.webp 300w, https:\/\/www.bodegasprotos.com\/wp-content\/uploads\/2024\/10\/INTERIOR-CON-ENOTURISTAS-1024x683.webp 1024w, https:\/\/www.bodegasprotos.com\/wp-content\/uploads\/2024\/10\/INTERIOR-CON-ENOTURISTAS-768x512.webp 768w, https:\/\/www.bodegasprotos.com\/wp-content\/uploads\/2024\/10\/INTERIOR-CON-ENOTURISTAS-1536x1024.webp 1536w, https:\/\/www.bodegasprotos.com\/wp-content\/uploads\/2024\/10\/INTERIOR-CON-ENOTURISTAS-2048x1365.webp 2048w\" sizes=\"(max-width: 300px) 100vw, 300px\" \/><\/p>\n<p>La nueva bodega rinde tributo actualiz\u00e1ndolo, aunque sin renunciar a otros de sus elementos clave, como la madera y la piedra. Su interior se divide en dos niveles. El primero, que se sit\u00faa bajo el suelo, funciona como bodega; mientras que el otro, semi enterrado, se destina a la elaboraci\u00f3n de los famosos vinos.<\/p>\n<h3><strong>Tecnolog\u00eda y vanguardia<\/strong><\/h3>\n<p>El ambiente fresco necesario para almacenar el vino se crea mediante el uso eficaz de la masa t\u00e9rmica del subsuelo.<\/p>\n<p><img data-dominant-color=\"7b582d\" data-has-transparency=\"false\" style=\"--dominant-color: #7b582d;\" loading=\"lazy\" decoding=\"async\" class=\"aligncenter size-medium wp-image-41165 not-transparent\" src=\"https:\/\/www.bodegasprotos.com\/wp-content\/uploads\/2024\/10\/Imagen9-300x227.webp\" alt=\"\" width=\"300\" height=\"227\" srcset=\"https:\/\/www.bodegasprotos.com\/wp-content\/uploads\/2024\/10\/Imagen9-300x227.webp 300w, https:\/\/www.bodegasprotos.com\/wp-content\/uploads\/2024\/10\/Imagen9-1024x773.webp 1024w, https:\/\/www.bodegasprotos.com\/wp-content\/uploads\/2024\/10\/Imagen9-768x580.webp 768w, https:\/\/www.bodegasprotos.com\/wp-content\/uploads\/2024\/10\/Imagen9-jpg.webp 1500w\" sizes=\"(max-width: 300px) 100vw, 300px\" \/><\/p>\n<p>La fachada sur est\u00e1 protegida por un saliente de nueve metros de la cubierta que genera un espacio protegido para la selecci\u00f3n de la uva durante la vendimia<\/p>\n<p>Las fachadas este y oeste son s\u00f3lidas en su secci\u00f3n inferior y est\u00e1n formadas por paneles con un alto nivel de aislamiento y una capa ventilada exterior de tubos de aluminio horizontales.<\/p>\n<p><img data-dominant-color=\"857765\" data-has-transparency=\"false\" style=\"--dominant-color: #857765;\" loading=\"lazy\" decoding=\"async\" class=\"size-medium wp-image-41167 aligncenter not-transparent\" src=\"https:\/\/www.bodegasprotos.com\/wp-content\/uploads\/2024\/10\/instalaciones-protos-249x300.webp\" alt=\"\" width=\"249\" height=\"300\" srcset=\"https:\/\/www.bodegasprotos.com\/wp-content\/uploads\/2024\/10\/instalaciones-protos-249x300.webp 249w, https:\/\/www.bodegasprotos.com\/wp-content\/uploads\/2024\/10\/instalaciones-protos-850x1024.webp 850w, https:\/\/www.bodegasprotos.com\/wp-content\/uploads\/2024\/10\/instalaciones-protos-768x926.webp 768w, https:\/\/www.bodegasprotos.com\/wp-content\/uploads\/2024\/10\/instalaciones-protos-1275x1536.webp 1275w, https:\/\/www.bodegasprotos.com\/wp-content\/uploads\/2024\/10\/instalaciones-protos-1699x2048.webp 1699w\" sizes=\"(max-width: 249px) 100vw, 249px\" \/><\/p>\n<p>Un sistema mixto de aire aprovecha el clima continental, con altas temperaturas de d\u00eda y bajas de noche, y permite su refrigeraci\u00f3n de forma natural por la noche.<\/p>\n<p>El inmueble fue distinguido con el premio Civic Trust Awards 2010, por ser uno de los mejores dise\u00f1os concebidos desde los m\u00e1s diversos puntos de vista.<\/p>\n<p>En cuanto a sus bodegas de crianza, estas dan lugar a cerca de 2.5 kil\u00f3metros de t\u00faneles trazados bajo el Castillo de Pe\u00f1afi\u00adel, una forti\u00adficaci\u00f3n que data del siglo XV y que fue declarada Monumento Nacional en 1917.<\/p>\n<p><img data-dominant-color=\"65605c\" data-has-transparency=\"false\" style=\"--dominant-color: #65605c;\" loading=\"lazy\" decoding=\"async\" class=\"aligncenter size-medium wp-image-41174 not-transparent\" src=\"https:\/\/www.bodegasprotos.com\/wp-content\/uploads\/2024\/10\/bodegacastillo-300x219.webp\" alt=\"\" width=\"300\" height=\"219\" srcset=\"https:\/\/www.bodegasprotos.com\/wp-content\/uploads\/2024\/10\/bodegacastillo-300x219.webp 300w, https:\/\/www.bodegasprotos.com\/wp-content\/uploads\/2024\/10\/bodegacastillo-1024x747.webp 1024w, https:\/\/www.bodegasprotos.com\/wp-content\/uploads\/2024\/10\/bodegacastillo-768x560.webp 768w, https:\/\/www.bodegasprotos.com\/wp-content\/uploads\/2024\/10\/bodegacastillo-1536x1120.webp 1536w, https:\/\/www.bodegasprotos.com\/wp-content\/uploads\/2024\/10\/bodegacastillo-2048x1494.webp 2048w\" sizes=\"(max-width: 300px) 100vw, 300px\" \/><\/p>\n<p>Cuenta con dos bodegas m\u00e1s semi enterradas y barricas bordelesas de hasta cuatro a\u00f1os de edad. El 60% de esas barricas son francesas y el 40% restante, americanas.<\/p>\n","protected":false},"excerpt":{"rendered":"<p>El primer lunes del mes de octubre se celebra el D\u00eda Mundial de la Arquitectura. Celebrar este d\u00eda&#8230;<\/p>\n","protected":false},"author":3,"featured_media":41171,"comment_status":"closed","ping_status":"closed","sticky":false,"template":"","format":"standard","meta":{"_acf_changed":false,"footnotes":""},"categories":[87,1],"tags":[],"class_list":["post-41173","post","type-post","status-publish","format-standard","has-post-thumbnail","hentry","category-blog","category-general"],"acf":[],"yoast_head":"<!-- This site is optimized with the Yoast SEO plugin v27.5 - https:\/\/yoast.com\/product\/yoast-seo-wordpress\/ -->\n<title>Homenaje a Sir Richard Rogers por el D\u00eda de la Arquitectura - Bodegas Protos<\/title>\n<meta name=\"description\" content=\"El primer lunes del mes de octubre se celebra el D\u00eda Mundial de la Arquitectura. Celebrar este d\u00eda fue decisi\u00f3n de la Uni\u00f3n Internacional de Arquitectos y\" \/>\n<meta name=\"robots\" content=\"index, follow, max-snippet:-1, max-image-preview:large, max-video-preview:-1\" \/>\n<link rel=\"canonical\" href=\"https:\/\/www.bodegasprotos.com\/es\/blog\/homenaje-a-sir-richard-rogers-por-el-dia-de-la-arquitectura\/\" \/>\n<meta property=\"og:locale\" content=\"es_ES\" \/>\n<meta property=\"og:type\" content=\"article\" \/>\n<meta property=\"og:title\" content=\"Homenaje a Sir Richard Rogers por el D\u00eda de la Arquitectura - Bodegas Protos\" \/>\n<meta property=\"og:description\" content=\"El primer lunes del mes de octubre se celebra el D\u00eda Mundial de la Arquitectura. Celebrar este d\u00eda fue decisi\u00f3n de la Uni\u00f3n Internacional de Arquitectos y\" \/>\n<meta property=\"og:url\" content=\"https:\/\/www.bodegasprotos.com\/es\/blog\/homenaje-a-sir-richard-rogers-por-el-dia-de-la-arquitectura\/\" \/>\n<meta property=\"og:site_name\" content=\"Bodegas Protos\" \/>\n<meta property=\"article:publisher\" content=\"https:\/\/www.facebook.com\/BodegasProtos\" \/>\n<meta property=\"article:published_time\" content=\"2024-10-11T09:33:08+00:00\" \/>\n<meta property=\"og:image\" content=\"https:\/\/www.bodegasprotos.com\/wp-content\/uploads\/2024\/10\/Richard_Rogers_1_March_2016-jpg.webp\" \/>\n\t<meta property=\"og:image:width\" content=\"535\" \/>\n\t<meta property=\"og:image:height\" content=\"635\" \/>\n\t<meta property=\"og:image:type\" content=\"image\/jpeg\" \/>\n<meta name=\"author\" content=\"Bodegas Protos (F)\" \/>\n<meta name=\"twitter:card\" content=\"summary_large_image\" \/>\n<meta name=\"twitter:creator\" content=\"@Bodegas_Protos\" \/>\n<meta name=\"twitter:site\" content=\"@Bodegas_Protos\" \/>\n<meta name=\"twitter:label1\" content=\"Escrito por\" \/>\n\t<meta name=\"twitter:data1\" content=\"Bodegas Protos (F)\" \/>\n\t<meta name=\"twitter:label2\" content=\"Tiempo de lectura\" \/>\n\t<meta name=\"twitter:data2\" content=\"6 minutos\" \/>\n<script type=\"application\/ld+json\" class=\"yoast-schema-graph\">{\"@context\":\"https:\\\/\\\/schema.org\",\"@graph\":[{\"@type\":\"Article\",\"@id\":\"https:\\\/\\\/www.bodegasprotos.com\\\/es\\\/blog\\\/homenaje-a-sir-richard-rogers-por-el-dia-de-la-arquitectura\\\/#article\",\"isPartOf\":{\"@id\":\"https:\\\/\\\/www.bodegasprotos.com\\\/es\\\/blog\\\/homenaje-a-sir-richard-rogers-por-el-dia-de-la-arquitectura\\\/\"},\"author\":{\"name\":\"Bodegas Protos (F)\",\"@id\":\"https:\\\/\\\/www.bodegasprotos.com\\\/es\\\/#\\\/schema\\\/person\\\/6cb69a08afa14171755cee0df7d20027\"},\"headline\":\"Homenaje a Sir Richard Rogers por el D\u00eda de la Arquitectura\",\"datePublished\":\"2024-10-11T09:33:08+00:00\",\"mainEntityOfPage\":{\"@id\":\"https:\\\/\\\/www.bodegasprotos.com\\\/es\\\/blog\\\/homenaje-a-sir-richard-rogers-por-el-dia-de-la-arquitectura\\\/\"},\"wordCount\":1019,\"publisher\":{\"@id\":\"https:\\\/\\\/www.bodegasprotos.com\\\/es\\\/#organization\"},\"image\":{\"@id\":\"https:\\\/\\\/www.bodegasprotos.com\\\/es\\\/blog\\\/homenaje-a-sir-richard-rogers-por-el-dia-de-la-arquitectura\\\/#primaryimage\"},\"thumbnailUrl\":\"https:\\\/\\\/www.bodegasprotos.com\\\/wp-content\\\/uploads\\\/2024\\\/10\\\/Richard_Rogers_1_March_2016-jpg.webp\",\"articleSection\":[\"Blog\",\"General\"],\"inLanguage\":\"es\"},{\"@type\":\"WebPage\",\"@id\":\"https:\\\/\\\/www.bodegasprotos.com\\\/es\\\/blog\\\/homenaje-a-sir-richard-rogers-por-el-dia-de-la-arquitectura\\\/\",\"url\":\"https:\\\/\\\/www.bodegasprotos.com\\\/es\\\/blog\\\/homenaje-a-sir-richard-rogers-por-el-dia-de-la-arquitectura\\\/\",\"name\":\"Homenaje a Sir Richard Rogers por el D\u00eda de la Arquitectura - Bodegas Protos\",\"isPartOf\":{\"@id\":\"https:\\\/\\\/www.bodegasprotos.com\\\/es\\\/#website\"},\"primaryImageOfPage\":{\"@id\":\"https:\\\/\\\/www.bodegasprotos.com\\\/es\\\/blog\\\/homenaje-a-sir-richard-rogers-por-el-dia-de-la-arquitectura\\\/#primaryimage\"},\"image\":{\"@id\":\"https:\\\/\\\/www.bodegasprotos.com\\\/es\\\/blog\\\/homenaje-a-sir-richard-rogers-por-el-dia-de-la-arquitectura\\\/#primaryimage\"},\"thumbnailUrl\":\"https:\\\/\\\/www.bodegasprotos.com\\\/wp-content\\\/uploads\\\/2024\\\/10\\\/Richard_Rogers_1_March_2016-jpg.webp\",\"datePublished\":\"2024-10-11T09:33:08+00:00\",\"description\":\"El primer lunes del mes de octubre se celebra el D\u00eda Mundial de la Arquitectura. Celebrar este d\u00eda fue decisi\u00f3n de la Uni\u00f3n Internacional de Arquitectos y\",\"breadcrumb\":{\"@id\":\"https:\\\/\\\/www.bodegasprotos.com\\\/es\\\/blog\\\/homenaje-a-sir-richard-rogers-por-el-dia-de-la-arquitectura\\\/#breadcrumb\"},\"inLanguage\":\"es\",\"potentialAction\":[{\"@type\":\"ReadAction\",\"target\":[\"https:\\\/\\\/www.bodegasprotos.com\\\/es\\\/blog\\\/homenaje-a-sir-richard-rogers-por-el-dia-de-la-arquitectura\\\/\"]}]},{\"@type\":\"ImageObject\",\"inLanguage\":\"es\",\"@id\":\"https:\\\/\\\/www.bodegasprotos.com\\\/es\\\/blog\\\/homenaje-a-sir-richard-rogers-por-el-dia-de-la-arquitectura\\\/#primaryimage\",\"url\":\"https:\\\/\\\/www.bodegasprotos.com\\\/wp-content\\\/uploads\\\/2024\\\/10\\\/Richard_Rogers_1_March_2016-jpg.webp\",\"contentUrl\":\"https:\\\/\\\/www.bodegasprotos.com\\\/wp-content\\\/uploads\\\/2024\\\/10\\\/Richard_Rogers_1_March_2016-jpg.webp\",\"width\":535,\"height\":635},{\"@type\":\"BreadcrumbList\",\"@id\":\"https:\\\/\\\/www.bodegasprotos.com\\\/es\\\/blog\\\/homenaje-a-sir-richard-rogers-por-el-dia-de-la-arquitectura\\\/#breadcrumb\",\"itemListElement\":[{\"@type\":\"ListItem\",\"position\":1,\"name\":\"Portada\",\"item\":\"https:\\\/\\\/www.bodegasprotos.com\\\/es\\\/\"},{\"@type\":\"ListItem\",\"position\":2,\"name\":\"Homenaje a Sir Richard Rogers por el D\u00eda de la Arquitectura\"}]},{\"@type\":\"WebSite\",\"@id\":\"https:\\\/\\\/www.bodegasprotos.com\\\/es\\\/#website\",\"url\":\"https:\\\/\\\/www.bodegasprotos.com\\\/es\\\/\",\"name\":\"Bodegas Protos\",\"description\":\"Vinos de la Denominaci\u00f3n de Origen Ribera del Duero, Rueda y Cigales\",\"publisher\":{\"@id\":\"https:\\\/\\\/www.bodegasprotos.com\\\/es\\\/#organization\"},\"potentialAction\":[{\"@type\":\"SearchAction\",\"target\":{\"@type\":\"EntryPoint\",\"urlTemplate\":\"https:\\\/\\\/www.bodegasprotos.com\\\/es\\\/?s={search_term_string}\"},\"query-input\":{\"@type\":\"PropertyValueSpecification\",\"valueRequired\":true,\"valueName\":\"search_term_string\"}}],\"inLanguage\":\"es\"},{\"@type\":\"Organization\",\"@id\":\"https:\\\/\\\/www.bodegasprotos.com\\\/es\\\/#organization\",\"name\":\"Bodegas Protos\",\"url\":\"https:\\\/\\\/www.bodegasprotos.com\\\/es\\\/\",\"logo\":{\"@type\":\"ImageObject\",\"inLanguage\":\"es\",\"@id\":\"https:\\\/\\\/www.bodegasprotos.com\\\/es\\\/#\\\/schema\\\/logo\\\/image\\\/\",\"url\":\"https:\\\/\\\/www.bodegasprotos.com\\\/wp-content\\\/uploads\\\/2024\\\/06\\\/PROTOS-LOGOS-VERSIONES-13.png\",\"contentUrl\":\"https:\\\/\\\/www.bodegasprotos.com\\\/wp-content\\\/uploads\\\/2024\\\/06\\\/PROTOS-LOGOS-VERSIONES-13.png\",\"width\":2362,\"height\":2362,\"caption\":\"Bodegas Protos\"},\"image\":{\"@id\":\"https:\\\/\\\/www.bodegasprotos.com\\\/es\\\/#\\\/schema\\\/logo\\\/image\\\/\"},\"sameAs\":[\"https:\\\/\\\/www.facebook.com\\\/BodegasProtos\",\"https:\\\/\\\/x.com\\\/Bodegas_Protos\",\"https:\\\/\\\/www.instagram.com\\\/bodegasprotosoficial\\\/\",\"https:\\\/\\\/www.linkedin.com\\\/company\\\/bodegasprotos\\\/\",\"https:\\\/\\\/pinterest.com\\\/BodegasProtos\\\/\",\"http:\\\/\\\/www.youtube.com\\\/user\\\/BodegasProtos\",\"https:\\\/\\\/es.wikipedia.org\\\/wiki\\\/Bodegas_Protos\"]},{\"@type\":\"Person\",\"@id\":\"https:\\\/\\\/www.bodegasprotos.com\\\/es\\\/#\\\/schema\\\/person\\\/6cb69a08afa14171755cee0df7d20027\",\"name\":\"Bodegas Protos (F)\",\"image\":{\"@type\":\"ImageObject\",\"inLanguage\":\"es\",\"@id\":\"https:\\\/\\\/secure.gravatar.com\\\/avatar\\\/cc613a9fd2ee203f402357c1b4aa2b7c041016cbf1eab1e41bde410b2ebd7f94?s=96&d=mm&r=g\",\"url\":\"https:\\\/\\\/secure.gravatar.com\\\/avatar\\\/cc613a9fd2ee203f402357c1b4aa2b7c041016cbf1eab1e41bde410b2ebd7f94?s=96&d=mm&r=g\",\"contentUrl\":\"https:\\\/\\\/secure.gravatar.com\\\/avatar\\\/cc613a9fd2ee203f402357c1b4aa2b7c041016cbf1eab1e41bde410b2ebd7f94?s=96&d=mm&r=g\",\"caption\":\"Bodegas Protos (F)\"},\"sameAs\":[\"https:\\\/\\\/www.bodegasprotos.com\"]}]}<\/script>\n<!-- \/ Yoast SEO plugin. -->","yoast_head_json":{"title":"Homenaje a Sir Richard Rogers por el D\u00eda de la Arquitectura - Bodegas Protos","description":"El primer lunes del mes de octubre se celebra el D\u00eda Mundial de la Arquitectura. Celebrar este d\u00eda fue decisi\u00f3n de la Uni\u00f3n Internacional de Arquitectos y","robots":{"index":"index","follow":"follow","max-snippet":"max-snippet:-1","max-image-preview":"max-image-preview:large","max-video-preview":"max-video-preview:-1"},"canonical":"https:\/\/www.bodegasprotos.com\/es\/blog\/homenaje-a-sir-richard-rogers-por-el-dia-de-la-arquitectura\/","og_locale":"es_ES","og_type":"article","og_title":"Homenaje a Sir Richard Rogers por el D\u00eda de la Arquitectura - Bodegas Protos","og_description":"El primer lunes del mes de octubre se celebra el D\u00eda Mundial de la Arquitectura. Celebrar este d\u00eda fue decisi\u00f3n de la Uni\u00f3n Internacional de Arquitectos y","og_url":"https:\/\/www.bodegasprotos.com\/es\/blog\/homenaje-a-sir-richard-rogers-por-el-dia-de-la-arquitectura\/","og_site_name":"Bodegas Protos","article_publisher":"https:\/\/www.facebook.com\/BodegasProtos","article_published_time":"2024-10-11T09:33:08+00:00","og_image":[{"width":535,"height":635,"url":"https:\/\/www.bodegasprotos.com\/wp-content\/uploads\/2024\/10\/Richard_Rogers_1_March_2016-jpg.webp","type":"image\/jpeg"}],"author":"Bodegas Protos (F)","twitter_card":"summary_large_image","twitter_creator":"@Bodegas_Protos","twitter_site":"@Bodegas_Protos","twitter_misc":{"Escrito por":"Bodegas Protos (F)","Tiempo de lectura":"6 minutos"},"schema":{"@context":"https:\/\/schema.org","@graph":[{"@type":"Article","@id":"https:\/\/www.bodegasprotos.com\/es\/blog\/homenaje-a-sir-richard-rogers-por-el-dia-de-la-arquitectura\/#article","isPartOf":{"@id":"https:\/\/www.bodegasprotos.com\/es\/blog\/homenaje-a-sir-richard-rogers-por-el-dia-de-la-arquitectura\/"},"author":{"name":"Bodegas Protos (F)","@id":"https:\/\/www.bodegasprotos.com\/es\/#\/schema\/person\/6cb69a08afa14171755cee0df7d20027"},"headline":"Homenaje a Sir Richard Rogers por el D\u00eda de la Arquitectura","datePublished":"2024-10-11T09:33:08+00:00","mainEntityOfPage":{"@id":"https:\/\/www.bodegasprotos.com\/es\/blog\/homenaje-a-sir-richard-rogers-por-el-dia-de-la-arquitectura\/"},"wordCount":1019,"publisher":{"@id":"https:\/\/www.bodegasprotos.com\/es\/#organization"},"image":{"@id":"https:\/\/www.bodegasprotos.com\/es\/blog\/homenaje-a-sir-richard-rogers-por-el-dia-de-la-arquitectura\/#primaryimage"},"thumbnailUrl":"https:\/\/www.bodegasprotos.com\/wp-content\/uploads\/2024\/10\/Richard_Rogers_1_March_2016-jpg.webp","articleSection":["Blog","General"],"inLanguage":"es"},{"@type":"WebPage","@id":"https:\/\/www.bodegasprotos.com\/es\/blog\/homenaje-a-sir-richard-rogers-por-el-dia-de-la-arquitectura\/","url":"https:\/\/www.bodegasprotos.com\/es\/blog\/homenaje-a-sir-richard-rogers-por-el-dia-de-la-arquitectura\/","name":"Homenaje a Sir Richard Rogers por el D\u00eda de la Arquitectura - Bodegas Protos","isPartOf":{"@id":"https:\/\/www.bodegasprotos.com\/es\/#website"},"primaryImageOfPage":{"@id":"https:\/\/www.bodegasprotos.com\/es\/blog\/homenaje-a-sir-richard-rogers-por-el-dia-de-la-arquitectura\/#primaryimage"},"image":{"@id":"https:\/\/www.bodegasprotos.com\/es\/blog\/homenaje-a-sir-richard-rogers-por-el-dia-de-la-arquitectura\/#primaryimage"},"thumbnailUrl":"https:\/\/www.bodegasprotos.com\/wp-content\/uploads\/2024\/10\/Richard_Rogers_1_March_2016-jpg.webp","datePublished":"2024-10-11T09:33:08+00:00","description":"El primer lunes del mes de octubre se celebra el D\u00eda Mundial de la Arquitectura. Celebrar este d\u00eda fue decisi\u00f3n de la Uni\u00f3n Internacional de Arquitectos y","breadcrumb":{"@id":"https:\/\/www.bodegasprotos.com\/es\/blog\/homenaje-a-sir-richard-rogers-por-el-dia-de-la-arquitectura\/#breadcrumb"},"inLanguage":"es","potentialAction":[{"@type":"ReadAction","target":["https:\/\/www.bodegasprotos.com\/es\/blog\/homenaje-a-sir-richard-rogers-por-el-dia-de-la-arquitectura\/"]}]},{"@type":"ImageObject","inLanguage":"es","@id":"https:\/\/www.bodegasprotos.com\/es\/blog\/homenaje-a-sir-richard-rogers-por-el-dia-de-la-arquitectura\/#primaryimage","url":"https:\/\/www.bodegasprotos.com\/wp-content\/uploads\/2024\/10\/Richard_Rogers_1_March_2016-jpg.webp","contentUrl":"https:\/\/www.bodegasprotos.com\/wp-content\/uploads\/2024\/10\/Richard_Rogers_1_March_2016-jpg.webp","width":535,"height":635},{"@type":"BreadcrumbList","@id":"https:\/\/www.bodegasprotos.com\/es\/blog\/homenaje-a-sir-richard-rogers-por-el-dia-de-la-arquitectura\/#breadcrumb","itemListElement":[{"@type":"ListItem","position":1,"name":"Portada","item":"https:\/\/www.bodegasprotos.com\/es\/"},{"@type":"ListItem","position":2,"name":"Homenaje a Sir Richard Rogers por el D\u00eda de la Arquitectura"}]},{"@type":"WebSite","@id":"https:\/\/www.bodegasprotos.com\/es\/#website","url":"https:\/\/www.bodegasprotos.com\/es\/","name":"Bodegas Protos","description":"Vinos de la Denominaci\u00f3n de Origen Ribera del Duero, Rueda y Cigales","publisher":{"@id":"https:\/\/www.bodegasprotos.com\/es\/#organization"},"potentialAction":[{"@type":"SearchAction","target":{"@type":"EntryPoint","urlTemplate":"https:\/\/www.bodegasprotos.com\/es\/?s={search_term_string}"},"query-input":{"@type":"PropertyValueSpecification","valueRequired":true,"valueName":"search_term_string"}}],"inLanguage":"es"},{"@type":"Organization","@id":"https:\/\/www.bodegasprotos.com\/es\/#organization","name":"Bodegas Protos","url":"https:\/\/www.bodegasprotos.com\/es\/","logo":{"@type":"ImageObject","inLanguage":"es","@id":"https:\/\/www.bodegasprotos.com\/es\/#\/schema\/logo\/image\/","url":"https:\/\/www.bodegasprotos.com\/wp-content\/uploads\/2024\/06\/PROTOS-LOGOS-VERSIONES-13.png","contentUrl":"https:\/\/www.bodegasprotos.com\/wp-content\/uploads\/2024\/06\/PROTOS-LOGOS-VERSIONES-13.png","width":2362,"height":2362,"caption":"Bodegas Protos"},"image":{"@id":"https:\/\/www.bodegasprotos.com\/es\/#\/schema\/logo\/image\/"},"sameAs":["https:\/\/www.facebook.com\/BodegasProtos","https:\/\/x.com\/Bodegas_Protos","https:\/\/www.instagram.com\/bodegasprotosoficial\/","https:\/\/www.linkedin.com\/company\/bodegasprotos\/","https:\/\/pinterest.com\/BodegasProtos\/","http:\/\/www.youtube.com\/user\/BodegasProtos","https:\/\/es.wikipedia.org\/wiki\/Bodegas_Protos"]},{"@type":"Person","@id":"https:\/\/www.bodegasprotos.com\/es\/#\/schema\/person\/6cb69a08afa14171755cee0df7d20027","name":"Bodegas Protos (F)","image":{"@type":"ImageObject","inLanguage":"es","@id":"https:\/\/secure.gravatar.com\/avatar\/cc613a9fd2ee203f402357c1b4aa2b7c041016cbf1eab1e41bde410b2ebd7f94?s=96&d=mm&r=g","url":"https:\/\/secure.gravatar.com\/avatar\/cc613a9fd2ee203f402357c1b4aa2b7c041016cbf1eab1e41bde410b2ebd7f94?s=96&d=mm&r=g","contentUrl":"https:\/\/secure.gravatar.com\/avatar\/cc613a9fd2ee203f402357c1b4aa2b7c041016cbf1eab1e41bde410b2ebd7f94?s=96&d=mm&r=g","caption":"Bodegas Protos (F)"},"sameAs":["https:\/\/www.bodegasprotos.com"]}]}},"_links":{"self":[{"href":"https:\/\/www.bodegasprotos.com\/es\/wp-json\/wp\/v2\/posts\/41173","targetHints":{"allow":["GET"]}}],"collection":[{"href":"https:\/\/www.bodegasprotos.com\/es\/wp-json\/wp\/v2\/posts"}],"about":[{"href":"https:\/\/www.bodegasprotos.com\/es\/wp-json\/wp\/v2\/types\/post"}],"author":[{"embeddable":true,"href":"https:\/\/www.bodegasprotos.com\/es\/wp-json\/wp\/v2\/users\/3"}],"replies":[{"embeddable":true,"href":"https:\/\/www.bodegasprotos.com\/es\/wp-json\/wp\/v2\/comments?post=41173"}],"version-history":[{"count":0,"href":"https:\/\/www.bodegasprotos.com\/es\/wp-json\/wp\/v2\/posts\/41173\/revisions"}],"wp:featuredmedia":[{"embeddable":true,"href":"https:\/\/www.bodegasprotos.com\/es\/wp-json\/wp\/v2\/media\/41171"}],"wp:attachment":[{"href":"https:\/\/www.bodegasprotos.com\/es\/wp-json\/wp\/v2\/media?parent=41173"}],"wp:term":[{"taxonomy":"category","embeddable":true,"href":"https:\/\/www.bodegasprotos.com\/es\/wp-json\/wp\/v2\/categories?post=41173"},{"taxonomy":"post_tag","embeddable":true,"href":"https:\/\/www.bodegasprotos.com\/es\/wp-json\/wp\/v2\/tags?post=41173"}],"curies":[{"name":"wp","href":"https:\/\/api.w.org\/{rel}","templated":true}]}}