{"id":40454,"date":"2024-05-24T11:34:44","date_gmt":"2024-05-24T09:34:44","guid":{"rendered":"https:\/\/www.bodegasprotos.com\/?p=40454"},"modified":"2024-05-24T14:46:43","modified_gmt":"2024-05-24T12:46:43","slug":"los-vinos-favoritos-de-dracula","status":"publish","type":"post","link":"https:\/\/www.bodegasprotos.com\/es\/general\/los-vinos-favoritos-de-dracula\/","title":{"rendered":"Los vinos favoritos de Dr\u00e1cula"},"content":{"rendered":"<p>Para los amantes de la literatura y el cine de terror, el d\u00eda 26 de mayo es un d\u00eda se\u00f1alado en el calendario. \u00bfpor qu\u00e9? porque se celebra el D\u00eda Mundial de Dr\u00e1cula y nosotros, desde Protos, queremos sumarnos habl\u00e1ndote de su relaci\u00f3n con el mundo del vino.<\/p>\n<p><img fetchpriority=\"high\" decoding=\"async\" class=\"aligncenter wp-image-40459 size-medium\" src=\"https:\/\/www.bodegasprotos.com\/wp-content\/uploads\/2024\/05\/Gianni_Lunadei_interpretando_al_Conde_Dracula-1-220x300.jpg\" alt=\"\" width=\"220\" height=\"300\" srcset=\"https:\/\/www.bodegasprotos.com\/wp-content\/uploads\/2024\/05\/Gianni_Lunadei_interpretando_al_Conde_Dracula-1-220x300.jpg 220w, https:\/\/www.bodegasprotos.com\/wp-content\/uploads\/2024\/05\/Gianni_Lunadei_interpretando_al_Conde_Dracula-1.jpg 324w\" sizes=\"(max-width: 220px) 100vw, 220px\" \/><\/p>\n<p>Para vincular a Dr\u00e1cula con el vino, tenemos primero que contextualizar\u2026 ya que el vampiro m\u00e1s famoso de todos los tiempos surge de la imaginaci\u00f3n del novelista irland\u00e9s Bram Stoker, quien se bas\u00f3 en el pr\u00edncipe Vlad III de Valaquia para construir el personaje de Dr\u00e1cula.<\/p>\n<h2><strong>Vlad III El Empalador<\/strong><\/h2>\n<p>Vlad III ten\u00eda el apodo de El Empalador, ya que era tal su crueldad, que torturaba a sus enemigos y personas que le traicionaban, empal\u00e1ndolos. Se cree que un total de 100.000 personas fueron empaladas.<\/p>\n<p>Adem\u00e1s, se dice que existen grabados en los que se puede ver a Vlad III El Empapador, mojando pan en un cuenco, con la sangre de sus v\u00edctimas.<\/p>\n<p>As\u00ed, es normal que Stoker crear\u00e1 su personaje asoci\u00e1ndolo al vampirismo.<\/p>\n<div id=\"attachment_40457\" style=\"width: 228px\" class=\"wp-caption aligncenter\"><img decoding=\"async\" aria-describedby=\"caption-attachment-40457\" class=\"wp-image-40457 size-medium\" src=\"https:\/\/www.bodegasprotos.com\/wp-content\/uploads\/2024\/05\/vlad-tepes-001-a9045f-small-218x300.jpg\" alt=\"\" width=\"218\" height=\"300\" srcset=\"https:\/\/www.bodegasprotos.com\/wp-content\/uploads\/2024\/05\/vlad-tepes-001-a9045f-small-218x300.jpg 218w, https:\/\/www.bodegasprotos.com\/wp-content\/uploads\/2024\/05\/vlad-tepes-001-a9045f-small.jpg 443w\" sizes=\"(max-width: 218px) 100vw, 218px\" \/><p id=\"caption-attachment-40457\" class=\"wp-caption-text\">Vlad III El Empalador<\/p><\/div>\n<p>Dr\u00e1cula significa hijo de Dr\u00e1cul, que era el nombre de su padre, integrante de la Orden del Drag\u00f3n, que, a su vez, hab\u00eda sido creada por el rey Segismundo I de Luxemburgo. La vestimenta era una capa negra. Asimismo, la palabra rumana Dr\u00e1cul significa diablo.<\/p>\n<p>Todo esto son pistas que nos hacen entender c\u00f3mo Bram Stoker configur\u00f3 este m\u00edtico personaje de ficci\u00f3n.<\/p>\n<p>Aunque realmente se desconoce d\u00f3nde vivi\u00f3 Vlad III, lo que s\u00ed es cierto es que se le vincula con el Castillo de Bran, situado cerca de Brasov en Transilvania, actualmente uno de los destinos tur\u00edsticos m\u00e1s importantes de Rumania.<\/p>\n<p>Tambi\u00e9n, algunos apuntan que su verdadera residencia fue el castillo de Poenari, un lugar que actualmente, est\u00e1 parcialmente, en ruinas\u2026<\/p>\n<p>Como ves, los misterios entorno a este personaje siguen existiendo\u2026<\/p>\n<h2><strong>\u00bfY s\u00ed Dr\u00e1cula era m\u00e1s dulce de lo que pensamos?<\/strong><\/h2>\n<p>La novela de Bram Stoker vio la luz en 1897 y sabemos que, en 1630, naci\u00f3 el vino Tokaji, un vino blanco dulce, considerado bebida de reyes.<\/p>\n<p>Este vino surgi\u00f3 gracias a la condesa h\u00fangara Susana Lor\u00e1ntffy (1600\u20131660). La condesa era la esposa de Jorge R\u00e1k\u00f3czi I, Pr\u00edncipe de Transilvania, y due\u00f1a de las tierras y vi\u00f1edos, adem\u00e1s se encargaba personalmente de cuidarlos.<\/p>\n<p>Se cuenta que las guerras contra los turcos y germ\u00e1nicos propiciaron que la cosecha del a\u00f1o 1630 se pospusiera hasta noviembre, creando as\u00ed el sabor m\u00e1s dulce de las variedades utilizadas para este vino.<\/p>\n<p>Y es que lo peculiar de esta clase de vino es que est\u00e1 elaborado con uvas con botritis, llamado \u201cpodredumbre noble\u201d.<\/p>\n<p>La Botrytis cinerea es un hongo microsc\u00f3pico que afecta a las uvas y que bajo ciertas condiciones muy determinadas dan lugar a vinos incre\u00edbles.<\/p>\n<p>El vino de Tokaj es un vino color \u00e1mbar que est\u00e1 elaborado con la mezcla de un vino seco blanco, el cual se ha elaborado con anterioridad, al que se le a\u00f1ade una pasta densa muy dulce y concentrada, que es el resultado de la prensi\u00f3n de las uvas con botritis. Esta es llamada Asz\u00fa.<\/p>\n<div id=\"attachment_40462\" style=\"width: 310px\" class=\"wp-caption aligncenter\"><img decoding=\"async\" aria-describedby=\"caption-attachment-40462\" class=\"wp-image-40462 size-medium\" src=\"https:\/\/www.bodegasprotos.com\/wp-content\/uploads\/2024\/05\/Tokaji_Tasting-300x199.jpg\" alt=\"\" width=\"300\" height=\"199\" srcset=\"https:\/\/www.bodegasprotos.com\/wp-content\/uploads\/2024\/05\/Tokaji_Tasting-300x199.jpg 300w, https:\/\/www.bodegasprotos.com\/wp-content\/uploads\/2024\/05\/Tokaji_Tasting-1024x681.jpg 1024w, https:\/\/www.bodegasprotos.com\/wp-content\/uploads\/2024\/05\/Tokaji_Tasting-768x511.jpg 768w, https:\/\/www.bodegasprotos.com\/wp-content\/uploads\/2024\/05\/Tokaji_Tasting-1536x1021.jpg 1536w, https:\/\/www.bodegasprotos.com\/wp-content\/uploads\/2024\/05\/Tokaji_Tasting-2048x1362.jpg 2048w\" sizes=\"(max-width: 300px) 100vw, 300px\" \/><p id=\"caption-attachment-40462\" class=\"wp-caption-text\">Fuente: clubvino. Tokaji<\/p><\/div>\n<p>As\u00ed que, bas\u00e1ndonos en los hechos cronol\u00f3gicos, sin duda, Dr\u00e1cula era bebedor de este tipo de vino. Cuesta creer que un ser tan sangriento podr\u00eda tener un punto dulz\u00f3n\u2026<\/p>\n<p>Pero,\u00a0 quiz\u00e1s, en vez de decantarse por el Tokaji, prefer\u00eda seducir a sus v\u00edctimas con una copa de un vino espumoso como los que se elaboran en la m\u00edtica bodega de Rin&amp;co, fundada en 1892 y la m\u00e1s antigua en producir vino espumoso de Rumania.<\/p>\n<p>Sea cual sea su elecci\u00f3n, seguro que Dr\u00e1cula era un buen bebedor de vinos y no es de extra\u00f1ar, dada la tradici\u00f3n vitivin\u00edcola de Rumania.<\/p>\n<p>\u00bfA qu\u00e9 te han entrado ganas de volver a leer o ver este cl\u00e1sico del cine de terror? disfruta cualquiera de estos dos planes con una buena copa de nuestro <a href=\"https:\/\/www.bodegasprotos.com\/es\/vino\/crianza\/\">Protos Crianza<\/a>.<\/p>\n","protected":false},"excerpt":{"rendered":"<p>Para los amantes de la literatura y el cine de terror, el d\u00eda 26 de mayo es un&#8230;<\/p>\n","protected":false},"author":3,"featured_media":40467,"comment_status":"closed","ping_status":"closed","sticky":false,"template":"","format":"standard","meta":{"_acf_changed":false,"footnotes":""},"categories":[87,1],"tags":[],"class_list":["post-40454","post","type-post","status-publish","format-standard","has-post-thumbnail","hentry","category-blog","category-general"],"acf":[],"yoast_head":"<!-- This site is optimized with the Yoast SEO plugin v27.5 - https:\/\/yoast.com\/product\/yoast-seo-wordpress\/ -->\n<title>Los vinos favoritos de Dr\u00e1cula - Bodegas Protos<\/title>\n<meta name=\"description\" content=\"Para los amantes de la literatura y el cine de terror, el d\u00eda 26 de mayo es un d\u00eda se\u00f1alado en el calendario. \u00bfpor qu\u00e9? porque se celebra el D\u00eda Mundial\" \/>\n<meta name=\"robots\" content=\"index, follow, max-snippet:-1, max-image-preview:large, max-video-preview:-1\" \/>\n<link rel=\"canonical\" href=\"https:\/\/www.bodegasprotos.com\/es\/general\/los-vinos-favoritos-de-dracula\/\" \/>\n<meta property=\"og:locale\" content=\"es_ES\" \/>\n<meta property=\"og:type\" content=\"article\" \/>\n<meta property=\"og:title\" content=\"Los vinos favoritos de Dr\u00e1cula - Bodegas Protos\" \/>\n<meta property=\"og:description\" content=\"Para los amantes de la literatura y el cine de terror, el d\u00eda 26 de mayo es un d\u00eda se\u00f1alado en el calendario. \u00bfpor qu\u00e9? porque se celebra el D\u00eda Mundial\" \/>\n<meta property=\"og:url\" content=\"https:\/\/www.bodegasprotos.com\/es\/general\/los-vinos-favoritos-de-dracula\/\" \/>\n<meta property=\"og:site_name\" content=\"Bodegas Protos\" \/>\n<meta property=\"article:publisher\" content=\"https:\/\/www.facebook.com\/BodegasProtos\" \/>\n<meta property=\"article:published_time\" content=\"2024-05-24T09:34:44+00:00\" \/>\n<meta property=\"article:modified_time\" content=\"2024-05-24T12:46:43+00:00\" \/>\n<meta property=\"og:image\" content=\"https:\/\/www.bodegasprotos.com\/wp-content\/uploads\/2024\/05\/4081041747_e70972e303_o-scaled.jpg\" \/>\n\t<meta property=\"og:image:width\" content=\"2560\" \/>\n\t<meta property=\"og:image:height\" content=\"1707\" \/>\n\t<meta property=\"og:image:type\" content=\"image\/jpeg\" \/>\n<meta name=\"author\" content=\"Bodegas Protos (F)\" \/>\n<meta name=\"twitter:card\" content=\"summary_large_image\" \/>\n<meta name=\"twitter:creator\" content=\"@Bodegas_Protos\" \/>\n<meta name=\"twitter:site\" content=\"@Bodegas_Protos\" \/>\n<meta name=\"twitter:label1\" content=\"Escrito por\" \/>\n\t<meta name=\"twitter:data1\" content=\"Bodegas Protos (F)\" \/>\n\t<meta name=\"twitter:label2\" content=\"Tiempo de lectura\" \/>\n\t<meta name=\"twitter:data2\" content=\"4 minutos\" \/>\n<script type=\"application\/ld+json\" class=\"yoast-schema-graph\">{\"@context\":\"https:\\\/\\\/schema.org\",\"@graph\":[{\"@type\":\"Article\",\"@id\":\"https:\\\/\\\/www.bodegasprotos.com\\\/es\\\/general\\\/los-vinos-favoritos-de-dracula\\\/#article\",\"isPartOf\":{\"@id\":\"https:\\\/\\\/www.bodegasprotos.com\\\/es\\\/general\\\/los-vinos-favoritos-de-dracula\\\/\"},\"author\":{\"name\":\"Bodegas Protos (F)\",\"@id\":\"https:\\\/\\\/www.bodegasprotos.com\\\/es\\\/#\\\/schema\\\/person\\\/6cb69a08afa14171755cee0df7d20027\"},\"headline\":\"Los vinos favoritos de Dr\u00e1cula\",\"datePublished\":\"2024-05-24T09:34:44+00:00\",\"dateModified\":\"2024-05-24T12:46:43+00:00\",\"mainEntityOfPage\":{\"@id\":\"https:\\\/\\\/www.bodegasprotos.com\\\/es\\\/general\\\/los-vinos-favoritos-de-dracula\\\/\"},\"wordCount\":726,\"publisher\":{\"@id\":\"https:\\\/\\\/www.bodegasprotos.com\\\/es\\\/#organization\"},\"image\":{\"@id\":\"https:\\\/\\\/www.bodegasprotos.com\\\/es\\\/general\\\/los-vinos-favoritos-de-dracula\\\/#primaryimage\"},\"thumbnailUrl\":\"https:\\\/\\\/www.bodegasprotos.com\\\/wp-content\\\/uploads\\\/2024\\\/05\\\/4081041747_e70972e303_o-scaled.jpg\",\"articleSection\":[\"Blog\",\"General\"],\"inLanguage\":\"es\"},{\"@type\":\"WebPage\",\"@id\":\"https:\\\/\\\/www.bodegasprotos.com\\\/es\\\/general\\\/los-vinos-favoritos-de-dracula\\\/\",\"url\":\"https:\\\/\\\/www.bodegasprotos.com\\\/es\\\/general\\\/los-vinos-favoritos-de-dracula\\\/\",\"name\":\"Los vinos favoritos de Dr\u00e1cula - Bodegas Protos\",\"isPartOf\":{\"@id\":\"https:\\\/\\\/www.bodegasprotos.com\\\/es\\\/#website\"},\"primaryImageOfPage\":{\"@id\":\"https:\\\/\\\/www.bodegasprotos.com\\\/es\\\/general\\\/los-vinos-favoritos-de-dracula\\\/#primaryimage\"},\"image\":{\"@id\":\"https:\\\/\\\/www.bodegasprotos.com\\\/es\\\/general\\\/los-vinos-favoritos-de-dracula\\\/#primaryimage\"},\"thumbnailUrl\":\"https:\\\/\\\/www.bodegasprotos.com\\\/wp-content\\\/uploads\\\/2024\\\/05\\\/4081041747_e70972e303_o-scaled.jpg\",\"datePublished\":\"2024-05-24T09:34:44+00:00\",\"dateModified\":\"2024-05-24T12:46:43+00:00\",\"description\":\"Para los amantes de la literatura y el cine de terror, el d\u00eda 26 de mayo es un d\u00eda se\u00f1alado en el calendario. \u00bfpor qu\u00e9? porque se celebra el D\u00eda Mundial\",\"breadcrumb\":{\"@id\":\"https:\\\/\\\/www.bodegasprotos.com\\\/es\\\/general\\\/los-vinos-favoritos-de-dracula\\\/#breadcrumb\"},\"inLanguage\":\"es\",\"potentialAction\":[{\"@type\":\"ReadAction\",\"target\":[\"https:\\\/\\\/www.bodegasprotos.com\\\/es\\\/general\\\/los-vinos-favoritos-de-dracula\\\/\"]}]},{\"@type\":\"ImageObject\",\"inLanguage\":\"es\",\"@id\":\"https:\\\/\\\/www.bodegasprotos.com\\\/es\\\/general\\\/los-vinos-favoritos-de-dracula\\\/#primaryimage\",\"url\":\"https:\\\/\\\/www.bodegasprotos.com\\\/wp-content\\\/uploads\\\/2024\\\/05\\\/4081041747_e70972e303_o-scaled.jpg\",\"contentUrl\":\"https:\\\/\\\/www.bodegasprotos.com\\\/wp-content\\\/uploads\\\/2024\\\/05\\\/4081041747_e70972e303_o-scaled.jpg\",\"width\":2560,\"height\":1707,\"caption\":\"https:\\\/\\\/www.flickr.com\\\/photos\\\/kyletaylor\\\/\"},{\"@type\":\"BreadcrumbList\",\"@id\":\"https:\\\/\\\/www.bodegasprotos.com\\\/es\\\/general\\\/los-vinos-favoritos-de-dracula\\\/#breadcrumb\",\"itemListElement\":[{\"@type\":\"ListItem\",\"position\":1,\"name\":\"Portada\",\"item\":\"https:\\\/\\\/www.bodegasprotos.com\\\/es\\\/\"},{\"@type\":\"ListItem\",\"position\":2,\"name\":\"Los vinos favoritos de Dr\u00e1cula\"}]},{\"@type\":\"WebSite\",\"@id\":\"https:\\\/\\\/www.bodegasprotos.com\\\/es\\\/#website\",\"url\":\"https:\\\/\\\/www.bodegasprotos.com\\\/es\\\/\",\"name\":\"Bodegas Protos\",\"description\":\"Vinos de la Denominaci\u00f3n de Origen Ribera del Duero, Rueda y Cigales\",\"publisher\":{\"@id\":\"https:\\\/\\\/www.bodegasprotos.com\\\/es\\\/#organization\"},\"potentialAction\":[{\"@type\":\"SearchAction\",\"target\":{\"@type\":\"EntryPoint\",\"urlTemplate\":\"https:\\\/\\\/www.bodegasprotos.com\\\/es\\\/?s={search_term_string}\"},\"query-input\":{\"@type\":\"PropertyValueSpecification\",\"valueRequired\":true,\"valueName\":\"search_term_string\"}}],\"inLanguage\":\"es\"},{\"@type\":\"Organization\",\"@id\":\"https:\\\/\\\/www.bodegasprotos.com\\\/es\\\/#organization\",\"name\":\"Bodegas Protos\",\"url\":\"https:\\\/\\\/www.bodegasprotos.com\\\/es\\\/\",\"logo\":{\"@type\":\"ImageObject\",\"inLanguage\":\"es\",\"@id\":\"https:\\\/\\\/www.bodegasprotos.com\\\/es\\\/#\\\/schema\\\/logo\\\/image\\\/\",\"url\":\"https:\\\/\\\/www.bodegasprotos.com\\\/wp-content\\\/uploads\\\/2024\\\/06\\\/PROTOS-LOGOS-VERSIONES-13.png\",\"contentUrl\":\"https:\\\/\\\/www.bodegasprotos.com\\\/wp-content\\\/uploads\\\/2024\\\/06\\\/PROTOS-LOGOS-VERSIONES-13.png\",\"width\":2362,\"height\":2362,\"caption\":\"Bodegas Protos\"},\"image\":{\"@id\":\"https:\\\/\\\/www.bodegasprotos.com\\\/es\\\/#\\\/schema\\\/logo\\\/image\\\/\"},\"sameAs\":[\"https:\\\/\\\/www.facebook.com\\\/BodegasProtos\",\"https:\\\/\\\/x.com\\\/Bodegas_Protos\",\"https:\\\/\\\/www.instagram.com\\\/bodegasprotosoficial\\\/\",\"https:\\\/\\\/www.linkedin.com\\\/company\\\/bodegasprotos\\\/\",\"https:\\\/\\\/pinterest.com\\\/BodegasProtos\\\/\",\"http:\\\/\\\/www.youtube.com\\\/user\\\/BodegasProtos\",\"https:\\\/\\\/es.wikipedia.org\\\/wiki\\\/Bodegas_Protos\"]},{\"@type\":\"Person\",\"@id\":\"https:\\\/\\\/www.bodegasprotos.com\\\/es\\\/#\\\/schema\\\/person\\\/6cb69a08afa14171755cee0df7d20027\",\"name\":\"Bodegas Protos (F)\",\"image\":{\"@type\":\"ImageObject\",\"inLanguage\":\"es\",\"@id\":\"https:\\\/\\\/secure.gravatar.com\\\/avatar\\\/cc613a9fd2ee203f402357c1b4aa2b7c041016cbf1eab1e41bde410b2ebd7f94?s=96&d=mm&r=g\",\"url\":\"https:\\\/\\\/secure.gravatar.com\\\/avatar\\\/cc613a9fd2ee203f402357c1b4aa2b7c041016cbf1eab1e41bde410b2ebd7f94?s=96&d=mm&r=g\",\"contentUrl\":\"https:\\\/\\\/secure.gravatar.com\\\/avatar\\\/cc613a9fd2ee203f402357c1b4aa2b7c041016cbf1eab1e41bde410b2ebd7f94?s=96&d=mm&r=g\",\"caption\":\"Bodegas Protos (F)\"},\"sameAs\":[\"https:\\\/\\\/www.bodegasprotos.com\"]}]}<\/script>\n<!-- \/ Yoast SEO plugin. -->","yoast_head_json":{"title":"Los vinos favoritos de Dr\u00e1cula - Bodegas Protos","description":"Para los amantes de la literatura y el cine de terror, el d\u00eda 26 de mayo es un d\u00eda se\u00f1alado en el calendario. \u00bfpor qu\u00e9? porque se celebra el D\u00eda Mundial","robots":{"index":"index","follow":"follow","max-snippet":"max-snippet:-1","max-image-preview":"max-image-preview:large","max-video-preview":"max-video-preview:-1"},"canonical":"https:\/\/www.bodegasprotos.com\/es\/general\/los-vinos-favoritos-de-dracula\/","og_locale":"es_ES","og_type":"article","og_title":"Los vinos favoritos de Dr\u00e1cula - Bodegas Protos","og_description":"Para los amantes de la literatura y el cine de terror, el d\u00eda 26 de mayo es un d\u00eda se\u00f1alado en el calendario. \u00bfpor qu\u00e9? porque se celebra el D\u00eda Mundial","og_url":"https:\/\/www.bodegasprotos.com\/es\/general\/los-vinos-favoritos-de-dracula\/","og_site_name":"Bodegas Protos","article_publisher":"https:\/\/www.facebook.com\/BodegasProtos","article_published_time":"2024-05-24T09:34:44+00:00","article_modified_time":"2024-05-24T12:46:43+00:00","og_image":[{"width":2560,"height":1707,"url":"https:\/\/www.bodegasprotos.com\/wp-content\/uploads\/2024\/05\/4081041747_e70972e303_o-scaled.jpg","type":"image\/jpeg"}],"author":"Bodegas Protos (F)","twitter_card":"summary_large_image","twitter_creator":"@Bodegas_Protos","twitter_site":"@Bodegas_Protos","twitter_misc":{"Escrito por":"Bodegas Protos (F)","Tiempo de lectura":"4 minutos"},"schema":{"@context":"https:\/\/schema.org","@graph":[{"@type":"Article","@id":"https:\/\/www.bodegasprotos.com\/es\/general\/los-vinos-favoritos-de-dracula\/#article","isPartOf":{"@id":"https:\/\/www.bodegasprotos.com\/es\/general\/los-vinos-favoritos-de-dracula\/"},"author":{"name":"Bodegas Protos (F)","@id":"https:\/\/www.bodegasprotos.com\/es\/#\/schema\/person\/6cb69a08afa14171755cee0df7d20027"},"headline":"Los vinos favoritos de Dr\u00e1cula","datePublished":"2024-05-24T09:34:44+00:00","dateModified":"2024-05-24T12:46:43+00:00","mainEntityOfPage":{"@id":"https:\/\/www.bodegasprotos.com\/es\/general\/los-vinos-favoritos-de-dracula\/"},"wordCount":726,"publisher":{"@id":"https:\/\/www.bodegasprotos.com\/es\/#organization"},"image":{"@id":"https:\/\/www.bodegasprotos.com\/es\/general\/los-vinos-favoritos-de-dracula\/#primaryimage"},"thumbnailUrl":"https:\/\/www.bodegasprotos.com\/wp-content\/uploads\/2024\/05\/4081041747_e70972e303_o-scaled.jpg","articleSection":["Blog","General"],"inLanguage":"es"},{"@type":"WebPage","@id":"https:\/\/www.bodegasprotos.com\/es\/general\/los-vinos-favoritos-de-dracula\/","url":"https:\/\/www.bodegasprotos.com\/es\/general\/los-vinos-favoritos-de-dracula\/","name":"Los vinos favoritos de Dr\u00e1cula - Bodegas Protos","isPartOf":{"@id":"https:\/\/www.bodegasprotos.com\/es\/#website"},"primaryImageOfPage":{"@id":"https:\/\/www.bodegasprotos.com\/es\/general\/los-vinos-favoritos-de-dracula\/#primaryimage"},"image":{"@id":"https:\/\/www.bodegasprotos.com\/es\/general\/los-vinos-favoritos-de-dracula\/#primaryimage"},"thumbnailUrl":"https:\/\/www.bodegasprotos.com\/wp-content\/uploads\/2024\/05\/4081041747_e70972e303_o-scaled.jpg","datePublished":"2024-05-24T09:34:44+00:00","dateModified":"2024-05-24T12:46:43+00:00","description":"Para los amantes de la literatura y el cine de terror, el d\u00eda 26 de mayo es un d\u00eda se\u00f1alado en el calendario. \u00bfpor qu\u00e9? porque se celebra el D\u00eda Mundial","breadcrumb":{"@id":"https:\/\/www.bodegasprotos.com\/es\/general\/los-vinos-favoritos-de-dracula\/#breadcrumb"},"inLanguage":"es","potentialAction":[{"@type":"ReadAction","target":["https:\/\/www.bodegasprotos.com\/es\/general\/los-vinos-favoritos-de-dracula\/"]}]},{"@type":"ImageObject","inLanguage":"es","@id":"https:\/\/www.bodegasprotos.com\/es\/general\/los-vinos-favoritos-de-dracula\/#primaryimage","url":"https:\/\/www.bodegasprotos.com\/wp-content\/uploads\/2024\/05\/4081041747_e70972e303_o-scaled.jpg","contentUrl":"https:\/\/www.bodegasprotos.com\/wp-content\/uploads\/2024\/05\/4081041747_e70972e303_o-scaled.jpg","width":2560,"height":1707,"caption":"https:\/\/www.flickr.com\/photos\/kyletaylor\/"},{"@type":"BreadcrumbList","@id":"https:\/\/www.bodegasprotos.com\/es\/general\/los-vinos-favoritos-de-dracula\/#breadcrumb","itemListElement":[{"@type":"ListItem","position":1,"name":"Portada","item":"https:\/\/www.bodegasprotos.com\/es\/"},{"@type":"ListItem","position":2,"name":"Los vinos favoritos de Dr\u00e1cula"}]},{"@type":"WebSite","@id":"https:\/\/www.bodegasprotos.com\/es\/#website","url":"https:\/\/www.bodegasprotos.com\/es\/","name":"Bodegas Protos","description":"Vinos de la Denominaci\u00f3n de Origen Ribera del Duero, Rueda y Cigales","publisher":{"@id":"https:\/\/www.bodegasprotos.com\/es\/#organization"},"potentialAction":[{"@type":"SearchAction","target":{"@type":"EntryPoint","urlTemplate":"https:\/\/www.bodegasprotos.com\/es\/?s={search_term_string}"},"query-input":{"@type":"PropertyValueSpecification","valueRequired":true,"valueName":"search_term_string"}}],"inLanguage":"es"},{"@type":"Organization","@id":"https:\/\/www.bodegasprotos.com\/es\/#organization","name":"Bodegas Protos","url":"https:\/\/www.bodegasprotos.com\/es\/","logo":{"@type":"ImageObject","inLanguage":"es","@id":"https:\/\/www.bodegasprotos.com\/es\/#\/schema\/logo\/image\/","url":"https:\/\/www.bodegasprotos.com\/wp-content\/uploads\/2024\/06\/PROTOS-LOGOS-VERSIONES-13.png","contentUrl":"https:\/\/www.bodegasprotos.com\/wp-content\/uploads\/2024\/06\/PROTOS-LOGOS-VERSIONES-13.png","width":2362,"height":2362,"caption":"Bodegas Protos"},"image":{"@id":"https:\/\/www.bodegasprotos.com\/es\/#\/schema\/logo\/image\/"},"sameAs":["https:\/\/www.facebook.com\/BodegasProtos","https:\/\/x.com\/Bodegas_Protos","https:\/\/www.instagram.com\/bodegasprotosoficial\/","https:\/\/www.linkedin.com\/company\/bodegasprotos\/","https:\/\/pinterest.com\/BodegasProtos\/","http:\/\/www.youtube.com\/user\/BodegasProtos","https:\/\/es.wikipedia.org\/wiki\/Bodegas_Protos"]},{"@type":"Person","@id":"https:\/\/www.bodegasprotos.com\/es\/#\/schema\/person\/6cb69a08afa14171755cee0df7d20027","name":"Bodegas Protos (F)","image":{"@type":"ImageObject","inLanguage":"es","@id":"https:\/\/secure.gravatar.com\/avatar\/cc613a9fd2ee203f402357c1b4aa2b7c041016cbf1eab1e41bde410b2ebd7f94?s=96&d=mm&r=g","url":"https:\/\/secure.gravatar.com\/avatar\/cc613a9fd2ee203f402357c1b4aa2b7c041016cbf1eab1e41bde410b2ebd7f94?s=96&d=mm&r=g","contentUrl":"https:\/\/secure.gravatar.com\/avatar\/cc613a9fd2ee203f402357c1b4aa2b7c041016cbf1eab1e41bde410b2ebd7f94?s=96&d=mm&r=g","caption":"Bodegas Protos (F)"},"sameAs":["https:\/\/www.bodegasprotos.com"]}]}},"_links":{"self":[{"href":"https:\/\/www.bodegasprotos.com\/es\/wp-json\/wp\/v2\/posts\/40454","targetHints":{"allow":["GET"]}}],"collection":[{"href":"https:\/\/www.bodegasprotos.com\/es\/wp-json\/wp\/v2\/posts"}],"about":[{"href":"https:\/\/www.bodegasprotos.com\/es\/wp-json\/wp\/v2\/types\/post"}],"author":[{"embeddable":true,"href":"https:\/\/www.bodegasprotos.com\/es\/wp-json\/wp\/v2\/users\/3"}],"replies":[{"embeddable":true,"href":"https:\/\/www.bodegasprotos.com\/es\/wp-json\/wp\/v2\/comments?post=40454"}],"version-history":[{"count":0,"href":"https:\/\/www.bodegasprotos.com\/es\/wp-json\/wp\/v2\/posts\/40454\/revisions"}],"wp:featuredmedia":[{"embeddable":true,"href":"https:\/\/www.bodegasprotos.com\/es\/wp-json\/wp\/v2\/media\/40467"}],"wp:attachment":[{"href":"https:\/\/www.bodegasprotos.com\/es\/wp-json\/wp\/v2\/media?parent=40454"}],"wp:term":[{"taxonomy":"category","embeddable":true,"href":"https:\/\/www.bodegasprotos.com\/es\/wp-json\/wp\/v2\/categories?post=40454"},{"taxonomy":"post_tag","embeddable":true,"href":"https:\/\/www.bodegasprotos.com\/es\/wp-json\/wp\/v2\/tags?post=40454"}],"curies":[{"name":"wp","href":"https:\/\/api.w.org\/{rel}","templated":true}]}}