{"id":40436,"date":"2024-05-17T11:36:24","date_gmt":"2024-05-17T09:36:24","guid":{"rendered":"https:\/\/www.bodegasprotos.com\/?p=40436"},"modified":"2024-05-16T10:18:44","modified_gmt":"2024-05-16T08:18:44","slug":"por-el-dia-internacional-de-los-museos-visita-el-castillo-de-penafiel","status":"publish","type":"post","link":"https:\/\/www.bodegasprotos.com\/es\/blog\/por-el-dia-internacional-de-los-museos-visita-el-castillo-de-penafiel\/","title":{"rendered":"Por el D\u00eda Internacional de los Museos visita El Castillo de Pe\u00f1afiel"},"content":{"rendered":"<p>Este s\u00e1bado 18 de mayo se celebra el D\u00eda Internacional de los Museos. Un d\u00eda que sirve para concienciar a las personas de la importancia de los museos en la preservaci\u00f3n del acervo cultural.<\/p>\n<p>Todos los d\u00edas son ideales para conocer alg\u00fan museo, y nosotros te proponemos visitar uno relacionado con el mundo del vino y que se encuentra ubicado en el Castillo de Pe\u00f1afiel. Se trata del Museo Provincial del vino.<\/p>\n<p>El castillo, alberga este museo y se encuentra a escasos metros de <a href=\"https:\/\/enoturismo.bodegasprotos.com\/reserva\/visitas\">nuestra bodega<\/a>, coronando la monta\u00f1a y convirtiendo el paisaje en un entorno majestuoso.<\/p>\n<p>Con el fin de conmemorar este d\u00eda, el Castillo de Pe\u00f1afiel ha preparado <a href=\"https:\/\/www.valladolidesvino.es\/Tickets\/programacion\/Pases\/displayEventos\/a5528a581f1153002a3dad6bebad49aa\">una visita muy especial<\/a>, totalmente gratuita, que tendr\u00e1 comienzo a las 21.30 horas.<\/p>\n<p>&nbsp;<\/p>\n<div id=\"attachment_40442\" style=\"width: 310px\" class=\"wp-caption aligncenter\"><img fetchpriority=\"high\" decoding=\"async\" aria-describedby=\"caption-attachment-40442\" class=\"wp-image-40442 size-medium\" src=\"https:\/\/www.bodegasprotos.com\/wp-content\/uploads\/2024\/05\/Vistas_de_Penafiel_desde_el_Castillo_de_Penafiel_hacia_Bodega_de_Protos-300x225.jpg\" alt=\"\" width=\"300\" height=\"225\" srcset=\"https:\/\/www.bodegasprotos.com\/wp-content\/uploads\/2024\/05\/Vistas_de_Penafiel_desde_el_Castillo_de_Penafiel_hacia_Bodega_de_Protos-300x225.jpg 300w, https:\/\/www.bodegasprotos.com\/wp-content\/uploads\/2024\/05\/Vistas_de_Penafiel_desde_el_Castillo_de_Penafiel_hacia_Bodega_de_Protos-1024x768.jpg 1024w, https:\/\/www.bodegasprotos.com\/wp-content\/uploads\/2024\/05\/Vistas_de_Penafiel_desde_el_Castillo_de_Penafiel_hacia_Bodega_de_Protos-768x576.jpg 768w, https:\/\/www.bodegasprotos.com\/wp-content\/uploads\/2024\/05\/Vistas_de_Penafiel_desde_el_Castillo_de_Penafiel_hacia_Bodega_de_Protos-1536x1152.jpg 1536w, https:\/\/www.bodegasprotos.com\/wp-content\/uploads\/2024\/05\/Vistas_de_Penafiel_desde_el_Castillo_de_Penafiel_hacia_Bodega_de_Protos-2048x1536.jpg 2048w\" sizes=\"(max-width: 300px) 100vw, 300px\" \/><p id=\"caption-attachment-40442\" class=\"wp-caption-text\">Wikimedia. Vistas de Pe\u00f1afiel desde el castillo. Autor: <a title=\"User:Lalviarez\" href=\"https:\/\/commons.wikimedia.org\/wiki\/File:Vistas_de_Pe%C3%B1afiel_desde_el_Castillo_de_Pe%C3%B1afiel_hacia_Bodega_de_Protos.jpg\">Lalviarez<\/a><\/p><\/div>\n<h2>El Museo Provincial del vino<\/h2>\n<p>El Castillo de Pe\u00f1afiel se levant\u00f3 en el siglo X y su aspecto actual se debe a los acontecimientos que tuvieron lugar durante los siglos XIV y XV.<\/p>\n<p>Esta fortaleza medieval fue declarada Monumento Nacional en 1917, y en la actualidad, es una de las visitas obligadas para todos los amantes del vino y del enoturismo de la Ribera del Duero.<\/p>\n<p>En el a\u00f1o 1999. el museo se instal\u00f3 en el Castillo de Pe\u00f1afiel y, desde ese momento, recibe una media de 100.000 visitas al a\u00f1o.<\/p>\n<p>Visitar el Museo Provincial es tomar contacto con la historia y la cultura vitivin\u00edcola. Es una manera de acercar al visitante, las t\u00e9cnicas de elaboraci\u00f3n y la producci\u00f3n de algunos de los vinos m\u00e1s conocidos del mundo.<\/p>\n<div id=\"attachment_40444\" style=\"width: 310px\" class=\"wp-caption aligncenter\"><img decoding=\"async\" aria-describedby=\"caption-attachment-40444\" class=\"wp-image-40444 size-medium\" src=\"https:\/\/www.bodegasprotos.com\/wp-content\/uploads\/2024\/05\/Castillo_de_Penafiel_interior_de_la__proa_-300x300.jpg\" alt=\"\" width=\"300\" height=\"300\" srcset=\"https:\/\/www.bodegasprotos.com\/wp-content\/uploads\/2024\/05\/Castillo_de_Penafiel_interior_de_la__proa_-300x300.jpg 300w, https:\/\/www.bodegasprotos.com\/wp-content\/uploads\/2024\/05\/Castillo_de_Penafiel_interior_de_la__proa_-1024x1024.jpg 1024w, https:\/\/www.bodegasprotos.com\/wp-content\/uploads\/2024\/05\/Castillo_de_Penafiel_interior_de_la__proa_-150x150.jpg 150w, https:\/\/www.bodegasprotos.com\/wp-content\/uploads\/2024\/05\/Castillo_de_Penafiel_interior_de_la__proa_-768x768.jpg 768w, https:\/\/www.bodegasprotos.com\/wp-content\/uploads\/2024\/05\/Castillo_de_Penafiel_interior_de_la__proa_-500x500.jpg 500w, https:\/\/www.bodegasprotos.com\/wp-content\/uploads\/2024\/05\/Castillo_de_Penafiel_interior_de_la__proa_-1000x1000.jpg 1000w, https:\/\/www.bodegasprotos.com\/wp-content\/uploads\/2024\/05\/Castillo_de_Penafiel_interior_de_la__proa_.jpg 1101w\" sizes=\"(max-width: 300px) 100vw, 300px\" \/><p id=\"caption-attachment-40444\" class=\"wp-caption-text\">Wikimedia. Castillo de Pe\u00f1afiel. Autor: <a href=\"https:\/\/commons.wikimedia.org\/wiki\/File:Castillo_de_Pe%C3%B1afiel,_interior_de_la_%22proa%22.jpg\">Fernandocenteno<\/a><\/p><\/div>\n<p>Cuenta con una sala de catas, donde degustar diversos vinos de la Ribera del Duero, y donde tambi\u00e9n se realizan cursos y catas dirigidos a profesionales del sector.<\/p>\n<p>La localidad vallisoletana de Pe\u00f1afiel signific\u00f3 junto con su castillo, una l\u00ednea defensiva important\u00edsima del Duero para cristianos y musulmanes, durante los siglos IX y X.<\/p>\n<p>Desde el cerro, el Castillo de Pe\u00f1afiel dominaba los valles de los r\u00edos Duero, Durat\u00f3n y Botijas, y proteg\u00eda a su poblaci\u00f3n.<\/p>\n<p>El Castillo de Pe\u00f1afiel <a href=\"https:\/\/www.valladolidesvino.es\/Tickets\/programacion\/Pases\/displayProgramacion\/e3791d723ebbfbab8f99b6ddbee47c69\">cuenta con diferentes opciones de visita<\/a>:<\/p>\n<ul>\n<li><strong>Visita el Castillo y el Museo Provincial del vino<\/strong><\/li>\n<li><strong>Cata de vino, visita al museo y al Castillo: cuenta con un sumiller quien guiar\u00e1 al visitante y le descubrir\u00e1 vinos espectaculares de la regi\u00f3n.<\/strong><\/li>\n<li><strong>Por el D\u00eda Internacional de los Museos, una visita nocturna, completamente gratis.<\/strong><\/li>\n<\/ul>\n<h2>Algunas curiosidades<\/h2>\n<p>El primer asentamiento fue una fortaleza llamada Pe\u00f1a Falc\u00f3n,\u00a0 ocupada por el rey Le\u00f3n Ramiro II y despu\u00e9s por Almanzor.<\/p>\n<p>Con la reconquista del conde Sancho Garc\u00eda, el castillo regresa a manos de los cristianos y en propias palabras del conquistador se convierte en la <strong>\u201cpe\u00f1a m\u00e1s fiel de Castilla\u201d.<\/strong><\/p>\n<p>Siglos despu\u00e9s, la fortificaci\u00f3n sufri\u00f3 cambios estructurales, y es en el S.XV cuando se construy\u00f3 el castillo tal y como lo conocemos en la actualidad.<\/p>\n<p>Una arquitectura que sigue el modelo \u201cEscuela de Valladolid\u201d cuyas caracter\u00edsticas son:<\/p>\n<ul>\n<li>Planta cuadrada<\/li>\n<li>Contar con una gran Torre del Homenaje<\/li>\n<li>La altura de la Torre es igual al lado del recinto cuadrado, y al doble de la altura del mismo.<\/li>\n<li><sup id=\"cite_ref-6\" class=\"reference separada\"><\/sup>Sus due\u00f1os no eran reyes, si no\u00a0 familias se\u00f1oriales, nobles.<\/li>\n<li>Estos castillos ya no cumplir\u00edan la funci\u00f3n de ser una fortaleza, sino que ser\u00edan solo palacios y residencias\u200b.<\/li>\n<li>\n<p><div id=\"attachment_40447\" style=\"width: 310px\" class=\"wp-caption aligncenter\"><img decoding=\"async\" aria-describedby=\"caption-attachment-40447\" class=\"wp-image-40447 size-medium\" src=\"https:\/\/www.bodegasprotos.com\/wp-content\/uploads\/2024\/05\/25460323121_68acebe627_o-300x204.jpg\" alt=\"\" width=\"300\" height=\"204\" srcset=\"https:\/\/www.bodegasprotos.com\/wp-content\/uploads\/2024\/05\/25460323121_68acebe627_o-300x204.jpg 300w, https:\/\/www.bodegasprotos.com\/wp-content\/uploads\/2024\/05\/25460323121_68acebe627_o-1024x695.jpg 1024w, https:\/\/www.bodegasprotos.com\/wp-content\/uploads\/2024\/05\/25460323121_68acebe627_o-768x521.jpg 768w, https:\/\/www.bodegasprotos.com\/wp-content\/uploads\/2024\/05\/25460323121_68acebe627_o-1536x1043.jpg 1536w, https:\/\/www.bodegasprotos.com\/wp-content\/uploads\/2024\/05\/25460323121_68acebe627_o-2048x1390.jpg 2048w\" sizes=\"(max-width: 300px) 100vw, 300px\" \/><p id=\"caption-attachment-40447\" class=\"wp-caption-text\">Flickr. Autor: <a href=\"https:\/\/www.flickr.com\/photos\/druidabruxux\/25460323121\">Javier Martin Espartosa<\/a><\/p><\/div><\/li>\n<\/ul>\n<p>El Infante Don Juan Manuel fue uno de los sobrinos del rey Alfonso X el sabio y nieto de Fernando III El Santo.<\/p>\n<p>El Infante Juan Manuel vivi\u00f3 en este castillo, donde desarroll\u00f3 su obra literaria, destacando como un notable escritor en lengua castellana y uno de los principales representantes de la prosa medieval de ficci\u00f3n, sobre todo, gracias a su archiconocida obra <i>El conde Lucanor<\/i>.<\/p>\n<div id=\"attachment_40440\" style=\"width: 193px\" class=\"wp-caption aligncenter\"><img loading=\"lazy\" decoding=\"async\" aria-describedby=\"caption-attachment-40440\" class=\"wp-image-40440 size-medium\" src=\"https:\/\/www.bodegasprotos.com\/wp-content\/uploads\/2024\/05\/61tquB-1J7L._SL1500_-183x300.jpg\" alt=\"\" width=\"183\" height=\"300\" srcset=\"https:\/\/www.bodegasprotos.com\/wp-content\/uploads\/2024\/05\/61tquB-1J7L._SL1500_-183x300.jpg 183w, https:\/\/www.bodegasprotos.com\/wp-content\/uploads\/2024\/05\/61tquB-1J7L._SL1500_-625x1024.jpg 625w, https:\/\/www.bodegasprotos.com\/wp-content\/uploads\/2024\/05\/61tquB-1J7L._SL1500_-768x1258.jpg 768w, https:\/\/www.bodegasprotos.com\/wp-content\/uploads\/2024\/05\/61tquB-1J7L._SL1500_-110x180.jpg 110w, https:\/\/www.bodegasprotos.com\/wp-content\/uploads\/2024\/05\/61tquB-1J7L._SL1500_.jpg 916w\" sizes=\"(max-width: 183px) 100vw, 183px\" \/><p id=\"caption-attachment-40440\" class=\"wp-caption-text\"><a href=\"https:\/\/www.amazon.es\/El-Conde-Lucanor-Letras-Hisp%C3%A1nicas\/dp\/8437600782\/ref=asc_df_8437600782\/?tag=googshopes-21&amp;linkCode=df0&amp;hvadid=195176702333&amp;hvpos=&amp;hvnetw=g&amp;hvrand=7566707046143875744&amp;hvpone=&amp;hvptwo=&amp;hvqmt=&amp;hvdev=c&amp;hvdvcmdl=&amp;hvlocint=&amp;hvlocphy=9061036&amp;hvtargid=pla-140700756075&amp;psc=1&amp;mcid=f9808411babb35869931c5ceb102159e\">El Conde Lucanor<\/a><\/p><\/div>\n<p>Una de las obras m\u00e1s destacadas por parte del Infante Don Juan Manuel fue la construcci\u00f3n de la torre del homenaje.<\/p>\n<p>Otro dato interesante es la forma que tiene el Castillo, la cual se asemeja a la de un barco. De ah\u00ed, que reciba el nombre de \u00abBuque de Castilla\u00bb.<\/p>\n","protected":false},"excerpt":{"rendered":"<p>Este s\u00e1bado 18 de mayo se celebra el D\u00eda Internacional de los Museos. Un d\u00eda que sirve para&#8230;<\/p>\n","protected":false},"author":3,"featured_media":40438,"comment_status":"closed","ping_status":"closed","sticky":false,"template":"","format":"standard","meta":{"_acf_changed":false,"footnotes":""},"categories":[87,1],"tags":[],"class_list":["post-40436","post","type-post","status-publish","format-standard","has-post-thumbnail","hentry","category-blog","category-general"],"acf":[],"yoast_head":"<!-- This site is optimized with the Yoast SEO plugin v27.5 - https:\/\/yoast.com\/product\/yoast-seo-wordpress\/ -->\n<title>Por el D\u00eda Internacional de los Museos visita El Castillo de Pe\u00f1afiel - Bodegas Protos<\/title>\n<meta name=\"description\" content=\"Este s\u00e1bado 18 de mayo se celebra el D\u00eda Internacional de los Museos. Un d\u00eda que sirve para concienciar a las personas de la importancia de los museos en\" \/>\n<meta name=\"robots\" content=\"index, follow, max-snippet:-1, max-image-preview:large, max-video-preview:-1\" \/>\n<link rel=\"canonical\" href=\"https:\/\/www.bodegasprotos.com\/es\/blog\/por-el-dia-internacional-de-los-museos-visita-el-castillo-de-penafiel\/\" \/>\n<meta property=\"og:locale\" content=\"es_ES\" \/>\n<meta property=\"og:type\" content=\"article\" \/>\n<meta property=\"og:title\" content=\"Por el D\u00eda Internacional de los Museos visita El Castillo de Pe\u00f1afiel - Bodegas Protos\" \/>\n<meta property=\"og:description\" content=\"Este s\u00e1bado 18 de mayo se celebra el D\u00eda Internacional de los Museos. Un d\u00eda que sirve para concienciar a las personas de la importancia de los museos en\" \/>\n<meta property=\"og:url\" content=\"https:\/\/www.bodegasprotos.com\/es\/blog\/por-el-dia-internacional-de-los-museos-visita-el-castillo-de-penafiel\/\" \/>\n<meta property=\"og:site_name\" content=\"Bodegas Protos\" \/>\n<meta property=\"article:publisher\" content=\"https:\/\/www.facebook.com\/BodegasProtos\" \/>\n<meta property=\"article:published_time\" content=\"2024-05-17T09:36:24+00:00\" \/>\n<meta property=\"og:image\" content=\"https:\/\/www.bodegasprotos.com\/wp-content\/uploads\/2024\/05\/bodegacastillo.jpg\" \/>\n\t<meta property=\"og:image:width\" content=\"2480\" \/>\n\t<meta property=\"og:image:height\" content=\"1809\" \/>\n\t<meta property=\"og:image:type\" content=\"image\/jpeg\" \/>\n<meta name=\"author\" content=\"Bodegas Protos (F)\" \/>\n<meta name=\"twitter:card\" content=\"summary_large_image\" \/>\n<meta name=\"twitter:creator\" content=\"@Bodegas_Protos\" \/>\n<meta name=\"twitter:site\" content=\"@Bodegas_Protos\" \/>\n<meta name=\"twitter:label1\" content=\"Escrito por\" \/>\n\t<meta name=\"twitter:data1\" content=\"Bodegas Protos (F)\" \/>\n\t<meta name=\"twitter:label2\" content=\"Tiempo de lectura\" \/>\n\t<meta name=\"twitter:data2\" content=\"5 minutos\" \/>\n<script type=\"application\/ld+json\" class=\"yoast-schema-graph\">{\"@context\":\"https:\\\/\\\/schema.org\",\"@graph\":[{\"@type\":\"Article\",\"@id\":\"https:\\\/\\\/www.bodegasprotos.com\\\/es\\\/blog\\\/por-el-dia-internacional-de-los-museos-visita-el-castillo-de-penafiel\\\/#article\",\"isPartOf\":{\"@id\":\"https:\\\/\\\/www.bodegasprotos.com\\\/es\\\/blog\\\/por-el-dia-internacional-de-los-museos-visita-el-castillo-de-penafiel\\\/\"},\"author\":{\"name\":\"Bodegas Protos (F)\",\"@id\":\"https:\\\/\\\/www.bodegasprotos.com\\\/es\\\/#\\\/schema\\\/person\\\/6cb69a08afa14171755cee0df7d20027\"},\"headline\":\"Por el D\u00eda Internacional de los Museos visita El Castillo de Pe\u00f1afiel\",\"datePublished\":\"2024-05-17T09:36:24+00:00\",\"mainEntityOfPage\":{\"@id\":\"https:\\\/\\\/www.bodegasprotos.com\\\/es\\\/blog\\\/por-el-dia-internacional-de-los-museos-visita-el-castillo-de-penafiel\\\/\"},\"wordCount\":758,\"publisher\":{\"@id\":\"https:\\\/\\\/www.bodegasprotos.com\\\/es\\\/#organization\"},\"image\":{\"@id\":\"https:\\\/\\\/www.bodegasprotos.com\\\/es\\\/blog\\\/por-el-dia-internacional-de-los-museos-visita-el-castillo-de-penafiel\\\/#primaryimage\"},\"thumbnailUrl\":\"https:\\\/\\\/www.bodegasprotos.com\\\/wp-content\\\/uploads\\\/2024\\\/05\\\/bodegacastillo.jpg\",\"articleSection\":[\"Blog\",\"General\"],\"inLanguage\":\"es\"},{\"@type\":\"WebPage\",\"@id\":\"https:\\\/\\\/www.bodegasprotos.com\\\/es\\\/blog\\\/por-el-dia-internacional-de-los-museos-visita-el-castillo-de-penafiel\\\/\",\"url\":\"https:\\\/\\\/www.bodegasprotos.com\\\/es\\\/blog\\\/por-el-dia-internacional-de-los-museos-visita-el-castillo-de-penafiel\\\/\",\"name\":\"Por el D\u00eda Internacional de los Museos visita El Castillo de Pe\u00f1afiel - Bodegas Protos\",\"isPartOf\":{\"@id\":\"https:\\\/\\\/www.bodegasprotos.com\\\/es\\\/#website\"},\"primaryImageOfPage\":{\"@id\":\"https:\\\/\\\/www.bodegasprotos.com\\\/es\\\/blog\\\/por-el-dia-internacional-de-los-museos-visita-el-castillo-de-penafiel\\\/#primaryimage\"},\"image\":{\"@id\":\"https:\\\/\\\/www.bodegasprotos.com\\\/es\\\/blog\\\/por-el-dia-internacional-de-los-museos-visita-el-castillo-de-penafiel\\\/#primaryimage\"},\"thumbnailUrl\":\"https:\\\/\\\/www.bodegasprotos.com\\\/wp-content\\\/uploads\\\/2024\\\/05\\\/bodegacastillo.jpg\",\"datePublished\":\"2024-05-17T09:36:24+00:00\",\"description\":\"Este s\u00e1bado 18 de mayo se celebra el D\u00eda Internacional de los Museos. Un d\u00eda que sirve para concienciar a las personas de la importancia de los museos en\",\"breadcrumb\":{\"@id\":\"https:\\\/\\\/www.bodegasprotos.com\\\/es\\\/blog\\\/por-el-dia-internacional-de-los-museos-visita-el-castillo-de-penafiel\\\/#breadcrumb\"},\"inLanguage\":\"es\",\"potentialAction\":[{\"@type\":\"ReadAction\",\"target\":[\"https:\\\/\\\/www.bodegasprotos.com\\\/es\\\/blog\\\/por-el-dia-internacional-de-los-museos-visita-el-castillo-de-penafiel\\\/\"]}]},{\"@type\":\"ImageObject\",\"inLanguage\":\"es\",\"@id\":\"https:\\\/\\\/www.bodegasprotos.com\\\/es\\\/blog\\\/por-el-dia-internacional-de-los-museos-visita-el-castillo-de-penafiel\\\/#primaryimage\",\"url\":\"https:\\\/\\\/www.bodegasprotos.com\\\/wp-content\\\/uploads\\\/2024\\\/05\\\/bodegacastillo.jpg\",\"contentUrl\":\"https:\\\/\\\/www.bodegasprotos.com\\\/wp-content\\\/uploads\\\/2024\\\/05\\\/bodegacastillo.jpg\",\"width\":2480,\"height\":1809},{\"@type\":\"BreadcrumbList\",\"@id\":\"https:\\\/\\\/www.bodegasprotos.com\\\/es\\\/blog\\\/por-el-dia-internacional-de-los-museos-visita-el-castillo-de-penafiel\\\/#breadcrumb\",\"itemListElement\":[{\"@type\":\"ListItem\",\"position\":1,\"name\":\"Portada\",\"item\":\"https:\\\/\\\/www.bodegasprotos.com\\\/es\\\/\"},{\"@type\":\"ListItem\",\"position\":2,\"name\":\"Por el D\u00eda Internacional de los Museos visita El Castillo de Pe\u00f1afiel\"}]},{\"@type\":\"WebSite\",\"@id\":\"https:\\\/\\\/www.bodegasprotos.com\\\/es\\\/#website\",\"url\":\"https:\\\/\\\/www.bodegasprotos.com\\\/es\\\/\",\"name\":\"Bodegas Protos\",\"description\":\"Vinos de la Denominaci\u00f3n de Origen Ribera del Duero, Rueda y Cigales\",\"publisher\":{\"@id\":\"https:\\\/\\\/www.bodegasprotos.com\\\/es\\\/#organization\"},\"potentialAction\":[{\"@type\":\"SearchAction\",\"target\":{\"@type\":\"EntryPoint\",\"urlTemplate\":\"https:\\\/\\\/www.bodegasprotos.com\\\/es\\\/?s={search_term_string}\"},\"query-input\":{\"@type\":\"PropertyValueSpecification\",\"valueRequired\":true,\"valueName\":\"search_term_string\"}}],\"inLanguage\":\"es\"},{\"@type\":\"Organization\",\"@id\":\"https:\\\/\\\/www.bodegasprotos.com\\\/es\\\/#organization\",\"name\":\"Bodegas Protos\",\"url\":\"https:\\\/\\\/www.bodegasprotos.com\\\/es\\\/\",\"logo\":{\"@type\":\"ImageObject\",\"inLanguage\":\"es\",\"@id\":\"https:\\\/\\\/www.bodegasprotos.com\\\/es\\\/#\\\/schema\\\/logo\\\/image\\\/\",\"url\":\"https:\\\/\\\/www.bodegasprotos.com\\\/wp-content\\\/uploads\\\/2024\\\/06\\\/PROTOS-LOGOS-VERSIONES-13.png\",\"contentUrl\":\"https:\\\/\\\/www.bodegasprotos.com\\\/wp-content\\\/uploads\\\/2024\\\/06\\\/PROTOS-LOGOS-VERSIONES-13.png\",\"width\":2362,\"height\":2362,\"caption\":\"Bodegas Protos\"},\"image\":{\"@id\":\"https:\\\/\\\/www.bodegasprotos.com\\\/es\\\/#\\\/schema\\\/logo\\\/image\\\/\"},\"sameAs\":[\"https:\\\/\\\/www.facebook.com\\\/BodegasProtos\",\"https:\\\/\\\/x.com\\\/Bodegas_Protos\",\"https:\\\/\\\/www.instagram.com\\\/bodegasprotosoficial\\\/\",\"https:\\\/\\\/www.linkedin.com\\\/company\\\/bodegasprotos\\\/\",\"https:\\\/\\\/pinterest.com\\\/BodegasProtos\\\/\",\"http:\\\/\\\/www.youtube.com\\\/user\\\/BodegasProtos\",\"https:\\\/\\\/es.wikipedia.org\\\/wiki\\\/Bodegas_Protos\"]},{\"@type\":\"Person\",\"@id\":\"https:\\\/\\\/www.bodegasprotos.com\\\/es\\\/#\\\/schema\\\/person\\\/6cb69a08afa14171755cee0df7d20027\",\"name\":\"Bodegas Protos (F)\",\"image\":{\"@type\":\"ImageObject\",\"inLanguage\":\"es\",\"@id\":\"https:\\\/\\\/secure.gravatar.com\\\/avatar\\\/cc613a9fd2ee203f402357c1b4aa2b7c041016cbf1eab1e41bde410b2ebd7f94?s=96&d=mm&r=g\",\"url\":\"https:\\\/\\\/secure.gravatar.com\\\/avatar\\\/cc613a9fd2ee203f402357c1b4aa2b7c041016cbf1eab1e41bde410b2ebd7f94?s=96&d=mm&r=g\",\"contentUrl\":\"https:\\\/\\\/secure.gravatar.com\\\/avatar\\\/cc613a9fd2ee203f402357c1b4aa2b7c041016cbf1eab1e41bde410b2ebd7f94?s=96&d=mm&r=g\",\"caption\":\"Bodegas Protos (F)\"},\"sameAs\":[\"https:\\\/\\\/www.bodegasprotos.com\"]}]}<\/script>\n<!-- \/ Yoast SEO plugin. -->","yoast_head_json":{"title":"Por el D\u00eda Internacional de los Museos visita El Castillo de Pe\u00f1afiel - Bodegas Protos","description":"Este s\u00e1bado 18 de mayo se celebra el D\u00eda Internacional de los Museos. Un d\u00eda que sirve para concienciar a las personas de la importancia de los museos en","robots":{"index":"index","follow":"follow","max-snippet":"max-snippet:-1","max-image-preview":"max-image-preview:large","max-video-preview":"max-video-preview:-1"},"canonical":"https:\/\/www.bodegasprotos.com\/es\/blog\/por-el-dia-internacional-de-los-museos-visita-el-castillo-de-penafiel\/","og_locale":"es_ES","og_type":"article","og_title":"Por el D\u00eda Internacional de los Museos visita El Castillo de Pe\u00f1afiel - Bodegas Protos","og_description":"Este s\u00e1bado 18 de mayo se celebra el D\u00eda Internacional de los Museos. Un d\u00eda que sirve para concienciar a las personas de la importancia de los museos en","og_url":"https:\/\/www.bodegasprotos.com\/es\/blog\/por-el-dia-internacional-de-los-museos-visita-el-castillo-de-penafiel\/","og_site_name":"Bodegas Protos","article_publisher":"https:\/\/www.facebook.com\/BodegasProtos","article_published_time":"2024-05-17T09:36:24+00:00","og_image":[{"width":2480,"height":1809,"url":"https:\/\/www.bodegasprotos.com\/wp-content\/uploads\/2024\/05\/bodegacastillo.jpg","type":"image\/jpeg"}],"author":"Bodegas Protos (F)","twitter_card":"summary_large_image","twitter_creator":"@Bodegas_Protos","twitter_site":"@Bodegas_Protos","twitter_misc":{"Escrito por":"Bodegas Protos (F)","Tiempo de lectura":"5 minutos"},"schema":{"@context":"https:\/\/schema.org","@graph":[{"@type":"Article","@id":"https:\/\/www.bodegasprotos.com\/es\/blog\/por-el-dia-internacional-de-los-museos-visita-el-castillo-de-penafiel\/#article","isPartOf":{"@id":"https:\/\/www.bodegasprotos.com\/es\/blog\/por-el-dia-internacional-de-los-museos-visita-el-castillo-de-penafiel\/"},"author":{"name":"Bodegas Protos (F)","@id":"https:\/\/www.bodegasprotos.com\/es\/#\/schema\/person\/6cb69a08afa14171755cee0df7d20027"},"headline":"Por el D\u00eda Internacional de los Museos visita El Castillo de Pe\u00f1afiel","datePublished":"2024-05-17T09:36:24+00:00","mainEntityOfPage":{"@id":"https:\/\/www.bodegasprotos.com\/es\/blog\/por-el-dia-internacional-de-los-museos-visita-el-castillo-de-penafiel\/"},"wordCount":758,"publisher":{"@id":"https:\/\/www.bodegasprotos.com\/es\/#organization"},"image":{"@id":"https:\/\/www.bodegasprotos.com\/es\/blog\/por-el-dia-internacional-de-los-museos-visita-el-castillo-de-penafiel\/#primaryimage"},"thumbnailUrl":"https:\/\/www.bodegasprotos.com\/wp-content\/uploads\/2024\/05\/bodegacastillo.jpg","articleSection":["Blog","General"],"inLanguage":"es"},{"@type":"WebPage","@id":"https:\/\/www.bodegasprotos.com\/es\/blog\/por-el-dia-internacional-de-los-museos-visita-el-castillo-de-penafiel\/","url":"https:\/\/www.bodegasprotos.com\/es\/blog\/por-el-dia-internacional-de-los-museos-visita-el-castillo-de-penafiel\/","name":"Por el D\u00eda Internacional de los Museos visita El Castillo de Pe\u00f1afiel - Bodegas Protos","isPartOf":{"@id":"https:\/\/www.bodegasprotos.com\/es\/#website"},"primaryImageOfPage":{"@id":"https:\/\/www.bodegasprotos.com\/es\/blog\/por-el-dia-internacional-de-los-museos-visita-el-castillo-de-penafiel\/#primaryimage"},"image":{"@id":"https:\/\/www.bodegasprotos.com\/es\/blog\/por-el-dia-internacional-de-los-museos-visita-el-castillo-de-penafiel\/#primaryimage"},"thumbnailUrl":"https:\/\/www.bodegasprotos.com\/wp-content\/uploads\/2024\/05\/bodegacastillo.jpg","datePublished":"2024-05-17T09:36:24+00:00","description":"Este s\u00e1bado 18 de mayo se celebra el D\u00eda Internacional de los Museos. Un d\u00eda que sirve para concienciar a las personas de la importancia de los museos en","breadcrumb":{"@id":"https:\/\/www.bodegasprotos.com\/es\/blog\/por-el-dia-internacional-de-los-museos-visita-el-castillo-de-penafiel\/#breadcrumb"},"inLanguage":"es","potentialAction":[{"@type":"ReadAction","target":["https:\/\/www.bodegasprotos.com\/es\/blog\/por-el-dia-internacional-de-los-museos-visita-el-castillo-de-penafiel\/"]}]},{"@type":"ImageObject","inLanguage":"es","@id":"https:\/\/www.bodegasprotos.com\/es\/blog\/por-el-dia-internacional-de-los-museos-visita-el-castillo-de-penafiel\/#primaryimage","url":"https:\/\/www.bodegasprotos.com\/wp-content\/uploads\/2024\/05\/bodegacastillo.jpg","contentUrl":"https:\/\/www.bodegasprotos.com\/wp-content\/uploads\/2024\/05\/bodegacastillo.jpg","width":2480,"height":1809},{"@type":"BreadcrumbList","@id":"https:\/\/www.bodegasprotos.com\/es\/blog\/por-el-dia-internacional-de-los-museos-visita-el-castillo-de-penafiel\/#breadcrumb","itemListElement":[{"@type":"ListItem","position":1,"name":"Portada","item":"https:\/\/www.bodegasprotos.com\/es\/"},{"@type":"ListItem","position":2,"name":"Por el D\u00eda Internacional de los Museos visita El Castillo de Pe\u00f1afiel"}]},{"@type":"WebSite","@id":"https:\/\/www.bodegasprotos.com\/es\/#website","url":"https:\/\/www.bodegasprotos.com\/es\/","name":"Bodegas Protos","description":"Vinos de la Denominaci\u00f3n de Origen Ribera del Duero, Rueda y Cigales","publisher":{"@id":"https:\/\/www.bodegasprotos.com\/es\/#organization"},"potentialAction":[{"@type":"SearchAction","target":{"@type":"EntryPoint","urlTemplate":"https:\/\/www.bodegasprotos.com\/es\/?s={search_term_string}"},"query-input":{"@type":"PropertyValueSpecification","valueRequired":true,"valueName":"search_term_string"}}],"inLanguage":"es"},{"@type":"Organization","@id":"https:\/\/www.bodegasprotos.com\/es\/#organization","name":"Bodegas Protos","url":"https:\/\/www.bodegasprotos.com\/es\/","logo":{"@type":"ImageObject","inLanguage":"es","@id":"https:\/\/www.bodegasprotos.com\/es\/#\/schema\/logo\/image\/","url":"https:\/\/www.bodegasprotos.com\/wp-content\/uploads\/2024\/06\/PROTOS-LOGOS-VERSIONES-13.png","contentUrl":"https:\/\/www.bodegasprotos.com\/wp-content\/uploads\/2024\/06\/PROTOS-LOGOS-VERSIONES-13.png","width":2362,"height":2362,"caption":"Bodegas Protos"},"image":{"@id":"https:\/\/www.bodegasprotos.com\/es\/#\/schema\/logo\/image\/"},"sameAs":["https:\/\/www.facebook.com\/BodegasProtos","https:\/\/x.com\/Bodegas_Protos","https:\/\/www.instagram.com\/bodegasprotosoficial\/","https:\/\/www.linkedin.com\/company\/bodegasprotos\/","https:\/\/pinterest.com\/BodegasProtos\/","http:\/\/www.youtube.com\/user\/BodegasProtos","https:\/\/es.wikipedia.org\/wiki\/Bodegas_Protos"]},{"@type":"Person","@id":"https:\/\/www.bodegasprotos.com\/es\/#\/schema\/person\/6cb69a08afa14171755cee0df7d20027","name":"Bodegas Protos (F)","image":{"@type":"ImageObject","inLanguage":"es","@id":"https:\/\/secure.gravatar.com\/avatar\/cc613a9fd2ee203f402357c1b4aa2b7c041016cbf1eab1e41bde410b2ebd7f94?s=96&d=mm&r=g","url":"https:\/\/secure.gravatar.com\/avatar\/cc613a9fd2ee203f402357c1b4aa2b7c041016cbf1eab1e41bde410b2ebd7f94?s=96&d=mm&r=g","contentUrl":"https:\/\/secure.gravatar.com\/avatar\/cc613a9fd2ee203f402357c1b4aa2b7c041016cbf1eab1e41bde410b2ebd7f94?s=96&d=mm&r=g","caption":"Bodegas Protos (F)"},"sameAs":["https:\/\/www.bodegasprotos.com"]}]}},"_links":{"self":[{"href":"https:\/\/www.bodegasprotos.com\/es\/wp-json\/wp\/v2\/posts\/40436","targetHints":{"allow":["GET"]}}],"collection":[{"href":"https:\/\/www.bodegasprotos.com\/es\/wp-json\/wp\/v2\/posts"}],"about":[{"href":"https:\/\/www.bodegasprotos.com\/es\/wp-json\/wp\/v2\/types\/post"}],"author":[{"embeddable":true,"href":"https:\/\/www.bodegasprotos.com\/es\/wp-json\/wp\/v2\/users\/3"}],"replies":[{"embeddable":true,"href":"https:\/\/www.bodegasprotos.com\/es\/wp-json\/wp\/v2\/comments?post=40436"}],"version-history":[{"count":0,"href":"https:\/\/www.bodegasprotos.com\/es\/wp-json\/wp\/v2\/posts\/40436\/revisions"}],"wp:featuredmedia":[{"embeddable":true,"href":"https:\/\/www.bodegasprotos.com\/es\/wp-json\/wp\/v2\/media\/40438"}],"wp:attachment":[{"href":"https:\/\/www.bodegasprotos.com\/es\/wp-json\/wp\/v2\/media?parent=40436"}],"wp:term":[{"taxonomy":"category","embeddable":true,"href":"https:\/\/www.bodegasprotos.com\/es\/wp-json\/wp\/v2\/categories?post=40436"},{"taxonomy":"post_tag","embeddable":true,"href":"https:\/\/www.bodegasprotos.com\/es\/wp-json\/wp\/v2\/tags?post=40436"}],"curies":[{"name":"wp","href":"https:\/\/api.w.org\/{rel}","templated":true}]}}