{"id":39793,"date":"2024-02-23T11:34:55","date_gmt":"2024-02-23T10:34:55","guid":{"rendered":"https:\/\/www.bodegasprotos.com\/?p=39793"},"modified":"2024-02-26T17:00:00","modified_gmt":"2024-02-26T16:00:00","slug":"giuseppe-verdi-y-el-vino","status":"publish","type":"post","link":"https:\/\/www.bodegasprotos.com\/es\/blog\/giuseppe-verdi-y-el-vino\/","title":{"rendered":"Giuseppe Verdi y el vino"},"content":{"rendered":"<p>Siempre hemos dicho que el mundo del vino es un universo que casa a la perfecci\u00f3n con el mundo de las artes, y que muchos personajes ilustres como, por ejemplo, <a href=\"https:\/\/www.bodegasprotos.com\/es\/blog\/leonardo-da-vinci-y-el-vino\/\">Leonardo Da Vinci<\/a>, ten\u00edan vinculaci\u00f3n con \u00e9l.<\/p>\n<p>En esta ocasi\u00f3n, queremos descubrirte una faceta del gran compositor Giuseppe Verdi que seguro desconoc\u00edas. Hablamos de su relaci\u00f3n con el vino y como esto, de alguna manera, se vio reflejado en sus obras.<\/p>\n<h2><strong>Verdi y su pasi\u00f3n por el vino<\/strong><\/h2>\n<p>Giuseppe Verdi ha sido conocido en todo el mundo por sus \u00f3peras. Este genio musical ha conseguido dejarnos un legado que perdura hasta nuestros d\u00edas.<\/p>\n<p>De Verdi, sabemos que naci\u00f3 en un pueblo llamado Busseto, ubicado en la provincia de Parma. Su padre era el due\u00f1o de una peque\u00f1a taberna, donde vend\u00eda vino de una gran variedad de vi\u00f1edos locales, licores, caf\u00e9, az\u00facar y otros g\u00e9neros alimenticios. Probablemente, de aqu\u00ed surgi\u00f3 su pasi\u00f3n y amor por la tierra y el vino.<\/p>\n<p>El gran compositor no tuvo una vida f\u00e1cil, murieron sus hijos y su esposa y el estado an\u00edmico de este genio se vio reflejado en algunas de sus obras\u2026 pero pese a esos sinsabores de la vida, Verdi no dej\u00f3 que la tragedia fuera el pilar fundamental de sus d\u00edas.<\/p>\n<p>En 1851, Verdi adquiri\u00f3 la gran villa di Sant\u00b4Agata, cerca de Busseto en la provincia de Piacenza y m\u00e1s tarde, dado su gran amor por el vino, compr\u00f3 los terrenos circundantes a la villa donde hizo plantar un gran vi\u00f1edo.<\/p>\n<div id=\"attachment_39800\" style=\"width: 310px\" class=\"wp-caption aligncenter\"><img fetchpriority=\"high\" decoding=\"async\" aria-describedby=\"caption-attachment-39800\" class=\"wp-image-39800 size-medium\" src=\"https:\/\/www.bodegasprotos.com\/wp-content\/uploads\/2024\/02\/SantAgata_01-300x225.jpg\" alt=\"\" width=\"300\" height=\"225\" srcset=\"https:\/\/www.bodegasprotos.com\/wp-content\/uploads\/2024\/02\/SantAgata_01-300x225.jpg 300w, https:\/\/www.bodegasprotos.com\/wp-content\/uploads\/2024\/02\/SantAgata_01-1024x768.jpg 1024w, https:\/\/www.bodegasprotos.com\/wp-content\/uploads\/2024\/02\/SantAgata_01-768x576.jpg 768w, https:\/\/www.bodegasprotos.com\/wp-content\/uploads\/2024\/02\/SantAgata_01-1536x1152.jpg 1536w, https:\/\/www.bodegasprotos.com\/wp-content\/uploads\/2024\/02\/SantAgata_01-2048x1536.jpg 2048w\" sizes=\"(max-width: 300px) 100vw, 300px\" \/><p id=\"caption-attachment-39800\" class=\"wp-caption-text\"><a href=\"https:\/\/upload.wikimedia.org\/wikipedia\/commons\/7\/76\/Sant%27Agata_01.jpg\">Wikimedia<\/a><\/p><\/div>\n<p>En esta finca, es donde Giuseppe se sent\u00eda feliz, donde recib\u00eda a sus amigos y donde comenz\u00f3 a interesarse de una manera activa por la producci\u00f3n agr\u00edcola y la ganader\u00eda.<\/p>\n<div id=\"attachment_39802\" style=\"width: 310px\" class=\"wp-caption aligncenter\"><img decoding=\"async\" aria-describedby=\"caption-attachment-39802\" class=\"wp-image-39802 size-medium\" src=\"https:\/\/www.bodegasprotos.com\/wp-content\/uploads\/2024\/02\/verdi-with-friends-and-family-at-santagata-c11d33-640-300x244.jpg\" alt=\"\" width=\"300\" height=\"244\" srcset=\"https:\/\/www.bodegasprotos.com\/wp-content\/uploads\/2024\/02\/verdi-with-friends-and-family-at-santagata-c11d33-640-300x244.jpg 300w, https:\/\/www.bodegasprotos.com\/wp-content\/uploads\/2024\/02\/verdi-with-friends-and-family-at-santagata-c11d33-640.jpg 640w\" sizes=\"(max-width: 300px) 100vw, 300px\" \/><p id=\"caption-attachment-39802\" class=\"wp-caption-text\"><a href=\"https:\/\/jenikirbyhistory.getarchive.net\/amp\/media\/verdi-with-friends-and-family-at-santagata-c11d33\">Jenikirbyhistory.getarchive.net<\/a><\/p><\/div>\n<p>Gracias a las cartas que, a d\u00eda de hoy, se conservan, se sabe que se levantaba al amanecer para supervisar sus vi\u00f1edos y que, adem\u00e1s, dise\u00f1\u00f3 un sistema de irrigaci\u00f3n por canales.<\/p>\n<p>Adem\u00e1s, cuando estaba lejos, escrib\u00eda a sus trabajadores para darles indicaciones sobre c\u00f3mo mantener las tierras y los animales.<\/p>\n<p>Entre las variedades plantadas en su vi\u00f1edo se encontraban uvas locales como la Barbera, la Bonarda y Malvasia para hacer vinos secos, dulces y espumosos.<\/p>\n<h2><strong>Sus \u00f3peras y el vino<\/strong><\/h2>\n<p>Con todo esto, no es de extra\u00f1ar que en las \u00f3peras de Verdi haya a menudo escenas relacionadas con el vino y la comida y es que, durante el siglo XIX, incluso, se pod\u00eda comer y beber vino durante las representaciones oper\u00edsticas.<\/p>\n<p>Posadas, tabernas, banquetes privados y brindis abundan en los libretos de Verdi; a veces en sus escenograf\u00edas, otras, son lugares imprescindibles donde se desarrolla la acci\u00f3n, como, por ejemplo, en la \u00f3pera Falstaff.<\/p>\n<p>Otro ejemplo es La Traviata, que comienza alrededor de una mesa. En el primer acto de dicha \u00f3pera, entre charlas, se escucha el famoso <em>\u00abLibiamo ne&#8217; lieti calici\u00bb<\/em>.<\/p>\n<p>El <em>\u201cLibiamo ne\u2019lieti calici<\/em>\u201d entra dentro de lo que se considera el brindisi o brindis oper\u00edstico, al que tambi\u00e9n se le llama \u201ccanci\u00f3n de bebida\u201d, que consiste en un acto donde uno de los protagonistas propone un brindis con vino y el resto del elenco se une al estribillo.<\/p>\n<p>Otello, tambi\u00e9n, comienza en una taberna y tras unos peque\u00f1os compases, se lleva a cabo el brindis para celebrar el regreso del protagonista.<\/p>\n<p>Y, as\u00ed, en la gran mayor\u00eda de sus obras siempre encontraremos una oda al vino.<\/p>\n<p>Y, hasta aqu\u00ed, la historia de Verdi y su relaci\u00f3n con el vino, sin duda, un genio inolvidable, disfrut\u00f3n, amante del buen \u201cpranzo\u201d y siempre maridado con una buena copa de vino.<\/p>\n<div id=\"attachment_39794\" style=\"width: 310px\" class=\"wp-caption aligncenter\"><img decoding=\"async\" aria-describedby=\"caption-attachment-39794\" class=\"size-medium wp-image-39794\" src=\"https:\/\/www.bodegasprotos.com\/wp-content\/uploads\/2024\/02\/Busto_di_Giuseppe_Verdi_in_Palermo-300x224.jpg\" alt=\"\" width=\"300\" height=\"224\" srcset=\"https:\/\/www.bodegasprotos.com\/wp-content\/uploads\/2024\/02\/Busto_di_Giuseppe_Verdi_in_Palermo-300x224.jpg 300w, https:\/\/www.bodegasprotos.com\/wp-content\/uploads\/2024\/02\/Busto_di_Giuseppe_Verdi_in_Palermo-768x573.jpg 768w, https:\/\/www.bodegasprotos.com\/wp-content\/uploads\/2024\/02\/Busto_di_Giuseppe_Verdi_in_Palermo.jpg 1024w\" sizes=\"(max-width: 300px) 100vw, 300px\" \/><p id=\"caption-attachment-39794\" class=\"wp-caption-text\"><a href=\"https:\/\/upload.wikimedia.org\/wikipedia\/commons\/b\/be\/Busto_di_Giuseppe_Verdi_in_Palermo.jpg\">Wikimedia<\/a><\/p><\/div>\n","protected":false},"excerpt":{"rendered":"<p>Siempre hemos dicho que el mundo del vino es un universo que casa a la perfecci\u00f3n con el&#8230;<\/p>\n","protected":false},"author":3,"featured_media":39798,"comment_status":"closed","ping_status":"closed","sticky":false,"template":"","format":"standard","meta":{"_acf_changed":false,"footnotes":""},"categories":[87,1],"tags":[],"class_list":["post-39793","post","type-post","status-publish","format-standard","has-post-thumbnail","hentry","category-blog","category-general"],"acf":[],"yoast_head":"<!-- This site is optimized with the Yoast SEO plugin v27.5 - https:\/\/yoast.com\/product\/yoast-seo-wordpress\/ -->\n<title>Giuseppe Verdi y el vino - Bodegas Protos<\/title>\n<meta name=\"description\" content=\"Siempre hemos dicho que el mundo del vino es un universo que casa a la perfecci\u00f3n con el mundo de las artes, y que muchos personajes ilustres como, por\" \/>\n<meta name=\"robots\" content=\"index, follow, max-snippet:-1, max-image-preview:large, max-video-preview:-1\" \/>\n<link rel=\"canonical\" href=\"https:\/\/www.bodegasprotos.com\/es\/blog\/giuseppe-verdi-y-el-vino\/\" \/>\n<meta property=\"og:locale\" content=\"es_ES\" \/>\n<meta property=\"og:type\" content=\"article\" \/>\n<meta property=\"og:title\" content=\"Giuseppe Verdi y el vino - Bodegas Protos\" \/>\n<meta property=\"og:description\" content=\"Siempre hemos dicho que el mundo del vino es un universo que casa a la perfecci\u00f3n con el mundo de las artes, y que muchos personajes ilustres como, por\" \/>\n<meta property=\"og:url\" content=\"https:\/\/www.bodegasprotos.com\/es\/blog\/giuseppe-verdi-y-el-vino\/\" \/>\n<meta property=\"og:site_name\" content=\"Bodegas Protos\" \/>\n<meta property=\"article:publisher\" content=\"https:\/\/www.facebook.com\/BodegasProtos\" \/>\n<meta property=\"article:published_time\" content=\"2024-02-23T10:34:55+00:00\" \/>\n<meta property=\"article:modified_time\" content=\"2024-02-26T16:00:00+00:00\" \/>\n<meta property=\"og:image\" content=\"https:\/\/www.bodegasprotos.com\/wp-content\/uploads\/2024\/02\/8534815428_020faae9bf_o-1.jpg\" \/>\n\t<meta property=\"og:image:width\" content=\"753\" \/>\n\t<meta property=\"og:image:height\" content=\"512\" \/>\n\t<meta property=\"og:image:type\" content=\"image\/jpeg\" \/>\n<meta name=\"author\" content=\"Bodegas Protos (F)\" \/>\n<meta name=\"twitter:card\" content=\"summary_large_image\" \/>\n<meta name=\"twitter:creator\" content=\"@Bodegas_Protos\" \/>\n<meta name=\"twitter:site\" content=\"@Bodegas_Protos\" \/>\n<meta name=\"twitter:label1\" content=\"Escrito por\" \/>\n\t<meta name=\"twitter:data1\" content=\"Bodegas Protos (F)\" \/>\n\t<meta name=\"twitter:label2\" content=\"Tiempo de lectura\" \/>\n\t<meta name=\"twitter:data2\" content=\"4 minutos\" \/>\n<script type=\"application\/ld+json\" class=\"yoast-schema-graph\">{\"@context\":\"https:\\\/\\\/schema.org\",\"@graph\":[{\"@type\":\"Article\",\"@id\":\"https:\\\/\\\/www.bodegasprotos.com\\\/es\\\/blog\\\/giuseppe-verdi-y-el-vino\\\/#article\",\"isPartOf\":{\"@id\":\"https:\\\/\\\/www.bodegasprotos.com\\\/es\\\/blog\\\/giuseppe-verdi-y-el-vino\\\/\"},\"author\":{\"name\":\"Bodegas Protos (F)\",\"@id\":\"https:\\\/\\\/www.bodegasprotos.com\\\/es\\\/#\\\/schema\\\/person\\\/6cb69a08afa14171755cee0df7d20027\"},\"headline\":\"Giuseppe Verdi y el vino\",\"datePublished\":\"2024-02-23T10:34:55+00:00\",\"dateModified\":\"2024-02-26T16:00:00+00:00\",\"mainEntityOfPage\":{\"@id\":\"https:\\\/\\\/www.bodegasprotos.com\\\/es\\\/blog\\\/giuseppe-verdi-y-el-vino\\\/\"},\"wordCount\":660,\"publisher\":{\"@id\":\"https:\\\/\\\/www.bodegasprotos.com\\\/es\\\/#organization\"},\"image\":{\"@id\":\"https:\\\/\\\/www.bodegasprotos.com\\\/es\\\/blog\\\/giuseppe-verdi-y-el-vino\\\/#primaryimage\"},\"thumbnailUrl\":\"https:\\\/\\\/www.bodegasprotos.com\\\/wp-content\\\/uploads\\\/2024\\\/02\\\/8534815428_020faae9bf_o-1.jpg\",\"articleSection\":[\"Blog\",\"General\"],\"inLanguage\":\"es\"},{\"@type\":\"WebPage\",\"@id\":\"https:\\\/\\\/www.bodegasprotos.com\\\/es\\\/blog\\\/giuseppe-verdi-y-el-vino\\\/\",\"url\":\"https:\\\/\\\/www.bodegasprotos.com\\\/es\\\/blog\\\/giuseppe-verdi-y-el-vino\\\/\",\"name\":\"Giuseppe Verdi y el vino - Bodegas Protos\",\"isPartOf\":{\"@id\":\"https:\\\/\\\/www.bodegasprotos.com\\\/es\\\/#website\"},\"primaryImageOfPage\":{\"@id\":\"https:\\\/\\\/www.bodegasprotos.com\\\/es\\\/blog\\\/giuseppe-verdi-y-el-vino\\\/#primaryimage\"},\"image\":{\"@id\":\"https:\\\/\\\/www.bodegasprotos.com\\\/es\\\/blog\\\/giuseppe-verdi-y-el-vino\\\/#primaryimage\"},\"thumbnailUrl\":\"https:\\\/\\\/www.bodegasprotos.com\\\/wp-content\\\/uploads\\\/2024\\\/02\\\/8534815428_020faae9bf_o-1.jpg\",\"datePublished\":\"2024-02-23T10:34:55+00:00\",\"dateModified\":\"2024-02-26T16:00:00+00:00\",\"description\":\"Siempre hemos dicho que el mundo del vino es un universo que casa a la perfecci\u00f3n con el mundo de las artes, y que muchos personajes ilustres como, por\",\"breadcrumb\":{\"@id\":\"https:\\\/\\\/www.bodegasprotos.com\\\/es\\\/blog\\\/giuseppe-verdi-y-el-vino\\\/#breadcrumb\"},\"inLanguage\":\"es\",\"potentialAction\":[{\"@type\":\"ReadAction\",\"target\":[\"https:\\\/\\\/www.bodegasprotos.com\\\/es\\\/blog\\\/giuseppe-verdi-y-el-vino\\\/\"]}]},{\"@type\":\"ImageObject\",\"inLanguage\":\"es\",\"@id\":\"https:\\\/\\\/www.bodegasprotos.com\\\/es\\\/blog\\\/giuseppe-verdi-y-el-vino\\\/#primaryimage\",\"url\":\"https:\\\/\\\/www.bodegasprotos.com\\\/wp-content\\\/uploads\\\/2024\\\/02\\\/8534815428_020faae9bf_o-1.jpg\",\"contentUrl\":\"https:\\\/\\\/www.bodegasprotos.com\\\/wp-content\\\/uploads\\\/2024\\\/02\\\/8534815428_020faae9bf_o-1.jpg\",\"width\":753,\"height\":512},{\"@type\":\"BreadcrumbList\",\"@id\":\"https:\\\/\\\/www.bodegasprotos.com\\\/es\\\/blog\\\/giuseppe-verdi-y-el-vino\\\/#breadcrumb\",\"itemListElement\":[{\"@type\":\"ListItem\",\"position\":1,\"name\":\"Portada\",\"item\":\"https:\\\/\\\/www.bodegasprotos.com\\\/es\\\/\"},{\"@type\":\"ListItem\",\"position\":2,\"name\":\"Giuseppe Verdi y el vino\"}]},{\"@type\":\"WebSite\",\"@id\":\"https:\\\/\\\/www.bodegasprotos.com\\\/es\\\/#website\",\"url\":\"https:\\\/\\\/www.bodegasprotos.com\\\/es\\\/\",\"name\":\"Bodegas Protos\",\"description\":\"Vinos de la Denominaci\u00f3n de Origen Ribera del Duero, Rueda y Cigales\",\"publisher\":{\"@id\":\"https:\\\/\\\/www.bodegasprotos.com\\\/es\\\/#organization\"},\"potentialAction\":[{\"@type\":\"SearchAction\",\"target\":{\"@type\":\"EntryPoint\",\"urlTemplate\":\"https:\\\/\\\/www.bodegasprotos.com\\\/es\\\/?s={search_term_string}\"},\"query-input\":{\"@type\":\"PropertyValueSpecification\",\"valueRequired\":true,\"valueName\":\"search_term_string\"}}],\"inLanguage\":\"es\"},{\"@type\":\"Organization\",\"@id\":\"https:\\\/\\\/www.bodegasprotos.com\\\/es\\\/#organization\",\"name\":\"Bodegas Protos\",\"url\":\"https:\\\/\\\/www.bodegasprotos.com\\\/es\\\/\",\"logo\":{\"@type\":\"ImageObject\",\"inLanguage\":\"es\",\"@id\":\"https:\\\/\\\/www.bodegasprotos.com\\\/es\\\/#\\\/schema\\\/logo\\\/image\\\/\",\"url\":\"https:\\\/\\\/www.bodegasprotos.com\\\/wp-content\\\/uploads\\\/2024\\\/06\\\/PROTOS-LOGOS-VERSIONES-13.png\",\"contentUrl\":\"https:\\\/\\\/www.bodegasprotos.com\\\/wp-content\\\/uploads\\\/2024\\\/06\\\/PROTOS-LOGOS-VERSIONES-13.png\",\"width\":2362,\"height\":2362,\"caption\":\"Bodegas Protos\"},\"image\":{\"@id\":\"https:\\\/\\\/www.bodegasprotos.com\\\/es\\\/#\\\/schema\\\/logo\\\/image\\\/\"},\"sameAs\":[\"https:\\\/\\\/www.facebook.com\\\/BodegasProtos\",\"https:\\\/\\\/x.com\\\/Bodegas_Protos\",\"https:\\\/\\\/www.instagram.com\\\/bodegasprotosoficial\\\/\",\"https:\\\/\\\/www.linkedin.com\\\/company\\\/bodegasprotos\\\/\",\"https:\\\/\\\/pinterest.com\\\/BodegasProtos\\\/\",\"http:\\\/\\\/www.youtube.com\\\/user\\\/BodegasProtos\",\"https:\\\/\\\/es.wikipedia.org\\\/wiki\\\/Bodegas_Protos\"]},{\"@type\":\"Person\",\"@id\":\"https:\\\/\\\/www.bodegasprotos.com\\\/es\\\/#\\\/schema\\\/person\\\/6cb69a08afa14171755cee0df7d20027\",\"name\":\"Bodegas Protos (F)\",\"image\":{\"@type\":\"ImageObject\",\"inLanguage\":\"es\",\"@id\":\"https:\\\/\\\/secure.gravatar.com\\\/avatar\\\/cc613a9fd2ee203f402357c1b4aa2b7c041016cbf1eab1e41bde410b2ebd7f94?s=96&d=mm&r=g\",\"url\":\"https:\\\/\\\/secure.gravatar.com\\\/avatar\\\/cc613a9fd2ee203f402357c1b4aa2b7c041016cbf1eab1e41bde410b2ebd7f94?s=96&d=mm&r=g\",\"contentUrl\":\"https:\\\/\\\/secure.gravatar.com\\\/avatar\\\/cc613a9fd2ee203f402357c1b4aa2b7c041016cbf1eab1e41bde410b2ebd7f94?s=96&d=mm&r=g\",\"caption\":\"Bodegas Protos (F)\"},\"sameAs\":[\"https:\\\/\\\/www.bodegasprotos.com\"]}]}<\/script>\n<!-- \/ Yoast SEO plugin. -->","yoast_head_json":{"title":"Giuseppe Verdi y el vino - Bodegas Protos","description":"Siempre hemos dicho que el mundo del vino es un universo que casa a la perfecci\u00f3n con el mundo de las artes, y que muchos personajes ilustres como, por","robots":{"index":"index","follow":"follow","max-snippet":"max-snippet:-1","max-image-preview":"max-image-preview:large","max-video-preview":"max-video-preview:-1"},"canonical":"https:\/\/www.bodegasprotos.com\/es\/blog\/giuseppe-verdi-y-el-vino\/","og_locale":"es_ES","og_type":"article","og_title":"Giuseppe Verdi y el vino - Bodegas Protos","og_description":"Siempre hemos dicho que el mundo del vino es un universo que casa a la perfecci\u00f3n con el mundo de las artes, y que muchos personajes ilustres como, por","og_url":"https:\/\/www.bodegasprotos.com\/es\/blog\/giuseppe-verdi-y-el-vino\/","og_site_name":"Bodegas Protos","article_publisher":"https:\/\/www.facebook.com\/BodegasProtos","article_published_time":"2024-02-23T10:34:55+00:00","article_modified_time":"2024-02-26T16:00:00+00:00","og_image":[{"width":753,"height":512,"url":"https:\/\/www.bodegasprotos.com\/wp-content\/uploads\/2024\/02\/8534815428_020faae9bf_o-1.jpg","type":"image\/jpeg"}],"author":"Bodegas Protos (F)","twitter_card":"summary_large_image","twitter_creator":"@Bodegas_Protos","twitter_site":"@Bodegas_Protos","twitter_misc":{"Escrito por":"Bodegas Protos (F)","Tiempo de lectura":"4 minutos"},"schema":{"@context":"https:\/\/schema.org","@graph":[{"@type":"Article","@id":"https:\/\/www.bodegasprotos.com\/es\/blog\/giuseppe-verdi-y-el-vino\/#article","isPartOf":{"@id":"https:\/\/www.bodegasprotos.com\/es\/blog\/giuseppe-verdi-y-el-vino\/"},"author":{"name":"Bodegas Protos (F)","@id":"https:\/\/www.bodegasprotos.com\/es\/#\/schema\/person\/6cb69a08afa14171755cee0df7d20027"},"headline":"Giuseppe Verdi y el vino","datePublished":"2024-02-23T10:34:55+00:00","dateModified":"2024-02-26T16:00:00+00:00","mainEntityOfPage":{"@id":"https:\/\/www.bodegasprotos.com\/es\/blog\/giuseppe-verdi-y-el-vino\/"},"wordCount":660,"publisher":{"@id":"https:\/\/www.bodegasprotos.com\/es\/#organization"},"image":{"@id":"https:\/\/www.bodegasprotos.com\/es\/blog\/giuseppe-verdi-y-el-vino\/#primaryimage"},"thumbnailUrl":"https:\/\/www.bodegasprotos.com\/wp-content\/uploads\/2024\/02\/8534815428_020faae9bf_o-1.jpg","articleSection":["Blog","General"],"inLanguage":"es"},{"@type":"WebPage","@id":"https:\/\/www.bodegasprotos.com\/es\/blog\/giuseppe-verdi-y-el-vino\/","url":"https:\/\/www.bodegasprotos.com\/es\/blog\/giuseppe-verdi-y-el-vino\/","name":"Giuseppe Verdi y el vino - Bodegas Protos","isPartOf":{"@id":"https:\/\/www.bodegasprotos.com\/es\/#website"},"primaryImageOfPage":{"@id":"https:\/\/www.bodegasprotos.com\/es\/blog\/giuseppe-verdi-y-el-vino\/#primaryimage"},"image":{"@id":"https:\/\/www.bodegasprotos.com\/es\/blog\/giuseppe-verdi-y-el-vino\/#primaryimage"},"thumbnailUrl":"https:\/\/www.bodegasprotos.com\/wp-content\/uploads\/2024\/02\/8534815428_020faae9bf_o-1.jpg","datePublished":"2024-02-23T10:34:55+00:00","dateModified":"2024-02-26T16:00:00+00:00","description":"Siempre hemos dicho que el mundo del vino es un universo que casa a la perfecci\u00f3n con el mundo de las artes, y que muchos personajes ilustres como, por","breadcrumb":{"@id":"https:\/\/www.bodegasprotos.com\/es\/blog\/giuseppe-verdi-y-el-vino\/#breadcrumb"},"inLanguage":"es","potentialAction":[{"@type":"ReadAction","target":["https:\/\/www.bodegasprotos.com\/es\/blog\/giuseppe-verdi-y-el-vino\/"]}]},{"@type":"ImageObject","inLanguage":"es","@id":"https:\/\/www.bodegasprotos.com\/es\/blog\/giuseppe-verdi-y-el-vino\/#primaryimage","url":"https:\/\/www.bodegasprotos.com\/wp-content\/uploads\/2024\/02\/8534815428_020faae9bf_o-1.jpg","contentUrl":"https:\/\/www.bodegasprotos.com\/wp-content\/uploads\/2024\/02\/8534815428_020faae9bf_o-1.jpg","width":753,"height":512},{"@type":"BreadcrumbList","@id":"https:\/\/www.bodegasprotos.com\/es\/blog\/giuseppe-verdi-y-el-vino\/#breadcrumb","itemListElement":[{"@type":"ListItem","position":1,"name":"Portada","item":"https:\/\/www.bodegasprotos.com\/es\/"},{"@type":"ListItem","position":2,"name":"Giuseppe Verdi y el vino"}]},{"@type":"WebSite","@id":"https:\/\/www.bodegasprotos.com\/es\/#website","url":"https:\/\/www.bodegasprotos.com\/es\/","name":"Bodegas Protos","description":"Vinos de la Denominaci\u00f3n de Origen Ribera del Duero, Rueda y Cigales","publisher":{"@id":"https:\/\/www.bodegasprotos.com\/es\/#organization"},"potentialAction":[{"@type":"SearchAction","target":{"@type":"EntryPoint","urlTemplate":"https:\/\/www.bodegasprotos.com\/es\/?s={search_term_string}"},"query-input":{"@type":"PropertyValueSpecification","valueRequired":true,"valueName":"search_term_string"}}],"inLanguage":"es"},{"@type":"Organization","@id":"https:\/\/www.bodegasprotos.com\/es\/#organization","name":"Bodegas Protos","url":"https:\/\/www.bodegasprotos.com\/es\/","logo":{"@type":"ImageObject","inLanguage":"es","@id":"https:\/\/www.bodegasprotos.com\/es\/#\/schema\/logo\/image\/","url":"https:\/\/www.bodegasprotos.com\/wp-content\/uploads\/2024\/06\/PROTOS-LOGOS-VERSIONES-13.png","contentUrl":"https:\/\/www.bodegasprotos.com\/wp-content\/uploads\/2024\/06\/PROTOS-LOGOS-VERSIONES-13.png","width":2362,"height":2362,"caption":"Bodegas Protos"},"image":{"@id":"https:\/\/www.bodegasprotos.com\/es\/#\/schema\/logo\/image\/"},"sameAs":["https:\/\/www.facebook.com\/BodegasProtos","https:\/\/x.com\/Bodegas_Protos","https:\/\/www.instagram.com\/bodegasprotosoficial\/","https:\/\/www.linkedin.com\/company\/bodegasprotos\/","https:\/\/pinterest.com\/BodegasProtos\/","http:\/\/www.youtube.com\/user\/BodegasProtos","https:\/\/es.wikipedia.org\/wiki\/Bodegas_Protos"]},{"@type":"Person","@id":"https:\/\/www.bodegasprotos.com\/es\/#\/schema\/person\/6cb69a08afa14171755cee0df7d20027","name":"Bodegas Protos (F)","image":{"@type":"ImageObject","inLanguage":"es","@id":"https:\/\/secure.gravatar.com\/avatar\/cc613a9fd2ee203f402357c1b4aa2b7c041016cbf1eab1e41bde410b2ebd7f94?s=96&d=mm&r=g","url":"https:\/\/secure.gravatar.com\/avatar\/cc613a9fd2ee203f402357c1b4aa2b7c041016cbf1eab1e41bde410b2ebd7f94?s=96&d=mm&r=g","contentUrl":"https:\/\/secure.gravatar.com\/avatar\/cc613a9fd2ee203f402357c1b4aa2b7c041016cbf1eab1e41bde410b2ebd7f94?s=96&d=mm&r=g","caption":"Bodegas Protos (F)"},"sameAs":["https:\/\/www.bodegasprotos.com"]}]}},"_links":{"self":[{"href":"https:\/\/www.bodegasprotos.com\/es\/wp-json\/wp\/v2\/posts\/39793","targetHints":{"allow":["GET"]}}],"collection":[{"href":"https:\/\/www.bodegasprotos.com\/es\/wp-json\/wp\/v2\/posts"}],"about":[{"href":"https:\/\/www.bodegasprotos.com\/es\/wp-json\/wp\/v2\/types\/post"}],"author":[{"embeddable":true,"href":"https:\/\/www.bodegasprotos.com\/es\/wp-json\/wp\/v2\/users\/3"}],"replies":[{"embeddable":true,"href":"https:\/\/www.bodegasprotos.com\/es\/wp-json\/wp\/v2\/comments?post=39793"}],"version-history":[{"count":0,"href":"https:\/\/www.bodegasprotos.com\/es\/wp-json\/wp\/v2\/posts\/39793\/revisions"}],"wp:featuredmedia":[{"embeddable":true,"href":"https:\/\/www.bodegasprotos.com\/es\/wp-json\/wp\/v2\/media\/39798"}],"wp:attachment":[{"href":"https:\/\/www.bodegasprotos.com\/es\/wp-json\/wp\/v2\/media?parent=39793"}],"wp:term":[{"taxonomy":"category","embeddable":true,"href":"https:\/\/www.bodegasprotos.com\/es\/wp-json\/wp\/v2\/categories?post=39793"},{"taxonomy":"post_tag","embeddable":true,"href":"https:\/\/www.bodegasprotos.com\/es\/wp-json\/wp\/v2\/tags?post=39793"}],"curies":[{"name":"wp","href":"https:\/\/api.w.org\/{rel}","templated":true}]}}