{"id":39654,"date":"2024-01-26T11:34:53","date_gmt":"2024-01-26T10:34:53","guid":{"rendered":"https:\/\/www.bodegasprotos.com\/?p=39654"},"modified":"2024-01-24T16:54:27","modified_gmt":"2024-01-24T15:54:27","slug":"alimentos-que-jamas-debes-maridar-con-vino","status":"publish","type":"post","link":"https:\/\/www.bodegasprotos.com\/es\/blog\/alimentos-que-jamas-debes-maridar-con-vino\/","title":{"rendered":"Alimentos que JAM\u00c1S debes maridar con vino"},"content":{"rendered":"<p>En este blog, te proponemos de vez en cuando, <a href=\"https:\/\/www.bodegasprotos.com\/es\/blog\/maridaje-de-embutidos-y-vinos-protos\/\">algunos maridajes<\/a>\u2026 pero hoy, queremos hablarte, precisamente, de esos alimentos que no casan con el vino y que pueden resultarte desagradables al paladar.<\/p>\n<p>Toma nota y no dejes que una mala combinaci\u00f3n te estropee un gran momento.<\/p>\n<h3><strong>Vinagre<\/strong><\/h3>\n<p>Comenzamos con el<a href=\"https:\/\/www.bodegasprotos.com\/es\/blog\/las-3-v-vino-vinagre-y-vermu\/\"> vinagre<\/a>. El problema es su acidez, que no casa bien con el vino. Muchas comidas contienen vinagretas fuertes que anulan completamente el sabor del vino.<\/p>\n<p><img decoding=\"async\" class=\"aligncenter wp-image-39663\" src=\"https:\/\/www.bodegasprotos.com\/wp-content\/uploads\/2024\/01\/towfiqu-barbhuiya-qxApfY4fGG4-unsplash-300x200.jpg\" alt=\"\" width=\"267\" height=\"178\" srcset=\"https:\/\/www.bodegasprotos.com\/wp-content\/uploads\/2024\/01\/towfiqu-barbhuiya-qxApfY4fGG4-unsplash-300x200.jpg 300w, https:\/\/www.bodegasprotos.com\/wp-content\/uploads\/2024\/01\/towfiqu-barbhuiya-qxApfY4fGG4-unsplash-1024x683.jpg 1024w, https:\/\/www.bodegasprotos.com\/wp-content\/uploads\/2024\/01\/towfiqu-barbhuiya-qxApfY4fGG4-unsplash-768x512.jpg 768w, https:\/\/www.bodegasprotos.com\/wp-content\/uploads\/2024\/01\/towfiqu-barbhuiya-qxApfY4fGG4-unsplash-1536x1024.jpg 1536w, https:\/\/www.bodegasprotos.com\/wp-content\/uploads\/2024\/01\/towfiqu-barbhuiya-qxApfY4fGG4-unsplash-2048x1365.jpg 2048w\" sizes=\"(max-width: 267px) 100vw, 267px\" \/><\/p>\n<h3><strong>Sardinas<\/strong><\/h3>\n<p>Aunque son muy buenas para la salud, en el vino genera un efecto bastante malo. Su sabor met\u00e1lico no es precisamente el mejor aliado del vino.<\/p>\n<p><img fetchpriority=\"high\" decoding=\"async\" class=\"aligncenter size-medium wp-image-39661\" src=\"https:\/\/www.bodegasprotos.com\/wp-content\/uploads\/2024\/01\/harris-vo-gxWsRTgC_Vg-unsplash-300x200.jpg\" alt=\"\" width=\"300\" height=\"200\" srcset=\"https:\/\/www.bodegasprotos.com\/wp-content\/uploads\/2024\/01\/harris-vo-gxWsRTgC_Vg-unsplash-300x200.jpg 300w, https:\/\/www.bodegasprotos.com\/wp-content\/uploads\/2024\/01\/harris-vo-gxWsRTgC_Vg-unsplash-1024x683.jpg 1024w, https:\/\/www.bodegasprotos.com\/wp-content\/uploads\/2024\/01\/harris-vo-gxWsRTgC_Vg-unsplash-768x512.jpg 768w, https:\/\/www.bodegasprotos.com\/wp-content\/uploads\/2024\/01\/harris-vo-gxWsRTgC_Vg-unsplash-1536x1025.jpg 1536w, https:\/\/www.bodegasprotos.com\/wp-content\/uploads\/2024\/01\/harris-vo-gxWsRTgC_Vg-unsplash-2048x1366.jpg 2048w\" sizes=\"(max-width: 300px) 100vw, 300px\" \/><\/p>\n<h3><strong>Comidas picantes<\/strong><\/h3>\n<p>Cualquier comida que contenga picante, matar\u00e1 los aromas y el sabor del vino.<\/p>\n<p><img decoding=\"async\" class=\"aligncenter size-medium wp-image-39659\" src=\"https:\/\/www.bodegasprotos.com\/wp-content\/uploads\/2024\/01\/aliona-gumeniuk-AOQ83RPea60-unsplash-225x300.jpg\" alt=\"\" width=\"225\" height=\"300\" srcset=\"https:\/\/www.bodegasprotos.com\/wp-content\/uploads\/2024\/01\/aliona-gumeniuk-AOQ83RPea60-unsplash-225x300.jpg 225w, https:\/\/www.bodegasprotos.com\/wp-content\/uploads\/2024\/01\/aliona-gumeniuk-AOQ83RPea60-unsplash-768x1024.jpg 768w, https:\/\/www.bodegasprotos.com\/wp-content\/uploads\/2024\/01\/aliona-gumeniuk-AOQ83RPea60-unsplash-1152x1536.jpg 1152w, https:\/\/www.bodegasprotos.com\/wp-content\/uploads\/2024\/01\/aliona-gumeniuk-AOQ83RPea60-unsplash-1536x2048.jpg 1536w, https:\/\/www.bodegasprotos.com\/wp-content\/uploads\/2024\/01\/aliona-gumeniuk-AOQ83RPea60-unsplash-scaled.jpg 1920w\" sizes=\"(max-width: 225px) 100vw, 225px\" \/><\/p>\n<h3><strong>Apio<\/strong><\/h3>\n<p>El apio tiene un sabor amargo que no marida precisamente bien con el vino.<\/p>\n<p><img loading=\"lazy\" decoding=\"async\" class=\"aligncenter size-medium wp-image-39657\" src=\"https:\/\/www.bodegasprotos.com\/wp-content\/uploads\/2024\/01\/kelly-sikkema-ZugQ-1NBaO0-unsplash-200x300.jpg\" alt=\"\" width=\"200\" height=\"300\" srcset=\"https:\/\/www.bodegasprotos.com\/wp-content\/uploads\/2024\/01\/kelly-sikkema-ZugQ-1NBaO0-unsplash-200x300.jpg 200w, https:\/\/www.bodegasprotos.com\/wp-content\/uploads\/2024\/01\/kelly-sikkema-ZugQ-1NBaO0-unsplash-683x1024.jpg 683w, https:\/\/www.bodegasprotos.com\/wp-content\/uploads\/2024\/01\/kelly-sikkema-ZugQ-1NBaO0-unsplash-768x1152.jpg 768w, https:\/\/www.bodegasprotos.com\/wp-content\/uploads\/2024\/01\/kelly-sikkema-ZugQ-1NBaO0-unsplash-1024x1536.jpg 1024w, https:\/\/www.bodegasprotos.com\/wp-content\/uploads\/2024\/01\/kelly-sikkema-ZugQ-1NBaO0-unsplash-1365x2048.jpg 1365w, https:\/\/www.bodegasprotos.com\/wp-content\/uploads\/2024\/01\/kelly-sikkema-ZugQ-1NBaO0-unsplash-scaled.jpg 1707w\" sizes=\"(max-width: 200px) 100vw, 200px\" \/><\/p>\n<h3><strong>Hinojo<\/strong><\/h3>\n<p>Esta hierba, b\u00e1sicamente lo que hace es que los aromas frutales de algunos vinos tintos no se perciban.<\/p>\n<div id=\"attachment_39655\" style=\"width: 310px\" class=\"wp-caption aligncenter\"><img loading=\"lazy\" decoding=\"async\" aria-describedby=\"caption-attachment-39655\" class=\"wp-image-39655 size-medium\" src=\"https:\/\/www.bodegasprotos.com\/wp-content\/uploads\/2024\/01\/7463153192_a255209094_o-300x219.jpg\" alt=\"\" width=\"300\" height=\"219\" srcset=\"https:\/\/www.bodegasprotos.com\/wp-content\/uploads\/2024\/01\/7463153192_a255209094_o-300x219.jpg 300w, https:\/\/www.bodegasprotos.com\/wp-content\/uploads\/2024\/01\/7463153192_a255209094_o-1024x746.jpg 1024w, https:\/\/www.bodegasprotos.com\/wp-content\/uploads\/2024\/01\/7463153192_a255209094_o-768x559.jpg 768w, https:\/\/www.bodegasprotos.com\/wp-content\/uploads\/2024\/01\/7463153192_a255209094_o-1536x1119.jpg 1536w, https:\/\/www.bodegasprotos.com\/wp-content\/uploads\/2024\/01\/7463153192_a255209094_o-2048x1492.jpg 2048w\" sizes=\"(max-width: 300px) 100vw, 300px\" \/><p id=\"caption-attachment-39655\" class=\"wp-caption-text\">Flickr. Autor <a id=\"yui_3_16_0_1_1706109730001_2069\" class=\"owner-name truncate\" title=\"Ir a la galer\u00eda de manuel m. v.\" href=\"https:\/\/www.flickr.com\/photos\/martius\/7463153192\" rel=\"author\" data-track=\"attributionNameClick\">manuel m. v.<\/a><\/p><\/div>\n<h3><strong>Ajo<\/strong><\/h3>\n<p>Con el ajo es mejor pecar de menos que de m\u00e1s, ya que si echamos mucho en nuestros platos lo que har\u00e1 ser\u00e1 anular los aromas del vino.<\/p>\n<p><img loading=\"lazy\" decoding=\"async\" class=\"aligncenter size-medium wp-image-39665\" src=\"https:\/\/www.bodegasprotos.com\/wp-content\/uploads\/2024\/01\/towfiqu-barbhuiya-BQqNSRPWcRA-unsplash-200x300.jpg\" alt=\"\" width=\"200\" height=\"300\" srcset=\"https:\/\/www.bodegasprotos.com\/wp-content\/uploads\/2024\/01\/towfiqu-barbhuiya-BQqNSRPWcRA-unsplash-200x300.jpg 200w, https:\/\/www.bodegasprotos.com\/wp-content\/uploads\/2024\/01\/towfiqu-barbhuiya-BQqNSRPWcRA-unsplash-683x1024.jpg 683w, https:\/\/www.bodegasprotos.com\/wp-content\/uploads\/2024\/01\/towfiqu-barbhuiya-BQqNSRPWcRA-unsplash-768x1151.jpg 768w, https:\/\/www.bodegasprotos.com\/wp-content\/uploads\/2024\/01\/towfiqu-barbhuiya-BQqNSRPWcRA-unsplash-1025x1536.jpg 1025w, https:\/\/www.bodegasprotos.com\/wp-content\/uploads\/2024\/01\/towfiqu-barbhuiya-BQqNSRPWcRA-unsplash-1367x2048.jpg 1367w, https:\/\/www.bodegasprotos.com\/wp-content\/uploads\/2024\/01\/towfiqu-barbhuiya-BQqNSRPWcRA-unsplash-scaled.jpg 1708w\" sizes=\"(max-width: 200px) 100vw, 200px\" \/><\/p>\n<h3><strong>Alcachofas<\/strong><\/h3>\n<p>Contiene un componente qu\u00edmico, la cinarina, que es la causante de que a muchas personas les quede un sabor a met\u00e1lico que no es muy agradable, con lo cual la mezcla con el vino hace que su sabor se pierda.<\/p>\n<p><img loading=\"lazy\" decoding=\"async\" class=\"aligncenter size-medium wp-image-39667\" src=\"https:\/\/www.bodegasprotos.com\/wp-content\/uploads\/2024\/01\/kim-daniels-J84yENp4O9w-unsplash-200x300.jpg\" alt=\"\" width=\"200\" height=\"300\" srcset=\"https:\/\/www.bodegasprotos.com\/wp-content\/uploads\/2024\/01\/kim-daniels-J84yENp4O9w-unsplash-200x300.jpg 200w, https:\/\/www.bodegasprotos.com\/wp-content\/uploads\/2024\/01\/kim-daniels-J84yENp4O9w-unsplash-683x1024.jpg 683w, https:\/\/www.bodegasprotos.com\/wp-content\/uploads\/2024\/01\/kim-daniels-J84yENp4O9w-unsplash-768x1152.jpg 768w, https:\/\/www.bodegasprotos.com\/wp-content\/uploads\/2024\/01\/kim-daniels-J84yENp4O9w-unsplash-1024x1536.jpg 1024w, https:\/\/www.bodegasprotos.com\/wp-content\/uploads\/2024\/01\/kim-daniels-J84yENp4O9w-unsplash-1365x2048.jpg 1365w, https:\/\/www.bodegasprotos.com\/wp-content\/uploads\/2024\/01\/kim-daniels-J84yENp4O9w-unsplash-scaled.jpg 1707w\" sizes=\"(max-width: 200px) 100vw, 200px\" \/><\/p>\n<h3><strong>Ahumados<\/strong><\/h3>\n<p>Todos aquellos alimentos que se han sometido al humo, b\u00e1sicamente lo que hacen es destrozar el vino.<\/p>\n<p><img loading=\"lazy\" decoding=\"async\" class=\"aligncenter wp-image-39669\" src=\"https:\/\/www.bodegasprotos.com\/wp-content\/uploads\/2024\/01\/judith-girard-marczak-bjrc_4HhuE0-unsplash-280x300.jpg\" alt=\"\" width=\"217\" height=\"233\" srcset=\"https:\/\/www.bodegasprotos.com\/wp-content\/uploads\/2024\/01\/judith-girard-marczak-bjrc_4HhuE0-unsplash-280x300.jpg 280w, https:\/\/www.bodegasprotos.com\/wp-content\/uploads\/2024\/01\/judith-girard-marczak-bjrc_4HhuE0-unsplash-955x1024.jpg 955w, https:\/\/www.bodegasprotos.com\/wp-content\/uploads\/2024\/01\/judith-girard-marczak-bjrc_4HhuE0-unsplash-768x823.jpg 768w, https:\/\/www.bodegasprotos.com\/wp-content\/uploads\/2024\/01\/judith-girard-marczak-bjrc_4HhuE0-unsplash-1433x1536.jpg 1433w, https:\/\/www.bodegasprotos.com\/wp-content\/uploads\/2024\/01\/judith-girard-marczak-bjrc_4HhuE0-unsplash-1910x2048.jpg 1910w\" sizes=\"(max-width: 217px) 100vw, 217px\" \/><\/p>\n<h3><strong>Berros<\/strong><\/h3>\n<p>Con los berros, lo que ocurre es que el \u00e1cido f\u00f3rmico que contiene mata a los taninos del propio vino.<\/p>\n<p><img loading=\"lazy\" decoding=\"async\" class=\"aligncenter size-medium wp-image-39671\" src=\"https:\/\/www.bodegasprotos.com\/wp-content\/uploads\/2024\/01\/nebular-group-fst5TO4g-N4-unsplash-300x225.jpg\" alt=\"\" width=\"300\" height=\"225\" srcset=\"https:\/\/www.bodegasprotos.com\/wp-content\/uploads\/2024\/01\/nebular-group-fst5TO4g-N4-unsplash-300x225.jpg 300w, https:\/\/www.bodegasprotos.com\/wp-content\/uploads\/2024\/01\/nebular-group-fst5TO4g-N4-unsplash-1024x768.jpg 1024w, https:\/\/www.bodegasprotos.com\/wp-content\/uploads\/2024\/01\/nebular-group-fst5TO4g-N4-unsplash-768x576.jpg 768w, https:\/\/www.bodegasprotos.com\/wp-content\/uploads\/2024\/01\/nebular-group-fst5TO4g-N4-unsplash-1536x1152.jpg 1536w, https:\/\/www.bodegasprotos.com\/wp-content\/uploads\/2024\/01\/nebular-group-fst5TO4g-N4-unsplash-2048x1536.jpg 2048w\" sizes=\"(max-width: 300px) 100vw, 300px\" \/><\/p>\n<h3><strong>Anchoas<\/strong><\/h3>\n<p>Un manjar delicioso pero que no logra combinar bien con el vino.<\/p>\n<div id=\"attachment_39673\" style=\"width: 285px\" class=\"wp-caption aligncenter\"><img loading=\"lazy\" decoding=\"async\" aria-describedby=\"caption-attachment-39673\" class=\"wp-image-39673\" src=\"https:\/\/www.bodegasprotos.com\/wp-content\/uploads\/2024\/01\/Anchoas_en_aceite_6843963451-300x200.jpg\" alt=\"\" width=\"275\" height=\"183\" srcset=\"https:\/\/www.bodegasprotos.com\/wp-content\/uploads\/2024\/01\/Anchoas_en_aceite_6843963451-300x200.jpg 300w, https:\/\/www.bodegasprotos.com\/wp-content\/uploads\/2024\/01\/Anchoas_en_aceite_6843963451-1024x684.jpg 1024w, https:\/\/www.bodegasprotos.com\/wp-content\/uploads\/2024\/01\/Anchoas_en_aceite_6843963451-768x513.jpg 768w, https:\/\/www.bodegasprotos.com\/wp-content\/uploads\/2024\/01\/Anchoas_en_aceite_6843963451-1536x1026.jpg 1536w, https:\/\/www.bodegasprotos.com\/wp-content\/uploads\/2024\/01\/Anchoas_en_aceite_6843963451-2048x1368.jpg 2048w\" sizes=\"(max-width: 275px) 100vw, 275px\" \/><p id=\"caption-attachment-39673\" class=\"wp-caption-text\">Wikimedia. Autor: <a href=\"https:\/\/upload.wikimedia.org\/wikipedia\/commons\/7\/7b\/Anchoas_en_aceite_%286843963451%29.jpg\">Juan Seita<\/a><\/p><\/div>\n<h3><strong>Algunas hortalizas<\/strong><\/h3>\n<p>Al igual que con las alcachofas, los esp\u00e1rragos, espinacas y acelgas tienen un componente qu\u00edmico muy similar a la cinarina y aunque no estropeen de todo el vino, si que hay que tener mucho cuidado con c\u00f3mo se marida.<\/p>\n<p><img loading=\"lazy\" decoding=\"async\" class=\"aligncenter wp-image-39675\" src=\"https:\/\/www.bodegasprotos.com\/wp-content\/uploads\/2024\/01\/zoe-schaeffer-jm7_Rw0SFg-unsplash-200x300.jpg\" alt=\"\" width=\"180\" height=\"270\" srcset=\"https:\/\/www.bodegasprotos.com\/wp-content\/uploads\/2024\/01\/zoe-schaeffer-jm7_Rw0SFg-unsplash-200x300.jpg 200w, https:\/\/www.bodegasprotos.com\/wp-content\/uploads\/2024\/01\/zoe-schaeffer-jm7_Rw0SFg-unsplash-684x1024.jpg 684w, https:\/\/www.bodegasprotos.com\/wp-content\/uploads\/2024\/01\/zoe-schaeffer-jm7_Rw0SFg-unsplash-768x1151.jpg 768w, https:\/\/www.bodegasprotos.com\/wp-content\/uploads\/2024\/01\/zoe-schaeffer-jm7_Rw0SFg-unsplash-1025x1536.jpg 1025w, https:\/\/www.bodegasprotos.com\/wp-content\/uploads\/2024\/01\/zoe-schaeffer-jm7_Rw0SFg-unsplash-1367x2048.jpg 1367w, https:\/\/www.bodegasprotos.com\/wp-content\/uploads\/2024\/01\/zoe-schaeffer-jm7_Rw0SFg-unsplash-scaled.jpg 1709w\" sizes=\"(max-width: 180px) 100vw, 180px\" \/><\/p>\n<h3><strong>Huevos<\/strong><\/h3>\n<p>Hablamos del huevo cocido que en la boca congestiona y adormece a las papilas gustativas, y de esta forma es imposible poder degustar bien el vino.<\/p>\n<p><img loading=\"lazy\" decoding=\"async\" class=\"aligncenter size-medium wp-image-39677\" src=\"https:\/\/www.bodegasprotos.com\/wp-content\/uploads\/2024\/01\/tamanna-rumee-P90xikFA__4-unsplash-300x200.jpg\" alt=\"\" width=\"300\" height=\"200\" srcset=\"https:\/\/www.bodegasprotos.com\/wp-content\/uploads\/2024\/01\/tamanna-rumee-P90xikFA__4-unsplash-300x200.jpg 300w, https:\/\/www.bodegasprotos.com\/wp-content\/uploads\/2024\/01\/tamanna-rumee-P90xikFA__4-unsplash-1024x683.jpg 1024w, https:\/\/www.bodegasprotos.com\/wp-content\/uploads\/2024\/01\/tamanna-rumee-P90xikFA__4-unsplash-768x512.jpg 768w, https:\/\/www.bodegasprotos.com\/wp-content\/uploads\/2024\/01\/tamanna-rumee-P90xikFA__4-unsplash-1536x1024.jpg 1536w, https:\/\/www.bodegasprotos.com\/wp-content\/uploads\/2024\/01\/tamanna-rumee-P90xikFA__4-unsplash-2048x1365.jpg 2048w\" sizes=\"(max-width: 300px) 100vw, 300px\" \/><\/p>\n<p>Cabe decir, que aunque con estos alimentos el vino no es el mejor aliado, s\u00ed que hay algunos de ellos, que pueden permitirse alg\u00fan tipo de vino como, por ejemplo, <a href=\"https:\/\/www.bodegasprotos.com\/es\/vino\/verdejo\/\">blancos arom\u00e1ticos<\/a> en ahumados; <a href=\"https:\/\/www.bodegasprotos.com\/es\/vino\/protos-verdejo-cuvee\/\">blanco<\/a> con comidas picantes; alg\u00fan <a href=\"https:\/\/www.bodegasprotos.com\/es\/vino\/aire-de-protos\/\">rosado<\/a> en el caso de las anchoas o <a href=\"https:\/\/www.bodegasprotos.com\/es\/vino\/verdejo-reserva\/\">blanco con madera<\/a> en el caso del hinojo.<\/p>\n","protected":false},"excerpt":{"rendered":"<p>En este blog, te proponemos de vez en cuando, algunos maridajes\u2026 pero hoy, queremos hablarte, precisamente, de esos&#8230;<\/p>\n","protected":false},"author":3,"featured_media":39679,"comment_status":"closed","ping_status":"closed","sticky":false,"template":"","format":"standard","meta":{"_acf_changed":false,"footnotes":""},"categories":[87,1],"tags":[],"class_list":["post-39654","post","type-post","status-publish","format-standard","has-post-thumbnail","hentry","category-blog","category-general"],"acf":[],"yoast_head":"<!-- This site is optimized with the Yoast SEO plugin v27.5 - https:\/\/yoast.com\/product\/yoast-seo-wordpress\/ -->\n<title>Alimentos que JAM\u00c1S debes maridar con vino - Bodegas Protos<\/title>\n<meta name=\"description\" content=\"En este blog, te proponemos de vez en cuando, algunos maridajes\u2026 pero hoy, queremos hablarte, precisamente, de esos alimentos que no casan con el vino y\" \/>\n<meta name=\"robots\" content=\"index, follow, max-snippet:-1, max-image-preview:large, max-video-preview:-1\" \/>\n<link rel=\"canonical\" href=\"https:\/\/www.bodegasprotos.com\/es\/blog\/alimentos-que-jamas-debes-maridar-con-vino\/\" \/>\n<meta property=\"og:locale\" content=\"es_ES\" \/>\n<meta property=\"og:type\" content=\"article\" \/>\n<meta property=\"og:title\" content=\"Alimentos que JAM\u00c1S debes maridar con vino - Bodegas Protos\" \/>\n<meta property=\"og:description\" content=\"En este blog, te proponemos de vez en cuando, algunos maridajes\u2026 pero hoy, queremos hablarte, precisamente, de esos alimentos que no casan con el vino y\" \/>\n<meta property=\"og:url\" content=\"https:\/\/www.bodegasprotos.com\/es\/blog\/alimentos-que-jamas-debes-maridar-con-vino\/\" \/>\n<meta property=\"og:site_name\" content=\"Bodegas Protos\" \/>\n<meta property=\"article:publisher\" content=\"https:\/\/www.facebook.com\/BodegasProtos\" \/>\n<meta property=\"article:published_time\" content=\"2024-01-26T10:34:53+00:00\" \/>\n<meta property=\"og:image\" content=\"https:\/\/www.bodegasprotos.com\/wp-content\/uploads\/2024\/01\/mad-luthfi-CR4dSk8aPxk-unsplash-scaled.jpg\" \/>\n\t<meta property=\"og:image:width\" content=\"1927\" \/>\n\t<meta property=\"og:image:height\" content=\"2560\" \/>\n\t<meta property=\"og:image:type\" content=\"image\/jpeg\" \/>\n<meta name=\"author\" content=\"Bodegas Protos (F)\" \/>\n<meta name=\"twitter:card\" content=\"summary_large_image\" \/>\n<meta name=\"twitter:creator\" content=\"@Bodegas_Protos\" \/>\n<meta name=\"twitter:site\" content=\"@Bodegas_Protos\" \/>\n<meta name=\"twitter:label1\" content=\"Escrito por\" \/>\n\t<meta name=\"twitter:data1\" content=\"Bodegas Protos (F)\" \/>\n\t<meta name=\"twitter:label2\" content=\"Tiempo de lectura\" \/>\n\t<meta name=\"twitter:data2\" content=\"5 minutos\" \/>\n<script type=\"application\/ld+json\" class=\"yoast-schema-graph\">{\"@context\":\"https:\\\/\\\/schema.org\",\"@graph\":[{\"@type\":\"Article\",\"@id\":\"https:\\\/\\\/www.bodegasprotos.com\\\/es\\\/blog\\\/alimentos-que-jamas-debes-maridar-con-vino\\\/#article\",\"isPartOf\":{\"@id\":\"https:\\\/\\\/www.bodegasprotos.com\\\/es\\\/blog\\\/alimentos-que-jamas-debes-maridar-con-vino\\\/\"},\"author\":{\"name\":\"Bodegas Protos (F)\",\"@id\":\"https:\\\/\\\/www.bodegasprotos.com\\\/es\\\/#\\\/schema\\\/person\\\/6cb69a08afa14171755cee0df7d20027\"},\"headline\":\"Alimentos que JAM\u00c1S debes maridar con vino\",\"datePublished\":\"2024-01-26T10:34:53+00:00\",\"mainEntityOfPage\":{\"@id\":\"https:\\\/\\\/www.bodegasprotos.com\\\/es\\\/blog\\\/alimentos-que-jamas-debes-maridar-con-vino\\\/\"},\"wordCount\":441,\"publisher\":{\"@id\":\"https:\\\/\\\/www.bodegasprotos.com\\\/es\\\/#organization\"},\"image\":{\"@id\":\"https:\\\/\\\/www.bodegasprotos.com\\\/es\\\/blog\\\/alimentos-que-jamas-debes-maridar-con-vino\\\/#primaryimage\"},\"thumbnailUrl\":\"https:\\\/\\\/www.bodegasprotos.com\\\/wp-content\\\/uploads\\\/2024\\\/01\\\/mad-luthfi-CR4dSk8aPxk-unsplash-scaled.jpg\",\"articleSection\":[\"Blog\",\"General\"],\"inLanguage\":\"es\"},{\"@type\":\"WebPage\",\"@id\":\"https:\\\/\\\/www.bodegasprotos.com\\\/es\\\/blog\\\/alimentos-que-jamas-debes-maridar-con-vino\\\/\",\"url\":\"https:\\\/\\\/www.bodegasprotos.com\\\/es\\\/blog\\\/alimentos-que-jamas-debes-maridar-con-vino\\\/\",\"name\":\"Alimentos que JAM\u00c1S debes maridar con vino - Bodegas Protos\",\"isPartOf\":{\"@id\":\"https:\\\/\\\/www.bodegasprotos.com\\\/es\\\/#website\"},\"primaryImageOfPage\":{\"@id\":\"https:\\\/\\\/www.bodegasprotos.com\\\/es\\\/blog\\\/alimentos-que-jamas-debes-maridar-con-vino\\\/#primaryimage\"},\"image\":{\"@id\":\"https:\\\/\\\/www.bodegasprotos.com\\\/es\\\/blog\\\/alimentos-que-jamas-debes-maridar-con-vino\\\/#primaryimage\"},\"thumbnailUrl\":\"https:\\\/\\\/www.bodegasprotos.com\\\/wp-content\\\/uploads\\\/2024\\\/01\\\/mad-luthfi-CR4dSk8aPxk-unsplash-scaled.jpg\",\"datePublished\":\"2024-01-26T10:34:53+00:00\",\"description\":\"En este blog, te proponemos de vez en cuando, algunos maridajes\u2026 pero hoy, queremos hablarte, precisamente, de esos alimentos que no casan con el vino y\",\"breadcrumb\":{\"@id\":\"https:\\\/\\\/www.bodegasprotos.com\\\/es\\\/blog\\\/alimentos-que-jamas-debes-maridar-con-vino\\\/#breadcrumb\"},\"inLanguage\":\"es\",\"potentialAction\":[{\"@type\":\"ReadAction\",\"target\":[\"https:\\\/\\\/www.bodegasprotos.com\\\/es\\\/blog\\\/alimentos-que-jamas-debes-maridar-con-vino\\\/\"]}]},{\"@type\":\"ImageObject\",\"inLanguage\":\"es\",\"@id\":\"https:\\\/\\\/www.bodegasprotos.com\\\/es\\\/blog\\\/alimentos-que-jamas-debes-maridar-con-vino\\\/#primaryimage\",\"url\":\"https:\\\/\\\/www.bodegasprotos.com\\\/wp-content\\\/uploads\\\/2024\\\/01\\\/mad-luthfi-CR4dSk8aPxk-unsplash-scaled.jpg\",\"contentUrl\":\"https:\\\/\\\/www.bodegasprotos.com\\\/wp-content\\\/uploads\\\/2024\\\/01\\\/mad-luthfi-CR4dSk8aPxk-unsplash-scaled.jpg\",\"width\":1927,\"height\":2560},{\"@type\":\"BreadcrumbList\",\"@id\":\"https:\\\/\\\/www.bodegasprotos.com\\\/es\\\/blog\\\/alimentos-que-jamas-debes-maridar-con-vino\\\/#breadcrumb\",\"itemListElement\":[{\"@type\":\"ListItem\",\"position\":1,\"name\":\"Portada\",\"item\":\"https:\\\/\\\/www.bodegasprotos.com\\\/es\\\/\"},{\"@type\":\"ListItem\",\"position\":2,\"name\":\"Alimentos que JAM\u00c1S debes maridar con vino\"}]},{\"@type\":\"WebSite\",\"@id\":\"https:\\\/\\\/www.bodegasprotos.com\\\/es\\\/#website\",\"url\":\"https:\\\/\\\/www.bodegasprotos.com\\\/es\\\/\",\"name\":\"Bodegas Protos\",\"description\":\"Vinos de la Denominaci\u00f3n de Origen Ribera del Duero, Rueda y Cigales\",\"publisher\":{\"@id\":\"https:\\\/\\\/www.bodegasprotos.com\\\/es\\\/#organization\"},\"potentialAction\":[{\"@type\":\"SearchAction\",\"target\":{\"@type\":\"EntryPoint\",\"urlTemplate\":\"https:\\\/\\\/www.bodegasprotos.com\\\/es\\\/?s={search_term_string}\"},\"query-input\":{\"@type\":\"PropertyValueSpecification\",\"valueRequired\":true,\"valueName\":\"search_term_string\"}}],\"inLanguage\":\"es\"},{\"@type\":\"Organization\",\"@id\":\"https:\\\/\\\/www.bodegasprotos.com\\\/es\\\/#organization\",\"name\":\"Bodegas Protos\",\"url\":\"https:\\\/\\\/www.bodegasprotos.com\\\/es\\\/\",\"logo\":{\"@type\":\"ImageObject\",\"inLanguage\":\"es\",\"@id\":\"https:\\\/\\\/www.bodegasprotos.com\\\/es\\\/#\\\/schema\\\/logo\\\/image\\\/\",\"url\":\"https:\\\/\\\/www.bodegasprotos.com\\\/wp-content\\\/uploads\\\/2024\\\/06\\\/PROTOS-LOGOS-VERSIONES-13.png\",\"contentUrl\":\"https:\\\/\\\/www.bodegasprotos.com\\\/wp-content\\\/uploads\\\/2024\\\/06\\\/PROTOS-LOGOS-VERSIONES-13.png\",\"width\":2362,\"height\":2362,\"caption\":\"Bodegas Protos\"},\"image\":{\"@id\":\"https:\\\/\\\/www.bodegasprotos.com\\\/es\\\/#\\\/schema\\\/logo\\\/image\\\/\"},\"sameAs\":[\"https:\\\/\\\/www.facebook.com\\\/BodegasProtos\",\"https:\\\/\\\/x.com\\\/Bodegas_Protos\",\"https:\\\/\\\/www.instagram.com\\\/bodegasprotosoficial\\\/\",\"https:\\\/\\\/www.linkedin.com\\\/company\\\/bodegasprotos\\\/\",\"https:\\\/\\\/pinterest.com\\\/BodegasProtos\\\/\",\"http:\\\/\\\/www.youtube.com\\\/user\\\/BodegasProtos\",\"https:\\\/\\\/es.wikipedia.org\\\/wiki\\\/Bodegas_Protos\"]},{\"@type\":\"Person\",\"@id\":\"https:\\\/\\\/www.bodegasprotos.com\\\/es\\\/#\\\/schema\\\/person\\\/6cb69a08afa14171755cee0df7d20027\",\"name\":\"Bodegas Protos (F)\",\"image\":{\"@type\":\"ImageObject\",\"inLanguage\":\"es\",\"@id\":\"https:\\\/\\\/secure.gravatar.com\\\/avatar\\\/cc613a9fd2ee203f402357c1b4aa2b7c041016cbf1eab1e41bde410b2ebd7f94?s=96&d=mm&r=g\",\"url\":\"https:\\\/\\\/secure.gravatar.com\\\/avatar\\\/cc613a9fd2ee203f402357c1b4aa2b7c041016cbf1eab1e41bde410b2ebd7f94?s=96&d=mm&r=g\",\"contentUrl\":\"https:\\\/\\\/secure.gravatar.com\\\/avatar\\\/cc613a9fd2ee203f402357c1b4aa2b7c041016cbf1eab1e41bde410b2ebd7f94?s=96&d=mm&r=g\",\"caption\":\"Bodegas Protos (F)\"},\"sameAs\":[\"https:\\\/\\\/www.bodegasprotos.com\"]}]}<\/script>\n<!-- \/ Yoast SEO plugin. -->","yoast_head_json":{"title":"Alimentos que JAM\u00c1S debes maridar con vino - Bodegas Protos","description":"En este blog, te proponemos de vez en cuando, algunos maridajes\u2026 pero hoy, queremos hablarte, precisamente, de esos alimentos que no casan con el vino y","robots":{"index":"index","follow":"follow","max-snippet":"max-snippet:-1","max-image-preview":"max-image-preview:large","max-video-preview":"max-video-preview:-1"},"canonical":"https:\/\/www.bodegasprotos.com\/es\/blog\/alimentos-que-jamas-debes-maridar-con-vino\/","og_locale":"es_ES","og_type":"article","og_title":"Alimentos que JAM\u00c1S debes maridar con vino - Bodegas Protos","og_description":"En este blog, te proponemos de vez en cuando, algunos maridajes\u2026 pero hoy, queremos hablarte, precisamente, de esos alimentos que no casan con el vino y","og_url":"https:\/\/www.bodegasprotos.com\/es\/blog\/alimentos-que-jamas-debes-maridar-con-vino\/","og_site_name":"Bodegas Protos","article_publisher":"https:\/\/www.facebook.com\/BodegasProtos","article_published_time":"2024-01-26T10:34:53+00:00","og_image":[{"width":1927,"height":2560,"url":"https:\/\/www.bodegasprotos.com\/wp-content\/uploads\/2024\/01\/mad-luthfi-CR4dSk8aPxk-unsplash-scaled.jpg","type":"image\/jpeg"}],"author":"Bodegas Protos (F)","twitter_card":"summary_large_image","twitter_creator":"@Bodegas_Protos","twitter_site":"@Bodegas_Protos","twitter_misc":{"Escrito por":"Bodegas Protos (F)","Tiempo de lectura":"5 minutos"},"schema":{"@context":"https:\/\/schema.org","@graph":[{"@type":"Article","@id":"https:\/\/www.bodegasprotos.com\/es\/blog\/alimentos-que-jamas-debes-maridar-con-vino\/#article","isPartOf":{"@id":"https:\/\/www.bodegasprotos.com\/es\/blog\/alimentos-que-jamas-debes-maridar-con-vino\/"},"author":{"name":"Bodegas Protos (F)","@id":"https:\/\/www.bodegasprotos.com\/es\/#\/schema\/person\/6cb69a08afa14171755cee0df7d20027"},"headline":"Alimentos que JAM\u00c1S debes maridar con vino","datePublished":"2024-01-26T10:34:53+00:00","mainEntityOfPage":{"@id":"https:\/\/www.bodegasprotos.com\/es\/blog\/alimentos-que-jamas-debes-maridar-con-vino\/"},"wordCount":441,"publisher":{"@id":"https:\/\/www.bodegasprotos.com\/es\/#organization"},"image":{"@id":"https:\/\/www.bodegasprotos.com\/es\/blog\/alimentos-que-jamas-debes-maridar-con-vino\/#primaryimage"},"thumbnailUrl":"https:\/\/www.bodegasprotos.com\/wp-content\/uploads\/2024\/01\/mad-luthfi-CR4dSk8aPxk-unsplash-scaled.jpg","articleSection":["Blog","General"],"inLanguage":"es"},{"@type":"WebPage","@id":"https:\/\/www.bodegasprotos.com\/es\/blog\/alimentos-que-jamas-debes-maridar-con-vino\/","url":"https:\/\/www.bodegasprotos.com\/es\/blog\/alimentos-que-jamas-debes-maridar-con-vino\/","name":"Alimentos que JAM\u00c1S debes maridar con vino - Bodegas Protos","isPartOf":{"@id":"https:\/\/www.bodegasprotos.com\/es\/#website"},"primaryImageOfPage":{"@id":"https:\/\/www.bodegasprotos.com\/es\/blog\/alimentos-que-jamas-debes-maridar-con-vino\/#primaryimage"},"image":{"@id":"https:\/\/www.bodegasprotos.com\/es\/blog\/alimentos-que-jamas-debes-maridar-con-vino\/#primaryimage"},"thumbnailUrl":"https:\/\/www.bodegasprotos.com\/wp-content\/uploads\/2024\/01\/mad-luthfi-CR4dSk8aPxk-unsplash-scaled.jpg","datePublished":"2024-01-26T10:34:53+00:00","description":"En este blog, te proponemos de vez en cuando, algunos maridajes\u2026 pero hoy, queremos hablarte, precisamente, de esos alimentos que no casan con el vino y","breadcrumb":{"@id":"https:\/\/www.bodegasprotos.com\/es\/blog\/alimentos-que-jamas-debes-maridar-con-vino\/#breadcrumb"},"inLanguage":"es","potentialAction":[{"@type":"ReadAction","target":["https:\/\/www.bodegasprotos.com\/es\/blog\/alimentos-que-jamas-debes-maridar-con-vino\/"]}]},{"@type":"ImageObject","inLanguage":"es","@id":"https:\/\/www.bodegasprotos.com\/es\/blog\/alimentos-que-jamas-debes-maridar-con-vino\/#primaryimage","url":"https:\/\/www.bodegasprotos.com\/wp-content\/uploads\/2024\/01\/mad-luthfi-CR4dSk8aPxk-unsplash-scaled.jpg","contentUrl":"https:\/\/www.bodegasprotos.com\/wp-content\/uploads\/2024\/01\/mad-luthfi-CR4dSk8aPxk-unsplash-scaled.jpg","width":1927,"height":2560},{"@type":"BreadcrumbList","@id":"https:\/\/www.bodegasprotos.com\/es\/blog\/alimentos-que-jamas-debes-maridar-con-vino\/#breadcrumb","itemListElement":[{"@type":"ListItem","position":1,"name":"Portada","item":"https:\/\/www.bodegasprotos.com\/es\/"},{"@type":"ListItem","position":2,"name":"Alimentos que JAM\u00c1S debes maridar con vino"}]},{"@type":"WebSite","@id":"https:\/\/www.bodegasprotos.com\/es\/#website","url":"https:\/\/www.bodegasprotos.com\/es\/","name":"Bodegas Protos","description":"Vinos de la Denominaci\u00f3n de Origen Ribera del Duero, Rueda y Cigales","publisher":{"@id":"https:\/\/www.bodegasprotos.com\/es\/#organization"},"potentialAction":[{"@type":"SearchAction","target":{"@type":"EntryPoint","urlTemplate":"https:\/\/www.bodegasprotos.com\/es\/?s={search_term_string}"},"query-input":{"@type":"PropertyValueSpecification","valueRequired":true,"valueName":"search_term_string"}}],"inLanguage":"es"},{"@type":"Organization","@id":"https:\/\/www.bodegasprotos.com\/es\/#organization","name":"Bodegas Protos","url":"https:\/\/www.bodegasprotos.com\/es\/","logo":{"@type":"ImageObject","inLanguage":"es","@id":"https:\/\/www.bodegasprotos.com\/es\/#\/schema\/logo\/image\/","url":"https:\/\/www.bodegasprotos.com\/wp-content\/uploads\/2024\/06\/PROTOS-LOGOS-VERSIONES-13.png","contentUrl":"https:\/\/www.bodegasprotos.com\/wp-content\/uploads\/2024\/06\/PROTOS-LOGOS-VERSIONES-13.png","width":2362,"height":2362,"caption":"Bodegas Protos"},"image":{"@id":"https:\/\/www.bodegasprotos.com\/es\/#\/schema\/logo\/image\/"},"sameAs":["https:\/\/www.facebook.com\/BodegasProtos","https:\/\/x.com\/Bodegas_Protos","https:\/\/www.instagram.com\/bodegasprotosoficial\/","https:\/\/www.linkedin.com\/company\/bodegasprotos\/","https:\/\/pinterest.com\/BodegasProtos\/","http:\/\/www.youtube.com\/user\/BodegasProtos","https:\/\/es.wikipedia.org\/wiki\/Bodegas_Protos"]},{"@type":"Person","@id":"https:\/\/www.bodegasprotos.com\/es\/#\/schema\/person\/6cb69a08afa14171755cee0df7d20027","name":"Bodegas Protos (F)","image":{"@type":"ImageObject","inLanguage":"es","@id":"https:\/\/secure.gravatar.com\/avatar\/cc613a9fd2ee203f402357c1b4aa2b7c041016cbf1eab1e41bde410b2ebd7f94?s=96&d=mm&r=g","url":"https:\/\/secure.gravatar.com\/avatar\/cc613a9fd2ee203f402357c1b4aa2b7c041016cbf1eab1e41bde410b2ebd7f94?s=96&d=mm&r=g","contentUrl":"https:\/\/secure.gravatar.com\/avatar\/cc613a9fd2ee203f402357c1b4aa2b7c041016cbf1eab1e41bde410b2ebd7f94?s=96&d=mm&r=g","caption":"Bodegas Protos (F)"},"sameAs":["https:\/\/www.bodegasprotos.com"]}]}},"_links":{"self":[{"href":"https:\/\/www.bodegasprotos.com\/es\/wp-json\/wp\/v2\/posts\/39654","targetHints":{"allow":["GET"]}}],"collection":[{"href":"https:\/\/www.bodegasprotos.com\/es\/wp-json\/wp\/v2\/posts"}],"about":[{"href":"https:\/\/www.bodegasprotos.com\/es\/wp-json\/wp\/v2\/types\/post"}],"author":[{"embeddable":true,"href":"https:\/\/www.bodegasprotos.com\/es\/wp-json\/wp\/v2\/users\/3"}],"replies":[{"embeddable":true,"href":"https:\/\/www.bodegasprotos.com\/es\/wp-json\/wp\/v2\/comments?post=39654"}],"version-history":[{"count":0,"href":"https:\/\/www.bodegasprotos.com\/es\/wp-json\/wp\/v2\/posts\/39654\/revisions"}],"wp:featuredmedia":[{"embeddable":true,"href":"https:\/\/www.bodegasprotos.com\/es\/wp-json\/wp\/v2\/media\/39679"}],"wp:attachment":[{"href":"https:\/\/www.bodegasprotos.com\/es\/wp-json\/wp\/v2\/media?parent=39654"}],"wp:term":[{"taxonomy":"category","embeddable":true,"href":"https:\/\/www.bodegasprotos.com\/es\/wp-json\/wp\/v2\/categories?post=39654"},{"taxonomy":"post_tag","embeddable":true,"href":"https:\/\/www.bodegasprotos.com\/es\/wp-json\/wp\/v2\/tags?post=39654"}],"curies":[{"name":"wp","href":"https:\/\/api.w.org\/{rel}","templated":true}]}}