{"id":39635,"date":"2024-01-19T11:35:17","date_gmt":"2024-01-19T10:35:17","guid":{"rendered":"https:\/\/www.bodegasprotos.com\/?p=39635"},"modified":"2024-01-18T11:36:18","modified_gmt":"2024-01-18T10:36:18","slug":"donde-se-encuentra-la-vid-mas-antigua-del-mundo","status":"publish","type":"post","link":"https:\/\/www.bodegasprotos.com\/es\/blog\/donde-se-encuentra-la-vid-mas-antigua-del-mundo\/","title":{"rendered":"\u00bfD\u00f3nde se encuentra la vid m\u00e1s antigua del mundo?"},"content":{"rendered":"<p>Hace tiempo, ya te hablamos de cu\u00e1l es <a href=\"https:\/\/www.bodegasprotos.com\/es\/blog\/el-vino-mas-antiguo-del-mundo\/\">el vino m\u00e1s antiguo del mundo<\/a>, pues en esta ocasi\u00f3n, queremos contarte d\u00f3nde se encuentra la vid m\u00e1s antigua del mundo&#8230; y estamos seguros de que esta historia te sorprender\u00e1&#8230;<\/p>\n<p>La vid m\u00e1s antigua del mundo, seg\u00fan el Libro Guinness de los R\u00e9cords, se encuentra en Eslovenia, concretamente en la ciudad de Maribor.<\/p>\n<p>Se la denomina The Old Vine (La Vi\u00f1a Vieja) y se estima que tiene m\u00e1s de 450 a\u00f1os de antig\u00fcedad.<\/p>\n<div id=\"attachment_39636\" style=\"width: 210px\" class=\"wp-caption aligncenter\"><img fetchpriority=\"high\" decoding=\"async\" aria-describedby=\"caption-attachment-39636\" class=\"wp-image-39636 size-medium\" src=\"https:\/\/www.bodegasprotos.com\/wp-content\/uploads\/2024\/01\/foto-vid-2-200x300.jpg\" alt=\"\" width=\"200\" height=\"300\" srcset=\"https:\/\/www.bodegasprotos.com\/wp-content\/uploads\/2024\/01\/foto-vid-2-200x300.jpg 200w, https:\/\/www.bodegasprotos.com\/wp-content\/uploads\/2024\/01\/foto-vid-2-683x1024.jpg 683w, https:\/\/www.bodegasprotos.com\/wp-content\/uploads\/2024\/01\/foto-vid-2-768x1152.jpg 768w, https:\/\/www.bodegasprotos.com\/wp-content\/uploads\/2024\/01\/foto-vid-2-1024x1536.jpg 1024w, https:\/\/www.bodegasprotos.com\/wp-content\/uploads\/2024\/01\/foto-vid-2-1365x2048.jpg 1365w, https:\/\/www.bodegasprotos.com\/wp-content\/uploads\/2024\/01\/foto-vid-2-scaled.jpg 1707w\" sizes=\"(max-width: 200px) 100vw, 200px\" \/><p id=\"caption-attachment-39636\" class=\"wp-caption-text\">Wikimedia. Autor: <a href=\"https:\/\/commons.wikimedia.org\/wiki\/File:Stara_trta,_Maribor.jpg\">Marco Almbauer<\/a><\/p><\/div>\n<h2><strong>\u00bfQu\u00e9 sabemos de la vid m\u00e1s antigua del mundo?<\/strong><\/h2>\n<p>Sabemos que fue plantada a finales de la edad Media y se encontraba en la muralla que proteg\u00eda la ciudad cuando fue asediada por los turcos.\u00a0 Adem\u00e1s, sobrevivi\u00f3 a grandes guerras, batallas, plagas, incendios y hasta la Segunda Guerra Mundial.<\/p>\n<p>La vid cuenta con su propio museo, la casa de la Vi\u00f1a Vieja. Es ella quien da la bienvenida al museo con sus preciosas hojas verdes y recorriendo todo el edificio.<\/p>\n<div id=\"attachment_39638\" style=\"width: 310px\" class=\"wp-caption aligncenter\"><img decoding=\"async\" aria-describedby=\"caption-attachment-39638\" class=\"wp-image-39638 size-medium\" src=\"https:\/\/www.bodegasprotos.com\/wp-content\/uploads\/2024\/01\/Foto-vid-3-300x158.jpg\" alt=\"\" width=\"300\" height=\"158\" srcset=\"https:\/\/www.bodegasprotos.com\/wp-content\/uploads\/2024\/01\/Foto-vid-3-300x158.jpg 300w, https:\/\/www.bodegasprotos.com\/wp-content\/uploads\/2024\/01\/Foto-vid-3-1024x541.jpg 1024w, https:\/\/www.bodegasprotos.com\/wp-content\/uploads\/2024\/01\/Foto-vid-3-768x406.jpg 768w, https:\/\/www.bodegasprotos.com\/wp-content\/uploads\/2024\/01\/Foto-vid-3-1536x811.jpg 1536w, https:\/\/www.bodegasprotos.com\/wp-content\/uploads\/2024\/01\/Foto-vid-3-2048x1082.jpg 2048w\" sizes=\"(max-width: 300px) 100vw, 300px\" \/><p id=\"caption-attachment-39638\" class=\"wp-caption-text\">Wikimedia. Autor: <a href=\"https:\/\/commons.wikimedia.org\/wiki\/File:Stara_trta,_Maribor,_grapes.jpg\">Marco Almbauer<\/a><\/p><\/div>\n<p>La variedad de uva es la \u00ab\u017dametovka\u00bb o \u00abModra kav\u010dina\u00bb, uva tinta la cual contin\u00faa dando frutos. Se estima que al a\u00f1o puede dar entre 35 y 55 kg de uva y su producci\u00f3n es de entre 15 y 35 litros de vino.<\/p>\n<p>Es un vino tan especial, que el artista Oskar Kogoj es el encargado de dise\u00f1ar las botellas (alrededor de 100 botellas al a\u00f1o) que se suelen regalar en eventos especiales. Adem\u00e1s, de que solo unos pocos privilegiados pueden acceder a catar este vino.<\/p>\n<p>Hoy en d\u00eda, existen injertos de la planta repartidos por todo el mundo. En 2020, exist\u00edan 228 injertos certificados en 29 pa\u00edses de cuatro continentes.<\/p>\n<p>Stane Kocutar es quien cuida la vid desde 2010, y quien cultiva los injertos. Es durante la Poda de la Vi\u00f1a Vieja, que se celebra el \u00faltimo viernes de febrero o el primer viernes de marzo, cuando se presentan estos injertos.<\/p>\n<div id=\"attachment_39640\" style=\"width: 310px\" class=\"wp-caption aligncenter\"><img decoding=\"async\" aria-describedby=\"caption-attachment-39640\" class=\"wp-image-39640 size-medium\" src=\"https:\/\/www.bodegasprotos.com\/wp-content\/uploads\/2024\/01\/foto-vid-4-300x225.jpg\" alt=\"\" width=\"300\" height=\"225\" srcset=\"https:\/\/www.bodegasprotos.com\/wp-content\/uploads\/2024\/01\/foto-vid-4-300x225.jpg 300w, https:\/\/www.bodegasprotos.com\/wp-content\/uploads\/2024\/01\/foto-vid-4-1024x768.jpg 1024w, https:\/\/www.bodegasprotos.com\/wp-content\/uploads\/2024\/01\/foto-vid-4-768x576.jpg 768w, https:\/\/www.bodegasprotos.com\/wp-content\/uploads\/2024\/01\/foto-vid-4-1536x1152.jpg 1536w, https:\/\/www.bodegasprotos.com\/wp-content\/uploads\/2024\/01\/foto-vid-4-2048x1536.jpg 2048w\" sizes=\"(max-width: 300px) 100vw, 300px\" \/><p id=\"caption-attachment-39640\" class=\"wp-caption-text\">Wikimedia. Autor: <a href=\"https:\/\/commons.wikimedia.org\/wiki\/File:Stara_trta_zim%C4%85.JPG\">Dziczka<\/a><\/p><\/div>\n<p>Adem\u00e1s, de la Poda de la Vi\u00f1a Vieja, Maribor cuenta con distintos actos en su honor como son el <strong>Martinovanje y el Festival de la Vid antigua<\/strong>.<\/p>\n","protected":false},"excerpt":{"rendered":"<p>Hace tiempo, ya te hablamos de cu\u00e1l es el vino m\u00e1s antiguo del mundo, pues en esta ocasi\u00f3n,&#8230;<\/p>\n","protected":false},"author":3,"featured_media":39642,"comment_status":"closed","ping_status":"closed","sticky":false,"template":"","format":"standard","meta":{"_acf_changed":false,"footnotes":""},"categories":[87,1],"tags":[],"class_list":["post-39635","post","type-post","status-publish","format-standard","has-post-thumbnail","hentry","category-blog","category-general"],"acf":[],"yoast_head":"<!-- This site is optimized with the Yoast SEO plugin v27.5 - https:\/\/yoast.com\/product\/yoast-seo-wordpress\/ -->\n<title>\u00bfD\u00f3nde se encuentra la vid m\u00e1s antigua del mundo? - Bodegas Protos<\/title>\n<meta name=\"description\" content=\"Hace tiempo, ya te hablamos de cu\u00e1l es el vino m\u00e1s antiguo del mundo, pues en esta ocasi\u00f3n, queremos contarte d\u00f3nde se encuentra la vid m\u00e1s antigua del\" \/>\n<meta name=\"robots\" content=\"index, follow, max-snippet:-1, max-image-preview:large, max-video-preview:-1\" \/>\n<link rel=\"canonical\" href=\"https:\/\/www.bodegasprotos.com\/es\/blog\/donde-se-encuentra-la-vid-mas-antigua-del-mundo\/\" \/>\n<meta property=\"og:locale\" content=\"es_ES\" \/>\n<meta property=\"og:type\" content=\"article\" \/>\n<meta property=\"og:title\" content=\"\u00bfD\u00f3nde se encuentra la vid m\u00e1s antigua del mundo? - Bodegas Protos\" \/>\n<meta property=\"og:description\" content=\"Hace tiempo, ya te hablamos de cu\u00e1l es el vino m\u00e1s antiguo del mundo, pues en esta ocasi\u00f3n, queremos contarte d\u00f3nde se encuentra la vid m\u00e1s antigua del\" \/>\n<meta property=\"og:url\" content=\"https:\/\/www.bodegasprotos.com\/es\/blog\/donde-se-encuentra-la-vid-mas-antigua-del-mundo\/\" \/>\n<meta property=\"og:site_name\" content=\"Bodegas Protos\" \/>\n<meta property=\"article:publisher\" content=\"https:\/\/www.facebook.com\/BodegasProtos\" \/>\n<meta property=\"article:published_time\" content=\"2024-01-19T10:35:17+00:00\" \/>\n<meta property=\"og:image\" content=\"https:\/\/www.bodegasprotos.com\/wp-content\/uploads\/2024\/01\/Foto-vid-scaled.jpg\" \/>\n\t<meta property=\"og:image:width\" content=\"2560\" \/>\n\t<meta property=\"og:image:height\" content=\"1652\" \/>\n\t<meta property=\"og:image:type\" content=\"image\/jpeg\" \/>\n<meta name=\"author\" content=\"Bodegas Protos (F)\" \/>\n<meta name=\"twitter:card\" content=\"summary_large_image\" \/>\n<meta name=\"twitter:creator\" content=\"@Bodegas_Protos\" \/>\n<meta name=\"twitter:site\" content=\"@Bodegas_Protos\" \/>\n<meta name=\"twitter:label1\" content=\"Escrito por\" \/>\n\t<meta name=\"twitter:data1\" content=\"Bodegas Protos (F)\" \/>\n\t<meta name=\"twitter:label2\" content=\"Tiempo de lectura\" \/>\n\t<meta name=\"twitter:data2\" content=\"3 minutos\" \/>\n<script type=\"application\/ld+json\" class=\"yoast-schema-graph\">{\"@context\":\"https:\\\/\\\/schema.org\",\"@graph\":[{\"@type\":\"Article\",\"@id\":\"https:\\\/\\\/www.bodegasprotos.com\\\/es\\\/blog\\\/donde-se-encuentra-la-vid-mas-antigua-del-mundo\\\/#article\",\"isPartOf\":{\"@id\":\"https:\\\/\\\/www.bodegasprotos.com\\\/es\\\/blog\\\/donde-se-encuentra-la-vid-mas-antigua-del-mundo\\\/\"},\"author\":{\"name\":\"Bodegas Protos (F)\",\"@id\":\"https:\\\/\\\/www.bodegasprotos.com\\\/es\\\/#\\\/schema\\\/person\\\/6cb69a08afa14171755cee0df7d20027\"},\"headline\":\"\u00bfD\u00f3nde se encuentra la vid m\u00e1s antigua del mundo?\",\"datePublished\":\"2024-01-19T10:35:17+00:00\",\"mainEntityOfPage\":{\"@id\":\"https:\\\/\\\/www.bodegasprotos.com\\\/es\\\/blog\\\/donde-se-encuentra-la-vid-mas-antigua-del-mundo\\\/\"},\"wordCount\":402,\"publisher\":{\"@id\":\"https:\\\/\\\/www.bodegasprotos.com\\\/es\\\/#organization\"},\"image\":{\"@id\":\"https:\\\/\\\/www.bodegasprotos.com\\\/es\\\/blog\\\/donde-se-encuentra-la-vid-mas-antigua-del-mundo\\\/#primaryimage\"},\"thumbnailUrl\":\"https:\\\/\\\/www.bodegasprotos.com\\\/wp-content\\\/uploads\\\/2024\\\/01\\\/Foto-vid-scaled.jpg\",\"articleSection\":[\"Blog\",\"General\"],\"inLanguage\":\"es\"},{\"@type\":\"WebPage\",\"@id\":\"https:\\\/\\\/www.bodegasprotos.com\\\/es\\\/blog\\\/donde-se-encuentra-la-vid-mas-antigua-del-mundo\\\/\",\"url\":\"https:\\\/\\\/www.bodegasprotos.com\\\/es\\\/blog\\\/donde-se-encuentra-la-vid-mas-antigua-del-mundo\\\/\",\"name\":\"\u00bfD\u00f3nde se encuentra la vid m\u00e1s antigua del mundo? - Bodegas Protos\",\"isPartOf\":{\"@id\":\"https:\\\/\\\/www.bodegasprotos.com\\\/es\\\/#website\"},\"primaryImageOfPage\":{\"@id\":\"https:\\\/\\\/www.bodegasprotos.com\\\/es\\\/blog\\\/donde-se-encuentra-la-vid-mas-antigua-del-mundo\\\/#primaryimage\"},\"image\":{\"@id\":\"https:\\\/\\\/www.bodegasprotos.com\\\/es\\\/blog\\\/donde-se-encuentra-la-vid-mas-antigua-del-mundo\\\/#primaryimage\"},\"thumbnailUrl\":\"https:\\\/\\\/www.bodegasprotos.com\\\/wp-content\\\/uploads\\\/2024\\\/01\\\/Foto-vid-scaled.jpg\",\"datePublished\":\"2024-01-19T10:35:17+00:00\",\"description\":\"Hace tiempo, ya te hablamos de cu\u00e1l es el vino m\u00e1s antiguo del mundo, pues en esta ocasi\u00f3n, queremos contarte d\u00f3nde se encuentra la vid m\u00e1s antigua del\",\"breadcrumb\":{\"@id\":\"https:\\\/\\\/www.bodegasprotos.com\\\/es\\\/blog\\\/donde-se-encuentra-la-vid-mas-antigua-del-mundo\\\/#breadcrumb\"},\"inLanguage\":\"es\",\"potentialAction\":[{\"@type\":\"ReadAction\",\"target\":[\"https:\\\/\\\/www.bodegasprotos.com\\\/es\\\/blog\\\/donde-se-encuentra-la-vid-mas-antigua-del-mundo\\\/\"]}]},{\"@type\":\"ImageObject\",\"inLanguage\":\"es\",\"@id\":\"https:\\\/\\\/www.bodegasprotos.com\\\/es\\\/blog\\\/donde-se-encuentra-la-vid-mas-antigua-del-mundo\\\/#primaryimage\",\"url\":\"https:\\\/\\\/www.bodegasprotos.com\\\/wp-content\\\/uploads\\\/2024\\\/01\\\/Foto-vid-scaled.jpg\",\"contentUrl\":\"https:\\\/\\\/www.bodegasprotos.com\\\/wp-content\\\/uploads\\\/2024\\\/01\\\/Foto-vid-scaled.jpg\",\"width\":2560,\"height\":1652},{\"@type\":\"BreadcrumbList\",\"@id\":\"https:\\\/\\\/www.bodegasprotos.com\\\/es\\\/blog\\\/donde-se-encuentra-la-vid-mas-antigua-del-mundo\\\/#breadcrumb\",\"itemListElement\":[{\"@type\":\"ListItem\",\"position\":1,\"name\":\"Portada\",\"item\":\"https:\\\/\\\/www.bodegasprotos.com\\\/es\\\/\"},{\"@type\":\"ListItem\",\"position\":2,\"name\":\"\u00bfD\u00f3nde se encuentra la vid m\u00e1s antigua del mundo?\"}]},{\"@type\":\"WebSite\",\"@id\":\"https:\\\/\\\/www.bodegasprotos.com\\\/es\\\/#website\",\"url\":\"https:\\\/\\\/www.bodegasprotos.com\\\/es\\\/\",\"name\":\"Bodegas Protos\",\"description\":\"Vinos de la Denominaci\u00f3n de Origen Ribera del Duero, Rueda y Cigales\",\"publisher\":{\"@id\":\"https:\\\/\\\/www.bodegasprotos.com\\\/es\\\/#organization\"},\"potentialAction\":[{\"@type\":\"SearchAction\",\"target\":{\"@type\":\"EntryPoint\",\"urlTemplate\":\"https:\\\/\\\/www.bodegasprotos.com\\\/es\\\/?s={search_term_string}\"},\"query-input\":{\"@type\":\"PropertyValueSpecification\",\"valueRequired\":true,\"valueName\":\"search_term_string\"}}],\"inLanguage\":\"es\"},{\"@type\":\"Organization\",\"@id\":\"https:\\\/\\\/www.bodegasprotos.com\\\/es\\\/#organization\",\"name\":\"Bodegas Protos\",\"url\":\"https:\\\/\\\/www.bodegasprotos.com\\\/es\\\/\",\"logo\":{\"@type\":\"ImageObject\",\"inLanguage\":\"es\",\"@id\":\"https:\\\/\\\/www.bodegasprotos.com\\\/es\\\/#\\\/schema\\\/logo\\\/image\\\/\",\"url\":\"https:\\\/\\\/www.bodegasprotos.com\\\/wp-content\\\/uploads\\\/2024\\\/06\\\/PROTOS-LOGOS-VERSIONES-13.png\",\"contentUrl\":\"https:\\\/\\\/www.bodegasprotos.com\\\/wp-content\\\/uploads\\\/2024\\\/06\\\/PROTOS-LOGOS-VERSIONES-13.png\",\"width\":2362,\"height\":2362,\"caption\":\"Bodegas Protos\"},\"image\":{\"@id\":\"https:\\\/\\\/www.bodegasprotos.com\\\/es\\\/#\\\/schema\\\/logo\\\/image\\\/\"},\"sameAs\":[\"https:\\\/\\\/www.facebook.com\\\/BodegasProtos\",\"https:\\\/\\\/x.com\\\/Bodegas_Protos\",\"https:\\\/\\\/www.instagram.com\\\/bodegasprotosoficial\\\/\",\"https:\\\/\\\/www.linkedin.com\\\/company\\\/bodegasprotos\\\/\",\"https:\\\/\\\/pinterest.com\\\/BodegasProtos\\\/\",\"http:\\\/\\\/www.youtube.com\\\/user\\\/BodegasProtos\",\"https:\\\/\\\/es.wikipedia.org\\\/wiki\\\/Bodegas_Protos\"]},{\"@type\":\"Person\",\"@id\":\"https:\\\/\\\/www.bodegasprotos.com\\\/es\\\/#\\\/schema\\\/person\\\/6cb69a08afa14171755cee0df7d20027\",\"name\":\"Bodegas Protos (F)\",\"image\":{\"@type\":\"ImageObject\",\"inLanguage\":\"es\",\"@id\":\"https:\\\/\\\/secure.gravatar.com\\\/avatar\\\/cc613a9fd2ee203f402357c1b4aa2b7c041016cbf1eab1e41bde410b2ebd7f94?s=96&d=mm&r=g\",\"url\":\"https:\\\/\\\/secure.gravatar.com\\\/avatar\\\/cc613a9fd2ee203f402357c1b4aa2b7c041016cbf1eab1e41bde410b2ebd7f94?s=96&d=mm&r=g\",\"contentUrl\":\"https:\\\/\\\/secure.gravatar.com\\\/avatar\\\/cc613a9fd2ee203f402357c1b4aa2b7c041016cbf1eab1e41bde410b2ebd7f94?s=96&d=mm&r=g\",\"caption\":\"Bodegas Protos (F)\"},\"sameAs\":[\"https:\\\/\\\/www.bodegasprotos.com\"]}]}<\/script>\n<!-- \/ Yoast SEO plugin. -->","yoast_head_json":{"title":"\u00bfD\u00f3nde se encuentra la vid m\u00e1s antigua del mundo? - Bodegas Protos","description":"Hace tiempo, ya te hablamos de cu\u00e1l es el vino m\u00e1s antiguo del mundo, pues en esta ocasi\u00f3n, queremos contarte d\u00f3nde se encuentra la vid m\u00e1s antigua del","robots":{"index":"index","follow":"follow","max-snippet":"max-snippet:-1","max-image-preview":"max-image-preview:large","max-video-preview":"max-video-preview:-1"},"canonical":"https:\/\/www.bodegasprotos.com\/es\/blog\/donde-se-encuentra-la-vid-mas-antigua-del-mundo\/","og_locale":"es_ES","og_type":"article","og_title":"\u00bfD\u00f3nde se encuentra la vid m\u00e1s antigua del mundo? - Bodegas Protos","og_description":"Hace tiempo, ya te hablamos de cu\u00e1l es el vino m\u00e1s antiguo del mundo, pues en esta ocasi\u00f3n, queremos contarte d\u00f3nde se encuentra la vid m\u00e1s antigua del","og_url":"https:\/\/www.bodegasprotos.com\/es\/blog\/donde-se-encuentra-la-vid-mas-antigua-del-mundo\/","og_site_name":"Bodegas Protos","article_publisher":"https:\/\/www.facebook.com\/BodegasProtos","article_published_time":"2024-01-19T10:35:17+00:00","og_image":[{"width":2560,"height":1652,"url":"https:\/\/www.bodegasprotos.com\/wp-content\/uploads\/2024\/01\/Foto-vid-scaled.jpg","type":"image\/jpeg"}],"author":"Bodegas Protos (F)","twitter_card":"summary_large_image","twitter_creator":"@Bodegas_Protos","twitter_site":"@Bodegas_Protos","twitter_misc":{"Escrito por":"Bodegas Protos (F)","Tiempo de lectura":"3 minutos"},"schema":{"@context":"https:\/\/schema.org","@graph":[{"@type":"Article","@id":"https:\/\/www.bodegasprotos.com\/es\/blog\/donde-se-encuentra-la-vid-mas-antigua-del-mundo\/#article","isPartOf":{"@id":"https:\/\/www.bodegasprotos.com\/es\/blog\/donde-se-encuentra-la-vid-mas-antigua-del-mundo\/"},"author":{"name":"Bodegas Protos (F)","@id":"https:\/\/www.bodegasprotos.com\/es\/#\/schema\/person\/6cb69a08afa14171755cee0df7d20027"},"headline":"\u00bfD\u00f3nde se encuentra la vid m\u00e1s antigua del mundo?","datePublished":"2024-01-19T10:35:17+00:00","mainEntityOfPage":{"@id":"https:\/\/www.bodegasprotos.com\/es\/blog\/donde-se-encuentra-la-vid-mas-antigua-del-mundo\/"},"wordCount":402,"publisher":{"@id":"https:\/\/www.bodegasprotos.com\/es\/#organization"},"image":{"@id":"https:\/\/www.bodegasprotos.com\/es\/blog\/donde-se-encuentra-la-vid-mas-antigua-del-mundo\/#primaryimage"},"thumbnailUrl":"https:\/\/www.bodegasprotos.com\/wp-content\/uploads\/2024\/01\/Foto-vid-scaled.jpg","articleSection":["Blog","General"],"inLanguage":"es"},{"@type":"WebPage","@id":"https:\/\/www.bodegasprotos.com\/es\/blog\/donde-se-encuentra-la-vid-mas-antigua-del-mundo\/","url":"https:\/\/www.bodegasprotos.com\/es\/blog\/donde-se-encuentra-la-vid-mas-antigua-del-mundo\/","name":"\u00bfD\u00f3nde se encuentra la vid m\u00e1s antigua del mundo? - Bodegas Protos","isPartOf":{"@id":"https:\/\/www.bodegasprotos.com\/es\/#website"},"primaryImageOfPage":{"@id":"https:\/\/www.bodegasprotos.com\/es\/blog\/donde-se-encuentra-la-vid-mas-antigua-del-mundo\/#primaryimage"},"image":{"@id":"https:\/\/www.bodegasprotos.com\/es\/blog\/donde-se-encuentra-la-vid-mas-antigua-del-mundo\/#primaryimage"},"thumbnailUrl":"https:\/\/www.bodegasprotos.com\/wp-content\/uploads\/2024\/01\/Foto-vid-scaled.jpg","datePublished":"2024-01-19T10:35:17+00:00","description":"Hace tiempo, ya te hablamos de cu\u00e1l es el vino m\u00e1s antiguo del mundo, pues en esta ocasi\u00f3n, queremos contarte d\u00f3nde se encuentra la vid m\u00e1s antigua del","breadcrumb":{"@id":"https:\/\/www.bodegasprotos.com\/es\/blog\/donde-se-encuentra-la-vid-mas-antigua-del-mundo\/#breadcrumb"},"inLanguage":"es","potentialAction":[{"@type":"ReadAction","target":["https:\/\/www.bodegasprotos.com\/es\/blog\/donde-se-encuentra-la-vid-mas-antigua-del-mundo\/"]}]},{"@type":"ImageObject","inLanguage":"es","@id":"https:\/\/www.bodegasprotos.com\/es\/blog\/donde-se-encuentra-la-vid-mas-antigua-del-mundo\/#primaryimage","url":"https:\/\/www.bodegasprotos.com\/wp-content\/uploads\/2024\/01\/Foto-vid-scaled.jpg","contentUrl":"https:\/\/www.bodegasprotos.com\/wp-content\/uploads\/2024\/01\/Foto-vid-scaled.jpg","width":2560,"height":1652},{"@type":"BreadcrumbList","@id":"https:\/\/www.bodegasprotos.com\/es\/blog\/donde-se-encuentra-la-vid-mas-antigua-del-mundo\/#breadcrumb","itemListElement":[{"@type":"ListItem","position":1,"name":"Portada","item":"https:\/\/www.bodegasprotos.com\/es\/"},{"@type":"ListItem","position":2,"name":"\u00bfD\u00f3nde se encuentra la vid m\u00e1s antigua del mundo?"}]},{"@type":"WebSite","@id":"https:\/\/www.bodegasprotos.com\/es\/#website","url":"https:\/\/www.bodegasprotos.com\/es\/","name":"Bodegas Protos","description":"Vinos de la Denominaci\u00f3n de Origen Ribera del Duero, Rueda y Cigales","publisher":{"@id":"https:\/\/www.bodegasprotos.com\/es\/#organization"},"potentialAction":[{"@type":"SearchAction","target":{"@type":"EntryPoint","urlTemplate":"https:\/\/www.bodegasprotos.com\/es\/?s={search_term_string}"},"query-input":{"@type":"PropertyValueSpecification","valueRequired":true,"valueName":"search_term_string"}}],"inLanguage":"es"},{"@type":"Organization","@id":"https:\/\/www.bodegasprotos.com\/es\/#organization","name":"Bodegas Protos","url":"https:\/\/www.bodegasprotos.com\/es\/","logo":{"@type":"ImageObject","inLanguage":"es","@id":"https:\/\/www.bodegasprotos.com\/es\/#\/schema\/logo\/image\/","url":"https:\/\/www.bodegasprotos.com\/wp-content\/uploads\/2024\/06\/PROTOS-LOGOS-VERSIONES-13.png","contentUrl":"https:\/\/www.bodegasprotos.com\/wp-content\/uploads\/2024\/06\/PROTOS-LOGOS-VERSIONES-13.png","width":2362,"height":2362,"caption":"Bodegas Protos"},"image":{"@id":"https:\/\/www.bodegasprotos.com\/es\/#\/schema\/logo\/image\/"},"sameAs":["https:\/\/www.facebook.com\/BodegasProtos","https:\/\/x.com\/Bodegas_Protos","https:\/\/www.instagram.com\/bodegasprotosoficial\/","https:\/\/www.linkedin.com\/company\/bodegasprotos\/","https:\/\/pinterest.com\/BodegasProtos\/","http:\/\/www.youtube.com\/user\/BodegasProtos","https:\/\/es.wikipedia.org\/wiki\/Bodegas_Protos"]},{"@type":"Person","@id":"https:\/\/www.bodegasprotos.com\/es\/#\/schema\/person\/6cb69a08afa14171755cee0df7d20027","name":"Bodegas Protos (F)","image":{"@type":"ImageObject","inLanguage":"es","@id":"https:\/\/secure.gravatar.com\/avatar\/cc613a9fd2ee203f402357c1b4aa2b7c041016cbf1eab1e41bde410b2ebd7f94?s=96&d=mm&r=g","url":"https:\/\/secure.gravatar.com\/avatar\/cc613a9fd2ee203f402357c1b4aa2b7c041016cbf1eab1e41bde410b2ebd7f94?s=96&d=mm&r=g","contentUrl":"https:\/\/secure.gravatar.com\/avatar\/cc613a9fd2ee203f402357c1b4aa2b7c041016cbf1eab1e41bde410b2ebd7f94?s=96&d=mm&r=g","caption":"Bodegas Protos (F)"},"sameAs":["https:\/\/www.bodegasprotos.com"]}]}},"_links":{"self":[{"href":"https:\/\/www.bodegasprotos.com\/es\/wp-json\/wp\/v2\/posts\/39635","targetHints":{"allow":["GET"]}}],"collection":[{"href":"https:\/\/www.bodegasprotos.com\/es\/wp-json\/wp\/v2\/posts"}],"about":[{"href":"https:\/\/www.bodegasprotos.com\/es\/wp-json\/wp\/v2\/types\/post"}],"author":[{"embeddable":true,"href":"https:\/\/www.bodegasprotos.com\/es\/wp-json\/wp\/v2\/users\/3"}],"replies":[{"embeddable":true,"href":"https:\/\/www.bodegasprotos.com\/es\/wp-json\/wp\/v2\/comments?post=39635"}],"version-history":[{"count":0,"href":"https:\/\/www.bodegasprotos.com\/es\/wp-json\/wp\/v2\/posts\/39635\/revisions"}],"wp:featuredmedia":[{"embeddable":true,"href":"https:\/\/www.bodegasprotos.com\/es\/wp-json\/wp\/v2\/media\/39642"}],"wp:attachment":[{"href":"https:\/\/www.bodegasprotos.com\/es\/wp-json\/wp\/v2\/media?parent=39635"}],"wp:term":[{"taxonomy":"category","embeddable":true,"href":"https:\/\/www.bodegasprotos.com\/es\/wp-json\/wp\/v2\/categories?post=39635"},{"taxonomy":"post_tag","embeddable":true,"href":"https:\/\/www.bodegasprotos.com\/es\/wp-json\/wp\/v2\/tags?post=39635"}],"curies":[{"name":"wp","href":"https:\/\/api.w.org\/{rel}","templated":true}]}}