{"id":39370,"date":"2023-12-22T11:31:41","date_gmt":"2023-12-22T10:31:41","guid":{"rendered":"https:\/\/www.bodegasprotos.com\/?p=39370"},"modified":"2023-12-21T11:30:42","modified_gmt":"2023-12-21T10:30:42","slug":"receta-de-asado-de-pez-de-vaca-angus-relleno-de-morcilla-y-manzana","status":"publish","type":"post","link":"https:\/\/www.bodegasprotos.com\/es\/blog\/receta-de-asado-de-pez-de-vaca-angus-relleno-de-morcilla-y-manzana\/","title":{"rendered":"Receta de asado de pez de vaca Angus relleno de morcilla y manzana"},"content":{"rendered":"<p>Por Concha Bernad de <a href=\"https:\/\/www.cocinayaficiones.com\/\">Cocina y Aficiones<\/a><\/p>\n<p>Queremos preparar una comida especial, deliciosa, pero sin arruinarnos, un plato rico, pero a buen precio, para lograr ese objetivo voy a preparar un <strong>asado de pez de vaca Angus relleno de morcilla y manzana<\/strong> que est\u00e1 para chuparse los dedos, es muy original y te va a salir a un precio fenomenal.<\/p>\n<p>Todos los ingredientes son como una familia feliz, se llevan genial, los pimientos del piquillo, la morcilla de arroz y la manzana son una pareja de primera categor\u00eda gastron\u00f3mica, que dar\u00e1n a mi carne un sabor especial.<\/p>\n<h2><strong>Maridaje:<\/strong><\/h2>\n<p><img fetchpriority=\"high\" decoding=\"async\" class=\"aligncenter size-medium wp-image-37473\" src=\"https:\/\/www.bodegasprotos.com\/wp-content\/uploads\/2023\/05\/CRIANZA-SLIDER-213x300.png\" alt=\"\" width=\"213\" height=\"300\" srcset=\"https:\/\/www.bodegasprotos.com\/wp-content\/uploads\/2023\/05\/CRIANZA-SLIDER-213x300.png 213w, https:\/\/www.bodegasprotos.com\/wp-content\/uploads\/2023\/05\/CRIANZA-SLIDER.png 426w\" sizes=\"(max-width: 213px) 100vw, 213px\" \/><\/p>\n<p>Este pedazo de guiso lo vamos a acompa\u00f1ar con un vino tinto crianza de <a href=\"https:\/\/www.bodegasprotos.com\/es\/\"><strong>Bodegas Protos<\/strong><\/a>, que le va de lujo, que recoge todo el sabor de la Ribera del Duero, intenso y aterciopelado, \u00e9sta elaborado al 100% con tinta del pa\u00eds procedente de vi\u00f1as de 30\/35 a\u00f1os. Es la armon\u00eda perfecta con una carne paisana que nos recuerdan ambos el sabor de Castilla.<\/p>\n<p>Te propongo un plan de lo m\u00e1s mol\u00f3n, te vas a Pe\u00f1afiel, te das una vuelta por el pueblo que es bien bonito, despu\u00e9s vas a visitar la Bodega y cuando termines la cata, directo a su comedor que es chul\u00edsimo y se come fenomenal, de primera \u00bfqu\u00e9 opinas de mi plan?,<\/p>\n<p>Te aconsejo, como nos cuentan en la bodega, que lo sirvas entre 15\/16\u00baC, as\u00ed lo disfrutaras en su m\u00e1ximo esplendor.\u00a0\u00a0Te dejo la <a href=\"https:\/\/www.bodegasprotos.com\/es\/vino\/crianza\/\"><strong>ficha de cata<\/strong><\/a> de este vinazo.<\/p>\n<h2><strong>El Pez:<\/strong><\/h2>\n<p>El\u00a0 pez de Angus de de<a href=\"https:\/\/www.miguelvergara.com\/\"><strong> Miguel Vergara<\/strong><\/a> es una carne exquisita, muy tierna, m\u00e1xima expresi\u00f3n de la delicadeza y jugosidad de la carne con distintivo de calidad, procede de vacas Angus que viven felices en los pastos de una preciosa finca en Valladolid. Se le denomina <strong>\u201cfalso solomillo\u201d<\/strong>, y est\u00e1 ubicada en la <strong>parte lateral anterior de la espaldilla<\/strong>,\u00a0 justo en la paletilla junto a la llana.<\/p>\n<p>Este tipo de corte se caracteriza por textura, su potencia de sabor y su grasa infiltrada. Es una carne estupenda para cocinar entera, rellena o no, asada\u00a0 \u00a0despu\u00e9s y presentaremos con mojos y aderezos; o cocinada en su jugo o con alguna rica salsa. Tambi\u00e9n es ideal para la parrilla o para filetear y empanar o fre\u00edr. Es una carne que me encanta y que por su precio est\u00e1 muy presente en mi cocina.<\/p>\n<p>\u00a1Vamos a la cocina a preparar nuestro estupendo asado!<\/p>\n<p><img decoding=\"async\" class=\"aligncenter size-medium wp-image-39373\" src=\"https:\/\/www.bodegasprotos.com\/wp-content\/uploads\/2023\/12\/asado-de-pez-relleno-de-manzana-y-morcilla.1-213x300.jpg\" alt=\"\" width=\"213\" height=\"300\" srcset=\"https:\/\/www.bodegasprotos.com\/wp-content\/uploads\/2023\/12\/asado-de-pez-relleno-de-manzana-y-morcilla.1-213x300.jpg 213w, https:\/\/www.bodegasprotos.com\/wp-content\/uploads\/2023\/12\/asado-de-pez-relleno-de-manzana-y-morcilla.1.jpg 700w\" sizes=\"(max-width: 213px) 100vw, 213px\" \/><\/p>\n<h2><strong>Ingredientes para preparar asado de rabillo relleno de morcilla y manzana para cuatro comensales<\/strong><\/h2>\n<ul>\n<li>Pez de vaca Angus de Miguel Vergara, 1 pieza<\/li>\n<li>Morcilla de arroz, 1<\/li>\n<li>Manzana \u00e1cida, 1<\/li>\n<li>Mantequilla, 20 g<\/li>\n<li>Bacon, 100 g<\/li>\n<li>Pimientos del piquillo, 200 g<\/li>\n<li>Sal y pimienta<\/li>\n<li>Aceite de oliva virgen extra, 100 ml<\/li>\n<li>Cebolla roja, 1<\/li>\n<li>Pedro Xim\u00e9nez, 100 ml<\/li>\n<li>Pan rallado, 1 cucharada<\/li>\n<li><\/li>\n<\/ul>\n<p><strong>Para los chips<\/strong><\/p>\n<ul>\n<li>Morcilla<\/li>\n<li>Manzana<\/li>\n<li>Mantequilla<\/li>\n<li>Sal y pimienta<\/li>\n<\/ul>\n<p><img decoding=\"async\" class=\"aligncenter size-medium wp-image-39379\" src=\"https:\/\/www.bodegasprotos.com\/wp-content\/uploads\/2023\/12\/pez-de-vaca-angus-300x251.jpg\" alt=\"\" width=\"300\" height=\"251\" srcset=\"https:\/\/www.bodegasprotos.com\/wp-content\/uploads\/2023\/12\/pez-de-vaca-angus-300x251.jpg 300w, https:\/\/www.bodegasprotos.com\/wp-content\/uploads\/2023\/12\/pez-de-vaca-angus.jpg 700w\" sizes=\"(max-width: 300px) 100vw, 300px\" \/><\/p>\n<p>&nbsp;<\/p>\n<h2><strong>\u00bfC\u00f3mo preparar sado de asado de pez de vaca Angus relleno de morcilla y manzana?<\/strong><\/h2>\n<h3><strong>Elaboraci\u00f3n:<\/strong><\/h3>\n<h4><strong>\u00a0Relleno:<\/strong><\/h4>\n<ul>\n<li>Quitar la piel a la morcilla, colocar en un cuenco, a\u00f1adir el huevo y el pan rallado. mezclar y reservar<\/li>\n<li>Pelar y descorazonar la manzana, cortar gajos de 1\/2 cm aproximadamente y cocinar con la mantequilla<\/li>\n<li>Preparamos un sofrito con la cebolla roja, cuando este en su punto lo regamos con el PX, dejamos reducir.<\/li>\n<li>Dejamos enfriar todas las preparaciones<\/li>\n<\/ul>\n<h4><strong>Rellenar en cu\u00f1as:<\/strong><\/h4>\n<ul>\n<li>Abrimos el rabillo por la mitad, lo extendemos en la tabla de cortar.<\/li>\n<li>Hacemos incisiones en la carne en forma de cu\u00f1a sin llegar al l\u00edmite de la carne, retiramos la carne recortada que guardamos para otra preparaci\u00f3n.<\/li>\n<li>Untamos con aceite de oliva y sazonamos con sal y pimienta, masajeamos para que se impregne bien.<\/li>\n<li>Rellenamos las cu\u00f1as con la manzana, la morcilla y los pimientos cortados en tiras, presionamos para que nos quede compacto.<\/li>\n<li>Cubrimos toda la pieza con lonchas de bacon, para que nos quede todo bien colocado.<\/li>\n<li>Doblamos la pieza y la cerramos con palillos o la cosemos con hilo de bridar.<\/li>\n<li>Bridamos la pieza para que mantenga la forma<\/li>\n<\/ul>\n<h4><strong>El asado:<\/strong><\/h4>\n<ul>\n<li>La untamos con aceite y la sazonamos con sal y pimienta<\/li>\n<li>La sellamos por todos los lados y la metemos en la bandeja del horno precalentado a 180\u00baC, con el term\u00f3metro, as\u00ed podremos controlar la temperatura interior y dar el punto de la pieza a nuestro gusto.<\/li>\n<\/ul>\n<h4><strong>Punto de la carne:<\/strong><\/h4>\n<ul>\n<li>Cruda \u00b746- 52\u00baC<\/li>\n<li>Sangrante \u00b752 a 55\u00baC<\/li>\n<li>Al punto \u00b755 a 60\u00baC<\/li>\n<li>Al punto+ \u00b760 a 65\u00baC<\/li>\n<li>Hecha \u00b770 a 75\u00baC<\/li>\n<\/ul>\n<h4><strong>Los chips:<\/strong><\/h4>\n<ul>\n<li>Cortamos tanto la manzana como la morcilla en laminas super finas<\/li>\n<li>Extendemos papel cocina en la bandeja del horno<\/li>\n<li>Colocamos las rodajas de morcilla y de manzana untadas de mantequilla.<\/li>\n<li>Tapamos con papel de cocina, colocamos un peso encima y dejamos cocinar hasta que est\u00e9n crujientes<\/li>\n<\/ul>\n<h2><strong>Presentaci\u00f3n asado de pez de vaca Angus relleno de morcilla y manzana :<\/strong><\/h2>\n<p>Cuando la carne est\u00e9 en su punto, le colocamos la tabla de cortar encima con peso para que se compacte<\/p>\n<p>La cortamos en lonchas y servimos con la salsa del asado.<\/p>\n<p><img loading=\"lazy\" decoding=\"async\" class=\"aligncenter size-medium wp-image-39377\" src=\"https:\/\/www.bodegasprotos.com\/wp-content\/uploads\/2023\/12\/asado-de-pez-relleno-de-morcilla-y-manzana.3-300x285.jpg\" alt=\"\" width=\"300\" height=\"285\" srcset=\"https:\/\/www.bodegasprotos.com\/wp-content\/uploads\/2023\/12\/asado-de-pez-relleno-de-morcilla-y-manzana.3-300x285.jpg 300w, https:\/\/www.bodegasprotos.com\/wp-content\/uploads\/2023\/12\/asado-de-pez-relleno-de-morcilla-y-manzana.3.jpg 700w\" sizes=\"(max-width: 300px) 100vw, 300px\" \/><\/p>\n<p>&nbsp;<\/p>\n<h2><strong>Consejos para que te salga el asado de rabillo relleno de morcilla y manzana genial<\/strong><\/h2>\n<p>Es importante que la morcilla que vamos a utilizar en nuestro asado, la quiero suave sin exceso de especias ya que me anular\u00eda el resto de los ingredientes, la he escogido de Burgos que es mi favorita, aunque en Espa\u00f1a hay morcillas maravillosas y para todos los gustos, en cualquier rinc\u00f3n que vallas encontraras delicias morcilleras de impresi\u00f3n.<\/p>\n<p>Tienes que cerrar bien el asado para que no se salga el relleno, yo tengo unas agujas enormes que guardo con mucho cari\u00f1o y que con ellas coso la carne en unos minutos, si no las tienes los palillos te servir\u00e1n fenomenal.<\/p>\n<p>Tambi\u00e9n. te aconsejo que la ates para que guarde la forma, y te quede una bonita presentaci\u00f3n. Es muy f\u00e1cil, y se tarda muy poco<\/p>\n<p>Te dejo un video de Canal Cocina con el Maestro Sergio Fern\u00e1ndez para que veas como se hace:<\/p>\n<p><iframe title=\"C\u00f3mo bridar carne rellena | Escuela Canal Cocina\" width=\"1778\" height=\"1000\" src=\"https:\/\/www.youtube.com\/embed\/5BmLHU0QzbQ?feature=oembed\" frameborder=\"0\" allow=\"accelerometer; autoplay; clipboard-write; encrypted-media; gyroscope; picture-in-picture; web-share\" allowfullscreen><\/iframe><\/p>\n<p>Ya tenemos muchas<a href=\"https:\/\/www.cocinayaficiones.com\/?s=protos\"> recetas maridadas con diferentes vinos de Bodegas Proto<\/a>s, \u00a1no te las pierdas!<\/p>\n<p><img loading=\"lazy\" decoding=\"async\" class=\"aligncenter size-medium wp-image-39375\" src=\"https:\/\/www.bodegasprotos.com\/wp-content\/uploads\/2023\/12\/asado-de-pez-relleno-de-morcilla-y-manzana.2-237x300.jpg\" alt=\"\" width=\"237\" height=\"300\" srcset=\"https:\/\/www.bodegasprotos.com\/wp-content\/uploads\/2023\/12\/asado-de-pez-relleno-de-morcilla-y-manzana.2-237x300.jpg 237w, https:\/\/www.bodegasprotos.com\/wp-content\/uploads\/2023\/12\/asado-de-pez-relleno-de-morcilla-y-manzana.2.jpg 700w\" sizes=\"(max-width: 237px) 100vw, 237px\" \/><\/p>\n","protected":false},"excerpt":{"rendered":"<p>Por Concha Bernad de Cocina y Aficiones Queremos preparar una comida especial, deliciosa, pero sin arruinarnos, un plato&#8230;<\/p>\n","protected":false},"author":3,"featured_media":39373,"comment_status":"closed","ping_status":"closed","sticky":false,"template":"","format":"standard","meta":{"_acf_changed":false,"footnotes":""},"categories":[87,1],"tags":[],"class_list":["post-39370","post","type-post","status-publish","format-standard","has-post-thumbnail","hentry","category-blog","category-general"],"acf":[],"yoast_head":"<!-- This site is optimized with the Yoast SEO plugin v27.5 - https:\/\/yoast.com\/product\/yoast-seo-wordpress\/ -->\n<title>Receta de asado de pez de vaca Angus relleno de morcilla y manzana - Bodegas Protos<\/title>\n<meta name=\"description\" content=\"Por Concha Bernad de Cocina y Aficiones Queremos preparar una comida especial, deliciosa, pero sin arruinarnos, un plato rico, pero a buen precio, para\" \/>\n<meta name=\"robots\" content=\"index, follow, max-snippet:-1, max-image-preview:large, max-video-preview:-1\" \/>\n<link rel=\"canonical\" href=\"https:\/\/www.bodegasprotos.com\/es\/blog\/receta-de-asado-de-pez-de-vaca-angus-relleno-de-morcilla-y-manzana\/\" \/>\n<meta property=\"og:locale\" content=\"es_ES\" \/>\n<meta property=\"og:type\" content=\"article\" \/>\n<meta property=\"og:title\" content=\"Receta de asado de pez de vaca Angus relleno de morcilla y manzana - Bodegas Protos\" \/>\n<meta property=\"og:description\" content=\"Por Concha Bernad de Cocina y Aficiones Queremos preparar una comida especial, deliciosa, pero sin arruinarnos, un plato rico, pero a buen precio, para\" \/>\n<meta property=\"og:url\" content=\"https:\/\/www.bodegasprotos.com\/es\/blog\/receta-de-asado-de-pez-de-vaca-angus-relleno-de-morcilla-y-manzana\/\" \/>\n<meta property=\"og:site_name\" content=\"Bodegas Protos\" \/>\n<meta property=\"article:publisher\" content=\"https:\/\/www.facebook.com\/BodegasProtos\" \/>\n<meta property=\"article:published_time\" content=\"2023-12-22T10:31:41+00:00\" \/>\n<meta property=\"og:image\" content=\"https:\/\/www.bodegasprotos.com\/wp-content\/uploads\/2023\/12\/asado-de-pez-relleno-de-manzana-y-morcilla.1.jpg\" \/>\n\t<meta property=\"og:image:width\" content=\"700\" \/>\n\t<meta property=\"og:image:height\" content=\"988\" \/>\n\t<meta property=\"og:image:type\" content=\"image\/jpeg\" \/>\n<meta name=\"author\" content=\"Bodegas Protos (F)\" \/>\n<meta name=\"twitter:card\" content=\"summary_large_image\" \/>\n<meta name=\"twitter:creator\" content=\"@Bodegas_Protos\" \/>\n<meta name=\"twitter:site\" content=\"@Bodegas_Protos\" \/>\n<meta name=\"twitter:label1\" content=\"Escrito por\" \/>\n\t<meta name=\"twitter:data1\" content=\"Bodegas Protos (F)\" \/>\n\t<meta name=\"twitter:label2\" content=\"Tiempo de lectura\" \/>\n\t<meta name=\"twitter:data2\" content=\"6 minutos\" \/>\n<script type=\"application\/ld+json\" class=\"yoast-schema-graph\">{\"@context\":\"https:\\\/\\\/schema.org\",\"@graph\":[{\"@type\":\"Article\",\"@id\":\"https:\\\/\\\/www.bodegasprotos.com\\\/es\\\/blog\\\/receta-de-asado-de-pez-de-vaca-angus-relleno-de-morcilla-y-manzana\\\/#article\",\"isPartOf\":{\"@id\":\"https:\\\/\\\/www.bodegasprotos.com\\\/es\\\/blog\\\/receta-de-asado-de-pez-de-vaca-angus-relleno-de-morcilla-y-manzana\\\/\"},\"author\":{\"name\":\"Bodegas Protos (F)\",\"@id\":\"https:\\\/\\\/www.bodegasprotos.com\\\/es\\\/#\\\/schema\\\/person\\\/6cb69a08afa14171755cee0df7d20027\"},\"headline\":\"Receta de asado de pez de vaca Angus relleno de morcilla y manzana\",\"datePublished\":\"2023-12-22T10:31:41+00:00\",\"mainEntityOfPage\":{\"@id\":\"https:\\\/\\\/www.bodegasprotos.com\\\/es\\\/blog\\\/receta-de-asado-de-pez-de-vaca-angus-relleno-de-morcilla-y-manzana\\\/\"},\"wordCount\":1044,\"publisher\":{\"@id\":\"https:\\\/\\\/www.bodegasprotos.com\\\/es\\\/#organization\"},\"image\":{\"@id\":\"https:\\\/\\\/www.bodegasprotos.com\\\/es\\\/blog\\\/receta-de-asado-de-pez-de-vaca-angus-relleno-de-morcilla-y-manzana\\\/#primaryimage\"},\"thumbnailUrl\":\"https:\\\/\\\/www.bodegasprotos.com\\\/wp-content\\\/uploads\\\/2023\\\/12\\\/asado-de-pez-relleno-de-manzana-y-morcilla.1.jpg\",\"articleSection\":[\"Blog\",\"General\"],\"inLanguage\":\"es\"},{\"@type\":\"WebPage\",\"@id\":\"https:\\\/\\\/www.bodegasprotos.com\\\/es\\\/blog\\\/receta-de-asado-de-pez-de-vaca-angus-relleno-de-morcilla-y-manzana\\\/\",\"url\":\"https:\\\/\\\/www.bodegasprotos.com\\\/es\\\/blog\\\/receta-de-asado-de-pez-de-vaca-angus-relleno-de-morcilla-y-manzana\\\/\",\"name\":\"Receta de asado de pez de vaca Angus relleno de morcilla y manzana - Bodegas Protos\",\"isPartOf\":{\"@id\":\"https:\\\/\\\/www.bodegasprotos.com\\\/es\\\/#website\"},\"primaryImageOfPage\":{\"@id\":\"https:\\\/\\\/www.bodegasprotos.com\\\/es\\\/blog\\\/receta-de-asado-de-pez-de-vaca-angus-relleno-de-morcilla-y-manzana\\\/#primaryimage\"},\"image\":{\"@id\":\"https:\\\/\\\/www.bodegasprotos.com\\\/es\\\/blog\\\/receta-de-asado-de-pez-de-vaca-angus-relleno-de-morcilla-y-manzana\\\/#primaryimage\"},\"thumbnailUrl\":\"https:\\\/\\\/www.bodegasprotos.com\\\/wp-content\\\/uploads\\\/2023\\\/12\\\/asado-de-pez-relleno-de-manzana-y-morcilla.1.jpg\",\"datePublished\":\"2023-12-22T10:31:41+00:00\",\"description\":\"Por Concha Bernad de Cocina y Aficiones Queremos preparar una comida especial, deliciosa, pero sin arruinarnos, un plato rico, pero a buen precio, para\",\"breadcrumb\":{\"@id\":\"https:\\\/\\\/www.bodegasprotos.com\\\/es\\\/blog\\\/receta-de-asado-de-pez-de-vaca-angus-relleno-de-morcilla-y-manzana\\\/#breadcrumb\"},\"inLanguage\":\"es\",\"potentialAction\":[{\"@type\":\"ReadAction\",\"target\":[\"https:\\\/\\\/www.bodegasprotos.com\\\/es\\\/blog\\\/receta-de-asado-de-pez-de-vaca-angus-relleno-de-morcilla-y-manzana\\\/\"]}]},{\"@type\":\"ImageObject\",\"inLanguage\":\"es\",\"@id\":\"https:\\\/\\\/www.bodegasprotos.com\\\/es\\\/blog\\\/receta-de-asado-de-pez-de-vaca-angus-relleno-de-morcilla-y-manzana\\\/#primaryimage\",\"url\":\"https:\\\/\\\/www.bodegasprotos.com\\\/wp-content\\\/uploads\\\/2023\\\/12\\\/asado-de-pez-relleno-de-manzana-y-morcilla.1.jpg\",\"contentUrl\":\"https:\\\/\\\/www.bodegasprotos.com\\\/wp-content\\\/uploads\\\/2023\\\/12\\\/asado-de-pez-relleno-de-manzana-y-morcilla.1.jpg\",\"width\":700,\"height\":988},{\"@type\":\"BreadcrumbList\",\"@id\":\"https:\\\/\\\/www.bodegasprotos.com\\\/es\\\/blog\\\/receta-de-asado-de-pez-de-vaca-angus-relleno-de-morcilla-y-manzana\\\/#breadcrumb\",\"itemListElement\":[{\"@type\":\"ListItem\",\"position\":1,\"name\":\"Portada\",\"item\":\"https:\\\/\\\/www.bodegasprotos.com\\\/es\\\/\"},{\"@type\":\"ListItem\",\"position\":2,\"name\":\"Receta de asado de pez de vaca Angus relleno de morcilla y manzana\"}]},{\"@type\":\"WebSite\",\"@id\":\"https:\\\/\\\/www.bodegasprotos.com\\\/es\\\/#website\",\"url\":\"https:\\\/\\\/www.bodegasprotos.com\\\/es\\\/\",\"name\":\"Bodegas Protos\",\"description\":\"Vinos de la Denominaci\u00f3n de Origen Ribera del Duero, Rueda y Cigales\",\"publisher\":{\"@id\":\"https:\\\/\\\/www.bodegasprotos.com\\\/es\\\/#organization\"},\"potentialAction\":[{\"@type\":\"SearchAction\",\"target\":{\"@type\":\"EntryPoint\",\"urlTemplate\":\"https:\\\/\\\/www.bodegasprotos.com\\\/es\\\/?s={search_term_string}\"},\"query-input\":{\"@type\":\"PropertyValueSpecification\",\"valueRequired\":true,\"valueName\":\"search_term_string\"}}],\"inLanguage\":\"es\"},{\"@type\":\"Organization\",\"@id\":\"https:\\\/\\\/www.bodegasprotos.com\\\/es\\\/#organization\",\"name\":\"Bodegas Protos\",\"url\":\"https:\\\/\\\/www.bodegasprotos.com\\\/es\\\/\",\"logo\":{\"@type\":\"ImageObject\",\"inLanguage\":\"es\",\"@id\":\"https:\\\/\\\/www.bodegasprotos.com\\\/es\\\/#\\\/schema\\\/logo\\\/image\\\/\",\"url\":\"https:\\\/\\\/www.bodegasprotos.com\\\/wp-content\\\/uploads\\\/2024\\\/06\\\/PROTOS-LOGOS-VERSIONES-13.png\",\"contentUrl\":\"https:\\\/\\\/www.bodegasprotos.com\\\/wp-content\\\/uploads\\\/2024\\\/06\\\/PROTOS-LOGOS-VERSIONES-13.png\",\"width\":2362,\"height\":2362,\"caption\":\"Bodegas Protos\"},\"image\":{\"@id\":\"https:\\\/\\\/www.bodegasprotos.com\\\/es\\\/#\\\/schema\\\/logo\\\/image\\\/\"},\"sameAs\":[\"https:\\\/\\\/www.facebook.com\\\/BodegasProtos\",\"https:\\\/\\\/x.com\\\/Bodegas_Protos\",\"https:\\\/\\\/www.instagram.com\\\/bodegasprotosoficial\\\/\",\"https:\\\/\\\/www.linkedin.com\\\/company\\\/bodegasprotos\\\/\",\"https:\\\/\\\/pinterest.com\\\/BodegasProtos\\\/\",\"http:\\\/\\\/www.youtube.com\\\/user\\\/BodegasProtos\",\"https:\\\/\\\/es.wikipedia.org\\\/wiki\\\/Bodegas_Protos\"]},{\"@type\":\"Person\",\"@id\":\"https:\\\/\\\/www.bodegasprotos.com\\\/es\\\/#\\\/schema\\\/person\\\/6cb69a08afa14171755cee0df7d20027\",\"name\":\"Bodegas Protos (F)\",\"image\":{\"@type\":\"ImageObject\",\"inLanguage\":\"es\",\"@id\":\"https:\\\/\\\/secure.gravatar.com\\\/avatar\\\/cc613a9fd2ee203f402357c1b4aa2b7c041016cbf1eab1e41bde410b2ebd7f94?s=96&d=mm&r=g\",\"url\":\"https:\\\/\\\/secure.gravatar.com\\\/avatar\\\/cc613a9fd2ee203f402357c1b4aa2b7c041016cbf1eab1e41bde410b2ebd7f94?s=96&d=mm&r=g\",\"contentUrl\":\"https:\\\/\\\/secure.gravatar.com\\\/avatar\\\/cc613a9fd2ee203f402357c1b4aa2b7c041016cbf1eab1e41bde410b2ebd7f94?s=96&d=mm&r=g\",\"caption\":\"Bodegas Protos (F)\"},\"sameAs\":[\"https:\\\/\\\/www.bodegasprotos.com\"]}]}<\/script>\n<!-- \/ Yoast SEO plugin. -->","yoast_head_json":{"title":"Receta de asado de pez de vaca Angus relleno de morcilla y manzana - Bodegas Protos","description":"Por Concha Bernad de Cocina y Aficiones Queremos preparar una comida especial, deliciosa, pero sin arruinarnos, un plato rico, pero a buen precio, para","robots":{"index":"index","follow":"follow","max-snippet":"max-snippet:-1","max-image-preview":"max-image-preview:large","max-video-preview":"max-video-preview:-1"},"canonical":"https:\/\/www.bodegasprotos.com\/es\/blog\/receta-de-asado-de-pez-de-vaca-angus-relleno-de-morcilla-y-manzana\/","og_locale":"es_ES","og_type":"article","og_title":"Receta de asado de pez de vaca Angus relleno de morcilla y manzana - Bodegas Protos","og_description":"Por Concha Bernad de Cocina y Aficiones Queremos preparar una comida especial, deliciosa, pero sin arruinarnos, un plato rico, pero a buen precio, para","og_url":"https:\/\/www.bodegasprotos.com\/es\/blog\/receta-de-asado-de-pez-de-vaca-angus-relleno-de-morcilla-y-manzana\/","og_site_name":"Bodegas Protos","article_publisher":"https:\/\/www.facebook.com\/BodegasProtos","article_published_time":"2023-12-22T10:31:41+00:00","og_image":[{"width":700,"height":988,"url":"https:\/\/www.bodegasprotos.com\/wp-content\/uploads\/2023\/12\/asado-de-pez-relleno-de-manzana-y-morcilla.1.jpg","type":"image\/jpeg"}],"author":"Bodegas Protos (F)","twitter_card":"summary_large_image","twitter_creator":"@Bodegas_Protos","twitter_site":"@Bodegas_Protos","twitter_misc":{"Escrito por":"Bodegas Protos (F)","Tiempo de lectura":"6 minutos"},"schema":{"@context":"https:\/\/schema.org","@graph":[{"@type":"Article","@id":"https:\/\/www.bodegasprotos.com\/es\/blog\/receta-de-asado-de-pez-de-vaca-angus-relleno-de-morcilla-y-manzana\/#article","isPartOf":{"@id":"https:\/\/www.bodegasprotos.com\/es\/blog\/receta-de-asado-de-pez-de-vaca-angus-relleno-de-morcilla-y-manzana\/"},"author":{"name":"Bodegas Protos (F)","@id":"https:\/\/www.bodegasprotos.com\/es\/#\/schema\/person\/6cb69a08afa14171755cee0df7d20027"},"headline":"Receta de asado de pez de vaca Angus relleno de morcilla y manzana","datePublished":"2023-12-22T10:31:41+00:00","mainEntityOfPage":{"@id":"https:\/\/www.bodegasprotos.com\/es\/blog\/receta-de-asado-de-pez-de-vaca-angus-relleno-de-morcilla-y-manzana\/"},"wordCount":1044,"publisher":{"@id":"https:\/\/www.bodegasprotos.com\/es\/#organization"},"image":{"@id":"https:\/\/www.bodegasprotos.com\/es\/blog\/receta-de-asado-de-pez-de-vaca-angus-relleno-de-morcilla-y-manzana\/#primaryimage"},"thumbnailUrl":"https:\/\/www.bodegasprotos.com\/wp-content\/uploads\/2023\/12\/asado-de-pez-relleno-de-manzana-y-morcilla.1.jpg","articleSection":["Blog","General"],"inLanguage":"es"},{"@type":"WebPage","@id":"https:\/\/www.bodegasprotos.com\/es\/blog\/receta-de-asado-de-pez-de-vaca-angus-relleno-de-morcilla-y-manzana\/","url":"https:\/\/www.bodegasprotos.com\/es\/blog\/receta-de-asado-de-pez-de-vaca-angus-relleno-de-morcilla-y-manzana\/","name":"Receta de asado de pez de vaca Angus relleno de morcilla y manzana - Bodegas Protos","isPartOf":{"@id":"https:\/\/www.bodegasprotos.com\/es\/#website"},"primaryImageOfPage":{"@id":"https:\/\/www.bodegasprotos.com\/es\/blog\/receta-de-asado-de-pez-de-vaca-angus-relleno-de-morcilla-y-manzana\/#primaryimage"},"image":{"@id":"https:\/\/www.bodegasprotos.com\/es\/blog\/receta-de-asado-de-pez-de-vaca-angus-relleno-de-morcilla-y-manzana\/#primaryimage"},"thumbnailUrl":"https:\/\/www.bodegasprotos.com\/wp-content\/uploads\/2023\/12\/asado-de-pez-relleno-de-manzana-y-morcilla.1.jpg","datePublished":"2023-12-22T10:31:41+00:00","description":"Por Concha Bernad de Cocina y Aficiones Queremos preparar una comida especial, deliciosa, pero sin arruinarnos, un plato rico, pero a buen precio, para","breadcrumb":{"@id":"https:\/\/www.bodegasprotos.com\/es\/blog\/receta-de-asado-de-pez-de-vaca-angus-relleno-de-morcilla-y-manzana\/#breadcrumb"},"inLanguage":"es","potentialAction":[{"@type":"ReadAction","target":["https:\/\/www.bodegasprotos.com\/es\/blog\/receta-de-asado-de-pez-de-vaca-angus-relleno-de-morcilla-y-manzana\/"]}]},{"@type":"ImageObject","inLanguage":"es","@id":"https:\/\/www.bodegasprotos.com\/es\/blog\/receta-de-asado-de-pez-de-vaca-angus-relleno-de-morcilla-y-manzana\/#primaryimage","url":"https:\/\/www.bodegasprotos.com\/wp-content\/uploads\/2023\/12\/asado-de-pez-relleno-de-manzana-y-morcilla.1.jpg","contentUrl":"https:\/\/www.bodegasprotos.com\/wp-content\/uploads\/2023\/12\/asado-de-pez-relleno-de-manzana-y-morcilla.1.jpg","width":700,"height":988},{"@type":"BreadcrumbList","@id":"https:\/\/www.bodegasprotos.com\/es\/blog\/receta-de-asado-de-pez-de-vaca-angus-relleno-de-morcilla-y-manzana\/#breadcrumb","itemListElement":[{"@type":"ListItem","position":1,"name":"Portada","item":"https:\/\/www.bodegasprotos.com\/es\/"},{"@type":"ListItem","position":2,"name":"Receta de asado de pez de vaca Angus relleno de morcilla y manzana"}]},{"@type":"WebSite","@id":"https:\/\/www.bodegasprotos.com\/es\/#website","url":"https:\/\/www.bodegasprotos.com\/es\/","name":"Bodegas Protos","description":"Vinos de la Denominaci\u00f3n de Origen Ribera del Duero, Rueda y Cigales","publisher":{"@id":"https:\/\/www.bodegasprotos.com\/es\/#organization"},"potentialAction":[{"@type":"SearchAction","target":{"@type":"EntryPoint","urlTemplate":"https:\/\/www.bodegasprotos.com\/es\/?s={search_term_string}"},"query-input":{"@type":"PropertyValueSpecification","valueRequired":true,"valueName":"search_term_string"}}],"inLanguage":"es"},{"@type":"Organization","@id":"https:\/\/www.bodegasprotos.com\/es\/#organization","name":"Bodegas Protos","url":"https:\/\/www.bodegasprotos.com\/es\/","logo":{"@type":"ImageObject","inLanguage":"es","@id":"https:\/\/www.bodegasprotos.com\/es\/#\/schema\/logo\/image\/","url":"https:\/\/www.bodegasprotos.com\/wp-content\/uploads\/2024\/06\/PROTOS-LOGOS-VERSIONES-13.png","contentUrl":"https:\/\/www.bodegasprotos.com\/wp-content\/uploads\/2024\/06\/PROTOS-LOGOS-VERSIONES-13.png","width":2362,"height":2362,"caption":"Bodegas Protos"},"image":{"@id":"https:\/\/www.bodegasprotos.com\/es\/#\/schema\/logo\/image\/"},"sameAs":["https:\/\/www.facebook.com\/BodegasProtos","https:\/\/x.com\/Bodegas_Protos","https:\/\/www.instagram.com\/bodegasprotosoficial\/","https:\/\/www.linkedin.com\/company\/bodegasprotos\/","https:\/\/pinterest.com\/BodegasProtos\/","http:\/\/www.youtube.com\/user\/BodegasProtos","https:\/\/es.wikipedia.org\/wiki\/Bodegas_Protos"]},{"@type":"Person","@id":"https:\/\/www.bodegasprotos.com\/es\/#\/schema\/person\/6cb69a08afa14171755cee0df7d20027","name":"Bodegas Protos (F)","image":{"@type":"ImageObject","inLanguage":"es","@id":"https:\/\/secure.gravatar.com\/avatar\/cc613a9fd2ee203f402357c1b4aa2b7c041016cbf1eab1e41bde410b2ebd7f94?s=96&d=mm&r=g","url":"https:\/\/secure.gravatar.com\/avatar\/cc613a9fd2ee203f402357c1b4aa2b7c041016cbf1eab1e41bde410b2ebd7f94?s=96&d=mm&r=g","contentUrl":"https:\/\/secure.gravatar.com\/avatar\/cc613a9fd2ee203f402357c1b4aa2b7c041016cbf1eab1e41bde410b2ebd7f94?s=96&d=mm&r=g","caption":"Bodegas Protos (F)"},"sameAs":["https:\/\/www.bodegasprotos.com"]}]}},"_links":{"self":[{"href":"https:\/\/www.bodegasprotos.com\/es\/wp-json\/wp\/v2\/posts\/39370","targetHints":{"allow":["GET"]}}],"collection":[{"href":"https:\/\/www.bodegasprotos.com\/es\/wp-json\/wp\/v2\/posts"}],"about":[{"href":"https:\/\/www.bodegasprotos.com\/es\/wp-json\/wp\/v2\/types\/post"}],"author":[{"embeddable":true,"href":"https:\/\/www.bodegasprotos.com\/es\/wp-json\/wp\/v2\/users\/3"}],"replies":[{"embeddable":true,"href":"https:\/\/www.bodegasprotos.com\/es\/wp-json\/wp\/v2\/comments?post=39370"}],"version-history":[{"count":0,"href":"https:\/\/www.bodegasprotos.com\/es\/wp-json\/wp\/v2\/posts\/39370\/revisions"}],"wp:featuredmedia":[{"embeddable":true,"href":"https:\/\/www.bodegasprotos.com\/es\/wp-json\/wp\/v2\/media\/39373"}],"wp:attachment":[{"href":"https:\/\/www.bodegasprotos.com\/es\/wp-json\/wp\/v2\/media?parent=39370"}],"wp:term":[{"taxonomy":"category","embeddable":true,"href":"https:\/\/www.bodegasprotos.com\/es\/wp-json\/wp\/v2\/categories?post=39370"},{"taxonomy":"post_tag","embeddable":true,"href":"https:\/\/www.bodegasprotos.com\/es\/wp-json\/wp\/v2\/tags?post=39370"}],"curies":[{"name":"wp","href":"https:\/\/api.w.org\/{rel}","templated":true}]}}