{"id":38969,"date":"2023-10-20T11:34:30","date_gmt":"2023-10-20T09:34:30","guid":{"rendered":"https:\/\/www.bodegasprotos.com\/?p=38969"},"modified":"2023-10-23T13:03:53","modified_gmt":"2023-10-23T11:03:53","slug":"pinturas-donde-el-vino-es-el-protagonista","status":"publish","type":"post","link":"https:\/\/www.bodegasprotos.com\/es\/blog\/pinturas-donde-el-vino-es-el-protagonista\/","title":{"rendered":"Pinturas donde el vino es el protagonista"},"content":{"rendered":"<p>El mundo del vino siempre ha estado vinculado con el mundo de las artes. Ya hemos hablado en diversos momentos de la conexi\u00f3n que <a href=\"https:\/\/www.bodegasprotos.com\/es\/general\/celebra-la-semana-mundial-de-la-novela-con-protos\/\">Protos tiene con el mundo de la literatura.<\/a><\/p>\n<p>Sin embargo, en esta ocasi\u00f3n, queremos unir el vino con la pintura donde llega a ser uno de los elementos protagonistas.<\/p>\n<p>El vino ha estado siempre muy presente en la pintura. En esta peque\u00f1a selecci\u00f3n, te traemos obras de distintos pintores desde la edad media hasta el siglo XX.<\/p>\n<h3><strong>Bacanal de los andrios<\/strong><\/h3>\n<h5><strong>Tiziano (1523 a 1526)<\/strong><\/h5>\n<p><a href=\"https:\/\/upload.wikimedia.org\/wikipedia\/commons\/e\/e9\/Bacanal_de_los_andrios.jpg\"><img fetchpriority=\"high\" decoding=\"async\" class=\"aligncenter size-medium wp-image-38972\" src=\"https:\/\/www.bodegasprotos.com\/wp-content\/uploads\/2023\/10\/Bacanal_de_los_andrios-300x271.jpg\" alt=\"\" width=\"300\" height=\"271\" srcset=\"https:\/\/www.bodegasprotos.com\/wp-content\/uploads\/2023\/10\/Bacanal_de_los_andrios-300x271.jpg 300w, https:\/\/www.bodegasprotos.com\/wp-content\/uploads\/2023\/10\/Bacanal_de_los_andrios-1024x926.jpg 1024w, https:\/\/www.bodegasprotos.com\/wp-content\/uploads\/2023\/10\/Bacanal_de_los_andrios-768x695.jpg 768w, https:\/\/www.bodegasprotos.com\/wp-content\/uploads\/2023\/10\/Bacanal_de_los_andrios-1536x1390.jpg 1536w, https:\/\/www.bodegasprotos.com\/wp-content\/uploads\/2023\/10\/Bacanal_de_los_andrios-2048x1853.jpg 2048w\" sizes=\"(max-width: 300px) 100vw, 300px\" \/> <\/a><\/p>\n<p>\u00d3leo sobre lienzo. Esta pintura se encuentra en el Museo del Prado. La descripci\u00f3n que el museo realiza de la obra es que <em>\u00abTras entregar\u00a0Baco y Ariadna\u00a0en 1523,\u00a0<a class=\"entity\" href=\"https:\/\/es.wikipedia.org\/wiki\/Tiziano\" target=\"_blank\" rel=\"noopener\" type=\"http:\/\/www.wikidata.org\/entity\/Q215627\">Tiziano<\/a>\u00a0pint\u00f3\u00a0La\u00a0<a class=\"entity\" href=\"https:\/\/es.wikipedia.org\/wiki\/La_bacanal_de_los_andrios\" target=\"_blank\" rel=\"noopener\" type=\"http:\/\/www.wikidata.org\/entity\/Q151885\">bacanal de los Andrios<\/a>,\u00a0tambi\u00e9n inspirada en Filostrato (Im\u00e1genes, I, 25). La escena transcurre en la isla de\u00a0<a class=\"entity\" href=\"https:\/\/es.wikipedia.org\/wiki\/Andros\" target=\"_blank\" rel=\"noopener\" type=\"http:\/\/www.wikidata.org\/entity\/Q17334923\">Andros<\/a>, tan favorecida por\u00a0<a class=\"entity\" href=\"https:\/\/es.wikipedia.org\/wiki\/Dioniso\" target=\"_blank\" rel=\"noopener\" type=\"http:\/\/www.wikidata.org\/entity\/Q151885\">Baco<\/a> que el vino manaba de un arroyo.<\/em><\/p>\n<p><em>Dioses, hombres y ni\u00f1os se unen en la celebraci\u00f3n de los efectos del vino, cuyo consumo, en palabras de Filostrato,\u00a0hace a los hombres ricos, dominantes en la asamblea, dadivosos con los amigos, guapos y de cuatro codos de altura.<\/em><\/p>\n<p><em>Redunda en esa idea la partitura en primer plano: el canon\u00a0Chi boyt et ne reboyt il ne seet que boyre soit\u00a0(Quien bebe y no repite no sabe lo que es beber), atribuido a Adriaen Willaert (hacia 1480-1567), m\u00fasico flamenco al servicio de la corte ferraresa\u00bb<\/em>.<\/p>\n<h3><strong>El triunfo de Baco<\/strong><\/h3>\n<h5><strong>Vel\u00e1zquez (1628 y 1629)<\/strong><\/h5>\n<p><a href=\"https:\/\/upload.wikimedia.org\/wikipedia\/commons\/5\/51\/%22El_triunfo_de_Baco_o_los_Borrachos%22_de_Diego_Vel%C3%A1zquez.jpg\"><img decoding=\"async\" class=\"aligncenter size-medium wp-image-38982\" src=\"https:\/\/www.bodegasprotos.com\/wp-content\/uploads\/2023\/10\/Los-borrachos-300x217.jpg\" alt=\"\" width=\"300\" height=\"217\" srcset=\"https:\/\/www.bodegasprotos.com\/wp-content\/uploads\/2023\/10\/Los-borrachos-300x217.jpg 300w, https:\/\/www.bodegasprotos.com\/wp-content\/uploads\/2023\/10\/Los-borrachos-1024x740.jpg 1024w, https:\/\/www.bodegasprotos.com\/wp-content\/uploads\/2023\/10\/Los-borrachos-768x555.jpg 768w, https:\/\/www.bodegasprotos.com\/wp-content\/uploads\/2023\/10\/Los-borrachos.jpg 1090w\" sizes=\"(max-width: 300px) 100vw, 300px\" \/><\/a><\/p>\n<p>\u00d3leo sobre lienzo. Esta obra tambi\u00e9n, se encuentra en el Museo del Prado. \u00ab<em>Tradicionalmente se ha llamado la atenci\u00f3n sobre la voluntad realista con que est\u00e1n descritos los personajes de la derecha, lo que ha dado pie a una lectura de la escena como una desmitificaci\u00f3n de la f\u00e1bula cl\u00e1sica e, incluso, una burla de la Antig\u00fcedad. Sin embargo, cada vez son m\u00e1s los autores que se\u00f1alan hasta qu\u00e9 punto la propia naturaleza del mito b\u00e1quico propiciaba la interacci\u00f3n de elementos fabulosos y referencias cotidianas. En ese contexto, se ha interpretado el cuadro como una alegor\u00eda sobre el vino, que no s\u00f3lo tiene la capacidad de alegrar el \u00e1nimo de los hombres y llevarle a estados no racionales, sino que constituye un est\u00edmulo para la creaci\u00f3n po\u00e9tica, como recordaban numerosos escritores espa\u00f1oles de la \u00e9poca de\u00a0Vel\u00e1zquez\u00bb.<\/em><\/p>\n<h3><strong>La vendimia de oto\u00f1o<\/strong><\/h3>\n<h5><strong>Goya (1786)<\/strong><\/h5>\n<p><a href=\"https:\/\/commons.wikimedia.org\/wiki\/File:Francisco_de_Goya_-_La_vendimia_o_El_Oto%C3%B1o_(1786).jpg\"><img decoding=\"async\" class=\"aligncenter size-medium wp-image-38978\" src=\"https:\/\/www.bodegasprotos.com\/wp-content\/uploads\/2023\/10\/Francisco_de_Goya_-_La_vendimia_o_El_Otono_1786-210x300.jpg\" alt=\"\" width=\"210\" height=\"300\" srcset=\"https:\/\/www.bodegasprotos.com\/wp-content\/uploads\/2023\/10\/Francisco_de_Goya_-_La_vendimia_o_El_Otono_1786-210x300.jpg 210w, https:\/\/www.bodegasprotos.com\/wp-content\/uploads\/2023\/10\/Francisco_de_Goya_-_La_vendimia_o_El_Otono_1786.jpg 630w\" sizes=\"(max-width: 210px) 100vw, 210px\" \/><\/a><\/p>\n<p>Esta obra del maestro Goya se exhibe en el Museo del Prado, Pintada en 1786 es un \u00f3leo sobre lienzo y representa la estaci\u00f3n de dios del vino, Baco.<\/p>\n<p>En una escena costumbrista, la pintura habla del oto\u00f1o que se <em>\u00abse transforma aqu\u00ed en una vendimia moderna, en que un joven majo, sentado sobre un murete de piedra y vestido de amarillo, color que simboliza el oto\u00f1o, ofrece a una dama un racimo de uvas negras. El elegante ni\u00f1o, intenta alcanzar las uvas, reservadas, sin embargo, a los adultos. Tras ellos, una campesina lleva sobre su cabeza, con dignidad y apostura cl\u00e1sicas, una cesta llena de uvas, que trae de los campos del fondo. En ellos, los campesinos se afanan en la recogida del fruto, inclinados sobre las vi\u00f1as, mientras uno se yergue mirando a sus se\u00f1ores. El f\u00e9rtil valle se cierra al fondo por altas monta\u00f1as, que recuerdan la sierra de Gredos, cerca de Arenas de San Pedro\u00a0en\u00a0\u00c1vila, tierra de vi\u00f1edos\u00bb.<\/em><\/p>\n<h3><strong>El almuerzo de los remeros<\/strong><\/h3>\n<h5><strong>Renoir (1881)<\/strong><\/h5>\n<p><a href=\"https:\/\/upload.wikimedia.org\/wikipedia\/commons\/4\/4b\/Luncheon_of_the_Boating_Party%2C_Auguste_Renoir%2C_1880-1881%2C_detail_-_Phillips_Collection_-_DSC04992.JPG\"><img loading=\"lazy\" decoding=\"async\" class=\"aligncenter size-medium wp-image-38984\" src=\"https:\/\/www.bodegasprotos.com\/wp-content\/uploads\/2023\/10\/Luncheon_of_the_Boating_Party_Auguste_Renoir_1880-1881_detail_-_Phillips_Collection_-_DSC04992-300x225.jpg\" alt=\"\" width=\"300\" height=\"225\" srcset=\"https:\/\/www.bodegasprotos.com\/wp-content\/uploads\/2023\/10\/Luncheon_of_the_Boating_Party_Auguste_Renoir_1880-1881_detail_-_Phillips_Collection_-_DSC04992-300x225.jpg 300w, https:\/\/www.bodegasprotos.com\/wp-content\/uploads\/2023\/10\/Luncheon_of_the_Boating_Party_Auguste_Renoir_1880-1881_detail_-_Phillips_Collection_-_DSC04992-1024x768.jpg 1024w, https:\/\/www.bodegasprotos.com\/wp-content\/uploads\/2023\/10\/Luncheon_of_the_Boating_Party_Auguste_Renoir_1880-1881_detail_-_Phillips_Collection_-_DSC04992-768x576.jpg 768w, https:\/\/www.bodegasprotos.com\/wp-content\/uploads\/2023\/10\/Luncheon_of_the_Boating_Party_Auguste_Renoir_1880-1881_detail_-_Phillips_Collection_-_DSC04992-1536x1152.jpg 1536w, https:\/\/www.bodegasprotos.com\/wp-content\/uploads\/2023\/10\/Luncheon_of_the_Boating_Party_Auguste_Renoir_1880-1881_detail_-_Phillips_Collection_-_DSC04992-2048x1536.jpg 2048w\" sizes=\"(max-width: 300px) 100vw, 300px\" \/><\/a><\/p>\n<p>En franc\u00e9s \u00abLe d\u00e9jeuner des canotiers\u00bb. Una pintura del impresionista franc\u00e9s Pierre-Auguste Renoir, que se conserva en la Colecci\u00f3n Phillips, en Washington D. C.<\/p>\n<p>Seg\u00fan relata la web <a href=\"https:\/\/historia-arte.com\/obras\/el-almuerzo-de-los-remeros\">historia-arte-com<\/a>, el cuadro nos muestra <em>\u00abla terraza de la <strong>Maison Fournaise,<\/strong>\u00a0a las orillas de Sena, un local que nunca dorm\u00eda, en el que se alquilaban botes para un rom\u00e1ntico paseo por Par\u00eds y se serv\u00edan exquisitas comidas de la mejor cocina francesa de d\u00eda, y se organizaban bailes hasta el amanecer por la noche.<\/em><\/p>\n<p><em>Es l\u00f3gico que un tipo amante de la vida como\u00a0<strong>Renoir<\/strong>\u00a0se pasara ah\u00ed horas y horas y decidi\u00f3 plasmarlo en un lienzo, con su estilo vibrante y tembloroso, lleno de vitalidad.<\/em><\/p>\n<p><em><strong>Renoir<\/strong>\u00a0retrata a sus amigos como el pintor\u00a0<strong>Caillebotte,<\/strong>\u00a0sentado en primer plano, y frente a el, jugando con un perrito, a su modelo preferida de esa \u00e9poca, la pelirroja\u00a0<strong>Aline Charigot,<\/strong> con su graciosa nariz, que acabar\u00eda siendo su esposa poco despu\u00e9s\u00bb.<\/em><\/p>\n<h3><strong>Los jugadores de Cartas<\/strong><\/h3>\n<h5>C\u00e9zanne (1980- 1895)<\/h5>\n<p><a href=\"https:\/\/upload.wikimedia.org\/wikipedia\/commons\/5\/58\/Card_Players-Paul_Cezanne.jpg\"><img loading=\"lazy\" decoding=\"async\" class=\"aligncenter size-medium wp-image-38974\" src=\"https:\/\/www.bodegasprotos.com\/wp-content\/uploads\/2023\/10\/Card_Players-Paul_Cezanne-300x256.jpg\" alt=\"\" width=\"300\" height=\"256\" srcset=\"https:\/\/www.bodegasprotos.com\/wp-content\/uploads\/2023\/10\/Card_Players-Paul_Cezanne-300x256.jpg 300w, https:\/\/www.bodegasprotos.com\/wp-content\/uploads\/2023\/10\/Card_Players-Paul_Cezanne-1024x874.jpg 1024w, https:\/\/www.bodegasprotos.com\/wp-content\/uploads\/2023\/10\/Card_Players-Paul_Cezanne-768x655.jpg 768w, https:\/\/www.bodegasprotos.com\/wp-content\/uploads\/2023\/10\/Card_Players-Paul_Cezanne-1536x1310.jpg 1536w, https:\/\/www.bodegasprotos.com\/wp-content\/uploads\/2023\/10\/Card_Players-Paul_Cezanne.jpg 2048w\" sizes=\"(max-width: 300px) 100vw, 300px\" \/><\/a><\/p>\n<p>Los jugadores de cartas (Les Joueurs de cartes en el t\u00edtulo franc\u00e9s original) es una serie de cinco cuadros sobre el tema de la partida de cartas, que realiz\u00f3 el pintor franc\u00e9s Paul C\u00e9zanne\u200b entre 1890 y 1895 (la comenz\u00f3 estando en Suiza y la acab\u00f3 en Aix-en-Provence).<\/p>\n<p><strong>C\u00e9zanne<\/strong> es considerado un\u00e1nimemente <strong><a href=\"https:\/\/historia-arte.com\/obras\/los-jugadores-de-cartas-de-cezanne\">el padre de la pintura moderna<\/a>,<\/strong>\u00a0y este cuadro en concreto, uno de los\u00a0<strong>iconos de la historia del arte universal<\/strong>\u00a0con esos m\u00edticos dos campesinos jugando a las cartas y una botella de vino en medio en la que se refleja la luz.<\/p>\n<h3><strong>Dama bebiendo con un caballero<\/strong><\/h3>\n<h5><strong>Vermeer (1660)<\/strong><\/h5>\n<p><a href=\"https:\/\/upload.wikimedia.org\/wikipedia\/commons\/a\/a4\/Jan_Vermeer_van_Delft_-_The_Glass_of_Wine_-_Google_Art_Project.jpg\"><img loading=\"lazy\" decoding=\"async\" class=\"aligncenter size-medium wp-image-38980\" src=\"https:\/\/www.bodegasprotos.com\/wp-content\/uploads\/2023\/10\/Jan_Vermeer_van_Delft_-_The_Glass_of_Wine_-_Google_Art_Project-300x259.jpg\" alt=\"\" width=\"300\" height=\"259\" srcset=\"https:\/\/www.bodegasprotos.com\/wp-content\/uploads\/2023\/10\/Jan_Vermeer_van_Delft_-_The_Glass_of_Wine_-_Google_Art_Project-300x259.jpg 300w, https:\/\/www.bodegasprotos.com\/wp-content\/uploads\/2023\/10\/Jan_Vermeer_van_Delft_-_The_Glass_of_Wine_-_Google_Art_Project-1024x884.jpg 1024w, https:\/\/www.bodegasprotos.com\/wp-content\/uploads\/2023\/10\/Jan_Vermeer_van_Delft_-_The_Glass_of_Wine_-_Google_Art_Project-768x663.jpg 768w, https:\/\/www.bodegasprotos.com\/wp-content\/uploads\/2023\/10\/Jan_Vermeer_van_Delft_-_The_Glass_of_Wine_-_Google_Art_Project-1536x1326.jpg 1536w, https:\/\/www.bodegasprotos.com\/wp-content\/uploads\/2023\/10\/Jan_Vermeer_van_Delft_-_The_Glass_of_Wine_-_Google_Art_Project-2048x1768.jpg 2048w\" sizes=\"(max-width: 300px) 100vw, 300px\" \/><\/a><\/p>\n<p>Dama bebiendo con un caballero, pintado por el holand\u00e9s Vermeer en 1660, y que hoy podemos encontrar en la Gem\u00e4ldegalerie de Berl\u00edn.<\/p>\n<p>Vermeer es famoso por sus pinturas sobre escenas cotidianas. En esta ocasi\u00f3n, la pintura recrea la seducci\u00f3n entre dos j\u00f3venes, utilizando como veh\u00edculo el vino.<\/p>\n<p>Aunque sus cuadros representan, en su mayor\u00eda, escenas interiores de la vida dom\u00e9stica de la clase media, en esta obra, la muchacha tiene una actitud elegante, tal como lo exig\u00edan las normas de etiqueta de esa \u00e9poca. Ella sostiene la copa por la base, lo que indica que pertenece al estrato m\u00e1s alto de la sociedad.<\/p>\n<div class=\"ViV7Cc lXkFp\">\n<div class=\"bYQLK\">\n<div class=\"n7NWKb\">\n<div class=\"ViV7Cc lXkFp\">\n<div class=\"bYQLK\">\n<div class=\"n7NWKb\"><\/div>\n<\/div>\n<\/div>\n<div class=\"ViV7Cc lXkFp\">\n<div class=\"bYQLK\">\n<div class=\"n7NWKb\">\n<div class=\"ViV7Cc lXkFp\">\n<div class=\"bYQLK\">\n<div class=\"n7NWKb\">\n<p>El caballero no bebe, simplemente sostiene la jarra de vino, para servir m\u00e1s en la copa vac\u00eda de la muchacha.<\/p>\n<p>Una escena de cortejo entre dos muchachos pero donde la moral est\u00e1 presente.<\/p>\n<\/div>\n<\/div>\n<\/div>\n<\/div>\n<\/div>\n<\/div>\n<\/div>\n<\/div>\n<\/div>\n<h3><strong>The Drinkers<\/strong><\/h3>\n<h5><strong>Van Gogh (1890)<\/strong><\/h5>\n<p><a href=\"https:\/\/upload.wikimedia.org\/wikipedia\/commons\/2\/21\/Vincent_van_Gogh%E2%80%99s_famous_painting%2C_digitally_enhanced_by_rawpixel-com_50.jpg\"><img loading=\"lazy\" decoding=\"async\" class=\"size-medium wp-image-38986 aligncenter\" src=\"https:\/\/www.bodegasprotos.com\/wp-content\/uploads\/2023\/10\/Vincent_van_Goghs_famous_painting_digitally_enhanced_by_rawpixel-com_50-300x241.jpg\" alt=\"\" width=\"300\" height=\"241\" srcset=\"https:\/\/www.bodegasprotos.com\/wp-content\/uploads\/2023\/10\/Vincent_van_Goghs_famous_painting_digitally_enhanced_by_rawpixel-com_50-300x241.jpg 300w, https:\/\/www.bodegasprotos.com\/wp-content\/uploads\/2023\/10\/Vincent_van_Goghs_famous_painting_digitally_enhanced_by_rawpixel-com_50-1024x824.jpg 1024w, https:\/\/www.bodegasprotos.com\/wp-content\/uploads\/2023\/10\/Vincent_van_Goghs_famous_painting_digitally_enhanced_by_rawpixel-com_50-768x618.jpg 768w, https:\/\/www.bodegasprotos.com\/wp-content\/uploads\/2023\/10\/Vincent_van_Goghs_famous_painting_digitally_enhanced_by_rawpixel-com_50-1536x1236.jpg 1536w, https:\/\/www.bodegasprotos.com\/wp-content\/uploads\/2023\/10\/Vincent_van_Goghs_famous_painting_digitally_enhanced_by_rawpixel-com_50-2048x1647.jpg 2048w\" sizes=\"(max-width: 300px) 100vw, 300px\" \/><\/a><\/p>\n<p>Seg\u00fan el portal <a href=\"https:\/\/www.artic.edu\/artworks\/79349\/the-drinkers\">artic.edu<\/a>,<em> \u00abdurante su estancia en el Asilo de Saint-Paul en Saint-R\u00e9my, una peque\u00f1a ciudad cerca de Arles, Vincent van Gogh realiz\u00f3 numerosas copias de las obras de artistas que admiraba, lo que le liber\u00f3 de tener que realizar composiciones originales y le permiti\u00f3 concentrarse en cambio en la interpretaci\u00f3n. Para esta imagen, Van Gogh copi\u00f3 un grabado en madera de Los bebedores de Honor\u00e9 Daumier , una parodia de las cuatro edades del hombre. Las figuras exageradas capturan el humor caracter\u00edstico de Daumier y transmiten su triste mensaje sobre los horrores del alcoholismo. La paleta verdosa bien puede ser una alusi\u00f3n a la famosa bebida alcoh\u00f3lica absenta\u00bb.<\/em><\/p>\n<h3><strong>Un bar aux Folies Berg\u00e8re<\/strong><\/h3>\n<h5><strong>Manet (1882)<\/strong><\/h5>\n<p><a href=\"https:\/\/upload.wikimedia.org\/wikipedia\/commons\/b\/b1\/%22Un_Bar_aux_Folies-Berg%C3%A8re%22_by_%C3%89douard_Manet_%281882%29.jpg\"><img loading=\"lazy\" decoding=\"async\" class=\"aligncenter size-medium wp-image-39000\" src=\"https:\/\/www.bodegasprotos.com\/wp-content\/uploads\/2023\/10\/Un_Bar_aux_Folies-Bergere__by_Edouard_Manet_1882-copia-300x220.jpg\" alt=\"\" width=\"300\" height=\"220\" srcset=\"https:\/\/www.bodegasprotos.com\/wp-content\/uploads\/2023\/10\/Un_Bar_aux_Folies-Bergere__by_Edouard_Manet_1882-copia-300x220.jpg 300w, https:\/\/www.bodegasprotos.com\/wp-content\/uploads\/2023\/10\/Un_Bar_aux_Folies-Bergere__by_Edouard_Manet_1882-copia-768x564.jpg 768w, https:\/\/www.bodegasprotos.com\/wp-content\/uploads\/2023\/10\/Un_Bar_aux_Folies-Bergere__by_Edouard_Manet_1882-copia.jpg 873w\" sizes=\"(max-width: 300px) 100vw, 300px\" \/><\/a><\/p>\n<p>De nuevo, <a href=\"https:\/\/historia-arte.com\/obras\/un-bar-del-folies-bergere\">historia-arte.com<\/a>, nos explica que se trata de <em>\u00abla \u00faltima obra de <strong>Manet<\/strong>\u00a0y para muchos fue su mejor trabajo. No es para menos. En \u00e9l\u00a0<strong>Manet<\/strong>\u00a0plasm\u00f3 todos los motivos que trabaj\u00f3 durante su carrera: la vida parisina moderna, un par de bodegones en primera fila, una mujer marginal como protagonista. Todo esto ambientado en un caf\u00e9 como el que sol\u00eda frecuentar con los dem\u00e1s impresionistas.<\/em><\/p>\n<p><em><strong>Todo lo que hay en el cuadro es un reflejo<\/strong> menos la barra y la camarera de mirada fija. En el espejo vemos que est\u00e1 conversando con un se\u00f1or gracias a un enga\u00f1o \u00f3ptico que cre\u00f3 el pintor, pues el reflejo est\u00e1 torcido. Ella parece triste e ida en sus pensamientos, en el reflejo se inclina hacia delante para hablar con el se\u00f1or. Con ese espejo nuestro artista ha creado un\u00a0<strong>punto de vista novedoso<\/strong>\u00a0pues nuestra atenci\u00f3n est\u00e1 en ella, mas en el cristal se desarrollan dos escenas: la masa de gente a la izquierda haciendo vida social ignorando a la bailarina del techo (en la esquina se le ven las piernas) y una conversaci\u00f3n a la derecha.<\/em><\/p>\n<p><em>F\u00edjate bien en las botellas de champ\u00e1n y cerveza delante de ella. Est\u00e1n en la parte de atr\u00e1s de la barra, pero en el espejo han pasado a la de delante.\u00a0<strong>Manet<\/strong>\u00a0gasta muchas bromas como esta, haci\u00e9ndonos comprender que\u00a0<strong>de lo que se trata en este cuadro es de mirar\u00bb.<\/strong><\/em><\/p>\n<footer class=\"section section-footer\"><\/footer>\n<h3><strong>La Bouteille de Vin (La Botella de Vino)<\/strong><\/h3>\n<h5><strong>Picasso<\/strong><\/h5>\n<p><img loading=\"lazy\" decoding=\"async\" class=\"aligncenter size-medium wp-image-39002\" src=\"https:\/\/www.bodegasprotos.com\/wp-content\/uploads\/2023\/10\/222-300x295.jpg\" alt=\"\" width=\"300\" height=\"295\" srcset=\"https:\/\/www.bodegasprotos.com\/wp-content\/uploads\/2023\/10\/222-300x295.jpg 300w, https:\/\/www.bodegasprotos.com\/wp-content\/uploads\/2023\/10\/222.jpg 618w\" sizes=\"(max-width: 300px) 100vw, 300px\" \/><\/p>\n<h3><\/h3>\n<p>Se trata de un grabado realizado por el pintor malague\u00f1o Pablo Picasso, en 1922.<\/p>\n<p>Realizado con la t\u00e9cnica del \u201c<strong>pochoir<\/strong>\u201d (grabado coloreado a mano con gouache), podemos observar un bodeg\u00f3n cubista cuyos elementos son una botella de vino, una copa y un racimo de uvas.<\/p>\n<p>En \u00e9l se reproduce un bodeg\u00f3n cubista donde encontramos un racimo de uvas, una botella de vino y una copa encima de una mesa.<\/p>\n<h3><strong>La botella de vino<\/strong><\/h3>\n<h5><strong>Joan Mir\u00f3<\/strong><\/h5>\n<p><img loading=\"lazy\" decoding=\"async\" class=\"aligncenter size-medium wp-image-38976\" src=\"https:\/\/www.bodegasprotos.com\/wp-content\/uploads\/2023\/10\/dip00029cd00000p000_1000-268x300.jpg\" alt=\"\" width=\"268\" height=\"300\" srcset=\"https:\/\/www.bodegasprotos.com\/wp-content\/uploads\/2023\/10\/dip00029cd00000p000_1000-268x300.jpg 268w, https:\/\/www.bodegasprotos.com\/wp-content\/uploads\/2023\/10\/dip00029cd00000p000_1000-913x1024.jpg 913w, https:\/\/www.bodegasprotos.com\/wp-content\/uploads\/2023\/10\/dip00029cd00000p000_1000-768x861.jpg 768w, https:\/\/www.bodegasprotos.com\/wp-content\/uploads\/2023\/10\/dip00029cd00000p000_1000.jpg 1000w\" sizes=\"(max-width: 268px) 100vw, 268px\" \/><\/p>\n<p><a href=\"https:\/\/visitmuseum.gencat.cat\/es\/fundacio-joan-miro\/objeto\/pintura-l-ampolla-de-vi-joan-miro-1924\">Visitmuseumgencat.cat<\/a> nos cuenta que <em>\u00ab<\/em><em>La botella de vino muestra una conjunci\u00f3n de elementos inconexos: una botella de vino con un volc\u00e1n, una serpiente con bigote y una abeja. La l\u00f3gica que los relaciona es de orden po\u00e9tico. Sin embargo, la libertad asociativa que justifica la convivencia armoniosa de todos los elementos evidencia la crisis de los g\u00e9neros pict\u00f3ricos y el triunfo de la ambig\u00fcedad: las formas angulares que dividen la tela sugieren al mismo tiempo una mesa y un paisaje indefinible\u00bb.<\/em><\/p>\n<h3><strong>Hombre con un vaso de vino<\/strong><\/h3>\n<h5><strong>Amadeo Modigliani (1918)<\/strong><\/h5>\n<p><img loading=\"lazy\" decoding=\"async\" class=\"aligncenter size-medium wp-image-38970\" src=\"https:\/\/www.bodegasprotos.com\/wp-content\/uploads\/2023\/10\/61hVFcHn7PL._AC_SL1007_-173x300.jpg\" alt=\"\" width=\"173\" height=\"300\" srcset=\"https:\/\/www.bodegasprotos.com\/wp-content\/uploads\/2023\/10\/61hVFcHn7PL._AC_SL1007_-173x300.jpg 173w, https:\/\/www.bodegasprotos.com\/wp-content\/uploads\/2023\/10\/61hVFcHn7PL._AC_SL1007_.jpg 582w\" sizes=\"(max-width: 173px) 100vw, 173px\" \/><\/p>\n<p>Amedeo Clemente Modigliani trabaj\u00f3 toda su obra en Par\u00eds. Falleci\u00f3 tempranamente, a la edad de 35 a\u00f1os. Su obra es conocida por sus desnudos y retratos con una t\u00e9cnica marcada por el alargamiento de las figuras y las caras. Este pintor italiano se traslad\u00f3 a Par\u00eds con tan solo 22 a\u00f1os, donde conoci\u00f3 a Picasso o a Br\u00e2ncu\u0219i. Como podemos comprobar en la obra \u00abHombre con un vaso de vino\u00bb,\u00a0 el vino ten\u00eda tambi\u00e9n un cierto protagonismo junto a las figuras humanas que retrataba.<\/p>\n","protected":false},"excerpt":{"rendered":"<p>El mundo del vino siempre ha estado vinculado con el mundo de las artes. Ya hemos hablado en&#8230;<\/p>\n","protected":false},"author":3,"featured_media":38982,"comment_status":"closed","ping_status":"closed","sticky":false,"template":"","format":"standard","meta":{"_acf_changed":false,"footnotes":""},"categories":[87,1],"tags":[],"class_list":["post-38969","post","type-post","status-publish","format-standard","has-post-thumbnail","hentry","category-blog","category-general"],"acf":[],"yoast_head":"<!-- This site is optimized with the Yoast SEO plugin v27.5 - https:\/\/yoast.com\/product\/yoast-seo-wordpress\/ -->\n<title>Pinturas donde el vino es el protagonista - Bodegas Protos<\/title>\n<meta name=\"description\" content=\"El mundo del vino siempre ha estado vinculado con el mundo de las artes. Ya hemos hablado en diversos momentos de la conexi\u00f3n que Protos tiene con el\" \/>\n<meta name=\"robots\" content=\"index, follow, max-snippet:-1, max-image-preview:large, max-video-preview:-1\" \/>\n<link rel=\"canonical\" href=\"https:\/\/www.bodegasprotos.com\/es\/blog\/pinturas-donde-el-vino-es-el-protagonista\/\" \/>\n<meta property=\"og:locale\" content=\"es_ES\" \/>\n<meta property=\"og:type\" content=\"article\" \/>\n<meta property=\"og:title\" content=\"Pinturas donde el vino es el protagonista - Bodegas Protos\" \/>\n<meta property=\"og:description\" content=\"El mundo del vino siempre ha estado vinculado con el mundo de las artes. Ya hemos hablado en diversos momentos de la conexi\u00f3n que Protos tiene con el\" \/>\n<meta property=\"og:url\" content=\"https:\/\/www.bodegasprotos.com\/es\/blog\/pinturas-donde-el-vino-es-el-protagonista\/\" \/>\n<meta property=\"og:site_name\" content=\"Bodegas Protos\" \/>\n<meta property=\"article:publisher\" content=\"https:\/\/www.facebook.com\/BodegasProtos\" \/>\n<meta property=\"article:published_time\" content=\"2023-10-20T09:34:30+00:00\" \/>\n<meta property=\"article:modified_time\" content=\"2023-10-23T11:03:53+00:00\" \/>\n<meta property=\"og:image\" content=\"https:\/\/www.bodegasprotos.com\/wp-content\/uploads\/2023\/10\/Los-borrachos.jpg\" \/>\n\t<meta property=\"og:image:width\" content=\"1090\" \/>\n\t<meta property=\"og:image:height\" content=\"788\" \/>\n\t<meta property=\"og:image:type\" content=\"image\/jpeg\" \/>\n<meta name=\"author\" content=\"Bodegas Protos (F)\" \/>\n<meta name=\"twitter:card\" content=\"summary_large_image\" \/>\n<meta name=\"twitter:creator\" content=\"@Bodegas_Protos\" \/>\n<meta name=\"twitter:site\" content=\"@Bodegas_Protos\" \/>\n<meta name=\"twitter:label1\" content=\"Escrito por\" \/>\n\t<meta name=\"twitter:data1\" content=\"Bodegas Protos (F)\" \/>\n\t<meta name=\"twitter:label2\" content=\"Tiempo de lectura\" \/>\n\t<meta name=\"twitter:data2\" content=\"10 minutos\" \/>\n<script type=\"application\/ld+json\" class=\"yoast-schema-graph\">{\"@context\":\"https:\\\/\\\/schema.org\",\"@graph\":[{\"@type\":\"Article\",\"@id\":\"https:\\\/\\\/www.bodegasprotos.com\\\/es\\\/blog\\\/pinturas-donde-el-vino-es-el-protagonista\\\/#article\",\"isPartOf\":{\"@id\":\"https:\\\/\\\/www.bodegasprotos.com\\\/es\\\/blog\\\/pinturas-donde-el-vino-es-el-protagonista\\\/\"},\"author\":{\"name\":\"Bodegas Protos (F)\",\"@id\":\"https:\\\/\\\/www.bodegasprotos.com\\\/es\\\/#\\\/schema\\\/person\\\/6cb69a08afa14171755cee0df7d20027\"},\"headline\":\"Pinturas donde el vino es el protagonista\",\"datePublished\":\"2023-10-20T09:34:30+00:00\",\"dateModified\":\"2023-10-23T11:03:53+00:00\",\"mainEntityOfPage\":{\"@id\":\"https:\\\/\\\/www.bodegasprotos.com\\\/es\\\/blog\\\/pinturas-donde-el-vino-es-el-protagonista\\\/\"},\"wordCount\":1686,\"publisher\":{\"@id\":\"https:\\\/\\\/www.bodegasprotos.com\\\/es\\\/#organization\"},\"image\":{\"@id\":\"https:\\\/\\\/www.bodegasprotos.com\\\/es\\\/blog\\\/pinturas-donde-el-vino-es-el-protagonista\\\/#primaryimage\"},\"thumbnailUrl\":\"https:\\\/\\\/www.bodegasprotos.com\\\/wp-content\\\/uploads\\\/2023\\\/10\\\/Los-borrachos.jpg\",\"articleSection\":[\"Blog\",\"General\"],\"inLanguage\":\"es\"},{\"@type\":\"WebPage\",\"@id\":\"https:\\\/\\\/www.bodegasprotos.com\\\/es\\\/blog\\\/pinturas-donde-el-vino-es-el-protagonista\\\/\",\"url\":\"https:\\\/\\\/www.bodegasprotos.com\\\/es\\\/blog\\\/pinturas-donde-el-vino-es-el-protagonista\\\/\",\"name\":\"Pinturas donde el vino es el protagonista - Bodegas Protos\",\"isPartOf\":{\"@id\":\"https:\\\/\\\/www.bodegasprotos.com\\\/es\\\/#website\"},\"primaryImageOfPage\":{\"@id\":\"https:\\\/\\\/www.bodegasprotos.com\\\/es\\\/blog\\\/pinturas-donde-el-vino-es-el-protagonista\\\/#primaryimage\"},\"image\":{\"@id\":\"https:\\\/\\\/www.bodegasprotos.com\\\/es\\\/blog\\\/pinturas-donde-el-vino-es-el-protagonista\\\/#primaryimage\"},\"thumbnailUrl\":\"https:\\\/\\\/www.bodegasprotos.com\\\/wp-content\\\/uploads\\\/2023\\\/10\\\/Los-borrachos.jpg\",\"datePublished\":\"2023-10-20T09:34:30+00:00\",\"dateModified\":\"2023-10-23T11:03:53+00:00\",\"description\":\"El mundo del vino siempre ha estado vinculado con el mundo de las artes. Ya hemos hablado en diversos momentos de la conexi\u00f3n que Protos tiene con el\",\"breadcrumb\":{\"@id\":\"https:\\\/\\\/www.bodegasprotos.com\\\/es\\\/blog\\\/pinturas-donde-el-vino-es-el-protagonista\\\/#breadcrumb\"},\"inLanguage\":\"es\",\"potentialAction\":[{\"@type\":\"ReadAction\",\"target\":[\"https:\\\/\\\/www.bodegasprotos.com\\\/es\\\/blog\\\/pinturas-donde-el-vino-es-el-protagonista\\\/\"]}]},{\"@type\":\"ImageObject\",\"inLanguage\":\"es\",\"@id\":\"https:\\\/\\\/www.bodegasprotos.com\\\/es\\\/blog\\\/pinturas-donde-el-vino-es-el-protagonista\\\/#primaryimage\",\"url\":\"https:\\\/\\\/www.bodegasprotos.com\\\/wp-content\\\/uploads\\\/2023\\\/10\\\/Los-borrachos.jpg\",\"contentUrl\":\"https:\\\/\\\/www.bodegasprotos.com\\\/wp-content\\\/uploads\\\/2023\\\/10\\\/Los-borrachos.jpg\",\"width\":1090,\"height\":788},{\"@type\":\"BreadcrumbList\",\"@id\":\"https:\\\/\\\/www.bodegasprotos.com\\\/es\\\/blog\\\/pinturas-donde-el-vino-es-el-protagonista\\\/#breadcrumb\",\"itemListElement\":[{\"@type\":\"ListItem\",\"position\":1,\"name\":\"Portada\",\"item\":\"https:\\\/\\\/www.bodegasprotos.com\\\/es\\\/\"},{\"@type\":\"ListItem\",\"position\":2,\"name\":\"Pinturas donde el vino es el protagonista\"}]},{\"@type\":\"WebSite\",\"@id\":\"https:\\\/\\\/www.bodegasprotos.com\\\/es\\\/#website\",\"url\":\"https:\\\/\\\/www.bodegasprotos.com\\\/es\\\/\",\"name\":\"Bodegas Protos\",\"description\":\"Vinos de la Denominaci\u00f3n de Origen Ribera del Duero, Rueda y Cigales\",\"publisher\":{\"@id\":\"https:\\\/\\\/www.bodegasprotos.com\\\/es\\\/#organization\"},\"potentialAction\":[{\"@type\":\"SearchAction\",\"target\":{\"@type\":\"EntryPoint\",\"urlTemplate\":\"https:\\\/\\\/www.bodegasprotos.com\\\/es\\\/?s={search_term_string}\"},\"query-input\":{\"@type\":\"PropertyValueSpecification\",\"valueRequired\":true,\"valueName\":\"search_term_string\"}}],\"inLanguage\":\"es\"},{\"@type\":\"Organization\",\"@id\":\"https:\\\/\\\/www.bodegasprotos.com\\\/es\\\/#organization\",\"name\":\"Bodegas Protos\",\"url\":\"https:\\\/\\\/www.bodegasprotos.com\\\/es\\\/\",\"logo\":{\"@type\":\"ImageObject\",\"inLanguage\":\"es\",\"@id\":\"https:\\\/\\\/www.bodegasprotos.com\\\/es\\\/#\\\/schema\\\/logo\\\/image\\\/\",\"url\":\"https:\\\/\\\/www.bodegasprotos.com\\\/wp-content\\\/uploads\\\/2024\\\/06\\\/PROTOS-LOGOS-VERSIONES-13.png\",\"contentUrl\":\"https:\\\/\\\/www.bodegasprotos.com\\\/wp-content\\\/uploads\\\/2024\\\/06\\\/PROTOS-LOGOS-VERSIONES-13.png\",\"width\":2362,\"height\":2362,\"caption\":\"Bodegas Protos\"},\"image\":{\"@id\":\"https:\\\/\\\/www.bodegasprotos.com\\\/es\\\/#\\\/schema\\\/logo\\\/image\\\/\"},\"sameAs\":[\"https:\\\/\\\/www.facebook.com\\\/BodegasProtos\",\"https:\\\/\\\/x.com\\\/Bodegas_Protos\",\"https:\\\/\\\/www.instagram.com\\\/bodegasprotosoficial\\\/\",\"https:\\\/\\\/www.linkedin.com\\\/company\\\/bodegasprotos\\\/\",\"https:\\\/\\\/pinterest.com\\\/BodegasProtos\\\/\",\"http:\\\/\\\/www.youtube.com\\\/user\\\/BodegasProtos\",\"https:\\\/\\\/es.wikipedia.org\\\/wiki\\\/Bodegas_Protos\"]},{\"@type\":\"Person\",\"@id\":\"https:\\\/\\\/www.bodegasprotos.com\\\/es\\\/#\\\/schema\\\/person\\\/6cb69a08afa14171755cee0df7d20027\",\"name\":\"Bodegas Protos (F)\",\"image\":{\"@type\":\"ImageObject\",\"inLanguage\":\"es\",\"@id\":\"https:\\\/\\\/secure.gravatar.com\\\/avatar\\\/cc613a9fd2ee203f402357c1b4aa2b7c041016cbf1eab1e41bde410b2ebd7f94?s=96&d=mm&r=g\",\"url\":\"https:\\\/\\\/secure.gravatar.com\\\/avatar\\\/cc613a9fd2ee203f402357c1b4aa2b7c041016cbf1eab1e41bde410b2ebd7f94?s=96&d=mm&r=g\",\"contentUrl\":\"https:\\\/\\\/secure.gravatar.com\\\/avatar\\\/cc613a9fd2ee203f402357c1b4aa2b7c041016cbf1eab1e41bde410b2ebd7f94?s=96&d=mm&r=g\",\"caption\":\"Bodegas Protos (F)\"},\"sameAs\":[\"https:\\\/\\\/www.bodegasprotos.com\"]}]}<\/script>\n<!-- \/ Yoast SEO plugin. -->","yoast_head_json":{"title":"Pinturas donde el vino es el protagonista - Bodegas Protos","description":"El mundo del vino siempre ha estado vinculado con el mundo de las artes. Ya hemos hablado en diversos momentos de la conexi\u00f3n que Protos tiene con el","robots":{"index":"index","follow":"follow","max-snippet":"max-snippet:-1","max-image-preview":"max-image-preview:large","max-video-preview":"max-video-preview:-1"},"canonical":"https:\/\/www.bodegasprotos.com\/es\/blog\/pinturas-donde-el-vino-es-el-protagonista\/","og_locale":"es_ES","og_type":"article","og_title":"Pinturas donde el vino es el protagonista - Bodegas Protos","og_description":"El mundo del vino siempre ha estado vinculado con el mundo de las artes. Ya hemos hablado en diversos momentos de la conexi\u00f3n que Protos tiene con el","og_url":"https:\/\/www.bodegasprotos.com\/es\/blog\/pinturas-donde-el-vino-es-el-protagonista\/","og_site_name":"Bodegas Protos","article_publisher":"https:\/\/www.facebook.com\/BodegasProtos","article_published_time":"2023-10-20T09:34:30+00:00","article_modified_time":"2023-10-23T11:03:53+00:00","og_image":[{"width":1090,"height":788,"url":"https:\/\/www.bodegasprotos.com\/wp-content\/uploads\/2023\/10\/Los-borrachos.jpg","type":"image\/jpeg"}],"author":"Bodegas Protos (F)","twitter_card":"summary_large_image","twitter_creator":"@Bodegas_Protos","twitter_site":"@Bodegas_Protos","twitter_misc":{"Escrito por":"Bodegas Protos (F)","Tiempo de lectura":"10 minutos"},"schema":{"@context":"https:\/\/schema.org","@graph":[{"@type":"Article","@id":"https:\/\/www.bodegasprotos.com\/es\/blog\/pinturas-donde-el-vino-es-el-protagonista\/#article","isPartOf":{"@id":"https:\/\/www.bodegasprotos.com\/es\/blog\/pinturas-donde-el-vino-es-el-protagonista\/"},"author":{"name":"Bodegas Protos (F)","@id":"https:\/\/www.bodegasprotos.com\/es\/#\/schema\/person\/6cb69a08afa14171755cee0df7d20027"},"headline":"Pinturas donde el vino es el protagonista","datePublished":"2023-10-20T09:34:30+00:00","dateModified":"2023-10-23T11:03:53+00:00","mainEntityOfPage":{"@id":"https:\/\/www.bodegasprotos.com\/es\/blog\/pinturas-donde-el-vino-es-el-protagonista\/"},"wordCount":1686,"publisher":{"@id":"https:\/\/www.bodegasprotos.com\/es\/#organization"},"image":{"@id":"https:\/\/www.bodegasprotos.com\/es\/blog\/pinturas-donde-el-vino-es-el-protagonista\/#primaryimage"},"thumbnailUrl":"https:\/\/www.bodegasprotos.com\/wp-content\/uploads\/2023\/10\/Los-borrachos.jpg","articleSection":["Blog","General"],"inLanguage":"es"},{"@type":"WebPage","@id":"https:\/\/www.bodegasprotos.com\/es\/blog\/pinturas-donde-el-vino-es-el-protagonista\/","url":"https:\/\/www.bodegasprotos.com\/es\/blog\/pinturas-donde-el-vino-es-el-protagonista\/","name":"Pinturas donde el vino es el protagonista - Bodegas Protos","isPartOf":{"@id":"https:\/\/www.bodegasprotos.com\/es\/#website"},"primaryImageOfPage":{"@id":"https:\/\/www.bodegasprotos.com\/es\/blog\/pinturas-donde-el-vino-es-el-protagonista\/#primaryimage"},"image":{"@id":"https:\/\/www.bodegasprotos.com\/es\/blog\/pinturas-donde-el-vino-es-el-protagonista\/#primaryimage"},"thumbnailUrl":"https:\/\/www.bodegasprotos.com\/wp-content\/uploads\/2023\/10\/Los-borrachos.jpg","datePublished":"2023-10-20T09:34:30+00:00","dateModified":"2023-10-23T11:03:53+00:00","description":"El mundo del vino siempre ha estado vinculado con el mundo de las artes. Ya hemos hablado en diversos momentos de la conexi\u00f3n que Protos tiene con el","breadcrumb":{"@id":"https:\/\/www.bodegasprotos.com\/es\/blog\/pinturas-donde-el-vino-es-el-protagonista\/#breadcrumb"},"inLanguage":"es","potentialAction":[{"@type":"ReadAction","target":["https:\/\/www.bodegasprotos.com\/es\/blog\/pinturas-donde-el-vino-es-el-protagonista\/"]}]},{"@type":"ImageObject","inLanguage":"es","@id":"https:\/\/www.bodegasprotos.com\/es\/blog\/pinturas-donde-el-vino-es-el-protagonista\/#primaryimage","url":"https:\/\/www.bodegasprotos.com\/wp-content\/uploads\/2023\/10\/Los-borrachos.jpg","contentUrl":"https:\/\/www.bodegasprotos.com\/wp-content\/uploads\/2023\/10\/Los-borrachos.jpg","width":1090,"height":788},{"@type":"BreadcrumbList","@id":"https:\/\/www.bodegasprotos.com\/es\/blog\/pinturas-donde-el-vino-es-el-protagonista\/#breadcrumb","itemListElement":[{"@type":"ListItem","position":1,"name":"Portada","item":"https:\/\/www.bodegasprotos.com\/es\/"},{"@type":"ListItem","position":2,"name":"Pinturas donde el vino es el protagonista"}]},{"@type":"WebSite","@id":"https:\/\/www.bodegasprotos.com\/es\/#website","url":"https:\/\/www.bodegasprotos.com\/es\/","name":"Bodegas Protos","description":"Vinos de la Denominaci\u00f3n de Origen Ribera del Duero, Rueda y Cigales","publisher":{"@id":"https:\/\/www.bodegasprotos.com\/es\/#organization"},"potentialAction":[{"@type":"SearchAction","target":{"@type":"EntryPoint","urlTemplate":"https:\/\/www.bodegasprotos.com\/es\/?s={search_term_string}"},"query-input":{"@type":"PropertyValueSpecification","valueRequired":true,"valueName":"search_term_string"}}],"inLanguage":"es"},{"@type":"Organization","@id":"https:\/\/www.bodegasprotos.com\/es\/#organization","name":"Bodegas Protos","url":"https:\/\/www.bodegasprotos.com\/es\/","logo":{"@type":"ImageObject","inLanguage":"es","@id":"https:\/\/www.bodegasprotos.com\/es\/#\/schema\/logo\/image\/","url":"https:\/\/www.bodegasprotos.com\/wp-content\/uploads\/2024\/06\/PROTOS-LOGOS-VERSIONES-13.png","contentUrl":"https:\/\/www.bodegasprotos.com\/wp-content\/uploads\/2024\/06\/PROTOS-LOGOS-VERSIONES-13.png","width":2362,"height":2362,"caption":"Bodegas Protos"},"image":{"@id":"https:\/\/www.bodegasprotos.com\/es\/#\/schema\/logo\/image\/"},"sameAs":["https:\/\/www.facebook.com\/BodegasProtos","https:\/\/x.com\/Bodegas_Protos","https:\/\/www.instagram.com\/bodegasprotosoficial\/","https:\/\/www.linkedin.com\/company\/bodegasprotos\/","https:\/\/pinterest.com\/BodegasProtos\/","http:\/\/www.youtube.com\/user\/BodegasProtos","https:\/\/es.wikipedia.org\/wiki\/Bodegas_Protos"]},{"@type":"Person","@id":"https:\/\/www.bodegasprotos.com\/es\/#\/schema\/person\/6cb69a08afa14171755cee0df7d20027","name":"Bodegas Protos (F)","image":{"@type":"ImageObject","inLanguage":"es","@id":"https:\/\/secure.gravatar.com\/avatar\/cc613a9fd2ee203f402357c1b4aa2b7c041016cbf1eab1e41bde410b2ebd7f94?s=96&d=mm&r=g","url":"https:\/\/secure.gravatar.com\/avatar\/cc613a9fd2ee203f402357c1b4aa2b7c041016cbf1eab1e41bde410b2ebd7f94?s=96&d=mm&r=g","contentUrl":"https:\/\/secure.gravatar.com\/avatar\/cc613a9fd2ee203f402357c1b4aa2b7c041016cbf1eab1e41bde410b2ebd7f94?s=96&d=mm&r=g","caption":"Bodegas Protos (F)"},"sameAs":["https:\/\/www.bodegasprotos.com"]}]}},"_links":{"self":[{"href":"https:\/\/www.bodegasprotos.com\/es\/wp-json\/wp\/v2\/posts\/38969","targetHints":{"allow":["GET"]}}],"collection":[{"href":"https:\/\/www.bodegasprotos.com\/es\/wp-json\/wp\/v2\/posts"}],"about":[{"href":"https:\/\/www.bodegasprotos.com\/es\/wp-json\/wp\/v2\/types\/post"}],"author":[{"embeddable":true,"href":"https:\/\/www.bodegasprotos.com\/es\/wp-json\/wp\/v2\/users\/3"}],"replies":[{"embeddable":true,"href":"https:\/\/www.bodegasprotos.com\/es\/wp-json\/wp\/v2\/comments?post=38969"}],"version-history":[{"count":0,"href":"https:\/\/www.bodegasprotos.com\/es\/wp-json\/wp\/v2\/posts\/38969\/revisions"}],"wp:featuredmedia":[{"embeddable":true,"href":"https:\/\/www.bodegasprotos.com\/es\/wp-json\/wp\/v2\/media\/38982"}],"wp:attachment":[{"href":"https:\/\/www.bodegasprotos.com\/es\/wp-json\/wp\/v2\/media?parent=38969"}],"wp:term":[{"taxonomy":"category","embeddable":true,"href":"https:\/\/www.bodegasprotos.com\/es\/wp-json\/wp\/v2\/categories?post=38969"},{"taxonomy":"post_tag","embeddable":true,"href":"https:\/\/www.bodegasprotos.com\/es\/wp-json\/wp\/v2\/tags?post=38969"}],"curies":[{"name":"wp","href":"https:\/\/api.w.org\/{rel}","templated":true}]}}