{"id":38936,"date":"2023-10-13T11:32:45","date_gmt":"2023-10-13T09:32:45","guid":{"rendered":"https:\/\/www.bodegasprotos.com\/?p=38936"},"modified":"2023-11-15T12:34:47","modified_gmt":"2023-11-15T11:34:47","slug":"celebra-la-semana-mundial-de-la-novela-con-protos","status":"publish","type":"post","link":"https:\/\/www.bodegasprotos.com\/es\/general\/celebra-la-semana-mundial-de-la-novela-con-protos\/","title":{"rendered":"Celebra la Semana Mundial de la novela con Protos"},"content":{"rendered":"<p>Del 13 al 20 de octubre, se conmemora la Semana Mundial de la novela. Esta semana fue proclamada por la UNESCO con el fin de contribuir a promover y salvaguardar la producci\u00f3n, publicaci\u00f3n, lectura e influencia mundial de este g\u00e9nero literario.<\/p>\n<p>Bodegas Protos ha estado, desde siempre, muy unido al mundo de la literatura. Por eso, en la bodega antigua, poseemos un espacio llamado \u201c<a href=\"https:\/\/www.bodegasprotos.com\/es\/notas-de-prensa\/nace-el-reino-de-las-letras-homenaje-al-mundo-de-la-literatura\/\">El Reino de las Letras<\/a>\u201d cuyo rey es Miguel Delibes, y en donde se pueden encontrar una selecci\u00f3n de obras desde el Siglo de Oro hasta la Generaci\u00f3n del 27.<\/p>\n<p>Asimismo, son muchos los escritores que han pasado por all\u00ed, y que han dejado sus obras dedicadas, las cuales est\u00e1n expuestas en este universo literario.<\/p>\n<p>Adem\u00e1s, Bodegas Protos celebra cada dos meses, su club de lectura <a href=\"https:\/\/www.bodegasprotos.com\/es\/blog\/el-ateneo-de-protos\/\">\u201cEl Ateneo de Protos\u201d<\/a>, un lugar que invita al disfrute de las letras y la buena conversaci\u00f3n.<\/p>\n<p>Por eso, para festejar esta semana, te vamos a proponer un buen maridaje entre algunas de las mejores novelas de la historia de la literatura y nuestros vinos.<\/p>\n<h2><strong>El Quijote<\/strong><\/h2>\n<p>No pod\u00edamos empezar por otro libro que con <strong>El Ingenioso Hidalgo Don Quijote de la Mancha<\/strong>.<\/p>\n<p>Sin duda, la obra m\u00e1s destacada de la literatura espa\u00f1ola y de la literatura universal, ya que es el libro m\u00e1s le\u00eddo despu\u00e9s de la Biblia y el Cor\u00e1n.<\/p>\n<p>Por todo esto, esta joya inigualable tiene como acompa\u00f1ante perfecto una buena copa de <a href=\"https:\/\/www.bodegasprotos.com\/es\/vino\/finca-grajo-viejo\/\">Finca El Grajo Viejo<\/a>.<\/p>\n<p>Un vino sabroso, potente y muy expresivo. Con una larga vida gracias a su estructura y buen equilibrio tanino noble- acidez.<\/p>\n<div id=\"attachment_38937\" style=\"width: 201px\" class=\"wp-caption aligncenter\"><img fetchpriority=\"high\" decoding=\"async\" aria-describedby=\"caption-attachment-38937\" class=\"wp-image-38937 size-medium\" src=\"https:\/\/www.bodegasprotos.com\/wp-content\/uploads\/2023\/10\/Miguel_de_Cervantes_1605_El_ingenioso_hidalgo_Don_Quixote_de_la_Mancha-191x300.jpg\" alt=\"\" width=\"191\" height=\"300\" srcset=\"https:\/\/www.bodegasprotos.com\/wp-content\/uploads\/2023\/10\/Miguel_de_Cervantes_1605_El_ingenioso_hidalgo_Don_Quixote_de_la_Mancha-191x300.jpg 191w, https:\/\/www.bodegasprotos.com\/wp-content\/uploads\/2023\/10\/Miguel_de_Cervantes_1605_El_ingenioso_hidalgo_Don_Quixote_de_la_Mancha.jpg 568w\" sizes=\"(max-width: 191px) 100vw, 191px\" \/><p id=\"caption-attachment-38937\" class=\"wp-caption-text\">Fuente:<a href=\"https:\/\/upload.wikimedia.org\/wikipedia\/commons\/0\/08\/Miguel_de_Cervantes_%281605%29_El_ingenioso_hidalgo_Don_Quixote_de_la_Mancha.png\"> Wikimedia<\/a><\/p><\/div>\n<h2><strong>Las Mil y una Noches<\/strong><\/h2>\n<p>El apasionante cl\u00e1sico de la literatura \u00e1rabe que ha fascinado a tantos autores como Borges, Goethe, Flaubert y Lovecraft, es perfecto con una copa de <a href=\"https:\/\/www.bodegasprotos.com\/es\/vino\/protos-rose\/\">Protos Ros\u00e9<\/a>. El embrujo de las distintas historias narradas en Las Mil y una noches junto con la frescura, y la sedosidad de Aire de Protos te envolver\u00e1n.<\/p>\n<div id=\"attachment_38939\" style=\"width: 206px\" class=\"wp-caption aligncenter\"><img decoding=\"async\" aria-describedby=\"caption-attachment-38939\" class=\"wp-image-38939 size-medium\" src=\"https:\/\/www.bodegasprotos.com\/wp-content\/uploads\/2023\/10\/Las_mil_noches_y_una_noche_v1_page_37_crop-196x300.jpg\" alt=\"\" width=\"196\" height=\"300\" srcset=\"https:\/\/www.bodegasprotos.com\/wp-content\/uploads\/2023\/10\/Las_mil_noches_y_una_noche_v1_page_37_crop-196x300.jpg 196w, https:\/\/www.bodegasprotos.com\/wp-content\/uploads\/2023\/10\/Las_mil_noches_y_una_noche_v1_page_37_crop-668x1024.jpg 668w, https:\/\/www.bodegasprotos.com\/wp-content\/uploads\/2023\/10\/Las_mil_noches_y_una_noche_v1_page_37_crop-768x1178.jpg 768w, https:\/\/www.bodegasprotos.com\/wp-content\/uploads\/2023\/10\/Las_mil_noches_y_una_noche_v1_page_37_crop-1002x1536.jpg 1002w, https:\/\/www.bodegasprotos.com\/wp-content\/uploads\/2023\/10\/Las_mil_noches_y_una_noche_v1_page_37_crop-1336x2048.jpg 1336w, https:\/\/www.bodegasprotos.com\/wp-content\/uploads\/2023\/10\/Las_mil_noches_y_una_noche_v1_page_37_crop.jpg 1359w\" sizes=\"(max-width: 196px) 100vw, 196px\" \/><p id=\"caption-attachment-38939\" class=\"wp-caption-text\">Fuente:<a href=\"https:\/\/upload.wikimedia.org\/wikipedia\/commons\/e\/e4\/Las_mil_noches_y_una_noche_v1_%28page_37_crop%29.jpg\"> Wikimedia<\/a><\/p><\/div>\n<h2><strong>Ana Karenina<\/strong><\/h2>\n<p>Es considerada como una de las mejores novelas de todos los tiempos, y sin duda, un reflejo del realismo de la literatura rusa. Esta novela cuenta las azarosas aventuras de Ana Karenina en la gran Rusia Imperial. El matrimonio perfecto lo hace\u00a0 con <a href=\"https:\/\/www.bodegasprotos.com\/es\/vino\/reserva\/\">Protos Reserva<\/a>.<\/p>\n<div id=\"attachment_38941\" style=\"width: 209px\" class=\"wp-caption aligncenter\"><img decoding=\"async\" aria-describedby=\"caption-attachment-38941\" class=\"wp-image-38941 size-medium\" src=\"https:\/\/www.bodegasprotos.com\/wp-content\/uploads\/2023\/10\/Anna_karenina_lev_tolstoi_Catalan_translation_\u0422\u043e\u043b\u0441\u0442\u043e\u0301\u0439_leo_Tolstoy_\u0410\u043d\u043d\u0430_\u041a\u0430\u0440\u0435\u043d\u0438\u043d\u0430-199x300.jpg\" alt=\"\" width=\"199\" height=\"300\" srcset=\"https:\/\/www.bodegasprotos.com\/wp-content\/uploads\/2023\/10\/Anna_karenina_lev_tolstoi_Catalan_translation_\u0422\u043e\u043b\u0441\u0442\u043e\u0301\u0439_leo_Tolstoy_\u0410\u043d\u043d\u0430_\u041a\u0430\u0440\u0435\u043d\u0438\u043d\u0430-199x300.jpg 199w, https:\/\/www.bodegasprotos.com\/wp-content\/uploads\/2023\/10\/Anna_karenina_lev_tolstoi_Catalan_translation_\u0422\u043e\u043b\u0441\u0442\u043e\u0301\u0439_leo_Tolstoy_\u0410\u043d\u043d\u0430_\u041a\u0430\u0440\u0435\u043d\u0438\u043d\u0430-679x1024.jpg 679w, https:\/\/www.bodegasprotos.com\/wp-content\/uploads\/2023\/10\/Anna_karenina_lev_tolstoi_Catalan_translation_\u0422\u043e\u043b\u0441\u0442\u043e\u0301\u0439_leo_Tolstoy_\u0410\u043d\u043d\u0430_\u041a\u0430\u0440\u0435\u043d\u0438\u043d\u0430-768x1158.jpg 768w, https:\/\/www.bodegasprotos.com\/wp-content\/uploads\/2023\/10\/Anna_karenina_lev_tolstoi_Catalan_translation_\u0422\u043e\u043b\u0441\u0442\u043e\u0301\u0439_leo_Tolstoy_\u0410\u043d\u043d\u0430_\u041a\u0430\u0440\u0435\u043d\u0438\u043d\u0430-1018x1536.jpg 1018w, https:\/\/www.bodegasprotos.com\/wp-content\/uploads\/2023\/10\/Anna_karenina_lev_tolstoi_Catalan_translation_\u0422\u043e\u043b\u0441\u0442\u043e\u0301\u0439_leo_Tolstoy_\u0410\u043d\u043d\u0430_\u041a\u0430\u0440\u0435\u043d\u0438\u043d\u0430-1358x2048.jpg 1358w, https:\/\/www.bodegasprotos.com\/wp-content\/uploads\/2023\/10\/Anna_karenina_lev_tolstoi_Catalan_translation_\u0422\u043e\u043b\u0441\u0442\u043e\u0301\u0439_leo_Tolstoy_\u0410\u043d\u043d\u0430_\u041a\u0430\u0440\u0435\u043d\u0438\u043d\u0430-scaled.jpg 1697w\" sizes=\"(max-width: 199px) 100vw, 199px\" \/><p id=\"caption-attachment-38941\" class=\"wp-caption-text\">Fuente: <a href=\"https:\/\/commons.wikimedia.org\/wiki\/File:Anna_karenina_lev_tolstoi_Catalan_translation_%D0%A2%D0%BE%D0%BB%D1%81%D1%82%D0%BE%CC%81%D0%B9_leo_Tolstoy_%D0%90%D0%BD%D0%BD%D0%B0_%D0%9A%D0%B0%D1%80%D0%B5%D0%BD%D0%B8%D0%BD%D0%B0.jpg\">Wikimedia<\/a><\/p><\/div>\n<h2><strong>La Se\u00f1ora Dalloway<\/strong><\/h2>\n<p>Escrita por Virginia Woolf y publicada el 14 de mayo de 1925, este libro cuenta un d\u00eda en la vida de Clarissa Dalloway, en la Inglaterra posterior a la Primera Guerra Mundial. Este libro escrito de una manera magistral casa con una buena copa de <a href=\"https:\/\/www.bodegasprotos.com\/es\/vino\/crianza\/\">Protos Crianza<\/a>.<\/p>\n<div id=\"attachment_38943\" style=\"width: 197px\" class=\"wp-caption aligncenter\"><img loading=\"lazy\" decoding=\"async\" aria-describedby=\"caption-attachment-38943\" class=\"wp-image-38943 size-medium\" src=\"https:\/\/www.bodegasprotos.com\/wp-content\/uploads\/2023\/10\/449880258_43841d6639_o-187x300.jpg\" alt=\"\" width=\"187\" height=\"300\" srcset=\"https:\/\/www.bodegasprotos.com\/wp-content\/uploads\/2023\/10\/449880258_43841d6639_o-187x300.jpg 187w, https:\/\/www.bodegasprotos.com\/wp-content\/uploads\/2023\/10\/449880258_43841d6639_o.jpg 300w\" sizes=\"(max-width: 187px) 100vw, 187px\" \/><p id=\"caption-attachment-38943\" class=\"wp-caption-text\">Fuente: <a href=\"https:\/\/www.flickr.com\/photos\/wolfgangkuhnle\/495897805\/in\/photostream\/\">Wikimedia<\/a><\/p><\/div>\n<h2><strong>El Principito<\/strong><\/h2>\n<p>La novela corta escrita por el franc\u00e9s Antoine de Saint-Exup\u00e9ry cuenta la historia de un peque\u00f1o pr\u00edncipe que hace un viaje por el universo. Durante su periplo, descubre c\u00f3mo ven la vida los adultos y comienza a entender cu\u00e1l es el valor del amor y de la amistad. Par disfrutar de esta preciosa historia, recomendamos, de nuevo, <a href=\"https:\/\/www.bodegasprotos.com\/es\/vino\/aire-de-protos\/\">Aire de Protos<\/a>, el vino m\u00e1s provenzal de la bodega.<\/p>\n<p><img loading=\"lazy\" decoding=\"async\" class=\"aligncenter size-medium wp-image-38945\" src=\"https:\/\/www.bodegasprotos.com\/wp-content\/uploads\/2023\/10\/719njS5bQhL._SL1500_-242x300.jpg\" alt=\"\" width=\"242\" height=\"300\" srcset=\"https:\/\/www.bodegasprotos.com\/wp-content\/uploads\/2023\/10\/719njS5bQhL._SL1500_-242x300.jpg 242w, https:\/\/www.bodegasprotos.com\/wp-content\/uploads\/2023\/10\/719njS5bQhL._SL1500_-826x1024.jpg 826w, https:\/\/www.bodegasprotos.com\/wp-content\/uploads\/2023\/10\/719njS5bQhL._SL1500_-768x952.jpg 768w, https:\/\/www.bodegasprotos.com\/wp-content\/uploads\/2023\/10\/719njS5bQhL._SL1500_.jpg 1210w\" sizes=\"(max-width: 242px) 100vw, 242px\" \/><\/p>\n<h2><strong>Orgullo y prejuicio<\/strong><\/h2>\n<p>La famosa novela de Jane Austen es una de las primeras comedias rom\u00e1nticas en la historia de la novela y una verdadera delicia leerla. Acomp\u00e1\u00f1ala con un <a href=\"https:\/\/www.bodegasprotos.com\/es\/vino\/verdejo\/\">Protos Verdejo<\/a>.<\/p>\n<div id=\"attachment_38947\" style=\"width: 196px\" class=\"wp-caption aligncenter\"><img loading=\"lazy\" decoding=\"async\" aria-describedby=\"caption-attachment-38947\" class=\"wp-image-38947 size-medium\" src=\"https:\/\/www.bodegasprotos.com\/wp-content\/uploads\/2023\/10\/PrideAndPrejudiceTitlePage-186x300.jpg\" alt=\"\" width=\"186\" height=\"300\" srcset=\"https:\/\/www.bodegasprotos.com\/wp-content\/uploads\/2023\/10\/PrideAndPrejudiceTitlePage-186x300.jpg 186w, https:\/\/www.bodegasprotos.com\/wp-content\/uploads\/2023\/10\/PrideAndPrejudiceTitlePage-634x1024.jpg 634w, https:\/\/www.bodegasprotos.com\/wp-content\/uploads\/2023\/10\/PrideAndPrejudiceTitlePage-768x1241.jpg 768w, https:\/\/www.bodegasprotos.com\/wp-content\/uploads\/2023\/10\/PrideAndPrejudiceTitlePage-951x1536.jpg 951w, https:\/\/www.bodegasprotos.com\/wp-content\/uploads\/2023\/10\/PrideAndPrejudiceTitlePage-1268x2048.jpg 1268w, https:\/\/www.bodegasprotos.com\/wp-content\/uploads\/2023\/10\/PrideAndPrejudiceTitlePage-scaled.jpg 1585w\" sizes=\"(max-width: 186px) 100vw, 186px\" \/><p id=\"caption-attachment-38947\" class=\"wp-caption-text\">Fuente: <a href=\"https:\/\/upload.wikimedia.org\/wikipedia\/commons\/1\/17\/PrideAndPrejudiceTitlePage.jpg\">Wikimedia<\/a><\/p><\/div>\n<h2><strong>Mujercitas<\/strong><\/h2>\n<p>Un cl\u00e1sico inolvidable que narra la historia de cuatro ni\u00f1as que, tras pasar la adolescencia durante la Guerra Civil de los Estados Unidos, se convierten en mujeres. Disfruta de esta preciosa novela con una copa de \u00a0<a href=\"https:\/\/www.bodegasprotos.com\/es\/vino\/protos-rose\/\">Protos Ros\u00e9<\/a>.<\/p>\n<p><img loading=\"lazy\" decoding=\"async\" class=\"aligncenter size-medium wp-image-38963\" src=\"https:\/\/www.bodegasprotos.com\/wp-content\/uploads\/2023\/10\/81yDr9apfL._SL1500_-198x300.jpg\" alt=\"\" width=\"198\" height=\"300\" srcset=\"https:\/\/www.bodegasprotos.com\/wp-content\/uploads\/2023\/10\/81yDr9apfL._SL1500_-198x300.jpg 198w, https:\/\/www.bodegasprotos.com\/wp-content\/uploads\/2023\/10\/81yDr9apfL._SL1500_-676x1024.jpg 676w, https:\/\/www.bodegasprotos.com\/wp-content\/uploads\/2023\/10\/81yDr9apfL._SL1500_-768x1164.jpg 768w, https:\/\/www.bodegasprotos.com\/wp-content\/uploads\/2023\/10\/81yDr9apfL._SL1500_.jpg 990w\" sizes=\"(max-width: 198px) 100vw, 198px\" \/><\/p>\n<h2><strong>Romeo y Julieta<\/strong><\/h2>\n<p>Es la historia de amor por excelencia. Para deleitarte con su lectura, descorcha una botella de <a href=\"https:\/\/www.bodegasprotos.com\/es\/vino\/protos27\/\">Protos\u00b427<\/a> y sum\u00e9rgete en la apasionante trama de las familias de Romeo y Julieta: Los Montesco y Los Capuleto.<\/p>\n<p><img loading=\"lazy\" decoding=\"async\" class=\"aligncenter size-medium wp-image-38965\" src=\"https:\/\/www.bodegasprotos.com\/wp-content\/uploads\/2023\/10\/91c7n6icDaL._SL1500_-196x300.jpg\" alt=\"\" width=\"196\" height=\"300\" srcset=\"https:\/\/www.bodegasprotos.com\/wp-content\/uploads\/2023\/10\/91c7n6icDaL._SL1500_-196x300.jpg 196w, https:\/\/www.bodegasprotos.com\/wp-content\/uploads\/2023\/10\/91c7n6icDaL._SL1500_-670x1024.jpg 670w, https:\/\/www.bodegasprotos.com\/wp-content\/uploads\/2023\/10\/91c7n6icDaL._SL1500_-768x1174.jpg 768w, https:\/\/www.bodegasprotos.com\/wp-content\/uploads\/2023\/10\/91c7n6icDaL._SL1500_.jpg 981w\" sizes=\"(max-width: 196px) 100vw, 196px\" \/><\/p>\n<h2><strong>Dr\u00e1cula<\/strong><\/h2>\n<p>Esta novela fant\u00e1stica g\u00f3tica es considerada como la novela de terror m\u00e1s hermosa escrita. No tengas miedo a abrir una botella de <a href=\"https:\/\/www.bodegasprotos.com\/es\/vino\/gran-reserva\/\">Protos Gran Reserva<\/a> y dejarte morder por el vampiro m\u00e1s m\u00edtico de la historia.<\/p>\n<p><img loading=\"lazy\" decoding=\"async\" class=\"aligncenter size-medium wp-image-38961\" src=\"https:\/\/www.bodegasprotos.com\/wp-content\/uploads\/2023\/10\/81qCOm5fELL._SL1500_-224x300.jpg\" alt=\"\" width=\"224\" height=\"300\" srcset=\"https:\/\/www.bodegasprotos.com\/wp-content\/uploads\/2023\/10\/81qCOm5fELL._SL1500_-224x300.jpg 224w, https:\/\/www.bodegasprotos.com\/wp-content\/uploads\/2023\/10\/81qCOm5fELL._SL1500_-766x1024.jpg 766w, https:\/\/www.bodegasprotos.com\/wp-content\/uploads\/2023\/10\/81qCOm5fELL._SL1500_-768x1027.jpg 768w, https:\/\/www.bodegasprotos.com\/wp-content\/uploads\/2023\/10\/81qCOm5fELL._SL1500_.jpg 1122w\" sizes=\"(max-width: 224px) 100vw, 224px\" \/><\/p>\n<h2><strong>El Retrato de Dorian Gray<\/strong><\/h2>\n<p>Catalogada como una de las \u00faltimas obras cl\u00e1sicas de la novela de terror g\u00f3tica, esta joya de \u00d3scar Wilde invita a disfrutarla con un <a href=\"https:\/\/www.bodegasprotos.com\/es\/vino\/protos-9-meses\/\">Protos 9 meses<\/a>.<\/p>\n<p><img loading=\"lazy\" decoding=\"async\" class=\"aligncenter size-medium wp-image-38959\" src=\"https:\/\/www.bodegasprotos.com\/wp-content\/uploads\/2023\/10\/71hJn-EO9oL._SL1000_-216x300.jpg\" alt=\"\" width=\"216\" height=\"300\" srcset=\"https:\/\/www.bodegasprotos.com\/wp-content\/uploads\/2023\/10\/71hJn-EO9oL._SL1000_-216x300.jpg 216w, https:\/\/www.bodegasprotos.com\/wp-content\/uploads\/2023\/10\/71hJn-EO9oL._SL1000_.jpg 720w\" sizes=\"(max-width: 216px) 100vw, 216px\" \/><\/p>\n<p>Y hasta aqu\u00ed, nuestra peque\u00f1a selecci\u00f3n\u2026<\/p>\n<p>Sabemos que son muchos los t\u00edtulos de grandes novelas que nos han marcado o que hemos disfrutado de una manera especial, y que no hemos podido incluir en este peque\u00f1o post.<\/p>\n<p>Por eso, te lanzamos la siguiente pregunta. Para ti \u00bfCu\u00e1l es la mejor novela de la historia que maridar\u00edas con Protos?<\/p>\n","protected":false},"excerpt":{"rendered":"<p>Del 13 al 20 de octubre, se conmemora la Semana Mundial de la novela. Esta semana fue proclamada&#8230;<\/p>\n","protected":false},"author":3,"featured_media":39167,"comment_status":"closed","ping_status":"closed","sticky":false,"template":"","format":"standard","meta":{"_acf_changed":false,"footnotes":""},"categories":[87,1],"tags":[],"class_list":["post-38936","post","type-post","status-publish","format-standard","has-post-thumbnail","hentry","category-blog","category-general"],"acf":[],"yoast_head":"<!-- This site is optimized with the Yoast SEO plugin v27.5 - https:\/\/yoast.com\/product\/yoast-seo-wordpress\/ -->\n<title>Celebra la Semana Mundial de la novela con Protos - Bodegas Protos<\/title>\n<meta name=\"description\" content=\"Del 13 al 20 de octubre, se conmemora la Semana Mundial de la novela. Esta semana fue proclamada por la UNESCO con el fin de contribuir a promover y\" \/>\n<meta name=\"robots\" content=\"index, follow, max-snippet:-1, max-image-preview:large, max-video-preview:-1\" \/>\n<link rel=\"canonical\" href=\"https:\/\/www.bodegasprotos.com\/es\/general\/celebra-la-semana-mundial-de-la-novela-con-protos\/\" \/>\n<meta property=\"og:locale\" content=\"es_ES\" \/>\n<meta property=\"og:type\" content=\"article\" \/>\n<meta property=\"og:title\" content=\"Celebra la Semana Mundial de la novela con Protos - Bodegas Protos\" \/>\n<meta property=\"og:description\" content=\"Del 13 al 20 de octubre, se conmemora la Semana Mundial de la novela. Esta semana fue proclamada por la UNESCO con el fin de contribuir a promover y\" \/>\n<meta property=\"og:url\" content=\"https:\/\/www.bodegasprotos.com\/es\/general\/celebra-la-semana-mundial-de-la-novela-con-protos\/\" \/>\n<meta property=\"og:site_name\" content=\"Bodegas Protos\" \/>\n<meta property=\"article:publisher\" content=\"https:\/\/www.facebook.com\/BodegasProtos\" \/>\n<meta property=\"article:published_time\" content=\"2023-10-13T09:32:45+00:00\" \/>\n<meta property=\"article:modified_time\" content=\"2023-11-15T11:34:47+00:00\" \/>\n<meta property=\"og:image\" content=\"https:\/\/www.bodegasprotos.com\/wp-content\/uploads\/2023\/10\/elisa-calvet-b-S3nUOqDmUvc-unsplash-scaled.jpg\" \/>\n\t<meta property=\"og:image:width\" content=\"2560\" \/>\n\t<meta property=\"og:image:height\" content=\"1708\" \/>\n\t<meta property=\"og:image:type\" content=\"image\/jpeg\" \/>\n<meta name=\"author\" content=\"Bodegas Protos (F)\" \/>\n<meta name=\"twitter:card\" content=\"summary_large_image\" \/>\n<meta name=\"twitter:creator\" content=\"@Bodegas_Protos\" \/>\n<meta name=\"twitter:site\" content=\"@Bodegas_Protos\" \/>\n<meta name=\"twitter:label1\" content=\"Escrito por\" \/>\n\t<meta name=\"twitter:data1\" content=\"Bodegas Protos (F)\" \/>\n\t<meta name=\"twitter:label2\" content=\"Tiempo de lectura\" \/>\n\t<meta name=\"twitter:data2\" content=\"6 minutos\" \/>\n<script type=\"application\/ld+json\" class=\"yoast-schema-graph\">{\"@context\":\"https:\\\/\\\/schema.org\",\"@graph\":[{\"@type\":\"Article\",\"@id\":\"https:\\\/\\\/www.bodegasprotos.com\\\/es\\\/general\\\/celebra-la-semana-mundial-de-la-novela-con-protos\\\/#article\",\"isPartOf\":{\"@id\":\"https:\\\/\\\/www.bodegasprotos.com\\\/es\\\/general\\\/celebra-la-semana-mundial-de-la-novela-con-protos\\\/\"},\"author\":{\"name\":\"Bodegas Protos (F)\",\"@id\":\"https:\\\/\\\/www.bodegasprotos.com\\\/es\\\/#\\\/schema\\\/person\\\/6cb69a08afa14171755cee0df7d20027\"},\"headline\":\"Celebra la Semana Mundial de la novela con Protos\",\"datePublished\":\"2023-10-13T09:32:45+00:00\",\"dateModified\":\"2023-11-15T11:34:47+00:00\",\"mainEntityOfPage\":{\"@id\":\"https:\\\/\\\/www.bodegasprotos.com\\\/es\\\/general\\\/celebra-la-semana-mundial-de-la-novela-con-protos\\\/\"},\"wordCount\":815,\"publisher\":{\"@id\":\"https:\\\/\\\/www.bodegasprotos.com\\\/es\\\/#organization\"},\"image\":{\"@id\":\"https:\\\/\\\/www.bodegasprotos.com\\\/es\\\/general\\\/celebra-la-semana-mundial-de-la-novela-con-protos\\\/#primaryimage\"},\"thumbnailUrl\":\"https:\\\/\\\/www.bodegasprotos.com\\\/wp-content\\\/uploads\\\/2023\\\/10\\\/elisa-calvet-b-S3nUOqDmUvc-unsplash-scaled.jpg\",\"articleSection\":[\"Blog\",\"General\"],\"inLanguage\":\"es\"},{\"@type\":\"WebPage\",\"@id\":\"https:\\\/\\\/www.bodegasprotos.com\\\/es\\\/general\\\/celebra-la-semana-mundial-de-la-novela-con-protos\\\/\",\"url\":\"https:\\\/\\\/www.bodegasprotos.com\\\/es\\\/general\\\/celebra-la-semana-mundial-de-la-novela-con-protos\\\/\",\"name\":\"Celebra la Semana Mundial de la novela con Protos - Bodegas Protos\",\"isPartOf\":{\"@id\":\"https:\\\/\\\/www.bodegasprotos.com\\\/es\\\/#website\"},\"primaryImageOfPage\":{\"@id\":\"https:\\\/\\\/www.bodegasprotos.com\\\/es\\\/general\\\/celebra-la-semana-mundial-de-la-novela-con-protos\\\/#primaryimage\"},\"image\":{\"@id\":\"https:\\\/\\\/www.bodegasprotos.com\\\/es\\\/general\\\/celebra-la-semana-mundial-de-la-novela-con-protos\\\/#primaryimage\"},\"thumbnailUrl\":\"https:\\\/\\\/www.bodegasprotos.com\\\/wp-content\\\/uploads\\\/2023\\\/10\\\/elisa-calvet-b-S3nUOqDmUvc-unsplash-scaled.jpg\",\"datePublished\":\"2023-10-13T09:32:45+00:00\",\"dateModified\":\"2023-11-15T11:34:47+00:00\",\"description\":\"Del 13 al 20 de octubre, se conmemora la Semana Mundial de la novela. Esta semana fue proclamada por la UNESCO con el fin de contribuir a promover y\",\"breadcrumb\":{\"@id\":\"https:\\\/\\\/www.bodegasprotos.com\\\/es\\\/general\\\/celebra-la-semana-mundial-de-la-novela-con-protos\\\/#breadcrumb\"},\"inLanguage\":\"es\",\"potentialAction\":[{\"@type\":\"ReadAction\",\"target\":[\"https:\\\/\\\/www.bodegasprotos.com\\\/es\\\/general\\\/celebra-la-semana-mundial-de-la-novela-con-protos\\\/\"]}]},{\"@type\":\"ImageObject\",\"inLanguage\":\"es\",\"@id\":\"https:\\\/\\\/www.bodegasprotos.com\\\/es\\\/general\\\/celebra-la-semana-mundial-de-la-novela-con-protos\\\/#primaryimage\",\"url\":\"https:\\\/\\\/www.bodegasprotos.com\\\/wp-content\\\/uploads\\\/2023\\\/10\\\/elisa-calvet-b-S3nUOqDmUvc-unsplash-scaled.jpg\",\"contentUrl\":\"https:\\\/\\\/www.bodegasprotos.com\\\/wp-content\\\/uploads\\\/2023\\\/10\\\/elisa-calvet-b-S3nUOqDmUvc-unsplash-scaled.jpg\",\"width\":2560,\"height\":1708},{\"@type\":\"BreadcrumbList\",\"@id\":\"https:\\\/\\\/www.bodegasprotos.com\\\/es\\\/general\\\/celebra-la-semana-mundial-de-la-novela-con-protos\\\/#breadcrumb\",\"itemListElement\":[{\"@type\":\"ListItem\",\"position\":1,\"name\":\"Portada\",\"item\":\"https:\\\/\\\/www.bodegasprotos.com\\\/es\\\/\"},{\"@type\":\"ListItem\",\"position\":2,\"name\":\"Celebra la Semana Mundial de la novela con Protos\"}]},{\"@type\":\"WebSite\",\"@id\":\"https:\\\/\\\/www.bodegasprotos.com\\\/es\\\/#website\",\"url\":\"https:\\\/\\\/www.bodegasprotos.com\\\/es\\\/\",\"name\":\"Bodegas Protos\",\"description\":\"Vinos de la Denominaci\u00f3n de Origen Ribera del Duero, Rueda y Cigales\",\"publisher\":{\"@id\":\"https:\\\/\\\/www.bodegasprotos.com\\\/es\\\/#organization\"},\"potentialAction\":[{\"@type\":\"SearchAction\",\"target\":{\"@type\":\"EntryPoint\",\"urlTemplate\":\"https:\\\/\\\/www.bodegasprotos.com\\\/es\\\/?s={search_term_string}\"},\"query-input\":{\"@type\":\"PropertyValueSpecification\",\"valueRequired\":true,\"valueName\":\"search_term_string\"}}],\"inLanguage\":\"es\"},{\"@type\":\"Organization\",\"@id\":\"https:\\\/\\\/www.bodegasprotos.com\\\/es\\\/#organization\",\"name\":\"Bodegas Protos\",\"url\":\"https:\\\/\\\/www.bodegasprotos.com\\\/es\\\/\",\"logo\":{\"@type\":\"ImageObject\",\"inLanguage\":\"es\",\"@id\":\"https:\\\/\\\/www.bodegasprotos.com\\\/es\\\/#\\\/schema\\\/logo\\\/image\\\/\",\"url\":\"https:\\\/\\\/www.bodegasprotos.com\\\/wp-content\\\/uploads\\\/2024\\\/06\\\/PROTOS-LOGOS-VERSIONES-13.png\",\"contentUrl\":\"https:\\\/\\\/www.bodegasprotos.com\\\/wp-content\\\/uploads\\\/2024\\\/06\\\/PROTOS-LOGOS-VERSIONES-13.png\",\"width\":2362,\"height\":2362,\"caption\":\"Bodegas Protos\"},\"image\":{\"@id\":\"https:\\\/\\\/www.bodegasprotos.com\\\/es\\\/#\\\/schema\\\/logo\\\/image\\\/\"},\"sameAs\":[\"https:\\\/\\\/www.facebook.com\\\/BodegasProtos\",\"https:\\\/\\\/x.com\\\/Bodegas_Protos\",\"https:\\\/\\\/www.instagram.com\\\/bodegasprotosoficial\\\/\",\"https:\\\/\\\/www.linkedin.com\\\/company\\\/bodegasprotos\\\/\",\"https:\\\/\\\/pinterest.com\\\/BodegasProtos\\\/\",\"http:\\\/\\\/www.youtube.com\\\/user\\\/BodegasProtos\",\"https:\\\/\\\/es.wikipedia.org\\\/wiki\\\/Bodegas_Protos\"]},{\"@type\":\"Person\",\"@id\":\"https:\\\/\\\/www.bodegasprotos.com\\\/es\\\/#\\\/schema\\\/person\\\/6cb69a08afa14171755cee0df7d20027\",\"name\":\"Bodegas Protos (F)\",\"image\":{\"@type\":\"ImageObject\",\"inLanguage\":\"es\",\"@id\":\"https:\\\/\\\/secure.gravatar.com\\\/avatar\\\/cc613a9fd2ee203f402357c1b4aa2b7c041016cbf1eab1e41bde410b2ebd7f94?s=96&d=mm&r=g\",\"url\":\"https:\\\/\\\/secure.gravatar.com\\\/avatar\\\/cc613a9fd2ee203f402357c1b4aa2b7c041016cbf1eab1e41bde410b2ebd7f94?s=96&d=mm&r=g\",\"contentUrl\":\"https:\\\/\\\/secure.gravatar.com\\\/avatar\\\/cc613a9fd2ee203f402357c1b4aa2b7c041016cbf1eab1e41bde410b2ebd7f94?s=96&d=mm&r=g\",\"caption\":\"Bodegas Protos (F)\"},\"sameAs\":[\"https:\\\/\\\/www.bodegasprotos.com\"]}]}<\/script>\n<!-- \/ Yoast SEO plugin. -->","yoast_head_json":{"title":"Celebra la Semana Mundial de la novela con Protos - Bodegas Protos","description":"Del 13 al 20 de octubre, se conmemora la Semana Mundial de la novela. Esta semana fue proclamada por la UNESCO con el fin de contribuir a promover y","robots":{"index":"index","follow":"follow","max-snippet":"max-snippet:-1","max-image-preview":"max-image-preview:large","max-video-preview":"max-video-preview:-1"},"canonical":"https:\/\/www.bodegasprotos.com\/es\/general\/celebra-la-semana-mundial-de-la-novela-con-protos\/","og_locale":"es_ES","og_type":"article","og_title":"Celebra la Semana Mundial de la novela con Protos - Bodegas Protos","og_description":"Del 13 al 20 de octubre, se conmemora la Semana Mundial de la novela. Esta semana fue proclamada por la UNESCO con el fin de contribuir a promover y","og_url":"https:\/\/www.bodegasprotos.com\/es\/general\/celebra-la-semana-mundial-de-la-novela-con-protos\/","og_site_name":"Bodegas Protos","article_publisher":"https:\/\/www.facebook.com\/BodegasProtos","article_published_time":"2023-10-13T09:32:45+00:00","article_modified_time":"2023-11-15T11:34:47+00:00","og_image":[{"width":2560,"height":1708,"url":"https:\/\/www.bodegasprotos.com\/wp-content\/uploads\/2023\/10\/elisa-calvet-b-S3nUOqDmUvc-unsplash-scaled.jpg","type":"image\/jpeg"}],"author":"Bodegas Protos (F)","twitter_card":"summary_large_image","twitter_creator":"@Bodegas_Protos","twitter_site":"@Bodegas_Protos","twitter_misc":{"Escrito por":"Bodegas Protos (F)","Tiempo de lectura":"6 minutos"},"schema":{"@context":"https:\/\/schema.org","@graph":[{"@type":"Article","@id":"https:\/\/www.bodegasprotos.com\/es\/general\/celebra-la-semana-mundial-de-la-novela-con-protos\/#article","isPartOf":{"@id":"https:\/\/www.bodegasprotos.com\/es\/general\/celebra-la-semana-mundial-de-la-novela-con-protos\/"},"author":{"name":"Bodegas Protos (F)","@id":"https:\/\/www.bodegasprotos.com\/es\/#\/schema\/person\/6cb69a08afa14171755cee0df7d20027"},"headline":"Celebra la Semana Mundial de la novela con Protos","datePublished":"2023-10-13T09:32:45+00:00","dateModified":"2023-11-15T11:34:47+00:00","mainEntityOfPage":{"@id":"https:\/\/www.bodegasprotos.com\/es\/general\/celebra-la-semana-mundial-de-la-novela-con-protos\/"},"wordCount":815,"publisher":{"@id":"https:\/\/www.bodegasprotos.com\/es\/#organization"},"image":{"@id":"https:\/\/www.bodegasprotos.com\/es\/general\/celebra-la-semana-mundial-de-la-novela-con-protos\/#primaryimage"},"thumbnailUrl":"https:\/\/www.bodegasprotos.com\/wp-content\/uploads\/2023\/10\/elisa-calvet-b-S3nUOqDmUvc-unsplash-scaled.jpg","articleSection":["Blog","General"],"inLanguage":"es"},{"@type":"WebPage","@id":"https:\/\/www.bodegasprotos.com\/es\/general\/celebra-la-semana-mundial-de-la-novela-con-protos\/","url":"https:\/\/www.bodegasprotos.com\/es\/general\/celebra-la-semana-mundial-de-la-novela-con-protos\/","name":"Celebra la Semana Mundial de la novela con Protos - Bodegas Protos","isPartOf":{"@id":"https:\/\/www.bodegasprotos.com\/es\/#website"},"primaryImageOfPage":{"@id":"https:\/\/www.bodegasprotos.com\/es\/general\/celebra-la-semana-mundial-de-la-novela-con-protos\/#primaryimage"},"image":{"@id":"https:\/\/www.bodegasprotos.com\/es\/general\/celebra-la-semana-mundial-de-la-novela-con-protos\/#primaryimage"},"thumbnailUrl":"https:\/\/www.bodegasprotos.com\/wp-content\/uploads\/2023\/10\/elisa-calvet-b-S3nUOqDmUvc-unsplash-scaled.jpg","datePublished":"2023-10-13T09:32:45+00:00","dateModified":"2023-11-15T11:34:47+00:00","description":"Del 13 al 20 de octubre, se conmemora la Semana Mundial de la novela. Esta semana fue proclamada por la UNESCO con el fin de contribuir a promover y","breadcrumb":{"@id":"https:\/\/www.bodegasprotos.com\/es\/general\/celebra-la-semana-mundial-de-la-novela-con-protos\/#breadcrumb"},"inLanguage":"es","potentialAction":[{"@type":"ReadAction","target":["https:\/\/www.bodegasprotos.com\/es\/general\/celebra-la-semana-mundial-de-la-novela-con-protos\/"]}]},{"@type":"ImageObject","inLanguage":"es","@id":"https:\/\/www.bodegasprotos.com\/es\/general\/celebra-la-semana-mundial-de-la-novela-con-protos\/#primaryimage","url":"https:\/\/www.bodegasprotos.com\/wp-content\/uploads\/2023\/10\/elisa-calvet-b-S3nUOqDmUvc-unsplash-scaled.jpg","contentUrl":"https:\/\/www.bodegasprotos.com\/wp-content\/uploads\/2023\/10\/elisa-calvet-b-S3nUOqDmUvc-unsplash-scaled.jpg","width":2560,"height":1708},{"@type":"BreadcrumbList","@id":"https:\/\/www.bodegasprotos.com\/es\/general\/celebra-la-semana-mundial-de-la-novela-con-protos\/#breadcrumb","itemListElement":[{"@type":"ListItem","position":1,"name":"Portada","item":"https:\/\/www.bodegasprotos.com\/es\/"},{"@type":"ListItem","position":2,"name":"Celebra la Semana Mundial de la novela con Protos"}]},{"@type":"WebSite","@id":"https:\/\/www.bodegasprotos.com\/es\/#website","url":"https:\/\/www.bodegasprotos.com\/es\/","name":"Bodegas Protos","description":"Vinos de la Denominaci\u00f3n de Origen Ribera del Duero, Rueda y Cigales","publisher":{"@id":"https:\/\/www.bodegasprotos.com\/es\/#organization"},"potentialAction":[{"@type":"SearchAction","target":{"@type":"EntryPoint","urlTemplate":"https:\/\/www.bodegasprotos.com\/es\/?s={search_term_string}"},"query-input":{"@type":"PropertyValueSpecification","valueRequired":true,"valueName":"search_term_string"}}],"inLanguage":"es"},{"@type":"Organization","@id":"https:\/\/www.bodegasprotos.com\/es\/#organization","name":"Bodegas Protos","url":"https:\/\/www.bodegasprotos.com\/es\/","logo":{"@type":"ImageObject","inLanguage":"es","@id":"https:\/\/www.bodegasprotos.com\/es\/#\/schema\/logo\/image\/","url":"https:\/\/www.bodegasprotos.com\/wp-content\/uploads\/2024\/06\/PROTOS-LOGOS-VERSIONES-13.png","contentUrl":"https:\/\/www.bodegasprotos.com\/wp-content\/uploads\/2024\/06\/PROTOS-LOGOS-VERSIONES-13.png","width":2362,"height":2362,"caption":"Bodegas Protos"},"image":{"@id":"https:\/\/www.bodegasprotos.com\/es\/#\/schema\/logo\/image\/"},"sameAs":["https:\/\/www.facebook.com\/BodegasProtos","https:\/\/x.com\/Bodegas_Protos","https:\/\/www.instagram.com\/bodegasprotosoficial\/","https:\/\/www.linkedin.com\/company\/bodegasprotos\/","https:\/\/pinterest.com\/BodegasProtos\/","http:\/\/www.youtube.com\/user\/BodegasProtos","https:\/\/es.wikipedia.org\/wiki\/Bodegas_Protos"]},{"@type":"Person","@id":"https:\/\/www.bodegasprotos.com\/es\/#\/schema\/person\/6cb69a08afa14171755cee0df7d20027","name":"Bodegas Protos (F)","image":{"@type":"ImageObject","inLanguage":"es","@id":"https:\/\/secure.gravatar.com\/avatar\/cc613a9fd2ee203f402357c1b4aa2b7c041016cbf1eab1e41bde410b2ebd7f94?s=96&d=mm&r=g","url":"https:\/\/secure.gravatar.com\/avatar\/cc613a9fd2ee203f402357c1b4aa2b7c041016cbf1eab1e41bde410b2ebd7f94?s=96&d=mm&r=g","contentUrl":"https:\/\/secure.gravatar.com\/avatar\/cc613a9fd2ee203f402357c1b4aa2b7c041016cbf1eab1e41bde410b2ebd7f94?s=96&d=mm&r=g","caption":"Bodegas Protos (F)"},"sameAs":["https:\/\/www.bodegasprotos.com"]}]}},"_links":{"self":[{"href":"https:\/\/www.bodegasprotos.com\/es\/wp-json\/wp\/v2\/posts\/38936","targetHints":{"allow":["GET"]}}],"collection":[{"href":"https:\/\/www.bodegasprotos.com\/es\/wp-json\/wp\/v2\/posts"}],"about":[{"href":"https:\/\/www.bodegasprotos.com\/es\/wp-json\/wp\/v2\/types\/post"}],"author":[{"embeddable":true,"href":"https:\/\/www.bodegasprotos.com\/es\/wp-json\/wp\/v2\/users\/3"}],"replies":[{"embeddable":true,"href":"https:\/\/www.bodegasprotos.com\/es\/wp-json\/wp\/v2\/comments?post=38936"}],"version-history":[{"count":0,"href":"https:\/\/www.bodegasprotos.com\/es\/wp-json\/wp\/v2\/posts\/38936\/revisions"}],"wp:featuredmedia":[{"embeddable":true,"href":"https:\/\/www.bodegasprotos.com\/es\/wp-json\/wp\/v2\/media\/39167"}],"wp:attachment":[{"href":"https:\/\/www.bodegasprotos.com\/es\/wp-json\/wp\/v2\/media?parent=38936"}],"wp:term":[{"taxonomy":"category","embeddable":true,"href":"https:\/\/www.bodegasprotos.com\/es\/wp-json\/wp\/v2\/categories?post=38936"},{"taxonomy":"post_tag","embeddable":true,"href":"https:\/\/www.bodegasprotos.com\/es\/wp-json\/wp\/v2\/tags?post=38936"}],"curies":[{"name":"wp","href":"https:\/\/api.w.org\/{rel}","templated":true}]}}