{"id":38907,"date":"2023-10-06T11:35:55","date_gmt":"2023-10-06T09:35:55","guid":{"rendered":"https:\/\/www.bodegasprotos.com\/?p=38907"},"modified":"2023-10-03T17:10:29","modified_gmt":"2023-10-03T15:10:29","slug":"una-bodega-historica-bajo-el-hospital-de-estrasburgo","status":"publish","type":"post","link":"https:\/\/www.bodegasprotos.com\/es\/blog\/una-bodega-historica-bajo-el-hospital-de-estrasburgo\/","title":{"rendered":"Una bodega hist\u00f3rica bajo el hospital de Estrasburgo"},"content":{"rendered":"<p>Si viajas a Estrasburgo, adem\u00e1s de perderte por sus calles, comer en maravillosos restaurantes y disfrutar de su precioso mercadillo navide\u00f1o (en caso de que vayas por estas fechas), hay un lugar muy curioso que no te deber\u00edas perder\u2026<\/p>\n<p>Se trata de la cava hist\u00f3rica del hospital de Estrasburgo. Un lugar, un tanto curioso, con una gran historia y en donde se exhibe <strong>el vino en barrica m\u00e1s antiguo del mundo<\/strong>.<\/p>\n<h2><strong>Cave Historique des Hospices de Strasbourg <\/strong><\/h2>\n<p>El hoy, hospital civil de Estrasburgo, antiguamente hospital universitario fundado en 1119, alberga bajo sus pies, un aut\u00e9ntico tesoro\u2026<\/p>\n<p>Una cava de vinos.<\/p>\n<p>Desde el siglo XIV, concretamente, el a\u00f1o 1395, el hospital y la cava de vinos han tenido una relaci\u00f3n muy estrecha y te explicamos por qu\u00e9.<\/p>\n<p>Durante aquella \u00e9poca, los pacientes que necesitaban atenci\u00f3n hospitalaria, abonaban estos servicios con terrenos de vi\u00f1edo. Las uvas cultivadas en estas vi\u00f1as se transformaban en vino, que despu\u00e9s, los m\u00e9dicos usaban como medicina para diversas patolog\u00edas.<\/p>\n<p>Esto que, hoy en d\u00eda, nos resultar\u00eda casi imposible, era algo muy com\u00fan en Francia. Los vi\u00f1edos proporcionaban los ingresos a los hospitales, y las cavas eran el lugar perfecto para mantener el vino fr\u00edo.<\/p>\n<p>Las bodegas eran espacios anexos, muy habituales en los hospitales del medievo.<\/p>\n<p>En la actualidad, se conservan pocas, pero la cava del hospital de Estrasburgo se conserva en muy buen estado a pesar del paso de los a\u00f1os. Adem\u00e1s de seguir teniendo actividad ya que se contin\u00faa elaborando vinos.<\/p>\n<div id=\"attachment_38908\" style=\"width: 310px\" class=\"wp-caption aligncenter\"><img fetchpriority=\"high\" decoding=\"async\" aria-describedby=\"caption-attachment-38908\" class=\"wp-image-38908 size-medium\" src=\"https:\/\/www.bodegasprotos.com\/wp-content\/uploads\/2023\/10\/1-300x225.jpg\" alt=\"\" width=\"300\" height=\"225\" srcset=\"https:\/\/www.bodegasprotos.com\/wp-content\/uploads\/2023\/10\/1-300x225.jpg 300w, https:\/\/www.bodegasprotos.com\/wp-content\/uploads\/2023\/10\/1-1024x768.jpg 1024w, https:\/\/www.bodegasprotos.com\/wp-content\/uploads\/2023\/10\/1-768x576.jpg 768w, https:\/\/www.bodegasprotos.com\/wp-content\/uploads\/2023\/10\/1-1536x1152.jpg 1536w, https:\/\/www.bodegasprotos.com\/wp-content\/uploads\/2023\/10\/1-2048x1536.jpg 2048w\" sizes=\"(max-width: 300px) 100vw, 300px\" \/><p id=\"caption-attachment-38908\" class=\"wp-caption-text\">Fuente: <a href=\"https:\/\/upload.wikimedia.org\/wikipedia\/commons\/9\/9a\/Absolute_cave_historique_hospices_01.JPG\">Wikimedia<\/a><\/p><\/div>\n<p>Si te acercas hasta all\u00ed, encontrar\u00e1s una cava abovedada de 1.200 m2, muy bien conservada en la que en\u00f3logos locales elaboran sus vinos, envejeci\u00e9ndolos en barricas de roble del S.XVIII.<\/p>\n<p>El resultado: vinos alsacianos, como el Riesling seco, Moscatel dulce o la variedad de Pinot Noir m\u00e1s ligera, con una producci\u00f3n de unas 150.000 botellas al a\u00f1o.<\/p>\n<p>Estos vinos est\u00e1n a la venta en la tienda de la bodega del hospital, donde se encontrar\u00e1n a\u00f1adas recientes y donde se pueden catar algunos vinos envejecidos.<\/p>\n<p>Todos los ingresos van destinados a la compra de equipos m\u00e9dicos, con lo que esa relaci\u00f3n tan directa entre bodega y hospital contin\u00faa hoy en d\u00eda, aunque no en forma de tratamientos m\u00e9dicos.<\/p>\n<p>Fue en el a\u00f1o 1995, cuando la bodega dej\u00f3 de funcionar, debido a la Ley \u00c9vin de 1991 que conten\u00eda pr\u00e1cticas muy severas para evitar el alcoholismo, lo cual, que una cava de vinos estuviera en un hospital, no gustaba demasiado.<\/p>\n<div id=\"attachment_38910\" style=\"width: 235px\" class=\"wp-caption aligncenter\"><img decoding=\"async\" aria-describedby=\"caption-attachment-38910\" class=\"wp-image-38910 size-medium\" src=\"https:\/\/www.bodegasprotos.com\/wp-content\/uploads\/2023\/10\/3-225x300.jpg\" alt=\"\" width=\"225\" height=\"300\" srcset=\"https:\/\/www.bodegasprotos.com\/wp-content\/uploads\/2023\/10\/3-225x300.jpg 225w, https:\/\/www.bodegasprotos.com\/wp-content\/uploads\/2023\/10\/3-768x1024.jpg 768w, https:\/\/www.bodegasprotos.com\/wp-content\/uploads\/2023\/10\/3-1152x1536.jpg 1152w, https:\/\/www.bodegasprotos.com\/wp-content\/uploads\/2023\/10\/3-1536x2048.jpg 1536w, https:\/\/www.bodegasprotos.com\/wp-content\/uploads\/2023\/10\/3-scaled.jpg 1920w\" sizes=\"(max-width: 225px) 100vw, 225px\" \/><p id=\"caption-attachment-38910\" class=\"wp-caption-text\">Fuente: <a href=\"https:\/\/upload.wikimedia.org\/wikipedia\/commons\/7\/76\/Cave_historique_des_hospices_de_Strasbourg_02.JPG\">Wikimedia<\/a><\/p><\/div>\n<h2><strong>Tratamientos con vino<\/strong><\/h2>\n<p>Los tratamientos con vino han estado siempre presentes en la antig\u00fcedad. Ya hemos hablado en <a href=\"https:\/\/www.bodegasprotos.com\/es\/category\/blog\/\">anteriores posts<\/a> del vino como soluci\u00f3n medicinal a diversas patolog\u00edas.<\/p>\n<div id=\"attachment_38916\" style=\"width: 310px\" class=\"wp-caption aligncenter\"><img decoding=\"async\" aria-describedby=\"caption-attachment-38916\" class=\"wp-image-38916 size-medium\" src=\"https:\/\/www.bodegasprotos.com\/wp-content\/uploads\/2023\/10\/4942929332_97fc9c0a63_o-300x226.jpg\" alt=\"\" width=\"300\" height=\"226\" srcset=\"https:\/\/www.bodegasprotos.com\/wp-content\/uploads\/2023\/10\/4942929332_97fc9c0a63_o-300x226.jpg 300w, https:\/\/www.bodegasprotos.com\/wp-content\/uploads\/2023\/10\/4942929332_97fc9c0a63_o-1024x771.jpg 1024w, https:\/\/www.bodegasprotos.com\/wp-content\/uploads\/2023\/10\/4942929332_97fc9c0a63_o-768x578.jpg 768w, https:\/\/www.bodegasprotos.com\/wp-content\/uploads\/2023\/10\/4942929332_97fc9c0a63_o-1536x1156.jpg 1536w, https:\/\/www.bodegasprotos.com\/wp-content\/uploads\/2023\/10\/4942929332_97fc9c0a63_o-2048x1541.jpg 2048w\" sizes=\"(max-width: 300px) 100vw, 300px\" \/><p id=\"caption-attachment-38916\" class=\"wp-caption-text\">Fuente: <a href=\"https:\/\/www.flickr.com\/photos\/lbranca\/4942929332\">Flickr<\/a><\/p><\/div>\n<p>En este lugar, en concreto, existen pruebas de que el vino fue utilizado a modo de medicina hasta el a\u00f1o 1960 y que el final de estos tratamientos fue en 1990.<\/p>\n<p>Para los tratamientos de vino se pod\u00edan proporcionar hasta dos botellas al d\u00eda de vino para tratar diversas dolencias.<\/p>\n<p>Por ejemplo, sabemos que beber una botella de Ch\u00e2teauneuf-du-Pape era bueno para la hinchaz\u00f3n.<\/p>\n<p>Una botella de de C\u00f4tes de Provence ros\u00e9, se usaba para tratar la obesidad.<\/p>\n<p>Dos copas de Bergerac bajaban el colesterol.<\/p>\n<p>Unos ba\u00f1os en Muscat de Frontignan ayudaba a tratar los herpes.<\/p>\n<p>Y si la l\u00edvido se ten\u00eda baja, con un par de copas de Saint-Amour parec\u00eda solucionarse.<\/p>\n<h2><strong>El vino almacenado en barricas m\u00e1s antiguo del mundo<\/strong><\/h2>\n<p>Si en el blog hemos hablado de cu\u00e1l es <a href=\"https:\/\/www.bodegasprotos.com\/es\/blog\/el-vino-mas-antiguo-del-mundo\/\">el vino m\u00e1s antiguo del mundo<\/a>, la cava del hospital de Estrasburgo contiene el vino <strong><u>almacenado en barricas<\/u><\/strong> m\u00e1s antiguo del mundo.<\/p>\n<div id=\"attachment_38912\" style=\"width: 235px\" class=\"wp-caption aligncenter\"><img loading=\"lazy\" decoding=\"async\" aria-describedby=\"caption-attachment-38912\" class=\"wp-image-38912 size-medium\" src=\"https:\/\/www.bodegasprotos.com\/wp-content\/uploads\/2023\/10\/4-225x300.jpg\" alt=\"\" width=\"225\" height=\"300\" srcset=\"https:\/\/www.bodegasprotos.com\/wp-content\/uploads\/2023\/10\/4-225x300.jpg 225w, https:\/\/www.bodegasprotos.com\/wp-content\/uploads\/2023\/10\/4-768x1024.jpg 768w, https:\/\/www.bodegasprotos.com\/wp-content\/uploads\/2023\/10\/4-1152x1536.jpg 1152w, https:\/\/www.bodegasprotos.com\/wp-content\/uploads\/2023\/10\/4-1536x2048.jpg 1536w, https:\/\/www.bodegasprotos.com\/wp-content\/uploads\/2023\/10\/4-scaled.jpg 1920w\" sizes=\"(max-width: 225px) 100vw, 225px\" \/><p id=\"caption-attachment-38912\" class=\"wp-caption-text\">Fuente: <a href=\"https:\/\/upload.wikimedia.org\/wikipedia\/commons\/d\/df\/The_Barrel_containing_wine_from_1472_Cave_Historique_Strasbourg_France.jpg\">Wikimedia<\/a><\/p><\/div>\n<p>Este vino, que data de 1472, adem\u00e1s de sobrevivir 6 siglos de historia, logr\u00f3 salir ileso del incendio que tuvo lugar en el hospital, en el a\u00f1o 1716 y que acab\u00f3 por destruirlo.<\/p>\n<p>Nueve a\u00f1os mas tardes, el hospital comenz\u00f3 de nuevo a dar servicio.<\/p>\n<p>Actualmente, la bodega cuenta con grandes barriles de madera tallados, todos ellos de los siglos XVIII y XIX. Tras una puerta se encuentra una barrica muy especial que alberga 450 litros de vino, el m\u00e1s antiguo del mundo.<\/p>\n<p>Esta barrica solo ha sido catada en tres momentos de la historia:<\/p>\n<ul>\n<li>1576, en honor a una delegaci\u00f3n de Suiza.<\/li>\n<li>1716, despu\u00e9s del incendio del hospital<\/li>\n<li>1944, cuando el general Leclerc liber\u00f3 Estrasburgo durante la 2\u00ba Guerra Mundial.<\/li>\n<\/ul>\n<h3>Sus aromas y sabores<\/h3>\n<p>Y hay qui\u00e9n se preguntar\u00e1 qu\u00e9 aroma y sabor puede tener este vino. Bien, se dice que este vino, que aun se puede beber, tiene notas a avellana, miel, vainilla, clavo o caramelo.<\/p>\n<h3>Y es \u00bfblanco o tinto?<\/h3>\n<p>Se trata de un vino blanco seco alsaciano.<\/p>\n<h3>\u00bf C\u00f3mo envejece este vino?<\/h3>\n<p>No se puede saber c\u00f3mo ha ido evolucionando este vino, ya que un vino en barrica tiene un envejecimiento constante. Lo que s\u00ed se sabe es que desde que se abri\u00f3 la \u00faltima vez\u00a0 en 2015, el vino sigue conservando su esencia.<\/p>\n<p>Puede percibirse un sabor a madera m\u00e1s fuerte, que va sutilmente gradu\u00e1ndose.<\/p>\n<p>Tiene una graduaci\u00f3n alcoh\u00f3lica de 9,4% y un Ph de 2,21. E decir, nos encontramos un vino muy \u00e1cido, casi como el propio vinagre, y precisamente, gracias a esta acidez, el vino ha perdurado en el tiempo.<\/p>\n<p>En el a\u00f1o 1994, este vino fue certificado como apto para beber, por parte de los en\u00f3logos del laboratorio Interregional de la Direcci\u00f3n general de la concurrencia, de la Consumaci\u00f3n y de la R\u00e8pression des Fraudes.<\/p>\n<h3>Los trasiegos del vino<\/h3>\n<p>El vino ha sido trasladado de barril en 3 ocasiones.<\/p>\n<p>El primer barril aguant\u00f3 hasta 1718.<\/p>\n<p>El segundo hasta 2014 y tras conservarlo en un tonel de metal para que no se saliera el vino, se realiz\u00f3 el \u00faltimo trasiego, en enero de 2015.<\/p>\n<p>Esta \u00faltima barrica tiene una duraci\u00f3n de unos 300 a\u00f1os.<\/p>\n","protected":false},"excerpt":{"rendered":"<p>Si viajas a Estrasburgo, adem\u00e1s de perderte por sus calles, comer en maravillosos restaurantes y disfrutar de su&#8230;<\/p>\n","protected":false},"author":3,"featured_media":38914,"comment_status":"closed","ping_status":"closed","sticky":false,"template":"","format":"standard","meta":{"_acf_changed":false,"footnotes":""},"categories":[87,1],"tags":[],"class_list":["post-38907","post","type-post","status-publish","format-standard","has-post-thumbnail","hentry","category-blog","category-general"],"acf":[],"yoast_head":"<!-- This site is optimized with the Yoast SEO plugin v27.5 - https:\/\/yoast.com\/product\/yoast-seo-wordpress\/ -->\n<title>Una bodega hist\u00f3rica bajo el hospital de Estrasburgo - Bodegas Protos<\/title>\n<meta name=\"description\" content=\"Si viajas a Estrasburgo, adem\u00e1s de perderte por sus calles, comer en maravillosos restaurantes y disfrutar de su precioso mercadillo navide\u00f1o (en caso de\" \/>\n<meta name=\"robots\" content=\"index, follow, max-snippet:-1, max-image-preview:large, max-video-preview:-1\" \/>\n<link rel=\"canonical\" href=\"https:\/\/www.bodegasprotos.com\/es\/blog\/una-bodega-historica-bajo-el-hospital-de-estrasburgo\/\" \/>\n<meta property=\"og:locale\" content=\"es_ES\" \/>\n<meta property=\"og:type\" content=\"article\" \/>\n<meta property=\"og:title\" content=\"Una bodega hist\u00f3rica bajo el hospital de Estrasburgo - Bodegas Protos\" \/>\n<meta property=\"og:description\" content=\"Si viajas a Estrasburgo, adem\u00e1s de perderte por sus calles, comer en maravillosos restaurantes y disfrutar de su precioso mercadillo navide\u00f1o (en caso de\" \/>\n<meta property=\"og:url\" content=\"https:\/\/www.bodegasprotos.com\/es\/blog\/una-bodega-historica-bajo-el-hospital-de-estrasburgo\/\" \/>\n<meta property=\"og:site_name\" content=\"Bodegas Protos\" \/>\n<meta property=\"article:publisher\" content=\"https:\/\/www.facebook.com\/BodegasProtos\" \/>\n<meta property=\"article:published_time\" content=\"2023-10-06T09:35:55+00:00\" \/>\n<meta property=\"og:image\" content=\"https:\/\/www.bodegasprotos.com\/wp-content\/uploads\/2023\/10\/5.jpg\" \/>\n\t<meta property=\"og:image:width\" content=\"2047\" \/>\n\t<meta property=\"og:image:height\" content=\"1365\" \/>\n\t<meta property=\"og:image:type\" content=\"image\/jpeg\" \/>\n<meta name=\"author\" content=\"Bodegas Protos (F)\" \/>\n<meta name=\"twitter:card\" content=\"summary_large_image\" \/>\n<meta name=\"twitter:creator\" content=\"@Bodegas_Protos\" \/>\n<meta name=\"twitter:site\" content=\"@Bodegas_Protos\" \/>\n<meta name=\"twitter:label1\" content=\"Escrito por\" \/>\n\t<meta name=\"twitter:data1\" content=\"Bodegas Protos (F)\" \/>\n\t<meta name=\"twitter:label2\" content=\"Tiempo de lectura\" \/>\n\t<meta name=\"twitter:data2\" content=\"6 minutos\" \/>\n<script type=\"application\/ld+json\" class=\"yoast-schema-graph\">{\"@context\":\"https:\\\/\\\/schema.org\",\"@graph\":[{\"@type\":\"Article\",\"@id\":\"https:\\\/\\\/www.bodegasprotos.com\\\/es\\\/blog\\\/una-bodega-historica-bajo-el-hospital-de-estrasburgo\\\/#article\",\"isPartOf\":{\"@id\":\"https:\\\/\\\/www.bodegasprotos.com\\\/es\\\/blog\\\/una-bodega-historica-bajo-el-hospital-de-estrasburgo\\\/\"},\"author\":{\"name\":\"Bodegas Protos (F)\",\"@id\":\"https:\\\/\\\/www.bodegasprotos.com\\\/es\\\/#\\\/schema\\\/person\\\/6cb69a08afa14171755cee0df7d20027\"},\"headline\":\"Una bodega hist\u00f3rica bajo el hospital de Estrasburgo\",\"datePublished\":\"2023-10-06T09:35:55+00:00\",\"mainEntityOfPage\":{\"@id\":\"https:\\\/\\\/www.bodegasprotos.com\\\/es\\\/blog\\\/una-bodega-historica-bajo-el-hospital-de-estrasburgo\\\/\"},\"wordCount\":1041,\"publisher\":{\"@id\":\"https:\\\/\\\/www.bodegasprotos.com\\\/es\\\/#organization\"},\"image\":{\"@id\":\"https:\\\/\\\/www.bodegasprotos.com\\\/es\\\/blog\\\/una-bodega-historica-bajo-el-hospital-de-estrasburgo\\\/#primaryimage\"},\"thumbnailUrl\":\"https:\\\/\\\/www.bodegasprotos.com\\\/wp-content\\\/uploads\\\/2023\\\/10\\\/5.jpg\",\"articleSection\":[\"Blog\",\"General\"],\"inLanguage\":\"es\"},{\"@type\":\"WebPage\",\"@id\":\"https:\\\/\\\/www.bodegasprotos.com\\\/es\\\/blog\\\/una-bodega-historica-bajo-el-hospital-de-estrasburgo\\\/\",\"url\":\"https:\\\/\\\/www.bodegasprotos.com\\\/es\\\/blog\\\/una-bodega-historica-bajo-el-hospital-de-estrasburgo\\\/\",\"name\":\"Una bodega hist\u00f3rica bajo el hospital de Estrasburgo - Bodegas Protos\",\"isPartOf\":{\"@id\":\"https:\\\/\\\/www.bodegasprotos.com\\\/es\\\/#website\"},\"primaryImageOfPage\":{\"@id\":\"https:\\\/\\\/www.bodegasprotos.com\\\/es\\\/blog\\\/una-bodega-historica-bajo-el-hospital-de-estrasburgo\\\/#primaryimage\"},\"image\":{\"@id\":\"https:\\\/\\\/www.bodegasprotos.com\\\/es\\\/blog\\\/una-bodega-historica-bajo-el-hospital-de-estrasburgo\\\/#primaryimage\"},\"thumbnailUrl\":\"https:\\\/\\\/www.bodegasprotos.com\\\/wp-content\\\/uploads\\\/2023\\\/10\\\/5.jpg\",\"datePublished\":\"2023-10-06T09:35:55+00:00\",\"description\":\"Si viajas a Estrasburgo, adem\u00e1s de perderte por sus calles, comer en maravillosos restaurantes y disfrutar de su precioso mercadillo navide\u00f1o (en caso de\",\"breadcrumb\":{\"@id\":\"https:\\\/\\\/www.bodegasprotos.com\\\/es\\\/blog\\\/una-bodega-historica-bajo-el-hospital-de-estrasburgo\\\/#breadcrumb\"},\"inLanguage\":\"es\",\"potentialAction\":[{\"@type\":\"ReadAction\",\"target\":[\"https:\\\/\\\/www.bodegasprotos.com\\\/es\\\/blog\\\/una-bodega-historica-bajo-el-hospital-de-estrasburgo\\\/\"]}]},{\"@type\":\"ImageObject\",\"inLanguage\":\"es\",\"@id\":\"https:\\\/\\\/www.bodegasprotos.com\\\/es\\\/blog\\\/una-bodega-historica-bajo-el-hospital-de-estrasburgo\\\/#primaryimage\",\"url\":\"https:\\\/\\\/www.bodegasprotos.com\\\/wp-content\\\/uploads\\\/2023\\\/10\\\/5.jpg\",\"contentUrl\":\"https:\\\/\\\/www.bodegasprotos.com\\\/wp-content\\\/uploads\\\/2023\\\/10\\\/5.jpg\",\"width\":2047,\"height\":1365},{\"@type\":\"BreadcrumbList\",\"@id\":\"https:\\\/\\\/www.bodegasprotos.com\\\/es\\\/blog\\\/una-bodega-historica-bajo-el-hospital-de-estrasburgo\\\/#breadcrumb\",\"itemListElement\":[{\"@type\":\"ListItem\",\"position\":1,\"name\":\"Portada\",\"item\":\"https:\\\/\\\/www.bodegasprotos.com\\\/es\\\/\"},{\"@type\":\"ListItem\",\"position\":2,\"name\":\"Una bodega hist\u00f3rica bajo el hospital de Estrasburgo\"}]},{\"@type\":\"WebSite\",\"@id\":\"https:\\\/\\\/www.bodegasprotos.com\\\/es\\\/#website\",\"url\":\"https:\\\/\\\/www.bodegasprotos.com\\\/es\\\/\",\"name\":\"Bodegas Protos\",\"description\":\"Vinos de la Denominaci\u00f3n de Origen Ribera del Duero, Rueda y Cigales\",\"publisher\":{\"@id\":\"https:\\\/\\\/www.bodegasprotos.com\\\/es\\\/#organization\"},\"potentialAction\":[{\"@type\":\"SearchAction\",\"target\":{\"@type\":\"EntryPoint\",\"urlTemplate\":\"https:\\\/\\\/www.bodegasprotos.com\\\/es\\\/?s={search_term_string}\"},\"query-input\":{\"@type\":\"PropertyValueSpecification\",\"valueRequired\":true,\"valueName\":\"search_term_string\"}}],\"inLanguage\":\"es\"},{\"@type\":\"Organization\",\"@id\":\"https:\\\/\\\/www.bodegasprotos.com\\\/es\\\/#organization\",\"name\":\"Bodegas Protos\",\"url\":\"https:\\\/\\\/www.bodegasprotos.com\\\/es\\\/\",\"logo\":{\"@type\":\"ImageObject\",\"inLanguage\":\"es\",\"@id\":\"https:\\\/\\\/www.bodegasprotos.com\\\/es\\\/#\\\/schema\\\/logo\\\/image\\\/\",\"url\":\"https:\\\/\\\/www.bodegasprotos.com\\\/wp-content\\\/uploads\\\/2024\\\/06\\\/PROTOS-LOGOS-VERSIONES-13.png\",\"contentUrl\":\"https:\\\/\\\/www.bodegasprotos.com\\\/wp-content\\\/uploads\\\/2024\\\/06\\\/PROTOS-LOGOS-VERSIONES-13.png\",\"width\":2362,\"height\":2362,\"caption\":\"Bodegas Protos\"},\"image\":{\"@id\":\"https:\\\/\\\/www.bodegasprotos.com\\\/es\\\/#\\\/schema\\\/logo\\\/image\\\/\"},\"sameAs\":[\"https:\\\/\\\/www.facebook.com\\\/BodegasProtos\",\"https:\\\/\\\/x.com\\\/Bodegas_Protos\",\"https:\\\/\\\/www.instagram.com\\\/bodegasprotosoficial\\\/\",\"https:\\\/\\\/www.linkedin.com\\\/company\\\/bodegasprotos\\\/\",\"https:\\\/\\\/pinterest.com\\\/BodegasProtos\\\/\",\"http:\\\/\\\/www.youtube.com\\\/user\\\/BodegasProtos\",\"https:\\\/\\\/es.wikipedia.org\\\/wiki\\\/Bodegas_Protos\"]},{\"@type\":\"Person\",\"@id\":\"https:\\\/\\\/www.bodegasprotos.com\\\/es\\\/#\\\/schema\\\/person\\\/6cb69a08afa14171755cee0df7d20027\",\"name\":\"Bodegas Protos (F)\",\"image\":{\"@type\":\"ImageObject\",\"inLanguage\":\"es\",\"@id\":\"https:\\\/\\\/secure.gravatar.com\\\/avatar\\\/cc613a9fd2ee203f402357c1b4aa2b7c041016cbf1eab1e41bde410b2ebd7f94?s=96&d=mm&r=g\",\"url\":\"https:\\\/\\\/secure.gravatar.com\\\/avatar\\\/cc613a9fd2ee203f402357c1b4aa2b7c041016cbf1eab1e41bde410b2ebd7f94?s=96&d=mm&r=g\",\"contentUrl\":\"https:\\\/\\\/secure.gravatar.com\\\/avatar\\\/cc613a9fd2ee203f402357c1b4aa2b7c041016cbf1eab1e41bde410b2ebd7f94?s=96&d=mm&r=g\",\"caption\":\"Bodegas Protos (F)\"},\"sameAs\":[\"https:\\\/\\\/www.bodegasprotos.com\"]}]}<\/script>\n<!-- \/ Yoast SEO plugin. -->","yoast_head_json":{"title":"Una bodega hist\u00f3rica bajo el hospital de Estrasburgo - Bodegas Protos","description":"Si viajas a Estrasburgo, adem\u00e1s de perderte por sus calles, comer en maravillosos restaurantes y disfrutar de su precioso mercadillo navide\u00f1o (en caso de","robots":{"index":"index","follow":"follow","max-snippet":"max-snippet:-1","max-image-preview":"max-image-preview:large","max-video-preview":"max-video-preview:-1"},"canonical":"https:\/\/www.bodegasprotos.com\/es\/blog\/una-bodega-historica-bajo-el-hospital-de-estrasburgo\/","og_locale":"es_ES","og_type":"article","og_title":"Una bodega hist\u00f3rica bajo el hospital de Estrasburgo - Bodegas Protos","og_description":"Si viajas a Estrasburgo, adem\u00e1s de perderte por sus calles, comer en maravillosos restaurantes y disfrutar de su precioso mercadillo navide\u00f1o (en caso de","og_url":"https:\/\/www.bodegasprotos.com\/es\/blog\/una-bodega-historica-bajo-el-hospital-de-estrasburgo\/","og_site_name":"Bodegas Protos","article_publisher":"https:\/\/www.facebook.com\/BodegasProtos","article_published_time":"2023-10-06T09:35:55+00:00","og_image":[{"width":2047,"height":1365,"url":"https:\/\/www.bodegasprotos.com\/wp-content\/uploads\/2023\/10\/5.jpg","type":"image\/jpeg"}],"author":"Bodegas Protos (F)","twitter_card":"summary_large_image","twitter_creator":"@Bodegas_Protos","twitter_site":"@Bodegas_Protos","twitter_misc":{"Escrito por":"Bodegas Protos (F)","Tiempo de lectura":"6 minutos"},"schema":{"@context":"https:\/\/schema.org","@graph":[{"@type":"Article","@id":"https:\/\/www.bodegasprotos.com\/es\/blog\/una-bodega-historica-bajo-el-hospital-de-estrasburgo\/#article","isPartOf":{"@id":"https:\/\/www.bodegasprotos.com\/es\/blog\/una-bodega-historica-bajo-el-hospital-de-estrasburgo\/"},"author":{"name":"Bodegas Protos (F)","@id":"https:\/\/www.bodegasprotos.com\/es\/#\/schema\/person\/6cb69a08afa14171755cee0df7d20027"},"headline":"Una bodega hist\u00f3rica bajo el hospital de Estrasburgo","datePublished":"2023-10-06T09:35:55+00:00","mainEntityOfPage":{"@id":"https:\/\/www.bodegasprotos.com\/es\/blog\/una-bodega-historica-bajo-el-hospital-de-estrasburgo\/"},"wordCount":1041,"publisher":{"@id":"https:\/\/www.bodegasprotos.com\/es\/#organization"},"image":{"@id":"https:\/\/www.bodegasprotos.com\/es\/blog\/una-bodega-historica-bajo-el-hospital-de-estrasburgo\/#primaryimage"},"thumbnailUrl":"https:\/\/www.bodegasprotos.com\/wp-content\/uploads\/2023\/10\/5.jpg","articleSection":["Blog","General"],"inLanguage":"es"},{"@type":"WebPage","@id":"https:\/\/www.bodegasprotos.com\/es\/blog\/una-bodega-historica-bajo-el-hospital-de-estrasburgo\/","url":"https:\/\/www.bodegasprotos.com\/es\/blog\/una-bodega-historica-bajo-el-hospital-de-estrasburgo\/","name":"Una bodega hist\u00f3rica bajo el hospital de Estrasburgo - Bodegas Protos","isPartOf":{"@id":"https:\/\/www.bodegasprotos.com\/es\/#website"},"primaryImageOfPage":{"@id":"https:\/\/www.bodegasprotos.com\/es\/blog\/una-bodega-historica-bajo-el-hospital-de-estrasburgo\/#primaryimage"},"image":{"@id":"https:\/\/www.bodegasprotos.com\/es\/blog\/una-bodega-historica-bajo-el-hospital-de-estrasburgo\/#primaryimage"},"thumbnailUrl":"https:\/\/www.bodegasprotos.com\/wp-content\/uploads\/2023\/10\/5.jpg","datePublished":"2023-10-06T09:35:55+00:00","description":"Si viajas a Estrasburgo, adem\u00e1s de perderte por sus calles, comer en maravillosos restaurantes y disfrutar de su precioso mercadillo navide\u00f1o (en caso de","breadcrumb":{"@id":"https:\/\/www.bodegasprotos.com\/es\/blog\/una-bodega-historica-bajo-el-hospital-de-estrasburgo\/#breadcrumb"},"inLanguage":"es","potentialAction":[{"@type":"ReadAction","target":["https:\/\/www.bodegasprotos.com\/es\/blog\/una-bodega-historica-bajo-el-hospital-de-estrasburgo\/"]}]},{"@type":"ImageObject","inLanguage":"es","@id":"https:\/\/www.bodegasprotos.com\/es\/blog\/una-bodega-historica-bajo-el-hospital-de-estrasburgo\/#primaryimage","url":"https:\/\/www.bodegasprotos.com\/wp-content\/uploads\/2023\/10\/5.jpg","contentUrl":"https:\/\/www.bodegasprotos.com\/wp-content\/uploads\/2023\/10\/5.jpg","width":2047,"height":1365},{"@type":"BreadcrumbList","@id":"https:\/\/www.bodegasprotos.com\/es\/blog\/una-bodega-historica-bajo-el-hospital-de-estrasburgo\/#breadcrumb","itemListElement":[{"@type":"ListItem","position":1,"name":"Portada","item":"https:\/\/www.bodegasprotos.com\/es\/"},{"@type":"ListItem","position":2,"name":"Una bodega hist\u00f3rica bajo el hospital de Estrasburgo"}]},{"@type":"WebSite","@id":"https:\/\/www.bodegasprotos.com\/es\/#website","url":"https:\/\/www.bodegasprotos.com\/es\/","name":"Bodegas Protos","description":"Vinos de la Denominaci\u00f3n de Origen Ribera del Duero, Rueda y Cigales","publisher":{"@id":"https:\/\/www.bodegasprotos.com\/es\/#organization"},"potentialAction":[{"@type":"SearchAction","target":{"@type":"EntryPoint","urlTemplate":"https:\/\/www.bodegasprotos.com\/es\/?s={search_term_string}"},"query-input":{"@type":"PropertyValueSpecification","valueRequired":true,"valueName":"search_term_string"}}],"inLanguage":"es"},{"@type":"Organization","@id":"https:\/\/www.bodegasprotos.com\/es\/#organization","name":"Bodegas Protos","url":"https:\/\/www.bodegasprotos.com\/es\/","logo":{"@type":"ImageObject","inLanguage":"es","@id":"https:\/\/www.bodegasprotos.com\/es\/#\/schema\/logo\/image\/","url":"https:\/\/www.bodegasprotos.com\/wp-content\/uploads\/2024\/06\/PROTOS-LOGOS-VERSIONES-13.png","contentUrl":"https:\/\/www.bodegasprotos.com\/wp-content\/uploads\/2024\/06\/PROTOS-LOGOS-VERSIONES-13.png","width":2362,"height":2362,"caption":"Bodegas Protos"},"image":{"@id":"https:\/\/www.bodegasprotos.com\/es\/#\/schema\/logo\/image\/"},"sameAs":["https:\/\/www.facebook.com\/BodegasProtos","https:\/\/x.com\/Bodegas_Protos","https:\/\/www.instagram.com\/bodegasprotosoficial\/","https:\/\/www.linkedin.com\/company\/bodegasprotos\/","https:\/\/pinterest.com\/BodegasProtos\/","http:\/\/www.youtube.com\/user\/BodegasProtos","https:\/\/es.wikipedia.org\/wiki\/Bodegas_Protos"]},{"@type":"Person","@id":"https:\/\/www.bodegasprotos.com\/es\/#\/schema\/person\/6cb69a08afa14171755cee0df7d20027","name":"Bodegas Protos (F)","image":{"@type":"ImageObject","inLanguage":"es","@id":"https:\/\/secure.gravatar.com\/avatar\/cc613a9fd2ee203f402357c1b4aa2b7c041016cbf1eab1e41bde410b2ebd7f94?s=96&d=mm&r=g","url":"https:\/\/secure.gravatar.com\/avatar\/cc613a9fd2ee203f402357c1b4aa2b7c041016cbf1eab1e41bde410b2ebd7f94?s=96&d=mm&r=g","contentUrl":"https:\/\/secure.gravatar.com\/avatar\/cc613a9fd2ee203f402357c1b4aa2b7c041016cbf1eab1e41bde410b2ebd7f94?s=96&d=mm&r=g","caption":"Bodegas Protos (F)"},"sameAs":["https:\/\/www.bodegasprotos.com"]}]}},"_links":{"self":[{"href":"https:\/\/www.bodegasprotos.com\/es\/wp-json\/wp\/v2\/posts\/38907","targetHints":{"allow":["GET"]}}],"collection":[{"href":"https:\/\/www.bodegasprotos.com\/es\/wp-json\/wp\/v2\/posts"}],"about":[{"href":"https:\/\/www.bodegasprotos.com\/es\/wp-json\/wp\/v2\/types\/post"}],"author":[{"embeddable":true,"href":"https:\/\/www.bodegasprotos.com\/es\/wp-json\/wp\/v2\/users\/3"}],"replies":[{"embeddable":true,"href":"https:\/\/www.bodegasprotos.com\/es\/wp-json\/wp\/v2\/comments?post=38907"}],"version-history":[{"count":0,"href":"https:\/\/www.bodegasprotos.com\/es\/wp-json\/wp\/v2\/posts\/38907\/revisions"}],"wp:featuredmedia":[{"embeddable":true,"href":"https:\/\/www.bodegasprotos.com\/es\/wp-json\/wp\/v2\/media\/38914"}],"wp:attachment":[{"href":"https:\/\/www.bodegasprotos.com\/es\/wp-json\/wp\/v2\/media?parent=38907"}],"wp:term":[{"taxonomy":"category","embeddable":true,"href":"https:\/\/www.bodegasprotos.com\/es\/wp-json\/wp\/v2\/categories?post=38907"},{"taxonomy":"post_tag","embeddable":true,"href":"https:\/\/www.bodegasprotos.com\/es\/wp-json\/wp\/v2\/tags?post=38907"}],"curies":[{"name":"wp","href":"https:\/\/api.w.org\/{rel}","templated":true}]}}