{"id":37604,"date":"2023-06-02T11:34:59","date_gmt":"2023-06-02T09:34:59","guid":{"rendered":"https:\/\/www.bodegasprotos.com\/?p=37604"},"modified":"2023-05-31T12:54:24","modified_gmt":"2023-05-31T10:54:24","slug":"maridaje-de-embutidos-y-vinos-protos","status":"publish","type":"post","link":"https:\/\/www.bodegasprotos.com\/es\/blog\/maridaje-de-embutidos-y-vinos-protos\/","title":{"rendered":"Maridaje de embutidos y vinos Protos"},"content":{"rendered":"<p>En Espa\u00f1a, tenemos una gastronom\u00eda espectacular, y de la que, adem\u00e1s, estamos y debemos estar muy orgullosos.<\/p>\n<p>Si hay algo que es f\u00e1cil de preparar y que deleita a su vez, nuestros sentidos, son las tablas de embutidos.<\/p>\n<p>Un picoteo informal y rico que casa a la perfecci\u00f3n con el mundo del vino. De hecho, desde este post, queremos proponerte el mejor matrimonio entre algunos de los embutidos m\u00e1s populares de Espa\u00f1a y nuestros vinos.<\/p>\n<p>Hablamos del jam\u00f3n ib\u00e9rico, del chorizo, de la chistorra, el salchich\u00f3n o ca\u00f1a del lomo\u2026 Prep\u00e1rate para que se te haga la boca agua con estas excelentes combinaciones.<\/p>\n<h2><strong>Los embutidos m\u00e1s populares<\/strong><\/h2>\n<h3><strong>Jam\u00f3n ib\u00e9rico<\/strong><\/h3>\n<p>Como dicen en la p\u00e1gina jamonlovers, en el proceso de curaci\u00f3n de un jam\u00f3n ib\u00e9rico son importantes 3 factores: el legado hist\u00f3rico de una tradici\u00f3n artesanal; la climatolog\u00eda id\u00f3nea proporcionada por las serran\u00edas espa\u00f1olas y las innovaciones t\u00e9cnicas.<\/p>\n<div id=\"attachment_37585\" style=\"width: 310px\" class=\"wp-caption aligncenter\"><img fetchpriority=\"high\" decoding=\"async\" aria-describedby=\"caption-attachment-37585\" class=\"wp-image-37585 size-medium\" src=\"https:\/\/www.bodegasprotos.com\/wp-content\/uploads\/2023\/05\/Jamon_de_Guijuelo_-autor-valdavia-300x225.jpg\" alt=\"\" width=\"300\" height=\"225\" srcset=\"https:\/\/www.bodegasprotos.com\/wp-content\/uploads\/2023\/05\/Jamon_de_Guijuelo_-autor-valdavia-300x225.jpg 300w, https:\/\/www.bodegasprotos.com\/wp-content\/uploads\/2023\/05\/Jamon_de_Guijuelo_-autor-valdavia-1024x768.jpg 1024w, https:\/\/www.bodegasprotos.com\/wp-content\/uploads\/2023\/05\/Jamon_de_Guijuelo_-autor-valdavia-768x576.jpg 768w, https:\/\/www.bodegasprotos.com\/wp-content\/uploads\/2023\/05\/Jamon_de_Guijuelo_-autor-valdavia-1536x1151.jpg 1536w, https:\/\/www.bodegasprotos.com\/wp-content\/uploads\/2023\/05\/Jamon_de_Guijuelo_-autor-valdavia.jpg 1729w\" sizes=\"(max-width: 300px) 100vw, 300px\" \/><p id=\"caption-attachment-37585\" class=\"wp-caption-text\"><a href=\"https:\/\/commons.wikimedia.org\/wiki\/File:Jam%C3%B3n_de_Guijuelo_004_%28cropped%29_4.3.JPG\">Autor: <\/a><a title=\"User:Valdavia\" href=\"https:\/\/commons.wikimedia.org\/wiki\/User:Valdavia\">Valdavia<\/a><\/p><\/div>\n<p>Con ello se consigue que el jam\u00f3n ib\u00e9rico desarrolle su especial e inconfundible aroma, as\u00ed como su espectacular sabor. La elaboraci\u00f3n del jam\u00f3n ib\u00e9rico lleva un proceso muy meticuloso para conseguir la m\u00e1xima calidad.<\/p>\n<p>A este maravilloso manjar le va un vino tinto que sea fuerte, robusto, que tenga unas notas olfativas no con muchos taninos, que sean un poco aterciopelados, suaves, pero estructurados como son <a href=\"https:\/\/www.bodegasprotos.com\/es\/vino\/crianza\/\">Protos Crianza<\/a> o <a href=\"https:\/\/www.bodegasprotos.com\/es\/vino\/protos27\/\">Protos\u00b427<\/a>.<\/p>\n<p><img decoding=\"async\" class=\"aligncenter size-medium wp-image-37473\" src=\"https:\/\/www.bodegasprotos.com\/wp-content\/uploads\/2023\/05\/CRIANZA-SLIDER-213x300.png\" alt=\"\" width=\"213\" height=\"300\" srcset=\"https:\/\/www.bodegasprotos.com\/wp-content\/uploads\/2023\/05\/CRIANZA-SLIDER-213x300.png 213w, https:\/\/www.bodegasprotos.com\/wp-content\/uploads\/2023\/05\/CRIANZA-SLIDER.png 426w\" sizes=\"(max-width: 213px) 100vw, 213px\" \/><\/p>\n<h3><strong>Salchich\u00f3n<\/strong><\/h3>\n<p>Un embutido elaborado a base de carne magra de cerdo, tocino de cerdo molido y pimienta (que puede estar presente molida o en grano), as\u00ed como otras especias. Esta combinaci\u00f3n de especias y pimienta negra es la que otorga ese sabor tan personal. Esa mezcla entre lo dulce, suave y picante.<\/p>\n<div id=\"attachment_37593\" style=\"width: 288px\" class=\"wp-caption aligncenter\"><img decoding=\"async\" aria-describedby=\"caption-attachment-37593\" class=\"wp-image-37593\" src=\"https:\/\/www.bodegasprotos.com\/wp-content\/uploads\/2023\/05\/Tapas_de_salchichon-autor-Krista-300x200.jpg\" alt=\"\" width=\"278\" height=\"185\" srcset=\"https:\/\/www.bodegasprotos.com\/wp-content\/uploads\/2023\/05\/Tapas_de_salchichon-autor-Krista-300x200.jpg 300w, https:\/\/www.bodegasprotos.com\/wp-content\/uploads\/2023\/05\/Tapas_de_salchichon-autor-Krista-768x512.jpg 768w, https:\/\/www.bodegasprotos.com\/wp-content\/uploads\/2023\/05\/Tapas_de_salchichon-autor-Krista.jpg 1000w\" sizes=\"(max-width: 278px) 100vw, 278px\" \/><p id=\"caption-attachment-37593\" class=\"wp-caption-text\"><a href=\"https:\/\/commons.wikimedia.org\/wiki\/File:Tapas_de_salchichon.jpg\">Autor: Krista<\/a><\/p><\/div>\n<p>La mejor manera de acompa\u00f1arlo es con <a href=\"https:\/\/www.bodegasprotos.com\/es\/vino\/verdejo\/\">Protos Verdejo<\/a>, un vino seco con una entrada que sorprende por unir frescura y acidez natural moderada y equilibrada.<\/p>\n<p><img loading=\"lazy\" decoding=\"async\" class=\"aligncenter size-medium wp-image-37494\" src=\"https:\/\/www.bodegasprotos.com\/wp-content\/uploads\/2023\/05\/VERDEJO-SLIDER-213x300.png\" alt=\"\" width=\"213\" height=\"300\" srcset=\"https:\/\/www.bodegasprotos.com\/wp-content\/uploads\/2023\/05\/VERDEJO-SLIDER-213x300.png 213w, https:\/\/www.bodegasprotos.com\/wp-content\/uploads\/2023\/05\/VERDEJO-SLIDER.png 426w\" sizes=\"(max-width: 213px) 100vw, 213px\" \/><\/p>\n<p><strong>Chorizo:<\/strong><\/p>\n<p>Los ingredientes principales para elaborarlo son la carne, tocino de cerdo, piment\u00f3n y sal. De hecho, es el piment\u00f3n el que le da ese color tan caracter\u00edstico, que junto al condimento de otras especias le aportan un gran aroma y sabor.<\/p>\n<div id=\"attachment_37583\" style=\"width: 310px\" class=\"wp-caption aligncenter\"><img loading=\"lazy\" decoding=\"async\" aria-describedby=\"caption-attachment-37583\" class=\"wp-image-37583 size-medium\" src=\"https:\/\/www.bodegasprotos.com\/wp-content\/uploads\/2023\/05\/Chorizos_autor-Amasuela-Luis-Lafuente-Agudin-300x219.jpg\" alt=\"\" width=\"300\" height=\"219\" srcset=\"https:\/\/www.bodegasprotos.com\/wp-content\/uploads\/2023\/05\/Chorizos_autor-Amasuela-Luis-Lafuente-Agudin-300x219.jpg 300w, https:\/\/www.bodegasprotos.com\/wp-content\/uploads\/2023\/05\/Chorizos_autor-Amasuela-Luis-Lafuente-Agudin.jpg 531w\" sizes=\"(max-width: 300px) 100vw, 300px\" \/><p id=\"caption-attachment-37583\" class=\"wp-caption-text\">\u00a0<a href=\"https:\/\/commons.wikimedia.org\/wiki\/File:Chorizos_P6021974.jpg\">Autor: <\/a><a title=\"User:Amasuela\" href=\"https:\/\/commons.wikimedia.org\/wiki\/User:Amasuela\">Amasuela-Luis Lafuente Agud\u00edn<\/a><\/p><\/div>\n<p>El chorizo tiene que contar en su preparaci\u00f3n s\u00ed o s\u00ed, con el ajo y el piment\u00f3n, y contener como ingrediente principal la carne picada de cerdo. Adem\u00e1s, se puede curar al aire libre o bien ahumado.<\/p>\n<p>Proponemos que lo cases con un <a href=\"https:\/\/www.bodegasprotos.com\/es\/vino\/reserva\/\">Protos 5\u00ba a\u00f1o Reserva<\/a> o <a href=\"https:\/\/www.bodegasprotos.com\/es\/vino\/protos27\/\">Protos\u00b427<\/a> ya que esta clase de embutido necesita un vino que tenga mucho cuerpo, con presencia de taninos, para tratar de balancear el sabor del chorizo.<\/p>\n<p><img loading=\"lazy\" decoding=\"async\" class=\"aligncenter size-medium wp-image-37480\" src=\"https:\/\/www.bodegasprotos.com\/wp-content\/uploads\/2023\/05\/RESERVA-SLIDER-213x300.png\" alt=\"\" width=\"213\" height=\"300\" srcset=\"https:\/\/www.bodegasprotos.com\/wp-content\/uploads\/2023\/05\/RESERVA-SLIDER-213x300.png 213w, https:\/\/www.bodegasprotos.com\/wp-content\/uploads\/2023\/05\/RESERVA-SLIDER.png 426w\" sizes=\"(max-width: 213px) 100vw, 213px\" \/><\/p>\n<h3><img loading=\"lazy\" decoding=\"async\" class=\"aligncenter size-medium wp-image-37466\" src=\"https:\/\/www.bodegasprotos.com\/wp-content\/uploads\/2023\/05\/27-SLIDER-213x300.png\" alt=\"\" width=\"213\" height=\"300\" srcset=\"https:\/\/www.bodegasprotos.com\/wp-content\/uploads\/2023\/05\/27-SLIDER-213x300.png 213w, https:\/\/www.bodegasprotos.com\/wp-content\/uploads\/2023\/05\/27-SLIDER.png 426w\" sizes=\"(max-width: 213px) 100vw, 213px\" \/><\/h3>\n<h3><strong>Fuet<\/strong><\/h3>\n<p>Su elaboraci\u00f3n es a base de carne porcina, panceta picada, adobada con pimienta, a la que le puedes a\u00f1adir otras especias.<\/p>\n<div id=\"attachment_37591\" style=\"width: 310px\" class=\"wp-caption aligncenter\"><img loading=\"lazy\" decoding=\"async\" aria-describedby=\"caption-attachment-37591\" class=\"wp-image-37591 size-medium\" src=\"https:\/\/www.bodegasprotos.com\/wp-content\/uploads\/2023\/05\/Spanish_sausage-Fuet-autor-Procsilas-Moscas-300x300.jpg\" alt=\"\" width=\"300\" height=\"300\" srcset=\"https:\/\/www.bodegasprotos.com\/wp-content\/uploads\/2023\/05\/Spanish_sausage-Fuet-autor-Procsilas-Moscas-300x300.jpg 300w, https:\/\/www.bodegasprotos.com\/wp-content\/uploads\/2023\/05\/Spanish_sausage-Fuet-autor-Procsilas-Moscas-1024x1024.jpg 1024w, https:\/\/www.bodegasprotos.com\/wp-content\/uploads\/2023\/05\/Spanish_sausage-Fuet-autor-Procsilas-Moscas-150x150.jpg 150w, https:\/\/www.bodegasprotos.com\/wp-content\/uploads\/2023\/05\/Spanish_sausage-Fuet-autor-Procsilas-Moscas-768x768.jpg 768w, https:\/\/www.bodegasprotos.com\/wp-content\/uploads\/2023\/05\/Spanish_sausage-Fuet-autor-Procsilas-Moscas-1536x1536.jpg 1536w, https:\/\/www.bodegasprotos.com\/wp-content\/uploads\/2023\/05\/Spanish_sausage-Fuet-autor-Procsilas-Moscas-500x500.jpg 500w, https:\/\/www.bodegasprotos.com\/wp-content\/uploads\/2023\/05\/Spanish_sausage-Fuet-autor-Procsilas-Moscas-1000x1000.jpg 1000w, https:\/\/www.bodegasprotos.com\/wp-content\/uploads\/2023\/05\/Spanish_sausage-Fuet-autor-Procsilas-Moscas.jpg 1714w\" sizes=\"(max-width: 300px) 100vw, 300px\" \/><p id=\"caption-attachment-37591\" class=\"wp-caption-text\"><a href=\"https:\/\/commons.wikimedia.org\/wiki\/File:Spanish_sausage-Fuet-01.jpg\">Autor: <\/a><a class=\"external text\" href=\"https:\/\/www.flickr.com\/photos\/47207654@N00\" rel=\"nofollow\">Procsilas Moscas<\/a><\/p><\/div>\n<p>Aqu\u00ed, la combinaci\u00f3n ideal es con <a href=\"https:\/\/www.bodegasprotos.com\/es\/vino\/protos-9-meses\/\">Protos 9 meses<\/a> , un vino bien estructurado, sabroso, y equilibrado que cuenta con taninos muy agradables y con un final muy largo afrutado y con toques tostados.<\/p>\n<p><img loading=\"lazy\" decoding=\"async\" class=\"aligncenter  wp-image-34635\" src=\"https:\/\/www.bodegasprotos.com\/wp-content\/uploads\/2022\/09\/Protos_9Meses_-86x300.png\" alt=\"Vino Protos 9 meses ecol\u00f3gico\" width=\"79\" height=\"276\" srcset=\"https:\/\/www.bodegasprotos.com\/wp-content\/uploads\/2022\/09\/Protos_9Meses_-86x300.png 86w, https:\/\/www.bodegasprotos.com\/wp-content\/uploads\/2022\/09\/Protos_9Meses_.png 286w\" sizes=\"(max-width: 79px) 100vw, 79px\" \/><\/p>\n<h3><strong>Chistorra<\/strong><\/h3>\n<p>Se caracteriza por tener muy poca curaci\u00f3n. Lo diferencia del chorizo por su presencia m\u00e1s alargada y delgada y porque es m\u00e1s grasa. Est\u00e1 elaborado con carne de cerdo picada, aunque a veces puede tener mezcla de vacuno y porcino, y est\u00e1 condimentada con sal, pimenta o piment\u00f3n.<\/p>\n<div id=\"attachment_37581\" style=\"width: 310px\" class=\"wp-caption aligncenter\"><img loading=\"lazy\" decoding=\"async\" aria-describedby=\"caption-attachment-37581\" class=\"wp-image-37581 size-medium\" src=\"https:\/\/www.bodegasprotos.com\/wp-content\/uploads\/2023\/05\/Chistorra_-300x204.jpg\" alt=\"\" width=\"300\" height=\"204\" srcset=\"https:\/\/www.bodegasprotos.com\/wp-content\/uploads\/2023\/05\/Chistorra_-300x204.jpg 300w, https:\/\/www.bodegasprotos.com\/wp-content\/uploads\/2023\/05\/Chistorra_-1024x697.jpg 1024w, https:\/\/www.bodegasprotos.com\/wp-content\/uploads\/2023\/05\/Chistorra_-768x522.jpg 768w, https:\/\/www.bodegasprotos.com\/wp-content\/uploads\/2023\/05\/Chistorra_-1536x1045.jpg 1536w, https:\/\/www.bodegasprotos.com\/wp-content\/uploads\/2023\/05\/Chistorra_-2048x1393.jpg 2048w\" sizes=\"(max-width: 300px) 100vw, 300px\" \/><p id=\"caption-attachment-37581\" class=\"wp-caption-text\"><a href=\"https:\/\/commons.wikimedia.org\/wiki\/File:Chistorra_con_pataques_frites.jpg\">Autor: <\/a><a title=\"User:Amasuela\" href=\"https:\/\/commons.wikimedia.org\/wiki\/User:Amasuela\">Amasuela &#8211; Luis Lafuente Agud\u00edn<\/a><\/p><\/div>\n<p>Lo que mejor le va es un vino crianza joven, por eso te proponemos <a href=\"https:\/\/www.bodegasprotos.com\/es\/vino\/roble\/\">Protos Roble<\/a>, un vino que cuenta con seis meses en barrica y una buena estructura, frutal, fresco, con paso goloso, equilibrado y con taninos suaves muy agradables.<\/p>\n<p><img loading=\"lazy\" decoding=\"async\" class=\"aligncenter  wp-image-37487\" src=\"https:\/\/www.bodegasprotos.com\/wp-content\/uploads\/2023\/05\/ROBLE-SLIDER-213x300.png\" alt=\"\" width=\"259\" height=\"365\" srcset=\"https:\/\/www.bodegasprotos.com\/wp-content\/uploads\/2023\/05\/ROBLE-SLIDER-213x300.png 213w, https:\/\/www.bodegasprotos.com\/wp-content\/uploads\/2023\/05\/ROBLE-SLIDER.png 426w\" sizes=\"(max-width: 259px) 100vw, 259px\" \/><\/p>\n<h3><strong>Ca\u00f1a de lomo<\/strong><\/h3>\n<p>Este preciado embutido proviene del espinazo, una pieza que apenas tiene grasa y clave para aportarle ese gran sabor. Suele ser condimentada con sal, piment\u00f3n, ajo y or\u00e9gano.<\/p>\n<div id=\"attachment_37587\" style=\"width: 310px\" class=\"wp-caption aligncenter\"><img loading=\"lazy\" decoding=\"async\" aria-describedby=\"caption-attachment-37587\" class=\"wp-image-37587 size-medium\" src=\"https:\/\/www.bodegasprotos.com\/wp-content\/uploads\/2023\/05\/Lomo_iberico_cebo-autor-Ewan-Munro-from-London-UK-300x200.jpg\" alt=\"\" width=\"300\" height=\"200\" srcset=\"https:\/\/www.bodegasprotos.com\/wp-content\/uploads\/2023\/05\/Lomo_iberico_cebo-autor-Ewan-Munro-from-London-UK-300x200.jpg 300w, https:\/\/www.bodegasprotos.com\/wp-content\/uploads\/2023\/05\/Lomo_iberico_cebo-autor-Ewan-Munro-from-London-UK-1024x683.jpg 1024w, https:\/\/www.bodegasprotos.com\/wp-content\/uploads\/2023\/05\/Lomo_iberico_cebo-autor-Ewan-Munro-from-London-UK-768x512.jpg 768w, https:\/\/www.bodegasprotos.com\/wp-content\/uploads\/2023\/05\/Lomo_iberico_cebo-autor-Ewan-Munro-from-London-UK-1536x1024.jpg 1536w, https:\/\/www.bodegasprotos.com\/wp-content\/uploads\/2023\/05\/Lomo_iberico_cebo-autor-Ewan-Munro-from-London-UK-2048x1365.jpg 2048w\" sizes=\"(max-width: 300px) 100vw, 300px\" \/><p id=\"caption-attachment-37587\" class=\"wp-caption-text\"><a href=\"https:\/\/commons.wikimedia.org\/wiki\/File:Lomo_ib%C3%A9rico_cebo.jpg\">Autor: <\/a><a class=\"external text\" href=\"https:\/\/www.flickr.com\/people\/55935853@N00\" rel=\"nofollow\">Ewan Munro<\/a><\/p><\/div>\n<p>La ca\u00f1a de lomo solo cuenta con la elaboraci\u00f3n del adobo, con lo cual se le considera uno de los embutidos m\u00e1s naturales.<\/p>\n<p>Marida genial con la variedad Tempranillo por lo que cualquier vino tinto de Protos es ideal.<\/p>\n<p>Y vamos a incluir, otro embutido, que, aunque no es precisamente espa\u00f1ol, s\u00ed lo consumimos bastante. Hablamos del <strong>salami<\/strong>:<\/p>\n<p>Producto t\u00edpico italiano. Est\u00e1 elaborado a partir de una composici\u00f3n de carnes de cerdo, de vacuno, o ambas), adem\u00e1s de a\u00f1adirle tocino o grasa de cerdo.<\/p>\n<div id=\"attachment_37589\" style=\"width: 296px\" class=\"wp-caption aligncenter\"><img loading=\"lazy\" decoding=\"async\" aria-describedby=\"caption-attachment-37589\" class=\"wp-image-37589\" src=\"https:\/\/www.bodegasprotos.com\/wp-content\/uploads\/2023\/05\/Salami_Picture_autor-FNH200tania-300x188.jpg\" alt=\"\" width=\"286\" height=\"179\" srcset=\"https:\/\/www.bodegasprotos.com\/wp-content\/uploads\/2023\/05\/Salami_Picture_autor-FNH200tania-300x188.jpg 300w, https:\/\/www.bodegasprotos.com\/wp-content\/uploads\/2023\/05\/Salami_Picture_autor-FNH200tania-1024x640.jpg 1024w, https:\/\/www.bodegasprotos.com\/wp-content\/uploads\/2023\/05\/Salami_Picture_autor-FNH200tania-768x480.jpg 768w, https:\/\/www.bodegasprotos.com\/wp-content\/uploads\/2023\/05\/Salami_Picture_autor-FNH200tania-1536x960.jpg 1536w, https:\/\/www.bodegasprotos.com\/wp-content\/uploads\/2023\/05\/Salami_Picture_autor-FNH200tania.jpg 1920w\" sizes=\"(max-width: 286px) 100vw, 286px\" \/><p id=\"caption-attachment-37589\" class=\"wp-caption-text\"><a href=\"https:\/\/commons.wikimedia.org\/wiki\/File:Salami_Picture_.jpg\">Autor: <\/a><a class=\"new\" title=\"User:FNH200tania (page does not exist)\" href=\"https:\/\/commons.wikimedia.org\/w\/index.php?title=User:FNH200tania&amp;action=edit&amp;redlink=1\">FNH200tania<\/a><\/p><\/div>\n<p>La pimienta, tambi\u00e9n, est\u00e1 presente, aunque muy poquita, por eso su sabor es mucho m\u00e1s suave. Asimismo, el ajo es otro de los ingredientes que siempre est\u00e1 presente en los embutidos italianos. El salami lo podemos encontrar bien embutido, ahumado o curado.<\/p>\n<p>Y para esta chacina, dejamos los vinos tintos a un lado y te aconsejamos maridarlo con un buen rosado como es <a href=\"https:\/\/www.bodegasprotos.com\/es\/vino\/aire-de-protos\/\">Aire de Protos<\/a>.\u00a0 Un vino fresco y sedoso, que cuenta con elegante acidez y que se equilibra con un complejo recuerdo frutal.<\/p>\n<p><img data-dominant-color=\"dc9f87\" data-has-transparency=\"true\" style=\"--dominant-color: #dc9f87;\" loading=\"lazy\" decoding=\"async\" class=\"aligncenter  wp-image-36517 has-transparency\" src=\"https:\/\/www.bodegasprotos.com\/wp-content\/uploads\/2023\/04\/PROTOS-AIRE-e1589815266431-84x300.png\" alt=\"\" width=\"79\" height=\"282\" \/><\/p>\n","protected":false},"excerpt":{"rendered":"<p>En Espa\u00f1a, tenemos una gastronom\u00eda espectacular, y de la que, adem\u00e1s, estamos y debemos estar muy orgullosos. Si&#8230;<\/p>\n","protected":false},"author":3,"featured_media":37595,"comment_status":"closed","ping_status":"closed","sticky":false,"template":"","format":"standard","meta":{"_acf_changed":false,"footnotes":""},"categories":[87,1],"tags":[],"class_list":["post-37604","post","type-post","status-publish","format-standard","has-post-thumbnail","hentry","category-blog","category-general"],"acf":[],"yoast_head":"<!-- This site is optimized with the Yoast SEO plugin v27.5 - https:\/\/yoast.com\/product\/yoast-seo-wordpress\/ -->\n<title>Maridaje de embutidos y vinos Protos - Bodegas Protos<\/title>\n<meta name=\"description\" content=\"En Espa\u00f1a, tenemos una gastronom\u00eda espectacular, y de la que, adem\u00e1s, estamos y debemos estar muy orgullosos. Si hay algo que es f\u00e1cil de preparar y que\" \/>\n<meta name=\"robots\" content=\"index, follow, max-snippet:-1, max-image-preview:large, max-video-preview:-1\" \/>\n<link rel=\"canonical\" href=\"https:\/\/www.bodegasprotos.com\/es\/blog\/maridaje-de-embutidos-y-vinos-protos\/\" \/>\n<meta property=\"og:locale\" content=\"es_ES\" \/>\n<meta property=\"og:type\" content=\"article\" \/>\n<meta property=\"og:title\" content=\"Maridaje de embutidos y vinos Protos - Bodegas Protos\" \/>\n<meta property=\"og:description\" content=\"En Espa\u00f1a, tenemos una gastronom\u00eda espectacular, y de la que, adem\u00e1s, estamos y debemos estar muy orgullosos. Si hay algo que es f\u00e1cil de preparar y que\" \/>\n<meta property=\"og:url\" content=\"https:\/\/www.bodegasprotos.com\/es\/blog\/maridaje-de-embutidos-y-vinos-protos\/\" \/>\n<meta property=\"og:site_name\" content=\"Bodegas Protos\" \/>\n<meta property=\"article:publisher\" content=\"https:\/\/www.facebook.com\/BodegasProtos\" \/>\n<meta property=\"article:published_time\" content=\"2023-06-02T09:34:59+00:00\" \/>\n<meta property=\"og:image\" content=\"https:\/\/www.bodegasprotos.com\/wp-content\/uploads\/2023\/05\/farhad-ibrahimzade-6mlyV_f3WhY-unsplash-scaled.jpg\" \/>\n\t<meta property=\"og:image:width\" content=\"2560\" \/>\n\t<meta property=\"og:image:height\" content=\"2560\" \/>\n\t<meta property=\"og:image:type\" content=\"image\/jpeg\" \/>\n<meta name=\"author\" content=\"Bodegas Protos (F)\" \/>\n<meta name=\"twitter:card\" content=\"summary_large_image\" \/>\n<meta name=\"twitter:creator\" content=\"@Bodegas_Protos\" \/>\n<meta name=\"twitter:site\" content=\"@Bodegas_Protos\" \/>\n<meta name=\"twitter:label1\" content=\"Escrito por\" \/>\n\t<meta name=\"twitter:data1\" content=\"Bodegas Protos (F)\" \/>\n\t<meta name=\"twitter:label2\" content=\"Tiempo de lectura\" \/>\n\t<meta name=\"twitter:data2\" content=\"7 minutos\" \/>\n<script type=\"application\/ld+json\" class=\"yoast-schema-graph\">{\"@context\":\"https:\\\/\\\/schema.org\",\"@graph\":[{\"@type\":\"Article\",\"@id\":\"https:\\\/\\\/www.bodegasprotos.com\\\/es\\\/blog\\\/maridaje-de-embutidos-y-vinos-protos\\\/#article\",\"isPartOf\":{\"@id\":\"https:\\\/\\\/www.bodegasprotos.com\\\/es\\\/blog\\\/maridaje-de-embutidos-y-vinos-protos\\\/\"},\"author\":{\"name\":\"Bodegas Protos (F)\",\"@id\":\"https:\\\/\\\/www.bodegasprotos.com\\\/es\\\/#\\\/schema\\\/person\\\/6cb69a08afa14171755cee0df7d20027\"},\"headline\":\"Maridaje de embutidos y vinos Protos\",\"datePublished\":\"2023-06-02T09:34:59+00:00\",\"mainEntityOfPage\":{\"@id\":\"https:\\\/\\\/www.bodegasprotos.com\\\/es\\\/blog\\\/maridaje-de-embutidos-y-vinos-protos\\\/\"},\"wordCount\":895,\"publisher\":{\"@id\":\"https:\\\/\\\/www.bodegasprotos.com\\\/es\\\/#organization\"},\"image\":{\"@id\":\"https:\\\/\\\/www.bodegasprotos.com\\\/es\\\/blog\\\/maridaje-de-embutidos-y-vinos-protos\\\/#primaryimage\"},\"thumbnailUrl\":\"https:\\\/\\\/www.bodegasprotos.com\\\/wp-content\\\/uploads\\\/2023\\\/05\\\/farhad-ibrahimzade-6mlyV_f3WhY-unsplash-scaled.jpg\",\"articleSection\":[\"Blog\",\"General\"],\"inLanguage\":\"es\"},{\"@type\":\"WebPage\",\"@id\":\"https:\\\/\\\/www.bodegasprotos.com\\\/es\\\/blog\\\/maridaje-de-embutidos-y-vinos-protos\\\/\",\"url\":\"https:\\\/\\\/www.bodegasprotos.com\\\/es\\\/blog\\\/maridaje-de-embutidos-y-vinos-protos\\\/\",\"name\":\"Maridaje de embutidos y vinos Protos - Bodegas Protos\",\"isPartOf\":{\"@id\":\"https:\\\/\\\/www.bodegasprotos.com\\\/es\\\/#website\"},\"primaryImageOfPage\":{\"@id\":\"https:\\\/\\\/www.bodegasprotos.com\\\/es\\\/blog\\\/maridaje-de-embutidos-y-vinos-protos\\\/#primaryimage\"},\"image\":{\"@id\":\"https:\\\/\\\/www.bodegasprotos.com\\\/es\\\/blog\\\/maridaje-de-embutidos-y-vinos-protos\\\/#primaryimage\"},\"thumbnailUrl\":\"https:\\\/\\\/www.bodegasprotos.com\\\/wp-content\\\/uploads\\\/2023\\\/05\\\/farhad-ibrahimzade-6mlyV_f3WhY-unsplash-scaled.jpg\",\"datePublished\":\"2023-06-02T09:34:59+00:00\",\"description\":\"En Espa\u00f1a, tenemos una gastronom\u00eda espectacular, y de la que, adem\u00e1s, estamos y debemos estar muy orgullosos. Si hay algo que es f\u00e1cil de preparar y que\",\"breadcrumb\":{\"@id\":\"https:\\\/\\\/www.bodegasprotos.com\\\/es\\\/blog\\\/maridaje-de-embutidos-y-vinos-protos\\\/#breadcrumb\"},\"inLanguage\":\"es\",\"potentialAction\":[{\"@type\":\"ReadAction\",\"target\":[\"https:\\\/\\\/www.bodegasprotos.com\\\/es\\\/blog\\\/maridaje-de-embutidos-y-vinos-protos\\\/\"]}]},{\"@type\":\"ImageObject\",\"inLanguage\":\"es\",\"@id\":\"https:\\\/\\\/www.bodegasprotos.com\\\/es\\\/blog\\\/maridaje-de-embutidos-y-vinos-protos\\\/#primaryimage\",\"url\":\"https:\\\/\\\/www.bodegasprotos.com\\\/wp-content\\\/uploads\\\/2023\\\/05\\\/farhad-ibrahimzade-6mlyV_f3WhY-unsplash-scaled.jpg\",\"contentUrl\":\"https:\\\/\\\/www.bodegasprotos.com\\\/wp-content\\\/uploads\\\/2023\\\/05\\\/farhad-ibrahimzade-6mlyV_f3WhY-unsplash-scaled.jpg\",\"width\":2560,\"height\":2560},{\"@type\":\"BreadcrumbList\",\"@id\":\"https:\\\/\\\/www.bodegasprotos.com\\\/es\\\/blog\\\/maridaje-de-embutidos-y-vinos-protos\\\/#breadcrumb\",\"itemListElement\":[{\"@type\":\"ListItem\",\"position\":1,\"name\":\"Portada\",\"item\":\"https:\\\/\\\/www.bodegasprotos.com\\\/es\\\/\"},{\"@type\":\"ListItem\",\"position\":2,\"name\":\"Maridaje de embutidos y vinos Protos\"}]},{\"@type\":\"WebSite\",\"@id\":\"https:\\\/\\\/www.bodegasprotos.com\\\/es\\\/#website\",\"url\":\"https:\\\/\\\/www.bodegasprotos.com\\\/es\\\/\",\"name\":\"Bodegas Protos\",\"description\":\"Vinos de la Denominaci\u00f3n de Origen Ribera del Duero, Rueda y Cigales\",\"publisher\":{\"@id\":\"https:\\\/\\\/www.bodegasprotos.com\\\/es\\\/#organization\"},\"potentialAction\":[{\"@type\":\"SearchAction\",\"target\":{\"@type\":\"EntryPoint\",\"urlTemplate\":\"https:\\\/\\\/www.bodegasprotos.com\\\/es\\\/?s={search_term_string}\"},\"query-input\":{\"@type\":\"PropertyValueSpecification\",\"valueRequired\":true,\"valueName\":\"search_term_string\"}}],\"inLanguage\":\"es\"},{\"@type\":\"Organization\",\"@id\":\"https:\\\/\\\/www.bodegasprotos.com\\\/es\\\/#organization\",\"name\":\"Bodegas Protos\",\"url\":\"https:\\\/\\\/www.bodegasprotos.com\\\/es\\\/\",\"logo\":{\"@type\":\"ImageObject\",\"inLanguage\":\"es\",\"@id\":\"https:\\\/\\\/www.bodegasprotos.com\\\/es\\\/#\\\/schema\\\/logo\\\/image\\\/\",\"url\":\"https:\\\/\\\/www.bodegasprotos.com\\\/wp-content\\\/uploads\\\/2024\\\/06\\\/PROTOS-LOGOS-VERSIONES-13.png\",\"contentUrl\":\"https:\\\/\\\/www.bodegasprotos.com\\\/wp-content\\\/uploads\\\/2024\\\/06\\\/PROTOS-LOGOS-VERSIONES-13.png\",\"width\":2362,\"height\":2362,\"caption\":\"Bodegas Protos\"},\"image\":{\"@id\":\"https:\\\/\\\/www.bodegasprotos.com\\\/es\\\/#\\\/schema\\\/logo\\\/image\\\/\"},\"sameAs\":[\"https:\\\/\\\/www.facebook.com\\\/BodegasProtos\",\"https:\\\/\\\/x.com\\\/Bodegas_Protos\",\"https:\\\/\\\/www.instagram.com\\\/bodegasprotosoficial\\\/\",\"https:\\\/\\\/www.linkedin.com\\\/company\\\/bodegasprotos\\\/\",\"https:\\\/\\\/pinterest.com\\\/BodegasProtos\\\/\",\"http:\\\/\\\/www.youtube.com\\\/user\\\/BodegasProtos\",\"https:\\\/\\\/es.wikipedia.org\\\/wiki\\\/Bodegas_Protos\"]},{\"@type\":\"Person\",\"@id\":\"https:\\\/\\\/www.bodegasprotos.com\\\/es\\\/#\\\/schema\\\/person\\\/6cb69a08afa14171755cee0df7d20027\",\"name\":\"Bodegas Protos (F)\",\"image\":{\"@type\":\"ImageObject\",\"inLanguage\":\"es\",\"@id\":\"https:\\\/\\\/secure.gravatar.com\\\/avatar\\\/cc613a9fd2ee203f402357c1b4aa2b7c041016cbf1eab1e41bde410b2ebd7f94?s=96&d=mm&r=g\",\"url\":\"https:\\\/\\\/secure.gravatar.com\\\/avatar\\\/cc613a9fd2ee203f402357c1b4aa2b7c041016cbf1eab1e41bde410b2ebd7f94?s=96&d=mm&r=g\",\"contentUrl\":\"https:\\\/\\\/secure.gravatar.com\\\/avatar\\\/cc613a9fd2ee203f402357c1b4aa2b7c041016cbf1eab1e41bde410b2ebd7f94?s=96&d=mm&r=g\",\"caption\":\"Bodegas Protos (F)\"},\"sameAs\":[\"https:\\\/\\\/www.bodegasprotos.com\"]}]}<\/script>\n<!-- \/ Yoast SEO plugin. -->","yoast_head_json":{"title":"Maridaje de embutidos y vinos Protos - Bodegas Protos","description":"En Espa\u00f1a, tenemos una gastronom\u00eda espectacular, y de la que, adem\u00e1s, estamos y debemos estar muy orgullosos. Si hay algo que es f\u00e1cil de preparar y que","robots":{"index":"index","follow":"follow","max-snippet":"max-snippet:-1","max-image-preview":"max-image-preview:large","max-video-preview":"max-video-preview:-1"},"canonical":"https:\/\/www.bodegasprotos.com\/es\/blog\/maridaje-de-embutidos-y-vinos-protos\/","og_locale":"es_ES","og_type":"article","og_title":"Maridaje de embutidos y vinos Protos - Bodegas Protos","og_description":"En Espa\u00f1a, tenemos una gastronom\u00eda espectacular, y de la que, adem\u00e1s, estamos y debemos estar muy orgullosos. Si hay algo que es f\u00e1cil de preparar y que","og_url":"https:\/\/www.bodegasprotos.com\/es\/blog\/maridaje-de-embutidos-y-vinos-protos\/","og_site_name":"Bodegas Protos","article_publisher":"https:\/\/www.facebook.com\/BodegasProtos","article_published_time":"2023-06-02T09:34:59+00:00","og_image":[{"width":2560,"height":2560,"url":"https:\/\/www.bodegasprotos.com\/wp-content\/uploads\/2023\/05\/farhad-ibrahimzade-6mlyV_f3WhY-unsplash-scaled.jpg","type":"image\/jpeg"}],"author":"Bodegas Protos (F)","twitter_card":"summary_large_image","twitter_creator":"@Bodegas_Protos","twitter_site":"@Bodegas_Protos","twitter_misc":{"Escrito por":"Bodegas Protos (F)","Tiempo de lectura":"7 minutos"},"schema":{"@context":"https:\/\/schema.org","@graph":[{"@type":"Article","@id":"https:\/\/www.bodegasprotos.com\/es\/blog\/maridaje-de-embutidos-y-vinos-protos\/#article","isPartOf":{"@id":"https:\/\/www.bodegasprotos.com\/es\/blog\/maridaje-de-embutidos-y-vinos-protos\/"},"author":{"name":"Bodegas Protos (F)","@id":"https:\/\/www.bodegasprotos.com\/es\/#\/schema\/person\/6cb69a08afa14171755cee0df7d20027"},"headline":"Maridaje de embutidos y vinos Protos","datePublished":"2023-06-02T09:34:59+00:00","mainEntityOfPage":{"@id":"https:\/\/www.bodegasprotos.com\/es\/blog\/maridaje-de-embutidos-y-vinos-protos\/"},"wordCount":895,"publisher":{"@id":"https:\/\/www.bodegasprotos.com\/es\/#organization"},"image":{"@id":"https:\/\/www.bodegasprotos.com\/es\/blog\/maridaje-de-embutidos-y-vinos-protos\/#primaryimage"},"thumbnailUrl":"https:\/\/www.bodegasprotos.com\/wp-content\/uploads\/2023\/05\/farhad-ibrahimzade-6mlyV_f3WhY-unsplash-scaled.jpg","articleSection":["Blog","General"],"inLanguage":"es"},{"@type":"WebPage","@id":"https:\/\/www.bodegasprotos.com\/es\/blog\/maridaje-de-embutidos-y-vinos-protos\/","url":"https:\/\/www.bodegasprotos.com\/es\/blog\/maridaje-de-embutidos-y-vinos-protos\/","name":"Maridaje de embutidos y vinos Protos - Bodegas Protos","isPartOf":{"@id":"https:\/\/www.bodegasprotos.com\/es\/#website"},"primaryImageOfPage":{"@id":"https:\/\/www.bodegasprotos.com\/es\/blog\/maridaje-de-embutidos-y-vinos-protos\/#primaryimage"},"image":{"@id":"https:\/\/www.bodegasprotos.com\/es\/blog\/maridaje-de-embutidos-y-vinos-protos\/#primaryimage"},"thumbnailUrl":"https:\/\/www.bodegasprotos.com\/wp-content\/uploads\/2023\/05\/farhad-ibrahimzade-6mlyV_f3WhY-unsplash-scaled.jpg","datePublished":"2023-06-02T09:34:59+00:00","description":"En Espa\u00f1a, tenemos una gastronom\u00eda espectacular, y de la que, adem\u00e1s, estamos y debemos estar muy orgullosos. Si hay algo que es f\u00e1cil de preparar y que","breadcrumb":{"@id":"https:\/\/www.bodegasprotos.com\/es\/blog\/maridaje-de-embutidos-y-vinos-protos\/#breadcrumb"},"inLanguage":"es","potentialAction":[{"@type":"ReadAction","target":["https:\/\/www.bodegasprotos.com\/es\/blog\/maridaje-de-embutidos-y-vinos-protos\/"]}]},{"@type":"ImageObject","inLanguage":"es","@id":"https:\/\/www.bodegasprotos.com\/es\/blog\/maridaje-de-embutidos-y-vinos-protos\/#primaryimage","url":"https:\/\/www.bodegasprotos.com\/wp-content\/uploads\/2023\/05\/farhad-ibrahimzade-6mlyV_f3WhY-unsplash-scaled.jpg","contentUrl":"https:\/\/www.bodegasprotos.com\/wp-content\/uploads\/2023\/05\/farhad-ibrahimzade-6mlyV_f3WhY-unsplash-scaled.jpg","width":2560,"height":2560},{"@type":"BreadcrumbList","@id":"https:\/\/www.bodegasprotos.com\/es\/blog\/maridaje-de-embutidos-y-vinos-protos\/#breadcrumb","itemListElement":[{"@type":"ListItem","position":1,"name":"Portada","item":"https:\/\/www.bodegasprotos.com\/es\/"},{"@type":"ListItem","position":2,"name":"Maridaje de embutidos y vinos Protos"}]},{"@type":"WebSite","@id":"https:\/\/www.bodegasprotos.com\/es\/#website","url":"https:\/\/www.bodegasprotos.com\/es\/","name":"Bodegas Protos","description":"Vinos de la Denominaci\u00f3n de Origen Ribera del Duero, Rueda y Cigales","publisher":{"@id":"https:\/\/www.bodegasprotos.com\/es\/#organization"},"potentialAction":[{"@type":"SearchAction","target":{"@type":"EntryPoint","urlTemplate":"https:\/\/www.bodegasprotos.com\/es\/?s={search_term_string}"},"query-input":{"@type":"PropertyValueSpecification","valueRequired":true,"valueName":"search_term_string"}}],"inLanguage":"es"},{"@type":"Organization","@id":"https:\/\/www.bodegasprotos.com\/es\/#organization","name":"Bodegas Protos","url":"https:\/\/www.bodegasprotos.com\/es\/","logo":{"@type":"ImageObject","inLanguage":"es","@id":"https:\/\/www.bodegasprotos.com\/es\/#\/schema\/logo\/image\/","url":"https:\/\/www.bodegasprotos.com\/wp-content\/uploads\/2024\/06\/PROTOS-LOGOS-VERSIONES-13.png","contentUrl":"https:\/\/www.bodegasprotos.com\/wp-content\/uploads\/2024\/06\/PROTOS-LOGOS-VERSIONES-13.png","width":2362,"height":2362,"caption":"Bodegas Protos"},"image":{"@id":"https:\/\/www.bodegasprotos.com\/es\/#\/schema\/logo\/image\/"},"sameAs":["https:\/\/www.facebook.com\/BodegasProtos","https:\/\/x.com\/Bodegas_Protos","https:\/\/www.instagram.com\/bodegasprotosoficial\/","https:\/\/www.linkedin.com\/company\/bodegasprotos\/","https:\/\/pinterest.com\/BodegasProtos\/","http:\/\/www.youtube.com\/user\/BodegasProtos","https:\/\/es.wikipedia.org\/wiki\/Bodegas_Protos"]},{"@type":"Person","@id":"https:\/\/www.bodegasprotos.com\/es\/#\/schema\/person\/6cb69a08afa14171755cee0df7d20027","name":"Bodegas Protos (F)","image":{"@type":"ImageObject","inLanguage":"es","@id":"https:\/\/secure.gravatar.com\/avatar\/cc613a9fd2ee203f402357c1b4aa2b7c041016cbf1eab1e41bde410b2ebd7f94?s=96&d=mm&r=g","url":"https:\/\/secure.gravatar.com\/avatar\/cc613a9fd2ee203f402357c1b4aa2b7c041016cbf1eab1e41bde410b2ebd7f94?s=96&d=mm&r=g","contentUrl":"https:\/\/secure.gravatar.com\/avatar\/cc613a9fd2ee203f402357c1b4aa2b7c041016cbf1eab1e41bde410b2ebd7f94?s=96&d=mm&r=g","caption":"Bodegas Protos (F)"},"sameAs":["https:\/\/www.bodegasprotos.com"]}]}},"_links":{"self":[{"href":"https:\/\/www.bodegasprotos.com\/es\/wp-json\/wp\/v2\/posts\/37604","targetHints":{"allow":["GET"]}}],"collection":[{"href":"https:\/\/www.bodegasprotos.com\/es\/wp-json\/wp\/v2\/posts"}],"about":[{"href":"https:\/\/www.bodegasprotos.com\/es\/wp-json\/wp\/v2\/types\/post"}],"author":[{"embeddable":true,"href":"https:\/\/www.bodegasprotos.com\/es\/wp-json\/wp\/v2\/users\/3"}],"replies":[{"embeddable":true,"href":"https:\/\/www.bodegasprotos.com\/es\/wp-json\/wp\/v2\/comments?post=37604"}],"version-history":[{"count":0,"href":"https:\/\/www.bodegasprotos.com\/es\/wp-json\/wp\/v2\/posts\/37604\/revisions"}],"wp:featuredmedia":[{"embeddable":true,"href":"https:\/\/www.bodegasprotos.com\/es\/wp-json\/wp\/v2\/media\/37595"}],"wp:attachment":[{"href":"https:\/\/www.bodegasprotos.com\/es\/wp-json\/wp\/v2\/media?parent=37604"}],"wp:term":[{"taxonomy":"category","embeddable":true,"href":"https:\/\/www.bodegasprotos.com\/es\/wp-json\/wp\/v2\/categories?post=37604"},{"taxonomy":"post_tag","embeddable":true,"href":"https:\/\/www.bodegasprotos.com\/es\/wp-json\/wp\/v2\/tags?post=37604"}],"curies":[{"name":"wp","href":"https:\/\/api.w.org\/{rel}","templated":true}]}}