{"id":36533,"date":"2023-04-28T11:36:45","date_gmt":"2023-04-28T09:36:45","guid":{"rendered":"https:\/\/www.bodegasprotos.com\/?p=36533"},"modified":"2023-04-26T16:03:05","modified_gmt":"2023-04-26T14:03:05","slug":"moda-sostenible-con-vino","status":"publish","type":"post","link":"https:\/\/www.bodegasprotos.com\/es\/blog\/moda-sostenible-con-vino\/","title":{"rendered":"Moda sostenible con vino"},"content":{"rendered":"<p>Bueno, debemos decir que con vino vino, no\u2026 m\u00e1s bien con los residuos del vino, pero ponerlo en un titular, no sonar\u00eda demasiado bien, \u00bfno?\u2026 \ud83d\ude0a<\/p>\n<p>Cada vez son m\u00e1s los dise\u00f1adores y marcas que apuestan por la moda sostenible. Bolsos, zapatos, abrigos, etc., se elaboran con materiales reciclados creando verdaderas joyas.<\/p>\n<p>En el sector del vino, hay dos elementos que son fundamentales, y los cuales se pueden reciclar. Por un lado, el corcho y por otro, todos aquellos residuos de la uva como son los hollejos, las pulpas, las pepitas o los raspones.<\/p>\n<p>Aunque, a\u00fan queda mucho por hacer en este sentido, ya hay algunas empresas que han comenzado a trabajar con esta clase de desechos y han logrado convertirlos en prendas, complementos y zapatos.<\/p>\n<div id=\"attachment_36538\" style=\"width: 310px\" class=\"wp-caption aligncenter\"><img fetchpriority=\"high\" decoding=\"async\" aria-describedby=\"caption-attachment-36538\" class=\"wp-image-36538 size-medium\" src=\"https:\/\/www.bodegasprotos.com\/wp-content\/uploads\/2023\/04\/httpswww.flickr.comphotosvictorianorivero27700241112-300x201.jpg\" alt=\"\" width=\"300\" height=\"201\" srcset=\"https:\/\/www.bodegasprotos.com\/wp-content\/uploads\/2023\/04\/httpswww.flickr.comphotosvictorianorivero27700241112-300x201.jpg 300w, https:\/\/www.bodegasprotos.com\/wp-content\/uploads\/2023\/04\/httpswww.flickr.comphotosvictorianorivero27700241112-768x514.jpg 768w, https:\/\/www.bodegasprotos.com\/wp-content\/uploads\/2023\/04\/httpswww.flickr.comphotosvictorianorivero27700241112.jpg 1024w\" sizes=\"(max-width: 300px) 100vw, 300px\" \/><p id=\"caption-attachment-36538\" class=\"wp-caption-text\">Autor: <a href=\"https:\/\/www.flickr.com\/photos\/victorianorivero\/27189667203\/in\/photostream\/\">Jose Losada &#8211; Fotograf\u00eda<\/a><\/p><\/div>\n<h2><strong>El corcho<\/strong><\/h2>\n<p>Quien nos iba a decir que cuando <a href=\"https:\/\/www.bodegasprotos.com\/es\/vino\/reserva\/\">descorchamos una botella de vino<\/a>, ese corcho puede transformarse en unos zapatos, una mochila o una cartera\u2026 Y es que el corcho es un material biodegradable renovable, biol\u00f3gico y sostenible.<\/p>\n<p>Con el corcho \u00fanicamente no se puede lograr realizar grandes cosas, pero si a este, lo unimos a una base textil como el algod\u00f3n o el poli\u00e9ster, podemos crear objetos muy curiosos y con el a\u00f1adido de que ser\u00e1 siempre \u00fanico, ya que nunca existir\u00e1n dos productos iguales.<\/p>\n<p>Los art\u00edculos creados con corcho son una buena opci\u00f3n para sustituir al cuero animal. Es un material liviano y flexible.<\/p>\n<p><img decoding=\"async\" class=\"aligncenter size-medium wp-image-36536\" src=\"https:\/\/www.bodegasprotos.com\/wp-content\/uploads\/2023\/04\/felicia-montenegro-4kwnnrOQzzs-unsplash-282x300.jpg\" alt=\"\" width=\"282\" height=\"300\" srcset=\"https:\/\/www.bodegasprotos.com\/wp-content\/uploads\/2023\/04\/felicia-montenegro-4kwnnrOQzzs-unsplash-282x300.jpg 282w, https:\/\/www.bodegasprotos.com\/wp-content\/uploads\/2023\/04\/felicia-montenegro-4kwnnrOQzzs-unsplash-961x1024.jpg 961w, https:\/\/www.bodegasprotos.com\/wp-content\/uploads\/2023\/04\/felicia-montenegro-4kwnnrOQzzs-unsplash-768x818.jpg 768w, https:\/\/www.bodegasprotos.com\/wp-content\/uploads\/2023\/04\/felicia-montenegro-4kwnnrOQzzs-unsplash-1442x1536.jpg 1442w, https:\/\/www.bodegasprotos.com\/wp-content\/uploads\/2023\/04\/felicia-montenegro-4kwnnrOQzzs-unsplash-1922x2048.jpg 1922w\" sizes=\"(max-width: 282px) 100vw, 282px\" \/><\/p>\n<h2><strong>Residuos del vino<\/strong><\/h2>\n<p>Hablamos de hollejos, raspones y semillas que son, sin duda, ideales para confeccionar cuero vegetal, el cual sustituye al conocido cuero animal.<\/p>\n<div id=\"attachment_36540\" style=\"width: 310px\" class=\"wp-caption aligncenter\"><img decoding=\"async\" aria-describedby=\"caption-attachment-36540\" class=\"wp-image-36540 size-medium\" src=\"https:\/\/www.bodegasprotos.com\/wp-content\/uploads\/2023\/04\/Mthomebrew_maceration-300x93.jpg\" alt=\"\" width=\"300\" height=\"93\" srcset=\"https:\/\/www.bodegasprotos.com\/wp-content\/uploads\/2023\/04\/Mthomebrew_maceration-300x93.jpg 300w, https:\/\/www.bodegasprotos.com\/wp-content\/uploads\/2023\/04\/Mthomebrew_maceration-1024x317.jpg 1024w, https:\/\/www.bodegasprotos.com\/wp-content\/uploads\/2023\/04\/Mthomebrew_maceration-768x238.jpg 768w, https:\/\/www.bodegasprotos.com\/wp-content\/uploads\/2023\/04\/Mthomebrew_maceration.jpg 1202w\" sizes=\"(max-width: 300px) 100vw, 300px\" \/><p id=\"caption-attachment-36540\" class=\"wp-caption-text\">Autor: <a href=\"https:\/\/commons.wikimedia.org\/wiki\/File:Mthomebrew_maceration.JPG\">Agne27<\/a><\/p><\/div>\n<p>Estos residuos se les conoce como orujo y su tratamiento consiste en remojarlos en agua caliente hasta lograr que se quede duro como el cuero.<\/p>\n<p>A esto se le suele recubrir con aceites vegetales y poliuretano a base de agua, ya que este cuero vegetal no contiene sus propios aceites con lo cual puede llegar a estropearse y el objetivo es lograr que este cuero de uva se mantenga en el tiempo.<\/p>\n<p>Tras este proceso, se le suele envolver de algod\u00f3n org\u00e1nico o cualquier otro tejido, consiguiendo as\u00ed, un cuero en gran mayor\u00eda sostenible (70%).<\/p>\n<p>Las empresas que se dedican a la moda sostenible siguen investigando la mejor forma de crear prendas o complementos que sean completamente respetuosas con el Medio Ambiente.<\/p>\n<p>Es cuesti\u00f3n de tiempo, que los objetos creados con cuero de piel de uva no necesiten ninguna cobertura con poliuretano y sean otros materiales sostenibles los que los sustituyan.<\/p>\n<p>No obstante, aunque se pueda usar poliuretano para recubrir el cuero vegetal, el proceso y la prenda siempre ser\u00e1n m\u00e1s sostenibles que las producciones de art\u00edculos de moda convencionales.<\/p>\n","protected":false},"excerpt":{"rendered":"<p>Bueno, debemos decir que con vino vino, no\u2026 m\u00e1s bien con los residuos del vino, pero ponerlo en&#8230;<\/p>\n","protected":false},"author":3,"featured_media":36534,"comment_status":"closed","ping_status":"closed","sticky":false,"template":"","format":"standard","meta":{"_acf_changed":false,"footnotes":""},"categories":[87,1],"tags":[],"class_list":["post-36533","post","type-post","status-publish","format-standard","has-post-thumbnail","hentry","category-blog","category-general"],"acf":[],"yoast_head":"<!-- This site is optimized with the Yoast SEO plugin v27.5 - https:\/\/yoast.com\/product\/yoast-seo-wordpress\/ -->\n<title>Moda sostenible con vino - Bodegas Protos<\/title>\n<meta name=\"description\" content=\"Bueno, debemos decir que con vino vino, no\u2026 m\u00e1s bien con los residuos del vino, pero ponerlo en un titular, no sonar\u00eda demasiado bien, \u00bfno?\u2026 \ud83d\ude0a Cada vez\" \/>\n<meta name=\"robots\" content=\"index, follow, max-snippet:-1, max-image-preview:large, max-video-preview:-1\" \/>\n<link rel=\"canonical\" href=\"https:\/\/www.bodegasprotos.com\/es\/blog\/moda-sostenible-con-vino\/\" \/>\n<meta property=\"og:locale\" content=\"es_ES\" \/>\n<meta property=\"og:type\" content=\"article\" \/>\n<meta property=\"og:title\" content=\"Moda sostenible con vino - Bodegas Protos\" \/>\n<meta property=\"og:description\" content=\"Bueno, debemos decir que con vino vino, no\u2026 m\u00e1s bien con los residuos del vino, pero ponerlo en un titular, no sonar\u00eda demasiado bien, \u00bfno?\u2026 \ud83d\ude0a Cada vez\" \/>\n<meta property=\"og:url\" content=\"https:\/\/www.bodegasprotos.com\/es\/blog\/moda-sostenible-con-vino\/\" \/>\n<meta property=\"og:site_name\" content=\"Bodegas Protos\" \/>\n<meta property=\"article:publisher\" content=\"https:\/\/www.facebook.com\/BodegasProtos\" \/>\n<meta property=\"article:published_time\" content=\"2023-04-28T09:36:45+00:00\" \/>\n<meta property=\"og:image\" content=\"https:\/\/www.bodegasprotos.com\/wp-content\/uploads\/2023\/04\/andrew-neel-HqtYwlY9dxs-unsplash-scaled.jpg\" \/>\n\t<meta property=\"og:image:width\" content=\"2560\" \/>\n\t<meta property=\"og:image:height\" content=\"1707\" \/>\n\t<meta property=\"og:image:type\" content=\"image\/jpeg\" \/>\n<meta name=\"author\" content=\"Bodegas Protos (F)\" \/>\n<meta name=\"twitter:card\" content=\"summary_large_image\" \/>\n<meta name=\"twitter:creator\" content=\"@Bodegas_Protos\" \/>\n<meta name=\"twitter:site\" content=\"@Bodegas_Protos\" \/>\n<meta name=\"twitter:label1\" content=\"Escrito por\" \/>\n\t<meta name=\"twitter:data1\" content=\"Bodegas Protos (F)\" \/>\n\t<meta name=\"twitter:label2\" content=\"Tiempo de lectura\" \/>\n\t<meta name=\"twitter:data2\" content=\"3 minutos\" \/>\n<script type=\"application\/ld+json\" class=\"yoast-schema-graph\">{\"@context\":\"https:\\\/\\\/schema.org\",\"@graph\":[{\"@type\":\"Article\",\"@id\":\"https:\\\/\\\/www.bodegasprotos.com\\\/es\\\/blog\\\/moda-sostenible-con-vino\\\/#article\",\"isPartOf\":{\"@id\":\"https:\\\/\\\/www.bodegasprotos.com\\\/es\\\/blog\\\/moda-sostenible-con-vino\\\/\"},\"author\":{\"name\":\"Bodegas Protos (F)\",\"@id\":\"https:\\\/\\\/www.bodegasprotos.com\\\/es\\\/#\\\/schema\\\/person\\\/6cb69a08afa14171755cee0df7d20027\"},\"headline\":\"Moda sostenible con vino\",\"datePublished\":\"2023-04-28T09:36:45+00:00\",\"mainEntityOfPage\":{\"@id\":\"https:\\\/\\\/www.bodegasprotos.com\\\/es\\\/blog\\\/moda-sostenible-con-vino\\\/\"},\"wordCount\":481,\"publisher\":{\"@id\":\"https:\\\/\\\/www.bodegasprotos.com\\\/es\\\/#organization\"},\"image\":{\"@id\":\"https:\\\/\\\/www.bodegasprotos.com\\\/es\\\/blog\\\/moda-sostenible-con-vino\\\/#primaryimage\"},\"thumbnailUrl\":\"https:\\\/\\\/www.bodegasprotos.com\\\/wp-content\\\/uploads\\\/2023\\\/04\\\/andrew-neel-HqtYwlY9dxs-unsplash-scaled.jpg\",\"articleSection\":[\"Blog\",\"General\"],\"inLanguage\":\"es\"},{\"@type\":\"WebPage\",\"@id\":\"https:\\\/\\\/www.bodegasprotos.com\\\/es\\\/blog\\\/moda-sostenible-con-vino\\\/\",\"url\":\"https:\\\/\\\/www.bodegasprotos.com\\\/es\\\/blog\\\/moda-sostenible-con-vino\\\/\",\"name\":\"Moda sostenible con vino - Bodegas Protos\",\"isPartOf\":{\"@id\":\"https:\\\/\\\/www.bodegasprotos.com\\\/es\\\/#website\"},\"primaryImageOfPage\":{\"@id\":\"https:\\\/\\\/www.bodegasprotos.com\\\/es\\\/blog\\\/moda-sostenible-con-vino\\\/#primaryimage\"},\"image\":{\"@id\":\"https:\\\/\\\/www.bodegasprotos.com\\\/es\\\/blog\\\/moda-sostenible-con-vino\\\/#primaryimage\"},\"thumbnailUrl\":\"https:\\\/\\\/www.bodegasprotos.com\\\/wp-content\\\/uploads\\\/2023\\\/04\\\/andrew-neel-HqtYwlY9dxs-unsplash-scaled.jpg\",\"datePublished\":\"2023-04-28T09:36:45+00:00\",\"description\":\"Bueno, debemos decir que con vino vino, no\u2026 m\u00e1s bien con los residuos del vino, pero ponerlo en un titular, no sonar\u00eda demasiado bien, \u00bfno?\u2026 \ud83d\ude0a Cada vez\",\"breadcrumb\":{\"@id\":\"https:\\\/\\\/www.bodegasprotos.com\\\/es\\\/blog\\\/moda-sostenible-con-vino\\\/#breadcrumb\"},\"inLanguage\":\"es\",\"potentialAction\":[{\"@type\":\"ReadAction\",\"target\":[\"https:\\\/\\\/www.bodegasprotos.com\\\/es\\\/blog\\\/moda-sostenible-con-vino\\\/\"]}]},{\"@type\":\"ImageObject\",\"inLanguage\":\"es\",\"@id\":\"https:\\\/\\\/www.bodegasprotos.com\\\/es\\\/blog\\\/moda-sostenible-con-vino\\\/#primaryimage\",\"url\":\"https:\\\/\\\/www.bodegasprotos.com\\\/wp-content\\\/uploads\\\/2023\\\/04\\\/andrew-neel-HqtYwlY9dxs-unsplash-scaled.jpg\",\"contentUrl\":\"https:\\\/\\\/www.bodegasprotos.com\\\/wp-content\\\/uploads\\\/2023\\\/04\\\/andrew-neel-HqtYwlY9dxs-unsplash-scaled.jpg\",\"width\":2560,\"height\":1707},{\"@type\":\"BreadcrumbList\",\"@id\":\"https:\\\/\\\/www.bodegasprotos.com\\\/es\\\/blog\\\/moda-sostenible-con-vino\\\/#breadcrumb\",\"itemListElement\":[{\"@type\":\"ListItem\",\"position\":1,\"name\":\"Portada\",\"item\":\"https:\\\/\\\/www.bodegasprotos.com\\\/es\\\/\"},{\"@type\":\"ListItem\",\"position\":2,\"name\":\"Moda sostenible con vino\"}]},{\"@type\":\"WebSite\",\"@id\":\"https:\\\/\\\/www.bodegasprotos.com\\\/es\\\/#website\",\"url\":\"https:\\\/\\\/www.bodegasprotos.com\\\/es\\\/\",\"name\":\"Bodegas Protos\",\"description\":\"Vinos de la Denominaci\u00f3n de Origen Ribera del Duero, Rueda y Cigales\",\"publisher\":{\"@id\":\"https:\\\/\\\/www.bodegasprotos.com\\\/es\\\/#organization\"},\"potentialAction\":[{\"@type\":\"SearchAction\",\"target\":{\"@type\":\"EntryPoint\",\"urlTemplate\":\"https:\\\/\\\/www.bodegasprotos.com\\\/es\\\/?s={search_term_string}\"},\"query-input\":{\"@type\":\"PropertyValueSpecification\",\"valueRequired\":true,\"valueName\":\"search_term_string\"}}],\"inLanguage\":\"es\"},{\"@type\":\"Organization\",\"@id\":\"https:\\\/\\\/www.bodegasprotos.com\\\/es\\\/#organization\",\"name\":\"Bodegas Protos\",\"url\":\"https:\\\/\\\/www.bodegasprotos.com\\\/es\\\/\",\"logo\":{\"@type\":\"ImageObject\",\"inLanguage\":\"es\",\"@id\":\"https:\\\/\\\/www.bodegasprotos.com\\\/es\\\/#\\\/schema\\\/logo\\\/image\\\/\",\"url\":\"https:\\\/\\\/www.bodegasprotos.com\\\/wp-content\\\/uploads\\\/2024\\\/06\\\/PROTOS-LOGOS-VERSIONES-13.png\",\"contentUrl\":\"https:\\\/\\\/www.bodegasprotos.com\\\/wp-content\\\/uploads\\\/2024\\\/06\\\/PROTOS-LOGOS-VERSIONES-13.png\",\"width\":2362,\"height\":2362,\"caption\":\"Bodegas Protos\"},\"image\":{\"@id\":\"https:\\\/\\\/www.bodegasprotos.com\\\/es\\\/#\\\/schema\\\/logo\\\/image\\\/\"},\"sameAs\":[\"https:\\\/\\\/www.facebook.com\\\/BodegasProtos\",\"https:\\\/\\\/x.com\\\/Bodegas_Protos\",\"https:\\\/\\\/www.instagram.com\\\/bodegasprotosoficial\\\/\",\"https:\\\/\\\/www.linkedin.com\\\/company\\\/bodegasprotos\\\/\",\"https:\\\/\\\/pinterest.com\\\/BodegasProtos\\\/\",\"http:\\\/\\\/www.youtube.com\\\/user\\\/BodegasProtos\",\"https:\\\/\\\/es.wikipedia.org\\\/wiki\\\/Bodegas_Protos\"]},{\"@type\":\"Person\",\"@id\":\"https:\\\/\\\/www.bodegasprotos.com\\\/es\\\/#\\\/schema\\\/person\\\/6cb69a08afa14171755cee0df7d20027\",\"name\":\"Bodegas Protos (F)\",\"image\":{\"@type\":\"ImageObject\",\"inLanguage\":\"es\",\"@id\":\"https:\\\/\\\/secure.gravatar.com\\\/avatar\\\/cc613a9fd2ee203f402357c1b4aa2b7c041016cbf1eab1e41bde410b2ebd7f94?s=96&d=mm&r=g\",\"url\":\"https:\\\/\\\/secure.gravatar.com\\\/avatar\\\/cc613a9fd2ee203f402357c1b4aa2b7c041016cbf1eab1e41bde410b2ebd7f94?s=96&d=mm&r=g\",\"contentUrl\":\"https:\\\/\\\/secure.gravatar.com\\\/avatar\\\/cc613a9fd2ee203f402357c1b4aa2b7c041016cbf1eab1e41bde410b2ebd7f94?s=96&d=mm&r=g\",\"caption\":\"Bodegas Protos (F)\"},\"sameAs\":[\"https:\\\/\\\/www.bodegasprotos.com\"]}]}<\/script>\n<!-- \/ Yoast SEO plugin. -->","yoast_head_json":{"title":"Moda sostenible con vino - Bodegas Protos","description":"Bueno, debemos decir que con vino vino, no\u2026 m\u00e1s bien con los residuos del vino, pero ponerlo en un titular, no sonar\u00eda demasiado bien, \u00bfno?\u2026 \ud83d\ude0a Cada vez","robots":{"index":"index","follow":"follow","max-snippet":"max-snippet:-1","max-image-preview":"max-image-preview:large","max-video-preview":"max-video-preview:-1"},"canonical":"https:\/\/www.bodegasprotos.com\/es\/blog\/moda-sostenible-con-vino\/","og_locale":"es_ES","og_type":"article","og_title":"Moda sostenible con vino - Bodegas Protos","og_description":"Bueno, debemos decir que con vino vino, no\u2026 m\u00e1s bien con los residuos del vino, pero ponerlo en un titular, no sonar\u00eda demasiado bien, \u00bfno?\u2026 \ud83d\ude0a Cada vez","og_url":"https:\/\/www.bodegasprotos.com\/es\/blog\/moda-sostenible-con-vino\/","og_site_name":"Bodegas Protos","article_publisher":"https:\/\/www.facebook.com\/BodegasProtos","article_published_time":"2023-04-28T09:36:45+00:00","og_image":[{"width":2560,"height":1707,"url":"https:\/\/www.bodegasprotos.com\/wp-content\/uploads\/2023\/04\/andrew-neel-HqtYwlY9dxs-unsplash-scaled.jpg","type":"image\/jpeg"}],"author":"Bodegas Protos (F)","twitter_card":"summary_large_image","twitter_creator":"@Bodegas_Protos","twitter_site":"@Bodegas_Protos","twitter_misc":{"Escrito por":"Bodegas Protos (F)","Tiempo de lectura":"3 minutos"},"schema":{"@context":"https:\/\/schema.org","@graph":[{"@type":"Article","@id":"https:\/\/www.bodegasprotos.com\/es\/blog\/moda-sostenible-con-vino\/#article","isPartOf":{"@id":"https:\/\/www.bodegasprotos.com\/es\/blog\/moda-sostenible-con-vino\/"},"author":{"name":"Bodegas Protos (F)","@id":"https:\/\/www.bodegasprotos.com\/es\/#\/schema\/person\/6cb69a08afa14171755cee0df7d20027"},"headline":"Moda sostenible con vino","datePublished":"2023-04-28T09:36:45+00:00","mainEntityOfPage":{"@id":"https:\/\/www.bodegasprotos.com\/es\/blog\/moda-sostenible-con-vino\/"},"wordCount":481,"publisher":{"@id":"https:\/\/www.bodegasprotos.com\/es\/#organization"},"image":{"@id":"https:\/\/www.bodegasprotos.com\/es\/blog\/moda-sostenible-con-vino\/#primaryimage"},"thumbnailUrl":"https:\/\/www.bodegasprotos.com\/wp-content\/uploads\/2023\/04\/andrew-neel-HqtYwlY9dxs-unsplash-scaled.jpg","articleSection":["Blog","General"],"inLanguage":"es"},{"@type":"WebPage","@id":"https:\/\/www.bodegasprotos.com\/es\/blog\/moda-sostenible-con-vino\/","url":"https:\/\/www.bodegasprotos.com\/es\/blog\/moda-sostenible-con-vino\/","name":"Moda sostenible con vino - Bodegas Protos","isPartOf":{"@id":"https:\/\/www.bodegasprotos.com\/es\/#website"},"primaryImageOfPage":{"@id":"https:\/\/www.bodegasprotos.com\/es\/blog\/moda-sostenible-con-vino\/#primaryimage"},"image":{"@id":"https:\/\/www.bodegasprotos.com\/es\/blog\/moda-sostenible-con-vino\/#primaryimage"},"thumbnailUrl":"https:\/\/www.bodegasprotos.com\/wp-content\/uploads\/2023\/04\/andrew-neel-HqtYwlY9dxs-unsplash-scaled.jpg","datePublished":"2023-04-28T09:36:45+00:00","description":"Bueno, debemos decir que con vino vino, no\u2026 m\u00e1s bien con los residuos del vino, pero ponerlo en un titular, no sonar\u00eda demasiado bien, \u00bfno?\u2026 \ud83d\ude0a Cada vez","breadcrumb":{"@id":"https:\/\/www.bodegasprotos.com\/es\/blog\/moda-sostenible-con-vino\/#breadcrumb"},"inLanguage":"es","potentialAction":[{"@type":"ReadAction","target":["https:\/\/www.bodegasprotos.com\/es\/blog\/moda-sostenible-con-vino\/"]}]},{"@type":"ImageObject","inLanguage":"es","@id":"https:\/\/www.bodegasprotos.com\/es\/blog\/moda-sostenible-con-vino\/#primaryimage","url":"https:\/\/www.bodegasprotos.com\/wp-content\/uploads\/2023\/04\/andrew-neel-HqtYwlY9dxs-unsplash-scaled.jpg","contentUrl":"https:\/\/www.bodegasprotos.com\/wp-content\/uploads\/2023\/04\/andrew-neel-HqtYwlY9dxs-unsplash-scaled.jpg","width":2560,"height":1707},{"@type":"BreadcrumbList","@id":"https:\/\/www.bodegasprotos.com\/es\/blog\/moda-sostenible-con-vino\/#breadcrumb","itemListElement":[{"@type":"ListItem","position":1,"name":"Portada","item":"https:\/\/www.bodegasprotos.com\/es\/"},{"@type":"ListItem","position":2,"name":"Moda sostenible con vino"}]},{"@type":"WebSite","@id":"https:\/\/www.bodegasprotos.com\/es\/#website","url":"https:\/\/www.bodegasprotos.com\/es\/","name":"Bodegas Protos","description":"Vinos de la Denominaci\u00f3n de Origen Ribera del Duero, Rueda y Cigales","publisher":{"@id":"https:\/\/www.bodegasprotos.com\/es\/#organization"},"potentialAction":[{"@type":"SearchAction","target":{"@type":"EntryPoint","urlTemplate":"https:\/\/www.bodegasprotos.com\/es\/?s={search_term_string}"},"query-input":{"@type":"PropertyValueSpecification","valueRequired":true,"valueName":"search_term_string"}}],"inLanguage":"es"},{"@type":"Organization","@id":"https:\/\/www.bodegasprotos.com\/es\/#organization","name":"Bodegas Protos","url":"https:\/\/www.bodegasprotos.com\/es\/","logo":{"@type":"ImageObject","inLanguage":"es","@id":"https:\/\/www.bodegasprotos.com\/es\/#\/schema\/logo\/image\/","url":"https:\/\/www.bodegasprotos.com\/wp-content\/uploads\/2024\/06\/PROTOS-LOGOS-VERSIONES-13.png","contentUrl":"https:\/\/www.bodegasprotos.com\/wp-content\/uploads\/2024\/06\/PROTOS-LOGOS-VERSIONES-13.png","width":2362,"height":2362,"caption":"Bodegas Protos"},"image":{"@id":"https:\/\/www.bodegasprotos.com\/es\/#\/schema\/logo\/image\/"},"sameAs":["https:\/\/www.facebook.com\/BodegasProtos","https:\/\/x.com\/Bodegas_Protos","https:\/\/www.instagram.com\/bodegasprotosoficial\/","https:\/\/www.linkedin.com\/company\/bodegasprotos\/","https:\/\/pinterest.com\/BodegasProtos\/","http:\/\/www.youtube.com\/user\/BodegasProtos","https:\/\/es.wikipedia.org\/wiki\/Bodegas_Protos"]},{"@type":"Person","@id":"https:\/\/www.bodegasprotos.com\/es\/#\/schema\/person\/6cb69a08afa14171755cee0df7d20027","name":"Bodegas Protos (F)","image":{"@type":"ImageObject","inLanguage":"es","@id":"https:\/\/secure.gravatar.com\/avatar\/cc613a9fd2ee203f402357c1b4aa2b7c041016cbf1eab1e41bde410b2ebd7f94?s=96&d=mm&r=g","url":"https:\/\/secure.gravatar.com\/avatar\/cc613a9fd2ee203f402357c1b4aa2b7c041016cbf1eab1e41bde410b2ebd7f94?s=96&d=mm&r=g","contentUrl":"https:\/\/secure.gravatar.com\/avatar\/cc613a9fd2ee203f402357c1b4aa2b7c041016cbf1eab1e41bde410b2ebd7f94?s=96&d=mm&r=g","caption":"Bodegas Protos (F)"},"sameAs":["https:\/\/www.bodegasprotos.com"]}]}},"_links":{"self":[{"href":"https:\/\/www.bodegasprotos.com\/es\/wp-json\/wp\/v2\/posts\/36533","targetHints":{"allow":["GET"]}}],"collection":[{"href":"https:\/\/www.bodegasprotos.com\/es\/wp-json\/wp\/v2\/posts"}],"about":[{"href":"https:\/\/www.bodegasprotos.com\/es\/wp-json\/wp\/v2\/types\/post"}],"author":[{"embeddable":true,"href":"https:\/\/www.bodegasprotos.com\/es\/wp-json\/wp\/v2\/users\/3"}],"replies":[{"embeddable":true,"href":"https:\/\/www.bodegasprotos.com\/es\/wp-json\/wp\/v2\/comments?post=36533"}],"version-history":[{"count":0,"href":"https:\/\/www.bodegasprotos.com\/es\/wp-json\/wp\/v2\/posts\/36533\/revisions"}],"wp:featuredmedia":[{"embeddable":true,"href":"https:\/\/www.bodegasprotos.com\/es\/wp-json\/wp\/v2\/media\/36534"}],"wp:attachment":[{"href":"https:\/\/www.bodegasprotos.com\/es\/wp-json\/wp\/v2\/media?parent=36533"}],"wp:term":[{"taxonomy":"category","embeddable":true,"href":"https:\/\/www.bodegasprotos.com\/es\/wp-json\/wp\/v2\/categories?post=36533"},{"taxonomy":"post_tag","embeddable":true,"href":"https:\/\/www.bodegasprotos.com\/es\/wp-json\/wp\/v2\/tags?post=36533"}],"curies":[{"name":"wp","href":"https:\/\/api.w.org\/{rel}","templated":true}]}}