{"id":36230,"date":"2023-03-17T11:34:08","date_gmt":"2023-03-17T10:34:08","guid":{"rendered":"https:\/\/www.bodegasprotos.com\/?p=36230"},"modified":"2023-03-15T16:21:56","modified_gmt":"2023-03-15T15:21:56","slug":"un-finde-para-celebrar-a-lo-grande","status":"publish","type":"post","link":"https:\/\/www.bodegasprotos.com\/es\/blog\/un-finde-para-celebrar-a-lo-grande\/","title":{"rendered":"Un finde para celebrar a lo grande"},"content":{"rendered":"<p>Viernes. Ya ha llegado el esperado d\u00eda de la semana, que da el pistoletazo de salida para el descanso y la diversi\u00f3n\u2026 y, este fin de semana, adem\u00e1s es un tanto especial porque se han juntado dos festividades: el d\u00eda de San Patricio y el D\u00eda del Padre.<\/p>\n<p>Dos fechas se\u00f1aladas en el calendario, que invitan a pasarlo bien en familia y con amigos.<\/p>\n<p>Pero \u00bfsabes por qu\u00e9 surgieron estas dos celebraciones?<\/p>\n<p>En este post, queremos explicarte algunos datos de lo m\u00e1s curiosos del origen de ambas fiestas y por supuesto, queremos animarte a celebrarlas por todo lo alto.<\/p>\n<p>As\u00ed que descorcha una<a href=\"https:\/\/www.bodegasprotos.com\/es\/vino\/protos27\/\"> botella de Protos<\/a> y disfruta con tus seres queridos de este gran fin de semana.<\/p>\n<p><img decoding=\"async\" class=\"aligncenter size-medium wp-image-36236\" src=\"https:\/\/www.bodegasprotos.com\/wp-content\/uploads\/2023\/03\/Protos_27-e1563790173386-80x300.png\" alt=\"\" width=\"80\" height=\"300\" srcset=\"https:\/\/www.bodegasprotos.com\/wp-content\/uploads\/2023\/03\/Protos_27-e1563790173386-80x300.png 80w, https:\/\/www.bodegasprotos.com\/wp-content\/uploads\/2023\/03\/Protos_27-e1563790173386.png 266w\" sizes=\"(max-width: 80px) 100vw, 80px\" \/><\/p>\n<h2><strong>D\u00eda de San Patricio (La Fh\u00e9ile P\u00e1draig)<\/strong><\/h2>\n<p><img fetchpriority=\"high\" decoding=\"async\" class=\"aligncenter size-medium wp-image-36226\" src=\"https:\/\/www.bodegasprotos.com\/wp-content\/uploads\/2023\/03\/k-mitch-hodge-jQWjWBNVGo8-unsplash-300x211.jpg\" alt=\"\" width=\"300\" height=\"211\" srcset=\"https:\/\/www.bodegasprotos.com\/wp-content\/uploads\/2023\/03\/k-mitch-hodge-jQWjWBNVGo8-unsplash-300x211.jpg 300w, https:\/\/www.bodegasprotos.com\/wp-content\/uploads\/2023\/03\/k-mitch-hodge-jQWjWBNVGo8-unsplash-1024x722.jpg 1024w, https:\/\/www.bodegasprotos.com\/wp-content\/uploads\/2023\/03\/k-mitch-hodge-jQWjWBNVGo8-unsplash-768x541.jpg 768w, https:\/\/www.bodegasprotos.com\/wp-content\/uploads\/2023\/03\/k-mitch-hodge-jQWjWBNVGo8-unsplash-1536x1082.jpg 1536w, https:\/\/www.bodegasprotos.com\/wp-content\/uploads\/2023\/03\/k-mitch-hodge-jQWjWBNVGo8-unsplash-2048x1443.jpg 2048w\" sizes=\"(max-width: 300px) 100vw, 300px\" \/><\/p>\n<p>Se celebra el 17 de marzo y todos los bares irlandeses se ti\u00f1en de verde. Duendes, sombreros verdes y tr\u00e9boles son los protagonistas de este d\u00eda, pero \u00bfpor qu\u00e9?<\/p>\n<p>En la festividad de San Patricio hay un poco de realidad y un poco de leyenda. Se dice que este d\u00eda se conmemora la muerte del patr\u00f3n de Irlanda, San Patricio, una celebraci\u00f3n de origen cristiano, a la que otros pa\u00edses como Estados Unidos, Espa\u00f1a o Canad\u00e1 se han unido.<\/p>\n<p>Se cree que San Patricio pudo nacer en Gales o en Escocia en el a\u00f1o 385 y que fue secuestrado y llevado a Irlanda como esclavo.<\/p>\n<p>Algunos aseguran que fueron los piratas quienes secuestraron a San Patricio, lo que s\u00ed es seguro es que fue llevado a la monta\u00f1a de Slemish, en el condado de Antrim para cuidar ovejas.<\/p>\n<p>Pero, fue durante su huida de all\u00ed, cuando tuvo una revelaci\u00f3n y regres\u00f3 a la isla esmeralda para difundir el cristianismo. San Patricio pas\u00f3 sus a\u00f1os predicando, bautizando y construyendo iglesias.<\/p>\n<h3><strong>\u00bfPor qu\u00e9 el s\u00edmbolo de este d\u00eda es el tr\u00e9bol?<\/strong><\/h3>\n<p>Se dice que cuando San Patricio regres\u00f3 a Irlanda, us\u00f3 un tr\u00e9bol para hablar de la Sant\u00edsima Trinidad. Las tres hojas del tr\u00e9bol simbolizaban al Padre, al hijo y al Esp\u00edritu Santo, es por este motivo, por lo que se relaciona esta planta con el santo.<\/p>\n<p>Adem\u00e1s, el tr\u00e9bol, tambi\u00e9n, representa el renacimiento de la primavera.<\/p>\n<h3><strong>Los duendes<\/strong><\/h3>\n<p>La leyenda cuenta que cuando San Patricio cre\u00f3 la primera iglesia e invit\u00f3 a los paganos celtas a convertirse al cristianismo, esto no sent\u00f3 muy bien a los sacerdotes de los dioses paganos.<\/p>\n<p>Los sacerdotes de los dioses paganos ten\u00edan miedo de que el cristianismo imperase, as\u00ed que los druidas invocaron a una tropa de duendes y los enviaron a la iglesia de San Patricio para que hicieran sus travesuras y jugarretas al monje y los feligreses.<\/p>\n<p>San patricio decidi\u00f3 hacerles frente y logr\u00f3 eliminarlos. Es por esto, que el d\u00eda 17 de marzo, los duendes y dem\u00e1s criaturas salen de sus escondites para hacer de las suyas.<\/p>\n<div id=\"attachment_36222\" style=\"width: 310px\" class=\"wp-caption aligncenter\"><img decoding=\"async\" aria-describedby=\"caption-attachment-36222\" class=\"wp-image-36222 size-medium\" src=\"https:\/\/www.bodegasprotos.com\/wp-content\/uploads\/2023\/03\/1-san-patricio-300x225.jpg\" alt=\"\" width=\"300\" height=\"225\" srcset=\"https:\/\/www.bodegasprotos.com\/wp-content\/uploads\/2023\/03\/1-san-patricio-300x225.jpg 300w, https:\/\/www.bodegasprotos.com\/wp-content\/uploads\/2023\/03\/1-san-patricio-1024x766.jpg 1024w, https:\/\/www.bodegasprotos.com\/wp-content\/uploads\/2023\/03\/1-san-patricio-768x575.jpg 768w, https:\/\/www.bodegasprotos.com\/wp-content\/uploads\/2023\/03\/1-san-patricio-1536x1149.jpg 1536w, https:\/\/www.bodegasprotos.com\/wp-content\/uploads\/2023\/03\/1-san-patricio-2048x1533.jpg 2048w\" sizes=\"(max-width: 300px) 100vw, 300px\" \/><p id=\"caption-attachment-36222\" class=\"wp-caption-text\">Autor: Dmitry Dzhus<\/p><\/div>\n<h3><strong>M\u00e1s datos curiosos<\/strong><\/h3>\n<p>El primer desfile de San Patricio no se llev\u00f3 a cabo en Irlanda, si no en Boston, en el a\u00f1o 1737.<\/p>\n<p>En Irlanda, se llev\u00f3 a cabo en el a\u00f1o 1903, en Waterfold, mientras que Dubl\u00edn lo hizo en 1931.<\/p>\n<p>Fue Luke Wadding, un fraile franciscano de Waterfold quien luch\u00f3 para conseguir que el d\u00eda 17 de marzo se convirtiera en d\u00eda festivo.<\/p>\n<p><img loading=\"lazy\" decoding=\"async\" class=\"aligncenter size-medium wp-image-36232\" src=\"https:\/\/www.bodegasprotos.com\/wp-content\/uploads\/2023\/03\/pascal-bernardon-CRAkD39coew-unsplash-300x225.jpg\" alt=\"\" width=\"300\" height=\"225\" srcset=\"https:\/\/www.bodegasprotos.com\/wp-content\/uploads\/2023\/03\/pascal-bernardon-CRAkD39coew-unsplash-300x225.jpg 300w, https:\/\/www.bodegasprotos.com\/wp-content\/uploads\/2023\/03\/pascal-bernardon-CRAkD39coew-unsplash-1024x768.jpg 1024w, https:\/\/www.bodegasprotos.com\/wp-content\/uploads\/2023\/03\/pascal-bernardon-CRAkD39coew-unsplash-768x576.jpg 768w, https:\/\/www.bodegasprotos.com\/wp-content\/uploads\/2023\/03\/pascal-bernardon-CRAkD39coew-unsplash-1536x1152.jpg 1536w, https:\/\/www.bodegasprotos.com\/wp-content\/uploads\/2023\/03\/pascal-bernardon-CRAkD39coew-unsplash-2048x1536.jpg 2048w\" sizes=\"(max-width: 300px) 100vw, 300px\" \/><\/p>\n<p>El verde es el color que representa el d\u00eda de San Patricio y no se convirti\u00f3 hasta el siglo XIX en tradici\u00f3n. Anteriormente, el color con el que se le asociaba al santo patr\u00f3n era el azul.<\/p>\n<p>Otra de las leyendas que hay entorno a San Patricio es el destierro de las serpientes. Se dice que las persigui\u00f3 hasta que se adentraron en el mar. Los cient\u00edficos opinan que en Irlanda jam\u00e1s hubo serpientes\u2026<\/p>\n<h2><strong>El D\u00eda del padre<\/strong><\/h2>\n<p><img loading=\"lazy\" decoding=\"async\" class=\"aligncenter size-medium wp-image-36224\" src=\"https:\/\/www.bodegasprotos.com\/wp-content\/uploads\/2023\/03\/alex-bodini-XqTktVtXuiU-unsplash-218x300.jpg\" alt=\"\" width=\"218\" height=\"300\" srcset=\"https:\/\/www.bodegasprotos.com\/wp-content\/uploads\/2023\/03\/alex-bodini-XqTktVtXuiU-unsplash-218x300.jpg 218w, https:\/\/www.bodegasprotos.com\/wp-content\/uploads\/2023\/03\/alex-bodini-XqTktVtXuiU-unsplash-745x1024.jpg 745w, https:\/\/www.bodegasprotos.com\/wp-content\/uploads\/2023\/03\/alex-bodini-XqTktVtXuiU-unsplash-768x1056.jpg 768w, https:\/\/www.bodegasprotos.com\/wp-content\/uploads\/2023\/03\/alex-bodini-XqTktVtXuiU-unsplash-1117x1536.jpg 1117w, https:\/\/www.bodegasprotos.com\/wp-content\/uploads\/2023\/03\/alex-bodini-XqTktVtXuiU-unsplash-1490x2048.jpg 1490w, https:\/\/www.bodegasprotos.com\/wp-content\/uploads\/2023\/03\/alex-bodini-XqTktVtXuiU-unsplash-scaled.jpg 1862w\" sizes=\"(max-width: 218px) 100vw, 218px\" \/><\/p>\n<p>El Origen de este d\u00eda se lo debemos a Manuela Vicente Ferrero, una joven maestra de la escuela del madrile\u00f1o barrio del Belmonte en la Dehesa de la Villa.<\/p>\n<p>Ella fue quien invent\u00f3 este d\u00eda en 1948. Todo surgi\u00f3 cuando dos padres se acercaron al colegio para hablar con la profesora y comentarle que al igual que se celebraba el d\u00eda de la madre, los padres tambi\u00e9n quer\u00edan mucho a sus hijos y merec\u00edan tambi\u00e9n un \u201chomenaje\u201d.<\/p>\n<p>As\u00ed, Manuela organiz\u00f3 un festival en el colegio en el que las alumnas pudieran regalarle obsequios a sus padres. El d\u00eda elegido fue el 19 de marzo, San Jos\u00e9, seg\u00fan la tradici\u00f3n cat\u00f3lica.<\/p>\n<p>Otros colegios supieron de la iniciativa gracias a diversas revistas y diarios, muy especialmente a El Magisterio Espa\u00f1ol, publicaci\u00f3n ic\u00f3nica para los profesores de aquella \u00e9poca, y se animaron a celebrar tambi\u00e9n esta festividad.<\/p>\n<p>Grandes almacenes como Galer\u00edas Preciados llevaron, tambi\u00e9n, el d\u00eda del Padre a sus escaparates, haciendo as\u00ed m\u00e1s grande y popular la celebraci\u00f3n de este d\u00eda.<\/p>\n<div id=\"attachment_36234\" style=\"width: 199px\" class=\"wp-caption aligncenter\"><img loading=\"lazy\" decoding=\"async\" aria-describedby=\"caption-attachment-36234\" class=\"wp-image-36234 size-medium\" src=\"https:\/\/www.bodegasprotos.com\/wp-content\/uploads\/2023\/03\/Manuela_Ferrero_Vicente_posando_con_25_anos-189x300.jpg\" alt=\"\" width=\"189\" height=\"300\" srcset=\"https:\/\/www.bodegasprotos.com\/wp-content\/uploads\/2023\/03\/Manuela_Ferrero_Vicente_posando_con_25_anos-189x300.jpg 189w, https:\/\/www.bodegasprotos.com\/wp-content\/uploads\/2023\/03\/Manuela_Ferrero_Vicente_posando_con_25_anos-644x1024.jpg 644w, https:\/\/www.bodegasprotos.com\/wp-content\/uploads\/2023\/03\/Manuela_Ferrero_Vicente_posando_con_25_anos-768x1222.jpg 768w, https:\/\/www.bodegasprotos.com\/wp-content\/uploads\/2023\/03\/Manuela_Ferrero_Vicente_posando_con_25_anos.jpg 911w\" sizes=\"(max-width: 189px) 100vw, 189px\" \/><p id=\"caption-attachment-36234\" class=\"wp-caption-text\">Manuela Vicente Ferrero Autora: Adriana Ferrero Collado<\/p><\/div>\n<h3><strong>En otros pa\u00edses<\/strong><\/h3>\n<p>Y, as\u00ed es como tuvo lugar la festividad del D\u00eda del Padre en Espa\u00f1a. Otros pa\u00edses como son Italia o Portugal, tambi\u00e9n lo celebran este d\u00eda por ser de tradici\u00f3n cat\u00f3lica.<\/p>\n<p>En Alemania, coincide con el D\u00eda de la Ascensi\u00f3n y Rusia, con el D\u00eda de los Defensores de la Patria el 23 de febrero.<\/p>\n<p>Pa\u00edses como Palestina, Libia y Jordania y lo festejan el 21 de junio, el primer d\u00eda del verano.<\/p>\n<p>Francia, Reino Unido, los pa\u00edses n\u00f3rdicos exdceptuando Dinamarca o la gran mayor\u00eda de pa\u00edses iberoamericanos tomaron la fecha estadounidense que se celebra el tercer domingo de junio.<\/p>\n<p>La primera vez que se celebr\u00f3 el d\u00eda del padre, en Estados Unidos, fue el 19 de junio de 1910 en Spokane (Whasington), gracias a Sonora Smart Dood.<\/p>\n<p>A esta joven se le ocurri\u00f3 esta iniciativa mientras escuchaba un serm\u00f3n por el d\u00eda de la madre y Sonora que ten\u00eda a su padre en un pedestal por haber criado solo a seis hijos, pens\u00f3 que ellos, los padres, se merec\u00edan un homenaje.<\/p>\n<p>Con los a\u00f1os este festejo tom\u00f3 m\u00e1s fuerza en otros estados y en 1972, se fij\u00f3 el D\u00eda del Padre, el tercer domingo de junio.<\/p>\n","protected":false},"excerpt":{"rendered":"<p>Viernes. Ya ha llegado el esperado d\u00eda de la semana, que da el pistoletazo de salida para el&#8230;<\/p>\n","protected":false},"author":3,"featured_media":36228,"comment_status":"closed","ping_status":"closed","sticky":false,"template":"","format":"standard","meta":{"_acf_changed":false,"footnotes":""},"categories":[87,1],"tags":[],"class_list":["post-36230","post","type-post","status-publish","format-standard","has-post-thumbnail","hentry","category-blog","category-general"],"acf":[],"yoast_head":"<!-- This site is optimized with the Yoast SEO plugin v27.5 - https:\/\/yoast.com\/product\/yoast-seo-wordpress\/ -->\n<title>Un finde para celebrar a lo grande - Bodegas Protos<\/title>\n<meta name=\"description\" content=\"Viernes. Ya ha llegado el esperado d\u00eda de la semana, que da el pistoletazo de salida para el descanso y la diversi\u00f3n\u2026 y, este fin de semana, adem\u00e1s es un\" \/>\n<meta name=\"robots\" content=\"index, follow, max-snippet:-1, max-image-preview:large, max-video-preview:-1\" \/>\n<link rel=\"canonical\" href=\"https:\/\/www.bodegasprotos.com\/es\/blog\/un-finde-para-celebrar-a-lo-grande\/\" \/>\n<meta property=\"og:locale\" content=\"es_ES\" \/>\n<meta property=\"og:type\" content=\"article\" \/>\n<meta property=\"og:title\" content=\"Un finde para celebrar a lo grande - Bodegas Protos\" \/>\n<meta property=\"og:description\" content=\"Viernes. Ya ha llegado el esperado d\u00eda de la semana, que da el pistoletazo de salida para el descanso y la diversi\u00f3n\u2026 y, este fin de semana, adem\u00e1s es un\" \/>\n<meta property=\"og:url\" content=\"https:\/\/www.bodegasprotos.com\/es\/blog\/un-finde-para-celebrar-a-lo-grande\/\" \/>\n<meta property=\"og:site_name\" content=\"Bodegas Protos\" \/>\n<meta property=\"article:publisher\" content=\"https:\/\/www.facebook.com\/BodegasProtos\" \/>\n<meta property=\"article:published_time\" content=\"2023-03-17T10:34:08+00:00\" \/>\n<meta property=\"og:image\" content=\"https:\/\/www.bodegasprotos.com\/wp-content\/uploads\/2023\/03\/krakenimages-7BpuzmcxlHU-unsplash-1-scaled.jpg\" \/>\n\t<meta property=\"og:image:width\" content=\"1708\" \/>\n\t<meta property=\"og:image:height\" content=\"2560\" \/>\n\t<meta property=\"og:image:type\" content=\"image\/jpeg\" \/>\n<meta name=\"author\" content=\"Bodegas Protos (F)\" \/>\n<meta name=\"twitter:card\" content=\"summary_large_image\" \/>\n<meta name=\"twitter:creator\" content=\"@Bodegas_Protos\" \/>\n<meta name=\"twitter:site\" content=\"@Bodegas_Protos\" \/>\n<meta name=\"twitter:label1\" content=\"Escrito por\" \/>\n\t<meta name=\"twitter:data1\" content=\"Bodegas Protos (F)\" \/>\n\t<meta name=\"twitter:label2\" content=\"Tiempo de lectura\" \/>\n\t<meta name=\"twitter:data2\" content=\"6 minutos\" \/>\n<script type=\"application\/ld+json\" class=\"yoast-schema-graph\">{\"@context\":\"https:\\\/\\\/schema.org\",\"@graph\":[{\"@type\":\"Article\",\"@id\":\"https:\\\/\\\/www.bodegasprotos.com\\\/es\\\/blog\\\/un-finde-para-celebrar-a-lo-grande\\\/#article\",\"isPartOf\":{\"@id\":\"https:\\\/\\\/www.bodegasprotos.com\\\/es\\\/blog\\\/un-finde-para-celebrar-a-lo-grande\\\/\"},\"author\":{\"name\":\"Bodegas Protos (F)\",\"@id\":\"https:\\\/\\\/www.bodegasprotos.com\\\/es\\\/#\\\/schema\\\/person\\\/6cb69a08afa14171755cee0df7d20027\"},\"headline\":\"Un finde para celebrar a lo grande\",\"datePublished\":\"2023-03-17T10:34:08+00:00\",\"mainEntityOfPage\":{\"@id\":\"https:\\\/\\\/www.bodegasprotos.com\\\/es\\\/blog\\\/un-finde-para-celebrar-a-lo-grande\\\/\"},\"wordCount\":1094,\"publisher\":{\"@id\":\"https:\\\/\\\/www.bodegasprotos.com\\\/es\\\/#organization\"},\"image\":{\"@id\":\"https:\\\/\\\/www.bodegasprotos.com\\\/es\\\/blog\\\/un-finde-para-celebrar-a-lo-grande\\\/#primaryimage\"},\"thumbnailUrl\":\"https:\\\/\\\/www.bodegasprotos.com\\\/wp-content\\\/uploads\\\/2023\\\/03\\\/krakenimages-7BpuzmcxlHU-unsplash-1-scaled.jpg\",\"articleSection\":[\"Blog\",\"General\"],\"inLanguage\":\"es\"},{\"@type\":\"WebPage\",\"@id\":\"https:\\\/\\\/www.bodegasprotos.com\\\/es\\\/blog\\\/un-finde-para-celebrar-a-lo-grande\\\/\",\"url\":\"https:\\\/\\\/www.bodegasprotos.com\\\/es\\\/blog\\\/un-finde-para-celebrar-a-lo-grande\\\/\",\"name\":\"Un finde para celebrar a lo grande - Bodegas Protos\",\"isPartOf\":{\"@id\":\"https:\\\/\\\/www.bodegasprotos.com\\\/es\\\/#website\"},\"primaryImageOfPage\":{\"@id\":\"https:\\\/\\\/www.bodegasprotos.com\\\/es\\\/blog\\\/un-finde-para-celebrar-a-lo-grande\\\/#primaryimage\"},\"image\":{\"@id\":\"https:\\\/\\\/www.bodegasprotos.com\\\/es\\\/blog\\\/un-finde-para-celebrar-a-lo-grande\\\/#primaryimage\"},\"thumbnailUrl\":\"https:\\\/\\\/www.bodegasprotos.com\\\/wp-content\\\/uploads\\\/2023\\\/03\\\/krakenimages-7BpuzmcxlHU-unsplash-1-scaled.jpg\",\"datePublished\":\"2023-03-17T10:34:08+00:00\",\"description\":\"Viernes. Ya ha llegado el esperado d\u00eda de la semana, que da el pistoletazo de salida para el descanso y la diversi\u00f3n\u2026 y, este fin de semana, adem\u00e1s es un\",\"breadcrumb\":{\"@id\":\"https:\\\/\\\/www.bodegasprotos.com\\\/es\\\/blog\\\/un-finde-para-celebrar-a-lo-grande\\\/#breadcrumb\"},\"inLanguage\":\"es\",\"potentialAction\":[{\"@type\":\"ReadAction\",\"target\":[\"https:\\\/\\\/www.bodegasprotos.com\\\/es\\\/blog\\\/un-finde-para-celebrar-a-lo-grande\\\/\"]}]},{\"@type\":\"ImageObject\",\"inLanguage\":\"es\",\"@id\":\"https:\\\/\\\/www.bodegasprotos.com\\\/es\\\/blog\\\/un-finde-para-celebrar-a-lo-grande\\\/#primaryimage\",\"url\":\"https:\\\/\\\/www.bodegasprotos.com\\\/wp-content\\\/uploads\\\/2023\\\/03\\\/krakenimages-7BpuzmcxlHU-unsplash-1-scaled.jpg\",\"contentUrl\":\"https:\\\/\\\/www.bodegasprotos.com\\\/wp-content\\\/uploads\\\/2023\\\/03\\\/krakenimages-7BpuzmcxlHU-unsplash-1-scaled.jpg\",\"width\":1708,\"height\":2560},{\"@type\":\"BreadcrumbList\",\"@id\":\"https:\\\/\\\/www.bodegasprotos.com\\\/es\\\/blog\\\/un-finde-para-celebrar-a-lo-grande\\\/#breadcrumb\",\"itemListElement\":[{\"@type\":\"ListItem\",\"position\":1,\"name\":\"Portada\",\"item\":\"https:\\\/\\\/www.bodegasprotos.com\\\/es\\\/\"},{\"@type\":\"ListItem\",\"position\":2,\"name\":\"Un finde para celebrar a lo grande\"}]},{\"@type\":\"WebSite\",\"@id\":\"https:\\\/\\\/www.bodegasprotos.com\\\/es\\\/#website\",\"url\":\"https:\\\/\\\/www.bodegasprotos.com\\\/es\\\/\",\"name\":\"Bodegas Protos\",\"description\":\"Vinos de la Denominaci\u00f3n de Origen Ribera del Duero, Rueda y Cigales\",\"publisher\":{\"@id\":\"https:\\\/\\\/www.bodegasprotos.com\\\/es\\\/#organization\"},\"potentialAction\":[{\"@type\":\"SearchAction\",\"target\":{\"@type\":\"EntryPoint\",\"urlTemplate\":\"https:\\\/\\\/www.bodegasprotos.com\\\/es\\\/?s={search_term_string}\"},\"query-input\":{\"@type\":\"PropertyValueSpecification\",\"valueRequired\":true,\"valueName\":\"search_term_string\"}}],\"inLanguage\":\"es\"},{\"@type\":\"Organization\",\"@id\":\"https:\\\/\\\/www.bodegasprotos.com\\\/es\\\/#organization\",\"name\":\"Bodegas Protos\",\"url\":\"https:\\\/\\\/www.bodegasprotos.com\\\/es\\\/\",\"logo\":{\"@type\":\"ImageObject\",\"inLanguage\":\"es\",\"@id\":\"https:\\\/\\\/www.bodegasprotos.com\\\/es\\\/#\\\/schema\\\/logo\\\/image\\\/\",\"url\":\"https:\\\/\\\/www.bodegasprotos.com\\\/wp-content\\\/uploads\\\/2024\\\/06\\\/PROTOS-LOGOS-VERSIONES-13.png\",\"contentUrl\":\"https:\\\/\\\/www.bodegasprotos.com\\\/wp-content\\\/uploads\\\/2024\\\/06\\\/PROTOS-LOGOS-VERSIONES-13.png\",\"width\":2362,\"height\":2362,\"caption\":\"Bodegas Protos\"},\"image\":{\"@id\":\"https:\\\/\\\/www.bodegasprotos.com\\\/es\\\/#\\\/schema\\\/logo\\\/image\\\/\"},\"sameAs\":[\"https:\\\/\\\/www.facebook.com\\\/BodegasProtos\",\"https:\\\/\\\/x.com\\\/Bodegas_Protos\",\"https:\\\/\\\/www.instagram.com\\\/bodegasprotosoficial\\\/\",\"https:\\\/\\\/www.linkedin.com\\\/company\\\/bodegasprotos\\\/\",\"https:\\\/\\\/pinterest.com\\\/BodegasProtos\\\/\",\"http:\\\/\\\/www.youtube.com\\\/user\\\/BodegasProtos\",\"https:\\\/\\\/es.wikipedia.org\\\/wiki\\\/Bodegas_Protos\"]},{\"@type\":\"Person\",\"@id\":\"https:\\\/\\\/www.bodegasprotos.com\\\/es\\\/#\\\/schema\\\/person\\\/6cb69a08afa14171755cee0df7d20027\",\"name\":\"Bodegas Protos (F)\",\"image\":{\"@type\":\"ImageObject\",\"inLanguage\":\"es\",\"@id\":\"https:\\\/\\\/secure.gravatar.com\\\/avatar\\\/cc613a9fd2ee203f402357c1b4aa2b7c041016cbf1eab1e41bde410b2ebd7f94?s=96&d=mm&r=g\",\"url\":\"https:\\\/\\\/secure.gravatar.com\\\/avatar\\\/cc613a9fd2ee203f402357c1b4aa2b7c041016cbf1eab1e41bde410b2ebd7f94?s=96&d=mm&r=g\",\"contentUrl\":\"https:\\\/\\\/secure.gravatar.com\\\/avatar\\\/cc613a9fd2ee203f402357c1b4aa2b7c041016cbf1eab1e41bde410b2ebd7f94?s=96&d=mm&r=g\",\"caption\":\"Bodegas Protos (F)\"},\"sameAs\":[\"https:\\\/\\\/www.bodegasprotos.com\"]}]}<\/script>\n<!-- \/ Yoast SEO plugin. -->","yoast_head_json":{"title":"Un finde para celebrar a lo grande - Bodegas Protos","description":"Viernes. Ya ha llegado el esperado d\u00eda de la semana, que da el pistoletazo de salida para el descanso y la diversi\u00f3n\u2026 y, este fin de semana, adem\u00e1s es un","robots":{"index":"index","follow":"follow","max-snippet":"max-snippet:-1","max-image-preview":"max-image-preview:large","max-video-preview":"max-video-preview:-1"},"canonical":"https:\/\/www.bodegasprotos.com\/es\/blog\/un-finde-para-celebrar-a-lo-grande\/","og_locale":"es_ES","og_type":"article","og_title":"Un finde para celebrar a lo grande - Bodegas Protos","og_description":"Viernes. Ya ha llegado el esperado d\u00eda de la semana, que da el pistoletazo de salida para el descanso y la diversi\u00f3n\u2026 y, este fin de semana, adem\u00e1s es un","og_url":"https:\/\/www.bodegasprotos.com\/es\/blog\/un-finde-para-celebrar-a-lo-grande\/","og_site_name":"Bodegas Protos","article_publisher":"https:\/\/www.facebook.com\/BodegasProtos","article_published_time":"2023-03-17T10:34:08+00:00","og_image":[{"width":1708,"height":2560,"url":"https:\/\/www.bodegasprotos.com\/wp-content\/uploads\/2023\/03\/krakenimages-7BpuzmcxlHU-unsplash-1-scaled.jpg","type":"image\/jpeg"}],"author":"Bodegas Protos (F)","twitter_card":"summary_large_image","twitter_creator":"@Bodegas_Protos","twitter_site":"@Bodegas_Protos","twitter_misc":{"Escrito por":"Bodegas Protos (F)","Tiempo de lectura":"6 minutos"},"schema":{"@context":"https:\/\/schema.org","@graph":[{"@type":"Article","@id":"https:\/\/www.bodegasprotos.com\/es\/blog\/un-finde-para-celebrar-a-lo-grande\/#article","isPartOf":{"@id":"https:\/\/www.bodegasprotos.com\/es\/blog\/un-finde-para-celebrar-a-lo-grande\/"},"author":{"name":"Bodegas Protos (F)","@id":"https:\/\/www.bodegasprotos.com\/es\/#\/schema\/person\/6cb69a08afa14171755cee0df7d20027"},"headline":"Un finde para celebrar a lo grande","datePublished":"2023-03-17T10:34:08+00:00","mainEntityOfPage":{"@id":"https:\/\/www.bodegasprotos.com\/es\/blog\/un-finde-para-celebrar-a-lo-grande\/"},"wordCount":1094,"publisher":{"@id":"https:\/\/www.bodegasprotos.com\/es\/#organization"},"image":{"@id":"https:\/\/www.bodegasprotos.com\/es\/blog\/un-finde-para-celebrar-a-lo-grande\/#primaryimage"},"thumbnailUrl":"https:\/\/www.bodegasprotos.com\/wp-content\/uploads\/2023\/03\/krakenimages-7BpuzmcxlHU-unsplash-1-scaled.jpg","articleSection":["Blog","General"],"inLanguage":"es"},{"@type":"WebPage","@id":"https:\/\/www.bodegasprotos.com\/es\/blog\/un-finde-para-celebrar-a-lo-grande\/","url":"https:\/\/www.bodegasprotos.com\/es\/blog\/un-finde-para-celebrar-a-lo-grande\/","name":"Un finde para celebrar a lo grande - Bodegas Protos","isPartOf":{"@id":"https:\/\/www.bodegasprotos.com\/es\/#website"},"primaryImageOfPage":{"@id":"https:\/\/www.bodegasprotos.com\/es\/blog\/un-finde-para-celebrar-a-lo-grande\/#primaryimage"},"image":{"@id":"https:\/\/www.bodegasprotos.com\/es\/blog\/un-finde-para-celebrar-a-lo-grande\/#primaryimage"},"thumbnailUrl":"https:\/\/www.bodegasprotos.com\/wp-content\/uploads\/2023\/03\/krakenimages-7BpuzmcxlHU-unsplash-1-scaled.jpg","datePublished":"2023-03-17T10:34:08+00:00","description":"Viernes. Ya ha llegado el esperado d\u00eda de la semana, que da el pistoletazo de salida para el descanso y la diversi\u00f3n\u2026 y, este fin de semana, adem\u00e1s es un","breadcrumb":{"@id":"https:\/\/www.bodegasprotos.com\/es\/blog\/un-finde-para-celebrar-a-lo-grande\/#breadcrumb"},"inLanguage":"es","potentialAction":[{"@type":"ReadAction","target":["https:\/\/www.bodegasprotos.com\/es\/blog\/un-finde-para-celebrar-a-lo-grande\/"]}]},{"@type":"ImageObject","inLanguage":"es","@id":"https:\/\/www.bodegasprotos.com\/es\/blog\/un-finde-para-celebrar-a-lo-grande\/#primaryimage","url":"https:\/\/www.bodegasprotos.com\/wp-content\/uploads\/2023\/03\/krakenimages-7BpuzmcxlHU-unsplash-1-scaled.jpg","contentUrl":"https:\/\/www.bodegasprotos.com\/wp-content\/uploads\/2023\/03\/krakenimages-7BpuzmcxlHU-unsplash-1-scaled.jpg","width":1708,"height":2560},{"@type":"BreadcrumbList","@id":"https:\/\/www.bodegasprotos.com\/es\/blog\/un-finde-para-celebrar-a-lo-grande\/#breadcrumb","itemListElement":[{"@type":"ListItem","position":1,"name":"Portada","item":"https:\/\/www.bodegasprotos.com\/es\/"},{"@type":"ListItem","position":2,"name":"Un finde para celebrar a lo grande"}]},{"@type":"WebSite","@id":"https:\/\/www.bodegasprotos.com\/es\/#website","url":"https:\/\/www.bodegasprotos.com\/es\/","name":"Bodegas Protos","description":"Vinos de la Denominaci\u00f3n de Origen Ribera del Duero, Rueda y Cigales","publisher":{"@id":"https:\/\/www.bodegasprotos.com\/es\/#organization"},"potentialAction":[{"@type":"SearchAction","target":{"@type":"EntryPoint","urlTemplate":"https:\/\/www.bodegasprotos.com\/es\/?s={search_term_string}"},"query-input":{"@type":"PropertyValueSpecification","valueRequired":true,"valueName":"search_term_string"}}],"inLanguage":"es"},{"@type":"Organization","@id":"https:\/\/www.bodegasprotos.com\/es\/#organization","name":"Bodegas Protos","url":"https:\/\/www.bodegasprotos.com\/es\/","logo":{"@type":"ImageObject","inLanguage":"es","@id":"https:\/\/www.bodegasprotos.com\/es\/#\/schema\/logo\/image\/","url":"https:\/\/www.bodegasprotos.com\/wp-content\/uploads\/2024\/06\/PROTOS-LOGOS-VERSIONES-13.png","contentUrl":"https:\/\/www.bodegasprotos.com\/wp-content\/uploads\/2024\/06\/PROTOS-LOGOS-VERSIONES-13.png","width":2362,"height":2362,"caption":"Bodegas Protos"},"image":{"@id":"https:\/\/www.bodegasprotos.com\/es\/#\/schema\/logo\/image\/"},"sameAs":["https:\/\/www.facebook.com\/BodegasProtos","https:\/\/x.com\/Bodegas_Protos","https:\/\/www.instagram.com\/bodegasprotosoficial\/","https:\/\/www.linkedin.com\/company\/bodegasprotos\/","https:\/\/pinterest.com\/BodegasProtos\/","http:\/\/www.youtube.com\/user\/BodegasProtos","https:\/\/es.wikipedia.org\/wiki\/Bodegas_Protos"]},{"@type":"Person","@id":"https:\/\/www.bodegasprotos.com\/es\/#\/schema\/person\/6cb69a08afa14171755cee0df7d20027","name":"Bodegas Protos (F)","image":{"@type":"ImageObject","inLanguage":"es","@id":"https:\/\/secure.gravatar.com\/avatar\/cc613a9fd2ee203f402357c1b4aa2b7c041016cbf1eab1e41bde410b2ebd7f94?s=96&d=mm&r=g","url":"https:\/\/secure.gravatar.com\/avatar\/cc613a9fd2ee203f402357c1b4aa2b7c041016cbf1eab1e41bde410b2ebd7f94?s=96&d=mm&r=g","contentUrl":"https:\/\/secure.gravatar.com\/avatar\/cc613a9fd2ee203f402357c1b4aa2b7c041016cbf1eab1e41bde410b2ebd7f94?s=96&d=mm&r=g","caption":"Bodegas Protos (F)"},"sameAs":["https:\/\/www.bodegasprotos.com"]}]}},"_links":{"self":[{"href":"https:\/\/www.bodegasprotos.com\/es\/wp-json\/wp\/v2\/posts\/36230","targetHints":{"allow":["GET"]}}],"collection":[{"href":"https:\/\/www.bodegasprotos.com\/es\/wp-json\/wp\/v2\/posts"}],"about":[{"href":"https:\/\/www.bodegasprotos.com\/es\/wp-json\/wp\/v2\/types\/post"}],"author":[{"embeddable":true,"href":"https:\/\/www.bodegasprotos.com\/es\/wp-json\/wp\/v2\/users\/3"}],"replies":[{"embeddable":true,"href":"https:\/\/www.bodegasprotos.com\/es\/wp-json\/wp\/v2\/comments?post=36230"}],"version-history":[{"count":0,"href":"https:\/\/www.bodegasprotos.com\/es\/wp-json\/wp\/v2\/posts\/36230\/revisions"}],"wp:featuredmedia":[{"embeddable":true,"href":"https:\/\/www.bodegasprotos.com\/es\/wp-json\/wp\/v2\/media\/36228"}],"wp:attachment":[{"href":"https:\/\/www.bodegasprotos.com\/es\/wp-json\/wp\/v2\/media?parent=36230"}],"wp:term":[{"taxonomy":"category","embeddable":true,"href":"https:\/\/www.bodegasprotos.com\/es\/wp-json\/wp\/v2\/categories?post=36230"},{"taxonomy":"post_tag","embeddable":true,"href":"https:\/\/www.bodegasprotos.com\/es\/wp-json\/wp\/v2\/tags?post=36230"}],"curies":[{"name":"wp","href":"https:\/\/api.w.org\/{rel}","templated":true}]}}