{"id":34964,"date":"2022-12-23T11:30:19","date_gmt":"2022-12-23T10:30:19","guid":{"rendered":"https:\/\/www.bodegasprotos.com\/?p=34964"},"modified":"2022-12-15T10:44:05","modified_gmt":"2022-12-15T09:44:05","slug":"platos-tipicos-navidenos-del-mundo","status":"publish","type":"post","link":"https:\/\/www.bodegasprotos.com\/es\/blog\/platos-tipicos-navidenos-del-mundo\/","title":{"rendered":"Platos t\u00edpicos navide\u00f1os del mundo"},"content":{"rendered":"<p>Ma\u00f1ana, es nochebuena. Una fecha muy esperada y se\u00f1alada en el calendario.<\/p>\n<p>Un d\u00eda especial porque nos reunimos con nuestros seres queridos. Un d\u00eda para compartir, y reencontrarnos con viejos amigos, familia\u2026 y solo pensar en pasar tiempo juntos y disfrutar.<\/p>\n<p>La Navidad es una \u00e9poca en la que muchos pa\u00edses comparten tradiciones, como por ejemplo, el nacimiento de Jes\u00fas, los Reyes Magos, Santa Claus, los \u00e1rboles de navidad, las luces\u2026 pero, sin embargo, en lo que respecta a la parte gastron\u00f3mica, encontramos algunas diferencias&#8230;<\/p>\n<p>Por eso, si el a\u00f1o pasado te contamos <a href=\"https:\/\/www.bodegasprotos.com\/es\/general\/como-se-celebra-el-6-de-enero-en-los-distintos-paises\/\">c\u00f3mo se celebra el 6 de enero en distintos pa\u00edses del mundo<\/a>, en este viaje por algunos pa\u00edses del mundo, queremos ense\u00f1arte cu\u00e1les son aquellos platos navide\u00f1os que se degustan en otros pa\u00edses.<\/p>\n<p>En Espa\u00f1a, tenemos claro cu\u00e1les son la especialidades t\u00edpicas: el pavo, el cap\u00f3n, el cordero, los mariscos\u2026 pero, \u00bfQu\u00e9 comen por estas fechas en otras partes del mundo?<\/p>\n<h3><em><strong>ALEMANIA<\/strong><\/em><\/h3>\n<p>Un pa\u00eds que vive la Navidad de una manera \u00fanica. Rese\u00f1ables son sus mercadillos navide\u00f1os y sus pueblos y ciudades inundados de luces y adornos navide\u00f1os. Los alemanes viven y sienten la navidad de una forma muy especial y la comida no iba a ser una excepci\u00f3n.<\/p>\n<p>Aqu\u00ed, destacamos el <em><strong>Christstollen<\/strong><\/em>, un dulce que representa a un beb\u00e9 envuelto en pa\u00f1ales y el <em><strong>Gl\u00fchwein<\/strong><\/em>, un vino especiado que marida con toda clase de postres. No pueden faltar en estos d\u00edas los <em>Spekulatius, Lebkuchen, Dominosteines,<\/em> <em>las galletas de canela Zimtsterne y las Pl\u00e4tzchen<\/em>.<\/p>\n<p><img decoding=\"async\" class=\"aligncenter size-medium wp-image-34991\" src=\"https:\/\/www.bodegasprotos.com\/wp-content\/uploads\/2022\/12\/Alemania-300x156.jpg\" alt=\"\" width=\"300\" height=\"156\" srcset=\"https:\/\/www.bodegasprotos.com\/wp-content\/uploads\/2022\/12\/Alemania-300x156.jpg 300w, https:\/\/www.bodegasprotos.com\/wp-content\/uploads\/2022\/12\/Alemania-1024x532.jpg 1024w, https:\/\/www.bodegasprotos.com\/wp-content\/uploads\/2022\/12\/Alemania-768x399.jpg 768w, https:\/\/www.bodegasprotos.com\/wp-content\/uploads\/2022\/12\/Alemania.jpg 1200w\" sizes=\"(max-width: 300px) 100vw, 300px\" \/><\/p>\n<h3><em><strong>ARGENTINA<\/strong><\/em><\/h3>\n<p>En la Navidad argentina se nota la influencia que los italianos tuvieron en estas tierras. Por eso, uno de los platos m\u00e1s destacados\u00a0 es el <em><strong>vitello tonnato<\/strong><\/em>. Un plato fr\u00edo a base de redondo de ternera, laminado, que se cubre con una salsa de at\u00fan, mayonesa y alcaparras.<\/p>\n<p><img fetchpriority=\"high\" decoding=\"async\" class=\"aligncenter size-medium wp-image-34971\" src=\"https:\/\/www.bodegasprotos.com\/wp-content\/uploads\/2022\/12\/Vitello_tonnato-225x300.jpg\" alt=\"\" width=\"225\" height=\"300\" srcset=\"https:\/\/www.bodegasprotos.com\/wp-content\/uploads\/2022\/12\/Vitello_tonnato-225x300.jpg 225w, https:\/\/www.bodegasprotos.com\/wp-content\/uploads\/2022\/12\/Vitello_tonnato.jpg 675w\" sizes=\"(max-width: 225px) 100vw, 225px\" \/><\/p>\n<h3><em><strong>AUSTRALIA<\/strong><\/em><\/h3>\n<p>Si viajamos a este pa\u00eds, no vamos a tener la sensaci\u00f3n de estar en Navidad, ya que los paisajes nevados o lluviosos y el fr\u00edo que caracteriza al invierno, no se dar\u00e1 en las ant\u00edpodas\u2026 Por eso, la mejor opci\u00f3n para poder disfrutar de la navidad es hacer una barbacoa y darse un buen ba\u00f1o en el mar.<\/p>\n<p><img decoding=\"async\" class=\"aligncenter size-medium wp-image-34987\" src=\"https:\/\/www.bodegasprotos.com\/wp-content\/uploads\/2022\/12\/markus-winkler-WHtVB-RiW2I-unsplash-225x300.jpg\" alt=\"\" width=\"225\" height=\"300\" srcset=\"https:\/\/www.bodegasprotos.com\/wp-content\/uploads\/2022\/12\/markus-winkler-WHtVB-RiW2I-unsplash-225x300.jpg 225w, https:\/\/www.bodegasprotos.com\/wp-content\/uploads\/2022\/12\/markus-winkler-WHtVB-RiW2I-unsplash-768x1024.jpg 768w, https:\/\/www.bodegasprotos.com\/wp-content\/uploads\/2022\/12\/markus-winkler-WHtVB-RiW2I-unsplash-1152x1536.jpg 1152w, https:\/\/www.bodegasprotos.com\/wp-content\/uploads\/2022\/12\/markus-winkler-WHtVB-RiW2I-unsplash-1536x2048.jpg 1536w, https:\/\/www.bodegasprotos.com\/wp-content\/uploads\/2022\/12\/markus-winkler-WHtVB-RiW2I-unsplash-scaled.jpg 1920w\" sizes=\"(max-width: 225px) 100vw, 225px\" \/><\/p>\n<h3><em><strong>CUBA<\/strong><\/em><\/h3>\n<p>Si en Argentina, ten\u00edamos influencias italianas, en Cuba, est\u00e1n las espa\u00f1olas. El plato navide\u00f1o es el <strong><em>cerdo asado<\/em><\/strong> con un cocinado lento, acompa\u00f1ado, como no pod\u00eda ser de otro modo, de arroz, pl\u00e1tano y frijoles negros.<\/p>\n<p><img loading=\"lazy\" decoding=\"async\" class=\"aligncenter size-medium wp-image-34995\" src=\"https:\/\/www.bodegasprotos.com\/wp-content\/uploads\/2022\/12\/2484004400_275117b132_k-300x200.jpg\" alt=\"\" width=\"300\" height=\"200\" srcset=\"https:\/\/www.bodegasprotos.com\/wp-content\/uploads\/2022\/12\/2484004400_275117b132_k-300x200.jpg 300w, https:\/\/www.bodegasprotos.com\/wp-content\/uploads\/2022\/12\/2484004400_275117b132_k-1024x681.jpg 1024w, https:\/\/www.bodegasprotos.com\/wp-content\/uploads\/2022\/12\/2484004400_275117b132_k-768x511.jpg 768w, https:\/\/www.bodegasprotos.com\/wp-content\/uploads\/2022\/12\/2484004400_275117b132_k-1536x1022.jpg 1536w, https:\/\/www.bodegasprotos.com\/wp-content\/uploads\/2022\/12\/2484004400_275117b132_k.jpg 2048w\" sizes=\"(max-width: 300px) 100vw, 300px\" \/><\/p>\n<h3><em><strong>FILIPINAS<\/strong><\/em><\/h3>\n<p>Si te gusta mucho la Navidad, debes saber, que Filipinas cuenta con las navidades m\u00e1s largas del mundo. Comienzan en el mes de septiembre y finalizan el 6 de enero.<\/p>\n<p>El pa\u00eds est\u00e1 decorado con luces y ornamentos navide\u00f1os, donde destacan las linternas de papel.<\/p>\n<p>\u00bfSu plato t\u00edpico? El arroz p\u00farpura\u2026 llamado <em><strong>puto bumbong<\/strong><\/em>. Un postre elaborado con arroz, que se coloca en tubos de bamb\u00fa y se cocina al vapor. Tras el cocinado se le echa mantequilla y ralladura de coco y se sirve en una hoja de platanera.<\/p>\n<p><img loading=\"lazy\" decoding=\"async\" class=\"aligncenter size-medium wp-image-34997\" src=\"https:\/\/www.bodegasprotos.com\/wp-content\/uploads\/2022\/12\/6549208109_c6b5d19ad5_k-225x300.jpg\" alt=\"\" width=\"225\" height=\"300\" srcset=\"https:\/\/www.bodegasprotos.com\/wp-content\/uploads\/2022\/12\/6549208109_c6b5d19ad5_k-225x300.jpg 225w, https:\/\/www.bodegasprotos.com\/wp-content\/uploads\/2022\/12\/6549208109_c6b5d19ad5_k-768x1024.jpg 768w, https:\/\/www.bodegasprotos.com\/wp-content\/uploads\/2022\/12\/6549208109_c6b5d19ad5_k-1152x1536.jpg 1152w, https:\/\/www.bodegasprotos.com\/wp-content\/uploads\/2022\/12\/6549208109_c6b5d19ad5_k.jpg 1500w\" sizes=\"(max-width: 225px) 100vw, 225px\" \/><\/p>\n<h3><em><strong>FINLANDIA<\/strong><\/em><\/h3>\n<p>En Navidad, el plato t\u00edpico es\u00a0 <em><strong>gachas con avena<\/strong><\/em>. La tradici\u00f3n es esconder en el plato, una almendra y quien la encuentre, tendr\u00e1 suerte durante el a\u00f1o.<\/p>\n<p><img loading=\"lazy\" decoding=\"async\" class=\"aligncenter size-medium wp-image-34973\" src=\"https:\/\/www.bodegasprotos.com\/wp-content\/uploads\/2022\/12\/klara-avsenik-eLS9k_uhUc-unsplash-240x300.jpg\" alt=\"\" width=\"240\" height=\"300\" srcset=\"https:\/\/www.bodegasprotos.com\/wp-content\/uploads\/2022\/12\/klara-avsenik-eLS9k_uhUc-unsplash-240x300.jpg 240w, https:\/\/www.bodegasprotos.com\/wp-content\/uploads\/2022\/12\/klara-avsenik-eLS9k_uhUc-unsplash-819x1024.jpg 819w, https:\/\/www.bodegasprotos.com\/wp-content\/uploads\/2022\/12\/klara-avsenik-eLS9k_uhUc-unsplash-768x960.jpg 768w, https:\/\/www.bodegasprotos.com\/wp-content\/uploads\/2022\/12\/klara-avsenik-eLS9k_uhUc-unsplash-1229x1536.jpg 1229w, https:\/\/www.bodegasprotos.com\/wp-content\/uploads\/2022\/12\/klara-avsenik-eLS9k_uhUc-unsplash-1638x2048.jpg 1638w, https:\/\/www.bodegasprotos.com\/wp-content\/uploads\/2022\/12\/klara-avsenik-eLS9k_uhUc-unsplash-scaled.jpg 2048w\" sizes=\"(max-width: 240px) 100vw, 240px\" \/><\/p>\n<h3><em><strong>FRANCIA<\/strong><\/em><\/h3>\n<p>En el pa\u00eds galo, nos encontramos para <em>La r\u00e9veillon de No\u00ebl<\/em> con especialidades como el pollo rot\u00ee, foie, ostras, carnes y, muy especialmente, las <em><strong>vieiras<\/strong><\/em>, conocidas en Francia como <em>coquilles de Saint Jacques<\/em>.<\/p>\n<p><img loading=\"lazy\" decoding=\"async\" class=\"aligncenter size-medium wp-image-34983\" src=\"https:\/\/www.bodegasprotos.com\/wp-content\/uploads\/2022\/12\/max-griss-9QEkTAzDRdk-unsplash-240x300.jpg\" alt=\"\" width=\"240\" height=\"300\" srcset=\"https:\/\/www.bodegasprotos.com\/wp-content\/uploads\/2022\/12\/max-griss-9QEkTAzDRdk-unsplash-240x300.jpg 240w, https:\/\/www.bodegasprotos.com\/wp-content\/uploads\/2022\/12\/max-griss-9QEkTAzDRdk-unsplash-819x1024.jpg 819w, https:\/\/www.bodegasprotos.com\/wp-content\/uploads\/2022\/12\/max-griss-9QEkTAzDRdk-unsplash-768x960.jpg 768w, https:\/\/www.bodegasprotos.com\/wp-content\/uploads\/2022\/12\/max-griss-9QEkTAzDRdk-unsplash-1229x1536.jpg 1229w, https:\/\/www.bodegasprotos.com\/wp-content\/uploads\/2022\/12\/max-griss-9QEkTAzDRdk-unsplash-1638x2048.jpg 1638w, https:\/\/www.bodegasprotos.com\/wp-content\/uploads\/2022\/12\/max-griss-9QEkTAzDRdk-unsplash-scaled.jpg 2048w\" sizes=\"(max-width: 240px) 100vw, 240px\" \/><\/p>\n<h3><em><strong>GRECIA<\/strong><\/em><\/h3>\n<p>Cuenta con un pan t\u00edpico: el <strong><em>Christopsomo<\/em><\/strong>. Este pan se prepara la v\u00edspera de Navidad, y todos ponen un gran empe\u00f1o en su elaboraci\u00f3n. Utilizan ingredientes frescos y le dedican tiempo para que el pan salga seg\u00fan la receta de la familia.<\/p>\n<p>La tradici\u00f3n cuenta que este pan se debe preparar antes de las navidades, con la idea de que Cristo se presente por la noche y lo coma.<\/p>\n<p>El pan se decora con una cruz y se le aromatiza con resina de pino.<\/p>\n<p><img loading=\"lazy\" decoding=\"async\" class=\"aligncenter size-medium wp-image-34969\" src=\"https:\/\/www.bodegasprotos.com\/wp-content\/uploads\/2022\/12\/pan-300x225.jpg\" alt=\"\" width=\"300\" height=\"225\" srcset=\"https:\/\/www.bodegasprotos.com\/wp-content\/uploads\/2022\/12\/pan-300x225.jpg 300w, https:\/\/www.bodegasprotos.com\/wp-content\/uploads\/2022\/12\/pan-1024x767.jpg 1024w, https:\/\/www.bodegasprotos.com\/wp-content\/uploads\/2022\/12\/pan-768x575.jpg 768w, https:\/\/www.bodegasprotos.com\/wp-content\/uploads\/2022\/12\/pan.jpg 1200w\" sizes=\"(max-width: 300px) 100vw, 300px\" \/><\/p>\n<h3><strong>INDIA<\/strong><\/h3>\n<p>India cuenta con un men\u00fa navide\u00f1o basado en platos ex\u00f3ticos como el arroz biryani o el pollo massala. En postres, destaca <em><strong>el pastel de frutas<\/strong><\/em> a base de frutas desecadas, caramelo, ralladura de coco, y un poquito de vino dulce.<\/p>\n<p><img loading=\"lazy\" decoding=\"async\" class=\"aligncenter size-medium wp-image-34981\" src=\"https:\/\/www.bodegasprotos.com\/wp-content\/uploads\/2022\/12\/prince-abid-75chao-zJa4-unsplash-300x200.jpg\" alt=\"\" width=\"300\" height=\"200\" srcset=\"https:\/\/www.bodegasprotos.com\/wp-content\/uploads\/2022\/12\/prince-abid-75chao-zJa4-unsplash-300x200.jpg 300w, https:\/\/www.bodegasprotos.com\/wp-content\/uploads\/2022\/12\/prince-abid-75chao-zJa4-unsplash-1024x683.jpg 1024w, https:\/\/www.bodegasprotos.com\/wp-content\/uploads\/2022\/12\/prince-abid-75chao-zJa4-unsplash-768x512.jpg 768w, https:\/\/www.bodegasprotos.com\/wp-content\/uploads\/2022\/12\/prince-abid-75chao-zJa4-unsplash-1536x1024.jpg 1536w, https:\/\/www.bodegasprotos.com\/wp-content\/uploads\/2022\/12\/prince-abid-75chao-zJa4-unsplash-2048x1366.jpg 2048w\" sizes=\"(max-width: 300px) 100vw, 300px\" \/><\/p>\n<h3><strong>ITALIA<\/strong><\/h3>\n<p>Si pensamos en platos navide\u00f1os italianos, siempre nos vendr\u00e1 a la cabeza el <em>panettone o el pandoro<\/em>\u2026 Sin embargo, en lo que a especialidades saladas se refiere, queremos destacar un tipo de tortellini que se cocina al horno y, al que se le puede a\u00f1adir, carne o queso. Se trata de los <em><strong>cappelletti<\/strong><\/em>, que suelen ir acompa\u00f1ados de un buen tinto lambrusco y caldo de cap\u00f3n.<\/p>\n<p><img loading=\"lazy\" decoding=\"async\" class=\"aligncenter size-medium wp-image-34979\" src=\"https:\/\/www.bodegasprotos.com\/wp-content\/uploads\/2022\/12\/yoav-aziz-YPqAyTBl6Ck-unsplash-225x300.jpg\" alt=\"\" width=\"225\" height=\"300\" srcset=\"https:\/\/www.bodegasprotos.com\/wp-content\/uploads\/2022\/12\/yoav-aziz-YPqAyTBl6Ck-unsplash-225x300.jpg 225w, https:\/\/www.bodegasprotos.com\/wp-content\/uploads\/2022\/12\/yoav-aziz-YPqAyTBl6Ck-unsplash-768x1024.jpg 768w, https:\/\/www.bodegasprotos.com\/wp-content\/uploads\/2022\/12\/yoav-aziz-YPqAyTBl6Ck-unsplash-1152x1536.jpg 1152w, https:\/\/www.bodegasprotos.com\/wp-content\/uploads\/2022\/12\/yoav-aziz-YPqAyTBl6Ck-unsplash-1536x2048.jpg 1536w, https:\/\/www.bodegasprotos.com\/wp-content\/uploads\/2022\/12\/yoav-aziz-YPqAyTBl6Ck-unsplash-scaled.jpg 1920w\" sizes=\"(max-width: 225px) 100vw, 225px\" \/><\/p>\n<h3><strong>JAP\u00d3N<\/strong><\/h3>\n<p>En el pa\u00eds nip\u00f3n, tienen una tradici\u00f3n bastante curiosa: comer en KFC. S\u00ed, los japoneses comen <em><strong>pollo<\/strong><\/em> de esta famosa cadena de comida. \u00bfLa Raz\u00f3n? Una genial campa\u00f1a de marketing que se llev\u00f3 a cabo en 1974, donde la cadena de comidas incitaba a los japoneses a comer pollo kentacky en Navidad\u2026<\/p>\n<p>Su bajo precio fue lo que atrajo a la poblaci\u00f3n nipona a empezar con esta costumbre\u2026<\/p>\n<p><img loading=\"lazy\" decoding=\"async\" class=\"aligncenter size-medium wp-image-34977\" src=\"https:\/\/www.bodegasprotos.com\/wp-content\/uploads\/2022\/12\/ziyang-hsiung-XnQFXNDqeSc-unsplash-300x191.jpg\" alt=\"\" width=\"300\" height=\"191\" srcset=\"https:\/\/www.bodegasprotos.com\/wp-content\/uploads\/2022\/12\/ziyang-hsiung-XnQFXNDqeSc-unsplash-300x191.jpg 300w, https:\/\/www.bodegasprotos.com\/wp-content\/uploads\/2022\/12\/ziyang-hsiung-XnQFXNDqeSc-unsplash-1024x653.jpg 1024w, https:\/\/www.bodegasprotos.com\/wp-content\/uploads\/2022\/12\/ziyang-hsiung-XnQFXNDqeSc-unsplash-768x490.jpg 768w, https:\/\/www.bodegasprotos.com\/wp-content\/uploads\/2022\/12\/ziyang-hsiung-XnQFXNDqeSc-unsplash-1536x979.jpg 1536w, https:\/\/www.bodegasprotos.com\/wp-content\/uploads\/2022\/12\/ziyang-hsiung-XnQFXNDqeSc-unsplash-2048x1306.jpg 2048w\" sizes=\"(max-width: 300px) 100vw, 300px\" \/><\/p>\n<h3><strong>M\u00c9XICO<\/strong><\/h3>\n<p>Los <em><strong>romeritos<\/strong><\/em> es el plato m\u00e1s rese\u00f1ado. Se elabora con el quelite, una planta arom\u00e1tica, que se combina con mole, patata y se sirve con una torta de camar\u00f3n.<\/p>\n<p>Tampoco el pavo falta en las mesas mexicanas, pero relleno de almendras y como postre, tarta de manzana.<\/p>\n<p><img loading=\"lazy\" decoding=\"async\" class=\"aligncenter size-medium wp-image-34967\" src=\"https:\/\/www.bodegasprotos.com\/wp-content\/uploads\/2022\/12\/1200px-Romeritos-300x200.jpg\" alt=\"\" width=\"300\" height=\"200\" srcset=\"https:\/\/www.bodegasprotos.com\/wp-content\/uploads\/2022\/12\/1200px-Romeritos-300x200.jpg 300w, https:\/\/www.bodegasprotos.com\/wp-content\/uploads\/2022\/12\/1200px-Romeritos-1024x683.jpg 1024w, https:\/\/www.bodegasprotos.com\/wp-content\/uploads\/2022\/12\/1200px-Romeritos-768x512.jpg 768w, https:\/\/www.bodegasprotos.com\/wp-content\/uploads\/2022\/12\/1200px-Romeritos.jpg 1200w\" sizes=\"(max-width: 300px) 100vw, 300px\" \/><\/p>\n<h3><strong>REINO UNIDO<\/strong><\/h3>\n<p>Aqu\u00ed, el pavo tambi\u00e9n es una de las especialidades m\u00e1s demandadas, as\u00ed como las famosas galletas de jengibre. Pero queremos contarte la receta de uno de los platos m\u00e1s t\u00edpicos en las mesas inglesas: el <em><strong>p<\/strong><strong><em>u<\/em>dding de Yorkshire<\/strong><\/em>, que puede ser tomado como postre o salado.<\/p>\n<p>El pudding de Yorkshire se elabora con harina, huevos, y tiene forma de cuenco. Pero, si te gusta m\u00e1s el salado, a esta masa le puedes a\u00f1adir carne y verduras.<\/p>\n<p><img loading=\"lazy\" decoding=\"async\" class=\"aligncenter size-medium wp-image-34975\" src=\"https:\/\/www.bodegasprotos.com\/wp-content\/uploads\/2022\/12\/3084675268_08674639a6_o-300x200.jpg\" alt=\"\" width=\"300\" height=\"200\" srcset=\"https:\/\/www.bodegasprotos.com\/wp-content\/uploads\/2022\/12\/3084675268_08674639a6_o-300x200.jpg 300w, https:\/\/www.bodegasprotos.com\/wp-content\/uploads\/2022\/12\/3084675268_08674639a6_o-768x512.jpg 768w, https:\/\/www.bodegasprotos.com\/wp-content\/uploads\/2022\/12\/3084675268_08674639a6_o.jpg 883w\" sizes=\"(max-width: 300px) 100vw, 300px\" \/><\/p>\n<h3><strong>POLONIA<\/strong><\/h3>\n<p>La navidad en Polonia es un tanto peculiar. El plato navide\u00f1o es <em><strong>la carpa<\/strong><\/em>. Hasta ah\u00ed, bien, pero si\u2026 te contamos que la tradici\u00f3n es meter la carpa viva en la ba\u00f1era de casa, durante d\u00edas, antes de navidad, y luego t\u00fa cocinarla\u2026 \u00bfc\u00f3mo te quedas?<\/p>\n<p>Se dice que las escamas dan buena suerte&#8230;<\/p>\n<p><img loading=\"lazy\" decoding=\"async\" class=\"aligncenter size-medium wp-image-34985\" src=\"https:\/\/www.bodegasprotos.com\/wp-content\/uploads\/2022\/12\/adam-rhodes-2v6rYvavufo-unsplash-300x200.jpg\" alt=\"\" width=\"300\" height=\"200\" srcset=\"https:\/\/www.bodegasprotos.com\/wp-content\/uploads\/2022\/12\/adam-rhodes-2v6rYvavufo-unsplash-300x200.jpg 300w, https:\/\/www.bodegasprotos.com\/wp-content\/uploads\/2022\/12\/adam-rhodes-2v6rYvavufo-unsplash-1024x683.jpg 1024w, https:\/\/www.bodegasprotos.com\/wp-content\/uploads\/2022\/12\/adam-rhodes-2v6rYvavufo-unsplash-768x512.jpg 768w, https:\/\/www.bodegasprotos.com\/wp-content\/uploads\/2022\/12\/adam-rhodes-2v6rYvavufo-unsplash-1536x1024.jpg 1536w, https:\/\/www.bodegasprotos.com\/wp-content\/uploads\/2022\/12\/adam-rhodes-2v6rYvavufo-unsplash-2048x1365.jpg 2048w\" sizes=\"(max-width: 300px) 100vw, 300px\" \/><\/p>\n<h3><strong>PORTUGAL<\/strong><\/h3>\n<p>En el pa\u00eds luso, no pod\u00eda faltar por estas fechas su pez rey: <em><strong>el bacalao<\/strong><\/em>. Se come en nochebuena y cualquier receta es v\u00e1lida: bu\u00f1uelos de bacalao, bacalao de navidad, croquetas de bacalao&#8230;<\/p>\n<p>Para aquellos que son m\u00e1s amantes de la carne, cuentan con un plato estrella: <em><strong>el cabrito asado al horno<\/strong><\/em>.<\/p>\n<p><img loading=\"lazy\" decoding=\"async\" class=\"aligncenter size-medium wp-image-34965\" src=\"https:\/\/www.bodegasprotos.com\/wp-content\/uploads\/2022\/12\/1200px-Bacalao-Camarones-02-300x200.jpg\" alt=\"\" width=\"300\" height=\"200\" srcset=\"https:\/\/www.bodegasprotos.com\/wp-content\/uploads\/2022\/12\/1200px-Bacalao-Camarones-02-300x200.jpg 300w, https:\/\/www.bodegasprotos.com\/wp-content\/uploads\/2022\/12\/1200px-Bacalao-Camarones-02-1024x683.jpg 1024w, https:\/\/www.bodegasprotos.com\/wp-content\/uploads\/2022\/12\/1200px-Bacalao-Camarones-02-768x512.jpg 768w, https:\/\/www.bodegasprotos.com\/wp-content\/uploads\/2022\/12\/1200px-Bacalao-Camarones-02.jpg 1200w\" sizes=\"(max-width: 300px) 100vw, 300px\" \/><\/p>\n","protected":false},"excerpt":{"rendered":"<p>Ma\u00f1ana, es nochebuena. Una fecha muy esperada y se\u00f1alada en el calendario. Un d\u00eda especial porque nos reunimos&#8230;<\/p>\n","protected":false},"author":3,"featured_media":34989,"comment_status":"closed","ping_status":"closed","sticky":false,"template":"","format":"standard","meta":{"_acf_changed":false,"footnotes":""},"categories":[87,1],"tags":[],"class_list":["post-34964","post","type-post","status-publish","format-standard","has-post-thumbnail","hentry","category-blog","category-general"],"acf":[],"yoast_head":"<!-- This site is optimized with the Yoast SEO plugin v27.5 - https:\/\/yoast.com\/product\/yoast-seo-wordpress\/ -->\n<title>Platos t\u00edpicos navide\u00f1os del mundo - Bodegas Protos<\/title>\n<meta name=\"description\" content=\"Ma\u00f1ana, es nochebuena. Una fecha muy esperada y se\u00f1alada en el calendario. Un d\u00eda especial porque nos reunimos con nuestros seres queridos. Un d\u00eda para\" \/>\n<meta name=\"robots\" content=\"index, follow, max-snippet:-1, max-image-preview:large, max-video-preview:-1\" \/>\n<link rel=\"canonical\" href=\"https:\/\/www.bodegasprotos.com\/es\/blog\/platos-tipicos-navidenos-del-mundo\/\" \/>\n<meta property=\"og:locale\" content=\"es_ES\" \/>\n<meta property=\"og:type\" content=\"article\" \/>\n<meta property=\"og:title\" content=\"Platos t\u00edpicos navide\u00f1os del mundo - Bodegas Protos\" \/>\n<meta property=\"og:description\" content=\"Ma\u00f1ana, es nochebuena. Una fecha muy esperada y se\u00f1alada en el calendario. Un d\u00eda especial porque nos reunimos con nuestros seres queridos. Un d\u00eda para\" \/>\n<meta property=\"og:url\" content=\"https:\/\/www.bodegasprotos.com\/es\/blog\/platos-tipicos-navidenos-del-mundo\/\" \/>\n<meta property=\"og:site_name\" content=\"Bodegas Protos\" \/>\n<meta property=\"article:publisher\" content=\"https:\/\/www.facebook.com\/BodegasProtos\" \/>\n<meta property=\"article:published_time\" content=\"2022-12-23T10:30:19+00:00\" \/>\n<meta property=\"og:image\" content=\"https:\/\/www.bodegasprotos.com\/wp-content\/uploads\/2022\/12\/krakenimages-7BpuzmcxlHU-unsplash-scaled.jpg\" \/>\n\t<meta property=\"og:image:width\" content=\"1708\" \/>\n\t<meta property=\"og:image:height\" content=\"2560\" \/>\n\t<meta property=\"og:image:type\" content=\"image\/jpeg\" \/>\n<meta name=\"author\" content=\"Bodegas Protos (F)\" \/>\n<meta name=\"twitter:card\" content=\"summary_large_image\" \/>\n<meta name=\"twitter:creator\" content=\"@Bodegas_Protos\" \/>\n<meta name=\"twitter:site\" content=\"@Bodegas_Protos\" \/>\n<meta name=\"twitter:label1\" content=\"Escrito por\" \/>\n\t<meta name=\"twitter:data1\" content=\"Bodegas Protos (F)\" \/>\n\t<meta name=\"twitter:label2\" content=\"Tiempo de lectura\" \/>\n\t<meta name=\"twitter:data2\" content=\"8 minutos\" \/>\n<script type=\"application\/ld+json\" class=\"yoast-schema-graph\">{\"@context\":\"https:\\\/\\\/schema.org\",\"@graph\":[{\"@type\":\"Article\",\"@id\":\"https:\\\/\\\/www.bodegasprotos.com\\\/es\\\/blog\\\/platos-tipicos-navidenos-del-mundo\\\/#article\",\"isPartOf\":{\"@id\":\"https:\\\/\\\/www.bodegasprotos.com\\\/es\\\/blog\\\/platos-tipicos-navidenos-del-mundo\\\/\"},\"author\":{\"name\":\"Bodegas Protos (F)\",\"@id\":\"https:\\\/\\\/www.bodegasprotos.com\\\/es\\\/#\\\/schema\\\/person\\\/6cb69a08afa14171755cee0df7d20027\"},\"headline\":\"Platos t\u00edpicos navide\u00f1os del mundo\",\"datePublished\":\"2022-12-23T10:30:19+00:00\",\"mainEntityOfPage\":{\"@id\":\"https:\\\/\\\/www.bodegasprotos.com\\\/es\\\/blog\\\/platos-tipicos-navidenos-del-mundo\\\/\"},\"wordCount\":1141,\"publisher\":{\"@id\":\"https:\\\/\\\/www.bodegasprotos.com\\\/es\\\/#organization\"},\"image\":{\"@id\":\"https:\\\/\\\/www.bodegasprotos.com\\\/es\\\/blog\\\/platos-tipicos-navidenos-del-mundo\\\/#primaryimage\"},\"thumbnailUrl\":\"https:\\\/\\\/www.bodegasprotos.com\\\/wp-content\\\/uploads\\\/2022\\\/12\\\/krakenimages-7BpuzmcxlHU-unsplash-scaled.jpg\",\"articleSection\":[\"Blog\",\"General\"],\"inLanguage\":\"es\"},{\"@type\":\"WebPage\",\"@id\":\"https:\\\/\\\/www.bodegasprotos.com\\\/es\\\/blog\\\/platos-tipicos-navidenos-del-mundo\\\/\",\"url\":\"https:\\\/\\\/www.bodegasprotos.com\\\/es\\\/blog\\\/platos-tipicos-navidenos-del-mundo\\\/\",\"name\":\"Platos t\u00edpicos navide\u00f1os del mundo - Bodegas Protos\",\"isPartOf\":{\"@id\":\"https:\\\/\\\/www.bodegasprotos.com\\\/es\\\/#website\"},\"primaryImageOfPage\":{\"@id\":\"https:\\\/\\\/www.bodegasprotos.com\\\/es\\\/blog\\\/platos-tipicos-navidenos-del-mundo\\\/#primaryimage\"},\"image\":{\"@id\":\"https:\\\/\\\/www.bodegasprotos.com\\\/es\\\/blog\\\/platos-tipicos-navidenos-del-mundo\\\/#primaryimage\"},\"thumbnailUrl\":\"https:\\\/\\\/www.bodegasprotos.com\\\/wp-content\\\/uploads\\\/2022\\\/12\\\/krakenimages-7BpuzmcxlHU-unsplash-scaled.jpg\",\"datePublished\":\"2022-12-23T10:30:19+00:00\",\"description\":\"Ma\u00f1ana, es nochebuena. Una fecha muy esperada y se\u00f1alada en el calendario. Un d\u00eda especial porque nos reunimos con nuestros seres queridos. Un d\u00eda para\",\"breadcrumb\":{\"@id\":\"https:\\\/\\\/www.bodegasprotos.com\\\/es\\\/blog\\\/platos-tipicos-navidenos-del-mundo\\\/#breadcrumb\"},\"inLanguage\":\"es\",\"potentialAction\":[{\"@type\":\"ReadAction\",\"target\":[\"https:\\\/\\\/www.bodegasprotos.com\\\/es\\\/blog\\\/platos-tipicos-navidenos-del-mundo\\\/\"]}]},{\"@type\":\"ImageObject\",\"inLanguage\":\"es\",\"@id\":\"https:\\\/\\\/www.bodegasprotos.com\\\/es\\\/blog\\\/platos-tipicos-navidenos-del-mundo\\\/#primaryimage\",\"url\":\"https:\\\/\\\/www.bodegasprotos.com\\\/wp-content\\\/uploads\\\/2022\\\/12\\\/krakenimages-7BpuzmcxlHU-unsplash-scaled.jpg\",\"contentUrl\":\"https:\\\/\\\/www.bodegasprotos.com\\\/wp-content\\\/uploads\\\/2022\\\/12\\\/krakenimages-7BpuzmcxlHU-unsplash-scaled.jpg\",\"width\":1708,\"height\":2560},{\"@type\":\"BreadcrumbList\",\"@id\":\"https:\\\/\\\/www.bodegasprotos.com\\\/es\\\/blog\\\/platos-tipicos-navidenos-del-mundo\\\/#breadcrumb\",\"itemListElement\":[{\"@type\":\"ListItem\",\"position\":1,\"name\":\"Portada\",\"item\":\"https:\\\/\\\/www.bodegasprotos.com\\\/es\\\/\"},{\"@type\":\"ListItem\",\"position\":2,\"name\":\"Platos t\u00edpicos navide\u00f1os del mundo\"}]},{\"@type\":\"WebSite\",\"@id\":\"https:\\\/\\\/www.bodegasprotos.com\\\/es\\\/#website\",\"url\":\"https:\\\/\\\/www.bodegasprotos.com\\\/es\\\/\",\"name\":\"Bodegas Protos\",\"description\":\"Vinos de la Denominaci\u00f3n de Origen Ribera del Duero, Rueda y Cigales\",\"publisher\":{\"@id\":\"https:\\\/\\\/www.bodegasprotos.com\\\/es\\\/#organization\"},\"potentialAction\":[{\"@type\":\"SearchAction\",\"target\":{\"@type\":\"EntryPoint\",\"urlTemplate\":\"https:\\\/\\\/www.bodegasprotos.com\\\/es\\\/?s={search_term_string}\"},\"query-input\":{\"@type\":\"PropertyValueSpecification\",\"valueRequired\":true,\"valueName\":\"search_term_string\"}}],\"inLanguage\":\"es\"},{\"@type\":\"Organization\",\"@id\":\"https:\\\/\\\/www.bodegasprotos.com\\\/es\\\/#organization\",\"name\":\"Bodegas Protos\",\"url\":\"https:\\\/\\\/www.bodegasprotos.com\\\/es\\\/\",\"logo\":{\"@type\":\"ImageObject\",\"inLanguage\":\"es\",\"@id\":\"https:\\\/\\\/www.bodegasprotos.com\\\/es\\\/#\\\/schema\\\/logo\\\/image\\\/\",\"url\":\"https:\\\/\\\/www.bodegasprotos.com\\\/wp-content\\\/uploads\\\/2024\\\/06\\\/PROTOS-LOGOS-VERSIONES-13.png\",\"contentUrl\":\"https:\\\/\\\/www.bodegasprotos.com\\\/wp-content\\\/uploads\\\/2024\\\/06\\\/PROTOS-LOGOS-VERSIONES-13.png\",\"width\":2362,\"height\":2362,\"caption\":\"Bodegas Protos\"},\"image\":{\"@id\":\"https:\\\/\\\/www.bodegasprotos.com\\\/es\\\/#\\\/schema\\\/logo\\\/image\\\/\"},\"sameAs\":[\"https:\\\/\\\/www.facebook.com\\\/BodegasProtos\",\"https:\\\/\\\/x.com\\\/Bodegas_Protos\",\"https:\\\/\\\/www.instagram.com\\\/bodegasprotosoficial\\\/\",\"https:\\\/\\\/www.linkedin.com\\\/company\\\/bodegasprotos\\\/\",\"https:\\\/\\\/pinterest.com\\\/BodegasProtos\\\/\",\"http:\\\/\\\/www.youtube.com\\\/user\\\/BodegasProtos\",\"https:\\\/\\\/es.wikipedia.org\\\/wiki\\\/Bodegas_Protos\"]},{\"@type\":\"Person\",\"@id\":\"https:\\\/\\\/www.bodegasprotos.com\\\/es\\\/#\\\/schema\\\/person\\\/6cb69a08afa14171755cee0df7d20027\",\"name\":\"Bodegas Protos (F)\",\"image\":{\"@type\":\"ImageObject\",\"inLanguage\":\"es\",\"@id\":\"https:\\\/\\\/secure.gravatar.com\\\/avatar\\\/cc613a9fd2ee203f402357c1b4aa2b7c041016cbf1eab1e41bde410b2ebd7f94?s=96&d=mm&r=g\",\"url\":\"https:\\\/\\\/secure.gravatar.com\\\/avatar\\\/cc613a9fd2ee203f402357c1b4aa2b7c041016cbf1eab1e41bde410b2ebd7f94?s=96&d=mm&r=g\",\"contentUrl\":\"https:\\\/\\\/secure.gravatar.com\\\/avatar\\\/cc613a9fd2ee203f402357c1b4aa2b7c041016cbf1eab1e41bde410b2ebd7f94?s=96&d=mm&r=g\",\"caption\":\"Bodegas Protos (F)\"},\"sameAs\":[\"https:\\\/\\\/www.bodegasprotos.com\"]}]}<\/script>\n<!-- \/ Yoast SEO plugin. -->","yoast_head_json":{"title":"Platos t\u00edpicos navide\u00f1os del mundo - Bodegas Protos","description":"Ma\u00f1ana, es nochebuena. Una fecha muy esperada y se\u00f1alada en el calendario. Un d\u00eda especial porque nos reunimos con nuestros seres queridos. Un d\u00eda para","robots":{"index":"index","follow":"follow","max-snippet":"max-snippet:-1","max-image-preview":"max-image-preview:large","max-video-preview":"max-video-preview:-1"},"canonical":"https:\/\/www.bodegasprotos.com\/es\/blog\/platos-tipicos-navidenos-del-mundo\/","og_locale":"es_ES","og_type":"article","og_title":"Platos t\u00edpicos navide\u00f1os del mundo - Bodegas Protos","og_description":"Ma\u00f1ana, es nochebuena. Una fecha muy esperada y se\u00f1alada en el calendario. Un d\u00eda especial porque nos reunimos con nuestros seres queridos. Un d\u00eda para","og_url":"https:\/\/www.bodegasprotos.com\/es\/blog\/platos-tipicos-navidenos-del-mundo\/","og_site_name":"Bodegas Protos","article_publisher":"https:\/\/www.facebook.com\/BodegasProtos","article_published_time":"2022-12-23T10:30:19+00:00","og_image":[{"width":1708,"height":2560,"url":"https:\/\/www.bodegasprotos.com\/wp-content\/uploads\/2022\/12\/krakenimages-7BpuzmcxlHU-unsplash-scaled.jpg","type":"image\/jpeg"}],"author":"Bodegas Protos (F)","twitter_card":"summary_large_image","twitter_creator":"@Bodegas_Protos","twitter_site":"@Bodegas_Protos","twitter_misc":{"Escrito por":"Bodegas Protos (F)","Tiempo de lectura":"8 minutos"},"schema":{"@context":"https:\/\/schema.org","@graph":[{"@type":"Article","@id":"https:\/\/www.bodegasprotos.com\/es\/blog\/platos-tipicos-navidenos-del-mundo\/#article","isPartOf":{"@id":"https:\/\/www.bodegasprotos.com\/es\/blog\/platos-tipicos-navidenos-del-mundo\/"},"author":{"name":"Bodegas Protos (F)","@id":"https:\/\/www.bodegasprotos.com\/es\/#\/schema\/person\/6cb69a08afa14171755cee0df7d20027"},"headline":"Platos t\u00edpicos navide\u00f1os del mundo","datePublished":"2022-12-23T10:30:19+00:00","mainEntityOfPage":{"@id":"https:\/\/www.bodegasprotos.com\/es\/blog\/platos-tipicos-navidenos-del-mundo\/"},"wordCount":1141,"publisher":{"@id":"https:\/\/www.bodegasprotos.com\/es\/#organization"},"image":{"@id":"https:\/\/www.bodegasprotos.com\/es\/blog\/platos-tipicos-navidenos-del-mundo\/#primaryimage"},"thumbnailUrl":"https:\/\/www.bodegasprotos.com\/wp-content\/uploads\/2022\/12\/krakenimages-7BpuzmcxlHU-unsplash-scaled.jpg","articleSection":["Blog","General"],"inLanguage":"es"},{"@type":"WebPage","@id":"https:\/\/www.bodegasprotos.com\/es\/blog\/platos-tipicos-navidenos-del-mundo\/","url":"https:\/\/www.bodegasprotos.com\/es\/blog\/platos-tipicos-navidenos-del-mundo\/","name":"Platos t\u00edpicos navide\u00f1os del mundo - Bodegas Protos","isPartOf":{"@id":"https:\/\/www.bodegasprotos.com\/es\/#website"},"primaryImageOfPage":{"@id":"https:\/\/www.bodegasprotos.com\/es\/blog\/platos-tipicos-navidenos-del-mundo\/#primaryimage"},"image":{"@id":"https:\/\/www.bodegasprotos.com\/es\/blog\/platos-tipicos-navidenos-del-mundo\/#primaryimage"},"thumbnailUrl":"https:\/\/www.bodegasprotos.com\/wp-content\/uploads\/2022\/12\/krakenimages-7BpuzmcxlHU-unsplash-scaled.jpg","datePublished":"2022-12-23T10:30:19+00:00","description":"Ma\u00f1ana, es nochebuena. Una fecha muy esperada y se\u00f1alada en el calendario. Un d\u00eda especial porque nos reunimos con nuestros seres queridos. Un d\u00eda para","breadcrumb":{"@id":"https:\/\/www.bodegasprotos.com\/es\/blog\/platos-tipicos-navidenos-del-mundo\/#breadcrumb"},"inLanguage":"es","potentialAction":[{"@type":"ReadAction","target":["https:\/\/www.bodegasprotos.com\/es\/blog\/platos-tipicos-navidenos-del-mundo\/"]}]},{"@type":"ImageObject","inLanguage":"es","@id":"https:\/\/www.bodegasprotos.com\/es\/blog\/platos-tipicos-navidenos-del-mundo\/#primaryimage","url":"https:\/\/www.bodegasprotos.com\/wp-content\/uploads\/2022\/12\/krakenimages-7BpuzmcxlHU-unsplash-scaled.jpg","contentUrl":"https:\/\/www.bodegasprotos.com\/wp-content\/uploads\/2022\/12\/krakenimages-7BpuzmcxlHU-unsplash-scaled.jpg","width":1708,"height":2560},{"@type":"BreadcrumbList","@id":"https:\/\/www.bodegasprotos.com\/es\/blog\/platos-tipicos-navidenos-del-mundo\/#breadcrumb","itemListElement":[{"@type":"ListItem","position":1,"name":"Portada","item":"https:\/\/www.bodegasprotos.com\/es\/"},{"@type":"ListItem","position":2,"name":"Platos t\u00edpicos navide\u00f1os del mundo"}]},{"@type":"WebSite","@id":"https:\/\/www.bodegasprotos.com\/es\/#website","url":"https:\/\/www.bodegasprotos.com\/es\/","name":"Bodegas Protos","description":"Vinos de la Denominaci\u00f3n de Origen Ribera del Duero, Rueda y Cigales","publisher":{"@id":"https:\/\/www.bodegasprotos.com\/es\/#organization"},"potentialAction":[{"@type":"SearchAction","target":{"@type":"EntryPoint","urlTemplate":"https:\/\/www.bodegasprotos.com\/es\/?s={search_term_string}"},"query-input":{"@type":"PropertyValueSpecification","valueRequired":true,"valueName":"search_term_string"}}],"inLanguage":"es"},{"@type":"Organization","@id":"https:\/\/www.bodegasprotos.com\/es\/#organization","name":"Bodegas Protos","url":"https:\/\/www.bodegasprotos.com\/es\/","logo":{"@type":"ImageObject","inLanguage":"es","@id":"https:\/\/www.bodegasprotos.com\/es\/#\/schema\/logo\/image\/","url":"https:\/\/www.bodegasprotos.com\/wp-content\/uploads\/2024\/06\/PROTOS-LOGOS-VERSIONES-13.png","contentUrl":"https:\/\/www.bodegasprotos.com\/wp-content\/uploads\/2024\/06\/PROTOS-LOGOS-VERSIONES-13.png","width":2362,"height":2362,"caption":"Bodegas Protos"},"image":{"@id":"https:\/\/www.bodegasprotos.com\/es\/#\/schema\/logo\/image\/"},"sameAs":["https:\/\/www.facebook.com\/BodegasProtos","https:\/\/x.com\/Bodegas_Protos","https:\/\/www.instagram.com\/bodegasprotosoficial\/","https:\/\/www.linkedin.com\/company\/bodegasprotos\/","https:\/\/pinterest.com\/BodegasProtos\/","http:\/\/www.youtube.com\/user\/BodegasProtos","https:\/\/es.wikipedia.org\/wiki\/Bodegas_Protos"]},{"@type":"Person","@id":"https:\/\/www.bodegasprotos.com\/es\/#\/schema\/person\/6cb69a08afa14171755cee0df7d20027","name":"Bodegas Protos (F)","image":{"@type":"ImageObject","inLanguage":"es","@id":"https:\/\/secure.gravatar.com\/avatar\/cc613a9fd2ee203f402357c1b4aa2b7c041016cbf1eab1e41bde410b2ebd7f94?s=96&d=mm&r=g","url":"https:\/\/secure.gravatar.com\/avatar\/cc613a9fd2ee203f402357c1b4aa2b7c041016cbf1eab1e41bde410b2ebd7f94?s=96&d=mm&r=g","contentUrl":"https:\/\/secure.gravatar.com\/avatar\/cc613a9fd2ee203f402357c1b4aa2b7c041016cbf1eab1e41bde410b2ebd7f94?s=96&d=mm&r=g","caption":"Bodegas Protos (F)"},"sameAs":["https:\/\/www.bodegasprotos.com"]}]}},"_links":{"self":[{"href":"https:\/\/www.bodegasprotos.com\/es\/wp-json\/wp\/v2\/posts\/34964","targetHints":{"allow":["GET"]}}],"collection":[{"href":"https:\/\/www.bodegasprotos.com\/es\/wp-json\/wp\/v2\/posts"}],"about":[{"href":"https:\/\/www.bodegasprotos.com\/es\/wp-json\/wp\/v2\/types\/post"}],"author":[{"embeddable":true,"href":"https:\/\/www.bodegasprotos.com\/es\/wp-json\/wp\/v2\/users\/3"}],"replies":[{"embeddable":true,"href":"https:\/\/www.bodegasprotos.com\/es\/wp-json\/wp\/v2\/comments?post=34964"}],"version-history":[{"count":0,"href":"https:\/\/www.bodegasprotos.com\/es\/wp-json\/wp\/v2\/posts\/34964\/revisions"}],"wp:featuredmedia":[{"embeddable":true,"href":"https:\/\/www.bodegasprotos.com\/es\/wp-json\/wp\/v2\/media\/34989"}],"wp:attachment":[{"href":"https:\/\/www.bodegasprotos.com\/es\/wp-json\/wp\/v2\/media?parent=34964"}],"wp:term":[{"taxonomy":"category","embeddable":true,"href":"https:\/\/www.bodegasprotos.com\/es\/wp-json\/wp\/v2\/categories?post=34964"},{"taxonomy":"post_tag","embeddable":true,"href":"https:\/\/www.bodegasprotos.com\/es\/wp-json\/wp\/v2\/tags?post=34964"}],"curies":[{"name":"wp","href":"https:\/\/api.w.org\/{rel}","templated":true}]}}