{"id":34833,"date":"2022-11-10T14:16:32","date_gmt":"2022-11-10T13:16:32","guid":{"rendered":"https:\/\/www.bodegasprotos.com\/?p=34833"},"modified":"2022-11-10T14:22:42","modified_gmt":"2022-11-10T13:22:42","slug":"cinco-vinos-con-maridajes-para-celebrar-el-dia-del-soltero","status":"publish","type":"post","link":"https:\/\/www.bodegasprotos.com\/es\/blog\/cinco-vinos-con-maridajes-para-celebrar-el-dia-del-soltero\/","title":{"rendered":"Cinco vinos con maridajes para celebrar el D\u00eda del Soltero"},"content":{"rendered":"<p>Ma\u00f1ana, se celebra el d\u00eda del Soltero, y para poder hacerlo a lo grande, te proponemos cinco vinos Protos con sus correspondientes maridajes. Una fusi\u00f3n perfecta para disfrutarlo <strong>solo o acompa\u00f1ado<\/strong>. \u00a1T\u00fa decides!<\/p>\n<p>En este post, te vamos a sugerir dos vinos rosados, un blanco con un poco de madera, y dos tintos\u2026 uno de ellos viene con sorpresa \ud83d\ude09.<\/p>\n<p>Elige el que m\u00e1s va contigo y a disfrutar.<\/p>\n<h3><strong>Aire de Protos<\/strong><\/h3>\n<p>Comenzamos con e<a href=\"https:\/\/www.bodegasprotos.com\/es\/vino\/aire-de-protos\/\">l vino m\u00e1s provenzal<\/a> de la bodega. Un vino fresco y sedoso, elegante, equilibrado, con cierta untuosidad debido a la crianza sobre l\u00edas. Puedes combinarlo con platos asi\u00e1ticos como el sushi, dim sum o los rollos vietnamitas. Tambi\u00e9n, casa con comidas \u00e1rabes tipo cusc\u00fas, mezze o humus.<\/p>\n<p><img fetchpriority=\"high\" decoding=\"async\" class=\"aligncenter size-medium wp-image-31055\" src=\"https:\/\/www.bodegasprotos.com\/wp-content\/uploads\/2021\/06\/Aire-de-Protos-189x300.jpg\" alt=\"\" width=\"189\" height=\"300\" srcset=\"https:\/\/www.bodegasprotos.com\/wp-content\/uploads\/2021\/06\/Aire-de-Protos-189x300.jpg 189w, https:\/\/www.bodegasprotos.com\/wp-content\/uploads\/2021\/06\/Aire-de-Protos-644x1024.jpg 644w, https:\/\/www.bodegasprotos.com\/wp-content\/uploads\/2021\/06\/Aire-de-Protos-768x1222.jpg 768w, https:\/\/www.bodegasprotos.com\/wp-content\/uploads\/2021\/06\/Aire-de-Protos-965x1536.jpg 965w, https:\/\/www.bodegasprotos.com\/wp-content\/uploads\/2021\/06\/Aire-de-Protos-1287x2048.jpg 1287w, https:\/\/www.bodegasprotos.com\/wp-content\/uploads\/2021\/06\/Aire-de-Protos-scaled.jpg 1609w\" sizes=\"(max-width: 189px) 100vw, 189px\" \/><\/p>\n<h3><img decoding=\"async\" class=\"aligncenter size-medium wp-image-34840\" src=\"https:\/\/www.bodegasprotos.com\/wp-content\/uploads\/2022\/11\/jakub-dziubak-iOHJKJqO6E0-unsplash-300x169.jpg\" alt=\"\" width=\"300\" height=\"169\" srcset=\"https:\/\/www.bodegasprotos.com\/wp-content\/uploads\/2022\/11\/jakub-dziubak-iOHJKJqO6E0-unsplash-300x169.jpg 300w, https:\/\/www.bodegasprotos.com\/wp-content\/uploads\/2022\/11\/jakub-dziubak-iOHJKJqO6E0-unsplash-1024x576.jpg 1024w, https:\/\/www.bodegasprotos.com\/wp-content\/uploads\/2022\/11\/jakub-dziubak-iOHJKJqO6E0-unsplash-768x432.jpg 768w, https:\/\/www.bodegasprotos.com\/wp-content\/uploads\/2022\/11\/jakub-dziubak-iOHJKJqO6E0-unsplash-1536x864.jpg 1536w, https:\/\/www.bodegasprotos.com\/wp-content\/uploads\/2022\/11\/jakub-dziubak-iOHJKJqO6E0-unsplash-2048x1151.jpg 2048w\" sizes=\"(max-width: 300px) 100vw, 300px\" \/><\/h3>\n<h3><strong>Protos Verdejo Reserva<\/strong><\/h3>\n<p>Este verdejo cuenta con 4 meses de barrica y 17 meses de crianza en botella. <a href=\"https:\/\/www.bodegasprotos.com\/es\/vino\/verdejo-reserva\/\">Un blanco muy especial<\/a>, perfecto para degustar en oto\u00f1o, y fusionarlo, por ejemplo, con una merluza con salsa de lim\u00f3n o unos raviolis de foie o calabaza.<\/p>\n<div id=\"attachment_30117\" style=\"width: 199px\" class=\"wp-caption aligncenter\"><img decoding=\"async\" aria-describedby=\"caption-attachment-30117\" class=\"size-medium wp-image-30117\" src=\"https:\/\/www.bodegasprotos.com\/wp-content\/uploads\/2020\/11\/Protos-Verdejo-Reserva-189x300.jpg\" alt=\"Protos Verdejo Reserva\" width=\"189\" height=\"300\" srcset=\"https:\/\/www.bodegasprotos.com\/wp-content\/uploads\/2020\/11\/Protos-Verdejo-Reserva-189x300.jpg 189w, https:\/\/www.bodegasprotos.com\/wp-content\/uploads\/2020\/11\/Protos-Verdejo-Reserva-644x1024.jpg 644w, https:\/\/www.bodegasprotos.com\/wp-content\/uploads\/2020\/11\/Protos-Verdejo-Reserva-768x1222.jpg 768w, https:\/\/www.bodegasprotos.com\/wp-content\/uploads\/2020\/11\/Protos-Verdejo-Reserva-965x1536.jpg 965w, https:\/\/www.bodegasprotos.com\/wp-content\/uploads\/2020\/11\/Protos-Verdejo-Reserva-1287x2048.jpg 1287w, https:\/\/www.bodegasprotos.com\/wp-content\/uploads\/2020\/11\/Protos-Verdejo-Reserva-scaled.jpg 1609w\" sizes=\"(max-width: 189px) 100vw, 189px\" \/><p id=\"caption-attachment-30117\" class=\"wp-caption-text\"><img loading=\"lazy\" decoding=\"async\" class=\"aligncenter size-medium wp-image-34838\" style=\"font-size: 16px;\" src=\"https:\/\/www.bodegasprotos.com\/wp-content\/uploads\/2022\/11\/charlesdeluvio-hQckRlItq4c-unsplash-240x300.jpg\" alt=\"\" width=\"240\" height=\"300\" srcset=\"https:\/\/www.bodegasprotos.com\/wp-content\/uploads\/2022\/11\/charlesdeluvio-hQckRlItq4c-unsplash-240x300.jpg 240w, https:\/\/www.bodegasprotos.com\/wp-content\/uploads\/2022\/11\/charlesdeluvio-hQckRlItq4c-unsplash-819x1024.jpg 819w, https:\/\/www.bodegasprotos.com\/wp-content\/uploads\/2022\/11\/charlesdeluvio-hQckRlItq4c-unsplash-768x960.jpg 768w, https:\/\/www.bodegasprotos.com\/wp-content\/uploads\/2022\/11\/charlesdeluvio-hQckRlItq4c-unsplash-1229x1536.jpg 1229w, https:\/\/www.bodegasprotos.com\/wp-content\/uploads\/2022\/11\/charlesdeluvio-hQckRlItq4c-unsplash-1638x2048.jpg 1638w, https:\/\/www.bodegasprotos.com\/wp-content\/uploads\/2022\/11\/charlesdeluvio-hQckRlItq4c-unsplash-scaled.jpg 2048w\" sizes=\"(max-width: 240px) 100vw, 240px\" \/><\/p><\/div>\n<h3><strong>Protos Crianza<\/strong><\/h3>\n<p>Uno de los vinos m\u00e1s especiales de la bodega, con matices muy diferentes, que fusionan juventud y madurez. Un <a href=\"https:\/\/www.bodegasprotos.com\/es\/vino\/crianza\/\">tinto ideal<\/a> para acompa\u00f1arlo con una tabla de ib\u00e9ricos. Si te gustan los platos de cuchara, la fabada es, por ejemplo, una buen\u00edsima alternativa.<\/p>\n<div id=\"attachment_31090\" style=\"width: 235px\" class=\"wp-caption aligncenter\"><img loading=\"lazy\" decoding=\"async\" aria-describedby=\"caption-attachment-31090\" class=\"size-medium wp-image-31090\" src=\"https:\/\/www.bodegasprotos.com\/wp-content\/uploads\/2021\/05\/Protos-Crianza-225x300.png\" alt=\"Protos Crianza\" width=\"225\" height=\"300\" srcset=\"https:\/\/www.bodegasprotos.com\/wp-content\/uploads\/2021\/05\/Protos-Crianza-225x300.png 225w, https:\/\/www.bodegasprotos.com\/wp-content\/uploads\/2021\/05\/Protos-Crianza.png 600w\" sizes=\"(max-width: 225px) 100vw, 225px\" \/><p id=\"caption-attachment-31090\" class=\"wp-caption-text\"><img loading=\"lazy\" decoding=\"async\" class=\"wp-image-34842 \" style=\"font-weight: bold; font-size: 16px;\" src=\"https:\/\/www.bodegasprotos.com\/wp-content\/uploads\/2022\/11\/Fabada_3-300x283.jpg\" alt=\"\" width=\"289\" height=\"273\" srcset=\"https:\/\/www.bodegasprotos.com\/wp-content\/uploads\/2022\/11\/Fabada_3-300x283.jpg 300w, https:\/\/www.bodegasprotos.com\/wp-content\/uploads\/2022\/11\/Fabada_3-768x724.jpg 768w, https:\/\/www.bodegasprotos.com\/wp-content\/uploads\/2022\/11\/Fabada_3.jpg 800w\" sizes=\"(max-width: 289px) 100vw, 289px\" \/><\/p><\/div>\n<p style=\"text-align: center;\">Autor: Amasuela &#8211; Luis Lafuente Agud\u00edn<\/p>\n<h3><strong>Protos Clarete<\/strong><\/h3>\n<p>Un <a href=\"https:\/\/www.bodegasprotos.com\/es\/vino\/clarete\/\">rosado<\/a> goloso, f\u00e1cil de beber y muy disfrut\u00f3n. Aqu\u00ed, te proponemos degustarlo con un arroz oriental como puede ser Biryani, Yangzhou o Hokkien y si no te apetece cocinar, una tabla de quesos suaves es una opci\u00f3n que nunca falla.<\/p>\n<p><img loading=\"lazy\" decoding=\"async\" class=\"aligncenter size-medium wp-image-34836\" src=\"https:\/\/www.bodegasprotos.com\/wp-content\/uploads\/2022\/11\/Protos_Clarete-202x300.jpg\" alt=\"\" width=\"202\" height=\"300\" srcset=\"https:\/\/www.bodegasprotos.com\/wp-content\/uploads\/2022\/11\/Protos_Clarete-202x300.jpg 202w, https:\/\/www.bodegasprotos.com\/wp-content\/uploads\/2022\/11\/Protos_Clarete-691x1024.jpg 691w, https:\/\/www.bodegasprotos.com\/wp-content\/uploads\/2022\/11\/Protos_Clarete-768x1138.jpg 768w, https:\/\/www.bodegasprotos.com\/wp-content\/uploads\/2022\/11\/Protos_Clarete-1036x1536.jpg 1036w, https:\/\/www.bodegasprotos.com\/wp-content\/uploads\/2022\/11\/Protos_Clarete-1382x2048.jpg 1382w, https:\/\/www.bodegasprotos.com\/wp-content\/uploads\/2022\/11\/Protos_Clarete-scaled.jpg 1727w\" sizes=\"(max-width: 202px) 100vw, 202px\" \/><\/p>\n<h3><img loading=\"lazy\" decoding=\"async\" class=\"aligncenter size-medium wp-image-34844\" src=\"https:\/\/www.bodegasprotos.com\/wp-content\/uploads\/2022\/11\/czNmcy1wcml2YXRlL3Jhd3BpeGVsX2ltYWdlcy93ZWJzaXRlX2NvbnRlbnQvbHIvcHgzOTMxNDgtaW1hZ2Uta3d2dmg5NzEuanBn-300x200.webp\" alt=\"\" width=\"300\" height=\"200\" srcset=\"https:\/\/www.bodegasprotos.com\/wp-content\/uploads\/2022\/11\/czNmcy1wcml2YXRlL3Jhd3BpeGVsX2ltYWdlcy93ZWJzaXRlX2NvbnRlbnQvbHIvcHgzOTMxNDgtaW1hZ2Uta3d2dmg5NzEuanBn-300x200.webp 300w, https:\/\/www.bodegasprotos.com\/wp-content\/uploads\/2022\/11\/czNmcy1wcml2YXRlL3Jhd3BpeGVsX2ltYWdlcy93ZWJzaXRlX2NvbnRlbnQvbHIvcHgzOTMxNDgtaW1hZ2Uta3d2dmg5NzEuanBn-768x512.webp 768w, https:\/\/www.bodegasprotos.com\/wp-content\/uploads\/2022\/11\/czNmcy1wcml2YXRlL3Jhd3BpeGVsX2ltYWdlcy93ZWJzaXRlX2NvbnRlbnQvbHIvcHgzOTMxNDgtaW1hZ2Uta3d2dmg5NzEuanBn.webp 800w\" sizes=\"(max-width: 300px) 100vw, 300px\" \/><\/h3>\n<h3><strong>Protos Reserva 2015<\/strong><\/h3>\n<p>Y dejamos este vinazo para el final. 18 meses en barrica y 40 en botella han dado como resultado un vino con una buena acidez, con gran equilibrio y un final persistente y arm\u00f3nico. Es un vino para darte un buen homenaje, por eso, prep\u00e1rate un solomillo, un entrecot, o si eres m\u00e1s de pescado, un at\u00fan o bacalao. \u00bfQu\u00e9 no queremos cocinar?. Tabla de quesos muy curados y listo.<\/p>\n<p>Adem\u00e1s, si entras en la tienda online de la bodega, te encontrar\u00e1s con un sorpres\u00f3n, el <a href=\"https:\/\/tienda.bodegasprotos.com\/inicio\/estuche-2-botellas-reserva-2015.html\">estuche de dos botellas de Protos Reserva 2015<\/a> est\u00e1 a 45 euros, con gastos de env\u00edo incluidos.<\/p>\n<p><img loading=\"lazy\" decoding=\"async\" class=\"aligncenter size-medium wp-image-34849\" src=\"https:\/\/www.bodegasprotos.com\/wp-content\/uploads\/2022\/11\/PROMO-OFERTA-RESERVA-11NOV-HZ-300x300.jpg\" alt=\"\" width=\"300\" height=\"300\" srcset=\"https:\/\/www.bodegasprotos.com\/wp-content\/uploads\/2022\/11\/PROMO-OFERTA-RESERVA-11NOV-HZ-300x300.jpg 300w, https:\/\/www.bodegasprotos.com\/wp-content\/uploads\/2022\/11\/PROMO-OFERTA-RESERVA-11NOV-HZ-1024x1024.jpg 1024w, https:\/\/www.bodegasprotos.com\/wp-content\/uploads\/2022\/11\/PROMO-OFERTA-RESERVA-11NOV-HZ-150x150.jpg 150w, https:\/\/www.bodegasprotos.com\/wp-content\/uploads\/2022\/11\/PROMO-OFERTA-RESERVA-11NOV-HZ-768x768.jpg 768w, https:\/\/www.bodegasprotos.com\/wp-content\/uploads\/2022\/11\/PROMO-OFERTA-RESERVA-11NOV-HZ-500x500.jpg 500w, https:\/\/www.bodegasprotos.com\/wp-content\/uploads\/2022\/11\/PROMO-OFERTA-RESERVA-11NOV-HZ-1000x1000.jpg 1000w, https:\/\/www.bodegasprotos.com\/wp-content\/uploads\/2022\/11\/PROMO-OFERTA-RESERVA-11NOV-HZ.jpg 1080w\" sizes=\"(max-width: 300px) 100vw, 300px\" \/><\/p>\n","protected":false},"excerpt":{"rendered":"<p>Ma\u00f1ana, se celebra el d\u00eda del Soltero, y para poder hacerlo a lo grande, te proponemos cinco vinos&#8230;<\/p>\n","protected":false},"author":3,"featured_media":34853,"comment_status":"closed","ping_status":"closed","sticky":false,"template":"","format":"standard","meta":{"_acf_changed":false,"footnotes":""},"categories":[87,1],"tags":[],"class_list":["post-34833","post","type-post","status-publish","format-standard","has-post-thumbnail","hentry","category-blog","category-general"],"acf":[],"yoast_head":"<!-- This site is optimized with the Yoast SEO plugin v27.5 - https:\/\/yoast.com\/product\/yoast-seo-wordpress\/ -->\n<title>Cinco vinos con maridajes para celebrar el D\u00eda del Soltero - Bodegas Protos<\/title>\n<meta name=\"description\" content=\"Ma\u00f1ana, se celebra el d\u00eda del Soltero, y para poder hacerlo a lo grande, te proponemos cinco vinos Protos con sus correspondientes maridajes. Una fusi\u00f3n\" \/>\n<meta name=\"robots\" content=\"index, follow, max-snippet:-1, max-image-preview:large, max-video-preview:-1\" \/>\n<link rel=\"canonical\" href=\"https:\/\/www.bodegasprotos.com\/es\/blog\/cinco-vinos-con-maridajes-para-celebrar-el-dia-del-soltero\/\" \/>\n<meta property=\"og:locale\" content=\"es_ES\" \/>\n<meta property=\"og:type\" content=\"article\" \/>\n<meta property=\"og:title\" content=\"Cinco vinos con maridajes para celebrar el D\u00eda del Soltero - Bodegas Protos\" \/>\n<meta property=\"og:description\" content=\"Ma\u00f1ana, se celebra el d\u00eda del Soltero, y para poder hacerlo a lo grande, te proponemos cinco vinos Protos con sus correspondientes maridajes. Una fusi\u00f3n\" \/>\n<meta property=\"og:url\" content=\"https:\/\/www.bodegasprotos.com\/es\/blog\/cinco-vinos-con-maridajes-para-celebrar-el-dia-del-soltero\/\" \/>\n<meta property=\"og:site_name\" content=\"Bodegas Protos\" \/>\n<meta property=\"article:publisher\" content=\"https:\/\/www.facebook.com\/BodegasProtos\" \/>\n<meta property=\"article:published_time\" content=\"2022-11-10T13:16:32+00:00\" \/>\n<meta property=\"article:modified_time\" content=\"2022-11-10T13:22:42+00:00\" \/>\n<meta property=\"og:image\" content=\"https:\/\/www.bodegasprotos.com\/wp-content\/uploads\/2022\/11\/justin-aikin-UtYx_Emlg5k-unsplash-scaled.jpg\" \/>\n\t<meta property=\"og:image:width\" content=\"2560\" \/>\n\t<meta property=\"og:image:height\" content=\"1707\" \/>\n\t<meta property=\"og:image:type\" content=\"image\/jpeg\" \/>\n<meta name=\"author\" content=\"Bodegas Protos (F)\" \/>\n<meta name=\"twitter:card\" content=\"summary_large_image\" \/>\n<meta name=\"twitter:creator\" content=\"@Bodegas_Protos\" \/>\n<meta name=\"twitter:site\" content=\"@Bodegas_Protos\" \/>\n<meta name=\"twitter:label1\" content=\"Escrito por\" \/>\n\t<meta name=\"twitter:data1\" content=\"Bodegas Protos (F)\" \/>\n\t<meta name=\"twitter:label2\" content=\"Tiempo de lectura\" \/>\n\t<meta name=\"twitter:data2\" content=\"4 minutos\" \/>\n<script type=\"application\/ld+json\" class=\"yoast-schema-graph\">{\"@context\":\"https:\\\/\\\/schema.org\",\"@graph\":[{\"@type\":\"Article\",\"@id\":\"https:\\\/\\\/www.bodegasprotos.com\\\/es\\\/blog\\\/cinco-vinos-con-maridajes-para-celebrar-el-dia-del-soltero\\\/#article\",\"isPartOf\":{\"@id\":\"https:\\\/\\\/www.bodegasprotos.com\\\/es\\\/blog\\\/cinco-vinos-con-maridajes-para-celebrar-el-dia-del-soltero\\\/\"},\"author\":{\"name\":\"Bodegas Protos (F)\",\"@id\":\"https:\\\/\\\/www.bodegasprotos.com\\\/es\\\/#\\\/schema\\\/person\\\/6cb69a08afa14171755cee0df7d20027\"},\"headline\":\"Cinco vinos con maridajes para celebrar el D\u00eda del Soltero\",\"datePublished\":\"2022-11-10T13:16:32+00:00\",\"dateModified\":\"2022-11-10T13:22:42+00:00\",\"mainEntityOfPage\":{\"@id\":\"https:\\\/\\\/www.bodegasprotos.com\\\/es\\\/blog\\\/cinco-vinos-con-maridajes-para-celebrar-el-dia-del-soltero\\\/\"},\"wordCount\":411,\"publisher\":{\"@id\":\"https:\\\/\\\/www.bodegasprotos.com\\\/es\\\/#organization\"},\"image\":{\"@id\":\"https:\\\/\\\/www.bodegasprotos.com\\\/es\\\/blog\\\/cinco-vinos-con-maridajes-para-celebrar-el-dia-del-soltero\\\/#primaryimage\"},\"thumbnailUrl\":\"https:\\\/\\\/www.bodegasprotos.com\\\/wp-content\\\/uploads\\\/2022\\\/11\\\/justin-aikin-UtYx_Emlg5k-unsplash-scaled.jpg\",\"articleSection\":[\"Blog\",\"General\"],\"inLanguage\":\"es\"},{\"@type\":\"WebPage\",\"@id\":\"https:\\\/\\\/www.bodegasprotos.com\\\/es\\\/blog\\\/cinco-vinos-con-maridajes-para-celebrar-el-dia-del-soltero\\\/\",\"url\":\"https:\\\/\\\/www.bodegasprotos.com\\\/es\\\/blog\\\/cinco-vinos-con-maridajes-para-celebrar-el-dia-del-soltero\\\/\",\"name\":\"Cinco vinos con maridajes para celebrar el D\u00eda del Soltero - Bodegas Protos\",\"isPartOf\":{\"@id\":\"https:\\\/\\\/www.bodegasprotos.com\\\/es\\\/#website\"},\"primaryImageOfPage\":{\"@id\":\"https:\\\/\\\/www.bodegasprotos.com\\\/es\\\/blog\\\/cinco-vinos-con-maridajes-para-celebrar-el-dia-del-soltero\\\/#primaryimage\"},\"image\":{\"@id\":\"https:\\\/\\\/www.bodegasprotos.com\\\/es\\\/blog\\\/cinco-vinos-con-maridajes-para-celebrar-el-dia-del-soltero\\\/#primaryimage\"},\"thumbnailUrl\":\"https:\\\/\\\/www.bodegasprotos.com\\\/wp-content\\\/uploads\\\/2022\\\/11\\\/justin-aikin-UtYx_Emlg5k-unsplash-scaled.jpg\",\"datePublished\":\"2022-11-10T13:16:32+00:00\",\"dateModified\":\"2022-11-10T13:22:42+00:00\",\"description\":\"Ma\u00f1ana, se celebra el d\u00eda del Soltero, y para poder hacerlo a lo grande, te proponemos cinco vinos Protos con sus correspondientes maridajes. Una fusi\u00f3n\",\"breadcrumb\":{\"@id\":\"https:\\\/\\\/www.bodegasprotos.com\\\/es\\\/blog\\\/cinco-vinos-con-maridajes-para-celebrar-el-dia-del-soltero\\\/#breadcrumb\"},\"inLanguage\":\"es\",\"potentialAction\":[{\"@type\":\"ReadAction\",\"target\":[\"https:\\\/\\\/www.bodegasprotos.com\\\/es\\\/blog\\\/cinco-vinos-con-maridajes-para-celebrar-el-dia-del-soltero\\\/\"]}]},{\"@type\":\"ImageObject\",\"inLanguage\":\"es\",\"@id\":\"https:\\\/\\\/www.bodegasprotos.com\\\/es\\\/blog\\\/cinco-vinos-con-maridajes-para-celebrar-el-dia-del-soltero\\\/#primaryimage\",\"url\":\"https:\\\/\\\/www.bodegasprotos.com\\\/wp-content\\\/uploads\\\/2022\\\/11\\\/justin-aikin-UtYx_Emlg5k-unsplash-scaled.jpg\",\"contentUrl\":\"https:\\\/\\\/www.bodegasprotos.com\\\/wp-content\\\/uploads\\\/2022\\\/11\\\/justin-aikin-UtYx_Emlg5k-unsplash-scaled.jpg\",\"width\":2560,\"height\":1707},{\"@type\":\"BreadcrumbList\",\"@id\":\"https:\\\/\\\/www.bodegasprotos.com\\\/es\\\/blog\\\/cinco-vinos-con-maridajes-para-celebrar-el-dia-del-soltero\\\/#breadcrumb\",\"itemListElement\":[{\"@type\":\"ListItem\",\"position\":1,\"name\":\"Portada\",\"item\":\"https:\\\/\\\/www.bodegasprotos.com\\\/es\\\/\"},{\"@type\":\"ListItem\",\"position\":2,\"name\":\"Cinco vinos con maridajes para celebrar el D\u00eda del Soltero\"}]},{\"@type\":\"WebSite\",\"@id\":\"https:\\\/\\\/www.bodegasprotos.com\\\/es\\\/#website\",\"url\":\"https:\\\/\\\/www.bodegasprotos.com\\\/es\\\/\",\"name\":\"Bodegas Protos\",\"description\":\"Vinos de la Denominaci\u00f3n de Origen Ribera del Duero, Rueda y Cigales\",\"publisher\":{\"@id\":\"https:\\\/\\\/www.bodegasprotos.com\\\/es\\\/#organization\"},\"potentialAction\":[{\"@type\":\"SearchAction\",\"target\":{\"@type\":\"EntryPoint\",\"urlTemplate\":\"https:\\\/\\\/www.bodegasprotos.com\\\/es\\\/?s={search_term_string}\"},\"query-input\":{\"@type\":\"PropertyValueSpecification\",\"valueRequired\":true,\"valueName\":\"search_term_string\"}}],\"inLanguage\":\"es\"},{\"@type\":\"Organization\",\"@id\":\"https:\\\/\\\/www.bodegasprotos.com\\\/es\\\/#organization\",\"name\":\"Bodegas Protos\",\"url\":\"https:\\\/\\\/www.bodegasprotos.com\\\/es\\\/\",\"logo\":{\"@type\":\"ImageObject\",\"inLanguage\":\"es\",\"@id\":\"https:\\\/\\\/www.bodegasprotos.com\\\/es\\\/#\\\/schema\\\/logo\\\/image\\\/\",\"url\":\"https:\\\/\\\/www.bodegasprotos.com\\\/wp-content\\\/uploads\\\/2024\\\/06\\\/PROTOS-LOGOS-VERSIONES-13.png\",\"contentUrl\":\"https:\\\/\\\/www.bodegasprotos.com\\\/wp-content\\\/uploads\\\/2024\\\/06\\\/PROTOS-LOGOS-VERSIONES-13.png\",\"width\":2362,\"height\":2362,\"caption\":\"Bodegas Protos\"},\"image\":{\"@id\":\"https:\\\/\\\/www.bodegasprotos.com\\\/es\\\/#\\\/schema\\\/logo\\\/image\\\/\"},\"sameAs\":[\"https:\\\/\\\/www.facebook.com\\\/BodegasProtos\",\"https:\\\/\\\/x.com\\\/Bodegas_Protos\",\"https:\\\/\\\/www.instagram.com\\\/bodegasprotosoficial\\\/\",\"https:\\\/\\\/www.linkedin.com\\\/company\\\/bodegasprotos\\\/\",\"https:\\\/\\\/pinterest.com\\\/BodegasProtos\\\/\",\"http:\\\/\\\/www.youtube.com\\\/user\\\/BodegasProtos\",\"https:\\\/\\\/es.wikipedia.org\\\/wiki\\\/Bodegas_Protos\"]},{\"@type\":\"Person\",\"@id\":\"https:\\\/\\\/www.bodegasprotos.com\\\/es\\\/#\\\/schema\\\/person\\\/6cb69a08afa14171755cee0df7d20027\",\"name\":\"Bodegas Protos (F)\",\"image\":{\"@type\":\"ImageObject\",\"inLanguage\":\"es\",\"@id\":\"https:\\\/\\\/secure.gravatar.com\\\/avatar\\\/cc613a9fd2ee203f402357c1b4aa2b7c041016cbf1eab1e41bde410b2ebd7f94?s=96&d=mm&r=g\",\"url\":\"https:\\\/\\\/secure.gravatar.com\\\/avatar\\\/cc613a9fd2ee203f402357c1b4aa2b7c041016cbf1eab1e41bde410b2ebd7f94?s=96&d=mm&r=g\",\"contentUrl\":\"https:\\\/\\\/secure.gravatar.com\\\/avatar\\\/cc613a9fd2ee203f402357c1b4aa2b7c041016cbf1eab1e41bde410b2ebd7f94?s=96&d=mm&r=g\",\"caption\":\"Bodegas Protos (F)\"},\"sameAs\":[\"https:\\\/\\\/www.bodegasprotos.com\"]}]}<\/script>\n<!-- \/ Yoast SEO plugin. -->","yoast_head_json":{"title":"Cinco vinos con maridajes para celebrar el D\u00eda del Soltero - Bodegas Protos","description":"Ma\u00f1ana, se celebra el d\u00eda del Soltero, y para poder hacerlo a lo grande, te proponemos cinco vinos Protos con sus correspondientes maridajes. Una fusi\u00f3n","robots":{"index":"index","follow":"follow","max-snippet":"max-snippet:-1","max-image-preview":"max-image-preview:large","max-video-preview":"max-video-preview:-1"},"canonical":"https:\/\/www.bodegasprotos.com\/es\/blog\/cinco-vinos-con-maridajes-para-celebrar-el-dia-del-soltero\/","og_locale":"es_ES","og_type":"article","og_title":"Cinco vinos con maridajes para celebrar el D\u00eda del Soltero - Bodegas Protos","og_description":"Ma\u00f1ana, se celebra el d\u00eda del Soltero, y para poder hacerlo a lo grande, te proponemos cinco vinos Protos con sus correspondientes maridajes. Una fusi\u00f3n","og_url":"https:\/\/www.bodegasprotos.com\/es\/blog\/cinco-vinos-con-maridajes-para-celebrar-el-dia-del-soltero\/","og_site_name":"Bodegas Protos","article_publisher":"https:\/\/www.facebook.com\/BodegasProtos","article_published_time":"2022-11-10T13:16:32+00:00","article_modified_time":"2022-11-10T13:22:42+00:00","og_image":[{"width":2560,"height":1707,"url":"https:\/\/www.bodegasprotos.com\/wp-content\/uploads\/2022\/11\/justin-aikin-UtYx_Emlg5k-unsplash-scaled.jpg","type":"image\/jpeg"}],"author":"Bodegas Protos (F)","twitter_card":"summary_large_image","twitter_creator":"@Bodegas_Protos","twitter_site":"@Bodegas_Protos","twitter_misc":{"Escrito por":"Bodegas Protos (F)","Tiempo de lectura":"4 minutos"},"schema":{"@context":"https:\/\/schema.org","@graph":[{"@type":"Article","@id":"https:\/\/www.bodegasprotos.com\/es\/blog\/cinco-vinos-con-maridajes-para-celebrar-el-dia-del-soltero\/#article","isPartOf":{"@id":"https:\/\/www.bodegasprotos.com\/es\/blog\/cinco-vinos-con-maridajes-para-celebrar-el-dia-del-soltero\/"},"author":{"name":"Bodegas Protos (F)","@id":"https:\/\/www.bodegasprotos.com\/es\/#\/schema\/person\/6cb69a08afa14171755cee0df7d20027"},"headline":"Cinco vinos con maridajes para celebrar el D\u00eda del Soltero","datePublished":"2022-11-10T13:16:32+00:00","dateModified":"2022-11-10T13:22:42+00:00","mainEntityOfPage":{"@id":"https:\/\/www.bodegasprotos.com\/es\/blog\/cinco-vinos-con-maridajes-para-celebrar-el-dia-del-soltero\/"},"wordCount":411,"publisher":{"@id":"https:\/\/www.bodegasprotos.com\/es\/#organization"},"image":{"@id":"https:\/\/www.bodegasprotos.com\/es\/blog\/cinco-vinos-con-maridajes-para-celebrar-el-dia-del-soltero\/#primaryimage"},"thumbnailUrl":"https:\/\/www.bodegasprotos.com\/wp-content\/uploads\/2022\/11\/justin-aikin-UtYx_Emlg5k-unsplash-scaled.jpg","articleSection":["Blog","General"],"inLanguage":"es"},{"@type":"WebPage","@id":"https:\/\/www.bodegasprotos.com\/es\/blog\/cinco-vinos-con-maridajes-para-celebrar-el-dia-del-soltero\/","url":"https:\/\/www.bodegasprotos.com\/es\/blog\/cinco-vinos-con-maridajes-para-celebrar-el-dia-del-soltero\/","name":"Cinco vinos con maridajes para celebrar el D\u00eda del Soltero - Bodegas Protos","isPartOf":{"@id":"https:\/\/www.bodegasprotos.com\/es\/#website"},"primaryImageOfPage":{"@id":"https:\/\/www.bodegasprotos.com\/es\/blog\/cinco-vinos-con-maridajes-para-celebrar-el-dia-del-soltero\/#primaryimage"},"image":{"@id":"https:\/\/www.bodegasprotos.com\/es\/blog\/cinco-vinos-con-maridajes-para-celebrar-el-dia-del-soltero\/#primaryimage"},"thumbnailUrl":"https:\/\/www.bodegasprotos.com\/wp-content\/uploads\/2022\/11\/justin-aikin-UtYx_Emlg5k-unsplash-scaled.jpg","datePublished":"2022-11-10T13:16:32+00:00","dateModified":"2022-11-10T13:22:42+00:00","description":"Ma\u00f1ana, se celebra el d\u00eda del Soltero, y para poder hacerlo a lo grande, te proponemos cinco vinos Protos con sus correspondientes maridajes. Una fusi\u00f3n","breadcrumb":{"@id":"https:\/\/www.bodegasprotos.com\/es\/blog\/cinco-vinos-con-maridajes-para-celebrar-el-dia-del-soltero\/#breadcrumb"},"inLanguage":"es","potentialAction":[{"@type":"ReadAction","target":["https:\/\/www.bodegasprotos.com\/es\/blog\/cinco-vinos-con-maridajes-para-celebrar-el-dia-del-soltero\/"]}]},{"@type":"ImageObject","inLanguage":"es","@id":"https:\/\/www.bodegasprotos.com\/es\/blog\/cinco-vinos-con-maridajes-para-celebrar-el-dia-del-soltero\/#primaryimage","url":"https:\/\/www.bodegasprotos.com\/wp-content\/uploads\/2022\/11\/justin-aikin-UtYx_Emlg5k-unsplash-scaled.jpg","contentUrl":"https:\/\/www.bodegasprotos.com\/wp-content\/uploads\/2022\/11\/justin-aikin-UtYx_Emlg5k-unsplash-scaled.jpg","width":2560,"height":1707},{"@type":"BreadcrumbList","@id":"https:\/\/www.bodegasprotos.com\/es\/blog\/cinco-vinos-con-maridajes-para-celebrar-el-dia-del-soltero\/#breadcrumb","itemListElement":[{"@type":"ListItem","position":1,"name":"Portada","item":"https:\/\/www.bodegasprotos.com\/es\/"},{"@type":"ListItem","position":2,"name":"Cinco vinos con maridajes para celebrar el D\u00eda del Soltero"}]},{"@type":"WebSite","@id":"https:\/\/www.bodegasprotos.com\/es\/#website","url":"https:\/\/www.bodegasprotos.com\/es\/","name":"Bodegas Protos","description":"Vinos de la Denominaci\u00f3n de Origen Ribera del Duero, Rueda y Cigales","publisher":{"@id":"https:\/\/www.bodegasprotos.com\/es\/#organization"},"potentialAction":[{"@type":"SearchAction","target":{"@type":"EntryPoint","urlTemplate":"https:\/\/www.bodegasprotos.com\/es\/?s={search_term_string}"},"query-input":{"@type":"PropertyValueSpecification","valueRequired":true,"valueName":"search_term_string"}}],"inLanguage":"es"},{"@type":"Organization","@id":"https:\/\/www.bodegasprotos.com\/es\/#organization","name":"Bodegas Protos","url":"https:\/\/www.bodegasprotos.com\/es\/","logo":{"@type":"ImageObject","inLanguage":"es","@id":"https:\/\/www.bodegasprotos.com\/es\/#\/schema\/logo\/image\/","url":"https:\/\/www.bodegasprotos.com\/wp-content\/uploads\/2024\/06\/PROTOS-LOGOS-VERSIONES-13.png","contentUrl":"https:\/\/www.bodegasprotos.com\/wp-content\/uploads\/2024\/06\/PROTOS-LOGOS-VERSIONES-13.png","width":2362,"height":2362,"caption":"Bodegas Protos"},"image":{"@id":"https:\/\/www.bodegasprotos.com\/es\/#\/schema\/logo\/image\/"},"sameAs":["https:\/\/www.facebook.com\/BodegasProtos","https:\/\/x.com\/Bodegas_Protos","https:\/\/www.instagram.com\/bodegasprotosoficial\/","https:\/\/www.linkedin.com\/company\/bodegasprotos\/","https:\/\/pinterest.com\/BodegasProtos\/","http:\/\/www.youtube.com\/user\/BodegasProtos","https:\/\/es.wikipedia.org\/wiki\/Bodegas_Protos"]},{"@type":"Person","@id":"https:\/\/www.bodegasprotos.com\/es\/#\/schema\/person\/6cb69a08afa14171755cee0df7d20027","name":"Bodegas Protos (F)","image":{"@type":"ImageObject","inLanguage":"es","@id":"https:\/\/secure.gravatar.com\/avatar\/cc613a9fd2ee203f402357c1b4aa2b7c041016cbf1eab1e41bde410b2ebd7f94?s=96&d=mm&r=g","url":"https:\/\/secure.gravatar.com\/avatar\/cc613a9fd2ee203f402357c1b4aa2b7c041016cbf1eab1e41bde410b2ebd7f94?s=96&d=mm&r=g","contentUrl":"https:\/\/secure.gravatar.com\/avatar\/cc613a9fd2ee203f402357c1b4aa2b7c041016cbf1eab1e41bde410b2ebd7f94?s=96&d=mm&r=g","caption":"Bodegas Protos (F)"},"sameAs":["https:\/\/www.bodegasprotos.com"]}]}},"_links":{"self":[{"href":"https:\/\/www.bodegasprotos.com\/es\/wp-json\/wp\/v2\/posts\/34833","targetHints":{"allow":["GET"]}}],"collection":[{"href":"https:\/\/www.bodegasprotos.com\/es\/wp-json\/wp\/v2\/posts"}],"about":[{"href":"https:\/\/www.bodegasprotos.com\/es\/wp-json\/wp\/v2\/types\/post"}],"author":[{"embeddable":true,"href":"https:\/\/www.bodegasprotos.com\/es\/wp-json\/wp\/v2\/users\/3"}],"replies":[{"embeddable":true,"href":"https:\/\/www.bodegasprotos.com\/es\/wp-json\/wp\/v2\/comments?post=34833"}],"version-history":[{"count":0,"href":"https:\/\/www.bodegasprotos.com\/es\/wp-json\/wp\/v2\/posts\/34833\/revisions"}],"wp:featuredmedia":[{"embeddable":true,"href":"https:\/\/www.bodegasprotos.com\/es\/wp-json\/wp\/v2\/media\/34853"}],"wp:attachment":[{"href":"https:\/\/www.bodegasprotos.com\/es\/wp-json\/wp\/v2\/media?parent=34833"}],"wp:term":[{"taxonomy":"category","embeddable":true,"href":"https:\/\/www.bodegasprotos.com\/es\/wp-json\/wp\/v2\/categories?post=34833"},{"taxonomy":"post_tag","embeddable":true,"href":"https:\/\/www.bodegasprotos.com\/es\/wp-json\/wp\/v2\/tags?post=34833"}],"curies":[{"name":"wp","href":"https:\/\/api.w.org\/{rel}","templated":true}]}}