{"id":34784,"date":"2022-10-28T11:30:40","date_gmt":"2022-10-28T09:30:40","guid":{"rendered":"https:\/\/www.bodegasprotos.com\/?p=34784"},"modified":"2022-10-28T19:58:41","modified_gmt":"2022-10-28T17:58:41","slug":"el-expolio-nazi-al-mundo-del-vino","status":"publish","type":"post","link":"https:\/\/www.bodegasprotos.com\/es\/blog\/el-expolio-nazi-al-mundo-del-vino\/","title":{"rendered":"El expolio nazi al mundo del vino"},"content":{"rendered":"<p>Es bien sabido por todos, que durante el III Reich, los alemanes ten\u00edan especial inter\u00e9s por confiscar toda clase de objetos de gran valor como: obras de arte, joyas, ornamentos\u2026 y, tambi\u00e9n, estaban obsesionados con el vino, en concreto, con el vino franc\u00e9s.<\/p>\n<p>En este nuevo post, queremos hablarte de c\u00f3mo los nazis quisieron hacerse con el venerado vino franc\u00e9s y c\u00f3mo el pueblo galo defendi\u00f3 su patrimonio vitivin\u00edcola con u\u00f1as y dientes.<\/p>\n<p>Te invitamos a descorchar una botella de <a href=\"https:\/\/www.bodegasprotos.com\/es\/vino\/aire-de-protos\/\">Aire de Protos<\/a>, y que te sumerjas en esta lectura, mientras degustas el vino m\u00e1s provenzal de nuestra bodega.<\/p>\n<div id=\"attachment_34803\" style=\"width: 310px\" class=\"wp-caption aligncenter\"><a href=\"https:\/\/commons.wikimedia.org\/wiki\/File:Bundesarchiv_Bild_101I-058-1760-25A,_Frankreich,_deutsche_Besatzung.jpg\"><img fetchpriority=\"high\" decoding=\"async\" aria-describedby=\"caption-attachment-34803\" class=\"wp-image-34803 size-medium\" src=\"https:\/\/www.bodegasprotos.com\/wp-content\/uploads\/2022\/10\/Bundesarchiv_Bild_101I-058-1760-25A_Frankreich_deutsche_Besatzung-300x210.jpg\" alt=\"\" width=\"300\" height=\"210\" srcset=\"https:\/\/www.bodegasprotos.com\/wp-content\/uploads\/2022\/10\/Bundesarchiv_Bild_101I-058-1760-25A_Frankreich_deutsche_Besatzung-300x210.jpg 300w, https:\/\/www.bodegasprotos.com\/wp-content\/uploads\/2022\/10\/Bundesarchiv_Bild_101I-058-1760-25A_Frankreich_deutsche_Besatzung-768x538.jpg 768w, https:\/\/www.bodegasprotos.com\/wp-content\/uploads\/2022\/10\/Bundesarchiv_Bild_101I-058-1760-25A_Frankreich_deutsche_Besatzung.jpg 800w\" sizes=\"(max-width: 300px) 100vw, 300px\" \/><\/a><p id=\"caption-attachment-34803\" class=\"wp-caption-text\"><a href=\"https:\/\/commons.wikimedia.org\/wiki\/File:Bundesarchiv_Bild_101I-058-1760-25A,_Frankreich,_deutsche_Besatzung.jpg\">Fuernte: Frankreich, deutsche Besatzung. Autor: Harren<\/a><\/p><\/div>\n<h2><strong>COMIENZA LA GUERRA<\/strong><\/h2>\n<p>En 1939 comienza la Segunda Guerra Mundial, y ese mismo a\u00f1o, coincide con la peor cosecha en Francia. \u00bfCoincidencia? Puede que la naturaleza, siempre sabia, presagiaba lo que iba a ocurrir.<\/p>\n<p>Reflexiones aparte, lo que s\u00ed es un hecho claro, es que 1939, el a\u00f1o que estall\u00f3 la guerra, los viticultores franceses no tuvieron muy buena suerte con sus vinos.<\/p>\n<p>Quiz\u00e1s, este cap\u00edtulo de la historia es menos conocido que otros, pero la insistencia del III Reich, y concretamente, el Mariscal Herman Goring, por hacerse con los mejores vinos de la Francia ocupada, y la resistencia de los viticultores franceses para imped\u00edrselo, merece una especial rese\u00f1a.<\/p>\n<p>Desde 1940 hasta el fin de la ocupaci\u00f3n francesa, los nazis decidieron hacerse con todo el vino franc\u00e9s, siendo la regi\u00f3n de Champagne la que suscitaba mayor inter\u00e9s.<\/p>\n<p>Los viticultores franceses no estaban por la labor de dejar que los alemanes se apropiaran de su mejor vino, por eso, lo protegieron, usando verdaderas artima\u00f1as para conseguir darles \u201cgato por liebre\u201d.<\/p>\n<p><img decoding=\"async\" class=\"size-medium wp-image-34789 aligncenter\" src=\"https:\/\/www.bodegasprotos.com\/wp-content\/uploads\/2022\/10\/1-1-300x198.jpg\" alt=\"\" width=\"300\" height=\"198\" srcset=\"https:\/\/www.bodegasprotos.com\/wp-content\/uploads\/2022\/10\/1-1-300x198.jpg 300w, https:\/\/www.bodegasprotos.com\/wp-content\/uploads\/2022\/10\/1-1-768x508.jpg 768w, https:\/\/www.bodegasprotos.com\/wp-content\/uploads\/2022\/10\/1-1.jpg 799w\" sizes=\"(max-width: 300px) 100vw, 300px\" \/><\/p>\n<h2><strong>LOS WEINF\u00dcHRER<\/strong><\/h2>\n<p>Con el fin de tener el control sobre las producciones de vino francesas, el III Reich mand\u00f3 a un oficial alem\u00e1n a cada una de las regiones vitivin\u00edcolas de Francia: los weinf\u00fchrer, como les llamaba la poblaci\u00f3n francesa.<\/p>\n<p>Es por esto, que regiones como Burdeos, Borgo\u00f1a y Champagne, contaban con un weinf\u00fchrer cuyo papel era hacer de intermediarios entre los productores de vino y el r\u00e9gimen.<\/p>\n<p>Estos weinf\u00fchrer conoc\u00edan bien el negocio del vino y en contra de lo que podemos pensar, intentaron garantizar una cierta estabilidad en la industria del vino, siempre pensando en sus intereses personales y comerciales ya que las guerras tarde o temprano acaban.<\/p>\n<h2><strong>REGIONES VITIVIN\u00cdCOLAS<\/strong><\/h2>\n<h3><strong>Regi\u00f3n de Champagne<\/strong><\/h3>\n<p>Tal y como adelant\u00e1bamos, fue una de las regiones m\u00e1s deseadas y castigadas por los alemanes.<\/p>\n<p>El weinf\u00fchrer destinado a esta regi\u00f3n fue Otto Klaebisch, nacido en Cognac, cu\u00f1ado del ministro de Asuntos Exteriores, Joaquim Von Ribetropp, con buen conocimiento del vino, pero al que tambi\u00e9n le gustaba la buena vida.<\/p>\n<p>Y, resaltamos este \u00faltimo punto, porque tanto era as\u00ed, que, seg\u00fan explica Julian Hitner, en la revista Decanter, una vez se estableci\u00f3 en Champagne, encarg\u00f3 a una conocida marca, que abasteciera al r\u00e9gimen con 400.000 botellas a la semana.<\/p>\n<p>Pero no fue solo Klaebisch el m\u00e1s codicioso. Las tropas alemanas, en las primeras semanas de la ocupaci\u00f3n en Francia, consiguieron llevarse dos millones de botellas.<\/p>\n<p>Como es normal, los viticultores no vieron esto con buenos ojos y comenzaron a tramar distintas formas de timar a los alemanes\u2026 algo de lo que hablaremos m\u00e1s adelante.<\/p>\n<p>Claramente, la relaci\u00f3n entre el weinf\u00fchrer y los productores de Champagne no eran buenas hasta que gracias al Conde Rober Jean de Vog\u00fc\u00e9 se comenz\u00f3 una relaci\u00f3n m\u00e1s diplom\u00e1tica y se evit\u00f3 el saqueo de las cavas de las bodegas.<\/p>\n<p>Adem\u00e1s, se fund\u00f3 el CIVC, Comit\u00e9 Interprofesional del vino de Champagne, comit\u00e9 que continua hasta la actualidad.<\/p>\n<p>Como dato, se estima que se enviaron a Alemania, unos 320 millones de botellas.<\/p>\n<p><img decoding=\"async\" class=\"aligncenter size-medium wp-image-34797\" src=\"https:\/\/www.bodegasprotos.com\/wp-content\/uploads\/2022\/10\/black-and-white-wine-tunnel-ceiling-ancient-italy-1104323-pxhere.com_-300x199.jpg\" alt=\"\" width=\"300\" height=\"199\" srcset=\"https:\/\/www.bodegasprotos.com\/wp-content\/uploads\/2022\/10\/black-and-white-wine-tunnel-ceiling-ancient-italy-1104323-pxhere.com_-300x199.jpg 300w, https:\/\/www.bodegasprotos.com\/wp-content\/uploads\/2022\/10\/black-and-white-wine-tunnel-ceiling-ancient-italy-1104323-pxhere.com_-1024x680.jpg 1024w, https:\/\/www.bodegasprotos.com\/wp-content\/uploads\/2022\/10\/black-and-white-wine-tunnel-ceiling-ancient-italy-1104323-pxhere.com_-768x510.jpg 768w, https:\/\/www.bodegasprotos.com\/wp-content\/uploads\/2022\/10\/black-and-white-wine-tunnel-ceiling-ancient-italy-1104323-pxhere.com_-1536x1020.jpg 1536w, https:\/\/www.bodegasprotos.com\/wp-content\/uploads\/2022\/10\/black-and-white-wine-tunnel-ceiling-ancient-italy-1104323-pxhere.com_-2048x1360.jpg 2048w\" sizes=\"(max-width: 300px) 100vw, 300px\" \/><\/p>\n<h3><strong>Regi\u00f3n de Burdeos<\/strong><\/h3>\n<p>El Weinf\u00fchrer encargado era Heinz B\u00f6mers, director de Reidemeister &amp; Ulrichs, la mayor empresa importadora de vinos de Alemania, que no ten\u00eda gran simpat\u00eda con las ideas del r\u00e9gimen nazi.<\/p>\n<p>B\u00f6mers fue un oficial con un af\u00e1n conciliador. Intent\u00f3 en todo momento encontrar un equilibrio entre lo que exig\u00edan las jerarqu\u00edas nazis y los requerimientos de los viticultores franceses.<\/p>\n<p>Debido a su trabajo, B\u00f6mers conoc\u00eda a Roger Descas, representante de Vichy, ante el cuartel general del Servicio Econ\u00f3mico Alem\u00e1n en Par\u00eds.<\/p>\n<p>\u00c9l era el encargado de negociar los precios y cuotas del vino entre los alemanes y franceses y sus ideas eran muy similares a las de B\u00f6mers. Es por eso, que ten\u00eda que intentar mantener una balanza para contentar tanto a galos como a germanos. Situaci\u00f3n nada dif\u00edcil para ambos.<\/p>\n<p>Ante esta problem\u00e1tica, B\u00f6mers dise\u00f1\u00f3 una artima\u00f1a para lograr el objetivo com\u00fan: ponerse de acuerdo en los precios y cuotas del vino, la noche antes de ir a las oficinas econ\u00f3micas germanas.<\/p>\n<p>Una vez, cerrado el acuerdo, acudir\u00edan a la ma\u00f1ana siguiente a las oficinas, y durante la reuni\u00f3n, discutir\u00edan de manera ficticia, para finalmente, terminar en el acuerdo que ya hab\u00edan pactado la noche anterior.<\/p>\n<h3><strong>En Borgo\u00f1a<\/strong><\/h3>\n<p>Adolf Segnitz era el encargado de controlar la regi\u00f3n. Su comportamiento fue muy similar al de B\u00f6mers. Un oficial que siempre fue amable y nunca se puso el uniforme.<\/p>\n<p>Una de sus frases m\u00edticas fue \u00abestoy aqu\u00ed para comprar vino. Si desean vend\u00e9rmelo, estupendo, pero no ser\u00e9 yo quien les obligue a hacerlo\u00bb.<\/p>\n<h2><strong>LOS ENGA\u00d1OS DE LOS FRANCESES<\/strong><\/h2>\n<p>Los viticultores franceses no iban a estar de brazos cruzados esperando a que las jerarqu\u00edas nazis disfrutaran de este tesoro tan preciado, as\u00ed que defendieron su vino con el fin de que no cayera en las manos equivocadas.<\/p>\n<p>Algunas de las trampas que llevaron a cabo, fueron tapiar bodegas, enterrar botellas, e incluso, meterlas en estanques y embalses.<\/p>\n<p>Los viticultores de la regi\u00f3n de Champagne etiquetaban sus champagnes malos con etiquetas de sus cuv\u00e9es m\u00e1s valorados. Algunos, como otra conocida marca de Champagne, lleg\u00f3 a poner en su etiqueta \u201cPoison\u201d (Veneno).<\/p>\n<p>Los bordaleses ensuciaban las botellas con polvo para mostrar vinos envejecidos, enviaban botellas vac\u00edas\u2026 Sin embargo, estas tretas no funcionaban con los supervisores ya que cataban los vinos que se enviaban a Berl\u00edn.<\/p>\n<p>Sacaban sus peores a\u00f1adas para enviar a Alemania y de este modo, despejaban sus almacenes.<\/p>\n<p>Incluso, llegaron a ocultar en el restaurante Le Bouchon (El corcho, en franc\u00e9s), sus mejores botellas, tal y como cuentan los periodistas Javier M\u00e1rquez S\u00e1nchez y Rodrigo Varona en el libro <a href=\"https:\/\/www.amazon.es\/Fuera-carta-RODRIGO-VARONA\/dp\/8494629999\">Fuera de Carta<\/a>.<\/p>\n<p>El ingenio de los franceses en su m\u00e1ximo esplendor para que los nazis no se apropiaran de su patrimonio.<\/p>\n<div id=\"attachment_34801\" style=\"width: 310px\" class=\"wp-caption aligncenter\"><a href=\"https:\/\/commons.wikimedia.org\/wiki\/File:German_soldiers_before_Arc_du_Carrousel_1940.jpg\"><img loading=\"lazy\" decoding=\"async\" aria-describedby=\"caption-attachment-34801\" class=\"wp-image-34801 size-medium\" src=\"https:\/\/www.bodegasprotos.com\/wp-content\/uploads\/2022\/10\/German_soldiers_before_Arc_du_Carrousel_1940-300x204.jpg\" alt=\"\" width=\"300\" height=\"204\" srcset=\"https:\/\/www.bodegasprotos.com\/wp-content\/uploads\/2022\/10\/German_soldiers_before_Arc_du_Carrousel_1940-300x204.jpg 300w, https:\/\/www.bodegasprotos.com\/wp-content\/uploads\/2022\/10\/German_soldiers_before_Arc_du_Carrousel_1940-768x522.jpg 768w, https:\/\/www.bodegasprotos.com\/wp-content\/uploads\/2022\/10\/German_soldiers_before_Arc_du_Carrousel_1940.jpg 800w\" sizes=\"(max-width: 300px) 100vw, 300px\" \/><\/a><p id=\"caption-attachment-34801\" class=\"wp-caption-text\"><a href=\"https:\/\/commons.wikimedia.org\/wiki\/File:German_soldiers_before_Arc_du_Carrousel_1940.jpg\">Soldiers of German Wehrmacht in front of the Arc de Triomphe du Carrousel in the occupied Paris, 1940. Autor: family\/<\/a><a title=\"User:John N.\" href=\"https:\/\/commons.wikimedia.org\/wiki\/User:John_N.\">John N.<\/a><\/p><\/div>\n<h2><strong>ALGUNOS DATOS CURIOSOS<\/strong><\/h2>\n<p>Si, destac\u00e1bamos la heroicidad de los champanoises, hay que contar un episodio propio de esp\u00edas, los cuales abundaban mucho por aquella \u00e9poca. Los productores de vino y la resistencia francesa intentaron sabotear en muchas ocasiones los pedidos dirigidos a los nazis, tarea bastante dif\u00edcil.<\/p>\n<p>Estar en contacto e intentar estos sabotajes, les sirvi\u00f3 para averiguar un encargo muy \u201cespecial\u201d que se hizo de botellas de champagne encorchadas a conciencia y muy bien empaquetadas, con destino a \u201cun pa\u00eds muy c\u00e1lido\u201d\u2026<\/p>\n<p>El pa\u00eds result\u00f3 ser Egipto donde el general Rommel estaba a punto de comenzar su campa\u00f1a al frente del Africa Korps. La resistencia francesa no dudo en informar de esto a la inteligencia brit\u00e1nica.<\/p>\n<h2><strong>Final de la guerra<\/strong><\/h2>\n<p>Comenz\u00e1bamos este post, diciendo que el a\u00f1o del comienzo de la guerra fue la peor cosecha para Francia, y curiosamente, el a\u00f1o de la victoria fue el a\u00f1o de su mejor cosecha.<\/p>\n<p>De nuevo, la naturaleza\u2026<\/p>\n<p>El final de la guerra y la producci\u00f3n de buenos vinos hizo que esta nueva etapa fuera muy significativa para el cultivo y la elaboraci\u00f3n, lo que propici\u00f3 el gran comercio.<\/p>\n<p>Los caballos fueron sustituidos por los tractores de eje y las mujeres dejaron de embotellar porque se empez\u00f3 a trabajar con m\u00e1quinas embotelladoras. Muchos viticultores franceses que lucharon extrapolaron su experiencia en la guerra a sus empresas (<a href=\"https:\/\/www.amazon.es\/guerra-del-vino-Estudios-documentos\/dp\/8491119205\/ref=sr_1_1?qid=1666880807&amp;refinements=p_27%3ADon+Kladstrup%5EPetie+Kladstrup&amp;s=books&amp;sr=1-1\">Guerra del vino de Los <span class=\"author notFaded\" data-width=\"\">Kladstrup<\/span><\/a>).<\/p>\n<p>Otro hito destacable gira entorno a la figura de Heinz B\u00f6mers quien cuando acab\u00f3 la guerra escribi\u00f3 al bar\u00f3n Philippe de Rothschild, pregunt\u00e1ndole si pod\u00eda representar sus vinos en Alemania.<\/p>\n<p>El bar\u00f3n respondi\u00f3 \u201cS\u00ed, claro \u00bfno estamos construyendo una nueva Europa?\u201d<\/p>\n<p>En el libro Guerra del vino, podemos encontrar grandes historias, como la acontecida el 4 de mayo de 1945, cuando el piloto Bernard de Nonancourt descubri\u00f3 volando la puerta de una cueva oculta en los Alpes B\u00e1varos, donde se encontraba el famoso Kehlsteinjaus (Nido de \u00c1guila), refugio de Hitler, medio mill\u00f3n de botellas de los mejores vinos jam\u00e1s elaborados, grandes a\u00f1adas, la mayor parte de ellos, del siglo XIX.<\/p>\n<p>A de Nonancourt le sorprendi\u00f3 encontrar la gran cantidad de botellas de vino, pero m\u00e1s le llamar\u00eda la atenci\u00f3n a quien le pertenec\u00edan:<\/p>\n<p>Adolf Hitler.<\/p>\n<p>\u00c9l no beb\u00eda\u2026<\/p>\n<p><img loading=\"lazy\" decoding=\"async\" class=\"aligncenter size-medium wp-image-34799\" src=\"https:\/\/www.bodegasprotos.com\/wp-content\/uploads\/2022\/10\/biljana-martinic-IGJ_21drT3g-unsplash-300x201.jpg\" alt=\"\" width=\"300\" height=\"201\" srcset=\"https:\/\/www.bodegasprotos.com\/wp-content\/uploads\/2022\/10\/biljana-martinic-IGJ_21drT3g-unsplash-300x201.jpg 300w, https:\/\/www.bodegasprotos.com\/wp-content\/uploads\/2022\/10\/biljana-martinic-IGJ_21drT3g-unsplash-1024x685.jpg 1024w, https:\/\/www.bodegasprotos.com\/wp-content\/uploads\/2022\/10\/biljana-martinic-IGJ_21drT3g-unsplash-768x514.jpg 768w, https:\/\/www.bodegasprotos.com\/wp-content\/uploads\/2022\/10\/biljana-martinic-IGJ_21drT3g-unsplash-1536x1028.jpg 1536w, https:\/\/www.bodegasprotos.com\/wp-content\/uploads\/2022\/10\/biljana-martinic-IGJ_21drT3g-unsplash-2048x1371.jpg 2048w\" sizes=\"(max-width: 300px) 100vw, 300px\" \/><\/p>\n<h6 style=\"text-align: left;\"><em>Fuentes:<\/em><\/h6>\n<h6 style=\"text-align: left;\"><a href=\"http:\/\/buenosvinos.org\/2018\/01\/05\/hitler-el-dictador-que-amaba-los-buenos-vinos\/\">Pedro Escobar<\/a><\/h6>\n<h6 style=\"text-align: left;\"><a href=\"https:\/\/www.forosegundaguerra.com\/viewtopic.php?t=9125\">Foro Segunda Guerra Mundial<\/a><\/h6>\n<h6 style=\"text-align: left;\"><a href=\"https:\/\/historiasdelahistoria.com\/2020\/05\/15\/expolio-nazi-de-vino-y-arte-durante-la-ocupacion-de-francia\">Historia de la historia<\/a><\/h6>\n<h6 style=\"text-align: left;\"><strong><em>Bibliograf\u00eda:<\/em><\/strong><\/h6>\n<h6 style=\"text-align: left;\"><strong>Guerra del vino<\/strong>, Don Kladstrup, Petie Kladstrup<\/h6>\n<h6 style=\"text-align: left;\"><strong>Fuera de Carta<\/strong>, Javier M\u00e1rquez S\u00e1nchez y Rodrigo Varona<\/h6>\n","protected":false},"excerpt":{"rendered":"<p>Es bien sabido por todos, que durante el III Reich, los alemanes ten\u00edan especial inter\u00e9s por confiscar toda&#8230;<\/p>\n","protected":false},"author":3,"featured_media":34803,"comment_status":"closed","ping_status":"closed","sticky":false,"template":"","format":"standard","meta":{"_acf_changed":false,"footnotes":""},"categories":[87,1],"tags":[],"class_list":["post-34784","post","type-post","status-publish","format-standard","has-post-thumbnail","hentry","category-blog","category-general"],"acf":[],"yoast_head":"<!-- This site is optimized with the Yoast SEO plugin v27.5 - https:\/\/yoast.com\/product\/yoast-seo-wordpress\/ -->\n<title>El expolio nazi al mundo del vino - Bodegas Protos<\/title>\n<meta name=\"description\" content=\"Es bien sabido por todos, que durante el III Reich, los alemanes ten\u00edan especial inter\u00e9s por confiscar toda clase de objetos de gran valor como: obras de\" \/>\n<meta name=\"robots\" content=\"index, follow, max-snippet:-1, max-image-preview:large, max-video-preview:-1\" \/>\n<link rel=\"canonical\" href=\"https:\/\/www.bodegasprotos.com\/es\/blog\/el-expolio-nazi-al-mundo-del-vino\/\" \/>\n<meta property=\"og:locale\" content=\"es_ES\" \/>\n<meta property=\"og:type\" content=\"article\" \/>\n<meta property=\"og:title\" content=\"El expolio nazi al mundo del vino - Bodegas Protos\" \/>\n<meta property=\"og:description\" content=\"Es bien sabido por todos, que durante el III Reich, los alemanes ten\u00edan especial inter\u00e9s por confiscar toda clase de objetos de gran valor como: obras de\" \/>\n<meta property=\"og:url\" content=\"https:\/\/www.bodegasprotos.com\/es\/blog\/el-expolio-nazi-al-mundo-del-vino\/\" \/>\n<meta property=\"og:site_name\" content=\"Bodegas Protos\" \/>\n<meta property=\"article:publisher\" content=\"https:\/\/www.facebook.com\/BodegasProtos\" \/>\n<meta property=\"article:published_time\" content=\"2022-10-28T09:30:40+00:00\" \/>\n<meta property=\"article:modified_time\" content=\"2022-10-28T17:58:41+00:00\" \/>\n<meta property=\"og:image\" content=\"https:\/\/www.bodegasprotos.com\/wp-content\/uploads\/2022\/10\/Bundesarchiv_Bild_101I-058-1760-25A_Frankreich_deutsche_Besatzung.jpg\" \/>\n\t<meta property=\"og:image:width\" content=\"800\" \/>\n\t<meta property=\"og:image:height\" content=\"560\" \/>\n\t<meta property=\"og:image:type\" content=\"image\/jpeg\" \/>\n<meta name=\"author\" content=\"Bodegas Protos (F)\" \/>\n<meta name=\"twitter:card\" content=\"summary_large_image\" \/>\n<meta name=\"twitter:creator\" content=\"@Bodegas_Protos\" \/>\n<meta name=\"twitter:site\" content=\"@Bodegas_Protos\" \/>\n<meta name=\"twitter:label1\" content=\"Escrito por\" \/>\n\t<meta name=\"twitter:data1\" content=\"Bodegas Protos (F)\" \/>\n\t<meta name=\"twitter:label2\" content=\"Tiempo de lectura\" \/>\n\t<meta name=\"twitter:data2\" content=\"8 minutos\" \/>\n<script type=\"application\/ld+json\" class=\"yoast-schema-graph\">{\"@context\":\"https:\\\/\\\/schema.org\",\"@graph\":[{\"@type\":\"Article\",\"@id\":\"https:\\\/\\\/www.bodegasprotos.com\\\/es\\\/blog\\\/el-expolio-nazi-al-mundo-del-vino\\\/#article\",\"isPartOf\":{\"@id\":\"https:\\\/\\\/www.bodegasprotos.com\\\/es\\\/blog\\\/el-expolio-nazi-al-mundo-del-vino\\\/\"},\"author\":{\"name\":\"Bodegas Protos (F)\",\"@id\":\"https:\\\/\\\/www.bodegasprotos.com\\\/es\\\/#\\\/schema\\\/person\\\/6cb69a08afa14171755cee0df7d20027\"},\"headline\":\"El expolio nazi al mundo del vino\",\"datePublished\":\"2022-10-28T09:30:40+00:00\",\"dateModified\":\"2022-10-28T17:58:41+00:00\",\"mainEntityOfPage\":{\"@id\":\"https:\\\/\\\/www.bodegasprotos.com\\\/es\\\/blog\\\/el-expolio-nazi-al-mundo-del-vino\\\/\"},\"wordCount\":1617,\"publisher\":{\"@id\":\"https:\\\/\\\/www.bodegasprotos.com\\\/es\\\/#organization\"},\"image\":{\"@id\":\"https:\\\/\\\/www.bodegasprotos.com\\\/es\\\/blog\\\/el-expolio-nazi-al-mundo-del-vino\\\/#primaryimage\"},\"thumbnailUrl\":\"https:\\\/\\\/www.bodegasprotos.com\\\/wp-content\\\/uploads\\\/2022\\\/10\\\/Bundesarchiv_Bild_101I-058-1760-25A_Frankreich_deutsche_Besatzung.jpg\",\"articleSection\":[\"Blog\",\"General\"],\"inLanguage\":\"es\"},{\"@type\":\"WebPage\",\"@id\":\"https:\\\/\\\/www.bodegasprotos.com\\\/es\\\/blog\\\/el-expolio-nazi-al-mundo-del-vino\\\/\",\"url\":\"https:\\\/\\\/www.bodegasprotos.com\\\/es\\\/blog\\\/el-expolio-nazi-al-mundo-del-vino\\\/\",\"name\":\"El expolio nazi al mundo del vino - Bodegas Protos\",\"isPartOf\":{\"@id\":\"https:\\\/\\\/www.bodegasprotos.com\\\/es\\\/#website\"},\"primaryImageOfPage\":{\"@id\":\"https:\\\/\\\/www.bodegasprotos.com\\\/es\\\/blog\\\/el-expolio-nazi-al-mundo-del-vino\\\/#primaryimage\"},\"image\":{\"@id\":\"https:\\\/\\\/www.bodegasprotos.com\\\/es\\\/blog\\\/el-expolio-nazi-al-mundo-del-vino\\\/#primaryimage\"},\"thumbnailUrl\":\"https:\\\/\\\/www.bodegasprotos.com\\\/wp-content\\\/uploads\\\/2022\\\/10\\\/Bundesarchiv_Bild_101I-058-1760-25A_Frankreich_deutsche_Besatzung.jpg\",\"datePublished\":\"2022-10-28T09:30:40+00:00\",\"dateModified\":\"2022-10-28T17:58:41+00:00\",\"description\":\"Es bien sabido por todos, que durante el III Reich, los alemanes ten\u00edan especial inter\u00e9s por confiscar toda clase de objetos de gran valor como: obras de\",\"breadcrumb\":{\"@id\":\"https:\\\/\\\/www.bodegasprotos.com\\\/es\\\/blog\\\/el-expolio-nazi-al-mundo-del-vino\\\/#breadcrumb\"},\"inLanguage\":\"es\",\"potentialAction\":[{\"@type\":\"ReadAction\",\"target\":[\"https:\\\/\\\/www.bodegasprotos.com\\\/es\\\/blog\\\/el-expolio-nazi-al-mundo-del-vino\\\/\"]}]},{\"@type\":\"ImageObject\",\"inLanguage\":\"es\",\"@id\":\"https:\\\/\\\/www.bodegasprotos.com\\\/es\\\/blog\\\/el-expolio-nazi-al-mundo-del-vino\\\/#primaryimage\",\"url\":\"https:\\\/\\\/www.bodegasprotos.com\\\/wp-content\\\/uploads\\\/2022\\\/10\\\/Bundesarchiv_Bild_101I-058-1760-25A_Frankreich_deutsche_Besatzung.jpg\",\"contentUrl\":\"https:\\\/\\\/www.bodegasprotos.com\\\/wp-content\\\/uploads\\\/2022\\\/10\\\/Bundesarchiv_Bild_101I-058-1760-25A_Frankreich_deutsche_Besatzung.jpg\",\"width\":800,\"height\":560},{\"@type\":\"BreadcrumbList\",\"@id\":\"https:\\\/\\\/www.bodegasprotos.com\\\/es\\\/blog\\\/el-expolio-nazi-al-mundo-del-vino\\\/#breadcrumb\",\"itemListElement\":[{\"@type\":\"ListItem\",\"position\":1,\"name\":\"Portada\",\"item\":\"https:\\\/\\\/www.bodegasprotos.com\\\/es\\\/\"},{\"@type\":\"ListItem\",\"position\":2,\"name\":\"El expolio nazi al mundo del vino\"}]},{\"@type\":\"WebSite\",\"@id\":\"https:\\\/\\\/www.bodegasprotos.com\\\/es\\\/#website\",\"url\":\"https:\\\/\\\/www.bodegasprotos.com\\\/es\\\/\",\"name\":\"Bodegas Protos\",\"description\":\"Vinos de la Denominaci\u00f3n de Origen Ribera del Duero, Rueda y Cigales\",\"publisher\":{\"@id\":\"https:\\\/\\\/www.bodegasprotos.com\\\/es\\\/#organization\"},\"potentialAction\":[{\"@type\":\"SearchAction\",\"target\":{\"@type\":\"EntryPoint\",\"urlTemplate\":\"https:\\\/\\\/www.bodegasprotos.com\\\/es\\\/?s={search_term_string}\"},\"query-input\":{\"@type\":\"PropertyValueSpecification\",\"valueRequired\":true,\"valueName\":\"search_term_string\"}}],\"inLanguage\":\"es\"},{\"@type\":\"Organization\",\"@id\":\"https:\\\/\\\/www.bodegasprotos.com\\\/es\\\/#organization\",\"name\":\"Bodegas Protos\",\"url\":\"https:\\\/\\\/www.bodegasprotos.com\\\/es\\\/\",\"logo\":{\"@type\":\"ImageObject\",\"inLanguage\":\"es\",\"@id\":\"https:\\\/\\\/www.bodegasprotos.com\\\/es\\\/#\\\/schema\\\/logo\\\/image\\\/\",\"url\":\"https:\\\/\\\/www.bodegasprotos.com\\\/wp-content\\\/uploads\\\/2024\\\/06\\\/PROTOS-LOGOS-VERSIONES-13.png\",\"contentUrl\":\"https:\\\/\\\/www.bodegasprotos.com\\\/wp-content\\\/uploads\\\/2024\\\/06\\\/PROTOS-LOGOS-VERSIONES-13.png\",\"width\":2362,\"height\":2362,\"caption\":\"Bodegas Protos\"},\"image\":{\"@id\":\"https:\\\/\\\/www.bodegasprotos.com\\\/es\\\/#\\\/schema\\\/logo\\\/image\\\/\"},\"sameAs\":[\"https:\\\/\\\/www.facebook.com\\\/BodegasProtos\",\"https:\\\/\\\/x.com\\\/Bodegas_Protos\",\"https:\\\/\\\/www.instagram.com\\\/bodegasprotosoficial\\\/\",\"https:\\\/\\\/www.linkedin.com\\\/company\\\/bodegasprotos\\\/\",\"https:\\\/\\\/pinterest.com\\\/BodegasProtos\\\/\",\"http:\\\/\\\/www.youtube.com\\\/user\\\/BodegasProtos\",\"https:\\\/\\\/es.wikipedia.org\\\/wiki\\\/Bodegas_Protos\"]},{\"@type\":\"Person\",\"@id\":\"https:\\\/\\\/www.bodegasprotos.com\\\/es\\\/#\\\/schema\\\/person\\\/6cb69a08afa14171755cee0df7d20027\",\"name\":\"Bodegas Protos (F)\",\"image\":{\"@type\":\"ImageObject\",\"inLanguage\":\"es\",\"@id\":\"https:\\\/\\\/secure.gravatar.com\\\/avatar\\\/cc613a9fd2ee203f402357c1b4aa2b7c041016cbf1eab1e41bde410b2ebd7f94?s=96&d=mm&r=g\",\"url\":\"https:\\\/\\\/secure.gravatar.com\\\/avatar\\\/cc613a9fd2ee203f402357c1b4aa2b7c041016cbf1eab1e41bde410b2ebd7f94?s=96&d=mm&r=g\",\"contentUrl\":\"https:\\\/\\\/secure.gravatar.com\\\/avatar\\\/cc613a9fd2ee203f402357c1b4aa2b7c041016cbf1eab1e41bde410b2ebd7f94?s=96&d=mm&r=g\",\"caption\":\"Bodegas Protos (F)\"},\"sameAs\":[\"https:\\\/\\\/www.bodegasprotos.com\"]}]}<\/script>\n<!-- \/ Yoast SEO plugin. -->","yoast_head_json":{"title":"El expolio nazi al mundo del vino - Bodegas Protos","description":"Es bien sabido por todos, que durante el III Reich, los alemanes ten\u00edan especial inter\u00e9s por confiscar toda clase de objetos de gran valor como: obras de","robots":{"index":"index","follow":"follow","max-snippet":"max-snippet:-1","max-image-preview":"max-image-preview:large","max-video-preview":"max-video-preview:-1"},"canonical":"https:\/\/www.bodegasprotos.com\/es\/blog\/el-expolio-nazi-al-mundo-del-vino\/","og_locale":"es_ES","og_type":"article","og_title":"El expolio nazi al mundo del vino - Bodegas Protos","og_description":"Es bien sabido por todos, que durante el III Reich, los alemanes ten\u00edan especial inter\u00e9s por confiscar toda clase de objetos de gran valor como: obras de","og_url":"https:\/\/www.bodegasprotos.com\/es\/blog\/el-expolio-nazi-al-mundo-del-vino\/","og_site_name":"Bodegas Protos","article_publisher":"https:\/\/www.facebook.com\/BodegasProtos","article_published_time":"2022-10-28T09:30:40+00:00","article_modified_time":"2022-10-28T17:58:41+00:00","og_image":[{"width":800,"height":560,"url":"https:\/\/www.bodegasprotos.com\/wp-content\/uploads\/2022\/10\/Bundesarchiv_Bild_101I-058-1760-25A_Frankreich_deutsche_Besatzung.jpg","type":"image\/jpeg"}],"author":"Bodegas Protos (F)","twitter_card":"summary_large_image","twitter_creator":"@Bodegas_Protos","twitter_site":"@Bodegas_Protos","twitter_misc":{"Escrito por":"Bodegas Protos (F)","Tiempo de lectura":"8 minutos"},"schema":{"@context":"https:\/\/schema.org","@graph":[{"@type":"Article","@id":"https:\/\/www.bodegasprotos.com\/es\/blog\/el-expolio-nazi-al-mundo-del-vino\/#article","isPartOf":{"@id":"https:\/\/www.bodegasprotos.com\/es\/blog\/el-expolio-nazi-al-mundo-del-vino\/"},"author":{"name":"Bodegas Protos (F)","@id":"https:\/\/www.bodegasprotos.com\/es\/#\/schema\/person\/6cb69a08afa14171755cee0df7d20027"},"headline":"El expolio nazi al mundo del vino","datePublished":"2022-10-28T09:30:40+00:00","dateModified":"2022-10-28T17:58:41+00:00","mainEntityOfPage":{"@id":"https:\/\/www.bodegasprotos.com\/es\/blog\/el-expolio-nazi-al-mundo-del-vino\/"},"wordCount":1617,"publisher":{"@id":"https:\/\/www.bodegasprotos.com\/es\/#organization"},"image":{"@id":"https:\/\/www.bodegasprotos.com\/es\/blog\/el-expolio-nazi-al-mundo-del-vino\/#primaryimage"},"thumbnailUrl":"https:\/\/www.bodegasprotos.com\/wp-content\/uploads\/2022\/10\/Bundesarchiv_Bild_101I-058-1760-25A_Frankreich_deutsche_Besatzung.jpg","articleSection":["Blog","General"],"inLanguage":"es"},{"@type":"WebPage","@id":"https:\/\/www.bodegasprotos.com\/es\/blog\/el-expolio-nazi-al-mundo-del-vino\/","url":"https:\/\/www.bodegasprotos.com\/es\/blog\/el-expolio-nazi-al-mundo-del-vino\/","name":"El expolio nazi al mundo del vino - Bodegas Protos","isPartOf":{"@id":"https:\/\/www.bodegasprotos.com\/es\/#website"},"primaryImageOfPage":{"@id":"https:\/\/www.bodegasprotos.com\/es\/blog\/el-expolio-nazi-al-mundo-del-vino\/#primaryimage"},"image":{"@id":"https:\/\/www.bodegasprotos.com\/es\/blog\/el-expolio-nazi-al-mundo-del-vino\/#primaryimage"},"thumbnailUrl":"https:\/\/www.bodegasprotos.com\/wp-content\/uploads\/2022\/10\/Bundesarchiv_Bild_101I-058-1760-25A_Frankreich_deutsche_Besatzung.jpg","datePublished":"2022-10-28T09:30:40+00:00","dateModified":"2022-10-28T17:58:41+00:00","description":"Es bien sabido por todos, que durante el III Reich, los alemanes ten\u00edan especial inter\u00e9s por confiscar toda clase de objetos de gran valor como: obras de","breadcrumb":{"@id":"https:\/\/www.bodegasprotos.com\/es\/blog\/el-expolio-nazi-al-mundo-del-vino\/#breadcrumb"},"inLanguage":"es","potentialAction":[{"@type":"ReadAction","target":["https:\/\/www.bodegasprotos.com\/es\/blog\/el-expolio-nazi-al-mundo-del-vino\/"]}]},{"@type":"ImageObject","inLanguage":"es","@id":"https:\/\/www.bodegasprotos.com\/es\/blog\/el-expolio-nazi-al-mundo-del-vino\/#primaryimage","url":"https:\/\/www.bodegasprotos.com\/wp-content\/uploads\/2022\/10\/Bundesarchiv_Bild_101I-058-1760-25A_Frankreich_deutsche_Besatzung.jpg","contentUrl":"https:\/\/www.bodegasprotos.com\/wp-content\/uploads\/2022\/10\/Bundesarchiv_Bild_101I-058-1760-25A_Frankreich_deutsche_Besatzung.jpg","width":800,"height":560},{"@type":"BreadcrumbList","@id":"https:\/\/www.bodegasprotos.com\/es\/blog\/el-expolio-nazi-al-mundo-del-vino\/#breadcrumb","itemListElement":[{"@type":"ListItem","position":1,"name":"Portada","item":"https:\/\/www.bodegasprotos.com\/es\/"},{"@type":"ListItem","position":2,"name":"El expolio nazi al mundo del vino"}]},{"@type":"WebSite","@id":"https:\/\/www.bodegasprotos.com\/es\/#website","url":"https:\/\/www.bodegasprotos.com\/es\/","name":"Bodegas Protos","description":"Vinos de la Denominaci\u00f3n de Origen Ribera del Duero, Rueda y Cigales","publisher":{"@id":"https:\/\/www.bodegasprotos.com\/es\/#organization"},"potentialAction":[{"@type":"SearchAction","target":{"@type":"EntryPoint","urlTemplate":"https:\/\/www.bodegasprotos.com\/es\/?s={search_term_string}"},"query-input":{"@type":"PropertyValueSpecification","valueRequired":true,"valueName":"search_term_string"}}],"inLanguage":"es"},{"@type":"Organization","@id":"https:\/\/www.bodegasprotos.com\/es\/#organization","name":"Bodegas Protos","url":"https:\/\/www.bodegasprotos.com\/es\/","logo":{"@type":"ImageObject","inLanguage":"es","@id":"https:\/\/www.bodegasprotos.com\/es\/#\/schema\/logo\/image\/","url":"https:\/\/www.bodegasprotos.com\/wp-content\/uploads\/2024\/06\/PROTOS-LOGOS-VERSIONES-13.png","contentUrl":"https:\/\/www.bodegasprotos.com\/wp-content\/uploads\/2024\/06\/PROTOS-LOGOS-VERSIONES-13.png","width":2362,"height":2362,"caption":"Bodegas Protos"},"image":{"@id":"https:\/\/www.bodegasprotos.com\/es\/#\/schema\/logo\/image\/"},"sameAs":["https:\/\/www.facebook.com\/BodegasProtos","https:\/\/x.com\/Bodegas_Protos","https:\/\/www.instagram.com\/bodegasprotosoficial\/","https:\/\/www.linkedin.com\/company\/bodegasprotos\/","https:\/\/pinterest.com\/BodegasProtos\/","http:\/\/www.youtube.com\/user\/BodegasProtos","https:\/\/es.wikipedia.org\/wiki\/Bodegas_Protos"]},{"@type":"Person","@id":"https:\/\/www.bodegasprotos.com\/es\/#\/schema\/person\/6cb69a08afa14171755cee0df7d20027","name":"Bodegas Protos (F)","image":{"@type":"ImageObject","inLanguage":"es","@id":"https:\/\/secure.gravatar.com\/avatar\/cc613a9fd2ee203f402357c1b4aa2b7c041016cbf1eab1e41bde410b2ebd7f94?s=96&d=mm&r=g","url":"https:\/\/secure.gravatar.com\/avatar\/cc613a9fd2ee203f402357c1b4aa2b7c041016cbf1eab1e41bde410b2ebd7f94?s=96&d=mm&r=g","contentUrl":"https:\/\/secure.gravatar.com\/avatar\/cc613a9fd2ee203f402357c1b4aa2b7c041016cbf1eab1e41bde410b2ebd7f94?s=96&d=mm&r=g","caption":"Bodegas Protos (F)"},"sameAs":["https:\/\/www.bodegasprotos.com"]}]}},"_links":{"self":[{"href":"https:\/\/www.bodegasprotos.com\/es\/wp-json\/wp\/v2\/posts\/34784","targetHints":{"allow":["GET"]}}],"collection":[{"href":"https:\/\/www.bodegasprotos.com\/es\/wp-json\/wp\/v2\/posts"}],"about":[{"href":"https:\/\/www.bodegasprotos.com\/es\/wp-json\/wp\/v2\/types\/post"}],"author":[{"embeddable":true,"href":"https:\/\/www.bodegasprotos.com\/es\/wp-json\/wp\/v2\/users\/3"}],"replies":[{"embeddable":true,"href":"https:\/\/www.bodegasprotos.com\/es\/wp-json\/wp\/v2\/comments?post=34784"}],"version-history":[{"count":0,"href":"https:\/\/www.bodegasprotos.com\/es\/wp-json\/wp\/v2\/posts\/34784\/revisions"}],"wp:featuredmedia":[{"embeddable":true,"href":"https:\/\/www.bodegasprotos.com\/es\/wp-json\/wp\/v2\/media\/34803"}],"wp:attachment":[{"href":"https:\/\/www.bodegasprotos.com\/es\/wp-json\/wp\/v2\/media?parent=34784"}],"wp:term":[{"taxonomy":"category","embeddable":true,"href":"https:\/\/www.bodegasprotos.com\/es\/wp-json\/wp\/v2\/categories?post=34784"},{"taxonomy":"post_tag","embeddable":true,"href":"https:\/\/www.bodegasprotos.com\/es\/wp-json\/wp\/v2\/tags?post=34784"}],"curies":[{"name":"wp","href":"https:\/\/api.w.org\/{rel}","templated":true}]}}