{"id":34735,"date":"2022-10-14T11:20:18","date_gmt":"2022-10-14T09:20:18","guid":{"rendered":"https:\/\/www.bodegasprotos.com\/?p=34735"},"modified":"2022-10-19T16:01:09","modified_gmt":"2022-10-19T14:01:09","slug":"dia-mundial-de-los-jardines-botanicos","status":"publish","type":"post","link":"https:\/\/www.bodegasprotos.com\/es\/blog\/dia-mundial-de-los-jardines-botanicos\/","title":{"rendered":"D\u00eda Mundial de los Jardines Bot\u00e1nicos"},"content":{"rendered":"<p>Hoy, se celebra el D\u00eda Internacional de los Jardines Bot\u00e1nicos. Un d\u00eda para fomentar la conservaci\u00f3n de estos espacios naturales y, tambi\u00e9n, para promulgar su importancia y la gran aportaci\u00f3n que realizan a la conservaci\u00f3n de la diversidad vegetal de los pa\u00edses y el mantenimiento de nuestro planeta.<\/p>\n<p><img fetchpriority=\"high\" decoding=\"async\" class=\"aligncenter size-medium wp-image-34738\" src=\"https:\/\/www.bodegasprotos.com\/wp-content\/uploads\/2022\/10\/milada-vigerova-DxRfqRG9cN8-unsplash-300x200.jpg\" alt=\"\" width=\"300\" height=\"200\" srcset=\"https:\/\/www.bodegasprotos.com\/wp-content\/uploads\/2022\/10\/milada-vigerova-DxRfqRG9cN8-unsplash-300x200.jpg 300w, https:\/\/www.bodegasprotos.com\/wp-content\/uploads\/2022\/10\/milada-vigerova-DxRfqRG9cN8-unsplash-1024x683.jpg 1024w, https:\/\/www.bodegasprotos.com\/wp-content\/uploads\/2022\/10\/milada-vigerova-DxRfqRG9cN8-unsplash-768x512.jpg 768w, https:\/\/www.bodegasprotos.com\/wp-content\/uploads\/2022\/10\/milada-vigerova-DxRfqRG9cN8-unsplash-1536x1024.jpg 1536w, https:\/\/www.bodegasprotos.com\/wp-content\/uploads\/2022\/10\/milada-vigerova-DxRfqRG9cN8-unsplash-2048x1365.jpg 2048w\" sizes=\"(max-width: 300px) 100vw, 300px\" \/><\/p>\n<h2><strong>Los jardines bot\u00e1nicos m\u00e1s famosos del mundo<\/strong><\/h2>\n<p>Actualmente, un total de 165 pa\u00edses albergan los m\u00e1s de 2.500 jardines bot\u00e1nicos. All\u00ed, se encuentran representadas m\u00e1s de ochenta mil especies, lo que significa que se mantiene casi un tercio de las especies de plantas del mundo.<\/p>\n<p>No podemos enumerar los m\u00e1s 2.500 jardines bot\u00e1nicos que existen, pero s\u00ed podemos rese\u00f1ar aqu\u00ed, aquellos que son consideramos como los m\u00e1s famosos y bellos del planeta.<\/p>\n<h3>El Jard\u00edn Bot\u00e1nico de Berl\u00edn-Dahlem<\/h3>\n<p>Cuenta con 20.000 clases de plantas y es uno de los tres jardines m\u00e1s importantes del mundo. Se cre\u00f3 de 1897 a 1910. Tiene una extensi\u00f3n de 43 hect\u00e1reas y pertenece a la Universidad Libre de Berl\u00edn.<\/p>\n<h3>El Jard\u00edn Bot\u00e1nico \u00c1rtico-Alpino de Troms\u00f8<\/h3>\n<p>Est\u00e1 ubicado en Noruega. Se abri\u00f3 en 1994 y es catalogado como el jard\u00edn bot\u00e1nico m\u00e1s septentrional del mundo ya que se encuentra a 70 grados de latitud norte en Noruega.<\/p>\n<p>Se encuentran m\u00e1s de 5000 plantas end\u00e9micas de las monta\u00f1as \u00e1rticas y otras especies de todos los continentes, que son capaces de resistir el fr\u00edo de la regi\u00f3n.<\/p>\n<h3>El Jard\u00edn bot\u00e1nico Real de Londres<\/h3>\n<p><img decoding=\"async\" class=\"aligncenter size-medium wp-image-34740\" src=\"https:\/\/www.bodegasprotos.com\/wp-content\/uploads\/2022\/10\/plant-farm-lawn-flower-park-botany-772685-pxhere.com_-300x225.jpg\" alt=\"\" width=\"300\" height=\"225\" srcset=\"https:\/\/www.bodegasprotos.com\/wp-content\/uploads\/2022\/10\/plant-farm-lawn-flower-park-botany-772685-pxhere.com_-300x225.jpg 300w, https:\/\/www.bodegasprotos.com\/wp-content\/uploads\/2022\/10\/plant-farm-lawn-flower-park-botany-772685-pxhere.com_-1024x768.jpg 1024w, https:\/\/www.bodegasprotos.com\/wp-content\/uploads\/2022\/10\/plant-farm-lawn-flower-park-botany-772685-pxhere.com_-768x576.jpg 768w, https:\/\/www.bodegasprotos.com\/wp-content\/uploads\/2022\/10\/plant-farm-lawn-flower-park-botany-772685-pxhere.com_-1536x1152.jpg 1536w, https:\/\/www.bodegasprotos.com\/wp-content\/uploads\/2022\/10\/plant-farm-lawn-flower-park-botany-772685-pxhere.com_-2048x1536.jpg 2048w\" sizes=\"(max-width: 300px) 100vw, 300px\" \/><\/p>\n<p>El Jard\u00edn bot\u00e1nico Real de Londres, llamado <strong><em>Kew Garden<\/em><\/strong>, fue nombrado en el a\u00f1o 2003, Patrimonio de la Humanidad por la Unesco. Tiene m\u00e1s de 250 a\u00f1os y posee unas 120 hect\u00e1reas. Es un jard\u00edn de referencia mundial en el estudio de colecciones bot\u00e1nicas y micol\u00f3gicas.<\/p>\n<p>El Jard\u00edn posee m\u00e1s de 30.000 plantas vivas, 7 millones de espec\u00edmenes conservados y una biblioteca con 750.000 libros&#8230;<\/p>\n<h3>El Jard\u00edn Bot\u00e1nico Nacional de Kirstenbosch<\/h3>\n<p>Se encuentra situado en la Ciudad del Cabo en \u00c1frica del Sur. Data de 1913 y alberga 7.000 especies de plantas aut\u00f3ctonas de la regi\u00f3n.<\/p>\n<p>Adem\u00e1s, aqu\u00ed, no solo se encuentran colecciones bot\u00e1nicas si no que se pueden ver en sus 528 hect\u00e1reas de terreno, a distintos animales viviendo y m\u00e1s de 125 especies registradas como mariposas, tortugas marinas y lagartos.<\/p>\n<h3>El Jard\u00edn Bot\u00e1nico ubicado en Isla Mauricio<\/h3>\n<p>Denominado <em><strong>Sir Seewoosagur Ramgoolam<\/strong><\/em> fue fundado en 1736, durante la \u00e9poca colonial francesa. Con una superficie de 33 hect\u00e1reas, es famoso por sus enormes nen\u00fafares y flores de loto.<\/p>\n<h2>El Jard\u00edn Bot\u00e1nico de Singapur<\/h2>\n<p>En Asia, destaca el Jard\u00edn Bot\u00e1nico de Singapur, muy popular en su continente, y conocido por su gran colecci\u00f3n de orqu\u00eddeas. En total 1.000 especies de orqu\u00eddeas naturales y 2.000 especies h\u00edbridas.<\/p>\n<p>Creado a principios del siglo XVIII, abarca alrededor de 82 hect\u00e1reas y en el a\u00f1o 2015 fue declarado Patrimonio Mundial de la Unesco.<\/p>\n<h3>El Jard\u00edn Bot\u00e1nico de Montreal<\/h3>\n<p>En Norteam\u00e9rica, se encuentra el Jard\u00edn Bot\u00e1nico de Montreal en Canad\u00e1 que posee 10 invernaderos, 23 jardines tem\u00e1ticos exteriores, un arboreto \u201cconocido como \u201cCasa \u00c1rbol\u201d y una rosaleda. Se fund\u00f3 en 1931 y tiene una extensi\u00f3n de 75 hect\u00e1reas. En el jard\u00edn bot\u00e1nico se puede encontrar m\u00e1s de 20.000 especies cultivables.<\/p>\n<h3>El Jard\u00edn Bot\u00e1nico de R\u00edo de Janeiro<\/h3>\n<p>En Am\u00e9rica del Sur, destaca el Jard\u00edn Bot\u00e1nico de R\u00edo de Janeiro, fundado en 1808. La UNESCO lo declar\u00f3 reserva de la biosfera y en \u00e9l se concentran m\u00e1s de\u00a0 6.700 especies y 40.000 plantas. Como dato curioso, Einstein se inspir\u00f3 en el jard\u00edn para formular su Teor\u00eda de la Evoluci\u00f3n de las Especies, en su visita a R\u00edo en 1892.<\/p>\n<p><img decoding=\"async\" class=\"aligncenter size-medium wp-image-34744\" src=\"https:\/\/www.bodegasprotos.com\/wp-content\/uploads\/2022\/10\/Rio_de_janeiro_jardim_botanico_bromeliario-300x200.jpg\" alt=\"\" width=\"300\" height=\"200\" srcset=\"https:\/\/www.bodegasprotos.com\/wp-content\/uploads\/2022\/10\/Rio_de_janeiro_jardim_botanico_bromeliario-300x200.jpg 300w, https:\/\/www.bodegasprotos.com\/wp-content\/uploads\/2022\/10\/Rio_de_janeiro_jardim_botanico_bromeliario-1024x683.jpg 1024w, https:\/\/www.bodegasprotos.com\/wp-content\/uploads\/2022\/10\/Rio_de_janeiro_jardim_botanico_bromeliario-768x512.jpg 768w, https:\/\/www.bodegasprotos.com\/wp-content\/uploads\/2022\/10\/Rio_de_janeiro_jardim_botanico_bromeliario.jpg 1200w\" sizes=\"(max-width: 300px) 100vw, 300px\" \/><\/p>\n<h2><strong>Real Jard\u00edn bot\u00e1nico de Madrid<\/strong><\/h2>\n<div id=\"attachment_34736\" style=\"width: 310px\" class=\"wp-caption aligncenter\"><img loading=\"lazy\" decoding=\"async\" aria-describedby=\"caption-attachment-34736\" class=\"size-medium wp-image-34736\" src=\"https:\/\/www.bodegasprotos.com\/wp-content\/uploads\/2022\/10\/Real_Jardin_Botanico_Madrid_01-300x227.jpg\" alt=\"\" width=\"300\" height=\"227\" srcset=\"https:\/\/www.bodegasprotos.com\/wp-content\/uploads\/2022\/10\/Real_Jardin_Botanico_Madrid_01-300x227.jpg 300w, https:\/\/www.bodegasprotos.com\/wp-content\/uploads\/2022\/10\/Real_Jardin_Botanico_Madrid_01-1024x775.jpg 1024w, https:\/\/www.bodegasprotos.com\/wp-content\/uploads\/2022\/10\/Real_Jardin_Botanico_Madrid_01-768x581.jpg 768w, https:\/\/www.bodegasprotos.com\/wp-content\/uploads\/2022\/10\/Real_Jardin_Botanico_Madrid_01.jpg 1188w\" sizes=\"(max-width: 300px) 100vw, 300px\" \/><p id=\"caption-attachment-34736\" class=\"wp-caption-text\">PUERTA REAL del REAL JARD\u00cdN BOT\u00c1NICO del Madrid. Realizada por Francisco Sabatini (1722\u00961797) en 1781.<\/p><\/div>\n<p>Merece una especial menci\u00f3n el <a href=\"https:\/\/rjb.csic.es\/\">Real Jard\u00edn Bot\u00e1nico de Madrid<\/a>, no solo por sus colecciones bot\u00e1nicas, sino porque, en este blog en el que hablamos de vino, no pod\u00edamos dejar de rese\u00f1ar el herbario permanente con 400 ejemplares de vides de 200 variedades diferentes que posee, considerado el segundo mayor de Europa.<\/p>\n<p>Esta colecci\u00f3n procede de la finca experimental \u201cEl Enc\u00edn de Alcal\u00e1 de Henares\u201d, la sede principal del Instituto Madrile\u00f1o de Investigaci\u00f3n y desarrollo rural, agrario y alimentario. Y tal y como la Comunidad de Madrid explic\u00f3 en un <a href=\"https:\/\/www.comunidad.madrid\/noticias\/2022\/03\/14\/comunidad-madrid-crea-herbario-permanente-400-variedades-vid-preservar-patrimonio-genetico-facilitar-su-estudio\">comunicado de prensa<\/a>:<\/p>\n<p><em>\u201cEl objetivo es conservar este patrimonio gen\u00e9tico vegetal, facilitar el estudio de la influencia del cambio clim\u00e1tico, adelantar posibles soluciones a su cultivo y aumentar la rentabilidad del sector vitivin\u00edcola\u201d.<\/em><\/p>\n<p><em>La muestra comenz\u00f3 a idearse en 2018, a\u00f1o en el que los expertos del grupo de enolog\u00eda y viticultura de IMIDRA iniciaron esta recolecci\u00f3n en dos tiempos. 1) para la recogida de brotes j\u00f3venes con racimos en flor y 2) los de hoja madura.<\/em><\/p>\n<p><em>En una segunda fase del trabajo, el equipo procedi\u00f3 al secado, ordenaci\u00f3n, clasificaci\u00f3n y etiquetado, montaje y numeraci\u00f3n de las mismas, en colaboraci\u00f3n con expertos del Real Jard\u00edn Bot\u00e1nico.<\/em><\/p>\n<h2><strong>El jard\u00edn de variedades de Protos<\/strong><\/h2>\n<p>Y por \u00faltimo, aunque no es un jard\u00edn bot\u00e1nico como tal, Bodegas Protos posee un <a href=\"https:\/\/www.bodegasprotos.com\/es\/el-terruno-de-protos\/\">jard\u00edn de variedades<\/a> con el objetivo de exhibir todas las variedades permitidas en la D.O. Ribera del Duero, as\u00ed como poder apreciar variedades utilizadas en toda la geograf\u00eda vin\u00edcola de las denominaciones de origen de Castilla y le\u00f3n, como Chardonnay, Viura, Macabeo, Verdejo, Cabernet Sauvignon, Merlot, Syrah, Pinot Noir, Garnacha, Sauvignon Blanc\u2026<\/p>\n","protected":false},"excerpt":{"rendered":"<p>Hoy, se celebra el D\u00eda Internacional de los Jardines Bot\u00e1nicos. Un d\u00eda para fomentar la conservaci\u00f3n de estos&#8230;<\/p>\n","protected":false},"author":3,"featured_media":34742,"comment_status":"closed","ping_status":"closed","sticky":false,"template":"","format":"standard","meta":{"_acf_changed":false,"footnotes":""},"categories":[87,1],"tags":[],"class_list":["post-34735","post","type-post","status-publish","format-standard","has-post-thumbnail","hentry","category-blog","category-general"],"acf":[],"yoast_head":"<!-- This site is optimized with the Yoast SEO plugin v27.5 - https:\/\/yoast.com\/product\/yoast-seo-wordpress\/ -->\n<title>D\u00eda Mundial de los Jardines Bot\u00e1nicos - Bodegas Protos<\/title>\n<meta name=\"description\" content=\"Hoy, se celebra el D\u00eda Internacional de los Jardines Bot\u00e1nicos. Un d\u00eda para fomentar la conservaci\u00f3n de estos espacios naturales y, tambi\u00e9n, para\" \/>\n<meta name=\"robots\" content=\"index, follow, max-snippet:-1, max-image-preview:large, max-video-preview:-1\" \/>\n<link rel=\"canonical\" href=\"https:\/\/www.bodegasprotos.com\/es\/blog\/dia-mundial-de-los-jardines-botanicos\/\" \/>\n<meta property=\"og:locale\" content=\"es_ES\" \/>\n<meta property=\"og:type\" content=\"article\" \/>\n<meta property=\"og:title\" content=\"D\u00eda Mundial de los Jardines Bot\u00e1nicos - Bodegas Protos\" \/>\n<meta property=\"og:description\" content=\"Hoy, se celebra el D\u00eda Internacional de los Jardines Bot\u00e1nicos. Un d\u00eda para fomentar la conservaci\u00f3n de estos espacios naturales y, tambi\u00e9n, para\" \/>\n<meta property=\"og:url\" content=\"https:\/\/www.bodegasprotos.com\/es\/blog\/dia-mundial-de-los-jardines-botanicos\/\" \/>\n<meta property=\"og:site_name\" content=\"Bodegas Protos\" \/>\n<meta property=\"article:publisher\" content=\"https:\/\/www.facebook.com\/BodegasProtos\" \/>\n<meta property=\"article:published_time\" content=\"2022-10-14T09:20:18+00:00\" \/>\n<meta property=\"article:modified_time\" content=\"2022-10-19T14:01:09+00:00\" \/>\n<meta property=\"og:image\" content=\"https:\/\/www.bodegasprotos.com\/wp-content\/uploads\/2022\/10\/9042274585_4864c1e569_c.jpg\" \/>\n\t<meta property=\"og:image:width\" content=\"800\" \/>\n\t<meta property=\"og:image:height\" content=\"533\" \/>\n\t<meta property=\"og:image:type\" content=\"image\/jpeg\" \/>\n<meta name=\"author\" content=\"Bodegas Protos (F)\" \/>\n<meta name=\"twitter:card\" content=\"summary_large_image\" \/>\n<meta name=\"twitter:creator\" content=\"@Bodegas_Protos\" \/>\n<meta name=\"twitter:site\" content=\"@Bodegas_Protos\" \/>\n<meta name=\"twitter:label1\" content=\"Escrito por\" \/>\n\t<meta name=\"twitter:data1\" content=\"Bodegas Protos (F)\" \/>\n\t<meta name=\"twitter:label2\" content=\"Tiempo de lectura\" \/>\n\t<meta name=\"twitter:data2\" content=\"5 minutos\" \/>\n<script type=\"application\/ld+json\" class=\"yoast-schema-graph\">{\"@context\":\"https:\\\/\\\/schema.org\",\"@graph\":[{\"@type\":\"Article\",\"@id\":\"https:\\\/\\\/www.bodegasprotos.com\\\/es\\\/blog\\\/dia-mundial-de-los-jardines-botanicos\\\/#article\",\"isPartOf\":{\"@id\":\"https:\\\/\\\/www.bodegasprotos.com\\\/es\\\/blog\\\/dia-mundial-de-los-jardines-botanicos\\\/\"},\"author\":{\"name\":\"Bodegas Protos (F)\",\"@id\":\"https:\\\/\\\/www.bodegasprotos.com\\\/es\\\/#\\\/schema\\\/person\\\/6cb69a08afa14171755cee0df7d20027\"},\"headline\":\"D\u00eda Mundial de los Jardines Bot\u00e1nicos\",\"datePublished\":\"2022-10-14T09:20:18+00:00\",\"dateModified\":\"2022-10-19T14:01:09+00:00\",\"mainEntityOfPage\":{\"@id\":\"https:\\\/\\\/www.bodegasprotos.com\\\/es\\\/blog\\\/dia-mundial-de-los-jardines-botanicos\\\/\"},\"wordCount\":976,\"publisher\":{\"@id\":\"https:\\\/\\\/www.bodegasprotos.com\\\/es\\\/#organization\"},\"image\":{\"@id\":\"https:\\\/\\\/www.bodegasprotos.com\\\/es\\\/blog\\\/dia-mundial-de-los-jardines-botanicos\\\/#primaryimage\"},\"thumbnailUrl\":\"https:\\\/\\\/www.bodegasprotos.com\\\/wp-content\\\/uploads\\\/2022\\\/10\\\/9042274585_4864c1e569_c.jpg\",\"articleSection\":[\"Blog\",\"General\"],\"inLanguage\":\"es\"},{\"@type\":\"WebPage\",\"@id\":\"https:\\\/\\\/www.bodegasprotos.com\\\/es\\\/blog\\\/dia-mundial-de-los-jardines-botanicos\\\/\",\"url\":\"https:\\\/\\\/www.bodegasprotos.com\\\/es\\\/blog\\\/dia-mundial-de-los-jardines-botanicos\\\/\",\"name\":\"D\u00eda Mundial de los Jardines Bot\u00e1nicos - Bodegas Protos\",\"isPartOf\":{\"@id\":\"https:\\\/\\\/www.bodegasprotos.com\\\/es\\\/#website\"},\"primaryImageOfPage\":{\"@id\":\"https:\\\/\\\/www.bodegasprotos.com\\\/es\\\/blog\\\/dia-mundial-de-los-jardines-botanicos\\\/#primaryimage\"},\"image\":{\"@id\":\"https:\\\/\\\/www.bodegasprotos.com\\\/es\\\/blog\\\/dia-mundial-de-los-jardines-botanicos\\\/#primaryimage\"},\"thumbnailUrl\":\"https:\\\/\\\/www.bodegasprotos.com\\\/wp-content\\\/uploads\\\/2022\\\/10\\\/9042274585_4864c1e569_c.jpg\",\"datePublished\":\"2022-10-14T09:20:18+00:00\",\"dateModified\":\"2022-10-19T14:01:09+00:00\",\"description\":\"Hoy, se celebra el D\u00eda Internacional de los Jardines Bot\u00e1nicos. Un d\u00eda para fomentar la conservaci\u00f3n de estos espacios naturales y, tambi\u00e9n, para\",\"breadcrumb\":{\"@id\":\"https:\\\/\\\/www.bodegasprotos.com\\\/es\\\/blog\\\/dia-mundial-de-los-jardines-botanicos\\\/#breadcrumb\"},\"inLanguage\":\"es\",\"potentialAction\":[{\"@type\":\"ReadAction\",\"target\":[\"https:\\\/\\\/www.bodegasprotos.com\\\/es\\\/blog\\\/dia-mundial-de-los-jardines-botanicos\\\/\"]}]},{\"@type\":\"ImageObject\",\"inLanguage\":\"es\",\"@id\":\"https:\\\/\\\/www.bodegasprotos.com\\\/es\\\/blog\\\/dia-mundial-de-los-jardines-botanicos\\\/#primaryimage\",\"url\":\"https:\\\/\\\/www.bodegasprotos.com\\\/wp-content\\\/uploads\\\/2022\\\/10\\\/9042274585_4864c1e569_c.jpg\",\"contentUrl\":\"https:\\\/\\\/www.bodegasprotos.com\\\/wp-content\\\/uploads\\\/2022\\\/10\\\/9042274585_4864c1e569_c.jpg\",\"width\":800,\"height\":533},{\"@type\":\"BreadcrumbList\",\"@id\":\"https:\\\/\\\/www.bodegasprotos.com\\\/es\\\/blog\\\/dia-mundial-de-los-jardines-botanicos\\\/#breadcrumb\",\"itemListElement\":[{\"@type\":\"ListItem\",\"position\":1,\"name\":\"Portada\",\"item\":\"https:\\\/\\\/www.bodegasprotos.com\\\/es\\\/\"},{\"@type\":\"ListItem\",\"position\":2,\"name\":\"D\u00eda Mundial de los Jardines Bot\u00e1nicos\"}]},{\"@type\":\"WebSite\",\"@id\":\"https:\\\/\\\/www.bodegasprotos.com\\\/es\\\/#website\",\"url\":\"https:\\\/\\\/www.bodegasprotos.com\\\/es\\\/\",\"name\":\"Bodegas Protos\",\"description\":\"Vinos de la Denominaci\u00f3n de Origen Ribera del Duero, Rueda y Cigales\",\"publisher\":{\"@id\":\"https:\\\/\\\/www.bodegasprotos.com\\\/es\\\/#organization\"},\"potentialAction\":[{\"@type\":\"SearchAction\",\"target\":{\"@type\":\"EntryPoint\",\"urlTemplate\":\"https:\\\/\\\/www.bodegasprotos.com\\\/es\\\/?s={search_term_string}\"},\"query-input\":{\"@type\":\"PropertyValueSpecification\",\"valueRequired\":true,\"valueName\":\"search_term_string\"}}],\"inLanguage\":\"es\"},{\"@type\":\"Organization\",\"@id\":\"https:\\\/\\\/www.bodegasprotos.com\\\/es\\\/#organization\",\"name\":\"Bodegas Protos\",\"url\":\"https:\\\/\\\/www.bodegasprotos.com\\\/es\\\/\",\"logo\":{\"@type\":\"ImageObject\",\"inLanguage\":\"es\",\"@id\":\"https:\\\/\\\/www.bodegasprotos.com\\\/es\\\/#\\\/schema\\\/logo\\\/image\\\/\",\"url\":\"https:\\\/\\\/www.bodegasprotos.com\\\/wp-content\\\/uploads\\\/2024\\\/06\\\/PROTOS-LOGOS-VERSIONES-13.png\",\"contentUrl\":\"https:\\\/\\\/www.bodegasprotos.com\\\/wp-content\\\/uploads\\\/2024\\\/06\\\/PROTOS-LOGOS-VERSIONES-13.png\",\"width\":2362,\"height\":2362,\"caption\":\"Bodegas Protos\"},\"image\":{\"@id\":\"https:\\\/\\\/www.bodegasprotos.com\\\/es\\\/#\\\/schema\\\/logo\\\/image\\\/\"},\"sameAs\":[\"https:\\\/\\\/www.facebook.com\\\/BodegasProtos\",\"https:\\\/\\\/x.com\\\/Bodegas_Protos\",\"https:\\\/\\\/www.instagram.com\\\/bodegasprotosoficial\\\/\",\"https:\\\/\\\/www.linkedin.com\\\/company\\\/bodegasprotos\\\/\",\"https:\\\/\\\/pinterest.com\\\/BodegasProtos\\\/\",\"http:\\\/\\\/www.youtube.com\\\/user\\\/BodegasProtos\",\"https:\\\/\\\/es.wikipedia.org\\\/wiki\\\/Bodegas_Protos\"]},{\"@type\":\"Person\",\"@id\":\"https:\\\/\\\/www.bodegasprotos.com\\\/es\\\/#\\\/schema\\\/person\\\/6cb69a08afa14171755cee0df7d20027\",\"name\":\"Bodegas Protos (F)\",\"image\":{\"@type\":\"ImageObject\",\"inLanguage\":\"es\",\"@id\":\"https:\\\/\\\/secure.gravatar.com\\\/avatar\\\/cc613a9fd2ee203f402357c1b4aa2b7c041016cbf1eab1e41bde410b2ebd7f94?s=96&d=mm&r=g\",\"url\":\"https:\\\/\\\/secure.gravatar.com\\\/avatar\\\/cc613a9fd2ee203f402357c1b4aa2b7c041016cbf1eab1e41bde410b2ebd7f94?s=96&d=mm&r=g\",\"contentUrl\":\"https:\\\/\\\/secure.gravatar.com\\\/avatar\\\/cc613a9fd2ee203f402357c1b4aa2b7c041016cbf1eab1e41bde410b2ebd7f94?s=96&d=mm&r=g\",\"caption\":\"Bodegas Protos (F)\"},\"sameAs\":[\"https:\\\/\\\/www.bodegasprotos.com\"]}]}<\/script>\n<!-- \/ Yoast SEO plugin. -->","yoast_head_json":{"title":"D\u00eda Mundial de los Jardines Bot\u00e1nicos - Bodegas Protos","description":"Hoy, se celebra el D\u00eda Internacional de los Jardines Bot\u00e1nicos. Un d\u00eda para fomentar la conservaci\u00f3n de estos espacios naturales y, tambi\u00e9n, para","robots":{"index":"index","follow":"follow","max-snippet":"max-snippet:-1","max-image-preview":"max-image-preview:large","max-video-preview":"max-video-preview:-1"},"canonical":"https:\/\/www.bodegasprotos.com\/es\/blog\/dia-mundial-de-los-jardines-botanicos\/","og_locale":"es_ES","og_type":"article","og_title":"D\u00eda Mundial de los Jardines Bot\u00e1nicos - Bodegas Protos","og_description":"Hoy, se celebra el D\u00eda Internacional de los Jardines Bot\u00e1nicos. Un d\u00eda para fomentar la conservaci\u00f3n de estos espacios naturales y, tambi\u00e9n, para","og_url":"https:\/\/www.bodegasprotos.com\/es\/blog\/dia-mundial-de-los-jardines-botanicos\/","og_site_name":"Bodegas Protos","article_publisher":"https:\/\/www.facebook.com\/BodegasProtos","article_published_time":"2022-10-14T09:20:18+00:00","article_modified_time":"2022-10-19T14:01:09+00:00","og_image":[{"width":800,"height":533,"url":"https:\/\/www.bodegasprotos.com\/wp-content\/uploads\/2022\/10\/9042274585_4864c1e569_c.jpg","type":"image\/jpeg"}],"author":"Bodegas Protos (F)","twitter_card":"summary_large_image","twitter_creator":"@Bodegas_Protos","twitter_site":"@Bodegas_Protos","twitter_misc":{"Escrito por":"Bodegas Protos (F)","Tiempo de lectura":"5 minutos"},"schema":{"@context":"https:\/\/schema.org","@graph":[{"@type":"Article","@id":"https:\/\/www.bodegasprotos.com\/es\/blog\/dia-mundial-de-los-jardines-botanicos\/#article","isPartOf":{"@id":"https:\/\/www.bodegasprotos.com\/es\/blog\/dia-mundial-de-los-jardines-botanicos\/"},"author":{"name":"Bodegas Protos (F)","@id":"https:\/\/www.bodegasprotos.com\/es\/#\/schema\/person\/6cb69a08afa14171755cee0df7d20027"},"headline":"D\u00eda Mundial de los Jardines Bot\u00e1nicos","datePublished":"2022-10-14T09:20:18+00:00","dateModified":"2022-10-19T14:01:09+00:00","mainEntityOfPage":{"@id":"https:\/\/www.bodegasprotos.com\/es\/blog\/dia-mundial-de-los-jardines-botanicos\/"},"wordCount":976,"publisher":{"@id":"https:\/\/www.bodegasprotos.com\/es\/#organization"},"image":{"@id":"https:\/\/www.bodegasprotos.com\/es\/blog\/dia-mundial-de-los-jardines-botanicos\/#primaryimage"},"thumbnailUrl":"https:\/\/www.bodegasprotos.com\/wp-content\/uploads\/2022\/10\/9042274585_4864c1e569_c.jpg","articleSection":["Blog","General"],"inLanguage":"es"},{"@type":"WebPage","@id":"https:\/\/www.bodegasprotos.com\/es\/blog\/dia-mundial-de-los-jardines-botanicos\/","url":"https:\/\/www.bodegasprotos.com\/es\/blog\/dia-mundial-de-los-jardines-botanicos\/","name":"D\u00eda Mundial de los Jardines Bot\u00e1nicos - Bodegas Protos","isPartOf":{"@id":"https:\/\/www.bodegasprotos.com\/es\/#website"},"primaryImageOfPage":{"@id":"https:\/\/www.bodegasprotos.com\/es\/blog\/dia-mundial-de-los-jardines-botanicos\/#primaryimage"},"image":{"@id":"https:\/\/www.bodegasprotos.com\/es\/blog\/dia-mundial-de-los-jardines-botanicos\/#primaryimage"},"thumbnailUrl":"https:\/\/www.bodegasprotos.com\/wp-content\/uploads\/2022\/10\/9042274585_4864c1e569_c.jpg","datePublished":"2022-10-14T09:20:18+00:00","dateModified":"2022-10-19T14:01:09+00:00","description":"Hoy, se celebra el D\u00eda Internacional de los Jardines Bot\u00e1nicos. Un d\u00eda para fomentar la conservaci\u00f3n de estos espacios naturales y, tambi\u00e9n, para","breadcrumb":{"@id":"https:\/\/www.bodegasprotos.com\/es\/blog\/dia-mundial-de-los-jardines-botanicos\/#breadcrumb"},"inLanguage":"es","potentialAction":[{"@type":"ReadAction","target":["https:\/\/www.bodegasprotos.com\/es\/blog\/dia-mundial-de-los-jardines-botanicos\/"]}]},{"@type":"ImageObject","inLanguage":"es","@id":"https:\/\/www.bodegasprotos.com\/es\/blog\/dia-mundial-de-los-jardines-botanicos\/#primaryimage","url":"https:\/\/www.bodegasprotos.com\/wp-content\/uploads\/2022\/10\/9042274585_4864c1e569_c.jpg","contentUrl":"https:\/\/www.bodegasprotos.com\/wp-content\/uploads\/2022\/10\/9042274585_4864c1e569_c.jpg","width":800,"height":533},{"@type":"BreadcrumbList","@id":"https:\/\/www.bodegasprotos.com\/es\/blog\/dia-mundial-de-los-jardines-botanicos\/#breadcrumb","itemListElement":[{"@type":"ListItem","position":1,"name":"Portada","item":"https:\/\/www.bodegasprotos.com\/es\/"},{"@type":"ListItem","position":2,"name":"D\u00eda Mundial de los Jardines Bot\u00e1nicos"}]},{"@type":"WebSite","@id":"https:\/\/www.bodegasprotos.com\/es\/#website","url":"https:\/\/www.bodegasprotos.com\/es\/","name":"Bodegas Protos","description":"Vinos de la Denominaci\u00f3n de Origen Ribera del Duero, Rueda y Cigales","publisher":{"@id":"https:\/\/www.bodegasprotos.com\/es\/#organization"},"potentialAction":[{"@type":"SearchAction","target":{"@type":"EntryPoint","urlTemplate":"https:\/\/www.bodegasprotos.com\/es\/?s={search_term_string}"},"query-input":{"@type":"PropertyValueSpecification","valueRequired":true,"valueName":"search_term_string"}}],"inLanguage":"es"},{"@type":"Organization","@id":"https:\/\/www.bodegasprotos.com\/es\/#organization","name":"Bodegas Protos","url":"https:\/\/www.bodegasprotos.com\/es\/","logo":{"@type":"ImageObject","inLanguage":"es","@id":"https:\/\/www.bodegasprotos.com\/es\/#\/schema\/logo\/image\/","url":"https:\/\/www.bodegasprotos.com\/wp-content\/uploads\/2024\/06\/PROTOS-LOGOS-VERSIONES-13.png","contentUrl":"https:\/\/www.bodegasprotos.com\/wp-content\/uploads\/2024\/06\/PROTOS-LOGOS-VERSIONES-13.png","width":2362,"height":2362,"caption":"Bodegas Protos"},"image":{"@id":"https:\/\/www.bodegasprotos.com\/es\/#\/schema\/logo\/image\/"},"sameAs":["https:\/\/www.facebook.com\/BodegasProtos","https:\/\/x.com\/Bodegas_Protos","https:\/\/www.instagram.com\/bodegasprotosoficial\/","https:\/\/www.linkedin.com\/company\/bodegasprotos\/","https:\/\/pinterest.com\/BodegasProtos\/","http:\/\/www.youtube.com\/user\/BodegasProtos","https:\/\/es.wikipedia.org\/wiki\/Bodegas_Protos"]},{"@type":"Person","@id":"https:\/\/www.bodegasprotos.com\/es\/#\/schema\/person\/6cb69a08afa14171755cee0df7d20027","name":"Bodegas Protos (F)","image":{"@type":"ImageObject","inLanguage":"es","@id":"https:\/\/secure.gravatar.com\/avatar\/cc613a9fd2ee203f402357c1b4aa2b7c041016cbf1eab1e41bde410b2ebd7f94?s=96&d=mm&r=g","url":"https:\/\/secure.gravatar.com\/avatar\/cc613a9fd2ee203f402357c1b4aa2b7c041016cbf1eab1e41bde410b2ebd7f94?s=96&d=mm&r=g","contentUrl":"https:\/\/secure.gravatar.com\/avatar\/cc613a9fd2ee203f402357c1b4aa2b7c041016cbf1eab1e41bde410b2ebd7f94?s=96&d=mm&r=g","caption":"Bodegas Protos (F)"},"sameAs":["https:\/\/www.bodegasprotos.com"]}]}},"_links":{"self":[{"href":"https:\/\/www.bodegasprotos.com\/es\/wp-json\/wp\/v2\/posts\/34735","targetHints":{"allow":["GET"]}}],"collection":[{"href":"https:\/\/www.bodegasprotos.com\/es\/wp-json\/wp\/v2\/posts"}],"about":[{"href":"https:\/\/www.bodegasprotos.com\/es\/wp-json\/wp\/v2\/types\/post"}],"author":[{"embeddable":true,"href":"https:\/\/www.bodegasprotos.com\/es\/wp-json\/wp\/v2\/users\/3"}],"replies":[{"embeddable":true,"href":"https:\/\/www.bodegasprotos.com\/es\/wp-json\/wp\/v2\/comments?post=34735"}],"version-history":[{"count":0,"href":"https:\/\/www.bodegasprotos.com\/es\/wp-json\/wp\/v2\/posts\/34735\/revisions"}],"wp:featuredmedia":[{"embeddable":true,"href":"https:\/\/www.bodegasprotos.com\/es\/wp-json\/wp\/v2\/media\/34742"}],"wp:attachment":[{"href":"https:\/\/www.bodegasprotos.com\/es\/wp-json\/wp\/v2\/media?parent=34735"}],"wp:term":[{"taxonomy":"category","embeddable":true,"href":"https:\/\/www.bodegasprotos.com\/es\/wp-json\/wp\/v2\/categories?post=34735"},{"taxonomy":"post_tag","embeddable":true,"href":"https:\/\/www.bodegasprotos.com\/es\/wp-json\/wp\/v2\/tags?post=34735"}],"curies":[{"name":"wp","href":"https:\/\/api.w.org\/{rel}","templated":true}]}}