{"id":34669,"date":"2022-09-23T11:30:36","date_gmt":"2022-09-23T09:30:36","guid":{"rendered":"https:\/\/www.bodegasprotos.com\/?p=34669"},"modified":"2022-09-26T13:04:23","modified_gmt":"2022-09-26T11:04:23","slug":"reflexiones-con-un-vino-por-xavi-martinez-12","status":"publish","type":"post","link":"https:\/\/www.bodegasprotos.com\/es\/blog\/reflexiones-con-un-vino-por-xavi-martinez-12\/","title":{"rendered":"Reflexiones con un vino por Xavi Mart\u00ednez"},"content":{"rendered":"<h2><strong><em>Las ra\u00edces de la bondad<\/em><\/strong><\/h2>\n<p>No siempre estamos preparados para soltar. Supongo que los que m\u00e1s nos quieren suelen ser los que m\u00e1s da\u00f1o pueden llegar a hacernos.<\/p>\n<p>No me refiero de forma directa o intencionada. A veces su partir ya es un pu\u00f1al atravesando nuestro coraz\u00f3n.<\/p>\n<div>No nos educaron para abrazar la p\u00e9rdida. Somos un ej\u00e9rcito de humanidad batallando a diario contra lo divino y todo aquello que escapa a nuestra realidad material. Estar parece solamente quedarse.<\/div>\n<div><\/div>\n<div>Pero estar\u2026 Siempre van a estar. El inevitable misterio de la presencia ausente nos quema por dentro y hasta mordemos de rabia nuestras creencias.<\/div>\n<div><\/div>\n<div>Y los buscamos. Los esperamos girando la calle. Los vemos en las nubes del atardecer. En los campos abiertos donde correr.<\/div>\n<div><\/div>\n<div>En los ladridos lejanos del vecindario.<\/div>\n<div><\/div>\n<div>En ese \u00edntimo escenario donde nos despojamos de los trajes que nos ponemos para aguantar de d\u00eda: en la noche y en los sue\u00f1os.<\/div>\n<div><\/div>\n<div>Nos gusta pensar que tal vez en alguna parte seguimos felices sin que nosotros aqu\u00ed nos enteremos.<\/div>\n<div><\/div>\n<div>Que hay otro lugar donde no se sufri\u00f3 y todo sigui\u00f3 como deb\u00eda desde esa bondad que nunca mereci\u00f3 se arrancada sin avisar.<\/div>\n<div><\/div>\n<div>Porque una injusticia es mayor cuando todo cae sobre la devoci\u00f3n m\u00e1s pura y veraz que nace de las almas buenas.<\/div>\n<div><\/div>\n<div>Jam\u00e1s habr\u00e1 minutos suficientes de los que no arrepentirse al no haberlos invertido en sus miradas llenas de inocencia y complicidad inmaculada.<\/div>\n<div><\/div>\n<div>No estamos preparados para soltar todo eso porque no se puede soltar. Porque cuando algo ha crecido enraiz\u00e1ndose en nuestras partes m\u00e1s puras algo dentro se va tambi\u00e9n al arrancarlo.<\/div>\n<div><\/div>\n<div>No podemos soltar lo que nos define como aquello que fuimos desde sus miradas. Se llevaron mucho con ese fuerte tir\u00f3n, pero aqu\u00ed se queda todo lo que m\u00e1s duele y lo que m\u00e1s felices nos ha hecho.<\/div>\n<div><\/div>\n<div>Esa es la gran certeza que une lo incomprensible con la resignaci\u00f3n. El amor verdadero no se puede arrancar.<\/div>\n<div><\/div>\n<div><b>Xavi Mart\u00ednez<\/b><\/div>\n<div>\n<div dir=\"ltr\">\n<div><\/div>\n<\/div>\n<\/div>\n","protected":false},"excerpt":{"rendered":"<p>Las ra\u00edces de la bondad No siempre estamos preparados para soltar. Supongo que los que m\u00e1s nos quieren&#8230;<\/p>\n","protected":false},"author":3,"featured_media":34246,"comment_status":"closed","ping_status":"closed","sticky":false,"template":"","format":"standard","meta":{"_acf_changed":false,"footnotes":""},"categories":[87,1],"tags":[],"class_list":["post-34669","post","type-post","status-publish","format-standard","has-post-thumbnail","hentry","category-blog","category-general"],"acf":[],"yoast_head":"<!-- This site is optimized with the Yoast SEO plugin v27.5 - https:\/\/yoast.com\/product\/yoast-seo-wordpress\/ -->\n<title>Reflexiones con un vino por Xavi Mart\u00ednez - Bodegas Protos<\/title>\n<meta name=\"description\" content=\"Las ra\u00edces de la bondad No siempre estamos preparados para soltar. Supongo que los que m\u00e1s nos quieren suelen ser los que m\u00e1s da\u00f1o pueden llegar a\" \/>\n<meta name=\"robots\" content=\"index, follow, max-snippet:-1, max-image-preview:large, max-video-preview:-1\" \/>\n<link rel=\"canonical\" href=\"https:\/\/www.bodegasprotos.com\/es\/blog\/reflexiones-con-un-vino-por-xavi-martinez-12\/\" \/>\n<meta property=\"og:locale\" content=\"es_ES\" \/>\n<meta property=\"og:type\" content=\"article\" \/>\n<meta property=\"og:title\" content=\"Reflexiones con un vino por Xavi Mart\u00ednez - Bodegas Protos\" \/>\n<meta property=\"og:description\" content=\"Las ra\u00edces de la bondad No siempre estamos preparados para soltar. Supongo que los que m\u00e1s nos quieren suelen ser los que m\u00e1s da\u00f1o pueden llegar a\" \/>\n<meta property=\"og:url\" content=\"https:\/\/www.bodegasprotos.com\/es\/blog\/reflexiones-con-un-vino-por-xavi-martinez-12\/\" \/>\n<meta property=\"og:site_name\" content=\"Bodegas Protos\" \/>\n<meta property=\"article:publisher\" content=\"https:\/\/www.facebook.com\/BodegasProtos\" \/>\n<meta property=\"article:published_time\" content=\"2022-09-23T09:30:36+00:00\" \/>\n<meta property=\"article:modified_time\" content=\"2022-09-26T11:04:23+00:00\" \/>\n<meta property=\"og:image\" content=\"https:\/\/www.bodegasprotos.com\/wp-content\/uploads\/2022\/04\/Xavi.jpg\" \/>\n\t<meta property=\"og:image:width\" content=\"2447\" \/>\n\t<meta property=\"og:image:height\" content=\"2555\" \/>\n\t<meta property=\"og:image:type\" content=\"image\/jpeg\" \/>\n<meta name=\"author\" content=\"Bodegas Protos (F)\" \/>\n<meta name=\"twitter:card\" content=\"summary_large_image\" \/>\n<meta name=\"twitter:creator\" content=\"@Bodegas_Protos\" \/>\n<meta name=\"twitter:site\" content=\"@Bodegas_Protos\" \/>\n<meta name=\"twitter:label1\" content=\"Escrito por\" \/>\n\t<meta name=\"twitter:data1\" content=\"Bodegas Protos (F)\" \/>\n\t<meta name=\"twitter:label2\" content=\"Tiempo de lectura\" \/>\n\t<meta name=\"twitter:data2\" content=\"2 minutos\" \/>\n<script type=\"application\/ld+json\" class=\"yoast-schema-graph\">{\"@context\":\"https:\\\/\\\/schema.org\",\"@graph\":[{\"@type\":\"Article\",\"@id\":\"https:\\\/\\\/www.bodegasprotos.com\\\/es\\\/blog\\\/reflexiones-con-un-vino-por-xavi-martinez-12\\\/#article\",\"isPartOf\":{\"@id\":\"https:\\\/\\\/www.bodegasprotos.com\\\/es\\\/blog\\\/reflexiones-con-un-vino-por-xavi-martinez-12\\\/\"},\"author\":{\"name\":\"Bodegas Protos (F)\",\"@id\":\"https:\\\/\\\/www.bodegasprotos.com\\\/es\\\/#\\\/schema\\\/person\\\/6cb69a08afa14171755cee0df7d20027\"},\"headline\":\"Reflexiones con un vino por Xavi Mart\u00ednez\",\"datePublished\":\"2022-09-23T09:30:36+00:00\",\"dateModified\":\"2022-09-26T11:04:23+00:00\",\"mainEntityOfPage\":{\"@id\":\"https:\\\/\\\/www.bodegasprotos.com\\\/es\\\/blog\\\/reflexiones-con-un-vino-por-xavi-martinez-12\\\/\"},\"wordCount\":355,\"publisher\":{\"@id\":\"https:\\\/\\\/www.bodegasprotos.com\\\/es\\\/#organization\"},\"image\":{\"@id\":\"https:\\\/\\\/www.bodegasprotos.com\\\/es\\\/blog\\\/reflexiones-con-un-vino-por-xavi-martinez-12\\\/#primaryimage\"},\"thumbnailUrl\":\"https:\\\/\\\/www.bodegasprotos.com\\\/wp-content\\\/uploads\\\/2022\\\/04\\\/Xavi.jpg\",\"articleSection\":[\"Blog\",\"General\"],\"inLanguage\":\"es\"},{\"@type\":\"WebPage\",\"@id\":\"https:\\\/\\\/www.bodegasprotos.com\\\/es\\\/blog\\\/reflexiones-con-un-vino-por-xavi-martinez-12\\\/\",\"url\":\"https:\\\/\\\/www.bodegasprotos.com\\\/es\\\/blog\\\/reflexiones-con-un-vino-por-xavi-martinez-12\\\/\",\"name\":\"Reflexiones con un vino por Xavi Mart\u00ednez - Bodegas Protos\",\"isPartOf\":{\"@id\":\"https:\\\/\\\/www.bodegasprotos.com\\\/es\\\/#website\"},\"primaryImageOfPage\":{\"@id\":\"https:\\\/\\\/www.bodegasprotos.com\\\/es\\\/blog\\\/reflexiones-con-un-vino-por-xavi-martinez-12\\\/#primaryimage\"},\"image\":{\"@id\":\"https:\\\/\\\/www.bodegasprotos.com\\\/es\\\/blog\\\/reflexiones-con-un-vino-por-xavi-martinez-12\\\/#primaryimage\"},\"thumbnailUrl\":\"https:\\\/\\\/www.bodegasprotos.com\\\/wp-content\\\/uploads\\\/2022\\\/04\\\/Xavi.jpg\",\"datePublished\":\"2022-09-23T09:30:36+00:00\",\"dateModified\":\"2022-09-26T11:04:23+00:00\",\"description\":\"Las ra\u00edces de la bondad No siempre estamos preparados para soltar. Supongo que los que m\u00e1s nos quieren suelen ser los que m\u00e1s da\u00f1o pueden llegar a\",\"breadcrumb\":{\"@id\":\"https:\\\/\\\/www.bodegasprotos.com\\\/es\\\/blog\\\/reflexiones-con-un-vino-por-xavi-martinez-12\\\/#breadcrumb\"},\"inLanguage\":\"es\",\"potentialAction\":[{\"@type\":\"ReadAction\",\"target\":[\"https:\\\/\\\/www.bodegasprotos.com\\\/es\\\/blog\\\/reflexiones-con-un-vino-por-xavi-martinez-12\\\/\"]}]},{\"@type\":\"ImageObject\",\"inLanguage\":\"es\",\"@id\":\"https:\\\/\\\/www.bodegasprotos.com\\\/es\\\/blog\\\/reflexiones-con-un-vino-por-xavi-martinez-12\\\/#primaryimage\",\"url\":\"https:\\\/\\\/www.bodegasprotos.com\\\/wp-content\\\/uploads\\\/2022\\\/04\\\/Xavi.jpg\",\"contentUrl\":\"https:\\\/\\\/www.bodegasprotos.com\\\/wp-content\\\/uploads\\\/2022\\\/04\\\/Xavi.jpg\",\"width\":2447,\"height\":2555},{\"@type\":\"BreadcrumbList\",\"@id\":\"https:\\\/\\\/www.bodegasprotos.com\\\/es\\\/blog\\\/reflexiones-con-un-vino-por-xavi-martinez-12\\\/#breadcrumb\",\"itemListElement\":[{\"@type\":\"ListItem\",\"position\":1,\"name\":\"Portada\",\"item\":\"https:\\\/\\\/www.bodegasprotos.com\\\/es\\\/\"},{\"@type\":\"ListItem\",\"position\":2,\"name\":\"Reflexiones con un vino por Xavi Mart\u00ednez\"}]},{\"@type\":\"WebSite\",\"@id\":\"https:\\\/\\\/www.bodegasprotos.com\\\/es\\\/#website\",\"url\":\"https:\\\/\\\/www.bodegasprotos.com\\\/es\\\/\",\"name\":\"Bodegas Protos\",\"description\":\"Vinos de la Denominaci\u00f3n de Origen Ribera del Duero, Rueda y Cigales\",\"publisher\":{\"@id\":\"https:\\\/\\\/www.bodegasprotos.com\\\/es\\\/#organization\"},\"potentialAction\":[{\"@type\":\"SearchAction\",\"target\":{\"@type\":\"EntryPoint\",\"urlTemplate\":\"https:\\\/\\\/www.bodegasprotos.com\\\/es\\\/?s={search_term_string}\"},\"query-input\":{\"@type\":\"PropertyValueSpecification\",\"valueRequired\":true,\"valueName\":\"search_term_string\"}}],\"inLanguage\":\"es\"},{\"@type\":\"Organization\",\"@id\":\"https:\\\/\\\/www.bodegasprotos.com\\\/es\\\/#organization\",\"name\":\"Bodegas Protos\",\"url\":\"https:\\\/\\\/www.bodegasprotos.com\\\/es\\\/\",\"logo\":{\"@type\":\"ImageObject\",\"inLanguage\":\"es\",\"@id\":\"https:\\\/\\\/www.bodegasprotos.com\\\/es\\\/#\\\/schema\\\/logo\\\/image\\\/\",\"url\":\"https:\\\/\\\/www.bodegasprotos.com\\\/wp-content\\\/uploads\\\/2024\\\/06\\\/PROTOS-LOGOS-VERSIONES-13.png\",\"contentUrl\":\"https:\\\/\\\/www.bodegasprotos.com\\\/wp-content\\\/uploads\\\/2024\\\/06\\\/PROTOS-LOGOS-VERSIONES-13.png\",\"width\":2362,\"height\":2362,\"caption\":\"Bodegas Protos\"},\"image\":{\"@id\":\"https:\\\/\\\/www.bodegasprotos.com\\\/es\\\/#\\\/schema\\\/logo\\\/image\\\/\"},\"sameAs\":[\"https:\\\/\\\/www.facebook.com\\\/BodegasProtos\",\"https:\\\/\\\/x.com\\\/Bodegas_Protos\",\"https:\\\/\\\/www.instagram.com\\\/bodegasprotosoficial\\\/\",\"https:\\\/\\\/www.linkedin.com\\\/company\\\/bodegasprotos\\\/\",\"https:\\\/\\\/pinterest.com\\\/BodegasProtos\\\/\",\"http:\\\/\\\/www.youtube.com\\\/user\\\/BodegasProtos\",\"https:\\\/\\\/es.wikipedia.org\\\/wiki\\\/Bodegas_Protos\"]},{\"@type\":\"Person\",\"@id\":\"https:\\\/\\\/www.bodegasprotos.com\\\/es\\\/#\\\/schema\\\/person\\\/6cb69a08afa14171755cee0df7d20027\",\"name\":\"Bodegas Protos (F)\",\"image\":{\"@type\":\"ImageObject\",\"inLanguage\":\"es\",\"@id\":\"https:\\\/\\\/secure.gravatar.com\\\/avatar\\\/cc613a9fd2ee203f402357c1b4aa2b7c041016cbf1eab1e41bde410b2ebd7f94?s=96&d=mm&r=g\",\"url\":\"https:\\\/\\\/secure.gravatar.com\\\/avatar\\\/cc613a9fd2ee203f402357c1b4aa2b7c041016cbf1eab1e41bde410b2ebd7f94?s=96&d=mm&r=g\",\"contentUrl\":\"https:\\\/\\\/secure.gravatar.com\\\/avatar\\\/cc613a9fd2ee203f402357c1b4aa2b7c041016cbf1eab1e41bde410b2ebd7f94?s=96&d=mm&r=g\",\"caption\":\"Bodegas Protos (F)\"},\"sameAs\":[\"https:\\\/\\\/www.bodegasprotos.com\"]}]}<\/script>\n<!-- \/ Yoast SEO plugin. -->","yoast_head_json":{"title":"Reflexiones con un vino por Xavi Mart\u00ednez - Bodegas Protos","description":"Las ra\u00edces de la bondad No siempre estamos preparados para soltar. Supongo que los que m\u00e1s nos quieren suelen ser los que m\u00e1s da\u00f1o pueden llegar a","robots":{"index":"index","follow":"follow","max-snippet":"max-snippet:-1","max-image-preview":"max-image-preview:large","max-video-preview":"max-video-preview:-1"},"canonical":"https:\/\/www.bodegasprotos.com\/es\/blog\/reflexiones-con-un-vino-por-xavi-martinez-12\/","og_locale":"es_ES","og_type":"article","og_title":"Reflexiones con un vino por Xavi Mart\u00ednez - Bodegas Protos","og_description":"Las ra\u00edces de la bondad No siempre estamos preparados para soltar. Supongo que los que m\u00e1s nos quieren suelen ser los que m\u00e1s da\u00f1o pueden llegar a","og_url":"https:\/\/www.bodegasprotos.com\/es\/blog\/reflexiones-con-un-vino-por-xavi-martinez-12\/","og_site_name":"Bodegas Protos","article_publisher":"https:\/\/www.facebook.com\/BodegasProtos","article_published_time":"2022-09-23T09:30:36+00:00","article_modified_time":"2022-09-26T11:04:23+00:00","og_image":[{"width":2447,"height":2555,"url":"https:\/\/www.bodegasprotos.com\/wp-content\/uploads\/2022\/04\/Xavi.jpg","type":"image\/jpeg"}],"author":"Bodegas Protos (F)","twitter_card":"summary_large_image","twitter_creator":"@Bodegas_Protos","twitter_site":"@Bodegas_Protos","twitter_misc":{"Escrito por":"Bodegas Protos (F)","Tiempo de lectura":"2 minutos"},"schema":{"@context":"https:\/\/schema.org","@graph":[{"@type":"Article","@id":"https:\/\/www.bodegasprotos.com\/es\/blog\/reflexiones-con-un-vino-por-xavi-martinez-12\/#article","isPartOf":{"@id":"https:\/\/www.bodegasprotos.com\/es\/blog\/reflexiones-con-un-vino-por-xavi-martinez-12\/"},"author":{"name":"Bodegas Protos (F)","@id":"https:\/\/www.bodegasprotos.com\/es\/#\/schema\/person\/6cb69a08afa14171755cee0df7d20027"},"headline":"Reflexiones con un vino por Xavi Mart\u00ednez","datePublished":"2022-09-23T09:30:36+00:00","dateModified":"2022-09-26T11:04:23+00:00","mainEntityOfPage":{"@id":"https:\/\/www.bodegasprotos.com\/es\/blog\/reflexiones-con-un-vino-por-xavi-martinez-12\/"},"wordCount":355,"publisher":{"@id":"https:\/\/www.bodegasprotos.com\/es\/#organization"},"image":{"@id":"https:\/\/www.bodegasprotos.com\/es\/blog\/reflexiones-con-un-vino-por-xavi-martinez-12\/#primaryimage"},"thumbnailUrl":"https:\/\/www.bodegasprotos.com\/wp-content\/uploads\/2022\/04\/Xavi.jpg","articleSection":["Blog","General"],"inLanguage":"es"},{"@type":"WebPage","@id":"https:\/\/www.bodegasprotos.com\/es\/blog\/reflexiones-con-un-vino-por-xavi-martinez-12\/","url":"https:\/\/www.bodegasprotos.com\/es\/blog\/reflexiones-con-un-vino-por-xavi-martinez-12\/","name":"Reflexiones con un vino por Xavi Mart\u00ednez - Bodegas Protos","isPartOf":{"@id":"https:\/\/www.bodegasprotos.com\/es\/#website"},"primaryImageOfPage":{"@id":"https:\/\/www.bodegasprotos.com\/es\/blog\/reflexiones-con-un-vino-por-xavi-martinez-12\/#primaryimage"},"image":{"@id":"https:\/\/www.bodegasprotos.com\/es\/blog\/reflexiones-con-un-vino-por-xavi-martinez-12\/#primaryimage"},"thumbnailUrl":"https:\/\/www.bodegasprotos.com\/wp-content\/uploads\/2022\/04\/Xavi.jpg","datePublished":"2022-09-23T09:30:36+00:00","dateModified":"2022-09-26T11:04:23+00:00","description":"Las ra\u00edces de la bondad No siempre estamos preparados para soltar. Supongo que los que m\u00e1s nos quieren suelen ser los que m\u00e1s da\u00f1o pueden llegar a","breadcrumb":{"@id":"https:\/\/www.bodegasprotos.com\/es\/blog\/reflexiones-con-un-vino-por-xavi-martinez-12\/#breadcrumb"},"inLanguage":"es","potentialAction":[{"@type":"ReadAction","target":["https:\/\/www.bodegasprotos.com\/es\/blog\/reflexiones-con-un-vino-por-xavi-martinez-12\/"]}]},{"@type":"ImageObject","inLanguage":"es","@id":"https:\/\/www.bodegasprotos.com\/es\/blog\/reflexiones-con-un-vino-por-xavi-martinez-12\/#primaryimage","url":"https:\/\/www.bodegasprotos.com\/wp-content\/uploads\/2022\/04\/Xavi.jpg","contentUrl":"https:\/\/www.bodegasprotos.com\/wp-content\/uploads\/2022\/04\/Xavi.jpg","width":2447,"height":2555},{"@type":"BreadcrumbList","@id":"https:\/\/www.bodegasprotos.com\/es\/blog\/reflexiones-con-un-vino-por-xavi-martinez-12\/#breadcrumb","itemListElement":[{"@type":"ListItem","position":1,"name":"Portada","item":"https:\/\/www.bodegasprotos.com\/es\/"},{"@type":"ListItem","position":2,"name":"Reflexiones con un vino por Xavi Mart\u00ednez"}]},{"@type":"WebSite","@id":"https:\/\/www.bodegasprotos.com\/es\/#website","url":"https:\/\/www.bodegasprotos.com\/es\/","name":"Bodegas Protos","description":"Vinos de la Denominaci\u00f3n de Origen Ribera del Duero, Rueda y Cigales","publisher":{"@id":"https:\/\/www.bodegasprotos.com\/es\/#organization"},"potentialAction":[{"@type":"SearchAction","target":{"@type":"EntryPoint","urlTemplate":"https:\/\/www.bodegasprotos.com\/es\/?s={search_term_string}"},"query-input":{"@type":"PropertyValueSpecification","valueRequired":true,"valueName":"search_term_string"}}],"inLanguage":"es"},{"@type":"Organization","@id":"https:\/\/www.bodegasprotos.com\/es\/#organization","name":"Bodegas Protos","url":"https:\/\/www.bodegasprotos.com\/es\/","logo":{"@type":"ImageObject","inLanguage":"es","@id":"https:\/\/www.bodegasprotos.com\/es\/#\/schema\/logo\/image\/","url":"https:\/\/www.bodegasprotos.com\/wp-content\/uploads\/2024\/06\/PROTOS-LOGOS-VERSIONES-13.png","contentUrl":"https:\/\/www.bodegasprotos.com\/wp-content\/uploads\/2024\/06\/PROTOS-LOGOS-VERSIONES-13.png","width":2362,"height":2362,"caption":"Bodegas Protos"},"image":{"@id":"https:\/\/www.bodegasprotos.com\/es\/#\/schema\/logo\/image\/"},"sameAs":["https:\/\/www.facebook.com\/BodegasProtos","https:\/\/x.com\/Bodegas_Protos","https:\/\/www.instagram.com\/bodegasprotosoficial\/","https:\/\/www.linkedin.com\/company\/bodegasprotos\/","https:\/\/pinterest.com\/BodegasProtos\/","http:\/\/www.youtube.com\/user\/BodegasProtos","https:\/\/es.wikipedia.org\/wiki\/Bodegas_Protos"]},{"@type":"Person","@id":"https:\/\/www.bodegasprotos.com\/es\/#\/schema\/person\/6cb69a08afa14171755cee0df7d20027","name":"Bodegas Protos (F)","image":{"@type":"ImageObject","inLanguage":"es","@id":"https:\/\/secure.gravatar.com\/avatar\/cc613a9fd2ee203f402357c1b4aa2b7c041016cbf1eab1e41bde410b2ebd7f94?s=96&d=mm&r=g","url":"https:\/\/secure.gravatar.com\/avatar\/cc613a9fd2ee203f402357c1b4aa2b7c041016cbf1eab1e41bde410b2ebd7f94?s=96&d=mm&r=g","contentUrl":"https:\/\/secure.gravatar.com\/avatar\/cc613a9fd2ee203f402357c1b4aa2b7c041016cbf1eab1e41bde410b2ebd7f94?s=96&d=mm&r=g","caption":"Bodegas Protos (F)"},"sameAs":["https:\/\/www.bodegasprotos.com"]}]}},"_links":{"self":[{"href":"https:\/\/www.bodegasprotos.com\/es\/wp-json\/wp\/v2\/posts\/34669","targetHints":{"allow":["GET"]}}],"collection":[{"href":"https:\/\/www.bodegasprotos.com\/es\/wp-json\/wp\/v2\/posts"}],"about":[{"href":"https:\/\/www.bodegasprotos.com\/es\/wp-json\/wp\/v2\/types\/post"}],"author":[{"embeddable":true,"href":"https:\/\/www.bodegasprotos.com\/es\/wp-json\/wp\/v2\/users\/3"}],"replies":[{"embeddable":true,"href":"https:\/\/www.bodegasprotos.com\/es\/wp-json\/wp\/v2\/comments?post=34669"}],"version-history":[{"count":0,"href":"https:\/\/www.bodegasprotos.com\/es\/wp-json\/wp\/v2\/posts\/34669\/revisions"}],"wp:featuredmedia":[{"embeddable":true,"href":"https:\/\/www.bodegasprotos.com\/es\/wp-json\/wp\/v2\/media\/34246"}],"wp:attachment":[{"href":"https:\/\/www.bodegasprotos.com\/es\/wp-json\/wp\/v2\/media?parent=34669"}],"wp:term":[{"taxonomy":"category","embeddable":true,"href":"https:\/\/www.bodegasprotos.com\/es\/wp-json\/wp\/v2\/categories?post=34669"},{"taxonomy":"post_tag","embeddable":true,"href":"https:\/\/www.bodegasprotos.com\/es\/wp-json\/wp\/v2\/tags?post=34669"}],"curies":[{"name":"wp","href":"https:\/\/api.w.org\/{rel}","templated":true}]}}