{"id":34617,"date":"2022-09-09T12:04:48","date_gmt":"2022-09-09T10:04:48","guid":{"rendered":"https:\/\/www.bodegasprotos.com\/?p=34617"},"modified":"2022-09-09T12:16:11","modified_gmt":"2022-09-09T10:16:11","slug":"maridaje-de-chocolates-y-protos","status":"publish","type":"post","link":"https:\/\/www.bodegasprotos.com\/es\/general\/maridaje-de-chocolates-y-protos\/","title":{"rendered":"Maridaje de chocolates y Protos"},"content":{"rendered":"<p>El d\u00eda 13 de septiembre se celebra el D\u00eda Internacional del Chocolate. Sin duda, uno de los d\u00edas m\u00e1s dulces del a\u00f1o&#8230; y es que hay pocos que se resistan a \u00e9l&#8230;<\/p>\n<p>Si adem\u00e1s, eres un apasionado del vino, pues ya tienes el maridaje perfecto \ud83d\ude09<\/p>\n<p><img fetchpriority=\"high\" decoding=\"async\" class=\"aligncenter size-medium wp-image-34627\" src=\"https:\/\/www.bodegasprotos.com\/wp-content\/uploads\/2022\/09\/kier-in-sight-LjzAqkZnGFM-unsplash-225x300.jpg\" alt=\"\" width=\"225\" height=\"300\" srcset=\"https:\/\/www.bodegasprotos.com\/wp-content\/uploads\/2022\/09\/kier-in-sight-LjzAqkZnGFM-unsplash-225x300.jpg 225w, https:\/\/www.bodegasprotos.com\/wp-content\/uploads\/2022\/09\/kier-in-sight-LjzAqkZnGFM-unsplash-768x1025.jpg 768w, https:\/\/www.bodegasprotos.com\/wp-content\/uploads\/2022\/09\/kier-in-sight-LjzAqkZnGFM-unsplash-1151x1536.jpg 1151w, https:\/\/www.bodegasprotos.com\/wp-content\/uploads\/2022\/09\/kier-in-sight-LjzAqkZnGFM-unsplash-1535x2048.jpg 1535w, https:\/\/www.bodegasprotos.com\/wp-content\/uploads\/2022\/09\/kier-in-sight-LjzAqkZnGFM-unsplash-scaled.jpg 1919w\" sizes=\"(max-width: 225px) 100vw, 225px\" \/><\/p>\n<p>Para saber c\u00f3mo surgi\u00f3 el D\u00eda Internacional del Chocolate, tenemos que remontarnos unos a\u00f1os atr\u00e1s, concretamente, al d\u00eda 7 de julio de 2010, cuando la Organizaci\u00f3n Internacional de Productores de Cacao y la Academia Francesa de los Maestros Chocolateros y Confiteros deciden conmemorar este d\u00eda, haci\u00e9ndolo coincidir con el D\u00eda Mundial del Cacao.<\/p>\n<p>Pero, es en el a\u00f1o 1995, cuando los franceses prefirieron hacer su especial Oda al chocolate, el 13 de septiembre, ya que en esta fecha, naci\u00f3 Roald Dahl (1916-1990), el autor de Charlie y la F\u00e1brica de Chocolate.<\/p>\n<p>As\u00ed, se instaura el D\u00eda Internacional del Chocolate, y nosotros queremos hacerle nuestro especial homenaje, creando el matrimonio perfecto.<\/p>\n<p>El chocolate y el vino crean una fusi\u00f3n muy especial. Tanto uno como otro contienen unos aromas y sabores \u00fanicos, intensos, que hacen que esta combinaci\u00f3n sea un aut\u00e9ntico espect\u00e1culo para los sentidos.<\/p>\n<p>Da igual si es negro, blanco o con leche, con frutos secos o ruby&#8230;, hay un vino para cada uno de ellos que har\u00e1 que tu experiencia de tomar chocolate, sea \u00fanica.<\/p>\n<h2>Chocolate y Protos<\/h2>\n<p>Como ocurre con el vino, cada chocolate tiene un aroma, un sabor y un color distinto. Aqu\u00ed, englobamos su categor\u00eda y te recomendamos el vino protos que mejor casa con ellos.<\/p>\n<p><img decoding=\"async\" class=\"aligncenter size-medium wp-image-34619\" src=\"https:\/\/www.bodegasprotos.com\/wp-content\/uploads\/2022\/09\/alina-parache-BypPgofw-1w-unsplash-200x300.jpg\" alt=\"\" width=\"200\" height=\"300\" srcset=\"https:\/\/www.bodegasprotos.com\/wp-content\/uploads\/2022\/09\/alina-parache-BypPgofw-1w-unsplash-200x300.jpg 200w, https:\/\/www.bodegasprotos.com\/wp-content\/uploads\/2022\/09\/alina-parache-BypPgofw-1w-unsplash-683x1024.jpg 683w, https:\/\/www.bodegasprotos.com\/wp-content\/uploads\/2022\/09\/alina-parache-BypPgofw-1w-unsplash-768x1152.jpg 768w, https:\/\/www.bodegasprotos.com\/wp-content\/uploads\/2022\/09\/alina-parache-BypPgofw-1w-unsplash-1024x1536.jpg 1024w, https:\/\/www.bodegasprotos.com\/wp-content\/uploads\/2022\/09\/alina-parache-BypPgofw-1w-unsplash-1365x2048.jpg 1365w, https:\/\/www.bodegasprotos.com\/wp-content\/uploads\/2022\/09\/alina-parache-BypPgofw-1w-unsplash-scaled.jpg 1707w\" sizes=\"(max-width: 200px) 100vw, 200px\" \/><\/p>\n<h3>Chocolate negro y Protos Reserva<\/h3>\n<p>Para los chocolates negros, dada su intensidad tanto en aromas como en boca, el vino elegido es <a href=\"https:\/\/www.bodegasprotos.com\/es\/vino\/reserva\/\">Protos Reserva<\/a>, un vino que tiene aromas tostados, especiados y avainillados, que son aromas muy caracter\u00edsticos, tambi\u00e9n, del chocolate negro. Por eso, es un vino que ensalzar\u00e1 y se ensambla a la perfecci\u00f3n, creando un equilibrio y un final muy arm\u00f3nico, en boca.<\/p>\n<p><img decoding=\"async\" class=\"aligncenter size-medium wp-image-34446\" src=\"https:\/\/www.bodegasprotos.com\/wp-content\/uploads\/2022\/07\/Protos_reserva-1-80x300.png\" alt=\"\" width=\"80\" height=\"300\" srcset=\"https:\/\/www.bodegasprotos.com\/wp-content\/uploads\/2022\/07\/Protos_reserva-1-80x300.png 80w, https:\/\/www.bodegasprotos.com\/wp-content\/uploads\/2022\/07\/Protos_reserva-1.png 266w\" sizes=\"(max-width: 80px) 100vw, 80px\" \/><\/p>\n<div class=\"elementor-element elementor-element-e03ac02 elementor-position-left animated-slow elementor-vertical-align-top elementor-widget elementor-widget-image-box animated fadeInUp\" data-id=\"e03ac02\" data-element_type=\"widget\" data-settings=\"{&quot;_animation&quot;:&quot;fadeInUp&quot;,&quot;_animation_mobile&quot;:&quot;none&quot;,&quot;_animation_delay&quot;:150}\" data-widget_type=\"image-box.default\">\n<div class=\"elementor-widget-container\">\n<div class=\"elementor-image-box-wrapper\">\n<h3 class=\"elementor-image-box-content\">Chocolate con leche y Protos 9 meses<\/h3>\n<\/div>\n<\/div>\n<\/div>\n<div class=\"elementor-element elementor-element-d01f694 elementor-position-left animated-slow elementor-vertical-align-top elementor-widget elementor-widget-image-box animated fadeInUp\" data-id=\"d01f694\" data-element_type=\"widget\" data-settings=\"{&quot;_animation&quot;:&quot;fadeInUp&quot;,&quot;_animation_mobile&quot;:&quot;none&quot;,&quot;_animation_delay&quot;:300}\" data-widget_type=\"image-box.default\">\n<div class=\"elementor-widget-container\">\n<div class=\"elementor-image-box-wrapper\">\n<div class=\"elementor-image-box-content\">\n<div class=\"elementor-element elementor-element-e03ac02 elementor-position-left animated-slow elementor-vertical-align-top elementor-widget elementor-widget-image-box animated fadeInUp\" data-id=\"e03ac02\" data-element_type=\"widget\" data-settings=\"{&quot;_animation&quot;:&quot;fadeInUp&quot;,&quot;_animation_mobile&quot;:&quot;none&quot;,&quot;_animation_delay&quot;:150}\" data-widget_type=\"image-box.default\">\n<div class=\"elementor-widget-container\">\n<div class=\"elementor-image-box-wrapper\">\n<div class=\"elementor-image-box-content\">\n<p class=\"elementor-image-box-description\">Los chocolates con leche al ser m\u00e1s dulces y golosos, tanto en boca como en nariz, requieren vinos que contengan un poco de madera, pero que no sean muy suntuosos al paladar, precisamente, para no opacar el sabor del chocolate.<\/p>\n<p class=\"elementor-image-box-description\">Es por eso, que nuestra elecci\u00f3n es <a href=\"https:\/\/www.bodegasprotos.com\/es\/vino\/protos-9-meses\/\">Protos 9 meses<\/a>, ya que es un vino que cuenta con una buena estructura en boca, con taninos suaves y muy agradables y, en nariz, podemos apreciar toques de especias dulces.<\/p>\n<p><img loading=\"lazy\" decoding=\"async\" class=\"aligncenter size-medium wp-image-34635\" src=\"https:\/\/www.bodegasprotos.com\/wp-content\/uploads\/2022\/09\/Protos_9Meses_-86x300.png\" alt=\"\" width=\"86\" height=\"300\" srcset=\"https:\/\/www.bodegasprotos.com\/wp-content\/uploads\/2022\/09\/Protos_9Meses_-86x300.png 86w, https:\/\/www.bodegasprotos.com\/wp-content\/uploads\/2022\/09\/Protos_9Meses_.png 286w\" sizes=\"(max-width: 86px) 100vw, 86px\" \/><\/p>\n<h3>Chocolate blanco y Protos Verdejo Reserva<\/h3>\n<\/div>\n<\/div>\n<\/div>\n<\/div>\n<div class=\"elementor-element elementor-element-d01f694 elementor-position-left animated-slow elementor-vertical-align-top elementor-widget elementor-widget-image-box animated fadeInUp\" data-id=\"d01f694\" data-element_type=\"widget\" data-settings=\"{&quot;_animation&quot;:&quot;fadeInUp&quot;,&quot;_animation_mobile&quot;:&quot;none&quot;,&quot;_animation_delay&quot;:300}\" data-widget_type=\"image-box.default\">\n<div class=\"elementor-widget-container\">\n<div class=\"elementor-image-box-wrapper\">\n<div class=\"elementor-image-box-content\">\n<p>Uno de los chocolates m\u00e1s golosos. Se elabora solo con manteca de cacao y se sustituye el cacao, que es el que proporciona ese sabor amargo, por leche. El vino que puede crear una uni\u00f3n fabulosa es <a href=\"https:\/\/www.bodegasprotos.com\/es\/vino\/verdejo-reserva\/\">Protos Verdejo Reserva<\/a>, ya que posee en nariz, toques de vainillas y notas finas de boller\u00eda. Adem\u00e1s, en boca es un vino graso y con volumen. El sabor graso del vino junto con el chocolate blanco, que contiene una gran cantidad de leche, hace que la uni\u00f3n sea perfecta.<\/p>\n<p><img loading=\"lazy\" decoding=\"async\" class=\"aligncenter size-medium wp-image-34623\" src=\"https:\/\/www.bodegasprotos.com\/wp-content\/uploads\/2022\/09\/emy-Rx3QSrG1coc-unsplash-225x300.jpg\" alt=\"\" width=\"225\" height=\"300\" srcset=\"https:\/\/www.bodegasprotos.com\/wp-content\/uploads\/2022\/09\/emy-Rx3QSrG1coc-unsplash-225x300.jpg 225w, https:\/\/www.bodegasprotos.com\/wp-content\/uploads\/2022\/09\/emy-Rx3QSrG1coc-unsplash-768x1024.jpg 768w, https:\/\/www.bodegasprotos.com\/wp-content\/uploads\/2022\/09\/emy-Rx3QSrG1coc-unsplash-1152x1536.jpg 1152w, https:\/\/www.bodegasprotos.com\/wp-content\/uploads\/2022\/09\/emy-Rx3QSrG1coc-unsplash-1536x2048.jpg 1536w, https:\/\/www.bodegasprotos.com\/wp-content\/uploads\/2022\/09\/emy-Rx3QSrG1coc-unsplash-scaled.jpg 1920w\" sizes=\"(max-width: 225px) 100vw, 225px\" \/><\/p>\n<p><img loading=\"lazy\" decoding=\"async\" class=\"aligncenter size-medium wp-image-33876\" src=\"https:\/\/www.bodegasprotos.com\/wp-content\/uploads\/2022\/03\/Protos-Verdejo-Reserva-189x300.jpg\" alt=\"\" width=\"189\" height=\"300\" srcset=\"https:\/\/www.bodegasprotos.com\/wp-content\/uploads\/2022\/03\/Protos-Verdejo-Reserva-189x300.jpg 189w, https:\/\/www.bodegasprotos.com\/wp-content\/uploads\/2022\/03\/Protos-Verdejo-Reserva-644x1024.jpg 644w, https:\/\/www.bodegasprotos.com\/wp-content\/uploads\/2022\/03\/Protos-Verdejo-Reserva-768x1222.jpg 768w, https:\/\/www.bodegasprotos.com\/wp-content\/uploads\/2022\/03\/Protos-Verdejo-Reserva-965x1536.jpg 965w, https:\/\/www.bodegasprotos.com\/wp-content\/uploads\/2022\/03\/Protos-Verdejo-Reserva-1287x2048.jpg 1287w, https:\/\/www.bodegasprotos.com\/wp-content\/uploads\/2022\/03\/Protos-Verdejo-Reserva-scaled.jpg 1609w\" sizes=\"(max-width: 189px) 100vw, 189px\" \/><\/p>\n<div class=\"elementor-element elementor-element-d01f694 elementor-position-left animated-slow elementor-vertical-align-top elementor-widget elementor-widget-image-box animated fadeInUp\" data-id=\"d01f694\" data-element_type=\"widget\" data-settings=\"{&quot;_animation&quot;:&quot;fadeInUp&quot;,&quot;_animation_mobile&quot;:&quot;none&quot;,&quot;_animation_delay&quot;:300}\" data-widget_type=\"image-box.default\">\n<div class=\"elementor-widget-container\">\n<h3 class=\"elementor-image-box-wrapper\">Chocolate ruby y Aire de Protos<\/h3>\n<\/div>\n<\/div>\n<\/div>\n<\/div>\n<\/div>\n<\/div>\n<\/div>\n<\/div>\n<\/div>\n<\/div>\n<p>Hemos elegido para el chocolate ruby, <a href=\"https:\/\/www.bodegasprotos.com\/es\/vino\/aire-de-protos\/\">Aire de Protos<\/a>. Una de las razones, el color. Un color rosado en ambos casos, que juntos, crean un regalo para los ojos. Pero no solo este es el motivo de esta elecci\u00f3n. Aire de Protos cuenta con una nota de cata que coincide en un 99% con las notas de cata de los chocolates ruby.<\/p>\n<p>Son frescos, con notas frutales, sobre todo, con recuerdo a frutos rojos y cuentan con ese punto \u00e1cido, que les confiere una personalidad muy curiosa.<\/p>\n<p><img loading=\"lazy\" decoding=\"async\" class=\"aligncenter size-medium wp-image-31055\" src=\"https:\/\/www.bodegasprotos.com\/wp-content\/uploads\/2021\/06\/Aire-de-Protos-189x300.jpg\" alt=\"\" width=\"189\" height=\"300\" srcset=\"https:\/\/www.bodegasprotos.com\/wp-content\/uploads\/2021\/06\/Aire-de-Protos-189x300.jpg 189w, https:\/\/www.bodegasprotos.com\/wp-content\/uploads\/2021\/06\/Aire-de-Protos-644x1024.jpg 644w, https:\/\/www.bodegasprotos.com\/wp-content\/uploads\/2021\/06\/Aire-de-Protos-768x1222.jpg 768w, https:\/\/www.bodegasprotos.com\/wp-content\/uploads\/2021\/06\/Aire-de-Protos-965x1536.jpg 965w, https:\/\/www.bodegasprotos.com\/wp-content\/uploads\/2021\/06\/Aire-de-Protos-1287x2048.jpg 1287w, https:\/\/www.bodegasprotos.com\/wp-content\/uploads\/2021\/06\/Aire-de-Protos-scaled.jpg 1609w\" sizes=\"(max-width: 189px) 100vw, 189px\" \/><\/p>\n<div class=\"elementor-element elementor-element-e03ac02 elementor-position-left animated-slow elementor-vertical-align-top elementor-widget elementor-widget-image-box animated fadeInUp\" data-id=\"e03ac02\" data-element_type=\"widget\" data-settings=\"{&quot;_animation&quot;:&quot;fadeInUp&quot;,&quot;_animation_mobile&quot;:&quot;none&quot;,&quot;_animation_delay&quot;:150}\" data-widget_type=\"image-box.default\">\n<div class=\"elementor-widget-container\">\n<div class=\"elementor-image-box-wrapper\">\n<h3 class=\"elementor-image-box-content\">Chocolates con frutos secos y Protos Crianza<\/h3>\n<\/div>\n<\/div>\n<\/div>\n<div class=\"elementor-element elementor-element-d01f694 elementor-position-left animated-slow elementor-vertical-align-top elementor-widget elementor-widget-image-box animated fadeInUp\" data-id=\"d01f694\" data-element_type=\"widget\" data-settings=\"{&quot;_animation&quot;:&quot;fadeInUp&quot;,&quot;_animation_mobile&quot;:&quot;none&quot;,&quot;_animation_delay&quot;:300}\" data-widget_type=\"image-box.default\">\n<div class=\"elementor-widget-container\">\n<div class=\"elementor-image-box-wrapper\">\n<div class=\"elementor-image-box-content\">\n<p>Es complicado aunar un chocolate negro con frutos secos o un chocolate con leche con frutos secos y aplicarle el mismo vino, ya que sabemos que el chocolate negro\u00a0 cuenta con notas m\u00e1s amargas que el chocolate con leche, etc.<\/p>\n<p>Sin embargo, hemos querido categorizar en este punto, los chocolates que cuenten con frutos secos, independientemente de la elaboraci\u00f3n del chocolate ya que <a href=\"https:\/\/www.bodegasprotos.com\/es\/vino\/crianza\/\">Protos Crianza<\/a>, tiene la especial particularidad de ser un vino tan vers\u00e1til que marida con cualquier chocolate.<\/p>\n<p>Es un vino con una estructura y elegancia tal, que ensalza los aromas y sabores de cualquier chocolate. Adem\u00e1s, el binomio frutos secos y Protos Crianza, es ideal ya que los frutos secos son frutos con c\u00e1scara, y Protos Crianza cuenta con notas de madera que aportan aromas de especias dulces y agradables tostados.<\/p>\n<p><img loading=\"lazy\" decoding=\"async\" class=\"size-medium wp-image-31090 aligncenter\" src=\"https:\/\/www.bodegasprotos.com\/wp-content\/uploads\/2021\/05\/Protos-Crianza-225x300.png\" alt=\"Protos Crianza\" width=\"225\" height=\"300\" srcset=\"https:\/\/www.bodegasprotos.com\/wp-content\/uploads\/2021\/05\/Protos-Crianza-225x300.png 225w, https:\/\/www.bodegasprotos.com\/wp-content\/uploads\/2021\/05\/Protos-Crianza.png 600w\" sizes=\"(max-width: 225px) 100vw, 225px\" \/><\/p>\n<div class=\"elementor-element elementor-element-5b7d278 elementor-position-left animated-slow elementor-vertical-align-top elementor-widget elementor-widget-image-box animated fadeInUp\" data-id=\"5b7d278\" data-element_type=\"widget\" data-settings=\"{&quot;_animation&quot;:&quot;fadeInUp&quot;,&quot;_animation_mobile&quot;:&quot;none&quot;,&quot;_animation_delay&quot;:150}\" data-widget_type=\"image-box.default\">\n<div class=\"elementor-widget-container\">\n<div class=\"elementor-image-box-wrapper\">\n<div class=\"elementor-image-box-content\"><\/div>\n<div><\/div>\n<\/div>\n<\/div>\n<\/div>\n<div class=\"elementor-element elementor-element-16570c9 elementor-position-left animated-slow elementor-vertical-align-top elementor-widget elementor-widget-image-box animated fadeInUp\" data-id=\"16570c9\" data-element_type=\"widget\" data-settings=\"{&quot;_animation&quot;:&quot;fadeInUp&quot;,&quot;_animation_mobile&quot;:&quot;none&quot;,&quot;_animation_delay&quot;:300}\" data-widget_type=\"image-box.default\">\n<div class=\"elementor-widget-container\">\n<div class=\"elementor-image-box-wrapper\">\n<div class=\"elementor-image-box-content\">\n<h3 class=\"elementor-image-box-description\">Chocolate con pralin\u00e9s y Protos Roble<\/h3>\n<\/div>\n<\/div>\n<\/div>\n<\/div>\n<\/div>\n<\/div>\n<\/div>\n<\/div>\n<p>Los pralin\u00e9s le confieren al chocolate, un sabor m\u00e1s dulce, algo que hay que equilibrar con un vino. Por todo esto, queremos casar estos chocolates con <a href=\"https:\/\/www.bodegasprotos.com\/es\/vino\/roble\/\">Protos Roble<\/a> ya que es un vino muy bien estructurado, que cuenta con un paso goloso, pero equilibrado y con taninos suaves y muy agradables.<\/p>\n<p><img loading=\"lazy\" decoding=\"async\" class=\"aligncenter size-medium wp-image-34633\" src=\"https:\/\/www.bodegasprotos.com\/wp-content\/uploads\/2022\/09\/Protos_roble-e1563181105235-85x300.png\" alt=\"\" width=\"85\" height=\"300\" \/><\/p>\n<p><img loading=\"lazy\" decoding=\"async\" class=\"aligncenter size-medium wp-image-34629\" src=\"https:\/\/www.bodegasprotos.com\/wp-content\/uploads\/2022\/09\/heather-barnes-gP1YecpRyD8-unsplash-200x300.jpg\" alt=\"\" width=\"200\" height=\"300\" srcset=\"https:\/\/www.bodegasprotos.com\/wp-content\/uploads\/2022\/09\/heather-barnes-gP1YecpRyD8-unsplash-200x300.jpg 200w, https:\/\/www.bodegasprotos.com\/wp-content\/uploads\/2022\/09\/heather-barnes-gP1YecpRyD8-unsplash-683x1024.jpg 683w, https:\/\/www.bodegasprotos.com\/wp-content\/uploads\/2022\/09\/heather-barnes-gP1YecpRyD8-unsplash-768x1152.jpg 768w, https:\/\/www.bodegasprotos.com\/wp-content\/uploads\/2022\/09\/heather-barnes-gP1YecpRyD8-unsplash-1024x1536.jpg 1024w, https:\/\/www.bodegasprotos.com\/wp-content\/uploads\/2022\/09\/heather-barnes-gP1YecpRyD8-unsplash-1365x2048.jpg 1365w, https:\/\/www.bodegasprotos.com\/wp-content\/uploads\/2022\/09\/heather-barnes-gP1YecpRyD8-unsplash-scaled.jpg 1707w\" sizes=\"(max-width: 200px) 100vw, 200px\" \/><\/p>\n","protected":false},"excerpt":{"rendered":"<p>El d\u00eda 13 de septiembre se celebra el D\u00eda Internacional del Chocolate. Sin duda, uno de los d\u00edas&#8230;<\/p>\n","protected":false},"author":3,"featured_media":34625,"comment_status":"closed","ping_status":"closed","sticky":false,"template":"","format":"standard","meta":{"_acf_changed":false,"footnotes":""},"categories":[87,1],"tags":[],"class_list":["post-34617","post","type-post","status-publish","format-standard","has-post-thumbnail","hentry","category-blog","category-general"],"acf":[],"yoast_head":"<!-- This site is optimized with the Yoast SEO plugin v27.5 - https:\/\/yoast.com\/product\/yoast-seo-wordpress\/ -->\n<title>Maridaje de chocolates y Protos - Bodegas Protos<\/title>\n<meta name=\"description\" content=\"El d\u00eda 13 de septiembre se celebra el D\u00eda Internacional del Chocolate. Sin duda, uno de los d\u00edas m\u00e1s dulces del a\u00f1o... y es que hay pocos que se resistan\" \/>\n<meta name=\"robots\" content=\"index, follow, max-snippet:-1, max-image-preview:large, max-video-preview:-1\" \/>\n<link rel=\"canonical\" href=\"https:\/\/www.bodegasprotos.com\/es\/general\/maridaje-de-chocolates-y-protos\/\" \/>\n<meta property=\"og:locale\" content=\"es_ES\" \/>\n<meta property=\"og:type\" content=\"article\" \/>\n<meta property=\"og:title\" content=\"Maridaje de chocolates y Protos - Bodegas Protos\" \/>\n<meta property=\"og:description\" content=\"El d\u00eda 13 de septiembre se celebra el D\u00eda Internacional del Chocolate. Sin duda, uno de los d\u00edas m\u00e1s dulces del a\u00f1o... y es que hay pocos que se resistan\" \/>\n<meta property=\"og:url\" content=\"https:\/\/www.bodegasprotos.com\/es\/general\/maridaje-de-chocolates-y-protos\/\" \/>\n<meta property=\"og:site_name\" content=\"Bodegas Protos\" \/>\n<meta property=\"article:publisher\" content=\"https:\/\/www.facebook.com\/BodegasProtos\" \/>\n<meta property=\"article:published_time\" content=\"2022-09-09T10:04:48+00:00\" \/>\n<meta property=\"article:modified_time\" content=\"2022-09-09T10:16:11+00:00\" \/>\n<meta property=\"og:image\" content=\"https:\/\/www.bodegasprotos.com\/wp-content\/uploads\/2022\/09\/tetiana-bykovets-7LKpstdOad0-unsplash-scaled.jpg\" \/>\n\t<meta property=\"og:image:width\" content=\"1706\" \/>\n\t<meta property=\"og:image:height\" content=\"2560\" \/>\n\t<meta property=\"og:image:type\" content=\"image\/jpeg\" \/>\n<meta name=\"author\" content=\"Bodegas Protos (F)\" \/>\n<meta name=\"twitter:card\" content=\"summary_large_image\" \/>\n<meta name=\"twitter:creator\" content=\"@Bodegas_Protos\" \/>\n<meta name=\"twitter:site\" content=\"@Bodegas_Protos\" \/>\n<meta name=\"twitter:label1\" content=\"Escrito por\" \/>\n\t<meta name=\"twitter:data1\" content=\"Bodegas Protos (F)\" \/>\n\t<meta name=\"twitter:label2\" content=\"Tiempo de lectura\" \/>\n\t<meta name=\"twitter:data2\" content=\"6 minutos\" \/>\n<script type=\"application\/ld+json\" class=\"yoast-schema-graph\">{\"@context\":\"https:\\\/\\\/schema.org\",\"@graph\":[{\"@type\":\"Article\",\"@id\":\"https:\\\/\\\/www.bodegasprotos.com\\\/es\\\/general\\\/maridaje-de-chocolates-y-protos\\\/#article\",\"isPartOf\":{\"@id\":\"https:\\\/\\\/www.bodegasprotos.com\\\/es\\\/general\\\/maridaje-de-chocolates-y-protos\\\/\"},\"author\":{\"name\":\"Bodegas Protos (F)\",\"@id\":\"https:\\\/\\\/www.bodegasprotos.com\\\/es\\\/#\\\/schema\\\/person\\\/6cb69a08afa14171755cee0df7d20027\"},\"headline\":\"Maridaje de chocolates y Protos\",\"datePublished\":\"2022-09-09T10:04:48+00:00\",\"dateModified\":\"2022-09-09T10:16:11+00:00\",\"mainEntityOfPage\":{\"@id\":\"https:\\\/\\\/www.bodegasprotos.com\\\/es\\\/general\\\/maridaje-de-chocolates-y-protos\\\/\"},\"wordCount\":827,\"publisher\":{\"@id\":\"https:\\\/\\\/www.bodegasprotos.com\\\/es\\\/#organization\"},\"image\":{\"@id\":\"https:\\\/\\\/www.bodegasprotos.com\\\/es\\\/general\\\/maridaje-de-chocolates-y-protos\\\/#primaryimage\"},\"thumbnailUrl\":\"https:\\\/\\\/www.bodegasprotos.com\\\/wp-content\\\/uploads\\\/2022\\\/09\\\/tetiana-bykovets-7LKpstdOad0-unsplash-scaled.jpg\",\"articleSection\":[\"Blog\",\"General\"],\"inLanguage\":\"es\"},{\"@type\":\"WebPage\",\"@id\":\"https:\\\/\\\/www.bodegasprotos.com\\\/es\\\/general\\\/maridaje-de-chocolates-y-protos\\\/\",\"url\":\"https:\\\/\\\/www.bodegasprotos.com\\\/es\\\/general\\\/maridaje-de-chocolates-y-protos\\\/\",\"name\":\"Maridaje de chocolates y Protos - Bodegas Protos\",\"isPartOf\":{\"@id\":\"https:\\\/\\\/www.bodegasprotos.com\\\/es\\\/#website\"},\"primaryImageOfPage\":{\"@id\":\"https:\\\/\\\/www.bodegasprotos.com\\\/es\\\/general\\\/maridaje-de-chocolates-y-protos\\\/#primaryimage\"},\"image\":{\"@id\":\"https:\\\/\\\/www.bodegasprotos.com\\\/es\\\/general\\\/maridaje-de-chocolates-y-protos\\\/#primaryimage\"},\"thumbnailUrl\":\"https:\\\/\\\/www.bodegasprotos.com\\\/wp-content\\\/uploads\\\/2022\\\/09\\\/tetiana-bykovets-7LKpstdOad0-unsplash-scaled.jpg\",\"datePublished\":\"2022-09-09T10:04:48+00:00\",\"dateModified\":\"2022-09-09T10:16:11+00:00\",\"description\":\"El d\u00eda 13 de septiembre se celebra el D\u00eda Internacional del Chocolate. Sin duda, uno de los d\u00edas m\u00e1s dulces del a\u00f1o... y es que hay pocos que se resistan\",\"breadcrumb\":{\"@id\":\"https:\\\/\\\/www.bodegasprotos.com\\\/es\\\/general\\\/maridaje-de-chocolates-y-protos\\\/#breadcrumb\"},\"inLanguage\":\"es\",\"potentialAction\":[{\"@type\":\"ReadAction\",\"target\":[\"https:\\\/\\\/www.bodegasprotos.com\\\/es\\\/general\\\/maridaje-de-chocolates-y-protos\\\/\"]}]},{\"@type\":\"ImageObject\",\"inLanguage\":\"es\",\"@id\":\"https:\\\/\\\/www.bodegasprotos.com\\\/es\\\/general\\\/maridaje-de-chocolates-y-protos\\\/#primaryimage\",\"url\":\"https:\\\/\\\/www.bodegasprotos.com\\\/wp-content\\\/uploads\\\/2022\\\/09\\\/tetiana-bykovets-7LKpstdOad0-unsplash-scaled.jpg\",\"contentUrl\":\"https:\\\/\\\/www.bodegasprotos.com\\\/wp-content\\\/uploads\\\/2022\\\/09\\\/tetiana-bykovets-7LKpstdOad0-unsplash-scaled.jpg\",\"width\":1706,\"height\":2560},{\"@type\":\"BreadcrumbList\",\"@id\":\"https:\\\/\\\/www.bodegasprotos.com\\\/es\\\/general\\\/maridaje-de-chocolates-y-protos\\\/#breadcrumb\",\"itemListElement\":[{\"@type\":\"ListItem\",\"position\":1,\"name\":\"Portada\",\"item\":\"https:\\\/\\\/www.bodegasprotos.com\\\/es\\\/\"},{\"@type\":\"ListItem\",\"position\":2,\"name\":\"Maridaje de chocolates y Protos\"}]},{\"@type\":\"WebSite\",\"@id\":\"https:\\\/\\\/www.bodegasprotos.com\\\/es\\\/#website\",\"url\":\"https:\\\/\\\/www.bodegasprotos.com\\\/es\\\/\",\"name\":\"Bodegas Protos\",\"description\":\"Vinos de la Denominaci\u00f3n de Origen Ribera del Duero, Rueda y Cigales\",\"publisher\":{\"@id\":\"https:\\\/\\\/www.bodegasprotos.com\\\/es\\\/#organization\"},\"potentialAction\":[{\"@type\":\"SearchAction\",\"target\":{\"@type\":\"EntryPoint\",\"urlTemplate\":\"https:\\\/\\\/www.bodegasprotos.com\\\/es\\\/?s={search_term_string}\"},\"query-input\":{\"@type\":\"PropertyValueSpecification\",\"valueRequired\":true,\"valueName\":\"search_term_string\"}}],\"inLanguage\":\"es\"},{\"@type\":\"Organization\",\"@id\":\"https:\\\/\\\/www.bodegasprotos.com\\\/es\\\/#organization\",\"name\":\"Bodegas Protos\",\"url\":\"https:\\\/\\\/www.bodegasprotos.com\\\/es\\\/\",\"logo\":{\"@type\":\"ImageObject\",\"inLanguage\":\"es\",\"@id\":\"https:\\\/\\\/www.bodegasprotos.com\\\/es\\\/#\\\/schema\\\/logo\\\/image\\\/\",\"url\":\"https:\\\/\\\/www.bodegasprotos.com\\\/wp-content\\\/uploads\\\/2024\\\/06\\\/PROTOS-LOGOS-VERSIONES-13.png\",\"contentUrl\":\"https:\\\/\\\/www.bodegasprotos.com\\\/wp-content\\\/uploads\\\/2024\\\/06\\\/PROTOS-LOGOS-VERSIONES-13.png\",\"width\":2362,\"height\":2362,\"caption\":\"Bodegas Protos\"},\"image\":{\"@id\":\"https:\\\/\\\/www.bodegasprotos.com\\\/es\\\/#\\\/schema\\\/logo\\\/image\\\/\"},\"sameAs\":[\"https:\\\/\\\/www.facebook.com\\\/BodegasProtos\",\"https:\\\/\\\/x.com\\\/Bodegas_Protos\",\"https:\\\/\\\/www.instagram.com\\\/bodegasprotosoficial\\\/\",\"https:\\\/\\\/www.linkedin.com\\\/company\\\/bodegasprotos\\\/\",\"https:\\\/\\\/pinterest.com\\\/BodegasProtos\\\/\",\"http:\\\/\\\/www.youtube.com\\\/user\\\/BodegasProtos\",\"https:\\\/\\\/es.wikipedia.org\\\/wiki\\\/Bodegas_Protos\"]},{\"@type\":\"Person\",\"@id\":\"https:\\\/\\\/www.bodegasprotos.com\\\/es\\\/#\\\/schema\\\/person\\\/6cb69a08afa14171755cee0df7d20027\",\"name\":\"Bodegas Protos (F)\",\"image\":{\"@type\":\"ImageObject\",\"inLanguage\":\"es\",\"@id\":\"https:\\\/\\\/secure.gravatar.com\\\/avatar\\\/cc613a9fd2ee203f402357c1b4aa2b7c041016cbf1eab1e41bde410b2ebd7f94?s=96&d=mm&r=g\",\"url\":\"https:\\\/\\\/secure.gravatar.com\\\/avatar\\\/cc613a9fd2ee203f402357c1b4aa2b7c041016cbf1eab1e41bde410b2ebd7f94?s=96&d=mm&r=g\",\"contentUrl\":\"https:\\\/\\\/secure.gravatar.com\\\/avatar\\\/cc613a9fd2ee203f402357c1b4aa2b7c041016cbf1eab1e41bde410b2ebd7f94?s=96&d=mm&r=g\",\"caption\":\"Bodegas Protos (F)\"},\"sameAs\":[\"https:\\\/\\\/www.bodegasprotos.com\"]}]}<\/script>\n<!-- \/ Yoast SEO plugin. -->","yoast_head_json":{"title":"Maridaje de chocolates y Protos - Bodegas Protos","description":"El d\u00eda 13 de septiembre se celebra el D\u00eda Internacional del Chocolate. Sin duda, uno de los d\u00edas m\u00e1s dulces del a\u00f1o... y es que hay pocos que se resistan","robots":{"index":"index","follow":"follow","max-snippet":"max-snippet:-1","max-image-preview":"max-image-preview:large","max-video-preview":"max-video-preview:-1"},"canonical":"https:\/\/www.bodegasprotos.com\/es\/general\/maridaje-de-chocolates-y-protos\/","og_locale":"es_ES","og_type":"article","og_title":"Maridaje de chocolates y Protos - Bodegas Protos","og_description":"El d\u00eda 13 de septiembre se celebra el D\u00eda Internacional del Chocolate. Sin duda, uno de los d\u00edas m\u00e1s dulces del a\u00f1o... y es que hay pocos que se resistan","og_url":"https:\/\/www.bodegasprotos.com\/es\/general\/maridaje-de-chocolates-y-protos\/","og_site_name":"Bodegas Protos","article_publisher":"https:\/\/www.facebook.com\/BodegasProtos","article_published_time":"2022-09-09T10:04:48+00:00","article_modified_time":"2022-09-09T10:16:11+00:00","og_image":[{"width":1706,"height":2560,"url":"https:\/\/www.bodegasprotos.com\/wp-content\/uploads\/2022\/09\/tetiana-bykovets-7LKpstdOad0-unsplash-scaled.jpg","type":"image\/jpeg"}],"author":"Bodegas Protos (F)","twitter_card":"summary_large_image","twitter_creator":"@Bodegas_Protos","twitter_site":"@Bodegas_Protos","twitter_misc":{"Escrito por":"Bodegas Protos (F)","Tiempo de lectura":"6 minutos"},"schema":{"@context":"https:\/\/schema.org","@graph":[{"@type":"Article","@id":"https:\/\/www.bodegasprotos.com\/es\/general\/maridaje-de-chocolates-y-protos\/#article","isPartOf":{"@id":"https:\/\/www.bodegasprotos.com\/es\/general\/maridaje-de-chocolates-y-protos\/"},"author":{"name":"Bodegas Protos (F)","@id":"https:\/\/www.bodegasprotos.com\/es\/#\/schema\/person\/6cb69a08afa14171755cee0df7d20027"},"headline":"Maridaje de chocolates y Protos","datePublished":"2022-09-09T10:04:48+00:00","dateModified":"2022-09-09T10:16:11+00:00","mainEntityOfPage":{"@id":"https:\/\/www.bodegasprotos.com\/es\/general\/maridaje-de-chocolates-y-protos\/"},"wordCount":827,"publisher":{"@id":"https:\/\/www.bodegasprotos.com\/es\/#organization"},"image":{"@id":"https:\/\/www.bodegasprotos.com\/es\/general\/maridaje-de-chocolates-y-protos\/#primaryimage"},"thumbnailUrl":"https:\/\/www.bodegasprotos.com\/wp-content\/uploads\/2022\/09\/tetiana-bykovets-7LKpstdOad0-unsplash-scaled.jpg","articleSection":["Blog","General"],"inLanguage":"es"},{"@type":"WebPage","@id":"https:\/\/www.bodegasprotos.com\/es\/general\/maridaje-de-chocolates-y-protos\/","url":"https:\/\/www.bodegasprotos.com\/es\/general\/maridaje-de-chocolates-y-protos\/","name":"Maridaje de chocolates y Protos - Bodegas Protos","isPartOf":{"@id":"https:\/\/www.bodegasprotos.com\/es\/#website"},"primaryImageOfPage":{"@id":"https:\/\/www.bodegasprotos.com\/es\/general\/maridaje-de-chocolates-y-protos\/#primaryimage"},"image":{"@id":"https:\/\/www.bodegasprotos.com\/es\/general\/maridaje-de-chocolates-y-protos\/#primaryimage"},"thumbnailUrl":"https:\/\/www.bodegasprotos.com\/wp-content\/uploads\/2022\/09\/tetiana-bykovets-7LKpstdOad0-unsplash-scaled.jpg","datePublished":"2022-09-09T10:04:48+00:00","dateModified":"2022-09-09T10:16:11+00:00","description":"El d\u00eda 13 de septiembre se celebra el D\u00eda Internacional del Chocolate. Sin duda, uno de los d\u00edas m\u00e1s dulces del a\u00f1o... y es que hay pocos que se resistan","breadcrumb":{"@id":"https:\/\/www.bodegasprotos.com\/es\/general\/maridaje-de-chocolates-y-protos\/#breadcrumb"},"inLanguage":"es","potentialAction":[{"@type":"ReadAction","target":["https:\/\/www.bodegasprotos.com\/es\/general\/maridaje-de-chocolates-y-protos\/"]}]},{"@type":"ImageObject","inLanguage":"es","@id":"https:\/\/www.bodegasprotos.com\/es\/general\/maridaje-de-chocolates-y-protos\/#primaryimage","url":"https:\/\/www.bodegasprotos.com\/wp-content\/uploads\/2022\/09\/tetiana-bykovets-7LKpstdOad0-unsplash-scaled.jpg","contentUrl":"https:\/\/www.bodegasprotos.com\/wp-content\/uploads\/2022\/09\/tetiana-bykovets-7LKpstdOad0-unsplash-scaled.jpg","width":1706,"height":2560},{"@type":"BreadcrumbList","@id":"https:\/\/www.bodegasprotos.com\/es\/general\/maridaje-de-chocolates-y-protos\/#breadcrumb","itemListElement":[{"@type":"ListItem","position":1,"name":"Portada","item":"https:\/\/www.bodegasprotos.com\/es\/"},{"@type":"ListItem","position":2,"name":"Maridaje de chocolates y Protos"}]},{"@type":"WebSite","@id":"https:\/\/www.bodegasprotos.com\/es\/#website","url":"https:\/\/www.bodegasprotos.com\/es\/","name":"Bodegas Protos","description":"Vinos de la Denominaci\u00f3n de Origen Ribera del Duero, Rueda y Cigales","publisher":{"@id":"https:\/\/www.bodegasprotos.com\/es\/#organization"},"potentialAction":[{"@type":"SearchAction","target":{"@type":"EntryPoint","urlTemplate":"https:\/\/www.bodegasprotos.com\/es\/?s={search_term_string}"},"query-input":{"@type":"PropertyValueSpecification","valueRequired":true,"valueName":"search_term_string"}}],"inLanguage":"es"},{"@type":"Organization","@id":"https:\/\/www.bodegasprotos.com\/es\/#organization","name":"Bodegas Protos","url":"https:\/\/www.bodegasprotos.com\/es\/","logo":{"@type":"ImageObject","inLanguage":"es","@id":"https:\/\/www.bodegasprotos.com\/es\/#\/schema\/logo\/image\/","url":"https:\/\/www.bodegasprotos.com\/wp-content\/uploads\/2024\/06\/PROTOS-LOGOS-VERSIONES-13.png","contentUrl":"https:\/\/www.bodegasprotos.com\/wp-content\/uploads\/2024\/06\/PROTOS-LOGOS-VERSIONES-13.png","width":2362,"height":2362,"caption":"Bodegas Protos"},"image":{"@id":"https:\/\/www.bodegasprotos.com\/es\/#\/schema\/logo\/image\/"},"sameAs":["https:\/\/www.facebook.com\/BodegasProtos","https:\/\/x.com\/Bodegas_Protos","https:\/\/www.instagram.com\/bodegasprotosoficial\/","https:\/\/www.linkedin.com\/company\/bodegasprotos\/","https:\/\/pinterest.com\/BodegasProtos\/","http:\/\/www.youtube.com\/user\/BodegasProtos","https:\/\/es.wikipedia.org\/wiki\/Bodegas_Protos"]},{"@type":"Person","@id":"https:\/\/www.bodegasprotos.com\/es\/#\/schema\/person\/6cb69a08afa14171755cee0df7d20027","name":"Bodegas Protos (F)","image":{"@type":"ImageObject","inLanguage":"es","@id":"https:\/\/secure.gravatar.com\/avatar\/cc613a9fd2ee203f402357c1b4aa2b7c041016cbf1eab1e41bde410b2ebd7f94?s=96&d=mm&r=g","url":"https:\/\/secure.gravatar.com\/avatar\/cc613a9fd2ee203f402357c1b4aa2b7c041016cbf1eab1e41bde410b2ebd7f94?s=96&d=mm&r=g","contentUrl":"https:\/\/secure.gravatar.com\/avatar\/cc613a9fd2ee203f402357c1b4aa2b7c041016cbf1eab1e41bde410b2ebd7f94?s=96&d=mm&r=g","caption":"Bodegas Protos (F)"},"sameAs":["https:\/\/www.bodegasprotos.com"]}]}},"_links":{"self":[{"href":"https:\/\/www.bodegasprotos.com\/es\/wp-json\/wp\/v2\/posts\/34617","targetHints":{"allow":["GET"]}}],"collection":[{"href":"https:\/\/www.bodegasprotos.com\/es\/wp-json\/wp\/v2\/posts"}],"about":[{"href":"https:\/\/www.bodegasprotos.com\/es\/wp-json\/wp\/v2\/types\/post"}],"author":[{"embeddable":true,"href":"https:\/\/www.bodegasprotos.com\/es\/wp-json\/wp\/v2\/users\/3"}],"replies":[{"embeddable":true,"href":"https:\/\/www.bodegasprotos.com\/es\/wp-json\/wp\/v2\/comments?post=34617"}],"version-history":[{"count":0,"href":"https:\/\/www.bodegasprotos.com\/es\/wp-json\/wp\/v2\/posts\/34617\/revisions"}],"wp:featuredmedia":[{"embeddable":true,"href":"https:\/\/www.bodegasprotos.com\/es\/wp-json\/wp\/v2\/media\/34625"}],"wp:attachment":[{"href":"https:\/\/www.bodegasprotos.com\/es\/wp-json\/wp\/v2\/media?parent=34617"}],"wp:term":[{"taxonomy":"category","embeddable":true,"href":"https:\/\/www.bodegasprotos.com\/es\/wp-json\/wp\/v2\/categories?post=34617"},{"taxonomy":"post_tag","embeddable":true,"href":"https:\/\/www.bodegasprotos.com\/es\/wp-json\/wp\/v2\/tags?post=34617"}],"curies":[{"name":"wp","href":"https:\/\/api.w.org\/{rel}","templated":true}]}}