{"id":34569,"date":"2022-08-29T10:16:47","date_gmt":"2022-08-29T08:16:47","guid":{"rendered":"https:\/\/www.bodegasprotos.com\/?p=34569"},"modified":"2022-08-29T10:16:47","modified_gmt":"2022-08-29T08:16:47","slug":"reflexiones-con-un-vino-por-xavi-martinez-11","status":"publish","type":"post","link":"https:\/\/www.bodegasprotos.com\/es\/blog\/reflexiones-con-un-vino-por-xavi-martinez-11\/","title":{"rendered":"Reflexiones con un vino por Xavi Mart\u00ednez"},"content":{"rendered":"<h2><em><strong>A jugar<\/strong><\/em><\/h2>\n<p>En uno de mis momentos favoritos de\u00a0la semana, <a href=\"https:\/\/www.bodegasprotos.com\/es\/vino\/protos-verdejo-cuvee\/\">copa de vino en mano<\/a>, he echado la mirada atr\u00e1s.<\/p>\n<p>La perspectiva del tiempo te regala un aire fresco como ese de los amaneceres de oto\u00f1o o el de las noches de primavera. Te da esa vista de p\u00e1jaro tan ansiada, especialmente cuando las cosas no se entend\u00edan del todo bien. Hubo un momento en que el puzzle no encajaba y eso que uno ten\u00eda clar\u00edsimo d\u00f3nde colocar las piezas. Pasa la tormenta y realmente eres consciente de que esas piezas ya no encajaban porque se hab\u00edan desgastado. Muchas hab\u00edan adoptado nuevas formas y su armon\u00eda entre ellas ya no era posible. No es que no fueran buenas, es que ya no tocaba jugar con ellas y hab\u00eda que ir a por piezas nuevas.<\/p>\n<p>Esa certeza, como digo, la regala el tiempo. De la misma forma que no podemos olvidar c\u00f3mo se jugaba, tampoco debemos olvidar por qu\u00e9 se desgastaron las piezas. Encajar de nuevo no deber\u00eda ser s\u00f3lo volver a empezar. Creo que hay que hacerlo con la certeza de que en alg\u00fan momento las piezas volver\u00e1n a cambiar de forma y dejar\u00e1n de dibujar armon\u00eda. Seguramente, si intentamos jugar desde el aprendizaje, se desgastar\u00e1n a otra velocidad e incluso podremos empezar un nuevo puzzle antes de tirar el presente a la basura. Desde la calma y la paz que te regala la visi\u00f3n panor\u00e1mica, hoy me confieso feliz de haber vuelto a jugar.<\/p>\n<p>Con el esp\u00edritu de esas noches de primavera y los amaneceres de oto\u00f1o, mente clara y ojos bien abiertos, se me dibuja una sonrisilla incontrolable. Lejos quedan algunas lagunas a las que aprend\u00ed a respetar vac\u00edas. Tambi\u00e9n energ\u00edas y pensamientos generados para bloquear. As\u00ed como personas que sin darse cuenta pisaron su propia m\u00e1scara, rompi\u00e9ndola, cuando se despistaron y ya no pudieron aguantarla m\u00e1s. Y aunque a d\u00eda de hoy no pueda decir que el puzzle est\u00e1 completo, s\u00ed he sido consciente de que poseo algo que es mucho m\u00e1s importante. Todas y cada una de las piezas de este nuevo y maravilloso juego se est\u00e1n esperando unas a otras para poder volver a encajar.<\/p>\n","protected":false},"excerpt":{"rendered":"<p>A jugar En uno de mis momentos favoritos de\u00a0la semana, copa de vino en mano, he echado la&#8230;<\/p>\n","protected":false},"author":3,"featured_media":34246,"comment_status":"closed","ping_status":"closed","sticky":false,"template":"","format":"standard","meta":{"_acf_changed":false,"footnotes":""},"categories":[87,1],"tags":[],"class_list":["post-34569","post","type-post","status-publish","format-standard","has-post-thumbnail","hentry","category-blog","category-general"],"acf":[],"yoast_head":"<!-- This site is optimized with the Yoast SEO plugin v27.5 - https:\/\/yoast.com\/product\/yoast-seo-wordpress\/ -->\n<title>Reflexiones con un vino por Xavi Mart\u00ednez - Bodegas Protos<\/title>\n<meta name=\"description\" content=\"A jugar En uno de mis momentos favoritos de\u00a0la semana, copa de vino en mano, he echado la mirada atr\u00e1s. La perspectiva del tiempo te regala un aire fresco\" \/>\n<meta name=\"robots\" content=\"index, follow, max-snippet:-1, max-image-preview:large, max-video-preview:-1\" \/>\n<link rel=\"canonical\" href=\"https:\/\/www.bodegasprotos.com\/es\/blog\/reflexiones-con-un-vino-por-xavi-martinez-11\/\" \/>\n<meta property=\"og:locale\" content=\"es_ES\" \/>\n<meta property=\"og:type\" content=\"article\" \/>\n<meta property=\"og:title\" content=\"Reflexiones con un vino por Xavi Mart\u00ednez - Bodegas Protos\" \/>\n<meta property=\"og:description\" content=\"A jugar En uno de mis momentos favoritos de\u00a0la semana, copa de vino en mano, he echado la mirada atr\u00e1s. La perspectiva del tiempo te regala un aire fresco\" \/>\n<meta property=\"og:url\" content=\"https:\/\/www.bodegasprotos.com\/es\/blog\/reflexiones-con-un-vino-por-xavi-martinez-11\/\" \/>\n<meta property=\"og:site_name\" content=\"Bodegas Protos\" \/>\n<meta property=\"article:publisher\" content=\"https:\/\/www.facebook.com\/BodegasProtos\" \/>\n<meta property=\"article:published_time\" content=\"2022-08-29T08:16:47+00:00\" \/>\n<meta property=\"og:image\" content=\"https:\/\/www.bodegasprotos.com\/wp-content\/uploads\/2022\/04\/Xavi.jpg\" \/>\n\t<meta property=\"og:image:width\" content=\"2447\" \/>\n\t<meta property=\"og:image:height\" content=\"2555\" \/>\n\t<meta property=\"og:image:type\" content=\"image\/jpeg\" \/>\n<meta name=\"author\" content=\"Bodegas Protos (F)\" \/>\n<meta name=\"twitter:card\" content=\"summary_large_image\" \/>\n<meta name=\"twitter:creator\" content=\"@Bodegas_Protos\" \/>\n<meta name=\"twitter:site\" content=\"@Bodegas_Protos\" \/>\n<meta name=\"twitter:label1\" content=\"Escrito por\" \/>\n\t<meta name=\"twitter:data1\" content=\"Bodegas Protos (F)\" \/>\n\t<meta name=\"twitter:label2\" content=\"Tiempo de lectura\" \/>\n\t<meta name=\"twitter:data2\" content=\"2 minutos\" \/>\n<script type=\"application\/ld+json\" class=\"yoast-schema-graph\">{\"@context\":\"https:\\\/\\\/schema.org\",\"@graph\":[{\"@type\":\"Article\",\"@id\":\"https:\\\/\\\/www.bodegasprotos.com\\\/es\\\/blog\\\/reflexiones-con-un-vino-por-xavi-martinez-11\\\/#article\",\"isPartOf\":{\"@id\":\"https:\\\/\\\/www.bodegasprotos.com\\\/es\\\/blog\\\/reflexiones-con-un-vino-por-xavi-martinez-11\\\/\"},\"author\":{\"name\":\"Bodegas Protos (F)\",\"@id\":\"https:\\\/\\\/www.bodegasprotos.com\\\/es\\\/#\\\/schema\\\/person\\\/6cb69a08afa14171755cee0df7d20027\"},\"headline\":\"Reflexiones con un vino por Xavi Mart\u00ednez\",\"datePublished\":\"2022-08-29T08:16:47+00:00\",\"mainEntityOfPage\":{\"@id\":\"https:\\\/\\\/www.bodegasprotos.com\\\/es\\\/blog\\\/reflexiones-con-un-vino-por-xavi-martinez-11\\\/\"},\"wordCount\":401,\"publisher\":{\"@id\":\"https:\\\/\\\/www.bodegasprotos.com\\\/es\\\/#organization\"},\"image\":{\"@id\":\"https:\\\/\\\/www.bodegasprotos.com\\\/es\\\/blog\\\/reflexiones-con-un-vino-por-xavi-martinez-11\\\/#primaryimage\"},\"thumbnailUrl\":\"https:\\\/\\\/www.bodegasprotos.com\\\/wp-content\\\/uploads\\\/2022\\\/04\\\/Xavi.jpg\",\"articleSection\":[\"Blog\",\"General\"],\"inLanguage\":\"es\"},{\"@type\":\"WebPage\",\"@id\":\"https:\\\/\\\/www.bodegasprotos.com\\\/es\\\/blog\\\/reflexiones-con-un-vino-por-xavi-martinez-11\\\/\",\"url\":\"https:\\\/\\\/www.bodegasprotos.com\\\/es\\\/blog\\\/reflexiones-con-un-vino-por-xavi-martinez-11\\\/\",\"name\":\"Reflexiones con un vino por Xavi Mart\u00ednez - Bodegas Protos\",\"isPartOf\":{\"@id\":\"https:\\\/\\\/www.bodegasprotos.com\\\/es\\\/#website\"},\"primaryImageOfPage\":{\"@id\":\"https:\\\/\\\/www.bodegasprotos.com\\\/es\\\/blog\\\/reflexiones-con-un-vino-por-xavi-martinez-11\\\/#primaryimage\"},\"image\":{\"@id\":\"https:\\\/\\\/www.bodegasprotos.com\\\/es\\\/blog\\\/reflexiones-con-un-vino-por-xavi-martinez-11\\\/#primaryimage\"},\"thumbnailUrl\":\"https:\\\/\\\/www.bodegasprotos.com\\\/wp-content\\\/uploads\\\/2022\\\/04\\\/Xavi.jpg\",\"datePublished\":\"2022-08-29T08:16:47+00:00\",\"description\":\"A jugar En uno de mis momentos favoritos de\u00a0la semana, copa de vino en mano, he echado la mirada atr\u00e1s. La perspectiva del tiempo te regala un aire fresco\",\"breadcrumb\":{\"@id\":\"https:\\\/\\\/www.bodegasprotos.com\\\/es\\\/blog\\\/reflexiones-con-un-vino-por-xavi-martinez-11\\\/#breadcrumb\"},\"inLanguage\":\"es\",\"potentialAction\":[{\"@type\":\"ReadAction\",\"target\":[\"https:\\\/\\\/www.bodegasprotos.com\\\/es\\\/blog\\\/reflexiones-con-un-vino-por-xavi-martinez-11\\\/\"]}]},{\"@type\":\"ImageObject\",\"inLanguage\":\"es\",\"@id\":\"https:\\\/\\\/www.bodegasprotos.com\\\/es\\\/blog\\\/reflexiones-con-un-vino-por-xavi-martinez-11\\\/#primaryimage\",\"url\":\"https:\\\/\\\/www.bodegasprotos.com\\\/wp-content\\\/uploads\\\/2022\\\/04\\\/Xavi.jpg\",\"contentUrl\":\"https:\\\/\\\/www.bodegasprotos.com\\\/wp-content\\\/uploads\\\/2022\\\/04\\\/Xavi.jpg\",\"width\":2447,\"height\":2555},{\"@type\":\"BreadcrumbList\",\"@id\":\"https:\\\/\\\/www.bodegasprotos.com\\\/es\\\/blog\\\/reflexiones-con-un-vino-por-xavi-martinez-11\\\/#breadcrumb\",\"itemListElement\":[{\"@type\":\"ListItem\",\"position\":1,\"name\":\"Portada\",\"item\":\"https:\\\/\\\/www.bodegasprotos.com\\\/es\\\/\"},{\"@type\":\"ListItem\",\"position\":2,\"name\":\"Reflexiones con un vino por Xavi Mart\u00ednez\"}]},{\"@type\":\"WebSite\",\"@id\":\"https:\\\/\\\/www.bodegasprotos.com\\\/es\\\/#website\",\"url\":\"https:\\\/\\\/www.bodegasprotos.com\\\/es\\\/\",\"name\":\"Bodegas Protos\",\"description\":\"Vinos de la Denominaci\u00f3n de Origen Ribera del Duero, Rueda y Cigales\",\"publisher\":{\"@id\":\"https:\\\/\\\/www.bodegasprotos.com\\\/es\\\/#organization\"},\"potentialAction\":[{\"@type\":\"SearchAction\",\"target\":{\"@type\":\"EntryPoint\",\"urlTemplate\":\"https:\\\/\\\/www.bodegasprotos.com\\\/es\\\/?s={search_term_string}\"},\"query-input\":{\"@type\":\"PropertyValueSpecification\",\"valueRequired\":true,\"valueName\":\"search_term_string\"}}],\"inLanguage\":\"es\"},{\"@type\":\"Organization\",\"@id\":\"https:\\\/\\\/www.bodegasprotos.com\\\/es\\\/#organization\",\"name\":\"Bodegas Protos\",\"url\":\"https:\\\/\\\/www.bodegasprotos.com\\\/es\\\/\",\"logo\":{\"@type\":\"ImageObject\",\"inLanguage\":\"es\",\"@id\":\"https:\\\/\\\/www.bodegasprotos.com\\\/es\\\/#\\\/schema\\\/logo\\\/image\\\/\",\"url\":\"https:\\\/\\\/www.bodegasprotos.com\\\/wp-content\\\/uploads\\\/2024\\\/06\\\/PROTOS-LOGOS-VERSIONES-13.png\",\"contentUrl\":\"https:\\\/\\\/www.bodegasprotos.com\\\/wp-content\\\/uploads\\\/2024\\\/06\\\/PROTOS-LOGOS-VERSIONES-13.png\",\"width\":2362,\"height\":2362,\"caption\":\"Bodegas Protos\"},\"image\":{\"@id\":\"https:\\\/\\\/www.bodegasprotos.com\\\/es\\\/#\\\/schema\\\/logo\\\/image\\\/\"},\"sameAs\":[\"https:\\\/\\\/www.facebook.com\\\/BodegasProtos\",\"https:\\\/\\\/x.com\\\/Bodegas_Protos\",\"https:\\\/\\\/www.instagram.com\\\/bodegasprotosoficial\\\/\",\"https:\\\/\\\/www.linkedin.com\\\/company\\\/bodegasprotos\\\/\",\"https:\\\/\\\/pinterest.com\\\/BodegasProtos\\\/\",\"http:\\\/\\\/www.youtube.com\\\/user\\\/BodegasProtos\",\"https:\\\/\\\/es.wikipedia.org\\\/wiki\\\/Bodegas_Protos\"]},{\"@type\":\"Person\",\"@id\":\"https:\\\/\\\/www.bodegasprotos.com\\\/es\\\/#\\\/schema\\\/person\\\/6cb69a08afa14171755cee0df7d20027\",\"name\":\"Bodegas Protos (F)\",\"image\":{\"@type\":\"ImageObject\",\"inLanguage\":\"es\",\"@id\":\"https:\\\/\\\/secure.gravatar.com\\\/avatar\\\/cc613a9fd2ee203f402357c1b4aa2b7c041016cbf1eab1e41bde410b2ebd7f94?s=96&d=mm&r=g\",\"url\":\"https:\\\/\\\/secure.gravatar.com\\\/avatar\\\/cc613a9fd2ee203f402357c1b4aa2b7c041016cbf1eab1e41bde410b2ebd7f94?s=96&d=mm&r=g\",\"contentUrl\":\"https:\\\/\\\/secure.gravatar.com\\\/avatar\\\/cc613a9fd2ee203f402357c1b4aa2b7c041016cbf1eab1e41bde410b2ebd7f94?s=96&d=mm&r=g\",\"caption\":\"Bodegas Protos (F)\"},\"sameAs\":[\"https:\\\/\\\/www.bodegasprotos.com\"]}]}<\/script>\n<!-- \/ Yoast SEO plugin. -->","yoast_head_json":{"title":"Reflexiones con un vino por Xavi Mart\u00ednez - Bodegas Protos","description":"A jugar En uno de mis momentos favoritos de\u00a0la semana, copa de vino en mano, he echado la mirada atr\u00e1s. La perspectiva del tiempo te regala un aire fresco","robots":{"index":"index","follow":"follow","max-snippet":"max-snippet:-1","max-image-preview":"max-image-preview:large","max-video-preview":"max-video-preview:-1"},"canonical":"https:\/\/www.bodegasprotos.com\/es\/blog\/reflexiones-con-un-vino-por-xavi-martinez-11\/","og_locale":"es_ES","og_type":"article","og_title":"Reflexiones con un vino por Xavi Mart\u00ednez - Bodegas Protos","og_description":"A jugar En uno de mis momentos favoritos de\u00a0la semana, copa de vino en mano, he echado la mirada atr\u00e1s. La perspectiva del tiempo te regala un aire fresco","og_url":"https:\/\/www.bodegasprotos.com\/es\/blog\/reflexiones-con-un-vino-por-xavi-martinez-11\/","og_site_name":"Bodegas Protos","article_publisher":"https:\/\/www.facebook.com\/BodegasProtos","article_published_time":"2022-08-29T08:16:47+00:00","og_image":[{"width":2447,"height":2555,"url":"https:\/\/www.bodegasprotos.com\/wp-content\/uploads\/2022\/04\/Xavi.jpg","type":"image\/jpeg"}],"author":"Bodegas Protos (F)","twitter_card":"summary_large_image","twitter_creator":"@Bodegas_Protos","twitter_site":"@Bodegas_Protos","twitter_misc":{"Escrito por":"Bodegas Protos (F)","Tiempo de lectura":"2 minutos"},"schema":{"@context":"https:\/\/schema.org","@graph":[{"@type":"Article","@id":"https:\/\/www.bodegasprotos.com\/es\/blog\/reflexiones-con-un-vino-por-xavi-martinez-11\/#article","isPartOf":{"@id":"https:\/\/www.bodegasprotos.com\/es\/blog\/reflexiones-con-un-vino-por-xavi-martinez-11\/"},"author":{"name":"Bodegas Protos (F)","@id":"https:\/\/www.bodegasprotos.com\/es\/#\/schema\/person\/6cb69a08afa14171755cee0df7d20027"},"headline":"Reflexiones con un vino por Xavi Mart\u00ednez","datePublished":"2022-08-29T08:16:47+00:00","mainEntityOfPage":{"@id":"https:\/\/www.bodegasprotos.com\/es\/blog\/reflexiones-con-un-vino-por-xavi-martinez-11\/"},"wordCount":401,"publisher":{"@id":"https:\/\/www.bodegasprotos.com\/es\/#organization"},"image":{"@id":"https:\/\/www.bodegasprotos.com\/es\/blog\/reflexiones-con-un-vino-por-xavi-martinez-11\/#primaryimage"},"thumbnailUrl":"https:\/\/www.bodegasprotos.com\/wp-content\/uploads\/2022\/04\/Xavi.jpg","articleSection":["Blog","General"],"inLanguage":"es"},{"@type":"WebPage","@id":"https:\/\/www.bodegasprotos.com\/es\/blog\/reflexiones-con-un-vino-por-xavi-martinez-11\/","url":"https:\/\/www.bodegasprotos.com\/es\/blog\/reflexiones-con-un-vino-por-xavi-martinez-11\/","name":"Reflexiones con un vino por Xavi Mart\u00ednez - Bodegas Protos","isPartOf":{"@id":"https:\/\/www.bodegasprotos.com\/es\/#website"},"primaryImageOfPage":{"@id":"https:\/\/www.bodegasprotos.com\/es\/blog\/reflexiones-con-un-vino-por-xavi-martinez-11\/#primaryimage"},"image":{"@id":"https:\/\/www.bodegasprotos.com\/es\/blog\/reflexiones-con-un-vino-por-xavi-martinez-11\/#primaryimage"},"thumbnailUrl":"https:\/\/www.bodegasprotos.com\/wp-content\/uploads\/2022\/04\/Xavi.jpg","datePublished":"2022-08-29T08:16:47+00:00","description":"A jugar En uno de mis momentos favoritos de\u00a0la semana, copa de vino en mano, he echado la mirada atr\u00e1s. La perspectiva del tiempo te regala un aire fresco","breadcrumb":{"@id":"https:\/\/www.bodegasprotos.com\/es\/blog\/reflexiones-con-un-vino-por-xavi-martinez-11\/#breadcrumb"},"inLanguage":"es","potentialAction":[{"@type":"ReadAction","target":["https:\/\/www.bodegasprotos.com\/es\/blog\/reflexiones-con-un-vino-por-xavi-martinez-11\/"]}]},{"@type":"ImageObject","inLanguage":"es","@id":"https:\/\/www.bodegasprotos.com\/es\/blog\/reflexiones-con-un-vino-por-xavi-martinez-11\/#primaryimage","url":"https:\/\/www.bodegasprotos.com\/wp-content\/uploads\/2022\/04\/Xavi.jpg","contentUrl":"https:\/\/www.bodegasprotos.com\/wp-content\/uploads\/2022\/04\/Xavi.jpg","width":2447,"height":2555},{"@type":"BreadcrumbList","@id":"https:\/\/www.bodegasprotos.com\/es\/blog\/reflexiones-con-un-vino-por-xavi-martinez-11\/#breadcrumb","itemListElement":[{"@type":"ListItem","position":1,"name":"Portada","item":"https:\/\/www.bodegasprotos.com\/es\/"},{"@type":"ListItem","position":2,"name":"Reflexiones con un vino por Xavi Mart\u00ednez"}]},{"@type":"WebSite","@id":"https:\/\/www.bodegasprotos.com\/es\/#website","url":"https:\/\/www.bodegasprotos.com\/es\/","name":"Bodegas Protos","description":"Vinos de la Denominaci\u00f3n de Origen Ribera del Duero, Rueda y Cigales","publisher":{"@id":"https:\/\/www.bodegasprotos.com\/es\/#organization"},"potentialAction":[{"@type":"SearchAction","target":{"@type":"EntryPoint","urlTemplate":"https:\/\/www.bodegasprotos.com\/es\/?s={search_term_string}"},"query-input":{"@type":"PropertyValueSpecification","valueRequired":true,"valueName":"search_term_string"}}],"inLanguage":"es"},{"@type":"Organization","@id":"https:\/\/www.bodegasprotos.com\/es\/#organization","name":"Bodegas Protos","url":"https:\/\/www.bodegasprotos.com\/es\/","logo":{"@type":"ImageObject","inLanguage":"es","@id":"https:\/\/www.bodegasprotos.com\/es\/#\/schema\/logo\/image\/","url":"https:\/\/www.bodegasprotos.com\/wp-content\/uploads\/2024\/06\/PROTOS-LOGOS-VERSIONES-13.png","contentUrl":"https:\/\/www.bodegasprotos.com\/wp-content\/uploads\/2024\/06\/PROTOS-LOGOS-VERSIONES-13.png","width":2362,"height":2362,"caption":"Bodegas Protos"},"image":{"@id":"https:\/\/www.bodegasprotos.com\/es\/#\/schema\/logo\/image\/"},"sameAs":["https:\/\/www.facebook.com\/BodegasProtos","https:\/\/x.com\/Bodegas_Protos","https:\/\/www.instagram.com\/bodegasprotosoficial\/","https:\/\/www.linkedin.com\/company\/bodegasprotos\/","https:\/\/pinterest.com\/BodegasProtos\/","http:\/\/www.youtube.com\/user\/BodegasProtos","https:\/\/es.wikipedia.org\/wiki\/Bodegas_Protos"]},{"@type":"Person","@id":"https:\/\/www.bodegasprotos.com\/es\/#\/schema\/person\/6cb69a08afa14171755cee0df7d20027","name":"Bodegas Protos (F)","image":{"@type":"ImageObject","inLanguage":"es","@id":"https:\/\/secure.gravatar.com\/avatar\/cc613a9fd2ee203f402357c1b4aa2b7c041016cbf1eab1e41bde410b2ebd7f94?s=96&d=mm&r=g","url":"https:\/\/secure.gravatar.com\/avatar\/cc613a9fd2ee203f402357c1b4aa2b7c041016cbf1eab1e41bde410b2ebd7f94?s=96&d=mm&r=g","contentUrl":"https:\/\/secure.gravatar.com\/avatar\/cc613a9fd2ee203f402357c1b4aa2b7c041016cbf1eab1e41bde410b2ebd7f94?s=96&d=mm&r=g","caption":"Bodegas Protos (F)"},"sameAs":["https:\/\/www.bodegasprotos.com"]}]}},"_links":{"self":[{"href":"https:\/\/www.bodegasprotos.com\/es\/wp-json\/wp\/v2\/posts\/34569","targetHints":{"allow":["GET"]}}],"collection":[{"href":"https:\/\/www.bodegasprotos.com\/es\/wp-json\/wp\/v2\/posts"}],"about":[{"href":"https:\/\/www.bodegasprotos.com\/es\/wp-json\/wp\/v2\/types\/post"}],"author":[{"embeddable":true,"href":"https:\/\/www.bodegasprotos.com\/es\/wp-json\/wp\/v2\/users\/3"}],"replies":[{"embeddable":true,"href":"https:\/\/www.bodegasprotos.com\/es\/wp-json\/wp\/v2\/comments?post=34569"}],"version-history":[{"count":0,"href":"https:\/\/www.bodegasprotos.com\/es\/wp-json\/wp\/v2\/posts\/34569\/revisions"}],"wp:featuredmedia":[{"embeddable":true,"href":"https:\/\/www.bodegasprotos.com\/es\/wp-json\/wp\/v2\/media\/34246"}],"wp:attachment":[{"href":"https:\/\/www.bodegasprotos.com\/es\/wp-json\/wp\/v2\/media?parent=34569"}],"wp:term":[{"taxonomy":"category","embeddable":true,"href":"https:\/\/www.bodegasprotos.com\/es\/wp-json\/wp\/v2\/categories?post=34569"},{"taxonomy":"post_tag","embeddable":true,"href":"https:\/\/www.bodegasprotos.com\/es\/wp-json\/wp\/v2\/tags?post=34569"}],"curies":[{"name":"wp","href":"https:\/\/api.w.org\/{rel}","templated":true}]}}