{"id":34551,"date":"2022-08-12T11:30:12","date_gmt":"2022-08-12T09:30:12","guid":{"rendered":"https:\/\/www.bodegasprotos.com\/?p=34551"},"modified":"2022-08-11T08:54:48","modified_gmt":"2022-08-11T06:54:48","slug":"disco-de-vinilo","status":"publish","type":"post","link":"https:\/\/www.bodegasprotos.com\/es\/blog\/disco-de-vinilo\/","title":{"rendered":"12 de agosto \u00a1D\u00eda Internacional del Disco de Vinilo!"},"content":{"rendered":"<p>Hoy se celebra el d\u00eda internacional del disco de vinilo. Este d\u00eda pretende homenajear a este cl\u00e1sico formato que cuenta con una gran cantidad de admiradores por todo el mundo. El vinilo es un formato considerado por los mel\u00f3manos como un cl\u00e1sico de valor incalculable a la hora de escuchar m\u00fasica. Pero a veces una imagen es m\u00e1s poderosa que mil notas musicales, as\u00ed que queremos celebrar nuestro propio homenaje al vinilo brindando por algunas de las portadas m\u00e1s ic\u00f3nicas de todos los tiempos.<\/p>\n<h2><strong>Abbey Road,\u00a0The Beatles<\/strong><\/h2>\n<p><img fetchpriority=\"high\" decoding=\"async\" class=\"aligncenter size-medium wp-image-34552\" src=\"https:\/\/www.bodegasprotos.com\/wp-content\/uploads\/2022\/08\/daniel-k-cheung-B7N0IjiIJYo-unsplash-300x200.jpg\" alt=\"\" width=\"300\" height=\"200\" srcset=\"https:\/\/www.bodegasprotos.com\/wp-content\/uploads\/2022\/08\/daniel-k-cheung-B7N0IjiIJYo-unsplash-300x200.jpg 300w, https:\/\/www.bodegasprotos.com\/wp-content\/uploads\/2022\/08\/daniel-k-cheung-B7N0IjiIJYo-unsplash-1024x683.jpg 1024w, https:\/\/www.bodegasprotos.com\/wp-content\/uploads\/2022\/08\/daniel-k-cheung-B7N0IjiIJYo-unsplash-768x512.jpg 768w, https:\/\/www.bodegasprotos.com\/wp-content\/uploads\/2022\/08\/daniel-k-cheung-B7N0IjiIJYo-unsplash-1536x1024.jpg 1536w, https:\/\/www.bodegasprotos.com\/wp-content\/uploads\/2022\/08\/daniel-k-cheung-B7N0IjiIJYo-unsplash-2048x1365.jpg 2048w\" sizes=\"(max-width: 300px) 100vw, 300px\" \/><\/p>\n<p>La portada del \u00faltimo \u00e1lbum de los Beatles, Abbey Road,\u00a0ha trascendido durante los \u00faltimos cincuenta a\u00f1os, no solo por ser un disco especial y esencial en la carrera del\u00a0cuarteto de Liverpool,\u00a0sino por la imagen de ese paso de peatones que se ha convertido en un icono y en un lugar de peregrinaci\u00f3n. Durante a\u00f1os han sido multitud de mel\u00f3manos los que se han desplazado a la m\u00edtica calle de Londres a intentar reproducir la imagen del paso de peatones m\u00e1s famoso del mundo.<\/p>\n<p>Para disfrutar de los grandes temas de este \u00e1lbum te recomendamos una copa de <a href=\"https:\/\/www.bodegasprotos.com\/es\/vino\/crianza\/\">Protos Crianza <\/a>para disfrutar de un vino envolvente, sabroso, equilibrado, con finura y grata madurez.<\/p>\n<h2><strong>Nevermind, Nirvana<\/strong><\/h2>\n<p>Esta portada muestra a un beb\u00e9 buceando hacia un billete de un d\u00f3lar sujetado por un anzuelo. La imagen fue ideada a ra\u00edz de que Kurt Cobain vieran un documental sobre partos en el agua. Encontraron varias im\u00e1genes impactantes sobre estos nacimientos bajo el agua, pero les cobraban m\u00e1s de 7.000 euros, por lo que decidieron mandar al fot\u00f3grafo Kirt Weddle a una piscina de Pasadena a tomar instant\u00e1neas de una sesi\u00f3n de matronataci\u00f3n. Spencer Elden es el ni\u00f1o circuncidado que sale en la imagen, a la que se a\u00f1adi\u00f3 un anzuelo y un d\u00f3lar como s\u00edmbolo de la perdici\u00f3n capitalista del hombre desde sus primeros d\u00edas.<\/p>\n<p>El ni\u00f1o de la portada ha perdido el juicio contra la banda a la que demand\u00f3 para buscar una indemnizaci\u00f3n por, seg\u00fan dice la demanda, \u201clos da\u00f1os que ha sufrido y seguir\u00e1 sufriendo de por vida\u201d.<\/p>\n<p>Para recordar los momentos m\u00e1s originales y alternativos de Nirvana, te recomendamos nuestro\u00a0<a href=\"https:\/\/tienda.bodegasprotos.com\/protos-27-2018.html\">Protos\u201927<\/a>, nuestro vino de gran personalidad.<\/p>\n<h2><strong>Dark side of the moon, 1973<\/strong><\/h2>\n<p>Una de las portadas gr\u00e1ficamente m\u00e1s bonitas es obra de Storm Thorgerson. El autor solo recibi\u00f3 un \u00fanico requisito que fuera una portada sencilla, atrevida y llamativa en la que no se usaran fotograf\u00edas. El prisma simboliza el espect\u00e1culo de luz de los Pink Floyd y su forma triangular, algunas de las letras de Roger Waters en los que habla de ambici\u00f3n y codicia. \u00bfUna curiosidad? Entre los colores de la refracci\u00f3n de la luz, falta el azul oscuro o \u00edndigo.<\/p>\n<p>La revista\u00a0<em>Rolling Stone<\/em>\u00a0incluy\u00f3 esta portada entre las mejores <a href=\"https:\/\/www.rs500albums.com\/100-51\/55\">50 del siglo XX:\u00a0<em>The<\/em>\u00a0<em>Dark Side of the Moon<\/em>\u00a0<\/a>de Pink Floyd, el prisma que se convirti\u00f3 en su sello distintivo.<\/p>\n<h2><strong>Aladdin Sane, David Bowie<\/strong><\/h2>\n<div id=\"attachment_34556\" style=\"width: 235px\" class=\"wp-caption aligncenter\"><img decoding=\"async\" aria-describedby=\"caption-attachment-34556\" class=\"size-medium wp-image-34556\" src=\"https:\/\/www.bodegasprotos.com\/wp-content\/uploads\/2022\/08\/katy-hardman-R9cmLpR8BWI-unsplash-225x300.jpg\" alt=\"aladdin sane\" width=\"225\" height=\"300\" srcset=\"https:\/\/www.bodegasprotos.com\/wp-content\/uploads\/2022\/08\/katy-hardman-R9cmLpR8BWI-unsplash-225x300.jpg 225w, https:\/\/www.bodegasprotos.com\/wp-content\/uploads\/2022\/08\/katy-hardman-R9cmLpR8BWI-unsplash-768x1024.jpg 768w, https:\/\/www.bodegasprotos.com\/wp-content\/uploads\/2022\/08\/katy-hardman-R9cmLpR8BWI-unsplash-1152x1536.jpg 1152w, https:\/\/www.bodegasprotos.com\/wp-content\/uploads\/2022\/08\/katy-hardman-R9cmLpR8BWI-unsplash-1536x2048.jpg 1536w, https:\/\/www.bodegasprotos.com\/wp-content\/uploads\/2022\/08\/katy-hardman-R9cmLpR8BWI-unsplash-scaled.jpg 1920w\" sizes=\"(max-width: 225px) 100vw, 225px\" \/><p id=\"caption-attachment-34556\" class=\"wp-caption-text\">aladdin sane<\/p><\/div>\n<p>Lanzado en 1973, tiene como portada una de las fotograf\u00edas m\u00e1s ic\u00f3nicas de la escena musical. Hay varias teor\u00edas sobre el emblem\u00e1tico rayo de color azul y rojo en la cara de Bowie, para algunos simbolizaba la dualidad en la que Bowie se ve\u00eda inmerso desde que supo que su hermanastro padec\u00eda una enfermedad mental y que tambi\u00e9n se trasladaba al propio color de sus ojos, distintos entre s\u00ed: el lado derecho de su cara se correspond\u00eda con su ojo sano, y el izquierdo lo hac\u00eda con el de su pupila dilatada, a consecuencia de un pu\u00f1etazo recibido cuando era un adolescente. El rayo de Bowie se ha convertido en un referente de la cultura pop y la foto original se conserva en el Victoria &amp; Albert Museum de Londres y est\u00e1 valorada en 3,2 millones de euros.<\/p>\n<p>Bowie es sin\u00f3nimo de diversi\u00f3n, provocaci\u00f3n, complejidad e incluso seducci\u00f3n y nada mejor que nuestro <a href=\"https:\/\/www.bodegasprotos.com\/es\/vino\/clarete\/\">Protos Clarete<\/a> para acompa\u00f1ar a este autor de peculiar\u00a0<a href=\"https:\/\/es.wikipedia.org\/wiki\/Voz_(m%C3%BAsica)\">voz<\/a>.<\/p>\n<p>Podr\u00edamos seguir brindando por innumerables portadas ic\u00f3nicas del panorama internacional pero no podemos dejar de homenajear a las portadas m\u00e1s incre\u00edbles de la m\u00fasica espa\u00f1ola\u00a0que son una aut\u00e9ntica obra de arte.<\/p>\n<h2><strong>El poeta Halley, Love of Lesbian<\/strong><\/h2>\n<p>El dibujo casa perfectamente con la personalidad del grupo, pr\u00edncipes del indie y estupendos creadores de personajes: un imposible cosmonauta vintage montado en un cohete\/unicornio cuyo cuerno es un l\u00e1piz. Una magn\u00edfica ilustraci\u00f3n de Sergio Mora, que le vali\u00f3 para conseguir un\u00a0Grammy Latino en 2017.<\/p>\n<p>Para los amantes del indie, recomendamos la fusi\u00f3n de la delicadeza, melancol\u00eda e intimidad de\u00a0<a href=\"https:\/\/www.bodegasprotos.com\/es\/vino\/verdejo\/\">Protos Verdejo<\/a>, uno de los mejores valorados por nuestros consumidores.<\/p>\n<h2><strong>\u00c1rea 51, Bunbury<\/strong><\/h2>\n<p>Las portadas de Bunbury nunca fallan. Obra del creador \u00c1lvaro P-FF, uno de los artistas m\u00e1s famosos en el dise\u00f1o de portadas para discos espa\u00f1oles. Quiso darle un tono futurista al \u00e1lbum de Bunbury en el que se asemeja tambi\u00e9n a un comic y donde aparece ilustrada la cara del cantante como protagonista.<\/p>\n<p>Sea cual sea tu vinilo m\u00e1s especial, por sus letras o por su dise\u00f1o, nacional o internacional, lo que est\u00e1 claro es que tenemos que celebrar este d\u00eda internacional con un brindis por la perpetuidad del vinilo.<\/p>\n<p>&nbsp;<\/p>\n<p>&nbsp;<\/p>\n","protected":false},"excerpt":{"rendered":"<p>Hoy se celebra el d\u00eda internacional del disco de vinilo. Este d\u00eda pretende homenajear a este cl\u00e1sico formato&#8230;<\/p>\n","protected":false},"author":3,"featured_media":34554,"comment_status":"closed","ping_status":"closed","sticky":false,"template":"","format":"standard","meta":{"_acf_changed":false,"footnotes":""},"categories":[87,88],"tags":[],"class_list":["post-34551","post","type-post","status-publish","format-standard","has-post-thumbnail","hentry","category-blog","category-en-portada"],"acf":[],"yoast_head":"<!-- This site is optimized with the Yoast SEO plugin v27.5 - https:\/\/yoast.com\/product\/yoast-seo-wordpress\/ -->\n<title>12 de agosto \u00a1D\u00eda Internacional del Disco de Vinilo! - Bodegas Protos<\/title>\n<meta name=\"description\" content=\"Hoy se celebra el d\u00eda internacional del disco de vinilo. Este d\u00eda pretende homenajear a este cl\u00e1sico formato que cuenta con una gran cantidad de\" \/>\n<meta name=\"robots\" content=\"index, follow, max-snippet:-1, max-image-preview:large, max-video-preview:-1\" \/>\n<link rel=\"canonical\" href=\"https:\/\/www.bodegasprotos.com\/es\/blog\/disco-de-vinilo\/\" \/>\n<meta property=\"og:locale\" content=\"es_ES\" \/>\n<meta property=\"og:type\" content=\"article\" \/>\n<meta property=\"og:title\" content=\"12 de agosto \u00a1D\u00eda Internacional del Disco de Vinilo! - Bodegas Protos\" \/>\n<meta property=\"og:description\" content=\"Hoy se celebra el d\u00eda internacional del disco de vinilo. Este d\u00eda pretende homenajear a este cl\u00e1sico formato que cuenta con una gran cantidad de\" \/>\n<meta property=\"og:url\" content=\"https:\/\/www.bodegasprotos.com\/es\/blog\/disco-de-vinilo\/\" \/>\n<meta property=\"og:site_name\" content=\"Bodegas Protos\" \/>\n<meta property=\"article:publisher\" content=\"https:\/\/www.facebook.com\/BodegasProtos\" \/>\n<meta property=\"article:published_time\" content=\"2022-08-12T09:30:12+00:00\" \/>\n<meta property=\"og:image\" content=\"https:\/\/www.bodegasprotos.com\/wp-content\/uploads\/2022\/08\/jurian-kersten-LPCwU1BPmUs-unsplash-scaled.jpg\" \/>\n\t<meta property=\"og:image:width\" content=\"2560\" \/>\n\t<meta property=\"og:image:height\" content=\"1707\" \/>\n\t<meta property=\"og:image:type\" content=\"image\/jpeg\" \/>\n<meta name=\"author\" content=\"Bodegas Protos (F)\" \/>\n<meta name=\"twitter:card\" content=\"summary_large_image\" \/>\n<meta name=\"twitter:creator\" content=\"@Bodegas_Protos\" \/>\n<meta name=\"twitter:site\" content=\"@Bodegas_Protos\" \/>\n<meta name=\"twitter:label1\" content=\"Escrito por\" \/>\n\t<meta name=\"twitter:data1\" content=\"Bodegas Protos (F)\" \/>\n\t<meta name=\"twitter:label2\" content=\"Tiempo de lectura\" \/>\n\t<meta name=\"twitter:data2\" content=\"5 minutos\" \/>\n<script type=\"application\/ld+json\" class=\"yoast-schema-graph\">{\"@context\":\"https:\\\/\\\/schema.org\",\"@graph\":[{\"@type\":\"Article\",\"@id\":\"https:\\\/\\\/www.bodegasprotos.com\\\/es\\\/blog\\\/disco-de-vinilo\\\/#article\",\"isPartOf\":{\"@id\":\"https:\\\/\\\/www.bodegasprotos.com\\\/es\\\/blog\\\/disco-de-vinilo\\\/\"},\"author\":{\"name\":\"Bodegas Protos (F)\",\"@id\":\"https:\\\/\\\/www.bodegasprotos.com\\\/es\\\/#\\\/schema\\\/person\\\/6cb69a08afa14171755cee0df7d20027\"},\"headline\":\"12 de agosto \u00a1D\u00eda Internacional del Disco de Vinilo!\",\"datePublished\":\"2022-08-12T09:30:12+00:00\",\"mainEntityOfPage\":{\"@id\":\"https:\\\/\\\/www.bodegasprotos.com\\\/es\\\/blog\\\/disco-de-vinilo\\\/\"},\"wordCount\":945,\"publisher\":{\"@id\":\"https:\\\/\\\/www.bodegasprotos.com\\\/es\\\/#organization\"},\"image\":{\"@id\":\"https:\\\/\\\/www.bodegasprotos.com\\\/es\\\/blog\\\/disco-de-vinilo\\\/#primaryimage\"},\"thumbnailUrl\":\"https:\\\/\\\/www.bodegasprotos.com\\\/wp-content\\\/uploads\\\/2022\\\/08\\\/jurian-kersten-LPCwU1BPmUs-unsplash-scaled.jpg\",\"articleSection\":[\"Blog\",\"En portada\"],\"inLanguage\":\"es\"},{\"@type\":\"WebPage\",\"@id\":\"https:\\\/\\\/www.bodegasprotos.com\\\/es\\\/blog\\\/disco-de-vinilo\\\/\",\"url\":\"https:\\\/\\\/www.bodegasprotos.com\\\/es\\\/blog\\\/disco-de-vinilo\\\/\",\"name\":\"12 de agosto \u00a1D\u00eda Internacional del Disco de Vinilo! - Bodegas Protos\",\"isPartOf\":{\"@id\":\"https:\\\/\\\/www.bodegasprotos.com\\\/es\\\/#website\"},\"primaryImageOfPage\":{\"@id\":\"https:\\\/\\\/www.bodegasprotos.com\\\/es\\\/blog\\\/disco-de-vinilo\\\/#primaryimage\"},\"image\":{\"@id\":\"https:\\\/\\\/www.bodegasprotos.com\\\/es\\\/blog\\\/disco-de-vinilo\\\/#primaryimage\"},\"thumbnailUrl\":\"https:\\\/\\\/www.bodegasprotos.com\\\/wp-content\\\/uploads\\\/2022\\\/08\\\/jurian-kersten-LPCwU1BPmUs-unsplash-scaled.jpg\",\"datePublished\":\"2022-08-12T09:30:12+00:00\",\"description\":\"Hoy se celebra el d\u00eda internacional del disco de vinilo. Este d\u00eda pretende homenajear a este cl\u00e1sico formato que cuenta con una gran cantidad de\",\"breadcrumb\":{\"@id\":\"https:\\\/\\\/www.bodegasprotos.com\\\/es\\\/blog\\\/disco-de-vinilo\\\/#breadcrumb\"},\"inLanguage\":\"es\",\"potentialAction\":[{\"@type\":\"ReadAction\",\"target\":[\"https:\\\/\\\/www.bodegasprotos.com\\\/es\\\/blog\\\/disco-de-vinilo\\\/\"]}]},{\"@type\":\"ImageObject\",\"inLanguage\":\"es\",\"@id\":\"https:\\\/\\\/www.bodegasprotos.com\\\/es\\\/blog\\\/disco-de-vinilo\\\/#primaryimage\",\"url\":\"https:\\\/\\\/www.bodegasprotos.com\\\/wp-content\\\/uploads\\\/2022\\\/08\\\/jurian-kersten-LPCwU1BPmUs-unsplash-scaled.jpg\",\"contentUrl\":\"https:\\\/\\\/www.bodegasprotos.com\\\/wp-content\\\/uploads\\\/2022\\\/08\\\/jurian-kersten-LPCwU1BPmUs-unsplash-scaled.jpg\",\"width\":2560,\"height\":1707,\"caption\":\"dia mundial vinilo\"},{\"@type\":\"BreadcrumbList\",\"@id\":\"https:\\\/\\\/www.bodegasprotos.com\\\/es\\\/blog\\\/disco-de-vinilo\\\/#breadcrumb\",\"itemListElement\":[{\"@type\":\"ListItem\",\"position\":1,\"name\":\"Portada\",\"item\":\"https:\\\/\\\/www.bodegasprotos.com\\\/es\\\/\"},{\"@type\":\"ListItem\",\"position\":2,\"name\":\"12 de agosto \u00a1D\u00eda Internacional del Disco de Vinilo!\"}]},{\"@type\":\"WebSite\",\"@id\":\"https:\\\/\\\/www.bodegasprotos.com\\\/es\\\/#website\",\"url\":\"https:\\\/\\\/www.bodegasprotos.com\\\/es\\\/\",\"name\":\"Bodegas Protos\",\"description\":\"Vinos de la Denominaci\u00f3n de Origen Ribera del Duero, Rueda y Cigales\",\"publisher\":{\"@id\":\"https:\\\/\\\/www.bodegasprotos.com\\\/es\\\/#organization\"},\"potentialAction\":[{\"@type\":\"SearchAction\",\"target\":{\"@type\":\"EntryPoint\",\"urlTemplate\":\"https:\\\/\\\/www.bodegasprotos.com\\\/es\\\/?s={search_term_string}\"},\"query-input\":{\"@type\":\"PropertyValueSpecification\",\"valueRequired\":true,\"valueName\":\"search_term_string\"}}],\"inLanguage\":\"es\"},{\"@type\":\"Organization\",\"@id\":\"https:\\\/\\\/www.bodegasprotos.com\\\/es\\\/#organization\",\"name\":\"Bodegas Protos\",\"url\":\"https:\\\/\\\/www.bodegasprotos.com\\\/es\\\/\",\"logo\":{\"@type\":\"ImageObject\",\"inLanguage\":\"es\",\"@id\":\"https:\\\/\\\/www.bodegasprotos.com\\\/es\\\/#\\\/schema\\\/logo\\\/image\\\/\",\"url\":\"https:\\\/\\\/www.bodegasprotos.com\\\/wp-content\\\/uploads\\\/2024\\\/06\\\/PROTOS-LOGOS-VERSIONES-13.png\",\"contentUrl\":\"https:\\\/\\\/www.bodegasprotos.com\\\/wp-content\\\/uploads\\\/2024\\\/06\\\/PROTOS-LOGOS-VERSIONES-13.png\",\"width\":2362,\"height\":2362,\"caption\":\"Bodegas Protos\"},\"image\":{\"@id\":\"https:\\\/\\\/www.bodegasprotos.com\\\/es\\\/#\\\/schema\\\/logo\\\/image\\\/\"},\"sameAs\":[\"https:\\\/\\\/www.facebook.com\\\/BodegasProtos\",\"https:\\\/\\\/x.com\\\/Bodegas_Protos\",\"https:\\\/\\\/www.instagram.com\\\/bodegasprotosoficial\\\/\",\"https:\\\/\\\/www.linkedin.com\\\/company\\\/bodegasprotos\\\/\",\"https:\\\/\\\/pinterest.com\\\/BodegasProtos\\\/\",\"http:\\\/\\\/www.youtube.com\\\/user\\\/BodegasProtos\",\"https:\\\/\\\/es.wikipedia.org\\\/wiki\\\/Bodegas_Protos\"]},{\"@type\":\"Person\",\"@id\":\"https:\\\/\\\/www.bodegasprotos.com\\\/es\\\/#\\\/schema\\\/person\\\/6cb69a08afa14171755cee0df7d20027\",\"name\":\"Bodegas Protos (F)\",\"image\":{\"@type\":\"ImageObject\",\"inLanguage\":\"es\",\"@id\":\"https:\\\/\\\/secure.gravatar.com\\\/avatar\\\/cc613a9fd2ee203f402357c1b4aa2b7c041016cbf1eab1e41bde410b2ebd7f94?s=96&d=mm&r=g\",\"url\":\"https:\\\/\\\/secure.gravatar.com\\\/avatar\\\/cc613a9fd2ee203f402357c1b4aa2b7c041016cbf1eab1e41bde410b2ebd7f94?s=96&d=mm&r=g\",\"contentUrl\":\"https:\\\/\\\/secure.gravatar.com\\\/avatar\\\/cc613a9fd2ee203f402357c1b4aa2b7c041016cbf1eab1e41bde410b2ebd7f94?s=96&d=mm&r=g\",\"caption\":\"Bodegas Protos (F)\"},\"sameAs\":[\"https:\\\/\\\/www.bodegasprotos.com\"]}]}<\/script>\n<!-- \/ Yoast SEO plugin. -->","yoast_head_json":{"title":"12 de agosto \u00a1D\u00eda Internacional del Disco de Vinilo! - Bodegas Protos","description":"Hoy se celebra el d\u00eda internacional del disco de vinilo. Este d\u00eda pretende homenajear a este cl\u00e1sico formato que cuenta con una gran cantidad de","robots":{"index":"index","follow":"follow","max-snippet":"max-snippet:-1","max-image-preview":"max-image-preview:large","max-video-preview":"max-video-preview:-1"},"canonical":"https:\/\/www.bodegasprotos.com\/es\/blog\/disco-de-vinilo\/","og_locale":"es_ES","og_type":"article","og_title":"12 de agosto \u00a1D\u00eda Internacional del Disco de Vinilo! - Bodegas Protos","og_description":"Hoy se celebra el d\u00eda internacional del disco de vinilo. Este d\u00eda pretende homenajear a este cl\u00e1sico formato que cuenta con una gran cantidad de","og_url":"https:\/\/www.bodegasprotos.com\/es\/blog\/disco-de-vinilo\/","og_site_name":"Bodegas Protos","article_publisher":"https:\/\/www.facebook.com\/BodegasProtos","article_published_time":"2022-08-12T09:30:12+00:00","og_image":[{"width":2560,"height":1707,"url":"https:\/\/www.bodegasprotos.com\/wp-content\/uploads\/2022\/08\/jurian-kersten-LPCwU1BPmUs-unsplash-scaled.jpg","type":"image\/jpeg"}],"author":"Bodegas Protos (F)","twitter_card":"summary_large_image","twitter_creator":"@Bodegas_Protos","twitter_site":"@Bodegas_Protos","twitter_misc":{"Escrito por":"Bodegas Protos (F)","Tiempo de lectura":"5 minutos"},"schema":{"@context":"https:\/\/schema.org","@graph":[{"@type":"Article","@id":"https:\/\/www.bodegasprotos.com\/es\/blog\/disco-de-vinilo\/#article","isPartOf":{"@id":"https:\/\/www.bodegasprotos.com\/es\/blog\/disco-de-vinilo\/"},"author":{"name":"Bodegas Protos (F)","@id":"https:\/\/www.bodegasprotos.com\/es\/#\/schema\/person\/6cb69a08afa14171755cee0df7d20027"},"headline":"12 de agosto \u00a1D\u00eda Internacional del Disco de Vinilo!","datePublished":"2022-08-12T09:30:12+00:00","mainEntityOfPage":{"@id":"https:\/\/www.bodegasprotos.com\/es\/blog\/disco-de-vinilo\/"},"wordCount":945,"publisher":{"@id":"https:\/\/www.bodegasprotos.com\/es\/#organization"},"image":{"@id":"https:\/\/www.bodegasprotos.com\/es\/blog\/disco-de-vinilo\/#primaryimage"},"thumbnailUrl":"https:\/\/www.bodegasprotos.com\/wp-content\/uploads\/2022\/08\/jurian-kersten-LPCwU1BPmUs-unsplash-scaled.jpg","articleSection":["Blog","En portada"],"inLanguage":"es"},{"@type":"WebPage","@id":"https:\/\/www.bodegasprotos.com\/es\/blog\/disco-de-vinilo\/","url":"https:\/\/www.bodegasprotos.com\/es\/blog\/disco-de-vinilo\/","name":"12 de agosto \u00a1D\u00eda Internacional del Disco de Vinilo! - Bodegas Protos","isPartOf":{"@id":"https:\/\/www.bodegasprotos.com\/es\/#website"},"primaryImageOfPage":{"@id":"https:\/\/www.bodegasprotos.com\/es\/blog\/disco-de-vinilo\/#primaryimage"},"image":{"@id":"https:\/\/www.bodegasprotos.com\/es\/blog\/disco-de-vinilo\/#primaryimage"},"thumbnailUrl":"https:\/\/www.bodegasprotos.com\/wp-content\/uploads\/2022\/08\/jurian-kersten-LPCwU1BPmUs-unsplash-scaled.jpg","datePublished":"2022-08-12T09:30:12+00:00","description":"Hoy se celebra el d\u00eda internacional del disco de vinilo. Este d\u00eda pretende homenajear a este cl\u00e1sico formato que cuenta con una gran cantidad de","breadcrumb":{"@id":"https:\/\/www.bodegasprotos.com\/es\/blog\/disco-de-vinilo\/#breadcrumb"},"inLanguage":"es","potentialAction":[{"@type":"ReadAction","target":["https:\/\/www.bodegasprotos.com\/es\/blog\/disco-de-vinilo\/"]}]},{"@type":"ImageObject","inLanguage":"es","@id":"https:\/\/www.bodegasprotos.com\/es\/blog\/disco-de-vinilo\/#primaryimage","url":"https:\/\/www.bodegasprotos.com\/wp-content\/uploads\/2022\/08\/jurian-kersten-LPCwU1BPmUs-unsplash-scaled.jpg","contentUrl":"https:\/\/www.bodegasprotos.com\/wp-content\/uploads\/2022\/08\/jurian-kersten-LPCwU1BPmUs-unsplash-scaled.jpg","width":2560,"height":1707,"caption":"dia mundial vinilo"},{"@type":"BreadcrumbList","@id":"https:\/\/www.bodegasprotos.com\/es\/blog\/disco-de-vinilo\/#breadcrumb","itemListElement":[{"@type":"ListItem","position":1,"name":"Portada","item":"https:\/\/www.bodegasprotos.com\/es\/"},{"@type":"ListItem","position":2,"name":"12 de agosto \u00a1D\u00eda Internacional del Disco de Vinilo!"}]},{"@type":"WebSite","@id":"https:\/\/www.bodegasprotos.com\/es\/#website","url":"https:\/\/www.bodegasprotos.com\/es\/","name":"Bodegas Protos","description":"Vinos de la Denominaci\u00f3n de Origen Ribera del Duero, Rueda y Cigales","publisher":{"@id":"https:\/\/www.bodegasprotos.com\/es\/#organization"},"potentialAction":[{"@type":"SearchAction","target":{"@type":"EntryPoint","urlTemplate":"https:\/\/www.bodegasprotos.com\/es\/?s={search_term_string}"},"query-input":{"@type":"PropertyValueSpecification","valueRequired":true,"valueName":"search_term_string"}}],"inLanguage":"es"},{"@type":"Organization","@id":"https:\/\/www.bodegasprotos.com\/es\/#organization","name":"Bodegas Protos","url":"https:\/\/www.bodegasprotos.com\/es\/","logo":{"@type":"ImageObject","inLanguage":"es","@id":"https:\/\/www.bodegasprotos.com\/es\/#\/schema\/logo\/image\/","url":"https:\/\/www.bodegasprotos.com\/wp-content\/uploads\/2024\/06\/PROTOS-LOGOS-VERSIONES-13.png","contentUrl":"https:\/\/www.bodegasprotos.com\/wp-content\/uploads\/2024\/06\/PROTOS-LOGOS-VERSIONES-13.png","width":2362,"height":2362,"caption":"Bodegas Protos"},"image":{"@id":"https:\/\/www.bodegasprotos.com\/es\/#\/schema\/logo\/image\/"},"sameAs":["https:\/\/www.facebook.com\/BodegasProtos","https:\/\/x.com\/Bodegas_Protos","https:\/\/www.instagram.com\/bodegasprotosoficial\/","https:\/\/www.linkedin.com\/company\/bodegasprotos\/","https:\/\/pinterest.com\/BodegasProtos\/","http:\/\/www.youtube.com\/user\/BodegasProtos","https:\/\/es.wikipedia.org\/wiki\/Bodegas_Protos"]},{"@type":"Person","@id":"https:\/\/www.bodegasprotos.com\/es\/#\/schema\/person\/6cb69a08afa14171755cee0df7d20027","name":"Bodegas Protos (F)","image":{"@type":"ImageObject","inLanguage":"es","@id":"https:\/\/secure.gravatar.com\/avatar\/cc613a9fd2ee203f402357c1b4aa2b7c041016cbf1eab1e41bde410b2ebd7f94?s=96&d=mm&r=g","url":"https:\/\/secure.gravatar.com\/avatar\/cc613a9fd2ee203f402357c1b4aa2b7c041016cbf1eab1e41bde410b2ebd7f94?s=96&d=mm&r=g","contentUrl":"https:\/\/secure.gravatar.com\/avatar\/cc613a9fd2ee203f402357c1b4aa2b7c041016cbf1eab1e41bde410b2ebd7f94?s=96&d=mm&r=g","caption":"Bodegas Protos (F)"},"sameAs":["https:\/\/www.bodegasprotos.com"]}]}},"_links":{"self":[{"href":"https:\/\/www.bodegasprotos.com\/es\/wp-json\/wp\/v2\/posts\/34551","targetHints":{"allow":["GET"]}}],"collection":[{"href":"https:\/\/www.bodegasprotos.com\/es\/wp-json\/wp\/v2\/posts"}],"about":[{"href":"https:\/\/www.bodegasprotos.com\/es\/wp-json\/wp\/v2\/types\/post"}],"author":[{"embeddable":true,"href":"https:\/\/www.bodegasprotos.com\/es\/wp-json\/wp\/v2\/users\/3"}],"replies":[{"embeddable":true,"href":"https:\/\/www.bodegasprotos.com\/es\/wp-json\/wp\/v2\/comments?post=34551"}],"version-history":[{"count":0,"href":"https:\/\/www.bodegasprotos.com\/es\/wp-json\/wp\/v2\/posts\/34551\/revisions"}],"wp:featuredmedia":[{"embeddable":true,"href":"https:\/\/www.bodegasprotos.com\/es\/wp-json\/wp\/v2\/media\/34554"}],"wp:attachment":[{"href":"https:\/\/www.bodegasprotos.com\/es\/wp-json\/wp\/v2\/media?parent=34551"}],"wp:term":[{"taxonomy":"category","embeddable":true,"href":"https:\/\/www.bodegasprotos.com\/es\/wp-json\/wp\/v2\/categories?post=34551"},{"taxonomy":"post_tag","embeddable":true,"href":"https:\/\/www.bodegasprotos.com\/es\/wp-json\/wp\/v2\/tags?post=34551"}],"curies":[{"name":"wp","href":"https:\/\/api.w.org\/{rel}","templated":true}]}}