{"id":34252,"date":"2022-05-06T11:30:36","date_gmt":"2022-05-06T09:30:36","guid":{"rendered":"https:\/\/www.bodegasprotos.com\/?p=34252"},"modified":"2022-05-06T15:37:26","modified_gmt":"2022-05-06T13:37:26","slug":"entrevista-a-sanja-jankovic-pintora-y-creadora-de-winerelle","status":"publish","type":"post","link":"https:\/\/www.bodegasprotos.com\/es\/general\/entrevista-a-sanja-jankovic-pintora-y-creadora-de-winerelle\/","title":{"rendered":"Entrevista a Sanja Jankovic, pintora y creadora de Winerelle"},"content":{"rendered":"<p><strong>Por Saray Calvo<\/strong><\/p>\n<p>Hablamos con la pintora Sanja Jankovic, creadora de la t\u00e9cnica Winerelle. Sanja pinta con vino. Dice que, de alguna manera estaba predestinada a ello. Sus obras de arte son una aut\u00e9ntica delicia para la vista. Con una sensibilidad y t\u00e9cnica muy personal, la pintora serbia cuenta con una gran colecci\u00f3n de pinturas en la que se fusionan reproducciones de obras de arte, creaciones propias,\u00a0 retratos de personalidades&#8230; todo ello, con dos elementos en com\u00fan: la acuarela y el vino.<\/p>\n<p>As\u00ed nace, Winerelle y en esta entrevista, Sanja nos lo cuenta.<\/p>\n<p>&nbsp;<\/p>\n<p><img fetchpriority=\"high\" decoding=\"async\" class=\"aligncenter size-medium wp-image-34265\" src=\"https:\/\/www.bodegasprotos.com\/wp-content\/uploads\/2022\/05\/Sanja-Winerelle-02-300x200.jpg\" alt=\"\" width=\"300\" height=\"200\" srcset=\"https:\/\/www.bodegasprotos.com\/wp-content\/uploads\/2022\/05\/Sanja-Winerelle-02-300x200.jpg 300w, https:\/\/www.bodegasprotos.com\/wp-content\/uploads\/2022\/05\/Sanja-Winerelle-02-1024x683.jpg 1024w, https:\/\/www.bodegasprotos.com\/wp-content\/uploads\/2022\/05\/Sanja-Winerelle-02-768x512.jpg 768w, https:\/\/www.bodegasprotos.com\/wp-content\/uploads\/2022\/05\/Sanja-Winerelle-02.jpg 1440w\" sizes=\"(max-width: 300px) 100vw, 300px\" \/><\/p>\n<h3><strong>\u00a0<\/strong><strong>\u00bfC\u00f3mo descubriste el mundo del vino para aplicarlo en tus pinturas?<\/strong><\/h3>\n<p>Hoy en d\u00eda, se puede pintar con casi todo: caf\u00e9, t\u00e9, ketchup y dem\u00e1s. El vino y yo, en cierto modo, tenemos un v\u00ednculo de por vida. Crec\u00ed en la frontera de la regi\u00f3n vin\u00edcola de Srem, en Serbia, y mi familia empez\u00f3 a coleccionar diferentes vinos solo un a\u00f1o antes de que yo naciera. Adem\u00e1s, me cas\u00e9 en el seno de una familia de viticultores; supongo que este tipo de arte totalmente alternativo estaba esperando a que ocurriera en alg\u00fan momento.<\/p>\n<h3><strong>\u00bfQu\u00e9 tipo de variedades de uva utilizas?<\/strong><\/h3>\n<p>Ser\u00edan las m\u00e1s comunes como Cabernet Sauvignon, Merlot, Syrah, Ros\u00e9, Pinot Noir y Sauvignon Blanc. Me dejo aconsejar por los amantes del vino que me recomiendan nuevas variedades. Hace poco me sugirieron que probara el Saperavi georgiano, y ahora forma parte de mi paleta de colores.<\/p>\n<h3><strong>\u00bfC\u00f3mo se llama tu t\u00e9cnica? \u00bfY en qu\u00e9 consiste?<\/strong><\/h3>\n<p>El nombre <a href=\"https:\/\/www.behance.net\/simbyleebf2e\">Winerelle<\/a> proviene de la palabra aquarelle, ya que me recuerda al arte de la acuarela. Se me ocurri\u00f3 para diferenciarme de los dem\u00e1s artistas que trabajan con el mismo medio. Me encanta la acuarela y Winerelle me da la oportunidad de aplicar los conocimientos de la t\u00e9cnica, utilizando solo vino.<\/p>\n<h3><strong>\u00bfPodemos decir que has sido pionera en esta t\u00e9cnica?<\/strong><\/h3>\n<p>Publiqu\u00e9 mi primera obra de arte sobre el vino en las redes sociales en 2015, pero ser pionero ser\u00eda un poco exagerado, ya que el vino se utilizaba para escribir y dibujar hace mucho tiempo. Mi objetivo es ser pionera en la creaci\u00f3n de marcas de mi estilo de arte y pintura sobre el vino. En este momento, estoy en el proceso de marca.<\/p>\n<h3><strong>\u00bfC\u00f3mo se consiguen los pigmentos con el vino?<\/strong><\/h3>\n<p>Los pigmentos son esenciales para crear una obra de arte buena y duradera. Gracias a los pigmentos llamados antocianinas y a compuestos como los taninos, tenemos un color de vino tan bonito. Obtengo los pigmentos a partir de las l\u00edas y reduciendo cuidadosamente el vino hasta que se vuelve tinta.<\/p>\n<p><img decoding=\"async\" class=\"aligncenter size-medium wp-image-34280\" src=\"https:\/\/www.bodegasprotos.com\/wp-content\/uploads\/2022\/05\/Pintura-238x300.jpg\" alt=\"\" width=\"238\" height=\"300\" srcset=\"https:\/\/www.bodegasprotos.com\/wp-content\/uploads\/2022\/05\/Pintura-238x300.jpg 238w, https:\/\/www.bodegasprotos.com\/wp-content\/uploads\/2022\/05\/Pintura.jpg 694w\" sizes=\"(max-width: 238px) 100vw, 238px\" \/><\/p>\n<h3><strong>Podemos ver que has realizado reproducciones de obras de arte ya consolidadas, retratos de personalidades famosas, creaciones propias, \u00bftambi\u00e9n, haces pinturas por encargo?<\/strong><\/h3>\n<p>A lo largo de los a\u00f1os lo que m\u00e1s me ha gustado es reinventar la pintura cl\u00e1sica y las fotograf\u00edas antiguas. En la actualidad, elijo los temas que se relacionan estrechamente con la cultura del vino y pienso: \u00ab\u00bfquedar\u00eda bien esta pintura como etiqueta de vino?\u00bb Si la respuesta es afirmativa, entonces lo pinto. Acepto encargos, por supuesto, especialmente, para cumplea\u00f1os y aniversarios de boda.<\/p>\n<p><img decoding=\"async\" class=\"aligncenter size-medium wp-image-34253\" src=\"https:\/\/www.bodegasprotos.com\/wp-content\/uploads\/2022\/05\/Flamenco-Dance-Winerelle-212x300.jpg\" alt=\"\" width=\"212\" height=\"300\" srcset=\"https:\/\/www.bodegasprotos.com\/wp-content\/uploads\/2022\/05\/Flamenco-Dance-Winerelle-212x300.jpg 212w, https:\/\/www.bodegasprotos.com\/wp-content\/uploads\/2022\/05\/Flamenco-Dance-Winerelle-724x1024.jpg 724w, https:\/\/www.bodegasprotos.com\/wp-content\/uploads\/2022\/05\/Flamenco-Dance-Winerelle-768x1086.jpg 768w, https:\/\/www.bodegasprotos.com\/wp-content\/uploads\/2022\/05\/Flamenco-Dance-Winerelle.jpg 960w\" sizes=\"(max-width: 212px) 100vw, 212px\" \/><img loading=\"lazy\" decoding=\"async\" class=\"aligncenter size-medium wp-image-34278\" src=\"https:\/\/www.bodegasprotos.com\/wp-content\/uploads\/2022\/05\/Juicy-Grapes-Winerelle-1-212x300.jpg\" alt=\"\" width=\"212\" height=\"300\" srcset=\"https:\/\/www.bodegasprotos.com\/wp-content\/uploads\/2022\/05\/Juicy-Grapes-Winerelle-1-212x300.jpg 212w, https:\/\/www.bodegasprotos.com\/wp-content\/uploads\/2022\/05\/Juicy-Grapes-Winerelle-1-724x1024.jpg 724w, https:\/\/www.bodegasprotos.com\/wp-content\/uploads\/2022\/05\/Juicy-Grapes-Winerelle-1-768x1086.jpg 768w, https:\/\/www.bodegasprotos.com\/wp-content\/uploads\/2022\/05\/Juicy-Grapes-Winerelle-1.jpg 960w\" sizes=\"(max-width: 212px) 100vw, 212px\" \/><\/p>\n<p><img loading=\"lazy\" decoding=\"async\" class=\"aligncenter size-medium wp-image-34257\" src=\"https:\/\/www.bodegasprotos.com\/wp-content\/uploads\/2022\/05\/New-one-Winerelle-212x300.jpg\" alt=\"\" width=\"212\" height=\"300\" srcset=\"https:\/\/www.bodegasprotos.com\/wp-content\/uploads\/2022\/05\/New-one-Winerelle-212x300.jpg 212w, https:\/\/www.bodegasprotos.com\/wp-content\/uploads\/2022\/05\/New-one-Winerelle-724x1024.jpg 724w, https:\/\/www.bodegasprotos.com\/wp-content\/uploads\/2022\/05\/New-one-Winerelle-768x1086.jpg 768w, https:\/\/www.bodegasprotos.com\/wp-content\/uploads\/2022\/05\/New-one-Winerelle.jpg 960w\" sizes=\"(max-width: 212px) 100vw, 212px\" \/><\/p>\n<h3><\/h3>\n<h3><strong>\u00bfEn qu\u00e9 canales difundes tu arte?<\/strong><\/h3>\n<p>Sigo en los mismos canales que al principio: Facebook, <a href=\"https:\/\/www.instagram.com\/winerelle_winepainting\/?hl=es\">Instagram<\/a> y LinkedIn. La diferencia es que ahora creo Reels y m\u00e1s videos. Particip\u00e9 en un documental sobre mujeres en\u00f3logas llamado <em>Wonder Women of Wine<\/em> y estoy colaborando, estrechamente, con responsables de eventos de cata que me promocionan en sus canales. Tambi\u00e9n, estoy ampliando el contenido de YouTube.<\/p>\n<h3><strong>\u00bfCambian las pinturas con el tiempo&#8230; sus tonalidades envejecen de alguna manera?<\/strong><\/h3>\n<p>Por supuesto. Las pinturas de vino envejecen en el papel igual que el vino lo hace en la botella. Las obras cambiar\u00e1n hacia tonos marrones y grises con el paso del tiempo. Es un proceso emocionante que dura de unos meses a un a\u00f1o, luego todos los cambios se detienen, pero el contraste de color permanece. He debatido con algunos qu\u00edmicos y t\u00e9cnicos sobre si es posible mantener el color original. En este punto, hemos llegado a la conclusi\u00f3n de que no podemos hacer mucho para alterar el proceso natural de la materia org\u00e1nica, la luz y el ox\u00edgeno que transforman el color. No obstante, la obra puede conservarse con una generosa capa de barniz.<\/p>\n<p><img loading=\"lazy\" decoding=\"async\" class=\"aligncenter wp-image-34269\" src=\"https:\/\/www.bodegasprotos.com\/wp-content\/uploads\/2022\/05\/WineLisa-Fresh-and-Aged-Winerelle-300x212.jpg\" alt=\"\" width=\"396\" height=\"280\" srcset=\"https:\/\/www.bodegasprotos.com\/wp-content\/uploads\/2022\/05\/WineLisa-Fresh-and-Aged-Winerelle-300x212.jpg 300w, https:\/\/www.bodegasprotos.com\/wp-content\/uploads\/2022\/05\/WineLisa-Fresh-and-Aged-Winerelle-1024x724.jpg 1024w, https:\/\/www.bodegasprotos.com\/wp-content\/uploads\/2022\/05\/WineLisa-Fresh-and-Aged-Winerelle-768x543.jpg 768w, https:\/\/www.bodegasprotos.com\/wp-content\/uploads\/2022\/05\/WineLisa-Fresh-and-Aged-Winerelle.jpg 1358w\" sizes=\"(max-width: 396px) 100vw, 396px\" \/><\/p>\n<h3><\/h3>\n<h3><strong>Por ejemplo, \u00bfQu\u00e9 tonalidades puede aportar un vino joven, un vino crianza o un vino reserva?<\/strong><\/h3>\n<p>Los vinos j\u00f3venes suelen ser viol\u00e1ceos y los envejecidos son m\u00e1s rojos, as\u00ed que cuanto m\u00e1s j\u00f3venes mejor (ja,ja) Definitivamente prefiero el vino joven que un reserva, ya que su color es m\u00e1s vibrante.<\/p>\n<h3><strong>\u00bfSe puede utilizar cualquier vino o tienen que ser vinos de calidad?<\/strong><\/h3>\n<p>La calidad de las obras de arte depende de la calidad del vino. Los buenos vinos tienen un pigmento m\u00e1s intenso que los de menor calidad.<\/p>\n<h3><strong>\u00bfEs necesario tener un entorno adecuado para poder pintar estas obras?<\/strong><\/h3>\n<p>Vivo en Dubai, donde hay mucha humedad en ciertas \u00e9pocas, y tengo un deshumidificador en mi estudio de arte que se encarga de ello. Cr\u00e9eme, la humedad afecta a los colores y a la forma en que se fija el pigmento. Adem\u00e1s, mi estudio de arte se parece m\u00e1s a un laboratorio porque hay un mont\u00f3n de frascos y recipientes peque\u00f1os por todas partes. A veces utilizo guantes de protecci\u00f3n para manipular el papel o verter el vino.<\/p>\n<h3><strong>\u00bfQu\u00e9 personaje o reproducci\u00f3n pict\u00f3rica te gustar\u00eda recrear?<\/strong><\/h3>\n<p>Me gustar\u00eda crear retratos de bodegueros utilizando su propio vino. Imag\u00ednese bodegas que tengan en su colecci\u00f3n obras de arte de este tipo, que ofrezcan un gran vino a la vez que estimulen todos los dem\u00e1s sentidos.<\/p>\n<h3><strong>\u00bfCu\u00e1l ha sido tu formaci\u00f3n?<\/strong><\/h3>\n<p>Estudi\u00e9 Educaci\u00f3n Art\u00edstica Oficial y cuento con un M\u00e1ster en Bellas Artes, especializado en el campo de la pintura. Adem\u00e1s de proyectos art\u00edsticos, ense\u00f1o arte y he trabajado como profesora en la Universidad canadiense de Dubai.<\/p>\n<p><img loading=\"lazy\" decoding=\"async\" class=\"aligncenter size-medium wp-image-34267\" src=\"https:\/\/www.bodegasprotos.com\/wp-content\/uploads\/2022\/05\/Sanja-Winerelle-03-200x300.jpg\" alt=\"\" width=\"200\" height=\"300\" srcset=\"https:\/\/www.bodegasprotos.com\/wp-content\/uploads\/2022\/05\/Sanja-Winerelle-03-200x300.jpg 200w, https:\/\/www.bodegasprotos.com\/wp-content\/uploads\/2022\/05\/Sanja-Winerelle-03-683x1024.jpg 683w, https:\/\/www.bodegasprotos.com\/wp-content\/uploads\/2022\/05\/Sanja-Winerelle-03-768x1152.jpg 768w, https:\/\/www.bodegasprotos.com\/wp-content\/uploads\/2022\/05\/Sanja-Winerelle-03.jpg 960w\" sizes=\"(max-width: 200px) 100vw, 200px\" \/><\/p>\n<h3><strong>\u00bfEn qu\u00e9 concursos o exposiciones has participado o tienes previsto participar?<\/strong><\/h3>\n<p>De vez en cuando, participo en exposiciones con obras de arte que no he creado con vino. Expondr\u00e9 en el sal\u00f3n del vino, y voy a viajar para completar una gran obra mural o ilustrar\u00e9 para una revista. Hay muchos proyectos diferentes que acepto o rechazo, seg\u00fan las circunstancias, pero estoy priorizando y desarrollando Winerelle.<\/p>\n<h3><strong>Cuando la gente ve tu obra, \u00bfCu\u00e1l es su reacci\u00f3n? Ya que la t\u00e9cnica utilizada no es, evidentemente, com\u00fan&#8230;<\/strong><\/h3>\n<p>No fue f\u00e1cil convencer a la gente de que las pinturas rojas son vino y no otra cosa. A menudo recibo mensajes de agradecimiento y gracias a ellos, he decidido seguir trabajando en Winerelle y llevarlo a un nuevo nivel este a\u00f1o. Sin embargo, tambi\u00e9n hay comentarios que me divierten, como \u00abpara qu\u00e9 molestarse cuando se puede beber ese vino\u00bb o \u00abcu\u00e1nto has bebido realmente al pintar\u00bb.<\/p>\n<h3><strong>\u00bfExpones en galer\u00edas de arte?<\/strong><\/h3>\n<p>Acabo de hacerlo. La \u00faltima exposici\u00f3n fue en la Gallery Vibes de Dubai, y antes he expuesto en el concurso de vinos F\u00e9minalise de Par\u00eds. Me hace feliz que las pinturas con vino puedan exponerse en cualquier lugar y no sean s\u00f3lo el t\u00edpico arte que se cuelga en galer\u00edas u hoteles.<\/p>\n<p><img loading=\"lazy\" decoding=\"async\" class=\"wp-image-34259 aligncenter\" src=\"https:\/\/www.bodegasprotos.com\/wp-content\/uploads\/2022\/05\/Portrait-of-a-Girl-Winerelle-212x300.jpg\" alt=\"\" width=\"246\" height=\"347\" srcset=\"https:\/\/www.bodegasprotos.com\/wp-content\/uploads\/2022\/05\/Portrait-of-a-Girl-Winerelle-212x300.jpg 212w, https:\/\/www.bodegasprotos.com\/wp-content\/uploads\/2022\/05\/Portrait-of-a-Girl-Winerelle-724x1024.jpg 724w, https:\/\/www.bodegasprotos.com\/wp-content\/uploads\/2022\/05\/Portrait-of-a-Girl-Winerelle-768x1086.jpg 768w, https:\/\/www.bodegasprotos.com\/wp-content\/uploads\/2022\/05\/Portrait-of-a-Girl-Winerelle.jpg 960w\" sizes=\"(max-width: 246px) 100vw, 246px\" \/><\/p>\n<h3><img loading=\"lazy\" decoding=\"async\" class=\"wp-image-34261 aligncenter\" src=\"https:\/\/www.bodegasprotos.com\/wp-content\/uploads\/2022\/05\/Rose-Dance-Winerelle-212x300.jpg\" alt=\"\" width=\"243\" height=\"343\" srcset=\"https:\/\/www.bodegasprotos.com\/wp-content\/uploads\/2022\/05\/Rose-Dance-Winerelle-212x300.jpg 212w, https:\/\/www.bodegasprotos.com\/wp-content\/uploads\/2022\/05\/Rose-Dance-Winerelle-724x1024.jpg 724w, https:\/\/www.bodegasprotos.com\/wp-content\/uploads\/2022\/05\/Rose-Dance-Winerelle-768x1086.jpg 768w, https:\/\/www.bodegasprotos.com\/wp-content\/uploads\/2022\/05\/Rose-Dance-Winerelle.jpg 960w\" sizes=\"(max-width: 243px) 100vw, 243px\" \/><\/h3>\n<h3><img loading=\"lazy\" decoding=\"async\" class=\"wp-image-34276 aligncenter\" src=\"https:\/\/www.bodegasprotos.com\/wp-content\/uploads\/2022\/05\/Marilyn-238x300.jpg\" alt=\"\" width=\"245\" height=\"308\" srcset=\"https:\/\/www.bodegasprotos.com\/wp-content\/uploads\/2022\/05\/Marilyn-238x300.jpg 238w, https:\/\/www.bodegasprotos.com\/wp-content\/uploads\/2022\/05\/Marilyn.jpg 698w\" sizes=\"(max-width: 245px) 100vw, 245px\" \/><\/h3>\n<h3><strong>Actualmente en \u00bfQu\u00e9 proyectos est\u00e1s inmersa?<\/strong><\/h3>\n<p>Mi pr\u00f3xima parada es Limassol en junio, y California en julio. Me han invitado a dar clases de arte del vino en eventos de Paint and Sip. Despu\u00e9s, quiz\u00e1 me vaya a Burdeos&#8230; mientras <strong>trabajo<\/strong> en un folleto de dise\u00f1o para en\u00f3logos, sumilleres y distribuidores de vino. Mi calendario parece bastante alocado para el resto del a\u00f1o; cualquier otra cosa que pueda hacer mientras tanto, la har\u00e9.<\/p>\n<h3><strong>\u00bfTienes previsto venir a Espa\u00f1a y hacer una exposici\u00f3n? O tal vez, \u00bf impartir un taller sobre esta t\u00e9cnica?<\/strong><\/h3>\n<p>Mis obras a\u00fan no han llegado a Espa\u00f1a aunque he pintado con vinos espa\u00f1oles, que son muy buenos. S\u00ed, por favor, inv\u00edtame e ir\u00e9 para all\u00e1.<\/p>\n<h3><strong>Adem\u00e1s de ser una gran amante del vino en tus pinturas, a Sanja le gusta una buena copa de vino&#8230;<\/strong><\/h3>\n<p>Aunque pueda esperarse lo contrario, me interesan m\u00e1s los colores y los conocimientos te\u00f3ricos que el consumo de vino. S\u00ed disfruto de una copa de vez en cuando en buena compa\u00f1\u00eda o cuando no puedo decir que no, como la invitaci\u00f3n de mi primo a su bodega, dici\u00e9ndome: \u00aboye, acabamos de hacer una nueva l\u00ednea de Cuv\u00e9e, ven a probarla con nosotros\u00bb.<\/p>\n<h3><strong>\u00bfEres m\u00e1s de vino blanco o tinto?<\/strong><\/h3>\n<p>Me decantar\u00eda por el <a href=\"https:\/\/www.bodegasprotos.com\/es\/vino\/verdejo\/\">blanco<\/a>. Es ligero y afrutado.<\/p>\n<h3><strong>\u00bfQu\u00e9 variedades prefieres beber?<\/strong><\/h3>\n<p>Mi lista de bebidas es bastante opuesta a la de la pintura; cuanto m\u00e1s ligera, mejor. Algo que, personalmente, recomendar\u00eda es un tipo especial de vino de postre llamado Bermet de mi regi\u00f3n, originalmente destinado a fines medicinales. Cuando se trata de Bermet, me encanta tanto el blanco como el tinto.<\/p>\n","protected":false},"excerpt":{"rendered":"<p>Por Saray Calvo Hablamos con la pintora Sanja Jankovic, creadora de la t\u00e9cnica Winerelle. Sanja pinta con vino&#8230;.<\/p>\n","protected":false},"author":3,"featured_media":34263,"comment_status":"closed","ping_status":"closed","sticky":false,"template":"","format":"standard","meta":{"_acf_changed":false,"footnotes":""},"categories":[87,1],"tags":[],"class_list":["post-34252","post","type-post","status-publish","format-standard","has-post-thumbnail","hentry","category-blog","category-general"],"acf":[],"yoast_head":"<!-- This site is optimized with the Yoast SEO plugin v27.5 - https:\/\/yoast.com\/product\/yoast-seo-wordpress\/ -->\n<title>Entrevista a Sanja Jankovic, pintora y creadora de Winerelle - Bodegas Protos<\/title>\n<meta name=\"description\" content=\"Por Saray Calvo Hablamos con la pintora Sanja Jankovic, creadora de la t\u00e9cnica Winerelle. Sanja pinta con vino. Dice que, de alguna manera estaba\" \/>\n<meta name=\"robots\" content=\"index, follow, max-snippet:-1, max-image-preview:large, max-video-preview:-1\" \/>\n<link rel=\"canonical\" href=\"https:\/\/www.bodegasprotos.com\/es\/general\/entrevista-a-sanja-jankovic-pintora-y-creadora-de-winerelle\/\" \/>\n<meta property=\"og:locale\" content=\"es_ES\" \/>\n<meta property=\"og:type\" content=\"article\" \/>\n<meta property=\"og:title\" content=\"Entrevista a Sanja Jankovic, pintora y creadora de Winerelle - Bodegas Protos\" \/>\n<meta property=\"og:description\" content=\"Por Saray Calvo Hablamos con la pintora Sanja Jankovic, creadora de la t\u00e9cnica Winerelle. Sanja pinta con vino. Dice que, de alguna manera estaba\" \/>\n<meta property=\"og:url\" content=\"https:\/\/www.bodegasprotos.com\/es\/general\/entrevista-a-sanja-jankovic-pintora-y-creadora-de-winerelle\/\" \/>\n<meta property=\"og:site_name\" content=\"Bodegas Protos\" \/>\n<meta property=\"article:publisher\" content=\"https:\/\/www.facebook.com\/BodegasProtos\" \/>\n<meta property=\"article:published_time\" content=\"2022-05-06T09:30:36+00:00\" \/>\n<meta property=\"article:modified_time\" content=\"2022-05-06T13:37:26+00:00\" \/>\n<meta property=\"og:image\" content=\"https:\/\/www.bodegasprotos.com\/wp-content\/uploads\/2022\/05\/Sanja-Winerelle-01.jpg\" \/>\n\t<meta property=\"og:image:width\" content=\"1440\" \/>\n\t<meta property=\"og:image:height\" content=\"960\" \/>\n\t<meta property=\"og:image:type\" content=\"image\/jpeg\" \/>\n<meta name=\"author\" content=\"Bodegas Protos (F)\" \/>\n<meta name=\"twitter:card\" content=\"summary_large_image\" \/>\n<meta name=\"twitter:creator\" content=\"@Bodegas_Protos\" \/>\n<meta name=\"twitter:site\" content=\"@Bodegas_Protos\" \/>\n<meta name=\"twitter:label1\" content=\"Escrito por\" \/>\n\t<meta name=\"twitter:data1\" content=\"Bodegas Protos (F)\" \/>\n\t<meta name=\"twitter:label2\" content=\"Tiempo de lectura\" \/>\n\t<meta name=\"twitter:data2\" content=\"9 minutos\" \/>\n<script type=\"application\/ld+json\" class=\"yoast-schema-graph\">{\"@context\":\"https:\\\/\\\/schema.org\",\"@graph\":[{\"@type\":\"Article\",\"@id\":\"https:\\\/\\\/www.bodegasprotos.com\\\/es\\\/general\\\/entrevista-a-sanja-jankovic-pintora-y-creadora-de-winerelle\\\/#article\",\"isPartOf\":{\"@id\":\"https:\\\/\\\/www.bodegasprotos.com\\\/es\\\/general\\\/entrevista-a-sanja-jankovic-pintora-y-creadora-de-winerelle\\\/\"},\"author\":{\"name\":\"Bodegas Protos (F)\",\"@id\":\"https:\\\/\\\/www.bodegasprotos.com\\\/es\\\/#\\\/schema\\\/person\\\/6cb69a08afa14171755cee0df7d20027\"},\"headline\":\"Entrevista a Sanja Jankovic, pintora y creadora de Winerelle\",\"datePublished\":\"2022-05-06T09:30:36+00:00\",\"dateModified\":\"2022-05-06T13:37:26+00:00\",\"mainEntityOfPage\":{\"@id\":\"https:\\\/\\\/www.bodegasprotos.com\\\/es\\\/general\\\/entrevista-a-sanja-jankovic-pintora-y-creadora-de-winerelle\\\/\"},\"wordCount\":1574,\"publisher\":{\"@id\":\"https:\\\/\\\/www.bodegasprotos.com\\\/es\\\/#organization\"},\"image\":{\"@id\":\"https:\\\/\\\/www.bodegasprotos.com\\\/es\\\/general\\\/entrevista-a-sanja-jankovic-pintora-y-creadora-de-winerelle\\\/#primaryimage\"},\"thumbnailUrl\":\"https:\\\/\\\/www.bodegasprotos.com\\\/wp-content\\\/uploads\\\/2022\\\/05\\\/Sanja-Winerelle-01.jpg\",\"articleSection\":[\"Blog\",\"General\"],\"inLanguage\":\"es\"},{\"@type\":\"WebPage\",\"@id\":\"https:\\\/\\\/www.bodegasprotos.com\\\/es\\\/general\\\/entrevista-a-sanja-jankovic-pintora-y-creadora-de-winerelle\\\/\",\"url\":\"https:\\\/\\\/www.bodegasprotos.com\\\/es\\\/general\\\/entrevista-a-sanja-jankovic-pintora-y-creadora-de-winerelle\\\/\",\"name\":\"Entrevista a Sanja Jankovic, pintora y creadora de Winerelle - Bodegas Protos\",\"isPartOf\":{\"@id\":\"https:\\\/\\\/www.bodegasprotos.com\\\/es\\\/#website\"},\"primaryImageOfPage\":{\"@id\":\"https:\\\/\\\/www.bodegasprotos.com\\\/es\\\/general\\\/entrevista-a-sanja-jankovic-pintora-y-creadora-de-winerelle\\\/#primaryimage\"},\"image\":{\"@id\":\"https:\\\/\\\/www.bodegasprotos.com\\\/es\\\/general\\\/entrevista-a-sanja-jankovic-pintora-y-creadora-de-winerelle\\\/#primaryimage\"},\"thumbnailUrl\":\"https:\\\/\\\/www.bodegasprotos.com\\\/wp-content\\\/uploads\\\/2022\\\/05\\\/Sanja-Winerelle-01.jpg\",\"datePublished\":\"2022-05-06T09:30:36+00:00\",\"dateModified\":\"2022-05-06T13:37:26+00:00\",\"description\":\"Por Saray Calvo Hablamos con la pintora Sanja Jankovic, creadora de la t\u00e9cnica Winerelle. Sanja pinta con vino. Dice que, de alguna manera estaba\",\"breadcrumb\":{\"@id\":\"https:\\\/\\\/www.bodegasprotos.com\\\/es\\\/general\\\/entrevista-a-sanja-jankovic-pintora-y-creadora-de-winerelle\\\/#breadcrumb\"},\"inLanguage\":\"es\",\"potentialAction\":[{\"@type\":\"ReadAction\",\"target\":[\"https:\\\/\\\/www.bodegasprotos.com\\\/es\\\/general\\\/entrevista-a-sanja-jankovic-pintora-y-creadora-de-winerelle\\\/\"]}]},{\"@type\":\"ImageObject\",\"inLanguage\":\"es\",\"@id\":\"https:\\\/\\\/www.bodegasprotos.com\\\/es\\\/general\\\/entrevista-a-sanja-jankovic-pintora-y-creadora-de-winerelle\\\/#primaryimage\",\"url\":\"https:\\\/\\\/www.bodegasprotos.com\\\/wp-content\\\/uploads\\\/2022\\\/05\\\/Sanja-Winerelle-01.jpg\",\"contentUrl\":\"https:\\\/\\\/www.bodegasprotos.com\\\/wp-content\\\/uploads\\\/2022\\\/05\\\/Sanja-Winerelle-01.jpg\",\"width\":1440,\"height\":960},{\"@type\":\"BreadcrumbList\",\"@id\":\"https:\\\/\\\/www.bodegasprotos.com\\\/es\\\/general\\\/entrevista-a-sanja-jankovic-pintora-y-creadora-de-winerelle\\\/#breadcrumb\",\"itemListElement\":[{\"@type\":\"ListItem\",\"position\":1,\"name\":\"Portada\",\"item\":\"https:\\\/\\\/www.bodegasprotos.com\\\/es\\\/\"},{\"@type\":\"ListItem\",\"position\":2,\"name\":\"Entrevista a Sanja Jankovic, pintora y creadora de Winerelle\"}]},{\"@type\":\"WebSite\",\"@id\":\"https:\\\/\\\/www.bodegasprotos.com\\\/es\\\/#website\",\"url\":\"https:\\\/\\\/www.bodegasprotos.com\\\/es\\\/\",\"name\":\"Bodegas Protos\",\"description\":\"Vinos de la Denominaci\u00f3n de Origen Ribera del Duero, Rueda y Cigales\",\"publisher\":{\"@id\":\"https:\\\/\\\/www.bodegasprotos.com\\\/es\\\/#organization\"},\"potentialAction\":[{\"@type\":\"SearchAction\",\"target\":{\"@type\":\"EntryPoint\",\"urlTemplate\":\"https:\\\/\\\/www.bodegasprotos.com\\\/es\\\/?s={search_term_string}\"},\"query-input\":{\"@type\":\"PropertyValueSpecification\",\"valueRequired\":true,\"valueName\":\"search_term_string\"}}],\"inLanguage\":\"es\"},{\"@type\":\"Organization\",\"@id\":\"https:\\\/\\\/www.bodegasprotos.com\\\/es\\\/#organization\",\"name\":\"Bodegas Protos\",\"url\":\"https:\\\/\\\/www.bodegasprotos.com\\\/es\\\/\",\"logo\":{\"@type\":\"ImageObject\",\"inLanguage\":\"es\",\"@id\":\"https:\\\/\\\/www.bodegasprotos.com\\\/es\\\/#\\\/schema\\\/logo\\\/image\\\/\",\"url\":\"https:\\\/\\\/www.bodegasprotos.com\\\/wp-content\\\/uploads\\\/2024\\\/06\\\/PROTOS-LOGOS-VERSIONES-13.png\",\"contentUrl\":\"https:\\\/\\\/www.bodegasprotos.com\\\/wp-content\\\/uploads\\\/2024\\\/06\\\/PROTOS-LOGOS-VERSIONES-13.png\",\"width\":2362,\"height\":2362,\"caption\":\"Bodegas Protos\"},\"image\":{\"@id\":\"https:\\\/\\\/www.bodegasprotos.com\\\/es\\\/#\\\/schema\\\/logo\\\/image\\\/\"},\"sameAs\":[\"https:\\\/\\\/www.facebook.com\\\/BodegasProtos\",\"https:\\\/\\\/x.com\\\/Bodegas_Protos\",\"https:\\\/\\\/www.instagram.com\\\/bodegasprotosoficial\\\/\",\"https:\\\/\\\/www.linkedin.com\\\/company\\\/bodegasprotos\\\/\",\"https:\\\/\\\/pinterest.com\\\/BodegasProtos\\\/\",\"http:\\\/\\\/www.youtube.com\\\/user\\\/BodegasProtos\",\"https:\\\/\\\/es.wikipedia.org\\\/wiki\\\/Bodegas_Protos\"]},{\"@type\":\"Person\",\"@id\":\"https:\\\/\\\/www.bodegasprotos.com\\\/es\\\/#\\\/schema\\\/person\\\/6cb69a08afa14171755cee0df7d20027\",\"name\":\"Bodegas Protos (F)\",\"image\":{\"@type\":\"ImageObject\",\"inLanguage\":\"es\",\"@id\":\"https:\\\/\\\/secure.gravatar.com\\\/avatar\\\/cc613a9fd2ee203f402357c1b4aa2b7c041016cbf1eab1e41bde410b2ebd7f94?s=96&d=mm&r=g\",\"url\":\"https:\\\/\\\/secure.gravatar.com\\\/avatar\\\/cc613a9fd2ee203f402357c1b4aa2b7c041016cbf1eab1e41bde410b2ebd7f94?s=96&d=mm&r=g\",\"contentUrl\":\"https:\\\/\\\/secure.gravatar.com\\\/avatar\\\/cc613a9fd2ee203f402357c1b4aa2b7c041016cbf1eab1e41bde410b2ebd7f94?s=96&d=mm&r=g\",\"caption\":\"Bodegas Protos (F)\"},\"sameAs\":[\"https:\\\/\\\/www.bodegasprotos.com\"]}]}<\/script>\n<!-- \/ Yoast SEO plugin. -->","yoast_head_json":{"title":"Entrevista a Sanja Jankovic, pintora y creadora de Winerelle - Bodegas Protos","description":"Por Saray Calvo Hablamos con la pintora Sanja Jankovic, creadora de la t\u00e9cnica Winerelle. Sanja pinta con vino. Dice que, de alguna manera estaba","robots":{"index":"index","follow":"follow","max-snippet":"max-snippet:-1","max-image-preview":"max-image-preview:large","max-video-preview":"max-video-preview:-1"},"canonical":"https:\/\/www.bodegasprotos.com\/es\/general\/entrevista-a-sanja-jankovic-pintora-y-creadora-de-winerelle\/","og_locale":"es_ES","og_type":"article","og_title":"Entrevista a Sanja Jankovic, pintora y creadora de Winerelle - Bodegas Protos","og_description":"Por Saray Calvo Hablamos con la pintora Sanja Jankovic, creadora de la t\u00e9cnica Winerelle. Sanja pinta con vino. Dice que, de alguna manera estaba","og_url":"https:\/\/www.bodegasprotos.com\/es\/general\/entrevista-a-sanja-jankovic-pintora-y-creadora-de-winerelle\/","og_site_name":"Bodegas Protos","article_publisher":"https:\/\/www.facebook.com\/BodegasProtos","article_published_time":"2022-05-06T09:30:36+00:00","article_modified_time":"2022-05-06T13:37:26+00:00","og_image":[{"width":1440,"height":960,"url":"https:\/\/www.bodegasprotos.com\/wp-content\/uploads\/2022\/05\/Sanja-Winerelle-01.jpg","type":"image\/jpeg"}],"author":"Bodegas Protos (F)","twitter_card":"summary_large_image","twitter_creator":"@Bodegas_Protos","twitter_site":"@Bodegas_Protos","twitter_misc":{"Escrito por":"Bodegas Protos (F)","Tiempo de lectura":"9 minutos"},"schema":{"@context":"https:\/\/schema.org","@graph":[{"@type":"Article","@id":"https:\/\/www.bodegasprotos.com\/es\/general\/entrevista-a-sanja-jankovic-pintora-y-creadora-de-winerelle\/#article","isPartOf":{"@id":"https:\/\/www.bodegasprotos.com\/es\/general\/entrevista-a-sanja-jankovic-pintora-y-creadora-de-winerelle\/"},"author":{"name":"Bodegas Protos (F)","@id":"https:\/\/www.bodegasprotos.com\/es\/#\/schema\/person\/6cb69a08afa14171755cee0df7d20027"},"headline":"Entrevista a Sanja Jankovic, pintora y creadora de Winerelle","datePublished":"2022-05-06T09:30:36+00:00","dateModified":"2022-05-06T13:37:26+00:00","mainEntityOfPage":{"@id":"https:\/\/www.bodegasprotos.com\/es\/general\/entrevista-a-sanja-jankovic-pintora-y-creadora-de-winerelle\/"},"wordCount":1574,"publisher":{"@id":"https:\/\/www.bodegasprotos.com\/es\/#organization"},"image":{"@id":"https:\/\/www.bodegasprotos.com\/es\/general\/entrevista-a-sanja-jankovic-pintora-y-creadora-de-winerelle\/#primaryimage"},"thumbnailUrl":"https:\/\/www.bodegasprotos.com\/wp-content\/uploads\/2022\/05\/Sanja-Winerelle-01.jpg","articleSection":["Blog","General"],"inLanguage":"es"},{"@type":"WebPage","@id":"https:\/\/www.bodegasprotos.com\/es\/general\/entrevista-a-sanja-jankovic-pintora-y-creadora-de-winerelle\/","url":"https:\/\/www.bodegasprotos.com\/es\/general\/entrevista-a-sanja-jankovic-pintora-y-creadora-de-winerelle\/","name":"Entrevista a Sanja Jankovic, pintora y creadora de Winerelle - Bodegas Protos","isPartOf":{"@id":"https:\/\/www.bodegasprotos.com\/es\/#website"},"primaryImageOfPage":{"@id":"https:\/\/www.bodegasprotos.com\/es\/general\/entrevista-a-sanja-jankovic-pintora-y-creadora-de-winerelle\/#primaryimage"},"image":{"@id":"https:\/\/www.bodegasprotos.com\/es\/general\/entrevista-a-sanja-jankovic-pintora-y-creadora-de-winerelle\/#primaryimage"},"thumbnailUrl":"https:\/\/www.bodegasprotos.com\/wp-content\/uploads\/2022\/05\/Sanja-Winerelle-01.jpg","datePublished":"2022-05-06T09:30:36+00:00","dateModified":"2022-05-06T13:37:26+00:00","description":"Por Saray Calvo Hablamos con la pintora Sanja Jankovic, creadora de la t\u00e9cnica Winerelle. Sanja pinta con vino. Dice que, de alguna manera estaba","breadcrumb":{"@id":"https:\/\/www.bodegasprotos.com\/es\/general\/entrevista-a-sanja-jankovic-pintora-y-creadora-de-winerelle\/#breadcrumb"},"inLanguage":"es","potentialAction":[{"@type":"ReadAction","target":["https:\/\/www.bodegasprotos.com\/es\/general\/entrevista-a-sanja-jankovic-pintora-y-creadora-de-winerelle\/"]}]},{"@type":"ImageObject","inLanguage":"es","@id":"https:\/\/www.bodegasprotos.com\/es\/general\/entrevista-a-sanja-jankovic-pintora-y-creadora-de-winerelle\/#primaryimage","url":"https:\/\/www.bodegasprotos.com\/wp-content\/uploads\/2022\/05\/Sanja-Winerelle-01.jpg","contentUrl":"https:\/\/www.bodegasprotos.com\/wp-content\/uploads\/2022\/05\/Sanja-Winerelle-01.jpg","width":1440,"height":960},{"@type":"BreadcrumbList","@id":"https:\/\/www.bodegasprotos.com\/es\/general\/entrevista-a-sanja-jankovic-pintora-y-creadora-de-winerelle\/#breadcrumb","itemListElement":[{"@type":"ListItem","position":1,"name":"Portada","item":"https:\/\/www.bodegasprotos.com\/es\/"},{"@type":"ListItem","position":2,"name":"Entrevista a Sanja Jankovic, pintora y creadora de Winerelle"}]},{"@type":"WebSite","@id":"https:\/\/www.bodegasprotos.com\/es\/#website","url":"https:\/\/www.bodegasprotos.com\/es\/","name":"Bodegas Protos","description":"Vinos de la Denominaci\u00f3n de Origen Ribera del Duero, Rueda y Cigales","publisher":{"@id":"https:\/\/www.bodegasprotos.com\/es\/#organization"},"potentialAction":[{"@type":"SearchAction","target":{"@type":"EntryPoint","urlTemplate":"https:\/\/www.bodegasprotos.com\/es\/?s={search_term_string}"},"query-input":{"@type":"PropertyValueSpecification","valueRequired":true,"valueName":"search_term_string"}}],"inLanguage":"es"},{"@type":"Organization","@id":"https:\/\/www.bodegasprotos.com\/es\/#organization","name":"Bodegas Protos","url":"https:\/\/www.bodegasprotos.com\/es\/","logo":{"@type":"ImageObject","inLanguage":"es","@id":"https:\/\/www.bodegasprotos.com\/es\/#\/schema\/logo\/image\/","url":"https:\/\/www.bodegasprotos.com\/wp-content\/uploads\/2024\/06\/PROTOS-LOGOS-VERSIONES-13.png","contentUrl":"https:\/\/www.bodegasprotos.com\/wp-content\/uploads\/2024\/06\/PROTOS-LOGOS-VERSIONES-13.png","width":2362,"height":2362,"caption":"Bodegas Protos"},"image":{"@id":"https:\/\/www.bodegasprotos.com\/es\/#\/schema\/logo\/image\/"},"sameAs":["https:\/\/www.facebook.com\/BodegasProtos","https:\/\/x.com\/Bodegas_Protos","https:\/\/www.instagram.com\/bodegasprotosoficial\/","https:\/\/www.linkedin.com\/company\/bodegasprotos\/","https:\/\/pinterest.com\/BodegasProtos\/","http:\/\/www.youtube.com\/user\/BodegasProtos","https:\/\/es.wikipedia.org\/wiki\/Bodegas_Protos"]},{"@type":"Person","@id":"https:\/\/www.bodegasprotos.com\/es\/#\/schema\/person\/6cb69a08afa14171755cee0df7d20027","name":"Bodegas Protos (F)","image":{"@type":"ImageObject","inLanguage":"es","@id":"https:\/\/secure.gravatar.com\/avatar\/cc613a9fd2ee203f402357c1b4aa2b7c041016cbf1eab1e41bde410b2ebd7f94?s=96&d=mm&r=g","url":"https:\/\/secure.gravatar.com\/avatar\/cc613a9fd2ee203f402357c1b4aa2b7c041016cbf1eab1e41bde410b2ebd7f94?s=96&d=mm&r=g","contentUrl":"https:\/\/secure.gravatar.com\/avatar\/cc613a9fd2ee203f402357c1b4aa2b7c041016cbf1eab1e41bde410b2ebd7f94?s=96&d=mm&r=g","caption":"Bodegas Protos (F)"},"sameAs":["https:\/\/www.bodegasprotos.com"]}]}},"_links":{"self":[{"href":"https:\/\/www.bodegasprotos.com\/es\/wp-json\/wp\/v2\/posts\/34252","targetHints":{"allow":["GET"]}}],"collection":[{"href":"https:\/\/www.bodegasprotos.com\/es\/wp-json\/wp\/v2\/posts"}],"about":[{"href":"https:\/\/www.bodegasprotos.com\/es\/wp-json\/wp\/v2\/types\/post"}],"author":[{"embeddable":true,"href":"https:\/\/www.bodegasprotos.com\/es\/wp-json\/wp\/v2\/users\/3"}],"replies":[{"embeddable":true,"href":"https:\/\/www.bodegasprotos.com\/es\/wp-json\/wp\/v2\/comments?post=34252"}],"version-history":[{"count":0,"href":"https:\/\/www.bodegasprotos.com\/es\/wp-json\/wp\/v2\/posts\/34252\/revisions"}],"wp:featuredmedia":[{"embeddable":true,"href":"https:\/\/www.bodegasprotos.com\/es\/wp-json\/wp\/v2\/media\/34263"}],"wp:attachment":[{"href":"https:\/\/www.bodegasprotos.com\/es\/wp-json\/wp\/v2\/media?parent=34252"}],"wp:term":[{"taxonomy":"category","embeddable":true,"href":"https:\/\/www.bodegasprotos.com\/es\/wp-json\/wp\/v2\/categories?post=34252"},{"taxonomy":"post_tag","embeddable":true,"href":"https:\/\/www.bodegasprotos.com\/es\/wp-json\/wp\/v2\/tags?post=34252"}],"curies":[{"name":"wp","href":"https:\/\/api.w.org\/{rel}","templated":true}]}}