{"id":34245,"date":"2022-04-29T11:47:14","date_gmt":"2022-04-29T09:47:14","guid":{"rendered":"https:\/\/www.bodegasprotos.com\/?p=34245"},"modified":"2022-04-29T11:50:15","modified_gmt":"2022-04-29T09:50:15","slug":"reflexiones-con-un-vino-por-xavi-martinez-7","status":"publish","type":"post","link":"https:\/\/www.bodegasprotos.com\/es\/blog\/reflexiones-con-un-vino-por-xavi-martinez-7\/","title":{"rendered":"Reflexiones con un vino por Xavi Mart\u00ednez"},"content":{"rendered":"<h2><em>\u00bfD\u00f3nde est\u00e1 la verdad?<\/em><\/h2>\n<p>&nbsp;<\/p>\n<p><a href=\"https:\/\/www.bodegasprotos.com\/es\/vino\/crianza\/\">Copa de tinto en mano<\/a> y en uno de mis momentos favoritos, me encantar\u00eda compartir contigo un pensamiento que lleva tiempo rond\u00e1ndome: \u00bfD\u00f3nde est\u00e1 la verdad?<\/p>\n<p>La veo en los ojos de mi madre y en los gestos de mi padre. Est\u00e1 en las manos de mi hermano tocando el piano. Tambi\u00e9n la encuentro en esa pareja de ancianos que se sientan en el banco del parque y que siguen entrelazando sus dedos. Pero creo que cada d\u00eda me cuesta m\u00e1s encontrarla.<\/p>\n<p>De hecho, me planteo si yo mismo estar\u00e9 perdiendo autenticidad. Es el mundo que hemos construido. Fant\u00e1stico y apasionante en muchos aspectos, as\u00ed como fr\u00edo y superficial en tantos otros. Tal vez nos dejamos llevar por una corriente de pensamiento c\u00f3modo que nos convierte en ovejas de un mismo reba\u00f1o sin darnos cuenta. Pero creo que las personas que cambiaron algo en su vida y pudieron dejar huella (m\u00e1s grande o m\u00e1s peque\u00f1a) jam\u00e1s perdieron la verdad.<\/p>\n<p>\u00bfRecord\u00e1is cuando \u201cte doy mi palabra\u201d era mucho m\u00e1s que una firma en un contrato? Hoy nadie se f\u00eda de nadie. Hoy nadie sabe nada de nadie. Y hoy nadie conoce realmente a nadie. S\u00ed, estoy generalizando para acentuar mi catastrofista reflexi\u00f3n\u2026 Pero en realidad no lo es tanto. Porque tambi\u00e9n desde ese lugar se valora mucho m\u00e1s a los que trabajan por conseguir todo lo contrario. Los valientes de la verdad. Los que quieren ser una cosa y creen en ello aunque el mundo les intente convencer de poder transformarse cada d\u00eda, seg\u00fan mejor convenga.<\/p>\n<p>Cada vez soy m\u00e1s del poso y menos de todo lo que me reporta una sensaci\u00f3n de satisfacci\u00f3n inmediata y ef\u00edmera. Cada vez me hago m\u00e1s preguntas y cada vez escucho m\u00e1s, tal vez para intentar descartar o confirmar esa verdad tan cara a d\u00eda de hoy. Puede que lo que hoy crees como cierto ma\u00f1ana ya sea mentira, y viceversa.<\/p>\n<p>Ayer un gran amigo me recordaba algo muy importante, a trav\u00e9s de una frase extra\u00edda del libro que estaba leyendo en ese momento: \u201cNo existe mayor cansancio que el del esfuerzo de ser uno mismo en un horizonte en el que planea la promesa de poder ser cualquier cosa.\u201d<\/p>\n<p>Hoy brindo por ese esfuerzo.<\/p>\n","protected":false},"excerpt":{"rendered":"<p>\u00bfD\u00f3nde est\u00e1 la verdad? &nbsp; Copa de tinto en mano y en uno de mis momentos favoritos, me&#8230;<\/p>\n","protected":false},"author":3,"featured_media":34246,"comment_status":"closed","ping_status":"closed","sticky":false,"template":"","format":"standard","meta":{"_acf_changed":false,"footnotes":""},"categories":[87,1],"tags":[],"class_list":["post-34245","post","type-post","status-publish","format-standard","has-post-thumbnail","hentry","category-blog","category-general"],"acf":[],"yoast_head":"<!-- This site is optimized with the Yoast SEO plugin v27.5 - https:\/\/yoast.com\/product\/yoast-seo-wordpress\/ -->\n<title>Reflexiones con un vino por Xavi Mart\u00ednez - Bodegas Protos<\/title>\n<meta name=\"description\" content=\"\u00bfD\u00f3nde est\u00e1 la verdad? &nbsp; Copa de tinto en mano y en uno de mis momentos favoritos, me encantar\u00eda compartir contigo un pensamiento que lleva tiempo\" \/>\n<meta name=\"robots\" content=\"index, follow, max-snippet:-1, max-image-preview:large, max-video-preview:-1\" \/>\n<link rel=\"canonical\" href=\"https:\/\/www.bodegasprotos.com\/es\/blog\/reflexiones-con-un-vino-por-xavi-martinez-7\/\" \/>\n<meta property=\"og:locale\" content=\"es_ES\" \/>\n<meta property=\"og:type\" content=\"article\" \/>\n<meta property=\"og:title\" content=\"Reflexiones con un vino por Xavi Mart\u00ednez - Bodegas Protos\" \/>\n<meta property=\"og:description\" content=\"\u00bfD\u00f3nde est\u00e1 la verdad? &nbsp; Copa de tinto en mano y en uno de mis momentos favoritos, me encantar\u00eda compartir contigo un pensamiento que lleva tiempo\" \/>\n<meta property=\"og:url\" content=\"https:\/\/www.bodegasprotos.com\/es\/blog\/reflexiones-con-un-vino-por-xavi-martinez-7\/\" \/>\n<meta property=\"og:site_name\" content=\"Bodegas Protos\" \/>\n<meta property=\"article:publisher\" content=\"https:\/\/www.facebook.com\/BodegasProtos\" \/>\n<meta property=\"article:published_time\" content=\"2022-04-29T09:47:14+00:00\" \/>\n<meta property=\"article:modified_time\" content=\"2022-04-29T09:50:15+00:00\" \/>\n<meta property=\"og:image\" content=\"https:\/\/www.bodegasprotos.com\/wp-content\/uploads\/2022\/04\/Xavi.jpg\" \/>\n\t<meta property=\"og:image:width\" content=\"2447\" \/>\n\t<meta property=\"og:image:height\" content=\"2555\" \/>\n\t<meta property=\"og:image:type\" content=\"image\/jpeg\" \/>\n<meta name=\"author\" content=\"Bodegas Protos (F)\" \/>\n<meta name=\"twitter:card\" content=\"summary_large_image\" \/>\n<meta name=\"twitter:creator\" content=\"@Bodegas_Protos\" \/>\n<meta name=\"twitter:site\" content=\"@Bodegas_Protos\" \/>\n<meta name=\"twitter:label1\" content=\"Escrito por\" \/>\n\t<meta name=\"twitter:data1\" content=\"Bodegas Protos (F)\" \/>\n\t<meta name=\"twitter:label2\" content=\"Tiempo de lectura\" \/>\n\t<meta name=\"twitter:data2\" content=\"2 minutos\" \/>\n<script type=\"application\/ld+json\" class=\"yoast-schema-graph\">{\"@context\":\"https:\\\/\\\/schema.org\",\"@graph\":[{\"@type\":\"Article\",\"@id\":\"https:\\\/\\\/www.bodegasprotos.com\\\/es\\\/blog\\\/reflexiones-con-un-vino-por-xavi-martinez-7\\\/#article\",\"isPartOf\":{\"@id\":\"https:\\\/\\\/www.bodegasprotos.com\\\/es\\\/blog\\\/reflexiones-con-un-vino-por-xavi-martinez-7\\\/\"},\"author\":{\"name\":\"Bodegas Protos (F)\",\"@id\":\"https:\\\/\\\/www.bodegasprotos.com\\\/es\\\/#\\\/schema\\\/person\\\/6cb69a08afa14171755cee0df7d20027\"},\"headline\":\"Reflexiones con un vino por Xavi Mart\u00ednez\",\"datePublished\":\"2022-04-29T09:47:14+00:00\",\"dateModified\":\"2022-04-29T09:50:15+00:00\",\"mainEntityOfPage\":{\"@id\":\"https:\\\/\\\/www.bodegasprotos.com\\\/es\\\/blog\\\/reflexiones-con-un-vino-por-xavi-martinez-7\\\/\"},\"wordCount\":416,\"publisher\":{\"@id\":\"https:\\\/\\\/www.bodegasprotos.com\\\/es\\\/#organization\"},\"image\":{\"@id\":\"https:\\\/\\\/www.bodegasprotos.com\\\/es\\\/blog\\\/reflexiones-con-un-vino-por-xavi-martinez-7\\\/#primaryimage\"},\"thumbnailUrl\":\"https:\\\/\\\/www.bodegasprotos.com\\\/wp-content\\\/uploads\\\/2022\\\/04\\\/Xavi.jpg\",\"articleSection\":[\"Blog\",\"General\"],\"inLanguage\":\"es\"},{\"@type\":\"WebPage\",\"@id\":\"https:\\\/\\\/www.bodegasprotos.com\\\/es\\\/blog\\\/reflexiones-con-un-vino-por-xavi-martinez-7\\\/\",\"url\":\"https:\\\/\\\/www.bodegasprotos.com\\\/es\\\/blog\\\/reflexiones-con-un-vino-por-xavi-martinez-7\\\/\",\"name\":\"Reflexiones con un vino por Xavi Mart\u00ednez - Bodegas Protos\",\"isPartOf\":{\"@id\":\"https:\\\/\\\/www.bodegasprotos.com\\\/es\\\/#website\"},\"primaryImageOfPage\":{\"@id\":\"https:\\\/\\\/www.bodegasprotos.com\\\/es\\\/blog\\\/reflexiones-con-un-vino-por-xavi-martinez-7\\\/#primaryimage\"},\"image\":{\"@id\":\"https:\\\/\\\/www.bodegasprotos.com\\\/es\\\/blog\\\/reflexiones-con-un-vino-por-xavi-martinez-7\\\/#primaryimage\"},\"thumbnailUrl\":\"https:\\\/\\\/www.bodegasprotos.com\\\/wp-content\\\/uploads\\\/2022\\\/04\\\/Xavi.jpg\",\"datePublished\":\"2022-04-29T09:47:14+00:00\",\"dateModified\":\"2022-04-29T09:50:15+00:00\",\"description\":\"\u00bfD\u00f3nde est\u00e1 la verdad? &nbsp; Copa de tinto en mano y en uno de mis momentos favoritos, me encantar\u00eda compartir contigo un pensamiento que lleva tiempo\",\"breadcrumb\":{\"@id\":\"https:\\\/\\\/www.bodegasprotos.com\\\/es\\\/blog\\\/reflexiones-con-un-vino-por-xavi-martinez-7\\\/#breadcrumb\"},\"inLanguage\":\"es\",\"potentialAction\":[{\"@type\":\"ReadAction\",\"target\":[\"https:\\\/\\\/www.bodegasprotos.com\\\/es\\\/blog\\\/reflexiones-con-un-vino-por-xavi-martinez-7\\\/\"]}]},{\"@type\":\"ImageObject\",\"inLanguage\":\"es\",\"@id\":\"https:\\\/\\\/www.bodegasprotos.com\\\/es\\\/blog\\\/reflexiones-con-un-vino-por-xavi-martinez-7\\\/#primaryimage\",\"url\":\"https:\\\/\\\/www.bodegasprotos.com\\\/wp-content\\\/uploads\\\/2022\\\/04\\\/Xavi.jpg\",\"contentUrl\":\"https:\\\/\\\/www.bodegasprotos.com\\\/wp-content\\\/uploads\\\/2022\\\/04\\\/Xavi.jpg\",\"width\":2447,\"height\":2555},{\"@type\":\"BreadcrumbList\",\"@id\":\"https:\\\/\\\/www.bodegasprotos.com\\\/es\\\/blog\\\/reflexiones-con-un-vino-por-xavi-martinez-7\\\/#breadcrumb\",\"itemListElement\":[{\"@type\":\"ListItem\",\"position\":1,\"name\":\"Portada\",\"item\":\"https:\\\/\\\/www.bodegasprotos.com\\\/es\\\/\"},{\"@type\":\"ListItem\",\"position\":2,\"name\":\"Reflexiones con un vino por Xavi Mart\u00ednez\"}]},{\"@type\":\"WebSite\",\"@id\":\"https:\\\/\\\/www.bodegasprotos.com\\\/es\\\/#website\",\"url\":\"https:\\\/\\\/www.bodegasprotos.com\\\/es\\\/\",\"name\":\"Bodegas Protos\",\"description\":\"Vinos de la Denominaci\u00f3n de Origen Ribera del Duero, Rueda y Cigales\",\"publisher\":{\"@id\":\"https:\\\/\\\/www.bodegasprotos.com\\\/es\\\/#organization\"},\"potentialAction\":[{\"@type\":\"SearchAction\",\"target\":{\"@type\":\"EntryPoint\",\"urlTemplate\":\"https:\\\/\\\/www.bodegasprotos.com\\\/es\\\/?s={search_term_string}\"},\"query-input\":{\"@type\":\"PropertyValueSpecification\",\"valueRequired\":true,\"valueName\":\"search_term_string\"}}],\"inLanguage\":\"es\"},{\"@type\":\"Organization\",\"@id\":\"https:\\\/\\\/www.bodegasprotos.com\\\/es\\\/#organization\",\"name\":\"Bodegas Protos\",\"url\":\"https:\\\/\\\/www.bodegasprotos.com\\\/es\\\/\",\"logo\":{\"@type\":\"ImageObject\",\"inLanguage\":\"es\",\"@id\":\"https:\\\/\\\/www.bodegasprotos.com\\\/es\\\/#\\\/schema\\\/logo\\\/image\\\/\",\"url\":\"https:\\\/\\\/www.bodegasprotos.com\\\/wp-content\\\/uploads\\\/2024\\\/06\\\/PROTOS-LOGOS-VERSIONES-13.png\",\"contentUrl\":\"https:\\\/\\\/www.bodegasprotos.com\\\/wp-content\\\/uploads\\\/2024\\\/06\\\/PROTOS-LOGOS-VERSIONES-13.png\",\"width\":2362,\"height\":2362,\"caption\":\"Bodegas Protos\"},\"image\":{\"@id\":\"https:\\\/\\\/www.bodegasprotos.com\\\/es\\\/#\\\/schema\\\/logo\\\/image\\\/\"},\"sameAs\":[\"https:\\\/\\\/www.facebook.com\\\/BodegasProtos\",\"https:\\\/\\\/x.com\\\/Bodegas_Protos\",\"https:\\\/\\\/www.instagram.com\\\/bodegasprotosoficial\\\/\",\"https:\\\/\\\/www.linkedin.com\\\/company\\\/bodegasprotos\\\/\",\"https:\\\/\\\/pinterest.com\\\/BodegasProtos\\\/\",\"http:\\\/\\\/www.youtube.com\\\/user\\\/BodegasProtos\",\"https:\\\/\\\/es.wikipedia.org\\\/wiki\\\/Bodegas_Protos\"]},{\"@type\":\"Person\",\"@id\":\"https:\\\/\\\/www.bodegasprotos.com\\\/es\\\/#\\\/schema\\\/person\\\/6cb69a08afa14171755cee0df7d20027\",\"name\":\"Bodegas Protos (F)\",\"image\":{\"@type\":\"ImageObject\",\"inLanguage\":\"es\",\"@id\":\"https:\\\/\\\/secure.gravatar.com\\\/avatar\\\/cc613a9fd2ee203f402357c1b4aa2b7c041016cbf1eab1e41bde410b2ebd7f94?s=96&d=mm&r=g\",\"url\":\"https:\\\/\\\/secure.gravatar.com\\\/avatar\\\/cc613a9fd2ee203f402357c1b4aa2b7c041016cbf1eab1e41bde410b2ebd7f94?s=96&d=mm&r=g\",\"contentUrl\":\"https:\\\/\\\/secure.gravatar.com\\\/avatar\\\/cc613a9fd2ee203f402357c1b4aa2b7c041016cbf1eab1e41bde410b2ebd7f94?s=96&d=mm&r=g\",\"caption\":\"Bodegas Protos (F)\"},\"sameAs\":[\"https:\\\/\\\/www.bodegasprotos.com\"]}]}<\/script>\n<!-- \/ Yoast SEO plugin. -->","yoast_head_json":{"title":"Reflexiones con un vino por Xavi Mart\u00ednez - Bodegas Protos","description":"\u00bfD\u00f3nde est\u00e1 la verdad? &nbsp; Copa de tinto en mano y en uno de mis momentos favoritos, me encantar\u00eda compartir contigo un pensamiento que lleva tiempo","robots":{"index":"index","follow":"follow","max-snippet":"max-snippet:-1","max-image-preview":"max-image-preview:large","max-video-preview":"max-video-preview:-1"},"canonical":"https:\/\/www.bodegasprotos.com\/es\/blog\/reflexiones-con-un-vino-por-xavi-martinez-7\/","og_locale":"es_ES","og_type":"article","og_title":"Reflexiones con un vino por Xavi Mart\u00ednez - Bodegas Protos","og_description":"\u00bfD\u00f3nde est\u00e1 la verdad? &nbsp; Copa de tinto en mano y en uno de mis momentos favoritos, me encantar\u00eda compartir contigo un pensamiento que lleva tiempo","og_url":"https:\/\/www.bodegasprotos.com\/es\/blog\/reflexiones-con-un-vino-por-xavi-martinez-7\/","og_site_name":"Bodegas Protos","article_publisher":"https:\/\/www.facebook.com\/BodegasProtos","article_published_time":"2022-04-29T09:47:14+00:00","article_modified_time":"2022-04-29T09:50:15+00:00","og_image":[{"width":2447,"height":2555,"url":"https:\/\/www.bodegasprotos.com\/wp-content\/uploads\/2022\/04\/Xavi.jpg","type":"image\/jpeg"}],"author":"Bodegas Protos (F)","twitter_card":"summary_large_image","twitter_creator":"@Bodegas_Protos","twitter_site":"@Bodegas_Protos","twitter_misc":{"Escrito por":"Bodegas Protos (F)","Tiempo de lectura":"2 minutos"},"schema":{"@context":"https:\/\/schema.org","@graph":[{"@type":"Article","@id":"https:\/\/www.bodegasprotos.com\/es\/blog\/reflexiones-con-un-vino-por-xavi-martinez-7\/#article","isPartOf":{"@id":"https:\/\/www.bodegasprotos.com\/es\/blog\/reflexiones-con-un-vino-por-xavi-martinez-7\/"},"author":{"name":"Bodegas Protos (F)","@id":"https:\/\/www.bodegasprotos.com\/es\/#\/schema\/person\/6cb69a08afa14171755cee0df7d20027"},"headline":"Reflexiones con un vino por Xavi Mart\u00ednez","datePublished":"2022-04-29T09:47:14+00:00","dateModified":"2022-04-29T09:50:15+00:00","mainEntityOfPage":{"@id":"https:\/\/www.bodegasprotos.com\/es\/blog\/reflexiones-con-un-vino-por-xavi-martinez-7\/"},"wordCount":416,"publisher":{"@id":"https:\/\/www.bodegasprotos.com\/es\/#organization"},"image":{"@id":"https:\/\/www.bodegasprotos.com\/es\/blog\/reflexiones-con-un-vino-por-xavi-martinez-7\/#primaryimage"},"thumbnailUrl":"https:\/\/www.bodegasprotos.com\/wp-content\/uploads\/2022\/04\/Xavi.jpg","articleSection":["Blog","General"],"inLanguage":"es"},{"@type":"WebPage","@id":"https:\/\/www.bodegasprotos.com\/es\/blog\/reflexiones-con-un-vino-por-xavi-martinez-7\/","url":"https:\/\/www.bodegasprotos.com\/es\/blog\/reflexiones-con-un-vino-por-xavi-martinez-7\/","name":"Reflexiones con un vino por Xavi Mart\u00ednez - Bodegas Protos","isPartOf":{"@id":"https:\/\/www.bodegasprotos.com\/es\/#website"},"primaryImageOfPage":{"@id":"https:\/\/www.bodegasprotos.com\/es\/blog\/reflexiones-con-un-vino-por-xavi-martinez-7\/#primaryimage"},"image":{"@id":"https:\/\/www.bodegasprotos.com\/es\/blog\/reflexiones-con-un-vino-por-xavi-martinez-7\/#primaryimage"},"thumbnailUrl":"https:\/\/www.bodegasprotos.com\/wp-content\/uploads\/2022\/04\/Xavi.jpg","datePublished":"2022-04-29T09:47:14+00:00","dateModified":"2022-04-29T09:50:15+00:00","description":"\u00bfD\u00f3nde est\u00e1 la verdad? &nbsp; Copa de tinto en mano y en uno de mis momentos favoritos, me encantar\u00eda compartir contigo un pensamiento que lleva tiempo","breadcrumb":{"@id":"https:\/\/www.bodegasprotos.com\/es\/blog\/reflexiones-con-un-vino-por-xavi-martinez-7\/#breadcrumb"},"inLanguage":"es","potentialAction":[{"@type":"ReadAction","target":["https:\/\/www.bodegasprotos.com\/es\/blog\/reflexiones-con-un-vino-por-xavi-martinez-7\/"]}]},{"@type":"ImageObject","inLanguage":"es","@id":"https:\/\/www.bodegasprotos.com\/es\/blog\/reflexiones-con-un-vino-por-xavi-martinez-7\/#primaryimage","url":"https:\/\/www.bodegasprotos.com\/wp-content\/uploads\/2022\/04\/Xavi.jpg","contentUrl":"https:\/\/www.bodegasprotos.com\/wp-content\/uploads\/2022\/04\/Xavi.jpg","width":2447,"height":2555},{"@type":"BreadcrumbList","@id":"https:\/\/www.bodegasprotos.com\/es\/blog\/reflexiones-con-un-vino-por-xavi-martinez-7\/#breadcrumb","itemListElement":[{"@type":"ListItem","position":1,"name":"Portada","item":"https:\/\/www.bodegasprotos.com\/es\/"},{"@type":"ListItem","position":2,"name":"Reflexiones con un vino por Xavi Mart\u00ednez"}]},{"@type":"WebSite","@id":"https:\/\/www.bodegasprotos.com\/es\/#website","url":"https:\/\/www.bodegasprotos.com\/es\/","name":"Bodegas Protos","description":"Vinos de la Denominaci\u00f3n de Origen Ribera del Duero, Rueda y Cigales","publisher":{"@id":"https:\/\/www.bodegasprotos.com\/es\/#organization"},"potentialAction":[{"@type":"SearchAction","target":{"@type":"EntryPoint","urlTemplate":"https:\/\/www.bodegasprotos.com\/es\/?s={search_term_string}"},"query-input":{"@type":"PropertyValueSpecification","valueRequired":true,"valueName":"search_term_string"}}],"inLanguage":"es"},{"@type":"Organization","@id":"https:\/\/www.bodegasprotos.com\/es\/#organization","name":"Bodegas Protos","url":"https:\/\/www.bodegasprotos.com\/es\/","logo":{"@type":"ImageObject","inLanguage":"es","@id":"https:\/\/www.bodegasprotos.com\/es\/#\/schema\/logo\/image\/","url":"https:\/\/www.bodegasprotos.com\/wp-content\/uploads\/2024\/06\/PROTOS-LOGOS-VERSIONES-13.png","contentUrl":"https:\/\/www.bodegasprotos.com\/wp-content\/uploads\/2024\/06\/PROTOS-LOGOS-VERSIONES-13.png","width":2362,"height":2362,"caption":"Bodegas Protos"},"image":{"@id":"https:\/\/www.bodegasprotos.com\/es\/#\/schema\/logo\/image\/"},"sameAs":["https:\/\/www.facebook.com\/BodegasProtos","https:\/\/x.com\/Bodegas_Protos","https:\/\/www.instagram.com\/bodegasprotosoficial\/","https:\/\/www.linkedin.com\/company\/bodegasprotos\/","https:\/\/pinterest.com\/BodegasProtos\/","http:\/\/www.youtube.com\/user\/BodegasProtos","https:\/\/es.wikipedia.org\/wiki\/Bodegas_Protos"]},{"@type":"Person","@id":"https:\/\/www.bodegasprotos.com\/es\/#\/schema\/person\/6cb69a08afa14171755cee0df7d20027","name":"Bodegas Protos (F)","image":{"@type":"ImageObject","inLanguage":"es","@id":"https:\/\/secure.gravatar.com\/avatar\/cc613a9fd2ee203f402357c1b4aa2b7c041016cbf1eab1e41bde410b2ebd7f94?s=96&d=mm&r=g","url":"https:\/\/secure.gravatar.com\/avatar\/cc613a9fd2ee203f402357c1b4aa2b7c041016cbf1eab1e41bde410b2ebd7f94?s=96&d=mm&r=g","contentUrl":"https:\/\/secure.gravatar.com\/avatar\/cc613a9fd2ee203f402357c1b4aa2b7c041016cbf1eab1e41bde410b2ebd7f94?s=96&d=mm&r=g","caption":"Bodegas Protos (F)"},"sameAs":["https:\/\/www.bodegasprotos.com"]}]}},"_links":{"self":[{"href":"https:\/\/www.bodegasprotos.com\/es\/wp-json\/wp\/v2\/posts\/34245","targetHints":{"allow":["GET"]}}],"collection":[{"href":"https:\/\/www.bodegasprotos.com\/es\/wp-json\/wp\/v2\/posts"}],"about":[{"href":"https:\/\/www.bodegasprotos.com\/es\/wp-json\/wp\/v2\/types\/post"}],"author":[{"embeddable":true,"href":"https:\/\/www.bodegasprotos.com\/es\/wp-json\/wp\/v2\/users\/3"}],"replies":[{"embeddable":true,"href":"https:\/\/www.bodegasprotos.com\/es\/wp-json\/wp\/v2\/comments?post=34245"}],"version-history":[{"count":0,"href":"https:\/\/www.bodegasprotos.com\/es\/wp-json\/wp\/v2\/posts\/34245\/revisions"}],"wp:featuredmedia":[{"embeddable":true,"href":"https:\/\/www.bodegasprotos.com\/es\/wp-json\/wp\/v2\/media\/34246"}],"wp:attachment":[{"href":"https:\/\/www.bodegasprotos.com\/es\/wp-json\/wp\/v2\/media?parent=34245"}],"wp:term":[{"taxonomy":"category","embeddable":true,"href":"https:\/\/www.bodegasprotos.com\/es\/wp-json\/wp\/v2\/categories?post=34245"},{"taxonomy":"post_tag","embeddable":true,"href":"https:\/\/www.bodegasprotos.com\/es\/wp-json\/wp\/v2\/tags?post=34245"}],"curies":[{"name":"wp","href":"https:\/\/api.w.org\/{rel}","templated":true}]}}