{"id":34227,"date":"2022-04-22T11:30:51","date_gmt":"2022-04-22T09:30:51","guid":{"rendered":"https:\/\/www.bodegasprotos.com\/?p=34227"},"modified":"2022-04-21T08:05:46","modified_gmt":"2022-04-21T06:05:46","slug":"vinedos-urbanos","status":"publish","type":"post","link":"https:\/\/www.bodegasprotos.com\/es\/blog\/vinedos-urbanos\/","title":{"rendered":"Vi\u00f1edos urbanos"},"content":{"rendered":"<p>Desde hace ya algunos a\u00f1os, existe la moda de plantar huertos urbanos, e incluso, algunos se han animado a producir su propia miel instalando panales de abejas en las azoteas de los edificios.<\/p>\n<p>Bien, no era de extra\u00f1ar que adem\u00e1s de poder contar con nuestra propia producci\u00f3n de tomates, zanahorias, lechugas, etc., e incluso, miel, pudi\u00e9ramos elaborar nuestro propio vino.<\/p>\n<p>A ciudades como Nueva York, que fue la pionera en vi\u00f1edos urbanos, se han unido otras grandes urbes como Madrid, Mil\u00e1n, Viena, Merlbourne, San Francisco o Venecia, entre muchas otras, para crear estos vi\u00f1edos tan urbanitas.<\/p>\n<p>Para los grandes amantes del vino, poder producir su propio vino resultar\u00eda un sue\u00f1o, pero \u00bfrealmente, se puede elaborar un buen vino? \u00bfLas vides se conservan bien en entornos urbanos? \u00bfC\u00f3mo podemos cuidarlas para sacar el mejor partido?&#8230;<\/p>\n<p>Antes de desvelarte todos estos secretos, vamos a mostrarte algunos de los ejemplos de vi\u00f1edos urbanos que podemos encontrar en ciudades como Nueva York, Madrid, o Par\u00eds.<\/p>\n<h2><strong>Un skyline entre vi\u00f1edos<\/strong><\/h2>\n<h3><strong>Desde una azotea de Brooklyn<\/strong><\/h3>\n<p>Parec\u00eda imposible que los productos que <a href=\"https:\/\/www.bodegasprotos.com\/es\/el-terruno-de-protos\/\">nos dan la tierra<\/a> pudieran extrapolarse al asfalto, pero s\u00ed, desde hace tiempo, como coment\u00e1bamos existen huertos urbanos, que muchos han decidido implantar en sus terrazas y azoteas. El vino no iba a ser menos y es por esto, que un grupo de visionarios neoyorquinos se decidieron a emprender esta aventura, creando el primer vi\u00f1edo urbano del mundo.<\/p>\n<p>Este proyecto comenz\u00f3 en el a\u00f1o 2015, en una azotea de Brooklyn. Devin Shomaker junto con su hermano Thomas y su socia Chris Papalia son los fundadores de <a href=\"https:\/\/www.rooftopreds.com\/\">Rooftopeds<\/a>.<\/p>\n<p>Para el proyecto contaron con la colaboraci\u00f3n de la Universidad de Cornell y de la Destiler\u00eda Finger Lakes, quienes les ayudaron a montar este vi\u00f1edo en las alturas.<\/p>\n<p>En una azotea de 13.000m2 en los antiguos astilleros de Brooklyn, comenz\u00f3 lo que, sin duda, se ha convertido hoy, en uno de los vi\u00f1edos urbanos m\u00e1s importantes y visitados, que, cuenta, adem\u00e1s, con una gran cantidad de actividades l\u00fadicas relacionadas con el mundo del vino.<\/p>\n<div id=\"attachment_34216\" style=\"width: 384px\" class=\"wp-caption aligncenter\"><img fetchpriority=\"high\" decoding=\"async\" aria-describedby=\"caption-attachment-34216\" class=\"wp-image-34216\" src=\"https:\/\/www.bodegasprotos.com\/wp-content\/uploads\/2022\/04\/42141988255_e81fd52f9b_k-300x200.jpg\" alt=\"\" width=\"374\" height=\"249\" srcset=\"https:\/\/www.bodegasprotos.com\/wp-content\/uploads\/2022\/04\/42141988255_e81fd52f9b_k-300x200.jpg 300w, https:\/\/www.bodegasprotos.com\/wp-content\/uploads\/2022\/04\/42141988255_e81fd52f9b_k-1024x683.jpg 1024w, https:\/\/www.bodegasprotos.com\/wp-content\/uploads\/2022\/04\/42141988255_e81fd52f9b_k-768x512.jpg 768w, https:\/\/www.bodegasprotos.com\/wp-content\/uploads\/2022\/04\/42141988255_e81fd52f9b_k-1536x1024.jpg 1536w, https:\/\/www.bodegasprotos.com\/wp-content\/uploads\/2022\/04\/42141988255_e81fd52f9b_k.jpg 2048w\" sizes=\"(max-width: 374px) 100vw, 374px\" \/><p id=\"caption-attachment-34216\" class=\"wp-caption-text\"><strong>Flickr<\/strong><\/p><\/div>\n<div id=\"attachment_34214\" style=\"width: 375px\" class=\"wp-caption aligncenter\"><img decoding=\"async\" aria-describedby=\"caption-attachment-34214\" class=\"wp-image-34214\" src=\"https:\/\/www.bodegasprotos.com\/wp-content\/uploads\/2022\/04\/28175469367_68ba7d503e_o-300x200.jpg\" alt=\"\" width=\"365\" height=\"244\" srcset=\"https:\/\/www.bodegasprotos.com\/wp-content\/uploads\/2022\/04\/28175469367_68ba7d503e_o-300x200.jpg 300w, https:\/\/www.bodegasprotos.com\/wp-content\/uploads\/2022\/04\/28175469367_68ba7d503e_o-1024x683.jpg 1024w, https:\/\/www.bodegasprotos.com\/wp-content\/uploads\/2022\/04\/28175469367_68ba7d503e_o-768x512.jpg 768w, https:\/\/www.bodegasprotos.com\/wp-content\/uploads\/2022\/04\/28175469367_68ba7d503e_o-1536x1024.jpg 1536w, https:\/\/www.bodegasprotos.com\/wp-content\/uploads\/2022\/04\/28175469367_68ba7d503e_o-2048x1365.jpg 2048w\" sizes=\"(max-width: 365px) 100vw, 365px\" \/><p id=\"caption-attachment-34214\" class=\"wp-caption-text\">Flickr<\/p><\/div>\n<h3><strong>De Madrid al cielo<\/strong><\/h3>\n<p>En pleno barrio de Salamanca, en el Hotel Wellington se encuentra el primer vi\u00f1edo de Madrid. Una azotea de 45m2 en la que se encuentran plantadas vides de diversas variedades como Air\u00e9n, Viura, Verdejo o Albari\u00f1o, Tempranillo, Garnacha tinta o Monastrell.<\/p>\n<p>Estas vides se plantaron tanto en vaso, espaldera y parral para contar con los tres sistemas de conducci\u00f3n m\u00e1s representativos de Espa\u00f1a.<\/p>\n<p>El proyecto comenz\u00f3 en la primavera de 2016, y la primera vendimia tuvo lugar dos a\u00f1os m\u00e1s tarde, en 2018, a\u00f1o en el que recogieron 150 kg de uva. Esta vendimia dio lugar a dos vinos: uno tinto elaborado con tempranillo y garnacha y uno blanco, con las variedades verdejo y moscatel.<\/p>\n<h3><strong>Un vi\u00f1edo con vistas al Sacr\u00e9-Coeur<\/strong><\/h3>\n<p>En Montmatre se encuentra el que, sin duda, es el vi\u00f1edo \u201curbano\u201d m\u00e1s antiguo, ya que en las inmediaciones de la famosa y maravillosa Bas\u00edlica del Sagrado Coraz\u00f3n en Montmatre, los visitantes pueden descubrir una terraza que alberga un vi\u00f1edo urbano, el <a href=\"https:\/\/es.parisinfo.com\/transportes\/73255\/Clos-Montmartre-Vigne-de-Montmartre\">Clos Montmartre de Par\u00eds<\/a>. De hecho, es el \u00fanico que queda de una gran cantidad de vi\u00f1edos urbanos que se plantaron en Par\u00eds hasta los a\u00f1os 50.<\/p>\n<p>Este vi\u00f1edo produc\u00eda vino de poca calidad y cantidad. Fue en el a\u00f1o 1980, cuando se impuls\u00f3 el vi\u00f1edo, convirti\u00e9ndose en la sede de la fiesta anual de la vendimia, y desde entonces, el p\u00fablico puede visitarla durante una semana, a finales de septiembre.<\/p>\n<p>Hoy en d\u00eda, la producci\u00f3n de el Clos es de mil botellas anuales, que son subastadas para financiar distintos proyectos del distrito 18 de Par\u00eds.<\/p>\n<p>&nbsp;<\/p>\n<div id=\"attachment_34228\" style=\"width: 372px\" class=\"wp-caption aligncenter\"><img decoding=\"async\" aria-describedby=\"caption-attachment-34228\" class=\"wp-image-34228 \" src=\"https:\/\/www.bodegasprotos.com\/wp-content\/uploads\/2022\/04\/8189211422_f12b8b1c08_o-300x200.jpg\" alt=\"\" width=\"362\" height=\"241\" srcset=\"https:\/\/www.bodegasprotos.com\/wp-content\/uploads\/2022\/04\/8189211422_f12b8b1c08_o-300x200.jpg 300w, https:\/\/www.bodegasprotos.com\/wp-content\/uploads\/2022\/04\/8189211422_f12b8b1c08_o-1024x683.jpg 1024w, https:\/\/www.bodegasprotos.com\/wp-content\/uploads\/2022\/04\/8189211422_f12b8b1c08_o-768x513.jpg 768w, https:\/\/www.bodegasprotos.com\/wp-content\/uploads\/2022\/04\/8189211422_f12b8b1c08_o-1536x1025.jpg 1536w, https:\/\/www.bodegasprotos.com\/wp-content\/uploads\/2022\/04\/8189211422_f12b8b1c08_o-2048x1367.jpg 2048w\" sizes=\"(max-width: 362px) 100vw, 362px\" \/><p id=\"caption-attachment-34228\" class=\"wp-caption-text\"><strong>Flickr<\/strong><\/p><\/div>\n<h2><strong>\u00a0<\/strong><img loading=\"lazy\" decoding=\"async\" class=\"wp-image-34232 aligncenter\" style=\"font-size: 16px;\" src=\"https:\/\/www.bodegasprotos.com\/wp-content\/uploads\/2022\/04\/8189343754_98c20338de_c-300x200.jpg\" alt=\"\" width=\"362\" height=\"241\" srcset=\"https:\/\/www.bodegasprotos.com\/wp-content\/uploads\/2022\/04\/8189343754_98c20338de_c-300x200.jpg 300w, https:\/\/www.bodegasprotos.com\/wp-content\/uploads\/2022\/04\/8189343754_98c20338de_c-768x513.jpg 768w, https:\/\/www.bodegasprotos.com\/wp-content\/uploads\/2022\/04\/8189343754_98c20338de_c.jpg 800w\" sizes=\"(max-width: 362px) 100vw, 362px\" \/><\/h2>\n<p>Flickr<\/p>\n<h2><strong>\u00bfC\u00f3mo tener un vi\u00f1edo urbano?<\/strong><\/h2>\n<p>Ya hemos visto que s\u00ed es posible elaborar vino y tener un vi\u00f1edo en la ciudad. El gran desaf\u00edo que surge es producir un buen vino, e igual que sucede en el campo, lo m\u00e1s importante es la tierra, la orientaci\u00f3n y el riego.<\/p>\n<p>Al estar situado en una azotea o terraza, y no contar con un suelo con la suficiente profundidad ni dimensiones, hay que aplicar una serie de t\u00e9cnicas espec\u00edficas para su mantenimiento y cuidado para conseguir ese ansiado buen vino.<\/p>\n<p><img loading=\"lazy\" decoding=\"async\" class=\"aligncenter size-medium wp-image-34234\" src=\"https:\/\/www.bodegasprotos.com\/wp-content\/uploads\/2022\/04\/neslihan-gunaydin-BduDcrySLKM-unsplash-300x200.jpg\" alt=\"\" width=\"300\" height=\"200\" srcset=\"https:\/\/www.bodegasprotos.com\/wp-content\/uploads\/2022\/04\/neslihan-gunaydin-BduDcrySLKM-unsplash-300x200.jpg 300w, https:\/\/www.bodegasprotos.com\/wp-content\/uploads\/2022\/04\/neslihan-gunaydin-BduDcrySLKM-unsplash-1024x683.jpg 1024w, https:\/\/www.bodegasprotos.com\/wp-content\/uploads\/2022\/04\/neslihan-gunaydin-BduDcrySLKM-unsplash-768x512.jpg 768w, https:\/\/www.bodegasprotos.com\/wp-content\/uploads\/2022\/04\/neslihan-gunaydin-BduDcrySLKM-unsplash-1536x1024.jpg 1536w, https:\/\/www.bodegasprotos.com\/wp-content\/uploads\/2022\/04\/neslihan-gunaydin-BduDcrySLKM-unsplash-2048x1365.jpg 2048w\" sizes=\"(max-width: 300px) 100vw, 300px\" \/><\/p>\n<p>En <a href=\"https:\/\/www.vitivinicultura.net\/vinedo-urbano.html\">este enlace<\/a>, encontrar\u00e9is tips muy interesantes para lograrlo, aunque os destacamos algunos de los m\u00e1s importantes:<\/p>\n<ul>\n<li>Orientaci\u00f3n: es importante que las vides est\u00e9n situadas al sol.<\/li>\n<li>Suelo: lo ideal es colocar macetas con una capacidad m\u00ednima de 50 litros y al menos 40 cent\u00edmetros de profundidad. En la parte baja de la maceta, depositar piedras de peque\u00f1o tama\u00f1o para asegurar el drenaje.<\/li>\n<li>Importante dejar una buena separaci\u00f3n entre las macetas.<\/li>\n<li>Inclinaci\u00f3n suficiente para que el agua sobrante del riego se escurra.<\/li>\n<li>Posibilidad de instalar un riego por goteo y si no es posible regar manualmente.<\/li>\n<\/ul>\n<p>As\u00ed que ya sabes, si cuentas con una buena azotea o una amplia terraza y eres un apasionado del mundo del vino, puedes crear tu propio vi\u00f1edo y sorprender a tus seres queridos con un vino, esta vez, de tu propia cosecha \ud83d\ude09<\/p>\n","protected":false},"excerpt":{"rendered":"<p>Desde hace ya algunos a\u00f1os, existe la moda de plantar huertos urbanos, e incluso, algunos se han animado&#8230;<\/p>\n","protected":false},"author":3,"featured_media":34218,"comment_status":"closed","ping_status":"closed","sticky":false,"template":"","format":"standard","meta":{"_acf_changed":false,"footnotes":""},"categories":[87,1],"tags":[],"class_list":["post-34227","post","type-post","status-publish","format-standard","has-post-thumbnail","hentry","category-blog","category-general"],"acf":[],"yoast_head":"<!-- This site is optimized with the Yoast SEO plugin v27.5 - https:\/\/yoast.com\/product\/yoast-seo-wordpress\/ -->\n<title>Vi\u00f1edos urbanos - Bodegas Protos<\/title>\n<meta name=\"description\" content=\"Desde hace ya algunos a\u00f1os, existe la moda de plantar huertos urbanos, e incluso, algunos se han animado a producir su propia miel instalando panales de\" \/>\n<meta name=\"robots\" content=\"index, follow, max-snippet:-1, max-image-preview:large, max-video-preview:-1\" \/>\n<link rel=\"canonical\" href=\"https:\/\/www.bodegasprotos.com\/es\/blog\/vinedos-urbanos\/\" \/>\n<meta property=\"og:locale\" content=\"es_ES\" \/>\n<meta property=\"og:type\" content=\"article\" \/>\n<meta property=\"og:title\" content=\"Vi\u00f1edos urbanos - Bodegas Protos\" \/>\n<meta property=\"og:description\" content=\"Desde hace ya algunos a\u00f1os, existe la moda de plantar huertos urbanos, e incluso, algunos se han animado a producir su propia miel instalando panales de\" \/>\n<meta property=\"og:url\" content=\"https:\/\/www.bodegasprotos.com\/es\/blog\/vinedos-urbanos\/\" \/>\n<meta property=\"og:site_name\" content=\"Bodegas Protos\" \/>\n<meta property=\"article:publisher\" content=\"https:\/\/www.facebook.com\/BodegasProtos\" \/>\n<meta property=\"article:published_time\" content=\"2022-04-22T09:30:51+00:00\" \/>\n<meta property=\"og:image\" content=\"https:\/\/www.bodegasprotos.com\/wp-content\/uploads\/2022\/04\/42142000405_6075fcc4db_k.jpg\" \/>\n\t<meta property=\"og:image:width\" content=\"2048\" \/>\n\t<meta property=\"og:image:height\" content=\"1365\" \/>\n\t<meta property=\"og:image:type\" content=\"image\/jpeg\" \/>\n<meta name=\"author\" content=\"Bodegas Protos (F)\" \/>\n<meta name=\"twitter:card\" content=\"summary_large_image\" \/>\n<meta name=\"twitter:creator\" content=\"@Bodegas_Protos\" \/>\n<meta name=\"twitter:site\" content=\"@Bodegas_Protos\" \/>\n<meta name=\"twitter:label1\" content=\"Escrito por\" \/>\n\t<meta name=\"twitter:data1\" content=\"Bodegas Protos (F)\" \/>\n\t<meta name=\"twitter:label2\" content=\"Tiempo de lectura\" \/>\n\t<meta name=\"twitter:data2\" content=\"5 minutos\" \/>\n<script type=\"application\/ld+json\" class=\"yoast-schema-graph\">{\"@context\":\"https:\\\/\\\/schema.org\",\"@graph\":[{\"@type\":\"Article\",\"@id\":\"https:\\\/\\\/www.bodegasprotos.com\\\/es\\\/blog\\\/vinedos-urbanos\\\/#article\",\"isPartOf\":{\"@id\":\"https:\\\/\\\/www.bodegasprotos.com\\\/es\\\/blog\\\/vinedos-urbanos\\\/\"},\"author\":{\"name\":\"Bodegas Protos (F)\",\"@id\":\"https:\\\/\\\/www.bodegasprotos.com\\\/es\\\/#\\\/schema\\\/person\\\/6cb69a08afa14171755cee0df7d20027\"},\"headline\":\"Vi\u00f1edos urbanos\",\"datePublished\":\"2022-04-22T09:30:51+00:00\",\"mainEntityOfPage\":{\"@id\":\"https:\\\/\\\/www.bodegasprotos.com\\\/es\\\/blog\\\/vinedos-urbanos\\\/\"},\"wordCount\":919,\"publisher\":{\"@id\":\"https:\\\/\\\/www.bodegasprotos.com\\\/es\\\/#organization\"},\"image\":{\"@id\":\"https:\\\/\\\/www.bodegasprotos.com\\\/es\\\/blog\\\/vinedos-urbanos\\\/#primaryimage\"},\"thumbnailUrl\":\"https:\\\/\\\/www.bodegasprotos.com\\\/wp-content\\\/uploads\\\/2022\\\/04\\\/42142000405_6075fcc4db_k.jpg\",\"articleSection\":[\"Blog\",\"General\"],\"inLanguage\":\"es\"},{\"@type\":\"WebPage\",\"@id\":\"https:\\\/\\\/www.bodegasprotos.com\\\/es\\\/blog\\\/vinedos-urbanos\\\/\",\"url\":\"https:\\\/\\\/www.bodegasprotos.com\\\/es\\\/blog\\\/vinedos-urbanos\\\/\",\"name\":\"Vi\u00f1edos urbanos - Bodegas Protos\",\"isPartOf\":{\"@id\":\"https:\\\/\\\/www.bodegasprotos.com\\\/es\\\/#website\"},\"primaryImageOfPage\":{\"@id\":\"https:\\\/\\\/www.bodegasprotos.com\\\/es\\\/blog\\\/vinedos-urbanos\\\/#primaryimage\"},\"image\":{\"@id\":\"https:\\\/\\\/www.bodegasprotos.com\\\/es\\\/blog\\\/vinedos-urbanos\\\/#primaryimage\"},\"thumbnailUrl\":\"https:\\\/\\\/www.bodegasprotos.com\\\/wp-content\\\/uploads\\\/2022\\\/04\\\/42142000405_6075fcc4db_k.jpg\",\"datePublished\":\"2022-04-22T09:30:51+00:00\",\"description\":\"Desde hace ya algunos a\u00f1os, existe la moda de plantar huertos urbanos, e incluso, algunos se han animado a producir su propia miel instalando panales de\",\"breadcrumb\":{\"@id\":\"https:\\\/\\\/www.bodegasprotos.com\\\/es\\\/blog\\\/vinedos-urbanos\\\/#breadcrumb\"},\"inLanguage\":\"es\",\"potentialAction\":[{\"@type\":\"ReadAction\",\"target\":[\"https:\\\/\\\/www.bodegasprotos.com\\\/es\\\/blog\\\/vinedos-urbanos\\\/\"]}]},{\"@type\":\"ImageObject\",\"inLanguage\":\"es\",\"@id\":\"https:\\\/\\\/www.bodegasprotos.com\\\/es\\\/blog\\\/vinedos-urbanos\\\/#primaryimage\",\"url\":\"https:\\\/\\\/www.bodegasprotos.com\\\/wp-content\\\/uploads\\\/2022\\\/04\\\/42142000405_6075fcc4db_k.jpg\",\"contentUrl\":\"https:\\\/\\\/www.bodegasprotos.com\\\/wp-content\\\/uploads\\\/2022\\\/04\\\/42142000405_6075fcc4db_k.jpg\",\"width\":2048,\"height\":1365},{\"@type\":\"BreadcrumbList\",\"@id\":\"https:\\\/\\\/www.bodegasprotos.com\\\/es\\\/blog\\\/vinedos-urbanos\\\/#breadcrumb\",\"itemListElement\":[{\"@type\":\"ListItem\",\"position\":1,\"name\":\"Portada\",\"item\":\"https:\\\/\\\/www.bodegasprotos.com\\\/es\\\/\"},{\"@type\":\"ListItem\",\"position\":2,\"name\":\"Vi\u00f1edos urbanos\"}]},{\"@type\":\"WebSite\",\"@id\":\"https:\\\/\\\/www.bodegasprotos.com\\\/es\\\/#website\",\"url\":\"https:\\\/\\\/www.bodegasprotos.com\\\/es\\\/\",\"name\":\"Bodegas Protos\",\"description\":\"Vinos de la Denominaci\u00f3n de Origen Ribera del Duero, Rueda y Cigales\",\"publisher\":{\"@id\":\"https:\\\/\\\/www.bodegasprotos.com\\\/es\\\/#organization\"},\"potentialAction\":[{\"@type\":\"SearchAction\",\"target\":{\"@type\":\"EntryPoint\",\"urlTemplate\":\"https:\\\/\\\/www.bodegasprotos.com\\\/es\\\/?s={search_term_string}\"},\"query-input\":{\"@type\":\"PropertyValueSpecification\",\"valueRequired\":true,\"valueName\":\"search_term_string\"}}],\"inLanguage\":\"es\"},{\"@type\":\"Organization\",\"@id\":\"https:\\\/\\\/www.bodegasprotos.com\\\/es\\\/#organization\",\"name\":\"Bodegas Protos\",\"url\":\"https:\\\/\\\/www.bodegasprotos.com\\\/es\\\/\",\"logo\":{\"@type\":\"ImageObject\",\"inLanguage\":\"es\",\"@id\":\"https:\\\/\\\/www.bodegasprotos.com\\\/es\\\/#\\\/schema\\\/logo\\\/image\\\/\",\"url\":\"https:\\\/\\\/www.bodegasprotos.com\\\/wp-content\\\/uploads\\\/2024\\\/06\\\/PROTOS-LOGOS-VERSIONES-13.png\",\"contentUrl\":\"https:\\\/\\\/www.bodegasprotos.com\\\/wp-content\\\/uploads\\\/2024\\\/06\\\/PROTOS-LOGOS-VERSIONES-13.png\",\"width\":2362,\"height\":2362,\"caption\":\"Bodegas Protos\"},\"image\":{\"@id\":\"https:\\\/\\\/www.bodegasprotos.com\\\/es\\\/#\\\/schema\\\/logo\\\/image\\\/\"},\"sameAs\":[\"https:\\\/\\\/www.facebook.com\\\/BodegasProtos\",\"https:\\\/\\\/x.com\\\/Bodegas_Protos\",\"https:\\\/\\\/www.instagram.com\\\/bodegasprotosoficial\\\/\",\"https:\\\/\\\/www.linkedin.com\\\/company\\\/bodegasprotos\\\/\",\"https:\\\/\\\/pinterest.com\\\/BodegasProtos\\\/\",\"http:\\\/\\\/www.youtube.com\\\/user\\\/BodegasProtos\",\"https:\\\/\\\/es.wikipedia.org\\\/wiki\\\/Bodegas_Protos\"]},{\"@type\":\"Person\",\"@id\":\"https:\\\/\\\/www.bodegasprotos.com\\\/es\\\/#\\\/schema\\\/person\\\/6cb69a08afa14171755cee0df7d20027\",\"name\":\"Bodegas Protos (F)\",\"image\":{\"@type\":\"ImageObject\",\"inLanguage\":\"es\",\"@id\":\"https:\\\/\\\/secure.gravatar.com\\\/avatar\\\/cc613a9fd2ee203f402357c1b4aa2b7c041016cbf1eab1e41bde410b2ebd7f94?s=96&d=mm&r=g\",\"url\":\"https:\\\/\\\/secure.gravatar.com\\\/avatar\\\/cc613a9fd2ee203f402357c1b4aa2b7c041016cbf1eab1e41bde410b2ebd7f94?s=96&d=mm&r=g\",\"contentUrl\":\"https:\\\/\\\/secure.gravatar.com\\\/avatar\\\/cc613a9fd2ee203f402357c1b4aa2b7c041016cbf1eab1e41bde410b2ebd7f94?s=96&d=mm&r=g\",\"caption\":\"Bodegas Protos (F)\"},\"sameAs\":[\"https:\\\/\\\/www.bodegasprotos.com\"]}]}<\/script>\n<!-- \/ Yoast SEO plugin. -->","yoast_head_json":{"title":"Vi\u00f1edos urbanos - Bodegas Protos","description":"Desde hace ya algunos a\u00f1os, existe la moda de plantar huertos urbanos, e incluso, algunos se han animado a producir su propia miel instalando panales de","robots":{"index":"index","follow":"follow","max-snippet":"max-snippet:-1","max-image-preview":"max-image-preview:large","max-video-preview":"max-video-preview:-1"},"canonical":"https:\/\/www.bodegasprotos.com\/es\/blog\/vinedos-urbanos\/","og_locale":"es_ES","og_type":"article","og_title":"Vi\u00f1edos urbanos - Bodegas Protos","og_description":"Desde hace ya algunos a\u00f1os, existe la moda de plantar huertos urbanos, e incluso, algunos se han animado a producir su propia miel instalando panales de","og_url":"https:\/\/www.bodegasprotos.com\/es\/blog\/vinedos-urbanos\/","og_site_name":"Bodegas Protos","article_publisher":"https:\/\/www.facebook.com\/BodegasProtos","article_published_time":"2022-04-22T09:30:51+00:00","og_image":[{"width":2048,"height":1365,"url":"https:\/\/www.bodegasprotos.com\/wp-content\/uploads\/2022\/04\/42142000405_6075fcc4db_k.jpg","type":"image\/jpeg"}],"author":"Bodegas Protos (F)","twitter_card":"summary_large_image","twitter_creator":"@Bodegas_Protos","twitter_site":"@Bodegas_Protos","twitter_misc":{"Escrito por":"Bodegas Protos (F)","Tiempo de lectura":"5 minutos"},"schema":{"@context":"https:\/\/schema.org","@graph":[{"@type":"Article","@id":"https:\/\/www.bodegasprotos.com\/es\/blog\/vinedos-urbanos\/#article","isPartOf":{"@id":"https:\/\/www.bodegasprotos.com\/es\/blog\/vinedos-urbanos\/"},"author":{"name":"Bodegas Protos (F)","@id":"https:\/\/www.bodegasprotos.com\/es\/#\/schema\/person\/6cb69a08afa14171755cee0df7d20027"},"headline":"Vi\u00f1edos urbanos","datePublished":"2022-04-22T09:30:51+00:00","mainEntityOfPage":{"@id":"https:\/\/www.bodegasprotos.com\/es\/blog\/vinedos-urbanos\/"},"wordCount":919,"publisher":{"@id":"https:\/\/www.bodegasprotos.com\/es\/#organization"},"image":{"@id":"https:\/\/www.bodegasprotos.com\/es\/blog\/vinedos-urbanos\/#primaryimage"},"thumbnailUrl":"https:\/\/www.bodegasprotos.com\/wp-content\/uploads\/2022\/04\/42142000405_6075fcc4db_k.jpg","articleSection":["Blog","General"],"inLanguage":"es"},{"@type":"WebPage","@id":"https:\/\/www.bodegasprotos.com\/es\/blog\/vinedos-urbanos\/","url":"https:\/\/www.bodegasprotos.com\/es\/blog\/vinedos-urbanos\/","name":"Vi\u00f1edos urbanos - Bodegas Protos","isPartOf":{"@id":"https:\/\/www.bodegasprotos.com\/es\/#website"},"primaryImageOfPage":{"@id":"https:\/\/www.bodegasprotos.com\/es\/blog\/vinedos-urbanos\/#primaryimage"},"image":{"@id":"https:\/\/www.bodegasprotos.com\/es\/blog\/vinedos-urbanos\/#primaryimage"},"thumbnailUrl":"https:\/\/www.bodegasprotos.com\/wp-content\/uploads\/2022\/04\/42142000405_6075fcc4db_k.jpg","datePublished":"2022-04-22T09:30:51+00:00","description":"Desde hace ya algunos a\u00f1os, existe la moda de plantar huertos urbanos, e incluso, algunos se han animado a producir su propia miel instalando panales de","breadcrumb":{"@id":"https:\/\/www.bodegasprotos.com\/es\/blog\/vinedos-urbanos\/#breadcrumb"},"inLanguage":"es","potentialAction":[{"@type":"ReadAction","target":["https:\/\/www.bodegasprotos.com\/es\/blog\/vinedos-urbanos\/"]}]},{"@type":"ImageObject","inLanguage":"es","@id":"https:\/\/www.bodegasprotos.com\/es\/blog\/vinedos-urbanos\/#primaryimage","url":"https:\/\/www.bodegasprotos.com\/wp-content\/uploads\/2022\/04\/42142000405_6075fcc4db_k.jpg","contentUrl":"https:\/\/www.bodegasprotos.com\/wp-content\/uploads\/2022\/04\/42142000405_6075fcc4db_k.jpg","width":2048,"height":1365},{"@type":"BreadcrumbList","@id":"https:\/\/www.bodegasprotos.com\/es\/blog\/vinedos-urbanos\/#breadcrumb","itemListElement":[{"@type":"ListItem","position":1,"name":"Portada","item":"https:\/\/www.bodegasprotos.com\/es\/"},{"@type":"ListItem","position":2,"name":"Vi\u00f1edos urbanos"}]},{"@type":"WebSite","@id":"https:\/\/www.bodegasprotos.com\/es\/#website","url":"https:\/\/www.bodegasprotos.com\/es\/","name":"Bodegas Protos","description":"Vinos de la Denominaci\u00f3n de Origen Ribera del Duero, Rueda y Cigales","publisher":{"@id":"https:\/\/www.bodegasprotos.com\/es\/#organization"},"potentialAction":[{"@type":"SearchAction","target":{"@type":"EntryPoint","urlTemplate":"https:\/\/www.bodegasprotos.com\/es\/?s={search_term_string}"},"query-input":{"@type":"PropertyValueSpecification","valueRequired":true,"valueName":"search_term_string"}}],"inLanguage":"es"},{"@type":"Organization","@id":"https:\/\/www.bodegasprotos.com\/es\/#organization","name":"Bodegas Protos","url":"https:\/\/www.bodegasprotos.com\/es\/","logo":{"@type":"ImageObject","inLanguage":"es","@id":"https:\/\/www.bodegasprotos.com\/es\/#\/schema\/logo\/image\/","url":"https:\/\/www.bodegasprotos.com\/wp-content\/uploads\/2024\/06\/PROTOS-LOGOS-VERSIONES-13.png","contentUrl":"https:\/\/www.bodegasprotos.com\/wp-content\/uploads\/2024\/06\/PROTOS-LOGOS-VERSIONES-13.png","width":2362,"height":2362,"caption":"Bodegas Protos"},"image":{"@id":"https:\/\/www.bodegasprotos.com\/es\/#\/schema\/logo\/image\/"},"sameAs":["https:\/\/www.facebook.com\/BodegasProtos","https:\/\/x.com\/Bodegas_Protos","https:\/\/www.instagram.com\/bodegasprotosoficial\/","https:\/\/www.linkedin.com\/company\/bodegasprotos\/","https:\/\/pinterest.com\/BodegasProtos\/","http:\/\/www.youtube.com\/user\/BodegasProtos","https:\/\/es.wikipedia.org\/wiki\/Bodegas_Protos"]},{"@type":"Person","@id":"https:\/\/www.bodegasprotos.com\/es\/#\/schema\/person\/6cb69a08afa14171755cee0df7d20027","name":"Bodegas Protos (F)","image":{"@type":"ImageObject","inLanguage":"es","@id":"https:\/\/secure.gravatar.com\/avatar\/cc613a9fd2ee203f402357c1b4aa2b7c041016cbf1eab1e41bde410b2ebd7f94?s=96&d=mm&r=g","url":"https:\/\/secure.gravatar.com\/avatar\/cc613a9fd2ee203f402357c1b4aa2b7c041016cbf1eab1e41bde410b2ebd7f94?s=96&d=mm&r=g","contentUrl":"https:\/\/secure.gravatar.com\/avatar\/cc613a9fd2ee203f402357c1b4aa2b7c041016cbf1eab1e41bde410b2ebd7f94?s=96&d=mm&r=g","caption":"Bodegas Protos (F)"},"sameAs":["https:\/\/www.bodegasprotos.com"]}]}},"_links":{"self":[{"href":"https:\/\/www.bodegasprotos.com\/es\/wp-json\/wp\/v2\/posts\/34227","targetHints":{"allow":["GET"]}}],"collection":[{"href":"https:\/\/www.bodegasprotos.com\/es\/wp-json\/wp\/v2\/posts"}],"about":[{"href":"https:\/\/www.bodegasprotos.com\/es\/wp-json\/wp\/v2\/types\/post"}],"author":[{"embeddable":true,"href":"https:\/\/www.bodegasprotos.com\/es\/wp-json\/wp\/v2\/users\/3"}],"replies":[{"embeddable":true,"href":"https:\/\/www.bodegasprotos.com\/es\/wp-json\/wp\/v2\/comments?post=34227"}],"version-history":[{"count":0,"href":"https:\/\/www.bodegasprotos.com\/es\/wp-json\/wp\/v2\/posts\/34227\/revisions"}],"wp:featuredmedia":[{"embeddable":true,"href":"https:\/\/www.bodegasprotos.com\/es\/wp-json\/wp\/v2\/media\/34218"}],"wp:attachment":[{"href":"https:\/\/www.bodegasprotos.com\/es\/wp-json\/wp\/v2\/media?parent=34227"}],"wp:term":[{"taxonomy":"category","embeddable":true,"href":"https:\/\/www.bodegasprotos.com\/es\/wp-json\/wp\/v2\/categories?post=34227"},{"taxonomy":"post_tag","embeddable":true,"href":"https:\/\/www.bodegasprotos.com\/es\/wp-json\/wp\/v2\/tags?post=34227"}],"curies":[{"name":"wp","href":"https:\/\/api.w.org\/{rel}","templated":true}]}}