{"id":34140,"date":"2022-03-31T11:30:59","date_gmt":"2022-03-31T09:30:59","guid":{"rendered":"https:\/\/www.bodegasprotos.com\/?p=34140"},"modified":"2022-03-31T09:29:35","modified_gmt":"2022-03-31T07:29:35","slug":"reflexiones-con-un-vino-por-xavi-martinez-6","status":"publish","type":"post","link":"https:\/\/www.bodegasprotos.com\/es\/general\/reflexiones-con-un-vino-por-xavi-martinez-6\/","title":{"rendered":"Reflexiones con un vino por Xavi Mart\u00ednez"},"content":{"rendered":"<h2><em>Las personas gasolina y el incendio<\/em><\/h2>\n<p>Desde hace bastante tiempo intento aplicar una m\u00e1xima que me funciona muy bien: que tu c\u00edrculo m\u00e1s estrecho est\u00e9 compuesto s\u00f3lo por personas que aporten.<\/p>\n<p>Hubo una \u00e9poca en la que me empe\u00f1aba en justificar todos los comportamientos negativos de las personas que ten\u00eda cerca. Era aquello de \u00abbueno, son tantas otras cosas positivas las que tiene\u00bb.<\/p>\n<p>Poco a poco y a medida que vas creciendo, te das cuenta de qu\u00e9 l\u00edmites no quieres que otros crucen. Esas personas que \u00abten\u00edan cosas buenas\u00bb hac\u00edan que con las \u00abmalas\u00bb yo no pudiera sentirme feliz conmigo mismo. Porque en el fondo sab\u00eda que el problema era que yo lo segu\u00eda permitiendo.<\/p>\n<p>Y saber que no pones l\u00edmites, en seg\u00fan qu\u00e9 situaciones, te genera una sensaci\u00f3n de dejarte invadir tremenda. Est\u00e1 camuflado con el d\u00eda a d\u00eda y esa rutina que aceptas como algo casi familiar.<\/p>\n<p>Hay aut\u00e9nticos profesionales de robarte tiempo, espacio y energ\u00eda. Son los maestros del hielo. Pueden llegar incluso a congelarte la identidad. Suelen repetir patrones donde todo lo que les sucede siempre acaba visti\u00e9ndose de v\u00edctima, cuando la realidad es que ejercen constantemente de verdugo.<\/p>\n<p>Hay que estar a muerte por los nuestros, sin condiciones, as\u00ed lo veo yo. Por los nuestros, no por los que se disfrazan de nuestros. Seguramente su existencia ejerce de buen filtro cuando nos damos cuenta y les quitamos la m\u00e1scara.<\/p>\n<p>En ese momento te caen todas las fichas: la envidia escondida, el ego\u00edsmo, el puro inter\u00e9s individual&#8230; Abramos los ojos porque est\u00e1n por todas partes. Pero lo dicho, son un buen filtro.<\/p>\n<p>As\u00ed como esos ladrones de energ\u00eda nos vac\u00edan, existe su antagon\u00eda en forma de \u00abpersonas gasolina\u00bb que nos llenan el dep\u00f3sito para avanzar. No confundamos apego t\u00f3xico a alguien con equipo positivo y limpio.<\/p>\n<p>Hay belleza en necesitar de forma sana a alguien. Hay conversaciones que, tras haberlas tenido, provocan en ti una sensaci\u00f3n de optimismo y te regalan unas ganas de comerte el mundo descomunales.<\/p>\n<p>De la misma forma que hay charlas y momentos con personas que nos vuelven a colocar en el lugar que merecemos y nos recuerdan c\u00f3mo sentirnos mejor en momentos oscuros. Es el octanaje m\u00e1s alto y que, adem\u00e1s, no contamina absolutamente nada.<\/p>\n<p>Son momentos gasolina y hay que buscarlos m\u00e1s, siendo nosotros el dep\u00f3sito o siendo el surtidor.<\/p>\n<p>Cuidando a quien sabemos que vibra bien y apartando (aunque cueste) a esos ladrones chupa combustible que nos empe\u00f1amos en conservar. No pasa nada por despedirse. Todos tenemos una misi\u00f3n en la vida de alguien y cada persona tiene un momento dise\u00f1ado para la nuestra.<\/p>\n<p>Y nadie nos obliga a que eso sea eterno. A veces juzgamos a quien llega nuevo como si llegara tarde y no comprendemos que en la vida las personas llegan cuando tienen que llegar.<\/p>\n<p>Esto son cuatro d\u00edas y no podemos tirar a la basura una parte grande del pastel. De hecho, nunca sabremos ni si llegar\u00e1n a ser cuatro los d\u00edas&#8230;<\/p>\n<p>Como dijo Jung: \u00abLa vida no vivida es una enfermedad de la que se puede morir\u00bb. No le demos minutos de esta apasionante aventura a personas que van a malgastarlos y nos har\u00e1n que no vivamos nuestra vida. Ah\u00ed s\u00f3lo hay fr\u00edo. Hay que volver a ser fuego.<\/p>\n<p>A veces son s\u00f3lo unas risas poco trascendentales, otras son abrazos y en ocasiones es una mirada o una gran idea que nace de la mano. No despreciemos los peque\u00f1os momentos gasolina, porque si conseguimos encender de nuevo nuestra llama, s\u00f3lo har\u00e1 falta una peque\u00f1a gota para volver a provocar el incendio. Ese que, adem\u00e1s, derretir\u00e1 a muchos por el camino.<\/p>\n<p>Sirva esta reflexi\u00f3n <a href=\"https:\/\/www.bodegasprotos.com\/es\/vino\/clarete\/\">(copa de vino en mano)<\/a> como peque\u00f1o homenaje particular a mis personas gasolina. Qu\u00e9 suerte teneros. Qu\u00e9 excitante llega a ser acelerar en esta carrera juntos donde vamos a ganar todos.<\/p>\n","protected":false},"excerpt":{"rendered":"<p>Las personas gasolina y el incendio Desde hace bastante tiempo intento aplicar una m\u00e1xima que me funciona muy&#8230;<\/p>\n","protected":false},"author":3,"featured_media":32894,"comment_status":"closed","ping_status":"closed","sticky":false,"template":"","format":"standard","meta":{"_acf_changed":false,"footnotes":""},"categories":[87,1],"tags":[],"class_list":["post-34140","post","type-post","status-publish","format-standard","has-post-thumbnail","hentry","category-blog","category-general"],"acf":[],"yoast_head":"<!-- This site is optimized with the Yoast SEO plugin v27.5 - https:\/\/yoast.com\/product\/yoast-seo-wordpress\/ -->\n<title>Reflexiones con un vino por Xavi Mart\u00ednez - Bodegas Protos<\/title>\n<meta name=\"description\" content=\"Las personas gasolina y el incendio Desde hace bastante tiempo intento aplicar una m\u00e1xima que me funciona muy bien: que tu c\u00edrculo m\u00e1s estrecho est\u00e9\" \/>\n<meta name=\"robots\" content=\"index, follow, max-snippet:-1, max-image-preview:large, max-video-preview:-1\" \/>\n<link rel=\"canonical\" href=\"https:\/\/www.bodegasprotos.com\/es\/general\/reflexiones-con-un-vino-por-xavi-martinez-6\/\" \/>\n<meta property=\"og:locale\" content=\"es_ES\" \/>\n<meta property=\"og:type\" content=\"article\" \/>\n<meta property=\"og:title\" content=\"Reflexiones con un vino por Xavi Mart\u00ednez - Bodegas Protos\" \/>\n<meta property=\"og:description\" content=\"Las personas gasolina y el incendio Desde hace bastante tiempo intento aplicar una m\u00e1xima que me funciona muy bien: que tu c\u00edrculo m\u00e1s estrecho est\u00e9\" \/>\n<meta property=\"og:url\" content=\"https:\/\/www.bodegasprotos.com\/es\/general\/reflexiones-con-un-vino-por-xavi-martinez-6\/\" \/>\n<meta property=\"og:site_name\" content=\"Bodegas Protos\" \/>\n<meta property=\"article:publisher\" content=\"https:\/\/www.facebook.com\/BodegasProtos\" \/>\n<meta property=\"article:published_time\" content=\"2022-03-31T09:30:59+00:00\" \/>\n<meta property=\"og:image\" content=\"https:\/\/www.bodegasprotos.com\/wp-content\/uploads\/2021\/09\/2.jpg\" \/>\n\t<meta property=\"og:image:width\" content=\"817\" \/>\n\t<meta property=\"og:image:height\" content=\"1027\" \/>\n\t<meta property=\"og:image:type\" content=\"image\/jpeg\" \/>\n<meta name=\"author\" content=\"Bodegas Protos (F)\" \/>\n<meta name=\"twitter:card\" content=\"summary_large_image\" \/>\n<meta name=\"twitter:creator\" content=\"@Bodegas_Protos\" \/>\n<meta name=\"twitter:site\" content=\"@Bodegas_Protos\" \/>\n<meta name=\"twitter:label1\" content=\"Escrito por\" \/>\n\t<meta name=\"twitter:data1\" content=\"Bodegas Protos (F)\" \/>\n\t<meta name=\"twitter:label2\" content=\"Tiempo de lectura\" \/>\n\t<meta name=\"twitter:data2\" content=\"3 minutos\" \/>\n<script type=\"application\/ld+json\" class=\"yoast-schema-graph\">{\"@context\":\"https:\\\/\\\/schema.org\",\"@graph\":[{\"@type\":\"Article\",\"@id\":\"https:\\\/\\\/www.bodegasprotos.com\\\/es\\\/general\\\/reflexiones-con-un-vino-por-xavi-martinez-6\\\/#article\",\"isPartOf\":{\"@id\":\"https:\\\/\\\/www.bodegasprotos.com\\\/es\\\/general\\\/reflexiones-con-un-vino-por-xavi-martinez-6\\\/\"},\"author\":{\"name\":\"Bodegas Protos (F)\",\"@id\":\"https:\\\/\\\/www.bodegasprotos.com\\\/es\\\/#\\\/schema\\\/person\\\/6cb69a08afa14171755cee0df7d20027\"},\"headline\":\"Reflexiones con un vino por Xavi Mart\u00ednez\",\"datePublished\":\"2022-03-31T09:30:59+00:00\",\"mainEntityOfPage\":{\"@id\":\"https:\\\/\\\/www.bodegasprotos.com\\\/es\\\/general\\\/reflexiones-con-un-vino-por-xavi-martinez-6\\\/\"},\"wordCount\":699,\"publisher\":{\"@id\":\"https:\\\/\\\/www.bodegasprotos.com\\\/es\\\/#organization\"},\"image\":{\"@id\":\"https:\\\/\\\/www.bodegasprotos.com\\\/es\\\/general\\\/reflexiones-con-un-vino-por-xavi-martinez-6\\\/#primaryimage\"},\"thumbnailUrl\":\"https:\\\/\\\/www.bodegasprotos.com\\\/wp-content\\\/uploads\\\/2021\\\/09\\\/2.jpg\",\"articleSection\":[\"Blog\",\"General\"],\"inLanguage\":\"es\"},{\"@type\":\"WebPage\",\"@id\":\"https:\\\/\\\/www.bodegasprotos.com\\\/es\\\/general\\\/reflexiones-con-un-vino-por-xavi-martinez-6\\\/\",\"url\":\"https:\\\/\\\/www.bodegasprotos.com\\\/es\\\/general\\\/reflexiones-con-un-vino-por-xavi-martinez-6\\\/\",\"name\":\"Reflexiones con un vino por Xavi Mart\u00ednez - Bodegas Protos\",\"isPartOf\":{\"@id\":\"https:\\\/\\\/www.bodegasprotos.com\\\/es\\\/#website\"},\"primaryImageOfPage\":{\"@id\":\"https:\\\/\\\/www.bodegasprotos.com\\\/es\\\/general\\\/reflexiones-con-un-vino-por-xavi-martinez-6\\\/#primaryimage\"},\"image\":{\"@id\":\"https:\\\/\\\/www.bodegasprotos.com\\\/es\\\/general\\\/reflexiones-con-un-vino-por-xavi-martinez-6\\\/#primaryimage\"},\"thumbnailUrl\":\"https:\\\/\\\/www.bodegasprotos.com\\\/wp-content\\\/uploads\\\/2021\\\/09\\\/2.jpg\",\"datePublished\":\"2022-03-31T09:30:59+00:00\",\"description\":\"Las personas gasolina y el incendio Desde hace bastante tiempo intento aplicar una m\u00e1xima que me funciona muy bien: que tu c\u00edrculo m\u00e1s estrecho est\u00e9\",\"breadcrumb\":{\"@id\":\"https:\\\/\\\/www.bodegasprotos.com\\\/es\\\/general\\\/reflexiones-con-un-vino-por-xavi-martinez-6\\\/#breadcrumb\"},\"inLanguage\":\"es\",\"potentialAction\":[{\"@type\":\"ReadAction\",\"target\":[\"https:\\\/\\\/www.bodegasprotos.com\\\/es\\\/general\\\/reflexiones-con-un-vino-por-xavi-martinez-6\\\/\"]}]},{\"@type\":\"ImageObject\",\"inLanguage\":\"es\",\"@id\":\"https:\\\/\\\/www.bodegasprotos.com\\\/es\\\/general\\\/reflexiones-con-un-vino-por-xavi-martinez-6\\\/#primaryimage\",\"url\":\"https:\\\/\\\/www.bodegasprotos.com\\\/wp-content\\\/uploads\\\/2021\\\/09\\\/2.jpg\",\"contentUrl\":\"https:\\\/\\\/www.bodegasprotos.com\\\/wp-content\\\/uploads\\\/2021\\\/09\\\/2.jpg\",\"width\":817,\"height\":1027},{\"@type\":\"BreadcrumbList\",\"@id\":\"https:\\\/\\\/www.bodegasprotos.com\\\/es\\\/general\\\/reflexiones-con-un-vino-por-xavi-martinez-6\\\/#breadcrumb\",\"itemListElement\":[{\"@type\":\"ListItem\",\"position\":1,\"name\":\"Portada\",\"item\":\"https:\\\/\\\/www.bodegasprotos.com\\\/es\\\/\"},{\"@type\":\"ListItem\",\"position\":2,\"name\":\"Reflexiones con un vino por Xavi Mart\u00ednez\"}]},{\"@type\":\"WebSite\",\"@id\":\"https:\\\/\\\/www.bodegasprotos.com\\\/es\\\/#website\",\"url\":\"https:\\\/\\\/www.bodegasprotos.com\\\/es\\\/\",\"name\":\"Bodegas Protos\",\"description\":\"Vinos de la Denominaci\u00f3n de Origen Ribera del Duero, Rueda y Cigales\",\"publisher\":{\"@id\":\"https:\\\/\\\/www.bodegasprotos.com\\\/es\\\/#organization\"},\"potentialAction\":[{\"@type\":\"SearchAction\",\"target\":{\"@type\":\"EntryPoint\",\"urlTemplate\":\"https:\\\/\\\/www.bodegasprotos.com\\\/es\\\/?s={search_term_string}\"},\"query-input\":{\"@type\":\"PropertyValueSpecification\",\"valueRequired\":true,\"valueName\":\"search_term_string\"}}],\"inLanguage\":\"es\"},{\"@type\":\"Organization\",\"@id\":\"https:\\\/\\\/www.bodegasprotos.com\\\/es\\\/#organization\",\"name\":\"Bodegas Protos\",\"url\":\"https:\\\/\\\/www.bodegasprotos.com\\\/es\\\/\",\"logo\":{\"@type\":\"ImageObject\",\"inLanguage\":\"es\",\"@id\":\"https:\\\/\\\/www.bodegasprotos.com\\\/es\\\/#\\\/schema\\\/logo\\\/image\\\/\",\"url\":\"https:\\\/\\\/www.bodegasprotos.com\\\/wp-content\\\/uploads\\\/2024\\\/06\\\/PROTOS-LOGOS-VERSIONES-13.png\",\"contentUrl\":\"https:\\\/\\\/www.bodegasprotos.com\\\/wp-content\\\/uploads\\\/2024\\\/06\\\/PROTOS-LOGOS-VERSIONES-13.png\",\"width\":2362,\"height\":2362,\"caption\":\"Bodegas Protos\"},\"image\":{\"@id\":\"https:\\\/\\\/www.bodegasprotos.com\\\/es\\\/#\\\/schema\\\/logo\\\/image\\\/\"},\"sameAs\":[\"https:\\\/\\\/www.facebook.com\\\/BodegasProtos\",\"https:\\\/\\\/x.com\\\/Bodegas_Protos\",\"https:\\\/\\\/www.instagram.com\\\/bodegasprotosoficial\\\/\",\"https:\\\/\\\/www.linkedin.com\\\/company\\\/bodegasprotos\\\/\",\"https:\\\/\\\/pinterest.com\\\/BodegasProtos\\\/\",\"http:\\\/\\\/www.youtube.com\\\/user\\\/BodegasProtos\",\"https:\\\/\\\/es.wikipedia.org\\\/wiki\\\/Bodegas_Protos\"]},{\"@type\":\"Person\",\"@id\":\"https:\\\/\\\/www.bodegasprotos.com\\\/es\\\/#\\\/schema\\\/person\\\/6cb69a08afa14171755cee0df7d20027\",\"name\":\"Bodegas Protos (F)\",\"image\":{\"@type\":\"ImageObject\",\"inLanguage\":\"es\",\"@id\":\"https:\\\/\\\/secure.gravatar.com\\\/avatar\\\/cc613a9fd2ee203f402357c1b4aa2b7c041016cbf1eab1e41bde410b2ebd7f94?s=96&d=mm&r=g\",\"url\":\"https:\\\/\\\/secure.gravatar.com\\\/avatar\\\/cc613a9fd2ee203f402357c1b4aa2b7c041016cbf1eab1e41bde410b2ebd7f94?s=96&d=mm&r=g\",\"contentUrl\":\"https:\\\/\\\/secure.gravatar.com\\\/avatar\\\/cc613a9fd2ee203f402357c1b4aa2b7c041016cbf1eab1e41bde410b2ebd7f94?s=96&d=mm&r=g\",\"caption\":\"Bodegas Protos (F)\"},\"sameAs\":[\"https:\\\/\\\/www.bodegasprotos.com\"]}]}<\/script>\n<!-- \/ Yoast SEO plugin. -->","yoast_head_json":{"title":"Reflexiones con un vino por Xavi Mart\u00ednez - Bodegas Protos","description":"Las personas gasolina y el incendio Desde hace bastante tiempo intento aplicar una m\u00e1xima que me funciona muy bien: que tu c\u00edrculo m\u00e1s estrecho est\u00e9","robots":{"index":"index","follow":"follow","max-snippet":"max-snippet:-1","max-image-preview":"max-image-preview:large","max-video-preview":"max-video-preview:-1"},"canonical":"https:\/\/www.bodegasprotos.com\/es\/general\/reflexiones-con-un-vino-por-xavi-martinez-6\/","og_locale":"es_ES","og_type":"article","og_title":"Reflexiones con un vino por Xavi Mart\u00ednez - Bodegas Protos","og_description":"Las personas gasolina y el incendio Desde hace bastante tiempo intento aplicar una m\u00e1xima que me funciona muy bien: que tu c\u00edrculo m\u00e1s estrecho est\u00e9","og_url":"https:\/\/www.bodegasprotos.com\/es\/general\/reflexiones-con-un-vino-por-xavi-martinez-6\/","og_site_name":"Bodegas Protos","article_publisher":"https:\/\/www.facebook.com\/BodegasProtos","article_published_time":"2022-03-31T09:30:59+00:00","og_image":[{"width":817,"height":1027,"url":"https:\/\/www.bodegasprotos.com\/wp-content\/uploads\/2021\/09\/2.jpg","type":"image\/jpeg"}],"author":"Bodegas Protos (F)","twitter_card":"summary_large_image","twitter_creator":"@Bodegas_Protos","twitter_site":"@Bodegas_Protos","twitter_misc":{"Escrito por":"Bodegas Protos (F)","Tiempo de lectura":"3 minutos"},"schema":{"@context":"https:\/\/schema.org","@graph":[{"@type":"Article","@id":"https:\/\/www.bodegasprotos.com\/es\/general\/reflexiones-con-un-vino-por-xavi-martinez-6\/#article","isPartOf":{"@id":"https:\/\/www.bodegasprotos.com\/es\/general\/reflexiones-con-un-vino-por-xavi-martinez-6\/"},"author":{"name":"Bodegas Protos (F)","@id":"https:\/\/www.bodegasprotos.com\/es\/#\/schema\/person\/6cb69a08afa14171755cee0df7d20027"},"headline":"Reflexiones con un vino por Xavi Mart\u00ednez","datePublished":"2022-03-31T09:30:59+00:00","mainEntityOfPage":{"@id":"https:\/\/www.bodegasprotos.com\/es\/general\/reflexiones-con-un-vino-por-xavi-martinez-6\/"},"wordCount":699,"publisher":{"@id":"https:\/\/www.bodegasprotos.com\/es\/#organization"},"image":{"@id":"https:\/\/www.bodegasprotos.com\/es\/general\/reflexiones-con-un-vino-por-xavi-martinez-6\/#primaryimage"},"thumbnailUrl":"https:\/\/www.bodegasprotos.com\/wp-content\/uploads\/2021\/09\/2.jpg","articleSection":["Blog","General"],"inLanguage":"es"},{"@type":"WebPage","@id":"https:\/\/www.bodegasprotos.com\/es\/general\/reflexiones-con-un-vino-por-xavi-martinez-6\/","url":"https:\/\/www.bodegasprotos.com\/es\/general\/reflexiones-con-un-vino-por-xavi-martinez-6\/","name":"Reflexiones con un vino por Xavi Mart\u00ednez - Bodegas Protos","isPartOf":{"@id":"https:\/\/www.bodegasprotos.com\/es\/#website"},"primaryImageOfPage":{"@id":"https:\/\/www.bodegasprotos.com\/es\/general\/reflexiones-con-un-vino-por-xavi-martinez-6\/#primaryimage"},"image":{"@id":"https:\/\/www.bodegasprotos.com\/es\/general\/reflexiones-con-un-vino-por-xavi-martinez-6\/#primaryimage"},"thumbnailUrl":"https:\/\/www.bodegasprotos.com\/wp-content\/uploads\/2021\/09\/2.jpg","datePublished":"2022-03-31T09:30:59+00:00","description":"Las personas gasolina y el incendio Desde hace bastante tiempo intento aplicar una m\u00e1xima que me funciona muy bien: que tu c\u00edrculo m\u00e1s estrecho est\u00e9","breadcrumb":{"@id":"https:\/\/www.bodegasprotos.com\/es\/general\/reflexiones-con-un-vino-por-xavi-martinez-6\/#breadcrumb"},"inLanguage":"es","potentialAction":[{"@type":"ReadAction","target":["https:\/\/www.bodegasprotos.com\/es\/general\/reflexiones-con-un-vino-por-xavi-martinez-6\/"]}]},{"@type":"ImageObject","inLanguage":"es","@id":"https:\/\/www.bodegasprotos.com\/es\/general\/reflexiones-con-un-vino-por-xavi-martinez-6\/#primaryimage","url":"https:\/\/www.bodegasprotos.com\/wp-content\/uploads\/2021\/09\/2.jpg","contentUrl":"https:\/\/www.bodegasprotos.com\/wp-content\/uploads\/2021\/09\/2.jpg","width":817,"height":1027},{"@type":"BreadcrumbList","@id":"https:\/\/www.bodegasprotos.com\/es\/general\/reflexiones-con-un-vino-por-xavi-martinez-6\/#breadcrumb","itemListElement":[{"@type":"ListItem","position":1,"name":"Portada","item":"https:\/\/www.bodegasprotos.com\/es\/"},{"@type":"ListItem","position":2,"name":"Reflexiones con un vino por Xavi Mart\u00ednez"}]},{"@type":"WebSite","@id":"https:\/\/www.bodegasprotos.com\/es\/#website","url":"https:\/\/www.bodegasprotos.com\/es\/","name":"Bodegas Protos","description":"Vinos de la Denominaci\u00f3n de Origen Ribera del Duero, Rueda y Cigales","publisher":{"@id":"https:\/\/www.bodegasprotos.com\/es\/#organization"},"potentialAction":[{"@type":"SearchAction","target":{"@type":"EntryPoint","urlTemplate":"https:\/\/www.bodegasprotos.com\/es\/?s={search_term_string}"},"query-input":{"@type":"PropertyValueSpecification","valueRequired":true,"valueName":"search_term_string"}}],"inLanguage":"es"},{"@type":"Organization","@id":"https:\/\/www.bodegasprotos.com\/es\/#organization","name":"Bodegas Protos","url":"https:\/\/www.bodegasprotos.com\/es\/","logo":{"@type":"ImageObject","inLanguage":"es","@id":"https:\/\/www.bodegasprotos.com\/es\/#\/schema\/logo\/image\/","url":"https:\/\/www.bodegasprotos.com\/wp-content\/uploads\/2024\/06\/PROTOS-LOGOS-VERSIONES-13.png","contentUrl":"https:\/\/www.bodegasprotos.com\/wp-content\/uploads\/2024\/06\/PROTOS-LOGOS-VERSIONES-13.png","width":2362,"height":2362,"caption":"Bodegas Protos"},"image":{"@id":"https:\/\/www.bodegasprotos.com\/es\/#\/schema\/logo\/image\/"},"sameAs":["https:\/\/www.facebook.com\/BodegasProtos","https:\/\/x.com\/Bodegas_Protos","https:\/\/www.instagram.com\/bodegasprotosoficial\/","https:\/\/www.linkedin.com\/company\/bodegasprotos\/","https:\/\/pinterest.com\/BodegasProtos\/","http:\/\/www.youtube.com\/user\/BodegasProtos","https:\/\/es.wikipedia.org\/wiki\/Bodegas_Protos"]},{"@type":"Person","@id":"https:\/\/www.bodegasprotos.com\/es\/#\/schema\/person\/6cb69a08afa14171755cee0df7d20027","name":"Bodegas Protos (F)","image":{"@type":"ImageObject","inLanguage":"es","@id":"https:\/\/secure.gravatar.com\/avatar\/cc613a9fd2ee203f402357c1b4aa2b7c041016cbf1eab1e41bde410b2ebd7f94?s=96&d=mm&r=g","url":"https:\/\/secure.gravatar.com\/avatar\/cc613a9fd2ee203f402357c1b4aa2b7c041016cbf1eab1e41bde410b2ebd7f94?s=96&d=mm&r=g","contentUrl":"https:\/\/secure.gravatar.com\/avatar\/cc613a9fd2ee203f402357c1b4aa2b7c041016cbf1eab1e41bde410b2ebd7f94?s=96&d=mm&r=g","caption":"Bodegas Protos (F)"},"sameAs":["https:\/\/www.bodegasprotos.com"]}]}},"_links":{"self":[{"href":"https:\/\/www.bodegasprotos.com\/es\/wp-json\/wp\/v2\/posts\/34140","targetHints":{"allow":["GET"]}}],"collection":[{"href":"https:\/\/www.bodegasprotos.com\/es\/wp-json\/wp\/v2\/posts"}],"about":[{"href":"https:\/\/www.bodegasprotos.com\/es\/wp-json\/wp\/v2\/types\/post"}],"author":[{"embeddable":true,"href":"https:\/\/www.bodegasprotos.com\/es\/wp-json\/wp\/v2\/users\/3"}],"replies":[{"embeddable":true,"href":"https:\/\/www.bodegasprotos.com\/es\/wp-json\/wp\/v2\/comments?post=34140"}],"version-history":[{"count":0,"href":"https:\/\/www.bodegasprotos.com\/es\/wp-json\/wp\/v2\/posts\/34140\/revisions"}],"wp:featuredmedia":[{"embeddable":true,"href":"https:\/\/www.bodegasprotos.com\/es\/wp-json\/wp\/v2\/media\/32894"}],"wp:attachment":[{"href":"https:\/\/www.bodegasprotos.com\/es\/wp-json\/wp\/v2\/media?parent=34140"}],"wp:term":[{"taxonomy":"category","embeddable":true,"href":"https:\/\/www.bodegasprotos.com\/es\/wp-json\/wp\/v2\/categories?post=34140"},{"taxonomy":"post_tag","embeddable":true,"href":"https:\/\/www.bodegasprotos.com\/es\/wp-json\/wp\/v2\/tags?post=34140"}],"curies":[{"name":"wp","href":"https:\/\/api.w.org\/{rel}","templated":true}]}}