{"id":34073,"date":"2022-03-25T11:30:05","date_gmt":"2022-03-25T10:30:05","guid":{"rendered":"https:\/\/www.bodegasprotos.com\/?p=34073"},"modified":"2022-03-25T11:31:06","modified_gmt":"2022-03-25T10:31:06","slug":"maridaje-de-vino-espanol-con-quesos-franceses-italianos-y-portugueses","status":"publish","type":"post","link":"https:\/\/www.bodegasprotos.com\/es\/blog\/maridaje-de-vino-espanol-con-quesos-franceses-italianos-y-portugueses\/","title":{"rendered":"Maridaje de vino espa\u00f1ol con quesos franceses, italianos y portugueses"},"content":{"rendered":"<p>Cada 27 de marzo se celebra el D\u00eda Internacional del Queso, una fecha ideal para disfrutar de este gran producto de tradici\u00f3n europea cuyo mejor acompa\u00f1ante es, sin duda, \u00a1el vino!.<\/p>\n<p>En esta ocasi\u00f3n, queremos recomendaros un maridaje de 3 vinos espa\u00f1oles combinados con quesos franceses, italianos y portugueses, de la mano de Poncelet.<\/p>\n<p>Poncelet, tienda especializada en quesos artesanales ubicada en Madrid, trabaja m\u00e1s de 300 variedades de queso procedentes de las mejores queser\u00edas europeas, donde priman el cuidado animal y la larga tradici\u00f3n quesera.<\/p>\n<p>En la anterior ocasi\u00f3n, elaboramos juntos <a href=\"https:\/\/www.bodegasprotos.com\/es\/blog\/maridaje-de-vinos-y-quesos-con-sabor-a-castilla-y-leon\/\">una propuesta de maridaje con quesos elaborados en las inmediaciones de la Ribera del Duero<\/a>. Esta vez, ampliamos la selecci\u00f3n con quesos elaborados fuera de nuestras fronteras y con gran reconocimiento internacional.<\/p>\n<p>&nbsp;<\/p>\n<p><img fetchpriority=\"high\" decoding=\"async\" class=\"aligncenter wp-image-34076\" src=\"https:\/\/www.bodegasprotos.com\/wp-content\/uploads\/2022\/03\/ImagenPortada-1-300x200.jpg\" alt=\"\" width=\"381\" height=\"255\" srcset=\"https:\/\/www.bodegasprotos.com\/wp-content\/uploads\/2022\/03\/ImagenPortada-1-300x200.jpg 300w, https:\/\/www.bodegasprotos.com\/wp-content\/uploads\/2022\/03\/ImagenPortada-1-1024x683.jpg 1024w, https:\/\/www.bodegasprotos.com\/wp-content\/uploads\/2022\/03\/ImagenPortada-1-768x512.jpg 768w, https:\/\/www.bodegasprotos.com\/wp-content\/uploads\/2022\/03\/ImagenPortada-1-1536x1024.jpg 1536w, https:\/\/www.bodegasprotos.com\/wp-content\/uploads\/2022\/03\/ImagenPortada-1-2048x1366.jpg 2048w\" sizes=\"(max-width: 381px) 100vw, 381px\" \/><\/p>\n<h2><\/h2>\n<h2><strong>VERDEJO DE PROTOS CON DOS QUESOS FRANCESES<\/strong><\/h2>\n<p>Para abrir boca, empezamos catando un <a href=\"https:\/\/www.bodegasprotos.com\/es\/vino\/verdejo\/\">Protos verdejo<\/a> 100%, de un color amarillo pajizo con matices verdosos que indican juventud, muy limpito y brillante.<\/p>\n<p>En nariz, presenta un aroma de intensidad media-alta y complejo, destacando los tropicales frescos como la pi\u00f1a y aromas c\u00edtricos, junto a fruta blanca (manzana) y los herb\u00e1ceos (boj e hinojo).<\/p>\n<p>En boca, es un vino seco, con una entrada que sorprende por unir la frescura y acidez natural moderada y equilibrada con la redondez, cuerpo y estructura que aporta la crianza sobre l\u00edas finas.<\/p>\n<p><img decoding=\"async\" class=\"aligncenter size-medium wp-image-34074\" src=\"https:\/\/www.bodegasprotos.com\/wp-content\/uploads\/2022\/03\/Protos-Verdejo-189x300.jpg\" alt=\"\" width=\"189\" height=\"300\" srcset=\"https:\/\/www.bodegasprotos.com\/wp-content\/uploads\/2022\/03\/Protos-Verdejo-189x300.jpg 189w, https:\/\/www.bodegasprotos.com\/wp-content\/uploads\/2022\/03\/Protos-Verdejo-643x1024.jpg 643w, https:\/\/www.bodegasprotos.com\/wp-content\/uploads\/2022\/03\/Protos-Verdejo-768x1222.jpg 768w, https:\/\/www.bodegasprotos.com\/wp-content\/uploads\/2022\/03\/Protos-Verdejo-965x1536.jpg 965w, https:\/\/www.bodegasprotos.com\/wp-content\/uploads\/2022\/03\/Protos-Verdejo-1287x2048.jpg 1287w, https:\/\/www.bodegasprotos.com\/wp-content\/uploads\/2022\/03\/Protos-Verdejo.jpg 1417w\" sizes=\"(max-width: 189px) 100vw, 189px\" \/><\/p>\n<p>Para acompa\u00f1ar estos matices, sugerimos dos quesos franceses, en este orden:<\/p>\n<ul>\n<li>\n<h3><a href=\"https:\/\/poncelet.es\/inicio\/fr-queso-pouligny-st-pierre.html\">Queso Pouligny St. Pierre<\/a><\/h3>\n<\/li>\n<\/ul>\n<p><img decoding=\"async\" class=\"aligncenter wp-image-34090\" src=\"https:\/\/www.bodegasprotos.com\/wp-content\/uploads\/2022\/03\/Pouligny-3-300x238.jpg\" alt=\"\" width=\"252\" height=\"200\" srcset=\"https:\/\/www.bodegasprotos.com\/wp-content\/uploads\/2022\/03\/Pouligny-3-300x238.jpg 300w, https:\/\/www.bodegasprotos.com\/wp-content\/uploads\/2022\/03\/Pouligny-3-768x609.jpg 768w, https:\/\/www.bodegasprotos.com\/wp-content\/uploads\/2022\/03\/Pouligny-3.jpg 1000w\" sizes=\"(max-width: 252px) 100vw, 252px\" \/><\/p>\n<p>Se le conoce tambi\u00e9n como la pir\u00e1mide, o torre de Eiffel, debido a su forma de pir\u00e1mide truncada. La regi\u00f3n donde se elabora es el valle de Brenne (en el centro del Parque natural regional), caracterizada por su micro-clima excepcional con influencia oce\u00e1nica, significa que tiene unos inviernos suaves, traduci\u00e9ndose en unas tierras con ricos pastos.<\/p>\n<p>Es un queso de intensidad poco pronunciada y maduraci\u00f3n tierna, un tipo de queso que le va ideal al verdejo.<\/p>\n<p>Adem\u00e1s, este vino suele maridar muy bien con quesos azules, y este queso tiene una particularidad en su corteza: es rugosa natural, seca y con moho azul. Para descubrir lo bien que combinan, tienes que probarlo.<\/p>\n<ul>\n<li>\n<h3><a href=\"https:\/\/poncelet.es\/inicio\/fr-queso-comte-reserve.html\">Queso Comte Reserve<\/a><\/h3>\n<\/li>\n<\/ul>\n<p><img loading=\"lazy\" decoding=\"async\" class=\"aligncenter wp-image-34084\" src=\"https:\/\/www.bodegasprotos.com\/wp-content\/uploads\/2022\/03\/Comte-256x300.jpg\" alt=\"\" width=\"184\" height=\"216\" srcset=\"https:\/\/www.bodegasprotos.com\/wp-content\/uploads\/2022\/03\/Comte-256x300.jpg 256w, https:\/\/www.bodegasprotos.com\/wp-content\/uploads\/2022\/03\/Comte-874x1024.jpg 874w, https:\/\/www.bodegasprotos.com\/wp-content\/uploads\/2022\/03\/Comte-768x900.jpg 768w, https:\/\/www.bodegasprotos.com\/wp-content\/uploads\/2022\/03\/Comte-1311x1536.jpg 1311w, https:\/\/www.bodegasprotos.com\/wp-content\/uploads\/2022\/03\/Comte-1748x2048.jpg 1748w\" sizes=\"(max-width: 184px) 100vw, 184px\" \/><\/p>\n<p>El queso de pasta dura m\u00e1s popular de Francia, se elabora en los Alpes franceses, con leche de vaca aut\u00f3ctonas de la zona , su peso oscila entre 35 y 55 kg. Es del estilo gruyere, se elabora solo en verano, en las monta\u00f1as. Su producci\u00f3n es de aproximadamente 48.000 toneladas.<\/p>\n<p>Presenta aromas y sabores a mantequilla, avellana, nuez y a veces de c\u00edtricos como la pi\u00f1a y frutas confitadas, por lo que gana afinidad con nuestro verdejo.<\/p>\n<p>Su intensidad es intermedia tirando a fuerte, por lo que es muy recomendable que pruebes esta combinaci\u00f3n despu\u00e9s del Pouligny.<\/p>\n<h2><strong>AIRE DE PROTOS CON UN QUESO PORTUGU\u00c9S Y OTRO ITALIANO <\/strong><\/h2>\n<p>Para continuar la cata, elegimos <a href=\"https:\/\/www.bodegasprotos.com\/es\/vino\/aire-de-protos\/\">un vino rosado<\/a> elaborado a partir de una amplia y exquisita selecci\u00f3n de uvas: tempranillo 60%, garnacha 10%, albillo 10%, verdejo 5% , viura 5%, sauvignon blanc 5% y syrah 5%.<\/p>\n<p>Presenta un aspecto brillante y limpio, color rosa p\u00e1lido muy atractivo, que recuerda al color amaranto e incluso deja adivinar matices fucsia claro.<\/p>\n<p>En nariz, presenta una intensidad media con notable complejidad, un conjunto delicado y sugerente, con presencia de fruta blanca, melocot\u00f3n, flores blancas y algo de frutos rojos con matices tropicales.<\/p>\n<p>En Boca, es fresco y sedoso, su elegante acidez se equilibra con un complejo recuerdo frutal, y cierta untuosidad debido a la crianza sobre l\u00edas. Es muy agradable de beber y por lo tanto ideal para acompa\u00f1ar dos quesos con mucho car\u00e1cter.<\/p>\n<p><img loading=\"lazy\" decoding=\"async\" class=\"aligncenter size-medium wp-image-31055\" src=\"https:\/\/www.bodegasprotos.com\/wp-content\/uploads\/2021\/06\/Aire-de-Protos-189x300.jpg\" alt=\"\" width=\"189\" height=\"300\" srcset=\"https:\/\/www.bodegasprotos.com\/wp-content\/uploads\/2021\/06\/Aire-de-Protos-189x300.jpg 189w, https:\/\/www.bodegasprotos.com\/wp-content\/uploads\/2021\/06\/Aire-de-Protos-644x1024.jpg 644w, https:\/\/www.bodegasprotos.com\/wp-content\/uploads\/2021\/06\/Aire-de-Protos-768x1222.jpg 768w, https:\/\/www.bodegasprotos.com\/wp-content\/uploads\/2021\/06\/Aire-de-Protos-965x1536.jpg 965w, https:\/\/www.bodegasprotos.com\/wp-content\/uploads\/2021\/06\/Aire-de-Protos-1287x2048.jpg 1287w, https:\/\/www.bodegasprotos.com\/wp-content\/uploads\/2021\/06\/Aire-de-Protos-scaled.jpg 1609w\" sizes=\"(max-width: 189px) 100vw, 189px\" \/><\/p>\n<ul>\n<li>\n<h3><a href=\"https:\/\/poncelet.es\/inicio\/po-queso-s%C3%A3o-jorge-7-meses.html\">Queso S\u00e3o Jorge<\/a><\/h3>\n<\/li>\n<\/ul>\n<p><img loading=\"lazy\" decoding=\"async\" class=\"aligncenter  wp-image-34101\" src=\"https:\/\/www.bodegasprotos.com\/wp-content\/uploads\/2022\/03\/po-queso-sao-jorge-7-meses-1-300x300.jpg\" alt=\"\" width=\"185\" height=\"185\" srcset=\"https:\/\/www.bodegasprotos.com\/wp-content\/uploads\/2022\/03\/po-queso-sao-jorge-7-meses-1-300x300.jpg 300w, https:\/\/www.bodegasprotos.com\/wp-content\/uploads\/2022\/03\/po-queso-sao-jorge-7-meses-1-150x150.jpg 150w, https:\/\/www.bodegasprotos.com\/wp-content\/uploads\/2022\/03\/po-queso-sao-jorge-7-meses-1-500x500.jpg 500w, https:\/\/www.bodegasprotos.com\/wp-content\/uploads\/2022\/03\/po-queso-sao-jorge-7-meses-1.jpg 600w\" sizes=\"(max-width: 185px) 100vw, 185px\" \/><\/p>\n<p>Proveniente de la peque\u00f1a isla de San Jorge en las islas Azores, donde el clima atl\u00e1ntico y el suelo volc\u00e1nico aportan las condiciones de humedad \u00f3ptimas para la maduraci\u00f3n de quesos, raz\u00f3n por la que e desde el siglo xv se elaboran.<\/p>\n<p>Presenta un sabor intenso, algo picante, con recuerdos a pimienta, es sin duda un queso de marcado car\u00e1cter, pero con una intensidad poco pronunciada que permite que se hable a la perfecci\u00f3n con el vino seleccionado, sin predominar uno por encima del otro, ofreciendo un maridaje muy arm\u00f3nico.<\/p>\n<ul>\n<li>\n<h3><a href=\"https:\/\/poncelet.es\/inicio\/it-queso-taleggio.html\">Queso Taleggio<\/a><\/h3>\n<\/li>\n<\/ul>\n<p><img loading=\"lazy\" decoding=\"async\" class=\"aligncenter wp-image-34096\" src=\"https:\/\/www.bodegasprotos.com\/wp-content\/uploads\/2022\/03\/Taleggio03-300x225.jpg\" alt=\"\" width=\"251\" height=\"188\" srcset=\"https:\/\/www.bodegasprotos.com\/wp-content\/uploads\/2022\/03\/Taleggio03-300x225.jpg 300w, https:\/\/www.bodegasprotos.com\/wp-content\/uploads\/2022\/03\/Taleggio03-1024x767.jpg 1024w, https:\/\/www.bodegasprotos.com\/wp-content\/uploads\/2022\/03\/Taleggio03-768x575.jpg 768w, https:\/\/www.bodegasprotos.com\/wp-content\/uploads\/2022\/03\/Taleggio03-1536x1150.jpg 1536w, https:\/\/www.bodegasprotos.com\/wp-content\/uploads\/2022\/03\/Taleggio03-2048x1533.jpg 2048w\" sizes=\"(max-width: 251px) 100vw, 251px\" \/><\/p>\n<p>Su zona de elaboraci\u00f3n y de maduraci\u00f3n comprende las zonas de Lombardia (en las provincias de Bergamo, Brescia, Como, Cremona, Lecco, Lodi, Milan, Pavia), de Piamonte (provincia de Novara) y de Veneto (Treviso).<\/p>\n<p>La corteza es fina y suave textura y el color natural de color rosa, con la presencia de moho caracter\u00edsticas gris y verde &#8211; salvia clara.<\/p>\n<p>El sabor es dulce, con ligeros toques \u00e1cidos que combinan a la perfecci\u00f3n con nuestro Aire de Protos, ligeramente arom\u00e1tico, a veces con trufa de postgusto. Su intensidad es pronunciada, por lo que es preferible degustarlo despu\u00e9s del S\u00e3o Jorge.<\/p>\n<h2><strong>PROTOS CRIANZA, DE NUEVO, CON UNA COMBINACI\u00d3N DE QUESOS PORTUGAL-ITALIA<\/strong><\/h2>\n<p><img loading=\"lazy\" decoding=\"async\" class=\"size-medium wp-image-31090 aligncenter\" src=\"https:\/\/www.bodegasprotos.com\/wp-content\/uploads\/2021\/05\/Protos-Crianza-225x300.png\" alt=\"Protos Crianza\" width=\"225\" height=\"300\" srcset=\"https:\/\/www.bodegasprotos.com\/wp-content\/uploads\/2021\/05\/Protos-Crianza-225x300.png 225w, https:\/\/www.bodegasprotos.com\/wp-content\/uploads\/2021\/05\/Protos-Crianza.png 600w\" sizes=\"(max-width: 225px) 100vw, 225px\" \/><\/p>\n<p>Y para finalizar este viaje, elegimos nuestro <a href=\"https:\/\/www.bodegasprotos.com\/es\/vino\/crianza\/\">Protos Crianza<\/a>, elaborado con uva Tinta del Pa\u00eds 100% y con 12 meses en barrica. Su color es rojo picota con destellos morados que indican juventud.<\/p>\n<p>En nariz, presenta una alta intensidad, con aroma de frutos maduros bien ensamblados con la madera que aporta aromas de especias dulces y agradables tostados.<\/p>\n<p>En boca, es un vino envolvente, sabroso, equilibrado, con finura y grata madurez. Presenta un final con recuerdos de fruta madura. Los quesos con car\u00e1cter, como los que vamos a presentar, le van a la perfecci\u00f3n.<\/p>\n<ul>\n<li>\n<h3><a href=\"https:\/\/poncelet.es\/inicio\/po-queso-serra-da-estrela-velho.html\">Queso Serra da Estrela<\/a><\/h3>\n<\/li>\n<\/ul>\n<p>&nbsp;<\/p>\n<p><img loading=\"lazy\" decoding=\"async\" class=\"aligncenter wp-image-34092\" src=\"https:\/\/www.bodegasprotos.com\/wp-content\/uploads\/2022\/03\/SerradaEstrela_DSC01247-300x248.jpg\" alt=\"\" width=\"214\" height=\"177\" srcset=\"https:\/\/www.bodegasprotos.com\/wp-content\/uploads\/2022\/03\/SerradaEstrela_DSC01247-300x248.jpg 300w, https:\/\/www.bodegasprotos.com\/wp-content\/uploads\/2022\/03\/SerradaEstrela_DSC01247-1024x845.jpg 1024w, https:\/\/www.bodegasprotos.com\/wp-content\/uploads\/2022\/03\/SerradaEstrela_DSC01247-768x634.jpg 768w, https:\/\/www.bodegasprotos.com\/wp-content\/uploads\/2022\/03\/SerradaEstrela_DSC01247-1536x1267.jpg 1536w, https:\/\/www.bodegasprotos.com\/wp-content\/uploads\/2022\/03\/SerradaEstrela_DSC01247-2048x1690.jpg 2048w\" sizes=\"(max-width: 214px) 100vw, 214px\" \/><\/p>\n<p>Queso de monta\u00f1a elaborado exclusivamente con leche de oveja Bordaleira da Serra da Estrela, en el entorno natural de la monta\u00f1a con el mismo nombre.<\/p>\n<p>Esto explica el amplio y rico bouquet de este queso, a menudo referido como el rey de los quesos portugueses. De intensidad fuerte, se derrite en la boca liberando una compleja mezcla de aromas. En boca es limpio, ligeramente \u00e1cido y muy caracter\u00edstico.<\/p>\n<ul>\n<li>\n<h3><a href=\"https:\/\/poncelet.es\/inicio\/it-queso-pecorino-sardo-curado.html\">Queso Pecorino Sardo<\/a><\/h3>\n<\/li>\n<\/ul>\n<p><img loading=\"lazy\" decoding=\"async\" class=\"aligncenter wp-image-34088\" src=\"https:\/\/www.bodegasprotos.com\/wp-content\/uploads\/2022\/03\/PecorinoSardo-3-300x200.jpg\" alt=\"\" width=\"264\" height=\"176\" srcset=\"https:\/\/www.bodegasprotos.com\/wp-content\/uploads\/2022\/03\/PecorinoSardo-3-300x200.jpg 300w, https:\/\/www.bodegasprotos.com\/wp-content\/uploads\/2022\/03\/PecorinoSardo-3-1024x683.jpg 1024w, https:\/\/www.bodegasprotos.com\/wp-content\/uploads\/2022\/03\/PecorinoSardo-3-768x512.jpg 768w, https:\/\/www.bodegasprotos.com\/wp-content\/uploads\/2022\/03\/PecorinoSardo-3-1536x1024.jpg 1536w, https:\/\/www.bodegasprotos.com\/wp-content\/uploads\/2022\/03\/PecorinoSardo-3-2048x1366.jpg 2048w\" sizes=\"(max-width: 264px) 100vw, 264px\" \/><\/p>\n<p>Este queso se ha convertido en el s\u00edmbolo de Cerde\u00f1a, no solamente en Italia, sino tambi\u00e9n en todo el mundo, debido a sus ra\u00edces culturales fuertes y antiguas ligadas a su tradici\u00f3n y experiencia.<\/p>\n<p>Por esta raz\u00f3n, ha obtenido varios y designaciones relevantes en Italia y en el exterior.<\/p>\n<p>De intensidad muy fuerte, es persistente y presenta a su vez un sabor dulce y agradablemente picante cuando es maduro.<\/p>\n<p>Si te ha gustado esta combinaci\u00f3n, te animamos a comprar en nuestra tienda online los vinos seleccionados y a pasarte por <a href=\"http:\/\/www.poncelet.es\">www.poncelet.es<\/a> para pedir los quesos que mejor maridan con ellos.<\/p>\n<p>Si tienes cualquier otra petici\u00f3n o gusto, el equipo de Poncelet te ayudar\u00e1 a elegir los quesos que m\u00e1s se adaptan a ti y te recomendar\u00e1 la mejor opci\u00f3n de maridaje.<\/p>\n","protected":false},"excerpt":{"rendered":"<p>Cada 27 de marzo se celebra el D\u00eda Internacional del Queso, una fecha ideal para disfrutar de este&#8230;<\/p>\n","protected":false},"author":3,"featured_media":34078,"comment_status":"closed","ping_status":"closed","sticky":false,"template":"","format":"standard","meta":{"_acf_changed":false,"footnotes":""},"categories":[87],"tags":[],"class_list":["post-34073","post","type-post","status-publish","format-standard","has-post-thumbnail","hentry","category-blog"],"acf":[],"yoast_head":"<!-- This site is optimized with the Yoast SEO plugin v27.5 - https:\/\/yoast.com\/product\/yoast-seo-wordpress\/ -->\n<title>Maridaje de vino espa\u00f1ol con quesos franceses, italianos y portugueses - Bodegas Protos<\/title>\n<meta name=\"description\" content=\"Cada 27 de marzo se celebra el D\u00eda Internacional del Queso, una fecha ideal para disfrutar de este gran producto de tradici\u00f3n europea cuyo mejor\" \/>\n<meta name=\"robots\" content=\"index, follow, max-snippet:-1, max-image-preview:large, max-video-preview:-1\" \/>\n<link rel=\"canonical\" href=\"https:\/\/www.bodegasprotos.com\/es\/blog\/maridaje-de-vino-espanol-con-quesos-franceses-italianos-y-portugueses\/\" \/>\n<meta property=\"og:locale\" content=\"es_ES\" \/>\n<meta property=\"og:type\" content=\"article\" \/>\n<meta property=\"og:title\" content=\"Maridaje de vino espa\u00f1ol con quesos franceses, italianos y portugueses - Bodegas Protos\" \/>\n<meta property=\"og:description\" content=\"Cada 27 de marzo se celebra el D\u00eda Internacional del Queso, una fecha ideal para disfrutar de este gran producto de tradici\u00f3n europea cuyo mejor\" \/>\n<meta property=\"og:url\" content=\"https:\/\/www.bodegasprotos.com\/es\/blog\/maridaje-de-vino-espanol-con-quesos-franceses-italianos-y-portugueses\/\" \/>\n<meta property=\"og:site_name\" content=\"Bodegas Protos\" \/>\n<meta property=\"article:publisher\" content=\"https:\/\/www.facebook.com\/BodegasProtos\" \/>\n<meta property=\"article:published_time\" content=\"2022-03-25T10:30:05+00:00\" \/>\n<meta property=\"article:modified_time\" content=\"2022-03-25T10:31:06+00:00\" \/>\n<meta property=\"og:image\" content=\"https:\/\/www.bodegasprotos.com\/wp-content\/uploads\/2022\/03\/jez-timms-GhfkRvlXK8c-unsplash-1-scaled.jpg\" \/>\n\t<meta property=\"og:image:width\" content=\"2560\" \/>\n\t<meta property=\"og:image:height\" content=\"1709\" \/>\n\t<meta property=\"og:image:type\" content=\"image\/jpeg\" \/>\n<meta name=\"author\" content=\"Bodegas Protos (F)\" \/>\n<meta name=\"twitter:card\" content=\"summary_large_image\" \/>\n<meta name=\"twitter:creator\" content=\"@Bodegas_Protos\" \/>\n<meta name=\"twitter:site\" content=\"@Bodegas_Protos\" \/>\n<meta name=\"twitter:label1\" content=\"Escrito por\" \/>\n\t<meta name=\"twitter:data1\" content=\"Bodegas Protos (F)\" \/>\n\t<meta name=\"twitter:label2\" content=\"Tiempo de lectura\" \/>\n\t<meta name=\"twitter:data2\" content=\"7 minutos\" \/>\n<script type=\"application\/ld+json\" class=\"yoast-schema-graph\">{\"@context\":\"https:\\\/\\\/schema.org\",\"@graph\":[{\"@type\":\"Article\",\"@id\":\"https:\\\/\\\/www.bodegasprotos.com\\\/es\\\/blog\\\/maridaje-de-vino-espanol-con-quesos-franceses-italianos-y-portugueses\\\/#article\",\"isPartOf\":{\"@id\":\"https:\\\/\\\/www.bodegasprotos.com\\\/es\\\/blog\\\/maridaje-de-vino-espanol-con-quesos-franceses-italianos-y-portugueses\\\/\"},\"author\":{\"name\":\"Bodegas Protos (F)\",\"@id\":\"https:\\\/\\\/www.bodegasprotos.com\\\/es\\\/#\\\/schema\\\/person\\\/6cb69a08afa14171755cee0df7d20027\"},\"headline\":\"Maridaje de vino espa\u00f1ol con quesos franceses, italianos y portugueses\",\"datePublished\":\"2022-03-25T10:30:05+00:00\",\"dateModified\":\"2022-03-25T10:31:06+00:00\",\"mainEntityOfPage\":{\"@id\":\"https:\\\/\\\/www.bodegasprotos.com\\\/es\\\/blog\\\/maridaje-de-vino-espanol-con-quesos-franceses-italianos-y-portugueses\\\/\"},\"wordCount\":1161,\"publisher\":{\"@id\":\"https:\\\/\\\/www.bodegasprotos.com\\\/es\\\/#organization\"},\"image\":{\"@id\":\"https:\\\/\\\/www.bodegasprotos.com\\\/es\\\/blog\\\/maridaje-de-vino-espanol-con-quesos-franceses-italianos-y-portugueses\\\/#primaryimage\"},\"thumbnailUrl\":\"https:\\\/\\\/www.bodegasprotos.com\\\/wp-content\\\/uploads\\\/2022\\\/03\\\/jez-timms-GhfkRvlXK8c-unsplash-1-scaled.jpg\",\"articleSection\":[\"Blog\"],\"inLanguage\":\"es\"},{\"@type\":\"WebPage\",\"@id\":\"https:\\\/\\\/www.bodegasprotos.com\\\/es\\\/blog\\\/maridaje-de-vino-espanol-con-quesos-franceses-italianos-y-portugueses\\\/\",\"url\":\"https:\\\/\\\/www.bodegasprotos.com\\\/es\\\/blog\\\/maridaje-de-vino-espanol-con-quesos-franceses-italianos-y-portugueses\\\/\",\"name\":\"Maridaje de vino espa\u00f1ol con quesos franceses, italianos y portugueses - Bodegas Protos\",\"isPartOf\":{\"@id\":\"https:\\\/\\\/www.bodegasprotos.com\\\/es\\\/#website\"},\"primaryImageOfPage\":{\"@id\":\"https:\\\/\\\/www.bodegasprotos.com\\\/es\\\/blog\\\/maridaje-de-vino-espanol-con-quesos-franceses-italianos-y-portugueses\\\/#primaryimage\"},\"image\":{\"@id\":\"https:\\\/\\\/www.bodegasprotos.com\\\/es\\\/blog\\\/maridaje-de-vino-espanol-con-quesos-franceses-italianos-y-portugueses\\\/#primaryimage\"},\"thumbnailUrl\":\"https:\\\/\\\/www.bodegasprotos.com\\\/wp-content\\\/uploads\\\/2022\\\/03\\\/jez-timms-GhfkRvlXK8c-unsplash-1-scaled.jpg\",\"datePublished\":\"2022-03-25T10:30:05+00:00\",\"dateModified\":\"2022-03-25T10:31:06+00:00\",\"description\":\"Cada 27 de marzo se celebra el D\u00eda Internacional del Queso, una fecha ideal para disfrutar de este gran producto de tradici\u00f3n europea cuyo mejor\",\"breadcrumb\":{\"@id\":\"https:\\\/\\\/www.bodegasprotos.com\\\/es\\\/blog\\\/maridaje-de-vino-espanol-con-quesos-franceses-italianos-y-portugueses\\\/#breadcrumb\"},\"inLanguage\":\"es\",\"potentialAction\":[{\"@type\":\"ReadAction\",\"target\":[\"https:\\\/\\\/www.bodegasprotos.com\\\/es\\\/blog\\\/maridaje-de-vino-espanol-con-quesos-franceses-italianos-y-portugueses\\\/\"]}]},{\"@type\":\"ImageObject\",\"inLanguage\":\"es\",\"@id\":\"https:\\\/\\\/www.bodegasprotos.com\\\/es\\\/blog\\\/maridaje-de-vino-espanol-con-quesos-franceses-italianos-y-portugueses\\\/#primaryimage\",\"url\":\"https:\\\/\\\/www.bodegasprotos.com\\\/wp-content\\\/uploads\\\/2022\\\/03\\\/jez-timms-GhfkRvlXK8c-unsplash-1-scaled.jpg\",\"contentUrl\":\"https:\\\/\\\/www.bodegasprotos.com\\\/wp-content\\\/uploads\\\/2022\\\/03\\\/jez-timms-GhfkRvlXK8c-unsplash-1-scaled.jpg\",\"width\":2560,\"height\":1709},{\"@type\":\"BreadcrumbList\",\"@id\":\"https:\\\/\\\/www.bodegasprotos.com\\\/es\\\/blog\\\/maridaje-de-vino-espanol-con-quesos-franceses-italianos-y-portugueses\\\/#breadcrumb\",\"itemListElement\":[{\"@type\":\"ListItem\",\"position\":1,\"name\":\"Portada\",\"item\":\"https:\\\/\\\/www.bodegasprotos.com\\\/es\\\/\"},{\"@type\":\"ListItem\",\"position\":2,\"name\":\"Maridaje de vino espa\u00f1ol con quesos franceses, italianos y portugueses\"}]},{\"@type\":\"WebSite\",\"@id\":\"https:\\\/\\\/www.bodegasprotos.com\\\/es\\\/#website\",\"url\":\"https:\\\/\\\/www.bodegasprotos.com\\\/es\\\/\",\"name\":\"Bodegas Protos\",\"description\":\"Vinos de la Denominaci\u00f3n de Origen Ribera del Duero, Rueda y Cigales\",\"publisher\":{\"@id\":\"https:\\\/\\\/www.bodegasprotos.com\\\/es\\\/#organization\"},\"potentialAction\":[{\"@type\":\"SearchAction\",\"target\":{\"@type\":\"EntryPoint\",\"urlTemplate\":\"https:\\\/\\\/www.bodegasprotos.com\\\/es\\\/?s={search_term_string}\"},\"query-input\":{\"@type\":\"PropertyValueSpecification\",\"valueRequired\":true,\"valueName\":\"search_term_string\"}}],\"inLanguage\":\"es\"},{\"@type\":\"Organization\",\"@id\":\"https:\\\/\\\/www.bodegasprotos.com\\\/es\\\/#organization\",\"name\":\"Bodegas Protos\",\"url\":\"https:\\\/\\\/www.bodegasprotos.com\\\/es\\\/\",\"logo\":{\"@type\":\"ImageObject\",\"inLanguage\":\"es\",\"@id\":\"https:\\\/\\\/www.bodegasprotos.com\\\/es\\\/#\\\/schema\\\/logo\\\/image\\\/\",\"url\":\"https:\\\/\\\/www.bodegasprotos.com\\\/wp-content\\\/uploads\\\/2024\\\/06\\\/PROTOS-LOGOS-VERSIONES-13.png\",\"contentUrl\":\"https:\\\/\\\/www.bodegasprotos.com\\\/wp-content\\\/uploads\\\/2024\\\/06\\\/PROTOS-LOGOS-VERSIONES-13.png\",\"width\":2362,\"height\":2362,\"caption\":\"Bodegas Protos\"},\"image\":{\"@id\":\"https:\\\/\\\/www.bodegasprotos.com\\\/es\\\/#\\\/schema\\\/logo\\\/image\\\/\"},\"sameAs\":[\"https:\\\/\\\/www.facebook.com\\\/BodegasProtos\",\"https:\\\/\\\/x.com\\\/Bodegas_Protos\",\"https:\\\/\\\/www.instagram.com\\\/bodegasprotosoficial\\\/\",\"https:\\\/\\\/www.linkedin.com\\\/company\\\/bodegasprotos\\\/\",\"https:\\\/\\\/pinterest.com\\\/BodegasProtos\\\/\",\"http:\\\/\\\/www.youtube.com\\\/user\\\/BodegasProtos\",\"https:\\\/\\\/es.wikipedia.org\\\/wiki\\\/Bodegas_Protos\"]},{\"@type\":\"Person\",\"@id\":\"https:\\\/\\\/www.bodegasprotos.com\\\/es\\\/#\\\/schema\\\/person\\\/6cb69a08afa14171755cee0df7d20027\",\"name\":\"Bodegas Protos (F)\",\"image\":{\"@type\":\"ImageObject\",\"inLanguage\":\"es\",\"@id\":\"https:\\\/\\\/secure.gravatar.com\\\/avatar\\\/cc613a9fd2ee203f402357c1b4aa2b7c041016cbf1eab1e41bde410b2ebd7f94?s=96&d=mm&r=g\",\"url\":\"https:\\\/\\\/secure.gravatar.com\\\/avatar\\\/cc613a9fd2ee203f402357c1b4aa2b7c041016cbf1eab1e41bde410b2ebd7f94?s=96&d=mm&r=g\",\"contentUrl\":\"https:\\\/\\\/secure.gravatar.com\\\/avatar\\\/cc613a9fd2ee203f402357c1b4aa2b7c041016cbf1eab1e41bde410b2ebd7f94?s=96&d=mm&r=g\",\"caption\":\"Bodegas Protos (F)\"},\"sameAs\":[\"https:\\\/\\\/www.bodegasprotos.com\"]}]}<\/script>\n<!-- \/ Yoast SEO plugin. -->","yoast_head_json":{"title":"Maridaje de vino espa\u00f1ol con quesos franceses, italianos y portugueses - Bodegas Protos","description":"Cada 27 de marzo se celebra el D\u00eda Internacional del Queso, una fecha ideal para disfrutar de este gran producto de tradici\u00f3n europea cuyo mejor","robots":{"index":"index","follow":"follow","max-snippet":"max-snippet:-1","max-image-preview":"max-image-preview:large","max-video-preview":"max-video-preview:-1"},"canonical":"https:\/\/www.bodegasprotos.com\/es\/blog\/maridaje-de-vino-espanol-con-quesos-franceses-italianos-y-portugueses\/","og_locale":"es_ES","og_type":"article","og_title":"Maridaje de vino espa\u00f1ol con quesos franceses, italianos y portugueses - Bodegas Protos","og_description":"Cada 27 de marzo se celebra el D\u00eda Internacional del Queso, una fecha ideal para disfrutar de este gran producto de tradici\u00f3n europea cuyo mejor","og_url":"https:\/\/www.bodegasprotos.com\/es\/blog\/maridaje-de-vino-espanol-con-quesos-franceses-italianos-y-portugueses\/","og_site_name":"Bodegas Protos","article_publisher":"https:\/\/www.facebook.com\/BodegasProtos","article_published_time":"2022-03-25T10:30:05+00:00","article_modified_time":"2022-03-25T10:31:06+00:00","og_image":[{"width":2560,"height":1709,"url":"https:\/\/www.bodegasprotos.com\/wp-content\/uploads\/2022\/03\/jez-timms-GhfkRvlXK8c-unsplash-1-scaled.jpg","type":"image\/jpeg"}],"author":"Bodegas Protos (F)","twitter_card":"summary_large_image","twitter_creator":"@Bodegas_Protos","twitter_site":"@Bodegas_Protos","twitter_misc":{"Escrito por":"Bodegas Protos (F)","Tiempo de lectura":"7 minutos"},"schema":{"@context":"https:\/\/schema.org","@graph":[{"@type":"Article","@id":"https:\/\/www.bodegasprotos.com\/es\/blog\/maridaje-de-vino-espanol-con-quesos-franceses-italianos-y-portugueses\/#article","isPartOf":{"@id":"https:\/\/www.bodegasprotos.com\/es\/blog\/maridaje-de-vino-espanol-con-quesos-franceses-italianos-y-portugueses\/"},"author":{"name":"Bodegas Protos (F)","@id":"https:\/\/www.bodegasprotos.com\/es\/#\/schema\/person\/6cb69a08afa14171755cee0df7d20027"},"headline":"Maridaje de vino espa\u00f1ol con quesos franceses, italianos y portugueses","datePublished":"2022-03-25T10:30:05+00:00","dateModified":"2022-03-25T10:31:06+00:00","mainEntityOfPage":{"@id":"https:\/\/www.bodegasprotos.com\/es\/blog\/maridaje-de-vino-espanol-con-quesos-franceses-italianos-y-portugueses\/"},"wordCount":1161,"publisher":{"@id":"https:\/\/www.bodegasprotos.com\/es\/#organization"},"image":{"@id":"https:\/\/www.bodegasprotos.com\/es\/blog\/maridaje-de-vino-espanol-con-quesos-franceses-italianos-y-portugueses\/#primaryimage"},"thumbnailUrl":"https:\/\/www.bodegasprotos.com\/wp-content\/uploads\/2022\/03\/jez-timms-GhfkRvlXK8c-unsplash-1-scaled.jpg","articleSection":["Blog"],"inLanguage":"es"},{"@type":"WebPage","@id":"https:\/\/www.bodegasprotos.com\/es\/blog\/maridaje-de-vino-espanol-con-quesos-franceses-italianos-y-portugueses\/","url":"https:\/\/www.bodegasprotos.com\/es\/blog\/maridaje-de-vino-espanol-con-quesos-franceses-italianos-y-portugueses\/","name":"Maridaje de vino espa\u00f1ol con quesos franceses, italianos y portugueses - Bodegas Protos","isPartOf":{"@id":"https:\/\/www.bodegasprotos.com\/es\/#website"},"primaryImageOfPage":{"@id":"https:\/\/www.bodegasprotos.com\/es\/blog\/maridaje-de-vino-espanol-con-quesos-franceses-italianos-y-portugueses\/#primaryimage"},"image":{"@id":"https:\/\/www.bodegasprotos.com\/es\/blog\/maridaje-de-vino-espanol-con-quesos-franceses-italianos-y-portugueses\/#primaryimage"},"thumbnailUrl":"https:\/\/www.bodegasprotos.com\/wp-content\/uploads\/2022\/03\/jez-timms-GhfkRvlXK8c-unsplash-1-scaled.jpg","datePublished":"2022-03-25T10:30:05+00:00","dateModified":"2022-03-25T10:31:06+00:00","description":"Cada 27 de marzo se celebra el D\u00eda Internacional del Queso, una fecha ideal para disfrutar de este gran producto de tradici\u00f3n europea cuyo mejor","breadcrumb":{"@id":"https:\/\/www.bodegasprotos.com\/es\/blog\/maridaje-de-vino-espanol-con-quesos-franceses-italianos-y-portugueses\/#breadcrumb"},"inLanguage":"es","potentialAction":[{"@type":"ReadAction","target":["https:\/\/www.bodegasprotos.com\/es\/blog\/maridaje-de-vino-espanol-con-quesos-franceses-italianos-y-portugueses\/"]}]},{"@type":"ImageObject","inLanguage":"es","@id":"https:\/\/www.bodegasprotos.com\/es\/blog\/maridaje-de-vino-espanol-con-quesos-franceses-italianos-y-portugueses\/#primaryimage","url":"https:\/\/www.bodegasprotos.com\/wp-content\/uploads\/2022\/03\/jez-timms-GhfkRvlXK8c-unsplash-1-scaled.jpg","contentUrl":"https:\/\/www.bodegasprotos.com\/wp-content\/uploads\/2022\/03\/jez-timms-GhfkRvlXK8c-unsplash-1-scaled.jpg","width":2560,"height":1709},{"@type":"BreadcrumbList","@id":"https:\/\/www.bodegasprotos.com\/es\/blog\/maridaje-de-vino-espanol-con-quesos-franceses-italianos-y-portugueses\/#breadcrumb","itemListElement":[{"@type":"ListItem","position":1,"name":"Portada","item":"https:\/\/www.bodegasprotos.com\/es\/"},{"@type":"ListItem","position":2,"name":"Maridaje de vino espa\u00f1ol con quesos franceses, italianos y portugueses"}]},{"@type":"WebSite","@id":"https:\/\/www.bodegasprotos.com\/es\/#website","url":"https:\/\/www.bodegasprotos.com\/es\/","name":"Bodegas Protos","description":"Vinos de la Denominaci\u00f3n de Origen Ribera del Duero, Rueda y Cigales","publisher":{"@id":"https:\/\/www.bodegasprotos.com\/es\/#organization"},"potentialAction":[{"@type":"SearchAction","target":{"@type":"EntryPoint","urlTemplate":"https:\/\/www.bodegasprotos.com\/es\/?s={search_term_string}"},"query-input":{"@type":"PropertyValueSpecification","valueRequired":true,"valueName":"search_term_string"}}],"inLanguage":"es"},{"@type":"Organization","@id":"https:\/\/www.bodegasprotos.com\/es\/#organization","name":"Bodegas Protos","url":"https:\/\/www.bodegasprotos.com\/es\/","logo":{"@type":"ImageObject","inLanguage":"es","@id":"https:\/\/www.bodegasprotos.com\/es\/#\/schema\/logo\/image\/","url":"https:\/\/www.bodegasprotos.com\/wp-content\/uploads\/2024\/06\/PROTOS-LOGOS-VERSIONES-13.png","contentUrl":"https:\/\/www.bodegasprotos.com\/wp-content\/uploads\/2024\/06\/PROTOS-LOGOS-VERSIONES-13.png","width":2362,"height":2362,"caption":"Bodegas Protos"},"image":{"@id":"https:\/\/www.bodegasprotos.com\/es\/#\/schema\/logo\/image\/"},"sameAs":["https:\/\/www.facebook.com\/BodegasProtos","https:\/\/x.com\/Bodegas_Protos","https:\/\/www.instagram.com\/bodegasprotosoficial\/","https:\/\/www.linkedin.com\/company\/bodegasprotos\/","https:\/\/pinterest.com\/BodegasProtos\/","http:\/\/www.youtube.com\/user\/BodegasProtos","https:\/\/es.wikipedia.org\/wiki\/Bodegas_Protos"]},{"@type":"Person","@id":"https:\/\/www.bodegasprotos.com\/es\/#\/schema\/person\/6cb69a08afa14171755cee0df7d20027","name":"Bodegas Protos (F)","image":{"@type":"ImageObject","inLanguage":"es","@id":"https:\/\/secure.gravatar.com\/avatar\/cc613a9fd2ee203f402357c1b4aa2b7c041016cbf1eab1e41bde410b2ebd7f94?s=96&d=mm&r=g","url":"https:\/\/secure.gravatar.com\/avatar\/cc613a9fd2ee203f402357c1b4aa2b7c041016cbf1eab1e41bde410b2ebd7f94?s=96&d=mm&r=g","contentUrl":"https:\/\/secure.gravatar.com\/avatar\/cc613a9fd2ee203f402357c1b4aa2b7c041016cbf1eab1e41bde410b2ebd7f94?s=96&d=mm&r=g","caption":"Bodegas Protos (F)"},"sameAs":["https:\/\/www.bodegasprotos.com"]}]}},"_links":{"self":[{"href":"https:\/\/www.bodegasprotos.com\/es\/wp-json\/wp\/v2\/posts\/34073","targetHints":{"allow":["GET"]}}],"collection":[{"href":"https:\/\/www.bodegasprotos.com\/es\/wp-json\/wp\/v2\/posts"}],"about":[{"href":"https:\/\/www.bodegasprotos.com\/es\/wp-json\/wp\/v2\/types\/post"}],"author":[{"embeddable":true,"href":"https:\/\/www.bodegasprotos.com\/es\/wp-json\/wp\/v2\/users\/3"}],"replies":[{"embeddable":true,"href":"https:\/\/www.bodegasprotos.com\/es\/wp-json\/wp\/v2\/comments?post=34073"}],"version-history":[{"count":0,"href":"https:\/\/www.bodegasprotos.com\/es\/wp-json\/wp\/v2\/posts\/34073\/revisions"}],"wp:featuredmedia":[{"embeddable":true,"href":"https:\/\/www.bodegasprotos.com\/es\/wp-json\/wp\/v2\/media\/34078"}],"wp:attachment":[{"href":"https:\/\/www.bodegasprotos.com\/es\/wp-json\/wp\/v2\/media?parent=34073"}],"wp:term":[{"taxonomy":"category","embeddable":true,"href":"https:\/\/www.bodegasprotos.com\/es\/wp-json\/wp\/v2\/categories?post=34073"},{"taxonomy":"post_tag","embeddable":true,"href":"https:\/\/www.bodegasprotos.com\/es\/wp-json\/wp\/v2\/tags?post=34073"}],"curies":[{"name":"wp","href":"https:\/\/api.w.org\/{rel}","templated":true}]}}