{"id":33841,"date":"2022-02-18T11:30:08","date_gmt":"2022-02-18T10:30:08","guid":{"rendered":"https:\/\/www.bodegasprotos.com\/?p=33841"},"modified":"2022-02-18T10:30:45","modified_gmt":"2022-02-18T09:30:45","slug":"vinos-blancos-con-crianza","status":"publish","type":"post","link":"https:\/\/www.bodegasprotos.com\/es\/blog\/vinos-blancos-con-crianza\/","title":{"rendered":"Vinos blancos con crianza"},"content":{"rendered":"<p>Hugo\u00a0Garc\u00eda Prieto, en\u00f3logo de Bodegas Protos en la <a href=\"https:\/\/www.dorueda.com\/es\/\">Denominaci\u00f3n de Origen Rueda,<\/a> nos explica las diferencias en la elaboraci\u00f3n de <a href=\"https:\/\/www.bodegasprotos.com\/es\/en-portada\/el-primer-blanco-reserva-de-d-o-rueda-llega-de-la-mano-de-bodegas-protos\/\">un vino blanco con crianza <\/a>\u00a0con un vino blanco joven, as\u00ed como sus caracter\u00edsticas de color, aromas y boca y c\u00f3mo sacarle el mejor partido a la hora de consumirlo.<\/p>\n<p><img decoding=\"async\" class=\"wp-image-30050 \" title=\"Verdejo Reserva\" src=\"https:\/\/www.bodegasprotos.com\/wp-content\/uploads\/2020\/10\/Protos_Verdejo_Reserva-1-86x300.png\" alt=\"Protos Verdejo Reserva\" width=\"91\" height=\"317\" srcset=\"https:\/\/www.bodegasprotos.com\/wp-content\/uploads\/2020\/10\/Protos_Verdejo_Reserva-1-86x300.png 86w, https:\/\/www.bodegasprotos.com\/wp-content\/uploads\/2020\/10\/Protos_Verdejo_Reserva-1.png 286w\" sizes=\"(max-width: 91px) 100vw, 91px\" \/><\/p>\n<h2><strong>\u00bfC\u00f3mo se elabora un vino blanco con madera?<\/strong><\/h2>\n<p>En un primer momento, hay que destacar que la uva se recoge mediante vendimia mecanizada nocturna en el vi\u00f1edo al que previamente se le han quitado los racimos no deseados de forma manual.<\/p>\n<p>Con esto, aprovechamos las horas m\u00e1s fr\u00edas y en ausencia del sol para que la uva entre lo m\u00e1s fresca posible en la bodega.<\/p>\n<p>Adem\u00e1s se a\u00f1ade nieve carb\u00f3nica en el remolque seg\u00fan se descarga la uva para evitar la oxidaci\u00f3n de la uva por efecto del ox\u00edgeno del aire durante el transporte a la bodega.<\/p>\n<h3>En la bodega<\/h3>\n<p>Una vez est\u00e1 la uva en la bodega se mete a la prensa, herm\u00e9tica y con camisa de refrigeraci\u00f3n, y se mantiene en ella con atm\u00f3sfera inerte a 10\u00baC para realizar una maceraci\u00f3n pelicular durante 4 horas.<\/p>\n<p>Con esto, queremos extraer los precursores arom\u00e1ticos que hay en los hollejos. Una vez pasado ese tiempo, prensamos hasta 0,8 atm de presi\u00f3n y llevamos el mosto obtenido a realizar un desfangado est\u00e1tico a 10 \u00baC en dep\u00f3sito de acero inoxidable durante 28-30 horas.<\/p>\n<p>As\u00ed eliminamos las impurezas que puede haber arrastrado el mosto durante el prensado.<\/p>\n<p>A continuaci\u00f3n, trasegamos el mosto limpio a las barricas para que fermente en ellas.<\/p>\n<p>La fermentaci\u00f3n se realiza en barricas de roble franc\u00e9s, mitad nueva mitad de un a\u00f1o, de diferentes capacidades y con tostado ligero a unos 16 \u00baC.<\/p>\n<p>Una vez terminada la fermentaci\u00f3n, se vac\u00edan las barricas, se lavan con agua caliente a presi\u00f3n y se vuelve a meter en ellas el vino <a href=\"https:\/\/www.bodegasprotos.com\/es\/vino\/verdejo-reserva\/\">para comenzar la crianza del mismo<\/a> sobre sus propias l\u00edas aproximadamente 6-7 meses (se decide por cata), haciendo el batonage a mano, barrica a barrica para mantener las l\u00edas en suspensi\u00f3n y que la crianza sea m\u00e1s limpia y eficaz.<\/p>\n<p>Pasado el tiempo de crianza se cata barrica a barrica y se decide cu\u00e1les van a formar parte del coupage final.<\/p>\n<p>Se vac\u00edan las barricas, se filtra el vino y se procede a su embotellado. La crianza en botella es de m\u00ednimo 18 meses, hasta completar un m\u00ednimo de 2 a\u00f1os de crianza entre barrica y botella.<\/p>\n<h2><strong>Sus caracter\u00edsticas\u2026<\/strong><\/h2>\n<p>Comparativamente con nuestro <a href=\"https:\/\/www.bodegasprotos.com\/es\/vino\/verdejo\/\">Protos Verdejo criado sobre l\u00edas finas<\/a>, este vino tiene un color menos p\u00e1lido, tiende al amarillo paja con tonos dorados debido a los dos a\u00f1os de crianza.<img fetchpriority=\"high\" decoding=\"async\" class=\"wp-image-30351 alignnone aligncenter\" src=\"https:\/\/www.bodegasprotos.com\/wp-content\/uploads\/2021\/01\/Protos-Verdejo-189x300.jpg\" alt=\"Protos Verdejo\" width=\"223\" height=\"354\" srcset=\"https:\/\/www.bodegasprotos.com\/wp-content\/uploads\/2021\/01\/Protos-Verdejo-189x300.jpg 189w, https:\/\/www.bodegasprotos.com\/wp-content\/uploads\/2021\/01\/Protos-Verdejo-644x1024.jpg 644w, https:\/\/www.bodegasprotos.com\/wp-content\/uploads\/2021\/01\/Protos-Verdejo-768x1222.jpg 768w, https:\/\/www.bodegasprotos.com\/wp-content\/uploads\/2021\/01\/Protos-Verdejo-965x1536.jpg 965w, https:\/\/www.bodegasprotos.com\/wp-content\/uploads\/2021\/01\/Protos-Verdejo-1287x2048.jpg 1287w, https:\/\/www.bodegasprotos.com\/wp-content\/uploads\/2021\/01\/Protos-Verdejo-scaled.jpg 1609w\" sizes=\"(max-width: 223px) 100vw, 223px\" \/>Arom\u00e1ticamente pierde frescura, pero gana en complejidad debido al ensamblaje perfecto entre la fruta de la variedad (herb\u00e1ceos, fruta blanca, ligeramente c\u00edtrico) y el tostado suave de las barricas (vainillas, especiados y ahumados).<\/p>\n<p>En boca es un vino seco, graso, con volumen y estructura, que conserva al mismo tiempo frescura gracias a su buena acidez. Reaparecen los apuntes de fruta y herb\u00e1ceos.<\/p>\n<p>Largo, expresivo, con el recuerdo de la madera francesa de las barricas, especiado (vainilla), persistente final con un ligero amargor caracter\u00edstico del Verdejo que incita a seguir bebiendo.<\/p>\n<h2><strong>\u00bfC\u00f3mo sacarle el mejor partido?<\/strong><\/h2>\n<p>Un vino blanco con crianza tiene que estar a una temperatura de servicio de 8-10 \u00baC.<\/p>\n<p>Marida bien con un amplio abanico de comidas, desde arroces, pescado y pasta por su car\u00e1cter de vino blanco hasta carnes o guisos por el car\u00e1cter que le<\/p>\n","protected":false},"excerpt":{"rendered":"<p>Hugo\u00a0Garc\u00eda Prieto, en\u00f3logo de Bodegas Protos en la Denominaci\u00f3n de Origen Rueda, nos explica las diferencias en la&#8230;<\/p>\n","protected":false},"author":3,"featured_media":33842,"comment_status":"closed","ping_status":"closed","sticky":false,"template":"","format":"standard","meta":{"_acf_changed":false,"footnotes":""},"categories":[87],"tags":[],"class_list":["post-33841","post","type-post","status-publish","format-standard","has-post-thumbnail","hentry","category-blog"],"acf":[],"yoast_head":"<!-- This site is optimized with the Yoast SEO plugin v27.5 - https:\/\/yoast.com\/product\/yoast-seo-wordpress\/ -->\n<title>Vinos blancos con crianza - Bodegas Protos<\/title>\n<meta name=\"description\" content=\"Hugo\u00a0Garc\u00eda Prieto, en\u00f3logo de Bodegas Protos en la Denominaci\u00f3n de Origen Rueda, nos explica las diferencias en la elaboraci\u00f3n de un vino blanco con\" \/>\n<meta name=\"robots\" content=\"index, follow, max-snippet:-1, max-image-preview:large, max-video-preview:-1\" \/>\n<link rel=\"canonical\" href=\"https:\/\/www.bodegasprotos.com\/es\/blog\/vinos-blancos-con-crianza\/\" \/>\n<meta property=\"og:locale\" content=\"es_ES\" \/>\n<meta property=\"og:type\" content=\"article\" \/>\n<meta property=\"og:title\" content=\"Vinos blancos con crianza - Bodegas Protos\" \/>\n<meta property=\"og:description\" content=\"Hugo\u00a0Garc\u00eda Prieto, en\u00f3logo de Bodegas Protos en la Denominaci\u00f3n de Origen Rueda, nos explica las diferencias en la elaboraci\u00f3n de un vino blanco con\" \/>\n<meta property=\"og:url\" content=\"https:\/\/www.bodegasprotos.com\/es\/blog\/vinos-blancos-con-crianza\/\" \/>\n<meta property=\"og:site_name\" content=\"Bodegas Protos\" \/>\n<meta property=\"article:publisher\" content=\"https:\/\/www.facebook.com\/BodegasProtos\" \/>\n<meta property=\"article:published_time\" content=\"2022-02-18T10:30:08+00:00\" \/>\n<meta property=\"og:image\" content=\"https:\/\/www.bodegasprotos.com\/wp-content\/uploads\/2022\/02\/celina-albertz-mGhlWTP118Y-unsplash-scaled.jpg\" \/>\n\t<meta property=\"og:image:width\" content=\"2560\" \/>\n\t<meta property=\"og:image:height\" content=\"1707\" \/>\n\t<meta property=\"og:image:type\" content=\"image\/jpeg\" \/>\n<meta name=\"author\" content=\"Bodegas Protos (F)\" \/>\n<meta name=\"twitter:card\" content=\"summary_large_image\" \/>\n<meta name=\"twitter:creator\" content=\"@Bodegas_Protos\" \/>\n<meta name=\"twitter:site\" content=\"@Bodegas_Protos\" \/>\n<meta name=\"twitter:label1\" content=\"Escrito por\" \/>\n\t<meta name=\"twitter:data1\" content=\"Bodegas Protos (F)\" \/>\n\t<meta name=\"twitter:label2\" content=\"Tiempo de lectura\" \/>\n\t<meta name=\"twitter:data2\" content=\"3 minutos\" \/>\n<script type=\"application\/ld+json\" class=\"yoast-schema-graph\">{\"@context\":\"https:\\\/\\\/schema.org\",\"@graph\":[{\"@type\":\"Article\",\"@id\":\"https:\\\/\\\/www.bodegasprotos.com\\\/es\\\/blog\\\/vinos-blancos-con-crianza\\\/#article\",\"isPartOf\":{\"@id\":\"https:\\\/\\\/www.bodegasprotos.com\\\/es\\\/blog\\\/vinos-blancos-con-crianza\\\/\"},\"author\":{\"name\":\"Bodegas Protos (F)\",\"@id\":\"https:\\\/\\\/www.bodegasprotos.com\\\/es\\\/#\\\/schema\\\/person\\\/6cb69a08afa14171755cee0df7d20027\"},\"headline\":\"Vinos blancos con crianza\",\"datePublished\":\"2022-02-18T10:30:08+00:00\",\"mainEntityOfPage\":{\"@id\":\"https:\\\/\\\/www.bodegasprotos.com\\\/es\\\/blog\\\/vinos-blancos-con-crianza\\\/\"},\"wordCount\":629,\"publisher\":{\"@id\":\"https:\\\/\\\/www.bodegasprotos.com\\\/es\\\/#organization\"},\"image\":{\"@id\":\"https:\\\/\\\/www.bodegasprotos.com\\\/es\\\/blog\\\/vinos-blancos-con-crianza\\\/#primaryimage\"},\"thumbnailUrl\":\"https:\\\/\\\/www.bodegasprotos.com\\\/wp-content\\\/uploads\\\/2022\\\/02\\\/celina-albertz-mGhlWTP118Y-unsplash-scaled.jpg\",\"articleSection\":[\"Blog\"],\"inLanguage\":\"es\"},{\"@type\":\"WebPage\",\"@id\":\"https:\\\/\\\/www.bodegasprotos.com\\\/es\\\/blog\\\/vinos-blancos-con-crianza\\\/\",\"url\":\"https:\\\/\\\/www.bodegasprotos.com\\\/es\\\/blog\\\/vinos-blancos-con-crianza\\\/\",\"name\":\"Vinos blancos con crianza - Bodegas Protos\",\"isPartOf\":{\"@id\":\"https:\\\/\\\/www.bodegasprotos.com\\\/es\\\/#website\"},\"primaryImageOfPage\":{\"@id\":\"https:\\\/\\\/www.bodegasprotos.com\\\/es\\\/blog\\\/vinos-blancos-con-crianza\\\/#primaryimage\"},\"image\":{\"@id\":\"https:\\\/\\\/www.bodegasprotos.com\\\/es\\\/blog\\\/vinos-blancos-con-crianza\\\/#primaryimage\"},\"thumbnailUrl\":\"https:\\\/\\\/www.bodegasprotos.com\\\/wp-content\\\/uploads\\\/2022\\\/02\\\/celina-albertz-mGhlWTP118Y-unsplash-scaled.jpg\",\"datePublished\":\"2022-02-18T10:30:08+00:00\",\"description\":\"Hugo\u00a0Garc\u00eda Prieto, en\u00f3logo de Bodegas Protos en la Denominaci\u00f3n de Origen Rueda, nos explica las diferencias en la elaboraci\u00f3n de un vino blanco con\",\"breadcrumb\":{\"@id\":\"https:\\\/\\\/www.bodegasprotos.com\\\/es\\\/blog\\\/vinos-blancos-con-crianza\\\/#breadcrumb\"},\"inLanguage\":\"es\",\"potentialAction\":[{\"@type\":\"ReadAction\",\"target\":[\"https:\\\/\\\/www.bodegasprotos.com\\\/es\\\/blog\\\/vinos-blancos-con-crianza\\\/\"]}]},{\"@type\":\"ImageObject\",\"inLanguage\":\"es\",\"@id\":\"https:\\\/\\\/www.bodegasprotos.com\\\/es\\\/blog\\\/vinos-blancos-con-crianza\\\/#primaryimage\",\"url\":\"https:\\\/\\\/www.bodegasprotos.com\\\/wp-content\\\/uploads\\\/2022\\\/02\\\/celina-albertz-mGhlWTP118Y-unsplash-scaled.jpg\",\"contentUrl\":\"https:\\\/\\\/www.bodegasprotos.com\\\/wp-content\\\/uploads\\\/2022\\\/02\\\/celina-albertz-mGhlWTP118Y-unsplash-scaled.jpg\",\"width\":2560,\"height\":1707},{\"@type\":\"BreadcrumbList\",\"@id\":\"https:\\\/\\\/www.bodegasprotos.com\\\/es\\\/blog\\\/vinos-blancos-con-crianza\\\/#breadcrumb\",\"itemListElement\":[{\"@type\":\"ListItem\",\"position\":1,\"name\":\"Portada\",\"item\":\"https:\\\/\\\/www.bodegasprotos.com\\\/es\\\/\"},{\"@type\":\"ListItem\",\"position\":2,\"name\":\"Vinos blancos con crianza\"}]},{\"@type\":\"WebSite\",\"@id\":\"https:\\\/\\\/www.bodegasprotos.com\\\/es\\\/#website\",\"url\":\"https:\\\/\\\/www.bodegasprotos.com\\\/es\\\/\",\"name\":\"Bodegas Protos\",\"description\":\"Vinos de la Denominaci\u00f3n de Origen Ribera del Duero, Rueda y Cigales\",\"publisher\":{\"@id\":\"https:\\\/\\\/www.bodegasprotos.com\\\/es\\\/#organization\"},\"potentialAction\":[{\"@type\":\"SearchAction\",\"target\":{\"@type\":\"EntryPoint\",\"urlTemplate\":\"https:\\\/\\\/www.bodegasprotos.com\\\/es\\\/?s={search_term_string}\"},\"query-input\":{\"@type\":\"PropertyValueSpecification\",\"valueRequired\":true,\"valueName\":\"search_term_string\"}}],\"inLanguage\":\"es\"},{\"@type\":\"Organization\",\"@id\":\"https:\\\/\\\/www.bodegasprotos.com\\\/es\\\/#organization\",\"name\":\"Bodegas Protos\",\"url\":\"https:\\\/\\\/www.bodegasprotos.com\\\/es\\\/\",\"logo\":{\"@type\":\"ImageObject\",\"inLanguage\":\"es\",\"@id\":\"https:\\\/\\\/www.bodegasprotos.com\\\/es\\\/#\\\/schema\\\/logo\\\/image\\\/\",\"url\":\"https:\\\/\\\/www.bodegasprotos.com\\\/wp-content\\\/uploads\\\/2024\\\/06\\\/PROTOS-LOGOS-VERSIONES-13.png\",\"contentUrl\":\"https:\\\/\\\/www.bodegasprotos.com\\\/wp-content\\\/uploads\\\/2024\\\/06\\\/PROTOS-LOGOS-VERSIONES-13.png\",\"width\":2362,\"height\":2362,\"caption\":\"Bodegas Protos\"},\"image\":{\"@id\":\"https:\\\/\\\/www.bodegasprotos.com\\\/es\\\/#\\\/schema\\\/logo\\\/image\\\/\"},\"sameAs\":[\"https:\\\/\\\/www.facebook.com\\\/BodegasProtos\",\"https:\\\/\\\/x.com\\\/Bodegas_Protos\",\"https:\\\/\\\/www.instagram.com\\\/bodegasprotosoficial\\\/\",\"https:\\\/\\\/www.linkedin.com\\\/company\\\/bodegasprotos\\\/\",\"https:\\\/\\\/pinterest.com\\\/BodegasProtos\\\/\",\"http:\\\/\\\/www.youtube.com\\\/user\\\/BodegasProtos\",\"https:\\\/\\\/es.wikipedia.org\\\/wiki\\\/Bodegas_Protos\"]},{\"@type\":\"Person\",\"@id\":\"https:\\\/\\\/www.bodegasprotos.com\\\/es\\\/#\\\/schema\\\/person\\\/6cb69a08afa14171755cee0df7d20027\",\"name\":\"Bodegas Protos (F)\",\"image\":{\"@type\":\"ImageObject\",\"inLanguage\":\"es\",\"@id\":\"https:\\\/\\\/secure.gravatar.com\\\/avatar\\\/cc613a9fd2ee203f402357c1b4aa2b7c041016cbf1eab1e41bde410b2ebd7f94?s=96&d=mm&r=g\",\"url\":\"https:\\\/\\\/secure.gravatar.com\\\/avatar\\\/cc613a9fd2ee203f402357c1b4aa2b7c041016cbf1eab1e41bde410b2ebd7f94?s=96&d=mm&r=g\",\"contentUrl\":\"https:\\\/\\\/secure.gravatar.com\\\/avatar\\\/cc613a9fd2ee203f402357c1b4aa2b7c041016cbf1eab1e41bde410b2ebd7f94?s=96&d=mm&r=g\",\"caption\":\"Bodegas Protos (F)\"},\"sameAs\":[\"https:\\\/\\\/www.bodegasprotos.com\"]}]}<\/script>\n<!-- \/ Yoast SEO plugin. -->","yoast_head_json":{"title":"Vinos blancos con crianza - Bodegas Protos","description":"Hugo\u00a0Garc\u00eda Prieto, en\u00f3logo de Bodegas Protos en la Denominaci\u00f3n de Origen Rueda, nos explica las diferencias en la elaboraci\u00f3n de un vino blanco con","robots":{"index":"index","follow":"follow","max-snippet":"max-snippet:-1","max-image-preview":"max-image-preview:large","max-video-preview":"max-video-preview:-1"},"canonical":"https:\/\/www.bodegasprotos.com\/es\/blog\/vinos-blancos-con-crianza\/","og_locale":"es_ES","og_type":"article","og_title":"Vinos blancos con crianza - Bodegas Protos","og_description":"Hugo\u00a0Garc\u00eda Prieto, en\u00f3logo de Bodegas Protos en la Denominaci\u00f3n de Origen Rueda, nos explica las diferencias en la elaboraci\u00f3n de un vino blanco con","og_url":"https:\/\/www.bodegasprotos.com\/es\/blog\/vinos-blancos-con-crianza\/","og_site_name":"Bodegas Protos","article_publisher":"https:\/\/www.facebook.com\/BodegasProtos","article_published_time":"2022-02-18T10:30:08+00:00","og_image":[{"width":2560,"height":1707,"url":"https:\/\/www.bodegasprotos.com\/wp-content\/uploads\/2022\/02\/celina-albertz-mGhlWTP118Y-unsplash-scaled.jpg","type":"image\/jpeg"}],"author":"Bodegas Protos (F)","twitter_card":"summary_large_image","twitter_creator":"@Bodegas_Protos","twitter_site":"@Bodegas_Protos","twitter_misc":{"Escrito por":"Bodegas Protos (F)","Tiempo de lectura":"3 minutos"},"schema":{"@context":"https:\/\/schema.org","@graph":[{"@type":"Article","@id":"https:\/\/www.bodegasprotos.com\/es\/blog\/vinos-blancos-con-crianza\/#article","isPartOf":{"@id":"https:\/\/www.bodegasprotos.com\/es\/blog\/vinos-blancos-con-crianza\/"},"author":{"name":"Bodegas Protos (F)","@id":"https:\/\/www.bodegasprotos.com\/es\/#\/schema\/person\/6cb69a08afa14171755cee0df7d20027"},"headline":"Vinos blancos con crianza","datePublished":"2022-02-18T10:30:08+00:00","mainEntityOfPage":{"@id":"https:\/\/www.bodegasprotos.com\/es\/blog\/vinos-blancos-con-crianza\/"},"wordCount":629,"publisher":{"@id":"https:\/\/www.bodegasprotos.com\/es\/#organization"},"image":{"@id":"https:\/\/www.bodegasprotos.com\/es\/blog\/vinos-blancos-con-crianza\/#primaryimage"},"thumbnailUrl":"https:\/\/www.bodegasprotos.com\/wp-content\/uploads\/2022\/02\/celina-albertz-mGhlWTP118Y-unsplash-scaled.jpg","articleSection":["Blog"],"inLanguage":"es"},{"@type":"WebPage","@id":"https:\/\/www.bodegasprotos.com\/es\/blog\/vinos-blancos-con-crianza\/","url":"https:\/\/www.bodegasprotos.com\/es\/blog\/vinos-blancos-con-crianza\/","name":"Vinos blancos con crianza - Bodegas Protos","isPartOf":{"@id":"https:\/\/www.bodegasprotos.com\/es\/#website"},"primaryImageOfPage":{"@id":"https:\/\/www.bodegasprotos.com\/es\/blog\/vinos-blancos-con-crianza\/#primaryimage"},"image":{"@id":"https:\/\/www.bodegasprotos.com\/es\/blog\/vinos-blancos-con-crianza\/#primaryimage"},"thumbnailUrl":"https:\/\/www.bodegasprotos.com\/wp-content\/uploads\/2022\/02\/celina-albertz-mGhlWTP118Y-unsplash-scaled.jpg","datePublished":"2022-02-18T10:30:08+00:00","description":"Hugo\u00a0Garc\u00eda Prieto, en\u00f3logo de Bodegas Protos en la Denominaci\u00f3n de Origen Rueda, nos explica las diferencias en la elaboraci\u00f3n de un vino blanco con","breadcrumb":{"@id":"https:\/\/www.bodegasprotos.com\/es\/blog\/vinos-blancos-con-crianza\/#breadcrumb"},"inLanguage":"es","potentialAction":[{"@type":"ReadAction","target":["https:\/\/www.bodegasprotos.com\/es\/blog\/vinos-blancos-con-crianza\/"]}]},{"@type":"ImageObject","inLanguage":"es","@id":"https:\/\/www.bodegasprotos.com\/es\/blog\/vinos-blancos-con-crianza\/#primaryimage","url":"https:\/\/www.bodegasprotos.com\/wp-content\/uploads\/2022\/02\/celina-albertz-mGhlWTP118Y-unsplash-scaled.jpg","contentUrl":"https:\/\/www.bodegasprotos.com\/wp-content\/uploads\/2022\/02\/celina-albertz-mGhlWTP118Y-unsplash-scaled.jpg","width":2560,"height":1707},{"@type":"BreadcrumbList","@id":"https:\/\/www.bodegasprotos.com\/es\/blog\/vinos-blancos-con-crianza\/#breadcrumb","itemListElement":[{"@type":"ListItem","position":1,"name":"Portada","item":"https:\/\/www.bodegasprotos.com\/es\/"},{"@type":"ListItem","position":2,"name":"Vinos blancos con crianza"}]},{"@type":"WebSite","@id":"https:\/\/www.bodegasprotos.com\/es\/#website","url":"https:\/\/www.bodegasprotos.com\/es\/","name":"Bodegas Protos","description":"Vinos de la Denominaci\u00f3n de Origen Ribera del Duero, Rueda y Cigales","publisher":{"@id":"https:\/\/www.bodegasprotos.com\/es\/#organization"},"potentialAction":[{"@type":"SearchAction","target":{"@type":"EntryPoint","urlTemplate":"https:\/\/www.bodegasprotos.com\/es\/?s={search_term_string}"},"query-input":{"@type":"PropertyValueSpecification","valueRequired":true,"valueName":"search_term_string"}}],"inLanguage":"es"},{"@type":"Organization","@id":"https:\/\/www.bodegasprotos.com\/es\/#organization","name":"Bodegas Protos","url":"https:\/\/www.bodegasprotos.com\/es\/","logo":{"@type":"ImageObject","inLanguage":"es","@id":"https:\/\/www.bodegasprotos.com\/es\/#\/schema\/logo\/image\/","url":"https:\/\/www.bodegasprotos.com\/wp-content\/uploads\/2024\/06\/PROTOS-LOGOS-VERSIONES-13.png","contentUrl":"https:\/\/www.bodegasprotos.com\/wp-content\/uploads\/2024\/06\/PROTOS-LOGOS-VERSIONES-13.png","width":2362,"height":2362,"caption":"Bodegas Protos"},"image":{"@id":"https:\/\/www.bodegasprotos.com\/es\/#\/schema\/logo\/image\/"},"sameAs":["https:\/\/www.facebook.com\/BodegasProtos","https:\/\/x.com\/Bodegas_Protos","https:\/\/www.instagram.com\/bodegasprotosoficial\/","https:\/\/www.linkedin.com\/company\/bodegasprotos\/","https:\/\/pinterest.com\/BodegasProtos\/","http:\/\/www.youtube.com\/user\/BodegasProtos","https:\/\/es.wikipedia.org\/wiki\/Bodegas_Protos"]},{"@type":"Person","@id":"https:\/\/www.bodegasprotos.com\/es\/#\/schema\/person\/6cb69a08afa14171755cee0df7d20027","name":"Bodegas Protos (F)","image":{"@type":"ImageObject","inLanguage":"es","@id":"https:\/\/secure.gravatar.com\/avatar\/cc613a9fd2ee203f402357c1b4aa2b7c041016cbf1eab1e41bde410b2ebd7f94?s=96&d=mm&r=g","url":"https:\/\/secure.gravatar.com\/avatar\/cc613a9fd2ee203f402357c1b4aa2b7c041016cbf1eab1e41bde410b2ebd7f94?s=96&d=mm&r=g","contentUrl":"https:\/\/secure.gravatar.com\/avatar\/cc613a9fd2ee203f402357c1b4aa2b7c041016cbf1eab1e41bde410b2ebd7f94?s=96&d=mm&r=g","caption":"Bodegas Protos (F)"},"sameAs":["https:\/\/www.bodegasprotos.com"]}]}},"_links":{"self":[{"href":"https:\/\/www.bodegasprotos.com\/es\/wp-json\/wp\/v2\/posts\/33841","targetHints":{"allow":["GET"]}}],"collection":[{"href":"https:\/\/www.bodegasprotos.com\/es\/wp-json\/wp\/v2\/posts"}],"about":[{"href":"https:\/\/www.bodegasprotos.com\/es\/wp-json\/wp\/v2\/types\/post"}],"author":[{"embeddable":true,"href":"https:\/\/www.bodegasprotos.com\/es\/wp-json\/wp\/v2\/users\/3"}],"replies":[{"embeddable":true,"href":"https:\/\/www.bodegasprotos.com\/es\/wp-json\/wp\/v2\/comments?post=33841"}],"version-history":[{"count":0,"href":"https:\/\/www.bodegasprotos.com\/es\/wp-json\/wp\/v2\/posts\/33841\/revisions"}],"wp:featuredmedia":[{"embeddable":true,"href":"https:\/\/www.bodegasprotos.com\/es\/wp-json\/wp\/v2\/media\/33842"}],"wp:attachment":[{"href":"https:\/\/www.bodegasprotos.com\/es\/wp-json\/wp\/v2\/media?parent=33841"}],"wp:term":[{"taxonomy":"category","embeddable":true,"href":"https:\/\/www.bodegasprotos.com\/es\/wp-json\/wp\/v2\/categories?post=33841"},{"taxonomy":"post_tag","embeddable":true,"href":"https:\/\/www.bodegasprotos.com\/es\/wp-json\/wp\/v2\/tags?post=33841"}],"curies":[{"name":"wp","href":"https:\/\/api.w.org\/{rel}","templated":true}]}}