{"id":33624,"date":"2022-01-07T11:28:39","date_gmt":"2022-01-07T10:28:39","guid":{"rendered":"https:\/\/www.bodegasprotos.com\/?p=33624"},"modified":"2021-12-29T12:12:16","modified_gmt":"2021-12-29T11:12:16","slug":"como-se-celebra-el-6-de-enero-en-los-distintos-paises","status":"publish","type":"post","link":"https:\/\/www.bodegasprotos.com\/es\/general\/como-se-celebra-el-6-de-enero-en-los-distintos-paises\/","title":{"rendered":"\u00bfC\u00f3mo se celebra el 6 de enero en los distintos pa\u00edses?"},"content":{"rendered":"<p><img fetchpriority=\"high\" decoding=\"async\" class=\"aligncenter wp-image-33627\" src=\"https:\/\/www.bodegasprotos.com\/wp-content\/uploads\/2021\/12\/clint-patterson-OF-jMfST9UQ-unsplash-300x200.jpg\" alt=\"\" width=\"338\" height=\"225\" srcset=\"https:\/\/www.bodegasprotos.com\/wp-content\/uploads\/2021\/12\/clint-patterson-OF-jMfST9UQ-unsplash-300x200.jpg 300w, https:\/\/www.bodegasprotos.com\/wp-content\/uploads\/2021\/12\/clint-patterson-OF-jMfST9UQ-unsplash-1024x683.jpg 1024w, https:\/\/www.bodegasprotos.com\/wp-content\/uploads\/2021\/12\/clint-patterson-OF-jMfST9UQ-unsplash-768x512.jpg 768w, https:\/\/www.bodegasprotos.com\/wp-content\/uploads\/2021\/12\/clint-patterson-OF-jMfST9UQ-unsplash-1536x1024.jpg 1536w, https:\/\/www.bodegasprotos.com\/wp-content\/uploads\/2021\/12\/clint-patterson-OF-jMfST9UQ-unsplash-2048x1365.jpg 2048w\" sizes=\"(max-width: 338px) 100vw, 338px\" \/><\/p>\n<p>&nbsp;<\/p>\n<p>Acabamos de empezar un nuevo a\u00f1o, el 2022. Un a\u00f1o que esperamos, nos traiga cosas buenas.<\/p>\n<p>Y si algo bueno tiene cada a\u00f1o, es el d\u00eda 6 de enero. El d\u00eda en el que en Espa\u00f1a se celebra la festividad de los Reyes Magos.<\/p>\n<p>Un d\u00eda para regalar, para estar con los m\u00e1s queridos degustando el famoso Rosc\u00f3n de Reyes, y conmemorar y <a href=\"https:\/\/www.bodegasprotos.com\/es\/vino\/finca-grajo-viejo\/\">brindar<\/a> por la llegada de los Reyes Magos a Bel\u00e9n.<\/p>\n<p><img decoding=\"async\" class=\"aligncenter size-medium wp-image-33629\" src=\"https:\/\/www.bodegasprotos.com\/wp-content\/uploads\/2021\/12\/Protos_grajoviejo-85x300.png\" alt=\"\" width=\"85\" height=\"300\" srcset=\"https:\/\/www.bodegasprotos.com\/wp-content\/uploads\/2021\/12\/Protos_grajoviejo-85x300.png 85w, https:\/\/www.bodegasprotos.com\/wp-content\/uploads\/2021\/12\/Protos_grajoviejo.png 283w\" sizes=\"(max-width: 85px) 100vw, 85px\" \/><\/p>\n<p>&nbsp;<\/p>\n<p>Una fiesta que llega 12 d\u00edas despu\u00e9s del nacimiento del ni\u00f1o Jes\u00fas.<\/p>\n<p>Un d\u00eda que los ni\u00f1os esperan con gran ilusi\u00f3n ya que sus Majestades los Reyes Magos pasan toda la noche visitando los hogares y repartiendo regalos a aquellos que se hayan portado bien \ud83d\ude09.<\/p>\n<p>Los espa\u00f1oles sabemos muy bien c\u00f3mo celebramos este d\u00eda, pero \u00bfser\u00e1 igual en otros pa\u00edses del mundo? Vamos a descubrirlo!<\/p>\n<h2><strong>EUROPA<\/strong><\/h2>\n<p>Comenzamos este viaje por uno de nuestros pa\u00edses vecino:<\/p>\n<h3><strong>ITALIA<\/strong><\/h3>\n<p>En Italia no hay Reyes Magos, en su lugar hay una bruja buena llamada la <a href=\"https:\/\/www.guiainfantil.com\/articulos\/navidad\/cuentos\/la-befana-leyenda-de-navidad-para-ninos-de-origen-italiano\/\">bruja Befana<\/a>.<\/p>\n<p>La leyenda cuenta que los Reyes Magos de Oriente, durante su periplo, le pidieron ayuda a una anciana llamada Befana, con el fin de que les guiara por el buen camino y que los acompa\u00f1ase hasta el portal de Bel\u00e9n.<\/p>\n<p>La anciana los convid\u00f3 a una comida, pero decidi\u00f3 que no los acompa\u00f1ar\u00eda hasta Bel\u00e9n. M\u00e1s tarde arrepentida de su decisi\u00f3n, prepar\u00f3 una cesta con dulces y sali\u00f3 a buscarlos. Durante su trayecto, regal\u00f3 golosinas a todos los ni\u00f1os que se encontraba a su paso con la esperanza de que alguno de ellos fuera el ni\u00f1o Jes\u00fas.<\/p>\n<p>As\u00ed, todos los ni\u00f1os italianos, la noche del 5 de enero preparan sus calcetines y comida para la bruja Befala, y al d\u00eda siguiente, esos calcetines se encuentran repletos de regalos y dulces.<\/p>\n<p><img decoding=\"async\" class=\"aligncenter size-medium wp-image-33633\" src=\"https:\/\/www.bodegasprotos.com\/wp-content\/uploads\/2021\/12\/jason-coudriet-zdQe7YL9Unc-unsplash-1-300x214.jpg\" alt=\"\" width=\"300\" height=\"214\" srcset=\"https:\/\/www.bodegasprotos.com\/wp-content\/uploads\/2021\/12\/jason-coudriet-zdQe7YL9Unc-unsplash-1-300x214.jpg 300w, https:\/\/www.bodegasprotos.com\/wp-content\/uploads\/2021\/12\/jason-coudriet-zdQe7YL9Unc-unsplash-1-1024x731.jpg 1024w, https:\/\/www.bodegasprotos.com\/wp-content\/uploads\/2021\/12\/jason-coudriet-zdQe7YL9Unc-unsplash-1-768x549.jpg 768w, https:\/\/www.bodegasprotos.com\/wp-content\/uploads\/2021\/12\/jason-coudriet-zdQe7YL9Unc-unsplash-1-1536x1097.jpg 1536w, https:\/\/www.bodegasprotos.com\/wp-content\/uploads\/2021\/12\/jason-coudriet-zdQe7YL9Unc-unsplash-1-2048x1463.jpg 2048w\" sizes=\"(max-width: 300px) 100vw, 300px\" \/><\/p>\n<h3><strong>FRANCIA<\/strong><\/h3>\n<p>En Francia, este d\u00eda se celebra degustando el famoso \u201c<a href=\"https:\/\/elcomidista.elpais.com\/elcomidista\/2020\/12\/14\/receta\/1607944635_607254.html\">Galette de Rois<\/a>\u201d, un pastel elaborado con hojaldre, de forma redondeada, al que se le pone una corona de papel.<\/p>\n<p>La tradici\u00f3n dice que el m\u00e1s joven de los presentes debe situarse debajo de la mesa mientras la persona m\u00e1s mayor corta en partes iguales el dulce. Una de esas porciones contiene una sorpresa.<\/p>\n<p>Una vez, el pastel est\u00e9 cortado, el m\u00e1s joven, a ciegas, elegir\u00e1 qui\u00e9n come cada porci\u00f3n. Quien reciba el trozo de Galette con la sorpresa, ser\u00e1 el rey por un d\u00eda y llevar\u00e1 la corona. Eso s\u00ed, tambi\u00e9n ser\u00e1 el encargado de invitar al siguiente galette.<\/p>\n<h3><strong>PORTUGAL<\/strong><\/h3>\n<p>En el pa\u00eds luso no hay mucha tradici\u00f3n. En la noche de reyes se lleva a cabo una cena familiar. Grupos de gente visitan las casas cantando las famosas <em>janeiras<\/em>, villancicos para conmemorar las navidades. El dulce t\u00edpico de esta fecha es el <a href=\"https:\/\/www.recetasderechupete.com\/bolo-rei-el-roscon-portugues\/27541\/\">Bolo Rei<\/a>, un rosc\u00f3n parecido al nuestro, pero con algunas diferencias&#8230;<\/p>\n<h3><strong>IRLANDA<\/strong><\/h3>\n<p>Conocido este d\u00eda como la Navidad de mujeres. En este d\u00eda, las mujeres tienen su d\u00eda libre y son los hombres quienes se encargan de cocinar y de las labores dom\u00e9sticas. Muchas irlandesas tienen como tradici\u00f3n, reunirse el domingo anterior al d\u00eda 6 de enero para tomar pasteles y un t\u00e9.<\/p>\n<h3><strong>AUSTRIA<\/strong><\/h3>\n<p>Su tradici\u00f3n es escribir un mensaje en el dintel de la puerta de casa, recordando que ese d\u00eda los Reyes Magos visitaron y conocieron al ni\u00f1o Jes\u00fas. Este mensaje hace, adem\u00e1s, de protecci\u00f3n para el siguiente a\u00f1o.<\/p>\n<h3><strong>ALEMANIA<\/strong><\/h3>\n<p>En Alemania, no es un d\u00eda muy celebrado. Solo en algunos estados federales se celebra este d\u00eda, conocido por ellos como Dreik\u00f6nigstag.<\/p>\n<p>Los ni\u00f1os no reciben regalos, si no que, son ellos mismos, quienes piden a sus familias que regalen a los ni\u00f1os m\u00e1s necesitados.<\/p>\n<p>Como curiosidad, en algunas ciudades, los propios habitantes se disfrazan de reyes, cantan villancicos y portan en sus manos, una estrella. A estos reyes cantarines se les conoce como Sternsinger o Cantores de la Estrella.<\/p>\n<h2><strong>CRUZANDO EL CHARCO<\/strong><\/h2>\n<h3><strong>M\u00c9XICO<\/strong><\/h3>\n<p>La celebraci\u00f3n de los Reyes Magos consiste en hacer una \u201c<a href=\"https:\/\/www.directoalpaladar.com\/recetas-de-panes\/receta-rosca-reyes-mexicana-equivalente-al-roscon-reyes-espanol-que-mejor\">Rosca de Reyes<\/a>\u201d de 1,5 kil\u00f3metros. Todos los a\u00f1os se re\u00fanen multitud de personas para degustar este rosc\u00f3n en Ciudad de M\u00e9xico.<\/p>\n<p><img loading=\"lazy\" decoding=\"async\" class=\"aligncenter size-medium wp-image-33631\" src=\"https:\/\/www.bodegasprotos.com\/wp-content\/uploads\/2021\/12\/ben-white-eeFMC1UG_k8-unsplash-300x200.jpg\" alt=\"\" width=\"300\" height=\"200\" srcset=\"https:\/\/www.bodegasprotos.com\/wp-content\/uploads\/2021\/12\/ben-white-eeFMC1UG_k8-unsplash-300x200.jpg 300w, https:\/\/www.bodegasprotos.com\/wp-content\/uploads\/2021\/12\/ben-white-eeFMC1UG_k8-unsplash-1024x684.jpg 1024w, https:\/\/www.bodegasprotos.com\/wp-content\/uploads\/2021\/12\/ben-white-eeFMC1UG_k8-unsplash-768x513.jpg 768w, https:\/\/www.bodegasprotos.com\/wp-content\/uploads\/2021\/12\/ben-white-eeFMC1UG_k8-unsplash-1536x1025.jpg 1536w, https:\/\/www.bodegasprotos.com\/wp-content\/uploads\/2021\/12\/ben-white-eeFMC1UG_k8-unsplash-2048x1367.jpg 2048w\" sizes=\"(max-width: 300px) 100vw, 300px\" \/><\/p>\n<h3>EE.UU<\/h3>\n<p>Aunque esta festividad se celebra m\u00e1s en los pa\u00edses de habla hispana, en Estados Unidos, tambi\u00e9n suele celebrarse, sobre todo, en Nueva Orleans. \u00a0Este d\u00eda, la ciudad cuna del jazz cambia el tradicional \u00e1rbol de navidad por el \u00e1rbol de Mardi Gras, dando por finalizadas las navidades e iniciando as\u00ed, los carnavales.<\/p>\n<p>Tambi\u00e9n es el d\u00eda de degustar el <a href=\"https:\/\/www.cocinayvino.com\/recetas\/pan\/king-cake\/\">King Cake<\/a>, un brioche de canela, cubierto con az\u00facar de diferentes colores.<\/p>\n","protected":false},"excerpt":{"rendered":"<p>&nbsp; Acabamos de empezar un nuevo a\u00f1o, el 2022. Un a\u00f1o que esperamos, nos traiga cosas buenas. Y&#8230;<\/p>\n","protected":false},"author":3,"featured_media":33625,"comment_status":"closed","ping_status":"closed","sticky":false,"template":"","format":"standard","meta":{"_acf_changed":false,"footnotes":""},"categories":[87,1],"tags":[],"class_list":["post-33624","post","type-post","status-publish","format-standard","has-post-thumbnail","hentry","category-blog","category-general"],"acf":[],"yoast_head":"<!-- This site is optimized with the Yoast SEO plugin v27.5 - https:\/\/yoast.com\/product\/yoast-seo-wordpress\/ -->\n<title>\u00bfC\u00f3mo se celebra el 6 de enero en los distintos pa\u00edses? - Bodegas Protos<\/title>\n<meta name=\"description\" content=\"&nbsp; Acabamos de empezar un nuevo a\u00f1o, el 2022. Un a\u00f1o que esperamos, nos traiga cosas buenas. Y si algo bueno tiene cada a\u00f1o, es el d\u00eda 6 de enero. El\" \/>\n<meta name=\"robots\" content=\"index, follow, max-snippet:-1, max-image-preview:large, max-video-preview:-1\" \/>\n<link rel=\"canonical\" href=\"https:\/\/www.bodegasprotos.com\/es\/general\/como-se-celebra-el-6-de-enero-en-los-distintos-paises\/\" \/>\n<meta property=\"og:locale\" content=\"es_ES\" \/>\n<meta property=\"og:type\" content=\"article\" \/>\n<meta property=\"og:title\" content=\"\u00bfC\u00f3mo se celebra el 6 de enero en los distintos pa\u00edses? - Bodegas Protos\" \/>\n<meta property=\"og:description\" content=\"&nbsp; Acabamos de empezar un nuevo a\u00f1o, el 2022. Un a\u00f1o que esperamos, nos traiga cosas buenas. Y si algo bueno tiene cada a\u00f1o, es el d\u00eda 6 de enero. El\" \/>\n<meta property=\"og:url\" content=\"https:\/\/www.bodegasprotos.com\/es\/general\/como-se-celebra-el-6-de-enero-en-los-distintos-paises\/\" \/>\n<meta property=\"og:site_name\" content=\"Bodegas Protos\" \/>\n<meta property=\"article:publisher\" content=\"https:\/\/www.facebook.com\/BodegasProtos\" \/>\n<meta property=\"article:published_time\" content=\"2022-01-07T10:28:39+00:00\" \/>\n<meta property=\"og:image\" content=\"https:\/\/www.bodegasprotos.com\/wp-content\/uploads\/2021\/12\/inbal-malca-NhlKx6Uvm3E-unsplash-scaled.jpg\" \/>\n\t<meta property=\"og:image:width\" content=\"2560\" \/>\n\t<meta property=\"og:image:height\" content=\"1707\" \/>\n\t<meta property=\"og:image:type\" content=\"image\/jpeg\" \/>\n<meta name=\"author\" content=\"Bodegas Protos (F)\" \/>\n<meta name=\"twitter:card\" content=\"summary_large_image\" \/>\n<meta name=\"twitter:creator\" content=\"@Bodegas_Protos\" \/>\n<meta name=\"twitter:site\" content=\"@Bodegas_Protos\" \/>\n<meta name=\"twitter:label1\" content=\"Escrito por\" \/>\n\t<meta name=\"twitter:data1\" content=\"Bodegas Protos (F)\" \/>\n\t<meta name=\"twitter:label2\" content=\"Tiempo de lectura\" \/>\n\t<meta name=\"twitter:data2\" content=\"5 minutos\" \/>\n<script type=\"application\/ld+json\" class=\"yoast-schema-graph\">{\"@context\":\"https:\\\/\\\/schema.org\",\"@graph\":[{\"@type\":\"Article\",\"@id\":\"https:\\\/\\\/www.bodegasprotos.com\\\/es\\\/general\\\/como-se-celebra-el-6-de-enero-en-los-distintos-paises\\\/#article\",\"isPartOf\":{\"@id\":\"https:\\\/\\\/www.bodegasprotos.com\\\/es\\\/general\\\/como-se-celebra-el-6-de-enero-en-los-distintos-paises\\\/\"},\"author\":{\"name\":\"Bodegas Protos (F)\",\"@id\":\"https:\\\/\\\/www.bodegasprotos.com\\\/es\\\/#\\\/schema\\\/person\\\/6cb69a08afa14171755cee0df7d20027\"},\"headline\":\"\u00bfC\u00f3mo se celebra el 6 de enero en los distintos pa\u00edses?\",\"datePublished\":\"2022-01-07T10:28:39+00:00\",\"mainEntityOfPage\":{\"@id\":\"https:\\\/\\\/www.bodegasprotos.com\\\/es\\\/general\\\/como-se-celebra-el-6-de-enero-en-los-distintos-paises\\\/\"},\"wordCount\":829,\"publisher\":{\"@id\":\"https:\\\/\\\/www.bodegasprotos.com\\\/es\\\/#organization\"},\"image\":{\"@id\":\"https:\\\/\\\/www.bodegasprotos.com\\\/es\\\/general\\\/como-se-celebra-el-6-de-enero-en-los-distintos-paises\\\/#primaryimage\"},\"thumbnailUrl\":\"https:\\\/\\\/www.bodegasprotos.com\\\/wp-content\\\/uploads\\\/2021\\\/12\\\/inbal-malca-NhlKx6Uvm3E-unsplash-scaled.jpg\",\"articleSection\":[\"Blog\",\"General\"],\"inLanguage\":\"es\"},{\"@type\":\"WebPage\",\"@id\":\"https:\\\/\\\/www.bodegasprotos.com\\\/es\\\/general\\\/como-se-celebra-el-6-de-enero-en-los-distintos-paises\\\/\",\"url\":\"https:\\\/\\\/www.bodegasprotos.com\\\/es\\\/general\\\/como-se-celebra-el-6-de-enero-en-los-distintos-paises\\\/\",\"name\":\"\u00bfC\u00f3mo se celebra el 6 de enero en los distintos pa\u00edses? - Bodegas Protos\",\"isPartOf\":{\"@id\":\"https:\\\/\\\/www.bodegasprotos.com\\\/es\\\/#website\"},\"primaryImageOfPage\":{\"@id\":\"https:\\\/\\\/www.bodegasprotos.com\\\/es\\\/general\\\/como-se-celebra-el-6-de-enero-en-los-distintos-paises\\\/#primaryimage\"},\"image\":{\"@id\":\"https:\\\/\\\/www.bodegasprotos.com\\\/es\\\/general\\\/como-se-celebra-el-6-de-enero-en-los-distintos-paises\\\/#primaryimage\"},\"thumbnailUrl\":\"https:\\\/\\\/www.bodegasprotos.com\\\/wp-content\\\/uploads\\\/2021\\\/12\\\/inbal-malca-NhlKx6Uvm3E-unsplash-scaled.jpg\",\"datePublished\":\"2022-01-07T10:28:39+00:00\",\"description\":\"&nbsp; Acabamos de empezar un nuevo a\u00f1o, el 2022. Un a\u00f1o que esperamos, nos traiga cosas buenas. Y si algo bueno tiene cada a\u00f1o, es el d\u00eda 6 de enero. El\",\"breadcrumb\":{\"@id\":\"https:\\\/\\\/www.bodegasprotos.com\\\/es\\\/general\\\/como-se-celebra-el-6-de-enero-en-los-distintos-paises\\\/#breadcrumb\"},\"inLanguage\":\"es\",\"potentialAction\":[{\"@type\":\"ReadAction\",\"target\":[\"https:\\\/\\\/www.bodegasprotos.com\\\/es\\\/general\\\/como-se-celebra-el-6-de-enero-en-los-distintos-paises\\\/\"]}]},{\"@type\":\"ImageObject\",\"inLanguage\":\"es\",\"@id\":\"https:\\\/\\\/www.bodegasprotos.com\\\/es\\\/general\\\/como-se-celebra-el-6-de-enero-en-los-distintos-paises\\\/#primaryimage\",\"url\":\"https:\\\/\\\/www.bodegasprotos.com\\\/wp-content\\\/uploads\\\/2021\\\/12\\\/inbal-malca-NhlKx6Uvm3E-unsplash-scaled.jpg\",\"contentUrl\":\"https:\\\/\\\/www.bodegasprotos.com\\\/wp-content\\\/uploads\\\/2021\\\/12\\\/inbal-malca-NhlKx6Uvm3E-unsplash-scaled.jpg\",\"width\":2560,\"height\":1707},{\"@type\":\"BreadcrumbList\",\"@id\":\"https:\\\/\\\/www.bodegasprotos.com\\\/es\\\/general\\\/como-se-celebra-el-6-de-enero-en-los-distintos-paises\\\/#breadcrumb\",\"itemListElement\":[{\"@type\":\"ListItem\",\"position\":1,\"name\":\"Portada\",\"item\":\"https:\\\/\\\/www.bodegasprotos.com\\\/es\\\/\"},{\"@type\":\"ListItem\",\"position\":2,\"name\":\"\u00bfC\u00f3mo se celebra el 6 de enero en los distintos pa\u00edses?\"}]},{\"@type\":\"WebSite\",\"@id\":\"https:\\\/\\\/www.bodegasprotos.com\\\/es\\\/#website\",\"url\":\"https:\\\/\\\/www.bodegasprotos.com\\\/es\\\/\",\"name\":\"Bodegas Protos\",\"description\":\"Vinos de la Denominaci\u00f3n de Origen Ribera del Duero, Rueda y Cigales\",\"publisher\":{\"@id\":\"https:\\\/\\\/www.bodegasprotos.com\\\/es\\\/#organization\"},\"potentialAction\":[{\"@type\":\"SearchAction\",\"target\":{\"@type\":\"EntryPoint\",\"urlTemplate\":\"https:\\\/\\\/www.bodegasprotos.com\\\/es\\\/?s={search_term_string}\"},\"query-input\":{\"@type\":\"PropertyValueSpecification\",\"valueRequired\":true,\"valueName\":\"search_term_string\"}}],\"inLanguage\":\"es\"},{\"@type\":\"Organization\",\"@id\":\"https:\\\/\\\/www.bodegasprotos.com\\\/es\\\/#organization\",\"name\":\"Bodegas Protos\",\"url\":\"https:\\\/\\\/www.bodegasprotos.com\\\/es\\\/\",\"logo\":{\"@type\":\"ImageObject\",\"inLanguage\":\"es\",\"@id\":\"https:\\\/\\\/www.bodegasprotos.com\\\/es\\\/#\\\/schema\\\/logo\\\/image\\\/\",\"url\":\"https:\\\/\\\/www.bodegasprotos.com\\\/wp-content\\\/uploads\\\/2024\\\/06\\\/PROTOS-LOGOS-VERSIONES-13.png\",\"contentUrl\":\"https:\\\/\\\/www.bodegasprotos.com\\\/wp-content\\\/uploads\\\/2024\\\/06\\\/PROTOS-LOGOS-VERSIONES-13.png\",\"width\":2362,\"height\":2362,\"caption\":\"Bodegas Protos\"},\"image\":{\"@id\":\"https:\\\/\\\/www.bodegasprotos.com\\\/es\\\/#\\\/schema\\\/logo\\\/image\\\/\"},\"sameAs\":[\"https:\\\/\\\/www.facebook.com\\\/BodegasProtos\",\"https:\\\/\\\/x.com\\\/Bodegas_Protos\",\"https:\\\/\\\/www.instagram.com\\\/bodegasprotosoficial\\\/\",\"https:\\\/\\\/www.linkedin.com\\\/company\\\/bodegasprotos\\\/\",\"https:\\\/\\\/pinterest.com\\\/BodegasProtos\\\/\",\"http:\\\/\\\/www.youtube.com\\\/user\\\/BodegasProtos\",\"https:\\\/\\\/es.wikipedia.org\\\/wiki\\\/Bodegas_Protos\"]},{\"@type\":\"Person\",\"@id\":\"https:\\\/\\\/www.bodegasprotos.com\\\/es\\\/#\\\/schema\\\/person\\\/6cb69a08afa14171755cee0df7d20027\",\"name\":\"Bodegas Protos (F)\",\"image\":{\"@type\":\"ImageObject\",\"inLanguage\":\"es\",\"@id\":\"https:\\\/\\\/secure.gravatar.com\\\/avatar\\\/cc613a9fd2ee203f402357c1b4aa2b7c041016cbf1eab1e41bde410b2ebd7f94?s=96&d=mm&r=g\",\"url\":\"https:\\\/\\\/secure.gravatar.com\\\/avatar\\\/cc613a9fd2ee203f402357c1b4aa2b7c041016cbf1eab1e41bde410b2ebd7f94?s=96&d=mm&r=g\",\"contentUrl\":\"https:\\\/\\\/secure.gravatar.com\\\/avatar\\\/cc613a9fd2ee203f402357c1b4aa2b7c041016cbf1eab1e41bde410b2ebd7f94?s=96&d=mm&r=g\",\"caption\":\"Bodegas Protos (F)\"},\"sameAs\":[\"https:\\\/\\\/www.bodegasprotos.com\"]}]}<\/script>\n<!-- \/ Yoast SEO plugin. -->","yoast_head_json":{"title":"\u00bfC\u00f3mo se celebra el 6 de enero en los distintos pa\u00edses? - Bodegas Protos","description":"&nbsp; Acabamos de empezar un nuevo a\u00f1o, el 2022. Un a\u00f1o que esperamos, nos traiga cosas buenas. Y si algo bueno tiene cada a\u00f1o, es el d\u00eda 6 de enero. El","robots":{"index":"index","follow":"follow","max-snippet":"max-snippet:-1","max-image-preview":"max-image-preview:large","max-video-preview":"max-video-preview:-1"},"canonical":"https:\/\/www.bodegasprotos.com\/es\/general\/como-se-celebra-el-6-de-enero-en-los-distintos-paises\/","og_locale":"es_ES","og_type":"article","og_title":"\u00bfC\u00f3mo se celebra el 6 de enero en los distintos pa\u00edses? - Bodegas Protos","og_description":"&nbsp; Acabamos de empezar un nuevo a\u00f1o, el 2022. Un a\u00f1o que esperamos, nos traiga cosas buenas. Y si algo bueno tiene cada a\u00f1o, es el d\u00eda 6 de enero. El","og_url":"https:\/\/www.bodegasprotos.com\/es\/general\/como-se-celebra-el-6-de-enero-en-los-distintos-paises\/","og_site_name":"Bodegas Protos","article_publisher":"https:\/\/www.facebook.com\/BodegasProtos","article_published_time":"2022-01-07T10:28:39+00:00","og_image":[{"width":2560,"height":1707,"url":"https:\/\/www.bodegasprotos.com\/wp-content\/uploads\/2021\/12\/inbal-malca-NhlKx6Uvm3E-unsplash-scaled.jpg","type":"image\/jpeg"}],"author":"Bodegas Protos (F)","twitter_card":"summary_large_image","twitter_creator":"@Bodegas_Protos","twitter_site":"@Bodegas_Protos","twitter_misc":{"Escrito por":"Bodegas Protos (F)","Tiempo de lectura":"5 minutos"},"schema":{"@context":"https:\/\/schema.org","@graph":[{"@type":"Article","@id":"https:\/\/www.bodegasprotos.com\/es\/general\/como-se-celebra-el-6-de-enero-en-los-distintos-paises\/#article","isPartOf":{"@id":"https:\/\/www.bodegasprotos.com\/es\/general\/como-se-celebra-el-6-de-enero-en-los-distintos-paises\/"},"author":{"name":"Bodegas Protos (F)","@id":"https:\/\/www.bodegasprotos.com\/es\/#\/schema\/person\/6cb69a08afa14171755cee0df7d20027"},"headline":"\u00bfC\u00f3mo se celebra el 6 de enero en los distintos pa\u00edses?","datePublished":"2022-01-07T10:28:39+00:00","mainEntityOfPage":{"@id":"https:\/\/www.bodegasprotos.com\/es\/general\/como-se-celebra-el-6-de-enero-en-los-distintos-paises\/"},"wordCount":829,"publisher":{"@id":"https:\/\/www.bodegasprotos.com\/es\/#organization"},"image":{"@id":"https:\/\/www.bodegasprotos.com\/es\/general\/como-se-celebra-el-6-de-enero-en-los-distintos-paises\/#primaryimage"},"thumbnailUrl":"https:\/\/www.bodegasprotos.com\/wp-content\/uploads\/2021\/12\/inbal-malca-NhlKx6Uvm3E-unsplash-scaled.jpg","articleSection":["Blog","General"],"inLanguage":"es"},{"@type":"WebPage","@id":"https:\/\/www.bodegasprotos.com\/es\/general\/como-se-celebra-el-6-de-enero-en-los-distintos-paises\/","url":"https:\/\/www.bodegasprotos.com\/es\/general\/como-se-celebra-el-6-de-enero-en-los-distintos-paises\/","name":"\u00bfC\u00f3mo se celebra el 6 de enero en los distintos pa\u00edses? - Bodegas Protos","isPartOf":{"@id":"https:\/\/www.bodegasprotos.com\/es\/#website"},"primaryImageOfPage":{"@id":"https:\/\/www.bodegasprotos.com\/es\/general\/como-se-celebra-el-6-de-enero-en-los-distintos-paises\/#primaryimage"},"image":{"@id":"https:\/\/www.bodegasprotos.com\/es\/general\/como-se-celebra-el-6-de-enero-en-los-distintos-paises\/#primaryimage"},"thumbnailUrl":"https:\/\/www.bodegasprotos.com\/wp-content\/uploads\/2021\/12\/inbal-malca-NhlKx6Uvm3E-unsplash-scaled.jpg","datePublished":"2022-01-07T10:28:39+00:00","description":"&nbsp; Acabamos de empezar un nuevo a\u00f1o, el 2022. Un a\u00f1o que esperamos, nos traiga cosas buenas. Y si algo bueno tiene cada a\u00f1o, es el d\u00eda 6 de enero. El","breadcrumb":{"@id":"https:\/\/www.bodegasprotos.com\/es\/general\/como-se-celebra-el-6-de-enero-en-los-distintos-paises\/#breadcrumb"},"inLanguage":"es","potentialAction":[{"@type":"ReadAction","target":["https:\/\/www.bodegasprotos.com\/es\/general\/como-se-celebra-el-6-de-enero-en-los-distintos-paises\/"]}]},{"@type":"ImageObject","inLanguage":"es","@id":"https:\/\/www.bodegasprotos.com\/es\/general\/como-se-celebra-el-6-de-enero-en-los-distintos-paises\/#primaryimage","url":"https:\/\/www.bodegasprotos.com\/wp-content\/uploads\/2021\/12\/inbal-malca-NhlKx6Uvm3E-unsplash-scaled.jpg","contentUrl":"https:\/\/www.bodegasprotos.com\/wp-content\/uploads\/2021\/12\/inbal-malca-NhlKx6Uvm3E-unsplash-scaled.jpg","width":2560,"height":1707},{"@type":"BreadcrumbList","@id":"https:\/\/www.bodegasprotos.com\/es\/general\/como-se-celebra-el-6-de-enero-en-los-distintos-paises\/#breadcrumb","itemListElement":[{"@type":"ListItem","position":1,"name":"Portada","item":"https:\/\/www.bodegasprotos.com\/es\/"},{"@type":"ListItem","position":2,"name":"\u00bfC\u00f3mo se celebra el 6 de enero en los distintos pa\u00edses?"}]},{"@type":"WebSite","@id":"https:\/\/www.bodegasprotos.com\/es\/#website","url":"https:\/\/www.bodegasprotos.com\/es\/","name":"Bodegas Protos","description":"Vinos de la Denominaci\u00f3n de Origen Ribera del Duero, Rueda y Cigales","publisher":{"@id":"https:\/\/www.bodegasprotos.com\/es\/#organization"},"potentialAction":[{"@type":"SearchAction","target":{"@type":"EntryPoint","urlTemplate":"https:\/\/www.bodegasprotos.com\/es\/?s={search_term_string}"},"query-input":{"@type":"PropertyValueSpecification","valueRequired":true,"valueName":"search_term_string"}}],"inLanguage":"es"},{"@type":"Organization","@id":"https:\/\/www.bodegasprotos.com\/es\/#organization","name":"Bodegas Protos","url":"https:\/\/www.bodegasprotos.com\/es\/","logo":{"@type":"ImageObject","inLanguage":"es","@id":"https:\/\/www.bodegasprotos.com\/es\/#\/schema\/logo\/image\/","url":"https:\/\/www.bodegasprotos.com\/wp-content\/uploads\/2024\/06\/PROTOS-LOGOS-VERSIONES-13.png","contentUrl":"https:\/\/www.bodegasprotos.com\/wp-content\/uploads\/2024\/06\/PROTOS-LOGOS-VERSIONES-13.png","width":2362,"height":2362,"caption":"Bodegas Protos"},"image":{"@id":"https:\/\/www.bodegasprotos.com\/es\/#\/schema\/logo\/image\/"},"sameAs":["https:\/\/www.facebook.com\/BodegasProtos","https:\/\/x.com\/Bodegas_Protos","https:\/\/www.instagram.com\/bodegasprotosoficial\/","https:\/\/www.linkedin.com\/company\/bodegasprotos\/","https:\/\/pinterest.com\/BodegasProtos\/","http:\/\/www.youtube.com\/user\/BodegasProtos","https:\/\/es.wikipedia.org\/wiki\/Bodegas_Protos"]},{"@type":"Person","@id":"https:\/\/www.bodegasprotos.com\/es\/#\/schema\/person\/6cb69a08afa14171755cee0df7d20027","name":"Bodegas Protos (F)","image":{"@type":"ImageObject","inLanguage":"es","@id":"https:\/\/secure.gravatar.com\/avatar\/cc613a9fd2ee203f402357c1b4aa2b7c041016cbf1eab1e41bde410b2ebd7f94?s=96&d=mm&r=g","url":"https:\/\/secure.gravatar.com\/avatar\/cc613a9fd2ee203f402357c1b4aa2b7c041016cbf1eab1e41bde410b2ebd7f94?s=96&d=mm&r=g","contentUrl":"https:\/\/secure.gravatar.com\/avatar\/cc613a9fd2ee203f402357c1b4aa2b7c041016cbf1eab1e41bde410b2ebd7f94?s=96&d=mm&r=g","caption":"Bodegas Protos (F)"},"sameAs":["https:\/\/www.bodegasprotos.com"]}]}},"_links":{"self":[{"href":"https:\/\/www.bodegasprotos.com\/es\/wp-json\/wp\/v2\/posts\/33624","targetHints":{"allow":["GET"]}}],"collection":[{"href":"https:\/\/www.bodegasprotos.com\/es\/wp-json\/wp\/v2\/posts"}],"about":[{"href":"https:\/\/www.bodegasprotos.com\/es\/wp-json\/wp\/v2\/types\/post"}],"author":[{"embeddable":true,"href":"https:\/\/www.bodegasprotos.com\/es\/wp-json\/wp\/v2\/users\/3"}],"replies":[{"embeddable":true,"href":"https:\/\/www.bodegasprotos.com\/es\/wp-json\/wp\/v2\/comments?post=33624"}],"version-history":[{"count":0,"href":"https:\/\/www.bodegasprotos.com\/es\/wp-json\/wp\/v2\/posts\/33624\/revisions"}],"wp:featuredmedia":[{"embeddable":true,"href":"https:\/\/www.bodegasprotos.com\/es\/wp-json\/wp\/v2\/media\/33625"}],"wp:attachment":[{"href":"https:\/\/www.bodegasprotos.com\/es\/wp-json\/wp\/v2\/media?parent=33624"}],"wp:term":[{"taxonomy":"category","embeddable":true,"href":"https:\/\/www.bodegasprotos.com\/es\/wp-json\/wp\/v2\/categories?post=33624"},{"taxonomy":"post_tag","embeddable":true,"href":"https:\/\/www.bodegasprotos.com\/es\/wp-json\/wp\/v2\/tags?post=33624"}],"curies":[{"name":"wp","href":"https:\/\/api.w.org\/{rel}","templated":true}]}}