{"id":33504,"date":"2021-12-17T11:30:17","date_gmt":"2021-12-17T10:30:17","guid":{"rendered":"https:\/\/www.bodegasprotos.com\/?p=33504"},"modified":"2021-12-17T09:50:19","modified_gmt":"2021-12-17T08:50:19","slug":"un-dia-con-daniel-de-manuel-export-manager-de-bodegas-protos","status":"publish","type":"post","link":"https:\/\/www.bodegasprotos.com\/es\/blog\/un-dia-con-daniel-de-manuel-export-manager-de-bodegas-protos\/","title":{"rendered":"Un d\u00eda con\u2026 Daniel de Manuel, Export Manager de Bodegas Protos"},"content":{"rendered":"<ul>\n<li>\u00bfPor qu\u00e9 elegiste esta profesi\u00f3n?<\/li>\n<\/ul>\n<p>No la eleg\u00ed yo, por coincidencias de la vida esta profesi\u00f3n me eligi\u00f3 a mi<\/p>\n<ul>\n<li>Expl\u00edcanos en qu\u00e9 consiste tu trabajo d\u00eda a d\u00eda.<\/li>\n<\/ul>\n<p>En gestionar los clientes internacionales de la Bodega y hacer la marca Protos tan grande fuera de Espa\u00f1a como lo es dentro.<\/p>\n<ul>\n<li>\u00bfCu\u00e1l crees que ha sido tu mayor proeza en la bodega?<\/li>\n<\/ul>\n<p>Haber hecho llegar los vinos de Protos a m\u00e1s de 100 pa\u00edses<\/p>\n<ul>\n<li>\u00bfCu\u00e1l es tu asignatura pendiente?<\/li>\n<\/ul>\n<p>No haber llegado todav\u00eda a 110 pa\u00edses<\/p>\n<ul>\n<li>La a\u00f1ada que para ti fue memorable.<\/li>\n<\/ul>\n<p>Hay varias, la 99, la 2009 , y de las que vendemos actualmente la 2015, pero m\u00e1s que a\u00f1adas son vinos, el Reserva Especial del 85 que sali\u00f3 para el 75 aniversario, el primer Grajo Viejo en 2009, el Selecci\u00f3n de 2006<\/p>\n<ul>\n<li>Si te tuvieras que quedar con un vino de la bodega, con \u00bfcu\u00e1l ser\u00eda?<\/li>\n<\/ul>\n<p>Depende de la ocasi\u00f3n, pero el que m\u00e1s me suele gustar es el Protos Reserva de Ribera<\/p>\n<ul>\n<li>Dinos un maridaje perfecto.<\/li>\n<\/ul>\n<p>Espa\u00f1ol, unos huevos fritos de corral con torreznos y Protos Roble o un buen cocido castellano con Protos Crianza 2017.<\/p>\n<p>Internacional, unos tacos de Suadero mexicanos con un Protos 27 o un Ika no Shiokara \u00a0japon\u00e9s con Protos Clarete\u2026.. ah\u00ed lo dejo!!!<\/p>\n<ul>\n<li>Cu\u00e9ntanos un d\u00eda especial o emocionante que recuerdes en la bodega.<\/li>\n<\/ul>\n<p>El d\u00eda que entr\u00e9 en la bodega y me d\u00ed cuenta de que Protos no era la bodega antigua que mucha gente recuerda de los 70\/80<\/p>\n<ul>\n<li>Recomi\u00e9ndanos un libro que tenga que ver con el mundo del vino.<\/li>\n<\/ul>\n<p>T\u00e9cnico: El vino uva a uva de Carlos Gallego y de ficci\u00f3n La Bodega de Noah Gordon<\/p>\n<ul>\n<li>Y \u00bfuna pel\u00edcula?<\/li>\n<\/ul>\n<p>Sideways de Alexander Penn, sobre todo por Paul Giamatti que esta enorme\u2026<\/p>\n<p>Y Bottle Shock de Randall Miller, Alan Rickman tambi\u00e9n esta enorme\u2026.<\/p>\n","protected":false},"excerpt":{"rendered":"<p>\u00bfPor qu\u00e9 elegiste esta profesi\u00f3n? No la eleg\u00ed yo, por coincidencias de la vida esta profesi\u00f3n me eligi\u00f3&#8230;<\/p>\n","protected":false},"author":3,"featured_media":33505,"comment_status":"closed","ping_status":"closed","sticky":false,"template":"","format":"standard","meta":{"_acf_changed":false,"footnotes":""},"categories":[87],"tags":[],"class_list":["post-33504","post","type-post","status-publish","format-standard","has-post-thumbnail","hentry","category-blog"],"acf":[],"yoast_head":"<!-- This site is optimized with the Yoast SEO plugin v27.5 - https:\/\/yoast.com\/product\/yoast-seo-wordpress\/ -->\n<title>Un d\u00eda con\u2026 Daniel de Manuel, Export Manager de Bodegas Protos - Bodegas Protos<\/title>\n<meta name=\"description\" content=\"\u00bfPor qu\u00e9 elegiste esta profesi\u00f3n? No la eleg\u00ed yo, por coincidencias de la vida esta profesi\u00f3n me eligi\u00f3 a mi Expl\u00edcanos en qu\u00e9 consiste tu trabajo d\u00eda a\" \/>\n<meta name=\"robots\" content=\"index, follow, max-snippet:-1, max-image-preview:large, max-video-preview:-1\" \/>\n<link rel=\"canonical\" href=\"https:\/\/www.bodegasprotos.com\/es\/blog\/un-dia-con-daniel-de-manuel-export-manager-de-bodegas-protos\/\" \/>\n<meta property=\"og:locale\" content=\"es_ES\" \/>\n<meta property=\"og:type\" content=\"article\" \/>\n<meta property=\"og:title\" content=\"Un d\u00eda con\u2026 Daniel de Manuel, Export Manager de Bodegas Protos - Bodegas Protos\" \/>\n<meta property=\"og:description\" content=\"\u00bfPor qu\u00e9 elegiste esta profesi\u00f3n? No la eleg\u00ed yo, por coincidencias de la vida esta profesi\u00f3n me eligi\u00f3 a mi Expl\u00edcanos en qu\u00e9 consiste tu trabajo d\u00eda a\" \/>\n<meta property=\"og:url\" content=\"https:\/\/www.bodegasprotos.com\/es\/blog\/un-dia-con-daniel-de-manuel-export-manager-de-bodegas-protos\/\" \/>\n<meta property=\"og:site_name\" content=\"Bodegas Protos\" \/>\n<meta property=\"article:publisher\" content=\"https:\/\/www.facebook.com\/BodegasProtos\" \/>\n<meta property=\"article:published_time\" content=\"2021-12-17T10:30:17+00:00\" \/>\n<meta property=\"og:image\" content=\"https:\/\/www.bodegasprotos.com\/wp-content\/uploads\/2021\/12\/DANIEL-DE-MANUEL.jpg\" \/>\n\t<meta property=\"og:image:width\" content=\"1600\" \/>\n\t<meta property=\"og:image:height\" content=\"1067\" \/>\n\t<meta property=\"og:image:type\" content=\"image\/jpeg\" \/>\n<meta name=\"author\" content=\"Bodegas Protos (F)\" \/>\n<meta name=\"twitter:card\" content=\"summary_large_image\" \/>\n<meta name=\"twitter:creator\" content=\"@Bodegas_Protos\" \/>\n<meta name=\"twitter:site\" content=\"@Bodegas_Protos\" \/>\n<meta name=\"twitter:label1\" content=\"Escrito por\" \/>\n\t<meta name=\"twitter:data1\" content=\"Bodegas Protos (F)\" \/>\n\t<meta name=\"twitter:label2\" content=\"Tiempo de lectura\" \/>\n\t<meta name=\"twitter:data2\" content=\"2 minutos\" \/>\n<script type=\"application\/ld+json\" class=\"yoast-schema-graph\">{\"@context\":\"https:\\\/\\\/schema.org\",\"@graph\":[{\"@type\":\"Article\",\"@id\":\"https:\\\/\\\/www.bodegasprotos.com\\\/es\\\/blog\\\/un-dia-con-daniel-de-manuel-export-manager-de-bodegas-protos\\\/#article\",\"isPartOf\":{\"@id\":\"https:\\\/\\\/www.bodegasprotos.com\\\/es\\\/blog\\\/un-dia-con-daniel-de-manuel-export-manager-de-bodegas-protos\\\/\"},\"author\":{\"name\":\"Bodegas Protos (F)\",\"@id\":\"https:\\\/\\\/www.bodegasprotos.com\\\/es\\\/#\\\/schema\\\/person\\\/6cb69a08afa14171755cee0df7d20027\"},\"headline\":\"Un d\u00eda con\u2026 Daniel de Manuel, Export Manager de Bodegas Protos\",\"datePublished\":\"2021-12-17T10:30:17+00:00\",\"mainEntityOfPage\":{\"@id\":\"https:\\\/\\\/www.bodegasprotos.com\\\/es\\\/blog\\\/un-dia-con-daniel-de-manuel-export-manager-de-bodegas-protos\\\/\"},\"wordCount\":333,\"publisher\":{\"@id\":\"https:\\\/\\\/www.bodegasprotos.com\\\/es\\\/#organization\"},\"image\":{\"@id\":\"https:\\\/\\\/www.bodegasprotos.com\\\/es\\\/blog\\\/un-dia-con-daniel-de-manuel-export-manager-de-bodegas-protos\\\/#primaryimage\"},\"thumbnailUrl\":\"https:\\\/\\\/www.bodegasprotos.com\\\/wp-content\\\/uploads\\\/2021\\\/12\\\/DANIEL-DE-MANUEL.jpg\",\"articleSection\":[\"Blog\"],\"inLanguage\":\"es\"},{\"@type\":\"WebPage\",\"@id\":\"https:\\\/\\\/www.bodegasprotos.com\\\/es\\\/blog\\\/un-dia-con-daniel-de-manuel-export-manager-de-bodegas-protos\\\/\",\"url\":\"https:\\\/\\\/www.bodegasprotos.com\\\/es\\\/blog\\\/un-dia-con-daniel-de-manuel-export-manager-de-bodegas-protos\\\/\",\"name\":\"Un d\u00eda con\u2026 Daniel de Manuel, Export Manager de Bodegas Protos - Bodegas Protos\",\"isPartOf\":{\"@id\":\"https:\\\/\\\/www.bodegasprotos.com\\\/es\\\/#website\"},\"primaryImageOfPage\":{\"@id\":\"https:\\\/\\\/www.bodegasprotos.com\\\/es\\\/blog\\\/un-dia-con-daniel-de-manuel-export-manager-de-bodegas-protos\\\/#primaryimage\"},\"image\":{\"@id\":\"https:\\\/\\\/www.bodegasprotos.com\\\/es\\\/blog\\\/un-dia-con-daniel-de-manuel-export-manager-de-bodegas-protos\\\/#primaryimage\"},\"thumbnailUrl\":\"https:\\\/\\\/www.bodegasprotos.com\\\/wp-content\\\/uploads\\\/2021\\\/12\\\/DANIEL-DE-MANUEL.jpg\",\"datePublished\":\"2021-12-17T10:30:17+00:00\",\"description\":\"\u00bfPor qu\u00e9 elegiste esta profesi\u00f3n? No la eleg\u00ed yo, por coincidencias de la vida esta profesi\u00f3n me eligi\u00f3 a mi Expl\u00edcanos en qu\u00e9 consiste tu trabajo d\u00eda a\",\"breadcrumb\":{\"@id\":\"https:\\\/\\\/www.bodegasprotos.com\\\/es\\\/blog\\\/un-dia-con-daniel-de-manuel-export-manager-de-bodegas-protos\\\/#breadcrumb\"},\"inLanguage\":\"es\",\"potentialAction\":[{\"@type\":\"ReadAction\",\"target\":[\"https:\\\/\\\/www.bodegasprotos.com\\\/es\\\/blog\\\/un-dia-con-daniel-de-manuel-export-manager-de-bodegas-protos\\\/\"]}]},{\"@type\":\"ImageObject\",\"inLanguage\":\"es\",\"@id\":\"https:\\\/\\\/www.bodegasprotos.com\\\/es\\\/blog\\\/un-dia-con-daniel-de-manuel-export-manager-de-bodegas-protos\\\/#primaryimage\",\"url\":\"https:\\\/\\\/www.bodegasprotos.com\\\/wp-content\\\/uploads\\\/2021\\\/12\\\/DANIEL-DE-MANUEL.jpg\",\"contentUrl\":\"https:\\\/\\\/www.bodegasprotos.com\\\/wp-content\\\/uploads\\\/2021\\\/12\\\/DANIEL-DE-MANUEL.jpg\",\"width\":1600,\"height\":1067,\"caption\":\"DANIEL DE MANUEL\"},{\"@type\":\"BreadcrumbList\",\"@id\":\"https:\\\/\\\/www.bodegasprotos.com\\\/es\\\/blog\\\/un-dia-con-daniel-de-manuel-export-manager-de-bodegas-protos\\\/#breadcrumb\",\"itemListElement\":[{\"@type\":\"ListItem\",\"position\":1,\"name\":\"Portada\",\"item\":\"https:\\\/\\\/www.bodegasprotos.com\\\/es\\\/\"},{\"@type\":\"ListItem\",\"position\":2,\"name\":\"Un d\u00eda con\u2026 Daniel de Manuel, Export Manager de Bodegas Protos\"}]},{\"@type\":\"WebSite\",\"@id\":\"https:\\\/\\\/www.bodegasprotos.com\\\/es\\\/#website\",\"url\":\"https:\\\/\\\/www.bodegasprotos.com\\\/es\\\/\",\"name\":\"Bodegas Protos\",\"description\":\"Vinos de la Denominaci\u00f3n de Origen Ribera del Duero, Rueda y Cigales\",\"publisher\":{\"@id\":\"https:\\\/\\\/www.bodegasprotos.com\\\/es\\\/#organization\"},\"potentialAction\":[{\"@type\":\"SearchAction\",\"target\":{\"@type\":\"EntryPoint\",\"urlTemplate\":\"https:\\\/\\\/www.bodegasprotos.com\\\/es\\\/?s={search_term_string}\"},\"query-input\":{\"@type\":\"PropertyValueSpecification\",\"valueRequired\":true,\"valueName\":\"search_term_string\"}}],\"inLanguage\":\"es\"},{\"@type\":\"Organization\",\"@id\":\"https:\\\/\\\/www.bodegasprotos.com\\\/es\\\/#organization\",\"name\":\"Bodegas Protos\",\"url\":\"https:\\\/\\\/www.bodegasprotos.com\\\/es\\\/\",\"logo\":{\"@type\":\"ImageObject\",\"inLanguage\":\"es\",\"@id\":\"https:\\\/\\\/www.bodegasprotos.com\\\/es\\\/#\\\/schema\\\/logo\\\/image\\\/\",\"url\":\"https:\\\/\\\/www.bodegasprotos.com\\\/wp-content\\\/uploads\\\/2024\\\/06\\\/PROTOS-LOGOS-VERSIONES-13.png\",\"contentUrl\":\"https:\\\/\\\/www.bodegasprotos.com\\\/wp-content\\\/uploads\\\/2024\\\/06\\\/PROTOS-LOGOS-VERSIONES-13.png\",\"width\":2362,\"height\":2362,\"caption\":\"Bodegas Protos\"},\"image\":{\"@id\":\"https:\\\/\\\/www.bodegasprotos.com\\\/es\\\/#\\\/schema\\\/logo\\\/image\\\/\"},\"sameAs\":[\"https:\\\/\\\/www.facebook.com\\\/BodegasProtos\",\"https:\\\/\\\/x.com\\\/Bodegas_Protos\",\"https:\\\/\\\/www.instagram.com\\\/bodegasprotosoficial\\\/\",\"https:\\\/\\\/www.linkedin.com\\\/company\\\/bodegasprotos\\\/\",\"https:\\\/\\\/pinterest.com\\\/BodegasProtos\\\/\",\"http:\\\/\\\/www.youtube.com\\\/user\\\/BodegasProtos\",\"https:\\\/\\\/es.wikipedia.org\\\/wiki\\\/Bodegas_Protos\"]},{\"@type\":\"Person\",\"@id\":\"https:\\\/\\\/www.bodegasprotos.com\\\/es\\\/#\\\/schema\\\/person\\\/6cb69a08afa14171755cee0df7d20027\",\"name\":\"Bodegas Protos (F)\",\"image\":{\"@type\":\"ImageObject\",\"inLanguage\":\"es\",\"@id\":\"https:\\\/\\\/secure.gravatar.com\\\/avatar\\\/cc613a9fd2ee203f402357c1b4aa2b7c041016cbf1eab1e41bde410b2ebd7f94?s=96&d=mm&r=g\",\"url\":\"https:\\\/\\\/secure.gravatar.com\\\/avatar\\\/cc613a9fd2ee203f402357c1b4aa2b7c041016cbf1eab1e41bde410b2ebd7f94?s=96&d=mm&r=g\",\"contentUrl\":\"https:\\\/\\\/secure.gravatar.com\\\/avatar\\\/cc613a9fd2ee203f402357c1b4aa2b7c041016cbf1eab1e41bde410b2ebd7f94?s=96&d=mm&r=g\",\"caption\":\"Bodegas Protos (F)\"},\"sameAs\":[\"https:\\\/\\\/www.bodegasprotos.com\"]}]}<\/script>\n<!-- \/ Yoast SEO plugin. -->","yoast_head_json":{"title":"Un d\u00eda con\u2026 Daniel de Manuel, Export Manager de Bodegas Protos - Bodegas Protos","description":"\u00bfPor qu\u00e9 elegiste esta profesi\u00f3n? No la eleg\u00ed yo, por coincidencias de la vida esta profesi\u00f3n me eligi\u00f3 a mi Expl\u00edcanos en qu\u00e9 consiste tu trabajo d\u00eda a","robots":{"index":"index","follow":"follow","max-snippet":"max-snippet:-1","max-image-preview":"max-image-preview:large","max-video-preview":"max-video-preview:-1"},"canonical":"https:\/\/www.bodegasprotos.com\/es\/blog\/un-dia-con-daniel-de-manuel-export-manager-de-bodegas-protos\/","og_locale":"es_ES","og_type":"article","og_title":"Un d\u00eda con\u2026 Daniel de Manuel, Export Manager de Bodegas Protos - Bodegas Protos","og_description":"\u00bfPor qu\u00e9 elegiste esta profesi\u00f3n? No la eleg\u00ed yo, por coincidencias de la vida esta profesi\u00f3n me eligi\u00f3 a mi Expl\u00edcanos en qu\u00e9 consiste tu trabajo d\u00eda a","og_url":"https:\/\/www.bodegasprotos.com\/es\/blog\/un-dia-con-daniel-de-manuel-export-manager-de-bodegas-protos\/","og_site_name":"Bodegas Protos","article_publisher":"https:\/\/www.facebook.com\/BodegasProtos","article_published_time":"2021-12-17T10:30:17+00:00","og_image":[{"width":1600,"height":1067,"url":"https:\/\/www.bodegasprotos.com\/wp-content\/uploads\/2021\/12\/DANIEL-DE-MANUEL.jpg","type":"image\/jpeg"}],"author":"Bodegas Protos (F)","twitter_card":"summary_large_image","twitter_creator":"@Bodegas_Protos","twitter_site":"@Bodegas_Protos","twitter_misc":{"Escrito por":"Bodegas Protos (F)","Tiempo de lectura":"2 minutos"},"schema":{"@context":"https:\/\/schema.org","@graph":[{"@type":"Article","@id":"https:\/\/www.bodegasprotos.com\/es\/blog\/un-dia-con-daniel-de-manuel-export-manager-de-bodegas-protos\/#article","isPartOf":{"@id":"https:\/\/www.bodegasprotos.com\/es\/blog\/un-dia-con-daniel-de-manuel-export-manager-de-bodegas-protos\/"},"author":{"name":"Bodegas Protos (F)","@id":"https:\/\/www.bodegasprotos.com\/es\/#\/schema\/person\/6cb69a08afa14171755cee0df7d20027"},"headline":"Un d\u00eda con\u2026 Daniel de Manuel, Export Manager de Bodegas Protos","datePublished":"2021-12-17T10:30:17+00:00","mainEntityOfPage":{"@id":"https:\/\/www.bodegasprotos.com\/es\/blog\/un-dia-con-daniel-de-manuel-export-manager-de-bodegas-protos\/"},"wordCount":333,"publisher":{"@id":"https:\/\/www.bodegasprotos.com\/es\/#organization"},"image":{"@id":"https:\/\/www.bodegasprotos.com\/es\/blog\/un-dia-con-daniel-de-manuel-export-manager-de-bodegas-protos\/#primaryimage"},"thumbnailUrl":"https:\/\/www.bodegasprotos.com\/wp-content\/uploads\/2021\/12\/DANIEL-DE-MANUEL.jpg","articleSection":["Blog"],"inLanguage":"es"},{"@type":"WebPage","@id":"https:\/\/www.bodegasprotos.com\/es\/blog\/un-dia-con-daniel-de-manuel-export-manager-de-bodegas-protos\/","url":"https:\/\/www.bodegasprotos.com\/es\/blog\/un-dia-con-daniel-de-manuel-export-manager-de-bodegas-protos\/","name":"Un d\u00eda con\u2026 Daniel de Manuel, Export Manager de Bodegas Protos - Bodegas Protos","isPartOf":{"@id":"https:\/\/www.bodegasprotos.com\/es\/#website"},"primaryImageOfPage":{"@id":"https:\/\/www.bodegasprotos.com\/es\/blog\/un-dia-con-daniel-de-manuel-export-manager-de-bodegas-protos\/#primaryimage"},"image":{"@id":"https:\/\/www.bodegasprotos.com\/es\/blog\/un-dia-con-daniel-de-manuel-export-manager-de-bodegas-protos\/#primaryimage"},"thumbnailUrl":"https:\/\/www.bodegasprotos.com\/wp-content\/uploads\/2021\/12\/DANIEL-DE-MANUEL.jpg","datePublished":"2021-12-17T10:30:17+00:00","description":"\u00bfPor qu\u00e9 elegiste esta profesi\u00f3n? No la eleg\u00ed yo, por coincidencias de la vida esta profesi\u00f3n me eligi\u00f3 a mi Expl\u00edcanos en qu\u00e9 consiste tu trabajo d\u00eda a","breadcrumb":{"@id":"https:\/\/www.bodegasprotos.com\/es\/blog\/un-dia-con-daniel-de-manuel-export-manager-de-bodegas-protos\/#breadcrumb"},"inLanguage":"es","potentialAction":[{"@type":"ReadAction","target":["https:\/\/www.bodegasprotos.com\/es\/blog\/un-dia-con-daniel-de-manuel-export-manager-de-bodegas-protos\/"]}]},{"@type":"ImageObject","inLanguage":"es","@id":"https:\/\/www.bodegasprotos.com\/es\/blog\/un-dia-con-daniel-de-manuel-export-manager-de-bodegas-protos\/#primaryimage","url":"https:\/\/www.bodegasprotos.com\/wp-content\/uploads\/2021\/12\/DANIEL-DE-MANUEL.jpg","contentUrl":"https:\/\/www.bodegasprotos.com\/wp-content\/uploads\/2021\/12\/DANIEL-DE-MANUEL.jpg","width":1600,"height":1067,"caption":"DANIEL DE MANUEL"},{"@type":"BreadcrumbList","@id":"https:\/\/www.bodegasprotos.com\/es\/blog\/un-dia-con-daniel-de-manuel-export-manager-de-bodegas-protos\/#breadcrumb","itemListElement":[{"@type":"ListItem","position":1,"name":"Portada","item":"https:\/\/www.bodegasprotos.com\/es\/"},{"@type":"ListItem","position":2,"name":"Un d\u00eda con\u2026 Daniel de Manuel, Export Manager de Bodegas Protos"}]},{"@type":"WebSite","@id":"https:\/\/www.bodegasprotos.com\/es\/#website","url":"https:\/\/www.bodegasprotos.com\/es\/","name":"Bodegas Protos","description":"Vinos de la Denominaci\u00f3n de Origen Ribera del Duero, Rueda y Cigales","publisher":{"@id":"https:\/\/www.bodegasprotos.com\/es\/#organization"},"potentialAction":[{"@type":"SearchAction","target":{"@type":"EntryPoint","urlTemplate":"https:\/\/www.bodegasprotos.com\/es\/?s={search_term_string}"},"query-input":{"@type":"PropertyValueSpecification","valueRequired":true,"valueName":"search_term_string"}}],"inLanguage":"es"},{"@type":"Organization","@id":"https:\/\/www.bodegasprotos.com\/es\/#organization","name":"Bodegas Protos","url":"https:\/\/www.bodegasprotos.com\/es\/","logo":{"@type":"ImageObject","inLanguage":"es","@id":"https:\/\/www.bodegasprotos.com\/es\/#\/schema\/logo\/image\/","url":"https:\/\/www.bodegasprotos.com\/wp-content\/uploads\/2024\/06\/PROTOS-LOGOS-VERSIONES-13.png","contentUrl":"https:\/\/www.bodegasprotos.com\/wp-content\/uploads\/2024\/06\/PROTOS-LOGOS-VERSIONES-13.png","width":2362,"height":2362,"caption":"Bodegas Protos"},"image":{"@id":"https:\/\/www.bodegasprotos.com\/es\/#\/schema\/logo\/image\/"},"sameAs":["https:\/\/www.facebook.com\/BodegasProtos","https:\/\/x.com\/Bodegas_Protos","https:\/\/www.instagram.com\/bodegasprotosoficial\/","https:\/\/www.linkedin.com\/company\/bodegasprotos\/","https:\/\/pinterest.com\/BodegasProtos\/","http:\/\/www.youtube.com\/user\/BodegasProtos","https:\/\/es.wikipedia.org\/wiki\/Bodegas_Protos"]},{"@type":"Person","@id":"https:\/\/www.bodegasprotos.com\/es\/#\/schema\/person\/6cb69a08afa14171755cee0df7d20027","name":"Bodegas Protos (F)","image":{"@type":"ImageObject","inLanguage":"es","@id":"https:\/\/secure.gravatar.com\/avatar\/cc613a9fd2ee203f402357c1b4aa2b7c041016cbf1eab1e41bde410b2ebd7f94?s=96&d=mm&r=g","url":"https:\/\/secure.gravatar.com\/avatar\/cc613a9fd2ee203f402357c1b4aa2b7c041016cbf1eab1e41bde410b2ebd7f94?s=96&d=mm&r=g","contentUrl":"https:\/\/secure.gravatar.com\/avatar\/cc613a9fd2ee203f402357c1b4aa2b7c041016cbf1eab1e41bde410b2ebd7f94?s=96&d=mm&r=g","caption":"Bodegas Protos (F)"},"sameAs":["https:\/\/www.bodegasprotos.com"]}]}},"_links":{"self":[{"href":"https:\/\/www.bodegasprotos.com\/es\/wp-json\/wp\/v2\/posts\/33504","targetHints":{"allow":["GET"]}}],"collection":[{"href":"https:\/\/www.bodegasprotos.com\/es\/wp-json\/wp\/v2\/posts"}],"about":[{"href":"https:\/\/www.bodegasprotos.com\/es\/wp-json\/wp\/v2\/types\/post"}],"author":[{"embeddable":true,"href":"https:\/\/www.bodegasprotos.com\/es\/wp-json\/wp\/v2\/users\/3"}],"replies":[{"embeddable":true,"href":"https:\/\/www.bodegasprotos.com\/es\/wp-json\/wp\/v2\/comments?post=33504"}],"version-history":[{"count":0,"href":"https:\/\/www.bodegasprotos.com\/es\/wp-json\/wp\/v2\/posts\/33504\/revisions"}],"wp:featuredmedia":[{"embeddable":true,"href":"https:\/\/www.bodegasprotos.com\/es\/wp-json\/wp\/v2\/media\/33505"}],"wp:attachment":[{"href":"https:\/\/www.bodegasprotos.com\/es\/wp-json\/wp\/v2\/media?parent=33504"}],"wp:term":[{"taxonomy":"category","embeddable":true,"href":"https:\/\/www.bodegasprotos.com\/es\/wp-json\/wp\/v2\/categories?post=33504"},{"taxonomy":"post_tag","embeddable":true,"href":"https:\/\/www.bodegasprotos.com\/es\/wp-json\/wp\/v2\/tags?post=33504"}],"curies":[{"name":"wp","href":"https:\/\/api.w.org\/{rel}","templated":true}]}}