{"id":33114,"date":"2021-11-22T14:00:38","date_gmt":"2021-11-22T13:00:38","guid":{"rendered":"https:\/\/www.bodegasprotos.com\/?p=33114"},"modified":"2021-11-22T15:44:10","modified_gmt":"2021-11-22T14:44:10","slug":"un-dia-con-maria-nieto-responsable-de-enoturismo-de-bodegas-protos","status":"publish","type":"post","link":"https:\/\/www.bodegasprotos.com\/es\/blog\/un-dia-con-maria-nieto-responsable-de-enoturismo-de-bodegas-protos\/","title":{"rendered":"Un d\u00eda con Mar\u00eda Nieto, responsable de Enoturismo de Bodegas Protos"},"content":{"rendered":"<h3><img fetchpriority=\"high\" decoding=\"async\" class=\"aligncenter wp-image-33115\" src=\"https:\/\/www.bodegasprotos.com\/wp-content\/uploads\/2021\/11\/Protos-Eno\u0301logos-11-002-200x300.jpg\" alt=\"\" width=\"230\" height=\"345\" srcset=\"https:\/\/www.bodegasprotos.com\/wp-content\/uploads\/2021\/11\/Protos-Eno\u0301logos-11-002-200x300.jpg 200w, https:\/\/www.bodegasprotos.com\/wp-content\/uploads\/2021\/11\/Protos-Eno\u0301logos-11-002-683x1024.jpg 683w, https:\/\/www.bodegasprotos.com\/wp-content\/uploads\/2021\/11\/Protos-Eno\u0301logos-11-002-768x1152.jpg 768w, https:\/\/www.bodegasprotos.com\/wp-content\/uploads\/2021\/11\/Protos-Eno\u0301logos-11-002-1024x1536.jpg 1024w, https:\/\/www.bodegasprotos.com\/wp-content\/uploads\/2021\/11\/Protos-Eno\u0301logos-11-002-1365x2048.jpg 1365w, https:\/\/www.bodegasprotos.com\/wp-content\/uploads\/2021\/11\/Protos-Eno\u0301logos-11-002-scaled.jpg 1707w\" sizes=\"(max-width: 230px) 100vw, 230px\" \/><\/h3>\n<h3><strong>\u00bfPor qu\u00e9 elegiste esta profesi\u00f3n?<\/strong><\/h3>\n<p>Antes de cumplir los 18 a\u00f1os tuve la oportunidad de ver la bodega de unos amigos de la familia y me enamor\u00e9 del mundo del vino.<\/p>\n<h3><strong>\u00bfEn qu\u00e9 consiste tu trabajo d\u00eda a d\u00eda?<\/strong><\/h3>\n<p>Una de las cosas que m\u00e1s me gustan de mi trabajo es que no hay rutina, cada d\u00eda es diferente ya que van cambiando las etapas de la elaboraci\u00f3n del vino y nunca hay dos vinos iguales.<\/p>\n<h3><strong>\u00bfCu\u00e1l crees que ha sido tu mayor proeza en la bodega?<\/strong><\/h3>\n<p>Todas las proezas \u00a0han sido en equipo, trabajo en dos departamentos (Enoturismo y t\u00e9cnico) y, en ambos departamentos, hemos logrado grandes cosas \u00a0gracias al amor por nuestro trabajo. Por elegir una, ser la bodega m\u00e1s visita de Ribera Duero, por ejemplo.<\/p>\n<h3><strong>\u00bfCu\u00e1l es tu asignatura pendiente?<\/strong><\/h3>\n<p>Los idiomas, sin duda.<\/p>\n<h3><strong>La a\u00f1ada que para ti fue memorable.<\/strong><\/h3>\n<p>2015.<\/p>\n<h3><strong>Si te tuvieras que quedar con un vino de la bodega, \u00bfcu\u00e1l ser\u00eda?<\/strong><\/h3>\n<p><a href=\"https:\/\/www.bodegasprotos.com\/es\/vino\/protos27\/\">Protos 27<\/a><\/p>\n<h3><strong>Un maridaje perfecto.<\/strong><\/h3>\n<p>Protos 27 y una tabla de quesos variados.<\/p>\n<h3><strong>Un d\u00eda especial o emocionante que recuerdes en la bodega.<\/strong><\/h3>\n<p>La celebraci\u00f3n del 90 aniversario de la bodega.<\/p>\n<h3><strong>Recomi\u00e9ndanos un libro que tenga que ver con el mundo del vino.<\/strong><\/h3>\n<p><a href=\"https:\/\/www.casadellibro.com\/libro-la-guerra-del-vino-los-franceses-los-nazis-y-el-tesoro-mas-gran-de-de-francia\/9788497772761\/1084088\">\u201cLa guerra del vino\u201d<\/a> de Don &amp; Petie Kladstrup.<\/p>\n<h3><strong>Y \u00bfuna pel\u00edcula?<\/strong><\/h3>\n<p><a href=\"https:\/\/www.filmaffinity.com\/es\/film281926.html\">Entre copas.<\/a><\/p>\n<p>&nbsp;<\/p>\n","protected":false},"excerpt":{"rendered":"<p>\u00bfPor qu\u00e9 elegiste esta profesi\u00f3n? Antes de cumplir los 18 a\u00f1os tuve la oportunidad de ver la bodega&#8230;<\/p>\n","protected":false},"author":3,"featured_media":33115,"comment_status":"closed","ping_status":"closed","sticky":false,"template":"","format":"standard","meta":{"_acf_changed":false,"footnotes":""},"categories":[87],"tags":[],"class_list":["post-33114","post","type-post","status-publish","format-standard","has-post-thumbnail","hentry","category-blog"],"acf":[],"yoast_head":"<!-- This site is optimized with the Yoast SEO plugin v27.5 - https:\/\/yoast.com\/product\/yoast-seo-wordpress\/ -->\n<title>Un d\u00eda con Mar\u00eda Nieto, responsable de Enoturismo de Bodegas Protos - Bodegas Protos<\/title>\n<meta name=\"description\" content=\"\u00bfPor qu\u00e9 elegiste esta profesi\u00f3n? Antes de cumplir los 18 a\u00f1os tuve la oportunidad de ver la bodega de unos amigos de la familia y me enamor\u00e9 del mundo\" \/>\n<meta name=\"robots\" content=\"index, follow, max-snippet:-1, max-image-preview:large, max-video-preview:-1\" \/>\n<link rel=\"canonical\" href=\"https:\/\/www.bodegasprotos.com\/es\/blog\/un-dia-con-maria-nieto-responsable-de-enoturismo-de-bodegas-protos\/\" \/>\n<meta property=\"og:locale\" content=\"es_ES\" \/>\n<meta property=\"og:type\" content=\"article\" \/>\n<meta property=\"og:title\" content=\"Un d\u00eda con Mar\u00eda Nieto, responsable de Enoturismo de Bodegas Protos - Bodegas Protos\" \/>\n<meta property=\"og:description\" content=\"\u00bfPor qu\u00e9 elegiste esta profesi\u00f3n? Antes de cumplir los 18 a\u00f1os tuve la oportunidad de ver la bodega de unos amigos de la familia y me enamor\u00e9 del mundo\" \/>\n<meta property=\"og:url\" content=\"https:\/\/www.bodegasprotos.com\/es\/blog\/un-dia-con-maria-nieto-responsable-de-enoturismo-de-bodegas-protos\/\" \/>\n<meta property=\"og:site_name\" content=\"Bodegas Protos\" \/>\n<meta property=\"article:publisher\" content=\"https:\/\/www.facebook.com\/BodegasProtos\" \/>\n<meta property=\"article:published_time\" content=\"2021-11-22T13:00:38+00:00\" \/>\n<meta property=\"article:modified_time\" content=\"2021-11-22T14:44:10+00:00\" \/>\n<meta property=\"og:image\" content=\"https:\/\/www.bodegasprotos.com\/wp-content\/uploads\/2021\/11\/Protos-Eno\u0301logos-11-002-scaled.jpg\" \/>\n\t<meta property=\"og:image:width\" content=\"1707\" \/>\n\t<meta property=\"og:image:height\" content=\"2560\" \/>\n\t<meta property=\"og:image:type\" content=\"image\/jpeg\" \/>\n<meta name=\"author\" content=\"Bodegas Protos (F)\" \/>\n<meta name=\"twitter:card\" content=\"summary_large_image\" \/>\n<meta name=\"twitter:creator\" content=\"@Bodegas_Protos\" \/>\n<meta name=\"twitter:site\" content=\"@Bodegas_Protos\" \/>\n<meta name=\"twitter:label1\" content=\"Escrito por\" \/>\n\t<meta name=\"twitter:data1\" content=\"Bodegas Protos (F)\" \/>\n\t<meta name=\"twitter:label2\" content=\"Tiempo de lectura\" \/>\n\t<meta name=\"twitter:data2\" content=\"2 minutos\" \/>\n<script type=\"application\/ld+json\" class=\"yoast-schema-graph\">{\"@context\":\"https:\\\/\\\/schema.org\",\"@graph\":[{\"@type\":\"Article\",\"@id\":\"https:\\\/\\\/www.bodegasprotos.com\\\/es\\\/blog\\\/un-dia-con-maria-nieto-responsable-de-enoturismo-de-bodegas-protos\\\/#article\",\"isPartOf\":{\"@id\":\"https:\\\/\\\/www.bodegasprotos.com\\\/es\\\/blog\\\/un-dia-con-maria-nieto-responsable-de-enoturismo-de-bodegas-protos\\\/\"},\"author\":{\"name\":\"Bodegas Protos (F)\",\"@id\":\"https:\\\/\\\/www.bodegasprotos.com\\\/es\\\/#\\\/schema\\\/person\\\/6cb69a08afa14171755cee0df7d20027\"},\"headline\":\"Un d\u00eda con Mar\u00eda Nieto, responsable de Enoturismo de Bodegas Protos\",\"datePublished\":\"2021-11-22T13:00:38+00:00\",\"dateModified\":\"2021-11-22T14:44:10+00:00\",\"mainEntityOfPage\":{\"@id\":\"https:\\\/\\\/www.bodegasprotos.com\\\/es\\\/blog\\\/un-dia-con-maria-nieto-responsable-de-enoturismo-de-bodegas-protos\\\/\"},\"wordCount\":242,\"publisher\":{\"@id\":\"https:\\\/\\\/www.bodegasprotos.com\\\/es\\\/#organization\"},\"image\":{\"@id\":\"https:\\\/\\\/www.bodegasprotos.com\\\/es\\\/blog\\\/un-dia-con-maria-nieto-responsable-de-enoturismo-de-bodegas-protos\\\/#primaryimage\"},\"thumbnailUrl\":\"https:\\\/\\\/www.bodegasprotos.com\\\/wp-content\\\/uploads\\\/2021\\\/11\\\/Protos-Eno\u0301logos-11-002-scaled.jpg\",\"articleSection\":[\"Blog\"],\"inLanguage\":\"es\"},{\"@type\":\"WebPage\",\"@id\":\"https:\\\/\\\/www.bodegasprotos.com\\\/es\\\/blog\\\/un-dia-con-maria-nieto-responsable-de-enoturismo-de-bodegas-protos\\\/\",\"url\":\"https:\\\/\\\/www.bodegasprotos.com\\\/es\\\/blog\\\/un-dia-con-maria-nieto-responsable-de-enoturismo-de-bodegas-protos\\\/\",\"name\":\"Un d\u00eda con Mar\u00eda Nieto, responsable de Enoturismo de Bodegas Protos - Bodegas Protos\",\"isPartOf\":{\"@id\":\"https:\\\/\\\/www.bodegasprotos.com\\\/es\\\/#website\"},\"primaryImageOfPage\":{\"@id\":\"https:\\\/\\\/www.bodegasprotos.com\\\/es\\\/blog\\\/un-dia-con-maria-nieto-responsable-de-enoturismo-de-bodegas-protos\\\/#primaryimage\"},\"image\":{\"@id\":\"https:\\\/\\\/www.bodegasprotos.com\\\/es\\\/blog\\\/un-dia-con-maria-nieto-responsable-de-enoturismo-de-bodegas-protos\\\/#primaryimage\"},\"thumbnailUrl\":\"https:\\\/\\\/www.bodegasprotos.com\\\/wp-content\\\/uploads\\\/2021\\\/11\\\/Protos-Eno\u0301logos-11-002-scaled.jpg\",\"datePublished\":\"2021-11-22T13:00:38+00:00\",\"dateModified\":\"2021-11-22T14:44:10+00:00\",\"description\":\"\u00bfPor qu\u00e9 elegiste esta profesi\u00f3n? Antes de cumplir los 18 a\u00f1os tuve la oportunidad de ver la bodega de unos amigos de la familia y me enamor\u00e9 del mundo\",\"breadcrumb\":{\"@id\":\"https:\\\/\\\/www.bodegasprotos.com\\\/es\\\/blog\\\/un-dia-con-maria-nieto-responsable-de-enoturismo-de-bodegas-protos\\\/#breadcrumb\"},\"inLanguage\":\"es\",\"potentialAction\":[{\"@type\":\"ReadAction\",\"target\":[\"https:\\\/\\\/www.bodegasprotos.com\\\/es\\\/blog\\\/un-dia-con-maria-nieto-responsable-de-enoturismo-de-bodegas-protos\\\/\"]}]},{\"@type\":\"ImageObject\",\"inLanguage\":\"es\",\"@id\":\"https:\\\/\\\/www.bodegasprotos.com\\\/es\\\/blog\\\/un-dia-con-maria-nieto-responsable-de-enoturismo-de-bodegas-protos\\\/#primaryimage\",\"url\":\"https:\\\/\\\/www.bodegasprotos.com\\\/wp-content\\\/uploads\\\/2021\\\/11\\\/Protos-Eno\u0301logos-11-002-scaled.jpg\",\"contentUrl\":\"https:\\\/\\\/www.bodegasprotos.com\\\/wp-content\\\/uploads\\\/2021\\\/11\\\/Protos-Eno\u0301logos-11-002-scaled.jpg\",\"width\":1707,\"height\":2560},{\"@type\":\"BreadcrumbList\",\"@id\":\"https:\\\/\\\/www.bodegasprotos.com\\\/es\\\/blog\\\/un-dia-con-maria-nieto-responsable-de-enoturismo-de-bodegas-protos\\\/#breadcrumb\",\"itemListElement\":[{\"@type\":\"ListItem\",\"position\":1,\"name\":\"Portada\",\"item\":\"https:\\\/\\\/www.bodegasprotos.com\\\/es\\\/\"},{\"@type\":\"ListItem\",\"position\":2,\"name\":\"Un d\u00eda con Mar\u00eda Nieto, responsable de Enoturismo de Bodegas Protos\"}]},{\"@type\":\"WebSite\",\"@id\":\"https:\\\/\\\/www.bodegasprotos.com\\\/es\\\/#website\",\"url\":\"https:\\\/\\\/www.bodegasprotos.com\\\/es\\\/\",\"name\":\"Bodegas Protos\",\"description\":\"Vinos de la Denominaci\u00f3n de Origen Ribera del Duero, Rueda y Cigales\",\"publisher\":{\"@id\":\"https:\\\/\\\/www.bodegasprotos.com\\\/es\\\/#organization\"},\"potentialAction\":[{\"@type\":\"SearchAction\",\"target\":{\"@type\":\"EntryPoint\",\"urlTemplate\":\"https:\\\/\\\/www.bodegasprotos.com\\\/es\\\/?s={search_term_string}\"},\"query-input\":{\"@type\":\"PropertyValueSpecification\",\"valueRequired\":true,\"valueName\":\"search_term_string\"}}],\"inLanguage\":\"es\"},{\"@type\":\"Organization\",\"@id\":\"https:\\\/\\\/www.bodegasprotos.com\\\/es\\\/#organization\",\"name\":\"Bodegas Protos\",\"url\":\"https:\\\/\\\/www.bodegasprotos.com\\\/es\\\/\",\"logo\":{\"@type\":\"ImageObject\",\"inLanguage\":\"es\",\"@id\":\"https:\\\/\\\/www.bodegasprotos.com\\\/es\\\/#\\\/schema\\\/logo\\\/image\\\/\",\"url\":\"https:\\\/\\\/www.bodegasprotos.com\\\/wp-content\\\/uploads\\\/2024\\\/06\\\/PROTOS-LOGOS-VERSIONES-13.png\",\"contentUrl\":\"https:\\\/\\\/www.bodegasprotos.com\\\/wp-content\\\/uploads\\\/2024\\\/06\\\/PROTOS-LOGOS-VERSIONES-13.png\",\"width\":2362,\"height\":2362,\"caption\":\"Bodegas Protos\"},\"image\":{\"@id\":\"https:\\\/\\\/www.bodegasprotos.com\\\/es\\\/#\\\/schema\\\/logo\\\/image\\\/\"},\"sameAs\":[\"https:\\\/\\\/www.facebook.com\\\/BodegasProtos\",\"https:\\\/\\\/x.com\\\/Bodegas_Protos\",\"https:\\\/\\\/www.instagram.com\\\/bodegasprotosoficial\\\/\",\"https:\\\/\\\/www.linkedin.com\\\/company\\\/bodegasprotos\\\/\",\"https:\\\/\\\/pinterest.com\\\/BodegasProtos\\\/\",\"http:\\\/\\\/www.youtube.com\\\/user\\\/BodegasProtos\",\"https:\\\/\\\/es.wikipedia.org\\\/wiki\\\/Bodegas_Protos\"]},{\"@type\":\"Person\",\"@id\":\"https:\\\/\\\/www.bodegasprotos.com\\\/es\\\/#\\\/schema\\\/person\\\/6cb69a08afa14171755cee0df7d20027\",\"name\":\"Bodegas Protos (F)\",\"image\":{\"@type\":\"ImageObject\",\"inLanguage\":\"es\",\"@id\":\"https:\\\/\\\/secure.gravatar.com\\\/avatar\\\/cc613a9fd2ee203f402357c1b4aa2b7c041016cbf1eab1e41bde410b2ebd7f94?s=96&d=mm&r=g\",\"url\":\"https:\\\/\\\/secure.gravatar.com\\\/avatar\\\/cc613a9fd2ee203f402357c1b4aa2b7c041016cbf1eab1e41bde410b2ebd7f94?s=96&d=mm&r=g\",\"contentUrl\":\"https:\\\/\\\/secure.gravatar.com\\\/avatar\\\/cc613a9fd2ee203f402357c1b4aa2b7c041016cbf1eab1e41bde410b2ebd7f94?s=96&d=mm&r=g\",\"caption\":\"Bodegas Protos (F)\"},\"sameAs\":[\"https:\\\/\\\/www.bodegasprotos.com\"]}]}<\/script>\n<!-- \/ Yoast SEO plugin. -->","yoast_head_json":{"title":"Un d\u00eda con Mar\u00eda Nieto, responsable de Enoturismo de Bodegas Protos - Bodegas Protos","description":"\u00bfPor qu\u00e9 elegiste esta profesi\u00f3n? Antes de cumplir los 18 a\u00f1os tuve la oportunidad de ver la bodega de unos amigos de la familia y me enamor\u00e9 del mundo","robots":{"index":"index","follow":"follow","max-snippet":"max-snippet:-1","max-image-preview":"max-image-preview:large","max-video-preview":"max-video-preview:-1"},"canonical":"https:\/\/www.bodegasprotos.com\/es\/blog\/un-dia-con-maria-nieto-responsable-de-enoturismo-de-bodegas-protos\/","og_locale":"es_ES","og_type":"article","og_title":"Un d\u00eda con Mar\u00eda Nieto, responsable de Enoturismo de Bodegas Protos - Bodegas Protos","og_description":"\u00bfPor qu\u00e9 elegiste esta profesi\u00f3n? Antes de cumplir los 18 a\u00f1os tuve la oportunidad de ver la bodega de unos amigos de la familia y me enamor\u00e9 del mundo","og_url":"https:\/\/www.bodegasprotos.com\/es\/blog\/un-dia-con-maria-nieto-responsable-de-enoturismo-de-bodegas-protos\/","og_site_name":"Bodegas Protos","article_publisher":"https:\/\/www.facebook.com\/BodegasProtos","article_published_time":"2021-11-22T13:00:38+00:00","article_modified_time":"2021-11-22T14:44:10+00:00","og_image":[{"width":1707,"height":2560,"url":"https:\/\/www.bodegasprotos.com\/wp-content\/uploads\/2021\/11\/Protos-Eno\u0301logos-11-002-scaled.jpg","type":"image\/jpeg"}],"author":"Bodegas Protos (F)","twitter_card":"summary_large_image","twitter_creator":"@Bodegas_Protos","twitter_site":"@Bodegas_Protos","twitter_misc":{"Escrito por":"Bodegas Protos (F)","Tiempo de lectura":"2 minutos"},"schema":{"@context":"https:\/\/schema.org","@graph":[{"@type":"Article","@id":"https:\/\/www.bodegasprotos.com\/es\/blog\/un-dia-con-maria-nieto-responsable-de-enoturismo-de-bodegas-protos\/#article","isPartOf":{"@id":"https:\/\/www.bodegasprotos.com\/es\/blog\/un-dia-con-maria-nieto-responsable-de-enoturismo-de-bodegas-protos\/"},"author":{"name":"Bodegas Protos (F)","@id":"https:\/\/www.bodegasprotos.com\/es\/#\/schema\/person\/6cb69a08afa14171755cee0df7d20027"},"headline":"Un d\u00eda con Mar\u00eda Nieto, responsable de Enoturismo de Bodegas Protos","datePublished":"2021-11-22T13:00:38+00:00","dateModified":"2021-11-22T14:44:10+00:00","mainEntityOfPage":{"@id":"https:\/\/www.bodegasprotos.com\/es\/blog\/un-dia-con-maria-nieto-responsable-de-enoturismo-de-bodegas-protos\/"},"wordCount":242,"publisher":{"@id":"https:\/\/www.bodegasprotos.com\/es\/#organization"},"image":{"@id":"https:\/\/www.bodegasprotos.com\/es\/blog\/un-dia-con-maria-nieto-responsable-de-enoturismo-de-bodegas-protos\/#primaryimage"},"thumbnailUrl":"https:\/\/www.bodegasprotos.com\/wp-content\/uploads\/2021\/11\/Protos-Eno\u0301logos-11-002-scaled.jpg","articleSection":["Blog"],"inLanguage":"es"},{"@type":"WebPage","@id":"https:\/\/www.bodegasprotos.com\/es\/blog\/un-dia-con-maria-nieto-responsable-de-enoturismo-de-bodegas-protos\/","url":"https:\/\/www.bodegasprotos.com\/es\/blog\/un-dia-con-maria-nieto-responsable-de-enoturismo-de-bodegas-protos\/","name":"Un d\u00eda con Mar\u00eda Nieto, responsable de Enoturismo de Bodegas Protos - Bodegas Protos","isPartOf":{"@id":"https:\/\/www.bodegasprotos.com\/es\/#website"},"primaryImageOfPage":{"@id":"https:\/\/www.bodegasprotos.com\/es\/blog\/un-dia-con-maria-nieto-responsable-de-enoturismo-de-bodegas-protos\/#primaryimage"},"image":{"@id":"https:\/\/www.bodegasprotos.com\/es\/blog\/un-dia-con-maria-nieto-responsable-de-enoturismo-de-bodegas-protos\/#primaryimage"},"thumbnailUrl":"https:\/\/www.bodegasprotos.com\/wp-content\/uploads\/2021\/11\/Protos-Eno\u0301logos-11-002-scaled.jpg","datePublished":"2021-11-22T13:00:38+00:00","dateModified":"2021-11-22T14:44:10+00:00","description":"\u00bfPor qu\u00e9 elegiste esta profesi\u00f3n? Antes de cumplir los 18 a\u00f1os tuve la oportunidad de ver la bodega de unos amigos de la familia y me enamor\u00e9 del mundo","breadcrumb":{"@id":"https:\/\/www.bodegasprotos.com\/es\/blog\/un-dia-con-maria-nieto-responsable-de-enoturismo-de-bodegas-protos\/#breadcrumb"},"inLanguage":"es","potentialAction":[{"@type":"ReadAction","target":["https:\/\/www.bodegasprotos.com\/es\/blog\/un-dia-con-maria-nieto-responsable-de-enoturismo-de-bodegas-protos\/"]}]},{"@type":"ImageObject","inLanguage":"es","@id":"https:\/\/www.bodegasprotos.com\/es\/blog\/un-dia-con-maria-nieto-responsable-de-enoturismo-de-bodegas-protos\/#primaryimage","url":"https:\/\/www.bodegasprotos.com\/wp-content\/uploads\/2021\/11\/Protos-Eno\u0301logos-11-002-scaled.jpg","contentUrl":"https:\/\/www.bodegasprotos.com\/wp-content\/uploads\/2021\/11\/Protos-Eno\u0301logos-11-002-scaled.jpg","width":1707,"height":2560},{"@type":"BreadcrumbList","@id":"https:\/\/www.bodegasprotos.com\/es\/blog\/un-dia-con-maria-nieto-responsable-de-enoturismo-de-bodegas-protos\/#breadcrumb","itemListElement":[{"@type":"ListItem","position":1,"name":"Portada","item":"https:\/\/www.bodegasprotos.com\/es\/"},{"@type":"ListItem","position":2,"name":"Un d\u00eda con Mar\u00eda Nieto, responsable de Enoturismo de Bodegas Protos"}]},{"@type":"WebSite","@id":"https:\/\/www.bodegasprotos.com\/es\/#website","url":"https:\/\/www.bodegasprotos.com\/es\/","name":"Bodegas Protos","description":"Vinos de la Denominaci\u00f3n de Origen Ribera del Duero, Rueda y Cigales","publisher":{"@id":"https:\/\/www.bodegasprotos.com\/es\/#organization"},"potentialAction":[{"@type":"SearchAction","target":{"@type":"EntryPoint","urlTemplate":"https:\/\/www.bodegasprotos.com\/es\/?s={search_term_string}"},"query-input":{"@type":"PropertyValueSpecification","valueRequired":true,"valueName":"search_term_string"}}],"inLanguage":"es"},{"@type":"Organization","@id":"https:\/\/www.bodegasprotos.com\/es\/#organization","name":"Bodegas Protos","url":"https:\/\/www.bodegasprotos.com\/es\/","logo":{"@type":"ImageObject","inLanguage":"es","@id":"https:\/\/www.bodegasprotos.com\/es\/#\/schema\/logo\/image\/","url":"https:\/\/www.bodegasprotos.com\/wp-content\/uploads\/2024\/06\/PROTOS-LOGOS-VERSIONES-13.png","contentUrl":"https:\/\/www.bodegasprotos.com\/wp-content\/uploads\/2024\/06\/PROTOS-LOGOS-VERSIONES-13.png","width":2362,"height":2362,"caption":"Bodegas Protos"},"image":{"@id":"https:\/\/www.bodegasprotos.com\/es\/#\/schema\/logo\/image\/"},"sameAs":["https:\/\/www.facebook.com\/BodegasProtos","https:\/\/x.com\/Bodegas_Protos","https:\/\/www.instagram.com\/bodegasprotosoficial\/","https:\/\/www.linkedin.com\/company\/bodegasprotos\/","https:\/\/pinterest.com\/BodegasProtos\/","http:\/\/www.youtube.com\/user\/BodegasProtos","https:\/\/es.wikipedia.org\/wiki\/Bodegas_Protos"]},{"@type":"Person","@id":"https:\/\/www.bodegasprotos.com\/es\/#\/schema\/person\/6cb69a08afa14171755cee0df7d20027","name":"Bodegas Protos (F)","image":{"@type":"ImageObject","inLanguage":"es","@id":"https:\/\/secure.gravatar.com\/avatar\/cc613a9fd2ee203f402357c1b4aa2b7c041016cbf1eab1e41bde410b2ebd7f94?s=96&d=mm&r=g","url":"https:\/\/secure.gravatar.com\/avatar\/cc613a9fd2ee203f402357c1b4aa2b7c041016cbf1eab1e41bde410b2ebd7f94?s=96&d=mm&r=g","contentUrl":"https:\/\/secure.gravatar.com\/avatar\/cc613a9fd2ee203f402357c1b4aa2b7c041016cbf1eab1e41bde410b2ebd7f94?s=96&d=mm&r=g","caption":"Bodegas Protos (F)"},"sameAs":["https:\/\/www.bodegasprotos.com"]}]}},"_links":{"self":[{"href":"https:\/\/www.bodegasprotos.com\/es\/wp-json\/wp\/v2\/posts\/33114","targetHints":{"allow":["GET"]}}],"collection":[{"href":"https:\/\/www.bodegasprotos.com\/es\/wp-json\/wp\/v2\/posts"}],"about":[{"href":"https:\/\/www.bodegasprotos.com\/es\/wp-json\/wp\/v2\/types\/post"}],"author":[{"embeddable":true,"href":"https:\/\/www.bodegasprotos.com\/es\/wp-json\/wp\/v2\/users\/3"}],"replies":[{"embeddable":true,"href":"https:\/\/www.bodegasprotos.com\/es\/wp-json\/wp\/v2\/comments?post=33114"}],"version-history":[{"count":0,"href":"https:\/\/www.bodegasprotos.com\/es\/wp-json\/wp\/v2\/posts\/33114\/revisions"}],"wp:featuredmedia":[{"embeddable":true,"href":"https:\/\/www.bodegasprotos.com\/es\/wp-json\/wp\/v2\/media\/33115"}],"wp:attachment":[{"href":"https:\/\/www.bodegasprotos.com\/es\/wp-json\/wp\/v2\/media?parent=33114"}],"wp:term":[{"taxonomy":"category","embeddable":true,"href":"https:\/\/www.bodegasprotos.com\/es\/wp-json\/wp\/v2\/categories?post=33114"},{"taxonomy":"post_tag","embeddable":true,"href":"https:\/\/www.bodegasprotos.com\/es\/wp-json\/wp\/v2\/tags?post=33114"}],"curies":[{"name":"wp","href":"https:\/\/api.w.org\/{rel}","templated":true}]}}