{"id":31686,"date":"2021-07-30T11:30:06","date_gmt":"2021-07-30T09:30:06","guid":{"rendered":"https:\/\/www.bodegasprotos.com\/?p=31686"},"modified":"2021-07-30T11:33:21","modified_gmt":"2021-07-30T09:33:21","slug":"codillo-de-cerdo-cocinado-en-cerveza-con-glaseado-de-miel-del-bosque-acompanado-del-rico-clarete-de-bodegas-protos","status":"publish","type":"post","link":"https:\/\/www.bodegasprotos.com\/es\/blog\/codillo-de-cerdo-cocinado-en-cerveza-con-glaseado-de-miel-del-bosque-acompanado-del-rico-clarete-de-bodegas-protos\/","title":{"rendered":"Codillo de cerdo cocinado en cerveza con glaseado de miel del bosque, acompa\u00f1ado del rico clarete de Bodegas Protos"},"content":{"rendered":"<p>Hoy en la comida me lo voy a pasar genial con mis comensales ya que vamos a disfrutar con el plato que he preparado, este rico <strong>codillo de cerdo cocinado en cerveza con glaseado de miel del bosque,<\/strong> que es un manjar de dioses, con muchos e intensos sabores, pero mitigado con el toque elegante del glaseado de miel. \u00a1qu\u00e9 lujo!<\/p>\n<p><strong>Maridaje: codillo glaseado con miel versus clarete de Protos<\/strong><\/p>\n<div id=\"attachment_31687\" style=\"width: 310px\" class=\"wp-caption aligncenter\"><img fetchpriority=\"high\" decoding=\"async\" aria-describedby=\"caption-attachment-31687\" class=\"size-medium wp-image-31687\" src=\"https:\/\/www.bodegasprotos.com\/wp-content\/uploads\/2021\/07\/protos-clarete-300x212.jpg\" alt=\"protos clarete\" width=\"300\" height=\"212\" srcset=\"https:\/\/www.bodegasprotos.com\/wp-content\/uploads\/2021\/07\/protos-clarete-300x212.jpg 300w, https:\/\/www.bodegasprotos.com\/wp-content\/uploads\/2021\/07\/protos-clarete.jpg 700w\" sizes=\"(max-width: 300px) 100vw, 300px\" \/><p id=\"caption-attachment-31687\" class=\"wp-caption-text\">protos clarete<\/p><\/div>\n<p>Para terminar de redondear el d\u00eda vamos a disfrutar de uno de mis vinos favoritos, el clarete de <a href=\"https:\/\/www.bodegasprotos.com\/\"><strong>Bodegas Protos<\/strong><\/a>\u00a0, muy conocidos por estos lares ya que nunca falta en mi bodega y sus vinos han acompa\u00f1ado a muchos y estupendos platos.<\/p>\n<p>Como es evidente en el momento en el que el vino cae en la copa descubrir\u00e1s su bonito color rosa grosella con toques violetas, un vino brillante y limpio, perfecto para que mis platos suban a otra dimensi\u00f3n.<\/p>\n<p>Su color, su aroma, su agradable paso de boca me recuerda a los claretes que se beb\u00edan hace muchos a\u00f1os en las bodegas de San Asensio en La Rioja.\u00a0Su frescura va genial con el toque agridulce de mi codillo, el conjunto ha sido todo un \u00e9xito, la armon\u00eda perfecta que es mi objetivo cuando preparo una comida.<\/p>\n<p><a href=\"https:\/\/www.bodegasprotos.com\/es\/vino\/clarete\/\"><strong>Aqu\u00ed<\/strong><\/a><strong>\u00a0<\/strong>podr\u00e1s ver la ficha t\u00e9cnica este vino clarete para que lo conozcas un poco mejor.<\/p>\n<p><strong>La miel del Bosque<\/strong><\/p>\n<p>En mis correr\u00edas en busca de productos de infinita calidad he descubierto una empresa de miel, llamada \u2018<a href=\"https:\/\/madridmiel.com\/empresa-produccion-miel-artesanal-espana\/\"><strong>Madrid miel<\/strong><\/a>\u00a0que me ha impresionado por la gran calidad de sus productos, por su deliciosa miel de la que me he vuelto adicta.<\/p>\n<div id=\"attachment_31699\" style=\"width: 310px\" class=\"wp-caption aligncenter\"><img decoding=\"async\" aria-describedby=\"caption-attachment-31699\" class=\"size-medium wp-image-31699\" src=\"https:\/\/www.bodegasprotos.com\/wp-content\/uploads\/2021\/07\/Miel-BOSQUE-300x277.jpg\" alt=\"Miel del bosque\" width=\"300\" height=\"277\" srcset=\"https:\/\/www.bodegasprotos.com\/wp-content\/uploads\/2021\/07\/Miel-BOSQUE-300x277.jpg 300w, https:\/\/www.bodegasprotos.com\/wp-content\/uploads\/2021\/07\/Miel-BOSQUE.jpg 600w\" sizes=\"(max-width: 300px) 100vw, 300px\" \/><p id=\"caption-attachment-31699\" class=\"wp-caption-text\">Miel del bosque<\/p><\/div>\n<p>&nbsp;<\/p>\n<p>Me cuesta mucho decidir entre todas las que prob\u00e9, y los platos que prepar\u00e9 con ellas me parecieron absolutamente deliciosos, una maravilla, por eso hoy no me voy a extender ya que quiero dedicar un post a estas mieles tan fant\u00e1sticas.<\/p>\n<p>Solo voy a destacar que la miel de bosque (tambi\u00e9n llamada miel de mielada) es muy oscura y proveniente de los mielatos de encina, roble, casta\u00f1o o pino. Tiene un sabor intenso y persistente perfecto para combinar con una carne con tanto sabor como el codillo de cerdo.<\/p>\n<p>Proviene de colmenas situadas en Castilla y Le\u00f3n (Espa\u00f1a) y esta premiada en la <a href=\"http:\/\/www.londonhoneyawards.com\/\">London International Honey Awards 2021<\/a>\u00a0con medalla de\u00a0<em>PLATINUM<\/em>, siendo\u00a0<strong>una de las 50 mejores mieles del mundo 2021<\/strong>.<\/p>\n<p>\u00a1No te lo pierdas, te va a encantar! Y no te olvides de mirar los consejos en el pie de la receta.<\/p>\n<div id=\"attachment_31691\" style=\"width: 210px\" class=\"wp-caption aligncenter\"><img decoding=\"async\" aria-describedby=\"caption-attachment-31691\" class=\"size-medium wp-image-31691\" src=\"https:\/\/www.bodegasprotos.com\/wp-content\/uploads\/2021\/07\/codillo-de-cerdo-cocinado-en-cerveza-pilsener-con-glaseado-de-miel.1-200x300.jpg\" alt=\"codillo-de-cerdo-cocinado-en-cerveza-pilsener-con-glaseado-de-miel.1\" width=\"200\" height=\"300\" srcset=\"https:\/\/www.bodegasprotos.com\/wp-content\/uploads\/2021\/07\/codillo-de-cerdo-cocinado-en-cerveza-pilsener-con-glaseado-de-miel.1-200x300.jpg 200w, https:\/\/www.bodegasprotos.com\/wp-content\/uploads\/2021\/07\/codillo-de-cerdo-cocinado-en-cerveza-pilsener-con-glaseado-de-miel.1-682x1024.jpg 682w, https:\/\/www.bodegasprotos.com\/wp-content\/uploads\/2021\/07\/codillo-de-cerdo-cocinado-en-cerveza-pilsener-con-glaseado-de-miel.1.jpg 700w\" sizes=\"(max-width: 200px) 100vw, 200px\" \/><p id=\"caption-attachment-31691\" class=\"wp-caption-text\">codillo-de-cerdo-cocinado-en-cerveza-pilsener-con-glaseado-de-miel.<\/p><\/div>\n<ul>\n<li>Categor\u00eda: plato principal<\/li>\n<li>Estilo: cocina de fiesta y celebraci\u00f3n<\/li>\n<li>Ingrediente principal: codillos de cerdo<\/li>\n<li>Tiempo de elaboraci\u00f3n: largo<\/li>\n<li>Comensales: 4<\/li>\n<li>Precio: medio<\/li>\n<li>Dificultad: baja<\/li>\n<li>Esta receta est\u00e1 cocinada sin huevo, sin frutos secos, sin gluten, sin lactosa.<\/li>\n<\/ul>\n<p><strong>Ingredientes para preparar\u00a0codillo de cerdo cocido en pilsner y glaseado con miel del bosque para cuatro comensales:<\/strong><\/p>\n<ul>\n<li>codillos de cerdo salmuerados, 2<\/li>\n<li>cerveza pilsner, 350 ml<\/li>\n<li>180g de miel del bosque<\/li>\n<li>jengibre fresco, 6 rodajas<\/li>\n<li>zanahoria, 1<\/li>\n<li>nabo, 1<\/li>\n<li>puerro, 1<\/li>\n<li>cebolla, 1<\/li>\n<li>patatas para fre\u00edr, 2 grandes<\/li>\n<li>Clarete de Protos<\/li>\n<\/ul>\n<div id=\"attachment_31697\" style=\"width: 310px\" class=\"wp-caption aligncenter\"><img loading=\"lazy\" decoding=\"async\" aria-describedby=\"caption-attachment-31697\" class=\"size-medium wp-image-31697\" src=\"https:\/\/www.bodegasprotos.com\/wp-content\/uploads\/2021\/07\/codillo-de-cerdo-en-salmuera-300x253.jpg\" alt=\"codillo-de-cerdo-en-salmuera\" width=\"300\" height=\"253\" srcset=\"https:\/\/www.bodegasprotos.com\/wp-content\/uploads\/2021\/07\/codillo-de-cerdo-en-salmuera-300x253.jpg 300w, https:\/\/www.bodegasprotos.com\/wp-content\/uploads\/2021\/07\/codillo-de-cerdo-en-salmuera.jpg 700w\" sizes=\"(max-width: 300px) 100vw, 300px\" \/><p id=\"caption-attachment-31697\" class=\"wp-caption-text\">codillo-de-cerdo-en-salmuera<\/p><\/div>\n<p><strong>\u00bfC\u00f3mo cocinar codillo de cerdo cocido en pilsner y glaseado con miel del bosque?<\/strong><\/p>\n<p><strong>Elaboraci\u00f3n paso a paso<\/strong><\/p>\n<ol>\n<li>Lavar los codillos bajo el chorro de agua fr\u00eda, los secamos y los colocamos en la olla expr\u00e9s.<\/li>\n<li>A\u00f1adir las verduras y cubrir con la cerveza, cerrar la olla y tener cocinando 30 minutos.<\/li>\n<li>Esperamos a poder abrirla, pinchamos el codillo para comprobar que est\u00e9 tierno.<\/li>\n<li>Juntamos la miel del bosque con el vinagre y lo diluimos y dejamos reducir para que se concentre.<\/li>\n<li>Con un pincel pintamos la piel del codillo, cuidando de embadurnarlo generosamente.<\/li>\n<li>Lo metemos bajo el grill a tope para que se doren.<\/li>\n<li>Pintamos varias veces con la miel y el vinagre, mientras dura el proceso de dorado y glaseado.<\/li>\n<li>Podemos acompa\u00f1ar con pur\u00e9 de patatas o patatas fritas<\/li>\n<\/ol>\n<div id=\"attachment_31695\" style=\"width: 244px\" class=\"wp-caption aligncenter\"><img loading=\"lazy\" decoding=\"async\" aria-describedby=\"caption-attachment-31695\" class=\"size-medium wp-image-31695\" src=\"https:\/\/www.bodegasprotos.com\/wp-content\/uploads\/2021\/07\/codillo-de-cerdo-cocinado-en-cerveza-pilsener-con-glaseado-de-miel-234x300.jpg\" alt=\"codillo-de-cerdo-cocinado-en-cerveza-pilsener-con-glaseado-de-miel\" width=\"234\" height=\"300\" srcset=\"https:\/\/www.bodegasprotos.com\/wp-content\/uploads\/2021\/07\/codillo-de-cerdo-cocinado-en-cerveza-pilsener-con-glaseado-de-miel-234x300.jpg 234w, https:\/\/www.bodegasprotos.com\/wp-content\/uploads\/2021\/07\/codillo-de-cerdo-cocinado-en-cerveza-pilsener-con-glaseado-de-miel.jpg 700w\" sizes=\"(max-width: 234px) 100vw, 234px\" \/><p id=\"caption-attachment-31695\" class=\"wp-caption-text\">codillo-de-cerdo-cocinado-en-cerveza-pilsener-con-glaseado-de-miel<\/p><\/div>\n<p><strong>Consejos para que te salga codillo de cerdo cocido en pilsner y glaseado con miel del bosque genial<\/strong><\/p>\n<p>Si no tienes olla expr\u00e9s el tiempo de cocci\u00f3n del codillo ser\u00e1 el triple, de treinta minutos se convertir\u00e1 en noventa, al final la carne se tiene que separar del hueso, el objetivo es no necesitar un cuchillo para cortarla.<\/p>\n<p>Puedes poner todas las verduras que quieras y sustituir la cerveza por caldo y una copa de co\u00f1ac, as\u00ed tambi\u00e9n sale super rico.<\/p>\n<p>Como acompa\u00f1amiento puedes poner pur\u00e9 de patata, chucrut, papas fritas, verduras, ensalada de col, ensalada alemana de patata \u2026 en fin, lo que la imaginaci\u00f3n te dicte.<\/p>\n<p>No te pierdas <a href=\"https:\/\/www.cocinayaficiones.com\/?s=protos\"><strong>mis recetas maridadas con los vinos de Bodegas Protos<\/strong><\/a>, te pueden servir de inspiraci\u00f3n para preparar tus men\u00fas.<\/p>\n<p>Y para ver m\u00e1s recetas de <a href=\"https:\/\/www.cocinayaficiones.com\/?s=codillo\"><strong>codillo<\/strong><\/a> o de <a href=\"https:\/\/www.cocinayaficiones.com\/category\/recetas-2\/plato-principal\/carne\/\"><strong>carne<\/strong><\/a>\u00a0pulsa en el rojo.<\/p>\n<p>Si te gusta esta receta visita mi canal de <a href=\"https:\/\/www.youtube.com\/channel\/UCFMBYRN9-PFvTvGjY_odrPA\"><strong>YouTube<\/strong><\/a> para ver mis videos y mi <a href=\"https:\/\/www.instagram.com\/explore\/people\/suggested\/?hl=es\"><strong>Instagram<\/strong><\/a>, para estar al d\u00eda de todo lo que se cuece en mi cocina.<\/p>\n<p>Ante alguna duda para su elaboraci\u00f3n o me quieres hacer alguna puntualizaci\u00f3n o\u00a0pregunta deja un comentario y te contestare.<\/p>\n<p><strong>\u00a1y si te gusta este post, comp\u00e1rtelo!!!\u00a0<\/strong><\/p>\n<p>&nbsp;<\/p>\n<p>Concha Bernard. Cocina y Aficiones<\/p>\n","protected":false},"excerpt":{"rendered":"<p>Hoy en la comida me lo voy a pasar genial con mis comensales ya que vamos a disfrutar&#8230;<\/p>\n","protected":false},"author":3,"featured_media":31691,"comment_status":"closed","ping_status":"closed","sticky":false,"template":"","format":"standard","meta":{"_acf_changed":false,"footnotes":""},"categories":[87],"tags":[],"class_list":["post-31686","post","type-post","status-publish","format-standard","has-post-thumbnail","hentry","category-blog"],"acf":[],"yoast_head":"<!-- This site is optimized with the Yoast SEO plugin v27.5 - https:\/\/yoast.com\/product\/yoast-seo-wordpress\/ -->\n<title>Codillo de cerdo cocinado en cerveza con glaseado de miel del bosque, acompa\u00f1ado del rico clarete de Bodegas Protos - Bodegas Protos<\/title>\n<meta name=\"description\" content=\"Hoy en la comida me lo voy a pasar genial con mis comensales ya que vamos a disfrutar con el plato que he preparado, este rico codillo de cerdo cocinado\" \/>\n<meta name=\"robots\" content=\"index, follow, max-snippet:-1, max-image-preview:large, max-video-preview:-1\" \/>\n<link rel=\"canonical\" href=\"https:\/\/www.bodegasprotos.com\/es\/blog\/codillo-de-cerdo-cocinado-en-cerveza-con-glaseado-de-miel-del-bosque-acompanado-del-rico-clarete-de-bodegas-protos\/\" \/>\n<meta property=\"og:locale\" content=\"es_ES\" \/>\n<meta property=\"og:type\" content=\"article\" \/>\n<meta property=\"og:title\" content=\"Codillo de cerdo cocinado en cerveza con glaseado de miel del bosque, acompa\u00f1ado del rico clarete de Bodegas Protos - Bodegas Protos\" \/>\n<meta property=\"og:description\" content=\"Hoy en la comida me lo voy a pasar genial con mis comensales ya que vamos a disfrutar con el plato que he preparado, este rico codillo de cerdo cocinado\" \/>\n<meta property=\"og:url\" content=\"https:\/\/www.bodegasprotos.com\/es\/blog\/codillo-de-cerdo-cocinado-en-cerveza-con-glaseado-de-miel-del-bosque-acompanado-del-rico-clarete-de-bodegas-protos\/\" \/>\n<meta property=\"og:site_name\" content=\"Bodegas Protos\" \/>\n<meta property=\"article:publisher\" content=\"https:\/\/www.facebook.com\/BodegasProtos\" \/>\n<meta property=\"article:published_time\" content=\"2021-07-30T09:30:06+00:00\" \/>\n<meta property=\"article:modified_time\" content=\"2021-07-30T09:33:21+00:00\" \/>\n<meta property=\"og:image\" content=\"https:\/\/www.bodegasprotos.com\/wp-content\/uploads\/2021\/07\/codillo-de-cerdo-cocinado-en-cerveza-pilsener-con-glaseado-de-miel.1.jpg\" \/>\n\t<meta property=\"og:image:width\" content=\"700\" \/>\n\t<meta property=\"og:image:height\" content=\"1051\" \/>\n\t<meta property=\"og:image:type\" content=\"image\/jpeg\" \/>\n<meta name=\"author\" content=\"Bodegas Protos (F)\" \/>\n<meta name=\"twitter:card\" content=\"summary_large_image\" \/>\n<meta name=\"twitter:creator\" content=\"@Bodegas_Protos\" \/>\n<meta name=\"twitter:site\" content=\"@Bodegas_Protos\" \/>\n<meta name=\"twitter:label1\" content=\"Escrito por\" \/>\n\t<meta name=\"twitter:data1\" content=\"Bodegas Protos (F)\" \/>\n\t<meta name=\"twitter:label2\" content=\"Tiempo de lectura\" \/>\n\t<meta name=\"twitter:data2\" content=\"5 minutos\" \/>\n<script type=\"application\/ld+json\" class=\"yoast-schema-graph\">{\"@context\":\"https:\\\/\\\/schema.org\",\"@graph\":[{\"@type\":\"Article\",\"@id\":\"https:\\\/\\\/www.bodegasprotos.com\\\/es\\\/blog\\\/codillo-de-cerdo-cocinado-en-cerveza-con-glaseado-de-miel-del-bosque-acompanado-del-rico-clarete-de-bodegas-protos\\\/#article\",\"isPartOf\":{\"@id\":\"https:\\\/\\\/www.bodegasprotos.com\\\/es\\\/blog\\\/codillo-de-cerdo-cocinado-en-cerveza-con-glaseado-de-miel-del-bosque-acompanado-del-rico-clarete-de-bodegas-protos\\\/\"},\"author\":{\"name\":\"Bodegas Protos (F)\",\"@id\":\"https:\\\/\\\/www.bodegasprotos.com\\\/es\\\/#\\\/schema\\\/person\\\/6cb69a08afa14171755cee0df7d20027\"},\"headline\":\"Codillo de cerdo cocinado en cerveza con glaseado de miel del bosque, acompa\u00f1ado del rico clarete de Bodegas Protos\",\"datePublished\":\"2021-07-30T09:30:06+00:00\",\"dateModified\":\"2021-07-30T09:33:21+00:00\",\"mainEntityOfPage\":{\"@id\":\"https:\\\/\\\/www.bodegasprotos.com\\\/es\\\/blog\\\/codillo-de-cerdo-cocinado-en-cerveza-con-glaseado-de-miel-del-bosque-acompanado-del-rico-clarete-de-bodegas-protos\\\/\"},\"wordCount\":927,\"publisher\":{\"@id\":\"https:\\\/\\\/www.bodegasprotos.com\\\/es\\\/#organization\"},\"image\":{\"@id\":\"https:\\\/\\\/www.bodegasprotos.com\\\/es\\\/blog\\\/codillo-de-cerdo-cocinado-en-cerveza-con-glaseado-de-miel-del-bosque-acompanado-del-rico-clarete-de-bodegas-protos\\\/#primaryimage\"},\"thumbnailUrl\":\"https:\\\/\\\/www.bodegasprotos.com\\\/wp-content\\\/uploads\\\/2021\\\/07\\\/codillo-de-cerdo-cocinado-en-cerveza-pilsener-con-glaseado-de-miel.1.jpg\",\"articleSection\":[\"Blog\"],\"inLanguage\":\"es\"},{\"@type\":\"WebPage\",\"@id\":\"https:\\\/\\\/www.bodegasprotos.com\\\/es\\\/blog\\\/codillo-de-cerdo-cocinado-en-cerveza-con-glaseado-de-miel-del-bosque-acompanado-del-rico-clarete-de-bodegas-protos\\\/\",\"url\":\"https:\\\/\\\/www.bodegasprotos.com\\\/es\\\/blog\\\/codillo-de-cerdo-cocinado-en-cerveza-con-glaseado-de-miel-del-bosque-acompanado-del-rico-clarete-de-bodegas-protos\\\/\",\"name\":\"Codillo de cerdo cocinado en cerveza con glaseado de miel del bosque, acompa\u00f1ado del rico clarete de Bodegas Protos - Bodegas Protos\",\"isPartOf\":{\"@id\":\"https:\\\/\\\/www.bodegasprotos.com\\\/es\\\/#website\"},\"primaryImageOfPage\":{\"@id\":\"https:\\\/\\\/www.bodegasprotos.com\\\/es\\\/blog\\\/codillo-de-cerdo-cocinado-en-cerveza-con-glaseado-de-miel-del-bosque-acompanado-del-rico-clarete-de-bodegas-protos\\\/#primaryimage\"},\"image\":{\"@id\":\"https:\\\/\\\/www.bodegasprotos.com\\\/es\\\/blog\\\/codillo-de-cerdo-cocinado-en-cerveza-con-glaseado-de-miel-del-bosque-acompanado-del-rico-clarete-de-bodegas-protos\\\/#primaryimage\"},\"thumbnailUrl\":\"https:\\\/\\\/www.bodegasprotos.com\\\/wp-content\\\/uploads\\\/2021\\\/07\\\/codillo-de-cerdo-cocinado-en-cerveza-pilsener-con-glaseado-de-miel.1.jpg\",\"datePublished\":\"2021-07-30T09:30:06+00:00\",\"dateModified\":\"2021-07-30T09:33:21+00:00\",\"description\":\"Hoy en la comida me lo voy a pasar genial con mis comensales ya que vamos a disfrutar con el plato que he preparado, este rico codillo de cerdo cocinado\",\"breadcrumb\":{\"@id\":\"https:\\\/\\\/www.bodegasprotos.com\\\/es\\\/blog\\\/codillo-de-cerdo-cocinado-en-cerveza-con-glaseado-de-miel-del-bosque-acompanado-del-rico-clarete-de-bodegas-protos\\\/#breadcrumb\"},\"inLanguage\":\"es\",\"potentialAction\":[{\"@type\":\"ReadAction\",\"target\":[\"https:\\\/\\\/www.bodegasprotos.com\\\/es\\\/blog\\\/codillo-de-cerdo-cocinado-en-cerveza-con-glaseado-de-miel-del-bosque-acompanado-del-rico-clarete-de-bodegas-protos\\\/\"]}]},{\"@type\":\"ImageObject\",\"inLanguage\":\"es\",\"@id\":\"https:\\\/\\\/www.bodegasprotos.com\\\/es\\\/blog\\\/codillo-de-cerdo-cocinado-en-cerveza-con-glaseado-de-miel-del-bosque-acompanado-del-rico-clarete-de-bodegas-protos\\\/#primaryimage\",\"url\":\"https:\\\/\\\/www.bodegasprotos.com\\\/wp-content\\\/uploads\\\/2021\\\/07\\\/codillo-de-cerdo-cocinado-en-cerveza-pilsener-con-glaseado-de-miel.1.jpg\",\"contentUrl\":\"https:\\\/\\\/www.bodegasprotos.com\\\/wp-content\\\/uploads\\\/2021\\\/07\\\/codillo-de-cerdo-cocinado-en-cerveza-pilsener-con-glaseado-de-miel.1.jpg\",\"width\":700,\"height\":1051,\"caption\":\"codillo-de-cerdo-cocinado-en-cerveza-pilsener-con-glaseado-de-miel.\"},{\"@type\":\"BreadcrumbList\",\"@id\":\"https:\\\/\\\/www.bodegasprotos.com\\\/es\\\/blog\\\/codillo-de-cerdo-cocinado-en-cerveza-con-glaseado-de-miel-del-bosque-acompanado-del-rico-clarete-de-bodegas-protos\\\/#breadcrumb\",\"itemListElement\":[{\"@type\":\"ListItem\",\"position\":1,\"name\":\"Portada\",\"item\":\"https:\\\/\\\/www.bodegasprotos.com\\\/es\\\/\"},{\"@type\":\"ListItem\",\"position\":2,\"name\":\"Codillo de cerdo cocinado en cerveza con glaseado de miel del bosque, acompa\u00f1ado del rico clarete de Bodegas Protos\"}]},{\"@type\":\"WebSite\",\"@id\":\"https:\\\/\\\/www.bodegasprotos.com\\\/es\\\/#website\",\"url\":\"https:\\\/\\\/www.bodegasprotos.com\\\/es\\\/\",\"name\":\"Bodegas Protos\",\"description\":\"Vinos de la Denominaci\u00f3n de Origen Ribera del Duero, Rueda y Cigales\",\"publisher\":{\"@id\":\"https:\\\/\\\/www.bodegasprotos.com\\\/es\\\/#organization\"},\"potentialAction\":[{\"@type\":\"SearchAction\",\"target\":{\"@type\":\"EntryPoint\",\"urlTemplate\":\"https:\\\/\\\/www.bodegasprotos.com\\\/es\\\/?s={search_term_string}\"},\"query-input\":{\"@type\":\"PropertyValueSpecification\",\"valueRequired\":true,\"valueName\":\"search_term_string\"}}],\"inLanguage\":\"es\"},{\"@type\":\"Organization\",\"@id\":\"https:\\\/\\\/www.bodegasprotos.com\\\/es\\\/#organization\",\"name\":\"Bodegas Protos\",\"url\":\"https:\\\/\\\/www.bodegasprotos.com\\\/es\\\/\",\"logo\":{\"@type\":\"ImageObject\",\"inLanguage\":\"es\",\"@id\":\"https:\\\/\\\/www.bodegasprotos.com\\\/es\\\/#\\\/schema\\\/logo\\\/image\\\/\",\"url\":\"https:\\\/\\\/www.bodegasprotos.com\\\/wp-content\\\/uploads\\\/2024\\\/06\\\/PROTOS-LOGOS-VERSIONES-13.png\",\"contentUrl\":\"https:\\\/\\\/www.bodegasprotos.com\\\/wp-content\\\/uploads\\\/2024\\\/06\\\/PROTOS-LOGOS-VERSIONES-13.png\",\"width\":2362,\"height\":2362,\"caption\":\"Bodegas Protos\"},\"image\":{\"@id\":\"https:\\\/\\\/www.bodegasprotos.com\\\/es\\\/#\\\/schema\\\/logo\\\/image\\\/\"},\"sameAs\":[\"https:\\\/\\\/www.facebook.com\\\/BodegasProtos\",\"https:\\\/\\\/x.com\\\/Bodegas_Protos\",\"https:\\\/\\\/www.instagram.com\\\/bodegasprotosoficial\\\/\",\"https:\\\/\\\/www.linkedin.com\\\/company\\\/bodegasprotos\\\/\",\"https:\\\/\\\/pinterest.com\\\/BodegasProtos\\\/\",\"http:\\\/\\\/www.youtube.com\\\/user\\\/BodegasProtos\",\"https:\\\/\\\/es.wikipedia.org\\\/wiki\\\/Bodegas_Protos\"]},{\"@type\":\"Person\",\"@id\":\"https:\\\/\\\/www.bodegasprotos.com\\\/es\\\/#\\\/schema\\\/person\\\/6cb69a08afa14171755cee0df7d20027\",\"name\":\"Bodegas Protos (F)\",\"image\":{\"@type\":\"ImageObject\",\"inLanguage\":\"es\",\"@id\":\"https:\\\/\\\/secure.gravatar.com\\\/avatar\\\/cc613a9fd2ee203f402357c1b4aa2b7c041016cbf1eab1e41bde410b2ebd7f94?s=96&d=mm&r=g\",\"url\":\"https:\\\/\\\/secure.gravatar.com\\\/avatar\\\/cc613a9fd2ee203f402357c1b4aa2b7c041016cbf1eab1e41bde410b2ebd7f94?s=96&d=mm&r=g\",\"contentUrl\":\"https:\\\/\\\/secure.gravatar.com\\\/avatar\\\/cc613a9fd2ee203f402357c1b4aa2b7c041016cbf1eab1e41bde410b2ebd7f94?s=96&d=mm&r=g\",\"caption\":\"Bodegas Protos (F)\"},\"sameAs\":[\"https:\\\/\\\/www.bodegasprotos.com\"]}]}<\/script>\n<!-- \/ Yoast SEO plugin. -->","yoast_head_json":{"title":"Codillo de cerdo cocinado en cerveza con glaseado de miel del bosque, acompa\u00f1ado del rico clarete de Bodegas Protos - Bodegas Protos","description":"Hoy en la comida me lo voy a pasar genial con mis comensales ya que vamos a disfrutar con el plato que he preparado, este rico codillo de cerdo cocinado","robots":{"index":"index","follow":"follow","max-snippet":"max-snippet:-1","max-image-preview":"max-image-preview:large","max-video-preview":"max-video-preview:-1"},"canonical":"https:\/\/www.bodegasprotos.com\/es\/blog\/codillo-de-cerdo-cocinado-en-cerveza-con-glaseado-de-miel-del-bosque-acompanado-del-rico-clarete-de-bodegas-protos\/","og_locale":"es_ES","og_type":"article","og_title":"Codillo de cerdo cocinado en cerveza con glaseado de miel del bosque, acompa\u00f1ado del rico clarete de Bodegas Protos - Bodegas Protos","og_description":"Hoy en la comida me lo voy a pasar genial con mis comensales ya que vamos a disfrutar con el plato que he preparado, este rico codillo de cerdo cocinado","og_url":"https:\/\/www.bodegasprotos.com\/es\/blog\/codillo-de-cerdo-cocinado-en-cerveza-con-glaseado-de-miel-del-bosque-acompanado-del-rico-clarete-de-bodegas-protos\/","og_site_name":"Bodegas Protos","article_publisher":"https:\/\/www.facebook.com\/BodegasProtos","article_published_time":"2021-07-30T09:30:06+00:00","article_modified_time":"2021-07-30T09:33:21+00:00","og_image":[{"width":700,"height":1051,"url":"https:\/\/www.bodegasprotos.com\/wp-content\/uploads\/2021\/07\/codillo-de-cerdo-cocinado-en-cerveza-pilsener-con-glaseado-de-miel.1.jpg","type":"image\/jpeg"}],"author":"Bodegas Protos (F)","twitter_card":"summary_large_image","twitter_creator":"@Bodegas_Protos","twitter_site":"@Bodegas_Protos","twitter_misc":{"Escrito por":"Bodegas Protos (F)","Tiempo de lectura":"5 minutos"},"schema":{"@context":"https:\/\/schema.org","@graph":[{"@type":"Article","@id":"https:\/\/www.bodegasprotos.com\/es\/blog\/codillo-de-cerdo-cocinado-en-cerveza-con-glaseado-de-miel-del-bosque-acompanado-del-rico-clarete-de-bodegas-protos\/#article","isPartOf":{"@id":"https:\/\/www.bodegasprotos.com\/es\/blog\/codillo-de-cerdo-cocinado-en-cerveza-con-glaseado-de-miel-del-bosque-acompanado-del-rico-clarete-de-bodegas-protos\/"},"author":{"name":"Bodegas Protos (F)","@id":"https:\/\/www.bodegasprotos.com\/es\/#\/schema\/person\/6cb69a08afa14171755cee0df7d20027"},"headline":"Codillo de cerdo cocinado en cerveza con glaseado de miel del bosque, acompa\u00f1ado del rico clarete de Bodegas Protos","datePublished":"2021-07-30T09:30:06+00:00","dateModified":"2021-07-30T09:33:21+00:00","mainEntityOfPage":{"@id":"https:\/\/www.bodegasprotos.com\/es\/blog\/codillo-de-cerdo-cocinado-en-cerveza-con-glaseado-de-miel-del-bosque-acompanado-del-rico-clarete-de-bodegas-protos\/"},"wordCount":927,"publisher":{"@id":"https:\/\/www.bodegasprotos.com\/es\/#organization"},"image":{"@id":"https:\/\/www.bodegasprotos.com\/es\/blog\/codillo-de-cerdo-cocinado-en-cerveza-con-glaseado-de-miel-del-bosque-acompanado-del-rico-clarete-de-bodegas-protos\/#primaryimage"},"thumbnailUrl":"https:\/\/www.bodegasprotos.com\/wp-content\/uploads\/2021\/07\/codillo-de-cerdo-cocinado-en-cerveza-pilsener-con-glaseado-de-miel.1.jpg","articleSection":["Blog"],"inLanguage":"es"},{"@type":"WebPage","@id":"https:\/\/www.bodegasprotos.com\/es\/blog\/codillo-de-cerdo-cocinado-en-cerveza-con-glaseado-de-miel-del-bosque-acompanado-del-rico-clarete-de-bodegas-protos\/","url":"https:\/\/www.bodegasprotos.com\/es\/blog\/codillo-de-cerdo-cocinado-en-cerveza-con-glaseado-de-miel-del-bosque-acompanado-del-rico-clarete-de-bodegas-protos\/","name":"Codillo de cerdo cocinado en cerveza con glaseado de miel del bosque, acompa\u00f1ado del rico clarete de Bodegas Protos - Bodegas Protos","isPartOf":{"@id":"https:\/\/www.bodegasprotos.com\/es\/#website"},"primaryImageOfPage":{"@id":"https:\/\/www.bodegasprotos.com\/es\/blog\/codillo-de-cerdo-cocinado-en-cerveza-con-glaseado-de-miel-del-bosque-acompanado-del-rico-clarete-de-bodegas-protos\/#primaryimage"},"image":{"@id":"https:\/\/www.bodegasprotos.com\/es\/blog\/codillo-de-cerdo-cocinado-en-cerveza-con-glaseado-de-miel-del-bosque-acompanado-del-rico-clarete-de-bodegas-protos\/#primaryimage"},"thumbnailUrl":"https:\/\/www.bodegasprotos.com\/wp-content\/uploads\/2021\/07\/codillo-de-cerdo-cocinado-en-cerveza-pilsener-con-glaseado-de-miel.1.jpg","datePublished":"2021-07-30T09:30:06+00:00","dateModified":"2021-07-30T09:33:21+00:00","description":"Hoy en la comida me lo voy a pasar genial con mis comensales ya que vamos a disfrutar con el plato que he preparado, este rico codillo de cerdo cocinado","breadcrumb":{"@id":"https:\/\/www.bodegasprotos.com\/es\/blog\/codillo-de-cerdo-cocinado-en-cerveza-con-glaseado-de-miel-del-bosque-acompanado-del-rico-clarete-de-bodegas-protos\/#breadcrumb"},"inLanguage":"es","potentialAction":[{"@type":"ReadAction","target":["https:\/\/www.bodegasprotos.com\/es\/blog\/codillo-de-cerdo-cocinado-en-cerveza-con-glaseado-de-miel-del-bosque-acompanado-del-rico-clarete-de-bodegas-protos\/"]}]},{"@type":"ImageObject","inLanguage":"es","@id":"https:\/\/www.bodegasprotos.com\/es\/blog\/codillo-de-cerdo-cocinado-en-cerveza-con-glaseado-de-miel-del-bosque-acompanado-del-rico-clarete-de-bodegas-protos\/#primaryimage","url":"https:\/\/www.bodegasprotos.com\/wp-content\/uploads\/2021\/07\/codillo-de-cerdo-cocinado-en-cerveza-pilsener-con-glaseado-de-miel.1.jpg","contentUrl":"https:\/\/www.bodegasprotos.com\/wp-content\/uploads\/2021\/07\/codillo-de-cerdo-cocinado-en-cerveza-pilsener-con-glaseado-de-miel.1.jpg","width":700,"height":1051,"caption":"codillo-de-cerdo-cocinado-en-cerveza-pilsener-con-glaseado-de-miel."},{"@type":"BreadcrumbList","@id":"https:\/\/www.bodegasprotos.com\/es\/blog\/codillo-de-cerdo-cocinado-en-cerveza-con-glaseado-de-miel-del-bosque-acompanado-del-rico-clarete-de-bodegas-protos\/#breadcrumb","itemListElement":[{"@type":"ListItem","position":1,"name":"Portada","item":"https:\/\/www.bodegasprotos.com\/es\/"},{"@type":"ListItem","position":2,"name":"Codillo de cerdo cocinado en cerveza con glaseado de miel del bosque, acompa\u00f1ado del rico clarete de Bodegas Protos"}]},{"@type":"WebSite","@id":"https:\/\/www.bodegasprotos.com\/es\/#website","url":"https:\/\/www.bodegasprotos.com\/es\/","name":"Bodegas Protos","description":"Vinos de la Denominaci\u00f3n de Origen Ribera del Duero, Rueda y Cigales","publisher":{"@id":"https:\/\/www.bodegasprotos.com\/es\/#organization"},"potentialAction":[{"@type":"SearchAction","target":{"@type":"EntryPoint","urlTemplate":"https:\/\/www.bodegasprotos.com\/es\/?s={search_term_string}"},"query-input":{"@type":"PropertyValueSpecification","valueRequired":true,"valueName":"search_term_string"}}],"inLanguage":"es"},{"@type":"Organization","@id":"https:\/\/www.bodegasprotos.com\/es\/#organization","name":"Bodegas Protos","url":"https:\/\/www.bodegasprotos.com\/es\/","logo":{"@type":"ImageObject","inLanguage":"es","@id":"https:\/\/www.bodegasprotos.com\/es\/#\/schema\/logo\/image\/","url":"https:\/\/www.bodegasprotos.com\/wp-content\/uploads\/2024\/06\/PROTOS-LOGOS-VERSIONES-13.png","contentUrl":"https:\/\/www.bodegasprotos.com\/wp-content\/uploads\/2024\/06\/PROTOS-LOGOS-VERSIONES-13.png","width":2362,"height":2362,"caption":"Bodegas Protos"},"image":{"@id":"https:\/\/www.bodegasprotos.com\/es\/#\/schema\/logo\/image\/"},"sameAs":["https:\/\/www.facebook.com\/BodegasProtos","https:\/\/x.com\/Bodegas_Protos","https:\/\/www.instagram.com\/bodegasprotosoficial\/","https:\/\/www.linkedin.com\/company\/bodegasprotos\/","https:\/\/pinterest.com\/BodegasProtos\/","http:\/\/www.youtube.com\/user\/BodegasProtos","https:\/\/es.wikipedia.org\/wiki\/Bodegas_Protos"]},{"@type":"Person","@id":"https:\/\/www.bodegasprotos.com\/es\/#\/schema\/person\/6cb69a08afa14171755cee0df7d20027","name":"Bodegas Protos (F)","image":{"@type":"ImageObject","inLanguage":"es","@id":"https:\/\/secure.gravatar.com\/avatar\/cc613a9fd2ee203f402357c1b4aa2b7c041016cbf1eab1e41bde410b2ebd7f94?s=96&d=mm&r=g","url":"https:\/\/secure.gravatar.com\/avatar\/cc613a9fd2ee203f402357c1b4aa2b7c041016cbf1eab1e41bde410b2ebd7f94?s=96&d=mm&r=g","contentUrl":"https:\/\/secure.gravatar.com\/avatar\/cc613a9fd2ee203f402357c1b4aa2b7c041016cbf1eab1e41bde410b2ebd7f94?s=96&d=mm&r=g","caption":"Bodegas Protos (F)"},"sameAs":["https:\/\/www.bodegasprotos.com"]}]}},"_links":{"self":[{"href":"https:\/\/www.bodegasprotos.com\/es\/wp-json\/wp\/v2\/posts\/31686","targetHints":{"allow":["GET"]}}],"collection":[{"href":"https:\/\/www.bodegasprotos.com\/es\/wp-json\/wp\/v2\/posts"}],"about":[{"href":"https:\/\/www.bodegasprotos.com\/es\/wp-json\/wp\/v2\/types\/post"}],"author":[{"embeddable":true,"href":"https:\/\/www.bodegasprotos.com\/es\/wp-json\/wp\/v2\/users\/3"}],"replies":[{"embeddable":true,"href":"https:\/\/www.bodegasprotos.com\/es\/wp-json\/wp\/v2\/comments?post=31686"}],"version-history":[{"count":0,"href":"https:\/\/www.bodegasprotos.com\/es\/wp-json\/wp\/v2\/posts\/31686\/revisions"}],"wp:featuredmedia":[{"embeddable":true,"href":"https:\/\/www.bodegasprotos.com\/es\/wp-json\/wp\/v2\/media\/31691"}],"wp:attachment":[{"href":"https:\/\/www.bodegasprotos.com\/es\/wp-json\/wp\/v2\/media?parent=31686"}],"wp:term":[{"taxonomy":"category","embeddable":true,"href":"https:\/\/www.bodegasprotos.com\/es\/wp-json\/wp\/v2\/categories?post=31686"},{"taxonomy":"post_tag","embeddable":true,"href":"https:\/\/www.bodegasprotos.com\/es\/wp-json\/wp\/v2\/tags?post=31686"}],"curies":[{"name":"wp","href":"https:\/\/api.w.org\/{rel}","templated":true}]}}