{"id":31595,"date":"2021-07-02T11:30:38","date_gmt":"2021-07-02T09:30:38","guid":{"rendered":"https:\/\/www.bodegasprotos.com\/?p=31595"},"modified":"2021-07-01T12:53:38","modified_gmt":"2021-07-01T10:53:38","slug":"los-suelos-de-la-ribera-del-duero-cuestion-de-calidad","status":"publish","type":"post","link":"https:\/\/www.bodegasprotos.com\/es\/blog\/los-suelos-de-la-ribera-del-duero-cuestion-de-calidad\/","title":{"rendered":"Los suelos de la Ribera del Duero, cuesti\u00f3n de calidad"},"content":{"rendered":"<p>La tierra es al vino lo que el pasto al ganado, las monta\u00f1as al agua o las plantas al aire: su definidor.<\/p>\n<p>Un buen vino no puede en ning\u00fan caso obtenerse de uvas crecidas en cepas cultivadas en mala tierra.<\/p>\n<p>Por ello, por su importancia e identidad, es una idea interesante conocer la tierra y por qu\u00e9 su calidad determina la calidad del propio vino, y m\u00e1s teniendo en cuenta que esta semana celebramos el <a href=\"https:\/\/www.diainternacionalde.com\/ficha\/dia-internacional-conservacion-suelo\"><strong>D\u00eda Mundial de la Conservaci\u00f3n del Suelo.<\/strong><\/a><\/p>\n<div id=\"attachment_31601\" style=\"width: 310px\" class=\"wp-caption aligncenter\"><img fetchpriority=\"high\" decoding=\"async\" aria-describedby=\"caption-attachment-31601\" class=\"size-medium wp-image-31601\" src=\"https:\/\/www.bodegasprotos.com\/wp-content\/uploads\/2021\/07\/IMG-20200702-WA0014-300x225.jpg\" alt=\"vi\u00f1edo Ribera Duero\" width=\"300\" height=\"225\" srcset=\"https:\/\/www.bodegasprotos.com\/wp-content\/uploads\/2021\/07\/IMG-20200702-WA0014-300x225.jpg 300w, https:\/\/www.bodegasprotos.com\/wp-content\/uploads\/2021\/07\/IMG-20200702-WA0014-1024x768.jpg 1024w, https:\/\/www.bodegasprotos.com\/wp-content\/uploads\/2021\/07\/IMG-20200702-WA0014-768x576.jpg 768w, https:\/\/www.bodegasprotos.com\/wp-content\/uploads\/2021\/07\/IMG-20200702-WA0014-1536x1153.jpg 1536w, https:\/\/www.bodegasprotos.com\/wp-content\/uploads\/2021\/07\/IMG-20200702-WA0014.jpg 1599w\" sizes=\"(max-width: 300px) 100vw, 300px\" \/><p id=\"caption-attachment-31601\" class=\"wp-caption-text\">vi\u00f1edo Ribera Duero<\/p><\/div>\n<h2>Al mal tiempo, buena cara, y a buen suelo&#8230; \u00a1<a href=\"https:\/\/www.bodegasprotos.com\/es\/vino\/crianza\/\">Mejor vino<\/a>!<\/h2>\n<p>La <a href=\"https:\/\/www.riberadelduero.es\/\">Ribera del Duero<\/a> significa muchas cosas si hablamos de vino, pero la principal es su determinaci\u00f3n en su personalidad.<\/p>\n<p><a href=\"https:\/\/www.bodegasprotos.com\/es\/blog\/enoturismo-en-la-nueva-normalidad\/\">La especial orograf\u00eda de la Ribera<\/a> la convierten en un lugar singular con un suelo especial\u2026 y tambi\u00e9n poco variado.<\/p>\n<p>El r\u00edo Duero ba\u00f1a a la zona dejando su impronta en el suelo y dotando al mismo de diferentes calidades. As\u00ed, la Ribera del Duero cuenta con dos tipos de suelo <a href=\"https:\/\/www.bodegasprotos.com\/es\/vinedos-ribera-del-duero\/\">para cultivar la uva del vino<\/a>: arcilloso y calizo.<\/p>\n<p>El primero se da en la zona baja, la m\u00e1s pr\u00f3xima al r\u00edo Duero y con una clara influencia por la humedad del agua dulce, conformando un suelo h\u00famedo y poroso, penetrable por el agua y muy rico en nutrientes<\/p>\n<p>El segundo lo encontramos en la zona alta, y destaca por ser menos c\u00e1lido que el de la zona baja, debido a la caliza, que refleja la luz solar, y con menos absorci\u00f3n del agua. Hablamos de un suelo fr\u00edo y seco.<\/p>\n<p>Depende de donde est\u00e9 cultivada la vi\u00f1a, naturalmente su sabor va a cambiar y as\u00ed lo har\u00e1 el vino que de ella se obtenga. De la tierra, a la copa, es un bonito proceso y con unos detalles realmente determinantes en su calidad y sabor.<\/p>\n<p>No s\u00f3lo el suelo y la tierra le dan identidad a la uva.<\/p>\n<p>El clima, el suelo y la variedad (a nosotros tambi\u00e9n nos gusta a\u00f1adir \u201cel trabajo de las personas\u201d), son los elementos cruciales en esta elaboraci\u00f3n, lo que se conoce como <a href=\"https:\/\/www.bodegasprotos.com\/es\/el-terruno-de-protos\/\">\u201cterroir\u00bb<\/a>.<\/p>\n<div id=\"attachment_27104\" style=\"width: 210px\" class=\"wp-caption aligncenter\"><img decoding=\"async\" aria-describedby=\"caption-attachment-27104\" class=\"size-medium wp-image-27104\" src=\"https:\/\/www.bodegasprotos.com\/wp-content\/uploads\/2019\/12\/Vi\u00f1edos-Protos-Ribera-del-Duero-6-200x300.jpg\" alt=\"Racimo de tempranillo\" width=\"200\" height=\"300\" srcset=\"https:\/\/www.bodegasprotos.com\/wp-content\/uploads\/2019\/12\/Vi\u00f1edos-Protos-Ribera-del-Duero-6-200x300.jpg 200w, https:\/\/www.bodegasprotos.com\/wp-content\/uploads\/2019\/12\/Vi\u00f1edos-Protos-Ribera-del-Duero-6.jpg 333w\" sizes=\"(max-width: 200px) 100vw, 200px\" \/><p id=\"caption-attachment-27104\" class=\"wp-caption-text\">Racimo de tempranillo<\/p><\/div>\n<p>Esto hace de una misma zona un sinf\u00edn de posibilidades para cultivar\u00a0 y conseguir grandes vinos.<\/p>\n<p>As\u00ed que, en la pr\u00f3xima cena que tengas con amigos, ya tienes un dato m\u00e1s para poder impresionarles respecto del sabor de un buen Ribera del Duero.<\/p>\n","protected":false},"excerpt":{"rendered":"<p>La tierra es al vino lo que el pasto al ganado, las monta\u00f1as al agua o las plantas&#8230;<\/p>\n","protected":false},"author":3,"featured_media":31598,"comment_status":"closed","ping_status":"closed","sticky":false,"template":"","format":"standard","meta":{"_acf_changed":false,"footnotes":""},"categories":[87],"tags":[],"class_list":["post-31595","post","type-post","status-publish","format-standard","has-post-thumbnail","hentry","category-blog"],"acf":[],"yoast_head":"<!-- This site is optimized with the Yoast SEO plugin v27.5 - https:\/\/yoast.com\/product\/yoast-seo-wordpress\/ -->\n<title>Los suelos de la Ribera del Duero, cuesti\u00f3n de calidad - Bodegas Protos<\/title>\n<meta name=\"description\" content=\"La tierra es al vino lo que el pasto al ganado, las monta\u00f1as al agua o las plantas al aire: su definidor. Un buen vino no puede en ning\u00fan caso obtenerse\" \/>\n<meta name=\"robots\" content=\"index, follow, max-snippet:-1, max-image-preview:large, max-video-preview:-1\" \/>\n<link rel=\"canonical\" href=\"https:\/\/www.bodegasprotos.com\/es\/blog\/los-suelos-de-la-ribera-del-duero-cuestion-de-calidad\/\" \/>\n<meta property=\"og:locale\" content=\"es_ES\" \/>\n<meta property=\"og:type\" content=\"article\" \/>\n<meta property=\"og:title\" content=\"Los suelos de la Ribera del Duero, cuesti\u00f3n de calidad - Bodegas Protos\" \/>\n<meta property=\"og:description\" content=\"La tierra es al vino lo que el pasto al ganado, las monta\u00f1as al agua o las plantas al aire: su definidor. Un buen vino no puede en ning\u00fan caso obtenerse\" \/>\n<meta property=\"og:url\" content=\"https:\/\/www.bodegasprotos.com\/es\/blog\/los-suelos-de-la-ribera-del-duero-cuestion-de-calidad\/\" \/>\n<meta property=\"og:site_name\" content=\"Bodegas Protos\" \/>\n<meta property=\"article:publisher\" content=\"https:\/\/www.facebook.com\/BodegasProtos\" \/>\n<meta property=\"article:published_time\" content=\"2021-07-02T09:30:38+00:00\" \/>\n<meta property=\"og:image\" content=\"https:\/\/www.bodegasprotos.com\/wp-content\/uploads\/2021\/07\/VineyardsRiberaIMG-20200702-WA0022.jpg\" \/>\n\t<meta property=\"og:image:width\" content=\"2048\" \/>\n\t<meta property=\"og:image:height\" content=\"1536\" \/>\n\t<meta property=\"og:image:type\" content=\"image\/jpeg\" \/>\n<meta name=\"author\" content=\"Bodegas Protos (F)\" \/>\n<meta name=\"twitter:card\" content=\"summary_large_image\" \/>\n<meta name=\"twitter:creator\" content=\"@Bodegas_Protos\" \/>\n<meta name=\"twitter:site\" content=\"@Bodegas_Protos\" \/>\n<meta name=\"twitter:label1\" content=\"Escrito por\" \/>\n\t<meta name=\"twitter:data1\" content=\"Bodegas Protos (F)\" \/>\n\t<meta name=\"twitter:label2\" content=\"Tiempo de lectura\" \/>\n\t<meta name=\"twitter:data2\" content=\"3 minutos\" \/>\n<script type=\"application\/ld+json\" class=\"yoast-schema-graph\">{\"@context\":\"https:\\\/\\\/schema.org\",\"@graph\":[{\"@type\":\"Article\",\"@id\":\"https:\\\/\\\/www.bodegasprotos.com\\\/es\\\/blog\\\/los-suelos-de-la-ribera-del-duero-cuestion-de-calidad\\\/#article\",\"isPartOf\":{\"@id\":\"https:\\\/\\\/www.bodegasprotos.com\\\/es\\\/blog\\\/los-suelos-de-la-ribera-del-duero-cuestion-de-calidad\\\/\"},\"author\":{\"name\":\"Bodegas Protos (F)\",\"@id\":\"https:\\\/\\\/www.bodegasprotos.com\\\/es\\\/#\\\/schema\\\/person\\\/6cb69a08afa14171755cee0df7d20027\"},\"headline\":\"Los suelos de la Ribera del Duero, cuesti\u00f3n de calidad\",\"datePublished\":\"2021-07-02T09:30:38+00:00\",\"mainEntityOfPage\":{\"@id\":\"https:\\\/\\\/www.bodegasprotos.com\\\/es\\\/blog\\\/los-suelos-de-la-ribera-del-duero-cuestion-de-calidad\\\/\"},\"wordCount\":444,\"publisher\":{\"@id\":\"https:\\\/\\\/www.bodegasprotos.com\\\/es\\\/#organization\"},\"image\":{\"@id\":\"https:\\\/\\\/www.bodegasprotos.com\\\/es\\\/blog\\\/los-suelos-de-la-ribera-del-duero-cuestion-de-calidad\\\/#primaryimage\"},\"thumbnailUrl\":\"https:\\\/\\\/www.bodegasprotos.com\\\/wp-content\\\/uploads\\\/2021\\\/07\\\/VineyardsRiberaIMG-20200702-WA0022.jpg\",\"articleSection\":[\"Blog\"],\"inLanguage\":\"es\"},{\"@type\":\"WebPage\",\"@id\":\"https:\\\/\\\/www.bodegasprotos.com\\\/es\\\/blog\\\/los-suelos-de-la-ribera-del-duero-cuestion-de-calidad\\\/\",\"url\":\"https:\\\/\\\/www.bodegasprotos.com\\\/es\\\/blog\\\/los-suelos-de-la-ribera-del-duero-cuestion-de-calidad\\\/\",\"name\":\"Los suelos de la Ribera del Duero, cuesti\u00f3n de calidad - Bodegas Protos\",\"isPartOf\":{\"@id\":\"https:\\\/\\\/www.bodegasprotos.com\\\/es\\\/#website\"},\"primaryImageOfPage\":{\"@id\":\"https:\\\/\\\/www.bodegasprotos.com\\\/es\\\/blog\\\/los-suelos-de-la-ribera-del-duero-cuestion-de-calidad\\\/#primaryimage\"},\"image\":{\"@id\":\"https:\\\/\\\/www.bodegasprotos.com\\\/es\\\/blog\\\/los-suelos-de-la-ribera-del-duero-cuestion-de-calidad\\\/#primaryimage\"},\"thumbnailUrl\":\"https:\\\/\\\/www.bodegasprotos.com\\\/wp-content\\\/uploads\\\/2021\\\/07\\\/VineyardsRiberaIMG-20200702-WA0022.jpg\",\"datePublished\":\"2021-07-02T09:30:38+00:00\",\"description\":\"La tierra es al vino lo que el pasto al ganado, las monta\u00f1as al agua o las plantas al aire: su definidor. Un buen vino no puede en ning\u00fan caso obtenerse\",\"breadcrumb\":{\"@id\":\"https:\\\/\\\/www.bodegasprotos.com\\\/es\\\/blog\\\/los-suelos-de-la-ribera-del-duero-cuestion-de-calidad\\\/#breadcrumb\"},\"inLanguage\":\"es\",\"potentialAction\":[{\"@type\":\"ReadAction\",\"target\":[\"https:\\\/\\\/www.bodegasprotos.com\\\/es\\\/blog\\\/los-suelos-de-la-ribera-del-duero-cuestion-de-calidad\\\/\"]}]},{\"@type\":\"ImageObject\",\"inLanguage\":\"es\",\"@id\":\"https:\\\/\\\/www.bodegasprotos.com\\\/es\\\/blog\\\/los-suelos-de-la-ribera-del-duero-cuestion-de-calidad\\\/#primaryimage\",\"url\":\"https:\\\/\\\/www.bodegasprotos.com\\\/wp-content\\\/uploads\\\/2021\\\/07\\\/VineyardsRiberaIMG-20200702-WA0022.jpg\",\"contentUrl\":\"https:\\\/\\\/www.bodegasprotos.com\\\/wp-content\\\/uploads\\\/2021\\\/07\\\/VineyardsRiberaIMG-20200702-WA0022.jpg\",\"width\":2048,\"height\":1536,\"caption\":\"Ribera Duero suelo\"},{\"@type\":\"BreadcrumbList\",\"@id\":\"https:\\\/\\\/www.bodegasprotos.com\\\/es\\\/blog\\\/los-suelos-de-la-ribera-del-duero-cuestion-de-calidad\\\/#breadcrumb\",\"itemListElement\":[{\"@type\":\"ListItem\",\"position\":1,\"name\":\"Portada\",\"item\":\"https:\\\/\\\/www.bodegasprotos.com\\\/es\\\/\"},{\"@type\":\"ListItem\",\"position\":2,\"name\":\"Los suelos de la Ribera del Duero, cuesti\u00f3n de calidad\"}]},{\"@type\":\"WebSite\",\"@id\":\"https:\\\/\\\/www.bodegasprotos.com\\\/es\\\/#website\",\"url\":\"https:\\\/\\\/www.bodegasprotos.com\\\/es\\\/\",\"name\":\"Bodegas Protos\",\"description\":\"Vinos de la Denominaci\u00f3n de Origen Ribera del Duero, Rueda y Cigales\",\"publisher\":{\"@id\":\"https:\\\/\\\/www.bodegasprotos.com\\\/es\\\/#organization\"},\"potentialAction\":[{\"@type\":\"SearchAction\",\"target\":{\"@type\":\"EntryPoint\",\"urlTemplate\":\"https:\\\/\\\/www.bodegasprotos.com\\\/es\\\/?s={search_term_string}\"},\"query-input\":{\"@type\":\"PropertyValueSpecification\",\"valueRequired\":true,\"valueName\":\"search_term_string\"}}],\"inLanguage\":\"es\"},{\"@type\":\"Organization\",\"@id\":\"https:\\\/\\\/www.bodegasprotos.com\\\/es\\\/#organization\",\"name\":\"Bodegas Protos\",\"url\":\"https:\\\/\\\/www.bodegasprotos.com\\\/es\\\/\",\"logo\":{\"@type\":\"ImageObject\",\"inLanguage\":\"es\",\"@id\":\"https:\\\/\\\/www.bodegasprotos.com\\\/es\\\/#\\\/schema\\\/logo\\\/image\\\/\",\"url\":\"https:\\\/\\\/www.bodegasprotos.com\\\/wp-content\\\/uploads\\\/2024\\\/06\\\/PROTOS-LOGOS-VERSIONES-13.png\",\"contentUrl\":\"https:\\\/\\\/www.bodegasprotos.com\\\/wp-content\\\/uploads\\\/2024\\\/06\\\/PROTOS-LOGOS-VERSIONES-13.png\",\"width\":2362,\"height\":2362,\"caption\":\"Bodegas Protos\"},\"image\":{\"@id\":\"https:\\\/\\\/www.bodegasprotos.com\\\/es\\\/#\\\/schema\\\/logo\\\/image\\\/\"},\"sameAs\":[\"https:\\\/\\\/www.facebook.com\\\/BodegasProtos\",\"https:\\\/\\\/x.com\\\/Bodegas_Protos\",\"https:\\\/\\\/www.instagram.com\\\/bodegasprotosoficial\\\/\",\"https:\\\/\\\/www.linkedin.com\\\/company\\\/bodegasprotos\\\/\",\"https:\\\/\\\/pinterest.com\\\/BodegasProtos\\\/\",\"http:\\\/\\\/www.youtube.com\\\/user\\\/BodegasProtos\",\"https:\\\/\\\/es.wikipedia.org\\\/wiki\\\/Bodegas_Protos\"]},{\"@type\":\"Person\",\"@id\":\"https:\\\/\\\/www.bodegasprotos.com\\\/es\\\/#\\\/schema\\\/person\\\/6cb69a08afa14171755cee0df7d20027\",\"name\":\"Bodegas Protos (F)\",\"image\":{\"@type\":\"ImageObject\",\"inLanguage\":\"es\",\"@id\":\"https:\\\/\\\/secure.gravatar.com\\\/avatar\\\/cc613a9fd2ee203f402357c1b4aa2b7c041016cbf1eab1e41bde410b2ebd7f94?s=96&d=mm&r=g\",\"url\":\"https:\\\/\\\/secure.gravatar.com\\\/avatar\\\/cc613a9fd2ee203f402357c1b4aa2b7c041016cbf1eab1e41bde410b2ebd7f94?s=96&d=mm&r=g\",\"contentUrl\":\"https:\\\/\\\/secure.gravatar.com\\\/avatar\\\/cc613a9fd2ee203f402357c1b4aa2b7c041016cbf1eab1e41bde410b2ebd7f94?s=96&d=mm&r=g\",\"caption\":\"Bodegas Protos (F)\"},\"sameAs\":[\"https:\\\/\\\/www.bodegasprotos.com\"]}]}<\/script>\n<!-- \/ Yoast SEO plugin. -->","yoast_head_json":{"title":"Los suelos de la Ribera del Duero, cuesti\u00f3n de calidad - Bodegas Protos","description":"La tierra es al vino lo que el pasto al ganado, las monta\u00f1as al agua o las plantas al aire: su definidor. Un buen vino no puede en ning\u00fan caso obtenerse","robots":{"index":"index","follow":"follow","max-snippet":"max-snippet:-1","max-image-preview":"max-image-preview:large","max-video-preview":"max-video-preview:-1"},"canonical":"https:\/\/www.bodegasprotos.com\/es\/blog\/los-suelos-de-la-ribera-del-duero-cuestion-de-calidad\/","og_locale":"es_ES","og_type":"article","og_title":"Los suelos de la Ribera del Duero, cuesti\u00f3n de calidad - Bodegas Protos","og_description":"La tierra es al vino lo que el pasto al ganado, las monta\u00f1as al agua o las plantas al aire: su definidor. Un buen vino no puede en ning\u00fan caso obtenerse","og_url":"https:\/\/www.bodegasprotos.com\/es\/blog\/los-suelos-de-la-ribera-del-duero-cuestion-de-calidad\/","og_site_name":"Bodegas Protos","article_publisher":"https:\/\/www.facebook.com\/BodegasProtos","article_published_time":"2021-07-02T09:30:38+00:00","og_image":[{"width":2048,"height":1536,"url":"https:\/\/www.bodegasprotos.com\/wp-content\/uploads\/2021\/07\/VineyardsRiberaIMG-20200702-WA0022.jpg","type":"image\/jpeg"}],"author":"Bodegas Protos (F)","twitter_card":"summary_large_image","twitter_creator":"@Bodegas_Protos","twitter_site":"@Bodegas_Protos","twitter_misc":{"Escrito por":"Bodegas Protos (F)","Tiempo de lectura":"3 minutos"},"schema":{"@context":"https:\/\/schema.org","@graph":[{"@type":"Article","@id":"https:\/\/www.bodegasprotos.com\/es\/blog\/los-suelos-de-la-ribera-del-duero-cuestion-de-calidad\/#article","isPartOf":{"@id":"https:\/\/www.bodegasprotos.com\/es\/blog\/los-suelos-de-la-ribera-del-duero-cuestion-de-calidad\/"},"author":{"name":"Bodegas Protos (F)","@id":"https:\/\/www.bodegasprotos.com\/es\/#\/schema\/person\/6cb69a08afa14171755cee0df7d20027"},"headline":"Los suelos de la Ribera del Duero, cuesti\u00f3n de calidad","datePublished":"2021-07-02T09:30:38+00:00","mainEntityOfPage":{"@id":"https:\/\/www.bodegasprotos.com\/es\/blog\/los-suelos-de-la-ribera-del-duero-cuestion-de-calidad\/"},"wordCount":444,"publisher":{"@id":"https:\/\/www.bodegasprotos.com\/es\/#organization"},"image":{"@id":"https:\/\/www.bodegasprotos.com\/es\/blog\/los-suelos-de-la-ribera-del-duero-cuestion-de-calidad\/#primaryimage"},"thumbnailUrl":"https:\/\/www.bodegasprotos.com\/wp-content\/uploads\/2021\/07\/VineyardsRiberaIMG-20200702-WA0022.jpg","articleSection":["Blog"],"inLanguage":"es"},{"@type":"WebPage","@id":"https:\/\/www.bodegasprotos.com\/es\/blog\/los-suelos-de-la-ribera-del-duero-cuestion-de-calidad\/","url":"https:\/\/www.bodegasprotos.com\/es\/blog\/los-suelos-de-la-ribera-del-duero-cuestion-de-calidad\/","name":"Los suelos de la Ribera del Duero, cuesti\u00f3n de calidad - Bodegas Protos","isPartOf":{"@id":"https:\/\/www.bodegasprotos.com\/es\/#website"},"primaryImageOfPage":{"@id":"https:\/\/www.bodegasprotos.com\/es\/blog\/los-suelos-de-la-ribera-del-duero-cuestion-de-calidad\/#primaryimage"},"image":{"@id":"https:\/\/www.bodegasprotos.com\/es\/blog\/los-suelos-de-la-ribera-del-duero-cuestion-de-calidad\/#primaryimage"},"thumbnailUrl":"https:\/\/www.bodegasprotos.com\/wp-content\/uploads\/2021\/07\/VineyardsRiberaIMG-20200702-WA0022.jpg","datePublished":"2021-07-02T09:30:38+00:00","description":"La tierra es al vino lo que el pasto al ganado, las monta\u00f1as al agua o las plantas al aire: su definidor. Un buen vino no puede en ning\u00fan caso obtenerse","breadcrumb":{"@id":"https:\/\/www.bodegasprotos.com\/es\/blog\/los-suelos-de-la-ribera-del-duero-cuestion-de-calidad\/#breadcrumb"},"inLanguage":"es","potentialAction":[{"@type":"ReadAction","target":["https:\/\/www.bodegasprotos.com\/es\/blog\/los-suelos-de-la-ribera-del-duero-cuestion-de-calidad\/"]}]},{"@type":"ImageObject","inLanguage":"es","@id":"https:\/\/www.bodegasprotos.com\/es\/blog\/los-suelos-de-la-ribera-del-duero-cuestion-de-calidad\/#primaryimage","url":"https:\/\/www.bodegasprotos.com\/wp-content\/uploads\/2021\/07\/VineyardsRiberaIMG-20200702-WA0022.jpg","contentUrl":"https:\/\/www.bodegasprotos.com\/wp-content\/uploads\/2021\/07\/VineyardsRiberaIMG-20200702-WA0022.jpg","width":2048,"height":1536,"caption":"Ribera Duero suelo"},{"@type":"BreadcrumbList","@id":"https:\/\/www.bodegasprotos.com\/es\/blog\/los-suelos-de-la-ribera-del-duero-cuestion-de-calidad\/#breadcrumb","itemListElement":[{"@type":"ListItem","position":1,"name":"Portada","item":"https:\/\/www.bodegasprotos.com\/es\/"},{"@type":"ListItem","position":2,"name":"Los suelos de la Ribera del Duero, cuesti\u00f3n de calidad"}]},{"@type":"WebSite","@id":"https:\/\/www.bodegasprotos.com\/es\/#website","url":"https:\/\/www.bodegasprotos.com\/es\/","name":"Bodegas Protos","description":"Vinos de la Denominaci\u00f3n de Origen Ribera del Duero, Rueda y Cigales","publisher":{"@id":"https:\/\/www.bodegasprotos.com\/es\/#organization"},"potentialAction":[{"@type":"SearchAction","target":{"@type":"EntryPoint","urlTemplate":"https:\/\/www.bodegasprotos.com\/es\/?s={search_term_string}"},"query-input":{"@type":"PropertyValueSpecification","valueRequired":true,"valueName":"search_term_string"}}],"inLanguage":"es"},{"@type":"Organization","@id":"https:\/\/www.bodegasprotos.com\/es\/#organization","name":"Bodegas Protos","url":"https:\/\/www.bodegasprotos.com\/es\/","logo":{"@type":"ImageObject","inLanguage":"es","@id":"https:\/\/www.bodegasprotos.com\/es\/#\/schema\/logo\/image\/","url":"https:\/\/www.bodegasprotos.com\/wp-content\/uploads\/2024\/06\/PROTOS-LOGOS-VERSIONES-13.png","contentUrl":"https:\/\/www.bodegasprotos.com\/wp-content\/uploads\/2024\/06\/PROTOS-LOGOS-VERSIONES-13.png","width":2362,"height":2362,"caption":"Bodegas Protos"},"image":{"@id":"https:\/\/www.bodegasprotos.com\/es\/#\/schema\/logo\/image\/"},"sameAs":["https:\/\/www.facebook.com\/BodegasProtos","https:\/\/x.com\/Bodegas_Protos","https:\/\/www.instagram.com\/bodegasprotosoficial\/","https:\/\/www.linkedin.com\/company\/bodegasprotos\/","https:\/\/pinterest.com\/BodegasProtos\/","http:\/\/www.youtube.com\/user\/BodegasProtos","https:\/\/es.wikipedia.org\/wiki\/Bodegas_Protos"]},{"@type":"Person","@id":"https:\/\/www.bodegasprotos.com\/es\/#\/schema\/person\/6cb69a08afa14171755cee0df7d20027","name":"Bodegas Protos (F)","image":{"@type":"ImageObject","inLanguage":"es","@id":"https:\/\/secure.gravatar.com\/avatar\/cc613a9fd2ee203f402357c1b4aa2b7c041016cbf1eab1e41bde410b2ebd7f94?s=96&d=mm&r=g","url":"https:\/\/secure.gravatar.com\/avatar\/cc613a9fd2ee203f402357c1b4aa2b7c041016cbf1eab1e41bde410b2ebd7f94?s=96&d=mm&r=g","contentUrl":"https:\/\/secure.gravatar.com\/avatar\/cc613a9fd2ee203f402357c1b4aa2b7c041016cbf1eab1e41bde410b2ebd7f94?s=96&d=mm&r=g","caption":"Bodegas Protos (F)"},"sameAs":["https:\/\/www.bodegasprotos.com"]}]}},"_links":{"self":[{"href":"https:\/\/www.bodegasprotos.com\/es\/wp-json\/wp\/v2\/posts\/31595","targetHints":{"allow":["GET"]}}],"collection":[{"href":"https:\/\/www.bodegasprotos.com\/es\/wp-json\/wp\/v2\/posts"}],"about":[{"href":"https:\/\/www.bodegasprotos.com\/es\/wp-json\/wp\/v2\/types\/post"}],"author":[{"embeddable":true,"href":"https:\/\/www.bodegasprotos.com\/es\/wp-json\/wp\/v2\/users\/3"}],"replies":[{"embeddable":true,"href":"https:\/\/www.bodegasprotos.com\/es\/wp-json\/wp\/v2\/comments?post=31595"}],"version-history":[{"count":0,"href":"https:\/\/www.bodegasprotos.com\/es\/wp-json\/wp\/v2\/posts\/31595\/revisions"}],"wp:featuredmedia":[{"embeddable":true,"href":"https:\/\/www.bodegasprotos.com\/es\/wp-json\/wp\/v2\/media\/31598"}],"wp:attachment":[{"href":"https:\/\/www.bodegasprotos.com\/es\/wp-json\/wp\/v2\/media?parent=31595"}],"wp:term":[{"taxonomy":"category","embeddable":true,"href":"https:\/\/www.bodegasprotos.com\/es\/wp-json\/wp\/v2\/categories?post=31595"},{"taxonomy":"post_tag","embeddable":true,"href":"https:\/\/www.bodegasprotos.com\/es\/wp-json\/wp\/v2\/tags?post=31595"}],"curies":[{"name":"wp","href":"https:\/\/api.w.org\/{rel}","templated":true}]}}