{"id":31101,"date":"2021-06-18T11:40:35","date_gmt":"2021-06-18T09:40:35","guid":{"rendered":"https:\/\/www.bodegasprotos.com\/?p=31101"},"modified":"2021-07-09T10:31:46","modified_gmt":"2021-07-09T08:31:46","slug":"bonito-de-burela-con-verduras-de-primavera-acompanado-con-aire-de-protos","status":"publish","type":"post","link":"https:\/\/www.bodegasprotos.com\/es\/general\/bonito-de-burela-con-verduras-de-primavera-acompanado-con-aire-de-protos\/","title":{"rendered":"Receta Bonito de Burela con verduras maridado con Aire de Protos"},"content":{"rendered":"<p>Esta receta de bonito de Burela con verduras de primavera acompa\u00f1ado con Aire de Protos es un lujo de plato en el que vamos a disfrutar de un bonito reci\u00e9n llegado de la Lonja de Burela, m\u00e1s fresco imposible, de unas verduras frescas que nos hemos trabajado en un aceite c\u00edtrico absolutamente delicioso, tersas y crujientes y todo acompa\u00f1ado con <a href=\"https:\/\/tienda.bodegasprotos.com\/\">Aire de Protos<\/a> que es el acompa\u00f1amiento perfecto.<\/p>\n<h2><strong>El bonito de Burela:<\/strong><\/h2>\n<p><img decoding=\"async\" class=\"aligncenter size-medium wp-image-31106\" src=\"https:\/\/www.bodegasprotos.com\/wp-content\/uploads\/2021\/06\/bonito-del-norte-300x93.jpg\" alt=\"\" width=\"300\" height=\"93\" srcset=\"https:\/\/www.bodegasprotos.com\/wp-content\/uploads\/2021\/06\/bonito-del-norte-300x93.jpg 300w, https:\/\/www.bodegasprotos.com\/wp-content\/uploads\/2021\/06\/bonito-del-norte.jpg 700w\" sizes=\"(max-width: 300px) 100vw, 300px\" \/><\/p>\n<p>Estamos hablando del Thunnus alaguna, at\u00fan blanco o <a href=\"https:\/\/opplugo.com\/\">Bonito del Norte<\/a>, su tama\u00f1o oscila entre 4 y 30 kilos. Es un pez viajero, durante el invierno vive en aguas c\u00e1lidas y al acercarse al verano se traslada hasta el Golfo de Vizcaya pasando a aguas mucho m\u00e1s fr\u00edas lo que hace que su cuerpo se proteja con una capa de grasa haciendo que su carne sea mucho m\u00e1s deliciosa.<\/p>\n<p>Este bonito es perfecto para \u201cponer conserva\u201d como se dice en el Norte, donde es habitual comprar un bonito y embotarlo, es una delicia con la que se disfruta durante todo el a\u00f1o. No es un trabajo complicado y el resultado <a href=\"https:\/\/www.cocinayaficiones.com\/bonito-del-norte-en-conserva-la-receta-tradicional\/\">con esta receta<\/a> es una maravilla gastron\u00f3mica.<\/p>\n<p>Siempre lo digo, <a href=\"https:\/\/tienda.bodegasprotos.com\/\">Aire de Protos<\/a> es uno de mis vinos favoritos. Cuando se acerca el calor me gusta tomarme una copa al atardecer muy fresca acompa\u00f1ada de una tapa, es el momento perfecto de relax y de celebrar la suerte que tenemos en este pa\u00eds con unos vinos y unos alimentos tan ricos. Es un vino fresco y limpio con un color precioso, limpio y transparente, tiene toques frutales y a flores, te dejo un enlace a la ficha de cata para que la leas.<\/p>\n<p>Te aconsejo que lo pruebes y te pasar\u00e1 lo mismo que a m\u00ed, se volver\u00e1 uno de tus favoritos, igual que el <a href=\"https:\/\/tienda.bodegasprotos.com\/\">vino.<\/a><\/p>\n<h2><strong>La receta: bonito de Burela con verduras de primavera \u00a0<\/strong><\/h2>\n<p>El bonito como es el ingrediente estrella del plato lo vamos a manipular lo menos posible, solo un ligero marinado con el aceite que hemos preparado para aderezar las verduras, un sellado y terminarlo en el horno.<\/p>\n<p>Las verduras son maravillosas, este acompa\u00f1amiento es un poco pesado, hay que trabajar las verduras y eso es una tarea laboriosa, los platos con muchos vegetales tienen ese lado negativo pero el resultado ser\u00e1 tan positivo y agradable que te compensar\u00e1 el trabajo.<\/p>\n<p>Todas mis verduras son naturales y las he tratado lo m\u00ednimo, por supuesto est\u00e1n cocinadas <em>al dente.<\/em><\/p>\n<p>No te pierdas los consejos al pie de la receta de Bonito de Burela con Verduras y Aire de Protos, te ayudar\u00e1n a preparar el plato f\u00e1cilmente, sin problemas y con un resultado espectacular.<\/p>\n<p><a href=\"https:\/\/tienda.bodegasprotos.com\/\" target=\"_blank\" rel=\"noopener noreferrer\"><img fetchpriority=\"high\" decoding=\"async\" class=\"alignleft wp-image-31114 size-medium\" title=\"Aire de Protos\" src=\"https:\/\/www.bodegasprotos.com\/wp-content\/uploads\/2021\/06\/cesta-de-verduras-con-Aire-de-Protos.4-300x237.jpg\" alt=\"\" width=\"300\" height=\"237\" srcset=\"https:\/\/www.bodegasprotos.com\/wp-content\/uploads\/2021\/06\/cesta-de-verduras-con-Aire-de-Protos.4-300x237.jpg 300w, https:\/\/www.bodegasprotos.com\/wp-content\/uploads\/2021\/06\/cesta-de-verduras-con-Aire-de-Protos.4.jpg 700w\" sizes=\"(max-width: 300px) 100vw, 300px\" \/><\/a><\/p>\n<p>Categor\u00eda: plato principal<\/p>\n<p>Estilo: comida de fiesta<\/p>\n<p>Ingrediente principal: bonito de Burela<\/p>\n<p>Tiempo de elaboraci\u00f3n: largo<\/p>\n<p>Comensales: 4<\/p>\n<p>Precio: alto<\/p>\n<p>Dificultad: baja<\/p>\n<p>Esta receta est\u00e1 cocinada sin huevo, sin frutos secos, sin gluten y sin lactosa<\/p>\n<h2><strong>Ingredientes para preparar la receta de bonito de Burela con verduras de primavera para cuatro comensales:<\/strong><\/h2>\n<ul>\n<li>Bonito de Burela, 1 rodaja<\/li>\n<li>Sal y pimienta<\/li>\n<li>Aceite del ali\u00f1o<\/li>\n<\/ul>\n<h3><strong>Ali\u00f1o de verduras \u00a0<\/strong><\/h3>\n<ul>\n<li>habas repeladas, 100 g<\/li>\n<li>esp\u00e1rragos verdes, 100 g<\/li>\n<li>jud\u00edas verdes, 100 g<\/li>\n<li>guisantes frescos pelados, 100 g<\/li>\n<li>pimiento rojo, 100 g<\/li>\n<li>limones, 2<\/li>\n<li>naranja, 1<\/li>\n<li>aceite de oliva extra virgen, 200 ml<\/li>\n<li>ajo, 1 diente<\/li>\n<li>tomillo, 4 ramitas<\/li>\n<li>romero, 2 ramas<\/li>\n<li>sal<\/li>\n<li>semillas de hinojo, 10 g<\/li>\n<\/ul>\n<h2><img decoding=\"async\" class=\"aligncenter wp-image-31110 size-medium\" title=\"Maridaje Aire de Protos\" src=\"https:\/\/www.bodegasprotos.com\/wp-content\/uploads\/2021\/06\/rodaja-de-bonito-300x265.jpg\" alt=\"\" width=\"300\" height=\"265\" srcset=\"https:\/\/www.bodegasprotos.com\/wp-content\/uploads\/2021\/06\/rodaja-de-bonito-300x265.jpg 300w, https:\/\/www.bodegasprotos.com\/wp-content\/uploads\/2021\/06\/rodaja-de-bonito.jpg 700w\" sizes=\"(max-width: 300px) 100vw, 300px\" \/><\/h2>\n<h2><strong>\u00bfC\u00f3mo cocinar el bonito de Burela con verduras de primavera?<\/strong><\/h2>\n<h3><strong>Elaboraci\u00f3n paso a paso<\/strong><\/h3>\n<h4><strong>Ali\u00f1o de verduras de primavera:<\/strong><\/h4>\n<ul>\n<li>Pelamos las verduras, cortamos las jud\u00edas y los esp\u00e1rragos en rodajas finas.<\/li>\n<li>Cortamos el pimiento en cubos, lo dejamos crudo.<\/li>\n<li>Cocemos, en agua super hirviendo con sal, ligeramente las verduras ya que las queremos <em>al dente<\/em>.<\/li>\n<li>Las metemos en agua con hielo para cortar la cocci\u00f3n, las dejamos en un colador para que escurran.<\/li>\n<li>Colocamos en un tarro de cristal.<\/li>\n<li>Con un pelador de verduras, retira la piel amarilla de los limones y de la naranja, p\u00edcala en tiras finas.<\/li>\n<li>Exprime los limones, reserva.<\/li>\n<li>Calienta el aceite en una cacerola mediana a fuego unos 5 minutos, luego retire del fuego.<\/li>\n<li>A\u00f1ade el ajo y deje chisporrotear hasta que est\u00e9 fragante, aproximadamente 30 segundos y retira.<\/li>\n<li>Incorpora la ralladura de lim\u00f3n y naranja, las ramitas de tomillo, las ramitas de romero, la sal, las semillas de hinojo.<\/li>\n<\/ul>\n<ul>\n<li>Vuelve a introducir los ajos.<\/li>\n<li>Cubre las verduras con el aceite aromatizado, deja que se maceren en la nevera, mejor de un d\u00eda para otro.<\/li>\n<\/ul>\n<h4><strong>El bonito:<\/strong><\/h4>\n<ul>\n<li>Pon a macerar el bonito con el aceite de las verduras, d\u00e9jalo una hora y esc\u00farrelo.<\/li>\n<li>P\u00e1salo por la plancha y s\u00e9llalo.<\/li>\n<li>Justo en el momento de comer m\u00e9telo en el horno a 180\u00baC durante 5\/10 minutos, seg\u00fan el punto que le quieras dar.<\/li>\n<\/ul>\n<h4><strong>Presentaci\u00f3n:<\/strong><\/h4>\n<p>Rodea la rodaja con las verduras y pon un par de cucharas en el centro para darle color.<\/p>\n<p><img loading=\"lazy\" decoding=\"async\" class=\"aligncenter wp-image-31112 size-medium\" title=\"Receta bonito y Aire de Protos\" src=\"https:\/\/www.bodegasprotos.com\/wp-content\/uploads\/2021\/06\/bonito-con-verduras-marinadas-en-aceite-de-c\u00edtricos.5-1-300x294.jpg\" alt=\"\" width=\"300\" height=\"294\" srcset=\"https:\/\/www.bodegasprotos.com\/wp-content\/uploads\/2021\/06\/bonito-con-verduras-marinadas-en-aceite-de-c\u00edtricos.5-1-300x294.jpg 300w, https:\/\/www.bodegasprotos.com\/wp-content\/uploads\/2021\/06\/bonito-con-verduras-marinadas-en-aceite-de-c\u00edtricos.5-1.jpg 684w\" sizes=\"(max-width: 300px) 100vw, 300px\" \/><\/p>\n<h2><strong>Consejos para que te salga genial el bonito de Burela con verduras de primavera<\/strong><\/h2>\n<h3><strong>El punto del bonito:<\/strong><\/h3>\n<p>Lo m\u00e1s importante de este plato es darle al bonito el punto justo, que te quede jugoso, no hay nada peor que un bonito pasado y convertido en un estropajo incomible, por eso controla el tiempo de cocci\u00f3n, el sellado a fuego alto un par de minutos por cada lado, despu\u00e9s term\u00ednalo en el horno, entre cinco y diez minutos dependiendo del tama\u00f1o de la rodaja y de tu gusto, de c\u00f3mo te guste el pescado.<\/p>\n<h3><strong>Las verduras:<\/strong><\/h3>\n<p>Todas mis verduras eran frescas, de primera calidad, no voy a hacer una gran cantidad, por eso me puedo permitir el lujo de utilizar producto de primera calidad.<\/p>\n<p>Las voy a blanquear en agua hirviendo, las voy a tener el tiempo justo para dejarlas <em>al dente<\/em>, despu\u00e9s directas al agua super fr\u00eda, con hielo para cortar la cocci\u00f3n y se pongan muy tersas y crujientes. Son fant\u00e1sticas.<\/p>\n<p>Si no quieres trabajar puedes utilizar verduras congeladas, las verduras en conserva no las veo en esta preparaci\u00f3n.<\/p>\n","protected":false},"excerpt":{"rendered":"<p>Esta receta de bonito de Burela con verduras de primavera acompa\u00f1ado con Aire de Protos es un lujo&#8230;<\/p>\n","protected":false},"author":3,"featured_media":31108,"comment_status":"closed","ping_status":"closed","sticky":false,"template":"","format":"standard","meta":{"_acf_changed":false,"footnotes":""},"categories":[87,98,1],"tags":[],"class_list":["post-31101","post","type-post","status-publish","format-standard","has-post-thumbnail","hentry","category-blog","category-degustaciones","category-general"],"acf":[],"yoast_head":"<!-- This site is optimized with the Yoast SEO plugin v27.5 - https:\/\/yoast.com\/product\/yoast-seo-wordpress\/ -->\n<title>Receta Bonito de Burela con verduras maridado con Aire de Protos - Bodegas Protos<\/title>\n<meta name=\"description\" content=\"Esta receta de bonito de Burela con verduras de primavera acompa\u00f1ado con Aire de Protos es un lujo de plato en el que vamos a disfrutar de un bonito\" \/>\n<meta name=\"robots\" content=\"index, follow, max-snippet:-1, max-image-preview:large, max-video-preview:-1\" \/>\n<link rel=\"canonical\" href=\"https:\/\/www.bodegasprotos.com\/es\/general\/bonito-de-burela-con-verduras-de-primavera-acompanado-con-aire-de-protos\/\" \/>\n<meta property=\"og:locale\" content=\"es_ES\" \/>\n<meta property=\"og:type\" content=\"article\" \/>\n<meta property=\"og:title\" content=\"Receta Bonito de Burela con verduras maridado con Aire de Protos - Bodegas Protos\" \/>\n<meta property=\"og:description\" content=\"Esta receta de bonito de Burela con verduras de primavera acompa\u00f1ado con Aire de Protos es un lujo de plato en el que vamos a disfrutar de un bonito\" \/>\n<meta property=\"og:url\" content=\"https:\/\/www.bodegasprotos.com\/es\/general\/bonito-de-burela-con-verduras-de-primavera-acompanado-con-aire-de-protos\/\" \/>\n<meta property=\"og:site_name\" content=\"Bodegas Protos\" \/>\n<meta property=\"article:publisher\" content=\"https:\/\/www.facebook.com\/BodegasProtos\" \/>\n<meta property=\"article:published_time\" content=\"2021-06-18T09:40:35+00:00\" \/>\n<meta property=\"article:modified_time\" content=\"2021-07-09T08:31:46+00:00\" \/>\n<meta property=\"og:image\" content=\"https:\/\/www.bodegasprotos.com\/wp-content\/uploads\/2021\/06\/rodaja-de-bonito-con-verduras-marinadas-en-aceite-de-c\u00edtricos.1.jpg\" \/>\n\t<meta property=\"og:image:width\" content=\"700\" \/>\n\t<meta property=\"og:image:height\" content=\"661\" \/>\n\t<meta property=\"og:image:type\" content=\"image\/jpeg\" \/>\n<meta name=\"author\" content=\"Bodegas Protos (F)\" \/>\n<meta name=\"twitter:card\" content=\"summary_large_image\" \/>\n<meta name=\"twitter:creator\" content=\"@Bodegas_Protos\" \/>\n<meta name=\"twitter:site\" content=\"@Bodegas_Protos\" \/>\n<meta name=\"twitter:label1\" content=\"Escrito por\" \/>\n\t<meta name=\"twitter:data1\" content=\"Bodegas Protos (F)\" \/>\n\t<meta name=\"twitter:label2\" content=\"Tiempo de lectura\" \/>\n\t<meta name=\"twitter:data2\" content=\"5 minutos\" \/>\n<script type=\"application\/ld+json\" class=\"yoast-schema-graph\">{\"@context\":\"https:\\\/\\\/schema.org\",\"@graph\":[{\"@type\":\"Article\",\"@id\":\"https:\\\/\\\/www.bodegasprotos.com\\\/es\\\/general\\\/bonito-de-burela-con-verduras-de-primavera-acompanado-con-aire-de-protos\\\/#article\",\"isPartOf\":{\"@id\":\"https:\\\/\\\/www.bodegasprotos.com\\\/es\\\/general\\\/bonito-de-burela-con-verduras-de-primavera-acompanado-con-aire-de-protos\\\/\"},\"author\":{\"name\":\"Bodegas Protos (F)\",\"@id\":\"https:\\\/\\\/www.bodegasprotos.com\\\/es\\\/#\\\/schema\\\/person\\\/6cb69a08afa14171755cee0df7d20027\"},\"headline\":\"Receta Bonito de Burela con verduras maridado con Aire de Protos\",\"datePublished\":\"2021-06-18T09:40:35+00:00\",\"dateModified\":\"2021-07-09T08:31:46+00:00\",\"mainEntityOfPage\":{\"@id\":\"https:\\\/\\\/www.bodegasprotos.com\\\/es\\\/general\\\/bonito-de-burela-con-verduras-de-primavera-acompanado-con-aire-de-protos\\\/\"},\"wordCount\":1024,\"publisher\":{\"@id\":\"https:\\\/\\\/www.bodegasprotos.com\\\/es\\\/#organization\"},\"image\":{\"@id\":\"https:\\\/\\\/www.bodegasprotos.com\\\/es\\\/general\\\/bonito-de-burela-con-verduras-de-primavera-acompanado-con-aire-de-protos\\\/#primaryimage\"},\"thumbnailUrl\":\"https:\\\/\\\/www.bodegasprotos.com\\\/wp-content\\\/uploads\\\/2021\\\/06\\\/rodaja-de-bonito-con-verduras-marinadas-en-aceite-de-c\u00edtricos.1.jpg\",\"articleSection\":[\"Blog\",\"Degustaciones\",\"General\"],\"inLanguage\":\"es\"},{\"@type\":\"WebPage\",\"@id\":\"https:\\\/\\\/www.bodegasprotos.com\\\/es\\\/general\\\/bonito-de-burela-con-verduras-de-primavera-acompanado-con-aire-de-protos\\\/\",\"url\":\"https:\\\/\\\/www.bodegasprotos.com\\\/es\\\/general\\\/bonito-de-burela-con-verduras-de-primavera-acompanado-con-aire-de-protos\\\/\",\"name\":\"Receta Bonito de Burela con verduras maridado con Aire de Protos - Bodegas Protos\",\"isPartOf\":{\"@id\":\"https:\\\/\\\/www.bodegasprotos.com\\\/es\\\/#website\"},\"primaryImageOfPage\":{\"@id\":\"https:\\\/\\\/www.bodegasprotos.com\\\/es\\\/general\\\/bonito-de-burela-con-verduras-de-primavera-acompanado-con-aire-de-protos\\\/#primaryimage\"},\"image\":{\"@id\":\"https:\\\/\\\/www.bodegasprotos.com\\\/es\\\/general\\\/bonito-de-burela-con-verduras-de-primavera-acompanado-con-aire-de-protos\\\/#primaryimage\"},\"thumbnailUrl\":\"https:\\\/\\\/www.bodegasprotos.com\\\/wp-content\\\/uploads\\\/2021\\\/06\\\/rodaja-de-bonito-con-verduras-marinadas-en-aceite-de-c\u00edtricos.1.jpg\",\"datePublished\":\"2021-06-18T09:40:35+00:00\",\"dateModified\":\"2021-07-09T08:31:46+00:00\",\"description\":\"Esta receta de bonito de Burela con verduras de primavera acompa\u00f1ado con Aire de Protos es un lujo de plato en el que vamos a disfrutar de un bonito\",\"breadcrumb\":{\"@id\":\"https:\\\/\\\/www.bodegasprotos.com\\\/es\\\/general\\\/bonito-de-burela-con-verduras-de-primavera-acompanado-con-aire-de-protos\\\/#breadcrumb\"},\"inLanguage\":\"es\",\"potentialAction\":[{\"@type\":\"ReadAction\",\"target\":[\"https:\\\/\\\/www.bodegasprotos.com\\\/es\\\/general\\\/bonito-de-burela-con-verduras-de-primavera-acompanado-con-aire-de-protos\\\/\"]}]},{\"@type\":\"ImageObject\",\"inLanguage\":\"es\",\"@id\":\"https:\\\/\\\/www.bodegasprotos.com\\\/es\\\/general\\\/bonito-de-burela-con-verduras-de-primavera-acompanado-con-aire-de-protos\\\/#primaryimage\",\"url\":\"https:\\\/\\\/www.bodegasprotos.com\\\/wp-content\\\/uploads\\\/2021\\\/06\\\/rodaja-de-bonito-con-verduras-marinadas-en-aceite-de-c\u00edtricos.1.jpg\",\"contentUrl\":\"https:\\\/\\\/www.bodegasprotos.com\\\/wp-content\\\/uploads\\\/2021\\\/06\\\/rodaja-de-bonito-con-verduras-marinadas-en-aceite-de-c\u00edtricos.1.jpg\",\"width\":700,\"height\":661,\"caption\":\"Aire de Protos receta\"},{\"@type\":\"BreadcrumbList\",\"@id\":\"https:\\\/\\\/www.bodegasprotos.com\\\/es\\\/general\\\/bonito-de-burela-con-verduras-de-primavera-acompanado-con-aire-de-protos\\\/#breadcrumb\",\"itemListElement\":[{\"@type\":\"ListItem\",\"position\":1,\"name\":\"Portada\",\"item\":\"https:\\\/\\\/www.bodegasprotos.com\\\/es\\\/\"},{\"@type\":\"ListItem\",\"position\":2,\"name\":\"Receta Bonito de Burela con verduras maridado con Aire de Protos\"}]},{\"@type\":\"WebSite\",\"@id\":\"https:\\\/\\\/www.bodegasprotos.com\\\/es\\\/#website\",\"url\":\"https:\\\/\\\/www.bodegasprotos.com\\\/es\\\/\",\"name\":\"Bodegas Protos\",\"description\":\"Vinos de la Denominaci\u00f3n de Origen Ribera del Duero, Rueda y Cigales\",\"publisher\":{\"@id\":\"https:\\\/\\\/www.bodegasprotos.com\\\/es\\\/#organization\"},\"potentialAction\":[{\"@type\":\"SearchAction\",\"target\":{\"@type\":\"EntryPoint\",\"urlTemplate\":\"https:\\\/\\\/www.bodegasprotos.com\\\/es\\\/?s={search_term_string}\"},\"query-input\":{\"@type\":\"PropertyValueSpecification\",\"valueRequired\":true,\"valueName\":\"search_term_string\"}}],\"inLanguage\":\"es\"},{\"@type\":\"Organization\",\"@id\":\"https:\\\/\\\/www.bodegasprotos.com\\\/es\\\/#organization\",\"name\":\"Bodegas Protos\",\"url\":\"https:\\\/\\\/www.bodegasprotos.com\\\/es\\\/\",\"logo\":{\"@type\":\"ImageObject\",\"inLanguage\":\"es\",\"@id\":\"https:\\\/\\\/www.bodegasprotos.com\\\/es\\\/#\\\/schema\\\/logo\\\/image\\\/\",\"url\":\"https:\\\/\\\/www.bodegasprotos.com\\\/wp-content\\\/uploads\\\/2024\\\/06\\\/PROTOS-LOGOS-VERSIONES-13.png\",\"contentUrl\":\"https:\\\/\\\/www.bodegasprotos.com\\\/wp-content\\\/uploads\\\/2024\\\/06\\\/PROTOS-LOGOS-VERSIONES-13.png\",\"width\":2362,\"height\":2362,\"caption\":\"Bodegas Protos\"},\"image\":{\"@id\":\"https:\\\/\\\/www.bodegasprotos.com\\\/es\\\/#\\\/schema\\\/logo\\\/image\\\/\"},\"sameAs\":[\"https:\\\/\\\/www.facebook.com\\\/BodegasProtos\",\"https:\\\/\\\/x.com\\\/Bodegas_Protos\",\"https:\\\/\\\/www.instagram.com\\\/bodegasprotosoficial\\\/\",\"https:\\\/\\\/www.linkedin.com\\\/company\\\/bodegasprotos\\\/\",\"https:\\\/\\\/pinterest.com\\\/BodegasProtos\\\/\",\"http:\\\/\\\/www.youtube.com\\\/user\\\/BodegasProtos\",\"https:\\\/\\\/es.wikipedia.org\\\/wiki\\\/Bodegas_Protos\"]},{\"@type\":\"Person\",\"@id\":\"https:\\\/\\\/www.bodegasprotos.com\\\/es\\\/#\\\/schema\\\/person\\\/6cb69a08afa14171755cee0df7d20027\",\"name\":\"Bodegas Protos (F)\",\"image\":{\"@type\":\"ImageObject\",\"inLanguage\":\"es\",\"@id\":\"https:\\\/\\\/secure.gravatar.com\\\/avatar\\\/cc613a9fd2ee203f402357c1b4aa2b7c041016cbf1eab1e41bde410b2ebd7f94?s=96&d=mm&r=g\",\"url\":\"https:\\\/\\\/secure.gravatar.com\\\/avatar\\\/cc613a9fd2ee203f402357c1b4aa2b7c041016cbf1eab1e41bde410b2ebd7f94?s=96&d=mm&r=g\",\"contentUrl\":\"https:\\\/\\\/secure.gravatar.com\\\/avatar\\\/cc613a9fd2ee203f402357c1b4aa2b7c041016cbf1eab1e41bde410b2ebd7f94?s=96&d=mm&r=g\",\"caption\":\"Bodegas Protos (F)\"},\"sameAs\":[\"https:\\\/\\\/www.bodegasprotos.com\"]}]}<\/script>\n<!-- \/ Yoast SEO plugin. -->","yoast_head_json":{"title":"Receta Bonito de Burela con verduras maridado con Aire de Protos - Bodegas Protos","description":"Esta receta de bonito de Burela con verduras de primavera acompa\u00f1ado con Aire de Protos es un lujo de plato en el que vamos a disfrutar de un bonito","robots":{"index":"index","follow":"follow","max-snippet":"max-snippet:-1","max-image-preview":"max-image-preview:large","max-video-preview":"max-video-preview:-1"},"canonical":"https:\/\/www.bodegasprotos.com\/es\/general\/bonito-de-burela-con-verduras-de-primavera-acompanado-con-aire-de-protos\/","og_locale":"es_ES","og_type":"article","og_title":"Receta Bonito de Burela con verduras maridado con Aire de Protos - Bodegas Protos","og_description":"Esta receta de bonito de Burela con verduras de primavera acompa\u00f1ado con Aire de Protos es un lujo de plato en el que vamos a disfrutar de un bonito","og_url":"https:\/\/www.bodegasprotos.com\/es\/general\/bonito-de-burela-con-verduras-de-primavera-acompanado-con-aire-de-protos\/","og_site_name":"Bodegas Protos","article_publisher":"https:\/\/www.facebook.com\/BodegasProtos","article_published_time":"2021-06-18T09:40:35+00:00","article_modified_time":"2021-07-09T08:31:46+00:00","og_image":[{"width":700,"height":661,"url":"https:\/\/www.bodegasprotos.com\/wp-content\/uploads\/2021\/06\/rodaja-de-bonito-con-verduras-marinadas-en-aceite-de-c\u00edtricos.1.jpg","type":"image\/jpeg"}],"author":"Bodegas Protos (F)","twitter_card":"summary_large_image","twitter_creator":"@Bodegas_Protos","twitter_site":"@Bodegas_Protos","twitter_misc":{"Escrito por":"Bodegas Protos (F)","Tiempo de lectura":"5 minutos"},"schema":{"@context":"https:\/\/schema.org","@graph":[{"@type":"Article","@id":"https:\/\/www.bodegasprotos.com\/es\/general\/bonito-de-burela-con-verduras-de-primavera-acompanado-con-aire-de-protos\/#article","isPartOf":{"@id":"https:\/\/www.bodegasprotos.com\/es\/general\/bonito-de-burela-con-verduras-de-primavera-acompanado-con-aire-de-protos\/"},"author":{"name":"Bodegas Protos (F)","@id":"https:\/\/www.bodegasprotos.com\/es\/#\/schema\/person\/6cb69a08afa14171755cee0df7d20027"},"headline":"Receta Bonito de Burela con verduras maridado con Aire de Protos","datePublished":"2021-06-18T09:40:35+00:00","dateModified":"2021-07-09T08:31:46+00:00","mainEntityOfPage":{"@id":"https:\/\/www.bodegasprotos.com\/es\/general\/bonito-de-burela-con-verduras-de-primavera-acompanado-con-aire-de-protos\/"},"wordCount":1024,"publisher":{"@id":"https:\/\/www.bodegasprotos.com\/es\/#organization"},"image":{"@id":"https:\/\/www.bodegasprotos.com\/es\/general\/bonito-de-burela-con-verduras-de-primavera-acompanado-con-aire-de-protos\/#primaryimage"},"thumbnailUrl":"https:\/\/www.bodegasprotos.com\/wp-content\/uploads\/2021\/06\/rodaja-de-bonito-con-verduras-marinadas-en-aceite-de-c\u00edtricos.1.jpg","articleSection":["Blog","Degustaciones","General"],"inLanguage":"es"},{"@type":"WebPage","@id":"https:\/\/www.bodegasprotos.com\/es\/general\/bonito-de-burela-con-verduras-de-primavera-acompanado-con-aire-de-protos\/","url":"https:\/\/www.bodegasprotos.com\/es\/general\/bonito-de-burela-con-verduras-de-primavera-acompanado-con-aire-de-protos\/","name":"Receta Bonito de Burela con verduras maridado con Aire de Protos - Bodegas Protos","isPartOf":{"@id":"https:\/\/www.bodegasprotos.com\/es\/#website"},"primaryImageOfPage":{"@id":"https:\/\/www.bodegasprotos.com\/es\/general\/bonito-de-burela-con-verduras-de-primavera-acompanado-con-aire-de-protos\/#primaryimage"},"image":{"@id":"https:\/\/www.bodegasprotos.com\/es\/general\/bonito-de-burela-con-verduras-de-primavera-acompanado-con-aire-de-protos\/#primaryimage"},"thumbnailUrl":"https:\/\/www.bodegasprotos.com\/wp-content\/uploads\/2021\/06\/rodaja-de-bonito-con-verduras-marinadas-en-aceite-de-c\u00edtricos.1.jpg","datePublished":"2021-06-18T09:40:35+00:00","dateModified":"2021-07-09T08:31:46+00:00","description":"Esta receta de bonito de Burela con verduras de primavera acompa\u00f1ado con Aire de Protos es un lujo de plato en el que vamos a disfrutar de un bonito","breadcrumb":{"@id":"https:\/\/www.bodegasprotos.com\/es\/general\/bonito-de-burela-con-verduras-de-primavera-acompanado-con-aire-de-protos\/#breadcrumb"},"inLanguage":"es","potentialAction":[{"@type":"ReadAction","target":["https:\/\/www.bodegasprotos.com\/es\/general\/bonito-de-burela-con-verduras-de-primavera-acompanado-con-aire-de-protos\/"]}]},{"@type":"ImageObject","inLanguage":"es","@id":"https:\/\/www.bodegasprotos.com\/es\/general\/bonito-de-burela-con-verduras-de-primavera-acompanado-con-aire-de-protos\/#primaryimage","url":"https:\/\/www.bodegasprotos.com\/wp-content\/uploads\/2021\/06\/rodaja-de-bonito-con-verduras-marinadas-en-aceite-de-c\u00edtricos.1.jpg","contentUrl":"https:\/\/www.bodegasprotos.com\/wp-content\/uploads\/2021\/06\/rodaja-de-bonito-con-verduras-marinadas-en-aceite-de-c\u00edtricos.1.jpg","width":700,"height":661,"caption":"Aire de Protos receta"},{"@type":"BreadcrumbList","@id":"https:\/\/www.bodegasprotos.com\/es\/general\/bonito-de-burela-con-verduras-de-primavera-acompanado-con-aire-de-protos\/#breadcrumb","itemListElement":[{"@type":"ListItem","position":1,"name":"Portada","item":"https:\/\/www.bodegasprotos.com\/es\/"},{"@type":"ListItem","position":2,"name":"Receta Bonito de Burela con verduras maridado con Aire de Protos"}]},{"@type":"WebSite","@id":"https:\/\/www.bodegasprotos.com\/es\/#website","url":"https:\/\/www.bodegasprotos.com\/es\/","name":"Bodegas Protos","description":"Vinos de la Denominaci\u00f3n de Origen Ribera del Duero, Rueda y Cigales","publisher":{"@id":"https:\/\/www.bodegasprotos.com\/es\/#organization"},"potentialAction":[{"@type":"SearchAction","target":{"@type":"EntryPoint","urlTemplate":"https:\/\/www.bodegasprotos.com\/es\/?s={search_term_string}"},"query-input":{"@type":"PropertyValueSpecification","valueRequired":true,"valueName":"search_term_string"}}],"inLanguage":"es"},{"@type":"Organization","@id":"https:\/\/www.bodegasprotos.com\/es\/#organization","name":"Bodegas Protos","url":"https:\/\/www.bodegasprotos.com\/es\/","logo":{"@type":"ImageObject","inLanguage":"es","@id":"https:\/\/www.bodegasprotos.com\/es\/#\/schema\/logo\/image\/","url":"https:\/\/www.bodegasprotos.com\/wp-content\/uploads\/2024\/06\/PROTOS-LOGOS-VERSIONES-13.png","contentUrl":"https:\/\/www.bodegasprotos.com\/wp-content\/uploads\/2024\/06\/PROTOS-LOGOS-VERSIONES-13.png","width":2362,"height":2362,"caption":"Bodegas Protos"},"image":{"@id":"https:\/\/www.bodegasprotos.com\/es\/#\/schema\/logo\/image\/"},"sameAs":["https:\/\/www.facebook.com\/BodegasProtos","https:\/\/x.com\/Bodegas_Protos","https:\/\/www.instagram.com\/bodegasprotosoficial\/","https:\/\/www.linkedin.com\/company\/bodegasprotos\/","https:\/\/pinterest.com\/BodegasProtos\/","http:\/\/www.youtube.com\/user\/BodegasProtos","https:\/\/es.wikipedia.org\/wiki\/Bodegas_Protos"]},{"@type":"Person","@id":"https:\/\/www.bodegasprotos.com\/es\/#\/schema\/person\/6cb69a08afa14171755cee0df7d20027","name":"Bodegas Protos (F)","image":{"@type":"ImageObject","inLanguage":"es","@id":"https:\/\/secure.gravatar.com\/avatar\/cc613a9fd2ee203f402357c1b4aa2b7c041016cbf1eab1e41bde410b2ebd7f94?s=96&d=mm&r=g","url":"https:\/\/secure.gravatar.com\/avatar\/cc613a9fd2ee203f402357c1b4aa2b7c041016cbf1eab1e41bde410b2ebd7f94?s=96&d=mm&r=g","contentUrl":"https:\/\/secure.gravatar.com\/avatar\/cc613a9fd2ee203f402357c1b4aa2b7c041016cbf1eab1e41bde410b2ebd7f94?s=96&d=mm&r=g","caption":"Bodegas Protos (F)"},"sameAs":["https:\/\/www.bodegasprotos.com"]}]}},"_links":{"self":[{"href":"https:\/\/www.bodegasprotos.com\/es\/wp-json\/wp\/v2\/posts\/31101","targetHints":{"allow":["GET"]}}],"collection":[{"href":"https:\/\/www.bodegasprotos.com\/es\/wp-json\/wp\/v2\/posts"}],"about":[{"href":"https:\/\/www.bodegasprotos.com\/es\/wp-json\/wp\/v2\/types\/post"}],"author":[{"embeddable":true,"href":"https:\/\/www.bodegasprotos.com\/es\/wp-json\/wp\/v2\/users\/3"}],"replies":[{"embeddable":true,"href":"https:\/\/www.bodegasprotos.com\/es\/wp-json\/wp\/v2\/comments?post=31101"}],"version-history":[{"count":0,"href":"https:\/\/www.bodegasprotos.com\/es\/wp-json\/wp\/v2\/posts\/31101\/revisions"}],"wp:featuredmedia":[{"embeddable":true,"href":"https:\/\/www.bodegasprotos.com\/es\/wp-json\/wp\/v2\/media\/31108"}],"wp:attachment":[{"href":"https:\/\/www.bodegasprotos.com\/es\/wp-json\/wp\/v2\/media?parent=31101"}],"wp:term":[{"taxonomy":"category","embeddable":true,"href":"https:\/\/www.bodegasprotos.com\/es\/wp-json\/wp\/v2\/categories?post=31101"},{"taxonomy":"post_tag","embeddable":true,"href":"https:\/\/www.bodegasprotos.com\/es\/wp-json\/wp\/v2\/tags?post=31101"}],"curies":[{"name":"wp","href":"https:\/\/api.w.org\/{rel}","templated":true}]}}