{"id":30702,"date":"2021-03-10T09:08:57","date_gmt":"2021-03-10T08:08:57","guid":{"rendered":"https:\/\/www.bodegasprotos.com\/?p=30702"},"modified":"2021-03-10T09:08:57","modified_gmt":"2021-03-10T08:08:57","slug":"bodegas-protos-inaugura-la-temporada-de-enoturismo-con-visitas-gratuitas-al-sector-de-la-hosteleria","status":"publish","type":"post","link":"https:\/\/www.bodegasprotos.com\/es\/en-portada\/bodegas-protos-inaugura-la-temporada-de-enoturismo-con-visitas-gratuitas-al-sector-de-la-hosteleria\/","title":{"rendered":"Bodegas Protos inaugura la temporada de Enoturismo con visitas gratuitas al sector de la hosteler\u00eda"},"content":{"rendered":"<p><strong>La bodega de Ribera de Duero mantiene su compromiso con el sector hostelero sumando esta acci\u00f3n a la iniciativa en vigor \u201cCaja Solidaria\u201d, por la que se seguir\u00e1 donando el 10% de sus ventas a la Federaci\u00f3n Hosteler\u00eda de Espa\u00f1a.<\/strong><\/p>\n<p>Bajo el lema, \u201cDesde 1927 y, por siempre, apoyando a nuestros bares y restaurantes\u201d, Bodegas Protos, en su af\u00e1n de seguir apoyando al sector hostelero, ha organizado una visita muy especial, completamente gratuita para todos aquellos que pertenezcan al sector.<\/p>\n<p>Protos ha querido crear esta nueva experiencia con el objetivo de mostrar su apoyo al sector de la hosteler\u00eda, ser un punto de encuentro del sector gastron\u00f3mico, as\u00ed como ofrecer un d\u00eda distinto, rodeado de la magia de la naturaleza y conectar con ella.<\/p>\n<p>Durante tres lunes del mes de Marzo (15,22 y 29 de Marzo) \u00a0todos aquellos que acrediten que pertenecen al sector (est\u00e9n en activo, en ERTE o en desempleo), podr\u00e1n disfrutar de un d\u00eda inigualable, en el que podr\u00e1n recorrer la bodega de crianza, que transcurre a lo largo de 2 kil\u00f3metros de galer\u00edas subterr\u00e1neas situadas bajo la monta\u00f1a en donde se asienta el Castillo de Pe\u00f1afiel, y conocer la arquitectura de vanguardia de la espectacular bodega dise\u00f1ada por el prestigioso arquitecto brit\u00e1nico Sir Richard Rogers y Alonso Balaguer Arquitectos Asociados.<\/p>\n<p>Asimismo, una vez finalizada la visita, los visitantes podr\u00e1n catar dos de sus vinos m\u00e1s representativos: Protos Verdejo y Protos Crianza.<\/p>\n<p>Todos los asistentes se llevar\u00e1n un obsequio de recuerdo.<\/p>\n<p>La bodega sigue todas las recomendaciones establecidas en el protocolo que ha dise\u00f1ado ACEVIN junto con el Instituto de Calidad tur\u00edstica espa\u00f1ola, para garantizar la seguridad del visitante. Adem\u00e1s de contar con aforos reducidos para garantizar las distancias entre visitantes, todas las zonas interiores recorridas ser\u00e1n desinfectadas diariamente.<\/p>\n<p><strong>Horario de la visita: 12:00 h.<\/strong><\/p>\n<p><strong>Imprescindible reserva previa en <\/strong><a href=\"mailto:enoturismo@bodegasprotos.com\"><strong>enoturismo@bodegasprotos.com<\/strong><\/a><strong>. Aforo limitado.<\/strong><\/p>\n","protected":false},"excerpt":{"rendered":"<p>La bodega de Ribera de Duero mantiene su compromiso con el sector hostelero sumando esta acci\u00f3n a la&#8230;<\/p>\n","protected":false},"author":3,"featured_media":17840,"comment_status":"closed","ping_status":"closed","sticky":false,"template":"","format":"standard","meta":{"_acf_changed":false,"footnotes":""},"categories":[88,94],"tags":[],"class_list":["post-30702","post","type-post","status-publish","format-standard","has-post-thumbnail","hentry","category-en-portada","category-notas-de-prensa"],"acf":[],"yoast_head":"<!-- This site is optimized with the Yoast SEO plugin v27.5 - https:\/\/yoast.com\/product\/yoast-seo-wordpress\/ -->\n<title>Bodegas Protos inaugura la temporada de Enoturismo con visitas gratuitas al sector de la hosteler\u00eda - Bodegas Protos<\/title>\n<meta name=\"description\" content=\"La bodega de Ribera de Duero mantiene su compromiso con el sector hostelero sumando esta acci\u00f3n a la iniciativa en vigor \u201cCaja Solidaria\u201d, por la que se\" \/>\n<meta name=\"robots\" content=\"index, follow, max-snippet:-1, max-image-preview:large, max-video-preview:-1\" \/>\n<link rel=\"canonical\" href=\"https:\/\/www.bodegasprotos.com\/es\/en-portada\/bodegas-protos-inaugura-la-temporada-de-enoturismo-con-visitas-gratuitas-al-sector-de-la-hosteleria\/\" \/>\n<meta property=\"og:locale\" content=\"es_ES\" \/>\n<meta property=\"og:type\" content=\"article\" \/>\n<meta property=\"og:title\" content=\"Bodegas Protos inaugura la temporada de Enoturismo con visitas gratuitas al sector de la hosteler\u00eda - Bodegas Protos\" \/>\n<meta property=\"og:description\" content=\"La bodega de Ribera de Duero mantiene su compromiso con el sector hostelero sumando esta acci\u00f3n a la iniciativa en vigor \u201cCaja Solidaria\u201d, por la que se\" \/>\n<meta property=\"og:url\" content=\"https:\/\/www.bodegasprotos.com\/es\/en-portada\/bodegas-protos-inaugura-la-temporada-de-enoturismo-con-visitas-gratuitas-al-sector-de-la-hosteleria\/\" \/>\n<meta property=\"og:site_name\" content=\"Bodegas Protos\" \/>\n<meta property=\"article:publisher\" content=\"https:\/\/www.facebook.com\/BodegasProtos\" \/>\n<meta property=\"article:published_time\" content=\"2021-03-10T08:08:57+00:00\" \/>\n<meta property=\"og:image\" content=\"https:\/\/www.bodegasprotos.com\/wp-content\/uploads\/2019\/04\/Bodega-Ribera-7.jpg\" \/>\n\t<meta property=\"og:image:width\" content=\"1200\" \/>\n\t<meta property=\"og:image:height\" content=\"801\" \/>\n\t<meta property=\"og:image:type\" content=\"image\/jpeg\" \/>\n<meta name=\"author\" content=\"Bodegas Protos (F)\" \/>\n<meta name=\"twitter:card\" content=\"summary_large_image\" \/>\n<meta name=\"twitter:creator\" content=\"@Bodegas_Protos\" \/>\n<meta name=\"twitter:site\" content=\"@Bodegas_Protos\" \/>\n<meta name=\"twitter:label1\" content=\"Escrito por\" \/>\n\t<meta name=\"twitter:data1\" content=\"Bodegas Protos (F)\" \/>\n\t<meta name=\"twitter:label2\" content=\"Tiempo de lectura\" \/>\n\t<meta name=\"twitter:data2\" content=\"2 minutos\" \/>\n<script type=\"application\/ld+json\" class=\"yoast-schema-graph\">{\"@context\":\"https:\\\/\\\/schema.org\",\"@graph\":[{\"@type\":\"Article\",\"@id\":\"https:\\\/\\\/www.bodegasprotos.com\\\/es\\\/en-portada\\\/bodegas-protos-inaugura-la-temporada-de-enoturismo-con-visitas-gratuitas-al-sector-de-la-hosteleria\\\/#article\",\"isPartOf\":{\"@id\":\"https:\\\/\\\/www.bodegasprotos.com\\\/es\\\/en-portada\\\/bodegas-protos-inaugura-la-temporada-de-enoturismo-con-visitas-gratuitas-al-sector-de-la-hosteleria\\\/\"},\"author\":{\"name\":\"Bodegas Protos (F)\",\"@id\":\"https:\\\/\\\/www.bodegasprotos.com\\\/es\\\/#\\\/schema\\\/person\\\/6cb69a08afa14171755cee0df7d20027\"},\"headline\":\"Bodegas Protos inaugura la temporada de Enoturismo con visitas gratuitas al sector de la hosteler\u00eda\",\"datePublished\":\"2021-03-10T08:08:57+00:00\",\"mainEntityOfPage\":{\"@id\":\"https:\\\/\\\/www.bodegasprotos.com\\\/es\\\/en-portada\\\/bodegas-protos-inaugura-la-temporada-de-enoturismo-con-visitas-gratuitas-al-sector-de-la-hosteleria\\\/\"},\"wordCount\":344,\"publisher\":{\"@id\":\"https:\\\/\\\/www.bodegasprotos.com\\\/es\\\/#organization\"},\"image\":{\"@id\":\"https:\\\/\\\/www.bodegasprotos.com\\\/es\\\/en-portada\\\/bodegas-protos-inaugura-la-temporada-de-enoturismo-con-visitas-gratuitas-al-sector-de-la-hosteleria\\\/#primaryimage\"},\"thumbnailUrl\":\"https:\\\/\\\/www.bodegasprotos.com\\\/wp-content\\\/uploads\\\/2019\\\/04\\\/Bodega-Ribera-7.jpg\",\"articleSection\":[\"En portada\",\"Notas de Prensa\"],\"inLanguage\":\"es\"},{\"@type\":\"WebPage\",\"@id\":\"https:\\\/\\\/www.bodegasprotos.com\\\/es\\\/en-portada\\\/bodegas-protos-inaugura-la-temporada-de-enoturismo-con-visitas-gratuitas-al-sector-de-la-hosteleria\\\/\",\"url\":\"https:\\\/\\\/www.bodegasprotos.com\\\/es\\\/en-portada\\\/bodegas-protos-inaugura-la-temporada-de-enoturismo-con-visitas-gratuitas-al-sector-de-la-hosteleria\\\/\",\"name\":\"Bodegas Protos inaugura la temporada de Enoturismo con visitas gratuitas al sector de la hosteler\u00eda - Bodegas Protos\",\"isPartOf\":{\"@id\":\"https:\\\/\\\/www.bodegasprotos.com\\\/es\\\/#website\"},\"primaryImageOfPage\":{\"@id\":\"https:\\\/\\\/www.bodegasprotos.com\\\/es\\\/en-portada\\\/bodegas-protos-inaugura-la-temporada-de-enoturismo-con-visitas-gratuitas-al-sector-de-la-hosteleria\\\/#primaryimage\"},\"image\":{\"@id\":\"https:\\\/\\\/www.bodegasprotos.com\\\/es\\\/en-portada\\\/bodegas-protos-inaugura-la-temporada-de-enoturismo-con-visitas-gratuitas-al-sector-de-la-hosteleria\\\/#primaryimage\"},\"thumbnailUrl\":\"https:\\\/\\\/www.bodegasprotos.com\\\/wp-content\\\/uploads\\\/2019\\\/04\\\/Bodega-Ribera-7.jpg\",\"datePublished\":\"2021-03-10T08:08:57+00:00\",\"description\":\"La bodega de Ribera de Duero mantiene su compromiso con el sector hostelero sumando esta acci\u00f3n a la iniciativa en vigor \u201cCaja Solidaria\u201d, por la que se\",\"breadcrumb\":{\"@id\":\"https:\\\/\\\/www.bodegasprotos.com\\\/es\\\/en-portada\\\/bodegas-protos-inaugura-la-temporada-de-enoturismo-con-visitas-gratuitas-al-sector-de-la-hosteleria\\\/#breadcrumb\"},\"inLanguage\":\"es\",\"potentialAction\":[{\"@type\":\"ReadAction\",\"target\":[\"https:\\\/\\\/www.bodegasprotos.com\\\/es\\\/en-portada\\\/bodegas-protos-inaugura-la-temporada-de-enoturismo-con-visitas-gratuitas-al-sector-de-la-hosteleria\\\/\"]}]},{\"@type\":\"ImageObject\",\"inLanguage\":\"es\",\"@id\":\"https:\\\/\\\/www.bodegasprotos.com\\\/es\\\/en-portada\\\/bodegas-protos-inaugura-la-temporada-de-enoturismo-con-visitas-gratuitas-al-sector-de-la-hosteleria\\\/#primaryimage\",\"url\":\"https:\\\/\\\/www.bodegasprotos.com\\\/wp-content\\\/uploads\\\/2019\\\/04\\\/Bodega-Ribera-7.jpg\",\"contentUrl\":\"https:\\\/\\\/www.bodegasprotos.com\\\/wp-content\\\/uploads\\\/2019\\\/04\\\/Bodega-Ribera-7.jpg\",\"width\":1200,\"height\":801,\"caption\":\"Bodega D.O. Ribera del Duero\"},{\"@type\":\"BreadcrumbList\",\"@id\":\"https:\\\/\\\/www.bodegasprotos.com\\\/es\\\/en-portada\\\/bodegas-protos-inaugura-la-temporada-de-enoturismo-con-visitas-gratuitas-al-sector-de-la-hosteleria\\\/#breadcrumb\",\"itemListElement\":[{\"@type\":\"ListItem\",\"position\":1,\"name\":\"Portada\",\"item\":\"https:\\\/\\\/www.bodegasprotos.com\\\/es\\\/\"},{\"@type\":\"ListItem\",\"position\":2,\"name\":\"Bodegas Protos inaugura la temporada de Enoturismo con visitas gratuitas al sector de la hosteler\u00eda\"}]},{\"@type\":\"WebSite\",\"@id\":\"https:\\\/\\\/www.bodegasprotos.com\\\/es\\\/#website\",\"url\":\"https:\\\/\\\/www.bodegasprotos.com\\\/es\\\/\",\"name\":\"Bodegas Protos\",\"description\":\"Vinos de la Denominaci\u00f3n de Origen Ribera del Duero, Rueda y Cigales\",\"publisher\":{\"@id\":\"https:\\\/\\\/www.bodegasprotos.com\\\/es\\\/#organization\"},\"potentialAction\":[{\"@type\":\"SearchAction\",\"target\":{\"@type\":\"EntryPoint\",\"urlTemplate\":\"https:\\\/\\\/www.bodegasprotos.com\\\/es\\\/?s={search_term_string}\"},\"query-input\":{\"@type\":\"PropertyValueSpecification\",\"valueRequired\":true,\"valueName\":\"search_term_string\"}}],\"inLanguage\":\"es\"},{\"@type\":\"Organization\",\"@id\":\"https:\\\/\\\/www.bodegasprotos.com\\\/es\\\/#organization\",\"name\":\"Bodegas Protos\",\"url\":\"https:\\\/\\\/www.bodegasprotos.com\\\/es\\\/\",\"logo\":{\"@type\":\"ImageObject\",\"inLanguage\":\"es\",\"@id\":\"https:\\\/\\\/www.bodegasprotos.com\\\/es\\\/#\\\/schema\\\/logo\\\/image\\\/\",\"url\":\"https:\\\/\\\/www.bodegasprotos.com\\\/wp-content\\\/uploads\\\/2024\\\/06\\\/PROTOS-LOGOS-VERSIONES-13.png\",\"contentUrl\":\"https:\\\/\\\/www.bodegasprotos.com\\\/wp-content\\\/uploads\\\/2024\\\/06\\\/PROTOS-LOGOS-VERSIONES-13.png\",\"width\":2362,\"height\":2362,\"caption\":\"Bodegas Protos\"},\"image\":{\"@id\":\"https:\\\/\\\/www.bodegasprotos.com\\\/es\\\/#\\\/schema\\\/logo\\\/image\\\/\"},\"sameAs\":[\"https:\\\/\\\/www.facebook.com\\\/BodegasProtos\",\"https:\\\/\\\/x.com\\\/Bodegas_Protos\",\"https:\\\/\\\/www.instagram.com\\\/bodegasprotosoficial\\\/\",\"https:\\\/\\\/www.linkedin.com\\\/company\\\/bodegasprotos\\\/\",\"https:\\\/\\\/pinterest.com\\\/BodegasProtos\\\/\",\"http:\\\/\\\/www.youtube.com\\\/user\\\/BodegasProtos\",\"https:\\\/\\\/es.wikipedia.org\\\/wiki\\\/Bodegas_Protos\"]},{\"@type\":\"Person\",\"@id\":\"https:\\\/\\\/www.bodegasprotos.com\\\/es\\\/#\\\/schema\\\/person\\\/6cb69a08afa14171755cee0df7d20027\",\"name\":\"Bodegas Protos (F)\",\"image\":{\"@type\":\"ImageObject\",\"inLanguage\":\"es\",\"@id\":\"https:\\\/\\\/secure.gravatar.com\\\/avatar\\\/cc613a9fd2ee203f402357c1b4aa2b7c041016cbf1eab1e41bde410b2ebd7f94?s=96&d=mm&r=g\",\"url\":\"https:\\\/\\\/secure.gravatar.com\\\/avatar\\\/cc613a9fd2ee203f402357c1b4aa2b7c041016cbf1eab1e41bde410b2ebd7f94?s=96&d=mm&r=g\",\"contentUrl\":\"https:\\\/\\\/secure.gravatar.com\\\/avatar\\\/cc613a9fd2ee203f402357c1b4aa2b7c041016cbf1eab1e41bde410b2ebd7f94?s=96&d=mm&r=g\",\"caption\":\"Bodegas Protos (F)\"},\"sameAs\":[\"https:\\\/\\\/www.bodegasprotos.com\"]}]}<\/script>\n<!-- \/ Yoast SEO plugin. -->","yoast_head_json":{"title":"Bodegas Protos inaugura la temporada de Enoturismo con visitas gratuitas al sector de la hosteler\u00eda - Bodegas Protos","description":"La bodega de Ribera de Duero mantiene su compromiso con el sector hostelero sumando esta acci\u00f3n a la iniciativa en vigor \u201cCaja Solidaria\u201d, por la que se","robots":{"index":"index","follow":"follow","max-snippet":"max-snippet:-1","max-image-preview":"max-image-preview:large","max-video-preview":"max-video-preview:-1"},"canonical":"https:\/\/www.bodegasprotos.com\/es\/en-portada\/bodegas-protos-inaugura-la-temporada-de-enoturismo-con-visitas-gratuitas-al-sector-de-la-hosteleria\/","og_locale":"es_ES","og_type":"article","og_title":"Bodegas Protos inaugura la temporada de Enoturismo con visitas gratuitas al sector de la hosteler\u00eda - Bodegas Protos","og_description":"La bodega de Ribera de Duero mantiene su compromiso con el sector hostelero sumando esta acci\u00f3n a la iniciativa en vigor \u201cCaja Solidaria\u201d, por la que se","og_url":"https:\/\/www.bodegasprotos.com\/es\/en-portada\/bodegas-protos-inaugura-la-temporada-de-enoturismo-con-visitas-gratuitas-al-sector-de-la-hosteleria\/","og_site_name":"Bodegas Protos","article_publisher":"https:\/\/www.facebook.com\/BodegasProtos","article_published_time":"2021-03-10T08:08:57+00:00","og_image":[{"width":1200,"height":801,"url":"https:\/\/www.bodegasprotos.com\/wp-content\/uploads\/2019\/04\/Bodega-Ribera-7.jpg","type":"image\/jpeg"}],"author":"Bodegas Protos (F)","twitter_card":"summary_large_image","twitter_creator":"@Bodegas_Protos","twitter_site":"@Bodegas_Protos","twitter_misc":{"Escrito por":"Bodegas Protos (F)","Tiempo de lectura":"2 minutos"},"schema":{"@context":"https:\/\/schema.org","@graph":[{"@type":"Article","@id":"https:\/\/www.bodegasprotos.com\/es\/en-portada\/bodegas-protos-inaugura-la-temporada-de-enoturismo-con-visitas-gratuitas-al-sector-de-la-hosteleria\/#article","isPartOf":{"@id":"https:\/\/www.bodegasprotos.com\/es\/en-portada\/bodegas-protos-inaugura-la-temporada-de-enoturismo-con-visitas-gratuitas-al-sector-de-la-hosteleria\/"},"author":{"name":"Bodegas Protos (F)","@id":"https:\/\/www.bodegasprotos.com\/es\/#\/schema\/person\/6cb69a08afa14171755cee0df7d20027"},"headline":"Bodegas Protos inaugura la temporada de Enoturismo con visitas gratuitas al sector de la hosteler\u00eda","datePublished":"2021-03-10T08:08:57+00:00","mainEntityOfPage":{"@id":"https:\/\/www.bodegasprotos.com\/es\/en-portada\/bodegas-protos-inaugura-la-temporada-de-enoturismo-con-visitas-gratuitas-al-sector-de-la-hosteleria\/"},"wordCount":344,"publisher":{"@id":"https:\/\/www.bodegasprotos.com\/es\/#organization"},"image":{"@id":"https:\/\/www.bodegasprotos.com\/es\/en-portada\/bodegas-protos-inaugura-la-temporada-de-enoturismo-con-visitas-gratuitas-al-sector-de-la-hosteleria\/#primaryimage"},"thumbnailUrl":"https:\/\/www.bodegasprotos.com\/wp-content\/uploads\/2019\/04\/Bodega-Ribera-7.jpg","articleSection":["En portada","Notas de Prensa"],"inLanguage":"es"},{"@type":"WebPage","@id":"https:\/\/www.bodegasprotos.com\/es\/en-portada\/bodegas-protos-inaugura-la-temporada-de-enoturismo-con-visitas-gratuitas-al-sector-de-la-hosteleria\/","url":"https:\/\/www.bodegasprotos.com\/es\/en-portada\/bodegas-protos-inaugura-la-temporada-de-enoturismo-con-visitas-gratuitas-al-sector-de-la-hosteleria\/","name":"Bodegas Protos inaugura la temporada de Enoturismo con visitas gratuitas al sector de la hosteler\u00eda - Bodegas Protos","isPartOf":{"@id":"https:\/\/www.bodegasprotos.com\/es\/#website"},"primaryImageOfPage":{"@id":"https:\/\/www.bodegasprotos.com\/es\/en-portada\/bodegas-protos-inaugura-la-temporada-de-enoturismo-con-visitas-gratuitas-al-sector-de-la-hosteleria\/#primaryimage"},"image":{"@id":"https:\/\/www.bodegasprotos.com\/es\/en-portada\/bodegas-protos-inaugura-la-temporada-de-enoturismo-con-visitas-gratuitas-al-sector-de-la-hosteleria\/#primaryimage"},"thumbnailUrl":"https:\/\/www.bodegasprotos.com\/wp-content\/uploads\/2019\/04\/Bodega-Ribera-7.jpg","datePublished":"2021-03-10T08:08:57+00:00","description":"La bodega de Ribera de Duero mantiene su compromiso con el sector hostelero sumando esta acci\u00f3n a la iniciativa en vigor \u201cCaja Solidaria\u201d, por la que se","breadcrumb":{"@id":"https:\/\/www.bodegasprotos.com\/es\/en-portada\/bodegas-protos-inaugura-la-temporada-de-enoturismo-con-visitas-gratuitas-al-sector-de-la-hosteleria\/#breadcrumb"},"inLanguage":"es","potentialAction":[{"@type":"ReadAction","target":["https:\/\/www.bodegasprotos.com\/es\/en-portada\/bodegas-protos-inaugura-la-temporada-de-enoturismo-con-visitas-gratuitas-al-sector-de-la-hosteleria\/"]}]},{"@type":"ImageObject","inLanguage":"es","@id":"https:\/\/www.bodegasprotos.com\/es\/en-portada\/bodegas-protos-inaugura-la-temporada-de-enoturismo-con-visitas-gratuitas-al-sector-de-la-hosteleria\/#primaryimage","url":"https:\/\/www.bodegasprotos.com\/wp-content\/uploads\/2019\/04\/Bodega-Ribera-7.jpg","contentUrl":"https:\/\/www.bodegasprotos.com\/wp-content\/uploads\/2019\/04\/Bodega-Ribera-7.jpg","width":1200,"height":801,"caption":"Bodega D.O. Ribera del Duero"},{"@type":"BreadcrumbList","@id":"https:\/\/www.bodegasprotos.com\/es\/en-portada\/bodegas-protos-inaugura-la-temporada-de-enoturismo-con-visitas-gratuitas-al-sector-de-la-hosteleria\/#breadcrumb","itemListElement":[{"@type":"ListItem","position":1,"name":"Portada","item":"https:\/\/www.bodegasprotos.com\/es\/"},{"@type":"ListItem","position":2,"name":"Bodegas Protos inaugura la temporada de Enoturismo con visitas gratuitas al sector de la hosteler\u00eda"}]},{"@type":"WebSite","@id":"https:\/\/www.bodegasprotos.com\/es\/#website","url":"https:\/\/www.bodegasprotos.com\/es\/","name":"Bodegas Protos","description":"Vinos de la Denominaci\u00f3n de Origen Ribera del Duero, Rueda y Cigales","publisher":{"@id":"https:\/\/www.bodegasprotos.com\/es\/#organization"},"potentialAction":[{"@type":"SearchAction","target":{"@type":"EntryPoint","urlTemplate":"https:\/\/www.bodegasprotos.com\/es\/?s={search_term_string}"},"query-input":{"@type":"PropertyValueSpecification","valueRequired":true,"valueName":"search_term_string"}}],"inLanguage":"es"},{"@type":"Organization","@id":"https:\/\/www.bodegasprotos.com\/es\/#organization","name":"Bodegas Protos","url":"https:\/\/www.bodegasprotos.com\/es\/","logo":{"@type":"ImageObject","inLanguage":"es","@id":"https:\/\/www.bodegasprotos.com\/es\/#\/schema\/logo\/image\/","url":"https:\/\/www.bodegasprotos.com\/wp-content\/uploads\/2024\/06\/PROTOS-LOGOS-VERSIONES-13.png","contentUrl":"https:\/\/www.bodegasprotos.com\/wp-content\/uploads\/2024\/06\/PROTOS-LOGOS-VERSIONES-13.png","width":2362,"height":2362,"caption":"Bodegas Protos"},"image":{"@id":"https:\/\/www.bodegasprotos.com\/es\/#\/schema\/logo\/image\/"},"sameAs":["https:\/\/www.facebook.com\/BodegasProtos","https:\/\/x.com\/Bodegas_Protos","https:\/\/www.instagram.com\/bodegasprotosoficial\/","https:\/\/www.linkedin.com\/company\/bodegasprotos\/","https:\/\/pinterest.com\/BodegasProtos\/","http:\/\/www.youtube.com\/user\/BodegasProtos","https:\/\/es.wikipedia.org\/wiki\/Bodegas_Protos"]},{"@type":"Person","@id":"https:\/\/www.bodegasprotos.com\/es\/#\/schema\/person\/6cb69a08afa14171755cee0df7d20027","name":"Bodegas Protos (F)","image":{"@type":"ImageObject","inLanguage":"es","@id":"https:\/\/secure.gravatar.com\/avatar\/cc613a9fd2ee203f402357c1b4aa2b7c041016cbf1eab1e41bde410b2ebd7f94?s=96&d=mm&r=g","url":"https:\/\/secure.gravatar.com\/avatar\/cc613a9fd2ee203f402357c1b4aa2b7c041016cbf1eab1e41bde410b2ebd7f94?s=96&d=mm&r=g","contentUrl":"https:\/\/secure.gravatar.com\/avatar\/cc613a9fd2ee203f402357c1b4aa2b7c041016cbf1eab1e41bde410b2ebd7f94?s=96&d=mm&r=g","caption":"Bodegas Protos (F)"},"sameAs":["https:\/\/www.bodegasprotos.com"]}]}},"_links":{"self":[{"href":"https:\/\/www.bodegasprotos.com\/es\/wp-json\/wp\/v2\/posts\/30702","targetHints":{"allow":["GET"]}}],"collection":[{"href":"https:\/\/www.bodegasprotos.com\/es\/wp-json\/wp\/v2\/posts"}],"about":[{"href":"https:\/\/www.bodegasprotos.com\/es\/wp-json\/wp\/v2\/types\/post"}],"author":[{"embeddable":true,"href":"https:\/\/www.bodegasprotos.com\/es\/wp-json\/wp\/v2\/users\/3"}],"replies":[{"embeddable":true,"href":"https:\/\/www.bodegasprotos.com\/es\/wp-json\/wp\/v2\/comments?post=30702"}],"version-history":[{"count":0,"href":"https:\/\/www.bodegasprotos.com\/es\/wp-json\/wp\/v2\/posts\/30702\/revisions"}],"wp:featuredmedia":[{"embeddable":true,"href":"https:\/\/www.bodegasprotos.com\/es\/wp-json\/wp\/v2\/media\/17840"}],"wp:attachment":[{"href":"https:\/\/www.bodegasprotos.com\/es\/wp-json\/wp\/v2\/media?parent=30702"}],"wp:term":[{"taxonomy":"category","embeddable":true,"href":"https:\/\/www.bodegasprotos.com\/es\/wp-json\/wp\/v2\/categories?post=30702"},{"taxonomy":"post_tag","embeddable":true,"href":"https:\/\/www.bodegasprotos.com\/es\/wp-json\/wp\/v2\/tags?post=30702"}],"curies":[{"name":"wp","href":"https:\/\/api.w.org\/{rel}","templated":true}]}}