{"id":30624,"date":"2021-02-12T11:30:51","date_gmt":"2021-02-12T10:30:51","guid":{"rendered":"https:\/\/www.bodegasprotos.com\/?p=30624"},"modified":"2021-02-09T14:18:28","modified_gmt":"2021-02-09T13:18:28","slug":"ideas-para-crear-la-mesa-perfecta-en-san-valentin","status":"publish","type":"post","link":"https:\/\/www.bodegasprotos.com\/es\/blog\/ideas-para-crear-la-mesa-perfecta-en-san-valentin\/","title":{"rendered":"Ideas para crear la mesa perfecta en San Valent\u00edn"},"content":{"rendered":"<p>Se acerca San Valent\u00edn y aunque el amor es algo que se demuestra en lo cotidiano, es una fecha en la que queremos festejar con esa persona especial en nuestra vida.<\/p>\n<p>Es una ocasi\u00f3n que, frecuentemente, se ha celebrado en restaurantes o con experiencias culturales fuera de casa, pero este a\u00f1o, con una circunstancia complicada debido a la pandemia, lo celebraremos en casa.<\/p>\n<p>Os dejamos algunas ideas y consejos que Mar\u00eda Llamas, desde la tienda y escuela de cocina\u00a0 <a href=\"https:\/\/www.alambique.com\/\">Alambique<\/a>, nos ha dado para crear una experiencia muy especial.<\/p>\n<h2><strong>Sorprende a tu pareja<\/strong><\/h2>\n<p>&#8211; Saca tu vajilla bonita, copas buenas y mejor cuberter\u00eda. Limpia y repasa todo un par de d\u00edas antes.<\/p>\n<div id=\"attachment_30642\" style=\"width: 235px\" class=\"wp-caption aligncenter\"><img fetchpriority=\"high\" decoding=\"async\" aria-describedby=\"caption-attachment-30642\" class=\"size-medium wp-image-30642\" src=\"https:\/\/www.bodegasprotos.com\/wp-content\/uploads\/2021\/02\/IMG_5772-225x300.jpg\" alt=\"Mesa de San Valent\u00edn\" width=\"225\" height=\"300\" srcset=\"https:\/\/www.bodegasprotos.com\/wp-content\/uploads\/2021\/02\/IMG_5772-225x300.jpg 225w, https:\/\/www.bodegasprotos.com\/wp-content\/uploads\/2021\/02\/IMG_5772-768x1024.jpg 768w, https:\/\/www.bodegasprotos.com\/wp-content\/uploads\/2021\/02\/IMG_5772-1152x1536.jpg 1152w, https:\/\/www.bodegasprotos.com\/wp-content\/uploads\/2021\/02\/IMG_5772-1536x2048.jpg 1536w, https:\/\/www.bodegasprotos.com\/wp-content\/uploads\/2021\/02\/IMG_5772-scaled.jpg 1920w\" sizes=\"(max-width: 225px) 100vw, 225px\" \/><p id=\"caption-attachment-30642\" class=\"wp-caption-text\">Mesa de San Valent\u00edn<\/p><\/div>\n<p>&#8211; Un par de d\u00edas antes tambi\u00e9n compra unas bonitas flores o plantas para sal\u00f3n y mesa &#8211; no tienen porque ser rosas o rojas, cualquier flor que no huela y no sea muy alta adornar\u00e1 tu mesa y le dar\u00e1 ese aire especial. Ahora mismo en el campo, tambi\u00e9n, encontraras mucho verde que puede dar un toque especial sin romper presupuesto.<\/p>\n<p>&#8211; Planea tu men\u00fa y divi\u00e9rtete haci\u00e9ndolo &#8211; no te abrumes con platos complejos y que te pueden dejar agotado.\u00a0 Prepara algo que os guste a ambos que no suponga horas y horas en los fogones. \u00a0\u00a1Si a ambos os gusta cocinar es algo que pod\u00e9is hacer y disfrutar juntos!<\/p>\n<p>&#8211; \u00bfQu\u00e9 te apetece hacer algo tem\u00e1tico? \u00a1claro que s\u00ed! \u00bfOs apasiona el queso o esquiar y este a\u00f1o no ha sido posible? prepara una fondue para dos y adorna tu mesa con pinos y velas. \u00a1Os gusta el trekking y tampoco hab\u00e9is podido! Monta un picnic divertido de productos sibaritas en el sal\u00f3n o la terraza. \u00bfApasionados de Oriente?, un curry verde tailand\u00e9s. \u00bfo de Venecia? Un Bellini y un buen risotto. \u00a1No tiene por qu\u00e9 ser complicado!<\/p>\n<p>&#8211; En vez de tres platos sentados en la mesa, \u00bfpor qu\u00e9 no algo m\u00e1s informal? un c\u00f3ctel divertido con unos aperitivos sorprendentes, un plato principal y un dulce.<\/p>\n<p>&#8211; No elijas platos que requieran muchos pasos de ultimo minuto. Fre\u00edr es algo de ultimo minuto para que resulte delicioso y ligero. Salpicaduras de aceite en el atuendo y el olor a fritura no son lo mas favorecedor.<\/p>\n<p>&#8211; \u00a0Ay\u00fadate y ap\u00f3yate en productos gourmet, presentados de cine. Elige algo que os guste a ambos, ad\u00f3rnalo y v\u00edstelo de gala.\u00a0Por ejemplo, compra esos panes, colines, rega\u00f1as y dem\u00e1s tipos de panes secos divertidos y que, quiz\u00e1, habitualmente no compras, para acompa\u00f1ar una tabla de quesos gourmet opulenta con datiles, nueces, apio, uvas\u2026 Compra un postre, un helado artesano o unos bombones de una buena chocolater\u00eda artesana como <a href=\"https:\/\/24onzas.com\/\">24onzas<\/a> o la tienda de <a href=\"http:\/\/Isabelmaestre.com\">Isabel Maestre<\/a> o tu tienda gourmet favorita.<\/p>\n<p>&#8211; No estamos muy convencidos de los productos llamados <em>afrodis\u00edacos<\/em>. Lo que, realmente, es afrodis\u00edaco es que hayas pensado en lo que le gusta a tu pareja y hayas creado un ambiente c\u00e1lido y especial. La m\u00fasica e iluminaci\u00f3n tambi\u00e9n tienen su papel, creando ambiente no los olvides.<\/p>\n<p>&#8211; Enfr\u00eda tu <a href=\"https:\/\/www.bodegasprotos.com\/es\/vino\/verdejo\/\">Protos Verdejo<\/a> y tu <a href=\"https:\/\/www.bodegasprotos.com\/es\/vino\/clarete\/\">Protos Clarete<\/a> y prepara una cubitera para mantenerlos a la temperatura perfecta.<\/p>\n<div id=\"attachment_30640\" style=\"width: 310px\" class=\"wp-caption aligncenter\"><img decoding=\"async\" aria-describedby=\"caption-attachment-30640\" class=\"size-medium wp-image-30640\" src=\"https:\/\/www.bodegasprotos.com\/wp-content\/uploads\/2021\/02\/IMG_5728-300x225.jpg\" alt=\"Mesa de San Valent\u00edn\" width=\"300\" height=\"225\" srcset=\"https:\/\/www.bodegasprotos.com\/wp-content\/uploads\/2021\/02\/IMG_5728-300x225.jpg 300w, https:\/\/www.bodegasprotos.com\/wp-content\/uploads\/2021\/02\/IMG_5728-1024x768.jpg 1024w, https:\/\/www.bodegasprotos.com\/wp-content\/uploads\/2021\/02\/IMG_5728-768x576.jpg 768w, https:\/\/www.bodegasprotos.com\/wp-content\/uploads\/2021\/02\/IMG_5728-1536x1152.jpg 1536w, https:\/\/www.bodegasprotos.com\/wp-content\/uploads\/2021\/02\/IMG_5728-2048x1536.jpg 2048w\" sizes=\"(max-width: 300px) 100vw, 300px\" \/><p id=\"caption-attachment-30640\" class=\"wp-caption-text\">Mesa de San Valent\u00edn<\/p><\/div>\n<p>&#8211; Ponte Guapa\/guapo, es una celebraci\u00f3n para ambos y p\u00e1salo bien \u00a1Este es vuestro momento para disfrutar!<\/p>\n","protected":false},"excerpt":{"rendered":"<p>Se acerca San Valent\u00edn y aunque el amor es algo que se demuestra en lo cotidiano, es una&#8230;<\/p>\n","protected":false},"author":3,"featured_media":30638,"comment_status":"closed","ping_status":"closed","sticky":false,"template":"","format":"standard","meta":{"_acf_changed":false,"footnotes":""},"categories":[87],"tags":[],"class_list":["post-30624","post","type-post","status-publish","format-standard","has-post-thumbnail","hentry","category-blog"],"acf":[],"yoast_head":"<!-- This site is optimized with the Yoast SEO plugin v27.5 - https:\/\/yoast.com\/product\/yoast-seo-wordpress\/ -->\n<title>Ideas para crear la mesa perfecta en San Valent\u00edn - Bodegas Protos<\/title>\n<meta name=\"description\" content=\"Se acerca San Valent\u00edn y aunque el amor es algo que se demuestra en lo cotidiano, es una fecha en la que queremos festejar con esa persona especial en\" \/>\n<meta name=\"robots\" content=\"index, follow, max-snippet:-1, max-image-preview:large, max-video-preview:-1\" \/>\n<link rel=\"canonical\" href=\"https:\/\/www.bodegasprotos.com\/es\/blog\/ideas-para-crear-la-mesa-perfecta-en-san-valentin\/\" \/>\n<meta property=\"og:locale\" content=\"es_ES\" \/>\n<meta property=\"og:type\" content=\"article\" \/>\n<meta property=\"og:title\" content=\"Ideas para crear la mesa perfecta en San Valent\u00edn - Bodegas Protos\" \/>\n<meta property=\"og:description\" content=\"Se acerca San Valent\u00edn y aunque el amor es algo que se demuestra en lo cotidiano, es una fecha en la que queremos festejar con esa persona especial en\" \/>\n<meta property=\"og:url\" content=\"https:\/\/www.bodegasprotos.com\/es\/blog\/ideas-para-crear-la-mesa-perfecta-en-san-valentin\/\" \/>\n<meta property=\"og:site_name\" content=\"Bodegas Protos\" \/>\n<meta property=\"article:publisher\" content=\"https:\/\/www.facebook.com\/BodegasProtos\" \/>\n<meta property=\"article:published_time\" content=\"2021-02-12T10:30:51+00:00\" \/>\n<meta property=\"og:image\" content=\"https:\/\/www.bodegasprotos.com\/wp-content\/uploads\/2021\/02\/IMG_5725-scaled.jpg\" \/>\n\t<meta property=\"og:image:width\" content=\"2560\" \/>\n\t<meta property=\"og:image:height\" content=\"1920\" \/>\n\t<meta property=\"og:image:type\" content=\"image\/jpeg\" \/>\n<meta name=\"author\" content=\"Bodegas Protos (F)\" \/>\n<meta name=\"twitter:card\" content=\"summary_large_image\" \/>\n<meta name=\"twitter:creator\" content=\"@Bodegas_Protos\" \/>\n<meta name=\"twitter:site\" content=\"@Bodegas_Protos\" \/>\n<meta name=\"twitter:label1\" content=\"Escrito por\" \/>\n\t<meta name=\"twitter:data1\" content=\"Bodegas Protos (F)\" \/>\n\t<meta name=\"twitter:label2\" content=\"Tiempo de lectura\" \/>\n\t<meta name=\"twitter:data2\" content=\"3 minutos\" \/>\n<script type=\"application\/ld+json\" class=\"yoast-schema-graph\">{\"@context\":\"https:\\\/\\\/schema.org\",\"@graph\":[{\"@type\":\"Article\",\"@id\":\"https:\\\/\\\/www.bodegasprotos.com\\\/es\\\/blog\\\/ideas-para-crear-la-mesa-perfecta-en-san-valentin\\\/#article\",\"isPartOf\":{\"@id\":\"https:\\\/\\\/www.bodegasprotos.com\\\/es\\\/blog\\\/ideas-para-crear-la-mesa-perfecta-en-san-valentin\\\/\"},\"author\":{\"name\":\"Bodegas Protos (F)\",\"@id\":\"https:\\\/\\\/www.bodegasprotos.com\\\/es\\\/#\\\/schema\\\/person\\\/6cb69a08afa14171755cee0df7d20027\"},\"headline\":\"Ideas para crear la mesa perfecta en San Valent\u00edn\",\"datePublished\":\"2021-02-12T10:30:51+00:00\",\"mainEntityOfPage\":{\"@id\":\"https:\\\/\\\/www.bodegasprotos.com\\\/es\\\/blog\\\/ideas-para-crear-la-mesa-perfecta-en-san-valentin\\\/\"},\"wordCount\":610,\"publisher\":{\"@id\":\"https:\\\/\\\/www.bodegasprotos.com\\\/es\\\/#organization\"},\"image\":{\"@id\":\"https:\\\/\\\/www.bodegasprotos.com\\\/es\\\/blog\\\/ideas-para-crear-la-mesa-perfecta-en-san-valentin\\\/#primaryimage\"},\"thumbnailUrl\":\"https:\\\/\\\/www.bodegasprotos.com\\\/wp-content\\\/uploads\\\/2021\\\/02\\\/IMG_5725-scaled.jpg\",\"articleSection\":[\"Blog\"],\"inLanguage\":\"es\"},{\"@type\":\"WebPage\",\"@id\":\"https:\\\/\\\/www.bodegasprotos.com\\\/es\\\/blog\\\/ideas-para-crear-la-mesa-perfecta-en-san-valentin\\\/\",\"url\":\"https:\\\/\\\/www.bodegasprotos.com\\\/es\\\/blog\\\/ideas-para-crear-la-mesa-perfecta-en-san-valentin\\\/\",\"name\":\"Ideas para crear la mesa perfecta en San Valent\u00edn - Bodegas Protos\",\"isPartOf\":{\"@id\":\"https:\\\/\\\/www.bodegasprotos.com\\\/es\\\/#website\"},\"primaryImageOfPage\":{\"@id\":\"https:\\\/\\\/www.bodegasprotos.com\\\/es\\\/blog\\\/ideas-para-crear-la-mesa-perfecta-en-san-valentin\\\/#primaryimage\"},\"image\":{\"@id\":\"https:\\\/\\\/www.bodegasprotos.com\\\/es\\\/blog\\\/ideas-para-crear-la-mesa-perfecta-en-san-valentin\\\/#primaryimage\"},\"thumbnailUrl\":\"https:\\\/\\\/www.bodegasprotos.com\\\/wp-content\\\/uploads\\\/2021\\\/02\\\/IMG_5725-scaled.jpg\",\"datePublished\":\"2021-02-12T10:30:51+00:00\",\"description\":\"Se acerca San Valent\u00edn y aunque el amor es algo que se demuestra en lo cotidiano, es una fecha en la que queremos festejar con esa persona especial en\",\"breadcrumb\":{\"@id\":\"https:\\\/\\\/www.bodegasprotos.com\\\/es\\\/blog\\\/ideas-para-crear-la-mesa-perfecta-en-san-valentin\\\/#breadcrumb\"},\"inLanguage\":\"es\",\"potentialAction\":[{\"@type\":\"ReadAction\",\"target\":[\"https:\\\/\\\/www.bodegasprotos.com\\\/es\\\/blog\\\/ideas-para-crear-la-mesa-perfecta-en-san-valentin\\\/\"]}]},{\"@type\":\"ImageObject\",\"inLanguage\":\"es\",\"@id\":\"https:\\\/\\\/www.bodegasprotos.com\\\/es\\\/blog\\\/ideas-para-crear-la-mesa-perfecta-en-san-valentin\\\/#primaryimage\",\"url\":\"https:\\\/\\\/www.bodegasprotos.com\\\/wp-content\\\/uploads\\\/2021\\\/02\\\/IMG_5725-scaled.jpg\",\"contentUrl\":\"https:\\\/\\\/www.bodegasprotos.com\\\/wp-content\\\/uploads\\\/2021\\\/02\\\/IMG_5725-scaled.jpg\",\"width\":2560,\"height\":1920,\"caption\":\"Mesa para San Valentin\"},{\"@type\":\"BreadcrumbList\",\"@id\":\"https:\\\/\\\/www.bodegasprotos.com\\\/es\\\/blog\\\/ideas-para-crear-la-mesa-perfecta-en-san-valentin\\\/#breadcrumb\",\"itemListElement\":[{\"@type\":\"ListItem\",\"position\":1,\"name\":\"Portada\",\"item\":\"https:\\\/\\\/www.bodegasprotos.com\\\/es\\\/\"},{\"@type\":\"ListItem\",\"position\":2,\"name\":\"Ideas para crear la mesa perfecta en San Valent\u00edn\"}]},{\"@type\":\"WebSite\",\"@id\":\"https:\\\/\\\/www.bodegasprotos.com\\\/es\\\/#website\",\"url\":\"https:\\\/\\\/www.bodegasprotos.com\\\/es\\\/\",\"name\":\"Bodegas Protos\",\"description\":\"Vinos de la Denominaci\u00f3n de Origen Ribera del Duero, Rueda y Cigales\",\"publisher\":{\"@id\":\"https:\\\/\\\/www.bodegasprotos.com\\\/es\\\/#organization\"},\"potentialAction\":[{\"@type\":\"SearchAction\",\"target\":{\"@type\":\"EntryPoint\",\"urlTemplate\":\"https:\\\/\\\/www.bodegasprotos.com\\\/es\\\/?s={search_term_string}\"},\"query-input\":{\"@type\":\"PropertyValueSpecification\",\"valueRequired\":true,\"valueName\":\"search_term_string\"}}],\"inLanguage\":\"es\"},{\"@type\":\"Organization\",\"@id\":\"https:\\\/\\\/www.bodegasprotos.com\\\/es\\\/#organization\",\"name\":\"Bodegas Protos\",\"url\":\"https:\\\/\\\/www.bodegasprotos.com\\\/es\\\/\",\"logo\":{\"@type\":\"ImageObject\",\"inLanguage\":\"es\",\"@id\":\"https:\\\/\\\/www.bodegasprotos.com\\\/es\\\/#\\\/schema\\\/logo\\\/image\\\/\",\"url\":\"https:\\\/\\\/www.bodegasprotos.com\\\/wp-content\\\/uploads\\\/2024\\\/06\\\/PROTOS-LOGOS-VERSIONES-13.png\",\"contentUrl\":\"https:\\\/\\\/www.bodegasprotos.com\\\/wp-content\\\/uploads\\\/2024\\\/06\\\/PROTOS-LOGOS-VERSIONES-13.png\",\"width\":2362,\"height\":2362,\"caption\":\"Bodegas Protos\"},\"image\":{\"@id\":\"https:\\\/\\\/www.bodegasprotos.com\\\/es\\\/#\\\/schema\\\/logo\\\/image\\\/\"},\"sameAs\":[\"https:\\\/\\\/www.facebook.com\\\/BodegasProtos\",\"https:\\\/\\\/x.com\\\/Bodegas_Protos\",\"https:\\\/\\\/www.instagram.com\\\/bodegasprotosoficial\\\/\",\"https:\\\/\\\/www.linkedin.com\\\/company\\\/bodegasprotos\\\/\",\"https:\\\/\\\/pinterest.com\\\/BodegasProtos\\\/\",\"http:\\\/\\\/www.youtube.com\\\/user\\\/BodegasProtos\",\"https:\\\/\\\/es.wikipedia.org\\\/wiki\\\/Bodegas_Protos\"]},{\"@type\":\"Person\",\"@id\":\"https:\\\/\\\/www.bodegasprotos.com\\\/es\\\/#\\\/schema\\\/person\\\/6cb69a08afa14171755cee0df7d20027\",\"name\":\"Bodegas Protos (F)\",\"image\":{\"@type\":\"ImageObject\",\"inLanguage\":\"es\",\"@id\":\"https:\\\/\\\/secure.gravatar.com\\\/avatar\\\/cc613a9fd2ee203f402357c1b4aa2b7c041016cbf1eab1e41bde410b2ebd7f94?s=96&d=mm&r=g\",\"url\":\"https:\\\/\\\/secure.gravatar.com\\\/avatar\\\/cc613a9fd2ee203f402357c1b4aa2b7c041016cbf1eab1e41bde410b2ebd7f94?s=96&d=mm&r=g\",\"contentUrl\":\"https:\\\/\\\/secure.gravatar.com\\\/avatar\\\/cc613a9fd2ee203f402357c1b4aa2b7c041016cbf1eab1e41bde410b2ebd7f94?s=96&d=mm&r=g\",\"caption\":\"Bodegas Protos (F)\"},\"sameAs\":[\"https:\\\/\\\/www.bodegasprotos.com\"]}]}<\/script>\n<!-- \/ Yoast SEO plugin. -->","yoast_head_json":{"title":"Ideas para crear la mesa perfecta en San Valent\u00edn - Bodegas Protos","description":"Se acerca San Valent\u00edn y aunque el amor es algo que se demuestra en lo cotidiano, es una fecha en la que queremos festejar con esa persona especial en","robots":{"index":"index","follow":"follow","max-snippet":"max-snippet:-1","max-image-preview":"max-image-preview:large","max-video-preview":"max-video-preview:-1"},"canonical":"https:\/\/www.bodegasprotos.com\/es\/blog\/ideas-para-crear-la-mesa-perfecta-en-san-valentin\/","og_locale":"es_ES","og_type":"article","og_title":"Ideas para crear la mesa perfecta en San Valent\u00edn - Bodegas Protos","og_description":"Se acerca San Valent\u00edn y aunque el amor es algo que se demuestra en lo cotidiano, es una fecha en la que queremos festejar con esa persona especial en","og_url":"https:\/\/www.bodegasprotos.com\/es\/blog\/ideas-para-crear-la-mesa-perfecta-en-san-valentin\/","og_site_name":"Bodegas Protos","article_publisher":"https:\/\/www.facebook.com\/BodegasProtos","article_published_time":"2021-02-12T10:30:51+00:00","og_image":[{"width":2560,"height":1920,"url":"https:\/\/www.bodegasprotos.com\/wp-content\/uploads\/2021\/02\/IMG_5725-scaled.jpg","type":"image\/jpeg"}],"author":"Bodegas Protos (F)","twitter_card":"summary_large_image","twitter_creator":"@Bodegas_Protos","twitter_site":"@Bodegas_Protos","twitter_misc":{"Escrito por":"Bodegas Protos (F)","Tiempo de lectura":"3 minutos"},"schema":{"@context":"https:\/\/schema.org","@graph":[{"@type":"Article","@id":"https:\/\/www.bodegasprotos.com\/es\/blog\/ideas-para-crear-la-mesa-perfecta-en-san-valentin\/#article","isPartOf":{"@id":"https:\/\/www.bodegasprotos.com\/es\/blog\/ideas-para-crear-la-mesa-perfecta-en-san-valentin\/"},"author":{"name":"Bodegas Protos (F)","@id":"https:\/\/www.bodegasprotos.com\/es\/#\/schema\/person\/6cb69a08afa14171755cee0df7d20027"},"headline":"Ideas para crear la mesa perfecta en San Valent\u00edn","datePublished":"2021-02-12T10:30:51+00:00","mainEntityOfPage":{"@id":"https:\/\/www.bodegasprotos.com\/es\/blog\/ideas-para-crear-la-mesa-perfecta-en-san-valentin\/"},"wordCount":610,"publisher":{"@id":"https:\/\/www.bodegasprotos.com\/es\/#organization"},"image":{"@id":"https:\/\/www.bodegasprotos.com\/es\/blog\/ideas-para-crear-la-mesa-perfecta-en-san-valentin\/#primaryimage"},"thumbnailUrl":"https:\/\/www.bodegasprotos.com\/wp-content\/uploads\/2021\/02\/IMG_5725-scaled.jpg","articleSection":["Blog"],"inLanguage":"es"},{"@type":"WebPage","@id":"https:\/\/www.bodegasprotos.com\/es\/blog\/ideas-para-crear-la-mesa-perfecta-en-san-valentin\/","url":"https:\/\/www.bodegasprotos.com\/es\/blog\/ideas-para-crear-la-mesa-perfecta-en-san-valentin\/","name":"Ideas para crear la mesa perfecta en San Valent\u00edn - Bodegas Protos","isPartOf":{"@id":"https:\/\/www.bodegasprotos.com\/es\/#website"},"primaryImageOfPage":{"@id":"https:\/\/www.bodegasprotos.com\/es\/blog\/ideas-para-crear-la-mesa-perfecta-en-san-valentin\/#primaryimage"},"image":{"@id":"https:\/\/www.bodegasprotos.com\/es\/blog\/ideas-para-crear-la-mesa-perfecta-en-san-valentin\/#primaryimage"},"thumbnailUrl":"https:\/\/www.bodegasprotos.com\/wp-content\/uploads\/2021\/02\/IMG_5725-scaled.jpg","datePublished":"2021-02-12T10:30:51+00:00","description":"Se acerca San Valent\u00edn y aunque el amor es algo que se demuestra en lo cotidiano, es una fecha en la que queremos festejar con esa persona especial en","breadcrumb":{"@id":"https:\/\/www.bodegasprotos.com\/es\/blog\/ideas-para-crear-la-mesa-perfecta-en-san-valentin\/#breadcrumb"},"inLanguage":"es","potentialAction":[{"@type":"ReadAction","target":["https:\/\/www.bodegasprotos.com\/es\/blog\/ideas-para-crear-la-mesa-perfecta-en-san-valentin\/"]}]},{"@type":"ImageObject","inLanguage":"es","@id":"https:\/\/www.bodegasprotos.com\/es\/blog\/ideas-para-crear-la-mesa-perfecta-en-san-valentin\/#primaryimage","url":"https:\/\/www.bodegasprotos.com\/wp-content\/uploads\/2021\/02\/IMG_5725-scaled.jpg","contentUrl":"https:\/\/www.bodegasprotos.com\/wp-content\/uploads\/2021\/02\/IMG_5725-scaled.jpg","width":2560,"height":1920,"caption":"Mesa para San Valentin"},{"@type":"BreadcrumbList","@id":"https:\/\/www.bodegasprotos.com\/es\/blog\/ideas-para-crear-la-mesa-perfecta-en-san-valentin\/#breadcrumb","itemListElement":[{"@type":"ListItem","position":1,"name":"Portada","item":"https:\/\/www.bodegasprotos.com\/es\/"},{"@type":"ListItem","position":2,"name":"Ideas para crear la mesa perfecta en San Valent\u00edn"}]},{"@type":"WebSite","@id":"https:\/\/www.bodegasprotos.com\/es\/#website","url":"https:\/\/www.bodegasprotos.com\/es\/","name":"Bodegas Protos","description":"Vinos de la Denominaci\u00f3n de Origen Ribera del Duero, Rueda y Cigales","publisher":{"@id":"https:\/\/www.bodegasprotos.com\/es\/#organization"},"potentialAction":[{"@type":"SearchAction","target":{"@type":"EntryPoint","urlTemplate":"https:\/\/www.bodegasprotos.com\/es\/?s={search_term_string}"},"query-input":{"@type":"PropertyValueSpecification","valueRequired":true,"valueName":"search_term_string"}}],"inLanguage":"es"},{"@type":"Organization","@id":"https:\/\/www.bodegasprotos.com\/es\/#organization","name":"Bodegas Protos","url":"https:\/\/www.bodegasprotos.com\/es\/","logo":{"@type":"ImageObject","inLanguage":"es","@id":"https:\/\/www.bodegasprotos.com\/es\/#\/schema\/logo\/image\/","url":"https:\/\/www.bodegasprotos.com\/wp-content\/uploads\/2024\/06\/PROTOS-LOGOS-VERSIONES-13.png","contentUrl":"https:\/\/www.bodegasprotos.com\/wp-content\/uploads\/2024\/06\/PROTOS-LOGOS-VERSIONES-13.png","width":2362,"height":2362,"caption":"Bodegas Protos"},"image":{"@id":"https:\/\/www.bodegasprotos.com\/es\/#\/schema\/logo\/image\/"},"sameAs":["https:\/\/www.facebook.com\/BodegasProtos","https:\/\/x.com\/Bodegas_Protos","https:\/\/www.instagram.com\/bodegasprotosoficial\/","https:\/\/www.linkedin.com\/company\/bodegasprotos\/","https:\/\/pinterest.com\/BodegasProtos\/","http:\/\/www.youtube.com\/user\/BodegasProtos","https:\/\/es.wikipedia.org\/wiki\/Bodegas_Protos"]},{"@type":"Person","@id":"https:\/\/www.bodegasprotos.com\/es\/#\/schema\/person\/6cb69a08afa14171755cee0df7d20027","name":"Bodegas Protos (F)","image":{"@type":"ImageObject","inLanguage":"es","@id":"https:\/\/secure.gravatar.com\/avatar\/cc613a9fd2ee203f402357c1b4aa2b7c041016cbf1eab1e41bde410b2ebd7f94?s=96&d=mm&r=g","url":"https:\/\/secure.gravatar.com\/avatar\/cc613a9fd2ee203f402357c1b4aa2b7c041016cbf1eab1e41bde410b2ebd7f94?s=96&d=mm&r=g","contentUrl":"https:\/\/secure.gravatar.com\/avatar\/cc613a9fd2ee203f402357c1b4aa2b7c041016cbf1eab1e41bde410b2ebd7f94?s=96&d=mm&r=g","caption":"Bodegas Protos (F)"},"sameAs":["https:\/\/www.bodegasprotos.com"]}]}},"_links":{"self":[{"href":"https:\/\/www.bodegasprotos.com\/es\/wp-json\/wp\/v2\/posts\/30624","targetHints":{"allow":["GET"]}}],"collection":[{"href":"https:\/\/www.bodegasprotos.com\/es\/wp-json\/wp\/v2\/posts"}],"about":[{"href":"https:\/\/www.bodegasprotos.com\/es\/wp-json\/wp\/v2\/types\/post"}],"author":[{"embeddable":true,"href":"https:\/\/www.bodegasprotos.com\/es\/wp-json\/wp\/v2\/users\/3"}],"replies":[{"embeddable":true,"href":"https:\/\/www.bodegasprotos.com\/es\/wp-json\/wp\/v2\/comments?post=30624"}],"version-history":[{"count":0,"href":"https:\/\/www.bodegasprotos.com\/es\/wp-json\/wp\/v2\/posts\/30624\/revisions"}],"wp:featuredmedia":[{"embeddable":true,"href":"https:\/\/www.bodegasprotos.com\/es\/wp-json\/wp\/v2\/media\/30638"}],"wp:attachment":[{"href":"https:\/\/www.bodegasprotos.com\/es\/wp-json\/wp\/v2\/media?parent=30624"}],"wp:term":[{"taxonomy":"category","embeddable":true,"href":"https:\/\/www.bodegasprotos.com\/es\/wp-json\/wp\/v2\/categories?post=30624"},{"taxonomy":"post_tag","embeddable":true,"href":"https:\/\/www.bodegasprotos.com\/es\/wp-json\/wp\/v2\/tags?post=30624"}],"curies":[{"name":"wp","href":"https:\/\/api.w.org\/{rel}","templated":true}]}}