{"id":30618,"date":"2021-02-09T09:00:21","date_gmt":"2021-02-09T08:00:21","guid":{"rendered":"https:\/\/www.bodegasprotos.com\/?p=30618"},"modified":"2021-08-25T18:08:38","modified_gmt":"2021-08-25T16:08:38","slug":"san-valentin-con-protos-sorteo","status":"publish","type":"post","link":"https:\/\/www.bodegasprotos.com\/es\/general\/san-valentin-con-protos-sorteo\/","title":{"rendered":"\u00a1SAN VALENT\u00cdN CON PROTOS! #SORTEO"},"content":{"rendered":"<p>Queremos que disfrut\u00e9is de un San Valent\u00edn Rosado con Protos y para eso hemos realizado un #Sorteo pensando en todos vosotros.<\/p>\n<p>\u00a1Puedes llevarte uno de los 5 packs de 1 Botella Protos Clarete y 1 Botella de Aire de Protos!<\/p>\n<p>Para participar, muy f\u00e1cil: Busca en nuestra cuenta de IG <a href=\"https:\/\/www.instagram.com\/bodegasprotosoficial\/\">@bodegasprotosoficial<\/a> el post publicado con fecha 09 de Febrero de 2021 en el que anunciamos este sorteo. Adem\u00e1s;<\/p>\n<ul>\n<li><span style=\"color: #001e57;\"><span style=\"color: #333333;\">Sigue a nuestra cuenta de IG @<a href=\"https:\/\/www.instagram.com\/bodegasprotosoficial\/\">bodegasprotosoficial<\/a>.<\/span><\/span><\/li>\n<li><span style=\"color: #333333;\">Da Me Gusta a esta publicaci\u00f3n. <\/span><\/li>\n<li><span style=\"color: #333333;\">Menciona a esa persona tan especial con quien disfrutar\u00edas de nuestros rosados. O porqu\u00e9 no\u2026 a esos amig@s o familiares con quien tambi\u00e9n los compartir\u00edas. Cuantos m\u00e1s comentarios, m\u00e1s probabilidades de ganar uno nuestros 5 packs y disfrutar de San Valent\u00edn con Protos.<\/span><\/li>\n<\/ul>\n<p><span style=\"color: #333333;\">El sorteo est\u00e1 abierto hasta el d\u00eda 15 de febrero de 2021 a las 23:59h. \u00a1Date prisa que s\u00f3lo tienes una semana!<\/span><\/p>\n<p><span style=\"color: #333333;\">\u00a1Mucha Suerte y <\/span>Feliz San Valent\u00edn!<\/p>\n<p><a href=\"https:\/\/www.bodegasprotos.com\/wp-content\/uploads\/2021\/02\/Bases-legales-Sorteo-San-Valentin-2021.pdf\" target=\"_blank\" rel=\"noopener noreferrer\"><span style=\"color: #001e57;\">Bases legales del Sorteo<\/span><\/a><\/p>\n<p>Adem\u00e1s del <strong>#sorteo <\/strong>y aprovechando este post\u00a0queremos explicar, <em><strong>para los m\u00e1s curiosos<\/strong><\/em>, por qu\u00e9 cada 14 de febrero celebramos en muchas partes del mundo este d\u00eda como el d\u00eda de los enamorados. Y, por supuesto, no s\u00f3lo un amor de pareja, si no un amor familiar o el de una buena amistad.<\/p>\n<p>Para explicar la historia de este d\u00eda nos remontamos al <strong>Siglo III en Roma<\/strong> cuando, por aquel entonces, gobernaba <strong>Claudio II<\/strong> y decidi\u00f3 prohibir el matrimonio entre las personas j\u00f3venes con la intenci\u00f3n de conseguir mejores soldados; soldados m\u00e1s valientes y sin ning\u00fan tipo de atadura sentimental.<\/p>\n<p>Ante su desacuerdo, un sacerdote llamado Valent\u00edn, y desobedeciendo las ordenes de su emperador, empez\u00f3 a celebrar matrimonios clandestinos hasta que le descubrieron, le encarcelaron y fue ejecutado un 14 de febrero del a\u00f1o 270.<\/p>\n<p>Por lo que en su honor, queremos brindar con vosotros este d\u00eda de San Valent\u00edn con nuestros <a href=\"https:\/\/tienda.bodegasprotos.com\/\">vinos rosados<\/a>!<\/p>\n","protected":false},"excerpt":{"rendered":"<p>Queremos que disfrut\u00e9is de un San Valent\u00edn Rosado con Protos y para eso hemos realizado un #Sorteo pensando&#8230;<\/p>\n","protected":false},"author":6,"featured_media":30622,"comment_status":"closed","ping_status":"closed","sticky":false,"template":"","format":"standard","meta":{"_acf_changed":false,"footnotes":""},"categories":[88,1,139],"tags":[],"class_list":["post-30618","post","type-post","status-publish","format-standard","has-post-thumbnail","hentry","category-en-portada","category-general","category-sorteos"],"acf":[],"yoast_head":"<!-- This site is optimized with the Yoast SEO plugin v27.5 - https:\/\/yoast.com\/product\/yoast-seo-wordpress\/ -->\n<title>\u00a1SAN VALENT\u00cdN CON PROTOS! #SORTEO - Bodegas Protos<\/title>\n<meta name=\"description\" content=\"Queremos que disfrut\u00e9is de un San Valent\u00edn Rosado con Protos y para eso hemos realizado un #Sorteo pensando en todos vosotros. \u00a1Puedes llevarte uno de los\" \/>\n<meta name=\"robots\" content=\"index, follow, max-snippet:-1, max-image-preview:large, max-video-preview:-1\" \/>\n<link rel=\"canonical\" href=\"https:\/\/www.bodegasprotos.com\/es\/general\/san-valentin-con-protos-sorteo\/\" \/>\n<meta property=\"og:locale\" content=\"es_ES\" \/>\n<meta property=\"og:type\" content=\"article\" \/>\n<meta property=\"og:title\" content=\"\u00a1SAN VALENT\u00cdN CON PROTOS! #SORTEO - Bodegas Protos\" \/>\n<meta property=\"og:description\" content=\"Queremos que disfrut\u00e9is de un San Valent\u00edn Rosado con Protos y para eso hemos realizado un #Sorteo pensando en todos vosotros. \u00a1Puedes llevarte uno de los\" \/>\n<meta property=\"og:url\" content=\"https:\/\/www.bodegasprotos.com\/es\/general\/san-valentin-con-protos-sorteo\/\" \/>\n<meta property=\"og:site_name\" content=\"Bodegas Protos\" \/>\n<meta property=\"article:publisher\" content=\"https:\/\/www.facebook.com\/BodegasProtos\" \/>\n<meta property=\"article:published_time\" content=\"2021-02-09T08:00:21+00:00\" \/>\n<meta property=\"article:modified_time\" content=\"2021-08-25T16:08:38+00:00\" \/>\n<meta property=\"og:image\" content=\"https:\/\/www.bodegasprotos.com\/wp-content\/uploads\/2021\/02\/Sorteo-San-Valent\u00edn.jpg\" \/>\n\t<meta property=\"og:image:width\" content=\"503\" \/>\n\t<meta property=\"og:image:height\" content=\"366\" \/>\n\t<meta property=\"og:image:type\" content=\"image\/jpeg\" \/>\n<meta name=\"author\" content=\"Bodegas Protos (J)\" \/>\n<meta name=\"twitter:card\" content=\"summary_large_image\" \/>\n<meta name=\"twitter:creator\" content=\"@Bodegas_Protos\" \/>\n<meta name=\"twitter:site\" content=\"@Bodegas_Protos\" \/>\n<meta name=\"twitter:label1\" content=\"Escrito por\" \/>\n\t<meta name=\"twitter:data1\" content=\"Bodegas Protos (J)\" \/>\n\t<meta name=\"twitter:label2\" content=\"Tiempo de lectura\" \/>\n\t<meta name=\"twitter:data2\" content=\"2 minutos\" \/>\n<script type=\"application\/ld+json\" class=\"yoast-schema-graph\">{\"@context\":\"https:\\\/\\\/schema.org\",\"@graph\":[{\"@type\":\"Article\",\"@id\":\"https:\\\/\\\/www.bodegasprotos.com\\\/es\\\/general\\\/san-valentin-con-protos-sorteo\\\/#article\",\"isPartOf\":{\"@id\":\"https:\\\/\\\/www.bodegasprotos.com\\\/es\\\/general\\\/san-valentin-con-protos-sorteo\\\/\"},\"author\":{\"name\":\"Bodegas Protos (J)\",\"@id\":\"https:\\\/\\\/www.bodegasprotos.com\\\/es\\\/#\\\/schema\\\/person\\\/80c407b10fd73b525e29bd1c665eca2c\"},\"headline\":\"\u00a1SAN VALENT\u00cdN CON PROTOS! #SORTEO\",\"datePublished\":\"2021-02-09T08:00:21+00:00\",\"dateModified\":\"2021-08-25T16:08:38+00:00\",\"mainEntityOfPage\":{\"@id\":\"https:\\\/\\\/www.bodegasprotos.com\\\/es\\\/general\\\/san-valentin-con-protos-sorteo\\\/\"},\"wordCount\":334,\"publisher\":{\"@id\":\"https:\\\/\\\/www.bodegasprotos.com\\\/es\\\/#organization\"},\"image\":{\"@id\":\"https:\\\/\\\/www.bodegasprotos.com\\\/es\\\/general\\\/san-valentin-con-protos-sorteo\\\/#primaryimage\"},\"thumbnailUrl\":\"https:\\\/\\\/www.bodegasprotos.com\\\/wp-content\\\/uploads\\\/2021\\\/02\\\/Sorteo-San-Valent\u00edn.jpg\",\"articleSection\":[\"En portada\",\"General\",\"Sorteos\"],\"inLanguage\":\"es\"},{\"@type\":\"WebPage\",\"@id\":\"https:\\\/\\\/www.bodegasprotos.com\\\/es\\\/general\\\/san-valentin-con-protos-sorteo\\\/\",\"url\":\"https:\\\/\\\/www.bodegasprotos.com\\\/es\\\/general\\\/san-valentin-con-protos-sorteo\\\/\",\"name\":\"\u00a1SAN VALENT\u00cdN CON PROTOS! #SORTEO - Bodegas Protos\",\"isPartOf\":{\"@id\":\"https:\\\/\\\/www.bodegasprotos.com\\\/es\\\/#website\"},\"primaryImageOfPage\":{\"@id\":\"https:\\\/\\\/www.bodegasprotos.com\\\/es\\\/general\\\/san-valentin-con-protos-sorteo\\\/#primaryimage\"},\"image\":{\"@id\":\"https:\\\/\\\/www.bodegasprotos.com\\\/es\\\/general\\\/san-valentin-con-protos-sorteo\\\/#primaryimage\"},\"thumbnailUrl\":\"https:\\\/\\\/www.bodegasprotos.com\\\/wp-content\\\/uploads\\\/2021\\\/02\\\/Sorteo-San-Valent\u00edn.jpg\",\"datePublished\":\"2021-02-09T08:00:21+00:00\",\"dateModified\":\"2021-08-25T16:08:38+00:00\",\"description\":\"Queremos que disfrut\u00e9is de un San Valent\u00edn Rosado con Protos y para eso hemos realizado un #Sorteo pensando en todos vosotros. \u00a1Puedes llevarte uno de los\",\"breadcrumb\":{\"@id\":\"https:\\\/\\\/www.bodegasprotos.com\\\/es\\\/general\\\/san-valentin-con-protos-sorteo\\\/#breadcrumb\"},\"inLanguage\":\"es\",\"potentialAction\":[{\"@type\":\"ReadAction\",\"target\":[\"https:\\\/\\\/www.bodegasprotos.com\\\/es\\\/general\\\/san-valentin-con-protos-sorteo\\\/\"]}]},{\"@type\":\"ImageObject\",\"inLanguage\":\"es\",\"@id\":\"https:\\\/\\\/www.bodegasprotos.com\\\/es\\\/general\\\/san-valentin-con-protos-sorteo\\\/#primaryimage\",\"url\":\"https:\\\/\\\/www.bodegasprotos.com\\\/wp-content\\\/uploads\\\/2021\\\/02\\\/Sorteo-San-Valent\u00edn.jpg\",\"contentUrl\":\"https:\\\/\\\/www.bodegasprotos.com\\\/wp-content\\\/uploads\\\/2021\\\/02\\\/Sorteo-San-Valent\u00edn.jpg\",\"width\":503,\"height\":366,\"caption\":\"Sorteo San Valent\u00edn\"},{\"@type\":\"BreadcrumbList\",\"@id\":\"https:\\\/\\\/www.bodegasprotos.com\\\/es\\\/general\\\/san-valentin-con-protos-sorteo\\\/#breadcrumb\",\"itemListElement\":[{\"@type\":\"ListItem\",\"position\":1,\"name\":\"Portada\",\"item\":\"https:\\\/\\\/www.bodegasprotos.com\\\/es\\\/\"},{\"@type\":\"ListItem\",\"position\":2,\"name\":\"\u00a1SAN VALENT\u00cdN CON PROTOS! #SORTEO\"}]},{\"@type\":\"WebSite\",\"@id\":\"https:\\\/\\\/www.bodegasprotos.com\\\/es\\\/#website\",\"url\":\"https:\\\/\\\/www.bodegasprotos.com\\\/es\\\/\",\"name\":\"Bodegas Protos\",\"description\":\"Vinos de la Denominaci\u00f3n de Origen Ribera del Duero, Rueda y Cigales\",\"publisher\":{\"@id\":\"https:\\\/\\\/www.bodegasprotos.com\\\/es\\\/#organization\"},\"potentialAction\":[{\"@type\":\"SearchAction\",\"target\":{\"@type\":\"EntryPoint\",\"urlTemplate\":\"https:\\\/\\\/www.bodegasprotos.com\\\/es\\\/?s={search_term_string}\"},\"query-input\":{\"@type\":\"PropertyValueSpecification\",\"valueRequired\":true,\"valueName\":\"search_term_string\"}}],\"inLanguage\":\"es\"},{\"@type\":\"Organization\",\"@id\":\"https:\\\/\\\/www.bodegasprotos.com\\\/es\\\/#organization\",\"name\":\"Bodegas Protos\",\"url\":\"https:\\\/\\\/www.bodegasprotos.com\\\/es\\\/\",\"logo\":{\"@type\":\"ImageObject\",\"inLanguage\":\"es\",\"@id\":\"https:\\\/\\\/www.bodegasprotos.com\\\/es\\\/#\\\/schema\\\/logo\\\/image\\\/\",\"url\":\"https:\\\/\\\/www.bodegasprotos.com\\\/wp-content\\\/uploads\\\/2024\\\/06\\\/PROTOS-LOGOS-VERSIONES-13.png\",\"contentUrl\":\"https:\\\/\\\/www.bodegasprotos.com\\\/wp-content\\\/uploads\\\/2024\\\/06\\\/PROTOS-LOGOS-VERSIONES-13.png\",\"width\":2362,\"height\":2362,\"caption\":\"Bodegas Protos\"},\"image\":{\"@id\":\"https:\\\/\\\/www.bodegasprotos.com\\\/es\\\/#\\\/schema\\\/logo\\\/image\\\/\"},\"sameAs\":[\"https:\\\/\\\/www.facebook.com\\\/BodegasProtos\",\"https:\\\/\\\/x.com\\\/Bodegas_Protos\",\"https:\\\/\\\/www.instagram.com\\\/bodegasprotosoficial\\\/\",\"https:\\\/\\\/www.linkedin.com\\\/company\\\/bodegasprotos\\\/\",\"https:\\\/\\\/pinterest.com\\\/BodegasProtos\\\/\",\"http:\\\/\\\/www.youtube.com\\\/user\\\/BodegasProtos\",\"https:\\\/\\\/es.wikipedia.org\\\/wiki\\\/Bodegas_Protos\"]},{\"@type\":\"Person\",\"@id\":\"https:\\\/\\\/www.bodegasprotos.com\\\/es\\\/#\\\/schema\\\/person\\\/80c407b10fd73b525e29bd1c665eca2c\",\"name\":\"Bodegas Protos (J)\",\"image\":{\"@type\":\"ImageObject\",\"inLanguage\":\"es\",\"@id\":\"https:\\\/\\\/secure.gravatar.com\\\/avatar\\\/8ca7959e19a1df2e39359aacd28be54f9ba3d7ed11711892535222f452c96a14?s=96&d=mm&r=g\",\"url\":\"https:\\\/\\\/secure.gravatar.com\\\/avatar\\\/8ca7959e19a1df2e39359aacd28be54f9ba3d7ed11711892535222f452c96a14?s=96&d=mm&r=g\",\"contentUrl\":\"https:\\\/\\\/secure.gravatar.com\\\/avatar\\\/8ca7959e19a1df2e39359aacd28be54f9ba3d7ed11711892535222f452c96a14?s=96&d=mm&r=g\",\"caption\":\"Bodegas Protos (J)\"}}]}<\/script>\n<!-- \/ Yoast SEO plugin. -->","yoast_head_json":{"title":"\u00a1SAN VALENT\u00cdN CON PROTOS! #SORTEO - Bodegas Protos","description":"Queremos que disfrut\u00e9is de un San Valent\u00edn Rosado con Protos y para eso hemos realizado un #Sorteo pensando en todos vosotros. \u00a1Puedes llevarte uno de los","robots":{"index":"index","follow":"follow","max-snippet":"max-snippet:-1","max-image-preview":"max-image-preview:large","max-video-preview":"max-video-preview:-1"},"canonical":"https:\/\/www.bodegasprotos.com\/es\/general\/san-valentin-con-protos-sorteo\/","og_locale":"es_ES","og_type":"article","og_title":"\u00a1SAN VALENT\u00cdN CON PROTOS! #SORTEO - Bodegas Protos","og_description":"Queremos que disfrut\u00e9is de un San Valent\u00edn Rosado con Protos y para eso hemos realizado un #Sorteo pensando en todos vosotros. \u00a1Puedes llevarte uno de los","og_url":"https:\/\/www.bodegasprotos.com\/es\/general\/san-valentin-con-protos-sorteo\/","og_site_name":"Bodegas Protos","article_publisher":"https:\/\/www.facebook.com\/BodegasProtos","article_published_time":"2021-02-09T08:00:21+00:00","article_modified_time":"2021-08-25T16:08:38+00:00","og_image":[{"width":503,"height":366,"url":"https:\/\/www.bodegasprotos.com\/wp-content\/uploads\/2021\/02\/Sorteo-San-Valent\u00edn.jpg","type":"image\/jpeg"}],"author":"Bodegas Protos (J)","twitter_card":"summary_large_image","twitter_creator":"@Bodegas_Protos","twitter_site":"@Bodegas_Protos","twitter_misc":{"Escrito por":"Bodegas Protos (J)","Tiempo de lectura":"2 minutos"},"schema":{"@context":"https:\/\/schema.org","@graph":[{"@type":"Article","@id":"https:\/\/www.bodegasprotos.com\/es\/general\/san-valentin-con-protos-sorteo\/#article","isPartOf":{"@id":"https:\/\/www.bodegasprotos.com\/es\/general\/san-valentin-con-protos-sorteo\/"},"author":{"name":"Bodegas Protos (J)","@id":"https:\/\/www.bodegasprotos.com\/es\/#\/schema\/person\/80c407b10fd73b525e29bd1c665eca2c"},"headline":"\u00a1SAN VALENT\u00cdN CON PROTOS! #SORTEO","datePublished":"2021-02-09T08:00:21+00:00","dateModified":"2021-08-25T16:08:38+00:00","mainEntityOfPage":{"@id":"https:\/\/www.bodegasprotos.com\/es\/general\/san-valentin-con-protos-sorteo\/"},"wordCount":334,"publisher":{"@id":"https:\/\/www.bodegasprotos.com\/es\/#organization"},"image":{"@id":"https:\/\/www.bodegasprotos.com\/es\/general\/san-valentin-con-protos-sorteo\/#primaryimage"},"thumbnailUrl":"https:\/\/www.bodegasprotos.com\/wp-content\/uploads\/2021\/02\/Sorteo-San-Valent\u00edn.jpg","articleSection":["En portada","General","Sorteos"],"inLanguage":"es"},{"@type":"WebPage","@id":"https:\/\/www.bodegasprotos.com\/es\/general\/san-valentin-con-protos-sorteo\/","url":"https:\/\/www.bodegasprotos.com\/es\/general\/san-valentin-con-protos-sorteo\/","name":"\u00a1SAN VALENT\u00cdN CON PROTOS! #SORTEO - Bodegas Protos","isPartOf":{"@id":"https:\/\/www.bodegasprotos.com\/es\/#website"},"primaryImageOfPage":{"@id":"https:\/\/www.bodegasprotos.com\/es\/general\/san-valentin-con-protos-sorteo\/#primaryimage"},"image":{"@id":"https:\/\/www.bodegasprotos.com\/es\/general\/san-valentin-con-protos-sorteo\/#primaryimage"},"thumbnailUrl":"https:\/\/www.bodegasprotos.com\/wp-content\/uploads\/2021\/02\/Sorteo-San-Valent\u00edn.jpg","datePublished":"2021-02-09T08:00:21+00:00","dateModified":"2021-08-25T16:08:38+00:00","description":"Queremos que disfrut\u00e9is de un San Valent\u00edn Rosado con Protos y para eso hemos realizado un #Sorteo pensando en todos vosotros. \u00a1Puedes llevarte uno de los","breadcrumb":{"@id":"https:\/\/www.bodegasprotos.com\/es\/general\/san-valentin-con-protos-sorteo\/#breadcrumb"},"inLanguage":"es","potentialAction":[{"@type":"ReadAction","target":["https:\/\/www.bodegasprotos.com\/es\/general\/san-valentin-con-protos-sorteo\/"]}]},{"@type":"ImageObject","inLanguage":"es","@id":"https:\/\/www.bodegasprotos.com\/es\/general\/san-valentin-con-protos-sorteo\/#primaryimage","url":"https:\/\/www.bodegasprotos.com\/wp-content\/uploads\/2021\/02\/Sorteo-San-Valent\u00edn.jpg","contentUrl":"https:\/\/www.bodegasprotos.com\/wp-content\/uploads\/2021\/02\/Sorteo-San-Valent\u00edn.jpg","width":503,"height":366,"caption":"Sorteo San Valent\u00edn"},{"@type":"BreadcrumbList","@id":"https:\/\/www.bodegasprotos.com\/es\/general\/san-valentin-con-protos-sorteo\/#breadcrumb","itemListElement":[{"@type":"ListItem","position":1,"name":"Portada","item":"https:\/\/www.bodegasprotos.com\/es\/"},{"@type":"ListItem","position":2,"name":"\u00a1SAN VALENT\u00cdN CON PROTOS! #SORTEO"}]},{"@type":"WebSite","@id":"https:\/\/www.bodegasprotos.com\/es\/#website","url":"https:\/\/www.bodegasprotos.com\/es\/","name":"Bodegas Protos","description":"Vinos de la Denominaci\u00f3n de Origen Ribera del Duero, Rueda y Cigales","publisher":{"@id":"https:\/\/www.bodegasprotos.com\/es\/#organization"},"potentialAction":[{"@type":"SearchAction","target":{"@type":"EntryPoint","urlTemplate":"https:\/\/www.bodegasprotos.com\/es\/?s={search_term_string}"},"query-input":{"@type":"PropertyValueSpecification","valueRequired":true,"valueName":"search_term_string"}}],"inLanguage":"es"},{"@type":"Organization","@id":"https:\/\/www.bodegasprotos.com\/es\/#organization","name":"Bodegas Protos","url":"https:\/\/www.bodegasprotos.com\/es\/","logo":{"@type":"ImageObject","inLanguage":"es","@id":"https:\/\/www.bodegasprotos.com\/es\/#\/schema\/logo\/image\/","url":"https:\/\/www.bodegasprotos.com\/wp-content\/uploads\/2024\/06\/PROTOS-LOGOS-VERSIONES-13.png","contentUrl":"https:\/\/www.bodegasprotos.com\/wp-content\/uploads\/2024\/06\/PROTOS-LOGOS-VERSIONES-13.png","width":2362,"height":2362,"caption":"Bodegas Protos"},"image":{"@id":"https:\/\/www.bodegasprotos.com\/es\/#\/schema\/logo\/image\/"},"sameAs":["https:\/\/www.facebook.com\/BodegasProtos","https:\/\/x.com\/Bodegas_Protos","https:\/\/www.instagram.com\/bodegasprotosoficial\/","https:\/\/www.linkedin.com\/company\/bodegasprotos\/","https:\/\/pinterest.com\/BodegasProtos\/","http:\/\/www.youtube.com\/user\/BodegasProtos","https:\/\/es.wikipedia.org\/wiki\/Bodegas_Protos"]},{"@type":"Person","@id":"https:\/\/www.bodegasprotos.com\/es\/#\/schema\/person\/80c407b10fd73b525e29bd1c665eca2c","name":"Bodegas Protos (J)","image":{"@type":"ImageObject","inLanguage":"es","@id":"https:\/\/secure.gravatar.com\/avatar\/8ca7959e19a1df2e39359aacd28be54f9ba3d7ed11711892535222f452c96a14?s=96&d=mm&r=g","url":"https:\/\/secure.gravatar.com\/avatar\/8ca7959e19a1df2e39359aacd28be54f9ba3d7ed11711892535222f452c96a14?s=96&d=mm&r=g","contentUrl":"https:\/\/secure.gravatar.com\/avatar\/8ca7959e19a1df2e39359aacd28be54f9ba3d7ed11711892535222f452c96a14?s=96&d=mm&r=g","caption":"Bodegas Protos (J)"}}]}},"_links":{"self":[{"href":"https:\/\/www.bodegasprotos.com\/es\/wp-json\/wp\/v2\/posts\/30618","targetHints":{"allow":["GET"]}}],"collection":[{"href":"https:\/\/www.bodegasprotos.com\/es\/wp-json\/wp\/v2\/posts"}],"about":[{"href":"https:\/\/www.bodegasprotos.com\/es\/wp-json\/wp\/v2\/types\/post"}],"author":[{"embeddable":true,"href":"https:\/\/www.bodegasprotos.com\/es\/wp-json\/wp\/v2\/users\/6"}],"replies":[{"embeddable":true,"href":"https:\/\/www.bodegasprotos.com\/es\/wp-json\/wp\/v2\/comments?post=30618"}],"version-history":[{"count":0,"href":"https:\/\/www.bodegasprotos.com\/es\/wp-json\/wp\/v2\/posts\/30618\/revisions"}],"wp:featuredmedia":[{"embeddable":true,"href":"https:\/\/www.bodegasprotos.com\/es\/wp-json\/wp\/v2\/media\/30622"}],"wp:attachment":[{"href":"https:\/\/www.bodegasprotos.com\/es\/wp-json\/wp\/v2\/media?parent=30618"}],"wp:term":[{"taxonomy":"category","embeddable":true,"href":"https:\/\/www.bodegasprotos.com\/es\/wp-json\/wp\/v2\/categories?post=30618"},{"taxonomy":"post_tag","embeddable":true,"href":"https:\/\/www.bodegasprotos.com\/es\/wp-json\/wp\/v2\/tags?post=30618"}],"curies":[{"name":"wp","href":"https:\/\/api.w.org\/{rel}","templated":true}]}}